{"id":11711,"date":"2020-03-01T16:07:48","date_gmt":"2020-03-01T15:07:48","guid":{"rendered":"http:\/\/fmsb.disstintbeta.com\/2020\/03\/01\/herencias-no-residentes\/"},"modified":"2020-03-01T16:07:48","modified_gmt":"2020-03-01T15:07:48","slug":"herencias-no-residentes","status":"publish","type":"post","link":"https:\/\/fmsb.eu\/de\/2020\/03\/01\/herencias-no-residentes\/","title":{"rendered":"Herencias de no residentes a cargo de Sof\u00eda Calvet en el consultorio jur\u00eddico de Radio Calvi\u00e0 FM"},"content":{"rendered":"<p><iframe title=\"Herencias de no residentes en el consultorio jur\u00eddico de Radio Calvi\u00e0 FM por Sof\u00eda Calvet\" width=\"800\" height=\"450\" src=\"https:\/\/www.youtube.com\/embed\/paJ7t1k862I?feature=oembed\" frameborder=\"0\" allow=\"accelerometer; autoplay; clipboard-write; encrypted-media; gyroscope; picture-in-picture; web-share\" referrerpolicy=\"strict-origin-when-cross-origin\" allowfullscreen><\/iframe><\/p>\n<p>Este pasado viernes <strong>Sof\u00eda Calvet<\/strong>, abogada-socia y responsable del departamento de no residentes y de inversiones extranjeras del despacho <a href=\"https:\/\/www.linkedin.com\/company\/font-mora-sainz-de-baranda\/\"><strong>Font Mora Sainz de Baranda<\/strong> <em>abogados y economistas en Baleares<\/em><\/a>\u00a0tuvo a su cargo el consultorio jur\u00eddico de <strong>R\u00e0dio C\u00e0lvia FM<\/strong> para hablar de una de sus especialidades, que son las<strong> herencias de no residentes<\/strong>. Sof\u00eda Calvet explic\u00f3 cu\u00e1ndo una persona es no residente, dio cuenta de qu\u00e9 <strong>tr\u00e1mites y documentaci\u00f3n<\/strong> es necesaria para plasmar la aceptaci\u00f3n de herencia en una escritura, luego abord\u00f3 nuestro r\u00e9gimen fiscal y explic\u00f3 qu\u00e9 impuestos tienen que pagarse en Espa\u00f1a cuando un no residente hereda -impuesto de sucesiones y donaciones y plusval\u00eda- y c\u00f3mo puede afectar una herencia de este tipo al impuesto sobre el patrimonio.<\/p>\n<p>La abogada tambi\u00e9n hizo especial menci\u00f3n a las novedades fiscales en relaci\u00f3n con la<strong> valoraci\u00f3n de inmuebles<\/strong>, explic\u00f3 los distintos valores de los inmuebles (<strong>valor catastral<\/strong>, <strong>valor real<\/strong>,<strong> valor de referencia de mercado<\/strong>) y para qu\u00e9 sirve cada uno y tambi\u00e9n c\u00f3mo se debe valorar adecuadamente el inmueble heredado en funci\u00f3n de cu\u00e1l sea el destino que se le quiere dar, para ahorrar en el pago de impuestos o evitar futuros problemas fiscales que surjan de un expediente de comprobaci\u00f3n de valores (que puede ser iniciado hasta 4 a\u00f1os despu\u00e9s de realizarse la transmisi\u00f3n del mismo).<\/p>\n<hr \/>\n<p>#FMSB #fontmorasainzdebaranda #abogados #economistas #derecho #sucesiones #herencias #inheritance #Erbe #espa\u00f1a #spain #espagne #\u897f\u73ed\u7259 #\u0418\u0441\u043f\u0430\u043d\u0438\u044f #nacionalidad #residencia #non-resident #valoracion #inmuebles #valorreal #valorcatastral #valordemercado#nonresident #tax #propertypurchase #invest #residency #nationality #mallorca #ibiza #menorca #baleares #radiocalviafm<\/p>\n","protected":false},"excerpt":{"rendered":"<p>Este pasado viernes Sof\u00eda Calvet, abogada-socia y responsable del departamento de no residentes y de inversiones extranjeras del despacho Font Mora Sainz de Baranda abogados y economistas en Baleares\u00a0tuvo a su cargo el consultorio jur\u00eddico de R\u00e0dio C\u00e0lvia FM para hablar de una de sus especialidades, que son las herencias de no residentes. Sof\u00eda Calvet [&hellip;]<\/p>\n","protected":false},"author":2,"featured_media":9067,"comment_status":"closed","ping_status":"open","sticky":false,"template":"","format":"standard","meta":{"footnotes":""},"categories":[2199,2200,2309,2202],"tags":[2206,2208,2216,2218,5910,5911,3598,2223,2224,2327,2691,2225,5673,5912,5913,2231,2234,5914,3179,5915,5916,5917,2403,5918,2924,5919,5549,5550,5920,5921],"class_list":["post-11711","post","type-post","status-publish","format-standard","has-post-thumbnail","hentry","category-blog-de","category-derecho-civil-de","category-derecho-fiscal-de","category-home-de","tag-abogados-de","tag-baleares-de","tag-derecho-de","tag-economistas-de","tag-erbe-de","tag-espagne-de","tag-espana-de","tag-fmsb-de","tag-font-mora-sainz-de-baranda-de","tag-herencias-de","tag-ibi-de","tag-ibiza-de","tag-impuesto-de-transmisiones-patrimoniales-de","tag-inheritance-de","tag-invest-de","tag-mallorca-de","tag-menorca-de","tag-nationality-de","tag-no-residentes-de","tag-non-resident-de","tag-property-purchase-de","tag-radio-calvia-fm-de","tag-residencia-de","tag-spain-de","tag-sucesiones-de","tag-tax-de","tag-valor-catastral-de","tag-valor-de-referencia-de-mercado-de","tag-valor-real-de","tag-valoracion-de-inmuebles-de"],"yoast_head":"<!-- This site is optimized with the Yoast SEO plugin v27.3 - https:\/\/yoast.com\/product\/yoast-seo-wordpress\/ -->\n<title>Herencias de no residentes a cargo de Sof\u00eda Calvet en el consultorio jur\u00eddico de Radio Calvi\u00e0 FM - FMSB Abogados y Economistas en Baleares<\/title>\n<meta name=\"robots\" content=\"index, follow, max-snippet:-1, max-image-preview:large, max-video-preview:-1\" \/>\n<link rel=\"canonical\" href=\"https:\/\/fmsb.eu\/de\/2020\/03\/01\/herencias-no-residentes\/\" \/>\n<meta property=\"og:locale\" content=\"de_DE\" \/>\n<meta property=\"og:type\" content=\"article\" \/>\n<meta property=\"og:title\" content=\"Herencias de no residentes a cargo de Sof\u00eda Calvet en el consultorio jur\u00eddico de Radio Calvi\u00e0 FM - FMSB Abogados y Economistas en Baleares\" \/>\n<meta property=\"og:description\" content=\"Este pasado viernes Sof\u00eda Calvet, abogada-socia y responsable del departamento de no residentes y de inversiones extranjeras del despacho Font Mora Sainz de Baranda abogados y economistas en Baleares\u00a0tuvo a su cargo el consultorio jur\u00eddico de R\u00e0dio C\u00e0lvia FM para hablar de una de sus especialidades, que son las herencias de no residentes. Sof\u00eda Calvet [&hellip;]\" \/>\n<meta property=\"og:url\" content=\"https:\/\/fmsb.eu\/de\/2020\/03\/01\/herencias-no-residentes\/\" \/>\n<meta property=\"og:site_name\" content=\"FMSB Abogados y Economistas en Baleares\" \/>\n<meta property=\"article:published_time\" content=\"2020-03-01T15:07:48+00:00\" \/>\n<meta property=\"og:image\" content=\"https:\/\/fmsb.eu\/wp-content\/uploads\/2020\/03\/FMSB-Abogados-Sofia-Calvet-Herencias-No-Residentes-Non-Resident-Balearic-Balearen.jpg\" \/>\n\t<meta property=\"og:image:width\" content=\"1500\" \/>\n\t<meta property=\"og:image:height\" content=\"1000\" \/>\n\t<meta property=\"og:image:type\" content=\"image\/jpeg\" \/>\n<meta name=\"author\" content=\"fmsb\" \/>\n<meta name=\"twitter:card\" content=\"summary_large_image\" \/>\n<meta name=\"twitter:creator\" content=\"@fmsb-disstint\" \/>\n<meta name=\"twitter:label1\" content=\"Verfasst von\" \/>\n\t<meta name=\"twitter:data1\" content=\"fmsb\" \/>\n\t<meta name=\"twitter:label2\" content=\"Gesch\u00e4tzte Lesezeit\" \/>\n\t<meta name=\"twitter:data2\" content=\"1\u00a0Minute\" \/>\n<script type=\"application\/ld+json\" class=\"yoast-schema-graph\">{\"@context\":\"https:\\\/\\\/schema.org\",\"@graph\":[{\"@type\":\"Article\",\"@id\":\"https:\\\/\\\/fmsb.eu\\\/de\\\/2020\\\/03\\\/01\\\/herencias-no-residentes\\\/#article\",\"isPartOf\":{\"@id\":\"https:\\\/\\\/fmsb.eu\\\/de\\\/2020\\\/03\\\/01\\\/herencias-no-residentes\\\/\"},\"author\":{\"name\":\"fmsb\",\"@id\":\"https:\\\/\\\/fmsb.eu\\\/de\\\/#\\\/schema\\\/person\\\/9fba7c70814b0cd34d35d655d36a4ca2\"},\"headline\":\"Herencias de no residentes a cargo de Sof\u00eda Calvet en el consultorio jur\u00eddico de Radio Calvi\u00e0 FM\",\"datePublished\":\"2020-03-01T15:07:48+00:00\",\"mainEntityOfPage\":{\"@id\":\"https:\\\/\\\/fmsb.eu\\\/de\\\/2020\\\/03\\\/01\\\/herencias-no-residentes\\\/\"},\"wordCount\":303,\"publisher\":{\"@id\":\"https:\\\/\\\/fmsb.eu\\\/de\\\/#organization\"},\"image\":{\"@id\":\"https:\\\/\\\/fmsb.eu\\\/de\\\/2020\\\/03\\\/01\\\/herencias-no-residentes\\\/#primaryimage\"},\"thumbnailUrl\":\"https:\\\/\\\/fmsb.eu\\\/wp-content\\\/uploads\\\/2020\\\/03\\\/FMSB-Abogados-Sofia-Calvet-Herencias-No-Residentes-Non-Resident-Balearic-Balearen.jpg\",\"keywords\":[\"abogados\",\"baleares\",\"derecho\",\"economistas\",\"Erbe\",\"espagne\",\"espa\u00f1a\",\"fmsb\",\"font mora sainz de baranda\",\"herencias\",\"ibi\",\"ibiza\",\"impuesto de transmisiones patrimoniales\",\"inheritance\",\"invest\",\"mallorca\",\"menorca\",\"nationality\",\"no residentes\",\"non-resident\",\"property purchase\",\"radio calvia fm\",\"residencia\",\"spain\",\"sucesiones\",\"tax\",\"valor catastral\",\"valor de referencia de mercado\",\"valor real\",\"valoraci\u00f3n de inmuebles\"],\"articleSection\":[\"blog\",\"Derecho Civil\",\"Derecho Fiscal\",\"Home\"],\"inLanguage\":\"de\"},{\"@type\":\"WebPage\",\"@id\":\"https:\\\/\\\/fmsb.eu\\\/de\\\/2020\\\/03\\\/01\\\/herencias-no-residentes\\\/\",\"url\":\"https:\\\/\\\/fmsb.eu\\\/de\\\/2020\\\/03\\\/01\\\/herencias-no-residentes\\\/\",\"name\":\"Herencias de no residentes a cargo de Sof\u00eda Calvet en el consultorio jur\u00eddico de Radio Calvi\u00e0 FM - FMSB Abogados y Economistas en Baleares\",\"isPartOf\":{\"@id\":\"https:\\\/\\\/fmsb.eu\\\/de\\\/#website\"},\"primaryImageOfPage\":{\"@id\":\"https:\\\/\\\/fmsb.eu\\\/de\\\/2020\\\/03\\\/01\\\/herencias-no-residentes\\\/#primaryimage\"},\"image\":{\"@id\":\"https:\\\/\\\/fmsb.eu\\\/de\\\/2020\\\/03\\\/01\\\/herencias-no-residentes\\\/#primaryimage\"},\"thumbnailUrl\":\"https:\\\/\\\/fmsb.eu\\\/wp-content\\\/uploads\\\/2020\\\/03\\\/FMSB-Abogados-Sofia-Calvet-Herencias-No-Residentes-Non-Resident-Balearic-Balearen.jpg\",\"datePublished\":\"2020-03-01T15:07:48+00:00\",\"breadcrumb\":{\"@id\":\"https:\\\/\\\/fmsb.eu\\\/de\\\/2020\\\/03\\\/01\\\/herencias-no-residentes\\\/#breadcrumb\"},\"inLanguage\":\"de\",\"potentialAction\":[{\"@type\":\"ReadAction\",\"target\":[\"https:\\\/\\\/fmsb.eu\\\/de\\\/2020\\\/03\\\/01\\\/herencias-no-residentes\\\/\"]}]},{\"@type\":\"ImageObject\",\"inLanguage\":\"de\",\"@id\":\"https:\\\/\\\/fmsb.eu\\\/de\\\/2020\\\/03\\\/01\\\/herencias-no-residentes\\\/#primaryimage\",\"url\":\"https:\\\/\\\/fmsb.eu\\\/wp-content\\\/uploads\\\/2020\\\/03\\\/FMSB-Abogados-Sofia-Calvet-Herencias-No-Residentes-Non-Resident-Balearic-Balearen.jpg\",\"contentUrl\":\"https:\\\/\\\/fmsb.eu\\\/wp-content\\\/uploads\\\/2020\\\/03\\\/FMSB-Abogados-Sofia-Calvet-Herencias-No-Residentes-Non-Resident-Balearic-Balearen.jpg\",\"width\":1500,\"height\":1000},{\"@type\":\"BreadcrumbList\",\"@id\":\"https:\\\/\\\/fmsb.eu\\\/de\\\/2020\\\/03\\\/01\\\/herencias-no-residentes\\\/#breadcrumb\",\"itemListElement\":[{\"@type\":\"ListItem\",\"position\":1,\"name\":\"Portada\",\"item\":\"https:\\\/\\\/fmsb.eu\\\/de\\\/\"},{\"@type\":\"ListItem\",\"position\":2,\"name\":\"Herencias de no residentes a cargo de Sof\u00eda Calvet en el consultorio jur\u00eddico de Radio Calvi\u00e0 FM\"}]},{\"@type\":\"WebSite\",\"@id\":\"https:\\\/\\\/fmsb.eu\\\/de\\\/#website\",\"url\":\"https:\\\/\\\/fmsb.eu\\\/de\\\/\",\"name\":\"FMSB Abogados y Economistas en Baleares\",\"description\":\"\",\"publisher\":{\"@id\":\"https:\\\/\\\/fmsb.eu\\\/de\\\/#organization\"},\"potentialAction\":[{\"@type\":\"SearchAction\",\"target\":{\"@type\":\"EntryPoint\",\"urlTemplate\":\"https:\\\/\\\/fmsb.eu\\\/de\\\/?s={search_term_string}\"},\"query-input\":{\"@type\":\"PropertyValueSpecification\",\"valueRequired\":true,\"valueName\":\"search_term_string\"}}],\"inLanguage\":\"de\"},{\"@type\":\"Organization\",\"@id\":\"https:\\\/\\\/fmsb.eu\\\/de\\\/#organization\",\"name\":\"FMSB Abogados y Economistas en Baleares\",\"url\":\"https:\\\/\\\/fmsb.eu\\\/de\\\/\",\"logo\":{\"@type\":\"ImageObject\",\"inLanguage\":\"de\",\"@id\":\"https:\\\/\\\/fmsb.eu\\\/de\\\/#\\\/schema\\\/logo\\\/image\\\/\",\"url\":\"https:\\\/\\\/fmsb.eu\\\/wp-content\\\/uploads\\\/2025\\\/02\\\/logo.svg\",\"contentUrl\":\"https:\\\/\\\/fmsb.eu\\\/wp-content\\\/uploads\\\/2025\\\/02\\\/logo.svg\",\"width\":154,\"height\":52,\"caption\":\"FMSB Abogados y Economistas en Baleares\"},\"image\":{\"@id\":\"https:\\\/\\\/fmsb.eu\\\/de\\\/#\\\/schema\\\/logo\\\/image\\\/\"}},{\"@type\":\"Person\",\"@id\":\"https:\\\/\\\/fmsb.eu\\\/de\\\/#\\\/schema\\\/person\\\/9fba7c70814b0cd34d35d655d36a4ca2\",\"name\":\"fmsb\",\"image\":{\"@type\":\"ImageObject\",\"inLanguage\":\"de\",\"@id\":\"https:\\\/\\\/secure.gravatar.com\\\/avatar\\\/426f4d5b0ebcace85460caf87cdaaa193694b611e990615d87a13f322fb7ee7f?s=96&d=mm&r=g\",\"url\":\"https:\\\/\\\/secure.gravatar.com\\\/avatar\\\/426f4d5b0ebcace85460caf87cdaaa193694b611e990615d87a13f322fb7ee7f?s=96&d=mm&r=g\",\"contentUrl\":\"https:\\\/\\\/secure.gravatar.com\\\/avatar\\\/426f4d5b0ebcace85460caf87cdaaa193694b611e990615d87a13f322fb7ee7f?s=96&d=mm&r=g\",\"caption\":\"fmsb\"},\"sameAs\":[\"https:\\\/\\\/x.com\\\/fmsb-disstint\"],\"url\":\"https:\\\/\\\/fmsb.eu\\\/de\\\/author\\\/fmsb\\\/\"}]}<\/script>\n<!-- \/ Yoast SEO plugin. -->","yoast_head_json":{"title":"Herencias de no residentes a cargo de Sof\u00eda Calvet en el consultorio jur\u00eddico de Radio Calvi\u00e0 FM - FMSB Abogados y Economistas en Baleares","robots":{"index":"index","follow":"follow","max-snippet":"max-snippet:-1","max-image-preview":"max-image-preview:large","max-video-preview":"max-video-preview:-1"},"canonical":"https:\/\/fmsb.eu\/de\/2020\/03\/01\/herencias-no-residentes\/","og_locale":"de_DE","og_type":"article","og_title":"Herencias de no residentes a cargo de Sof\u00eda Calvet en el consultorio jur\u00eddico de Radio Calvi\u00e0 FM - FMSB Abogados y Economistas en Baleares","og_description":"Este pasado viernes Sof\u00eda Calvet, abogada-socia y responsable del departamento de no residentes y de inversiones extranjeras del despacho Font Mora Sainz de Baranda abogados y economistas en Baleares\u00a0tuvo a su cargo el consultorio jur\u00eddico de R\u00e0dio C\u00e0lvia FM para hablar de una de sus especialidades, que son las herencias de no residentes. Sof\u00eda Calvet [&hellip;]","og_url":"https:\/\/fmsb.eu\/de\/2020\/03\/01\/herencias-no-residentes\/","og_site_name":"FMSB Abogados y Economistas en Baleares","article_published_time":"2020-03-01T15:07:48+00:00","og_image":[{"width":1500,"height":1000,"url":"https:\/\/fmsb.eu\/wp-content\/uploads\/2020\/03\/FMSB-Abogados-Sofia-Calvet-Herencias-No-Residentes-Non-Resident-Balearic-Balearen.jpg","type":"image\/jpeg"}],"author":"fmsb","twitter_card":"summary_large_image","twitter_creator":"@fmsb-disstint","twitter_misc":{"Verfasst von":"fmsb","Gesch\u00e4tzte Lesezeit":"1\u00a0Minute"},"schema":{"@context":"https:\/\/schema.org","@graph":[{"@type":"Article","@id":"https:\/\/fmsb.eu\/de\/2020\/03\/01\/herencias-no-residentes\/#article","isPartOf":{"@id":"https:\/\/fmsb.eu\/de\/2020\/03\/01\/herencias-no-residentes\/"},"author":{"name":"fmsb","@id":"https:\/\/fmsb.eu\/de\/#\/schema\/person\/9fba7c70814b0cd34d35d655d36a4ca2"},"headline":"Herencias de no residentes a cargo de Sof\u00eda Calvet en el consultorio jur\u00eddico de Radio Calvi\u00e0 FM","datePublished":"2020-03-01T15:07:48+00:00","mainEntityOfPage":{"@id":"https:\/\/fmsb.eu\/de\/2020\/03\/01\/herencias-no-residentes\/"},"wordCount":303,"publisher":{"@id":"https:\/\/fmsb.eu\/de\/#organization"},"image":{"@id":"https:\/\/fmsb.eu\/de\/2020\/03\/01\/herencias-no-residentes\/#primaryimage"},"thumbnailUrl":"https:\/\/fmsb.eu\/wp-content\/uploads\/2020\/03\/FMSB-Abogados-Sofia-Calvet-Herencias-No-Residentes-Non-Resident-Balearic-Balearen.jpg","keywords":["abogados","baleares","derecho","economistas","Erbe","espagne","espa\u00f1a","fmsb","font mora sainz de baranda","herencias","ibi","ibiza","impuesto de transmisiones patrimoniales","inheritance","invest","mallorca","menorca","nationality","no residentes","non-resident","property purchase","radio calvia fm","residencia","spain","sucesiones","tax","valor catastral","valor de referencia de mercado","valor real","valoraci\u00f3n de inmuebles"],"articleSection":["blog","Derecho Civil","Derecho Fiscal","Home"],"inLanguage":"de"},{"@type":"WebPage","@id":"https:\/\/fmsb.eu\/de\/2020\/03\/01\/herencias-no-residentes\/","url":"https:\/\/fmsb.eu\/de\/2020\/03\/01\/herencias-no-residentes\/","name":"Herencias de no residentes a cargo de Sof\u00eda Calvet en el consultorio jur\u00eddico de Radio Calvi\u00e0 FM - FMSB Abogados y Economistas en Baleares","isPartOf":{"@id":"https:\/\/fmsb.eu\/de\/#website"},"primaryImageOfPage":{"@id":"https:\/\/fmsb.eu\/de\/2020\/03\/01\/herencias-no-residentes\/#primaryimage"},"image":{"@id":"https:\/\/fmsb.eu\/de\/2020\/03\/01\/herencias-no-residentes\/#primaryimage"},"thumbnailUrl":"https:\/\/fmsb.eu\/wp-content\/uploads\/2020\/03\/FMSB-Abogados-Sofia-Calvet-Herencias-No-Residentes-Non-Resident-Balearic-Balearen.jpg","datePublished":"2020-03-01T15:07:48+00:00","breadcrumb":{"@id":"https:\/\/fmsb.eu\/de\/2020\/03\/01\/herencias-no-residentes\/#breadcrumb"},"inLanguage":"de","potentialAction":[{"@type":"ReadAction","target":["https:\/\/fmsb.eu\/de\/2020\/03\/01\/herencias-no-residentes\/"]}]},{"@type":"ImageObject","inLanguage":"de","@id":"https:\/\/fmsb.eu\/de\/2020\/03\/01\/herencias-no-residentes\/#primaryimage","url":"https:\/\/fmsb.eu\/wp-content\/uploads\/2020\/03\/FMSB-Abogados-Sofia-Calvet-Herencias-No-Residentes-Non-Resident-Balearic-Balearen.jpg","contentUrl":"https:\/\/fmsb.eu\/wp-content\/uploads\/2020\/03\/FMSB-Abogados-Sofia-Calvet-Herencias-No-Residentes-Non-Resident-Balearic-Balearen.jpg","width":1500,"height":1000},{"@type":"BreadcrumbList","@id":"https:\/\/fmsb.eu\/de\/2020\/03\/01\/herencias-no-residentes\/#breadcrumb","itemListElement":[{"@type":"ListItem","position":1,"name":"Portada","item":"https:\/\/fmsb.eu\/de\/"},{"@type":"ListItem","position":2,"name":"Herencias de no residentes a cargo de Sof\u00eda Calvet en el consultorio jur\u00eddico de Radio Calvi\u00e0 FM"}]},{"@type":"WebSite","@id":"https:\/\/fmsb.eu\/de\/#website","url":"https:\/\/fmsb.eu\/de\/","name":"FMSB Abogados y Economistas en Baleares","description":"","publisher":{"@id":"https:\/\/fmsb.eu\/de\/#organization"},"potentialAction":[{"@type":"SearchAction","target":{"@type":"EntryPoint","urlTemplate":"https:\/\/fmsb.eu\/de\/?s={search_term_string}"},"query-input":{"@type":"PropertyValueSpecification","valueRequired":true,"valueName":"search_term_string"}}],"inLanguage":"de"},{"@type":"Organization","@id":"https:\/\/fmsb.eu\/de\/#organization","name":"FMSB Abogados y Economistas en Baleares","url":"https:\/\/fmsb.eu\/de\/","logo":{"@type":"ImageObject","inLanguage":"de","@id":"https:\/\/fmsb.eu\/de\/#\/schema\/logo\/image\/","url":"https:\/\/fmsb.eu\/wp-content\/uploads\/2025\/02\/logo.svg","contentUrl":"https:\/\/fmsb.eu\/wp-content\/uploads\/2025\/02\/logo.svg","width":154,"height":52,"caption":"FMSB Abogados y Economistas en Baleares"},"image":{"@id":"https:\/\/fmsb.eu\/de\/#\/schema\/logo\/image\/"}},{"@type":"Person","@id":"https:\/\/fmsb.eu\/de\/#\/schema\/person\/9fba7c70814b0cd34d35d655d36a4ca2","name":"fmsb","image":{"@type":"ImageObject","inLanguage":"de","@id":"https:\/\/secure.gravatar.com\/avatar\/426f4d5b0ebcace85460caf87cdaaa193694b611e990615d87a13f322fb7ee7f?s=96&d=mm&r=g","url":"https:\/\/secure.gravatar.com\/avatar\/426f4d5b0ebcace85460caf87cdaaa193694b611e990615d87a13f322fb7ee7f?s=96&d=mm&r=g","contentUrl":"https:\/\/secure.gravatar.com\/avatar\/426f4d5b0ebcace85460caf87cdaaa193694b611e990615d87a13f322fb7ee7f?s=96&d=mm&r=g","caption":"fmsb"},"sameAs":["https:\/\/x.com\/fmsb-disstint"],"url":"https:\/\/fmsb.eu\/de\/author\/fmsb\/"}]}},"_links":{"self":[{"href":"https:\/\/fmsb.eu\/de\/wp-json\/wp\/v2\/posts\/11711","targetHints":{"allow":["GET"]}}],"collection":[{"href":"https:\/\/fmsb.eu\/de\/wp-json\/wp\/v2\/posts"}],"about":[{"href":"https:\/\/fmsb.eu\/de\/wp-json\/wp\/v2\/types\/post"}],"author":[{"embeddable":true,"href":"https:\/\/fmsb.eu\/de\/wp-json\/wp\/v2\/users\/2"}],"replies":[{"embeddable":true,"href":"https:\/\/fmsb.eu\/de\/wp-json\/wp\/v2\/comments?post=11711"}],"version-history":[{"count":0,"href":"https:\/\/fmsb.eu\/de\/wp-json\/wp\/v2\/posts\/11711\/revisions"}],"wp:featuredmedia":[{"embeddable":true,"href":"https:\/\/fmsb.eu\/de\/wp-json\/wp\/v2\/media\/9067"}],"wp:attachment":[{"href":"https:\/\/fmsb.eu\/de\/wp-json\/wp\/v2\/media?parent=11711"}],"wp:term":[{"taxonomy":"category","embeddable":true,"href":"https:\/\/fmsb.eu\/de\/wp-json\/wp\/v2\/categories?post=11711"},{"taxonomy":"post_tag","embeddable":true,"href":"https:\/\/fmsb.eu\/de\/wp-json\/wp\/v2\/tags?post=11711"}],"curies":[{"name":"wp","href":"https:\/\/api.w.org\/{rel}","templated":true}]}}