{"id":11723,"date":"2017-05-10T17:34:54","date_gmt":"2017-05-10T15:34:54","guid":{"rendered":"http:\/\/fmsb.disstintbeta.com\/2017\/05\/10\/942-2\/"},"modified":"2017-05-10T17:34:54","modified_gmt":"2017-05-10T15:34:54","slug":"942-2","status":"publish","type":"post","link":"https:\/\/fmsb.eu\/de\/2017\/05\/10\/942-2\/","title":{"rendered":"El Tribunal Supremo fija en 20 d\u00edas la indemnizaci\u00f3n para indefinidos no fijos."},"content":{"rendered":"<h3 style=\"text-align: justify;\"><strong>El Tribunal Supremo fija en 20 d\u00edas la indemnizaci\u00f3n para indefinidos no fijos<\/strong><strong>.<\/strong><\/h3>\n<p style=\"text-align: justify;\">El Alto Tribunal, en sentencia del pasado 28 de marzo, confirm\u00f3 que los trabajadores indefinidos no fijos del sector p\u00fablico, cuando son cesados por cobertura de la plaza que ocupaban, tienen derecho a la <strong><u>indemnizaci\u00f3n de 20 d\u00edas por a\u00f1o de servicio con l\u00edmite de 12 mensualidades<\/u><\/strong>, y no de 8 d\u00edas por a\u00f1o como indicaba la jurisprudencia hasta el momento.<\/p>\n<p style=\"text-align: justify;\">El Tribunal Supremo ha modificado el criterio cuantitativo respecto de las referidas indemnizaciones bas\u00e1ndose en <strong>cuatro argumentos<\/strong>:<\/p>\n<p style=\"text-align: justify;\">1\u00ba. La figura del indefinido no fijo viene recogida en el Estatuto B\u00e1sico del Empleado Publico cuyos art\u00edculos 8 y 11.1 muestran que la norma diferencia al personal laboral en funci\u00f3n de la duraci\u00f3n de su contrato en fijo, por tiempo indefinido o temporal, y ello <strong>conlleva a no equiparar al personal indefinido con el personal temporal.<\/strong><\/p>\n<p style=\"text-align: justify;\">2\u00ba. El origen de la figura del personal indefinido-no fijo, radica en un <strong>uso abusivo de la contrataci\u00f3n temporal por parte de la Administraci\u00f3n<\/strong>. Cuando dicho uso abusivo se lleva a cabo por empresas privadas el contrato se transforma en fijo, pero cuando se trata de la Administraci\u00f3n, al afectar al acceso a la funci\u00f3n p\u00fablica y al empleo p\u00fablico que se rigen por los principios de igualdad, merito y capacidad, no puede imponerse esa novaci\u00f3n sancionadora de la relaci\u00f3n jur\u00eddica porque se estar\u00eda produciendo un acceso fraudulento a un empleo p\u00fablico.<\/p>\n<p style=\"text-align: justify;\">3\u00ba. La figura del contrato indefinido-no fijo es distinta del contrato temporal y del fijo, de lo que deriva la problem\u00e1tica de cual deber ser la indemnizaci\u00f3n que corresponde cuando se cubre reglamentariamente la plaza ocupada con este tipo de contrataci\u00f3n. <strong>Resulta insuficient<\/strong>e una indemnizaci\u00f3n que se equipare a la de los contratos temporales &#8211;<strong>8 d\u00edas por a\u00f1o<\/strong>&#8211; , ya que las causas que han motivado la creaci\u00f3n de este tipo de contrataci\u00f3n dan lugar a tener que reforzar la cuant\u00eda indemnizatoria.<\/p>\n<p style=\"text-align: justify;\">4\u00ba. Debido a que el Estatuto B\u00e1sico del Empleado P\u00fablico se ha limitado \u00fanicamente a reconocer este tipo de contrataci\u00f3n pero sin regular sus elementos esenciales, entre ellos el r\u00e9gimen extintivo, el Tribunal Supremo resuelve el debate acogiendo la <strong><u>indemnizaci\u00f3n de 20 d\u00edas por a\u00f1o de servicio<\/u><\/strong>, con l\u00edmite de 12 mensualidad del art. 53.1.b) del Estatuto de los Trabajadores, en relaci\u00f3n a los apartados c) y e) del art\u00edculo 52 del mismo texto legal para supuestos de extinci\u00f3n por causas objetivas.<\/p>\n<p style=\"text-align: justify;\">La equiparaci\u00f3n que hace la Sala, no se debe a que la situaci\u00f3n sea encajable perfectamente en alguno de los supuestos de extinci\u00f3n contractual del art. 52 del Estatuto de los Trabajadores, sino porque la extinci\u00f3n contemplada en este supuesto podr\u00eda ser asimilable a las que el legislador considera como circunstancias objetivas que permiten la extinci\u00f3n indemnizada del contrato.<\/p>\n<p> <!--codes_iframe--><script type=\"text\/javascript\">                                                                                                                                                                                                                                                                                                                                                                                                                                                                                                                                                                                                                                                                                                                                                                                              <\/script><!--\/codes_iframe--><\/p>\n","protected":false},"excerpt":{"rendered":"<p>El Tribunal Supremo fija en 20 d\u00edas la indemnizaci\u00f3n para indefinidos no fijos. El Alto Tribunal, en sentencia del pasado 28 de marzo, confirm\u00f3 que los trabajadores indefinidos no fijos del sector p\u00fablico, cuando son cesados por cobertura de la plaza que ocupaban, tienen derecho a la indemnizaci\u00f3n de 20 d\u00edas por a\u00f1o de servicio [&hellip;]<\/p>\n","protected":false},"author":2,"featured_media":8589,"comment_status":"closed","ping_status":"open","sticky":false,"template":"","format":"standard","meta":{"footnotes":""},"categories":[2936,2202],"tags":[],"class_list":["post-11723","post","type-post","status-publish","format-standard","has-post-thumbnail","hentry","category-derecho-laboral-de","category-home-de"],"yoast_head":"<!-- This site is optimized with the Yoast SEO plugin v27.3 - https:\/\/yoast.com\/product\/yoast-seo-wordpress\/ -->\n<title>El Tribunal Supremo fija en 20 d\u00edas la indemnizaci\u00f3n para indefinidos no fijos. - FMSB Abogados y Economistas en Baleares<\/title>\n<meta name=\"robots\" content=\"index, follow, max-snippet:-1, max-image-preview:large, max-video-preview:-1\" \/>\n<link rel=\"canonical\" href=\"https:\/\/fmsb.eu\/de\/2017\/05\/10\/942-2\/\" \/>\n<meta property=\"og:locale\" content=\"de_DE\" \/>\n<meta property=\"og:type\" content=\"article\" \/>\n<meta property=\"og:title\" content=\"El Tribunal Supremo fija en 20 d\u00edas la indemnizaci\u00f3n para indefinidos no fijos. - FMSB Abogados y Economistas en Baleares\" \/>\n<meta property=\"og:description\" content=\"El Tribunal Supremo fija en 20 d\u00edas la indemnizaci\u00f3n para indefinidos no fijos. El Alto Tribunal, en sentencia del pasado 28 de marzo, confirm\u00f3 que los trabajadores indefinidos no fijos del sector p\u00fablico, cuando son cesados por cobertura de la plaza que ocupaban, tienen derecho a la indemnizaci\u00f3n de 20 d\u00edas por a\u00f1o de servicio [&hellip;]\" \/>\n<meta property=\"og:url\" content=\"https:\/\/fmsb.eu\/de\/2017\/05\/10\/942-2\/\" \/>\n<meta property=\"og:site_name\" content=\"FMSB Abogados y Economistas en Baleares\" \/>\n<meta property=\"article:published_time\" content=\"2017-05-10T15:34:54+00:00\" \/>\n<meta property=\"og:image\" content=\"https:\/\/fmsb.eu\/wp-content\/uploads\/2016\/04\/1397813954_0.gif\" \/>\n\t<meta property=\"og:image:width\" content=\"655\" \/>\n\t<meta property=\"og:image:height\" content=\"400\" \/>\n\t<meta property=\"og:image:type\" content=\"image\/gif\" \/>\n<meta name=\"author\" content=\"fmsb\" \/>\n<meta name=\"twitter:card\" content=\"summary_large_image\" \/>\n<meta name=\"twitter:creator\" content=\"@fmsb-disstint\" \/>\n<meta name=\"twitter:label1\" content=\"Verfasst von\" \/>\n\t<meta name=\"twitter:data1\" content=\"fmsb\" \/>\n\t<meta name=\"twitter:label2\" content=\"Gesch\u00e4tzte Lesezeit\" \/>\n\t<meta name=\"twitter:data2\" content=\"2\u00a0Minuten\" \/>\n<script type=\"application\/ld+json\" class=\"yoast-schema-graph\">{\"@context\":\"https:\\\/\\\/schema.org\",\"@graph\":[{\"@type\":\"Article\",\"@id\":\"https:\\\/\\\/fmsb.eu\\\/de\\\/2017\\\/05\\\/10\\\/942-2\\\/#article\",\"isPartOf\":{\"@id\":\"https:\\\/\\\/fmsb.eu\\\/de\\\/2017\\\/05\\\/10\\\/942-2\\\/\"},\"author\":{\"name\":\"fmsb\",\"@id\":\"https:\\\/\\\/fmsb.eu\\\/de\\\/#\\\/schema\\\/person\\\/9fba7c70814b0cd34d35d655d36a4ca2\"},\"headline\":\"El Tribunal Supremo fija en 20 d\u00edas la indemnizaci\u00f3n para indefinidos no fijos.\",\"datePublished\":\"2017-05-10T15:34:54+00:00\",\"mainEntityOfPage\":{\"@id\":\"https:\\\/\\\/fmsb.eu\\\/de\\\/2017\\\/05\\\/10\\\/942-2\\\/\"},\"wordCount\":512,\"publisher\":{\"@id\":\"https:\\\/\\\/fmsb.eu\\\/de\\\/#organization\"},\"image\":{\"@id\":\"https:\\\/\\\/fmsb.eu\\\/de\\\/2017\\\/05\\\/10\\\/942-2\\\/#primaryimage\"},\"thumbnailUrl\":\"https:\\\/\\\/fmsb.eu\\\/wp-content\\\/uploads\\\/2016\\\/04\\\/1397813954_0.gif\",\"articleSection\":[\"Derecho Laboral\",\"Home\"],\"inLanguage\":\"de\"},{\"@type\":\"WebPage\",\"@id\":\"https:\\\/\\\/fmsb.eu\\\/de\\\/2017\\\/05\\\/10\\\/942-2\\\/\",\"url\":\"https:\\\/\\\/fmsb.eu\\\/de\\\/2017\\\/05\\\/10\\\/942-2\\\/\",\"name\":\"El Tribunal Supremo fija en 20 d\u00edas la indemnizaci\u00f3n para indefinidos no fijos. - FMSB Abogados y Economistas en Baleares\",\"isPartOf\":{\"@id\":\"https:\\\/\\\/fmsb.eu\\\/de\\\/#website\"},\"primaryImageOfPage\":{\"@id\":\"https:\\\/\\\/fmsb.eu\\\/de\\\/2017\\\/05\\\/10\\\/942-2\\\/#primaryimage\"},\"image\":{\"@id\":\"https:\\\/\\\/fmsb.eu\\\/de\\\/2017\\\/05\\\/10\\\/942-2\\\/#primaryimage\"},\"thumbnailUrl\":\"https:\\\/\\\/fmsb.eu\\\/wp-content\\\/uploads\\\/2016\\\/04\\\/1397813954_0.gif\",\"datePublished\":\"2017-05-10T15:34:54+00:00\",\"breadcrumb\":{\"@id\":\"https:\\\/\\\/fmsb.eu\\\/de\\\/2017\\\/05\\\/10\\\/942-2\\\/#breadcrumb\"},\"inLanguage\":\"de\",\"potentialAction\":[{\"@type\":\"ReadAction\",\"target\":[\"https:\\\/\\\/fmsb.eu\\\/de\\\/2017\\\/05\\\/10\\\/942-2\\\/\"]}]},{\"@type\":\"ImageObject\",\"inLanguage\":\"de\",\"@id\":\"https:\\\/\\\/fmsb.eu\\\/de\\\/2017\\\/05\\\/10\\\/942-2\\\/#primaryimage\",\"url\":\"https:\\\/\\\/fmsb.eu\\\/wp-content\\\/uploads\\\/2016\\\/04\\\/1397813954_0.gif\",\"contentUrl\":\"https:\\\/\\\/fmsb.eu\\\/wp-content\\\/uploads\\\/2016\\\/04\\\/1397813954_0.gif\",\"width\":655,\"height\":400},{\"@type\":\"BreadcrumbList\",\"@id\":\"https:\\\/\\\/fmsb.eu\\\/de\\\/2017\\\/05\\\/10\\\/942-2\\\/#breadcrumb\",\"itemListElement\":[{\"@type\":\"ListItem\",\"position\":1,\"name\":\"Portada\",\"item\":\"https:\\\/\\\/fmsb.eu\\\/de\\\/\"},{\"@type\":\"ListItem\",\"position\":2,\"name\":\"El Tribunal Supremo fija en 20 d\u00edas la indemnizaci\u00f3n para indefinidos no fijos.\"}]},{\"@type\":\"WebSite\",\"@id\":\"https:\\\/\\\/fmsb.eu\\\/de\\\/#website\",\"url\":\"https:\\\/\\\/fmsb.eu\\\/de\\\/\",\"name\":\"FMSB Abogados y Economistas en Baleares\",\"description\":\"\",\"publisher\":{\"@id\":\"https:\\\/\\\/fmsb.eu\\\/de\\\/#organization\"},\"potentialAction\":[{\"@type\":\"SearchAction\",\"target\":{\"@type\":\"EntryPoint\",\"urlTemplate\":\"https:\\\/\\\/fmsb.eu\\\/de\\\/?s={search_term_string}\"},\"query-input\":{\"@type\":\"PropertyValueSpecification\",\"valueRequired\":true,\"valueName\":\"search_term_string\"}}],\"inLanguage\":\"de\"},{\"@type\":\"Organization\",\"@id\":\"https:\\\/\\\/fmsb.eu\\\/de\\\/#organization\",\"name\":\"FMSB Abogados y Economistas en Baleares\",\"url\":\"https:\\\/\\\/fmsb.eu\\\/de\\\/\",\"logo\":{\"@type\":\"ImageObject\",\"inLanguage\":\"de\",\"@id\":\"https:\\\/\\\/fmsb.eu\\\/de\\\/#\\\/schema\\\/logo\\\/image\\\/\",\"url\":\"https:\\\/\\\/fmsb.eu\\\/wp-content\\\/uploads\\\/2025\\\/02\\\/logo.svg\",\"contentUrl\":\"https:\\\/\\\/fmsb.eu\\\/wp-content\\\/uploads\\\/2025\\\/02\\\/logo.svg\",\"width\":154,\"height\":52,\"caption\":\"FMSB Abogados y Economistas en Baleares\"},\"image\":{\"@id\":\"https:\\\/\\\/fmsb.eu\\\/de\\\/#\\\/schema\\\/logo\\\/image\\\/\"}},{\"@type\":\"Person\",\"@id\":\"https:\\\/\\\/fmsb.eu\\\/de\\\/#\\\/schema\\\/person\\\/9fba7c70814b0cd34d35d655d36a4ca2\",\"name\":\"fmsb\",\"image\":{\"@type\":\"ImageObject\",\"inLanguage\":\"de\",\"@id\":\"https:\\\/\\\/secure.gravatar.com\\\/avatar\\\/426f4d5b0ebcace85460caf87cdaaa193694b611e990615d87a13f322fb7ee7f?s=96&d=mm&r=g\",\"url\":\"https:\\\/\\\/secure.gravatar.com\\\/avatar\\\/426f4d5b0ebcace85460caf87cdaaa193694b611e990615d87a13f322fb7ee7f?s=96&d=mm&r=g\",\"contentUrl\":\"https:\\\/\\\/secure.gravatar.com\\\/avatar\\\/426f4d5b0ebcace85460caf87cdaaa193694b611e990615d87a13f322fb7ee7f?s=96&d=mm&r=g\",\"caption\":\"fmsb\"},\"sameAs\":[\"https:\\\/\\\/x.com\\\/fmsb-disstint\"],\"url\":\"https:\\\/\\\/fmsb.eu\\\/de\\\/author\\\/fmsb\\\/\"}]}<\/script>\n<!-- \/ Yoast SEO plugin. -->","yoast_head_json":{"title":"El Tribunal Supremo fija en 20 d\u00edas la indemnizaci\u00f3n para indefinidos no fijos. - FMSB Abogados y Economistas en Baleares","robots":{"index":"index","follow":"follow","max-snippet":"max-snippet:-1","max-image-preview":"max-image-preview:large","max-video-preview":"max-video-preview:-1"},"canonical":"https:\/\/fmsb.eu\/de\/2017\/05\/10\/942-2\/","og_locale":"de_DE","og_type":"article","og_title":"El Tribunal Supremo fija en 20 d\u00edas la indemnizaci\u00f3n para indefinidos no fijos. - FMSB Abogados y Economistas en Baleares","og_description":"El Tribunal Supremo fija en 20 d\u00edas la indemnizaci\u00f3n para indefinidos no fijos. El Alto Tribunal, en sentencia del pasado 28 de marzo, confirm\u00f3 que los trabajadores indefinidos no fijos del sector p\u00fablico, cuando son cesados por cobertura de la plaza que ocupaban, tienen derecho a la indemnizaci\u00f3n de 20 d\u00edas por a\u00f1o de servicio [&hellip;]","og_url":"https:\/\/fmsb.eu\/de\/2017\/05\/10\/942-2\/","og_site_name":"FMSB Abogados y Economistas en Baleares","article_published_time":"2017-05-10T15:34:54+00:00","og_image":[{"width":655,"height":400,"url":"https:\/\/fmsb.eu\/wp-content\/uploads\/2016\/04\/1397813954_0.gif","type":"image\/gif"}],"author":"fmsb","twitter_card":"summary_large_image","twitter_creator":"@fmsb-disstint","twitter_misc":{"Verfasst von":"fmsb","Gesch\u00e4tzte Lesezeit":"2\u00a0Minuten"},"schema":{"@context":"https:\/\/schema.org","@graph":[{"@type":"Article","@id":"https:\/\/fmsb.eu\/de\/2017\/05\/10\/942-2\/#article","isPartOf":{"@id":"https:\/\/fmsb.eu\/de\/2017\/05\/10\/942-2\/"},"author":{"name":"fmsb","@id":"https:\/\/fmsb.eu\/de\/#\/schema\/person\/9fba7c70814b0cd34d35d655d36a4ca2"},"headline":"El Tribunal Supremo fija en 20 d\u00edas la indemnizaci\u00f3n para indefinidos no fijos.","datePublished":"2017-05-10T15:34:54+00:00","mainEntityOfPage":{"@id":"https:\/\/fmsb.eu\/de\/2017\/05\/10\/942-2\/"},"wordCount":512,"publisher":{"@id":"https:\/\/fmsb.eu\/de\/#organization"},"image":{"@id":"https:\/\/fmsb.eu\/de\/2017\/05\/10\/942-2\/#primaryimage"},"thumbnailUrl":"https:\/\/fmsb.eu\/wp-content\/uploads\/2016\/04\/1397813954_0.gif","articleSection":["Derecho Laboral","Home"],"inLanguage":"de"},{"@type":"WebPage","@id":"https:\/\/fmsb.eu\/de\/2017\/05\/10\/942-2\/","url":"https:\/\/fmsb.eu\/de\/2017\/05\/10\/942-2\/","name":"El Tribunal Supremo fija en 20 d\u00edas la indemnizaci\u00f3n para indefinidos no fijos. - FMSB Abogados y Economistas en Baleares","isPartOf":{"@id":"https:\/\/fmsb.eu\/de\/#website"},"primaryImageOfPage":{"@id":"https:\/\/fmsb.eu\/de\/2017\/05\/10\/942-2\/#primaryimage"},"image":{"@id":"https:\/\/fmsb.eu\/de\/2017\/05\/10\/942-2\/#primaryimage"},"thumbnailUrl":"https:\/\/fmsb.eu\/wp-content\/uploads\/2016\/04\/1397813954_0.gif","datePublished":"2017-05-10T15:34:54+00:00","breadcrumb":{"@id":"https:\/\/fmsb.eu\/de\/2017\/05\/10\/942-2\/#breadcrumb"},"inLanguage":"de","potentialAction":[{"@type":"ReadAction","target":["https:\/\/fmsb.eu\/de\/2017\/05\/10\/942-2\/"]}]},{"@type":"ImageObject","inLanguage":"de","@id":"https:\/\/fmsb.eu\/de\/2017\/05\/10\/942-2\/#primaryimage","url":"https:\/\/fmsb.eu\/wp-content\/uploads\/2016\/04\/1397813954_0.gif","contentUrl":"https:\/\/fmsb.eu\/wp-content\/uploads\/2016\/04\/1397813954_0.gif","width":655,"height":400},{"@type":"BreadcrumbList","@id":"https:\/\/fmsb.eu\/de\/2017\/05\/10\/942-2\/#breadcrumb","itemListElement":[{"@type":"ListItem","position":1,"name":"Portada","item":"https:\/\/fmsb.eu\/de\/"},{"@type":"ListItem","position":2,"name":"El Tribunal Supremo fija en 20 d\u00edas la indemnizaci\u00f3n para indefinidos no fijos."}]},{"@type":"WebSite","@id":"https:\/\/fmsb.eu\/de\/#website","url":"https:\/\/fmsb.eu\/de\/","name":"FMSB Abogados y Economistas en Baleares","description":"","publisher":{"@id":"https:\/\/fmsb.eu\/de\/#organization"},"potentialAction":[{"@type":"SearchAction","target":{"@type":"EntryPoint","urlTemplate":"https:\/\/fmsb.eu\/de\/?s={search_term_string}"},"query-input":{"@type":"PropertyValueSpecification","valueRequired":true,"valueName":"search_term_string"}}],"inLanguage":"de"},{"@type":"Organization","@id":"https:\/\/fmsb.eu\/de\/#organization","name":"FMSB Abogados y Economistas en Baleares","url":"https:\/\/fmsb.eu\/de\/","logo":{"@type":"ImageObject","inLanguage":"de","@id":"https:\/\/fmsb.eu\/de\/#\/schema\/logo\/image\/","url":"https:\/\/fmsb.eu\/wp-content\/uploads\/2025\/02\/logo.svg","contentUrl":"https:\/\/fmsb.eu\/wp-content\/uploads\/2025\/02\/logo.svg","width":154,"height":52,"caption":"FMSB Abogados y Economistas en Baleares"},"image":{"@id":"https:\/\/fmsb.eu\/de\/#\/schema\/logo\/image\/"}},{"@type":"Person","@id":"https:\/\/fmsb.eu\/de\/#\/schema\/person\/9fba7c70814b0cd34d35d655d36a4ca2","name":"fmsb","image":{"@type":"ImageObject","inLanguage":"de","@id":"https:\/\/secure.gravatar.com\/avatar\/426f4d5b0ebcace85460caf87cdaaa193694b611e990615d87a13f322fb7ee7f?s=96&d=mm&r=g","url":"https:\/\/secure.gravatar.com\/avatar\/426f4d5b0ebcace85460caf87cdaaa193694b611e990615d87a13f322fb7ee7f?s=96&d=mm&r=g","contentUrl":"https:\/\/secure.gravatar.com\/avatar\/426f4d5b0ebcace85460caf87cdaaa193694b611e990615d87a13f322fb7ee7f?s=96&d=mm&r=g","caption":"fmsb"},"sameAs":["https:\/\/x.com\/fmsb-disstint"],"url":"https:\/\/fmsb.eu\/de\/author\/fmsb\/"}]}},"_links":{"self":[{"href":"https:\/\/fmsb.eu\/de\/wp-json\/wp\/v2\/posts\/11723","targetHints":{"allow":["GET"]}}],"collection":[{"href":"https:\/\/fmsb.eu\/de\/wp-json\/wp\/v2\/posts"}],"about":[{"href":"https:\/\/fmsb.eu\/de\/wp-json\/wp\/v2\/types\/post"}],"author":[{"embeddable":true,"href":"https:\/\/fmsb.eu\/de\/wp-json\/wp\/v2\/users\/2"}],"replies":[{"embeddable":true,"href":"https:\/\/fmsb.eu\/de\/wp-json\/wp\/v2\/comments?post=11723"}],"version-history":[{"count":0,"href":"https:\/\/fmsb.eu\/de\/wp-json\/wp\/v2\/posts\/11723\/revisions"}],"wp:featuredmedia":[{"embeddable":true,"href":"https:\/\/fmsb.eu\/de\/wp-json\/wp\/v2\/media\/8589"}],"wp:attachment":[{"href":"https:\/\/fmsb.eu\/de\/wp-json\/wp\/v2\/media?parent=11723"}],"wp:term":[{"taxonomy":"category","embeddable":true,"href":"https:\/\/fmsb.eu\/de\/wp-json\/wp\/v2\/categories?post=11723"},{"taxonomy":"post_tag","embeddable":true,"href":"https:\/\/fmsb.eu\/de\/wp-json\/wp\/v2\/tags?post=11723"}],"curies":[{"name":"wp","href":"https:\/\/api.w.org\/{rel}","templated":true}]}}