{"id":11010,"date":"2024-02-26T12:09:34","date_gmt":"2024-02-26T11:09:34","guid":{"rendered":"http:\/\/fmsb.disstintbeta.com\/2024\/02\/26\/tjue-fin-abuso-temporalidad-sector-publico\/"},"modified":"2024-02-26T12:09:34","modified_gmt":"2024-02-26T11:09:34","slug":"tjue-fin-abuso-temporalidad-sector-publico","status":"publish","type":"post","link":"https:\/\/fmsb.eu\/en\/2024\/02\/26\/tjue-fin-abuso-temporalidad-sector-publico\/","title":{"rendered":"El TJUE marca el fin del abuso en Espa\u00f1a de la contrataci\u00f3n de trabajadores temporales en el Sector P\u00fablico"},"content":{"rendered":"<h1><a href=\"http:\/\/fmsb.disstintbeta.com\/wp-content\/uploads\/2024\/02\/FMSB-STJUE-22-febrero-2024-asunto-c-5922-temporales-en-el-sector-publico.jpg\"><img fetchpriority=\"high\" decoding=\"async\" class=\"alignnone wp-image-7652\" src=\"http:\/\/fmsb.disstintbeta.com\/wp-content\/uploads\/2024\/02\/FMSB-STJUE-22-febrero-2024-asunto-c-5922-temporales-en-el-sector-publico.jpg\" alt=\"\" width=\"800\" height=\"800\" srcset=\"https:\/\/font-mora-sainz-baranda.fra1.digitaloceanspaces.com\/wp-content\/uploads\/2024\/02\/FMSB-STJUE-22-febrero-2024-asunto-c-5922-temporales-en-el-sector-publico.jpg 2000w, https:\/\/font-mora-sainz-baranda.fra1.digitaloceanspaces.com\/wp-content\/uploads\/2024\/02\/FMSB-STJUE-22-febrero-2024-asunto-c-5922-temporales-en-el-sector-publico-300x300.jpg 300w, https:\/\/font-mora-sainz-baranda.fra1.digitaloceanspaces.com\/wp-content\/uploads\/2024\/02\/FMSB-STJUE-22-febrero-2024-asunto-c-5922-temporales-en-el-sector-publico-1024x1024.jpg 1024w, https:\/\/font-mora-sainz-baranda.fra1.digitaloceanspaces.com\/wp-content\/uploads\/2024\/02\/FMSB-STJUE-22-febrero-2024-asunto-c-5922-temporales-en-el-sector-publico-150x150.jpg 150w, https:\/\/font-mora-sainz-baranda.fra1.digitaloceanspaces.com\/wp-content\/uploads\/2024\/02\/FMSB-STJUE-22-febrero-2024-asunto-c-5922-temporales-en-el-sector-publico-768x768.jpg 768w, https:\/\/font-mora-sainz-baranda.fra1.digitaloceanspaces.com\/wp-content\/uploads\/2024\/02\/FMSB-STJUE-22-febrero-2024-asunto-c-5922-temporales-en-el-sector-publico-1536x1536.jpg 1536w\" sizes=\"(max-width: 800px) 100vw, 800px\" \/><\/a><\/h1>\n<h1><span style=\"color: #800000;\"><strong>El TJUE marca el fin del abuso en Espa\u00f1a de la contrataci\u00f3n de trabajadores temporales en el Sector P\u00fablico: habr\u00e1n de reconvertirse los interinos o temporales en fijos.<br \/>\n<\/strong><\/span><\/h1>\n<p>La <a href=\"http:\/\/fmsb.disstintbeta.com\/wp-content\/uploads\/2024\/02\/CURIA-Documentos-interinos-c-59-22.pdf\">Sentencia del Tribunal de Justicia de la Uni\u00f3n Europea (STJUE) emitida el 22 de febrero de 2024 en el asunto C-59\/22<\/a> marca un punto de inflexi\u00f3n en Espa\u00f1a en lo que refiere a la contrataci\u00f3n temporal de empleados p\u00fablicos. <span style=\"color: #800000;\"><strong>La importancia de la misma radica en que viene a otorgar la estabilidad pretendida a casi un mill\u00f3n de trabajadores interinos o temporales, que habr\u00e1n de reconvertirse en fijos<\/strong><\/span>.<\/p>\n<h2><strong><span style=\"color: #800000;\">Reivindicaci\u00f3n de hace una d\u00e9cada que encuentra su respuesta<\/span> <\/strong><\/h2>\n<p>Tras diez a\u00f1os de reivindicaciones, la sentencia del STJUE respalda las demandas del personal interino y temporal del sector p\u00fablico en Espa\u00f1a, ofreciendo una soluci\u00f3n que garantiza la estabilidad laboral y cumple con los objetivos de la Directiva europea 1999\/70.<\/p>\n<h2><span style=\"color: #800000;\"><strong>Los pronunciamientos de la Sentencia<\/strong><\/span><\/h2>\n<p><em>La sentencia declara:<\/em><\/p>\n<ul>\n<li>Que la transformaci\u00f3n del trabajador temporal en &#8220;indefinido no fijo&#8221; no cumple con los requisitos de la <a href=\"https:\/\/www.boe.es\/buscar\/doc.php?id=DOUE-L-1999-81381\">Directiva 1999\/70<\/a>, que proh\u00edbe el abuso en la contrataci\u00f3n temporal.<\/li>\n<li>La falta de convocatorias para procesos selectivos que cubran plazas ocupadas por personal temporal se considera un abuso incompatible con la Directiva.<\/li>\n<li>El pago de indemnizaci\u00f3n a la extinci\u00f3n del contrato no satisface los requisitos de la <a href=\"https:\/\/www.boe.es\/buscar\/doc.php?id=DOUE-L-1999-81381\">Directiva 1999\/70<\/a>.<\/li>\n<li>La convocatoria de procesos de consolidaci\u00f3n de empleo temporal no se considera una medida acorde con la Directiva.<\/li>\n<li>Es contrario a la cl\u00e1usula 5 del Acuerdo Marco que las normativas nacionales no prevean medidas para evitar la utilizaci\u00f3n abusiva de contratos temporales.<\/li>\n<li>La transformaci\u00f3n de contratos temporales, incluidos los indefinidos no fijos, en contratos fijos es una medida sancionadora conforme con la cl\u00e1usula 5 del Acuerdo Marco.<\/li>\n<\/ul>\n<h2><span style=\"color: #800000;\"><strong>Opini\u00f3n de Expertos: la transformaci\u00f3n en fijos es la \u00fanica soluci\u00f3n<\/strong><\/span><\/h2>\n<p>Expertos en la materia coinciden en que la sentencia descarta las medidas que tanto por parte del Gobierno como de los Tribunales se han venido adoptando en esta controversia y \u00a0se aboga por la transformaci\u00f3n efectiva en empleados fijos como la \u00fanica medida que cumple con los requisitos de la Directiva 1999\/70.<\/p>\n<h2><span style=\"color: #800000;\"><strong>Conclusi\u00f3n Definitiva: Adi\u00f3s al Abuso en la <span style=\"color: #800000;\">Contrataci\u00f3n<\/span> Temporal<\/strong><\/span><\/h2>\n<p>La sentencia del STJUE no solo pone fin a a\u00f1os de abuso en la contrataci\u00f3n temporal de empleados p\u00fablicos, sino que tambi\u00e9n establece un precedente importante, reafirmando la transformaci\u00f3n en empleados fijos como la medida necesaria para garantizar la estabilidad y poner fin al abuso en el sector p\u00fablico espa\u00f1ol.<\/p>\n<h2><span style=\"color: #800000;\"><strong>Accede al contenido de la sentencia<\/strong><\/span><\/h2>\n<p>Puede hacer clic <strong><span style=\"color: #800000;\"><a style=\"color: #800000;\" href=\"http:\/\/fmsb.disstintbeta.com\/wp-content\/uploads\/2024\/02\/CURIA-Documentos-interinos-c-59-22.pdf\">aqu\u00ed<\/a><\/span><\/strong> para acceder a la <a href=\"http:\/\/fmsb.disstintbeta.com\/wp-content\/uploads\/2024\/02\/CURIA-Documentos-interinos-c-59-22.pdf\">Sentencia<\/a> en formato pdf.<\/p>\n<h2><span style=\"color: #800000;\"><strong>En Font Mora Sainz de Baranda\u00a0<\/strong>\u2013<em>abogados y economistas<\/em>\u2013<\/span><strong><span style=\"color: #800000;\">\u00a0podemos ayudarte<\/span><br \/>\n<\/strong><\/h2>\n<p>Recuerde que en\u00a0<a href=\"http:\/\/www.fmsb.eu\/\"><strong>Font Mora Sainz de Baranda<\/strong>\u00a0\u2013<em>abogados y economistas<\/em>\u2013<\/a> contamos con un equipo multidisciplinar de abogados y economistas para ofrecerle el asesoramiento que usted necesita tambi\u00e9n en materia de <a href=\"https:\/\/www.fmsb.eu\/?s=derecho+laboral\">Derecho laboral<\/a> . Pida cita con nosotros<\/p>\n<p>&nbsp;<\/p>\n<hr \/>\n<p><span style=\"color: #999999;\">#fmsb #fontmorasainzdebaranda #abogados #economistas #derecho #laboral #STJUE2024 #ContratacionTemporal #TrabajadoresPublicos #TrabajadoresFijos #contratotemporal #interinos #fijos #temporales#EstabilidadLaboral #Directiva1999 #TransformacionEnFijos #baleares #mallorca #menorca #ibiza #elarenal #portdandratx #manacor #inca #palma #law #lawyers #solicitors<br \/>\n<\/span><\/p>\n","protected":false},"excerpt":{"rendered":"<p>El TJUE marca el fin del abuso en Espa\u00f1a de la contrataci\u00f3n de trabajadores temporales en el Sector P\u00fablico: habr\u00e1n de reconvertirse los interinos o temporales en fijos. La Sentencia del Tribunal de Justicia de la Uni\u00f3n Europea (STJUE) emitida el 22 de febrero de 2024 en el asunto C-59\/22 marca un punto de inflexi\u00f3n [&hellip;]<\/p>\n","protected":false},"author":2,"featured_media":10374,"comment_status":"closed","ping_status":"open","sticky":false,"template":"","format":"standard","meta":{"footnotes":""},"categories":[2148,2149,3460,2926,2152,3461],"tags":[3462,2156,3463,3464,3465,3466,2158,3467,3468,3469,3470,2166,3471,2168,2169,3472,3473,2173,2174,2899,2178,2179,2182,2286,3474,3475,3476,2445,3477,3478,3479,3480,3481],"class_list":["post-11010","post","type-post","status-publish","format-standard","has-post-thumbnail","hentry","category-actualidad-en","category-blog-en-2","category-derecho-de-la-union-europea-en","category-derecho-laboral-en","category-home-en-2","category-union-europea-en","tag-22-de-febrero-de-2024-en","tag-abogados-en","tag-actualidad-fiscal-en","tag-administracion-en","tag-administraciones-publicas-en","tag-asesores-fiscales-en","tag-baleares-en","tag-c-59-22-en","tag-contratacion-temporal-en","tag-contrato-temporal-en","tag-covid-19-en","tag-derecho-en","tag-directiva-1999-70-en","tag-economistas-en","tag-el-arenal-en","tag-estabilidad-laboral-en","tag-fiscalistas-en","tag-fmsb-en","tag-font-mora-sainz-de-baranda-en","tag-inca-en","tag-law-en-2","tag-lawyers-en-2","tag-manacor-en","tag-palma-en","tag-sector-publico-en","tag-stjue-en","tag-tax-advisors-en","tag-tjue-en","tag-trabajadores-fijos-en","tag-trabajadores-interinos-en","tag-trabajadores-publicos-en","tag-trabajadores-temporales-en","tag-transformacion-en"],"yoast_head":"<!-- This site is optimized with the Yoast SEO plugin v27.3 - https:\/\/yoast.com\/product\/yoast-seo-wordpress\/ -->\n<title>El TJUE marca el fin del abuso en Espa\u00f1a de la contrataci\u00f3n de trabajadores temporales en el Sector P\u00fablico - FMSB Abogados y Economistas en Baleares<\/title>\n<meta name=\"description\" content=\"El TJUE marca el fin del abuso en Espa\u00f1a de la contrataci\u00f3n de trabajadores temporales en el Sector P\u00fablico. Se convertir\u00e1n en fijos\" \/>\n<meta name=\"robots\" content=\"index, follow, max-snippet:-1, max-image-preview:large, max-video-preview:-1\" \/>\n<link rel=\"canonical\" href=\"https:\/\/fmsb.eu\/en\/2024\/02\/26\/tjue-fin-abuso-temporalidad-sector-publico\/\" \/>\n<meta property=\"og:locale\" content=\"en_US\" \/>\n<meta property=\"og:type\" content=\"article\" \/>\n<meta property=\"og:title\" content=\"El TJUE marca el fin del abuso en Espa\u00f1a de la contrataci\u00f3n de trabajadores temporales en el Sector P\u00fablico - FMSB Abogados y Economistas en Baleares\" \/>\n<meta property=\"og:description\" content=\"El TJUE marca el fin del abuso en Espa\u00f1a de la contrataci\u00f3n de trabajadores temporales en el Sector P\u00fablico. Se convertir\u00e1n en fijos\" \/>\n<meta property=\"og:url\" content=\"https:\/\/fmsb.eu\/en\/2024\/02\/26\/tjue-fin-abuso-temporalidad-sector-publico\/\" \/>\n<meta property=\"og:site_name\" content=\"FMSB Abogados y Economistas en Baleares\" \/>\n<meta property=\"article:published_time\" content=\"2024-02-26T11:09:34+00:00\" \/>\n<meta property=\"og:image\" content=\"https:\/\/fmsb.eu\/wp-content\/uploads\/2024\/02\/FMSB-STJUE-22-febrero-2024-asunto-c-5922-temporales-en-el-sector-publico.jpg\" \/>\n\t<meta property=\"og:image:width\" content=\"2000\" \/>\n\t<meta property=\"og:image:height\" content=\"2000\" \/>\n\t<meta property=\"og:image:type\" content=\"image\/jpeg\" \/>\n<meta name=\"author\" content=\"fmsb\" \/>\n<meta name=\"twitter:card\" content=\"summary_large_image\" \/>\n<meta name=\"twitter:creator\" content=\"@fmsb-disstint\" \/>\n<meta name=\"twitter:label1\" content=\"Written by\" \/>\n\t<meta name=\"twitter:data1\" content=\"fmsb\" \/>\n\t<meta name=\"twitter:label2\" content=\"Est. reading time\" \/>\n\t<meta name=\"twitter:data2\" content=\"3 minutes\" \/>\n<script type=\"application\/ld+json\" class=\"yoast-schema-graph\">{\"@context\":\"https:\\\/\\\/schema.org\",\"@graph\":[{\"@type\":\"Article\",\"@id\":\"https:\\\/\\\/fmsb.eu\\\/en\\\/2024\\\/02\\\/26\\\/tjue-fin-abuso-temporalidad-sector-publico\\\/#article\",\"isPartOf\":{\"@id\":\"https:\\\/\\\/fmsb.eu\\\/en\\\/2024\\\/02\\\/26\\\/tjue-fin-abuso-temporalidad-sector-publico\\\/\"},\"author\":{\"name\":\"fmsb\",\"@id\":\"https:\\\/\\\/fmsb.eu\\\/en\\\/#\\\/schema\\\/person\\\/9fba7c70814b0cd34d35d655d36a4ca2\"},\"headline\":\"El TJUE marca el fin del abuso en Espa\u00f1a de la contrataci\u00f3n de trabajadores temporales en el Sector P\u00fablico\",\"datePublished\":\"2024-02-26T11:09:34+00:00\",\"mainEntityOfPage\":{\"@id\":\"https:\\\/\\\/fmsb.eu\\\/en\\\/2024\\\/02\\\/26\\\/tjue-fin-abuso-temporalidad-sector-publico\\\/\"},\"wordCount\":561,\"publisher\":{\"@id\":\"https:\\\/\\\/fmsb.eu\\\/en\\\/#organization\"},\"image\":{\"@id\":\"https:\\\/\\\/fmsb.eu\\\/en\\\/2024\\\/02\\\/26\\\/tjue-fin-abuso-temporalidad-sector-publico\\\/#primaryimage\"},\"thumbnailUrl\":\"https:\\\/\\\/fmsb.eu\\\/wp-content\\\/uploads\\\/2024\\\/02\\\/FMSB-STJUE-22-febrero-2024-asunto-c-5922-temporales-en-el-sector-publico.jpg\",\"keywords\":[\"22 de febrero de 2024\",\"abogados\",\"actualidad fiscal\",\"Administraci\u00f3n\",\"administraciones p\u00fablicas\",\"asesores fiscales\",\"baleares\",\"c-59\\\/22\",\"contrataci\u00f3n temporal\",\"contrato temporal\",\"covid 19\",\"derecho\",\"directiva 1999\\\/70\",\"economistas\",\"el arenal\",\"estabilidad laboral\",\"fiscalistas\",\"fmsb\",\"font mora sainz de baranda\",\"inca\",\"law\",\"lawyers\",\"Manacor\",\"Palma\",\"sector p\u00fablico\",\"stjue\",\"tax advisors\",\"TJUE\",\"trabajadores fijos\",\"trabajadores interinos\",\"trabajadores p\u00fablicos\",\"trabajadores temporales\",\"transformaci\u00f3n\"],\"articleSection\":[\"actualidad\",\"blog\",\"Derecho de la Uni\u00f3n Europea\",\"Derecho Laboral\",\"Home\",\"Uni\u00f3n Europea\"],\"inLanguage\":\"en-US\"},{\"@type\":\"WebPage\",\"@id\":\"https:\\\/\\\/fmsb.eu\\\/en\\\/2024\\\/02\\\/26\\\/tjue-fin-abuso-temporalidad-sector-publico\\\/\",\"url\":\"https:\\\/\\\/fmsb.eu\\\/en\\\/2024\\\/02\\\/26\\\/tjue-fin-abuso-temporalidad-sector-publico\\\/\",\"name\":\"El TJUE marca el fin del abuso en Espa\u00f1a de la contrataci\u00f3n de trabajadores temporales en el Sector P\u00fablico - FMSB Abogados y Economistas en Baleares\",\"isPartOf\":{\"@id\":\"https:\\\/\\\/fmsb.eu\\\/en\\\/#website\"},\"primaryImageOfPage\":{\"@id\":\"https:\\\/\\\/fmsb.eu\\\/en\\\/2024\\\/02\\\/26\\\/tjue-fin-abuso-temporalidad-sector-publico\\\/#primaryimage\"},\"image\":{\"@id\":\"https:\\\/\\\/fmsb.eu\\\/en\\\/2024\\\/02\\\/26\\\/tjue-fin-abuso-temporalidad-sector-publico\\\/#primaryimage\"},\"thumbnailUrl\":\"https:\\\/\\\/fmsb.eu\\\/wp-content\\\/uploads\\\/2024\\\/02\\\/FMSB-STJUE-22-febrero-2024-asunto-c-5922-temporales-en-el-sector-publico.jpg\",\"datePublished\":\"2024-02-26T11:09:34+00:00\",\"description\":\"El TJUE marca el fin del abuso en Espa\u00f1a de la contrataci\u00f3n de trabajadores temporales en el Sector P\u00fablico. Se convertir\u00e1n en fijos\",\"breadcrumb\":{\"@id\":\"https:\\\/\\\/fmsb.eu\\\/en\\\/2024\\\/02\\\/26\\\/tjue-fin-abuso-temporalidad-sector-publico\\\/#breadcrumb\"},\"inLanguage\":\"en-US\",\"potentialAction\":[{\"@type\":\"ReadAction\",\"target\":[\"https:\\\/\\\/fmsb.eu\\\/en\\\/2024\\\/02\\\/26\\\/tjue-fin-abuso-temporalidad-sector-publico\\\/\"]}]},{\"@type\":\"ImageObject\",\"inLanguage\":\"en-US\",\"@id\":\"https:\\\/\\\/fmsb.eu\\\/en\\\/2024\\\/02\\\/26\\\/tjue-fin-abuso-temporalidad-sector-publico\\\/#primaryimage\",\"url\":\"https:\\\/\\\/fmsb.eu\\\/wp-content\\\/uploads\\\/2024\\\/02\\\/FMSB-STJUE-22-febrero-2024-asunto-c-5922-temporales-en-el-sector-publico.jpg\",\"contentUrl\":\"https:\\\/\\\/fmsb.eu\\\/wp-content\\\/uploads\\\/2024\\\/02\\\/FMSB-STJUE-22-febrero-2024-asunto-c-5922-temporales-en-el-sector-publico.jpg\",\"width\":2000,\"height\":2000},{\"@type\":\"BreadcrumbList\",\"@id\":\"https:\\\/\\\/fmsb.eu\\\/en\\\/2024\\\/02\\\/26\\\/tjue-fin-abuso-temporalidad-sector-publico\\\/#breadcrumb\",\"itemListElement\":[{\"@type\":\"ListItem\",\"position\":1,\"name\":\"Portada\",\"item\":\"https:\\\/\\\/fmsb.eu\\\/en\\\/\"},{\"@type\":\"ListItem\",\"position\":2,\"name\":\"El TJUE marca el fin del abuso en Espa\u00f1a de la contrataci\u00f3n de trabajadores temporales en el Sector P\u00fablico\"}]},{\"@type\":\"WebSite\",\"@id\":\"https:\\\/\\\/fmsb.eu\\\/en\\\/#website\",\"url\":\"https:\\\/\\\/fmsb.eu\\\/en\\\/\",\"name\":\"FMSB Abogados y Economistas en Baleares\",\"description\":\"\",\"publisher\":{\"@id\":\"https:\\\/\\\/fmsb.eu\\\/en\\\/#organization\"},\"potentialAction\":[{\"@type\":\"SearchAction\",\"target\":{\"@type\":\"EntryPoint\",\"urlTemplate\":\"https:\\\/\\\/fmsb.eu\\\/en\\\/?s={search_term_string}\"},\"query-input\":{\"@type\":\"PropertyValueSpecification\",\"valueRequired\":true,\"valueName\":\"search_term_string\"}}],\"inLanguage\":\"en-US\"},{\"@type\":\"Organization\",\"@id\":\"https:\\\/\\\/fmsb.eu\\\/en\\\/#organization\",\"name\":\"FMSB Abogados y Economistas en Baleares\",\"url\":\"https:\\\/\\\/fmsb.eu\\\/en\\\/\",\"logo\":{\"@type\":\"ImageObject\",\"inLanguage\":\"en-US\",\"@id\":\"https:\\\/\\\/fmsb.eu\\\/en\\\/#\\\/schema\\\/logo\\\/image\\\/\",\"url\":\"https:\\\/\\\/fmsb.eu\\\/wp-content\\\/uploads\\\/2025\\\/02\\\/logo.svg\",\"contentUrl\":\"https:\\\/\\\/fmsb.eu\\\/wp-content\\\/uploads\\\/2025\\\/02\\\/logo.svg\",\"width\":154,\"height\":52,\"caption\":\"FMSB Abogados y Economistas en Baleares\"},\"image\":{\"@id\":\"https:\\\/\\\/fmsb.eu\\\/en\\\/#\\\/schema\\\/logo\\\/image\\\/\"}},{\"@type\":\"Person\",\"@id\":\"https:\\\/\\\/fmsb.eu\\\/en\\\/#\\\/schema\\\/person\\\/9fba7c70814b0cd34d35d655d36a4ca2\",\"name\":\"fmsb\",\"image\":{\"@type\":\"ImageObject\",\"inLanguage\":\"en-US\",\"@id\":\"https:\\\/\\\/secure.gravatar.com\\\/avatar\\\/426f4d5b0ebcace85460caf87cdaaa193694b611e990615d87a13f322fb7ee7f?s=96&d=mm&r=g\",\"url\":\"https:\\\/\\\/secure.gravatar.com\\\/avatar\\\/426f4d5b0ebcace85460caf87cdaaa193694b611e990615d87a13f322fb7ee7f?s=96&d=mm&r=g\",\"contentUrl\":\"https:\\\/\\\/secure.gravatar.com\\\/avatar\\\/426f4d5b0ebcace85460caf87cdaaa193694b611e990615d87a13f322fb7ee7f?s=96&d=mm&r=g\",\"caption\":\"fmsb\"},\"sameAs\":[\"https:\\\/\\\/x.com\\\/fmsb-disstint\"],\"url\":\"https:\\\/\\\/fmsb.eu\\\/en\\\/author\\\/fmsb\\\/\"}]}<\/script>\n<!-- \/ Yoast SEO plugin. -->","yoast_head_json":{"title":"El TJUE marca el fin del abuso en Espa\u00f1a de la contrataci\u00f3n de trabajadores temporales en el Sector P\u00fablico - FMSB Abogados y Economistas en Baleares","description":"El TJUE marca el fin del abuso en Espa\u00f1a de la contrataci\u00f3n de trabajadores temporales en el Sector P\u00fablico. Se convertir\u00e1n en fijos","robots":{"index":"index","follow":"follow","max-snippet":"max-snippet:-1","max-image-preview":"max-image-preview:large","max-video-preview":"max-video-preview:-1"},"canonical":"https:\/\/fmsb.eu\/en\/2024\/02\/26\/tjue-fin-abuso-temporalidad-sector-publico\/","og_locale":"en_US","og_type":"article","og_title":"El TJUE marca el fin del abuso en Espa\u00f1a de la contrataci\u00f3n de trabajadores temporales en el Sector P\u00fablico - FMSB Abogados y Economistas en Baleares","og_description":"El TJUE marca el fin del abuso en Espa\u00f1a de la contrataci\u00f3n de trabajadores temporales en el Sector P\u00fablico. Se convertir\u00e1n en fijos","og_url":"https:\/\/fmsb.eu\/en\/2024\/02\/26\/tjue-fin-abuso-temporalidad-sector-publico\/","og_site_name":"FMSB Abogados y Economistas en Baleares","article_published_time":"2024-02-26T11:09:34+00:00","og_image":[{"width":2000,"height":2000,"url":"https:\/\/fmsb.eu\/wp-content\/uploads\/2024\/02\/FMSB-STJUE-22-febrero-2024-asunto-c-5922-temporales-en-el-sector-publico.jpg","type":"image\/jpeg"}],"author":"fmsb","twitter_card":"summary_large_image","twitter_creator":"@fmsb-disstint","twitter_misc":{"Written by":"fmsb","Est. reading time":"3 minutes"},"schema":{"@context":"https:\/\/schema.org","@graph":[{"@type":"Article","@id":"https:\/\/fmsb.eu\/en\/2024\/02\/26\/tjue-fin-abuso-temporalidad-sector-publico\/#article","isPartOf":{"@id":"https:\/\/fmsb.eu\/en\/2024\/02\/26\/tjue-fin-abuso-temporalidad-sector-publico\/"},"author":{"name":"fmsb","@id":"https:\/\/fmsb.eu\/en\/#\/schema\/person\/9fba7c70814b0cd34d35d655d36a4ca2"},"headline":"El TJUE marca el fin del abuso en Espa\u00f1a de la contrataci\u00f3n de trabajadores temporales en el Sector P\u00fablico","datePublished":"2024-02-26T11:09:34+00:00","mainEntityOfPage":{"@id":"https:\/\/fmsb.eu\/en\/2024\/02\/26\/tjue-fin-abuso-temporalidad-sector-publico\/"},"wordCount":561,"publisher":{"@id":"https:\/\/fmsb.eu\/en\/#organization"},"image":{"@id":"https:\/\/fmsb.eu\/en\/2024\/02\/26\/tjue-fin-abuso-temporalidad-sector-publico\/#primaryimage"},"thumbnailUrl":"https:\/\/fmsb.eu\/wp-content\/uploads\/2024\/02\/FMSB-STJUE-22-febrero-2024-asunto-c-5922-temporales-en-el-sector-publico.jpg","keywords":["22 de febrero de 2024","abogados","actualidad fiscal","Administraci\u00f3n","administraciones p\u00fablicas","asesores fiscales","baleares","c-59\/22","contrataci\u00f3n temporal","contrato temporal","covid 19","derecho","directiva 1999\/70","economistas","el arenal","estabilidad laboral","fiscalistas","fmsb","font mora sainz de baranda","inca","law","lawyers","Manacor","Palma","sector p\u00fablico","stjue","tax advisors","TJUE","trabajadores fijos","trabajadores interinos","trabajadores p\u00fablicos","trabajadores temporales","transformaci\u00f3n"],"articleSection":["actualidad","blog","Derecho de la Uni\u00f3n Europea","Derecho Laboral","Home","Uni\u00f3n Europea"],"inLanguage":"en-US"},{"@type":"WebPage","@id":"https:\/\/fmsb.eu\/en\/2024\/02\/26\/tjue-fin-abuso-temporalidad-sector-publico\/","url":"https:\/\/fmsb.eu\/en\/2024\/02\/26\/tjue-fin-abuso-temporalidad-sector-publico\/","name":"El TJUE marca el fin del abuso en Espa\u00f1a de la contrataci\u00f3n de trabajadores temporales en el Sector P\u00fablico - FMSB Abogados y Economistas en Baleares","isPartOf":{"@id":"https:\/\/fmsb.eu\/en\/#website"},"primaryImageOfPage":{"@id":"https:\/\/fmsb.eu\/en\/2024\/02\/26\/tjue-fin-abuso-temporalidad-sector-publico\/#primaryimage"},"image":{"@id":"https:\/\/fmsb.eu\/en\/2024\/02\/26\/tjue-fin-abuso-temporalidad-sector-publico\/#primaryimage"},"thumbnailUrl":"https:\/\/fmsb.eu\/wp-content\/uploads\/2024\/02\/FMSB-STJUE-22-febrero-2024-asunto-c-5922-temporales-en-el-sector-publico.jpg","datePublished":"2024-02-26T11:09:34+00:00","description":"El TJUE marca el fin del abuso en Espa\u00f1a de la contrataci\u00f3n de trabajadores temporales en el Sector P\u00fablico. Se convertir\u00e1n en fijos","breadcrumb":{"@id":"https:\/\/fmsb.eu\/en\/2024\/02\/26\/tjue-fin-abuso-temporalidad-sector-publico\/#breadcrumb"},"inLanguage":"en-US","potentialAction":[{"@type":"ReadAction","target":["https:\/\/fmsb.eu\/en\/2024\/02\/26\/tjue-fin-abuso-temporalidad-sector-publico\/"]}]},{"@type":"ImageObject","inLanguage":"en-US","@id":"https:\/\/fmsb.eu\/en\/2024\/02\/26\/tjue-fin-abuso-temporalidad-sector-publico\/#primaryimage","url":"https:\/\/fmsb.eu\/wp-content\/uploads\/2024\/02\/FMSB-STJUE-22-febrero-2024-asunto-c-5922-temporales-en-el-sector-publico.jpg","contentUrl":"https:\/\/fmsb.eu\/wp-content\/uploads\/2024\/02\/FMSB-STJUE-22-febrero-2024-asunto-c-5922-temporales-en-el-sector-publico.jpg","width":2000,"height":2000},{"@type":"BreadcrumbList","@id":"https:\/\/fmsb.eu\/en\/2024\/02\/26\/tjue-fin-abuso-temporalidad-sector-publico\/#breadcrumb","itemListElement":[{"@type":"ListItem","position":1,"name":"Portada","item":"https:\/\/fmsb.eu\/en\/"},{"@type":"ListItem","position":2,"name":"El TJUE marca el fin del abuso en Espa\u00f1a de la contrataci\u00f3n de trabajadores temporales en el Sector P\u00fablico"}]},{"@type":"WebSite","@id":"https:\/\/fmsb.eu\/en\/#website","url":"https:\/\/fmsb.eu\/en\/","name":"FMSB Abogados y Economistas en Baleares","description":"","publisher":{"@id":"https:\/\/fmsb.eu\/en\/#organization"},"potentialAction":[{"@type":"SearchAction","target":{"@type":"EntryPoint","urlTemplate":"https:\/\/fmsb.eu\/en\/?s={search_term_string}"},"query-input":{"@type":"PropertyValueSpecification","valueRequired":true,"valueName":"search_term_string"}}],"inLanguage":"en-US"},{"@type":"Organization","@id":"https:\/\/fmsb.eu\/en\/#organization","name":"FMSB Abogados y Economistas en Baleares","url":"https:\/\/fmsb.eu\/en\/","logo":{"@type":"ImageObject","inLanguage":"en-US","@id":"https:\/\/fmsb.eu\/en\/#\/schema\/logo\/image\/","url":"https:\/\/fmsb.eu\/wp-content\/uploads\/2025\/02\/logo.svg","contentUrl":"https:\/\/fmsb.eu\/wp-content\/uploads\/2025\/02\/logo.svg","width":154,"height":52,"caption":"FMSB Abogados y Economistas en Baleares"},"image":{"@id":"https:\/\/fmsb.eu\/en\/#\/schema\/logo\/image\/"}},{"@type":"Person","@id":"https:\/\/fmsb.eu\/en\/#\/schema\/person\/9fba7c70814b0cd34d35d655d36a4ca2","name":"fmsb","image":{"@type":"ImageObject","inLanguage":"en-US","@id":"https:\/\/secure.gravatar.com\/avatar\/426f4d5b0ebcace85460caf87cdaaa193694b611e990615d87a13f322fb7ee7f?s=96&d=mm&r=g","url":"https:\/\/secure.gravatar.com\/avatar\/426f4d5b0ebcace85460caf87cdaaa193694b611e990615d87a13f322fb7ee7f?s=96&d=mm&r=g","contentUrl":"https:\/\/secure.gravatar.com\/avatar\/426f4d5b0ebcace85460caf87cdaaa193694b611e990615d87a13f322fb7ee7f?s=96&d=mm&r=g","caption":"fmsb"},"sameAs":["https:\/\/x.com\/fmsb-disstint"],"url":"https:\/\/fmsb.eu\/en\/author\/fmsb\/"}]}},"_links":{"self":[{"href":"https:\/\/fmsb.eu\/en\/wp-json\/wp\/v2\/posts\/11010","targetHints":{"allow":["GET"]}}],"collection":[{"href":"https:\/\/fmsb.eu\/en\/wp-json\/wp\/v2\/posts"}],"about":[{"href":"https:\/\/fmsb.eu\/en\/wp-json\/wp\/v2\/types\/post"}],"author":[{"embeddable":true,"href":"https:\/\/fmsb.eu\/en\/wp-json\/wp\/v2\/users\/2"}],"replies":[{"embeddable":true,"href":"https:\/\/fmsb.eu\/en\/wp-json\/wp\/v2\/comments?post=11010"}],"version-history":[{"count":0,"href":"https:\/\/fmsb.eu\/en\/wp-json\/wp\/v2\/posts\/11010\/revisions"}],"wp:featuredmedia":[{"embeddable":true,"href":"https:\/\/fmsb.eu\/en\/wp-json\/wp\/v2\/media\/10374"}],"wp:attachment":[{"href":"https:\/\/fmsb.eu\/en\/wp-json\/wp\/v2\/media?parent=11010"}],"wp:term":[{"taxonomy":"category","embeddable":true,"href":"https:\/\/fmsb.eu\/en\/wp-json\/wp\/v2\/categories?post=11010"},{"taxonomy":"post_tag","embeddable":true,"href":"https:\/\/fmsb.eu\/en\/wp-json\/wp\/v2\/tags?post=11010"}],"curies":[{"name":"wp","href":"https:\/\/api.w.org\/{rel}","templated":true}]}}