{"id":11014,"date":"2024-02-16T10:49:53","date_gmt":"2024-02-16T09:49:53","guid":{"rendered":"http:\/\/fmsb.disstintbeta.com\/2024\/02\/16\/demanda-contra-redes-sociales-y-plataformas-salud-mental-jovenes\/"},"modified":"2024-02-16T10:49:53","modified_gmt":"2024-02-16T09:49:53","slug":"demanda-contra-redes-sociales-y-plataformas-salud-mental-jovenes","status":"publish","type":"post","link":"https:\/\/fmsb.eu\/en\/2024\/02\/16\/demanda-contra-redes-sociales-y-plataformas-salud-mental-jovenes\/","title":{"rendered":"Demanda contra redes sociales y plataformas por afectar a la salud mental de los j\u00f3venes"},"content":{"rendered":"<p><a href=\"http:\/\/fmsb.disstintbeta.com\/wp-content\/uploads\/2024\/02\/1.jpg\"><img fetchpriority=\"high\" decoding=\"async\" class=\"alignnone wp-image-7629\" src=\"http:\/\/fmsb.disstintbeta.com\/wp-content\/uploads\/2024\/02\/1.jpg\" alt=\"\" width=\"800\" height=\"800\" srcset=\"https:\/\/font-mora-sainz-baranda.fra1.digitaloceanspaces.com\/wp-content\/uploads\/2024\/02\/1.jpg 2000w, https:\/\/font-mora-sainz-baranda.fra1.digitaloceanspaces.com\/wp-content\/uploads\/2024\/02\/1-300x300.jpg 300w, https:\/\/font-mora-sainz-baranda.fra1.digitaloceanspaces.com\/wp-content\/uploads\/2024\/02\/1-1024x1024.jpg 1024w, https:\/\/font-mora-sainz-baranda.fra1.digitaloceanspaces.com\/wp-content\/uploads\/2024\/02\/1-150x150.jpg 150w, https:\/\/font-mora-sainz-baranda.fra1.digitaloceanspaces.com\/wp-content\/uploads\/2024\/02\/1-768x768.jpg 768w, https:\/\/font-mora-sainz-baranda.fra1.digitaloceanspaces.com\/wp-content\/uploads\/2024\/02\/1-1536x1536.jpg 1536w\" sizes=\"(max-width: 800px) 100vw, 800px\" \/><\/a><\/p>\n<h1><span style=\"color: #808080;\"><strong>Demanda contra Instagram, TikTok, Snapchat, Facebook y Youtube por afectar a la salud mental de los j\u00f3venes<\/strong><\/span><\/h1>\n<h2><strong><span style=\"color: #808080;\">La demanda y sus antecedentes<\/span><\/strong><\/h2>\n<p>La ciudad de Nueva York present\u00f3 el pasado 14 de febrero una demanda, que se puede consultar en formato pdf haciendo clic <span style=\"color: #808080;\"><a style=\"color: #808080;\" href=\"http:\/\/fmsb.disstintbeta.com\/wp-content\/uploads\/2024\/02\/2024-02-14-City-of-New-York-Complaint-021424.pdf\"><strong><u>aqu<\/u><\/strong><\/a><\/span><u><span style=\"color: #808080;\"><strong>\u00ed<\/strong><\/span>,<\/u>\u00a0 contra las empresas propietarias de cinco de las principales plataformas de redes sociales, como <em>TikTok, Instagram, Facebook, Snapchat<\/em> y <em>Youtube,<\/em> por considerar que est\u00e1n fomentando una \u201c<em>crisis de salud mental juvenil<\/em>\u201d en todo Estados Unidos.<\/p>\n<p>La demanda ha sido presentada ante el <strong>Tribunal Supremo de California<\/strong>, por ser donde tienen sede la mayor\u00eda de las empresas tecnol\u00f3gicas que dirigen las citadas redes.<\/p>\n<p>Esta acci\u00f3n judicial no es la primera en este sentido, pues ya en octubre de 2023 se interpuso una demanda colectiva por parte de 41 estados contra Meta, propietaria de <em>Facebook<\/em> e <em>Instagram,<\/em> en la que se consideraba que dichas redes da\u00f1aban la salud mental de los j\u00f3venes<strong>.<\/strong><\/p>\n<h2><span style=\"color: #808080;\"><strong>La acci\u00f3n judicial ejercida<\/strong><\/span><\/h2>\n<p>Veremos brevemente en qu\u00e9 consisten estas acciones judiciales y lo que pretenden, siempre teniendo en cuenta que se est\u00e1n fundamentadas en cuestiones de derecho anglosaj\u00f3n que son bastante diferentes del derecho continental propio de nuestro entorno.<\/p>\n<p>El gobierno de la ciudad de Nueva York expone y argumenta en la demanda que \u201c<em>la conducta intencional y la negligencia<\/em>\u201d de las empresas demandadas es un \u201c<em>factor sustancial para alimentar una crisis de salud mental<\/em>\u201d entre ni\u00f1os y adolescentes, por considerar que utilizan algoritmos y mecanismos en el dise\u00f1o de sus aplicaciones similares a los juegos de azar, que fomentan su uso compulsivo. Adem\u00e1s, acusa a estas redes de aprovechar la necesidad de reciprocidad social que suele caracterizar a los j\u00f3venes para \u201c<em>manipularlos y perpetuar su participaci\u00f3n\u00a0online<\/em>\u201d.<\/p>\n<p>En tal sentido, se considera que estas acciones que atribuyen a estas plataformas, provocan una molestia p\u00fablica por originar a las escuelas, a los hospitales p\u00fablicos, y a las comunidades un\u00a0gasto de m\u00e1s de 100 millones de d\u00f3lares al a\u00f1o\u00a0en programas y servicios de apoyo a la salud mental de la poblaci\u00f3n joven.<\/p>\n<h2><span style=\"color: #808080;\"><strong>Qu\u00e9 se reclama<\/strong><\/span><\/h2>\n<p>La demanda reclama que se declare que las actividades de estas redes sociales se consideren una \u201c<em>alteraci\u00f3n del orden p\u00fablico<\/em>\u201d y que se acuerde:<\/p>\n<ul>\n<li>Que la conducta alegada constituye una alteraci\u00f3n del orden p\u00fablico<\/li>\n<li>Ordenar que los demandados sean responsables solidarios;<\/li>\n<li>Ordenando a los demandados que reduzcan la alteraci\u00f3n del orden p\u00fablico aqu\u00ed descrita. disuadir y\/o prevenir la reanudaci\u00f3n de tales molestias;<\/li>\n<li>Concesi\u00f3n de compensaciones equitativas para financiar la educaci\u00f3n preventiva y el tratamiento de la salud mental<\/li>\n<li>Indemnizaci\u00f3n por da\u00f1os y perjuicios;<\/li>\n<li>Concesi\u00f3n de da\u00f1os punitivos;<\/li>\n<li>Adjudicaci\u00f3n de honorarios razonables de abogados y costas procesales Concesi\u00f3n de intereses previos y posteriores a la sentencia; y<\/li>\n<li>Cualquier otra reparaci\u00f3n que el Tribunal considere justa y adecuada en virtud de las circunstancias<\/li>\n<\/ul>\n<h2><span style=\"color: #808080;\"><strong>X, antigua Twitter, excluida de la reclamaci\u00f3n<\/strong><\/span><\/h2>\n<p>La demanda no incluye a otras plataformas como X, anteriormente conocida como <em>Twitter,<\/em> al parecer porque consideran que no es tan popular entre los j\u00f3venes.<\/p>\n<h2><span style=\"color: #808080;\"><strong>Primeras reacciones<br \/>\n<\/strong><\/span><\/h2>\n<p>Seg\u00fan los medios norteamericanos, las plataformas han manifestado que cuentan con pol\u00edticas y medidas para reforzar la seguridad de sus usuarios, as\u00ed como que fomentan que tengan experiencias en l\u00ednea seguras y apropiadas para su edad, con herramientas y funciones para ayudar a los usuarios j\u00f3venes y sus padres.<\/p>\n<h2><strong><span style=\"color: #808080;\">El debate sobre el uso de las redes y la responsabilidad de las mismas<\/span><\/strong><\/h2>\n<p>Se trata, por tanto, de una acci\u00f3n novedosa, aunque no excepcional pues, como hemos comentado, va en l\u00ednea similar a otras ya iniciadas a finales de 2023, y que -al menos por el momento- debe entenderse circunscrita al sistema jur\u00eddico anglosaj\u00f3n, pero que abre un interesante debate tanto jur\u00eddico como social respecto a las redes sociales.<\/p>\n<p>&nbsp;<\/p>\n<p><a href=\"http:\/\/fmsb.disstintbeta.com\/wp-content\/uploads\/2024\/02\/2.jpg\"><img decoding=\"async\" class=\"alignnone wp-image-7632\" src=\"http:\/\/fmsb.disstintbeta.com\/wp-content\/uploads\/2024\/02\/2.jpg\" alt=\"\" width=\"600\" height=\"600\" srcset=\"https:\/\/font-mora-sainz-baranda.fra1.digitaloceanspaces.com\/wp-content\/uploads\/2024\/02\/2.jpg 2000w, https:\/\/font-mora-sainz-baranda.fra1.digitaloceanspaces.com\/wp-content\/uploads\/2024\/02\/2-300x300.jpg 300w, https:\/\/font-mora-sainz-baranda.fra1.digitaloceanspaces.com\/wp-content\/uploads\/2024\/02\/2-1024x1024.jpg 1024w, https:\/\/font-mora-sainz-baranda.fra1.digitaloceanspaces.com\/wp-content\/uploads\/2024\/02\/2-150x150.jpg 150w, https:\/\/font-mora-sainz-baranda.fra1.digitaloceanspaces.com\/wp-content\/uploads\/2024\/02\/2-768x768.jpg 768w, https:\/\/font-mora-sainz-baranda.fra1.digitaloceanspaces.com\/wp-content\/uploads\/2024\/02\/2-1536x1536.jpg 1536w\" sizes=\"(max-width: 600px) 100vw, 600px\" \/><\/a><\/p>\n<p><a href=\"https:\/\/www.fmsb.eu\/jose-yanez-gomez\/\"><strong>Jos\u00e9 Ya\u00f1ez<\/strong><\/a><\/p>\n<p>Abogado socio de FMSB<\/p>\n<h1><span style=\"color: #ffffff;\">&#8211;<\/span><\/h1>\n<h2><span style=\"color: #808080;\"><strong>En Font Mora Sainz de Baranda <\/strong>&#8211;<em>abogados y economistas<\/em>&#8211;<\/span><strong><span style=\"color: #808080;\"> podemos ayudarte<\/span><br \/>\n<\/strong><\/h2>\n<p>Recuerde que en <a href=\"http:\/\/www.fmsb.eu\"><strong>Font Mora Sainz de Baranda<\/strong> &#8211;<em>abogados y economistas<\/em>&#8211;<\/a> contamos con un equipo multidisciplinar de abogados y economistas para ofrecerle el asesoramiento que usted necesita. Pida cita con nosotros<\/p>\n<hr \/>\n<p><span style=\"color: #999999;\">#fmsb #fontmorasainzdebaranda #abogados #economistas #derecho #civil #da\u00f1os #demanda #redessociales #redes #plataformas #indemnizaci\u00f3n #responsabilidad #garant\u00eda #baleares #mallorca #menorca #ibiza #elarenal #portdandratx #manacor #inca #palma #law #lawyers #solicitors<br \/>\n<\/span><\/p>\n","protected":false},"excerpt":{"rendered":"<p>Demanda contra Instagram, TikTok, Snapchat, Facebook y Youtube por afectar a la salud mental de los j\u00f3venes La demanda y sus antecedentes La ciudad de Nueva York present\u00f3 el pasado 14 de febrero una demanda, que se puede consultar en formato pdf haciendo clic aqu\u00ed,\u00a0 contra las empresas propietarias de cinco de las principales plataformas [&hellip;]<\/p>\n","protected":false},"author":2,"featured_media":10364,"comment_status":"closed","ping_status":"open","sticky":false,"template":"","format":"standard","meta":{"footnotes":""},"categories":[2148,2149,3346,2406,2150,2770,2152,2520],"tags":[2156,2409,2158,3347,2416,3147,3349,3350,2166,2425,2168,2169,3351,2173,2174,3352,3353,2175,2899,3354,2178,2179,2181,2182,2184,3355,3356,2286,3358,2186,2190,2382,2191,2821,2297,3360,3361,3362,3363,2193,3364,3365,2448,3366,3367],"class_list":["post-11014","post","type-post","status-publish","format-standard","has-post-thumbnail","hentry","category-actualidad-en","category-blog-en-2","category-clientes-en","category-consumidores-y-usuarios-en","category-derecho-civil-en","category-derecho-de-danos-en","category-home-en-2","category-responsabilidad-civil-en","tag-abogados-en","tag-accion-en","tag-baleares-en","tag-california-en","tag-codigo-civil-en","tag-compraventa-en","tag-danos-punitivos-en","tag-danos-y-perjuicios-en","tag-derecho-en","tag-derecho-civil-en","tag-economistas-en","tag-el-arenal-en","tag-facebook-en","tag-fmsb-en","tag-font-mora-sainz-de-baranda-en","tag-garantia-en","tag-honorarios-en","tag-ibiza-en-2","tag-inca-en","tag-instagram-en","tag-law-en-2","tag-lawyers-en-2","tag-mallorca-en-2","tag-manacor-en","tag-menorca-en-2","tag-meta-en","tag-nueva-york-en","tag-palma-en","tag-plataformas-en","tag-port-dandratx-en","tag-puerto-de-andratx-en","tag-redes-sociales-en","tag-reparacion-en","tag-responsabilidad-en","tag-responsabilidad-solidaria-en","tag-salud-en","tag-salud-mental-en","tag-seguridad-en","tag-snapchat-en","tag-solicitors-en","tag-tik-tok-en","tag-tiktok-en","tag-tribunal-supremo-en","tag-twitter-en","tag-youtube-en"],"yoast_head":"<!-- This site is optimized with the Yoast SEO plugin v27.3 - https:\/\/yoast.com\/product\/yoast-seo-wordpress\/ -->\n<title>Demanda contra redes sociales y plataformas por afectar a la salud mental de los j\u00f3venes - FMSB Abogados y Economistas en Baleares<\/title>\n<meta name=\"description\" content=\"Demandan a redes sociales y plataformas (Instagram, TikTok, Snapchat, Facebook y Youtube) por afectar a la salud mental de los j\u00f3venes\" \/>\n<meta name=\"robots\" content=\"index, follow, max-snippet:-1, max-image-preview:large, max-video-preview:-1\" \/>\n<link rel=\"canonical\" href=\"https:\/\/fmsb.eu\/en\/2024\/02\/16\/demanda-contra-redes-sociales-y-plataformas-salud-mental-jovenes\/\" \/>\n<meta property=\"og:locale\" content=\"en_US\" \/>\n<meta property=\"og:type\" content=\"article\" \/>\n<meta property=\"og:title\" content=\"Demanda contra redes sociales y plataformas por afectar a la salud mental de los j\u00f3venes - FMSB Abogados y Economistas en Baleares\" \/>\n<meta property=\"og:description\" content=\"Demandan a redes sociales y plataformas (Instagram, TikTok, Snapchat, Facebook y Youtube) por afectar a la salud mental de los j\u00f3venes\" \/>\n<meta property=\"og:url\" content=\"https:\/\/fmsb.eu\/en\/2024\/02\/16\/demanda-contra-redes-sociales-y-plataformas-salud-mental-jovenes\/\" \/>\n<meta property=\"og:site_name\" content=\"FMSB Abogados y Economistas en Baleares\" \/>\n<meta property=\"article:published_time\" content=\"2024-02-16T09:49:53+00:00\" \/>\n<meta property=\"og:image\" content=\"https:\/\/fmsb.eu\/wp-content\/uploads\/2024\/02\/1.jpg\" \/>\n\t<meta property=\"og:image:width\" content=\"2000\" \/>\n\t<meta property=\"og:image:height\" content=\"2000\" \/>\n\t<meta property=\"og:image:type\" content=\"image\/jpeg\" \/>\n<meta name=\"author\" content=\"fmsb\" \/>\n<meta name=\"twitter:card\" content=\"summary_large_image\" \/>\n<meta name=\"twitter:creator\" content=\"@fmsb-disstint\" \/>\n<meta name=\"twitter:label1\" content=\"Written by\" \/>\n\t<meta name=\"twitter:data1\" content=\"fmsb\" \/>\n\t<meta name=\"twitter:label2\" content=\"Est. reading time\" \/>\n\t<meta name=\"twitter:data2\" content=\"4 minutes\" \/>\n<script type=\"application\/ld+json\" class=\"yoast-schema-graph\">{\"@context\":\"https:\\\/\\\/schema.org\",\"@graph\":[{\"@type\":\"Article\",\"@id\":\"https:\\\/\\\/fmsb.eu\\\/en\\\/2024\\\/02\\\/16\\\/demanda-contra-redes-sociales-y-plataformas-salud-mental-jovenes\\\/#article\",\"isPartOf\":{\"@id\":\"https:\\\/\\\/fmsb.eu\\\/en\\\/2024\\\/02\\\/16\\\/demanda-contra-redes-sociales-y-plataformas-salud-mental-jovenes\\\/\"},\"author\":{\"name\":\"fmsb\",\"@id\":\"https:\\\/\\\/fmsb.eu\\\/en\\\/#\\\/schema\\\/person\\\/9fba7c70814b0cd34d35d655d36a4ca2\"},\"headline\":\"Demanda contra redes sociales y plataformas por afectar a la salud mental de los j\u00f3venes\",\"datePublished\":\"2024-02-16T09:49:53+00:00\",\"mainEntityOfPage\":{\"@id\":\"https:\\\/\\\/fmsb.eu\\\/en\\\/2024\\\/02\\\/16\\\/demanda-contra-redes-sociales-y-plataformas-salud-mental-jovenes\\\/\"},\"wordCount\":756,\"publisher\":{\"@id\":\"https:\\\/\\\/fmsb.eu\\\/en\\\/#organization\"},\"image\":{\"@id\":\"https:\\\/\\\/fmsb.eu\\\/en\\\/2024\\\/02\\\/16\\\/demanda-contra-redes-sociales-y-plataformas-salud-mental-jovenes\\\/#primaryimage\"},\"thumbnailUrl\":\"https:\\\/\\\/fmsb.eu\\\/wp-content\\\/uploads\\\/2024\\\/02\\\/1.jpg\",\"keywords\":[\"abogados\",\"acci\u00f3n\",\"baleares\",\"california\",\"c\u00f3digo civil\",\"compraventa\",\"da\u00f1os punitivos\",\"da\u00f1os y perjuicios\",\"derecho\",\"Derecho Civil\",\"economistas\",\"el arenal\",\"facebook\",\"fmsb\",\"font mora sainz de baranda\",\"garant\u00eda\",\"honorarios\",\"ibiza\",\"inca\",\"instagram\",\"law\",\"lawyers\",\"mallorca\",\"Manacor\",\"menorca\",\"meta\",\"nueva york\",\"Palma\",\"plataformas\",\"port d&#8217;andratx\",\"puerto de andratx\",\"redes sociales\",\"reparaci\u00f3n\",\"responsabilidad\",\"responsabilidad solidaria\",\"salud\",\"salud mental\",\"seguridad\",\"snapchat\",\"solicitors\",\"tik tok\",\"tiktok\",\"Tribunal Supremo\",\"Twitter\",\"youtube\"],\"articleSection\":[\"actualidad\",\"blog\",\"clientes\",\"Consumidores y Usuarios\",\"Derecho Civil\",\"derecho de da\u00f1os\",\"Home\",\"responsabilidad civil\"],\"inLanguage\":\"en-US\"},{\"@type\":\"WebPage\",\"@id\":\"https:\\\/\\\/fmsb.eu\\\/en\\\/2024\\\/02\\\/16\\\/demanda-contra-redes-sociales-y-plataformas-salud-mental-jovenes\\\/\",\"url\":\"https:\\\/\\\/fmsb.eu\\\/en\\\/2024\\\/02\\\/16\\\/demanda-contra-redes-sociales-y-plataformas-salud-mental-jovenes\\\/\",\"name\":\"Demanda contra redes sociales y plataformas por afectar a la salud mental de los j\u00f3venes - FMSB Abogados y Economistas en Baleares\",\"isPartOf\":{\"@id\":\"https:\\\/\\\/fmsb.eu\\\/en\\\/#website\"},\"primaryImageOfPage\":{\"@id\":\"https:\\\/\\\/fmsb.eu\\\/en\\\/2024\\\/02\\\/16\\\/demanda-contra-redes-sociales-y-plataformas-salud-mental-jovenes\\\/#primaryimage\"},\"image\":{\"@id\":\"https:\\\/\\\/fmsb.eu\\\/en\\\/2024\\\/02\\\/16\\\/demanda-contra-redes-sociales-y-plataformas-salud-mental-jovenes\\\/#primaryimage\"},\"thumbnailUrl\":\"https:\\\/\\\/fmsb.eu\\\/wp-content\\\/uploads\\\/2024\\\/02\\\/1.jpg\",\"datePublished\":\"2024-02-16T09:49:53+00:00\",\"description\":\"Demandan a redes sociales y plataformas (Instagram, TikTok, Snapchat, Facebook y Youtube) por afectar a la salud mental de los j\u00f3venes\",\"breadcrumb\":{\"@id\":\"https:\\\/\\\/fmsb.eu\\\/en\\\/2024\\\/02\\\/16\\\/demanda-contra-redes-sociales-y-plataformas-salud-mental-jovenes\\\/#breadcrumb\"},\"inLanguage\":\"en-US\",\"potentialAction\":[{\"@type\":\"ReadAction\",\"target\":[\"https:\\\/\\\/fmsb.eu\\\/en\\\/2024\\\/02\\\/16\\\/demanda-contra-redes-sociales-y-plataformas-salud-mental-jovenes\\\/\"]}]},{\"@type\":\"ImageObject\",\"inLanguage\":\"en-US\",\"@id\":\"https:\\\/\\\/fmsb.eu\\\/en\\\/2024\\\/02\\\/16\\\/demanda-contra-redes-sociales-y-plataformas-salud-mental-jovenes\\\/#primaryimage\",\"url\":\"https:\\\/\\\/fmsb.eu\\\/wp-content\\\/uploads\\\/2024\\\/02\\\/1.jpg\",\"contentUrl\":\"https:\\\/\\\/fmsb.eu\\\/wp-content\\\/uploads\\\/2024\\\/02\\\/1.jpg\",\"width\":2000,\"height\":2000},{\"@type\":\"BreadcrumbList\",\"@id\":\"https:\\\/\\\/fmsb.eu\\\/en\\\/2024\\\/02\\\/16\\\/demanda-contra-redes-sociales-y-plataformas-salud-mental-jovenes\\\/#breadcrumb\",\"itemListElement\":[{\"@type\":\"ListItem\",\"position\":1,\"name\":\"Portada\",\"item\":\"https:\\\/\\\/fmsb.eu\\\/en\\\/\"},{\"@type\":\"ListItem\",\"position\":2,\"name\":\"Demanda contra redes sociales y plataformas por afectar a la salud mental de los j\u00f3venes\"}]},{\"@type\":\"WebSite\",\"@id\":\"https:\\\/\\\/fmsb.eu\\\/en\\\/#website\",\"url\":\"https:\\\/\\\/fmsb.eu\\\/en\\\/\",\"name\":\"FMSB Abogados y Economistas en Baleares\",\"description\":\"\",\"publisher\":{\"@id\":\"https:\\\/\\\/fmsb.eu\\\/en\\\/#organization\"},\"potentialAction\":[{\"@type\":\"SearchAction\",\"target\":{\"@type\":\"EntryPoint\",\"urlTemplate\":\"https:\\\/\\\/fmsb.eu\\\/en\\\/?s={search_term_string}\"},\"query-input\":{\"@type\":\"PropertyValueSpecification\",\"valueRequired\":true,\"valueName\":\"search_term_string\"}}],\"inLanguage\":\"en-US\"},{\"@type\":\"Organization\",\"@id\":\"https:\\\/\\\/fmsb.eu\\\/en\\\/#organization\",\"name\":\"FMSB Abogados y Economistas en Baleares\",\"url\":\"https:\\\/\\\/fmsb.eu\\\/en\\\/\",\"logo\":{\"@type\":\"ImageObject\",\"inLanguage\":\"en-US\",\"@id\":\"https:\\\/\\\/fmsb.eu\\\/en\\\/#\\\/schema\\\/logo\\\/image\\\/\",\"url\":\"https:\\\/\\\/fmsb.eu\\\/wp-content\\\/uploads\\\/2025\\\/02\\\/logo.svg\",\"contentUrl\":\"https:\\\/\\\/fmsb.eu\\\/wp-content\\\/uploads\\\/2025\\\/02\\\/logo.svg\",\"width\":154,\"height\":52,\"caption\":\"FMSB Abogados y Economistas en Baleares\"},\"image\":{\"@id\":\"https:\\\/\\\/fmsb.eu\\\/en\\\/#\\\/schema\\\/logo\\\/image\\\/\"}},{\"@type\":\"Person\",\"@id\":\"https:\\\/\\\/fmsb.eu\\\/en\\\/#\\\/schema\\\/person\\\/9fba7c70814b0cd34d35d655d36a4ca2\",\"name\":\"fmsb\",\"image\":{\"@type\":\"ImageObject\",\"inLanguage\":\"en-US\",\"@id\":\"https:\\\/\\\/secure.gravatar.com\\\/avatar\\\/426f4d5b0ebcace85460caf87cdaaa193694b611e990615d87a13f322fb7ee7f?s=96&d=mm&r=g\",\"url\":\"https:\\\/\\\/secure.gravatar.com\\\/avatar\\\/426f4d5b0ebcace85460caf87cdaaa193694b611e990615d87a13f322fb7ee7f?s=96&d=mm&r=g\",\"contentUrl\":\"https:\\\/\\\/secure.gravatar.com\\\/avatar\\\/426f4d5b0ebcace85460caf87cdaaa193694b611e990615d87a13f322fb7ee7f?s=96&d=mm&r=g\",\"caption\":\"fmsb\"},\"sameAs\":[\"https:\\\/\\\/x.com\\\/fmsb-disstint\"],\"url\":\"https:\\\/\\\/fmsb.eu\\\/en\\\/author\\\/fmsb\\\/\"}]}<\/script>\n<!-- \/ Yoast SEO plugin. -->","yoast_head_json":{"title":"Demanda contra redes sociales y plataformas por afectar a la salud mental de los j\u00f3venes - FMSB Abogados y Economistas en Baleares","description":"Demandan a redes sociales y plataformas (Instagram, TikTok, Snapchat, Facebook y Youtube) por afectar a la salud mental de los j\u00f3venes","robots":{"index":"index","follow":"follow","max-snippet":"max-snippet:-1","max-image-preview":"max-image-preview:large","max-video-preview":"max-video-preview:-1"},"canonical":"https:\/\/fmsb.eu\/en\/2024\/02\/16\/demanda-contra-redes-sociales-y-plataformas-salud-mental-jovenes\/","og_locale":"en_US","og_type":"article","og_title":"Demanda contra redes sociales y plataformas por afectar a la salud mental de los j\u00f3venes - FMSB Abogados y Economistas en Baleares","og_description":"Demandan a redes sociales y plataformas (Instagram, TikTok, Snapchat, Facebook y Youtube) por afectar a la salud mental de los j\u00f3venes","og_url":"https:\/\/fmsb.eu\/en\/2024\/02\/16\/demanda-contra-redes-sociales-y-plataformas-salud-mental-jovenes\/","og_site_name":"FMSB Abogados y Economistas en Baleares","article_published_time":"2024-02-16T09:49:53+00:00","og_image":[{"width":2000,"height":2000,"url":"https:\/\/fmsb.eu\/wp-content\/uploads\/2024\/02\/1.jpg","type":"image\/jpeg"}],"author":"fmsb","twitter_card":"summary_large_image","twitter_creator":"@fmsb-disstint","twitter_misc":{"Written by":"fmsb","Est. reading time":"4 minutes"},"schema":{"@context":"https:\/\/schema.org","@graph":[{"@type":"Article","@id":"https:\/\/fmsb.eu\/en\/2024\/02\/16\/demanda-contra-redes-sociales-y-plataformas-salud-mental-jovenes\/#article","isPartOf":{"@id":"https:\/\/fmsb.eu\/en\/2024\/02\/16\/demanda-contra-redes-sociales-y-plataformas-salud-mental-jovenes\/"},"author":{"name":"fmsb","@id":"https:\/\/fmsb.eu\/en\/#\/schema\/person\/9fba7c70814b0cd34d35d655d36a4ca2"},"headline":"Demanda contra redes sociales y plataformas por afectar a la salud mental de los j\u00f3venes","datePublished":"2024-02-16T09:49:53+00:00","mainEntityOfPage":{"@id":"https:\/\/fmsb.eu\/en\/2024\/02\/16\/demanda-contra-redes-sociales-y-plataformas-salud-mental-jovenes\/"},"wordCount":756,"publisher":{"@id":"https:\/\/fmsb.eu\/en\/#organization"},"image":{"@id":"https:\/\/fmsb.eu\/en\/2024\/02\/16\/demanda-contra-redes-sociales-y-plataformas-salud-mental-jovenes\/#primaryimage"},"thumbnailUrl":"https:\/\/fmsb.eu\/wp-content\/uploads\/2024\/02\/1.jpg","keywords":["abogados","acci\u00f3n","baleares","california","c\u00f3digo civil","compraventa","da\u00f1os punitivos","da\u00f1os y perjuicios","derecho","Derecho Civil","economistas","el arenal","facebook","fmsb","font mora sainz de baranda","garant\u00eda","honorarios","ibiza","inca","instagram","law","lawyers","mallorca","Manacor","menorca","meta","nueva york","Palma","plataformas","port d&#8217;andratx","puerto de andratx","redes sociales","reparaci\u00f3n","responsabilidad","responsabilidad solidaria","salud","salud mental","seguridad","snapchat","solicitors","tik tok","tiktok","Tribunal Supremo","Twitter","youtube"],"articleSection":["actualidad","blog","clientes","Consumidores y Usuarios","Derecho Civil","derecho de da\u00f1os","Home","responsabilidad civil"],"inLanguage":"en-US"},{"@type":"WebPage","@id":"https:\/\/fmsb.eu\/en\/2024\/02\/16\/demanda-contra-redes-sociales-y-plataformas-salud-mental-jovenes\/","url":"https:\/\/fmsb.eu\/en\/2024\/02\/16\/demanda-contra-redes-sociales-y-plataformas-salud-mental-jovenes\/","name":"Demanda contra redes sociales y plataformas por afectar a la salud mental de los j\u00f3venes - FMSB Abogados y Economistas en Baleares","isPartOf":{"@id":"https:\/\/fmsb.eu\/en\/#website"},"primaryImageOfPage":{"@id":"https:\/\/fmsb.eu\/en\/2024\/02\/16\/demanda-contra-redes-sociales-y-plataformas-salud-mental-jovenes\/#primaryimage"},"image":{"@id":"https:\/\/fmsb.eu\/en\/2024\/02\/16\/demanda-contra-redes-sociales-y-plataformas-salud-mental-jovenes\/#primaryimage"},"thumbnailUrl":"https:\/\/fmsb.eu\/wp-content\/uploads\/2024\/02\/1.jpg","datePublished":"2024-02-16T09:49:53+00:00","description":"Demandan a redes sociales y plataformas (Instagram, TikTok, Snapchat, Facebook y Youtube) por afectar a la salud mental de los j\u00f3venes","breadcrumb":{"@id":"https:\/\/fmsb.eu\/en\/2024\/02\/16\/demanda-contra-redes-sociales-y-plataformas-salud-mental-jovenes\/#breadcrumb"},"inLanguage":"en-US","potentialAction":[{"@type":"ReadAction","target":["https:\/\/fmsb.eu\/en\/2024\/02\/16\/demanda-contra-redes-sociales-y-plataformas-salud-mental-jovenes\/"]}]},{"@type":"ImageObject","inLanguage":"en-US","@id":"https:\/\/fmsb.eu\/en\/2024\/02\/16\/demanda-contra-redes-sociales-y-plataformas-salud-mental-jovenes\/#primaryimage","url":"https:\/\/fmsb.eu\/wp-content\/uploads\/2024\/02\/1.jpg","contentUrl":"https:\/\/fmsb.eu\/wp-content\/uploads\/2024\/02\/1.jpg","width":2000,"height":2000},{"@type":"BreadcrumbList","@id":"https:\/\/fmsb.eu\/en\/2024\/02\/16\/demanda-contra-redes-sociales-y-plataformas-salud-mental-jovenes\/#breadcrumb","itemListElement":[{"@type":"ListItem","position":1,"name":"Portada","item":"https:\/\/fmsb.eu\/en\/"},{"@type":"ListItem","position":2,"name":"Demanda contra redes sociales y plataformas por afectar a la salud mental de los j\u00f3venes"}]},{"@type":"WebSite","@id":"https:\/\/fmsb.eu\/en\/#website","url":"https:\/\/fmsb.eu\/en\/","name":"FMSB Abogados y Economistas en Baleares","description":"","publisher":{"@id":"https:\/\/fmsb.eu\/en\/#organization"},"potentialAction":[{"@type":"SearchAction","target":{"@type":"EntryPoint","urlTemplate":"https:\/\/fmsb.eu\/en\/?s={search_term_string}"},"query-input":{"@type":"PropertyValueSpecification","valueRequired":true,"valueName":"search_term_string"}}],"inLanguage":"en-US"},{"@type":"Organization","@id":"https:\/\/fmsb.eu\/en\/#organization","name":"FMSB Abogados y Economistas en Baleares","url":"https:\/\/fmsb.eu\/en\/","logo":{"@type":"ImageObject","inLanguage":"en-US","@id":"https:\/\/fmsb.eu\/en\/#\/schema\/logo\/image\/","url":"https:\/\/fmsb.eu\/wp-content\/uploads\/2025\/02\/logo.svg","contentUrl":"https:\/\/fmsb.eu\/wp-content\/uploads\/2025\/02\/logo.svg","width":154,"height":52,"caption":"FMSB Abogados y Economistas en Baleares"},"image":{"@id":"https:\/\/fmsb.eu\/en\/#\/schema\/logo\/image\/"}},{"@type":"Person","@id":"https:\/\/fmsb.eu\/en\/#\/schema\/person\/9fba7c70814b0cd34d35d655d36a4ca2","name":"fmsb","image":{"@type":"ImageObject","inLanguage":"en-US","@id":"https:\/\/secure.gravatar.com\/avatar\/426f4d5b0ebcace85460caf87cdaaa193694b611e990615d87a13f322fb7ee7f?s=96&d=mm&r=g","url":"https:\/\/secure.gravatar.com\/avatar\/426f4d5b0ebcace85460caf87cdaaa193694b611e990615d87a13f322fb7ee7f?s=96&d=mm&r=g","contentUrl":"https:\/\/secure.gravatar.com\/avatar\/426f4d5b0ebcace85460caf87cdaaa193694b611e990615d87a13f322fb7ee7f?s=96&d=mm&r=g","caption":"fmsb"},"sameAs":["https:\/\/x.com\/fmsb-disstint"],"url":"https:\/\/fmsb.eu\/en\/author\/fmsb\/"}]}},"_links":{"self":[{"href":"https:\/\/fmsb.eu\/en\/wp-json\/wp\/v2\/posts\/11014","targetHints":{"allow":["GET"]}}],"collection":[{"href":"https:\/\/fmsb.eu\/en\/wp-json\/wp\/v2\/posts"}],"about":[{"href":"https:\/\/fmsb.eu\/en\/wp-json\/wp\/v2\/types\/post"}],"author":[{"embeddable":true,"href":"https:\/\/fmsb.eu\/en\/wp-json\/wp\/v2\/users\/2"}],"replies":[{"embeddable":true,"href":"https:\/\/fmsb.eu\/en\/wp-json\/wp\/v2\/comments?post=11014"}],"version-history":[{"count":0,"href":"https:\/\/fmsb.eu\/en\/wp-json\/wp\/v2\/posts\/11014\/revisions"}],"wp:featuredmedia":[{"embeddable":true,"href":"https:\/\/fmsb.eu\/en\/wp-json\/wp\/v2\/media\/10364"}],"wp:attachment":[{"href":"https:\/\/fmsb.eu\/en\/wp-json\/wp\/v2\/media?parent=11014"}],"wp:term":[{"taxonomy":"category","embeddable":true,"href":"https:\/\/fmsb.eu\/en\/wp-json\/wp\/v2\/categories?post=11014"},{"taxonomy":"post_tag","embeddable":true,"href":"https:\/\/fmsb.eu\/en\/wp-json\/wp\/v2\/tags?post=11014"}],"curies":[{"name":"wp","href":"https:\/\/api.w.org\/{rel}","templated":true}]}}