{"id":11064,"date":"2023-12-10T00:49:30","date_gmt":"2023-12-09T23:49:30","guid":{"rendered":"http:\/\/fmsb.disstintbeta.com\/2023\/12\/10\/la-herencia-del-tio-de-francia-jorge-sainz-de-baranda\/"},"modified":"2023-12-10T00:49:30","modified_gmt":"2023-12-09T23:49:30","slug":"la-herencia-del-tio-de-francia-jorge-sainz-de-baranda","status":"publish","type":"post","link":"https:\/\/fmsb.eu\/en\/2023\/12\/10\/la-herencia-del-tio-de-francia-jorge-sainz-de-baranda\/","title":{"rendered":"La herencia del t\u00edo de Francia, por Jorge S\u00e1inz de Baranda"},"content":{"rendered":"<p>&nbsp;<\/p>\n<div class=\"navegacion\">\n<h3 class=\"antesubtitulo antetit\"><a href=\"http:\/\/www.mallorcadiario.com\"><span style=\"color: #993300;\"><strong>mallorcadiario.com<\/strong><\/span><\/a>\u00a0 <a href=\"https:\/\/www.mallorcadiario.com\/la-herencia-del-tio-de-francia-jorge-sainz-de-baranda\">Opini\u00f3n<\/a><\/h3>\n<\/div>\n<p><a href=\"http:\/\/fmsb.disstintbeta.com\/wp-content\/uploads\/2023\/12\/FMSB-Abogados-Jorge-Sainz-de-Baranda-La-herencia-del-tio-de-Francia.jpg\"><img fetchpriority=\"high\" decoding=\"async\" class=\"alignnone wp-image-7412\" src=\"http:\/\/fmsb.disstintbeta.com\/wp-content\/uploads\/2023\/12\/FMSB-Abogados-Jorge-Sainz-de-Baranda-La-herencia-del-tio-de-Francia.jpg\" alt=\"\" width=\"800\" height=\"650\" srcset=\"https:\/\/font-mora-sainz-baranda.fra1.digitaloceanspaces.com\/wp-content\/uploads\/2023\/12\/FMSB-Abogados-Jorge-Sainz-de-Baranda-La-herencia-del-tio-de-Francia.jpg 1600w, https:\/\/font-mora-sainz-baranda.fra1.digitaloceanspaces.com\/wp-content\/uploads\/2023\/12\/FMSB-Abogados-Jorge-Sainz-de-Baranda-La-herencia-del-tio-de-Francia-300x244.jpg 300w, https:\/\/font-mora-sainz-baranda.fra1.digitaloceanspaces.com\/wp-content\/uploads\/2023\/12\/FMSB-Abogados-Jorge-Sainz-de-Baranda-La-herencia-del-tio-de-Francia-1024x831.jpg 1024w, https:\/\/font-mora-sainz-baranda.fra1.digitaloceanspaces.com\/wp-content\/uploads\/2023\/12\/FMSB-Abogados-Jorge-Sainz-de-Baranda-La-herencia-del-tio-de-Francia-768x624.jpg 768w, https:\/\/font-mora-sainz-baranda.fra1.digitaloceanspaces.com\/wp-content\/uploads\/2023\/12\/FMSB-Abogados-Jorge-Sainz-de-Baranda-La-herencia-del-tio-de-Francia-1536x1247.jpg 1536w\" sizes=\"(max-width: 800px) 100vw, 800px\" \/><\/a><\/p>\n<div class=\"navegacion\">\n<h6 class=\"ulthora fecha_publicacion\"><span class=\"dia_mes_anno\">DOMINGO 11 DE DICIEMBRE DE 2023<br \/>\n<\/span><\/h6>\n<\/div>\n<h6 class=\"ulthora fecha_publicacion\"><span class=\"dia_mes_anno\" style=\"color: #ffffff;\">\u00a0<\/span><\/h6>\n<div title=\"noticia 557362\">\n<h1 class=\"titulo\"><strong><a href=\"https:\/\/www.mallorcadiario.com\/la-herencia-del-tio-de-francia-jorge-sainz-de-baranda\"><span style=\"color: #852262;\"><span style=\"color: #4c271e;\"><span style=\"color: #800000;\"><span style=\"color: #2d5dbd;\"><span style=\"color: #520000;\"><span style=\"color: #119808;\"><span style=\"color: #5c2039;\"><span style=\"color: #808000;\"><span style=\"color: #806c00;\"><span style=\"color: #000080;\">La herencia del t\u00edo de Francia<\/span><\/span><\/span><\/span><\/span><\/span><\/span><\/span><\/span><\/span><\/a><\/strong><\/h1>\n<\/div>\n<div id=\"firmante_767\" class=\"firmante\">\n<p>Por\u00a0<span style=\"color: #0179c7;\"><a style=\"color: #0179c7;\" href=\"https:\/\/www.fmsb.eu\/jorge-sainz-de-baranda-brunbeck\/\"><strong><span class=\"nombre_firmante\"><span style=\"color: #008000;\"><span style=\"color: #4b7db8;\"><span style=\"color: #852262;\"><span style=\"color: #4c271e;\">Jorge S\u00e1inz de Baranda<\/span><\/span><\/span><\/span><\/span><\/strong><\/a><\/span><\/p>\n<h6><span style=\"color: #806c00;\"><a style=\"color: #806c00;\" href=\"https:\/\/www.mallorcadiario.com\/jorge-sainz-de-baranda\/autor\/767\/\"><strong><span style=\"color: #000080;\">M\u00c1S ART\u00cdCULOS DEL AUTOR EN MALLORCADIARIO<\/span><\/strong><\/a><\/span><\/h6>\n<p>&nbsp;<\/p>\n<p>\u00bfHan o\u00eddo ustedes alguna vez la cita de \u00ab<em>el que tiene un t\u00edo en Alcal\u00e1, ni tiene t\u00edo ni tiene n\u00e1<\/em>\u00bb\u201d? Seguro que s\u00ed, y seguro que la han escuchado tambi\u00e9n aludiendo a otros posibles lugares como Granada &#8211;<em>Gran\u00e1<\/em>&#8211; o las Am\u00e9ricas. A pesar de eso, no es tan corriente haber o\u00eddo una frase que tiene id\u00e9ntico sentido: <em>\u00abbuen jub\u00f3n me tengo en Francia!\u00bb<\/em>.<\/p>\n<p>En todos los casos se trata de expresiones que se burlan de quien se jacta de tener algo que, en realidad, no tiene o no le sirve para nada, y que, por mucho que se aluda como referencia, no le reportar\u00e1 ni favores ni beneficios.<\/p>\n<p>No se conoce a ciencia cierta el origen de la cita, aunque es muy posible que se originara tras la creaci\u00f3n de la Universidad de Alcal\u00e1 de Henares, a la que fueron enviados estudiantes de diferentes sitios a los que se les recomendaba visitar personas influyentes y contactos, si bien \u00e9stos eran inexistentes la mayor\u00eda de las veces.<\/p>\n<p>Y yo, que en Alcal\u00e1 no tengo t\u00edos pero s\u00ed una estupenda compa\u00f1era y abogada, Val Mayoral, con un magn\u00edfico despacho abierto all\u00ed, me quedar\u00e9 hoy con el buen jub\u00f3n de Francia para contarles lo que recoge la Direcci\u00f3n General de Tributos en la Consulta V1814-23, de 21 de junio pasado, relativa a Convenios de Doble Imposici\u00f3n en materia de herencias, y que muestra que tener un t\u00edo en otros lares s\u00ed puede ser conveniente desde el punto de vista tributario.<\/p>\n<p>He de empezar reconociendo que no ten\u00eda en mente que hubiera Convenios de Doble Imposici\u00f3n que trataran sobre el Impuesto de Sucesiones, ya que su \u00e1mbito suele restringirse al Impuesto sobre la Renta y al Impuesto sobre Patrimonio; pero resulta que Espa\u00f1a tiene firmados tres Convenios &#8211;<em>tres eran tres las hijas de Elena&#8230;<\/em>&#8211; en los que s\u00ed que se trata esta materia. En concreto, con Francia, con Grecia y con Suiza -a mi edad, ya nunca te acostar\u00e1s sin saber una cosa menos, o al menos sin acordarte de ella-.<\/p>\n<p>La cuesti\u00f3n que trata la consulta es la siguiente: dos sobrinos tienen un t\u00edo residente en Francia -desconozco si con Jub\u00f3n o no- que les designa en su herencia como legatarios de una cantidad de dinero por determinar, correspondiente al 45 por ciento del caudal relicto, y como beneficiarios de dos seguros de vida contratados con una compa\u00f1\u00eda aseguradora francesa.<\/p>\n<p>Y lo que se plantea es si deben tributar por la herencia en Francia, en Espa\u00f1a, o en ambos sitios, deduci\u00e9ndose en uno de ellos lo pagado en el otro.<\/p>\n<p>Para centrarnos les dir\u00e9 que la regla general es que a los herederos que tengan su residencia habitual en Espa\u00f1a se les exigir\u00e1 el Impuesto por obligaci\u00f3n personal, con independencia de d\u00f3nde se encuentren situados los bienes o derechos que integren la herencia recibida o de la residencia del causante, y sin perjuicio de la obligaci\u00f3n que pueda existir de liquidar impuestos en el pa\u00eds de origen, importe que se deducir\u00e1 en su caso del <em>idem<\/em> patrio a pagar aqu\u00ed.<\/p>\n<p>Pero el art\u00edculo 2.1 de la LISD se\u00f1ala que la normativa espa\u00f1ola se aplicar\u00e1 siempre sin perjuicio de lo dispuesto en los Tratados o Convenios Internacionales, de modo que existiendo Convenio con Francia -o con Grecia o con Suiza-, se deber\u00e1 aplicar lo que all\u00ed se se\u00f1ale.<\/p>\n<p>Y en nuestro caso, el Convenio de 8 de enero de 1963 entre Espa\u00f1a y Francia establece que los bienes muebles corporales -como el dinero que van a recibir nuestros protagonistas-, y los bienes incorporales -como el seguro de vida-, se someten al impuesto sobre herencias en (i) el lugar en que est\u00e9n de forma efectiva a la muerte del causante -en el caso del primero-, y (ii) en el Estado en el que el causante fuera residente en el momento de su muerte -en el caso del segundo-. Es decir, en Francia en ambos casos.<\/p>\n<p>Por tanto, si no existiera convenio de doble imposici\u00f3n, cualquier residente en Espa\u00f1a deber\u00eda tributar por todos los bienes que reciba como consecuencia del fallecimiento de su t\u00edo residente en otro pa\u00eds. Pero en este caso, al existir convenio para evitar la doble imposici\u00f3n con Francia, deben tenerse en cuenta las disposiciones de ese Convenio en los t\u00e9rminos que les he contado anteriormente.<\/p>\n<p>Y, adem\u00e1s, concluye la Consulta se\u00f1alando que, en este caso, ni siquiera ser\u00e1 obligatorio presentar declaraci\u00f3n en Espa\u00f1a a simples efectos informativos -cosa rara ya que la curiosidad y el gato \u201c<em>causante<\/em>\u201d son dos rasgos muy caracter\u00edsticos de nuestra no siempre valorada Hacienda P\u00fablica-.<\/p>\n<p>As\u00ed que ya saben, si fallece el t\u00edo de Am\u00e9rica no den nada por seguro y analicen todas las circunstancias antes de liquidar un impuesto, ya que, en caso de equivocarnos, entraremos en el precioso -y proceloso- mundo de las \u201cdevoluciones de ingresos indebidos\u201d. Y es que, adem\u00e1s de Alcal\u00e1, <em>\u00ablo que natura no da, Salamanca no presta\u00bb<\/em>&#8230;<\/p>\n<h6><span style=\"color: #119808;\"><a style=\"color: #119808;\" href=\"https:\/\/www.fmsb.eu\/?s=mallorcadiario\"><strong><span style=\"color: #5c2039;\"><span style=\"color: #000080;\">M\u00c1S ART\u00cdCULOS DEL AUTOR EN NUESTRO BLOG<\/span><\/span><\/strong><\/a><\/span><\/h6>\n<\/div>\n<hr \/>\n<p>Art\u00edculo original publicado en el diario digital\u00a0<span style=\"color: #806c00;\"><a style=\"color: #806c00;\" href=\"https:\/\/www.mallorcadiario.com\"><strong><span style=\"color: #000080;\">mallorcadiario.com<\/span><\/strong><\/a><\/span> .\u00a0\u00a0 L\u00e9elo directamente en <span style=\"color: #000080;\"><a style=\"color: #000080;\" href=\"https:\/\/www.mallorcadiario.com\"><strong>mallorcadiario.com<\/strong><\/a><\/span> a trav\u00e9s de este <span style=\"color: #4c271e;\"><a style=\"color: #4c271e;\" href=\"https:\/\/www.mallorcadiario.com\/la-herencia-del-tio-de-francia-jorge-sainz-de-baranda\"><strong><span style=\"color: #520000;\"><span style=\"color: #806c00;\"><span style=\"color: #000080;\">enlace<\/span><\/span><\/span><\/strong><\/a><\/span><\/p>\n","protected":false},"excerpt":{"rendered":"<p>&nbsp; mallorcadiario.com\u00a0 Opini\u00f3n DOMINGO 11 DE DICIEMBRE DE 2023 \u00a0 La herencia del t\u00edo de Francia Por\u00a0Jorge S\u00e1inz de Baranda M\u00c1S ART\u00cdCULOS DEL AUTOR EN MALLORCADIARIO &nbsp; \u00bfHan o\u00eddo ustedes alguna vez la cita de \u00abel que tiene un t\u00edo en Alcal\u00e1, ni tiene t\u00edo ni tiene n\u00e1\u00bb\u201d? Seguro que s\u00ed, y seguro que la [&hellip;]<\/p>\n","protected":false},"author":2,"featured_media":10274,"comment_status":"closed","ping_status":"open","sticky":false,"template":"","format":"standard","meta":{"footnotes":""},"categories":[2148,2149,2250,2251,2804,3144],"tags":[2156,2606,2607,2608,2253,2609,2610,2494,2255,2611,2158,2612,2613,2256,2614,2615,2616,2257,2617,2618,2619,2620,2621,2259,2260,2261,2262,2264,2623,2624,2625,2626,2627,2168,2169,2628,2629,2539,2173,2630,2631,2632,2633,2266,2267,2268,2634,2175,2269,2635,2270,2636,2271,2637,2272,2638,2274,2178,2179,2275,2181,2277,2182,2184,2639,2282,2283,2284,2640,2285,2286,2641,2642,2643,2186,2644,2645,2290,2646,2291,2190,2647,2648,2295,2296,2193,2300,2301,2302,2649,2650,2651,2652,2653,2654,2655,2304,2656,2305,2306],"class_list":["post-11064","post","type-post","status-publish","format-standard","has-post-thumbnail","hentry","category-actualidad-en","category-blog-en-2","category-derecho-fiscal-en","category-derecho-tributario-en","category-impuestos-en","category-opinion-en","tag-abogados-en","tag-administracion-tributaria-en","tag-administraciones-tributarias-en","tag-aeat-en","tag-agencia-tributaria-en","tag-antifraude-en","tag-aplazamiento-en","tag-articulos-en","tag-asesores-en","tag-atib-en","tag-baleares-en","tag-blanqueo-en","tag-blanqueo-de-capitales-en","tag-bonificacion-en","tag-campana-de-la-renta-en","tag-campana-irpf-en","tag-catastro-en","tag-comunidad-autonoma-en","tag-declaracion-de-inconstitucionalidad-en","tag-declaracion-de-nulidad-en","tag-deflacion-en","tag-deflactacion-en","tag-deflactar-en","tag-derecho-civil-propio-en","tag-derecho-de-la-union-europea-en","tag-derecho-fiscal-en","tag-derecho-tributario-en","tag-derogacion-en","tag-deudas-en","tag-dgt-en","tag-direccion-general-de-tributos-en","tag-direccion-general-del-catastro-en","tag-doble-imposicion-en","tag-economistas-en","tag-el-arenal-en","tag-exencion-por-reinversion-en","tag-extranjeros-en-2","tag-fallecimiento-en","tag-fmsb-en","tag-fraccionamiento-en","tag-fraude-fiscal-en","tag-galicia-en","tag-gravamen-extraordinario-en","tag-hacienda-en","tag-herencia-en","tag-herencias-en","tag-ibi-en","tag-ibiza-en-2","tag-illes-balears-en","tag-impuesto-de-solidaridad-a-las-grandes-fortunas-en","tag-impuesto-de-sucesiones-en","tag-impuesto-sobre-la-renta-en","tag-impuestos-en-2","tag-incremento-del-valor-de-los-terrenos-de-naturaleza-urbana-en","tag-irpf-en","tag-jorge-lorenzo-en","tag-jorge-sainz-de-baranda-en","tag-law-en-2","tag-lawyers-en-2","tag-ley-antifraude-en","tag-mallorca-en-2","tag-mallorcadiario-en","tag-manacor-en","tag-menorca-en-2","tag-modelo-720-en","tag-mortis-causa-en","tag-obligado-tributario-en","tag-opinion-en","tag-pactos-sucesorioes-en","tag-pactos-sucesorios-en","tag-palma-en","tag-patrimonio-en","tag-plan-anual-de-control-tributario-en","tag-plusvalia-en","tag-port-dandratx-en","tag-prespuestos-generales-del-estado-en","tag-presupuestos-2021-en","tag-prevencion-en","tag-proindiviso-en","tag-propuestas-en","tag-puerto-de-andratx-en","tag-recargo-en","tag-reforma-en","tag-residentes-fiscales-en","tag-resindencia-fiscal-en","tag-solicitors-en","tag-sucesion-en","tag-sucesion-en-vida-en","tag-sucesiones-y-donaciones-en","tag-tasa-amazon-en","tag-teac-en","tag-tear-en","tag-testador-en","tag-tribunal-economico-administrativo-en","tag-tribunal-economico-administrativo-central-en","tag-tribunal-economico-administrativo-regional-en","tag-tributos-en","tag-ue-en","tag-valor-de-referencia-en","tag-valor-de-referencia-catastral-en"],"yoast_head":"<!-- This site is optimized with the Yoast SEO plugin v27.3 - https:\/\/yoast.com\/product\/yoast-seo-wordpress\/ -->\n<title>La herencia del t\u00edo de Francia, por Jorge S\u00e1inz de Baranda - FMSB Abogados y Economistas en Baleares<\/title>\n<meta name=\"description\" content=\"La herencia del t\u00edo de Francia, \u00faltimo art\u00edculo de opini\u00f3n del abogado especializado en Derecho tributario Jorge Sainz de Baranda\" \/>\n<meta name=\"robots\" content=\"index, follow, max-snippet:-1, max-image-preview:large, max-video-preview:-1\" \/>\n<link rel=\"canonical\" href=\"https:\/\/fmsb.eu\/en\/2023\/12\/10\/la-herencia-del-tio-de-francia-jorge-sainz-de-baranda\/\" \/>\n<meta property=\"og:locale\" content=\"en_US\" \/>\n<meta property=\"og:type\" content=\"article\" \/>\n<meta property=\"og:title\" content=\"La herencia del t\u00edo de Francia, por Jorge S\u00e1inz de Baranda - FMSB Abogados y Economistas en Baleares\" \/>\n<meta property=\"og:description\" content=\"La herencia del t\u00edo de Francia, \u00faltimo art\u00edculo de opini\u00f3n del abogado especializado en Derecho tributario Jorge Sainz de Baranda\" \/>\n<meta property=\"og:url\" content=\"https:\/\/fmsb.eu\/en\/2023\/12\/10\/la-herencia-del-tio-de-francia-jorge-sainz-de-baranda\/\" \/>\n<meta property=\"og:site_name\" content=\"FMSB Abogados y Economistas en Baleares\" \/>\n<meta property=\"article:published_time\" content=\"2023-12-09T23:49:30+00:00\" \/>\n<meta property=\"og:image\" content=\"https:\/\/fmsb.eu\/wp-content\/uploads\/2023\/12\/FMSB-Abogados-Jorge-Sainz-de-Baranda-La-herencia-del-tio-de-Francia.jpg\" \/>\n\t<meta property=\"og:image:width\" content=\"1600\" \/>\n\t<meta property=\"og:image:height\" content=\"1299\" \/>\n\t<meta property=\"og:image:type\" content=\"image\/jpeg\" \/>\n<meta name=\"author\" content=\"fmsb\" \/>\n<meta name=\"twitter:card\" content=\"summary_large_image\" \/>\n<meta name=\"twitter:creator\" content=\"@fmsb-disstint\" \/>\n<meta name=\"twitter:label1\" content=\"Written by\" \/>\n\t<meta name=\"twitter:data1\" content=\"fmsb\" \/>\n\t<meta name=\"twitter:label2\" content=\"Est. reading time\" \/>\n\t<meta name=\"twitter:data2\" content=\"5 minutes\" \/>\n<script type=\"application\/ld+json\" class=\"yoast-schema-graph\">{\"@context\":\"https:\\\/\\\/schema.org\",\"@graph\":[{\"@type\":\"Article\",\"@id\":\"https:\\\/\\\/fmsb.eu\\\/en\\\/2023\\\/12\\\/10\\\/la-herencia-del-tio-de-francia-jorge-sainz-de-baranda\\\/#article\",\"isPartOf\":{\"@id\":\"https:\\\/\\\/fmsb.eu\\\/en\\\/2023\\\/12\\\/10\\\/la-herencia-del-tio-de-francia-jorge-sainz-de-baranda\\\/\"},\"author\":{\"name\":\"fmsb\",\"@id\":\"https:\\\/\\\/fmsb.eu\\\/en\\\/#\\\/schema\\\/person\\\/9fba7c70814b0cd34d35d655d36a4ca2\"},\"headline\":\"La herencia del t\u00edo de Francia, por Jorge S\u00e1inz de Baranda\",\"datePublished\":\"2023-12-09T23:49:30+00:00\",\"mainEntityOfPage\":{\"@id\":\"https:\\\/\\\/fmsb.eu\\\/en\\\/2023\\\/12\\\/10\\\/la-herencia-del-tio-de-francia-jorge-sainz-de-baranda\\\/\"},\"wordCount\":943,\"publisher\":{\"@id\":\"https:\\\/\\\/fmsb.eu\\\/en\\\/#organization\"},\"image\":{\"@id\":\"https:\\\/\\\/fmsb.eu\\\/en\\\/2023\\\/12\\\/10\\\/la-herencia-del-tio-de-francia-jorge-sainz-de-baranda\\\/#primaryimage\"},\"thumbnailUrl\":\"https:\\\/\\\/fmsb.eu\\\/wp-content\\\/uploads\\\/2023\\\/12\\\/FMSB-Abogados-Jorge-Sainz-de-Baranda-La-herencia-del-tio-de-Francia.jpg\",\"keywords\":[\"abogados\",\"administraci\u00f3n tributaria\",\"administraciones tributarias\",\"aeat\",\"agencia tributaria\",\"antifraude\",\"aplazamiento\",\"articulos\",\"asesores\",\"ATIB\",\"baleares\",\"blanqueo\",\"blanqueo de capitales\",\"bonificaci\u00f3n\",\"campa\u00f1a de la renta\",\"campa\u00f1a irpf\",\"catastro\",\"comunidad aut\u00f3noma\",\"declaraci\u00f3n de inconstitucionalidad\",\"declaraci\u00f3n de nulidad\",\"deflaci\u00f3n\",\"deflactaci\u00f3n\",\"deflactar\",\"derecho civil propio\",\"derecho de la uni\u00f3n europea\",\"derecho fiscal\",\"derecho tributario\",\"derogaci\u00f3n\",\"deudas\",\"dgt\",\"direcci\u00f3n general de tributos\",\"direcci\u00f3n general del catastro\",\"doble imposici\u00f3n\",\"economistas\",\"el arenal\",\"exenci\u00f3n por reinversi\u00f3n\",\"extranjeros\",\"fallecimiento\",\"fmsb\",\"fraccionamiento\",\"fraude fiscal\",\"Galicia\",\"gravamen extraordinario\",\"Hacienda\",\"herencia\",\"herencias\",\"ibi\",\"ibiza\",\"illes balears\",\"impuesto de solidaridad a las grandes fortunas\",\"impuesto de sucesiones\",\"impuesto sobre la renta\",\"impuestos\",\"incremento del valor de los terrenos de naturaleza urbana\",\"IRPF\",\"jorge lorenzo\",\"jorge sainz de baranda\",\"law\",\"lawyers\",\"ley antifraude\",\"mallorca\",\"mallorcadiario\",\"Manacor\",\"menorca\",\"modelo 720\",\"mortis causa\",\"obligado tributario\",\"opinion\",\"pactos sucesorioes\",\"pactos sucesorios\",\"Palma\",\"patrimonio\",\"plan anual de control tributario\",\"plusval\u00eda\",\"port d&#8217;andratx\",\"prespuestos generales del estado\",\"presupuestos 2021\",\"prevenci\u00f3n\",\"proindiviso\",\"propuestas\",\"puerto de andratx\",\"recargo\",\"reforma\",\"residentes fiscales\",\"resindencia fiscal\",\"solicitors\",\"sucesi\u00f3n\",\"sucesi\u00f3n en vida\",\"sucesiones y donaciones\",\"tasa amazon\",\"TEAC\",\"TEAR\",\"testador\",\"Tribunal Econ\u00f3mico Administrativo\",\"Tribunal Econ\u00f3mico Administrativo Central\",\"Tribunal Econ\u00f3mico Administrativo Regional\",\"tributos\",\"ue\",\"valor de referencia\",\"valor de referencia catastral\"],\"articleSection\":[\"actualidad\",\"blog\",\"Derecho Fiscal\",\"Derecho Tributario\",\"impuestos\",\"Opini\u00f3n\"],\"inLanguage\":\"en-US\"},{\"@type\":\"WebPage\",\"@id\":\"https:\\\/\\\/fmsb.eu\\\/en\\\/2023\\\/12\\\/10\\\/la-herencia-del-tio-de-francia-jorge-sainz-de-baranda\\\/\",\"url\":\"https:\\\/\\\/fmsb.eu\\\/en\\\/2023\\\/12\\\/10\\\/la-herencia-del-tio-de-francia-jorge-sainz-de-baranda\\\/\",\"name\":\"La herencia del t\u00edo de Francia, por Jorge S\u00e1inz de Baranda - FMSB Abogados y Economistas en Baleares\",\"isPartOf\":{\"@id\":\"https:\\\/\\\/fmsb.eu\\\/en\\\/#website\"},\"primaryImageOfPage\":{\"@id\":\"https:\\\/\\\/fmsb.eu\\\/en\\\/2023\\\/12\\\/10\\\/la-herencia-del-tio-de-francia-jorge-sainz-de-baranda\\\/#primaryimage\"},\"image\":{\"@id\":\"https:\\\/\\\/fmsb.eu\\\/en\\\/2023\\\/12\\\/10\\\/la-herencia-del-tio-de-francia-jorge-sainz-de-baranda\\\/#primaryimage\"},\"thumbnailUrl\":\"https:\\\/\\\/fmsb.eu\\\/wp-content\\\/uploads\\\/2023\\\/12\\\/FMSB-Abogados-Jorge-Sainz-de-Baranda-La-herencia-del-tio-de-Francia.jpg\",\"datePublished\":\"2023-12-09T23:49:30+00:00\",\"description\":\"La herencia del t\u00edo de Francia, \u00faltimo art\u00edculo de opini\u00f3n del abogado especializado en Derecho tributario Jorge Sainz de Baranda\",\"breadcrumb\":{\"@id\":\"https:\\\/\\\/fmsb.eu\\\/en\\\/2023\\\/12\\\/10\\\/la-herencia-del-tio-de-francia-jorge-sainz-de-baranda\\\/#breadcrumb\"},\"inLanguage\":\"en-US\",\"potentialAction\":[{\"@type\":\"ReadAction\",\"target\":[\"https:\\\/\\\/fmsb.eu\\\/en\\\/2023\\\/12\\\/10\\\/la-herencia-del-tio-de-francia-jorge-sainz-de-baranda\\\/\"]}]},{\"@type\":\"ImageObject\",\"inLanguage\":\"en-US\",\"@id\":\"https:\\\/\\\/fmsb.eu\\\/en\\\/2023\\\/12\\\/10\\\/la-herencia-del-tio-de-francia-jorge-sainz-de-baranda\\\/#primaryimage\",\"url\":\"https:\\\/\\\/fmsb.eu\\\/wp-content\\\/uploads\\\/2023\\\/12\\\/FMSB-Abogados-Jorge-Sainz-de-Baranda-La-herencia-del-tio-de-Francia.jpg\",\"contentUrl\":\"https:\\\/\\\/fmsb.eu\\\/wp-content\\\/uploads\\\/2023\\\/12\\\/FMSB-Abogados-Jorge-Sainz-de-Baranda-La-herencia-del-tio-de-Francia.jpg\",\"width\":1600,\"height\":1299},{\"@type\":\"BreadcrumbList\",\"@id\":\"https:\\\/\\\/fmsb.eu\\\/en\\\/2023\\\/12\\\/10\\\/la-herencia-del-tio-de-francia-jorge-sainz-de-baranda\\\/#breadcrumb\",\"itemListElement\":[{\"@type\":\"ListItem\",\"position\":1,\"name\":\"Portada\",\"item\":\"https:\\\/\\\/fmsb.eu\\\/en\\\/\"},{\"@type\":\"ListItem\",\"position\":2,\"name\":\"La herencia del t\u00edo de Francia, por Jorge S\u00e1inz de Baranda\"}]},{\"@type\":\"WebSite\",\"@id\":\"https:\\\/\\\/fmsb.eu\\\/en\\\/#website\",\"url\":\"https:\\\/\\\/fmsb.eu\\\/en\\\/\",\"name\":\"FMSB Abogados y Economistas en Baleares\",\"description\":\"\",\"publisher\":{\"@id\":\"https:\\\/\\\/fmsb.eu\\\/en\\\/#organization\"},\"potentialAction\":[{\"@type\":\"SearchAction\",\"target\":{\"@type\":\"EntryPoint\",\"urlTemplate\":\"https:\\\/\\\/fmsb.eu\\\/en\\\/?s={search_term_string}\"},\"query-input\":{\"@type\":\"PropertyValueSpecification\",\"valueRequired\":true,\"valueName\":\"search_term_string\"}}],\"inLanguage\":\"en-US\"},{\"@type\":\"Organization\",\"@id\":\"https:\\\/\\\/fmsb.eu\\\/en\\\/#organization\",\"name\":\"FMSB Abogados y Economistas en Baleares\",\"url\":\"https:\\\/\\\/fmsb.eu\\\/en\\\/\",\"logo\":{\"@type\":\"ImageObject\",\"inLanguage\":\"en-US\",\"@id\":\"https:\\\/\\\/fmsb.eu\\\/en\\\/#\\\/schema\\\/logo\\\/image\\\/\",\"url\":\"https:\\\/\\\/fmsb.eu\\\/wp-content\\\/uploads\\\/2025\\\/02\\\/logo.svg\",\"contentUrl\":\"https:\\\/\\\/fmsb.eu\\\/wp-content\\\/uploads\\\/2025\\\/02\\\/logo.svg\",\"width\":154,\"height\":52,\"caption\":\"FMSB Abogados y Economistas en Baleares\"},\"image\":{\"@id\":\"https:\\\/\\\/fmsb.eu\\\/en\\\/#\\\/schema\\\/logo\\\/image\\\/\"}},{\"@type\":\"Person\",\"@id\":\"https:\\\/\\\/fmsb.eu\\\/en\\\/#\\\/schema\\\/person\\\/9fba7c70814b0cd34d35d655d36a4ca2\",\"name\":\"fmsb\",\"image\":{\"@type\":\"ImageObject\",\"inLanguage\":\"en-US\",\"@id\":\"https:\\\/\\\/secure.gravatar.com\\\/avatar\\\/426f4d5b0ebcace85460caf87cdaaa193694b611e990615d87a13f322fb7ee7f?s=96&d=mm&r=g\",\"url\":\"https:\\\/\\\/secure.gravatar.com\\\/avatar\\\/426f4d5b0ebcace85460caf87cdaaa193694b611e990615d87a13f322fb7ee7f?s=96&d=mm&r=g\",\"contentUrl\":\"https:\\\/\\\/secure.gravatar.com\\\/avatar\\\/426f4d5b0ebcace85460caf87cdaaa193694b611e990615d87a13f322fb7ee7f?s=96&d=mm&r=g\",\"caption\":\"fmsb\"},\"sameAs\":[\"https:\\\/\\\/x.com\\\/fmsb-disstint\"],\"url\":\"https:\\\/\\\/fmsb.eu\\\/en\\\/author\\\/fmsb\\\/\"}]}<\/script>\n<!-- \/ Yoast SEO plugin. -->","yoast_head_json":{"title":"La herencia del t\u00edo de Francia, por Jorge S\u00e1inz de Baranda - FMSB Abogados y Economistas en Baleares","description":"La herencia del t\u00edo de Francia, \u00faltimo art\u00edculo de opini\u00f3n del abogado especializado en Derecho tributario Jorge Sainz de Baranda","robots":{"index":"index","follow":"follow","max-snippet":"max-snippet:-1","max-image-preview":"max-image-preview:large","max-video-preview":"max-video-preview:-1"},"canonical":"https:\/\/fmsb.eu\/en\/2023\/12\/10\/la-herencia-del-tio-de-francia-jorge-sainz-de-baranda\/","og_locale":"en_US","og_type":"article","og_title":"La herencia del t\u00edo de Francia, por Jorge S\u00e1inz de Baranda - FMSB Abogados y Economistas en Baleares","og_description":"La herencia del t\u00edo de Francia, \u00faltimo art\u00edculo de opini\u00f3n del abogado especializado en Derecho tributario Jorge Sainz de Baranda","og_url":"https:\/\/fmsb.eu\/en\/2023\/12\/10\/la-herencia-del-tio-de-francia-jorge-sainz-de-baranda\/","og_site_name":"FMSB Abogados y Economistas en Baleares","article_published_time":"2023-12-09T23:49:30+00:00","og_image":[{"width":1600,"height":1299,"url":"https:\/\/fmsb.eu\/wp-content\/uploads\/2023\/12\/FMSB-Abogados-Jorge-Sainz-de-Baranda-La-herencia-del-tio-de-Francia.jpg","type":"image\/jpeg"}],"author":"fmsb","twitter_card":"summary_large_image","twitter_creator":"@fmsb-disstint","twitter_misc":{"Written by":"fmsb","Est. reading time":"5 minutes"},"schema":{"@context":"https:\/\/schema.org","@graph":[{"@type":"Article","@id":"https:\/\/fmsb.eu\/en\/2023\/12\/10\/la-herencia-del-tio-de-francia-jorge-sainz-de-baranda\/#article","isPartOf":{"@id":"https:\/\/fmsb.eu\/en\/2023\/12\/10\/la-herencia-del-tio-de-francia-jorge-sainz-de-baranda\/"},"author":{"name":"fmsb","@id":"https:\/\/fmsb.eu\/en\/#\/schema\/person\/9fba7c70814b0cd34d35d655d36a4ca2"},"headline":"La herencia del t\u00edo de Francia, por Jorge S\u00e1inz de Baranda","datePublished":"2023-12-09T23:49:30+00:00","mainEntityOfPage":{"@id":"https:\/\/fmsb.eu\/en\/2023\/12\/10\/la-herencia-del-tio-de-francia-jorge-sainz-de-baranda\/"},"wordCount":943,"publisher":{"@id":"https:\/\/fmsb.eu\/en\/#organization"},"image":{"@id":"https:\/\/fmsb.eu\/en\/2023\/12\/10\/la-herencia-del-tio-de-francia-jorge-sainz-de-baranda\/#primaryimage"},"thumbnailUrl":"https:\/\/fmsb.eu\/wp-content\/uploads\/2023\/12\/FMSB-Abogados-Jorge-Sainz-de-Baranda-La-herencia-del-tio-de-Francia.jpg","keywords":["abogados","administraci\u00f3n tributaria","administraciones tributarias","aeat","agencia tributaria","antifraude","aplazamiento","articulos","asesores","ATIB","baleares","blanqueo","blanqueo de capitales","bonificaci\u00f3n","campa\u00f1a de la renta","campa\u00f1a irpf","catastro","comunidad aut\u00f3noma","declaraci\u00f3n de inconstitucionalidad","declaraci\u00f3n de nulidad","deflaci\u00f3n","deflactaci\u00f3n","deflactar","derecho civil propio","derecho de la uni\u00f3n europea","derecho fiscal","derecho tributario","derogaci\u00f3n","deudas","dgt","direcci\u00f3n general de tributos","direcci\u00f3n general del catastro","doble imposici\u00f3n","economistas","el arenal","exenci\u00f3n por reinversi\u00f3n","extranjeros","fallecimiento","fmsb","fraccionamiento","fraude fiscal","Galicia","gravamen extraordinario","Hacienda","herencia","herencias","ibi","ibiza","illes balears","impuesto de solidaridad a las grandes fortunas","impuesto de sucesiones","impuesto sobre la renta","impuestos","incremento del valor de los terrenos de naturaleza urbana","IRPF","jorge lorenzo","jorge sainz de baranda","law","lawyers","ley antifraude","mallorca","mallorcadiario","Manacor","menorca","modelo 720","mortis causa","obligado tributario","opinion","pactos sucesorioes","pactos sucesorios","Palma","patrimonio","plan anual de control tributario","plusval\u00eda","port d&#8217;andratx","prespuestos generales del estado","presupuestos 2021","prevenci\u00f3n","proindiviso","propuestas","puerto de andratx","recargo","reforma","residentes fiscales","resindencia fiscal","solicitors","sucesi\u00f3n","sucesi\u00f3n en vida","sucesiones y donaciones","tasa amazon","TEAC","TEAR","testador","Tribunal Econ\u00f3mico Administrativo","Tribunal Econ\u00f3mico Administrativo Central","Tribunal Econ\u00f3mico Administrativo Regional","tributos","ue","valor de referencia","valor de referencia catastral"],"articleSection":["actualidad","blog","Derecho Fiscal","Derecho Tributario","impuestos","Opini\u00f3n"],"inLanguage":"en-US"},{"@type":"WebPage","@id":"https:\/\/fmsb.eu\/en\/2023\/12\/10\/la-herencia-del-tio-de-francia-jorge-sainz-de-baranda\/","url":"https:\/\/fmsb.eu\/en\/2023\/12\/10\/la-herencia-del-tio-de-francia-jorge-sainz-de-baranda\/","name":"La herencia del t\u00edo de Francia, por Jorge S\u00e1inz de Baranda - FMSB Abogados y Economistas en Baleares","isPartOf":{"@id":"https:\/\/fmsb.eu\/en\/#website"},"primaryImageOfPage":{"@id":"https:\/\/fmsb.eu\/en\/2023\/12\/10\/la-herencia-del-tio-de-francia-jorge-sainz-de-baranda\/#primaryimage"},"image":{"@id":"https:\/\/fmsb.eu\/en\/2023\/12\/10\/la-herencia-del-tio-de-francia-jorge-sainz-de-baranda\/#primaryimage"},"thumbnailUrl":"https:\/\/fmsb.eu\/wp-content\/uploads\/2023\/12\/FMSB-Abogados-Jorge-Sainz-de-Baranda-La-herencia-del-tio-de-Francia.jpg","datePublished":"2023-12-09T23:49:30+00:00","description":"La herencia del t\u00edo de Francia, \u00faltimo art\u00edculo de opini\u00f3n del abogado especializado en Derecho tributario Jorge Sainz de Baranda","breadcrumb":{"@id":"https:\/\/fmsb.eu\/en\/2023\/12\/10\/la-herencia-del-tio-de-francia-jorge-sainz-de-baranda\/#breadcrumb"},"inLanguage":"en-US","potentialAction":[{"@type":"ReadAction","target":["https:\/\/fmsb.eu\/en\/2023\/12\/10\/la-herencia-del-tio-de-francia-jorge-sainz-de-baranda\/"]}]},{"@type":"ImageObject","inLanguage":"en-US","@id":"https:\/\/fmsb.eu\/en\/2023\/12\/10\/la-herencia-del-tio-de-francia-jorge-sainz-de-baranda\/#primaryimage","url":"https:\/\/fmsb.eu\/wp-content\/uploads\/2023\/12\/FMSB-Abogados-Jorge-Sainz-de-Baranda-La-herencia-del-tio-de-Francia.jpg","contentUrl":"https:\/\/fmsb.eu\/wp-content\/uploads\/2023\/12\/FMSB-Abogados-Jorge-Sainz-de-Baranda-La-herencia-del-tio-de-Francia.jpg","width":1600,"height":1299},{"@type":"BreadcrumbList","@id":"https:\/\/fmsb.eu\/en\/2023\/12\/10\/la-herencia-del-tio-de-francia-jorge-sainz-de-baranda\/#breadcrumb","itemListElement":[{"@type":"ListItem","position":1,"name":"Portada","item":"https:\/\/fmsb.eu\/en\/"},{"@type":"ListItem","position":2,"name":"La herencia del t\u00edo de Francia, por Jorge S\u00e1inz de Baranda"}]},{"@type":"WebSite","@id":"https:\/\/fmsb.eu\/en\/#website","url":"https:\/\/fmsb.eu\/en\/","name":"FMSB Abogados y Economistas en Baleares","description":"","publisher":{"@id":"https:\/\/fmsb.eu\/en\/#organization"},"potentialAction":[{"@type":"SearchAction","target":{"@type":"EntryPoint","urlTemplate":"https:\/\/fmsb.eu\/en\/?s={search_term_string}"},"query-input":{"@type":"PropertyValueSpecification","valueRequired":true,"valueName":"search_term_string"}}],"inLanguage":"en-US"},{"@type":"Organization","@id":"https:\/\/fmsb.eu\/en\/#organization","name":"FMSB Abogados y Economistas en Baleares","url":"https:\/\/fmsb.eu\/en\/","logo":{"@type":"ImageObject","inLanguage":"en-US","@id":"https:\/\/fmsb.eu\/en\/#\/schema\/logo\/image\/","url":"https:\/\/fmsb.eu\/wp-content\/uploads\/2025\/02\/logo.svg","contentUrl":"https:\/\/fmsb.eu\/wp-content\/uploads\/2025\/02\/logo.svg","width":154,"height":52,"caption":"FMSB Abogados y Economistas en Baleares"},"image":{"@id":"https:\/\/fmsb.eu\/en\/#\/schema\/logo\/image\/"}},{"@type":"Person","@id":"https:\/\/fmsb.eu\/en\/#\/schema\/person\/9fba7c70814b0cd34d35d655d36a4ca2","name":"fmsb","image":{"@type":"ImageObject","inLanguage":"en-US","@id":"https:\/\/secure.gravatar.com\/avatar\/426f4d5b0ebcace85460caf87cdaaa193694b611e990615d87a13f322fb7ee7f?s=96&d=mm&r=g","url":"https:\/\/secure.gravatar.com\/avatar\/426f4d5b0ebcace85460caf87cdaaa193694b611e990615d87a13f322fb7ee7f?s=96&d=mm&r=g","contentUrl":"https:\/\/secure.gravatar.com\/avatar\/426f4d5b0ebcace85460caf87cdaaa193694b611e990615d87a13f322fb7ee7f?s=96&d=mm&r=g","caption":"fmsb"},"sameAs":["https:\/\/x.com\/fmsb-disstint"],"url":"https:\/\/fmsb.eu\/en\/author\/fmsb\/"}]}},"_links":{"self":[{"href":"https:\/\/fmsb.eu\/en\/wp-json\/wp\/v2\/posts\/11064","targetHints":{"allow":["GET"]}}],"collection":[{"href":"https:\/\/fmsb.eu\/en\/wp-json\/wp\/v2\/posts"}],"about":[{"href":"https:\/\/fmsb.eu\/en\/wp-json\/wp\/v2\/types\/post"}],"author":[{"embeddable":true,"href":"https:\/\/fmsb.eu\/en\/wp-json\/wp\/v2\/users\/2"}],"replies":[{"embeddable":true,"href":"https:\/\/fmsb.eu\/en\/wp-json\/wp\/v2\/comments?post=11064"}],"version-history":[{"count":0,"href":"https:\/\/fmsb.eu\/en\/wp-json\/wp\/v2\/posts\/11064\/revisions"}],"wp:featuredmedia":[{"embeddable":true,"href":"https:\/\/fmsb.eu\/en\/wp-json\/wp\/v2\/media\/10274"}],"wp:attachment":[{"href":"https:\/\/fmsb.eu\/en\/wp-json\/wp\/v2\/media?parent=11064"}],"wp:term":[{"taxonomy":"category","embeddable":true,"href":"https:\/\/fmsb.eu\/en\/wp-json\/wp\/v2\/categories?post=11064"},{"taxonomy":"post_tag","embeddable":true,"href":"https:\/\/fmsb.eu\/en\/wp-json\/wp\/v2\/tags?post=11064"}],"curies":[{"name":"wp","href":"https:\/\/api.w.org\/{rel}","templated":true}]}}