{"id":11068,"date":"2023-12-03T08:53:10","date_gmt":"2023-12-03T07:53:10","guid":{"rendered":"http:\/\/fmsb.disstintbeta.com\/2023\/12\/03\/el-nudo-de-la-corbata-de-hacienda-por-jorge-sainz-de-baranda\/"},"modified":"2023-12-03T08:53:10","modified_gmt":"2023-12-03T07:53:10","slug":"el-nudo-de-la-corbata-de-hacienda-por-jorge-sainz-de-baranda","status":"publish","type":"post","link":"https:\/\/fmsb.eu\/en\/2023\/12\/03\/el-nudo-de-la-corbata-de-hacienda-por-jorge-sainz-de-baranda\/","title":{"rendered":"El nudo de la corbata de Hacienda, por Jorge S\u00e1inz de Baranda"},"content":{"rendered":"<p>&nbsp;<\/p>\n<div class=\"navegacion\">\n<h3 class=\"antesubtitulo antetit\"><a href=\"http:\/\/www.mallorcadiario.com\"><span style=\"color: #993300;\"><strong>mallorcadiario.com<\/strong><\/span><\/a>\u00a0 <a href=\"https:\/\/www.mallorcadiario.com\/el-nudo-de-la-corbata-de-hacienda\">Opini\u00f3n<\/a><\/h3>\n<\/div>\n<p><a href=\"http:\/\/fmsb.disstintbeta.com\/wp-content\/uploads\/2023\/12\/FMSB-Abogados-Jorge-Sainz-de-Baranda-El-nudo-de-la-corbata-de-Hacienda.jpg\"><img fetchpriority=\"high\" decoding=\"async\" class=\"alignnone wp-image-7402\" src=\"http:\/\/fmsb.disstintbeta.com\/wp-content\/uploads\/2023\/12\/FMSB-Abogados-Jorge-Sainz-de-Baranda-El-nudo-de-la-corbata-de-Hacienda.jpg\" alt=\"\" width=\"800\" height=\"650\" srcset=\"https:\/\/font-mora-sainz-baranda.fra1.digitaloceanspaces.com\/wp-content\/uploads\/2023\/12\/FMSB-Abogados-Jorge-Sainz-de-Baranda-El-nudo-de-la-corbata-de-Hacienda.jpg 1600w, https:\/\/font-mora-sainz-baranda.fra1.digitaloceanspaces.com\/wp-content\/uploads\/2023\/12\/FMSB-Abogados-Jorge-Sainz-de-Baranda-El-nudo-de-la-corbata-de-Hacienda-300x244.jpg 300w, https:\/\/font-mora-sainz-baranda.fra1.digitaloceanspaces.com\/wp-content\/uploads\/2023\/12\/FMSB-Abogados-Jorge-Sainz-de-Baranda-El-nudo-de-la-corbata-de-Hacienda-1024x831.jpg 1024w, https:\/\/font-mora-sainz-baranda.fra1.digitaloceanspaces.com\/wp-content\/uploads\/2023\/12\/FMSB-Abogados-Jorge-Sainz-de-Baranda-El-nudo-de-la-corbata-de-Hacienda-768x624.jpg 768w, https:\/\/font-mora-sainz-baranda.fra1.digitaloceanspaces.com\/wp-content\/uploads\/2023\/12\/FMSB-Abogados-Jorge-Sainz-de-Baranda-El-nudo-de-la-corbata-de-Hacienda-1536x1247.jpg 1536w\" sizes=\"(max-width: 800px) 100vw, 800px\" \/><\/a><\/p>\n<div class=\"navegacion\">\n<h6 class=\"ulthora fecha_publicacion\"><span class=\"dia_mes_anno\">DOMINGO 18 DE NOVIEMBRE DE 2023<br \/>\n<\/span><\/h6>\n<\/div>\n<h6 class=\"ulthora fecha_publicacion\"><span class=\"dia_mes_anno\" style=\"color: #ffffff;\">\u00a0<\/span><\/h6>\n<div title=\"noticia 557362\">\n<h1 class=\"titulo\"><a href=\"https:\/\/www.mallorcadiario.com\/el-nudo-de-la-corbata-de-hacienda\"><span style=\"color: #852262;\"><strong><span style=\"color: #4c271e;\"><span style=\"color: #800000;\"><span style=\"color: #2d5dbd;\"><span style=\"color: #520000;\"><span style=\"color: #119808;\"><span style=\"color: #5c2039;\"><span style=\"color: #808000;\"><span style=\"color: #806c00;\">El nudo de la corbata de Hacienda<\/span><\/span><\/span><\/span><\/span><\/span><\/span><\/span><\/strong><\/span><\/a><\/h1>\n<\/div>\n<div id=\"firmante_767\" class=\"firmante\">\n<p>Por\u00a0<span style=\"color: #0179c7;\"><a style=\"color: #0179c7;\" href=\"https:\/\/www.fmsb.eu\/jorge-sainz-de-baranda-brunbeck\/\"><strong><span class=\"nombre_firmante\"><span style=\"color: #008000;\"><span style=\"color: #4b7db8;\"><span style=\"color: #852262;\"><span style=\"color: #4c271e;\">Jorge S\u00e1inz de Baranda<\/span><\/span><\/span><\/span><\/span><\/strong><\/a><\/span><\/p>\n<h6><span style=\"color: #806c00;\"><a style=\"color: #806c00;\" href=\"https:\/\/www.mallorcadiario.com\/jorge-sainz-de-baranda\/autor\/767\/\"><strong>M\u00c1S ART\u00cdCULOS DEL AUTOR EN MALLORCADIARIO<\/strong><\/a><\/span><\/h6>\n<p>&nbsp;<\/p>\n<p>Esta semana, para su tranquilidad, he decidido no atormentarles con m\u00e1s citas y, en vez de ello, contarles la historia del origen de una prenda que est\u00e1 cada vez m\u00e1s en desuso: la corbata. Y todo para luego anudarla -nunca mejor dicho- a nuestras peripecias con la Hacienda P\u00fablica.<\/p>\n<p>Gracias al <em>sabelotodo<\/em> de mi socio Joan Font, he podido saber que el origen de la corbata es militar, y est\u00e1 en una prenda blanca que llevaban anudada al cuello los mercenarios croatas y que llamaban \u00abhrvatska\u00bb, que deriv\u00f3 en el t\u00e9rmino <em>croatta<\/em> o corbata.<\/p>\n<p>Con la llegada a Francia de estos mercenarios, el uso de la misma se familiariz\u00f3 en el reinado de Luis XV, el rey Sol, que la introdujo como prenda obligatoria en la vida cortesana francesa, creando incluso el cargo palaciego del \u00ab<em>portacorbatas<\/em>\u00bb, servidor regio cuyo \u00fanico e importante cometido era anudar y desanudar al rey la suya -lo s\u00e9, dar ideas a un Gobierno con tantos ministerios sobre posibles nuevos asesores no es adecuado, pero que quieren, soy as\u00ed de atrevido e inconsciente&#8230;-.<\/p>\n<p>Pues bien, les cuento todo esto a ra\u00edz de una reciente Sentencia del Tribunal Superior de Justicia de Catalu\u00f1a, de fecha 27 de julio de 2023 -Resoluci\u00f3n 2905\/2023-, que va precisamente de eso: de corbatas y de Hacienda. Hete aqu\u00ed la historia.<\/p>\n<p>Un abogado perteneciente a un gran despacho, que por nombre no llega a gran tenedor -lo s\u00e9, querida, este chiste es malo y muy rebuscado-, se dedujo en su declaraci\u00f3n de la renta el gasto anual en trajes a medida y corbatas, al entender que estaba afecto a la actividad pues son prendas que, en nuestra profesi\u00f3n, con un mayor formalismo que otras, se requieren para su ejercicio.<\/p>\n<p>Negado tal extremo por Hacienda -recuerden que las corbatas solo le gustan para poner otras partes en su lugar-, el abogado acude al TEAR de Catalu\u00f1a en reclamaci\u00f3n, el cual lo estima en parte -de forma cuando menos curiosa- al se\u00f1alar que \u00ab<em>entiende este Tribunal como deducibles los 1.524,79 euros de la factura de la sastrer\u00eda Alexander 1922 SL, por la compra de un &#8220;vestit mida artesanal&#8221;, pero no de los 223,14 euros de adquisici\u00f3n de dos corbatas al tratarse de una factura simplificada que no identifica al interesado como destinatario (&#8230;)<\/em>\u00bb. Craso error del abogado al no haber adornado la corbata con los logos del despacho&#8230;<\/p>\n<p>En el recurso contencioso-administrativo deducido ante el TSJ, el recurrente insiste en que el gasto en corbatas no resulta desproporcionado ni excesivo, sobre todo si nos fijamos en los ingresos, y que se trata de prendas que tienen un uso exclusivo en su actividad profesional -a lo que pod\u00eda haber a\u00f1adido una declaraci\u00f3n jurada de comprometerse a no utilizarlas en bodas, bautizos y comuniones-. Y aporta copia del extracto bancario en el que consta el pago de las susodichas corbatas, coincidiendo los datos de la factura, del extracto bancario aportado y del propio abogado, que fue quien soport\u00f3 el gasto.<\/p>\n<p>Pues bien, el TSJ resuelve sobre este punto se\u00f1alando que no se puede denegar la deducibilidad por el hecho de que se presente una factura simplificada, siempre que existan otros medios de prueba que acrediten que se hab\u00eda realizado para la actividad y que contextualicen el gasto en cuanto a su efectividad e imputaci\u00f3n. Y as\u00ed, al haber acreditado el cargo en la cuenta del obligado tributario, y haberse admitido el traje por parte del TEARC como gasto deducible, resuelve que \u00ab<em>no cabe duda que deben admitirse los gastos por corbatas por constituir un complemento casi indispensable del formalismo que se le ha reconocido a la actividad profesional del Abogado\u00bb<\/em>.<\/p>\n<p>En la Sentencia se tratan otros asuntos de m\u00e1s calado, como es la deducibilidad del veh\u00edculo propio, de los gastos de desplazamientos en tren o de los gastos de atenciones a clientes en cestas de Navidad, los cuales desestima por diferentes motivos de falta de prueba que les contar\u00e9 en otra ocasi\u00f3n.<\/p>\n<p>Pero qued\u00e9monos hoy con la apertura de miras de los Tribunales en estas cuestiones y con la posibilidad de deducir gastos que, aunque no vayan directamente vinculados con ingresos concretos, s\u00ed que de forma razonada se entienden exigidos por la propia actividad y, como tales, perfectamente deducibles.<\/p>\n<p>Y eso afloja la presi\u00f3n del nudo de la corbata de Hacienda&#8230; aunque en todo caso, ante el panorama actual, y como ya dijo en otro Foro un pensador mucho m\u00e1s cualificado que yo -cosa que no es dif\u00edcil dir\u00e1n ustedes, y con raz\u00f3n-, el nudo que m\u00e1s aprieta hoy a los espa\u00f1oles no es precisamente el de una corbata&#8230;<\/p>\n<h6><span style=\"color: #119808;\"><a style=\"color: #119808;\" href=\"https:\/\/www.fmsb.eu\/?s=mallorcadiario\"><strong><span style=\"color: #5c2039;\">M\u00c1S ART\u00cdCULOS DEL AUTOR EN NUESTRO BLOG<\/span><\/strong><\/a><\/span><\/h6>\n<\/div>\n<hr \/>\n<p>Art\u00edculo original publicado en el diario digital\u00a0<span style=\"color: #806c00;\"><a style=\"color: #806c00;\" href=\"https:\/\/www.mallorcadiario.com\"><strong>mallorcadiario.com<\/strong><\/a><\/span> .\u00a0\u00a0 L\u00e9elo directamente en <a href=\"https:\/\/www.mallorcadiario.com\"><strong><span style=\"color: #806c00;\">mallorcadiario.com<\/span><\/strong><\/a> a trav\u00e9s de este <span style=\"color: #4c271e;\"><a style=\"color: #4c271e;\" href=\"https:\/\/www.mallorcadiario.com\/el-nudo-de-la-corbata-de-hacienda\"><strong><span style=\"color: #520000;\"><span style=\"color: #806c00;\">enlace<\/span><\/span><\/strong><\/a><\/span><\/p>\n","protected":false},"excerpt":{"rendered":"<p>&nbsp; mallorcadiario.com\u00a0 Opini\u00f3n DOMINGO 18 DE NOVIEMBRE DE 2023 \u00a0 El nudo de la corbata de Hacienda Por\u00a0Jorge S\u00e1inz de Baranda M\u00c1S ART\u00cdCULOS DEL AUTOR EN MALLORCADIARIO &nbsp; Esta semana, para su tranquilidad, he decidido no atormentarles con m\u00e1s citas y, en vez de ello, contarles la historia del origen de una prenda que est\u00e1 [&hellip;]<\/p>\n","protected":false},"author":2,"featured_media":10270,"comment_status":"closed","ping_status":"open","sticky":false,"template":"","format":"standard","meta":{"footnotes":""},"categories":[2148,2149,2250,2251,2804,3144],"tags":[2156,2606,2607,2608,2253,2609,2610,2494,2255,2611,2158,2612,2613,2256,2614,2615,2616,2257,2617,2618,2619,2620,2621,2259,2260,2261,2262,2264,2623,2624,2625,2626,2627,2168,2169,2628,2629,2539,2173,2630,2631,2632,2633,2266,2267,2268,2634,2175,2269,2635,2270,2636,2271,2637,2272,2638,2274,2178,2179,2275,2181,2277,2182,2184,2639,2282,2283,2284,2640,2285,2286,2641,2642,2643,2186,2644,2645,2290,2646,2291,2190,2647,2648,2295,2296,2193,2300,2301,2302,2649,2650,2651,2652,2653,2654,2655,2304,2656,2305,2306],"class_list":["post-11068","post","type-post","status-publish","format-standard","has-post-thumbnail","hentry","category-actualidad-en","category-blog-en-2","category-derecho-fiscal-en","category-derecho-tributario-en","category-impuestos-en","category-opinion-en","tag-abogados-en","tag-administracion-tributaria-en","tag-administraciones-tributarias-en","tag-aeat-en","tag-agencia-tributaria-en","tag-antifraude-en","tag-aplazamiento-en","tag-articulos-en","tag-asesores-en","tag-atib-en","tag-baleares-en","tag-blanqueo-en","tag-blanqueo-de-capitales-en","tag-bonificacion-en","tag-campana-de-la-renta-en","tag-campana-irpf-en","tag-catastro-en","tag-comunidad-autonoma-en","tag-declaracion-de-inconstitucionalidad-en","tag-declaracion-de-nulidad-en","tag-deflacion-en","tag-deflactacion-en","tag-deflactar-en","tag-derecho-civil-propio-en","tag-derecho-de-la-union-europea-en","tag-derecho-fiscal-en","tag-derecho-tributario-en","tag-derogacion-en","tag-deudas-en","tag-dgt-en","tag-direccion-general-de-tributos-en","tag-direccion-general-del-catastro-en","tag-doble-imposicion-en","tag-economistas-en","tag-el-arenal-en","tag-exencion-por-reinversion-en","tag-extranjeros-en-2","tag-fallecimiento-en","tag-fmsb-en","tag-fraccionamiento-en","tag-fraude-fiscal-en","tag-galicia-en","tag-gravamen-extraordinario-en","tag-hacienda-en","tag-herencia-en","tag-herencias-en","tag-ibi-en","tag-ibiza-en-2","tag-illes-balears-en","tag-impuesto-de-solidaridad-a-las-grandes-fortunas-en","tag-impuesto-de-sucesiones-en","tag-impuesto-sobre-la-renta-en","tag-impuestos-en-2","tag-incremento-del-valor-de-los-terrenos-de-naturaleza-urbana-en","tag-irpf-en","tag-jorge-lorenzo-en","tag-jorge-sainz-de-baranda-en","tag-law-en-2","tag-lawyers-en-2","tag-ley-antifraude-en","tag-mallorca-en-2","tag-mallorcadiario-en","tag-manacor-en","tag-menorca-en-2","tag-modelo-720-en","tag-mortis-causa-en","tag-obligado-tributario-en","tag-opinion-en","tag-pactos-sucesorioes-en","tag-pactos-sucesorios-en","tag-palma-en","tag-patrimonio-en","tag-plan-anual-de-control-tributario-en","tag-plusvalia-en","tag-port-dandratx-en","tag-prespuestos-generales-del-estado-en","tag-presupuestos-2021-en","tag-prevencion-en","tag-proindiviso-en","tag-propuestas-en","tag-puerto-de-andratx-en","tag-recargo-en","tag-reforma-en","tag-residentes-fiscales-en","tag-resindencia-fiscal-en","tag-solicitors-en","tag-sucesion-en","tag-sucesion-en-vida-en","tag-sucesiones-y-donaciones-en","tag-tasa-amazon-en","tag-teac-en","tag-tear-en","tag-testador-en","tag-tribunal-economico-administrativo-en","tag-tribunal-economico-administrativo-central-en","tag-tribunal-economico-administrativo-regional-en","tag-tributos-en","tag-ue-en","tag-valor-de-referencia-en","tag-valor-de-referencia-catastral-en"],"yoast_head":"<!-- This site is optimized with the Yoast SEO plugin v27.3 - https:\/\/yoast.com\/product\/yoast-seo-wordpress\/ -->\n<title>El nudo de la corbata de Hacienda, por Jorge S\u00e1inz de Baranda - FMSB Abogados y Economistas en Baleares<\/title>\n<meta name=\"description\" content=\"El nudo de la corbata de Hacienda, \u00faltimo art\u00edculo de opini\u00f3n del abogado especializado en Derecho tributario Jorge Sainz de Baranda\" \/>\n<meta name=\"robots\" content=\"index, follow, max-snippet:-1, max-image-preview:large, max-video-preview:-1\" \/>\n<link rel=\"canonical\" href=\"https:\/\/fmsb.eu\/en\/2023\/12\/03\/el-nudo-de-la-corbata-de-hacienda-por-jorge-sainz-de-baranda\/\" \/>\n<meta property=\"og:locale\" content=\"en_US\" \/>\n<meta property=\"og:type\" content=\"article\" \/>\n<meta property=\"og:title\" content=\"El nudo de la corbata de Hacienda, por Jorge S\u00e1inz de Baranda - FMSB Abogados y Economistas en Baleares\" \/>\n<meta property=\"og:description\" content=\"El nudo de la corbata de Hacienda, \u00faltimo art\u00edculo de opini\u00f3n del abogado especializado en Derecho tributario Jorge Sainz de Baranda\" \/>\n<meta property=\"og:url\" content=\"https:\/\/fmsb.eu\/en\/2023\/12\/03\/el-nudo-de-la-corbata-de-hacienda-por-jorge-sainz-de-baranda\/\" \/>\n<meta property=\"og:site_name\" content=\"FMSB Abogados y Economistas en Baleares\" \/>\n<meta property=\"article:published_time\" content=\"2023-12-03T07:53:10+00:00\" \/>\n<meta property=\"og:image\" content=\"https:\/\/fmsb.eu\/wp-content\/uploads\/2023\/12\/FMSB-Abogados-Jorge-Sainz-de-Baranda-El-nudo-de-la-corbata-de-Hacienda.jpg\" \/>\n\t<meta property=\"og:image:width\" content=\"1600\" \/>\n\t<meta property=\"og:image:height\" content=\"1299\" \/>\n\t<meta property=\"og:image:type\" content=\"image\/jpeg\" \/>\n<meta name=\"author\" content=\"fmsb\" \/>\n<meta name=\"twitter:card\" content=\"summary_large_image\" \/>\n<meta name=\"twitter:creator\" content=\"@fmsb-disstint\" \/>\n<meta name=\"twitter:label1\" content=\"Written by\" \/>\n\t<meta name=\"twitter:data1\" content=\"fmsb\" \/>\n\t<meta name=\"twitter:label2\" content=\"Est. reading time\" \/>\n\t<meta name=\"twitter:data2\" content=\"4 minutes\" \/>\n<script type=\"application\/ld+json\" class=\"yoast-schema-graph\">{\"@context\":\"https:\\\/\\\/schema.org\",\"@graph\":[{\"@type\":\"Article\",\"@id\":\"https:\\\/\\\/fmsb.eu\\\/en\\\/2023\\\/12\\\/03\\\/el-nudo-de-la-corbata-de-hacienda-por-jorge-sainz-de-baranda\\\/#article\",\"isPartOf\":{\"@id\":\"https:\\\/\\\/fmsb.eu\\\/en\\\/2023\\\/12\\\/03\\\/el-nudo-de-la-corbata-de-hacienda-por-jorge-sainz-de-baranda\\\/\"},\"author\":{\"name\":\"fmsb\",\"@id\":\"https:\\\/\\\/fmsb.eu\\\/en\\\/#\\\/schema\\\/person\\\/9fba7c70814b0cd34d35d655d36a4ca2\"},\"headline\":\"El nudo de la corbata de Hacienda, por Jorge S\u00e1inz de Baranda\",\"datePublished\":\"2023-12-03T07:53:10+00:00\",\"mainEntityOfPage\":{\"@id\":\"https:\\\/\\\/fmsb.eu\\\/en\\\/2023\\\/12\\\/03\\\/el-nudo-de-la-corbata-de-hacienda-por-jorge-sainz-de-baranda\\\/\"},\"wordCount\":864,\"publisher\":{\"@id\":\"https:\\\/\\\/fmsb.eu\\\/en\\\/#organization\"},\"image\":{\"@id\":\"https:\\\/\\\/fmsb.eu\\\/en\\\/2023\\\/12\\\/03\\\/el-nudo-de-la-corbata-de-hacienda-por-jorge-sainz-de-baranda\\\/#primaryimage\"},\"thumbnailUrl\":\"https:\\\/\\\/fmsb.eu\\\/wp-content\\\/uploads\\\/2023\\\/12\\\/FMSB-Abogados-Jorge-Sainz-de-Baranda-El-nudo-de-la-corbata-de-Hacienda.jpg\",\"keywords\":[\"abogados\",\"administraci\u00f3n tributaria\",\"administraciones tributarias\",\"aeat\",\"agencia tributaria\",\"antifraude\",\"aplazamiento\",\"articulos\",\"asesores\",\"ATIB\",\"baleares\",\"blanqueo\",\"blanqueo de capitales\",\"bonificaci\u00f3n\",\"campa\u00f1a de la renta\",\"campa\u00f1a irpf\",\"catastro\",\"comunidad aut\u00f3noma\",\"declaraci\u00f3n de inconstitucionalidad\",\"declaraci\u00f3n de nulidad\",\"deflaci\u00f3n\",\"deflactaci\u00f3n\",\"deflactar\",\"derecho civil propio\",\"derecho de la uni\u00f3n europea\",\"derecho fiscal\",\"derecho tributario\",\"derogaci\u00f3n\",\"deudas\",\"dgt\",\"direcci\u00f3n general de tributos\",\"direcci\u00f3n general del catastro\",\"doble imposici\u00f3n\",\"economistas\",\"el arenal\",\"exenci\u00f3n por reinversi\u00f3n\",\"extranjeros\",\"fallecimiento\",\"fmsb\",\"fraccionamiento\",\"fraude fiscal\",\"Galicia\",\"gravamen extraordinario\",\"Hacienda\",\"herencia\",\"herencias\",\"ibi\",\"ibiza\",\"illes balears\",\"impuesto de solidaridad a las grandes fortunas\",\"impuesto de sucesiones\",\"impuesto sobre la renta\",\"impuestos\",\"incremento del valor de los terrenos de naturaleza urbana\",\"IRPF\",\"jorge lorenzo\",\"jorge sainz de baranda\",\"law\",\"lawyers\",\"ley antifraude\",\"mallorca\",\"mallorcadiario\",\"Manacor\",\"menorca\",\"modelo 720\",\"mortis causa\",\"obligado tributario\",\"opinion\",\"pactos sucesorioes\",\"pactos sucesorios\",\"Palma\",\"patrimonio\",\"plan anual de control tributario\",\"plusval\u00eda\",\"port d&#8217;andratx\",\"prespuestos generales del estado\",\"presupuestos 2021\",\"prevenci\u00f3n\",\"proindiviso\",\"propuestas\",\"puerto de andratx\",\"recargo\",\"reforma\",\"residentes fiscales\",\"resindencia fiscal\",\"solicitors\",\"sucesi\u00f3n\",\"sucesi\u00f3n en vida\",\"sucesiones y donaciones\",\"tasa amazon\",\"TEAC\",\"TEAR\",\"testador\",\"Tribunal Econ\u00f3mico Administrativo\",\"Tribunal Econ\u00f3mico Administrativo Central\",\"Tribunal Econ\u00f3mico Administrativo Regional\",\"tributos\",\"ue\",\"valor de referencia\",\"valor de referencia catastral\"],\"articleSection\":[\"actualidad\",\"blog\",\"Derecho Fiscal\",\"Derecho Tributario\",\"impuestos\",\"Opini\u00f3n\"],\"inLanguage\":\"en-US\"},{\"@type\":\"WebPage\",\"@id\":\"https:\\\/\\\/fmsb.eu\\\/en\\\/2023\\\/12\\\/03\\\/el-nudo-de-la-corbata-de-hacienda-por-jorge-sainz-de-baranda\\\/\",\"url\":\"https:\\\/\\\/fmsb.eu\\\/en\\\/2023\\\/12\\\/03\\\/el-nudo-de-la-corbata-de-hacienda-por-jorge-sainz-de-baranda\\\/\",\"name\":\"El nudo de la corbata de Hacienda, por Jorge S\u00e1inz de Baranda - FMSB Abogados y Economistas en Baleares\",\"isPartOf\":{\"@id\":\"https:\\\/\\\/fmsb.eu\\\/en\\\/#website\"},\"primaryImageOfPage\":{\"@id\":\"https:\\\/\\\/fmsb.eu\\\/en\\\/2023\\\/12\\\/03\\\/el-nudo-de-la-corbata-de-hacienda-por-jorge-sainz-de-baranda\\\/#primaryimage\"},\"image\":{\"@id\":\"https:\\\/\\\/fmsb.eu\\\/en\\\/2023\\\/12\\\/03\\\/el-nudo-de-la-corbata-de-hacienda-por-jorge-sainz-de-baranda\\\/#primaryimage\"},\"thumbnailUrl\":\"https:\\\/\\\/fmsb.eu\\\/wp-content\\\/uploads\\\/2023\\\/12\\\/FMSB-Abogados-Jorge-Sainz-de-Baranda-El-nudo-de-la-corbata-de-Hacienda.jpg\",\"datePublished\":\"2023-12-03T07:53:10+00:00\",\"description\":\"El nudo de la corbata de Hacienda, \u00faltimo art\u00edculo de opini\u00f3n del abogado especializado en Derecho tributario Jorge Sainz de Baranda\",\"breadcrumb\":{\"@id\":\"https:\\\/\\\/fmsb.eu\\\/en\\\/2023\\\/12\\\/03\\\/el-nudo-de-la-corbata-de-hacienda-por-jorge-sainz-de-baranda\\\/#breadcrumb\"},\"inLanguage\":\"en-US\",\"potentialAction\":[{\"@type\":\"ReadAction\",\"target\":[\"https:\\\/\\\/fmsb.eu\\\/en\\\/2023\\\/12\\\/03\\\/el-nudo-de-la-corbata-de-hacienda-por-jorge-sainz-de-baranda\\\/\"]}]},{\"@type\":\"ImageObject\",\"inLanguage\":\"en-US\",\"@id\":\"https:\\\/\\\/fmsb.eu\\\/en\\\/2023\\\/12\\\/03\\\/el-nudo-de-la-corbata-de-hacienda-por-jorge-sainz-de-baranda\\\/#primaryimage\",\"url\":\"https:\\\/\\\/fmsb.eu\\\/wp-content\\\/uploads\\\/2023\\\/12\\\/FMSB-Abogados-Jorge-Sainz-de-Baranda-El-nudo-de-la-corbata-de-Hacienda.jpg\",\"contentUrl\":\"https:\\\/\\\/fmsb.eu\\\/wp-content\\\/uploads\\\/2023\\\/12\\\/FMSB-Abogados-Jorge-Sainz-de-Baranda-El-nudo-de-la-corbata-de-Hacienda.jpg\",\"width\":1600,\"height\":1299},{\"@type\":\"BreadcrumbList\",\"@id\":\"https:\\\/\\\/fmsb.eu\\\/en\\\/2023\\\/12\\\/03\\\/el-nudo-de-la-corbata-de-hacienda-por-jorge-sainz-de-baranda\\\/#breadcrumb\",\"itemListElement\":[{\"@type\":\"ListItem\",\"position\":1,\"name\":\"Portada\",\"item\":\"https:\\\/\\\/fmsb.eu\\\/en\\\/\"},{\"@type\":\"ListItem\",\"position\":2,\"name\":\"El nudo de la corbata de Hacienda, por Jorge S\u00e1inz de Baranda\"}]},{\"@type\":\"WebSite\",\"@id\":\"https:\\\/\\\/fmsb.eu\\\/en\\\/#website\",\"url\":\"https:\\\/\\\/fmsb.eu\\\/en\\\/\",\"name\":\"FMSB Abogados y Economistas en Baleares\",\"description\":\"\",\"publisher\":{\"@id\":\"https:\\\/\\\/fmsb.eu\\\/en\\\/#organization\"},\"potentialAction\":[{\"@type\":\"SearchAction\",\"target\":{\"@type\":\"EntryPoint\",\"urlTemplate\":\"https:\\\/\\\/fmsb.eu\\\/en\\\/?s={search_term_string}\"},\"query-input\":{\"@type\":\"PropertyValueSpecification\",\"valueRequired\":true,\"valueName\":\"search_term_string\"}}],\"inLanguage\":\"en-US\"},{\"@type\":\"Organization\",\"@id\":\"https:\\\/\\\/fmsb.eu\\\/en\\\/#organization\",\"name\":\"FMSB Abogados y Economistas en Baleares\",\"url\":\"https:\\\/\\\/fmsb.eu\\\/en\\\/\",\"logo\":{\"@type\":\"ImageObject\",\"inLanguage\":\"en-US\",\"@id\":\"https:\\\/\\\/fmsb.eu\\\/en\\\/#\\\/schema\\\/logo\\\/image\\\/\",\"url\":\"https:\\\/\\\/fmsb.eu\\\/wp-content\\\/uploads\\\/2025\\\/02\\\/logo.svg\",\"contentUrl\":\"https:\\\/\\\/fmsb.eu\\\/wp-content\\\/uploads\\\/2025\\\/02\\\/logo.svg\",\"width\":154,\"height\":52,\"caption\":\"FMSB Abogados y Economistas en Baleares\"},\"image\":{\"@id\":\"https:\\\/\\\/fmsb.eu\\\/en\\\/#\\\/schema\\\/logo\\\/image\\\/\"}},{\"@type\":\"Person\",\"@id\":\"https:\\\/\\\/fmsb.eu\\\/en\\\/#\\\/schema\\\/person\\\/9fba7c70814b0cd34d35d655d36a4ca2\",\"name\":\"fmsb\",\"image\":{\"@type\":\"ImageObject\",\"inLanguage\":\"en-US\",\"@id\":\"https:\\\/\\\/secure.gravatar.com\\\/avatar\\\/426f4d5b0ebcace85460caf87cdaaa193694b611e990615d87a13f322fb7ee7f?s=96&d=mm&r=g\",\"url\":\"https:\\\/\\\/secure.gravatar.com\\\/avatar\\\/426f4d5b0ebcace85460caf87cdaaa193694b611e990615d87a13f322fb7ee7f?s=96&d=mm&r=g\",\"contentUrl\":\"https:\\\/\\\/secure.gravatar.com\\\/avatar\\\/426f4d5b0ebcace85460caf87cdaaa193694b611e990615d87a13f322fb7ee7f?s=96&d=mm&r=g\",\"caption\":\"fmsb\"},\"sameAs\":[\"https:\\\/\\\/x.com\\\/fmsb-disstint\"],\"url\":\"https:\\\/\\\/fmsb.eu\\\/en\\\/author\\\/fmsb\\\/\"}]}<\/script>\n<!-- \/ Yoast SEO plugin. -->","yoast_head_json":{"title":"El nudo de la corbata de Hacienda, por Jorge S\u00e1inz de Baranda - FMSB Abogados y Economistas en Baleares","description":"El nudo de la corbata de Hacienda, \u00faltimo art\u00edculo de opini\u00f3n del abogado especializado en Derecho tributario Jorge Sainz de Baranda","robots":{"index":"index","follow":"follow","max-snippet":"max-snippet:-1","max-image-preview":"max-image-preview:large","max-video-preview":"max-video-preview:-1"},"canonical":"https:\/\/fmsb.eu\/en\/2023\/12\/03\/el-nudo-de-la-corbata-de-hacienda-por-jorge-sainz-de-baranda\/","og_locale":"en_US","og_type":"article","og_title":"El nudo de la corbata de Hacienda, por Jorge S\u00e1inz de Baranda - FMSB Abogados y Economistas en Baleares","og_description":"El nudo de la corbata de Hacienda, \u00faltimo art\u00edculo de opini\u00f3n del abogado especializado en Derecho tributario Jorge Sainz de Baranda","og_url":"https:\/\/fmsb.eu\/en\/2023\/12\/03\/el-nudo-de-la-corbata-de-hacienda-por-jorge-sainz-de-baranda\/","og_site_name":"FMSB Abogados y Economistas en Baleares","article_published_time":"2023-12-03T07:53:10+00:00","og_image":[{"width":1600,"height":1299,"url":"https:\/\/fmsb.eu\/wp-content\/uploads\/2023\/12\/FMSB-Abogados-Jorge-Sainz-de-Baranda-El-nudo-de-la-corbata-de-Hacienda.jpg","type":"image\/jpeg"}],"author":"fmsb","twitter_card":"summary_large_image","twitter_creator":"@fmsb-disstint","twitter_misc":{"Written by":"fmsb","Est. reading time":"4 minutes"},"schema":{"@context":"https:\/\/schema.org","@graph":[{"@type":"Article","@id":"https:\/\/fmsb.eu\/en\/2023\/12\/03\/el-nudo-de-la-corbata-de-hacienda-por-jorge-sainz-de-baranda\/#article","isPartOf":{"@id":"https:\/\/fmsb.eu\/en\/2023\/12\/03\/el-nudo-de-la-corbata-de-hacienda-por-jorge-sainz-de-baranda\/"},"author":{"name":"fmsb","@id":"https:\/\/fmsb.eu\/en\/#\/schema\/person\/9fba7c70814b0cd34d35d655d36a4ca2"},"headline":"El nudo de la corbata de Hacienda, por Jorge S\u00e1inz de Baranda","datePublished":"2023-12-03T07:53:10+00:00","mainEntityOfPage":{"@id":"https:\/\/fmsb.eu\/en\/2023\/12\/03\/el-nudo-de-la-corbata-de-hacienda-por-jorge-sainz-de-baranda\/"},"wordCount":864,"publisher":{"@id":"https:\/\/fmsb.eu\/en\/#organization"},"image":{"@id":"https:\/\/fmsb.eu\/en\/2023\/12\/03\/el-nudo-de-la-corbata-de-hacienda-por-jorge-sainz-de-baranda\/#primaryimage"},"thumbnailUrl":"https:\/\/fmsb.eu\/wp-content\/uploads\/2023\/12\/FMSB-Abogados-Jorge-Sainz-de-Baranda-El-nudo-de-la-corbata-de-Hacienda.jpg","keywords":["abogados","administraci\u00f3n tributaria","administraciones tributarias","aeat","agencia tributaria","antifraude","aplazamiento","articulos","asesores","ATIB","baleares","blanqueo","blanqueo de capitales","bonificaci\u00f3n","campa\u00f1a de la renta","campa\u00f1a irpf","catastro","comunidad aut\u00f3noma","declaraci\u00f3n de inconstitucionalidad","declaraci\u00f3n de nulidad","deflaci\u00f3n","deflactaci\u00f3n","deflactar","derecho civil propio","derecho de la uni\u00f3n europea","derecho fiscal","derecho tributario","derogaci\u00f3n","deudas","dgt","direcci\u00f3n general de tributos","direcci\u00f3n general del catastro","doble imposici\u00f3n","economistas","el arenal","exenci\u00f3n por reinversi\u00f3n","extranjeros","fallecimiento","fmsb","fraccionamiento","fraude fiscal","Galicia","gravamen extraordinario","Hacienda","herencia","herencias","ibi","ibiza","illes balears","impuesto de solidaridad a las grandes fortunas","impuesto de sucesiones","impuesto sobre la renta","impuestos","incremento del valor de los terrenos de naturaleza urbana","IRPF","jorge lorenzo","jorge sainz de baranda","law","lawyers","ley antifraude","mallorca","mallorcadiario","Manacor","menorca","modelo 720","mortis causa","obligado tributario","opinion","pactos sucesorioes","pactos sucesorios","Palma","patrimonio","plan anual de control tributario","plusval\u00eda","port d&#8217;andratx","prespuestos generales del estado","presupuestos 2021","prevenci\u00f3n","proindiviso","propuestas","puerto de andratx","recargo","reforma","residentes fiscales","resindencia fiscal","solicitors","sucesi\u00f3n","sucesi\u00f3n en vida","sucesiones y donaciones","tasa amazon","TEAC","TEAR","testador","Tribunal Econ\u00f3mico Administrativo","Tribunal Econ\u00f3mico Administrativo Central","Tribunal Econ\u00f3mico Administrativo Regional","tributos","ue","valor de referencia","valor de referencia catastral"],"articleSection":["actualidad","blog","Derecho Fiscal","Derecho Tributario","impuestos","Opini\u00f3n"],"inLanguage":"en-US"},{"@type":"WebPage","@id":"https:\/\/fmsb.eu\/en\/2023\/12\/03\/el-nudo-de-la-corbata-de-hacienda-por-jorge-sainz-de-baranda\/","url":"https:\/\/fmsb.eu\/en\/2023\/12\/03\/el-nudo-de-la-corbata-de-hacienda-por-jorge-sainz-de-baranda\/","name":"El nudo de la corbata de Hacienda, por Jorge S\u00e1inz de Baranda - FMSB Abogados y Economistas en Baleares","isPartOf":{"@id":"https:\/\/fmsb.eu\/en\/#website"},"primaryImageOfPage":{"@id":"https:\/\/fmsb.eu\/en\/2023\/12\/03\/el-nudo-de-la-corbata-de-hacienda-por-jorge-sainz-de-baranda\/#primaryimage"},"image":{"@id":"https:\/\/fmsb.eu\/en\/2023\/12\/03\/el-nudo-de-la-corbata-de-hacienda-por-jorge-sainz-de-baranda\/#primaryimage"},"thumbnailUrl":"https:\/\/fmsb.eu\/wp-content\/uploads\/2023\/12\/FMSB-Abogados-Jorge-Sainz-de-Baranda-El-nudo-de-la-corbata-de-Hacienda.jpg","datePublished":"2023-12-03T07:53:10+00:00","description":"El nudo de la corbata de Hacienda, \u00faltimo art\u00edculo de opini\u00f3n del abogado especializado en Derecho tributario Jorge Sainz de Baranda","breadcrumb":{"@id":"https:\/\/fmsb.eu\/en\/2023\/12\/03\/el-nudo-de-la-corbata-de-hacienda-por-jorge-sainz-de-baranda\/#breadcrumb"},"inLanguage":"en-US","potentialAction":[{"@type":"ReadAction","target":["https:\/\/fmsb.eu\/en\/2023\/12\/03\/el-nudo-de-la-corbata-de-hacienda-por-jorge-sainz-de-baranda\/"]}]},{"@type":"ImageObject","inLanguage":"en-US","@id":"https:\/\/fmsb.eu\/en\/2023\/12\/03\/el-nudo-de-la-corbata-de-hacienda-por-jorge-sainz-de-baranda\/#primaryimage","url":"https:\/\/fmsb.eu\/wp-content\/uploads\/2023\/12\/FMSB-Abogados-Jorge-Sainz-de-Baranda-El-nudo-de-la-corbata-de-Hacienda.jpg","contentUrl":"https:\/\/fmsb.eu\/wp-content\/uploads\/2023\/12\/FMSB-Abogados-Jorge-Sainz-de-Baranda-El-nudo-de-la-corbata-de-Hacienda.jpg","width":1600,"height":1299},{"@type":"BreadcrumbList","@id":"https:\/\/fmsb.eu\/en\/2023\/12\/03\/el-nudo-de-la-corbata-de-hacienda-por-jorge-sainz-de-baranda\/#breadcrumb","itemListElement":[{"@type":"ListItem","position":1,"name":"Portada","item":"https:\/\/fmsb.eu\/en\/"},{"@type":"ListItem","position":2,"name":"El nudo de la corbata de Hacienda, por Jorge S\u00e1inz de Baranda"}]},{"@type":"WebSite","@id":"https:\/\/fmsb.eu\/en\/#website","url":"https:\/\/fmsb.eu\/en\/","name":"FMSB Abogados y Economistas en Baleares","description":"","publisher":{"@id":"https:\/\/fmsb.eu\/en\/#organization"},"potentialAction":[{"@type":"SearchAction","target":{"@type":"EntryPoint","urlTemplate":"https:\/\/fmsb.eu\/en\/?s={search_term_string}"},"query-input":{"@type":"PropertyValueSpecification","valueRequired":true,"valueName":"search_term_string"}}],"inLanguage":"en-US"},{"@type":"Organization","@id":"https:\/\/fmsb.eu\/en\/#organization","name":"FMSB Abogados y Economistas en Baleares","url":"https:\/\/fmsb.eu\/en\/","logo":{"@type":"ImageObject","inLanguage":"en-US","@id":"https:\/\/fmsb.eu\/en\/#\/schema\/logo\/image\/","url":"https:\/\/fmsb.eu\/wp-content\/uploads\/2025\/02\/logo.svg","contentUrl":"https:\/\/fmsb.eu\/wp-content\/uploads\/2025\/02\/logo.svg","width":154,"height":52,"caption":"FMSB Abogados y Economistas en Baleares"},"image":{"@id":"https:\/\/fmsb.eu\/en\/#\/schema\/logo\/image\/"}},{"@type":"Person","@id":"https:\/\/fmsb.eu\/en\/#\/schema\/person\/9fba7c70814b0cd34d35d655d36a4ca2","name":"fmsb","image":{"@type":"ImageObject","inLanguage":"en-US","@id":"https:\/\/secure.gravatar.com\/avatar\/426f4d5b0ebcace85460caf87cdaaa193694b611e990615d87a13f322fb7ee7f?s=96&d=mm&r=g","url":"https:\/\/secure.gravatar.com\/avatar\/426f4d5b0ebcace85460caf87cdaaa193694b611e990615d87a13f322fb7ee7f?s=96&d=mm&r=g","contentUrl":"https:\/\/secure.gravatar.com\/avatar\/426f4d5b0ebcace85460caf87cdaaa193694b611e990615d87a13f322fb7ee7f?s=96&d=mm&r=g","caption":"fmsb"},"sameAs":["https:\/\/x.com\/fmsb-disstint"],"url":"https:\/\/fmsb.eu\/en\/author\/fmsb\/"}]}},"_links":{"self":[{"href":"https:\/\/fmsb.eu\/en\/wp-json\/wp\/v2\/posts\/11068","targetHints":{"allow":["GET"]}}],"collection":[{"href":"https:\/\/fmsb.eu\/en\/wp-json\/wp\/v2\/posts"}],"about":[{"href":"https:\/\/fmsb.eu\/en\/wp-json\/wp\/v2\/types\/post"}],"author":[{"embeddable":true,"href":"https:\/\/fmsb.eu\/en\/wp-json\/wp\/v2\/users\/2"}],"replies":[{"embeddable":true,"href":"https:\/\/fmsb.eu\/en\/wp-json\/wp\/v2\/comments?post=11068"}],"version-history":[{"count":0,"href":"https:\/\/fmsb.eu\/en\/wp-json\/wp\/v2\/posts\/11068\/revisions"}],"wp:featuredmedia":[{"embeddable":true,"href":"https:\/\/fmsb.eu\/en\/wp-json\/wp\/v2\/media\/10270"}],"wp:attachment":[{"href":"https:\/\/fmsb.eu\/en\/wp-json\/wp\/v2\/media?parent=11068"}],"wp:term":[{"taxonomy":"category","embeddable":true,"href":"https:\/\/fmsb.eu\/en\/wp-json\/wp\/v2\/categories?post=11068"},{"taxonomy":"post_tag","embeddable":true,"href":"https:\/\/fmsb.eu\/en\/wp-json\/wp\/v2\/tags?post=11068"}],"curies":[{"name":"wp","href":"https:\/\/api.w.org\/{rel}","templated":true}]}}