{"id":11072,"date":"2023-11-23T08:52:58","date_gmt":"2023-11-23T07:52:58","guid":{"rendered":"http:\/\/fmsb.disstintbeta.com\/2023\/11\/23\/fin-x-edicion-foro-turismo-ibiza-jorge-sainz-de-baranda\/"},"modified":"2023-11-23T08:52:58","modified_gmt":"2023-11-23T07:52:58","slug":"fin-x-edicion-foro-turismo-ibiza-jorge-sainz-de-baranda","status":"publish","type":"post","link":"https:\/\/fmsb.eu\/en\/2023\/11\/23\/fin-x-edicion-foro-turismo-ibiza-jorge-sainz-de-baranda\/","title":{"rendered":"Finaliza la X Edici\u00f3n del Foro Turismo Ibiza"},"content":{"rendered":"<h1><a href=\"http:\/\/fmsb.disstintbeta.com\/wp-content\/uploads\/2023\/11\/3.jpg\"><img fetchpriority=\"high\" decoding=\"async\" class=\"alignnone wp-image-7384\" src=\"http:\/\/fmsb.disstintbeta.com\/wp-content\/uploads\/2023\/11\/3.jpg\" alt=\"\" width=\"1000\" height=\"1000\" srcset=\"https:\/\/font-mora-sainz-baranda.fra1.digitaloceanspaces.com\/wp-content\/uploads\/2023\/11\/3.jpg 2000w, https:\/\/font-mora-sainz-baranda.fra1.digitaloceanspaces.com\/wp-content\/uploads\/2023\/11\/3-300x300.jpg 300w, https:\/\/font-mora-sainz-baranda.fra1.digitaloceanspaces.com\/wp-content\/uploads\/2023\/11\/3-1024x1024.jpg 1024w, https:\/\/font-mora-sainz-baranda.fra1.digitaloceanspaces.com\/wp-content\/uploads\/2023\/11\/3-150x150.jpg 150w, https:\/\/font-mora-sainz-baranda.fra1.digitaloceanspaces.com\/wp-content\/uploads\/2023\/11\/3-768x768.jpg 768w, https:\/\/font-mora-sainz-baranda.fra1.digitaloceanspaces.com\/wp-content\/uploads\/2023\/11\/3-1536x1536.jpg 1536w\" sizes=\"(max-width: 1000px) 100vw, 1000px\" \/><\/a><\/h1>\n<header>\n<h1><span style=\"color: #2a7ee1;\"><strong>Culmina el X Foro de Turismo de Ibiza sobre sostenibilidad<\/strong> <\/span><\/h1>\n<p><span style=\"color: #000000;\">Expertos nacionales e internacionales, entre los que se encontraba el abogado y socio de <strong>FONT MORA SAINZ DE BARANDA<\/strong> &#8211;<em>abogados y economistas<\/em>&#8211; <strong>Jorge Sainz de Baranda<\/strong>, se han reunido un a\u00f1o m\u00e1s en torno a este evento<\/span><strong>\u00a0<\/strong> <a href=\"https:\/\/www.facebook.com\/foroturismoibz\"><span style=\"color: #2a7ee1;\"><strong>X Foro Turismo Ibiza<\/strong><\/span><\/a> en el que se ha propugnado un alejamiento de criterios de rentabilidad en el corto plazo a fin de alcanzar la sostenibilidad en el largo plazo, como una herramienta para la viabilidad futura del sector y de los nuevos modelos tur\u00edsticos.<\/p>\n<\/header>\n<p>Nuestras felicitaciones a organizadores y resto de patrocinadores por la consecuci\u00f3n y \u00e9xito de este nuevo foro y adem\u00e1s de nuestro agradecimiento por la invitaci\u00f3n a participar en el mismo a nuestro socio <strong>Jorge S\u00e1inz de Baranda<\/strong>.<\/p>\n<p><a href=\"http:\/\/fmsb.disstintbeta.com\/wp-content\/uploads\/2023\/11\/2.jpg\"><img decoding=\"async\" class=\"alignnone wp-image-7378\" src=\"http:\/\/fmsb.disstintbeta.com\/wp-content\/uploads\/2023\/11\/2.jpg\" alt=\"\" width=\"1000\" height=\"1000\" srcset=\"https:\/\/font-mora-sainz-baranda.fra1.digitaloceanspaces.com\/wp-content\/uploads\/2023\/11\/2.jpg 2000w, https:\/\/font-mora-sainz-baranda.fra1.digitaloceanspaces.com\/wp-content\/uploads\/2023\/11\/2-300x300.jpg 300w, https:\/\/font-mora-sainz-baranda.fra1.digitaloceanspaces.com\/wp-content\/uploads\/2023\/11\/2-1024x1024.jpg 1024w, https:\/\/font-mora-sainz-baranda.fra1.digitaloceanspaces.com\/wp-content\/uploads\/2023\/11\/2-150x150.jpg 150w, https:\/\/font-mora-sainz-baranda.fra1.digitaloceanspaces.com\/wp-content\/uploads\/2023\/11\/2-768x768.jpg 768w, https:\/\/font-mora-sainz-baranda.fra1.digitaloceanspaces.com\/wp-content\/uploads\/2023\/11\/2-1536x1536.jpg 1536w\" sizes=\"(max-width: 1000px) 100vw, 1000px\" \/><\/a><\/p>\n<p>Puedes leer a continuaci\u00f3n la <strong><span style=\"color: #2a7ee1;\">nota de prensa<\/span><\/strong> sobre el evento:<\/p>\n<hr \/>\n<h1><span style=\"color: #2a7ee1;\"><strong>El X Foro Turismo Ibiza concluye que los nuevos modelos tur\u00edsticos deben ser sostenibles, inclusivos e innovadores<\/strong><\/span><\/h1>\n<h2><span style=\"color: #2a7ee1;\"><strong>La embajadora de Costa Rica en Espa\u00f1a, Adriana Bola\u00f1os, subraya que para lograr un cambio de paradigma \u201ctodas las acciones pol\u00edticas, empresariales y sociales deben de ir en la misma l\u00ednea\u201d<\/strong><\/span><\/h2>\n<h3><strong><span style=\"color: #2a7ee1;\">Albert Bosch, experto en liderazgo personal sostenible, ha puesto el foco en la \u201csostenibilidad como herramienta para ser m\u00e1s competitivos\u201d y en la necesidad de que exista un \u201ccompromiso real\u201d<\/span> <\/strong><\/h3>\n<p><strong><span style=\"color: #2a7ee1;\">AUTOR \/ FUENTE \/ FOTOGRAF\u00cdAS: <\/span><a href=\"https:\/\/www.imamcomunicacion.com\/\"><span style=\"color: #2a7ee1;\"><span style=\"color: #000000;\">Imam Comunicaci\u00f3n<\/span><\/span><\/a><\/strong><\/p>\n<p><strong>Sostenibilidad ambiental, inclusividad e innovaci\u00f3n<\/strong> son los pilares fundamentales sobre los que se erige el <strong>modelo tur\u00edstico de Costa Rica<\/strong>, un referente en destinos tur\u00edsticos sostenibles en todo el mundo. As\u00ed lo ha explicado la embajadora de Costa Rica en Espa\u00f1a<strong>, Adriana Bola\u00f1os Argueta<\/strong>, durante su intervenci\u00f3n en <strong>la X Edici\u00f3n del Foro de Turismo Ibiza<\/strong>, organizado por <strong>Santa Eul\u00e0ria Empresarial, con la colaboraci\u00f3n del Ayuntamiento de Santa Eul\u00e0ria des Riu, del Consell Insular d\u00b4Eivissa y de Ibiza Travel<\/strong>, que se ha celebrado esta ma\u00f1ana <strong>en Ibiza<\/strong>. Seg\u00fan ha destacado Bola\u00f1os, \u201cel \u00e9xito de Costa Rica se debe a las <strong>decisiones y a las acciones audaces e innovadoras<\/strong> que se han tomado durante los \u00faltimos a\u00f1os por parte de todos los sectores pol\u00edticos, empresariales y humanos, encaminadas a mejorar la sostenibilidad\u201d. La abolici\u00f3n del ej\u00e9rcito y la distribuci\u00f3n de esa partida econ\u00f3mica hacia los sectores de la educaci\u00f3n y de la sanidad, as\u00ed como la protecci\u00f3n de la biodiversidad y del oc\u00e9ano, o la regeneraci\u00f3n forestal de un pa\u00eds que en los a\u00f1os 70 contaba con una de las tasas de deforestaci\u00f3n m\u00e1s altas del mundo, son algunas de las decisiones a las que se ha referido la experta, tomadas en base a una hoja de ruta a medio largo plazo, que hoy recoge sus frutos.<\/p>\n<p>Bola\u00f1os ha subrayado la importancia de que la poblaci\u00f3n costarricense est\u00e9 \u201ceducada y formada\u201d, existe un \u00edndice de alfabetizaci\u00f3n del 98%, porque \u201cun <strong>recurso humano educado<\/strong> act\u00faa de manera educada y siguiendo las l\u00edneas de actuaci\u00f3n establecidas en aras de un bien com\u00fan\u201d. \u201cLas decisiones tiene que ver con el liderazgo, pero tambi\u00e9n con la educaci\u00f3n, y se deben de tomar con visi\u00f3n a medio y largo plazo. La clave est\u00e1 en la voluntad pol\u00edtica y en la planificaci\u00f3n\u201d, ha puntualizado Bola\u00f1os, quien ha hecho hincapi\u00e9 en que \u201cla sostenibilidad es una soluci\u00f3n, pero hay que trabajar en ella\u201d. La elaboraci\u00f3n de \u201cplanes y estrategias\u201d encaminadas a mejorar la sostenibilidad del sector tur\u00edstico deben de estar \u201carticuladas\u201d e ir \u201cen l\u00ednea con la Administraci\u00f3n&#8221;. \u201cDebe de existir una programaci\u00f3n con <strong>l\u00edneas de acci\u00f3n, hojas de ruta claras, responsables<\/strong> de cada uno de los departamentos <strong>y ninguna de las acciones deben estar desvinculada con los objetivos de sostenibilidad<\/strong>\u201d, ha apuntado la embajadora de Costa Rica, quien ha destacado tambi\u00e9n la importancia de \u201cfocalizar\u201d en el tipo de turismo que se quiere atraer e invertir en promoci\u00f3n. \u201cEn Costa Rica no queremos un turismo masivo. Queremos un turismo que respete el entorno, que lo valore y que contribuya a su conservaci\u00f3n\u201d, ha remarcado Bola\u00f1os.<\/p>\n<p>Una visi\u00f3n compartida por la alcaldesa de Santa Eul\u00e0ria des Riu, Carmen Ferrer, quien ha abogado por &#8220;la sostenibilidad es supervivencia, reputaci\u00f3n y conexi\u00f3n con el consumidor\u201d, durante la inauguraci\u00f3n de esta jornada celebrada en la isla, pero con esp\u00edritu internacional, en la que tambi\u00e9n han participado <strong>Juan Miguel Costa<\/strong>, director insular de Turismo del Consell Insular d\u2019Eivissa y <strong>Vicente Guasch de la Encina<\/strong>, presidente de Santa Eul\u00e0ria Empresarial. El encuentro ha culminado con la <strong>tercera edici\u00f3n de los Premios Foro de Ibiza<\/strong>. El ganador del premio al <strong>Mejor Proyecto Tur\u00edstico del A\u00f1o<\/strong> de este a\u00f1o ha sido para el proyecto del Consell Insular d\u2019Eivissa, <strong>Sabors d\u00b4Eivissa<\/strong>; el <strong>Premio a la Mejor Trayectoria en pro del Turismo<\/strong> ha reca\u00eddo en el <strong>Aquarium Cap Blanc<\/strong> y el de <strong>Mejor Profesional del Turismo<\/strong>, a t\u00edtulo p\u00f3stumo, ha sido para el periodista <strong>Jes\u00fas Turel.<\/strong><\/p>\n<h2><span style=\"color: #2a7ee1;\"><strong>Compromiso y estrategias a medio y largo plazo <\/strong><\/span><\/h2>\n<p>Bajo el t\u00edtulo \u2018<strong>Sostenibilidad: \u00bfherramienta de marketing o rentabilidad real?\u2019<\/strong>, el experto en liderazgo personal, organizacional y sostenible, <strong>Albert Bosch, <\/strong>ha sido el encargado de abrir esta d\u00e9cima edici\u00f3n del Foro Turismo Ibiza con una conferencia que ha puesto el foco en \u201cel <strong>liderazgo sostenible<\/strong>\u201d y en la \u201c<strong>sostenibilidad como herramienta para ser m\u00e1s competitivos<\/strong>\u201d. \u201cEl compromiso y la convicci\u00f3n son los motores del cambio que se necesitan para impulsar el liderazgo sostenible y promover la econom\u00eda circular\u201d, ha destacado Bosch durante su intervenci\u00f3n, en la que ha hecho un repaso por un gran n\u00famero de retos deportivos a los que se ha enfrentado, poniendo en relevancia tanto los \u00e9xitos como los fracasos, estos \u00faltimos, de los que \u201cm\u00e1s se aprende\u201d. \u201cNecesitamos <strong>plantearnos retos. Fracasar, hacer frente a problemas y seguir intent\u00e1ndolo<\/strong>. Necesitamos un plan estrat\u00e9gico, compromiso y fuerza de voluntad\u201d, ha remarcado el aventurero sostenible, como \u00e9l mismo se identifica, mientras que ha concretado que la necesidad de cuestionarse \u201c\u00bfqu\u00e9 tipo de huellas queremos dejar en el planeta?\u201d, es esencial.<\/p>\n<p>El concepto de <strong>econom\u00eda circular<\/strong>, en el que ha incidido notablemente el experto, es, en su opini\u00f3n, uno de los \u201cfactores en la historia de la humanidad para avanzar hacia un futuro m\u00e1s sostenible\u201d. Para alcanzar este modelo, es necesario recurrir al un sistema de \u201cliderazgo circular, basado en tres ejes<strong>: liderazgo personal, liderazgo organizacional y liderazgo sostenible\u201d.<\/strong> El primero, seg\u00fan analiza Bosch, se refiere a la persona, ya que \u201caqu\u00ed nace todo. Debemos aprender a autoliderarnos, que es una de nuestras grandes asignaturas pendiente. Controlar nuestros h\u00e1bitos, actitudes, nuestra inteligencia emocional\u2026 Debemos tener clara nuestra visi\u00f3n, el prop\u00f3sito y nuestros valores. Sin esto, falla todo\u201d, ha explicado el experto. El segundo pilar que ha desglosado va ligado a la creaci\u00f3n de valor y al compromiso con la salud de uno mismo y con la de nuestro sistema, todo un <em>\u201cfull time job<\/em><strong><em>\u201d,<\/em><\/strong> como ha expresado el conferenciante, mientras que el tercero hace de la sostenibilidad el eje principal, a trav\u00e9s de la responsabilidad del impacto que dejamos en el mundo, el establecimiento de retos para encontrar soluciones a problemas recurrentes y realizar una comunicaci\u00f3n efectiva, entre otras muchas acciones. \u201cEn definitiva, hacer que las cosas pases\u201d, ha explicado el deportista, quien ha participado en nueve Dakars y ha sido la primera persona en hacerlo con un coche 100% el\u00e9ctrico, adem\u00e1s de coronar las cimas de las monta\u00f1as m\u00e1s altas de cada continente, el reto \u20187 Summit\u201d, que finaliza en el Everest.<\/p>\n<p><strong>\u201cCultura tur\u00edstica responsable, sostenible y circular<\/strong>\u201d ha sido el t\u00edtulo de la primera mesa redonda de la jornada, moderada por <strong>Antonio Mart\u00ednez Beneyto<\/strong>, periodista especializado en turismo y en ecolog\u00eda. <strong>Alvar Lipszcys<\/strong>, administrador de Hacienda Na Xamena Ibiza, ha sido uno de los participantes de la mesa, en la que ha presentado uno de los \u00faltimos proyectos de su establecimiento, que busca poner en valor la vida antigua de Ibiza. \u201cNuestro objetivo es recuperar el sentido com\u00fan de los ibicencos, que con muy pocos recursos pod\u00edan hacer grandes cosas, para mejorar la sostenibilidad\u201d, ha destacado. \u00a0<strong>Jorge S\u00e1inz de Baranda<\/strong>, socio del Bufete FMSB y experto en fiscalidad, tambi\u00e9n presente en el debate, ha hecho hincapi\u00e9 en la necesidad de \u201cno solo penalizar las acciones que no sean sostenibles, sino incentivar esos comportamientos a trav\u00e9s de ayudas econ\u00f3micas o beneficios fiscales\u201d. Por su parte, <strong>Roberto Gonz\u00e1lez<\/strong>, responsable de Riesgos Laborales y Sostenibilidad Ambiental de Vibra Hotels, ha subrayado la transversalidad que subyace en la sostenibilidad, por lo que \u201ces necesario coordinar muchas acciones\u201d. \u201cLos primero que se debe de hacer es un diagn\u00f3stico de la situaci\u00f3n de los recursos del establecimiento y empezar la casa por los cimientos. Adem\u00e1s, las acciones deben de ser duraderas en el tiempo deben de ir en l\u00ednea con la administraci\u00f3n p\u00fablica\u201d, ha remarcado Gonz\u00e1lez, quien ha destacado la importancia de los programas de formaci\u00f3n a trabajadores. <strong>Ruth Alejandre<\/strong>, directora de comunicaci\u00f3n de HQ at NH Hotel Group \u2013 Minor Hotels, ha incidido tambi\u00e9n en la \u201curgencia\u201d de esta problem\u00e1tica. \u201cDesde la casa de NH vemos la sostenibilidad de una manera hol\u00edstica. <strong>Adem\u00e1s del cuidado del planeta y de iniciativas encaminadas a la sostenibilidad ambiental, creemos en el cuidado emocional de las personas y fomentamos iniciativas tambi\u00e9n de esta \u00edndole\u201d, ha matizado.<\/strong><\/p>\n<h2><span style=\"color: #2a7ee1;\"><strong>Gesti\u00f3n sostenible de recursos tur\u00edsticos<\/strong><\/span><\/h2>\n<p>El siguiente panel, <strong>\u2018Turismo y recursos naturales\u2019<\/strong>, ha puesto el foco en la \u201cgesti\u00f3n sostenible de recursos tur\u00edsticos\u201d, tales como residuos, energ\u00eda y agua. <strong>Inmaculada Saranova<\/strong>, directora ejecutiva Fundaci\u00f3n IbizaPreservation, organizaci\u00f3n que lleva m\u00e1s de 15 a\u00f1os trabajando en el terreno, ha expresado su preocupaci\u00f3n por el impacto que genera el turismo masivo de Ibiza en el entorno. \u201cExiste gran escasez de agua en toda la isla, contaminaci\u00f3n y residuos gracias al turismo y a una demanda que sigue creciendo\u201d, ha lamentado Saranova, quien ha criticado que, a pesar de ello, \u201csiga creciendo el n\u00famero de turistas, el consumo de recursos y de energ\u00eda y la generaci\u00f3n de residuos\u201d. \u201cEl turismo lleva intr\u00ednseco unos desaf\u00edos medioambientales y sociales. Hay que ver hasta qu\u00e9 punto es bueno ese crecimiento y si merece la pena\u201d, ha opinado <strong>Santiago del \u00c1lamo<\/strong>, project manager en CEEIC y miembro de la ILP del Mar Menor, tambi\u00e9n presente en la mesa, quien ha explicado el caso de \u00e9xito en la lucha por la supervivencia del Mar Menor. Ante la situaci\u00f3n cr\u00edtica de emergencia clim\u00e1tica, del \u00c1lamo ha pedido \u201chonestidad\u201d a las administraciones y gobiernos para \u201dreconocer el problema al que nos enfrentamos\u201d, e \u201dinteligencia para abordarlos\u201d. La portavoz de Greenpeace en Espa\u00f1a, <strong>Elvira Jim\u00e9nez<\/strong>, ha incidido en la necesidad de llevar a cabo un \u201ccambio de sistema con urgencia\u201d y servirse se \u201cinnovadoras soluciones basadas en la naturaleza\u201d, mientras que <strong>Sandra L\u00f3pez<\/strong>, directora de divisi\u00f3n y de valoraciones hoteleras en Savills, ha subrayado que \u201cla inversi\u00f3n en sostenibilidad tiene un impacto positivo en los hoteles a nivel econ\u00f3mico y, adem\u00e1s, dentro de poco va a ser una exigencia\u201d.<\/p>\n<hr \/>\n<p><span style=\"color: #999999;\">#fmsb #abogados #economistas #sostenibilidad #hoteles #turismo #ibiza #Turismo #TurismoSostenible #innovacionturistica #foroturismoibiza2023<br \/>\n<\/span><\/p>\n","protected":false},"excerpt":{"rendered":"<p>Culmina el X Foro de Turismo de Ibiza sobre sostenibilidad Expertos nacionales e internacionales, entre los que se encontraba el abogado y socio de FONT MORA SAINZ DE BARANDA &#8211;abogados y economistas&#8211; Jorge Sainz de Baranda, se han reunido un a\u00f1o m\u00e1s en torno a este evento\u00a0 X Foro Turismo Ibiza en el que se [&hellip;]<\/p>\n","protected":false},"author":2,"featured_media":10258,"comment_status":"closed","ping_status":"open","sticky":false,"template":"","format":"standard","meta":{"footnotes":""},"categories":[2148,2149,2407,2249,3194,3644,2250,2926,2946,2151,2152,2804,2154,2520,3548,3836],"tags":[3837,2156,3838,3839,3840,3841,2166,3842,2168,3843,3844,3608,2173,2174,3845,3846,2175,2269,3847,2273,2274,3848,3849,3850,3851,3852,3853,3854,3855,3856,3857],"class_list":["post-11072","post","type-post","status-publish","format-standard","has-post-thumbnail","hentry","category-actualidad-en","category-blog-en-2","category-contratos-en","category-derecho-administrativo-en","category-derecho-concursal-en","category-derecho-de-los-consumidores-en","category-derecho-fiscal-en","category-derecho-laboral-en","category-derecho-mercantil-en","category-derecho-urbanistico-inmobiliario-en","category-home-en-2","category-impuestos-en","category-obligaciones-en","category-responsabilidad-civil-en","category-seguro-en","category-turismo-en","tag-2023-en","tag-abogados-en","tag-arquitectura-en","tag-coloquio-sostenibilidad-y-hoteles-en","tag-companias-hoteleras-en","tag-companias-turisticas-en","tag-derecho-en","tag-diario-de-ibiza-en","tag-economistas-en","tag-eivissa-en","tag-fiscal-en","tag-fiscalidad-en","tag-fmsb-en","tag-font-mora-sainz-de-baranda-en","tag-hotelera-en","tag-hoteles-en","tag-ibiza-en-2","tag-illes-balears-en","tag-innovacion-turistica-en","tag-islas-baleares-en","tag-jorge-sainz-de-baranda-en","tag-marketing-en","tag-rentabilidad-en","tag-sector-hotelero-en","tag-sostenibildiad-en","tag-sostenibilidad-en","tag-tributario-en","tag-tulum-en","tag-turismo-en","tag-turismo-sostenible-en","tag-x-foro-turismo-ibiza-en"],"yoast_head":"<!-- This site is optimized with the Yoast SEO plugin v27.3 - https:\/\/yoast.com\/product\/yoast-seo-wordpress\/ -->\n<title>Finaliza la X Edici\u00f3n del Foro Turismo Ibiza - FMSB Abogados y Economistas en Baleares<\/title>\n<meta name=\"description\" content=\"Finaliza el X Foro Turismo Ibiza, con Jorge Sainz de Baranda ponente de la sesi\u00f3n Sostenibilidad: \u00bfinstrumento de marketing o rentabilidad real?\" \/>\n<meta name=\"robots\" content=\"index, follow, max-snippet:-1, max-image-preview:large, max-video-preview:-1\" \/>\n<link rel=\"canonical\" href=\"https:\/\/fmsb.eu\/en\/2023\/11\/23\/fin-x-edicion-foro-turismo-ibiza-jorge-sainz-de-baranda\/\" \/>\n<meta property=\"og:locale\" content=\"en_US\" \/>\n<meta property=\"og:type\" content=\"article\" \/>\n<meta property=\"og:title\" content=\"Finaliza la X Edici\u00f3n del Foro Turismo Ibiza - FMSB Abogados y Economistas en Baleares\" \/>\n<meta property=\"og:description\" content=\"Finaliza el X Foro Turismo Ibiza, con Jorge Sainz de Baranda ponente de la sesi\u00f3n Sostenibilidad: \u00bfinstrumento de marketing o rentabilidad real?\" \/>\n<meta property=\"og:url\" content=\"https:\/\/fmsb.eu\/en\/2023\/11\/23\/fin-x-edicion-foro-turismo-ibiza-jorge-sainz-de-baranda\/\" \/>\n<meta property=\"og:site_name\" content=\"FMSB Abogados y Economistas en Baleares\" \/>\n<meta property=\"article:published_time\" content=\"2023-11-23T07:52:58+00:00\" \/>\n<meta property=\"og:image\" content=\"https:\/\/fmsb.eu\/wp-content\/uploads\/2023\/11\/2.jpg\" \/>\n\t<meta property=\"og:image:width\" content=\"2000\" \/>\n\t<meta property=\"og:image:height\" content=\"2000\" \/>\n\t<meta property=\"og:image:type\" content=\"image\/jpeg\" \/>\n<meta name=\"author\" content=\"fmsb\" \/>\n<meta name=\"twitter:card\" content=\"summary_large_image\" \/>\n<meta name=\"twitter:creator\" content=\"@fmsb-disstint\" \/>\n<meta name=\"twitter:label1\" content=\"Written by\" \/>\n\t<meta name=\"twitter:data1\" content=\"fmsb\" \/>\n\t<meta name=\"twitter:label2\" content=\"Est. reading time\" \/>\n\t<meta name=\"twitter:data2\" content=\"9 minutes\" \/>\n<script type=\"application\/ld+json\" class=\"yoast-schema-graph\">{\"@context\":\"https:\\\/\\\/schema.org\",\"@graph\":[{\"@type\":\"Article\",\"@id\":\"https:\\\/\\\/fmsb.eu\\\/en\\\/2023\\\/11\\\/23\\\/fin-x-edicion-foro-turismo-ibiza-jorge-sainz-de-baranda\\\/#article\",\"isPartOf\":{\"@id\":\"https:\\\/\\\/fmsb.eu\\\/en\\\/2023\\\/11\\\/23\\\/fin-x-edicion-foro-turismo-ibiza-jorge-sainz-de-baranda\\\/\"},\"author\":{\"name\":\"fmsb\",\"@id\":\"https:\\\/\\\/fmsb.eu\\\/en\\\/#\\\/schema\\\/person\\\/9fba7c70814b0cd34d35d655d36a4ca2\"},\"headline\":\"Finaliza la X Edici\u00f3n del Foro Turismo Ibiza\",\"datePublished\":\"2023-11-23T07:52:58+00:00\",\"mainEntityOfPage\":{\"@id\":\"https:\\\/\\\/fmsb.eu\\\/en\\\/2023\\\/11\\\/23\\\/fin-x-edicion-foro-turismo-ibiza-jorge-sainz-de-baranda\\\/\"},\"wordCount\":1965,\"publisher\":{\"@id\":\"https:\\\/\\\/fmsb.eu\\\/en\\\/#organization\"},\"image\":{\"@id\":\"https:\\\/\\\/fmsb.eu\\\/en\\\/2023\\\/11\\\/23\\\/fin-x-edicion-foro-turismo-ibiza-jorge-sainz-de-baranda\\\/#primaryimage\"},\"thumbnailUrl\":\"https:\\\/\\\/fmsb.eu\\\/wp-content\\\/uploads\\\/2023\\\/11\\\/2.jpg\",\"keywords\":[\"2023\",\"abogados\",\"arquitectura\",\"coloquio sostenibilidad y hoteles\",\"compa\u00f1\u00edas hoteleras\",\"compa\u00f1\u00edas tur\u00edsticas\",\"derecho\",\"diario de ibiza\",\"economistas\",\"eivissa\",\"fiscal\",\"fiscalidad\",\"fmsb\",\"font mora sainz de baranda\",\"hotelera\",\"hoteles\",\"ibiza\",\"illes balears\",\"innovaci\u00f3n tur\u00edstica\",\"islas baleares\",\"jorge sainz de baranda\",\"marketing\",\"rentabilidad\",\"sector hotelero\",\"sostenibildiad\",\"sostenibilidad\",\"tributario\",\"tulum\",\"turismo\",\"turismo sostenible\",\"x foro turismo ibiza\"],\"articleSection\":[\"actualidad\",\"blog\",\"contratos\",\"Derecho Administrativo\",\"Derecho Concursal\",\"Derecho de los consumidores\",\"Derecho Fiscal\",\"Derecho Laboral\",\"Derecho Mercantil\",\"Derecho Urban\u00edstico e Inmobiliario\",\"Home\",\"impuestos\",\"obligaciones\",\"responsabilidad civil\",\"seguro\",\"Turismo\"],\"inLanguage\":\"en-US\"},{\"@type\":\"WebPage\",\"@id\":\"https:\\\/\\\/fmsb.eu\\\/en\\\/2023\\\/11\\\/23\\\/fin-x-edicion-foro-turismo-ibiza-jorge-sainz-de-baranda\\\/\",\"url\":\"https:\\\/\\\/fmsb.eu\\\/en\\\/2023\\\/11\\\/23\\\/fin-x-edicion-foro-turismo-ibiza-jorge-sainz-de-baranda\\\/\",\"name\":\"Finaliza la X Edici\u00f3n del Foro Turismo Ibiza - FMSB Abogados y Economistas en Baleares\",\"isPartOf\":{\"@id\":\"https:\\\/\\\/fmsb.eu\\\/en\\\/#website\"},\"primaryImageOfPage\":{\"@id\":\"https:\\\/\\\/fmsb.eu\\\/en\\\/2023\\\/11\\\/23\\\/fin-x-edicion-foro-turismo-ibiza-jorge-sainz-de-baranda\\\/#primaryimage\"},\"image\":{\"@id\":\"https:\\\/\\\/fmsb.eu\\\/en\\\/2023\\\/11\\\/23\\\/fin-x-edicion-foro-turismo-ibiza-jorge-sainz-de-baranda\\\/#primaryimage\"},\"thumbnailUrl\":\"https:\\\/\\\/fmsb.eu\\\/wp-content\\\/uploads\\\/2023\\\/11\\\/2.jpg\",\"datePublished\":\"2023-11-23T07:52:58+00:00\",\"description\":\"Finaliza el X Foro Turismo Ibiza, con Jorge Sainz de Baranda ponente de la sesi\u00f3n Sostenibilidad: \u00bfinstrumento de marketing o rentabilidad real?\",\"breadcrumb\":{\"@id\":\"https:\\\/\\\/fmsb.eu\\\/en\\\/2023\\\/11\\\/23\\\/fin-x-edicion-foro-turismo-ibiza-jorge-sainz-de-baranda\\\/#breadcrumb\"},\"inLanguage\":\"en-US\",\"potentialAction\":[{\"@type\":\"ReadAction\",\"target\":[\"https:\\\/\\\/fmsb.eu\\\/en\\\/2023\\\/11\\\/23\\\/fin-x-edicion-foro-turismo-ibiza-jorge-sainz-de-baranda\\\/\"]}]},{\"@type\":\"ImageObject\",\"inLanguage\":\"en-US\",\"@id\":\"https:\\\/\\\/fmsb.eu\\\/en\\\/2023\\\/11\\\/23\\\/fin-x-edicion-foro-turismo-ibiza-jorge-sainz-de-baranda\\\/#primaryimage\",\"url\":\"https:\\\/\\\/fmsb.eu\\\/wp-content\\\/uploads\\\/2023\\\/11\\\/2.jpg\",\"contentUrl\":\"https:\\\/\\\/fmsb.eu\\\/wp-content\\\/uploads\\\/2023\\\/11\\\/2.jpg\",\"width\":2000,\"height\":2000},{\"@type\":\"BreadcrumbList\",\"@id\":\"https:\\\/\\\/fmsb.eu\\\/en\\\/2023\\\/11\\\/23\\\/fin-x-edicion-foro-turismo-ibiza-jorge-sainz-de-baranda\\\/#breadcrumb\",\"itemListElement\":[{\"@type\":\"ListItem\",\"position\":1,\"name\":\"Portada\",\"item\":\"https:\\\/\\\/fmsb.eu\\\/en\\\/\"},{\"@type\":\"ListItem\",\"position\":2,\"name\":\"Finaliza la X Edici\u00f3n del Foro Turismo Ibiza\"}]},{\"@type\":\"WebSite\",\"@id\":\"https:\\\/\\\/fmsb.eu\\\/en\\\/#website\",\"url\":\"https:\\\/\\\/fmsb.eu\\\/en\\\/\",\"name\":\"FMSB Abogados y Economistas en Baleares\",\"description\":\"\",\"publisher\":{\"@id\":\"https:\\\/\\\/fmsb.eu\\\/en\\\/#organization\"},\"potentialAction\":[{\"@type\":\"SearchAction\",\"target\":{\"@type\":\"EntryPoint\",\"urlTemplate\":\"https:\\\/\\\/fmsb.eu\\\/en\\\/?s={search_term_string}\"},\"query-input\":{\"@type\":\"PropertyValueSpecification\",\"valueRequired\":true,\"valueName\":\"search_term_string\"}}],\"inLanguage\":\"en-US\"},{\"@type\":\"Organization\",\"@id\":\"https:\\\/\\\/fmsb.eu\\\/en\\\/#organization\",\"name\":\"FMSB Abogados y Economistas en Baleares\",\"url\":\"https:\\\/\\\/fmsb.eu\\\/en\\\/\",\"logo\":{\"@type\":\"ImageObject\",\"inLanguage\":\"en-US\",\"@id\":\"https:\\\/\\\/fmsb.eu\\\/en\\\/#\\\/schema\\\/logo\\\/image\\\/\",\"url\":\"https:\\\/\\\/fmsb.eu\\\/wp-content\\\/uploads\\\/2025\\\/02\\\/logo.svg\",\"contentUrl\":\"https:\\\/\\\/fmsb.eu\\\/wp-content\\\/uploads\\\/2025\\\/02\\\/logo.svg\",\"width\":154,\"height\":52,\"caption\":\"FMSB Abogados y Economistas en Baleares\"},\"image\":{\"@id\":\"https:\\\/\\\/fmsb.eu\\\/en\\\/#\\\/schema\\\/logo\\\/image\\\/\"}},{\"@type\":\"Person\",\"@id\":\"https:\\\/\\\/fmsb.eu\\\/en\\\/#\\\/schema\\\/person\\\/9fba7c70814b0cd34d35d655d36a4ca2\",\"name\":\"fmsb\",\"image\":{\"@type\":\"ImageObject\",\"inLanguage\":\"en-US\",\"@id\":\"https:\\\/\\\/secure.gravatar.com\\\/avatar\\\/426f4d5b0ebcace85460caf87cdaaa193694b611e990615d87a13f322fb7ee7f?s=96&d=mm&r=g\",\"url\":\"https:\\\/\\\/secure.gravatar.com\\\/avatar\\\/426f4d5b0ebcace85460caf87cdaaa193694b611e990615d87a13f322fb7ee7f?s=96&d=mm&r=g\",\"contentUrl\":\"https:\\\/\\\/secure.gravatar.com\\\/avatar\\\/426f4d5b0ebcace85460caf87cdaaa193694b611e990615d87a13f322fb7ee7f?s=96&d=mm&r=g\",\"caption\":\"fmsb\"},\"sameAs\":[\"https:\\\/\\\/x.com\\\/fmsb-disstint\"],\"url\":\"https:\\\/\\\/fmsb.eu\\\/en\\\/author\\\/fmsb\\\/\"}]}<\/script>\n<!-- \/ Yoast SEO plugin. -->","yoast_head_json":{"title":"Finaliza la X Edici\u00f3n del Foro Turismo Ibiza - FMSB Abogados y Economistas en Baleares","description":"Finaliza el X Foro Turismo Ibiza, con Jorge Sainz de Baranda ponente de la sesi\u00f3n Sostenibilidad: \u00bfinstrumento de marketing o rentabilidad real?","robots":{"index":"index","follow":"follow","max-snippet":"max-snippet:-1","max-image-preview":"max-image-preview:large","max-video-preview":"max-video-preview:-1"},"canonical":"https:\/\/fmsb.eu\/en\/2023\/11\/23\/fin-x-edicion-foro-turismo-ibiza-jorge-sainz-de-baranda\/","og_locale":"en_US","og_type":"article","og_title":"Finaliza la X Edici\u00f3n del Foro Turismo Ibiza - FMSB Abogados y Economistas en Baleares","og_description":"Finaliza el X Foro Turismo Ibiza, con Jorge Sainz de Baranda ponente de la sesi\u00f3n Sostenibilidad: \u00bfinstrumento de marketing o rentabilidad real?","og_url":"https:\/\/fmsb.eu\/en\/2023\/11\/23\/fin-x-edicion-foro-turismo-ibiza-jorge-sainz-de-baranda\/","og_site_name":"FMSB Abogados y Economistas en Baleares","article_published_time":"2023-11-23T07:52:58+00:00","og_image":[{"width":2000,"height":2000,"url":"https:\/\/fmsb.eu\/wp-content\/uploads\/2023\/11\/2.jpg","type":"image\/jpeg"}],"author":"fmsb","twitter_card":"summary_large_image","twitter_creator":"@fmsb-disstint","twitter_misc":{"Written by":"fmsb","Est. reading time":"9 minutes"},"schema":{"@context":"https:\/\/schema.org","@graph":[{"@type":"Article","@id":"https:\/\/fmsb.eu\/en\/2023\/11\/23\/fin-x-edicion-foro-turismo-ibiza-jorge-sainz-de-baranda\/#article","isPartOf":{"@id":"https:\/\/fmsb.eu\/en\/2023\/11\/23\/fin-x-edicion-foro-turismo-ibiza-jorge-sainz-de-baranda\/"},"author":{"name":"fmsb","@id":"https:\/\/fmsb.eu\/en\/#\/schema\/person\/9fba7c70814b0cd34d35d655d36a4ca2"},"headline":"Finaliza la X Edici\u00f3n del Foro Turismo Ibiza","datePublished":"2023-11-23T07:52:58+00:00","mainEntityOfPage":{"@id":"https:\/\/fmsb.eu\/en\/2023\/11\/23\/fin-x-edicion-foro-turismo-ibiza-jorge-sainz-de-baranda\/"},"wordCount":1965,"publisher":{"@id":"https:\/\/fmsb.eu\/en\/#organization"},"image":{"@id":"https:\/\/fmsb.eu\/en\/2023\/11\/23\/fin-x-edicion-foro-turismo-ibiza-jorge-sainz-de-baranda\/#primaryimage"},"thumbnailUrl":"https:\/\/fmsb.eu\/wp-content\/uploads\/2023\/11\/2.jpg","keywords":["2023","abogados","arquitectura","coloquio sostenibilidad y hoteles","compa\u00f1\u00edas hoteleras","compa\u00f1\u00edas tur\u00edsticas","derecho","diario de ibiza","economistas","eivissa","fiscal","fiscalidad","fmsb","font mora sainz de baranda","hotelera","hoteles","ibiza","illes balears","innovaci\u00f3n tur\u00edstica","islas baleares","jorge sainz de baranda","marketing","rentabilidad","sector hotelero","sostenibildiad","sostenibilidad","tributario","tulum","turismo","turismo sostenible","x foro turismo ibiza"],"articleSection":["actualidad","blog","contratos","Derecho Administrativo","Derecho Concursal","Derecho de los consumidores","Derecho Fiscal","Derecho Laboral","Derecho Mercantil","Derecho Urban\u00edstico e Inmobiliario","Home","impuestos","obligaciones","responsabilidad civil","seguro","Turismo"],"inLanguage":"en-US"},{"@type":"WebPage","@id":"https:\/\/fmsb.eu\/en\/2023\/11\/23\/fin-x-edicion-foro-turismo-ibiza-jorge-sainz-de-baranda\/","url":"https:\/\/fmsb.eu\/en\/2023\/11\/23\/fin-x-edicion-foro-turismo-ibiza-jorge-sainz-de-baranda\/","name":"Finaliza la X Edici\u00f3n del Foro Turismo Ibiza - FMSB Abogados y Economistas en Baleares","isPartOf":{"@id":"https:\/\/fmsb.eu\/en\/#website"},"primaryImageOfPage":{"@id":"https:\/\/fmsb.eu\/en\/2023\/11\/23\/fin-x-edicion-foro-turismo-ibiza-jorge-sainz-de-baranda\/#primaryimage"},"image":{"@id":"https:\/\/fmsb.eu\/en\/2023\/11\/23\/fin-x-edicion-foro-turismo-ibiza-jorge-sainz-de-baranda\/#primaryimage"},"thumbnailUrl":"https:\/\/fmsb.eu\/wp-content\/uploads\/2023\/11\/2.jpg","datePublished":"2023-11-23T07:52:58+00:00","description":"Finaliza el X Foro Turismo Ibiza, con Jorge Sainz de Baranda ponente de la sesi\u00f3n Sostenibilidad: \u00bfinstrumento de marketing o rentabilidad real?","breadcrumb":{"@id":"https:\/\/fmsb.eu\/en\/2023\/11\/23\/fin-x-edicion-foro-turismo-ibiza-jorge-sainz-de-baranda\/#breadcrumb"},"inLanguage":"en-US","potentialAction":[{"@type":"ReadAction","target":["https:\/\/fmsb.eu\/en\/2023\/11\/23\/fin-x-edicion-foro-turismo-ibiza-jorge-sainz-de-baranda\/"]}]},{"@type":"ImageObject","inLanguage":"en-US","@id":"https:\/\/fmsb.eu\/en\/2023\/11\/23\/fin-x-edicion-foro-turismo-ibiza-jorge-sainz-de-baranda\/#primaryimage","url":"https:\/\/fmsb.eu\/wp-content\/uploads\/2023\/11\/2.jpg","contentUrl":"https:\/\/fmsb.eu\/wp-content\/uploads\/2023\/11\/2.jpg","width":2000,"height":2000},{"@type":"BreadcrumbList","@id":"https:\/\/fmsb.eu\/en\/2023\/11\/23\/fin-x-edicion-foro-turismo-ibiza-jorge-sainz-de-baranda\/#breadcrumb","itemListElement":[{"@type":"ListItem","position":1,"name":"Portada","item":"https:\/\/fmsb.eu\/en\/"},{"@type":"ListItem","position":2,"name":"Finaliza la X Edici\u00f3n del Foro Turismo Ibiza"}]},{"@type":"WebSite","@id":"https:\/\/fmsb.eu\/en\/#website","url":"https:\/\/fmsb.eu\/en\/","name":"FMSB Abogados y Economistas en Baleares","description":"","publisher":{"@id":"https:\/\/fmsb.eu\/en\/#organization"},"potentialAction":[{"@type":"SearchAction","target":{"@type":"EntryPoint","urlTemplate":"https:\/\/fmsb.eu\/en\/?s={search_term_string}"},"query-input":{"@type":"PropertyValueSpecification","valueRequired":true,"valueName":"search_term_string"}}],"inLanguage":"en-US"},{"@type":"Organization","@id":"https:\/\/fmsb.eu\/en\/#organization","name":"FMSB Abogados y Economistas en Baleares","url":"https:\/\/fmsb.eu\/en\/","logo":{"@type":"ImageObject","inLanguage":"en-US","@id":"https:\/\/fmsb.eu\/en\/#\/schema\/logo\/image\/","url":"https:\/\/fmsb.eu\/wp-content\/uploads\/2025\/02\/logo.svg","contentUrl":"https:\/\/fmsb.eu\/wp-content\/uploads\/2025\/02\/logo.svg","width":154,"height":52,"caption":"FMSB Abogados y Economistas en Baleares"},"image":{"@id":"https:\/\/fmsb.eu\/en\/#\/schema\/logo\/image\/"}},{"@type":"Person","@id":"https:\/\/fmsb.eu\/en\/#\/schema\/person\/9fba7c70814b0cd34d35d655d36a4ca2","name":"fmsb","image":{"@type":"ImageObject","inLanguage":"en-US","@id":"https:\/\/secure.gravatar.com\/avatar\/426f4d5b0ebcace85460caf87cdaaa193694b611e990615d87a13f322fb7ee7f?s=96&d=mm&r=g","url":"https:\/\/secure.gravatar.com\/avatar\/426f4d5b0ebcace85460caf87cdaaa193694b611e990615d87a13f322fb7ee7f?s=96&d=mm&r=g","contentUrl":"https:\/\/secure.gravatar.com\/avatar\/426f4d5b0ebcace85460caf87cdaaa193694b611e990615d87a13f322fb7ee7f?s=96&d=mm&r=g","caption":"fmsb"},"sameAs":["https:\/\/x.com\/fmsb-disstint"],"url":"https:\/\/fmsb.eu\/en\/author\/fmsb\/"}]}},"_links":{"self":[{"href":"https:\/\/fmsb.eu\/en\/wp-json\/wp\/v2\/posts\/11072","targetHints":{"allow":["GET"]}}],"collection":[{"href":"https:\/\/fmsb.eu\/en\/wp-json\/wp\/v2\/posts"}],"about":[{"href":"https:\/\/fmsb.eu\/en\/wp-json\/wp\/v2\/types\/post"}],"author":[{"embeddable":true,"href":"https:\/\/fmsb.eu\/en\/wp-json\/wp\/v2\/users\/2"}],"replies":[{"embeddable":true,"href":"https:\/\/fmsb.eu\/en\/wp-json\/wp\/v2\/comments?post=11072"}],"version-history":[{"count":0,"href":"https:\/\/fmsb.eu\/en\/wp-json\/wp\/v2\/posts\/11072\/revisions"}],"wp:featuredmedia":[{"embeddable":true,"href":"https:\/\/fmsb.eu\/en\/wp-json\/wp\/v2\/media\/10258"}],"wp:attachment":[{"href":"https:\/\/fmsb.eu\/en\/wp-json\/wp\/v2\/media?parent=11072"}],"wp:term":[{"taxonomy":"category","embeddable":true,"href":"https:\/\/fmsb.eu\/en\/wp-json\/wp\/v2\/categories?post=11072"},{"taxonomy":"post_tag","embeddable":true,"href":"https:\/\/fmsb.eu\/en\/wp-json\/wp\/v2\/tags?post=11072"}],"curies":[{"name":"wp","href":"https:\/\/api.w.org\/{rel}","templated":true}]}}