{"id":11162,"date":"2023-06-01T11:09:09","date_gmt":"2023-06-01T09:09:09","guid":{"rendered":"http:\/\/fmsb.disstintbeta.com\/2023\/06\/01\/novedades-modelos-cuentas-anuales-2022-deposito-registro-mercantil\/"},"modified":"2023-06-01T11:09:09","modified_gmt":"2023-06-01T09:09:09","slug":"novedades-modelos-cuentas-anuales-2022-deposito-registro-mercantil","status":"publish","type":"post","link":"https:\/\/fmsb.eu\/en\/2023\/06\/01\/novedades-modelos-cuentas-anuales-2022-deposito-registro-mercantil\/","title":{"rendered":"Novedades en los modelos de Cuentas Anuales de 2022 para su dep\u00f3sito en el Registro Mercantil"},"content":{"rendered":"<p><a href=\"http:\/\/fmsb.disstintbeta.com\/wp-content\/uploads\/2023\/06\/FMSB-aprobados-nuevos-modelos-de-cuentas-anuales-1.jpg\"><img fetchpriority=\"high\" decoding=\"async\" class=\"alignnone wp-image-6992\" src=\"http:\/\/fmsb.disstintbeta.com\/wp-content\/uploads\/2023\/06\/FMSB-aprobados-nuevos-modelos-de-cuentas-anuales-1.jpg\" alt=\"\" width=\"800\" height=\"800\" srcset=\"https:\/\/font-mora-sainz-baranda.fra1.digitaloceanspaces.com\/wp-content\/uploads\/2023\/06\/FMSB-aprobados-nuevos-modelos-de-cuentas-anuales-1.jpg 2000w, https:\/\/font-mora-sainz-baranda.fra1.digitaloceanspaces.com\/wp-content\/uploads\/2023\/06\/FMSB-aprobados-nuevos-modelos-de-cuentas-anuales-1-300x300.jpg 300w, https:\/\/font-mora-sainz-baranda.fra1.digitaloceanspaces.com\/wp-content\/uploads\/2023\/06\/FMSB-aprobados-nuevos-modelos-de-cuentas-anuales-1-1024x1024.jpg 1024w, https:\/\/font-mora-sainz-baranda.fra1.digitaloceanspaces.com\/wp-content\/uploads\/2023\/06\/FMSB-aprobados-nuevos-modelos-de-cuentas-anuales-1-150x150.jpg 150w, https:\/\/font-mora-sainz-baranda.fra1.digitaloceanspaces.com\/wp-content\/uploads\/2023\/06\/FMSB-aprobados-nuevos-modelos-de-cuentas-anuales-1-768x768.jpg 768w, https:\/\/font-mora-sainz-baranda.fra1.digitaloceanspaces.com\/wp-content\/uploads\/2023\/06\/FMSB-aprobados-nuevos-modelos-de-cuentas-anuales-1-1536x1536.jpg 1536w\" sizes=\"(max-width: 800px) 100vw, 800px\" \/><\/a><\/p>\n<h1><strong><span style=\"color: #5a50a6;\">Novedades en los modelos de Cuentas Anuales de 2022 para su dep\u00f3sito en el Registro Mercantil<\/span><\/strong><\/h1>\n<p>Con fecha 30 de mayo de 2023 ha sido publicada la\u00a0<a href=\"https:\/\/www.boe.es\/diario_boe\/txt.php?id=BOE-A-2023-12665\"><strong><span style=\"color: #5a50a6;\">Resoluci\u00f3n de 18 de mayo de 2023<\/span><\/strong><\/a><span style=\"color: #5a50a6;\"><em>, <\/em><\/span><span style=\"color: #5a50a6;\">de la Direcci\u00f3n General de Seguridad Jur\u00eddica y Fe P\u00fablica<\/span><em><span style=\"color: #5a50a6;\">, referida a los modelos para la presentaci\u00f3n en el Registro Mercantil de las cuentas anuales de los sujetos obligados a su publicaci\u00f3n<\/span>.<\/em><\/p>\n<p>Existen <strong>algunos cambios<\/strong> a tener en cuenta en la presentaci\u00f3n a partir de la entrada en vigor de esa resoluci\u00f3n, aun cuando muchas empresas ya han procedido a la presentaci\u00f3n de cuentas del ejercicio 2022.<\/p>\n<p>Los nuevos modelos entran en vigor el 30 de mayo de 2023, por lo que la presentaci\u00f3n del deposito de cuentas anuales del ejercicio 2022, deber\u00e1 tener en cuenta esas modificaciones. Si no es as\u00ed, se expone a posibles notificaciones de defectos que habr\u00e1 que subsanar.<\/p>\n<p>Respecto a los cambios de las\u00a0<strong>cuentas anuales individuales<\/strong>,\u00a0destacamos los siguientes:<\/p>\n<h2><strong><span style=\"color: #5a50a6;\">Cambios que afectan a todos los modelos de cuentas, tanto Normal, como abreviado o PYME<\/span><\/strong><\/h2>\n<ul>\n<li>Se elimina la hoja COVID<\/li>\n<li>Se ha incluido el porcentaje de mujeres en el \u00d3rgano de Administraci\u00f3n.<\/li>\n<li>Mejor identificaci\u00f3n de los datos de las personas f\u00edsicas, identificando el pa\u00eds de expedici\u00f3n y el tipo de documento.<\/li>\n<li>Identificaci\u00f3n del control a trav\u00e9s de la participaci\u00f3n en el capital o control a trav\u00e9s de derechos de voto.<\/li>\n<li>Cambios en la hoja Medioambiental. <strong>Con car\u00e1cter voluntario<\/strong>, las empresas podr\u00e1n reportar cinco indicadores clave en materia medioambiental, como son los datos relativos a las emisiones de CO2 en sus tres alcances, y los consumos de agua y electricidad respectivamente<\/li>\n<\/ul>\n<h2><strong><span style=\"color: #5a50a6;\">Cambios espec\u00edficos en el Modelo Normal<\/span><\/strong><\/h2>\n<p>Contenido de la\u00a0<strong>memoria normal<\/strong>:<\/p>\n<ul>\n<li>Base de presentaci\u00f3n de las cuentas anuales: se elimina la frase final que hac\u00eda referencia, para las cuentas de 2021, a las disposiciones transitorias del Real Decreto 1\/2021, de 12 de enero, por el que se modifican el Plan General de Contabilidad aprobado por el Real Decreto 1514\/2007, de 16 de noviembre; el Plan General de Contabilidad de Peque\u00f1as y Medianas Empresas aprobado por el Real Decreto 1515\/2007, de 16 de noviembre; las Normas para la Formulaci\u00f3n de Cuentas Anuales Consolidadas aprobadas por el Real Decreto 1159\/2010, de 17 de septiembre; y las normas de adaptaci\u00f3n del Plan General de Contabilidad a las entidades sin fines lucrativos aprobadas por el Real Decreto 1491\/2011, de 24 de octubre.<\/li>\n<li>El literal \u00abpasivos financieros coste amortizado o coste\u00bb dentro de las categor\u00edas, pasa a ser \u00abpasivos financieros a coste amortizado\u00bb.<\/li>\n<li>En el apartado de Honorarios del auditor, se separa la parte de honorarios de auditor\u00eda de la de otros servicios prestados por el auditor, dentro de los que, adem\u00e1s de los honorarios por asesor\u00eda fiscal se a\u00f1aden los correspondientes a otros servicios.<\/li>\n<li>Se eliminan los test correspondientes a la hoja COVID.<\/li>\n<\/ul>\n<h2><span style=\"color: #5a50a6;\"><strong>Cambios en el Modelo abreviado<\/strong><\/span><\/h2>\n<ul>\n<li>Contenido de la\u00a0<strong>memoria abreviada<\/strong>: en la nota \u00ab2-Bases\u00bb de presentaci\u00f3n de las cuentas anuales, se elimina la frase final que hac\u00eda referencia a las disposiciones transitorias para las cuentas de 2021, del citado Real Decreto 1\/2021, de 12 de enero.<\/li>\n<li>Definici\u00f3n de los\u00a0<strong>test de errores<\/strong>: Se modifican los test de errores de la hoja de titularidad real en l\u00ednea con los cambios mencionados anteriormente y se eliminan los test correspondientes a la hoja COVID.<\/li>\n<\/ul>\n<p>Advertir de que ser\u00e1 necesario descargar de nuevo el modelo D2, en la p\u00e1gina del Registro Mercantil, para tener actualizados esos cambios.<\/p>\n<h2><strong><span style=\"color: #5a50a6;\">Las fechas a tener en cuenta<\/span><br \/>\n<\/strong><\/h2>\n<p>Recuerde que a los efectos de elaboraci\u00f3n y formulaci\u00f3n de <strong>Cuentas Anuales<\/strong>, para su aprobaci\u00f3n y para su dep\u00f3sito, as\u00ed como para la legalizaci\u00f3n de <strong>Libros Contables<\/strong>, las expuestas a continuaci\u00f3n son las fechas que se deben tener en cuenta, salvo que el ejercicio econ\u00f3mico de la empresa no coincida con el a\u00f1o natural, son:<\/p>\n<ul>\n<li><strong>Para la elaboraci\u00f3n y formulaci\u00f3n de cuentas anuales<\/strong>: 1 de marzo del a\u00f1o siguiente (3 meses posteriores al cierre).<\/li>\n<li><strong>Para la legalizaci\u00f3n de los libros contables<\/strong> (libro diario, libro de inventarios y cuentas anuales): hasta el 30 de abril de 2023 (4 meses despu\u00e9s del cierre).<\/li>\n<li><strong>Para la aprobaci\u00f3n de las cuentas anuales<\/strong>: hasta el 30 de junio de 2023 (6 meses posteriores al cierre).<\/li>\n<li><strong>Para el dep\u00f3sito de cuentas<\/strong>: hasta el 30 de julio de 2023.<\/li>\n<\/ul>\n<p>Y no olvides visitar el el blog de <strong>Font Mora Sainz de Baranda<\/strong> &#8211;<em>abogados y economistas<\/em>-, donde puedes leer otras noticias en relaci\u00f3n con el <span style=\"color: #5a50a6;\"><strong>Derecho<\/strong> <a style=\"color: #5a50a6;\" href=\"https:\/\/www.fmsb.eu\/?s=mercantil\"><strong><span style=\"color: #5a50a6;\">mercantil<\/span><\/strong><\/a> <\/span>o <span style=\"color: #5a50a6;\"><a style=\"color: #5a50a6;\" href=\"https:\/\/www.fmsb.eu\/?s=tributario\"><strong>tributario<\/strong><\/a><\/span>, entre otros.<\/p>\n<p><a href=\"http:\/\/fmsb.disstintbeta.com\/wp-content\/uploads\/2023\/06\/2.jpg\"><img decoding=\"async\" class=\"alignnone wp-image-6989\" src=\"http:\/\/fmsb.disstintbeta.com\/wp-content\/uploads\/2023\/06\/2.jpg\" alt=\"\" width=\"400\" height=\"400\" srcset=\"https:\/\/font-mora-sainz-baranda.fra1.digitaloceanspaces.com\/wp-content\/uploads\/2023\/06\/2.jpg 2000w, https:\/\/font-mora-sainz-baranda.fra1.digitaloceanspaces.com\/wp-content\/uploads\/2023\/06\/2-300x300.jpg 300w, https:\/\/font-mora-sainz-baranda.fra1.digitaloceanspaces.com\/wp-content\/uploads\/2023\/06\/2-1024x1024.jpg 1024w, https:\/\/font-mora-sainz-baranda.fra1.digitaloceanspaces.com\/wp-content\/uploads\/2023\/06\/2-150x150.jpg 150w, https:\/\/font-mora-sainz-baranda.fra1.digitaloceanspaces.com\/wp-content\/uploads\/2023\/06\/2-768x768.jpg 768w, https:\/\/font-mora-sainz-baranda.fra1.digitaloceanspaces.com\/wp-content\/uploads\/2023\/06\/2-1536x1536.jpg 1536w\" sizes=\"(max-width: 400px) 100vw, 400px\" \/><\/a><\/p>\n<hr \/>\n<p><span style=\"color: #999999;\">#fmsb #abogados #economistas #derecho #mercantil #tributario #obligaciones #empresas #sociedades #cuentas #anuales #identificaci\u00f3n #titularidadreal #legalizaci\u00f3n #libros #baleares #mallorca #menorca #ibiza #formentera #palma #elarenal #manacor #portdandratx #law #lawyers #solicitors<\/span><\/p>\n","protected":false},"excerpt":{"rendered":"<p>Novedades en los modelos de Cuentas Anuales de 2022 para su dep\u00f3sito en el Registro Mercantil Con fecha 30 de mayo de 2023 ha sido publicada la\u00a0Resoluci\u00f3n de 18 de mayo de 2023, de la Direcci\u00f3n General de Seguridad Jur\u00eddica y Fe P\u00fablica, referida a los modelos para la presentaci\u00f3n en el Registro Mercantil de [&hellip;]<\/p>\n","protected":false},"author":2,"featured_media":10098,"comment_status":"closed","ping_status":"open","sticky":false,"template":"","format":"standard","meta":{"footnotes":""},"categories":[2148,2149,2249,2151,2152],"tags":[4444,2156,3464,4445,4446,4447,4448,4449,4450,2169,4451,2173,2174,2175,4452,2273,4453,4454,2181,2182,4455,2184,4456,4457,4458,4459,2286,4460,2186,2190,2795,3759,4171,4461],"class_list":["post-11162","post","type-post","status-publish","format-standard","has-post-thumbnail","hentry","category-actualidad-en","category-blog-en-2","category-derecho-administrativo-en","category-derecho-urbanistico-inmobiliario-en","category-home-en-2","tag-2022-en","tag-abogados-en","tag-administracion-en","tag-anuales-en","tag-aprobacion-de-cuentas-anuales-en","tag-cuentas-en","tag-cuentas-anuales-2022-en","tag-deposito-en","tag-deposito-de-cuentas-en","tag-el-arenal-en","tag-elaboracion-y-formulacion-en","tag-fmsb-en","tag-font-mora-sainz-de-baranda-en","tag-ibiza-en-2","tag-identificacion-en","tag-islas-baleares-en","tag-legalizacion-en","tag-libros-contables-en","tag-mallorca-en-2","tag-manacor-en","tag-medioambiente-en","tag-menorca-en-2","tag-mujeres-en","tag-obligaciones-mercantiles-en","tag-obligaciones-tributarias-en","tag-organos-de-administracion-en","tag-palma-en","tag-porcentaje-en","tag-port-dandratx-en","tag-puerto-de-andratx-en","tag-sancion-en","tag-sociedades-en","tag-suelo-en","tag-titularidad-real-en"],"yoast_head":"<!-- This site is optimized with the Yoast SEO plugin v27.3 - https:\/\/yoast.com\/product\/yoast-seo-wordpress\/ -->\n<title>Novedades en los modelos de Cuentas Anuales de 2022 para su dep\u00f3sito en el Registro Mercantil - FMSB Abogados y Economistas en Baleares<\/title>\n<meta name=\"description\" content=\"Novedades en los modelos de Cuentas Anuales de 2022 para su dep\u00f3sito en el Registro Mercantil. Conoce los cambios en el blog de FMSB\" \/>\n<meta name=\"robots\" content=\"index, follow, max-snippet:-1, max-image-preview:large, max-video-preview:-1\" \/>\n<link rel=\"canonical\" href=\"https:\/\/fmsb.eu\/en\/2023\/06\/01\/novedades-modelos-cuentas-anuales-2022-deposito-registro-mercantil\/\" \/>\n<meta property=\"og:locale\" content=\"en_US\" \/>\n<meta property=\"og:type\" content=\"article\" \/>\n<meta property=\"og:title\" content=\"Novedades en los modelos de Cuentas Anuales de 2022 para su dep\u00f3sito en el Registro Mercantil - FMSB Abogados y Economistas en Baleares\" \/>\n<meta property=\"og:description\" content=\"Novedades en los modelos de Cuentas Anuales de 2022 para su dep\u00f3sito en el Registro Mercantil. Conoce los cambios en el blog de FMSB\" \/>\n<meta property=\"og:url\" content=\"https:\/\/fmsb.eu\/en\/2023\/06\/01\/novedades-modelos-cuentas-anuales-2022-deposito-registro-mercantil\/\" \/>\n<meta property=\"og:site_name\" content=\"FMSB Abogados y Economistas en Baleares\" \/>\n<meta property=\"article:published_time\" content=\"2023-06-01T09:09:09+00:00\" \/>\n<meta property=\"og:image\" content=\"https:\/\/fmsb.eu\/wp-content\/uploads\/2023\/06\/2.jpg\" \/>\n\t<meta property=\"og:image:width\" content=\"2000\" \/>\n\t<meta property=\"og:image:height\" content=\"2000\" \/>\n\t<meta property=\"og:image:type\" content=\"image\/jpeg\" \/>\n<meta name=\"author\" content=\"fmsb\" \/>\n<meta name=\"twitter:card\" content=\"summary_large_image\" \/>\n<meta name=\"twitter:creator\" content=\"@fmsb-disstint\" \/>\n<meta name=\"twitter:label1\" content=\"Written by\" \/>\n\t<meta name=\"twitter:data1\" content=\"fmsb\" \/>\n\t<meta name=\"twitter:label2\" content=\"Est. reading time\" \/>\n\t<meta name=\"twitter:data2\" content=\"4 minutes\" \/>\n<script type=\"application\/ld+json\" class=\"yoast-schema-graph\">{\"@context\":\"https:\\\/\\\/schema.org\",\"@graph\":[{\"@type\":\"Article\",\"@id\":\"https:\\\/\\\/fmsb.eu\\\/en\\\/2023\\\/06\\\/01\\\/novedades-modelos-cuentas-anuales-2022-deposito-registro-mercantil\\\/#article\",\"isPartOf\":{\"@id\":\"https:\\\/\\\/fmsb.eu\\\/en\\\/2023\\\/06\\\/01\\\/novedades-modelos-cuentas-anuales-2022-deposito-registro-mercantil\\\/\"},\"author\":{\"name\":\"fmsb\",\"@id\":\"https:\\\/\\\/fmsb.eu\\\/en\\\/#\\\/schema\\\/person\\\/9fba7c70814b0cd34d35d655d36a4ca2\"},\"headline\":\"Novedades en los modelos de Cuentas Anuales de 2022 para su dep\u00f3sito en el Registro Mercantil\",\"datePublished\":\"2023-06-01T09:09:09+00:00\",\"mainEntityOfPage\":{\"@id\":\"https:\\\/\\\/fmsb.eu\\\/en\\\/2023\\\/06\\\/01\\\/novedades-modelos-cuentas-anuales-2022-deposito-registro-mercantil\\\/\"},\"wordCount\":806,\"publisher\":{\"@id\":\"https:\\\/\\\/fmsb.eu\\\/en\\\/#organization\"},\"image\":{\"@id\":\"https:\\\/\\\/fmsb.eu\\\/en\\\/2023\\\/06\\\/01\\\/novedades-modelos-cuentas-anuales-2022-deposito-registro-mercantil\\\/#primaryimage\"},\"thumbnailUrl\":\"https:\\\/\\\/fmsb.eu\\\/wp-content\\\/uploads\\\/2023\\\/06\\\/2.jpg\",\"keywords\":[\"2022\",\"abogados\",\"Administraci\u00f3n\",\"anuales\",\"aprobaci\u00f3n de cuentas anuales\",\"cuentas\",\"cuentas anuales 2022\",\"dep\u00f3sito\",\"dep\u00f3sito de cuentas\",\"el arenal\",\"elaboraci\u00f3n y formulaci\u00f3n\",\"fmsb\",\"font mora sainz de baranda\",\"ibiza\",\"identificaci\u00f3n\",\"islas baleares\",\"legalizaci\u00f3n\",\"libros contables\",\"mallorca\",\"Manacor\",\"medioambiente\",\"menorca\",\"mujeres\",\"obligaciones mercantiles\",\"obligaciones tributarias\",\"organos de administraci\u00f3n\",\"Palma\",\"porcentaje\",\"port d&#8217;andratx\",\"puerto de andratx\",\"sanci\u00f3n\",\"sociedades\",\"suelo\",\"titularidad real\"],\"articleSection\":[\"actualidad\",\"blog\",\"Derecho Administrativo\",\"Derecho Urban\u00edstico e Inmobiliario\",\"Home\"],\"inLanguage\":\"en-US\"},{\"@type\":\"WebPage\",\"@id\":\"https:\\\/\\\/fmsb.eu\\\/en\\\/2023\\\/06\\\/01\\\/novedades-modelos-cuentas-anuales-2022-deposito-registro-mercantil\\\/\",\"url\":\"https:\\\/\\\/fmsb.eu\\\/en\\\/2023\\\/06\\\/01\\\/novedades-modelos-cuentas-anuales-2022-deposito-registro-mercantil\\\/\",\"name\":\"Novedades en los modelos de Cuentas Anuales de 2022 para su dep\u00f3sito en el Registro Mercantil - FMSB Abogados y Economistas en Baleares\",\"isPartOf\":{\"@id\":\"https:\\\/\\\/fmsb.eu\\\/en\\\/#website\"},\"primaryImageOfPage\":{\"@id\":\"https:\\\/\\\/fmsb.eu\\\/en\\\/2023\\\/06\\\/01\\\/novedades-modelos-cuentas-anuales-2022-deposito-registro-mercantil\\\/#primaryimage\"},\"image\":{\"@id\":\"https:\\\/\\\/fmsb.eu\\\/en\\\/2023\\\/06\\\/01\\\/novedades-modelos-cuentas-anuales-2022-deposito-registro-mercantil\\\/#primaryimage\"},\"thumbnailUrl\":\"https:\\\/\\\/fmsb.eu\\\/wp-content\\\/uploads\\\/2023\\\/06\\\/2.jpg\",\"datePublished\":\"2023-06-01T09:09:09+00:00\",\"description\":\"Novedades en los modelos de Cuentas Anuales de 2022 para su dep\u00f3sito en el Registro Mercantil. Conoce los cambios en el blog de FMSB\",\"breadcrumb\":{\"@id\":\"https:\\\/\\\/fmsb.eu\\\/en\\\/2023\\\/06\\\/01\\\/novedades-modelos-cuentas-anuales-2022-deposito-registro-mercantil\\\/#breadcrumb\"},\"inLanguage\":\"en-US\",\"potentialAction\":[{\"@type\":\"ReadAction\",\"target\":[\"https:\\\/\\\/fmsb.eu\\\/en\\\/2023\\\/06\\\/01\\\/novedades-modelos-cuentas-anuales-2022-deposito-registro-mercantil\\\/\"]}]},{\"@type\":\"ImageObject\",\"inLanguage\":\"en-US\",\"@id\":\"https:\\\/\\\/fmsb.eu\\\/en\\\/2023\\\/06\\\/01\\\/novedades-modelos-cuentas-anuales-2022-deposito-registro-mercantil\\\/#primaryimage\",\"url\":\"https:\\\/\\\/fmsb.eu\\\/wp-content\\\/uploads\\\/2023\\\/06\\\/2.jpg\",\"contentUrl\":\"https:\\\/\\\/fmsb.eu\\\/wp-content\\\/uploads\\\/2023\\\/06\\\/2.jpg\",\"width\":2000,\"height\":2000},{\"@type\":\"BreadcrumbList\",\"@id\":\"https:\\\/\\\/fmsb.eu\\\/en\\\/2023\\\/06\\\/01\\\/novedades-modelos-cuentas-anuales-2022-deposito-registro-mercantil\\\/#breadcrumb\",\"itemListElement\":[{\"@type\":\"ListItem\",\"position\":1,\"name\":\"Portada\",\"item\":\"https:\\\/\\\/fmsb.eu\\\/en\\\/\"},{\"@type\":\"ListItem\",\"position\":2,\"name\":\"Novedades en los modelos de Cuentas Anuales de 2022 para su dep\u00f3sito en el Registro Mercantil\"}]},{\"@type\":\"WebSite\",\"@id\":\"https:\\\/\\\/fmsb.eu\\\/en\\\/#website\",\"url\":\"https:\\\/\\\/fmsb.eu\\\/en\\\/\",\"name\":\"FMSB Abogados y Economistas en Baleares\",\"description\":\"\",\"publisher\":{\"@id\":\"https:\\\/\\\/fmsb.eu\\\/en\\\/#organization\"},\"potentialAction\":[{\"@type\":\"SearchAction\",\"target\":{\"@type\":\"EntryPoint\",\"urlTemplate\":\"https:\\\/\\\/fmsb.eu\\\/en\\\/?s={search_term_string}\"},\"query-input\":{\"@type\":\"PropertyValueSpecification\",\"valueRequired\":true,\"valueName\":\"search_term_string\"}}],\"inLanguage\":\"en-US\"},{\"@type\":\"Organization\",\"@id\":\"https:\\\/\\\/fmsb.eu\\\/en\\\/#organization\",\"name\":\"FMSB Abogados y Economistas en Baleares\",\"url\":\"https:\\\/\\\/fmsb.eu\\\/en\\\/\",\"logo\":{\"@type\":\"ImageObject\",\"inLanguage\":\"en-US\",\"@id\":\"https:\\\/\\\/fmsb.eu\\\/en\\\/#\\\/schema\\\/logo\\\/image\\\/\",\"url\":\"https:\\\/\\\/fmsb.eu\\\/wp-content\\\/uploads\\\/2025\\\/02\\\/logo.svg\",\"contentUrl\":\"https:\\\/\\\/fmsb.eu\\\/wp-content\\\/uploads\\\/2025\\\/02\\\/logo.svg\",\"width\":154,\"height\":52,\"caption\":\"FMSB Abogados y Economistas en Baleares\"},\"image\":{\"@id\":\"https:\\\/\\\/fmsb.eu\\\/en\\\/#\\\/schema\\\/logo\\\/image\\\/\"}},{\"@type\":\"Person\",\"@id\":\"https:\\\/\\\/fmsb.eu\\\/en\\\/#\\\/schema\\\/person\\\/9fba7c70814b0cd34d35d655d36a4ca2\",\"name\":\"fmsb\",\"image\":{\"@type\":\"ImageObject\",\"inLanguage\":\"en-US\",\"@id\":\"https:\\\/\\\/secure.gravatar.com\\\/avatar\\\/426f4d5b0ebcace85460caf87cdaaa193694b611e990615d87a13f322fb7ee7f?s=96&d=mm&r=g\",\"url\":\"https:\\\/\\\/secure.gravatar.com\\\/avatar\\\/426f4d5b0ebcace85460caf87cdaaa193694b611e990615d87a13f322fb7ee7f?s=96&d=mm&r=g\",\"contentUrl\":\"https:\\\/\\\/secure.gravatar.com\\\/avatar\\\/426f4d5b0ebcace85460caf87cdaaa193694b611e990615d87a13f322fb7ee7f?s=96&d=mm&r=g\",\"caption\":\"fmsb\"},\"sameAs\":[\"https:\\\/\\\/x.com\\\/fmsb-disstint\"],\"url\":\"https:\\\/\\\/fmsb.eu\\\/en\\\/author\\\/fmsb\\\/\"}]}<\/script>\n<!-- \/ Yoast SEO plugin. -->","yoast_head_json":{"title":"Novedades en los modelos de Cuentas Anuales de 2022 para su dep\u00f3sito en el Registro Mercantil - FMSB Abogados y Economistas en Baleares","description":"Novedades en los modelos de Cuentas Anuales de 2022 para su dep\u00f3sito en el Registro Mercantil. Conoce los cambios en el blog de FMSB","robots":{"index":"index","follow":"follow","max-snippet":"max-snippet:-1","max-image-preview":"max-image-preview:large","max-video-preview":"max-video-preview:-1"},"canonical":"https:\/\/fmsb.eu\/en\/2023\/06\/01\/novedades-modelos-cuentas-anuales-2022-deposito-registro-mercantil\/","og_locale":"en_US","og_type":"article","og_title":"Novedades en los modelos de Cuentas Anuales de 2022 para su dep\u00f3sito en el Registro Mercantil - FMSB Abogados y Economistas en Baleares","og_description":"Novedades en los modelos de Cuentas Anuales de 2022 para su dep\u00f3sito en el Registro Mercantil. Conoce los cambios en el blog de FMSB","og_url":"https:\/\/fmsb.eu\/en\/2023\/06\/01\/novedades-modelos-cuentas-anuales-2022-deposito-registro-mercantil\/","og_site_name":"FMSB Abogados y Economistas en Baleares","article_published_time":"2023-06-01T09:09:09+00:00","og_image":[{"width":2000,"height":2000,"url":"https:\/\/fmsb.eu\/wp-content\/uploads\/2023\/06\/2.jpg","type":"image\/jpeg"}],"author":"fmsb","twitter_card":"summary_large_image","twitter_creator":"@fmsb-disstint","twitter_misc":{"Written by":"fmsb","Est. reading time":"4 minutes"},"schema":{"@context":"https:\/\/schema.org","@graph":[{"@type":"Article","@id":"https:\/\/fmsb.eu\/en\/2023\/06\/01\/novedades-modelos-cuentas-anuales-2022-deposito-registro-mercantil\/#article","isPartOf":{"@id":"https:\/\/fmsb.eu\/en\/2023\/06\/01\/novedades-modelos-cuentas-anuales-2022-deposito-registro-mercantil\/"},"author":{"name":"fmsb","@id":"https:\/\/fmsb.eu\/en\/#\/schema\/person\/9fba7c70814b0cd34d35d655d36a4ca2"},"headline":"Novedades en los modelos de Cuentas Anuales de 2022 para su dep\u00f3sito en el Registro Mercantil","datePublished":"2023-06-01T09:09:09+00:00","mainEntityOfPage":{"@id":"https:\/\/fmsb.eu\/en\/2023\/06\/01\/novedades-modelos-cuentas-anuales-2022-deposito-registro-mercantil\/"},"wordCount":806,"publisher":{"@id":"https:\/\/fmsb.eu\/en\/#organization"},"image":{"@id":"https:\/\/fmsb.eu\/en\/2023\/06\/01\/novedades-modelos-cuentas-anuales-2022-deposito-registro-mercantil\/#primaryimage"},"thumbnailUrl":"https:\/\/fmsb.eu\/wp-content\/uploads\/2023\/06\/2.jpg","keywords":["2022","abogados","Administraci\u00f3n","anuales","aprobaci\u00f3n de cuentas anuales","cuentas","cuentas anuales 2022","dep\u00f3sito","dep\u00f3sito de cuentas","el arenal","elaboraci\u00f3n y formulaci\u00f3n","fmsb","font mora sainz de baranda","ibiza","identificaci\u00f3n","islas baleares","legalizaci\u00f3n","libros contables","mallorca","Manacor","medioambiente","menorca","mujeres","obligaciones mercantiles","obligaciones tributarias","organos de administraci\u00f3n","Palma","porcentaje","port d&#8217;andratx","puerto de andratx","sanci\u00f3n","sociedades","suelo","titularidad real"],"articleSection":["actualidad","blog","Derecho Administrativo","Derecho Urban\u00edstico e Inmobiliario","Home"],"inLanguage":"en-US"},{"@type":"WebPage","@id":"https:\/\/fmsb.eu\/en\/2023\/06\/01\/novedades-modelos-cuentas-anuales-2022-deposito-registro-mercantil\/","url":"https:\/\/fmsb.eu\/en\/2023\/06\/01\/novedades-modelos-cuentas-anuales-2022-deposito-registro-mercantil\/","name":"Novedades en los modelos de Cuentas Anuales de 2022 para su dep\u00f3sito en el Registro Mercantil - FMSB Abogados y Economistas en Baleares","isPartOf":{"@id":"https:\/\/fmsb.eu\/en\/#website"},"primaryImageOfPage":{"@id":"https:\/\/fmsb.eu\/en\/2023\/06\/01\/novedades-modelos-cuentas-anuales-2022-deposito-registro-mercantil\/#primaryimage"},"image":{"@id":"https:\/\/fmsb.eu\/en\/2023\/06\/01\/novedades-modelos-cuentas-anuales-2022-deposito-registro-mercantil\/#primaryimage"},"thumbnailUrl":"https:\/\/fmsb.eu\/wp-content\/uploads\/2023\/06\/2.jpg","datePublished":"2023-06-01T09:09:09+00:00","description":"Novedades en los modelos de Cuentas Anuales de 2022 para su dep\u00f3sito en el Registro Mercantil. Conoce los cambios en el blog de FMSB","breadcrumb":{"@id":"https:\/\/fmsb.eu\/en\/2023\/06\/01\/novedades-modelos-cuentas-anuales-2022-deposito-registro-mercantil\/#breadcrumb"},"inLanguage":"en-US","potentialAction":[{"@type":"ReadAction","target":["https:\/\/fmsb.eu\/en\/2023\/06\/01\/novedades-modelos-cuentas-anuales-2022-deposito-registro-mercantil\/"]}]},{"@type":"ImageObject","inLanguage":"en-US","@id":"https:\/\/fmsb.eu\/en\/2023\/06\/01\/novedades-modelos-cuentas-anuales-2022-deposito-registro-mercantil\/#primaryimage","url":"https:\/\/fmsb.eu\/wp-content\/uploads\/2023\/06\/2.jpg","contentUrl":"https:\/\/fmsb.eu\/wp-content\/uploads\/2023\/06\/2.jpg","width":2000,"height":2000},{"@type":"BreadcrumbList","@id":"https:\/\/fmsb.eu\/en\/2023\/06\/01\/novedades-modelos-cuentas-anuales-2022-deposito-registro-mercantil\/#breadcrumb","itemListElement":[{"@type":"ListItem","position":1,"name":"Portada","item":"https:\/\/fmsb.eu\/en\/"},{"@type":"ListItem","position":2,"name":"Novedades en los modelos de Cuentas Anuales de 2022 para su dep\u00f3sito en el Registro Mercantil"}]},{"@type":"WebSite","@id":"https:\/\/fmsb.eu\/en\/#website","url":"https:\/\/fmsb.eu\/en\/","name":"FMSB Abogados y Economistas en Baleares","description":"","publisher":{"@id":"https:\/\/fmsb.eu\/en\/#organization"},"potentialAction":[{"@type":"SearchAction","target":{"@type":"EntryPoint","urlTemplate":"https:\/\/fmsb.eu\/en\/?s={search_term_string}"},"query-input":{"@type":"PropertyValueSpecification","valueRequired":true,"valueName":"search_term_string"}}],"inLanguage":"en-US"},{"@type":"Organization","@id":"https:\/\/fmsb.eu\/en\/#organization","name":"FMSB Abogados y Economistas en Baleares","url":"https:\/\/fmsb.eu\/en\/","logo":{"@type":"ImageObject","inLanguage":"en-US","@id":"https:\/\/fmsb.eu\/en\/#\/schema\/logo\/image\/","url":"https:\/\/fmsb.eu\/wp-content\/uploads\/2025\/02\/logo.svg","contentUrl":"https:\/\/fmsb.eu\/wp-content\/uploads\/2025\/02\/logo.svg","width":154,"height":52,"caption":"FMSB Abogados y Economistas en Baleares"},"image":{"@id":"https:\/\/fmsb.eu\/en\/#\/schema\/logo\/image\/"}},{"@type":"Person","@id":"https:\/\/fmsb.eu\/en\/#\/schema\/person\/9fba7c70814b0cd34d35d655d36a4ca2","name":"fmsb","image":{"@type":"ImageObject","inLanguage":"en-US","@id":"https:\/\/secure.gravatar.com\/avatar\/426f4d5b0ebcace85460caf87cdaaa193694b611e990615d87a13f322fb7ee7f?s=96&d=mm&r=g","url":"https:\/\/secure.gravatar.com\/avatar\/426f4d5b0ebcace85460caf87cdaaa193694b611e990615d87a13f322fb7ee7f?s=96&d=mm&r=g","contentUrl":"https:\/\/secure.gravatar.com\/avatar\/426f4d5b0ebcace85460caf87cdaaa193694b611e990615d87a13f322fb7ee7f?s=96&d=mm&r=g","caption":"fmsb"},"sameAs":["https:\/\/x.com\/fmsb-disstint"],"url":"https:\/\/fmsb.eu\/en\/author\/fmsb\/"}]}},"_links":{"self":[{"href":"https:\/\/fmsb.eu\/en\/wp-json\/wp\/v2\/posts\/11162","targetHints":{"allow":["GET"]}}],"collection":[{"href":"https:\/\/fmsb.eu\/en\/wp-json\/wp\/v2\/posts"}],"about":[{"href":"https:\/\/fmsb.eu\/en\/wp-json\/wp\/v2\/types\/post"}],"author":[{"embeddable":true,"href":"https:\/\/fmsb.eu\/en\/wp-json\/wp\/v2\/users\/2"}],"replies":[{"embeddable":true,"href":"https:\/\/fmsb.eu\/en\/wp-json\/wp\/v2\/comments?post=11162"}],"version-history":[{"count":0,"href":"https:\/\/fmsb.eu\/en\/wp-json\/wp\/v2\/posts\/11162\/revisions"}],"wp:featuredmedia":[{"embeddable":true,"href":"https:\/\/fmsb.eu\/en\/wp-json\/wp\/v2\/media\/10098"}],"wp:attachment":[{"href":"https:\/\/fmsb.eu\/en\/wp-json\/wp\/v2\/media?parent=11162"}],"wp:term":[{"taxonomy":"category","embeddable":true,"href":"https:\/\/fmsb.eu\/en\/wp-json\/wp\/v2\/categories?post=11162"},{"taxonomy":"post_tag","embeddable":true,"href":"https:\/\/fmsb.eu\/en\/wp-json\/wp\/v2\/tags?post=11162"}],"curies":[{"name":"wp","href":"https:\/\/api.w.org\/{rel}","templated":true}]}}