{"id":11166,"date":"2023-05-24T18:22:50","date_gmt":"2023-05-24T16:22:50","guid":{"rendered":"http:\/\/fmsb.disstintbeta.com\/2023\/05\/24\/en-las-negligencias-medicas-responde-el-franquiciado\/"},"modified":"2023-05-24T18:22:50","modified_gmt":"2023-05-24T16:22:50","slug":"en-las-negligencias-medicas-responde-el-franquiciado","status":"publish","type":"post","link":"https:\/\/fmsb.eu\/en\/2023\/05\/24\/en-las-negligencias-medicas-responde-el-franquiciado\/","title":{"rendered":"Es responsable el franquiciado que ha realizado el tratamiento en caso de negligencia m\u00e9dica"},"content":{"rendered":"<h1><a href=\"http:\/\/fmsb.disstintbeta.com\/wp-content\/uploads\/2023\/05\/FMSB-negligencias-medicas-franquiciador-franquiciado.jpg\"><img fetchpriority=\"high\" decoding=\"async\" class=\"alignnone wp-image-6971\" src=\"http:\/\/fmsb.disstintbeta.com\/wp-content\/uploads\/2023\/05\/FMSB-negligencias-medicas-franquiciador-franquiciado.jpg\" alt=\"\" width=\"800\" height=\"800\" srcset=\"https:\/\/font-mora-sainz-baranda.fra1.digitaloceanspaces.com\/wp-content\/uploads\/2023\/05\/FMSB-negligencias-medicas-franquiciador-franquiciado.jpg 2000w, https:\/\/font-mora-sainz-baranda.fra1.digitaloceanspaces.com\/wp-content\/uploads\/2023\/05\/FMSB-negligencias-medicas-franquiciador-franquiciado-300x300.jpg 300w, https:\/\/font-mora-sainz-baranda.fra1.digitaloceanspaces.com\/wp-content\/uploads\/2023\/05\/FMSB-negligencias-medicas-franquiciador-franquiciado-1024x1024.jpg 1024w, https:\/\/font-mora-sainz-baranda.fra1.digitaloceanspaces.com\/wp-content\/uploads\/2023\/05\/FMSB-negligencias-medicas-franquiciador-franquiciado-150x150.jpg 150w, https:\/\/font-mora-sainz-baranda.fra1.digitaloceanspaces.com\/wp-content\/uploads\/2023\/05\/FMSB-negligencias-medicas-franquiciador-franquiciado-768x768.jpg 768w, https:\/\/font-mora-sainz-baranda.fra1.digitaloceanspaces.com\/wp-content\/uploads\/2023\/05\/FMSB-negligencias-medicas-franquiciador-franquiciado-1536x1536.jpg 1536w\" sizes=\"(max-width: 800px) 100vw, 800px\" \/><\/a><\/h1>\n<h1><span class=\"WdYUQQ\" style=\"color: #4a91d4;\"><strong>Es responsable el <span style=\"color: #4a91d4;\">franquiciado<\/span> que ha realizado el tratamiento en caso de negligencia m\u00e9dica y no el franquiciador<br \/>\n<\/strong><\/span><\/h1>\n<p>Recientemente un Juzgado no ha estimado la reclamaci\u00f3n contra una empresa franquiciadora de una bien conocida marca de cl\u00ednicas dentales interpuesta por un paciente descontento con el tratamiento realizado por una de las cl\u00ednicas franquiciadas de dicha marca. El Juzgado ha entendido que el paciente deber\u00eda haber fijado como demandado en su escrito de demanda, no a la empresa franquiciadora, sino a la empresa franquiciada, esto es, a la concreta cl\u00ednica en que le fue realizado el tratamiento a su juicio mal ejecutado y con resultado da\u00f1oso, que est\u00e1 en el origen a la controversia. Esta, pues, ha sido la causa por la que se ha desestimado la demanda: la falta de legitimaci\u00f3n pasiva en atenci\u00f3n a la doctrina fijada por nuestro Tribunal Supremo (TS) hace escasos a\u00f1os, en la <strong><span style=\"color: #4a91d4;\"><a style=\"color: #4a91d4;\" href=\"http:\/\/fmsb.disstintbeta.com\/wp-content\/uploads\/2023\/05\/STS_634_2021.pdf\">sentencia 98\/2021, de 23 de febrero<\/a><\/span><\/strong> (<a href=\"http:\/\/fmsb.disstintbeta.com\/wp-content\/uploads\/2023\/05\/STS_634_2021.pdf\">haz clic para ver la resoluci\u00f3n<\/a>), por la cual se hace responsable al franquiciado y, a su vez, se exonera al franquiciador, cuando el actuar del franquiciado genera un perjuicio al cliente.<\/p>\n<p>Puedes leer m\u00e1s sobre esta noticia en el portal <a href=\"https:\/\/confilegal.com\/20230524-en-las-negligencias-medicas-responde-el-franquiciado-no-el-franquiciador\/\"><strong><span style=\"color: #333399;\"><span style=\"color: #4a91d4;\">Confilegal<\/span><\/span><\/strong><\/a> (haz clic para ir la fuente directamente) o a continuaci\u00f3n:<\/p>\n<p>&nbsp;<\/p>\n<hr \/>\n<h1 class=\"nj_documento_titulo\"><span style=\"color: #4a91d4;\"><strong>En las negligencias m\u00e9dicas responde el franquiciado, no el franquiciador<\/strong><\/span><\/h1>\n<h2 class=\"nj_documento_subtitulo\"><span style=\"color: #4a91d4;\">Es la doctrina establecida por el Supremo en febrero de 2021, sobre la que todav\u00eda existe un gran desconocimiento<\/span><\/h2>\n<p><span style=\"color: #099ab5;\"><strong><span style=\"color: #4a91d4;\">FUENTE: <a style=\"color: #4a91d4;\" href=\"https:\/\/confilegal.com\/20230524-en-las-negligencias-medicas-responde-el-franquiciado-no-el-franquiciador\/\">Confilegal<\/a> AUTOR: <\/span><a href=\"https:\/\/confilegal.com\/autor\/rmoreno\/\"><span style=\"color: #333399;\"><span style=\"color: #4a91d4;\">Rosalina Moreno<\/span><\/span><\/a><\/strong><\/span><\/p>\n<p>El Juzgado de Primera Instancia n\u00famero 1 de Puerto Real (C\u00e1diz) ha desestimado una demanda por presunta negligencia m\u00e9dica contra la empresa Inversiones Odontol\u00f3gicas SL -franquiciadora de la marca Vitaldent-, estimando la excepci\u00f3n de falta de legitimaci\u00f3n pasiva, por no haber demandado a la empresa franquiciada, Trasgulla Odontol\u00f3gica S.L, que era la que le realiz\u00f3 al paciente el tratamiento.<\/p>\n<p>Esto es as\u00ed en aplicaci\u00f3n de la doctrina establecida por el Tribunal Supremo (TS) en la <a href=\"https:\/\/vlex.es\/vid\/861737773\">sentencia 98\/2021, de 23 de febrero<\/a>, que hace responsable al franquiciado y exonera al franquiciador cuando la actividad del primero causa un da\u00f1o a los clientes.<\/p>\n<h2><span style=\"color: #4a91d4;\"><strong>Cuando se present\u00f3 la demanda, la doctrina era justo lo contrario<\/strong><\/span><\/h2>\n<p>\u00bfEs un error del abogado el no haber presentado la demanda contra ambos?\u00a0 \u00ab<em>Al principio puede parecer que es un error, pero las sentencias que invoqu\u00e9 en la demanda, que datan de 2009, 2012 y 2013 son favorables a mi tesis. Sostienen que cuando acude alguien a Vitaldent o Bucalclinic es por la atractiva publicidad que el franquiciador sufraga y paga<\/em>\u00bb, declara a Confilegal el letrado<strong> Jos\u00e9 Luis Ortiz Miranda<\/strong>, socio director de Bufete Ortiz Miranda, de C\u00e1diz, quien lleva la direcci\u00f3n jur\u00eddica del caso.<\/p>\n<p>La demanda fue presentada el 10 de noviembre de 2020. \u00abEntonces, la doctrina era justo lo contrario\u00bb, manifiesta Ortiz.<\/p>\n<p>\u00ab<em>Las sentencias anteriores a 2021 establecen que el franquiciador debe responder porque vende la imagen de la marca y que, por tanto, cuando alguien contrata con Vitaldent para que le arregle la boca es por la campa\u00f1a publicitaria tan agresiva que est\u00e1 haciendo en las televisiones y en los medios de comunicaci\u00f3n escritos<\/em>\u00bb, precisa.<\/p>\n<p>Como expone este letrado, la citada sentencia de febrero de 2021, que \u00e9l ha conocido ahora con esta resoluci\u00f3n, dictada el pasado 12 de mayo (86\/2023), y de la que afirma que \u00abexiste mucho desconocimiento\u00bb, dice que \u00abindependientemente de todo, el que responde del da\u00f1o m\u00e9dico negligente es quien causa el da\u00f1o\u00bb.<\/p>\n<p>\u00ab\u00bf<em>Y qui\u00e9n causa el da\u00f1o? La empresa franquiciada, que es quien asigna un dentista, que es quien \u00abarregla\u00bb la boca a este hombre y le\u00a0colocaron tres implantes y se le cayeron los tres. Tambi\u00e9n le pusieron una dentadura postiza de quita y pon, de la que tambi\u00e9n se le rompieron los anclajes y le destrozaron la boca<\/em>\u00bb, expone Jos\u00e9 Luis Ortiz.<\/p>\n<p>As\u00ed las cosas, el letrado ahora va a presentar una nueva demanda contra la sociedad que regenta el negocio.<\/p>\n<p>\u00ab<em>Muchas veces, en esta profesi\u00f3n, se aprende m\u00e1s de los errores que de los \u00e9xitos, para mejorar cada d\u00eda. Y todos los d\u00edas se aprende algo nuevo, porque yo no pod\u00eda prever que el Supremo iba a rectificar su doctrina en materia de responsabilidad m\u00e9dica entre franquiciados y franquiciadores, como, de hecho hizo<\/em>\u00bb, declara Jos\u00e9 Luis Ortiz.<\/p>\n<p>\u00abValiente cura de humildad me han dado\u00bb, concluye.<\/p>\n<h2><span style=\"color: #4a91d4;\"><strong>Todo lo que establece la sentencia del Supremo<\/strong><\/span><\/h2>\n<p>Como explica la magistrada <strong>Mar\u00eda Vanessa Rico Fern\u00e1ndez <\/strong>en su resoluci\u00f3n, la Sala de lo Civil del TS, en la sentencia n\u00famero 98\/2021, de 23 de febrero,\u00a0 establece que no hay responsabilidad del franquiciador por el da\u00f1o ocasionado por el franquiciado a un cliente suyo por el incumplimiento del contrato de prestaci\u00f3n de un servicio dental pagado cuando el franquiciador es ajeno a dicho servicio prestado.<\/p>\n<p>La mencionada sentencia, de la que fue ponente el magistrado <strong>\u00a0Rafael Saraz\u00e1 Jimena<\/strong>, indica que la cuesti\u00f3n que se discut\u00eda en dicho recurso era si el franquiciador es responsable frente a los clientes del franquiciado cuando la actividad de este causa un da\u00f1o a estos clientes.<\/p>\n<p>\u00ab<em>En concreto, s\u00ed es responsable cuando el da\u00f1o es consecuencia del incumplimiento del contrato celebrado entre el franquiciado y el cliente para la prestaci\u00f3n de servicios de odontolog\u00eda porque el franquiciado no finaliz\u00f3 los servicios contratados y pagados por adelantado por el cliente<\/em>\u00bb, explica el Supremo.<\/p>\n<p>En dicha sentencia, el TS no consider\u00f3 correcto uno de los argumentos empleados por la Audiencia Provincial para desestimar la acci\u00f3n dirigida contra el franquiciador, que es la existencia de una cl\u00e1usula en el contrato de franquicia, seg\u00fan la cual \u00abel franquiciador no ser\u00e1 responsable de las consecuencias que pudieran derivarse de la actividad comercial del franquiciado\u00bb.<\/p>\n<p>Seg\u00fan el Alto Tribunal, sin perjuicio de la trascendencia que dicha cl\u00e1usula pueda tener en las relaciones internas entre franquiciador y franquiciado, no puede pretenderse que tal cl\u00e1usula exoneratoria, o una declaraci\u00f3n formal de \u00abindependencia\u00bb entre franquiciador y franquiciado que no respondiera a la configuraci\u00f3n real de las relaciones contractuales entre las partes en el contrato de franquicia, despliegue sus efectos frente a terceros, los clientes del franquiciado, que no han sido parte en el contrato.<\/p>\n<p>\u00abHabr\u00e1 que examinar cu\u00e1l es el da\u00f1o causado al cliente y qu\u00e9 intervenci\u00f3n ha podido tener el franquiciador en su causaci\u00f3n, para decidir si este debe o no responder solidariamente junto con el franquiciado\u00bb, apunt\u00f3.<\/p>\n<p>En aquel caso analizado por el Supremo, el da\u00f1o se deriva de la no finalizaci\u00f3n del tratamiento odontol\u00f3gico contratado por el cliente con el franquiciado y pagado en su totalidad por adelantado.<\/p>\n<p>\u00abLa naturaleza de esta conducta antijur\u00eddica del franquiciado causante del da\u00f1o a su cliente no permite hacer responsable al franquiciador, puesto que la misma escapa al \u00e1mbito de su actuaci\u00f3n en el contrato de franquicia celebrado por las partes\u00bb, declara.<\/p>\n<p>Tambi\u00e9n destac\u00f3 que no consta que el da\u00f1o sufrido por el demandante sea consecuencia de las directrices e instrucciones impartidas por el franquiciador al franquiciado; no deriva de un defectuoso <em>know-how<\/em> transmitido en el contrato de franquicia o de una defectuosa asistencia t\u00e9cnica o formativa.<\/p>\n<p>\u00abNo es consecuencia de la elecci\u00f3n como franquiciado de quien no dispon\u00eda de los medios personales o materiales adecuados para llevar a cabo la actividad franquiciada o de la imposici\u00f3n al franquiciado de determinados productos o determinados suministradores de los mismos. No estamos tampoco en un da\u00f1o atribuible a una publicidad enga\u00f1osa o inexacta realizada por el franquiciador respecto de los servicios de sus franquiciados\u00bb, argumenta.<\/p>\n<p>El Supremo explica que tampoco las facultades de supervisi\u00f3n del franquiciador previstas en el contrato pueden impedir que un franquiciado deje inconcluso el tratamiento contratado por un cliente, ni que el franquiciado cese en su actividad por entrar en un estado de insolvencia.<\/p>\n<p>\u00abEl uso por el franquiciado de la denominaci\u00f3n o r\u00f3tulo com\u00fan (Cl\u00ednicas VitalDent) u otros derechos de propiedad intelectual o industrial y de una presentaci\u00f3n uniforme, inherente al contrato de franquicia, no basta por s\u00ed solo para atribuir al franquiciador responsabilidad por las consecuencias de las actuaciones il\u00edcitas en que incurra el franquiciado\u00bb, expone.<\/p>\n<p>Por otra parte, indica que en el caso objeto del recurso, en el presupuesto aceptado por el demandante aparec\u00eda claramente identificado quien lo exped\u00eda.<\/p>\n<p>Tambi\u00e9n destaca que el hecho de que el franquiciador haya venido cobrando el canon de la franquicia al franquiciado, o que haya cobrado tambi\u00e9n las pr\u00f3tesis y dem\u00e1s productos que ha suministrado al franquiciado, como resalta el recurrente, \u00abno lo hacen responsable de las consecuencias de los incumplimientos contractuales del franquiciado respecto de sus clientes ni obliga al franquiciador a dar a los clientes de sus franquiciados una soluci\u00f3n ante tales incumplimientos\u00bb.\u00a0\u00abEn definitiva, no concurre ninguna circunstancia que permita hacer responsable al franquiciador de las consecuencias del incumplimiento contractual imputable al franquiciado y del da\u00f1o, patrimonial y moral, que tal incumplimiento caus\u00f3 al demandante\u00bb, sentenci\u00f3.<\/p>\n<p>&nbsp;<\/p>\n<hr \/>\n<p><span style=\"color: #999999;\">#FMSB #FontMoraSainzdeBaranda #abogados #economistas #derecho #da\u00f1os #franquicia #franquiciador #franquiciado #indemnizaci\u00f3n #reclamaci\u00f3n #negligenciam\u00e9dica #negligencias #Responsabilidad #palma #mallorca #menorca #ibiza #baleares #manacor #elarenal #portdandratx #inca #law #lawyers #solicitors<br \/>\n<\/span><\/p>\n","protected":false},"excerpt":{"rendered":"<p>Es responsable el franquiciado que ha realizado el tratamiento en caso de negligencia m\u00e9dica y no el franquiciador Recientemente un Juzgado no ha estimado la reclamaci\u00f3n contra una empresa franquiciadora de una bien conocida marca de cl\u00ednicas dentales interpuesta por un paciente descontento con el tratamiento realizado por una de las cl\u00ednicas franquiciadas de dicha [&hellip;]<\/p>\n","protected":false},"author":2,"featured_media":10094,"comment_status":"closed","ping_status":"open","sticky":false,"template":"","format":"standard","meta":{"footnotes":""},"categories":[2149,2406,2150,2770,2152,2521],"tags":[4480,4481,2158,4482,2535,2168,4244,2173,2174,4483,4484,4485,2175,2181,2182,2184,4486,4487,2286,2186,2548,4488],"class_list":["post-11166","post","type-post","status-publish","format-standard","has-post-thumbnail","hentry","category-blog-en-2","category-consumidores-y-usuarios-en","category-derecho-civil-en","category-derecho-de-danos-en","category-home-en-2","category-responsabilidad-patrimonial-de-la-administracion-en","tag-abogado-derecho-de-danos-en","tag-abogado-responsabilidad-civil-en","tag-baleares-en","tag-clinica-en","tag-derecho-de-danos-en","tag-economistas-en","tag-elarenal-en","tag-fmsb-en","tag-font-mora-sainz-de-baranda-en","tag-franquicia-en","tag-franquiciado-en","tag-franquiciador-en","tag-ibiza-en-2","tag-mallorca-en-2","tag-manacor-en","tag-menorca-en-2","tag-negligencia-medica-en","tag-negligencias-en","tag-palma-en","tag-port-dandratx-en","tag-reclamacion-en","tag-tratamiento-en"],"yoast_head":"<!-- This site is optimized with the Yoast SEO plugin v27.3 - https:\/\/yoast.com\/product\/yoast-seo-wordpress\/ -->\n<title>Es responsable el franquiciado que ha realizado el tratamiento en caso de negligencia m\u00e9dica - FMSB Abogados y Economistas en Baleares<\/title>\n<meta name=\"description\" content=\"En las negligencias m\u00e9dicas responde el franquiciado que ha realizado el tratamiento y no el franquiciador\" \/>\n<meta name=\"robots\" content=\"index, follow, max-snippet:-1, max-image-preview:large, max-video-preview:-1\" \/>\n<link rel=\"canonical\" href=\"https:\/\/fmsb.eu\/en\/2023\/05\/24\/en-las-negligencias-medicas-responde-el-franquiciado\/\" \/>\n<meta property=\"og:locale\" content=\"en_US\" \/>\n<meta property=\"og:type\" content=\"article\" \/>\n<meta property=\"og:title\" content=\"Es responsable el franquiciado que ha realizado el tratamiento en caso de negligencia m\u00e9dica - FMSB Abogados y Economistas en Baleares\" \/>\n<meta property=\"og:description\" content=\"En las negligencias m\u00e9dicas responde el franquiciado que ha realizado el tratamiento y no el franquiciador\" \/>\n<meta property=\"og:url\" content=\"https:\/\/fmsb.eu\/en\/2023\/05\/24\/en-las-negligencias-medicas-responde-el-franquiciado\/\" \/>\n<meta property=\"og:site_name\" content=\"FMSB Abogados y Economistas en Baleares\" \/>\n<meta property=\"article:published_time\" content=\"2023-05-24T16:22:50+00:00\" \/>\n<meta property=\"og:image\" content=\"https:\/\/fmsb.eu\/wp-content\/uploads\/2023\/05\/FMSB-negligencias-medicas-franquiciador-franquiciado.jpg\" \/>\n\t<meta property=\"og:image:width\" content=\"2000\" \/>\n\t<meta property=\"og:image:height\" content=\"2000\" \/>\n\t<meta property=\"og:image:type\" content=\"image\/jpeg\" \/>\n<meta name=\"author\" content=\"fmsb\" \/>\n<meta name=\"twitter:card\" content=\"summary_large_image\" \/>\n<meta name=\"twitter:creator\" content=\"@fmsb-disstint\" \/>\n<meta name=\"twitter:label1\" content=\"Written by\" \/>\n\t<meta name=\"twitter:data1\" content=\"fmsb\" \/>\n\t<meta name=\"twitter:label2\" content=\"Est. reading time\" \/>\n\t<meta name=\"twitter:data2\" content=\"7 minutes\" \/>\n<script type=\"application\/ld+json\" class=\"yoast-schema-graph\">{\"@context\":\"https:\\\/\\\/schema.org\",\"@graph\":[{\"@type\":\"Article\",\"@id\":\"https:\\\/\\\/fmsb.eu\\\/en\\\/2023\\\/05\\\/24\\\/en-las-negligencias-medicas-responde-el-franquiciado\\\/#article\",\"isPartOf\":{\"@id\":\"https:\\\/\\\/fmsb.eu\\\/en\\\/2023\\\/05\\\/24\\\/en-las-negligencias-medicas-responde-el-franquiciado\\\/\"},\"author\":{\"name\":\"fmsb\",\"@id\":\"https:\\\/\\\/fmsb.eu\\\/en\\\/#\\\/schema\\\/person\\\/9fba7c70814b0cd34d35d655d36a4ca2\"},\"headline\":\"Es responsable el franquiciado que ha realizado el tratamiento en caso de negligencia m\u00e9dica\",\"datePublished\":\"2023-05-24T16:22:50+00:00\",\"mainEntityOfPage\":{\"@id\":\"https:\\\/\\\/fmsb.eu\\\/en\\\/2023\\\/05\\\/24\\\/en-las-negligencias-medicas-responde-el-franquiciado\\\/\"},\"wordCount\":1579,\"publisher\":{\"@id\":\"https:\\\/\\\/fmsb.eu\\\/en\\\/#organization\"},\"image\":{\"@id\":\"https:\\\/\\\/fmsb.eu\\\/en\\\/2023\\\/05\\\/24\\\/en-las-negligencias-medicas-responde-el-franquiciado\\\/#primaryimage\"},\"thumbnailUrl\":\"https:\\\/\\\/fmsb.eu\\\/wp-content\\\/uploads\\\/2023\\\/05\\\/FMSB-negligencias-medicas-franquiciador-franquiciado.jpg\",\"keywords\":[\"abogado derecho de da\u00f1os\",\"abogado responsabilidad civil\",\"baleares\",\"cl\u00ednica\",\"derecho de da\u00f1os\",\"economistas\",\"elarenal\",\"fmsb\",\"font mora sainz de baranda\",\"franquicia\",\"franquiciado\",\"franquiciador\",\"ibiza\",\"mallorca\",\"Manacor\",\"menorca\",\"negligencia m\u00e9dica\",\"negligencias\",\"Palma\",\"port d&#8217;andratx\",\"reclamaci\u00f3n\",\"tratamiento\"],\"articleSection\":[\"blog\",\"Consumidores y Usuarios\",\"Derecho Civil\",\"derecho de da\u00f1os\",\"Home\",\"responsabilidad patrimonial de la administraci\u00f3n\"],\"inLanguage\":\"en-US\"},{\"@type\":\"WebPage\",\"@id\":\"https:\\\/\\\/fmsb.eu\\\/en\\\/2023\\\/05\\\/24\\\/en-las-negligencias-medicas-responde-el-franquiciado\\\/\",\"url\":\"https:\\\/\\\/fmsb.eu\\\/en\\\/2023\\\/05\\\/24\\\/en-las-negligencias-medicas-responde-el-franquiciado\\\/\",\"name\":\"Es responsable el franquiciado que ha realizado el tratamiento en caso de negligencia m\u00e9dica - FMSB Abogados y Economistas en Baleares\",\"isPartOf\":{\"@id\":\"https:\\\/\\\/fmsb.eu\\\/en\\\/#website\"},\"primaryImageOfPage\":{\"@id\":\"https:\\\/\\\/fmsb.eu\\\/en\\\/2023\\\/05\\\/24\\\/en-las-negligencias-medicas-responde-el-franquiciado\\\/#primaryimage\"},\"image\":{\"@id\":\"https:\\\/\\\/fmsb.eu\\\/en\\\/2023\\\/05\\\/24\\\/en-las-negligencias-medicas-responde-el-franquiciado\\\/#primaryimage\"},\"thumbnailUrl\":\"https:\\\/\\\/fmsb.eu\\\/wp-content\\\/uploads\\\/2023\\\/05\\\/FMSB-negligencias-medicas-franquiciador-franquiciado.jpg\",\"datePublished\":\"2023-05-24T16:22:50+00:00\",\"description\":\"En las negligencias m\u00e9dicas responde el franquiciado que ha realizado el tratamiento y no el franquiciador\",\"breadcrumb\":{\"@id\":\"https:\\\/\\\/fmsb.eu\\\/en\\\/2023\\\/05\\\/24\\\/en-las-negligencias-medicas-responde-el-franquiciado\\\/#breadcrumb\"},\"inLanguage\":\"en-US\",\"potentialAction\":[{\"@type\":\"ReadAction\",\"target\":[\"https:\\\/\\\/fmsb.eu\\\/en\\\/2023\\\/05\\\/24\\\/en-las-negligencias-medicas-responde-el-franquiciado\\\/\"]}]},{\"@type\":\"ImageObject\",\"inLanguage\":\"en-US\",\"@id\":\"https:\\\/\\\/fmsb.eu\\\/en\\\/2023\\\/05\\\/24\\\/en-las-negligencias-medicas-responde-el-franquiciado\\\/#primaryimage\",\"url\":\"https:\\\/\\\/fmsb.eu\\\/wp-content\\\/uploads\\\/2023\\\/05\\\/FMSB-negligencias-medicas-franquiciador-franquiciado.jpg\",\"contentUrl\":\"https:\\\/\\\/fmsb.eu\\\/wp-content\\\/uploads\\\/2023\\\/05\\\/FMSB-negligencias-medicas-franquiciador-franquiciado.jpg\",\"width\":2000,\"height\":2000},{\"@type\":\"BreadcrumbList\",\"@id\":\"https:\\\/\\\/fmsb.eu\\\/en\\\/2023\\\/05\\\/24\\\/en-las-negligencias-medicas-responde-el-franquiciado\\\/#breadcrumb\",\"itemListElement\":[{\"@type\":\"ListItem\",\"position\":1,\"name\":\"Portada\",\"item\":\"https:\\\/\\\/fmsb.eu\\\/en\\\/\"},{\"@type\":\"ListItem\",\"position\":2,\"name\":\"Es responsable el franquiciado que ha realizado el tratamiento en caso de negligencia m\u00e9dica\"}]},{\"@type\":\"WebSite\",\"@id\":\"https:\\\/\\\/fmsb.eu\\\/en\\\/#website\",\"url\":\"https:\\\/\\\/fmsb.eu\\\/en\\\/\",\"name\":\"FMSB Abogados y Economistas en Baleares\",\"description\":\"\",\"publisher\":{\"@id\":\"https:\\\/\\\/fmsb.eu\\\/en\\\/#organization\"},\"potentialAction\":[{\"@type\":\"SearchAction\",\"target\":{\"@type\":\"EntryPoint\",\"urlTemplate\":\"https:\\\/\\\/fmsb.eu\\\/en\\\/?s={search_term_string}\"},\"query-input\":{\"@type\":\"PropertyValueSpecification\",\"valueRequired\":true,\"valueName\":\"search_term_string\"}}],\"inLanguage\":\"en-US\"},{\"@type\":\"Organization\",\"@id\":\"https:\\\/\\\/fmsb.eu\\\/en\\\/#organization\",\"name\":\"FMSB Abogados y Economistas en Baleares\",\"url\":\"https:\\\/\\\/fmsb.eu\\\/en\\\/\",\"logo\":{\"@type\":\"ImageObject\",\"inLanguage\":\"en-US\",\"@id\":\"https:\\\/\\\/fmsb.eu\\\/en\\\/#\\\/schema\\\/logo\\\/image\\\/\",\"url\":\"https:\\\/\\\/fmsb.eu\\\/wp-content\\\/uploads\\\/2025\\\/02\\\/logo.svg\",\"contentUrl\":\"https:\\\/\\\/fmsb.eu\\\/wp-content\\\/uploads\\\/2025\\\/02\\\/logo.svg\",\"width\":154,\"height\":52,\"caption\":\"FMSB Abogados y Economistas en Baleares\"},\"image\":{\"@id\":\"https:\\\/\\\/fmsb.eu\\\/en\\\/#\\\/schema\\\/logo\\\/image\\\/\"}},{\"@type\":\"Person\",\"@id\":\"https:\\\/\\\/fmsb.eu\\\/en\\\/#\\\/schema\\\/person\\\/9fba7c70814b0cd34d35d655d36a4ca2\",\"name\":\"fmsb\",\"image\":{\"@type\":\"ImageObject\",\"inLanguage\":\"en-US\",\"@id\":\"https:\\\/\\\/secure.gravatar.com\\\/avatar\\\/426f4d5b0ebcace85460caf87cdaaa193694b611e990615d87a13f322fb7ee7f?s=96&d=mm&r=g\",\"url\":\"https:\\\/\\\/secure.gravatar.com\\\/avatar\\\/426f4d5b0ebcace85460caf87cdaaa193694b611e990615d87a13f322fb7ee7f?s=96&d=mm&r=g\",\"contentUrl\":\"https:\\\/\\\/secure.gravatar.com\\\/avatar\\\/426f4d5b0ebcace85460caf87cdaaa193694b611e990615d87a13f322fb7ee7f?s=96&d=mm&r=g\",\"caption\":\"fmsb\"},\"sameAs\":[\"https:\\\/\\\/x.com\\\/fmsb-disstint\"],\"url\":\"https:\\\/\\\/fmsb.eu\\\/en\\\/author\\\/fmsb\\\/\"}]}<\/script>\n<!-- \/ Yoast SEO plugin. -->","yoast_head_json":{"title":"Es responsable el franquiciado que ha realizado el tratamiento en caso de negligencia m\u00e9dica - FMSB Abogados y Economistas en Baleares","description":"En las negligencias m\u00e9dicas responde el franquiciado que ha realizado el tratamiento y no el franquiciador","robots":{"index":"index","follow":"follow","max-snippet":"max-snippet:-1","max-image-preview":"max-image-preview:large","max-video-preview":"max-video-preview:-1"},"canonical":"https:\/\/fmsb.eu\/en\/2023\/05\/24\/en-las-negligencias-medicas-responde-el-franquiciado\/","og_locale":"en_US","og_type":"article","og_title":"Es responsable el franquiciado que ha realizado el tratamiento en caso de negligencia m\u00e9dica - FMSB Abogados y Economistas en Baleares","og_description":"En las negligencias m\u00e9dicas responde el franquiciado que ha realizado el tratamiento y no el franquiciador","og_url":"https:\/\/fmsb.eu\/en\/2023\/05\/24\/en-las-negligencias-medicas-responde-el-franquiciado\/","og_site_name":"FMSB Abogados y Economistas en Baleares","article_published_time":"2023-05-24T16:22:50+00:00","og_image":[{"width":2000,"height":2000,"url":"https:\/\/fmsb.eu\/wp-content\/uploads\/2023\/05\/FMSB-negligencias-medicas-franquiciador-franquiciado.jpg","type":"image\/jpeg"}],"author":"fmsb","twitter_card":"summary_large_image","twitter_creator":"@fmsb-disstint","twitter_misc":{"Written by":"fmsb","Est. reading time":"7 minutes"},"schema":{"@context":"https:\/\/schema.org","@graph":[{"@type":"Article","@id":"https:\/\/fmsb.eu\/en\/2023\/05\/24\/en-las-negligencias-medicas-responde-el-franquiciado\/#article","isPartOf":{"@id":"https:\/\/fmsb.eu\/en\/2023\/05\/24\/en-las-negligencias-medicas-responde-el-franquiciado\/"},"author":{"name":"fmsb","@id":"https:\/\/fmsb.eu\/en\/#\/schema\/person\/9fba7c70814b0cd34d35d655d36a4ca2"},"headline":"Es responsable el franquiciado que ha realizado el tratamiento en caso de negligencia m\u00e9dica","datePublished":"2023-05-24T16:22:50+00:00","mainEntityOfPage":{"@id":"https:\/\/fmsb.eu\/en\/2023\/05\/24\/en-las-negligencias-medicas-responde-el-franquiciado\/"},"wordCount":1579,"publisher":{"@id":"https:\/\/fmsb.eu\/en\/#organization"},"image":{"@id":"https:\/\/fmsb.eu\/en\/2023\/05\/24\/en-las-negligencias-medicas-responde-el-franquiciado\/#primaryimage"},"thumbnailUrl":"https:\/\/fmsb.eu\/wp-content\/uploads\/2023\/05\/FMSB-negligencias-medicas-franquiciador-franquiciado.jpg","keywords":["abogado derecho de da\u00f1os","abogado responsabilidad civil","baleares","cl\u00ednica","derecho de da\u00f1os","economistas","elarenal","fmsb","font mora sainz de baranda","franquicia","franquiciado","franquiciador","ibiza","mallorca","Manacor","menorca","negligencia m\u00e9dica","negligencias","Palma","port d&#8217;andratx","reclamaci\u00f3n","tratamiento"],"articleSection":["blog","Consumidores y Usuarios","Derecho Civil","derecho de da\u00f1os","Home","responsabilidad patrimonial de la administraci\u00f3n"],"inLanguage":"en-US"},{"@type":"WebPage","@id":"https:\/\/fmsb.eu\/en\/2023\/05\/24\/en-las-negligencias-medicas-responde-el-franquiciado\/","url":"https:\/\/fmsb.eu\/en\/2023\/05\/24\/en-las-negligencias-medicas-responde-el-franquiciado\/","name":"Es responsable el franquiciado que ha realizado el tratamiento en caso de negligencia m\u00e9dica - FMSB Abogados y Economistas en Baleares","isPartOf":{"@id":"https:\/\/fmsb.eu\/en\/#website"},"primaryImageOfPage":{"@id":"https:\/\/fmsb.eu\/en\/2023\/05\/24\/en-las-negligencias-medicas-responde-el-franquiciado\/#primaryimage"},"image":{"@id":"https:\/\/fmsb.eu\/en\/2023\/05\/24\/en-las-negligencias-medicas-responde-el-franquiciado\/#primaryimage"},"thumbnailUrl":"https:\/\/fmsb.eu\/wp-content\/uploads\/2023\/05\/FMSB-negligencias-medicas-franquiciador-franquiciado.jpg","datePublished":"2023-05-24T16:22:50+00:00","description":"En las negligencias m\u00e9dicas responde el franquiciado que ha realizado el tratamiento y no el franquiciador","breadcrumb":{"@id":"https:\/\/fmsb.eu\/en\/2023\/05\/24\/en-las-negligencias-medicas-responde-el-franquiciado\/#breadcrumb"},"inLanguage":"en-US","potentialAction":[{"@type":"ReadAction","target":["https:\/\/fmsb.eu\/en\/2023\/05\/24\/en-las-negligencias-medicas-responde-el-franquiciado\/"]}]},{"@type":"ImageObject","inLanguage":"en-US","@id":"https:\/\/fmsb.eu\/en\/2023\/05\/24\/en-las-negligencias-medicas-responde-el-franquiciado\/#primaryimage","url":"https:\/\/fmsb.eu\/wp-content\/uploads\/2023\/05\/FMSB-negligencias-medicas-franquiciador-franquiciado.jpg","contentUrl":"https:\/\/fmsb.eu\/wp-content\/uploads\/2023\/05\/FMSB-negligencias-medicas-franquiciador-franquiciado.jpg","width":2000,"height":2000},{"@type":"BreadcrumbList","@id":"https:\/\/fmsb.eu\/en\/2023\/05\/24\/en-las-negligencias-medicas-responde-el-franquiciado\/#breadcrumb","itemListElement":[{"@type":"ListItem","position":1,"name":"Portada","item":"https:\/\/fmsb.eu\/en\/"},{"@type":"ListItem","position":2,"name":"Es responsable el franquiciado que ha realizado el tratamiento en caso de negligencia m\u00e9dica"}]},{"@type":"WebSite","@id":"https:\/\/fmsb.eu\/en\/#website","url":"https:\/\/fmsb.eu\/en\/","name":"FMSB Abogados y Economistas en Baleares","description":"","publisher":{"@id":"https:\/\/fmsb.eu\/en\/#organization"},"potentialAction":[{"@type":"SearchAction","target":{"@type":"EntryPoint","urlTemplate":"https:\/\/fmsb.eu\/en\/?s={search_term_string}"},"query-input":{"@type":"PropertyValueSpecification","valueRequired":true,"valueName":"search_term_string"}}],"inLanguage":"en-US"},{"@type":"Organization","@id":"https:\/\/fmsb.eu\/en\/#organization","name":"FMSB Abogados y Economistas en Baleares","url":"https:\/\/fmsb.eu\/en\/","logo":{"@type":"ImageObject","inLanguage":"en-US","@id":"https:\/\/fmsb.eu\/en\/#\/schema\/logo\/image\/","url":"https:\/\/fmsb.eu\/wp-content\/uploads\/2025\/02\/logo.svg","contentUrl":"https:\/\/fmsb.eu\/wp-content\/uploads\/2025\/02\/logo.svg","width":154,"height":52,"caption":"FMSB Abogados y Economistas en Baleares"},"image":{"@id":"https:\/\/fmsb.eu\/en\/#\/schema\/logo\/image\/"}},{"@type":"Person","@id":"https:\/\/fmsb.eu\/en\/#\/schema\/person\/9fba7c70814b0cd34d35d655d36a4ca2","name":"fmsb","image":{"@type":"ImageObject","inLanguage":"en-US","@id":"https:\/\/secure.gravatar.com\/avatar\/426f4d5b0ebcace85460caf87cdaaa193694b611e990615d87a13f322fb7ee7f?s=96&d=mm&r=g","url":"https:\/\/secure.gravatar.com\/avatar\/426f4d5b0ebcace85460caf87cdaaa193694b611e990615d87a13f322fb7ee7f?s=96&d=mm&r=g","contentUrl":"https:\/\/secure.gravatar.com\/avatar\/426f4d5b0ebcace85460caf87cdaaa193694b611e990615d87a13f322fb7ee7f?s=96&d=mm&r=g","caption":"fmsb"},"sameAs":["https:\/\/x.com\/fmsb-disstint"],"url":"https:\/\/fmsb.eu\/en\/author\/fmsb\/"}]}},"_links":{"self":[{"href":"https:\/\/fmsb.eu\/en\/wp-json\/wp\/v2\/posts\/11166","targetHints":{"allow":["GET"]}}],"collection":[{"href":"https:\/\/fmsb.eu\/en\/wp-json\/wp\/v2\/posts"}],"about":[{"href":"https:\/\/fmsb.eu\/en\/wp-json\/wp\/v2\/types\/post"}],"author":[{"embeddable":true,"href":"https:\/\/fmsb.eu\/en\/wp-json\/wp\/v2\/users\/2"}],"replies":[{"embeddable":true,"href":"https:\/\/fmsb.eu\/en\/wp-json\/wp\/v2\/comments?post=11166"}],"version-history":[{"count":0,"href":"https:\/\/fmsb.eu\/en\/wp-json\/wp\/v2\/posts\/11166\/revisions"}],"wp:featuredmedia":[{"embeddable":true,"href":"https:\/\/fmsb.eu\/en\/wp-json\/wp\/v2\/media\/10094"}],"wp:attachment":[{"href":"https:\/\/fmsb.eu\/en\/wp-json\/wp\/v2\/media?parent=11166"}],"wp:term":[{"taxonomy":"category","embeddable":true,"href":"https:\/\/fmsb.eu\/en\/wp-json\/wp\/v2\/categories?post=11166"},{"taxonomy":"post_tag","embeddable":true,"href":"https:\/\/fmsb.eu\/en\/wp-json\/wp\/v2\/tags?post=11166"}],"curies":[{"name":"wp","href":"https:\/\/api.w.org\/{rel}","templated":true}]}}