{"id":11168,"date":"2023-05-24T10:52:49","date_gmt":"2023-05-24T08:52:49","guid":{"rendered":"http:\/\/fmsb.disstintbeta.com\/2023\/05\/24\/notas-informativas-sobre-impuestos-especiales-y-medioambientales\/"},"modified":"2023-05-24T10:52:49","modified_gmt":"2023-05-24T08:52:49","slug":"notas-informativas-sobre-impuestos-especiales-y-medioambientales","status":"publish","type":"post","link":"https:\/\/fmsb.eu\/en\/2023\/05\/24\/notas-informativas-sobre-impuestos-especiales-y-medioambientales\/","title":{"rendered":"La AEAT publica 4 notas informativas sobre cuestiones relativas a Impuestos Especiales y Medioambientales"},"content":{"rendered":"<p><a href=\"http:\/\/fmsb.disstintbeta.com\/wp-content\/uploads\/2023\/05\/FMSB-notas-informativas-sobre-impuestos-especiales.jpg\"><img fetchpriority=\"high\" decoding=\"async\" class=\"alignnone wp-image-6966\" src=\"http:\/\/fmsb.disstintbeta.com\/wp-content\/uploads\/2023\/05\/FMSB-notas-informativas-sobre-impuestos-especiales.jpg\" alt=\"\" width=\"800\" height=\"800\" srcset=\"https:\/\/font-mora-sainz-baranda.fra1.digitaloceanspaces.com\/wp-content\/uploads\/2023\/05\/FMSB-notas-informativas-sobre-impuestos-especiales.jpg 2000w, https:\/\/font-mora-sainz-baranda.fra1.digitaloceanspaces.com\/wp-content\/uploads\/2023\/05\/FMSB-notas-informativas-sobre-impuestos-especiales-300x300.jpg 300w, https:\/\/font-mora-sainz-baranda.fra1.digitaloceanspaces.com\/wp-content\/uploads\/2023\/05\/FMSB-notas-informativas-sobre-impuestos-especiales-1024x1024.jpg 1024w, https:\/\/font-mora-sainz-baranda.fra1.digitaloceanspaces.com\/wp-content\/uploads\/2023\/05\/FMSB-notas-informativas-sobre-impuestos-especiales-150x150.jpg 150w, https:\/\/font-mora-sainz-baranda.fra1.digitaloceanspaces.com\/wp-content\/uploads\/2023\/05\/FMSB-notas-informativas-sobre-impuestos-especiales-768x768.jpg 768w, https:\/\/font-mora-sainz-baranda.fra1.digitaloceanspaces.com\/wp-content\/uploads\/2023\/05\/FMSB-notas-informativas-sobre-impuestos-especiales-1536x1536.jpg 1536w\" sizes=\"(max-width: 800px) 100vw, 800px\" \/><\/a><\/p>\n<p>&nbsp;<\/p>\n<h1><span style=\"color: #c202ba;\"><strong>La AEAT publica 4 notas informativas sobre cuestiones relativas a Impuestos Especiales y Medioambientales<\/strong><\/span><\/h1>\n<div class=\"col-12 col-lg-7\">\n<p>El pasado 19 de mayo la Agencia Estatal de la Administraci\u00f3n Tributaria (AEAT) public\u00f3 cuatro<strong> Notas informativas<\/strong> sobre cuestiones relativas a <strong>Impuestos Especiales y Medioambientales<\/strong>, a las que puedes acceder en formato pdf haciendo clic en los siguientes enlaces:<\/p>\n<p>&nbsp;<\/p>\n<\/div>\n<div class=\"col-12 col-lg-5\">\n<div class=\"my-4\" data-id=\"b19f345a50338810VgnVCM100000dc381e0aRCRD\">\n<ul class=\"list-unstyled mb-0\">\n<li class=\"position-relative mb-2\"><a class=\"d-block\" href=\"https:\/\/sede.agenciatributaria.gob.es\/static_files\/Sede\/Tema\/Normativa\/Doctrina_Criterios\/Criterios\/IIEE\/Nota_precintas_antiguas.pdf\" target=\"_blank\" rel=\"noopener\">Nota informativa sobre el <strong>periodo de validez de las precintas fiscales antiguas adheridas bebidas derivadas a partir de enero de 2023<\/strong><\/a><\/li>\n<li class=\"position-relative mb-2\"><a class=\"d-block\" href=\"https:\/\/sede.agenciatributaria.gob.es\/static_files\/Sede\/Tema\/Normativa\/Doctrina_Criterios\/Criterios\/IIEE\/Nota_envios_garantizados.pdf\" target=\"_blank\" rel=\"noopener\">Nota informativa en relaci\u00f3n con la <strong>circulaci\u00f3n intracomunitaria de productos objeto de los Impuestos Especiales de Fabricaci\u00f3n en el procedimiento de env\u00edos garantizados<\/strong> (B2B) a partir del 13 de febrero de 2023<\/a><\/li>\n<li class=\"position-relative mb-2\"><a class=\"d-block\" href=\"https:\/\/sede.agenciatributaria.gob.es\/static_files\/Sede\/Tema\/Normativa\/Doctrina_Criterios\/Criterios\/IIEE\/Nota_modif_IIEE.pdf\" target=\"_blank\" rel=\"noopener\">Nota resumen <strong>modificaciones en la Ley 38\/1992, de 28 de diciembre, de Impuestos Especiales, y el Reglamento de los Impuestos Especiales, aprobado por Real Decreto 1165\/1995, de 7 de julio<\/strong><\/a><\/li>\n<li class=\"position-relative mb-2\"><a class=\"d-block\" href=\"https:\/\/sede.agenciatributaria.gob.es\/static_files\/Sede\/Tema\/Normativa\/Doctrina_Criterios\/Criterios\/I_medioambientales\/Nota_IEEPNR.pdf\" target=\"_blank\" rel=\"noopener\">Nota informativa de la Subdirecci\u00f3n General de Gesti\u00f3n e Intervenci\u00f3n de Impuestos Especiales, relativa al<strong> Impuesto Especial sobre los envases de pl\u00e1stico no reutilizables<\/strong><\/a><\/li>\n<\/ul>\n<p>&nbsp;<\/p>\n<\/div>\n<\/div>\n<hr \/>\n<p><span style=\"color: #999999;\">#fmsb #abogados #economistas #impuestos #tributos #AEAT #impuestosespeciales #medioambiente #envases #notas #informativas #baleares #mallorca #menorca #ibiza #palma #portdandratx #manacor #inca #elarenal #law #lawyers #solicitors<br \/>\n<\/span><\/p>\n","protected":false},"excerpt":{"rendered":"<p>&nbsp; La AEAT publica 4 notas informativas sobre cuestiones relativas a Impuestos Especiales y Medioambientales El pasado 19 de mayo la Agencia Estatal de la Administraci\u00f3n Tributaria (AEAT) public\u00f3 cuatro Notas informativas sobre cuestiones relativas a Impuestos Especiales y Medioambientales, a las que puedes acceder en formato pdf haciendo clic en los siguientes enlaces: &nbsp; [&hellip;]<\/p>\n","protected":false},"author":2,"featured_media":10092,"comment_status":"closed","ping_status":"open","sticky":false,"template":"","format":"standard","meta":{"footnotes":""},"categories":[2148,2149,2250,2251,2152],"tags":[2156,2606,2607,2608,2253,2255,2158,4498,2618,2261,2262,2624,2625,2168,2169,4499,2173,2266,2175,2269,4500,2271,4396,4501,4502,2178,2179,2181,2182,2184,2286,2186,4400,2190,4503,2193,2304],"class_list":["post-11168","post","type-post","status-publish","format-standard","has-post-thumbnail","hentry","category-actualidad-en","category-blog-en-2","category-derecho-fiscal-en","category-derecho-tributario-en","category-home-en-2","tag-abogados-en","tag-administracion-tributaria-en","tag-administraciones-tributarias-en","tag-aeat-en","tag-agencia-tributaria-en","tag-asesores-en","tag-baleares-en","tag-bebidas-en","tag-declaracion-de-nulidad-en","tag-derecho-fiscal-en","tag-derecho-tributario-en","tag-dgt-en","tag-direccion-general-de-tributos-en","tag-economistas-en","tag-el-arenal-en","tag-envios-garantizados-en","tag-fmsb-en","tag-hacienda-en","tag-ibiza-en-2","tag-illes-balears-en","tag-impuesto-especial-sobre-los-envases-de-plastico-no-reutilizables-en","tag-impuestos-en-2","tag-impuestos-especiales-en","tag-impuestos-especiales-de-fabricacion-en","tag-impuestos-medioambientales-en","tag-law-en-2","tag-lawyers-en-2","tag-mallorca-en-2","tag-manacor-en","tag-menorca-en-2","tag-palma-en","tag-port-dandratx-en","tag-precintas-fiscales-en","tag-puerto-de-andratx-en","tag-reglamento-de-los-impuestos-especiales-en","tag-solicitors-en","tag-tributos-en"],"yoast_head":"<!-- This site is optimized with the Yoast SEO plugin v27.3 - https:\/\/yoast.com\/product\/yoast-seo-wordpress\/ -->\n<title>La AEAT publica 4 notas informativas sobre cuestiones relativas a Impuestos Especiales y Medioambientales - FMSB Abogados y Economistas en Baleares<\/title>\n<meta name=\"description\" content=\"La AEAT publica cuatro notas informativas sobre cuestiones relativas a Impuestos Especiales y Medioambientales\" \/>\n<meta name=\"robots\" content=\"index, follow, max-snippet:-1, max-image-preview:large, max-video-preview:-1\" \/>\n<link rel=\"canonical\" href=\"https:\/\/fmsb.eu\/en\/2023\/05\/24\/notas-informativas-sobre-impuestos-especiales-y-medioambientales\/\" \/>\n<meta property=\"og:locale\" content=\"en_US\" \/>\n<meta property=\"og:type\" content=\"article\" \/>\n<meta property=\"og:title\" content=\"La AEAT publica 4 notas informativas sobre cuestiones relativas a Impuestos Especiales y Medioambientales - FMSB Abogados y Economistas en Baleares\" \/>\n<meta property=\"og:description\" content=\"La AEAT publica cuatro notas informativas sobre cuestiones relativas a Impuestos Especiales y Medioambientales\" \/>\n<meta property=\"og:url\" content=\"https:\/\/fmsb.eu\/en\/2023\/05\/24\/notas-informativas-sobre-impuestos-especiales-y-medioambientales\/\" \/>\n<meta property=\"og:site_name\" content=\"FMSB Abogados y Economistas en Baleares\" \/>\n<meta property=\"article:published_time\" content=\"2023-05-24T08:52:49+00:00\" \/>\n<meta property=\"og:image\" content=\"https:\/\/fmsb.eu\/wp-content\/uploads\/2023\/05\/FMSB-notas-informativas-sobre-impuestos-especiales.jpg\" \/>\n\t<meta property=\"og:image:width\" content=\"2000\" \/>\n\t<meta property=\"og:image:height\" content=\"2000\" \/>\n\t<meta property=\"og:image:type\" content=\"image\/jpeg\" \/>\n<meta name=\"author\" content=\"fmsb\" \/>\n<meta name=\"twitter:card\" content=\"summary_large_image\" \/>\n<meta name=\"twitter:creator\" content=\"@fmsb-disstint\" \/>\n<meta name=\"twitter:label1\" content=\"Written by\" \/>\n\t<meta name=\"twitter:data1\" content=\"fmsb\" \/>\n\t<meta name=\"twitter:label2\" content=\"Est. reading time\" \/>\n\t<meta name=\"twitter:data2\" content=\"2 minutes\" \/>\n<script type=\"application\/ld+json\" class=\"yoast-schema-graph\">{\"@context\":\"https:\\\/\\\/schema.org\",\"@graph\":[{\"@type\":\"Article\",\"@id\":\"https:\\\/\\\/fmsb.eu\\\/en\\\/2023\\\/05\\\/24\\\/notas-informativas-sobre-impuestos-especiales-y-medioambientales\\\/#article\",\"isPartOf\":{\"@id\":\"https:\\\/\\\/fmsb.eu\\\/en\\\/2023\\\/05\\\/24\\\/notas-informativas-sobre-impuestos-especiales-y-medioambientales\\\/\"},\"author\":{\"name\":\"fmsb\",\"@id\":\"https:\\\/\\\/fmsb.eu\\\/en\\\/#\\\/schema\\\/person\\\/9fba7c70814b0cd34d35d655d36a4ca2\"},\"headline\":\"La AEAT publica 4 notas informativas sobre cuestiones relativas a Impuestos Especiales y Medioambientales\",\"datePublished\":\"2023-05-24T08:52:49+00:00\",\"mainEntityOfPage\":{\"@id\":\"https:\\\/\\\/fmsb.eu\\\/en\\\/2023\\\/05\\\/24\\\/notas-informativas-sobre-impuestos-especiales-y-medioambientales\\\/\"},\"wordCount\":200,\"publisher\":{\"@id\":\"https:\\\/\\\/fmsb.eu\\\/en\\\/#organization\"},\"image\":{\"@id\":\"https:\\\/\\\/fmsb.eu\\\/en\\\/2023\\\/05\\\/24\\\/notas-informativas-sobre-impuestos-especiales-y-medioambientales\\\/#primaryimage\"},\"thumbnailUrl\":\"https:\\\/\\\/fmsb.eu\\\/wp-content\\\/uploads\\\/2023\\\/05\\\/FMSB-notas-informativas-sobre-impuestos-especiales.jpg\",\"keywords\":[\"abogados\",\"administraci\u00f3n tributaria\",\"administraciones tributarias\",\"aeat\",\"agencia tributaria\",\"asesores\",\"baleares\",\"bebidas\",\"declaraci\u00f3n de nulidad\",\"derecho fiscal\",\"derecho tributario\",\"dgt\",\"direcci\u00f3n general de tributos\",\"economistas\",\"el arenal\",\"env\u00edos garantizados\",\"fmsb\",\"Hacienda\",\"ibiza\",\"illes balears\",\"impuesto especial sobre los envases de pl\u00e1stico no reutilizables\",\"impuestos\",\"impuestos especiales\",\"impuestos especiales de fabricaci\u00f3n\",\"impuestos medioambientales\",\"law\",\"lawyers\",\"mallorca\",\"Manacor\",\"menorca\",\"Palma\",\"port d&#8217;andratx\",\"precintas fiscales\",\"puerto de andratx\",\"reglamento de los impuestos especiales\",\"solicitors\",\"tributos\"],\"articleSection\":[\"actualidad\",\"blog\",\"Derecho Fiscal\",\"Derecho Tributario\",\"Home\"],\"inLanguage\":\"en-US\"},{\"@type\":\"WebPage\",\"@id\":\"https:\\\/\\\/fmsb.eu\\\/en\\\/2023\\\/05\\\/24\\\/notas-informativas-sobre-impuestos-especiales-y-medioambientales\\\/\",\"url\":\"https:\\\/\\\/fmsb.eu\\\/en\\\/2023\\\/05\\\/24\\\/notas-informativas-sobre-impuestos-especiales-y-medioambientales\\\/\",\"name\":\"La AEAT publica 4 notas informativas sobre cuestiones relativas a Impuestos Especiales y Medioambientales - FMSB Abogados y Economistas en Baleares\",\"isPartOf\":{\"@id\":\"https:\\\/\\\/fmsb.eu\\\/en\\\/#website\"},\"primaryImageOfPage\":{\"@id\":\"https:\\\/\\\/fmsb.eu\\\/en\\\/2023\\\/05\\\/24\\\/notas-informativas-sobre-impuestos-especiales-y-medioambientales\\\/#primaryimage\"},\"image\":{\"@id\":\"https:\\\/\\\/fmsb.eu\\\/en\\\/2023\\\/05\\\/24\\\/notas-informativas-sobre-impuestos-especiales-y-medioambientales\\\/#primaryimage\"},\"thumbnailUrl\":\"https:\\\/\\\/fmsb.eu\\\/wp-content\\\/uploads\\\/2023\\\/05\\\/FMSB-notas-informativas-sobre-impuestos-especiales.jpg\",\"datePublished\":\"2023-05-24T08:52:49+00:00\",\"description\":\"La AEAT publica cuatro notas informativas sobre cuestiones relativas a Impuestos Especiales y Medioambientales\",\"breadcrumb\":{\"@id\":\"https:\\\/\\\/fmsb.eu\\\/en\\\/2023\\\/05\\\/24\\\/notas-informativas-sobre-impuestos-especiales-y-medioambientales\\\/#breadcrumb\"},\"inLanguage\":\"en-US\",\"potentialAction\":[{\"@type\":\"ReadAction\",\"target\":[\"https:\\\/\\\/fmsb.eu\\\/en\\\/2023\\\/05\\\/24\\\/notas-informativas-sobre-impuestos-especiales-y-medioambientales\\\/\"]}]},{\"@type\":\"ImageObject\",\"inLanguage\":\"en-US\",\"@id\":\"https:\\\/\\\/fmsb.eu\\\/en\\\/2023\\\/05\\\/24\\\/notas-informativas-sobre-impuestos-especiales-y-medioambientales\\\/#primaryimage\",\"url\":\"https:\\\/\\\/fmsb.eu\\\/wp-content\\\/uploads\\\/2023\\\/05\\\/FMSB-notas-informativas-sobre-impuestos-especiales.jpg\",\"contentUrl\":\"https:\\\/\\\/fmsb.eu\\\/wp-content\\\/uploads\\\/2023\\\/05\\\/FMSB-notas-informativas-sobre-impuestos-especiales.jpg\",\"width\":2000,\"height\":2000},{\"@type\":\"BreadcrumbList\",\"@id\":\"https:\\\/\\\/fmsb.eu\\\/en\\\/2023\\\/05\\\/24\\\/notas-informativas-sobre-impuestos-especiales-y-medioambientales\\\/#breadcrumb\",\"itemListElement\":[{\"@type\":\"ListItem\",\"position\":1,\"name\":\"Portada\",\"item\":\"https:\\\/\\\/fmsb.eu\\\/en\\\/\"},{\"@type\":\"ListItem\",\"position\":2,\"name\":\"La AEAT publica 4 notas informativas sobre cuestiones relativas a Impuestos Especiales y Medioambientales\"}]},{\"@type\":\"WebSite\",\"@id\":\"https:\\\/\\\/fmsb.eu\\\/en\\\/#website\",\"url\":\"https:\\\/\\\/fmsb.eu\\\/en\\\/\",\"name\":\"FMSB Abogados y Economistas en Baleares\",\"description\":\"\",\"publisher\":{\"@id\":\"https:\\\/\\\/fmsb.eu\\\/en\\\/#organization\"},\"potentialAction\":[{\"@type\":\"SearchAction\",\"target\":{\"@type\":\"EntryPoint\",\"urlTemplate\":\"https:\\\/\\\/fmsb.eu\\\/en\\\/?s={search_term_string}\"},\"query-input\":{\"@type\":\"PropertyValueSpecification\",\"valueRequired\":true,\"valueName\":\"search_term_string\"}}],\"inLanguage\":\"en-US\"},{\"@type\":\"Organization\",\"@id\":\"https:\\\/\\\/fmsb.eu\\\/en\\\/#organization\",\"name\":\"FMSB Abogados y Economistas en Baleares\",\"url\":\"https:\\\/\\\/fmsb.eu\\\/en\\\/\",\"logo\":{\"@type\":\"ImageObject\",\"inLanguage\":\"en-US\",\"@id\":\"https:\\\/\\\/fmsb.eu\\\/en\\\/#\\\/schema\\\/logo\\\/image\\\/\",\"url\":\"https:\\\/\\\/fmsb.eu\\\/wp-content\\\/uploads\\\/2025\\\/02\\\/logo.svg\",\"contentUrl\":\"https:\\\/\\\/fmsb.eu\\\/wp-content\\\/uploads\\\/2025\\\/02\\\/logo.svg\",\"width\":154,\"height\":52,\"caption\":\"FMSB Abogados y Economistas en Baleares\"},\"image\":{\"@id\":\"https:\\\/\\\/fmsb.eu\\\/en\\\/#\\\/schema\\\/logo\\\/image\\\/\"}},{\"@type\":\"Person\",\"@id\":\"https:\\\/\\\/fmsb.eu\\\/en\\\/#\\\/schema\\\/person\\\/9fba7c70814b0cd34d35d655d36a4ca2\",\"name\":\"fmsb\",\"image\":{\"@type\":\"ImageObject\",\"inLanguage\":\"en-US\",\"@id\":\"https:\\\/\\\/secure.gravatar.com\\\/avatar\\\/426f4d5b0ebcace85460caf87cdaaa193694b611e990615d87a13f322fb7ee7f?s=96&d=mm&r=g\",\"url\":\"https:\\\/\\\/secure.gravatar.com\\\/avatar\\\/426f4d5b0ebcace85460caf87cdaaa193694b611e990615d87a13f322fb7ee7f?s=96&d=mm&r=g\",\"contentUrl\":\"https:\\\/\\\/secure.gravatar.com\\\/avatar\\\/426f4d5b0ebcace85460caf87cdaaa193694b611e990615d87a13f322fb7ee7f?s=96&d=mm&r=g\",\"caption\":\"fmsb\"},\"sameAs\":[\"https:\\\/\\\/x.com\\\/fmsb-disstint\"],\"url\":\"https:\\\/\\\/fmsb.eu\\\/en\\\/author\\\/fmsb\\\/\"}]}<\/script>\n<!-- \/ Yoast SEO plugin. -->","yoast_head_json":{"title":"La AEAT publica 4 notas informativas sobre cuestiones relativas a Impuestos Especiales y Medioambientales - FMSB Abogados y Economistas en Baleares","description":"La AEAT publica cuatro notas informativas sobre cuestiones relativas a Impuestos Especiales y Medioambientales","robots":{"index":"index","follow":"follow","max-snippet":"max-snippet:-1","max-image-preview":"max-image-preview:large","max-video-preview":"max-video-preview:-1"},"canonical":"https:\/\/fmsb.eu\/en\/2023\/05\/24\/notas-informativas-sobre-impuestos-especiales-y-medioambientales\/","og_locale":"en_US","og_type":"article","og_title":"La AEAT publica 4 notas informativas sobre cuestiones relativas a Impuestos Especiales y Medioambientales - FMSB Abogados y Economistas en Baleares","og_description":"La AEAT publica cuatro notas informativas sobre cuestiones relativas a Impuestos Especiales y Medioambientales","og_url":"https:\/\/fmsb.eu\/en\/2023\/05\/24\/notas-informativas-sobre-impuestos-especiales-y-medioambientales\/","og_site_name":"FMSB Abogados y Economistas en Baleares","article_published_time":"2023-05-24T08:52:49+00:00","og_image":[{"width":2000,"height":2000,"url":"https:\/\/fmsb.eu\/wp-content\/uploads\/2023\/05\/FMSB-notas-informativas-sobre-impuestos-especiales.jpg","type":"image\/jpeg"}],"author":"fmsb","twitter_card":"summary_large_image","twitter_creator":"@fmsb-disstint","twitter_misc":{"Written by":"fmsb","Est. reading time":"2 minutes"},"schema":{"@context":"https:\/\/schema.org","@graph":[{"@type":"Article","@id":"https:\/\/fmsb.eu\/en\/2023\/05\/24\/notas-informativas-sobre-impuestos-especiales-y-medioambientales\/#article","isPartOf":{"@id":"https:\/\/fmsb.eu\/en\/2023\/05\/24\/notas-informativas-sobre-impuestos-especiales-y-medioambientales\/"},"author":{"name":"fmsb","@id":"https:\/\/fmsb.eu\/en\/#\/schema\/person\/9fba7c70814b0cd34d35d655d36a4ca2"},"headline":"La AEAT publica 4 notas informativas sobre cuestiones relativas a Impuestos Especiales y Medioambientales","datePublished":"2023-05-24T08:52:49+00:00","mainEntityOfPage":{"@id":"https:\/\/fmsb.eu\/en\/2023\/05\/24\/notas-informativas-sobre-impuestos-especiales-y-medioambientales\/"},"wordCount":200,"publisher":{"@id":"https:\/\/fmsb.eu\/en\/#organization"},"image":{"@id":"https:\/\/fmsb.eu\/en\/2023\/05\/24\/notas-informativas-sobre-impuestos-especiales-y-medioambientales\/#primaryimage"},"thumbnailUrl":"https:\/\/fmsb.eu\/wp-content\/uploads\/2023\/05\/FMSB-notas-informativas-sobre-impuestos-especiales.jpg","keywords":["abogados","administraci\u00f3n tributaria","administraciones tributarias","aeat","agencia tributaria","asesores","baleares","bebidas","declaraci\u00f3n de nulidad","derecho fiscal","derecho tributario","dgt","direcci\u00f3n general de tributos","economistas","el arenal","env\u00edos garantizados","fmsb","Hacienda","ibiza","illes balears","impuesto especial sobre los envases de pl\u00e1stico no reutilizables","impuestos","impuestos especiales","impuestos especiales de fabricaci\u00f3n","impuestos medioambientales","law","lawyers","mallorca","Manacor","menorca","Palma","port d&#8217;andratx","precintas fiscales","puerto de andratx","reglamento de los impuestos especiales","solicitors","tributos"],"articleSection":["actualidad","blog","Derecho Fiscal","Derecho Tributario","Home"],"inLanguage":"en-US"},{"@type":"WebPage","@id":"https:\/\/fmsb.eu\/en\/2023\/05\/24\/notas-informativas-sobre-impuestos-especiales-y-medioambientales\/","url":"https:\/\/fmsb.eu\/en\/2023\/05\/24\/notas-informativas-sobre-impuestos-especiales-y-medioambientales\/","name":"La AEAT publica 4 notas informativas sobre cuestiones relativas a Impuestos Especiales y Medioambientales - FMSB Abogados y Economistas en Baleares","isPartOf":{"@id":"https:\/\/fmsb.eu\/en\/#website"},"primaryImageOfPage":{"@id":"https:\/\/fmsb.eu\/en\/2023\/05\/24\/notas-informativas-sobre-impuestos-especiales-y-medioambientales\/#primaryimage"},"image":{"@id":"https:\/\/fmsb.eu\/en\/2023\/05\/24\/notas-informativas-sobre-impuestos-especiales-y-medioambientales\/#primaryimage"},"thumbnailUrl":"https:\/\/fmsb.eu\/wp-content\/uploads\/2023\/05\/FMSB-notas-informativas-sobre-impuestos-especiales.jpg","datePublished":"2023-05-24T08:52:49+00:00","description":"La AEAT publica cuatro notas informativas sobre cuestiones relativas a Impuestos Especiales y Medioambientales","breadcrumb":{"@id":"https:\/\/fmsb.eu\/en\/2023\/05\/24\/notas-informativas-sobre-impuestos-especiales-y-medioambientales\/#breadcrumb"},"inLanguage":"en-US","potentialAction":[{"@type":"ReadAction","target":["https:\/\/fmsb.eu\/en\/2023\/05\/24\/notas-informativas-sobre-impuestos-especiales-y-medioambientales\/"]}]},{"@type":"ImageObject","inLanguage":"en-US","@id":"https:\/\/fmsb.eu\/en\/2023\/05\/24\/notas-informativas-sobre-impuestos-especiales-y-medioambientales\/#primaryimage","url":"https:\/\/fmsb.eu\/wp-content\/uploads\/2023\/05\/FMSB-notas-informativas-sobre-impuestos-especiales.jpg","contentUrl":"https:\/\/fmsb.eu\/wp-content\/uploads\/2023\/05\/FMSB-notas-informativas-sobre-impuestos-especiales.jpg","width":2000,"height":2000},{"@type":"BreadcrumbList","@id":"https:\/\/fmsb.eu\/en\/2023\/05\/24\/notas-informativas-sobre-impuestos-especiales-y-medioambientales\/#breadcrumb","itemListElement":[{"@type":"ListItem","position":1,"name":"Portada","item":"https:\/\/fmsb.eu\/en\/"},{"@type":"ListItem","position":2,"name":"La AEAT publica 4 notas informativas sobre cuestiones relativas a Impuestos Especiales y Medioambientales"}]},{"@type":"WebSite","@id":"https:\/\/fmsb.eu\/en\/#website","url":"https:\/\/fmsb.eu\/en\/","name":"FMSB Abogados y Economistas en Baleares","description":"","publisher":{"@id":"https:\/\/fmsb.eu\/en\/#organization"},"potentialAction":[{"@type":"SearchAction","target":{"@type":"EntryPoint","urlTemplate":"https:\/\/fmsb.eu\/en\/?s={search_term_string}"},"query-input":{"@type":"PropertyValueSpecification","valueRequired":true,"valueName":"search_term_string"}}],"inLanguage":"en-US"},{"@type":"Organization","@id":"https:\/\/fmsb.eu\/en\/#organization","name":"FMSB Abogados y Economistas en Baleares","url":"https:\/\/fmsb.eu\/en\/","logo":{"@type":"ImageObject","inLanguage":"en-US","@id":"https:\/\/fmsb.eu\/en\/#\/schema\/logo\/image\/","url":"https:\/\/fmsb.eu\/wp-content\/uploads\/2025\/02\/logo.svg","contentUrl":"https:\/\/fmsb.eu\/wp-content\/uploads\/2025\/02\/logo.svg","width":154,"height":52,"caption":"FMSB Abogados y Economistas en Baleares"},"image":{"@id":"https:\/\/fmsb.eu\/en\/#\/schema\/logo\/image\/"}},{"@type":"Person","@id":"https:\/\/fmsb.eu\/en\/#\/schema\/person\/9fba7c70814b0cd34d35d655d36a4ca2","name":"fmsb","image":{"@type":"ImageObject","inLanguage":"en-US","@id":"https:\/\/secure.gravatar.com\/avatar\/426f4d5b0ebcace85460caf87cdaaa193694b611e990615d87a13f322fb7ee7f?s=96&d=mm&r=g","url":"https:\/\/secure.gravatar.com\/avatar\/426f4d5b0ebcace85460caf87cdaaa193694b611e990615d87a13f322fb7ee7f?s=96&d=mm&r=g","contentUrl":"https:\/\/secure.gravatar.com\/avatar\/426f4d5b0ebcace85460caf87cdaaa193694b611e990615d87a13f322fb7ee7f?s=96&d=mm&r=g","caption":"fmsb"},"sameAs":["https:\/\/x.com\/fmsb-disstint"],"url":"https:\/\/fmsb.eu\/en\/author\/fmsb\/"}]}},"_links":{"self":[{"href":"https:\/\/fmsb.eu\/en\/wp-json\/wp\/v2\/posts\/11168","targetHints":{"allow":["GET"]}}],"collection":[{"href":"https:\/\/fmsb.eu\/en\/wp-json\/wp\/v2\/posts"}],"about":[{"href":"https:\/\/fmsb.eu\/en\/wp-json\/wp\/v2\/types\/post"}],"author":[{"embeddable":true,"href":"https:\/\/fmsb.eu\/en\/wp-json\/wp\/v2\/users\/2"}],"replies":[{"embeddable":true,"href":"https:\/\/fmsb.eu\/en\/wp-json\/wp\/v2\/comments?post=11168"}],"version-history":[{"count":0,"href":"https:\/\/fmsb.eu\/en\/wp-json\/wp\/v2\/posts\/11168\/revisions"}],"wp:featuredmedia":[{"embeddable":true,"href":"https:\/\/fmsb.eu\/en\/wp-json\/wp\/v2\/media\/10092"}],"wp:attachment":[{"href":"https:\/\/fmsb.eu\/en\/wp-json\/wp\/v2\/media?parent=11168"}],"wp:term":[{"taxonomy":"category","embeddable":true,"href":"https:\/\/fmsb.eu\/en\/wp-json\/wp\/v2\/categories?post=11168"},{"taxonomy":"post_tag","embeddable":true,"href":"https:\/\/fmsb.eu\/en\/wp-json\/wp\/v2\/tags?post=11168"}],"curies":[{"name":"wp","href":"https:\/\/api.w.org\/{rel}","templated":true}]}}