{"id":11212,"date":"2023-03-18T19:58:32","date_gmt":"2023-03-18T18:58:32","guid":{"rendered":"http:\/\/fmsb.disstintbeta.com\/2023\/03\/18\/gastos-decoracion-deducibles-irpf-alquiler-turistico\/"},"modified":"2023-03-18T19:58:32","modified_gmt":"2023-03-18T18:58:32","slug":"gastos-decoracion-deducibles-irpf-alquiler-turistico","status":"publish","type":"post","link":"https:\/\/fmsb.eu\/en\/2023\/03\/18\/gastos-decoracion-deducibles-irpf-alquiler-turistico\/","title":{"rendered":"Pueden deducirse del IRPF los gastos de decoraci\u00f3n y acondicionamiento de un piso tur\u00edstico, seg\u00fan el TSJ-PV"},"content":{"rendered":"<p><a href=\"http:\/\/fmsb.disstintbeta.com\/wp-content\/uploads\/2023\/03\/FMSB-gastos-alquiler-turistico.jpg\"><img fetchpriority=\"high\" decoding=\"async\" class=\"alignnone wp-image-6777\" src=\"http:\/\/fmsb.disstintbeta.com\/wp-content\/uploads\/2023\/03\/FMSB-gastos-alquiler-turistico.jpg\" alt=\"\" width=\"800\" height=\"800\" srcset=\"https:\/\/font-mora-sainz-baranda.fra1.digitaloceanspaces.com\/wp-content\/uploads\/2023\/03\/FMSB-gastos-alquiler-turistico.jpg 2000w, https:\/\/font-mora-sainz-baranda.fra1.digitaloceanspaces.com\/wp-content\/uploads\/2023\/03\/FMSB-gastos-alquiler-turistico-300x300.jpg 300w, https:\/\/font-mora-sainz-baranda.fra1.digitaloceanspaces.com\/wp-content\/uploads\/2023\/03\/FMSB-gastos-alquiler-turistico-1024x1024.jpg 1024w, https:\/\/font-mora-sainz-baranda.fra1.digitaloceanspaces.com\/wp-content\/uploads\/2023\/03\/FMSB-gastos-alquiler-turistico-150x150.jpg 150w, https:\/\/font-mora-sainz-baranda.fra1.digitaloceanspaces.com\/wp-content\/uploads\/2023\/03\/FMSB-gastos-alquiler-turistico-768x768.jpg 768w, https:\/\/font-mora-sainz-baranda.fra1.digitaloceanspaces.com\/wp-content\/uploads\/2023\/03\/FMSB-gastos-alquiler-turistico-1536x1536.jpg 1536w\" sizes=\"(max-width: 800px) 100vw, 800px\" \/><\/a><\/p>\n<p>&nbsp;<\/p>\n<h1><strong><span style=\"color: #7e3dff;\">Pueden deducirse del IRPF los gastos de decoraci\u00f3n y acondicionamiento de un piso tur\u00edstico, seg\u00fan el TSJ-PV<\/span><\/strong><\/h1>\n<p><span class=\"S1PPyQ\">Pueden deducirse del <strong>impuesto sobre la renta de las personas f\u00edsicas<\/strong> (IRPF) los gastos de decoraci\u00f3n y acondicionamiento de un piso destinado a alquiler tur\u00edstico, seg\u00fan una reciente sentencia del Tribunal Superior de Justicia del Pa\u00eds vasco (TSJPV).<\/span> As\u00ed, siempre y cuando existan facturas a nombre de la arrendadora relacionando gastos relacionados con la actividad tur\u00edstica ejercida, dichos costes podr\u00e1n ser deducidos por cuanto debe entenderse que los gastos son necesarios para que se generen ingresos con tal actividad de explotaci\u00f3n de alquiler tur\u00edstico. Puedes acceder a la sentencia referida, en formato pdf, <strong><a href=\"http:\/\/fmsb.disstintbeta.com\/wp-content\/uploads\/2023\/03\/STSJ_PV_421_2022.pdf\">aqu\u00ed<\/a><\/strong>.<\/p>\n<p>Si precisas m\u00e1s informaci\u00f3n puedes leer a continuaci\u00f3n la rese\u00f1a que el portal<span style=\"color: #51a4bf;\"> <a style=\"color: #51a4bf;\" href=\"https:\/\/noticias.juridicas.com\/actualidad\/jurisprudencia\/17838-los-gastos-de-decorar-y-acondicionar-un-piso-turistico-son-deducibles-de-irpf-dicta-un-tsj\/\"><strong><span style=\"color: #333399;\"><span style=\"color: #7e3dff;\">Noticias Jur\u00eddicas<\/span><\/span><\/strong><\/a><\/span> hace al respecto de la noticia:<\/p>\n<hr \/>\n<h2><a href=\"https:\/\/noticias.juridicas.com\/actualidad\/jurisprudencia\/17838-los-gastos-de-decorar-y-acondicionar-un-piso-turistico-son-deducibles-de-irpf-dicta-un-tsj\/\"><strong><span style=\"color: #7e3dff;\">Los gastos de decorar y acondicionar un piso tur\u00edstico son deducibles de IRPF, dicta un TSJ<\/span><\/strong><\/a><\/h2>\n<h3><strong><span style=\"color: #7e3dff;\">No consta su notificaci\u00f3n al demandante ni que la parte demandada indica en qu\u00e9 momento de la grabaci\u00f3n del acto de juicio la magistrada le advierte de la posibilidad de ser asistido por letrado<\/span> <\/strong><\/h3>\n<p>Los gastos de decoraci\u00f3n de un piso tur\u00edstico, como un Airbnb,\u00a0son deducibles en IRPF.<\/p>\n<p>As\u00ed lo ha dictado el Tribunal Superior de Justicia de Pa\u00eds Vasco, en una sentencia de la Sala de lo Contencioso-Administrativo, de <strong>referencia 65\/2022.\u00a0<\/strong><\/p>\n<p>En su fallo, el tribunal apunta en concreto que los gastos de decoraci\u00f3n y acondicionamiento de viviendas destinadas a su alquiler de uso tur\u00edstico son deducibles, siempre y cuando se acredite su realidad.<\/p>\n<p>En el caso, las facturas constan emitidas a nombre de la arrendadora y dan cuenta de gastos relacionados con la actividad econ\u00f3mica ejercida siendo necesarios para equipar una vivienda que se va a destinar al arrendamiento para uso tur\u00edstico.<\/p>\n<h3><span style=\"color: #7e3dff;\"><strong>Prueba suficiente<\/strong><\/span><\/h3>\n<p>Aunque la reclamante, subarrendataria de la vivienda, reconoce que inici\u00f3 la actividad de alquiler de viviendas tur\u00edsticas de forma irregular, porque por entonces aun no exist\u00eda legislaci\u00f3n al respecto, tras dictarse la <a href=\"https:\/\/noticias.juridicas.com\/base_datos\/CCAA\/580712-l-13-2016-de-28-jul-ca-pais-vasco-de-turismo.html#:~:text=Se%20establece%20el%20principio%20de,Administraci%C3%B3n%20tur%C3%ADstica%20una%20declaraci%C3%B3n%20responsable.\">Ley 13\/2016<\/a> y el <a href=\"https:\/\/noticias.juridicas.com\/base_datos\/CCAA\/624060-d-111-2018-de-26-jun-ca-madrid-se-suprime-la-cedula-de-habitabilidad-en.html\">Decreto 1011\/2018<\/a>, dio de alta las viviendas en los registros correspondientes del Gobierno Vasco, y comenz\u00f3 a tributar por la actividad.<\/p>\n<p>Cuestionada la realidad del pago de la renta porque se abon\u00f3 en met\u00e1lico, para el TSJ\u00a0<strong>lo trascendente es que ha quedado acreditado que la vivienda se encuentra arrendada, <\/strong>y siendo as\u00ed, los gastos, al ser necesarios para obtener los ingresos derivados de la explotaci\u00f3n para arrendamiento tur\u00edstico, son <strong>deducibles<\/strong>.<\/p>\n<p>Sea como fuera el modo de pago de la renta, la renta consta abonada, y no cabe negar la deducibilidad de los gastos solo por meras sospechas, planteadas sin ning\u00fan fundamento por la DFV, cuando de contrario se aportar pruebas suficientes para justificar la deducibilidad.<\/p>\n<p><strong>FUENTE<\/strong>: <strong><a href=\"https:\/\/noticias.juridicas.com\/actualidad\/jurisprudencia\/17838-los-gastos-de-decorar-y-acondicionar-un-piso-turistico-son-deducibles-de-irpf-dicta-un-tsj\/\"><span style=\"color: #7e3dff;\">Noticias Jur\u00eddicas<\/span><\/a><\/strong><\/p>\n<hr \/>\n<p><span style=\"color: #999999;\">#fmsb #abogados #economistas #derecho #fiscal #tributario #IRPF #gastosdeducibles #gastos #alquiler #alquilertur\u00edstico #baleares #palma #inca #elarenal #puertoandratx #manacor #lawyers #solicitors<\/span><\/p>\n","protected":false},"excerpt":{"rendered":"<p>&nbsp; Pueden deducirse del IRPF los gastos de decoraci\u00f3n y acondicionamiento de un piso tur\u00edstico, seg\u00fan el TSJ-PV Pueden deducirse del impuesto sobre la renta de las personas f\u00edsicas (IRPF) los gastos de decoraci\u00f3n y acondicionamiento de un piso destinado a alquiler tur\u00edstico, seg\u00fan una reciente sentencia del Tribunal Superior de Justicia del Pa\u00eds vasco [&hellip;]<\/p>\n","protected":false},"author":2,"featured_media":10016,"comment_status":"closed","ping_status":"open","sticky":false,"template":"","format":"standard","meta":{"footnotes":""},"categories":[2148,2149,2250,2152,3836],"tags":[2156,3029,2254,2158,4538,4722,2166,2168,2169,2964,2173,2174,3609,2175,2271,2899,2272,4723,2594,2178,2179,4724,2181,2182,2184,2286,2190,4278,2193,4725],"class_list":["post-11212","post","type-post","status-publish","format-standard","has-post-thumbnail","hentry","category-actualidad-en","category-blog-en-2","category-derecho-fiscal-en","category-home-en-2","category-turismo-en","tag-abogados-en","tag-alquiler-en","tag-alquiler-turistico-en","tag-baleares-en","tag-beneficios-fiscales-en","tag-bienes-inmuebles-en","tag-derecho-en","tag-economistas-en","tag-el-arenal-en","tag-empresas-en","tag-fmsb-en","tag-font-mora-sainz-de-baranda-en","tag-gastos-deducibles-en","tag-ibiza-en-2","tag-impuestos-en-2","tag-inca-en","tag-irpf-en","tag-itpajd-en","tag-iva-en","tag-law-en-2","tag-lawyers-en-2","tag-ley-del-impuesto-ssobre-la-renta-de-la-persona-fisica-en","tag-mallorca-en-2","tag-manacor-en","tag-menorca-en-2","tag-palma-en","tag-puerto-de-andratx-en","tag-renta-en","tag-solicitors-en","tag-vivienda-turistico-en"],"yoast_head":"<!-- This site is optimized with the Yoast SEO plugin v27.3 - https:\/\/yoast.com\/product\/yoast-seo-wordpress\/ -->\n<title>Pueden deducirse del IRPF los gastos de decoraci\u00f3n y acondicionamiento de un piso tur\u00edstico, seg\u00fan el TSJ-PV - FMSB Abogados y Economistas en Baleares<\/title>\n<meta name=\"robots\" content=\"index, follow, max-snippet:-1, max-image-preview:large, max-video-preview:-1\" \/>\n<link rel=\"canonical\" href=\"https:\/\/fmsb.eu\/en\/2023\/03\/18\/gastos-decoracion-deducibles-irpf-alquiler-turistico\/\" \/>\n<meta property=\"og:locale\" content=\"en_US\" \/>\n<meta property=\"og:type\" content=\"article\" \/>\n<meta property=\"og:title\" content=\"Pueden deducirse del IRPF los gastos de decoraci\u00f3n y acondicionamiento de un piso tur\u00edstico, seg\u00fan el TSJ-PV - FMSB Abogados y Economistas en Baleares\" \/>\n<meta property=\"og:description\" content=\"&nbsp; Pueden deducirse del IRPF los gastos de decoraci\u00f3n y acondicionamiento de un piso tur\u00edstico, seg\u00fan el TSJ-PV Pueden deducirse del impuesto sobre la renta de las personas f\u00edsicas (IRPF) los gastos de decoraci\u00f3n y acondicionamiento de un piso destinado a alquiler tur\u00edstico, seg\u00fan una reciente sentencia del Tribunal Superior de Justicia del Pa\u00eds vasco [&hellip;]\" \/>\n<meta property=\"og:url\" content=\"https:\/\/fmsb.eu\/en\/2023\/03\/18\/gastos-decoracion-deducibles-irpf-alquiler-turistico\/\" \/>\n<meta property=\"og:site_name\" content=\"FMSB Abogados y Economistas en Baleares\" \/>\n<meta property=\"article:published_time\" content=\"2023-03-18T18:58:32+00:00\" \/>\n<meta property=\"og:image\" content=\"https:\/\/fmsb.eu\/wp-content\/uploads\/2023\/03\/FMSB-gastos-alquiler-turistico.jpg\" \/>\n\t<meta property=\"og:image:width\" content=\"2000\" \/>\n\t<meta property=\"og:image:height\" content=\"2000\" \/>\n\t<meta property=\"og:image:type\" content=\"image\/jpeg\" \/>\n<meta name=\"author\" content=\"fmsb\" \/>\n<meta name=\"twitter:card\" content=\"summary_large_image\" \/>\n<meta name=\"twitter:creator\" content=\"@fmsb-disstint\" \/>\n<meta name=\"twitter:label1\" content=\"Written by\" \/>\n\t<meta name=\"twitter:data1\" content=\"fmsb\" \/>\n\t<meta name=\"twitter:label2\" content=\"Est. reading time\" \/>\n\t<meta name=\"twitter:data2\" content=\"3 minutes\" \/>\n<script type=\"application\/ld+json\" class=\"yoast-schema-graph\">{\"@context\":\"https:\\\/\\\/schema.org\",\"@graph\":[{\"@type\":\"Article\",\"@id\":\"https:\\\/\\\/fmsb.eu\\\/en\\\/2023\\\/03\\\/18\\\/gastos-decoracion-deducibles-irpf-alquiler-turistico\\\/#article\",\"isPartOf\":{\"@id\":\"https:\\\/\\\/fmsb.eu\\\/en\\\/2023\\\/03\\\/18\\\/gastos-decoracion-deducibles-irpf-alquiler-turistico\\\/\"},\"author\":{\"name\":\"fmsb\",\"@id\":\"https:\\\/\\\/fmsb.eu\\\/en\\\/#\\\/schema\\\/person\\\/9fba7c70814b0cd34d35d655d36a4ca2\"},\"headline\":\"Pueden deducirse del IRPF los gastos de decoraci\u00f3n y acondicionamiento de un piso tur\u00edstico, seg\u00fan el TSJ-PV\",\"datePublished\":\"2023-03-18T18:58:32+00:00\",\"mainEntityOfPage\":{\"@id\":\"https:\\\/\\\/fmsb.eu\\\/en\\\/2023\\\/03\\\/18\\\/gastos-decoracion-deducibles-irpf-alquiler-turistico\\\/\"},\"wordCount\":523,\"publisher\":{\"@id\":\"https:\\\/\\\/fmsb.eu\\\/en\\\/#organization\"},\"image\":{\"@id\":\"https:\\\/\\\/fmsb.eu\\\/en\\\/2023\\\/03\\\/18\\\/gastos-decoracion-deducibles-irpf-alquiler-turistico\\\/#primaryimage\"},\"thumbnailUrl\":\"https:\\\/\\\/fmsb.eu\\\/wp-content\\\/uploads\\\/2023\\\/03\\\/FMSB-gastos-alquiler-turistico.jpg\",\"keywords\":[\"abogados\",\"alquiler\",\"alquiler tur\u00edstico\",\"baleares\",\"beneficios fiscales\",\"bienes inmuebles\",\"derecho\",\"economistas\",\"el arenal\",\"empresas\",\"fmsb\",\"font mora sainz de baranda\",\"gastos deducibles\",\"ibiza\",\"impuestos\",\"inca\",\"IRPF\",\"ITPAJD\",\"iva\",\"law\",\"lawyers\",\"ley del impuesto ssobre la renta de la persona f\u00edsica\",\"mallorca\",\"Manacor\",\"menorca\",\"Palma\",\"puerto de andratx\",\"renta\",\"solicitors\",\"vivienda tur\u00edstico\"],\"articleSection\":[\"actualidad\",\"blog\",\"Derecho Fiscal\",\"Home\",\"Turismo\"],\"inLanguage\":\"en-US\"},{\"@type\":\"WebPage\",\"@id\":\"https:\\\/\\\/fmsb.eu\\\/en\\\/2023\\\/03\\\/18\\\/gastos-decoracion-deducibles-irpf-alquiler-turistico\\\/\",\"url\":\"https:\\\/\\\/fmsb.eu\\\/en\\\/2023\\\/03\\\/18\\\/gastos-decoracion-deducibles-irpf-alquiler-turistico\\\/\",\"name\":\"Pueden deducirse del IRPF los gastos de decoraci\u00f3n y acondicionamiento de un piso tur\u00edstico, seg\u00fan el TSJ-PV - FMSB Abogados y Economistas en Baleares\",\"isPartOf\":{\"@id\":\"https:\\\/\\\/fmsb.eu\\\/en\\\/#website\"},\"primaryImageOfPage\":{\"@id\":\"https:\\\/\\\/fmsb.eu\\\/en\\\/2023\\\/03\\\/18\\\/gastos-decoracion-deducibles-irpf-alquiler-turistico\\\/#primaryimage\"},\"image\":{\"@id\":\"https:\\\/\\\/fmsb.eu\\\/en\\\/2023\\\/03\\\/18\\\/gastos-decoracion-deducibles-irpf-alquiler-turistico\\\/#primaryimage\"},\"thumbnailUrl\":\"https:\\\/\\\/fmsb.eu\\\/wp-content\\\/uploads\\\/2023\\\/03\\\/FMSB-gastos-alquiler-turistico.jpg\",\"datePublished\":\"2023-03-18T18:58:32+00:00\",\"breadcrumb\":{\"@id\":\"https:\\\/\\\/fmsb.eu\\\/en\\\/2023\\\/03\\\/18\\\/gastos-decoracion-deducibles-irpf-alquiler-turistico\\\/#breadcrumb\"},\"inLanguage\":\"en-US\",\"potentialAction\":[{\"@type\":\"ReadAction\",\"target\":[\"https:\\\/\\\/fmsb.eu\\\/en\\\/2023\\\/03\\\/18\\\/gastos-decoracion-deducibles-irpf-alquiler-turistico\\\/\"]}]},{\"@type\":\"ImageObject\",\"inLanguage\":\"en-US\",\"@id\":\"https:\\\/\\\/fmsb.eu\\\/en\\\/2023\\\/03\\\/18\\\/gastos-decoracion-deducibles-irpf-alquiler-turistico\\\/#primaryimage\",\"url\":\"https:\\\/\\\/fmsb.eu\\\/wp-content\\\/uploads\\\/2023\\\/03\\\/FMSB-gastos-alquiler-turistico.jpg\",\"contentUrl\":\"https:\\\/\\\/fmsb.eu\\\/wp-content\\\/uploads\\\/2023\\\/03\\\/FMSB-gastos-alquiler-turistico.jpg\",\"width\":2000,\"height\":2000},{\"@type\":\"BreadcrumbList\",\"@id\":\"https:\\\/\\\/fmsb.eu\\\/en\\\/2023\\\/03\\\/18\\\/gastos-decoracion-deducibles-irpf-alquiler-turistico\\\/#breadcrumb\",\"itemListElement\":[{\"@type\":\"ListItem\",\"position\":1,\"name\":\"Portada\",\"item\":\"https:\\\/\\\/fmsb.eu\\\/en\\\/\"},{\"@type\":\"ListItem\",\"position\":2,\"name\":\"Pueden deducirse del IRPF los gastos de decoraci\u00f3n y acondicionamiento de un piso tur\u00edstico, seg\u00fan el TSJ-PV\"}]},{\"@type\":\"WebSite\",\"@id\":\"https:\\\/\\\/fmsb.eu\\\/en\\\/#website\",\"url\":\"https:\\\/\\\/fmsb.eu\\\/en\\\/\",\"name\":\"FMSB Abogados y Economistas en Baleares\",\"description\":\"\",\"publisher\":{\"@id\":\"https:\\\/\\\/fmsb.eu\\\/en\\\/#organization\"},\"potentialAction\":[{\"@type\":\"SearchAction\",\"target\":{\"@type\":\"EntryPoint\",\"urlTemplate\":\"https:\\\/\\\/fmsb.eu\\\/en\\\/?s={search_term_string}\"},\"query-input\":{\"@type\":\"PropertyValueSpecification\",\"valueRequired\":true,\"valueName\":\"search_term_string\"}}],\"inLanguage\":\"en-US\"},{\"@type\":\"Organization\",\"@id\":\"https:\\\/\\\/fmsb.eu\\\/en\\\/#organization\",\"name\":\"FMSB Abogados y Economistas en Baleares\",\"url\":\"https:\\\/\\\/fmsb.eu\\\/en\\\/\",\"logo\":{\"@type\":\"ImageObject\",\"inLanguage\":\"en-US\",\"@id\":\"https:\\\/\\\/fmsb.eu\\\/en\\\/#\\\/schema\\\/logo\\\/image\\\/\",\"url\":\"https:\\\/\\\/fmsb.eu\\\/wp-content\\\/uploads\\\/2025\\\/02\\\/logo.svg\",\"contentUrl\":\"https:\\\/\\\/fmsb.eu\\\/wp-content\\\/uploads\\\/2025\\\/02\\\/logo.svg\",\"width\":154,\"height\":52,\"caption\":\"FMSB Abogados y Economistas en Baleares\"},\"image\":{\"@id\":\"https:\\\/\\\/fmsb.eu\\\/en\\\/#\\\/schema\\\/logo\\\/image\\\/\"}},{\"@type\":\"Person\",\"@id\":\"https:\\\/\\\/fmsb.eu\\\/en\\\/#\\\/schema\\\/person\\\/9fba7c70814b0cd34d35d655d36a4ca2\",\"name\":\"fmsb\",\"image\":{\"@type\":\"ImageObject\",\"inLanguage\":\"en-US\",\"@id\":\"https:\\\/\\\/secure.gravatar.com\\\/avatar\\\/426f4d5b0ebcace85460caf87cdaaa193694b611e990615d87a13f322fb7ee7f?s=96&d=mm&r=g\",\"url\":\"https:\\\/\\\/secure.gravatar.com\\\/avatar\\\/426f4d5b0ebcace85460caf87cdaaa193694b611e990615d87a13f322fb7ee7f?s=96&d=mm&r=g\",\"contentUrl\":\"https:\\\/\\\/secure.gravatar.com\\\/avatar\\\/426f4d5b0ebcace85460caf87cdaaa193694b611e990615d87a13f322fb7ee7f?s=96&d=mm&r=g\",\"caption\":\"fmsb\"},\"sameAs\":[\"https:\\\/\\\/x.com\\\/fmsb-disstint\"],\"url\":\"https:\\\/\\\/fmsb.eu\\\/en\\\/author\\\/fmsb\\\/\"}]}<\/script>\n<!-- \/ Yoast SEO plugin. -->","yoast_head_json":{"title":"Pueden deducirse del IRPF los gastos de decoraci\u00f3n y acondicionamiento de un piso tur\u00edstico, seg\u00fan el TSJ-PV - FMSB Abogados y Economistas en Baleares","robots":{"index":"index","follow":"follow","max-snippet":"max-snippet:-1","max-image-preview":"max-image-preview:large","max-video-preview":"max-video-preview:-1"},"canonical":"https:\/\/fmsb.eu\/en\/2023\/03\/18\/gastos-decoracion-deducibles-irpf-alquiler-turistico\/","og_locale":"en_US","og_type":"article","og_title":"Pueden deducirse del IRPF los gastos de decoraci\u00f3n y acondicionamiento de un piso tur\u00edstico, seg\u00fan el TSJ-PV - FMSB Abogados y Economistas en Baleares","og_description":"&nbsp; Pueden deducirse del IRPF los gastos de decoraci\u00f3n y acondicionamiento de un piso tur\u00edstico, seg\u00fan el TSJ-PV Pueden deducirse del impuesto sobre la renta de las personas f\u00edsicas (IRPF) los gastos de decoraci\u00f3n y acondicionamiento de un piso destinado a alquiler tur\u00edstico, seg\u00fan una reciente sentencia del Tribunal Superior de Justicia del Pa\u00eds vasco [&hellip;]","og_url":"https:\/\/fmsb.eu\/en\/2023\/03\/18\/gastos-decoracion-deducibles-irpf-alquiler-turistico\/","og_site_name":"FMSB Abogados y Economistas en Baleares","article_published_time":"2023-03-18T18:58:32+00:00","og_image":[{"width":2000,"height":2000,"url":"https:\/\/fmsb.eu\/wp-content\/uploads\/2023\/03\/FMSB-gastos-alquiler-turistico.jpg","type":"image\/jpeg"}],"author":"fmsb","twitter_card":"summary_large_image","twitter_creator":"@fmsb-disstint","twitter_misc":{"Written by":"fmsb","Est. reading time":"3 minutes"},"schema":{"@context":"https:\/\/schema.org","@graph":[{"@type":"Article","@id":"https:\/\/fmsb.eu\/en\/2023\/03\/18\/gastos-decoracion-deducibles-irpf-alquiler-turistico\/#article","isPartOf":{"@id":"https:\/\/fmsb.eu\/en\/2023\/03\/18\/gastos-decoracion-deducibles-irpf-alquiler-turistico\/"},"author":{"name":"fmsb","@id":"https:\/\/fmsb.eu\/en\/#\/schema\/person\/9fba7c70814b0cd34d35d655d36a4ca2"},"headline":"Pueden deducirse del IRPF los gastos de decoraci\u00f3n y acondicionamiento de un piso tur\u00edstico, seg\u00fan el TSJ-PV","datePublished":"2023-03-18T18:58:32+00:00","mainEntityOfPage":{"@id":"https:\/\/fmsb.eu\/en\/2023\/03\/18\/gastos-decoracion-deducibles-irpf-alquiler-turistico\/"},"wordCount":523,"publisher":{"@id":"https:\/\/fmsb.eu\/en\/#organization"},"image":{"@id":"https:\/\/fmsb.eu\/en\/2023\/03\/18\/gastos-decoracion-deducibles-irpf-alquiler-turistico\/#primaryimage"},"thumbnailUrl":"https:\/\/fmsb.eu\/wp-content\/uploads\/2023\/03\/FMSB-gastos-alquiler-turistico.jpg","keywords":["abogados","alquiler","alquiler tur\u00edstico","baleares","beneficios fiscales","bienes inmuebles","derecho","economistas","el arenal","empresas","fmsb","font mora sainz de baranda","gastos deducibles","ibiza","impuestos","inca","IRPF","ITPAJD","iva","law","lawyers","ley del impuesto ssobre la renta de la persona f\u00edsica","mallorca","Manacor","menorca","Palma","puerto de andratx","renta","solicitors","vivienda tur\u00edstico"],"articleSection":["actualidad","blog","Derecho Fiscal","Home","Turismo"],"inLanguage":"en-US"},{"@type":"WebPage","@id":"https:\/\/fmsb.eu\/en\/2023\/03\/18\/gastos-decoracion-deducibles-irpf-alquiler-turistico\/","url":"https:\/\/fmsb.eu\/en\/2023\/03\/18\/gastos-decoracion-deducibles-irpf-alquiler-turistico\/","name":"Pueden deducirse del IRPF los gastos de decoraci\u00f3n y acondicionamiento de un piso tur\u00edstico, seg\u00fan el TSJ-PV - FMSB Abogados y Economistas en Baleares","isPartOf":{"@id":"https:\/\/fmsb.eu\/en\/#website"},"primaryImageOfPage":{"@id":"https:\/\/fmsb.eu\/en\/2023\/03\/18\/gastos-decoracion-deducibles-irpf-alquiler-turistico\/#primaryimage"},"image":{"@id":"https:\/\/fmsb.eu\/en\/2023\/03\/18\/gastos-decoracion-deducibles-irpf-alquiler-turistico\/#primaryimage"},"thumbnailUrl":"https:\/\/fmsb.eu\/wp-content\/uploads\/2023\/03\/FMSB-gastos-alquiler-turistico.jpg","datePublished":"2023-03-18T18:58:32+00:00","breadcrumb":{"@id":"https:\/\/fmsb.eu\/en\/2023\/03\/18\/gastos-decoracion-deducibles-irpf-alquiler-turistico\/#breadcrumb"},"inLanguage":"en-US","potentialAction":[{"@type":"ReadAction","target":["https:\/\/fmsb.eu\/en\/2023\/03\/18\/gastos-decoracion-deducibles-irpf-alquiler-turistico\/"]}]},{"@type":"ImageObject","inLanguage":"en-US","@id":"https:\/\/fmsb.eu\/en\/2023\/03\/18\/gastos-decoracion-deducibles-irpf-alquiler-turistico\/#primaryimage","url":"https:\/\/fmsb.eu\/wp-content\/uploads\/2023\/03\/FMSB-gastos-alquiler-turistico.jpg","contentUrl":"https:\/\/fmsb.eu\/wp-content\/uploads\/2023\/03\/FMSB-gastos-alquiler-turistico.jpg","width":2000,"height":2000},{"@type":"BreadcrumbList","@id":"https:\/\/fmsb.eu\/en\/2023\/03\/18\/gastos-decoracion-deducibles-irpf-alquiler-turistico\/#breadcrumb","itemListElement":[{"@type":"ListItem","position":1,"name":"Portada","item":"https:\/\/fmsb.eu\/en\/"},{"@type":"ListItem","position":2,"name":"Pueden deducirse del IRPF los gastos de decoraci\u00f3n y acondicionamiento de un piso tur\u00edstico, seg\u00fan el TSJ-PV"}]},{"@type":"WebSite","@id":"https:\/\/fmsb.eu\/en\/#website","url":"https:\/\/fmsb.eu\/en\/","name":"FMSB Abogados y Economistas en Baleares","description":"","publisher":{"@id":"https:\/\/fmsb.eu\/en\/#organization"},"potentialAction":[{"@type":"SearchAction","target":{"@type":"EntryPoint","urlTemplate":"https:\/\/fmsb.eu\/en\/?s={search_term_string}"},"query-input":{"@type":"PropertyValueSpecification","valueRequired":true,"valueName":"search_term_string"}}],"inLanguage":"en-US"},{"@type":"Organization","@id":"https:\/\/fmsb.eu\/en\/#organization","name":"FMSB Abogados y Economistas en Baleares","url":"https:\/\/fmsb.eu\/en\/","logo":{"@type":"ImageObject","inLanguage":"en-US","@id":"https:\/\/fmsb.eu\/en\/#\/schema\/logo\/image\/","url":"https:\/\/fmsb.eu\/wp-content\/uploads\/2025\/02\/logo.svg","contentUrl":"https:\/\/fmsb.eu\/wp-content\/uploads\/2025\/02\/logo.svg","width":154,"height":52,"caption":"FMSB Abogados y Economistas en Baleares"},"image":{"@id":"https:\/\/fmsb.eu\/en\/#\/schema\/logo\/image\/"}},{"@type":"Person","@id":"https:\/\/fmsb.eu\/en\/#\/schema\/person\/9fba7c70814b0cd34d35d655d36a4ca2","name":"fmsb","image":{"@type":"ImageObject","inLanguage":"en-US","@id":"https:\/\/secure.gravatar.com\/avatar\/426f4d5b0ebcace85460caf87cdaaa193694b611e990615d87a13f322fb7ee7f?s=96&d=mm&r=g","url":"https:\/\/secure.gravatar.com\/avatar\/426f4d5b0ebcace85460caf87cdaaa193694b611e990615d87a13f322fb7ee7f?s=96&d=mm&r=g","contentUrl":"https:\/\/secure.gravatar.com\/avatar\/426f4d5b0ebcace85460caf87cdaaa193694b611e990615d87a13f322fb7ee7f?s=96&d=mm&r=g","caption":"fmsb"},"sameAs":["https:\/\/x.com\/fmsb-disstint"],"url":"https:\/\/fmsb.eu\/en\/author\/fmsb\/"}]}},"_links":{"self":[{"href":"https:\/\/fmsb.eu\/en\/wp-json\/wp\/v2\/posts\/11212","targetHints":{"allow":["GET"]}}],"collection":[{"href":"https:\/\/fmsb.eu\/en\/wp-json\/wp\/v2\/posts"}],"about":[{"href":"https:\/\/fmsb.eu\/en\/wp-json\/wp\/v2\/types\/post"}],"author":[{"embeddable":true,"href":"https:\/\/fmsb.eu\/en\/wp-json\/wp\/v2\/users\/2"}],"replies":[{"embeddable":true,"href":"https:\/\/fmsb.eu\/en\/wp-json\/wp\/v2\/comments?post=11212"}],"version-history":[{"count":0,"href":"https:\/\/fmsb.eu\/en\/wp-json\/wp\/v2\/posts\/11212\/revisions"}],"wp:featuredmedia":[{"embeddable":true,"href":"https:\/\/fmsb.eu\/en\/wp-json\/wp\/v2\/media\/10016"}],"wp:attachment":[{"href":"https:\/\/fmsb.eu\/en\/wp-json\/wp\/v2\/media?parent=11212"}],"wp:term":[{"taxonomy":"category","embeddable":true,"href":"https:\/\/fmsb.eu\/en\/wp-json\/wp\/v2\/categories?post=11212"},{"taxonomy":"post_tag","embeddable":true,"href":"https:\/\/fmsb.eu\/en\/wp-json\/wp\/v2\/tags?post=11212"}],"curies":[{"name":"wp","href":"https:\/\/api.w.org\/{rel}","templated":true}]}}