{"id":11220,"date":"2023-03-07T19:29:15","date_gmt":"2023-03-07T18:29:15","guid":{"rendered":"http:\/\/fmsb.disstintbeta.com\/2023\/03\/07\/aumenta-proteccion-victimas-accidentes-trafico-aprobado-anteproyecto-ley-responsabilidad-seguro\/"},"modified":"2023-03-07T19:29:15","modified_gmt":"2023-03-07T18:29:15","slug":"aumenta-proteccion-victimas-accidentes-trafico-aprobado-anteproyecto-ley-responsabilidad-seguro","status":"publish","type":"post","link":"https:\/\/fmsb.eu\/en\/2023\/03\/07\/aumenta-proteccion-victimas-accidentes-trafico-aprobado-anteproyecto-ley-responsabilidad-seguro\/","title":{"rendered":"Aprobado el anteproyecto de Ley sobre Responsabilidad Civil y Seguro de la Circulaci\u00f3n de Veh\u00edculos a Motor que pretende aumentar la protecci\u00f3n de las v\u00edctimas de accidentes de tr\u00e1fico"},"content":{"rendered":"<div data-contents=\"true\">\n<div data-offset-key=\"b7g8t-0-0\"><a href=\"http:\/\/fmsb.disstintbeta.com\/wp-content\/uploads\/2023\/03\/FMSB-Abogados-Anteproyecto-modificacion-de-la-Ley-de-responsabilidad-civil-y-seguro-en-la-circulacion-de-vehiculos-a-motor.jpg\"><img fetchpriority=\"high\" decoding=\"async\" class=\"alignnone wp-image-6739\" src=\"http:\/\/fmsb.disstintbeta.com\/wp-content\/uploads\/2023\/03\/FMSB-Abogados-Anteproyecto-modificacion-de-la-Ley-de-responsabilidad-civil-y-seguro-en-la-circulacion-de-vehiculos-a-motor.jpg\" alt=\"\" width=\"800\" height=\"600\" srcset=\"https:\/\/font-mora-sainz-baranda.fra1.digitaloceanspaces.com\/wp-content\/uploads\/2023\/03\/FMSB-Abogados-Anteproyecto-modificacion-de-la-Ley-de-responsabilidad-civil-y-seguro-en-la-circulacion-de-vehiculos-a-motor.jpg 1600w, https:\/\/font-mora-sainz-baranda.fra1.digitaloceanspaces.com\/wp-content\/uploads\/2023\/03\/FMSB-Abogados-Anteproyecto-modificacion-de-la-Ley-de-responsabilidad-civil-y-seguro-en-la-circulacion-de-vehiculos-a-motor-300x225.jpg 300w, https:\/\/font-mora-sainz-baranda.fra1.digitaloceanspaces.com\/wp-content\/uploads\/2023\/03\/FMSB-Abogados-Anteproyecto-modificacion-de-la-Ley-de-responsabilidad-civil-y-seguro-en-la-circulacion-de-vehiculos-a-motor-1024x768.jpg 1024w, https:\/\/font-mora-sainz-baranda.fra1.digitaloceanspaces.com\/wp-content\/uploads\/2023\/03\/FMSB-Abogados-Anteproyecto-modificacion-de-la-Ley-de-responsabilidad-civil-y-seguro-en-la-circulacion-de-vehiculos-a-motor-768x576.jpg 768w, https:\/\/font-mora-sainz-baranda.fra1.digitaloceanspaces.com\/wp-content\/uploads\/2023\/03\/FMSB-Abogados-Anteproyecto-modificacion-de-la-Ley-de-responsabilidad-civil-y-seguro-en-la-circulacion-de-vehiculos-a-motor-1536x1152.jpg 1536w\" sizes=\"(max-width: 800px) 100vw, 800px\" \/><\/a><\/div>\n<\/div>\n<h1 data-offset-key=\"b7g8t-0-0\"><span style=\"color: #ffffff;\">&#8211;<\/span><\/h1>\n<h1 data-offset-key=\"b7g8t-0-0\"><strong><span style=\"color: #ff6600;\">Aprobado el anteproyecto de Ley sobre Responsabilidad Civil y Seguro de la Circulaci\u00f3n de Veh\u00edculos a Motor que pretende aumentar la protecci\u00f3n de las v\u00edctimas de accidentes de tr\u00e1fico<\/span><\/strong><\/h1>\n<h1><span style=\"color: #ffffff;\">&#8211;<\/span><\/h1>\n<p class=\"justificado\">El Consejo de Ministros ha aprobado el <strong>anteproyecto de Ley<\/strong> que modifica el <a href=\"https:\/\/www.boe.es\/buscar\/act.php?id=BOE-A-2004-18911\"><strong>texto refundido de la Ley sobre Responsabilidad Civil y Seguro de la Circulaci\u00f3n<\/strong><\/a> y que transpone la <a href=\"https:\/\/www.boe.es\/buscar\/doc.php?id=DOUE-L-2021-81670\"><strong>Directiva 2021\/2118 del seguro de autom\u00f3viles<\/strong><\/a>. El texto se publicar\u00e1 pr\u00f3ximamente en audiencia p\u00fablica para recoger las aportaciones de todos los operadores econ\u00f3micos.<\/p>\n<p class=\"justificado\">El anteproyecto de Ley incluye las nuevas disposiciones de la Directiva europea e incorpora asimismo <strong>mejoras en el sistema de valoraci\u00f3n de da\u00f1os personales causados por accidentes de tr\u00e1fico<\/strong> que incrementar\u00e1n y reforzar\u00e1n la protecci\u00f3n de las v\u00edctimas.<\/p>\n<p class=\"justificado\">La transposici\u00f3n de la Directiva europea del seguro de autom\u00f3viles <strong>ampl\u00eda y clarifica los veh\u00edculos que deben disponer del seguro obligatorio de responsabilidad civil<\/strong>, <strong>aclarando el tipo de aseguramiento del que deben disponer los veh\u00edculos agr\u00edcolas y\/o industriales<\/strong>. Asimismo, <strong>se ampl\u00eda el concepto de &#8220;hecho de circulaci\u00f3n&#8221;<\/strong> cubierto por el seguro <strong>para incluir la protecci\u00f3n de las v\u00edctimas independientemente del terreno en el que se est\u00e9 utilizando el autom\u00f3vil y de si est\u00e1 parado o en movimiento<\/strong>.<\/p>\n<p class=\"justificado\">Adicionalmente, <strong>se ampl\u00edan las funciones del Consorcio de Compensaci\u00f3n de Seguros<\/strong>, que <strong>se har\u00e1 cargo de la indemnizaci\u00f3n de las v\u00edctimas cuando la aseguradora est\u00e9 en procedimiento concursal o liquidaci\u00f3n, sea espa\u00f1ola o extranjera<\/strong>.<\/p>\n<p class=\"justificado\">Por otro lado, el proyecto normativo incorpora <strong>mejoras adicionales en el sistema de valoraci\u00f3n de las indemnizaciones<\/strong>, tanto en el procedimiento como en la cuant\u00eda.<\/p>\n<ul>\n<li class=\"justificado\">En primer lugar, se introducen cambios para agilizar el procedimiento de pago, tratando de conseguir un acuerdo r\u00e1pido y justo para las v\u00edctimas, de acuerdo con el principio de reparaci\u00f3n \u00edntegra, evitando en lo posible recurrir a la v\u00eda judicial.<\/li>\n<li class=\"justificado\">En segundo lugar, se mejoran sustancialmente las indemnizaciones, proponiendo que se actualicen autom\u00e1ticamente de acuerdo con el \u00cdndice de Precios de Consumo. Esta mejora se une a la aprobada recientemente en el<a href=\"https:\/\/www.boe.es\/diario_boe\/txt.php?id=BOE-A-2022-17597\"> Real Decreto 907\/2022<\/a> en el que se aumentaban las indemnizaciones por lucro cesante y mantiene el sistema plenamente actualizado y con los mayores niveles de protecci\u00f3n.<\/li>\n<\/ul>\n<p class=\"justificado\">Estas mejoras cuentan con el respaldo y consenso de las asociaciones de v\u00edctimas de accidentes de tr\u00e1fico, entidades aseguradoras y expertos en seguros y responsabilidad civil.<\/p>\n<p class=\"justificado\">Asimismo, en el anteproyecto de Ley se encomienda a una <strong>comisi\u00f3n de expertos<\/strong> la realizaci\u00f3n de un estudio que valore la conveniencia y, en su caso, caracter\u00edsticas de un seguro obligatorio para cubrir los da\u00f1os a terceros causados por los nuevos <strong>veh\u00edculos de movilidad personal<\/strong>.<\/p>\n<p class=\"justificado\">Finalmente, se incluye una <strong>modificaci\u00f3n de la <a href=\"https:\/\/www.boe.es\/buscar\/act.php?id=BOE-A-2015-7897\">Ley 20\/2015 de ordenaci\u00f3n, supervisi\u00f3n y solvencia de las entidades aseguradoras<\/a><\/strong> para mejorar las facultades de control por el supervisor de la idoneidad de las personas que dirigen una aseguradora e introduce la posibilidad de exigir planes preventivos de recuperaci\u00f3n de entidades.<\/p>\n<div data-contents=\"true\">\n<div class=\"\" data-block=\"true\" data-editor=\"8sa01\" data-offset-key=\"b7g8t-0-0\">\n<div class=\"_1mf _1mj\" data-offset-key=\"b7g8t-0-0\"><span data-offset-key=\"b7g8t-0-0\">Nuestra firma<strong>, <\/strong><a href=\"https:\/\/www.facebook.com\/FMSB.Abogados\"><strong>Font Mora Sainz de Baranda<\/strong><\/a> <a href=\"http:\/\/www.fmsb.eu\">&#8211;<em>abogados y economistas<\/em>&#8211;<\/a>, cuenta con abogados y otros profesionales especializados en <\/span>reclamaci\u00f3n de indemnizaciones por lesiones y da\u00f1os derivados de accidentes de trafico. Pida cita con nosotros y reciba un asesoramiento especializado en esta materia.<\/div>\n<\/div>\n<div data-offset-key=\"b7g8t-0-0\"><\/div>\n<div class=\"\" data-block=\"true\" data-editor=\"8sa01\" data-offset-key=\"b7g8t-0-0\">\n<div data-offset-key=\"b7g8t-0-0\">\n<hr \/>\n<\/div>\n<div class=\"_1mf _1mj\" data-offset-key=\"b7g8t-0-0\"><span style=\"color: #999999;\"><span class=\"diy96o5h\">#fmsb<\/span> <span class=\"diy96o5h\">#abogados<\/span> <span class=\"diy96o5h\">#economistas<\/span> <span class=\"diy96o5h\">#accidentes<\/span> <span class=\"diy96o5h\">#tr\u00e1fico<\/span> <span class=\"diy96o5h\">#indemnizaci\u00f3n<\/span> #siniestralidad <span class=\"diy96o5h\">#seguro<\/span> <span class=\"diy96o5h\">#aseguradora<\/span> <span class=\"diy96o5h\">#p\u00f3liza<\/span> <span class=\"diy96o5h\">#defensajur\u00eddica<\/span> <span class=\"diy96o5h\">#conductor<\/span> <span class=\"diy96o5h\">#implicado<\/span> <span class=\"diy96o5h\">#causante<\/span> <span class=\"diy96o5h\">#responsable<\/span> <span class=\"diy96o5h\">#da\u00f1os #personales #materiales<\/span> <span class=\"diy96o5h\">#derecho<\/span> <span class=\"diy96o5h\">#civil<\/span> <span class=\"diy96o5h\">#parteamistoso<\/span> <span class=\"diy96o5h\">#testigo<\/span> <span class=\"diy96o5h\">#lesiones<\/span> <span class=\"diy96o5h\">#reclamaci\u00f3n<\/span> <span class=\"diy96o5h\">#da\u00f1ospersonales #veh\u00edculos #movilidad #personal<\/span> <span class=\"diy96o5h\">#da\u00f1osmateriales<\/span> <span class=\"diy96o5h\">#ofertamotivada<\/span> <span class=\"diy96o5h\">#lawyers<\/span> <span class=\"diy96o5h\">#solicitors<\/span><\/span><\/div>\n<\/div>\n<\/div>\n","protected":false},"excerpt":{"rendered":"<p>&#8211; Aprobado el anteproyecto de Ley sobre Responsabilidad Civil y Seguro de la Circulaci\u00f3n de Veh\u00edculos a Motor que pretende aumentar la protecci\u00f3n de las v\u00edctimas de accidentes de tr\u00e1fico &#8211; El Consejo de Ministros ha aprobado el anteproyecto de Ley que modifica el texto refundido de la Ley sobre Responsabilidad Civil y Seguro de [&hellip;]<\/p>\n","protected":false},"author":2,"featured_media":10000,"comment_status":"closed","ping_status":"open","sticky":false,"template":"","format":"standard","meta":{"footnotes":""},"categories":[2148,2149,4630,2150,2770,2152,2520,3548,2522],"tags":[2156,2523,2525,2527,2528,2529,4730,2530,4731,2531,2532,2533,2534,2425,2535,2168,2173,2174,4732,2540,2381,2541,2179,2542,4733,2545,4734,2546,4735,2547,2548,2550,2551,2553,2554,2193,4736,2555,4737,4738,4739],"class_list":["post-11220","post","type-post","status-publish","format-standard","has-post-thumbnail","hentry","category-actualidad-en","category-blog-en-2","category-contrato-de-seguro-en","category-derecho-civil-en","category-derecho-de-danos-en","category-home-en-2","category-responsabilidad-civil-en","category-seguro-en","category-trafico-y-seguridad-vial-en","tag-abogados-en","tag-accidentes-de-trafico-en","tag-aseguradora-en","tag-causante-en","tag-cervicales-en","tag-cervicalgia-en","tag-circulando-en","tag-compania-de-seguros-en","tag-consorcio-de-compensacion-de-seguros-en","tag-danos-en","tag-danos-materiales-en","tag-danos-personales-en","tag-defensa-juridica-en","tag-derecho-civil-en","tag-derecho-de-danos-en","tag-economistas-en","tag-fmsb-en","tag-font-mora-sainz-de-baranda-en","tag-hecho-de-circulacion-en","tag-implicado-en","tag-indemnizacion-en","tag-latigazo-cervical-en","tag-lawyers-en-2","tag-lesiones-en","tag-movimiento-en","tag-oferta-motivada-en","tag-parado-en","tag-parte-amistoso-de-accidente-en","tag-patinete-electrico-en","tag-poliza-en","tag-reclamacion-en","tag-responsable-en","tag-respuesta-motivada-en","tag-seguro-en","tag-siniestralidad-en","tag-solicitors-en","tag-terreno-en","tag-testigo-en","tag-valoracion-de-danos-personales-en","tag-vehiculo-agricola-en","tag-vehiculo-de-movilidad-personal-en"],"yoast_head":"<!-- This site is optimized with the Yoast SEO plugin v27.3 - https:\/\/yoast.com\/product\/yoast-seo-wordpress\/ -->\n<title>Aprobado el anteproyecto de Ley sobre Responsabilidad Civil y Seguro de la Circulaci\u00f3n de Veh\u00edculos a Motor que pretende aumentar la protecci\u00f3n de las v\u00edctimas de accidentes de tr\u00e1fico - FMSB Abogados y Economistas en Baleares<\/title>\n<meta name=\"robots\" content=\"index, follow, max-snippet:-1, max-image-preview:large, max-video-preview:-1\" \/>\n<link rel=\"canonical\" href=\"https:\/\/fmsb.eu\/en\/2023\/03\/07\/aumenta-proteccion-victimas-accidentes-trafico-aprobado-anteproyecto-ley-responsabilidad-seguro\/\" \/>\n<meta property=\"og:locale\" content=\"en_US\" \/>\n<meta property=\"og:type\" content=\"article\" \/>\n<meta property=\"og:title\" content=\"Aprobado el anteproyecto de Ley sobre Responsabilidad Civil y Seguro de la Circulaci\u00f3n de Veh\u00edculos a Motor que pretende aumentar la protecci\u00f3n de las v\u00edctimas de accidentes de tr\u00e1fico - FMSB Abogados y Economistas en Baleares\" \/>\n<meta property=\"og:description\" content=\"&#8211; Aprobado el anteproyecto de Ley sobre Responsabilidad Civil y Seguro de la Circulaci\u00f3n de Veh\u00edculos a Motor que pretende aumentar la protecci\u00f3n de las v\u00edctimas de accidentes de tr\u00e1fico &#8211; El Consejo de Ministros ha aprobado el anteproyecto de Ley que modifica el texto refundido de la Ley sobre Responsabilidad Civil y Seguro de [&hellip;]\" \/>\n<meta property=\"og:url\" content=\"https:\/\/fmsb.eu\/en\/2023\/03\/07\/aumenta-proteccion-victimas-accidentes-trafico-aprobado-anteproyecto-ley-responsabilidad-seguro\/\" \/>\n<meta property=\"og:site_name\" content=\"FMSB Abogados y Economistas en Baleares\" \/>\n<meta property=\"article:published_time\" content=\"2023-03-07T18:29:15+00:00\" \/>\n<meta property=\"og:image\" content=\"https:\/\/fmsb.eu\/wp-content\/uploads\/2023\/03\/FMSB-Abogados-Anteproyecto-modificacion-de-la-Ley-de-responsabilidad-civil-y-seguro-en-la-circulacion-de-vehiculos-a-motor.jpg\" \/>\n\t<meta property=\"og:image:width\" content=\"1600\" \/>\n\t<meta property=\"og:image:height\" content=\"1200\" \/>\n\t<meta property=\"og:image:type\" content=\"image\/jpeg\" \/>\n<meta name=\"author\" content=\"fmsb\" \/>\n<meta name=\"twitter:card\" content=\"summary_large_image\" \/>\n<meta name=\"twitter:creator\" content=\"@fmsb-disstint\" \/>\n<meta name=\"twitter:label1\" content=\"Written by\" \/>\n\t<meta name=\"twitter:data1\" content=\"fmsb\" \/>\n\t<meta name=\"twitter:label2\" content=\"Est. reading time\" \/>\n\t<meta name=\"twitter:data2\" content=\"3 minutes\" \/>\n<script type=\"application\/ld+json\" class=\"yoast-schema-graph\">{\"@context\":\"https:\\\/\\\/schema.org\",\"@graph\":[{\"@type\":\"Article\",\"@id\":\"https:\\\/\\\/fmsb.eu\\\/en\\\/2023\\\/03\\\/07\\\/aumenta-proteccion-victimas-accidentes-trafico-aprobado-anteproyecto-ley-responsabilidad-seguro\\\/#article\",\"isPartOf\":{\"@id\":\"https:\\\/\\\/fmsb.eu\\\/en\\\/2023\\\/03\\\/07\\\/aumenta-proteccion-victimas-accidentes-trafico-aprobado-anteproyecto-ley-responsabilidad-seguro\\\/\"},\"author\":{\"name\":\"fmsb\",\"@id\":\"https:\\\/\\\/fmsb.eu\\\/en\\\/#\\\/schema\\\/person\\\/9fba7c70814b0cd34d35d655d36a4ca2\"},\"headline\":\"Aprobado el anteproyecto de Ley sobre Responsabilidad Civil y Seguro de la Circulaci\u00f3n de Veh\u00edculos a Motor que pretende aumentar la protecci\u00f3n de las v\u00edctimas de accidentes de tr\u00e1fico\",\"datePublished\":\"2023-03-07T18:29:15+00:00\",\"mainEntityOfPage\":{\"@id\":\"https:\\\/\\\/fmsb.eu\\\/en\\\/2023\\\/03\\\/07\\\/aumenta-proteccion-victimas-accidentes-trafico-aprobado-anteproyecto-ley-responsabilidad-seguro\\\/\"},\"wordCount\":646,\"publisher\":{\"@id\":\"https:\\\/\\\/fmsb.eu\\\/en\\\/#organization\"},\"image\":{\"@id\":\"https:\\\/\\\/fmsb.eu\\\/en\\\/2023\\\/03\\\/07\\\/aumenta-proteccion-victimas-accidentes-trafico-aprobado-anteproyecto-ley-responsabilidad-seguro\\\/#primaryimage\"},\"thumbnailUrl\":\"https:\\\/\\\/fmsb.eu\\\/wp-content\\\/uploads\\\/2023\\\/03\\\/FMSB-Abogados-Anteproyecto-modificacion-de-la-Ley-de-responsabilidad-civil-y-seguro-en-la-circulacion-de-vehiculos-a-motor.jpg\",\"keywords\":[\"abogados\",\"accidentes de tr\u00e1fico\",\"aseguradora\",\"causante\",\"cervicales\",\"cervicalgia\",\"circulando\",\"compa\u00f1\u00eda de seguros\",\"consorcio de compensaci\u00f3n de seguros\",\"da\u00f1os\",\"da\u00f1os materiales\",\"da\u00f1os personales\",\"defensa jur\u00eddica\",\"Derecho Civil\",\"derecho de da\u00f1os\",\"economistas\",\"fmsb\",\"font mora sainz de baranda\",\"hecho de circulaci\u00f3n\",\"implicado\",\"indemnizaci\u00f3n\",\"latigazo cervical\",\"lawyers\",\"lesiones\",\"movimiento\",\"oferta motivada\",\"parado\",\"parte amistoso de accidente\",\"patinete el\u00e9ctrico\",\"p\u00f3liza\",\"reclamaci\u00f3n\",\"responsable\",\"respuesta motivada\",\"seguro\",\"siniestralidad\",\"solicitors\",\"terreno\",\"testigo\",\"valoraci\u00f3n de da\u00f1os personales\",\"veh\u00edculo agr\u00edcola\",\"veh\u00edculo de movilidad personal\"],\"articleSection\":[\"actualidad\",\"blog\",\"contrato de seguro\",\"Derecho Civil\",\"derecho de da\u00f1os\",\"Home\",\"responsabilidad civil\",\"seguro\",\"tr\u00e1fico y seguridad vial\"],\"inLanguage\":\"en-US\"},{\"@type\":\"WebPage\",\"@id\":\"https:\\\/\\\/fmsb.eu\\\/en\\\/2023\\\/03\\\/07\\\/aumenta-proteccion-victimas-accidentes-trafico-aprobado-anteproyecto-ley-responsabilidad-seguro\\\/\",\"url\":\"https:\\\/\\\/fmsb.eu\\\/en\\\/2023\\\/03\\\/07\\\/aumenta-proteccion-victimas-accidentes-trafico-aprobado-anteproyecto-ley-responsabilidad-seguro\\\/\",\"name\":\"Aprobado el anteproyecto de Ley sobre Responsabilidad Civil y Seguro de la Circulaci\u00f3n de Veh\u00edculos a Motor que pretende aumentar la protecci\u00f3n de las v\u00edctimas de accidentes de tr\u00e1fico - FMSB Abogados y Economistas en Baleares\",\"isPartOf\":{\"@id\":\"https:\\\/\\\/fmsb.eu\\\/en\\\/#website\"},\"primaryImageOfPage\":{\"@id\":\"https:\\\/\\\/fmsb.eu\\\/en\\\/2023\\\/03\\\/07\\\/aumenta-proteccion-victimas-accidentes-trafico-aprobado-anteproyecto-ley-responsabilidad-seguro\\\/#primaryimage\"},\"image\":{\"@id\":\"https:\\\/\\\/fmsb.eu\\\/en\\\/2023\\\/03\\\/07\\\/aumenta-proteccion-victimas-accidentes-trafico-aprobado-anteproyecto-ley-responsabilidad-seguro\\\/#primaryimage\"},\"thumbnailUrl\":\"https:\\\/\\\/fmsb.eu\\\/wp-content\\\/uploads\\\/2023\\\/03\\\/FMSB-Abogados-Anteproyecto-modificacion-de-la-Ley-de-responsabilidad-civil-y-seguro-en-la-circulacion-de-vehiculos-a-motor.jpg\",\"datePublished\":\"2023-03-07T18:29:15+00:00\",\"breadcrumb\":{\"@id\":\"https:\\\/\\\/fmsb.eu\\\/en\\\/2023\\\/03\\\/07\\\/aumenta-proteccion-victimas-accidentes-trafico-aprobado-anteproyecto-ley-responsabilidad-seguro\\\/#breadcrumb\"},\"inLanguage\":\"en-US\",\"potentialAction\":[{\"@type\":\"ReadAction\",\"target\":[\"https:\\\/\\\/fmsb.eu\\\/en\\\/2023\\\/03\\\/07\\\/aumenta-proteccion-victimas-accidentes-trafico-aprobado-anteproyecto-ley-responsabilidad-seguro\\\/\"]}]},{\"@type\":\"ImageObject\",\"inLanguage\":\"en-US\",\"@id\":\"https:\\\/\\\/fmsb.eu\\\/en\\\/2023\\\/03\\\/07\\\/aumenta-proteccion-victimas-accidentes-trafico-aprobado-anteproyecto-ley-responsabilidad-seguro\\\/#primaryimage\",\"url\":\"https:\\\/\\\/fmsb.eu\\\/wp-content\\\/uploads\\\/2023\\\/03\\\/FMSB-Abogados-Anteproyecto-modificacion-de-la-Ley-de-responsabilidad-civil-y-seguro-en-la-circulacion-de-vehiculos-a-motor.jpg\",\"contentUrl\":\"https:\\\/\\\/fmsb.eu\\\/wp-content\\\/uploads\\\/2023\\\/03\\\/FMSB-Abogados-Anteproyecto-modificacion-de-la-Ley-de-responsabilidad-civil-y-seguro-en-la-circulacion-de-vehiculos-a-motor.jpg\",\"width\":1600,\"height\":1200},{\"@type\":\"BreadcrumbList\",\"@id\":\"https:\\\/\\\/fmsb.eu\\\/en\\\/2023\\\/03\\\/07\\\/aumenta-proteccion-victimas-accidentes-trafico-aprobado-anteproyecto-ley-responsabilidad-seguro\\\/#breadcrumb\",\"itemListElement\":[{\"@type\":\"ListItem\",\"position\":1,\"name\":\"Portada\",\"item\":\"https:\\\/\\\/fmsb.eu\\\/en\\\/\"},{\"@type\":\"ListItem\",\"position\":2,\"name\":\"Aprobado el anteproyecto de Ley sobre Responsabilidad Civil y Seguro de la Circulaci\u00f3n de Veh\u00edculos a Motor que pretende aumentar la protecci\u00f3n de las v\u00edctimas de accidentes de tr\u00e1fico\"}]},{\"@type\":\"WebSite\",\"@id\":\"https:\\\/\\\/fmsb.eu\\\/en\\\/#website\",\"url\":\"https:\\\/\\\/fmsb.eu\\\/en\\\/\",\"name\":\"FMSB Abogados y Economistas en Baleares\",\"description\":\"\",\"publisher\":{\"@id\":\"https:\\\/\\\/fmsb.eu\\\/en\\\/#organization\"},\"potentialAction\":[{\"@type\":\"SearchAction\",\"target\":{\"@type\":\"EntryPoint\",\"urlTemplate\":\"https:\\\/\\\/fmsb.eu\\\/en\\\/?s={search_term_string}\"},\"query-input\":{\"@type\":\"PropertyValueSpecification\",\"valueRequired\":true,\"valueName\":\"search_term_string\"}}],\"inLanguage\":\"en-US\"},{\"@type\":\"Organization\",\"@id\":\"https:\\\/\\\/fmsb.eu\\\/en\\\/#organization\",\"name\":\"FMSB Abogados y Economistas en Baleares\",\"url\":\"https:\\\/\\\/fmsb.eu\\\/en\\\/\",\"logo\":{\"@type\":\"ImageObject\",\"inLanguage\":\"en-US\",\"@id\":\"https:\\\/\\\/fmsb.eu\\\/en\\\/#\\\/schema\\\/logo\\\/image\\\/\",\"url\":\"https:\\\/\\\/fmsb.eu\\\/wp-content\\\/uploads\\\/2025\\\/02\\\/logo.svg\",\"contentUrl\":\"https:\\\/\\\/fmsb.eu\\\/wp-content\\\/uploads\\\/2025\\\/02\\\/logo.svg\",\"width\":154,\"height\":52,\"caption\":\"FMSB Abogados y Economistas en Baleares\"},\"image\":{\"@id\":\"https:\\\/\\\/fmsb.eu\\\/en\\\/#\\\/schema\\\/logo\\\/image\\\/\"}},{\"@type\":\"Person\",\"@id\":\"https:\\\/\\\/fmsb.eu\\\/en\\\/#\\\/schema\\\/person\\\/9fba7c70814b0cd34d35d655d36a4ca2\",\"name\":\"fmsb\",\"image\":{\"@type\":\"ImageObject\",\"inLanguage\":\"en-US\",\"@id\":\"https:\\\/\\\/secure.gravatar.com\\\/avatar\\\/426f4d5b0ebcace85460caf87cdaaa193694b611e990615d87a13f322fb7ee7f?s=96&d=mm&r=g\",\"url\":\"https:\\\/\\\/secure.gravatar.com\\\/avatar\\\/426f4d5b0ebcace85460caf87cdaaa193694b611e990615d87a13f322fb7ee7f?s=96&d=mm&r=g\",\"contentUrl\":\"https:\\\/\\\/secure.gravatar.com\\\/avatar\\\/426f4d5b0ebcace85460caf87cdaaa193694b611e990615d87a13f322fb7ee7f?s=96&d=mm&r=g\",\"caption\":\"fmsb\"},\"sameAs\":[\"https:\\\/\\\/x.com\\\/fmsb-disstint\"],\"url\":\"https:\\\/\\\/fmsb.eu\\\/en\\\/author\\\/fmsb\\\/\"}]}<\/script>\n<!-- \/ Yoast SEO plugin. -->","yoast_head_json":{"title":"Aprobado el anteproyecto de Ley sobre Responsabilidad Civil y Seguro de la Circulaci\u00f3n de Veh\u00edculos a Motor que pretende aumentar la protecci\u00f3n de las v\u00edctimas de accidentes de tr\u00e1fico - FMSB Abogados y Economistas en Baleares","robots":{"index":"index","follow":"follow","max-snippet":"max-snippet:-1","max-image-preview":"max-image-preview:large","max-video-preview":"max-video-preview:-1"},"canonical":"https:\/\/fmsb.eu\/en\/2023\/03\/07\/aumenta-proteccion-victimas-accidentes-trafico-aprobado-anteproyecto-ley-responsabilidad-seguro\/","og_locale":"en_US","og_type":"article","og_title":"Aprobado el anteproyecto de Ley sobre Responsabilidad Civil y Seguro de la Circulaci\u00f3n de Veh\u00edculos a Motor que pretende aumentar la protecci\u00f3n de las v\u00edctimas de accidentes de tr\u00e1fico - FMSB Abogados y Economistas en Baleares","og_description":"&#8211; Aprobado el anteproyecto de Ley sobre Responsabilidad Civil y Seguro de la Circulaci\u00f3n de Veh\u00edculos a Motor que pretende aumentar la protecci\u00f3n de las v\u00edctimas de accidentes de tr\u00e1fico &#8211; El Consejo de Ministros ha aprobado el anteproyecto de Ley que modifica el texto refundido de la Ley sobre Responsabilidad Civil y Seguro de [&hellip;]","og_url":"https:\/\/fmsb.eu\/en\/2023\/03\/07\/aumenta-proteccion-victimas-accidentes-trafico-aprobado-anteproyecto-ley-responsabilidad-seguro\/","og_site_name":"FMSB Abogados y Economistas en Baleares","article_published_time":"2023-03-07T18:29:15+00:00","og_image":[{"width":1600,"height":1200,"url":"https:\/\/fmsb.eu\/wp-content\/uploads\/2023\/03\/FMSB-Abogados-Anteproyecto-modificacion-de-la-Ley-de-responsabilidad-civil-y-seguro-en-la-circulacion-de-vehiculos-a-motor.jpg","type":"image\/jpeg"}],"author":"fmsb","twitter_card":"summary_large_image","twitter_creator":"@fmsb-disstint","twitter_misc":{"Written by":"fmsb","Est. reading time":"3 minutes"},"schema":{"@context":"https:\/\/schema.org","@graph":[{"@type":"Article","@id":"https:\/\/fmsb.eu\/en\/2023\/03\/07\/aumenta-proteccion-victimas-accidentes-trafico-aprobado-anteproyecto-ley-responsabilidad-seguro\/#article","isPartOf":{"@id":"https:\/\/fmsb.eu\/en\/2023\/03\/07\/aumenta-proteccion-victimas-accidentes-trafico-aprobado-anteproyecto-ley-responsabilidad-seguro\/"},"author":{"name":"fmsb","@id":"https:\/\/fmsb.eu\/en\/#\/schema\/person\/9fba7c70814b0cd34d35d655d36a4ca2"},"headline":"Aprobado el anteproyecto de Ley sobre Responsabilidad Civil y Seguro de la Circulaci\u00f3n de Veh\u00edculos a Motor que pretende aumentar la protecci\u00f3n de las v\u00edctimas de accidentes de tr\u00e1fico","datePublished":"2023-03-07T18:29:15+00:00","mainEntityOfPage":{"@id":"https:\/\/fmsb.eu\/en\/2023\/03\/07\/aumenta-proteccion-victimas-accidentes-trafico-aprobado-anteproyecto-ley-responsabilidad-seguro\/"},"wordCount":646,"publisher":{"@id":"https:\/\/fmsb.eu\/en\/#organization"},"image":{"@id":"https:\/\/fmsb.eu\/en\/2023\/03\/07\/aumenta-proteccion-victimas-accidentes-trafico-aprobado-anteproyecto-ley-responsabilidad-seguro\/#primaryimage"},"thumbnailUrl":"https:\/\/fmsb.eu\/wp-content\/uploads\/2023\/03\/FMSB-Abogados-Anteproyecto-modificacion-de-la-Ley-de-responsabilidad-civil-y-seguro-en-la-circulacion-de-vehiculos-a-motor.jpg","keywords":["abogados","accidentes de tr\u00e1fico","aseguradora","causante","cervicales","cervicalgia","circulando","compa\u00f1\u00eda de seguros","consorcio de compensaci\u00f3n de seguros","da\u00f1os","da\u00f1os materiales","da\u00f1os personales","defensa jur\u00eddica","Derecho Civil","derecho de da\u00f1os","economistas","fmsb","font mora sainz de baranda","hecho de circulaci\u00f3n","implicado","indemnizaci\u00f3n","latigazo cervical","lawyers","lesiones","movimiento","oferta motivada","parado","parte amistoso de accidente","patinete el\u00e9ctrico","p\u00f3liza","reclamaci\u00f3n","responsable","respuesta motivada","seguro","siniestralidad","solicitors","terreno","testigo","valoraci\u00f3n de da\u00f1os personales","veh\u00edculo agr\u00edcola","veh\u00edculo de movilidad personal"],"articleSection":["actualidad","blog","contrato de seguro","Derecho Civil","derecho de da\u00f1os","Home","responsabilidad civil","seguro","tr\u00e1fico y seguridad vial"],"inLanguage":"en-US"},{"@type":"WebPage","@id":"https:\/\/fmsb.eu\/en\/2023\/03\/07\/aumenta-proteccion-victimas-accidentes-trafico-aprobado-anteproyecto-ley-responsabilidad-seguro\/","url":"https:\/\/fmsb.eu\/en\/2023\/03\/07\/aumenta-proteccion-victimas-accidentes-trafico-aprobado-anteproyecto-ley-responsabilidad-seguro\/","name":"Aprobado el anteproyecto de Ley sobre Responsabilidad Civil y Seguro de la Circulaci\u00f3n de Veh\u00edculos a Motor que pretende aumentar la protecci\u00f3n de las v\u00edctimas de accidentes de tr\u00e1fico - FMSB Abogados y Economistas en Baleares","isPartOf":{"@id":"https:\/\/fmsb.eu\/en\/#website"},"primaryImageOfPage":{"@id":"https:\/\/fmsb.eu\/en\/2023\/03\/07\/aumenta-proteccion-victimas-accidentes-trafico-aprobado-anteproyecto-ley-responsabilidad-seguro\/#primaryimage"},"image":{"@id":"https:\/\/fmsb.eu\/en\/2023\/03\/07\/aumenta-proteccion-victimas-accidentes-trafico-aprobado-anteproyecto-ley-responsabilidad-seguro\/#primaryimage"},"thumbnailUrl":"https:\/\/fmsb.eu\/wp-content\/uploads\/2023\/03\/FMSB-Abogados-Anteproyecto-modificacion-de-la-Ley-de-responsabilidad-civil-y-seguro-en-la-circulacion-de-vehiculos-a-motor.jpg","datePublished":"2023-03-07T18:29:15+00:00","breadcrumb":{"@id":"https:\/\/fmsb.eu\/en\/2023\/03\/07\/aumenta-proteccion-victimas-accidentes-trafico-aprobado-anteproyecto-ley-responsabilidad-seguro\/#breadcrumb"},"inLanguage":"en-US","potentialAction":[{"@type":"ReadAction","target":["https:\/\/fmsb.eu\/en\/2023\/03\/07\/aumenta-proteccion-victimas-accidentes-trafico-aprobado-anteproyecto-ley-responsabilidad-seguro\/"]}]},{"@type":"ImageObject","inLanguage":"en-US","@id":"https:\/\/fmsb.eu\/en\/2023\/03\/07\/aumenta-proteccion-victimas-accidentes-trafico-aprobado-anteproyecto-ley-responsabilidad-seguro\/#primaryimage","url":"https:\/\/fmsb.eu\/wp-content\/uploads\/2023\/03\/FMSB-Abogados-Anteproyecto-modificacion-de-la-Ley-de-responsabilidad-civil-y-seguro-en-la-circulacion-de-vehiculos-a-motor.jpg","contentUrl":"https:\/\/fmsb.eu\/wp-content\/uploads\/2023\/03\/FMSB-Abogados-Anteproyecto-modificacion-de-la-Ley-de-responsabilidad-civil-y-seguro-en-la-circulacion-de-vehiculos-a-motor.jpg","width":1600,"height":1200},{"@type":"BreadcrumbList","@id":"https:\/\/fmsb.eu\/en\/2023\/03\/07\/aumenta-proteccion-victimas-accidentes-trafico-aprobado-anteproyecto-ley-responsabilidad-seguro\/#breadcrumb","itemListElement":[{"@type":"ListItem","position":1,"name":"Portada","item":"https:\/\/fmsb.eu\/en\/"},{"@type":"ListItem","position":2,"name":"Aprobado el anteproyecto de Ley sobre Responsabilidad Civil y Seguro de la Circulaci\u00f3n de Veh\u00edculos a Motor que pretende aumentar la protecci\u00f3n de las v\u00edctimas de accidentes de tr\u00e1fico"}]},{"@type":"WebSite","@id":"https:\/\/fmsb.eu\/en\/#website","url":"https:\/\/fmsb.eu\/en\/","name":"FMSB Abogados y Economistas en Baleares","description":"","publisher":{"@id":"https:\/\/fmsb.eu\/en\/#organization"},"potentialAction":[{"@type":"SearchAction","target":{"@type":"EntryPoint","urlTemplate":"https:\/\/fmsb.eu\/en\/?s={search_term_string}"},"query-input":{"@type":"PropertyValueSpecification","valueRequired":true,"valueName":"search_term_string"}}],"inLanguage":"en-US"},{"@type":"Organization","@id":"https:\/\/fmsb.eu\/en\/#organization","name":"FMSB Abogados y Economistas en Baleares","url":"https:\/\/fmsb.eu\/en\/","logo":{"@type":"ImageObject","inLanguage":"en-US","@id":"https:\/\/fmsb.eu\/en\/#\/schema\/logo\/image\/","url":"https:\/\/fmsb.eu\/wp-content\/uploads\/2025\/02\/logo.svg","contentUrl":"https:\/\/fmsb.eu\/wp-content\/uploads\/2025\/02\/logo.svg","width":154,"height":52,"caption":"FMSB Abogados y Economistas en Baleares"},"image":{"@id":"https:\/\/fmsb.eu\/en\/#\/schema\/logo\/image\/"}},{"@type":"Person","@id":"https:\/\/fmsb.eu\/en\/#\/schema\/person\/9fba7c70814b0cd34d35d655d36a4ca2","name":"fmsb","image":{"@type":"ImageObject","inLanguage":"en-US","@id":"https:\/\/secure.gravatar.com\/avatar\/426f4d5b0ebcace85460caf87cdaaa193694b611e990615d87a13f322fb7ee7f?s=96&d=mm&r=g","url":"https:\/\/secure.gravatar.com\/avatar\/426f4d5b0ebcace85460caf87cdaaa193694b611e990615d87a13f322fb7ee7f?s=96&d=mm&r=g","contentUrl":"https:\/\/secure.gravatar.com\/avatar\/426f4d5b0ebcace85460caf87cdaaa193694b611e990615d87a13f322fb7ee7f?s=96&d=mm&r=g","caption":"fmsb"},"sameAs":["https:\/\/x.com\/fmsb-disstint"],"url":"https:\/\/fmsb.eu\/en\/author\/fmsb\/"}]}},"_links":{"self":[{"href":"https:\/\/fmsb.eu\/en\/wp-json\/wp\/v2\/posts\/11220","targetHints":{"allow":["GET"]}}],"collection":[{"href":"https:\/\/fmsb.eu\/en\/wp-json\/wp\/v2\/posts"}],"about":[{"href":"https:\/\/fmsb.eu\/en\/wp-json\/wp\/v2\/types\/post"}],"author":[{"embeddable":true,"href":"https:\/\/fmsb.eu\/en\/wp-json\/wp\/v2\/users\/2"}],"replies":[{"embeddable":true,"href":"https:\/\/fmsb.eu\/en\/wp-json\/wp\/v2\/comments?post=11220"}],"version-history":[{"count":0,"href":"https:\/\/fmsb.eu\/en\/wp-json\/wp\/v2\/posts\/11220\/revisions"}],"wp:featuredmedia":[{"embeddable":true,"href":"https:\/\/fmsb.eu\/en\/wp-json\/wp\/v2\/media\/10000"}],"wp:attachment":[{"href":"https:\/\/fmsb.eu\/en\/wp-json\/wp\/v2\/media?parent=11220"}],"wp:term":[{"taxonomy":"category","embeddable":true,"href":"https:\/\/fmsb.eu\/en\/wp-json\/wp\/v2\/categories?post=11220"},{"taxonomy":"post_tag","embeddable":true,"href":"https:\/\/fmsb.eu\/en\/wp-json\/wp\/v2\/tags?post=11220"}],"curies":[{"name":"wp","href":"https:\/\/api.w.org\/{rel}","templated":true}]}}