{"id":11232,"date":"2023-02-21T13:15:32","date_gmt":"2023-02-21T12:15:32","guid":{"rendered":"http:\/\/fmsb.disstintbeta.com\/2023\/02\/21\/herencias-en-vida-en-baleares-la-ley-8-2022-de-11-de-noviembre-de-sucesion-voluntaria-paccionada-o-contractual-de-las-illes-balears-entra-en-vigor\/"},"modified":"2023-02-21T13:15:32","modified_gmt":"2023-02-21T12:15:32","slug":"herencias-en-vida-en-baleares-la-ley-8-2022-de-11-de-noviembre-de-sucesion-voluntaria-paccionada-o-contractual-de-las-illes-balears-entra-en-vigor","status":"publish","type":"post","link":"https:\/\/fmsb.eu\/en\/2023\/02\/21\/herencias-en-vida-en-baleares-la-ley-8-2022-de-11-de-noviembre-de-sucesion-voluntaria-paccionada-o-contractual-de-las-illes-balears-entra-en-vigor\/","title":{"rendered":"Herencias en vida en Baleares. La Ley 8\/2022, de 11 de noviembre, de sucesi\u00f3n voluntaria paccionada o contractual de las Illes Balears entra en vigor"},"content":{"rendered":"<p><iframe title=\"Jos\u00e9 Y\u00e1\u00f1ez sobre la Ley de sucesi\u00f3n voluntaria paccionada o contractual. Herencias en vida\" width=\"800\" height=\"450\" src=\"https:\/\/www.youtube.com\/embed\/1ofUMWZEXcc?feature=oembed\" frameborder=\"0\" allow=\"accelerometer; autoplay; clipboard-write; encrypted-media; gyroscope; picture-in-picture; web-share\" referrerpolicy=\"strict-origin-when-cross-origin\" allowfullscreen><\/iframe><\/p>\n<h1><span style=\"color: #ffffff;\">&#8211;<\/span><\/h1>\n<h1><strong><span style=\"color: #000080;\">Herencias en vida en Baleares. La Ley 8\/2022, de 11 de noviembre, de sucesi\u00f3n voluntaria paccionada o contractual de las Illes Balears entra en vigor<\/span><\/strong><\/h1>\n<h1><span style=\"color: #ffffff;\">&#8211;<\/span><\/h1>\n<p>El abogado y socio de <strong>Font Mora Sainz de Baranda \u2013<\/strong><em>abogados y economistas<\/em><strong>\u2013<\/strong>\u00a0<strong>Jos\u00e9 Y\u00e1\u00f1ez<\/strong>\u00a0 volvi\u00f3 a ser invitado a <strong>4Directe<\/strong>\u00a0de\u00a0<strong>Canal4 Radio <\/strong>para hablar sobre las <strong>herencias en vidas en Baleares<\/strong> o, lo que es lo mismo, la <a href=\"https:\/\/www.boe.es\/diario_boe\/txt.php?id=BOE-A-2022-20278\"><strong>Ley 8\/2022, de 11 de noviembre, de sucesi\u00f3n voluntaria paccionada o contractual de las Illes Balears<\/strong><\/a>. Una ley reci\u00e9n entrada en vigor y que desarrolla y pone al d\u00eda la sucesi\u00f3n contractual en las islas derogando 14 art\u00edculos de la Compilaci\u00f3n Balear de Derecho Civil y sustituy\u00e9ndolos por 80 nuevos art\u00edculos. La ley cuenta con una regulaci\u00f3n diversa para Mallorca y Menorca y otra para Ibiza y Formentera. La misma permite a los extranjeros residentes tambi\u00e9n otorgar pactos sucesorios.<\/p>\n<p>&nbsp;<\/p>\n<hr \/>\n<p><span style=\"color: #999999;\">#fmsb #abogados #economistas #herencias #pactossucesorioss #derechoforal #compilaci\u00f3nbalear #baleares #mallorca #menorca #ibiza #law #lawyers #solicitors<\/span><\/p>\n<p>&nbsp;<\/p>\n<h3><span style=\"color: #999999;\">En entradas anteriores:<\/span><\/h3>\n<h1 class=\"p1\" style=\"text-align: justify;\"><span style=\"color: #999999;\"><strong>Trascendente sentencia sobre los pactos sucesorios, el IRPF y el derecho civil foral.<\/strong><\/span><\/h1>\n<p class=\"p1\" style=\"text-align: justify;\"><span style=\"color: #999999;\">Una reciente -recient\u00edsima- sentencia del Tribunal Supremo, de 9 de febrero de 2016, ha determinado que las herencias recibidas mediante <b><i>pactos sucesorios entre vivos<\/i><\/b> <strong>no tributar\u00e1n en el IRPF<\/strong> como ganancia patrimonial en las comunidades con derecho civil propio. El Tribunal Superior de Xustiza de Galicia (TXSG) ya hab\u00eda dado la raz\u00f3n a los contribuyentes en dos ocasiones, pero la AEAT recurri\u00f3 en casaci\u00f3n ante el Supremo, que confirma con este fallo el reconocimiento de este derecho especial de los contribuyentes que se acogen a pactos sucesorios regulados en los derechos civiles forales.<\/span><\/p>\n<p class=\"p1\" style=\"text-align: justify;\"><span style=\"color: #999999;\">Seg\u00fan el Supremo, &#8220;<i>no estamos ante dos negocios, uno intervivos y otro mortis causa, sino ante <strong>un solo negocio en el que existe una \u00fanica voluntad y finalidad com\u00fan, por lo que no procede descomponer su contenido econ\u00f3mico<\/strong> para, desvirtuando su naturaleza jur\u00eddica y su funcionalidad, otorgarle un tratamiento tributario en funci\u00f3n del impuesto a aplicar<\/i>&#8220;, El tratamiento fiscal de un pacto sucesorio es el que se deriva de esta condici\u00f3n &#8220;<i>cualquiera que sea el impuesto del que se trate, cuando, como es el caso, no existe un tratamiento tributario espec\u00edfico en la regulaci\u00f3n de uno u otro impuesto<\/i>&#8220;.<\/span><\/p>\n<p class=\"p1\" style=\"text-align: justify;\"><span style=\"color: #999999;\">En definitiva, concluye que dichos pactos sucesorios son una transmisi\u00f3n lucrativa por causa de muerte del contribuyente, comprendida dentro del art\u00edculo 33.3.b) de la normativa sobre el IRPF, que el legislador no ha excluido &#8220;<i>por su expresa voluntad de haber querido comprenderlo en la inexistencia de ganancia o p\u00e9rdida patrimonial<\/i>&#8220;.<\/span><\/p>\n<p class=\"p1\" style=\"text-align: justify;\"><span style=\"color: #999999;\">En el derecho Civil Balear, se recoge este tipo de pactos en vida mediante las figuras de la\u00a0la <strong>deffinitio mallorquina<\/strong> -art\u00edculo 50 y 51 de la Compilaci\u00f3n-, <strong>instituci\u00f3n<\/strong> (Ibiza y Formentera) -art\u00edculos 73 a 76- y la <strong>donaci\u00f3n universal<\/strong> -art\u00edculos 8 al 13 y en el cap\u00edtulo IV (De los pactos sucesorios) del t\u00edtulo II (De las sucesiones) del Libro III (De las Disposiciones aplicables a las Islas de Ibiza y Formentera) de la Compilaci\u00f3n-. En Menorca, tal y como resulta del art\u00edculo 65, no se admiten los pactos sucesorios.<\/span><\/p>\n<p class=\"p1\" style=\"text-align: justify;\"><span style=\"color: #999999;\">Esta sentencia abre el camino a plantear dos situaciones. De ahora en adelante, quien se acoja a esta figura sabe que no debe tributar en renta -y con la nueva normativa en ISyD, los primeros 700.000 euros tributan al 1%- y aquellos que hayan pagado pueden solicitar la <strong>devoluci\u00f3n de ingresos indebidos<\/strong>, siempre que no hayan transcurrido m\u00e1s de cuatro a\u00f1os desde el cumplimiento de la obligaci\u00f3n.<!--codes_iframe--><!--\/codes_iframe--><\/span><\/p>\n<p>&nbsp;<\/p>\n<p>&nbsp;<\/p>\n","protected":false},"excerpt":{"rendered":"<p>&#8211; Herencias en vida en Baleares. La Ley 8\/2022, de 11 de noviembre, de sucesi\u00f3n voluntaria paccionada o contractual de las Illes Balears entra en vigor &#8211; El abogado y socio de Font Mora Sainz de Baranda \u2013abogados y economistas\u2013\u00a0Jos\u00e9 Y\u00e1\u00f1ez\u00a0 volvi\u00f3 a ser invitado a 4Directe\u00a0de\u00a0Canal4 Radio para hablar sobre las herencias en vidas [&hellip;]<\/p>\n","protected":false},"author":2,"featured_media":9962,"comment_status":"closed","ping_status":"open","sticky":false,"template":"","format":"standard","meta":{"footnotes":""},"categories":[2148,2150,2250,2888,2152],"tags":[2156,4802,3688,2892,2168,2169,2629,2173,2174,4803,4804,2269,2899,2178,2179,4805,4806,2182,2285,2186,2190,3159,2193,4807,4808],"class_list":["post-11232","post","type-post","status-publish","format-standard","has-post-thumbnail","hentry","category-actualidad-en","category-derecho-civil-en","category-derecho-fiscal-en","category-derecho-sucesorio-y-herencias-en","category-home-en-2","tag-abogados-en","tag-derecho-civil-balear-en","tag-derecho-foral-en","tag-derecho-sucesorio-en","tag-economistas-en","tag-el-arenal-en","tag-extranjeros-en-2","tag-fmsb-en","tag-font-mora-sainz-de-baranda-en","tag-herencias-en-vida-en","tag-ibiza-y-formentera-en","tag-illes-balears-en","tag-inca-en","tag-law-en-2","tag-lawyers-en-2","tag-ley-8-2022-en","tag-mallorca-y-menorca-en","tag-manacor-en","tag-pactos-sucesorios-en","tag-port-dandratx-en","tag-puerto-de-andratx-en","tag-residentes-en-2","tag-solicitors-en","tag-sucesion-voluntaria-contractual-en","tag-sucesion-voluntaria-paccionada-en"],"yoast_head":"<!-- This site is optimized with the Yoast SEO plugin v27.3 - https:\/\/yoast.com\/product\/yoast-seo-wordpress\/ -->\n<title>Herencias en vida en Baleares. La Ley 8\/2022, de 11 de noviembre, de sucesi\u00f3n voluntaria paccionada o contractual de las Illes Balears entra en vigor - FMSB Abogados y Economistas en Baleares<\/title>\n<meta name=\"robots\" content=\"index, follow, max-snippet:-1, max-image-preview:large, max-video-preview:-1\" \/>\n<link rel=\"canonical\" href=\"https:\/\/fmsb.eu\/en\/2023\/02\/21\/herencias-en-vida-en-baleares-la-ley-8-2022-de-11-de-noviembre-de-sucesion-voluntaria-paccionada-o-contractual-de-las-illes-balears-entra-en-vigor\/\" \/>\n<meta property=\"og:locale\" content=\"en_US\" \/>\n<meta property=\"og:type\" content=\"article\" \/>\n<meta property=\"og:title\" content=\"Herencias en vida en Baleares. La Ley 8\/2022, de 11 de noviembre, de sucesi\u00f3n voluntaria paccionada o contractual de las Illes Balears entra en vigor - FMSB Abogados y Economistas en Baleares\" \/>\n<meta property=\"og:description\" content=\"&#8211; Herencias en vida en Baleares. La Ley 8\/2022, de 11 de noviembre, de sucesi\u00f3n voluntaria paccionada o contractual de las Illes Balears entra en vigor &#8211; El abogado y socio de Font Mora Sainz de Baranda \u2013abogados y economistas\u2013\u00a0Jos\u00e9 Y\u00e1\u00f1ez\u00a0 volvi\u00f3 a ser invitado a 4Directe\u00a0de\u00a0Canal4 Radio para hablar sobre las herencias en vidas [&hellip;]\" \/>\n<meta property=\"og:url\" content=\"https:\/\/fmsb.eu\/en\/2023\/02\/21\/herencias-en-vida-en-baleares-la-ley-8-2022-de-11-de-noviembre-de-sucesion-voluntaria-paccionada-o-contractual-de-las-illes-balears-entra-en-vigor\/\" \/>\n<meta property=\"og:site_name\" content=\"FMSB Abogados y Economistas en Baleares\" \/>\n<meta property=\"article:published_time\" content=\"2023-02-21T12:15:32+00:00\" \/>\n<meta property=\"og:image\" content=\"https:\/\/fmsb.eu\/wp-content\/uploads\/2023\/02\/FMSB-Abogados-y-economistas-Jose-Yanez-herencias-en-vida-pactos-sucesorios-ley-de-sucesion-voluntaria.jpg\" \/>\n\t<meta property=\"og:image:width\" content=\"1419\" \/>\n\t<meta property=\"og:image:height\" content=\"802\" \/>\n\t<meta property=\"og:image:type\" content=\"image\/jpeg\" \/>\n<meta name=\"author\" content=\"fmsb\" \/>\n<meta name=\"twitter:card\" content=\"summary_large_image\" \/>\n<meta name=\"twitter:creator\" content=\"@fmsb-disstint\" \/>\n<meta name=\"twitter:label1\" content=\"Written by\" \/>\n\t<meta name=\"twitter:data1\" content=\"fmsb\" \/>\n\t<meta name=\"twitter:label2\" content=\"Est. reading time\" \/>\n\t<meta name=\"twitter:data2\" content=\"3 minutes\" \/>\n<script type=\"application\/ld+json\" class=\"yoast-schema-graph\">{\"@context\":\"https:\\\/\\\/schema.org\",\"@graph\":[{\"@type\":\"Article\",\"@id\":\"https:\\\/\\\/fmsb.eu\\\/en\\\/2023\\\/02\\\/21\\\/herencias-en-vida-en-baleares-la-ley-8-2022-de-11-de-noviembre-de-sucesion-voluntaria-paccionada-o-contractual-de-las-illes-balears-entra-en-vigor\\\/#article\",\"isPartOf\":{\"@id\":\"https:\\\/\\\/fmsb.eu\\\/en\\\/2023\\\/02\\\/21\\\/herencias-en-vida-en-baleares-la-ley-8-2022-de-11-de-noviembre-de-sucesion-voluntaria-paccionada-o-contractual-de-las-illes-balears-entra-en-vigor\\\/\"},\"author\":{\"name\":\"fmsb\",\"@id\":\"https:\\\/\\\/fmsb.eu\\\/en\\\/#\\\/schema\\\/person\\\/9fba7c70814b0cd34d35d655d36a4ca2\"},\"headline\":\"Herencias en vida en Baleares. La Ley 8\\\/2022, de 11 de noviembre, de sucesi\u00f3n voluntaria paccionada o contractual de las Illes Balears entra en vigor\",\"datePublished\":\"2023-02-21T12:15:32+00:00\",\"mainEntityOfPage\":{\"@id\":\"https:\\\/\\\/fmsb.eu\\\/en\\\/2023\\\/02\\\/21\\\/herencias-en-vida-en-baleares-la-ley-8-2022-de-11-de-noviembre-de-sucesion-voluntaria-paccionada-o-contractual-de-las-illes-balears-entra-en-vigor\\\/\"},\"wordCount\":636,\"publisher\":{\"@id\":\"https:\\\/\\\/fmsb.eu\\\/en\\\/#organization\"},\"image\":{\"@id\":\"https:\\\/\\\/fmsb.eu\\\/en\\\/2023\\\/02\\\/21\\\/herencias-en-vida-en-baleares-la-ley-8-2022-de-11-de-noviembre-de-sucesion-voluntaria-paccionada-o-contractual-de-las-illes-balears-entra-en-vigor\\\/#primaryimage\"},\"thumbnailUrl\":\"https:\\\/\\\/fmsb.eu\\\/wp-content\\\/uploads\\\/2023\\\/02\\\/FMSB-Abogados-y-economistas-Jose-Yanez-herencias-en-vida-pactos-sucesorios-ley-de-sucesion-voluntaria.jpg\",\"keywords\":[\"abogados\",\"derecho civil balear\",\"derecho foral\",\"derecho sucesorio\",\"economistas\",\"el arenal\",\"extranjeros\",\"fmsb\",\"font mora sainz de baranda\",\"herencias en vida\",\"Ibiza y Formentera\",\"illes balears\",\"inca\",\"law\",\"lawyers\",\"Ley 8\\\/2022\",\"Mallorca y Menorca\",\"Manacor\",\"pactos sucesorios\",\"port d&#8217;andratx\",\"puerto de andratx\",\"residentes\",\"solicitors\",\"sucesi\u00f3n voluntaria contractual\",\"sucesi\u00f3n voluntaria paccionada\"],\"articleSection\":[\"actualidad\",\"Derecho Civil\",\"Derecho Fiscal\",\"Derecho sucesorio y herencias\",\"Home\"],\"inLanguage\":\"en-US\"},{\"@type\":\"WebPage\",\"@id\":\"https:\\\/\\\/fmsb.eu\\\/en\\\/2023\\\/02\\\/21\\\/herencias-en-vida-en-baleares-la-ley-8-2022-de-11-de-noviembre-de-sucesion-voluntaria-paccionada-o-contractual-de-las-illes-balears-entra-en-vigor\\\/\",\"url\":\"https:\\\/\\\/fmsb.eu\\\/en\\\/2023\\\/02\\\/21\\\/herencias-en-vida-en-baleares-la-ley-8-2022-de-11-de-noviembre-de-sucesion-voluntaria-paccionada-o-contractual-de-las-illes-balears-entra-en-vigor\\\/\",\"name\":\"Herencias en vida en Baleares. La Ley 8\\\/2022, de 11 de noviembre, de sucesi\u00f3n voluntaria paccionada o contractual de las Illes Balears entra en vigor - FMSB Abogados y Economistas en Baleares\",\"isPartOf\":{\"@id\":\"https:\\\/\\\/fmsb.eu\\\/en\\\/#website\"},\"primaryImageOfPage\":{\"@id\":\"https:\\\/\\\/fmsb.eu\\\/en\\\/2023\\\/02\\\/21\\\/herencias-en-vida-en-baleares-la-ley-8-2022-de-11-de-noviembre-de-sucesion-voluntaria-paccionada-o-contractual-de-las-illes-balears-entra-en-vigor\\\/#primaryimage\"},\"image\":{\"@id\":\"https:\\\/\\\/fmsb.eu\\\/en\\\/2023\\\/02\\\/21\\\/herencias-en-vida-en-baleares-la-ley-8-2022-de-11-de-noviembre-de-sucesion-voluntaria-paccionada-o-contractual-de-las-illes-balears-entra-en-vigor\\\/#primaryimage\"},\"thumbnailUrl\":\"https:\\\/\\\/fmsb.eu\\\/wp-content\\\/uploads\\\/2023\\\/02\\\/FMSB-Abogados-y-economistas-Jose-Yanez-herencias-en-vida-pactos-sucesorios-ley-de-sucesion-voluntaria.jpg\",\"datePublished\":\"2023-02-21T12:15:32+00:00\",\"breadcrumb\":{\"@id\":\"https:\\\/\\\/fmsb.eu\\\/en\\\/2023\\\/02\\\/21\\\/herencias-en-vida-en-baleares-la-ley-8-2022-de-11-de-noviembre-de-sucesion-voluntaria-paccionada-o-contractual-de-las-illes-balears-entra-en-vigor\\\/#breadcrumb\"},\"inLanguage\":\"en-US\",\"potentialAction\":[{\"@type\":\"ReadAction\",\"target\":[\"https:\\\/\\\/fmsb.eu\\\/en\\\/2023\\\/02\\\/21\\\/herencias-en-vida-en-baleares-la-ley-8-2022-de-11-de-noviembre-de-sucesion-voluntaria-paccionada-o-contractual-de-las-illes-balears-entra-en-vigor\\\/\"]}]},{\"@type\":\"ImageObject\",\"inLanguage\":\"en-US\",\"@id\":\"https:\\\/\\\/fmsb.eu\\\/en\\\/2023\\\/02\\\/21\\\/herencias-en-vida-en-baleares-la-ley-8-2022-de-11-de-noviembre-de-sucesion-voluntaria-paccionada-o-contractual-de-las-illes-balears-entra-en-vigor\\\/#primaryimage\",\"url\":\"https:\\\/\\\/fmsb.eu\\\/wp-content\\\/uploads\\\/2023\\\/02\\\/FMSB-Abogados-y-economistas-Jose-Yanez-herencias-en-vida-pactos-sucesorios-ley-de-sucesion-voluntaria.jpg\",\"contentUrl\":\"https:\\\/\\\/fmsb.eu\\\/wp-content\\\/uploads\\\/2023\\\/02\\\/FMSB-Abogados-y-economistas-Jose-Yanez-herencias-en-vida-pactos-sucesorios-ley-de-sucesion-voluntaria.jpg\",\"width\":1419,\"height\":802},{\"@type\":\"BreadcrumbList\",\"@id\":\"https:\\\/\\\/fmsb.eu\\\/en\\\/2023\\\/02\\\/21\\\/herencias-en-vida-en-baleares-la-ley-8-2022-de-11-de-noviembre-de-sucesion-voluntaria-paccionada-o-contractual-de-las-illes-balears-entra-en-vigor\\\/#breadcrumb\",\"itemListElement\":[{\"@type\":\"ListItem\",\"position\":1,\"name\":\"Portada\",\"item\":\"https:\\\/\\\/fmsb.eu\\\/en\\\/\"},{\"@type\":\"ListItem\",\"position\":2,\"name\":\"Herencias en vida en Baleares. La Ley 8\\\/2022, de 11 de noviembre, de sucesi\u00f3n voluntaria paccionada o contractual de las Illes Balears entra en vigor\"}]},{\"@type\":\"WebSite\",\"@id\":\"https:\\\/\\\/fmsb.eu\\\/en\\\/#website\",\"url\":\"https:\\\/\\\/fmsb.eu\\\/en\\\/\",\"name\":\"FMSB Abogados y Economistas en Baleares\",\"description\":\"\",\"publisher\":{\"@id\":\"https:\\\/\\\/fmsb.eu\\\/en\\\/#organization\"},\"potentialAction\":[{\"@type\":\"SearchAction\",\"target\":{\"@type\":\"EntryPoint\",\"urlTemplate\":\"https:\\\/\\\/fmsb.eu\\\/en\\\/?s={search_term_string}\"},\"query-input\":{\"@type\":\"PropertyValueSpecification\",\"valueRequired\":true,\"valueName\":\"search_term_string\"}}],\"inLanguage\":\"en-US\"},{\"@type\":\"Organization\",\"@id\":\"https:\\\/\\\/fmsb.eu\\\/en\\\/#organization\",\"name\":\"FMSB Abogados y Economistas en Baleares\",\"url\":\"https:\\\/\\\/fmsb.eu\\\/en\\\/\",\"logo\":{\"@type\":\"ImageObject\",\"inLanguage\":\"en-US\",\"@id\":\"https:\\\/\\\/fmsb.eu\\\/en\\\/#\\\/schema\\\/logo\\\/image\\\/\",\"url\":\"https:\\\/\\\/fmsb.eu\\\/wp-content\\\/uploads\\\/2025\\\/02\\\/logo.svg\",\"contentUrl\":\"https:\\\/\\\/fmsb.eu\\\/wp-content\\\/uploads\\\/2025\\\/02\\\/logo.svg\",\"width\":154,\"height\":52,\"caption\":\"FMSB Abogados y Economistas en Baleares\"},\"image\":{\"@id\":\"https:\\\/\\\/fmsb.eu\\\/en\\\/#\\\/schema\\\/logo\\\/image\\\/\"}},{\"@type\":\"Person\",\"@id\":\"https:\\\/\\\/fmsb.eu\\\/en\\\/#\\\/schema\\\/person\\\/9fba7c70814b0cd34d35d655d36a4ca2\",\"name\":\"fmsb\",\"image\":{\"@type\":\"ImageObject\",\"inLanguage\":\"en-US\",\"@id\":\"https:\\\/\\\/secure.gravatar.com\\\/avatar\\\/426f4d5b0ebcace85460caf87cdaaa193694b611e990615d87a13f322fb7ee7f?s=96&d=mm&r=g\",\"url\":\"https:\\\/\\\/secure.gravatar.com\\\/avatar\\\/426f4d5b0ebcace85460caf87cdaaa193694b611e990615d87a13f322fb7ee7f?s=96&d=mm&r=g\",\"contentUrl\":\"https:\\\/\\\/secure.gravatar.com\\\/avatar\\\/426f4d5b0ebcace85460caf87cdaaa193694b611e990615d87a13f322fb7ee7f?s=96&d=mm&r=g\",\"caption\":\"fmsb\"},\"sameAs\":[\"https:\\\/\\\/x.com\\\/fmsb-disstint\"],\"url\":\"https:\\\/\\\/fmsb.eu\\\/en\\\/author\\\/fmsb\\\/\"}]}<\/script>\n<!-- \/ Yoast SEO plugin. -->","yoast_head_json":{"title":"Herencias en vida en Baleares. La Ley 8\/2022, de 11 de noviembre, de sucesi\u00f3n voluntaria paccionada o contractual de las Illes Balears entra en vigor - FMSB Abogados y Economistas en Baleares","robots":{"index":"index","follow":"follow","max-snippet":"max-snippet:-1","max-image-preview":"max-image-preview:large","max-video-preview":"max-video-preview:-1"},"canonical":"https:\/\/fmsb.eu\/en\/2023\/02\/21\/herencias-en-vida-en-baleares-la-ley-8-2022-de-11-de-noviembre-de-sucesion-voluntaria-paccionada-o-contractual-de-las-illes-balears-entra-en-vigor\/","og_locale":"en_US","og_type":"article","og_title":"Herencias en vida en Baleares. La Ley 8\/2022, de 11 de noviembre, de sucesi\u00f3n voluntaria paccionada o contractual de las Illes Balears entra en vigor - FMSB Abogados y Economistas en Baleares","og_description":"&#8211; Herencias en vida en Baleares. La Ley 8\/2022, de 11 de noviembre, de sucesi\u00f3n voluntaria paccionada o contractual de las Illes Balears entra en vigor &#8211; El abogado y socio de Font Mora Sainz de Baranda \u2013abogados y economistas\u2013\u00a0Jos\u00e9 Y\u00e1\u00f1ez\u00a0 volvi\u00f3 a ser invitado a 4Directe\u00a0de\u00a0Canal4 Radio para hablar sobre las herencias en vidas [&hellip;]","og_url":"https:\/\/fmsb.eu\/en\/2023\/02\/21\/herencias-en-vida-en-baleares-la-ley-8-2022-de-11-de-noviembre-de-sucesion-voluntaria-paccionada-o-contractual-de-las-illes-balears-entra-en-vigor\/","og_site_name":"FMSB Abogados y Economistas en Baleares","article_published_time":"2023-02-21T12:15:32+00:00","og_image":[{"width":1419,"height":802,"url":"https:\/\/fmsb.eu\/wp-content\/uploads\/2023\/02\/FMSB-Abogados-y-economistas-Jose-Yanez-herencias-en-vida-pactos-sucesorios-ley-de-sucesion-voluntaria.jpg","type":"image\/jpeg"}],"author":"fmsb","twitter_card":"summary_large_image","twitter_creator":"@fmsb-disstint","twitter_misc":{"Written by":"fmsb","Est. reading time":"3 minutes"},"schema":{"@context":"https:\/\/schema.org","@graph":[{"@type":"Article","@id":"https:\/\/fmsb.eu\/en\/2023\/02\/21\/herencias-en-vida-en-baleares-la-ley-8-2022-de-11-de-noviembre-de-sucesion-voluntaria-paccionada-o-contractual-de-las-illes-balears-entra-en-vigor\/#article","isPartOf":{"@id":"https:\/\/fmsb.eu\/en\/2023\/02\/21\/herencias-en-vida-en-baleares-la-ley-8-2022-de-11-de-noviembre-de-sucesion-voluntaria-paccionada-o-contractual-de-las-illes-balears-entra-en-vigor\/"},"author":{"name":"fmsb","@id":"https:\/\/fmsb.eu\/en\/#\/schema\/person\/9fba7c70814b0cd34d35d655d36a4ca2"},"headline":"Herencias en vida en Baleares. La Ley 8\/2022, de 11 de noviembre, de sucesi\u00f3n voluntaria paccionada o contractual de las Illes Balears entra en vigor","datePublished":"2023-02-21T12:15:32+00:00","mainEntityOfPage":{"@id":"https:\/\/fmsb.eu\/en\/2023\/02\/21\/herencias-en-vida-en-baleares-la-ley-8-2022-de-11-de-noviembre-de-sucesion-voluntaria-paccionada-o-contractual-de-las-illes-balears-entra-en-vigor\/"},"wordCount":636,"publisher":{"@id":"https:\/\/fmsb.eu\/en\/#organization"},"image":{"@id":"https:\/\/fmsb.eu\/en\/2023\/02\/21\/herencias-en-vida-en-baleares-la-ley-8-2022-de-11-de-noviembre-de-sucesion-voluntaria-paccionada-o-contractual-de-las-illes-balears-entra-en-vigor\/#primaryimage"},"thumbnailUrl":"https:\/\/fmsb.eu\/wp-content\/uploads\/2023\/02\/FMSB-Abogados-y-economistas-Jose-Yanez-herencias-en-vida-pactos-sucesorios-ley-de-sucesion-voluntaria.jpg","keywords":["abogados","derecho civil balear","derecho foral","derecho sucesorio","economistas","el arenal","extranjeros","fmsb","font mora sainz de baranda","herencias en vida","Ibiza y Formentera","illes balears","inca","law","lawyers","Ley 8\/2022","Mallorca y Menorca","Manacor","pactos sucesorios","port d&#8217;andratx","puerto de andratx","residentes","solicitors","sucesi\u00f3n voluntaria contractual","sucesi\u00f3n voluntaria paccionada"],"articleSection":["actualidad","Derecho Civil","Derecho Fiscal","Derecho sucesorio y herencias","Home"],"inLanguage":"en-US"},{"@type":"WebPage","@id":"https:\/\/fmsb.eu\/en\/2023\/02\/21\/herencias-en-vida-en-baleares-la-ley-8-2022-de-11-de-noviembre-de-sucesion-voluntaria-paccionada-o-contractual-de-las-illes-balears-entra-en-vigor\/","url":"https:\/\/fmsb.eu\/en\/2023\/02\/21\/herencias-en-vida-en-baleares-la-ley-8-2022-de-11-de-noviembre-de-sucesion-voluntaria-paccionada-o-contractual-de-las-illes-balears-entra-en-vigor\/","name":"Herencias en vida en Baleares. La Ley 8\/2022, de 11 de noviembre, de sucesi\u00f3n voluntaria paccionada o contractual de las Illes Balears entra en vigor - FMSB Abogados y Economistas en Baleares","isPartOf":{"@id":"https:\/\/fmsb.eu\/en\/#website"},"primaryImageOfPage":{"@id":"https:\/\/fmsb.eu\/en\/2023\/02\/21\/herencias-en-vida-en-baleares-la-ley-8-2022-de-11-de-noviembre-de-sucesion-voluntaria-paccionada-o-contractual-de-las-illes-balears-entra-en-vigor\/#primaryimage"},"image":{"@id":"https:\/\/fmsb.eu\/en\/2023\/02\/21\/herencias-en-vida-en-baleares-la-ley-8-2022-de-11-de-noviembre-de-sucesion-voluntaria-paccionada-o-contractual-de-las-illes-balears-entra-en-vigor\/#primaryimage"},"thumbnailUrl":"https:\/\/fmsb.eu\/wp-content\/uploads\/2023\/02\/FMSB-Abogados-y-economistas-Jose-Yanez-herencias-en-vida-pactos-sucesorios-ley-de-sucesion-voluntaria.jpg","datePublished":"2023-02-21T12:15:32+00:00","breadcrumb":{"@id":"https:\/\/fmsb.eu\/en\/2023\/02\/21\/herencias-en-vida-en-baleares-la-ley-8-2022-de-11-de-noviembre-de-sucesion-voluntaria-paccionada-o-contractual-de-las-illes-balears-entra-en-vigor\/#breadcrumb"},"inLanguage":"en-US","potentialAction":[{"@type":"ReadAction","target":["https:\/\/fmsb.eu\/en\/2023\/02\/21\/herencias-en-vida-en-baleares-la-ley-8-2022-de-11-de-noviembre-de-sucesion-voluntaria-paccionada-o-contractual-de-las-illes-balears-entra-en-vigor\/"]}]},{"@type":"ImageObject","inLanguage":"en-US","@id":"https:\/\/fmsb.eu\/en\/2023\/02\/21\/herencias-en-vida-en-baleares-la-ley-8-2022-de-11-de-noviembre-de-sucesion-voluntaria-paccionada-o-contractual-de-las-illes-balears-entra-en-vigor\/#primaryimage","url":"https:\/\/fmsb.eu\/wp-content\/uploads\/2023\/02\/FMSB-Abogados-y-economistas-Jose-Yanez-herencias-en-vida-pactos-sucesorios-ley-de-sucesion-voluntaria.jpg","contentUrl":"https:\/\/fmsb.eu\/wp-content\/uploads\/2023\/02\/FMSB-Abogados-y-economistas-Jose-Yanez-herencias-en-vida-pactos-sucesorios-ley-de-sucesion-voluntaria.jpg","width":1419,"height":802},{"@type":"BreadcrumbList","@id":"https:\/\/fmsb.eu\/en\/2023\/02\/21\/herencias-en-vida-en-baleares-la-ley-8-2022-de-11-de-noviembre-de-sucesion-voluntaria-paccionada-o-contractual-de-las-illes-balears-entra-en-vigor\/#breadcrumb","itemListElement":[{"@type":"ListItem","position":1,"name":"Portada","item":"https:\/\/fmsb.eu\/en\/"},{"@type":"ListItem","position":2,"name":"Herencias en vida en Baleares. La Ley 8\/2022, de 11 de noviembre, de sucesi\u00f3n voluntaria paccionada o contractual de las Illes Balears entra en vigor"}]},{"@type":"WebSite","@id":"https:\/\/fmsb.eu\/en\/#website","url":"https:\/\/fmsb.eu\/en\/","name":"FMSB Abogados y Economistas en Baleares","description":"","publisher":{"@id":"https:\/\/fmsb.eu\/en\/#organization"},"potentialAction":[{"@type":"SearchAction","target":{"@type":"EntryPoint","urlTemplate":"https:\/\/fmsb.eu\/en\/?s={search_term_string}"},"query-input":{"@type":"PropertyValueSpecification","valueRequired":true,"valueName":"search_term_string"}}],"inLanguage":"en-US"},{"@type":"Organization","@id":"https:\/\/fmsb.eu\/en\/#organization","name":"FMSB Abogados y Economistas en Baleares","url":"https:\/\/fmsb.eu\/en\/","logo":{"@type":"ImageObject","inLanguage":"en-US","@id":"https:\/\/fmsb.eu\/en\/#\/schema\/logo\/image\/","url":"https:\/\/fmsb.eu\/wp-content\/uploads\/2025\/02\/logo.svg","contentUrl":"https:\/\/fmsb.eu\/wp-content\/uploads\/2025\/02\/logo.svg","width":154,"height":52,"caption":"FMSB Abogados y Economistas en Baleares"},"image":{"@id":"https:\/\/fmsb.eu\/en\/#\/schema\/logo\/image\/"}},{"@type":"Person","@id":"https:\/\/fmsb.eu\/en\/#\/schema\/person\/9fba7c70814b0cd34d35d655d36a4ca2","name":"fmsb","image":{"@type":"ImageObject","inLanguage":"en-US","@id":"https:\/\/secure.gravatar.com\/avatar\/426f4d5b0ebcace85460caf87cdaaa193694b611e990615d87a13f322fb7ee7f?s=96&d=mm&r=g","url":"https:\/\/secure.gravatar.com\/avatar\/426f4d5b0ebcace85460caf87cdaaa193694b611e990615d87a13f322fb7ee7f?s=96&d=mm&r=g","contentUrl":"https:\/\/secure.gravatar.com\/avatar\/426f4d5b0ebcace85460caf87cdaaa193694b611e990615d87a13f322fb7ee7f?s=96&d=mm&r=g","caption":"fmsb"},"sameAs":["https:\/\/x.com\/fmsb-disstint"],"url":"https:\/\/fmsb.eu\/en\/author\/fmsb\/"}]}},"_links":{"self":[{"href":"https:\/\/fmsb.eu\/en\/wp-json\/wp\/v2\/posts\/11232","targetHints":{"allow":["GET"]}}],"collection":[{"href":"https:\/\/fmsb.eu\/en\/wp-json\/wp\/v2\/posts"}],"about":[{"href":"https:\/\/fmsb.eu\/en\/wp-json\/wp\/v2\/types\/post"}],"author":[{"embeddable":true,"href":"https:\/\/fmsb.eu\/en\/wp-json\/wp\/v2\/users\/2"}],"replies":[{"embeddable":true,"href":"https:\/\/fmsb.eu\/en\/wp-json\/wp\/v2\/comments?post=11232"}],"version-history":[{"count":0,"href":"https:\/\/fmsb.eu\/en\/wp-json\/wp\/v2\/posts\/11232\/revisions"}],"wp:featuredmedia":[{"embeddable":true,"href":"https:\/\/fmsb.eu\/en\/wp-json\/wp\/v2\/media\/9962"}],"wp:attachment":[{"href":"https:\/\/fmsb.eu\/en\/wp-json\/wp\/v2\/media?parent=11232"}],"wp:term":[{"taxonomy":"category","embeddable":true,"href":"https:\/\/fmsb.eu\/en\/wp-json\/wp\/v2\/categories?post=11232"},{"taxonomy":"post_tag","embeddable":true,"href":"https:\/\/fmsb.eu\/en\/wp-json\/wp\/v2\/tags?post=11232"}],"curies":[{"name":"wp","href":"https:\/\/api.w.org\/{rel}","templated":true}]}}