{"id":11236,"date":"2023-02-15T13:32:00","date_gmt":"2023-02-15T12:32:00","guid":{"rendered":"http:\/\/fmsb.disstintbeta.com\/2023\/02\/15\/jose-yanez-sobre-la-sustraccion-de-menores-o-secuestro-parental-en-actualidad-informativa-de-fibwi\/"},"modified":"2023-02-15T13:32:00","modified_gmt":"2023-02-15T12:32:00","slug":"jose-yanez-sobre-la-sustraccion-de-menores-o-secuestro-parental-en-actualidad-informativa-de-fibwi","status":"publish","type":"post","link":"https:\/\/fmsb.eu\/en\/2023\/02\/15\/jose-yanez-sobre-la-sustraccion-de-menores-o-secuestro-parental-en-actualidad-informativa-de-fibwi\/","title":{"rendered":"Jos\u00e9 Y\u00e1\u00f1ez sobre la sustracci\u00f3n de menores o secuestro parental en actualidad informativa de fibwi"},"content":{"rendered":"<p><iframe title=\"Jos\u00e9 Y\u00e1\u00f1ez sobre sustracci\u00f3n de menores o secuestro parental len actualidad informativa\" width=\"800\" height=\"450\" src=\"https:\/\/www.youtube.com\/embed\/tMW5dqltgrU?feature=oembed\" frameborder=\"0\" allow=\"accelerometer; autoplay; clipboard-write; encrypted-media; gyroscope; picture-in-picture; web-share\" referrerpolicy=\"strict-origin-when-cross-origin\" allowfullscreen><\/iframe><\/p>\n<h1><span style=\"color: #ffffff;\">&#8211;<\/span><\/h1>\n<h1><strong><span style=\"color: #333399;\">Jos\u00e9 Y\u00e1\u00f1ez sobre la sustracci\u00f3n de menores o secuestro parental en actualidad informativa de fibwi<\/span><br \/>\n<\/strong><\/h1>\n<h1><span style=\"color: #ffffff;\">&#8211;<\/span><\/h1>\n<p>El <strong>secuestro parental de menores<\/strong> es una figura jur\u00eddica reconocida en infinidad de pa\u00edses y que goza de la protecci\u00f3n brindada por los de Convenios internacionales. Tambi\u00e9n conocida como <strong>abducci\u00f3n parental<\/strong>, es una clase particular de secuestro del hijo o hija menor de edad y que es realizado por alguno de los progenitores del menor o por una persona mandataria del progenitor. Por regla general, este secuestro o separaci\u00f3n del menor se lleva a cabo de forma abrupta y, por supuesto, sin consentimiento del otro progenitor e implica siempre un alejamiento del menor del la localidad donde ven\u00eda residiendo para acabar en otra distinta y, en el peor de los casos, en otro pa\u00eds diferente, d\u00e1ndose lugar a la conocida como <strong>sustracci\u00f3n internacional de menores<\/strong>. Este comportamiento que puede constituir delito es un fen\u00f3meno relativamente frecuente en parejas que no comparten la misma ciudadan\u00eda o nacionalidad pero no exclusivo en este tipo de las mismas.<\/p>\n<p>En esta entrevista a cargo del periodista <strong>Biel Ramis<\/strong> para el programa <span style=\"color: #333399;\"><a style=\"color: #333399;\" href=\"https:\/\/fibwi.live\/tv\/program\/Actualidad\"><em><strong>actualidad informativa<\/strong><\/em><\/a><\/span> de <span style=\"color: #3366ff;\"><a style=\"color: #3366ff;\" href=\"https:\/\/fibwi.live\/tv\/video\/1503\"><strong>fibwi tv<\/strong><\/a><\/span>, el abogado y socio de <strong>Font Mora Sainz de Baranda<\/strong> &#8211;<em>abogados y economistas<\/em>&#8211; <strong>Jos\u00e9 Y\u00e1\u00f1ez<\/strong> explica a la audiencia c\u00f3mo proceder en caso de sufrir este tipo de situaciones y los instrumentos legales y judiciales a nuestro alcance para conseguir una pronta restituci\u00f3n del menor con el progenitor que se ha visto privado del menor.<\/p>\n<p>Visita el blog de <strong>Font Mora Sainz de Baranda<\/strong> &#8211;<em>abogados y economistas<\/em>&#8211; para encontrar otras publicaciones sobre este tema y obtener respuesta a las preguntas m\u00e1s habituales al respecto del secuestro parental o sustracci\u00f3n de menores:<\/p>\n<ul>\n<li>\u00bfQu\u00e9 se entiende por sustracci\u00f3n de un menor?<\/li>\n<li>\u00bfSucede habitualmente?<\/li>\n<li>\u00bfQu\u00e9 penas lleva aparejado este delito?<\/li>\n<li>\u00bfS\u00f3lo pueden cometerlo los progenitores?<\/li>\n<li>\u00bfLa mera denuncia de la sustracci\u00f3n sirve para que se restituya al menor?<\/li>\n<li>\u00bfEs preciso que exista una previa sentencia, tras el divorcio o separaci\u00f3n, que regule las medidas con respecto al menor con anterioridad para que la sustracci\u00f3n de un menor sea delito?<\/li>\n<\/ul>\n<p><strong>\u00a0<\/strong><\/p>\n<hr \/>\n<p><span style=\"color: #999999;\">#fmsb #fontmorasainzdebaranda #abogados #economistas #derecho #penal #delito #sustracci\u00f3ndemenores #familia #hijos #custodia #medidas #progenitor #desplazamientos #viajes #obligaciones #sustracci\u00f3n #menores #menordeedad #secuestro #secuestroparental #sustracci\u00f3ninternacional #convenios #baleares #mallorca #palma #menorca #ibiza #manacor #law #lawyers #solicitors<\/span><\/p>\n<p>&nbsp;<\/p>\n","protected":false},"excerpt":{"rendered":"<p>&#8211; Jos\u00e9 Y\u00e1\u00f1ez sobre la sustracci\u00f3n de menores o secuestro parental en actualidad informativa de fibwi &#8211; El secuestro parental de menores es una figura jur\u00eddica reconocida en infinidad de pa\u00edses y que goza de la protecci\u00f3n brindada por los de Convenios internacionales. Tambi\u00e9n conocida como abducci\u00f3n parental, es una clase particular de secuestro del [&hellip;]<\/p>\n","protected":false},"author":2,"featured_media":9958,"comment_status":"closed","ping_status":"open","sticky":false,"template":"","format":"standard","meta":{"footnotes":""},"categories":[2148,2149,2150,2714,2367,2152],"tags":[2156,2716,2717,2158,2416,2718,2719,2720,2721,2166,2425,2722,2723,2168,2724,2173,2174,3267,2175,2725,2178,2179,2181,2726,2727,2728,2184,2729,4818,2730,2732,2733,2734,2736,2737,4819,4820,2738,2739,4821,4822,4823,2740,2741],"class_list":["post-11236","post","type-post","status-publish","format-standard","has-post-thumbnail","hentry","category-actualidad-en","category-blog-en-2","category-derecho-civil-en","category-derecho-de-familia-en","category-derecho-penal-en","category-home-en-2","tag-abogados-en","tag-abuelos-en","tag-audiencia-en","tag-baleares-en","tag-codigo-civil-en","tag-custodia-en","tag-custodia-compartida-en","tag-deberes-en","tag-demanda-en","tag-derecho-en","tag-derecho-civil-en","tag-desatencion-en","tag-desplazamiento-en","tag-economistas-en","tag-familia-en","tag-fmsb-en","tag-font-mora-sainz-de-baranda-en","tag-hijos-menores-en","tag-ibiza-en-2","tag-interes-del-menor-en","tag-law-en-2","tag-lawyers-en-2","tag-mallorca-en-2","tag-margalida-sanso-en","tag-medidas-con-respecto-a-los-hijos-en","tag-medidas-con-respecto-a-menores-en","tag-menorca-en-2","tag-menores-en","tag-menores-de-edad-en","tag-modificacion-de-medidas-en","tag-nietos-en","tag-obligaciones-en","tag-progenitor-en","tag-relaciones-paternofiliales-en","tag-retirada-de-custodia-en","tag-secuestro-de-menores-en","tag-secuestro-parental-en","tag-sentencia-en","tag-solicit-en","tag-sustraccion-de-menores-en","tag-sustraccion-internacional-en","tag-sustraccion-nacional-en","tag-visita-en","tag-vuelo-en"],"yoast_head":"<!-- This site is optimized with the Yoast SEO plugin v27.3 - https:\/\/yoast.com\/product\/yoast-seo-wordpress\/ -->\n<title>Jos\u00e9 Y\u00e1\u00f1ez sobre la sustracci\u00f3n de menores o secuestro parental en actualidad informativa de fibwi - FMSB Abogados y Economistas en Baleares<\/title>\n<meta name=\"robots\" content=\"index, follow, max-snippet:-1, max-image-preview:large, max-video-preview:-1\" \/>\n<link rel=\"canonical\" href=\"https:\/\/fmsb.eu\/en\/2023\/02\/15\/jose-yanez-sobre-la-sustraccion-de-menores-o-secuestro-parental-en-actualidad-informativa-de-fibwi\/\" \/>\n<meta property=\"og:locale\" content=\"en_US\" \/>\n<meta property=\"og:type\" content=\"article\" \/>\n<meta property=\"og:title\" content=\"Jos\u00e9 Y\u00e1\u00f1ez sobre la sustracci\u00f3n de menores o secuestro parental en actualidad informativa de fibwi - FMSB Abogados y Economistas en Baleares\" \/>\n<meta property=\"og:description\" content=\"&#8211; Jos\u00e9 Y\u00e1\u00f1ez sobre la sustracci\u00f3n de menores o secuestro parental en actualidad informativa de fibwi &#8211; El secuestro parental de menores es una figura jur\u00eddica reconocida en infinidad de pa\u00edses y que goza de la protecci\u00f3n brindada por los de Convenios internacionales. Tambi\u00e9n conocida como abducci\u00f3n parental, es una clase particular de secuestro del [&hellip;]\" \/>\n<meta property=\"og:url\" content=\"https:\/\/fmsb.eu\/en\/2023\/02\/15\/jose-yanez-sobre-la-sustraccion-de-menores-o-secuestro-parental-en-actualidad-informativa-de-fibwi\/\" \/>\n<meta property=\"og:site_name\" content=\"FMSB Abogados y Economistas en Baleares\" \/>\n<meta property=\"article:published_time\" content=\"2023-02-15T12:32:00+00:00\" \/>\n<meta property=\"og:image\" content=\"https:\/\/fmsb.eu\/wp-content\/uploads\/2023\/02\/Captura-de-pantalla-2023-02-15-133506.png\" \/>\n\t<meta property=\"og:image:width\" content=\"1420\" \/>\n\t<meta property=\"og:image:height\" content=\"760\" \/>\n\t<meta property=\"og:image:type\" content=\"image\/png\" \/>\n<meta name=\"author\" content=\"fmsb\" \/>\n<meta name=\"twitter:card\" content=\"summary_large_image\" \/>\n<meta name=\"twitter:creator\" content=\"@fmsb-disstint\" \/>\n<meta name=\"twitter:label1\" content=\"Written by\" \/>\n\t<meta name=\"twitter:data1\" content=\"fmsb\" \/>\n\t<meta name=\"twitter:label2\" content=\"Est. reading time\" \/>\n\t<meta name=\"twitter:data2\" content=\"2 minutes\" \/>\n<script type=\"application\/ld+json\" class=\"yoast-schema-graph\">{\"@context\":\"https:\\\/\\\/schema.org\",\"@graph\":[{\"@type\":\"Article\",\"@id\":\"https:\\\/\\\/fmsb.eu\\\/en\\\/2023\\\/02\\\/15\\\/jose-yanez-sobre-la-sustraccion-de-menores-o-secuestro-parental-en-actualidad-informativa-de-fibwi\\\/#article\",\"isPartOf\":{\"@id\":\"https:\\\/\\\/fmsb.eu\\\/en\\\/2023\\\/02\\\/15\\\/jose-yanez-sobre-la-sustraccion-de-menores-o-secuestro-parental-en-actualidad-informativa-de-fibwi\\\/\"},\"author\":{\"name\":\"fmsb\",\"@id\":\"https:\\\/\\\/fmsb.eu\\\/en\\\/#\\\/schema\\\/person\\\/9fba7c70814b0cd34d35d655d36a4ca2\"},\"headline\":\"Jos\u00e9 Y\u00e1\u00f1ez sobre la sustracci\u00f3n de menores o secuestro parental en actualidad informativa de fibwi\",\"datePublished\":\"2023-02-15T12:32:00+00:00\",\"mainEntityOfPage\":{\"@id\":\"https:\\\/\\\/fmsb.eu\\\/en\\\/2023\\\/02\\\/15\\\/jose-yanez-sobre-la-sustraccion-de-menores-o-secuestro-parental-en-actualidad-informativa-de-fibwi\\\/\"},\"wordCount\":427,\"publisher\":{\"@id\":\"https:\\\/\\\/fmsb.eu\\\/en\\\/#organization\"},\"image\":{\"@id\":\"https:\\\/\\\/fmsb.eu\\\/en\\\/2023\\\/02\\\/15\\\/jose-yanez-sobre-la-sustraccion-de-menores-o-secuestro-parental-en-actualidad-informativa-de-fibwi\\\/#primaryimage\"},\"thumbnailUrl\":\"https:\\\/\\\/fmsb.eu\\\/wp-content\\\/uploads\\\/2023\\\/02\\\/Captura-de-pantalla-2023-02-15-133506.png\",\"keywords\":[\"abogados\",\"abuelos\",\"audiencia\",\"baleares\",\"c\u00f3digo civil\",\"custodia\",\"custodia compartida\",\"deberes\",\"demanda\",\"derecho\",\"Derecho Civil\",\"desatenci\u00f3n\",\"desplazamiento\",\"economistas\",\"familia\",\"fmsb\",\"font mora sainz de baranda\",\"hijos menores\",\"ibiza\",\"inter\u00e9s del menor\",\"law\",\"lawyers\",\"mallorca\",\"margalida sanso\",\"medidas con respecto a los hijos\",\"medidas con respecto a menores\",\"menorca\",\"menores\",\"menores de edad\",\"modificaci\u00f3n de medidas\",\"nietos\",\"obligaciones\",\"progenitor\",\"relaciones paternofiliales\",\"retirada de custodia\",\"secuestro de menores\",\"secuestro parental\",\"sentencia\",\"solicit\",\"sustracci\u00f3n de menores\",\"sustracci\u00f3n internacional\",\"sustracci\u00f3n nacional\",\"visita\",\"vuelo\"],\"articleSection\":[\"actualidad\",\"blog\",\"Derecho Civil\",\"derecho de familia\",\"Derecho Penal\",\"Home\"],\"inLanguage\":\"en-US\"},{\"@type\":\"WebPage\",\"@id\":\"https:\\\/\\\/fmsb.eu\\\/en\\\/2023\\\/02\\\/15\\\/jose-yanez-sobre-la-sustraccion-de-menores-o-secuestro-parental-en-actualidad-informativa-de-fibwi\\\/\",\"url\":\"https:\\\/\\\/fmsb.eu\\\/en\\\/2023\\\/02\\\/15\\\/jose-yanez-sobre-la-sustraccion-de-menores-o-secuestro-parental-en-actualidad-informativa-de-fibwi\\\/\",\"name\":\"Jos\u00e9 Y\u00e1\u00f1ez sobre la sustracci\u00f3n de menores o secuestro parental en actualidad informativa de fibwi - FMSB Abogados y Economistas en Baleares\",\"isPartOf\":{\"@id\":\"https:\\\/\\\/fmsb.eu\\\/en\\\/#website\"},\"primaryImageOfPage\":{\"@id\":\"https:\\\/\\\/fmsb.eu\\\/en\\\/2023\\\/02\\\/15\\\/jose-yanez-sobre-la-sustraccion-de-menores-o-secuestro-parental-en-actualidad-informativa-de-fibwi\\\/#primaryimage\"},\"image\":{\"@id\":\"https:\\\/\\\/fmsb.eu\\\/en\\\/2023\\\/02\\\/15\\\/jose-yanez-sobre-la-sustraccion-de-menores-o-secuestro-parental-en-actualidad-informativa-de-fibwi\\\/#primaryimage\"},\"thumbnailUrl\":\"https:\\\/\\\/fmsb.eu\\\/wp-content\\\/uploads\\\/2023\\\/02\\\/Captura-de-pantalla-2023-02-15-133506.png\",\"datePublished\":\"2023-02-15T12:32:00+00:00\",\"breadcrumb\":{\"@id\":\"https:\\\/\\\/fmsb.eu\\\/en\\\/2023\\\/02\\\/15\\\/jose-yanez-sobre-la-sustraccion-de-menores-o-secuestro-parental-en-actualidad-informativa-de-fibwi\\\/#breadcrumb\"},\"inLanguage\":\"en-US\",\"potentialAction\":[{\"@type\":\"ReadAction\",\"target\":[\"https:\\\/\\\/fmsb.eu\\\/en\\\/2023\\\/02\\\/15\\\/jose-yanez-sobre-la-sustraccion-de-menores-o-secuestro-parental-en-actualidad-informativa-de-fibwi\\\/\"]}]},{\"@type\":\"ImageObject\",\"inLanguage\":\"en-US\",\"@id\":\"https:\\\/\\\/fmsb.eu\\\/en\\\/2023\\\/02\\\/15\\\/jose-yanez-sobre-la-sustraccion-de-menores-o-secuestro-parental-en-actualidad-informativa-de-fibwi\\\/#primaryimage\",\"url\":\"https:\\\/\\\/fmsb.eu\\\/wp-content\\\/uploads\\\/2023\\\/02\\\/Captura-de-pantalla-2023-02-15-133506.png\",\"contentUrl\":\"https:\\\/\\\/fmsb.eu\\\/wp-content\\\/uploads\\\/2023\\\/02\\\/Captura-de-pantalla-2023-02-15-133506.png\",\"width\":1420,\"height\":760},{\"@type\":\"BreadcrumbList\",\"@id\":\"https:\\\/\\\/fmsb.eu\\\/en\\\/2023\\\/02\\\/15\\\/jose-yanez-sobre-la-sustraccion-de-menores-o-secuestro-parental-en-actualidad-informativa-de-fibwi\\\/#breadcrumb\",\"itemListElement\":[{\"@type\":\"ListItem\",\"position\":1,\"name\":\"Portada\",\"item\":\"https:\\\/\\\/fmsb.eu\\\/en\\\/\"},{\"@type\":\"ListItem\",\"position\":2,\"name\":\"Jos\u00e9 Y\u00e1\u00f1ez sobre la sustracci\u00f3n de menores o secuestro parental en actualidad informativa de fibwi\"}]},{\"@type\":\"WebSite\",\"@id\":\"https:\\\/\\\/fmsb.eu\\\/en\\\/#website\",\"url\":\"https:\\\/\\\/fmsb.eu\\\/en\\\/\",\"name\":\"FMSB Abogados y Economistas en Baleares\",\"description\":\"\",\"publisher\":{\"@id\":\"https:\\\/\\\/fmsb.eu\\\/en\\\/#organization\"},\"potentialAction\":[{\"@type\":\"SearchAction\",\"target\":{\"@type\":\"EntryPoint\",\"urlTemplate\":\"https:\\\/\\\/fmsb.eu\\\/en\\\/?s={search_term_string}\"},\"query-input\":{\"@type\":\"PropertyValueSpecification\",\"valueRequired\":true,\"valueName\":\"search_term_string\"}}],\"inLanguage\":\"en-US\"},{\"@type\":\"Organization\",\"@id\":\"https:\\\/\\\/fmsb.eu\\\/en\\\/#organization\",\"name\":\"FMSB Abogados y Economistas en Baleares\",\"url\":\"https:\\\/\\\/fmsb.eu\\\/en\\\/\",\"logo\":{\"@type\":\"ImageObject\",\"inLanguage\":\"en-US\",\"@id\":\"https:\\\/\\\/fmsb.eu\\\/en\\\/#\\\/schema\\\/logo\\\/image\\\/\",\"url\":\"https:\\\/\\\/fmsb.eu\\\/wp-content\\\/uploads\\\/2025\\\/02\\\/logo.svg\",\"contentUrl\":\"https:\\\/\\\/fmsb.eu\\\/wp-content\\\/uploads\\\/2025\\\/02\\\/logo.svg\",\"width\":154,\"height\":52,\"caption\":\"FMSB Abogados y Economistas en Baleares\"},\"image\":{\"@id\":\"https:\\\/\\\/fmsb.eu\\\/en\\\/#\\\/schema\\\/logo\\\/image\\\/\"}},{\"@type\":\"Person\",\"@id\":\"https:\\\/\\\/fmsb.eu\\\/en\\\/#\\\/schema\\\/person\\\/9fba7c70814b0cd34d35d655d36a4ca2\",\"name\":\"fmsb\",\"image\":{\"@type\":\"ImageObject\",\"inLanguage\":\"en-US\",\"@id\":\"https:\\\/\\\/secure.gravatar.com\\\/avatar\\\/426f4d5b0ebcace85460caf87cdaaa193694b611e990615d87a13f322fb7ee7f?s=96&d=mm&r=g\",\"url\":\"https:\\\/\\\/secure.gravatar.com\\\/avatar\\\/426f4d5b0ebcace85460caf87cdaaa193694b611e990615d87a13f322fb7ee7f?s=96&d=mm&r=g\",\"contentUrl\":\"https:\\\/\\\/secure.gravatar.com\\\/avatar\\\/426f4d5b0ebcace85460caf87cdaaa193694b611e990615d87a13f322fb7ee7f?s=96&d=mm&r=g\",\"caption\":\"fmsb\"},\"sameAs\":[\"https:\\\/\\\/x.com\\\/fmsb-disstint\"],\"url\":\"https:\\\/\\\/fmsb.eu\\\/en\\\/author\\\/fmsb\\\/\"}]}<\/script>\n<!-- \/ Yoast SEO plugin. -->","yoast_head_json":{"title":"Jos\u00e9 Y\u00e1\u00f1ez sobre la sustracci\u00f3n de menores o secuestro parental en actualidad informativa de fibwi - FMSB Abogados y Economistas en Baleares","robots":{"index":"index","follow":"follow","max-snippet":"max-snippet:-1","max-image-preview":"max-image-preview:large","max-video-preview":"max-video-preview:-1"},"canonical":"https:\/\/fmsb.eu\/en\/2023\/02\/15\/jose-yanez-sobre-la-sustraccion-de-menores-o-secuestro-parental-en-actualidad-informativa-de-fibwi\/","og_locale":"en_US","og_type":"article","og_title":"Jos\u00e9 Y\u00e1\u00f1ez sobre la sustracci\u00f3n de menores o secuestro parental en actualidad informativa de fibwi - FMSB Abogados y Economistas en Baleares","og_description":"&#8211; Jos\u00e9 Y\u00e1\u00f1ez sobre la sustracci\u00f3n de menores o secuestro parental en actualidad informativa de fibwi &#8211; El secuestro parental de menores es una figura jur\u00eddica reconocida en infinidad de pa\u00edses y que goza de la protecci\u00f3n brindada por los de Convenios internacionales. Tambi\u00e9n conocida como abducci\u00f3n parental, es una clase particular de secuestro del [&hellip;]","og_url":"https:\/\/fmsb.eu\/en\/2023\/02\/15\/jose-yanez-sobre-la-sustraccion-de-menores-o-secuestro-parental-en-actualidad-informativa-de-fibwi\/","og_site_name":"FMSB Abogados y Economistas en Baleares","article_published_time":"2023-02-15T12:32:00+00:00","og_image":[{"width":1420,"height":760,"url":"https:\/\/fmsb.eu\/wp-content\/uploads\/2023\/02\/Captura-de-pantalla-2023-02-15-133506.png","type":"image\/png"}],"author":"fmsb","twitter_card":"summary_large_image","twitter_creator":"@fmsb-disstint","twitter_misc":{"Written by":"fmsb","Est. reading time":"2 minutes"},"schema":{"@context":"https:\/\/schema.org","@graph":[{"@type":"Article","@id":"https:\/\/fmsb.eu\/en\/2023\/02\/15\/jose-yanez-sobre-la-sustraccion-de-menores-o-secuestro-parental-en-actualidad-informativa-de-fibwi\/#article","isPartOf":{"@id":"https:\/\/fmsb.eu\/en\/2023\/02\/15\/jose-yanez-sobre-la-sustraccion-de-menores-o-secuestro-parental-en-actualidad-informativa-de-fibwi\/"},"author":{"name":"fmsb","@id":"https:\/\/fmsb.eu\/en\/#\/schema\/person\/9fba7c70814b0cd34d35d655d36a4ca2"},"headline":"Jos\u00e9 Y\u00e1\u00f1ez sobre la sustracci\u00f3n de menores o secuestro parental en actualidad informativa de fibwi","datePublished":"2023-02-15T12:32:00+00:00","mainEntityOfPage":{"@id":"https:\/\/fmsb.eu\/en\/2023\/02\/15\/jose-yanez-sobre-la-sustraccion-de-menores-o-secuestro-parental-en-actualidad-informativa-de-fibwi\/"},"wordCount":427,"publisher":{"@id":"https:\/\/fmsb.eu\/en\/#organization"},"image":{"@id":"https:\/\/fmsb.eu\/en\/2023\/02\/15\/jose-yanez-sobre-la-sustraccion-de-menores-o-secuestro-parental-en-actualidad-informativa-de-fibwi\/#primaryimage"},"thumbnailUrl":"https:\/\/fmsb.eu\/wp-content\/uploads\/2023\/02\/Captura-de-pantalla-2023-02-15-133506.png","keywords":["abogados","abuelos","audiencia","baleares","c\u00f3digo civil","custodia","custodia compartida","deberes","demanda","derecho","Derecho Civil","desatenci\u00f3n","desplazamiento","economistas","familia","fmsb","font mora sainz de baranda","hijos menores","ibiza","inter\u00e9s del menor","law","lawyers","mallorca","margalida sanso","medidas con respecto a los hijos","medidas con respecto a menores","menorca","menores","menores de edad","modificaci\u00f3n de medidas","nietos","obligaciones","progenitor","relaciones paternofiliales","retirada de custodia","secuestro de menores","secuestro parental","sentencia","solicit","sustracci\u00f3n de menores","sustracci\u00f3n internacional","sustracci\u00f3n nacional","visita","vuelo"],"articleSection":["actualidad","blog","Derecho Civil","derecho de familia","Derecho Penal","Home"],"inLanguage":"en-US"},{"@type":"WebPage","@id":"https:\/\/fmsb.eu\/en\/2023\/02\/15\/jose-yanez-sobre-la-sustraccion-de-menores-o-secuestro-parental-en-actualidad-informativa-de-fibwi\/","url":"https:\/\/fmsb.eu\/en\/2023\/02\/15\/jose-yanez-sobre-la-sustraccion-de-menores-o-secuestro-parental-en-actualidad-informativa-de-fibwi\/","name":"Jos\u00e9 Y\u00e1\u00f1ez sobre la sustracci\u00f3n de menores o secuestro parental en actualidad informativa de fibwi - FMSB Abogados y Economistas en Baleares","isPartOf":{"@id":"https:\/\/fmsb.eu\/en\/#website"},"primaryImageOfPage":{"@id":"https:\/\/fmsb.eu\/en\/2023\/02\/15\/jose-yanez-sobre-la-sustraccion-de-menores-o-secuestro-parental-en-actualidad-informativa-de-fibwi\/#primaryimage"},"image":{"@id":"https:\/\/fmsb.eu\/en\/2023\/02\/15\/jose-yanez-sobre-la-sustraccion-de-menores-o-secuestro-parental-en-actualidad-informativa-de-fibwi\/#primaryimage"},"thumbnailUrl":"https:\/\/fmsb.eu\/wp-content\/uploads\/2023\/02\/Captura-de-pantalla-2023-02-15-133506.png","datePublished":"2023-02-15T12:32:00+00:00","breadcrumb":{"@id":"https:\/\/fmsb.eu\/en\/2023\/02\/15\/jose-yanez-sobre-la-sustraccion-de-menores-o-secuestro-parental-en-actualidad-informativa-de-fibwi\/#breadcrumb"},"inLanguage":"en-US","potentialAction":[{"@type":"ReadAction","target":["https:\/\/fmsb.eu\/en\/2023\/02\/15\/jose-yanez-sobre-la-sustraccion-de-menores-o-secuestro-parental-en-actualidad-informativa-de-fibwi\/"]}]},{"@type":"ImageObject","inLanguage":"en-US","@id":"https:\/\/fmsb.eu\/en\/2023\/02\/15\/jose-yanez-sobre-la-sustraccion-de-menores-o-secuestro-parental-en-actualidad-informativa-de-fibwi\/#primaryimage","url":"https:\/\/fmsb.eu\/wp-content\/uploads\/2023\/02\/Captura-de-pantalla-2023-02-15-133506.png","contentUrl":"https:\/\/fmsb.eu\/wp-content\/uploads\/2023\/02\/Captura-de-pantalla-2023-02-15-133506.png","width":1420,"height":760},{"@type":"BreadcrumbList","@id":"https:\/\/fmsb.eu\/en\/2023\/02\/15\/jose-yanez-sobre-la-sustraccion-de-menores-o-secuestro-parental-en-actualidad-informativa-de-fibwi\/#breadcrumb","itemListElement":[{"@type":"ListItem","position":1,"name":"Portada","item":"https:\/\/fmsb.eu\/en\/"},{"@type":"ListItem","position":2,"name":"Jos\u00e9 Y\u00e1\u00f1ez sobre la sustracci\u00f3n de menores o secuestro parental en actualidad informativa de fibwi"}]},{"@type":"WebSite","@id":"https:\/\/fmsb.eu\/en\/#website","url":"https:\/\/fmsb.eu\/en\/","name":"FMSB Abogados y Economistas en Baleares","description":"","publisher":{"@id":"https:\/\/fmsb.eu\/en\/#organization"},"potentialAction":[{"@type":"SearchAction","target":{"@type":"EntryPoint","urlTemplate":"https:\/\/fmsb.eu\/en\/?s={search_term_string}"},"query-input":{"@type":"PropertyValueSpecification","valueRequired":true,"valueName":"search_term_string"}}],"inLanguage":"en-US"},{"@type":"Organization","@id":"https:\/\/fmsb.eu\/en\/#organization","name":"FMSB Abogados y Economistas en Baleares","url":"https:\/\/fmsb.eu\/en\/","logo":{"@type":"ImageObject","inLanguage":"en-US","@id":"https:\/\/fmsb.eu\/en\/#\/schema\/logo\/image\/","url":"https:\/\/fmsb.eu\/wp-content\/uploads\/2025\/02\/logo.svg","contentUrl":"https:\/\/fmsb.eu\/wp-content\/uploads\/2025\/02\/logo.svg","width":154,"height":52,"caption":"FMSB Abogados y Economistas en Baleares"},"image":{"@id":"https:\/\/fmsb.eu\/en\/#\/schema\/logo\/image\/"}},{"@type":"Person","@id":"https:\/\/fmsb.eu\/en\/#\/schema\/person\/9fba7c70814b0cd34d35d655d36a4ca2","name":"fmsb","image":{"@type":"ImageObject","inLanguage":"en-US","@id":"https:\/\/secure.gravatar.com\/avatar\/426f4d5b0ebcace85460caf87cdaaa193694b611e990615d87a13f322fb7ee7f?s=96&d=mm&r=g","url":"https:\/\/secure.gravatar.com\/avatar\/426f4d5b0ebcace85460caf87cdaaa193694b611e990615d87a13f322fb7ee7f?s=96&d=mm&r=g","contentUrl":"https:\/\/secure.gravatar.com\/avatar\/426f4d5b0ebcace85460caf87cdaaa193694b611e990615d87a13f322fb7ee7f?s=96&d=mm&r=g","caption":"fmsb"},"sameAs":["https:\/\/x.com\/fmsb-disstint"],"url":"https:\/\/fmsb.eu\/en\/author\/fmsb\/"}]}},"_links":{"self":[{"href":"https:\/\/fmsb.eu\/en\/wp-json\/wp\/v2\/posts\/11236","targetHints":{"allow":["GET"]}}],"collection":[{"href":"https:\/\/fmsb.eu\/en\/wp-json\/wp\/v2\/posts"}],"about":[{"href":"https:\/\/fmsb.eu\/en\/wp-json\/wp\/v2\/types\/post"}],"author":[{"embeddable":true,"href":"https:\/\/fmsb.eu\/en\/wp-json\/wp\/v2\/users\/2"}],"replies":[{"embeddable":true,"href":"https:\/\/fmsb.eu\/en\/wp-json\/wp\/v2\/comments?post=11236"}],"version-history":[{"count":0,"href":"https:\/\/fmsb.eu\/en\/wp-json\/wp\/v2\/posts\/11236\/revisions"}],"wp:featuredmedia":[{"embeddable":true,"href":"https:\/\/fmsb.eu\/en\/wp-json\/wp\/v2\/media\/9958"}],"wp:attachment":[{"href":"https:\/\/fmsb.eu\/en\/wp-json\/wp\/v2\/media?parent=11236"}],"wp:term":[{"taxonomy":"category","embeddable":true,"href":"https:\/\/fmsb.eu\/en\/wp-json\/wp\/v2\/categories?post=11236"},{"taxonomy":"post_tag","embeddable":true,"href":"https:\/\/fmsb.eu\/en\/wp-json\/wp\/v2\/tags?post=11236"}],"curies":[{"name":"wp","href":"https:\/\/api.w.org\/{rel}","templated":true}]}}