{"id":11238,"date":"2023-02-15T08:46:47","date_gmt":"2023-02-15T07:46:47","guid":{"rendered":"http:\/\/fmsb.disstintbeta.com\/2023\/02\/15\/el-gobierno-aprueba-el-anteproyecto-de-ley-de-modificaciones-estructurales-de-sociedades-mercantiles\/"},"modified":"2023-02-15T08:46:47","modified_gmt":"2023-02-15T07:46:47","slug":"el-gobierno-aprueba-el-anteproyecto-de-ley-de-modificaciones-estructurales-de-sociedades-mercantiles","status":"publish","type":"post","link":"https:\/\/fmsb.eu\/en\/2023\/02\/15\/el-gobierno-aprueba-el-anteproyecto-de-ley-de-modificaciones-estructurales-de-sociedades-mercantiles\/","title":{"rendered":"El Gobierno aprueba el Anteproyecto de Ley de modificaciones estructurales de sociedades mercantiles"},"content":{"rendered":"<p><a href=\"http:\/\/fmsb.disstintbeta.com\/wp-content\/uploads\/2023\/02\/FMSB-Abogados-y-Economistas-Sociedades-mercantiles.jpg\"><img fetchpriority=\"high\" decoding=\"async\" class=\"alignnone wp-image-6638\" src=\"http:\/\/fmsb.disstintbeta.com\/wp-content\/uploads\/2023\/02\/FMSB-Abogados-y-Economistas-Sociedades-mercantiles.jpg\" alt=\"\" width=\"800\" height=\"600\" srcset=\"https:\/\/font-mora-sainz-baranda.fra1.digitaloceanspaces.com\/wp-content\/uploads\/2023\/02\/FMSB-Abogados-y-Economistas-Sociedades-mercantiles.jpg 1600w, https:\/\/font-mora-sainz-baranda.fra1.digitaloceanspaces.com\/wp-content\/uploads\/2023\/02\/FMSB-Abogados-y-Economistas-Sociedades-mercantiles-300x225.jpg 300w, https:\/\/font-mora-sainz-baranda.fra1.digitaloceanspaces.com\/wp-content\/uploads\/2023\/02\/FMSB-Abogados-y-Economistas-Sociedades-mercantiles-1024x768.jpg 1024w, https:\/\/font-mora-sainz-baranda.fra1.digitaloceanspaces.com\/wp-content\/uploads\/2023\/02\/FMSB-Abogados-y-Economistas-Sociedades-mercantiles-768x576.jpg 768w, https:\/\/font-mora-sainz-baranda.fra1.digitaloceanspaces.com\/wp-content\/uploads\/2023\/02\/FMSB-Abogados-y-Economistas-Sociedades-mercantiles-1536x1152.jpg 1536w\" sizes=\"(max-width: 800px) 100vw, 800px\" \/><\/a><\/p>\n<h1><span style=\"color: #ffffff;\"><strong>\u00a0&#8211;<\/strong><\/span><\/h1>\n<h1><span style=\"color: #e8b305;\"><strong>El Gobierno aprueba el Anteproyecto de Ley de modificaciones estructurales de sociedades mercantiles<\/strong><\/span><\/h1>\n<h1><span style=\"color: #ffffff;\">&#8211;<\/span><\/h1>\n<h2><span style=\"color: #e8b305;\"><strong>Entre los objetivos de la norma est\u00e1 establecer un marco jur\u00eddico armonizado con los socios de la UE para mejorar la transparencia, la seguridad jur\u00eddica y la agilidad de las operaciones de modificaci\u00f3n estructural de las empresas.<\/strong><\/span><\/h2>\n<h2><span style=\"color: #e8b305;\"><strong>Tambi\u00e9n consolida los derechos de socios, acreedores y trabajadores de las empresas involucradas. <\/strong><\/span><\/h2>\n<h1><span style=\"color: #ffffff;\">&#8211;<\/span><\/h1>\n<p>El Consejo de Ministros aprob\u00f3 el 14 de febrero el <strong>Anteproyecto de<\/strong> <strong>Ley de modificaciones estructurales de sociedades mercantiles<\/strong>. Con esta nueva norma se transpone la <a href=\"http:\/\/fmsb.disstintbeta.com\/wp-content\/uploads\/2023\/02\/Escisiones-fusiones-transformaciones-sociedades-mercantiles.pdf\">Directiva (UE) 2019\/2121 del Parlamento Europeo y del Consejo, de 27 de noviembre de 2019, por la que se modifica la Directiva (UE) 2017\/1132 en lo que ata\u00f1e a las transformaciones, fusiones y escisiones transfronterizas de empresas<\/a>.<\/p>\n<p>Entre los objetivos del anteproyecto est\u00e1 establecer un marco jur\u00eddico armonizado con los socios de la UE para mejorar la transparencia en este tipo de operaciones; consolidar los derechos de socios, acreedores y trabajadores de las empresas involucradas; y obliga a publicitar este tipo de procedimientos; as\u00ed como a proteger y a dar seguridad a acreedores y trabajadores antes de que se inicie el procedimiento.<\/p>\n<p>La nueva norma tambi\u00e9n facilita y simplifica el trabajo jur\u00eddico a la hora de analizar las operaciones de modificaci\u00f3n estructural de sociedades mercantiles en operaciones internas europeas y extraeuropeas; fomenta el di\u00e1logo social; y contempla los intereses de todas las partes interesadas.<\/p>\n<p>La trasposici\u00f3n de esta directiva est\u00e1 alineada con la libertad de establecimiento para la sociedades y empresas; y constituye uno de los principios fundamentales del Derecho europeos recogido en los art\u00edculos 49 y 54 del Tratado de Funcionamiento de la UE.<\/p>\n<p>Adem\u00e1s, comprende tanto la creaci\u00f3n como la administraci\u00f3n de las sociedades en las condiciones fijadas por la legislaci\u00f3n del correspondiente Estado miembro, as\u00ed como su movilidad intraeuropea. Seg\u00fan contempla la nueva norma, esta movilidad dentro de la UE ha de ser promovida con el fin de mejorar el funcionamiento del mercado interior, en el marco creciente de internacionalizaci\u00f3n de los operadores econ\u00f3micos.<\/p>\n<p>\u200bPara abordar la norma, se ha integrado todo el r\u00e9gimen de modificaciones estructurales, internas y transfronterizas, en un marco normativo \u00fanico, extendiendo el r\u00e9gimen de las operaciones intraeuropeas, en la medida de lo posible, a las operaciones internas para evitar asimetr\u00edas y diferencias, que en su caso pudieran favorecer un riesgo de b\u00fasqueda de una jurisdicci\u00f3n de conveniencia en un \u00e1mbito interno y transfronterizo.<\/p>\n<hr \/>\n<p><span style=\"color: #999999;\">#fmsb #fontmorasainzdebaranda #abogados #economistas #derecho #mercantil #fusiones #escisiones #transformaciones #transfronterizas #intraeuropeas #socio #ley #sociedades #capital #baleares #mallorca #menorca #ibiza #manacor #elarenal #andratx #law #lawyers #solicitors<\/span><\/p>\n","protected":false},"excerpt":{"rendered":"<p>\u00a0&#8211; El Gobierno aprueba el Anteproyecto de Ley de modificaciones estructurales de sociedades mercantiles &#8211; Entre los objetivos de la norma est\u00e1 establecer un marco jur\u00eddico armonizado con los socios de la UE para mejorar la transparencia, la seguridad jur\u00eddica y la agilidad de las operaciones de modificaci\u00f3n estructural de las empresas. Tambi\u00e9n consolida los [&hellip;]<\/p>\n","protected":false},"author":2,"featured_media":9956,"comment_status":"closed","ping_status":"open","sticky":false,"template":"","format":"standard","meta":{"footnotes":""},"categories":[2149,3194,2946,2152,2948],"tags":[2156,4107,2889,2158,3751,2426,2168,2169,2964,4360,4361,2173,2174,4082,4083,2175,2178,2179,2181,2182,2184,4362,2286,4363,2738,4364,4365,2193,3121,3481,4366],"class_list":["post-11238","post","type-post","status-publish","format-standard","has-post-thumbnail","hentry","category-blog-en-2","category-derecho-concursal-en","category-derecho-mercantil-en","category-home-en-2","category-sociedades-en","tag-abogados-en","tag-acreedores-en","tag-andratx-en","tag-baleares-en","tag-derecho-de-sociedades-en","tag-derecho-mercantil-en","tag-economistas-en","tag-el-arenal-en","tag-empresas-en","tag-escision-en","tag-escisiones-en","tag-fmsb-en","tag-font-mora-sainz-de-baranda-en","tag-fusion-en","tag-fusiones-en","tag-ibiza-en-2","tag-law-en-2","tag-lawyers-en-2","tag-mallorca-en-2","tag-manacor-en","tag-menorca-en-2","tag-modificacion-estructural-en","tag-palma-en","tag-recurrir-en","tag-sentencia-en","tag-sociedades-mercantiles-en","tag-socios-en","tag-solicitors-en","tag-trabajadores-en","tag-transformacion-en","tag-transformaciones-en"],"yoast_head":"<!-- This site is optimized with the Yoast SEO plugin v27.3 - https:\/\/yoast.com\/product\/yoast-seo-wordpress\/ -->\n<title>El Gobierno aprueba el Anteproyecto de Ley de modificaciones estructurales de sociedades mercantiles - FMSB Abogados y Economistas en Baleares<\/title>\n<meta name=\"robots\" content=\"index, follow, max-snippet:-1, max-image-preview:large, max-video-preview:-1\" \/>\n<link rel=\"canonical\" href=\"https:\/\/fmsb.eu\/en\/2023\/02\/15\/el-gobierno-aprueba-el-anteproyecto-de-ley-de-modificaciones-estructurales-de-sociedades-mercantiles\/\" \/>\n<meta property=\"og:locale\" content=\"en_US\" \/>\n<meta property=\"og:type\" content=\"article\" \/>\n<meta property=\"og:title\" content=\"El Gobierno aprueba el Anteproyecto de Ley de modificaciones estructurales de sociedades mercantiles - FMSB Abogados y Economistas en Baleares\" \/>\n<meta property=\"og:description\" content=\"\u00a0&#8211; El Gobierno aprueba el Anteproyecto de Ley de modificaciones estructurales de sociedades mercantiles &#8211; Entre los objetivos de la norma est\u00e1 establecer un marco jur\u00eddico armonizado con los socios de la UE para mejorar la transparencia, la seguridad jur\u00eddica y la agilidad de las operaciones de modificaci\u00f3n estructural de las empresas. Tambi\u00e9n consolida los [&hellip;]\" \/>\n<meta property=\"og:url\" content=\"https:\/\/fmsb.eu\/en\/2023\/02\/15\/el-gobierno-aprueba-el-anteproyecto-de-ley-de-modificaciones-estructurales-de-sociedades-mercantiles\/\" \/>\n<meta property=\"og:site_name\" content=\"FMSB Abogados y Economistas en Baleares\" \/>\n<meta property=\"article:published_time\" content=\"2023-02-15T07:46:47+00:00\" \/>\n<meta property=\"og:image\" content=\"https:\/\/fmsb.eu\/wp-content\/uploads\/2023\/02\/FMSB-Abogados-y-Economistas-Sociedades-mercantiles.jpg\" \/>\n\t<meta property=\"og:image:width\" content=\"1600\" \/>\n\t<meta property=\"og:image:height\" content=\"1200\" \/>\n\t<meta property=\"og:image:type\" content=\"image\/jpeg\" \/>\n<meta name=\"author\" content=\"fmsb\" \/>\n<meta name=\"twitter:card\" content=\"summary_large_image\" \/>\n<meta name=\"twitter:creator\" content=\"@fmsb-disstint\" \/>\n<meta name=\"twitter:label1\" content=\"Written by\" \/>\n\t<meta name=\"twitter:data1\" content=\"fmsb\" \/>\n\t<meta name=\"twitter:label2\" content=\"Est. reading time\" \/>\n\t<meta name=\"twitter:data2\" content=\"3 minutes\" \/>\n<script type=\"application\/ld+json\" class=\"yoast-schema-graph\">{\"@context\":\"https:\\\/\\\/schema.org\",\"@graph\":[{\"@type\":\"Article\",\"@id\":\"https:\\\/\\\/fmsb.eu\\\/en\\\/2023\\\/02\\\/15\\\/el-gobierno-aprueba-el-anteproyecto-de-ley-de-modificaciones-estructurales-de-sociedades-mercantiles\\\/#article\",\"isPartOf\":{\"@id\":\"https:\\\/\\\/fmsb.eu\\\/en\\\/2023\\\/02\\\/15\\\/el-gobierno-aprueba-el-anteproyecto-de-ley-de-modificaciones-estructurales-de-sociedades-mercantiles\\\/\"},\"author\":{\"name\":\"fmsb\",\"@id\":\"https:\\\/\\\/fmsb.eu\\\/en\\\/#\\\/schema\\\/person\\\/9fba7c70814b0cd34d35d655d36a4ca2\"},\"headline\":\"El Gobierno aprueba el Anteproyecto de Ley de modificaciones estructurales de sociedades mercantiles\",\"datePublished\":\"2023-02-15T07:46:47+00:00\",\"mainEntityOfPage\":{\"@id\":\"https:\\\/\\\/fmsb.eu\\\/en\\\/2023\\\/02\\\/15\\\/el-gobierno-aprueba-el-anteproyecto-de-ley-de-modificaciones-estructurales-de-sociedades-mercantiles\\\/\"},\"wordCount\":458,\"publisher\":{\"@id\":\"https:\\\/\\\/fmsb.eu\\\/en\\\/#organization\"},\"image\":{\"@id\":\"https:\\\/\\\/fmsb.eu\\\/en\\\/2023\\\/02\\\/15\\\/el-gobierno-aprueba-el-anteproyecto-de-ley-de-modificaciones-estructurales-de-sociedades-mercantiles\\\/#primaryimage\"},\"thumbnailUrl\":\"https:\\\/\\\/fmsb.eu\\\/wp-content\\\/uploads\\\/2023\\\/02\\\/FMSB-Abogados-y-Economistas-Sociedades-mercantiles.jpg\",\"keywords\":[\"abogados\",\"acreedores\",\"andratx\",\"baleares\",\"derecho de sociedades\",\"Derecho Mercantil\",\"economistas\",\"el arenal\",\"empresas\",\"escisi\u00f3n\",\"escisiones\",\"fmsb\",\"font mora sainz de baranda\",\"fusi\u00f3n\",\"fusiones\",\"ibiza\",\"law\",\"lawyers\",\"mallorca\",\"Manacor\",\"menorca\",\"modificaci\u00f3n estructural\",\"Palma\",\"recurrir\",\"sentencia\",\"sociedades mercantiles\",\"socios\",\"solicitors\",\"trabajadores\",\"transformaci\u00f3n\",\"transformaciones\"],\"articleSection\":[\"blog\",\"Derecho Concursal\",\"Derecho Mercantil\",\"Home\",\"sociedades\"],\"inLanguage\":\"en-US\"},{\"@type\":\"WebPage\",\"@id\":\"https:\\\/\\\/fmsb.eu\\\/en\\\/2023\\\/02\\\/15\\\/el-gobierno-aprueba-el-anteproyecto-de-ley-de-modificaciones-estructurales-de-sociedades-mercantiles\\\/\",\"url\":\"https:\\\/\\\/fmsb.eu\\\/en\\\/2023\\\/02\\\/15\\\/el-gobierno-aprueba-el-anteproyecto-de-ley-de-modificaciones-estructurales-de-sociedades-mercantiles\\\/\",\"name\":\"El Gobierno aprueba el Anteproyecto de Ley de modificaciones estructurales de sociedades mercantiles - FMSB Abogados y Economistas en Baleares\",\"isPartOf\":{\"@id\":\"https:\\\/\\\/fmsb.eu\\\/en\\\/#website\"},\"primaryImageOfPage\":{\"@id\":\"https:\\\/\\\/fmsb.eu\\\/en\\\/2023\\\/02\\\/15\\\/el-gobierno-aprueba-el-anteproyecto-de-ley-de-modificaciones-estructurales-de-sociedades-mercantiles\\\/#primaryimage\"},\"image\":{\"@id\":\"https:\\\/\\\/fmsb.eu\\\/en\\\/2023\\\/02\\\/15\\\/el-gobierno-aprueba-el-anteproyecto-de-ley-de-modificaciones-estructurales-de-sociedades-mercantiles\\\/#primaryimage\"},\"thumbnailUrl\":\"https:\\\/\\\/fmsb.eu\\\/wp-content\\\/uploads\\\/2023\\\/02\\\/FMSB-Abogados-y-Economistas-Sociedades-mercantiles.jpg\",\"datePublished\":\"2023-02-15T07:46:47+00:00\",\"breadcrumb\":{\"@id\":\"https:\\\/\\\/fmsb.eu\\\/en\\\/2023\\\/02\\\/15\\\/el-gobierno-aprueba-el-anteproyecto-de-ley-de-modificaciones-estructurales-de-sociedades-mercantiles\\\/#breadcrumb\"},\"inLanguage\":\"en-US\",\"potentialAction\":[{\"@type\":\"ReadAction\",\"target\":[\"https:\\\/\\\/fmsb.eu\\\/en\\\/2023\\\/02\\\/15\\\/el-gobierno-aprueba-el-anteproyecto-de-ley-de-modificaciones-estructurales-de-sociedades-mercantiles\\\/\"]}]},{\"@type\":\"ImageObject\",\"inLanguage\":\"en-US\",\"@id\":\"https:\\\/\\\/fmsb.eu\\\/en\\\/2023\\\/02\\\/15\\\/el-gobierno-aprueba-el-anteproyecto-de-ley-de-modificaciones-estructurales-de-sociedades-mercantiles\\\/#primaryimage\",\"url\":\"https:\\\/\\\/fmsb.eu\\\/wp-content\\\/uploads\\\/2023\\\/02\\\/FMSB-Abogados-y-Economistas-Sociedades-mercantiles.jpg\",\"contentUrl\":\"https:\\\/\\\/fmsb.eu\\\/wp-content\\\/uploads\\\/2023\\\/02\\\/FMSB-Abogados-y-Economistas-Sociedades-mercantiles.jpg\",\"width\":1600,\"height\":1200},{\"@type\":\"BreadcrumbList\",\"@id\":\"https:\\\/\\\/fmsb.eu\\\/en\\\/2023\\\/02\\\/15\\\/el-gobierno-aprueba-el-anteproyecto-de-ley-de-modificaciones-estructurales-de-sociedades-mercantiles\\\/#breadcrumb\",\"itemListElement\":[{\"@type\":\"ListItem\",\"position\":1,\"name\":\"Portada\",\"item\":\"https:\\\/\\\/fmsb.eu\\\/en\\\/\"},{\"@type\":\"ListItem\",\"position\":2,\"name\":\"El Gobierno aprueba el Anteproyecto de Ley de modificaciones estructurales de sociedades mercantiles\"}]},{\"@type\":\"WebSite\",\"@id\":\"https:\\\/\\\/fmsb.eu\\\/en\\\/#website\",\"url\":\"https:\\\/\\\/fmsb.eu\\\/en\\\/\",\"name\":\"FMSB Abogados y Economistas en Baleares\",\"description\":\"\",\"publisher\":{\"@id\":\"https:\\\/\\\/fmsb.eu\\\/en\\\/#organization\"},\"potentialAction\":[{\"@type\":\"SearchAction\",\"target\":{\"@type\":\"EntryPoint\",\"urlTemplate\":\"https:\\\/\\\/fmsb.eu\\\/en\\\/?s={search_term_string}\"},\"query-input\":{\"@type\":\"PropertyValueSpecification\",\"valueRequired\":true,\"valueName\":\"search_term_string\"}}],\"inLanguage\":\"en-US\"},{\"@type\":\"Organization\",\"@id\":\"https:\\\/\\\/fmsb.eu\\\/en\\\/#organization\",\"name\":\"FMSB Abogados y Economistas en Baleares\",\"url\":\"https:\\\/\\\/fmsb.eu\\\/en\\\/\",\"logo\":{\"@type\":\"ImageObject\",\"inLanguage\":\"en-US\",\"@id\":\"https:\\\/\\\/fmsb.eu\\\/en\\\/#\\\/schema\\\/logo\\\/image\\\/\",\"url\":\"https:\\\/\\\/fmsb.eu\\\/wp-content\\\/uploads\\\/2025\\\/02\\\/logo.svg\",\"contentUrl\":\"https:\\\/\\\/fmsb.eu\\\/wp-content\\\/uploads\\\/2025\\\/02\\\/logo.svg\",\"width\":154,\"height\":52,\"caption\":\"FMSB Abogados y Economistas en Baleares\"},\"image\":{\"@id\":\"https:\\\/\\\/fmsb.eu\\\/en\\\/#\\\/schema\\\/logo\\\/image\\\/\"}},{\"@type\":\"Person\",\"@id\":\"https:\\\/\\\/fmsb.eu\\\/en\\\/#\\\/schema\\\/person\\\/9fba7c70814b0cd34d35d655d36a4ca2\",\"name\":\"fmsb\",\"image\":{\"@type\":\"ImageObject\",\"inLanguage\":\"en-US\",\"@id\":\"https:\\\/\\\/secure.gravatar.com\\\/avatar\\\/426f4d5b0ebcace85460caf87cdaaa193694b611e990615d87a13f322fb7ee7f?s=96&d=mm&r=g\",\"url\":\"https:\\\/\\\/secure.gravatar.com\\\/avatar\\\/426f4d5b0ebcace85460caf87cdaaa193694b611e990615d87a13f322fb7ee7f?s=96&d=mm&r=g\",\"contentUrl\":\"https:\\\/\\\/secure.gravatar.com\\\/avatar\\\/426f4d5b0ebcace85460caf87cdaaa193694b611e990615d87a13f322fb7ee7f?s=96&d=mm&r=g\",\"caption\":\"fmsb\"},\"sameAs\":[\"https:\\\/\\\/x.com\\\/fmsb-disstint\"],\"url\":\"https:\\\/\\\/fmsb.eu\\\/en\\\/author\\\/fmsb\\\/\"}]}<\/script>\n<!-- \/ Yoast SEO plugin. -->","yoast_head_json":{"title":"El Gobierno aprueba el Anteproyecto de Ley de modificaciones estructurales de sociedades mercantiles - FMSB Abogados y Economistas en Baleares","robots":{"index":"index","follow":"follow","max-snippet":"max-snippet:-1","max-image-preview":"max-image-preview:large","max-video-preview":"max-video-preview:-1"},"canonical":"https:\/\/fmsb.eu\/en\/2023\/02\/15\/el-gobierno-aprueba-el-anteproyecto-de-ley-de-modificaciones-estructurales-de-sociedades-mercantiles\/","og_locale":"en_US","og_type":"article","og_title":"El Gobierno aprueba el Anteproyecto de Ley de modificaciones estructurales de sociedades mercantiles - FMSB Abogados y Economistas en Baleares","og_description":"\u00a0&#8211; El Gobierno aprueba el Anteproyecto de Ley de modificaciones estructurales de sociedades mercantiles &#8211; Entre los objetivos de la norma est\u00e1 establecer un marco jur\u00eddico armonizado con los socios de la UE para mejorar la transparencia, la seguridad jur\u00eddica y la agilidad de las operaciones de modificaci\u00f3n estructural de las empresas. Tambi\u00e9n consolida los [&hellip;]","og_url":"https:\/\/fmsb.eu\/en\/2023\/02\/15\/el-gobierno-aprueba-el-anteproyecto-de-ley-de-modificaciones-estructurales-de-sociedades-mercantiles\/","og_site_name":"FMSB Abogados y Economistas en Baleares","article_published_time":"2023-02-15T07:46:47+00:00","og_image":[{"width":1600,"height":1200,"url":"https:\/\/fmsb.eu\/wp-content\/uploads\/2023\/02\/FMSB-Abogados-y-Economistas-Sociedades-mercantiles.jpg","type":"image\/jpeg"}],"author":"fmsb","twitter_card":"summary_large_image","twitter_creator":"@fmsb-disstint","twitter_misc":{"Written by":"fmsb","Est. reading time":"3 minutes"},"schema":{"@context":"https:\/\/schema.org","@graph":[{"@type":"Article","@id":"https:\/\/fmsb.eu\/en\/2023\/02\/15\/el-gobierno-aprueba-el-anteproyecto-de-ley-de-modificaciones-estructurales-de-sociedades-mercantiles\/#article","isPartOf":{"@id":"https:\/\/fmsb.eu\/en\/2023\/02\/15\/el-gobierno-aprueba-el-anteproyecto-de-ley-de-modificaciones-estructurales-de-sociedades-mercantiles\/"},"author":{"name":"fmsb","@id":"https:\/\/fmsb.eu\/en\/#\/schema\/person\/9fba7c70814b0cd34d35d655d36a4ca2"},"headline":"El Gobierno aprueba el Anteproyecto de Ley de modificaciones estructurales de sociedades mercantiles","datePublished":"2023-02-15T07:46:47+00:00","mainEntityOfPage":{"@id":"https:\/\/fmsb.eu\/en\/2023\/02\/15\/el-gobierno-aprueba-el-anteproyecto-de-ley-de-modificaciones-estructurales-de-sociedades-mercantiles\/"},"wordCount":458,"publisher":{"@id":"https:\/\/fmsb.eu\/en\/#organization"},"image":{"@id":"https:\/\/fmsb.eu\/en\/2023\/02\/15\/el-gobierno-aprueba-el-anteproyecto-de-ley-de-modificaciones-estructurales-de-sociedades-mercantiles\/#primaryimage"},"thumbnailUrl":"https:\/\/fmsb.eu\/wp-content\/uploads\/2023\/02\/FMSB-Abogados-y-Economistas-Sociedades-mercantiles.jpg","keywords":["abogados","acreedores","andratx","baleares","derecho de sociedades","Derecho Mercantil","economistas","el arenal","empresas","escisi\u00f3n","escisiones","fmsb","font mora sainz de baranda","fusi\u00f3n","fusiones","ibiza","law","lawyers","mallorca","Manacor","menorca","modificaci\u00f3n estructural","Palma","recurrir","sentencia","sociedades mercantiles","socios","solicitors","trabajadores","transformaci\u00f3n","transformaciones"],"articleSection":["blog","Derecho Concursal","Derecho Mercantil","Home","sociedades"],"inLanguage":"en-US"},{"@type":"WebPage","@id":"https:\/\/fmsb.eu\/en\/2023\/02\/15\/el-gobierno-aprueba-el-anteproyecto-de-ley-de-modificaciones-estructurales-de-sociedades-mercantiles\/","url":"https:\/\/fmsb.eu\/en\/2023\/02\/15\/el-gobierno-aprueba-el-anteproyecto-de-ley-de-modificaciones-estructurales-de-sociedades-mercantiles\/","name":"El Gobierno aprueba el Anteproyecto de Ley de modificaciones estructurales de sociedades mercantiles - FMSB Abogados y Economistas en Baleares","isPartOf":{"@id":"https:\/\/fmsb.eu\/en\/#website"},"primaryImageOfPage":{"@id":"https:\/\/fmsb.eu\/en\/2023\/02\/15\/el-gobierno-aprueba-el-anteproyecto-de-ley-de-modificaciones-estructurales-de-sociedades-mercantiles\/#primaryimage"},"image":{"@id":"https:\/\/fmsb.eu\/en\/2023\/02\/15\/el-gobierno-aprueba-el-anteproyecto-de-ley-de-modificaciones-estructurales-de-sociedades-mercantiles\/#primaryimage"},"thumbnailUrl":"https:\/\/fmsb.eu\/wp-content\/uploads\/2023\/02\/FMSB-Abogados-y-Economistas-Sociedades-mercantiles.jpg","datePublished":"2023-02-15T07:46:47+00:00","breadcrumb":{"@id":"https:\/\/fmsb.eu\/en\/2023\/02\/15\/el-gobierno-aprueba-el-anteproyecto-de-ley-de-modificaciones-estructurales-de-sociedades-mercantiles\/#breadcrumb"},"inLanguage":"en-US","potentialAction":[{"@type":"ReadAction","target":["https:\/\/fmsb.eu\/en\/2023\/02\/15\/el-gobierno-aprueba-el-anteproyecto-de-ley-de-modificaciones-estructurales-de-sociedades-mercantiles\/"]}]},{"@type":"ImageObject","inLanguage":"en-US","@id":"https:\/\/fmsb.eu\/en\/2023\/02\/15\/el-gobierno-aprueba-el-anteproyecto-de-ley-de-modificaciones-estructurales-de-sociedades-mercantiles\/#primaryimage","url":"https:\/\/fmsb.eu\/wp-content\/uploads\/2023\/02\/FMSB-Abogados-y-Economistas-Sociedades-mercantiles.jpg","contentUrl":"https:\/\/fmsb.eu\/wp-content\/uploads\/2023\/02\/FMSB-Abogados-y-Economistas-Sociedades-mercantiles.jpg","width":1600,"height":1200},{"@type":"BreadcrumbList","@id":"https:\/\/fmsb.eu\/en\/2023\/02\/15\/el-gobierno-aprueba-el-anteproyecto-de-ley-de-modificaciones-estructurales-de-sociedades-mercantiles\/#breadcrumb","itemListElement":[{"@type":"ListItem","position":1,"name":"Portada","item":"https:\/\/fmsb.eu\/en\/"},{"@type":"ListItem","position":2,"name":"El Gobierno aprueba el Anteproyecto de Ley de modificaciones estructurales de sociedades mercantiles"}]},{"@type":"WebSite","@id":"https:\/\/fmsb.eu\/en\/#website","url":"https:\/\/fmsb.eu\/en\/","name":"FMSB Abogados y Economistas en Baleares","description":"","publisher":{"@id":"https:\/\/fmsb.eu\/en\/#organization"},"potentialAction":[{"@type":"SearchAction","target":{"@type":"EntryPoint","urlTemplate":"https:\/\/fmsb.eu\/en\/?s={search_term_string}"},"query-input":{"@type":"PropertyValueSpecification","valueRequired":true,"valueName":"search_term_string"}}],"inLanguage":"en-US"},{"@type":"Organization","@id":"https:\/\/fmsb.eu\/en\/#organization","name":"FMSB Abogados y Economistas en Baleares","url":"https:\/\/fmsb.eu\/en\/","logo":{"@type":"ImageObject","inLanguage":"en-US","@id":"https:\/\/fmsb.eu\/en\/#\/schema\/logo\/image\/","url":"https:\/\/fmsb.eu\/wp-content\/uploads\/2025\/02\/logo.svg","contentUrl":"https:\/\/fmsb.eu\/wp-content\/uploads\/2025\/02\/logo.svg","width":154,"height":52,"caption":"FMSB Abogados y Economistas en Baleares"},"image":{"@id":"https:\/\/fmsb.eu\/en\/#\/schema\/logo\/image\/"}},{"@type":"Person","@id":"https:\/\/fmsb.eu\/en\/#\/schema\/person\/9fba7c70814b0cd34d35d655d36a4ca2","name":"fmsb","image":{"@type":"ImageObject","inLanguage":"en-US","@id":"https:\/\/secure.gravatar.com\/avatar\/426f4d5b0ebcace85460caf87cdaaa193694b611e990615d87a13f322fb7ee7f?s=96&d=mm&r=g","url":"https:\/\/secure.gravatar.com\/avatar\/426f4d5b0ebcace85460caf87cdaaa193694b611e990615d87a13f322fb7ee7f?s=96&d=mm&r=g","contentUrl":"https:\/\/secure.gravatar.com\/avatar\/426f4d5b0ebcace85460caf87cdaaa193694b611e990615d87a13f322fb7ee7f?s=96&d=mm&r=g","caption":"fmsb"},"sameAs":["https:\/\/x.com\/fmsb-disstint"],"url":"https:\/\/fmsb.eu\/en\/author\/fmsb\/"}]}},"_links":{"self":[{"href":"https:\/\/fmsb.eu\/en\/wp-json\/wp\/v2\/posts\/11238","targetHints":{"allow":["GET"]}}],"collection":[{"href":"https:\/\/fmsb.eu\/en\/wp-json\/wp\/v2\/posts"}],"about":[{"href":"https:\/\/fmsb.eu\/en\/wp-json\/wp\/v2\/types\/post"}],"author":[{"embeddable":true,"href":"https:\/\/fmsb.eu\/en\/wp-json\/wp\/v2\/users\/2"}],"replies":[{"embeddable":true,"href":"https:\/\/fmsb.eu\/en\/wp-json\/wp\/v2\/comments?post=11238"}],"version-history":[{"count":0,"href":"https:\/\/fmsb.eu\/en\/wp-json\/wp\/v2\/posts\/11238\/revisions"}],"wp:featuredmedia":[{"embeddable":true,"href":"https:\/\/fmsb.eu\/en\/wp-json\/wp\/v2\/media\/9956"}],"wp:attachment":[{"href":"https:\/\/fmsb.eu\/en\/wp-json\/wp\/v2\/media?parent=11238"}],"wp:term":[{"taxonomy":"category","embeddable":true,"href":"https:\/\/fmsb.eu\/en\/wp-json\/wp\/v2\/categories?post=11238"},{"taxonomy":"post_tag","embeddable":true,"href":"https:\/\/fmsb.eu\/en\/wp-json\/wp\/v2\/tags?post=11238"}],"curies":[{"name":"wp","href":"https:\/\/api.w.org\/{rel}","templated":true}]}}