{"id":11240,"date":"2023-02-13T17:07:37","date_gmt":"2023-02-13T16:07:37","guid":{"rendered":"http:\/\/fmsb.disstintbeta.com\/2023\/02\/13\/disponibles-las-estadisticas-registrales-del-ultimo-trimestre-del-ano-pasado-sobre-concursos-de-acreedores-y-la-nota-de-prensa-del-colegio-de-registradores\/"},"modified":"2023-02-13T17:07:37","modified_gmt":"2023-02-13T16:07:37","slug":"disponibles-las-estadisticas-registrales-del-ultimo-trimestre-del-ano-pasado-sobre-concursos-de-acreedores-y-la-nota-de-prensa-del-colegio-de-registradores","status":"publish","type":"post","link":"https:\/\/fmsb.eu\/en\/2023\/02\/13\/disponibles-las-estadisticas-registrales-del-ultimo-trimestre-del-ano-pasado-sobre-concursos-de-acreedores-y-la-nota-de-prensa-del-colegio-de-registradores\/","title":{"rendered":"Disponibles las estad\u00edsticas registrales del \u00faltimo trimestre del a\u00f1o pasado sobre concursos de acreedores y la nota de prensa del Colegio de Registradores"},"content":{"rendered":"<h1><a href=\"http:\/\/fmsb.disstintbeta.com\/wp-content\/uploads\/2023\/02\/FMSB-Abogados-y-Economistas-Registradores-estadisticas-concursales.jpg\"><img fetchpriority=\"high\" decoding=\"async\" class=\"alignnone wp-image-6631\" src=\"http:\/\/fmsb.disstintbeta.com\/wp-content\/uploads\/2023\/02\/FMSB-Abogados-y-Economistas-Registradores-estadisticas-concursales.jpg\" alt=\"\" width=\"800\" height=\"600\" srcset=\"https:\/\/font-mora-sainz-baranda.fra1.digitaloceanspaces.com\/wp-content\/uploads\/2023\/02\/FMSB-Abogados-y-Economistas-Registradores-estadisticas-concursales.jpg 1600w, https:\/\/font-mora-sainz-baranda.fra1.digitaloceanspaces.com\/wp-content\/uploads\/2023\/02\/FMSB-Abogados-y-Economistas-Registradores-estadisticas-concursales-300x225.jpg 300w, https:\/\/font-mora-sainz-baranda.fra1.digitaloceanspaces.com\/wp-content\/uploads\/2023\/02\/FMSB-Abogados-y-Economistas-Registradores-estadisticas-concursales-1024x768.jpg 1024w, https:\/\/font-mora-sainz-baranda.fra1.digitaloceanspaces.com\/wp-content\/uploads\/2023\/02\/FMSB-Abogados-y-Economistas-Registradores-estadisticas-concursales-768x576.jpg 768w, https:\/\/font-mora-sainz-baranda.fra1.digitaloceanspaces.com\/wp-content\/uploads\/2023\/02\/FMSB-Abogados-y-Economistas-Registradores-estadisticas-concursales-1536x1152.jpg 1536w\" sizes=\"(max-width: 800px) 100vw, 800px\" \/><\/a><\/h1>\n<h1><span style=\"color: #ffffff;\">&#8211;<\/span><\/h1>\n<h1><span style=\"color: #ff0000;\"><strong>Disponibles las estad\u00edsticas concursales del \u00faltimo trimestre de 2022 y la nota de prensa del Colegio de Registradores<\/strong><\/span><\/h1>\n<h1><span style=\"color: #ffffff;\">&#8211;<\/span><\/h1>\n<p>El <strong>Colegio de Registradores<\/strong> ha puesto a disposici\u00f3n en su portal estad\u00edstico el informe que recoge los datos del \u00faltimo trimestre del pasado a\u00f1o con los guarismos sobre concursos de acreedores adem\u00e1s de los de las operaciones mercantiles m\u00e1s relevantes. A continuaci\u00f3n puedes ver la <a href=\"http:\/\/fmsb.disstintbeta.com\/wp-content\/uploads\/2023\/02\/NP-EPC-4T-2022.pdf\"><strong>nota de prensa<\/strong><\/a> (haz clic para descargar en formato pdf) emitida al respecto, as\u00ed como el <a href=\"http:\/\/fmsb.disstintbeta.com\/wp-content\/uploads\/2023\/02\/2022_4T_EPC.xlsx\"><strong>fichero de datos<\/strong><\/a> (en formato excel):<\/p>\n<h1><span style=\"color: #ffffff;\">&#8211;<\/span><\/h1>\n<p><a href=\"http:\/\/fmsb.disstintbeta.com\/wp-content\/uploads\/2023\/02\/NP-EPC-4T-2022_Pagina_1.jpg\"><img decoding=\"async\" class=\"alignnone wp-image-6606\" src=\"http:\/\/fmsb.disstintbeta.com\/wp-content\/uploads\/2023\/02\/NP-EPC-4T-2022_Pagina_1.jpg\" alt=\"\" width=\"1000\" height=\"1412\" srcset=\"https:\/\/font-mora-sainz-baranda.fra1.digitaloceanspaces.com\/wp-content\/uploads\/2023\/02\/NP-EPC-4T-2022_Pagina_1.jpg 1656w, https:\/\/font-mora-sainz-baranda.fra1.digitaloceanspaces.com\/wp-content\/uploads\/2023\/02\/NP-EPC-4T-2022_Pagina_1-212x300.jpg 212w, https:\/\/font-mora-sainz-baranda.fra1.digitaloceanspaces.com\/wp-content\/uploads\/2023\/02\/NP-EPC-4T-2022_Pagina_1-725x1024.jpg 725w, https:\/\/font-mora-sainz-baranda.fra1.digitaloceanspaces.com\/wp-content\/uploads\/2023\/02\/NP-EPC-4T-2022_Pagina_1-768x1085.jpg 768w, https:\/\/font-mora-sainz-baranda.fra1.digitaloceanspaces.com\/wp-content\/uploads\/2023\/02\/NP-EPC-4T-2022_Pagina_1-1087x1536.jpg 1087w, https:\/\/font-mora-sainz-baranda.fra1.digitaloceanspaces.com\/wp-content\/uploads\/2023\/02\/NP-EPC-4T-2022_Pagina_1-1450x2048.jpg 1450w\" sizes=\"(max-width: 1000px) 100vw, 1000px\" \/><\/a> <a href=\"http:\/\/fmsb.disstintbeta.com\/wp-content\/uploads\/2023\/02\/NP-EPC-4T-2022_Pagina_2.jpg\"><img decoding=\"async\" class=\"alignnone wp-image-6609\" src=\"http:\/\/fmsb.disstintbeta.com\/wp-content\/uploads\/2023\/02\/NP-EPC-4T-2022_Pagina_2.jpg\" alt=\"\" width=\"1000\" height=\"1412\" srcset=\"https:\/\/font-mora-sainz-baranda.fra1.digitaloceanspaces.com\/wp-content\/uploads\/2023\/02\/NP-EPC-4T-2022_Pagina_2.jpg 1358w, https:\/\/font-mora-sainz-baranda.fra1.digitaloceanspaces.com\/wp-content\/uploads\/2023\/02\/NP-EPC-4T-2022_Pagina_2-212x300.jpg 212w, https:\/\/font-mora-sainz-baranda.fra1.digitaloceanspaces.com\/wp-content\/uploads\/2023\/02\/NP-EPC-4T-2022_Pagina_2-725x1024.jpg 725w, https:\/\/font-mora-sainz-baranda.fra1.digitaloceanspaces.com\/wp-content\/uploads\/2023\/02\/NP-EPC-4T-2022_Pagina_2-768x1085.jpg 768w, https:\/\/font-mora-sainz-baranda.fra1.digitaloceanspaces.com\/wp-content\/uploads\/2023\/02\/NP-EPC-4T-2022_Pagina_2-1088x1536.jpg 1088w\" sizes=\"(max-width: 1000px) 100vw, 1000px\" \/><\/a> <a href=\"http:\/\/fmsb.disstintbeta.com\/wp-content\/uploads\/2023\/02\/NP-EPC-4T-2022_Pagina_3.jpg\"><img loading=\"lazy\" decoding=\"async\" class=\"alignnone wp-image-6612\" src=\"http:\/\/fmsb.disstintbeta.com\/wp-content\/uploads\/2023\/02\/NP-EPC-4T-2022_Pagina_3.jpg\" alt=\"\" width=\"1000\" height=\"1412\" srcset=\"https:\/\/font-mora-sainz-baranda.fra1.digitaloceanspaces.com\/wp-content\/uploads\/2023\/02\/NP-EPC-4T-2022_Pagina_3.jpg 1358w, https:\/\/font-mora-sainz-baranda.fra1.digitaloceanspaces.com\/wp-content\/uploads\/2023\/02\/NP-EPC-4T-2022_Pagina_3-212x300.jpg 212w, https:\/\/font-mora-sainz-baranda.fra1.digitaloceanspaces.com\/wp-content\/uploads\/2023\/02\/NP-EPC-4T-2022_Pagina_3-725x1024.jpg 725w, https:\/\/font-mora-sainz-baranda.fra1.digitaloceanspaces.com\/wp-content\/uploads\/2023\/02\/NP-EPC-4T-2022_Pagina_3-768x1085.jpg 768w, https:\/\/font-mora-sainz-baranda.fra1.digitaloceanspaces.com\/wp-content\/uploads\/2023\/02\/NP-EPC-4T-2022_Pagina_3-1088x1536.jpg 1088w\" sizes=\"(max-width: 1000px) 100vw, 1000px\" \/><\/a> <a href=\"http:\/\/fmsb.disstintbeta.com\/wp-content\/uploads\/2023\/02\/NP-EPC-4T-2022_Pagina_4.jpg\"><img loading=\"lazy\" decoding=\"async\" class=\"alignnone wp-image-6615\" src=\"http:\/\/fmsb.disstintbeta.com\/wp-content\/uploads\/2023\/02\/NP-EPC-4T-2022_Pagina_4.jpg\" alt=\"\" width=\"1000\" height=\"1412\" srcset=\"https:\/\/font-mora-sainz-baranda.fra1.digitaloceanspaces.com\/wp-content\/uploads\/2023\/02\/NP-EPC-4T-2022_Pagina_4.jpg 1358w, https:\/\/font-mora-sainz-baranda.fra1.digitaloceanspaces.com\/wp-content\/uploads\/2023\/02\/NP-EPC-4T-2022_Pagina_4-212x300.jpg 212w, https:\/\/font-mora-sainz-baranda.fra1.digitaloceanspaces.com\/wp-content\/uploads\/2023\/02\/NP-EPC-4T-2022_Pagina_4-725x1024.jpg 725w, https:\/\/font-mora-sainz-baranda.fra1.digitaloceanspaces.com\/wp-content\/uploads\/2023\/02\/NP-EPC-4T-2022_Pagina_4-768x1085.jpg 768w, https:\/\/font-mora-sainz-baranda.fra1.digitaloceanspaces.com\/wp-content\/uploads\/2023\/02\/NP-EPC-4T-2022_Pagina_4-1088x1536.jpg 1088w\" sizes=\"(max-width: 1000px) 100vw, 1000px\" \/><\/a> <a href=\"http:\/\/fmsb.disstintbeta.com\/wp-content\/uploads\/2023\/02\/NP-EPC-4T-2022_Pagina_5.jpg\"><img loading=\"lazy\" decoding=\"async\" class=\"alignnone wp-image-6618\" src=\"http:\/\/fmsb.disstintbeta.com\/wp-content\/uploads\/2023\/02\/NP-EPC-4T-2022_Pagina_5.jpg\" alt=\"\" width=\"1000\" height=\"1412\" srcset=\"https:\/\/font-mora-sainz-baranda.fra1.digitaloceanspaces.com\/wp-content\/uploads\/2023\/02\/NP-EPC-4T-2022_Pagina_5.jpg 1358w, https:\/\/font-mora-sainz-baranda.fra1.digitaloceanspaces.com\/wp-content\/uploads\/2023\/02\/NP-EPC-4T-2022_Pagina_5-212x300.jpg 212w, https:\/\/font-mora-sainz-baranda.fra1.digitaloceanspaces.com\/wp-content\/uploads\/2023\/02\/NP-EPC-4T-2022_Pagina_5-725x1024.jpg 725w, https:\/\/font-mora-sainz-baranda.fra1.digitaloceanspaces.com\/wp-content\/uploads\/2023\/02\/NP-EPC-4T-2022_Pagina_5-768x1085.jpg 768w, https:\/\/font-mora-sainz-baranda.fra1.digitaloceanspaces.com\/wp-content\/uploads\/2023\/02\/NP-EPC-4T-2022_Pagina_5-1088x1536.jpg 1088w\" sizes=\"(max-width: 1000px) 100vw, 1000px\" \/><\/a> <a href=\"http:\/\/fmsb.disstintbeta.com\/wp-content\/uploads\/2023\/02\/NP-EPC-4T-2022_Pagina_6.jpg\"><img loading=\"lazy\" decoding=\"async\" class=\"alignnone wp-image-6621\" src=\"http:\/\/fmsb.disstintbeta.com\/wp-content\/uploads\/2023\/02\/NP-EPC-4T-2022_Pagina_6.jpg\" alt=\"\" width=\"1000\" height=\"1412\" srcset=\"https:\/\/font-mora-sainz-baranda.fra1.digitaloceanspaces.com\/wp-content\/uploads\/2023\/02\/NP-EPC-4T-2022_Pagina_6.jpg 1358w, https:\/\/font-mora-sainz-baranda.fra1.digitaloceanspaces.com\/wp-content\/uploads\/2023\/02\/NP-EPC-4T-2022_Pagina_6-212x300.jpg 212w, https:\/\/font-mora-sainz-baranda.fra1.digitaloceanspaces.com\/wp-content\/uploads\/2023\/02\/NP-EPC-4T-2022_Pagina_6-725x1024.jpg 725w, https:\/\/font-mora-sainz-baranda.fra1.digitaloceanspaces.com\/wp-content\/uploads\/2023\/02\/NP-EPC-4T-2022_Pagina_6-768x1085.jpg 768w, https:\/\/font-mora-sainz-baranda.fra1.digitaloceanspaces.com\/wp-content\/uploads\/2023\/02\/NP-EPC-4T-2022_Pagina_6-1088x1536.jpg 1088w\" sizes=\"(max-width: 1000px) 100vw, 1000px\" \/><\/a><\/p>\n<p>&nbsp;<\/p>\n<p>&nbsp;<\/p>\n<p>&nbsp;<\/p>\n<hr \/>\n<p><span style=\"color: #999999;\">#fmsb #fontmorasainzdebaranda #abogados #economistas #derecho #mercantil #concursal #aumento #capital #ampliaci\u00f3n #constituci\u00f3n #sociedades #registradores #datos #concurso #acreedores #baleares #palma #elarenal #manacor #portdandratx #mallorca #menorca #ibiza #law #lawyers #solicitors<\/span><\/p>\n","protected":false},"excerpt":{"rendered":"<p>&#8211; Disponibles las estad\u00edsticas concursales del \u00faltimo trimestre de 2022 y la nota de prensa del Colegio de Registradores &#8211; El Colegio de Registradores ha puesto a disposici\u00f3n en su portal estad\u00edstico el informe que recoge los datos del \u00faltimo trimestre del pasado a\u00f1o con los guarismos sobre concursos de acreedores adem\u00e1s de los de [&hellip;]<\/p>\n","protected":false},"author":2,"featured_media":9936,"comment_status":"closed","ping_status":"open","sticky":false,"template":"","format":"standard","meta":{"footnotes":""},"categories":[2149,3194,2946,2152,2948],"tags":[2156,3744,3745,2158,3746,2850,2953,3747,3748,3470,3749,3750,2166,2957,3751,2426,2168,2169,2964,3752,2173,2174,3753,3754,2178,2179,3755,2182,3756,2973,2286,2975,3757,2190,3758,3759,2193],"class_list":["post-11240","post","type-post","status-publish","format-standard","has-post-thumbnail","hentry","category-blog-en-2","category-derecho-concursal-en","category-derecho-mercantil-en","category-home-en-2","category-sociedades-en","tag-abogados-en","tag-ampliacion-de-capital-en","tag-aumento-de-capital-en","tag-baleares-en","tag-colegio-de-registradores-en","tag-concursal-en","tag-concurso-de-acreedores-en","tag-concurso-necesario-en","tag-constitucion-de-sociedades-en","tag-covid-19-en","tag-datos-en","tag-datos-por-comunidades-en","tag-derecho-en","tag-derecho-concursal-en","tag-derecho-de-sociedades-en","tag-derecho-mercantil-en","tag-economistas-en","tag-el-arenal-en","tag-empresas-en","tag-europapress-en","tag-fmsb-en","tag-font-mora-sainz-de-baranda-en","tag-informe-en","tag-inscripciones-registrales-en","tag-law-en-2","tag-lawyers-en-2","tag-local-en","tag-manacor-en","tag-medidas-en","tag-mercantil-en","tag-palma-en","tag-pandemia-en","tag-propiedad-en","tag-puerto-de-andratx-en","tag-registradores-org-en","tag-sociedades-en","tag-solicitors-en"],"yoast_head":"<!-- This site is optimized with the Yoast SEO plugin v27.3 - https:\/\/yoast.com\/product\/yoast-seo-wordpress\/ -->\n<title>Disponibles las estad\u00edsticas registrales del \u00faltimo trimestre del a\u00f1o pasado sobre concursos de acreedores y la nota de prensa del Colegio de Registradores - FMSB Abogados y Economistas en Baleares<\/title>\n<meta name=\"robots\" content=\"index, follow, max-snippet:-1, max-image-preview:large, max-video-preview:-1\" \/>\n<link rel=\"canonical\" href=\"https:\/\/fmsb.eu\/en\/2023\/02\/13\/disponibles-las-estadisticas-registrales-del-ultimo-trimestre-del-ano-pasado-sobre-concursos-de-acreedores-y-la-nota-de-prensa-del-colegio-de-registradores\/\" \/>\n<meta property=\"og:locale\" content=\"en_US\" \/>\n<meta property=\"og:type\" content=\"article\" \/>\n<meta property=\"og:title\" content=\"Disponibles las estad\u00edsticas registrales del \u00faltimo trimestre del a\u00f1o pasado sobre concursos de acreedores y la nota de prensa del Colegio de Registradores - FMSB Abogados y Economistas en Baleares\" \/>\n<meta property=\"og:description\" content=\"&#8211; Disponibles las estad\u00edsticas concursales del \u00faltimo trimestre de 2022 y la nota de prensa del Colegio de Registradores &#8211; El Colegio de Registradores ha puesto a disposici\u00f3n en su portal estad\u00edstico el informe que recoge los datos del \u00faltimo trimestre del pasado a\u00f1o con los guarismos sobre concursos de acreedores adem\u00e1s de los de [&hellip;]\" \/>\n<meta property=\"og:url\" content=\"https:\/\/fmsb.eu\/en\/2023\/02\/13\/disponibles-las-estadisticas-registrales-del-ultimo-trimestre-del-ano-pasado-sobre-concursos-de-acreedores-y-la-nota-de-prensa-del-colegio-de-registradores\/\" \/>\n<meta property=\"og:site_name\" content=\"FMSB Abogados y Economistas en Baleares\" \/>\n<meta property=\"article:published_time\" content=\"2023-02-13T16:07:37+00:00\" \/>\n<meta property=\"og:image\" content=\"https:\/\/fmsb.eu\/wp-content\/uploads\/2023\/02\/NP-EPC-4T-2022_Pagina_1.jpg\" \/>\n\t<meta property=\"og:image:width\" content=\"1656\" \/>\n\t<meta property=\"og:image:height\" content=\"2339\" \/>\n\t<meta property=\"og:image:type\" content=\"image\/jpeg\" \/>\n<meta name=\"author\" content=\"fmsb\" \/>\n<meta name=\"twitter:card\" content=\"summary_large_image\" \/>\n<meta name=\"twitter:creator\" content=\"@fmsb-disstint\" \/>\n<meta name=\"twitter:label1\" content=\"Written by\" \/>\n\t<meta name=\"twitter:data1\" content=\"fmsb\" \/>\n\t<meta name=\"twitter:label2\" content=\"Est. reading time\" \/>\n\t<meta name=\"twitter:data2\" content=\"2 minutes\" \/>\n<script type=\"application\/ld+json\" class=\"yoast-schema-graph\">{\"@context\":\"https:\\\/\\\/schema.org\",\"@graph\":[{\"@type\":\"Article\",\"@id\":\"https:\\\/\\\/fmsb.eu\\\/en\\\/2023\\\/02\\\/13\\\/disponibles-las-estadisticas-registrales-del-ultimo-trimestre-del-ano-pasado-sobre-concursos-de-acreedores-y-la-nota-de-prensa-del-colegio-de-registradores\\\/#article\",\"isPartOf\":{\"@id\":\"https:\\\/\\\/fmsb.eu\\\/en\\\/2023\\\/02\\\/13\\\/disponibles-las-estadisticas-registrales-del-ultimo-trimestre-del-ano-pasado-sobre-concursos-de-acreedores-y-la-nota-de-prensa-del-colegio-de-registradores\\\/\"},\"author\":{\"name\":\"fmsb\",\"@id\":\"https:\\\/\\\/fmsb.eu\\\/en\\\/#\\\/schema\\\/person\\\/9fba7c70814b0cd34d35d655d36a4ca2\"},\"headline\":\"Disponibles las estad\u00edsticas registrales del \u00faltimo trimestre del a\u00f1o pasado sobre concursos de acreedores y la nota de prensa del Colegio de Registradores\",\"datePublished\":\"2023-02-13T16:07:37+00:00\",\"mainEntityOfPage\":{\"@id\":\"https:\\\/\\\/fmsb.eu\\\/en\\\/2023\\\/02\\\/13\\\/disponibles-las-estadisticas-registrales-del-ultimo-trimestre-del-ano-pasado-sobre-concursos-de-acreedores-y-la-nota-de-prensa-del-colegio-de-registradores\\\/\"},\"wordCount\":151,\"publisher\":{\"@id\":\"https:\\\/\\\/fmsb.eu\\\/en\\\/#organization\"},\"image\":{\"@id\":\"https:\\\/\\\/fmsb.eu\\\/en\\\/2023\\\/02\\\/13\\\/disponibles-las-estadisticas-registrales-del-ultimo-trimestre-del-ano-pasado-sobre-concursos-de-acreedores-y-la-nota-de-prensa-del-colegio-de-registradores\\\/#primaryimage\"},\"thumbnailUrl\":\"https:\\\/\\\/fmsb.eu\\\/wp-content\\\/uploads\\\/2023\\\/02\\\/NP-EPC-4T-2022_Pagina_1.jpg\",\"keywords\":[\"abogados\",\"ampliaci\u00f3n de capital\",\"aumento de capital\",\"baleares\",\"colegio de registradores\",\"concursal\",\"concurso de acreedores\",\"concurso necesario\",\"constituci\u00f3n de sociedades\",\"covid 19\",\"datos\",\"datos por comunidades\",\"derecho\",\"Derecho Concursal\",\"derecho de sociedades\",\"Derecho Mercantil\",\"economistas\",\"el arenal\",\"empresas\",\"europapress\",\"fmsb\",\"font mora sainz de baranda\",\"informe\",\"inscripciones registrales\",\"law\",\"lawyers\",\"local\",\"Manacor\",\"medidas\",\"mercantil\",\"Palma\",\"pandemia\",\"propiedad\",\"puerto de andratx\",\"registradores.org\",\"sociedades\",\"solicitors\"],\"articleSection\":[\"blog\",\"Derecho Concursal\",\"Derecho Mercantil\",\"Home\",\"sociedades\"],\"inLanguage\":\"en-US\"},{\"@type\":\"WebPage\",\"@id\":\"https:\\\/\\\/fmsb.eu\\\/en\\\/2023\\\/02\\\/13\\\/disponibles-las-estadisticas-registrales-del-ultimo-trimestre-del-ano-pasado-sobre-concursos-de-acreedores-y-la-nota-de-prensa-del-colegio-de-registradores\\\/\",\"url\":\"https:\\\/\\\/fmsb.eu\\\/en\\\/2023\\\/02\\\/13\\\/disponibles-las-estadisticas-registrales-del-ultimo-trimestre-del-ano-pasado-sobre-concursos-de-acreedores-y-la-nota-de-prensa-del-colegio-de-registradores\\\/\",\"name\":\"Disponibles las estad\u00edsticas registrales del \u00faltimo trimestre del a\u00f1o pasado sobre concursos de acreedores y la nota de prensa del Colegio de Registradores - FMSB Abogados y Economistas en Baleares\",\"isPartOf\":{\"@id\":\"https:\\\/\\\/fmsb.eu\\\/en\\\/#website\"},\"primaryImageOfPage\":{\"@id\":\"https:\\\/\\\/fmsb.eu\\\/en\\\/2023\\\/02\\\/13\\\/disponibles-las-estadisticas-registrales-del-ultimo-trimestre-del-ano-pasado-sobre-concursos-de-acreedores-y-la-nota-de-prensa-del-colegio-de-registradores\\\/#primaryimage\"},\"image\":{\"@id\":\"https:\\\/\\\/fmsb.eu\\\/en\\\/2023\\\/02\\\/13\\\/disponibles-las-estadisticas-registrales-del-ultimo-trimestre-del-ano-pasado-sobre-concursos-de-acreedores-y-la-nota-de-prensa-del-colegio-de-registradores\\\/#primaryimage\"},\"thumbnailUrl\":\"https:\\\/\\\/fmsb.eu\\\/wp-content\\\/uploads\\\/2023\\\/02\\\/NP-EPC-4T-2022_Pagina_1.jpg\",\"datePublished\":\"2023-02-13T16:07:37+00:00\",\"breadcrumb\":{\"@id\":\"https:\\\/\\\/fmsb.eu\\\/en\\\/2023\\\/02\\\/13\\\/disponibles-las-estadisticas-registrales-del-ultimo-trimestre-del-ano-pasado-sobre-concursos-de-acreedores-y-la-nota-de-prensa-del-colegio-de-registradores\\\/#breadcrumb\"},\"inLanguage\":\"en-US\",\"potentialAction\":[{\"@type\":\"ReadAction\",\"target\":[\"https:\\\/\\\/fmsb.eu\\\/en\\\/2023\\\/02\\\/13\\\/disponibles-las-estadisticas-registrales-del-ultimo-trimestre-del-ano-pasado-sobre-concursos-de-acreedores-y-la-nota-de-prensa-del-colegio-de-registradores\\\/\"]}]},{\"@type\":\"ImageObject\",\"inLanguage\":\"en-US\",\"@id\":\"https:\\\/\\\/fmsb.eu\\\/en\\\/2023\\\/02\\\/13\\\/disponibles-las-estadisticas-registrales-del-ultimo-trimestre-del-ano-pasado-sobre-concursos-de-acreedores-y-la-nota-de-prensa-del-colegio-de-registradores\\\/#primaryimage\",\"url\":\"https:\\\/\\\/fmsb.eu\\\/wp-content\\\/uploads\\\/2023\\\/02\\\/NP-EPC-4T-2022_Pagina_1.jpg\",\"contentUrl\":\"https:\\\/\\\/fmsb.eu\\\/wp-content\\\/uploads\\\/2023\\\/02\\\/NP-EPC-4T-2022_Pagina_1.jpg\",\"width\":1656,\"height\":2339},{\"@type\":\"BreadcrumbList\",\"@id\":\"https:\\\/\\\/fmsb.eu\\\/en\\\/2023\\\/02\\\/13\\\/disponibles-las-estadisticas-registrales-del-ultimo-trimestre-del-ano-pasado-sobre-concursos-de-acreedores-y-la-nota-de-prensa-del-colegio-de-registradores\\\/#breadcrumb\",\"itemListElement\":[{\"@type\":\"ListItem\",\"position\":1,\"name\":\"Portada\",\"item\":\"https:\\\/\\\/fmsb.eu\\\/en\\\/\"},{\"@type\":\"ListItem\",\"position\":2,\"name\":\"Disponibles las estad\u00edsticas registrales del \u00faltimo trimestre del a\u00f1o pasado sobre concursos de acreedores y la nota de prensa del Colegio de Registradores\"}]},{\"@type\":\"WebSite\",\"@id\":\"https:\\\/\\\/fmsb.eu\\\/en\\\/#website\",\"url\":\"https:\\\/\\\/fmsb.eu\\\/en\\\/\",\"name\":\"FMSB Abogados y Economistas en Baleares\",\"description\":\"\",\"publisher\":{\"@id\":\"https:\\\/\\\/fmsb.eu\\\/en\\\/#organization\"},\"potentialAction\":[{\"@type\":\"SearchAction\",\"target\":{\"@type\":\"EntryPoint\",\"urlTemplate\":\"https:\\\/\\\/fmsb.eu\\\/en\\\/?s={search_term_string}\"},\"query-input\":{\"@type\":\"PropertyValueSpecification\",\"valueRequired\":true,\"valueName\":\"search_term_string\"}}],\"inLanguage\":\"en-US\"},{\"@type\":\"Organization\",\"@id\":\"https:\\\/\\\/fmsb.eu\\\/en\\\/#organization\",\"name\":\"FMSB Abogados y Economistas en Baleares\",\"url\":\"https:\\\/\\\/fmsb.eu\\\/en\\\/\",\"logo\":{\"@type\":\"ImageObject\",\"inLanguage\":\"en-US\",\"@id\":\"https:\\\/\\\/fmsb.eu\\\/en\\\/#\\\/schema\\\/logo\\\/image\\\/\",\"url\":\"https:\\\/\\\/fmsb.eu\\\/wp-content\\\/uploads\\\/2025\\\/02\\\/logo.svg\",\"contentUrl\":\"https:\\\/\\\/fmsb.eu\\\/wp-content\\\/uploads\\\/2025\\\/02\\\/logo.svg\",\"width\":154,\"height\":52,\"caption\":\"FMSB Abogados y Economistas en Baleares\"},\"image\":{\"@id\":\"https:\\\/\\\/fmsb.eu\\\/en\\\/#\\\/schema\\\/logo\\\/image\\\/\"}},{\"@type\":\"Person\",\"@id\":\"https:\\\/\\\/fmsb.eu\\\/en\\\/#\\\/schema\\\/person\\\/9fba7c70814b0cd34d35d655d36a4ca2\",\"name\":\"fmsb\",\"image\":{\"@type\":\"ImageObject\",\"inLanguage\":\"en-US\",\"@id\":\"https:\\\/\\\/secure.gravatar.com\\\/avatar\\\/426f4d5b0ebcace85460caf87cdaaa193694b611e990615d87a13f322fb7ee7f?s=96&d=mm&r=g\",\"url\":\"https:\\\/\\\/secure.gravatar.com\\\/avatar\\\/426f4d5b0ebcace85460caf87cdaaa193694b611e990615d87a13f322fb7ee7f?s=96&d=mm&r=g\",\"contentUrl\":\"https:\\\/\\\/secure.gravatar.com\\\/avatar\\\/426f4d5b0ebcace85460caf87cdaaa193694b611e990615d87a13f322fb7ee7f?s=96&d=mm&r=g\",\"caption\":\"fmsb\"},\"sameAs\":[\"https:\\\/\\\/x.com\\\/fmsb-disstint\"],\"url\":\"https:\\\/\\\/fmsb.eu\\\/en\\\/author\\\/fmsb\\\/\"}]}<\/script>\n<!-- \/ Yoast SEO plugin. -->","yoast_head_json":{"title":"Disponibles las estad\u00edsticas registrales del \u00faltimo trimestre del a\u00f1o pasado sobre concursos de acreedores y la nota de prensa del Colegio de Registradores - FMSB Abogados y Economistas en Baleares","robots":{"index":"index","follow":"follow","max-snippet":"max-snippet:-1","max-image-preview":"max-image-preview:large","max-video-preview":"max-video-preview:-1"},"canonical":"https:\/\/fmsb.eu\/en\/2023\/02\/13\/disponibles-las-estadisticas-registrales-del-ultimo-trimestre-del-ano-pasado-sobre-concursos-de-acreedores-y-la-nota-de-prensa-del-colegio-de-registradores\/","og_locale":"en_US","og_type":"article","og_title":"Disponibles las estad\u00edsticas registrales del \u00faltimo trimestre del a\u00f1o pasado sobre concursos de acreedores y la nota de prensa del Colegio de Registradores - FMSB Abogados y Economistas en Baleares","og_description":"&#8211; Disponibles las estad\u00edsticas concursales del \u00faltimo trimestre de 2022 y la nota de prensa del Colegio de Registradores &#8211; El Colegio de Registradores ha puesto a disposici\u00f3n en su portal estad\u00edstico el informe que recoge los datos del \u00faltimo trimestre del pasado a\u00f1o con los guarismos sobre concursos de acreedores adem\u00e1s de los de [&hellip;]","og_url":"https:\/\/fmsb.eu\/en\/2023\/02\/13\/disponibles-las-estadisticas-registrales-del-ultimo-trimestre-del-ano-pasado-sobre-concursos-de-acreedores-y-la-nota-de-prensa-del-colegio-de-registradores\/","og_site_name":"FMSB Abogados y Economistas en Baleares","article_published_time":"2023-02-13T16:07:37+00:00","og_image":[{"width":1656,"height":2339,"url":"https:\/\/fmsb.eu\/wp-content\/uploads\/2023\/02\/NP-EPC-4T-2022_Pagina_1.jpg","type":"image\/jpeg"}],"author":"fmsb","twitter_card":"summary_large_image","twitter_creator":"@fmsb-disstint","twitter_misc":{"Written by":"fmsb","Est. reading time":"2 minutes"},"schema":{"@context":"https:\/\/schema.org","@graph":[{"@type":"Article","@id":"https:\/\/fmsb.eu\/en\/2023\/02\/13\/disponibles-las-estadisticas-registrales-del-ultimo-trimestre-del-ano-pasado-sobre-concursos-de-acreedores-y-la-nota-de-prensa-del-colegio-de-registradores\/#article","isPartOf":{"@id":"https:\/\/fmsb.eu\/en\/2023\/02\/13\/disponibles-las-estadisticas-registrales-del-ultimo-trimestre-del-ano-pasado-sobre-concursos-de-acreedores-y-la-nota-de-prensa-del-colegio-de-registradores\/"},"author":{"name":"fmsb","@id":"https:\/\/fmsb.eu\/en\/#\/schema\/person\/9fba7c70814b0cd34d35d655d36a4ca2"},"headline":"Disponibles las estad\u00edsticas registrales del \u00faltimo trimestre del a\u00f1o pasado sobre concursos de acreedores y la nota de prensa del Colegio de Registradores","datePublished":"2023-02-13T16:07:37+00:00","mainEntityOfPage":{"@id":"https:\/\/fmsb.eu\/en\/2023\/02\/13\/disponibles-las-estadisticas-registrales-del-ultimo-trimestre-del-ano-pasado-sobre-concursos-de-acreedores-y-la-nota-de-prensa-del-colegio-de-registradores\/"},"wordCount":151,"publisher":{"@id":"https:\/\/fmsb.eu\/en\/#organization"},"image":{"@id":"https:\/\/fmsb.eu\/en\/2023\/02\/13\/disponibles-las-estadisticas-registrales-del-ultimo-trimestre-del-ano-pasado-sobre-concursos-de-acreedores-y-la-nota-de-prensa-del-colegio-de-registradores\/#primaryimage"},"thumbnailUrl":"https:\/\/fmsb.eu\/wp-content\/uploads\/2023\/02\/NP-EPC-4T-2022_Pagina_1.jpg","keywords":["abogados","ampliaci\u00f3n de capital","aumento de capital","baleares","colegio de registradores","concursal","concurso de acreedores","concurso necesario","constituci\u00f3n de sociedades","covid 19","datos","datos por comunidades","derecho","Derecho Concursal","derecho de sociedades","Derecho Mercantil","economistas","el arenal","empresas","europapress","fmsb","font mora sainz de baranda","informe","inscripciones registrales","law","lawyers","local","Manacor","medidas","mercantil","Palma","pandemia","propiedad","puerto de andratx","registradores.org","sociedades","solicitors"],"articleSection":["blog","Derecho Concursal","Derecho Mercantil","Home","sociedades"],"inLanguage":"en-US"},{"@type":"WebPage","@id":"https:\/\/fmsb.eu\/en\/2023\/02\/13\/disponibles-las-estadisticas-registrales-del-ultimo-trimestre-del-ano-pasado-sobre-concursos-de-acreedores-y-la-nota-de-prensa-del-colegio-de-registradores\/","url":"https:\/\/fmsb.eu\/en\/2023\/02\/13\/disponibles-las-estadisticas-registrales-del-ultimo-trimestre-del-ano-pasado-sobre-concursos-de-acreedores-y-la-nota-de-prensa-del-colegio-de-registradores\/","name":"Disponibles las estad\u00edsticas registrales del \u00faltimo trimestre del a\u00f1o pasado sobre concursos de acreedores y la nota de prensa del Colegio de Registradores - FMSB Abogados y Economistas en Baleares","isPartOf":{"@id":"https:\/\/fmsb.eu\/en\/#website"},"primaryImageOfPage":{"@id":"https:\/\/fmsb.eu\/en\/2023\/02\/13\/disponibles-las-estadisticas-registrales-del-ultimo-trimestre-del-ano-pasado-sobre-concursos-de-acreedores-y-la-nota-de-prensa-del-colegio-de-registradores\/#primaryimage"},"image":{"@id":"https:\/\/fmsb.eu\/en\/2023\/02\/13\/disponibles-las-estadisticas-registrales-del-ultimo-trimestre-del-ano-pasado-sobre-concursos-de-acreedores-y-la-nota-de-prensa-del-colegio-de-registradores\/#primaryimage"},"thumbnailUrl":"https:\/\/fmsb.eu\/wp-content\/uploads\/2023\/02\/NP-EPC-4T-2022_Pagina_1.jpg","datePublished":"2023-02-13T16:07:37+00:00","breadcrumb":{"@id":"https:\/\/fmsb.eu\/en\/2023\/02\/13\/disponibles-las-estadisticas-registrales-del-ultimo-trimestre-del-ano-pasado-sobre-concursos-de-acreedores-y-la-nota-de-prensa-del-colegio-de-registradores\/#breadcrumb"},"inLanguage":"en-US","potentialAction":[{"@type":"ReadAction","target":["https:\/\/fmsb.eu\/en\/2023\/02\/13\/disponibles-las-estadisticas-registrales-del-ultimo-trimestre-del-ano-pasado-sobre-concursos-de-acreedores-y-la-nota-de-prensa-del-colegio-de-registradores\/"]}]},{"@type":"ImageObject","inLanguage":"en-US","@id":"https:\/\/fmsb.eu\/en\/2023\/02\/13\/disponibles-las-estadisticas-registrales-del-ultimo-trimestre-del-ano-pasado-sobre-concursos-de-acreedores-y-la-nota-de-prensa-del-colegio-de-registradores\/#primaryimage","url":"https:\/\/fmsb.eu\/wp-content\/uploads\/2023\/02\/NP-EPC-4T-2022_Pagina_1.jpg","contentUrl":"https:\/\/fmsb.eu\/wp-content\/uploads\/2023\/02\/NP-EPC-4T-2022_Pagina_1.jpg","width":1656,"height":2339},{"@type":"BreadcrumbList","@id":"https:\/\/fmsb.eu\/en\/2023\/02\/13\/disponibles-las-estadisticas-registrales-del-ultimo-trimestre-del-ano-pasado-sobre-concursos-de-acreedores-y-la-nota-de-prensa-del-colegio-de-registradores\/#breadcrumb","itemListElement":[{"@type":"ListItem","position":1,"name":"Portada","item":"https:\/\/fmsb.eu\/en\/"},{"@type":"ListItem","position":2,"name":"Disponibles las estad\u00edsticas registrales del \u00faltimo trimestre del a\u00f1o pasado sobre concursos de acreedores y la nota de prensa del Colegio de Registradores"}]},{"@type":"WebSite","@id":"https:\/\/fmsb.eu\/en\/#website","url":"https:\/\/fmsb.eu\/en\/","name":"FMSB Abogados y Economistas en Baleares","description":"","publisher":{"@id":"https:\/\/fmsb.eu\/en\/#organization"},"potentialAction":[{"@type":"SearchAction","target":{"@type":"EntryPoint","urlTemplate":"https:\/\/fmsb.eu\/en\/?s={search_term_string}"},"query-input":{"@type":"PropertyValueSpecification","valueRequired":true,"valueName":"search_term_string"}}],"inLanguage":"en-US"},{"@type":"Organization","@id":"https:\/\/fmsb.eu\/en\/#organization","name":"FMSB Abogados y Economistas en Baleares","url":"https:\/\/fmsb.eu\/en\/","logo":{"@type":"ImageObject","inLanguage":"en-US","@id":"https:\/\/fmsb.eu\/en\/#\/schema\/logo\/image\/","url":"https:\/\/fmsb.eu\/wp-content\/uploads\/2025\/02\/logo.svg","contentUrl":"https:\/\/fmsb.eu\/wp-content\/uploads\/2025\/02\/logo.svg","width":154,"height":52,"caption":"FMSB Abogados y Economistas en Baleares"},"image":{"@id":"https:\/\/fmsb.eu\/en\/#\/schema\/logo\/image\/"}},{"@type":"Person","@id":"https:\/\/fmsb.eu\/en\/#\/schema\/person\/9fba7c70814b0cd34d35d655d36a4ca2","name":"fmsb","image":{"@type":"ImageObject","inLanguage":"en-US","@id":"https:\/\/secure.gravatar.com\/avatar\/426f4d5b0ebcace85460caf87cdaaa193694b611e990615d87a13f322fb7ee7f?s=96&d=mm&r=g","url":"https:\/\/secure.gravatar.com\/avatar\/426f4d5b0ebcace85460caf87cdaaa193694b611e990615d87a13f322fb7ee7f?s=96&d=mm&r=g","contentUrl":"https:\/\/secure.gravatar.com\/avatar\/426f4d5b0ebcace85460caf87cdaaa193694b611e990615d87a13f322fb7ee7f?s=96&d=mm&r=g","caption":"fmsb"},"sameAs":["https:\/\/x.com\/fmsb-disstint"],"url":"https:\/\/fmsb.eu\/en\/author\/fmsb\/"}]}},"_links":{"self":[{"href":"https:\/\/fmsb.eu\/en\/wp-json\/wp\/v2\/posts\/11240","targetHints":{"allow":["GET"]}}],"collection":[{"href":"https:\/\/fmsb.eu\/en\/wp-json\/wp\/v2\/posts"}],"about":[{"href":"https:\/\/fmsb.eu\/en\/wp-json\/wp\/v2\/types\/post"}],"author":[{"embeddable":true,"href":"https:\/\/fmsb.eu\/en\/wp-json\/wp\/v2\/users\/2"}],"replies":[{"embeddable":true,"href":"https:\/\/fmsb.eu\/en\/wp-json\/wp\/v2\/comments?post=11240"}],"version-history":[{"count":0,"href":"https:\/\/fmsb.eu\/en\/wp-json\/wp\/v2\/posts\/11240\/revisions"}],"wp:featuredmedia":[{"embeddable":true,"href":"https:\/\/fmsb.eu\/en\/wp-json\/wp\/v2\/media\/9936"}],"wp:attachment":[{"href":"https:\/\/fmsb.eu\/en\/wp-json\/wp\/v2\/media?parent=11240"}],"wp:term":[{"taxonomy":"category","embeddable":true,"href":"https:\/\/fmsb.eu\/en\/wp-json\/wp\/v2\/categories?post=11240"},{"taxonomy":"post_tag","embeddable":true,"href":"https:\/\/fmsb.eu\/en\/wp-json\/wp\/v2\/tags?post=11240"}],"curies":[{"name":"wp","href":"https:\/\/api.w.org\/{rel}","templated":true}]}}