{"id":11248,"date":"2023-02-04T18:17:41","date_gmt":"2023-02-04T17:17:41","guid":{"rendered":"http:\/\/fmsb.disstintbeta.com\/2023\/02\/04\/esperando-al-tres-del-supremo-articulo-de-opinion-de-jorge-sainz-de-baranda-en-mallorcadiario\/"},"modified":"2023-02-04T18:17:41","modified_gmt":"2023-02-04T17:17:41","slug":"esperando-al-tres-del-supremo-articulo-de-opinion-de-jorge-sainz-de-baranda-en-mallorcadiario","status":"publish","type":"post","link":"https:\/\/fmsb.eu\/en\/2023\/02\/04\/esperando-al-tres-del-supremo-articulo-de-opinion-de-jorge-sainz-de-baranda-en-mallorcadiario\/","title":{"rendered":"Esperando al Tres del Supremo&#8230;, art\u00edculo de opini\u00f3n de Jorge S\u00e1inz de Baranda en Mallorcadiario"},"content":{"rendered":"<p>&nbsp;<\/p>\n<div class=\"navegacion\">\n<h3 class=\"antesubtitulo antetit\"><a href=\"http:\/\/www.mallorcadiario.com\"><span style=\"color: #993300;\"><strong>mallorcadiario.com<\/strong><\/span><\/a>\u00a0 <a href=\"https:\/\/www.mallorcadiario.com\/esperando-al-tres-del-supremo\">Opini\u00f3n<\/a><\/h3>\n<\/div>\n<p><a href=\"http:\/\/fmsb.disstintbeta.com\/wp-content\/uploads\/2023\/02\/FMSB-Abogados-Jorge-Sainz-de-Baranda-Mallorcadiario-Esperando-al-Tres-del-Supremo.jpg\"><img fetchpriority=\"high\" decoding=\"async\" class=\"alignnone wp-image-6567\" src=\"http:\/\/fmsb.disstintbeta.com\/wp-content\/uploads\/2023\/02\/FMSB-Abogados-Jorge-Sainz-de-Baranda-Mallorcadiario-Esperando-al-Tres-del-Supremo.jpg\" alt=\"\" width=\"800\" height=\"600\" srcset=\"https:\/\/font-mora-sainz-baranda.fra1.digitaloceanspaces.com\/wp-content\/uploads\/2023\/02\/FMSB-Abogados-Jorge-Sainz-de-Baranda-Mallorcadiario-Esperando-al-Tres-del-Supremo.jpg 1600w, https:\/\/font-mora-sainz-baranda.fra1.digitaloceanspaces.com\/wp-content\/uploads\/2023\/02\/FMSB-Abogados-Jorge-Sainz-de-Baranda-Mallorcadiario-Esperando-al-Tres-del-Supremo-300x225.jpg 300w, https:\/\/font-mora-sainz-baranda.fra1.digitaloceanspaces.com\/wp-content\/uploads\/2023\/02\/FMSB-Abogados-Jorge-Sainz-de-Baranda-Mallorcadiario-Esperando-al-Tres-del-Supremo-1024x768.jpg 1024w, https:\/\/font-mora-sainz-baranda.fra1.digitaloceanspaces.com\/wp-content\/uploads\/2023\/02\/FMSB-Abogados-Jorge-Sainz-de-Baranda-Mallorcadiario-Esperando-al-Tres-del-Supremo-768x576.jpg 768w, https:\/\/font-mora-sainz-baranda.fra1.digitaloceanspaces.com\/wp-content\/uploads\/2023\/02\/FMSB-Abogados-Jorge-Sainz-de-Baranda-Mallorcadiario-Esperando-al-Tres-del-Supremo-1536x1152.jpg 1536w\" sizes=\"(max-width: 800px) 100vw, 800px\" \/><\/a><\/p>\n<div class=\"navegacion\">\n<h6 class=\"ulthora fecha_publicacion\"><span class=\"dia_mes_anno\">DOMINGO 5 DE FEBRERO DE 2023<br \/>\n<\/span><\/h6>\n<\/div>\n<h6 class=\"ulthora fecha_publicacion\"><span class=\"dia_mes_anno\" style=\"color: #ffffff;\">\u00a0<\/span><\/h6>\n<div title=\"noticia 557362\">\n<h1 class=\"titulo\"><a href=\"https:\/\/www.mallorcadiario.com\/esperando-al-tres-del-supremo\"><strong><em><span style=\"color: #ffcc00;\"><span style=\"color: #ba9604;\"><span style=\"color: #008080;\"><span style=\"color: #000000;\"><span style=\"color: #d4b757;\">Esperando al Tres del Supremo&#8230;<\/span><\/span><\/span><\/span><\/span><\/em><\/strong><\/a><\/h1>\n<\/div>\n<div id=\"firmante_767\" class=\"firmante\">\n<p>Por\u00a0<strong><span class=\"nombre_firmante\">Jorge S\u00e1inz de Baranda<\/span><\/strong><\/p>\n<h6><a href=\"https:\/\/www.mallorcadiario.com\/jorge-sainz-de-baranda\/autor\/767\/\"><strong><span style=\"color: #993300;\">M\u00c1S ART\u00cdCULOS DEL AUTOR<\/span><\/strong><\/a><\/h6>\n<p>&nbsp;<\/p>\n<p>Ya les he contado en muchas ocasiones que, despu\u00e9s de tantas cr\u00f3nicas tributarias impertinentes, me cuesta mucho encontrar nuevos temas semanales, de forma que soy feliz cuando alguien me env\u00eda cuestiones del proceloso mundo tributario sobre las que quiere que escriba. Para aquellos t\u00edmidos que no lo han hecho, aqu\u00ed les dejo mi direcci\u00f3n de correo electr\u00f3nico: <strong><u>jsainzdb@fmsb.eu<\/u><\/strong>, con la esperanza de que se animen a ello. Mi neurona y yo se lo agradeceremos \u00ab<em>hasta el infinito y m\u00e1s all\u00e1<\/em>\u00bb, que dec\u00eda <em>Buzz Lightyear<\/em>.<\/p>\n<p>La cuesti\u00f3n de hoy est\u00e1 de rabiosa actualidad como consecuencia de una recent\u00edsima Sentencia del Tribunal Supremo, de enero de este a\u00f1o, relativa a la tributaci\u00f3n de los intereses de demora que se abonan por la Administraci\u00f3n cuando los Tribunales dan la raz\u00f3n al sufrido contribuyente.<\/p>\n<p>Para poder cont\u00e1rselo, comienzo con una cita que me viene al pelo, \u00ab<em>no hay dos sin tres<\/em>\u00bb; una expresi\u00f3n muy popular que tiene su origen en la escuela pitag\u00f3rica, con la que expresaban que, cuando existen dos posturas, de su conjunci\u00f3n nace necesariamente un tercer punto. Si les soy sincero, siempre me ha gustado m\u00e1s el sentido que le daba Paulo Coelho en su magn\u00edfico libro <em>\u00abEl alquimista\u00bb<\/em>, en el que dec\u00eda que &#8220;<em>todo lo que sucede una vez puede que no suceda nunca m\u00e1s, pero todo lo que sucede dos veces, suceder\u00e1, ciertamente, una tercera<\/em>&#8220;.<\/p>\n<p>El problema es que, en nuestro caso, deberemos esperar para ver si el Tribunal es fan de la escuela pitag\u00f3rica o, por el contrario, se leer\u00e1 el Alquimista hasta el final.<\/p>\n<p>La cuesti\u00f3n que se suscita es la siguiente: recurrimos una liquidaci\u00f3n y obtenemos una resoluci\u00f3n a favor, habiendo pagado previamente la deuda para evitar suspensiones o apremios, \u00bflos intereses de demora que, conforme a la Ley, nos ha de abonar Hacienda cuando devuelve lo indebidamente ingresado forman parte de la base imponible en la pr\u00f3xima declaraci\u00f3n de la Renta? \u00bfhemos de tributar por ello?<\/p>\n<p>El Tribunal Supremo, en una Sentencia de diciembre de 2020, entendi\u00f3 claramente que los intereses abonados por la Administraci\u00f3n Tributaria al perder un recurso no estaban sujetos a IRPF -no es que estuvieran exentos, es que estaban no sujetos, que no es lo mismo-, al entender que cuando se devuelven al contribuyente unos intereses, compensando el tiempo el que el dinero no ha estado en su poder, no existe ganancia patrimonial sino que se produce un reequilibrio, anulando la perdida antes sufrida.<\/p>\n<p>Si los intereses de demora tienen una finalidad compensatoria, y as\u00ed se ha se\u00f1alado siempre por Hacienda al cobrarlos, de considerarlos sujetos a impuestos dicha finalidad quedar\u00eda frustrada.<\/p>\n<p>Pues bien, en esta Sentencia de enero de 2023, considera el Tribunal que debe cambiar el criterio sostenido hasta la fecha y afirma que los intereses que se reciben como consecuencia de una resoluci\u00f3n judicial tienen naturaleza indemnizatoria, no compensatoria, pues tienen por objeto resarcir al contribuyente por los da\u00f1os y perjuicios derivados de haber tenido que realizar un ingreso que los tribunales han declarado indebido y, en consecuencia, tienen la consideraci\u00f3n de ganancias patrimoniales en sede de quien los percibe -como lo ser\u00edan, por ejemplo, los que se perciben como consecuencia en el retraso del abono del justiprecio de una expropiaci\u00f3n-.<\/p>\n<p>Y, adem\u00e1s, completan la Sentencia se\u00f1alando que son ganancias patrimoniales que formar\u00e1n parte de la renta general, y no de la base del ahorro, reinterpretando el art\u00edculo 45 LIRPF de forma que tributan a escala y no a tipos fijos, lo que dispara su coste fiscal.<\/p>\n<p>A pesar de lo anterior, la Sentencia cuenta con el voto particular en contra de un Magistrado del Tribunal, bastante bien fundamentado.<\/p>\n<p>La primera consecuencia de la Sentencia es tan evidente como desagradable: los que hayan tributado hasta ahora por los intereses recibidos como si fueran rendimientos del capital mobiliario, habi\u00e9ndolos integrado en la base del ahorro a tipo fijo, o no hayan tributado, acaban de adquirir en la t\u00f3mbola una \u201c<em>espada de Damocles<\/em>\u201d para los \u00faltimos cuatro a\u00f1os no prescritos en los que les saldr\u00e1 una cuota a pagar&#8230; y por supuesto con intereses en sentido contrario.<\/p>\n<p>En segundo lugar, con independencia de la inseguridad jur\u00eddica que recorre mi cuerpo, aparecen algunas preguntas adicionales: si los intereses que te paga Hacienda son ganancias de patrimonio, los que pagas t\u00fa deben ser, <em>mutatis mutandi<\/em>s, p\u00e9rdidas patrimoniales en la base general, compensables con el saldo positivo de los rendimientos de ese a\u00f1o, y en los porcentajes fijados en la norma, \u00bfo no? Seguro que Hacienda, empe\u00f1ada en demostrar que no acierto ni una, negar\u00e1 esta premisa.<\/p>\n<p>La segunda, mucho m\u00e1s discutible, es la que se\u00f1ala la suspicaz Profesora del Toro sobre si esos intereses que te abonan, al tener que tributar en IRPF, deben, adem\u00e1s, llevar retenci\u00f3n -aunque aqu\u00ed la verdad es que yo entiendo que no, salvo que sea de <em>l\u00edquidos<\/em>-.<\/p>\n<p>Por tanto, si es verdad la frase de que no hay dos sin tres, deberemos esperar, en la Lista de Espera que dec\u00eda Sabina, una nueva Sentencia en la que se recupere la senda y la cordura del primer pronunciamiento&#8230; Hasta ese momento, no se olviden de pagar su IRPF cuando le ganen la partida a la Administraci\u00f3n.<\/p>\n<\/div>\n<p>&nbsp;<\/p>\n<hr \/>\n<p>Art\u00edculo original publicado en el diario digital\u00a0<a href=\"https:\/\/www.mallorcadiario.com\"><strong><span style=\"color: #993300;\">mallorcadiario.com<\/span><\/strong><\/a> .\u00a0\u00a0 L\u00e9elo directamente en <a href=\"https:\/\/www.mallorcadiario.com\"><strong>mallorcadiario.com<\/strong><\/a> a trav\u00e9s de este <a href=\"https:\/\/www.mallorcadiario.com\/esperando-al-tres-del-supremo\"><span style=\"color: #993366;\"><strong>enlace<\/strong><\/span><\/a><\/p>\n","protected":false},"excerpt":{"rendered":"<p>&nbsp; mallorcadiario.com\u00a0 Opini\u00f3n DOMINGO 5 DE FEBRERO DE 2023 \u00a0 Esperando al Tres del Supremo&#8230; Por\u00a0Jorge S\u00e1inz de Baranda M\u00c1S ART\u00cdCULOS DEL AUTOR &nbsp; Ya les he contado en muchas ocasiones que, despu\u00e9s de tantas cr\u00f3nicas tributarias impertinentes, me cuesta mucho encontrar nuevos temas semanales, de forma que soy feliz cuando alguien me env\u00eda cuestiones [&hellip;]<\/p>\n","protected":false},"author":2,"featured_media":9926,"comment_status":"closed","ping_status":"open","sticky":false,"template":"","format":"standard","meta":{"footnotes":""},"categories":[2148,2149,2250,2152,3144],"tags":[2156,2606,2607,2608,2253,2494,2255,2611,2158,2614,2615,2616,2257,3350,2617,2618,2619,2620,2621,2259,2260,2261,2262,2624,2625,2626,2627,2168,2169,2628,2629,2539,2173,2631,2632,4836,2633,2266,2268,2634,2175,2269,2635,2270,2636,2271,2637,4694,4837,2272,2638,2274,2178,2179,2275,4838,2181,2277,2182,2184,2639,2282,4839,2283,2284,2640,2285,2286,2641,2642,2643,2186,2644,2645,2290,2646,2291,2190,2647,2648,2295,2296,4840,2193,2300,2301,2302,2649,2652,2304,2656,2305,2306,4129],"class_list":["post-11248","post","type-post","status-publish","format-standard","has-post-thumbnail","hentry","category-actualidad-en","category-blog-en-2","category-derecho-fiscal-en","category-home-en-2","category-opinion-en","tag-abogados-en","tag-administracion-tributaria-en","tag-administraciones-tributarias-en","tag-aeat-en","tag-agencia-tributaria-en","tag-articulos-en","tag-asesores-en","tag-atib-en","tag-baleares-en","tag-campana-de-la-renta-en","tag-campana-irpf-en","tag-catastro-en","tag-comunidad-autonoma-en","tag-danos-y-perjuicios-en","tag-declaracion-de-inconstitucionalidad-en","tag-declaracion-de-nulidad-en","tag-deflacion-en","tag-deflactacion-en","tag-deflactar-en","tag-derecho-civil-propio-en","tag-derecho-de-la-union-europea-en","tag-derecho-fiscal-en","tag-derecho-tributario-en","tag-dgt-en","tag-direccion-general-de-tributos-en","tag-direccion-general-del-catastro-en","tag-doble-imposicion-en","tag-economistas-en","tag-el-arenal-en","tag-exencion-por-reinversion-en","tag-extranjeros-en-2","tag-fallecimiento-en","tag-fmsb-en","tag-fraude-fiscal-en","tag-galicia-en","tag-ganancias-patrimoniales-en","tag-gravamen-extraordinario-en","tag-hacienda-en","tag-herencias-en","tag-ibi-en","tag-ibiza-en-2","tag-illes-balears-en","tag-impuesto-de-solidaridad-a-las-grandes-fortunas-en","tag-impuesto-de-sucesiones-en","tag-impuesto-sobre-la-renta-en","tag-impuestos-en-2","tag-incremento-del-valor-de-los-terrenos-de-naturaleza-urbana-en","tag-intereses-en","tag-intereses-de-demora-en","tag-irpf-en","tag-jorge-lorenzo-en","tag-jorge-sainz-de-baranda-en","tag-law-en-2","tag-lawyers-en-2","tag-ley-antifraude-en","tag-lirpf-en","tag-mallorca-en-2","tag-mallorcadiario-en","tag-manacor-en","tag-menorca-en-2","tag-modelo-720-en","tag-mortis-causa-en","tag-naturaleza-indemnizatoria-en","tag-obligado-tributario-en","tag-opinion-en","tag-pactos-sucesorioes-en","tag-pactos-sucesorios-en","tag-palma-en","tag-patrimonio-en","tag-plan-anual-de-control-tributario-en","tag-plusvalia-en","tag-port-dandratx-en","tag-prespuestos-generales-del-estado-en","tag-presupuestos-2021-en","tag-prevencion-en","tag-proindiviso-en","tag-propuestas-en","tag-puerto-de-andratx-en","tag-recargo-en","tag-reforma-en","tag-residentes-fiscales-en","tag-resindencia-fiscal-en","tag-resolucion-judicial-en","tag-solicitors-en","tag-sucesion-en","tag-sucesion-en-vida-en","tag-sucesiones-y-donaciones-en","tag-tasa-amazon-en","tag-testador-en","tag-tributos-en","tag-ue-en","tag-valor-de-referencia-en","tag-valor-de-referencia-catastral-en","tag-voto-particular-en"],"yoast_head":"<!-- This site is optimized with the Yoast SEO plugin v27.3 - https:\/\/yoast.com\/product\/yoast-seo-wordpress\/ -->\n<title>Esperando al Tres del Supremo..., art\u00edculo de opini\u00f3n de Jorge S\u00e1inz de Baranda en Mallorcadiario - FMSB Abogados y Economistas en Baleares<\/title>\n<meta name=\"robots\" content=\"index, follow, max-snippet:-1, max-image-preview:large, max-video-preview:-1\" \/>\n<link rel=\"canonical\" href=\"https:\/\/fmsb.eu\/en\/2023\/02\/04\/esperando-al-tres-del-supremo-articulo-de-opinion-de-jorge-sainz-de-baranda-en-mallorcadiario\/\" \/>\n<meta property=\"og:locale\" content=\"en_US\" \/>\n<meta property=\"og:type\" content=\"article\" \/>\n<meta property=\"og:title\" content=\"Esperando al Tres del Supremo..., art\u00edculo de opini\u00f3n de Jorge S\u00e1inz de Baranda en Mallorcadiario - FMSB Abogados y Economistas en Baleares\" \/>\n<meta property=\"og:description\" content=\"&nbsp; mallorcadiario.com\u00a0 Opini\u00f3n DOMINGO 5 DE FEBRERO DE 2023 \u00a0 Esperando al Tres del Supremo&#8230; Por\u00a0Jorge S\u00e1inz de Baranda M\u00c1S ART\u00cdCULOS DEL AUTOR &nbsp; Ya les he contado en muchas ocasiones que, despu\u00e9s de tantas cr\u00f3nicas tributarias impertinentes, me cuesta mucho encontrar nuevos temas semanales, de forma que soy feliz cuando alguien me env\u00eda cuestiones [&hellip;]\" \/>\n<meta property=\"og:url\" content=\"https:\/\/fmsb.eu\/en\/2023\/02\/04\/esperando-al-tres-del-supremo-articulo-de-opinion-de-jorge-sainz-de-baranda-en-mallorcadiario\/\" \/>\n<meta property=\"og:site_name\" content=\"FMSB Abogados y Economistas en Baleares\" \/>\n<meta property=\"article:published_time\" content=\"2023-02-04T17:17:41+00:00\" \/>\n<meta property=\"og:image\" content=\"https:\/\/fmsb.eu\/wp-content\/uploads\/2023\/02\/FMSB-Abogados-Jorge-Sainz-de-Baranda-Mallorcadiario-Esperando-al-Tres-del-Supremo.jpg\" \/>\n\t<meta property=\"og:image:width\" content=\"1600\" \/>\n\t<meta property=\"og:image:height\" content=\"1200\" \/>\n\t<meta property=\"og:image:type\" content=\"image\/jpeg\" \/>\n<meta name=\"author\" content=\"fmsb\" \/>\n<meta name=\"twitter:card\" content=\"summary_large_image\" \/>\n<meta name=\"twitter:creator\" content=\"@fmsb-disstint\" \/>\n<meta name=\"twitter:label1\" content=\"Written by\" \/>\n\t<meta name=\"twitter:data1\" content=\"fmsb\" \/>\n\t<meta name=\"twitter:label2\" content=\"Est. reading time\" \/>\n\t<meta name=\"twitter:data2\" content=\"5 minutes\" \/>\n<script type=\"application\/ld+json\" class=\"yoast-schema-graph\">{\"@context\":\"https:\\\/\\\/schema.org\",\"@graph\":[{\"@type\":\"Article\",\"@id\":\"https:\\\/\\\/fmsb.eu\\\/en\\\/2023\\\/02\\\/04\\\/esperando-al-tres-del-supremo-articulo-de-opinion-de-jorge-sainz-de-baranda-en-mallorcadiario\\\/#article\",\"isPartOf\":{\"@id\":\"https:\\\/\\\/fmsb.eu\\\/en\\\/2023\\\/02\\\/04\\\/esperando-al-tres-del-supremo-articulo-de-opinion-de-jorge-sainz-de-baranda-en-mallorcadiario\\\/\"},\"author\":{\"name\":\"fmsb\",\"@id\":\"https:\\\/\\\/fmsb.eu\\\/en\\\/#\\\/schema\\\/person\\\/9fba7c70814b0cd34d35d655d36a4ca2\"},\"headline\":\"Esperando al Tres del Supremo&#8230;, art\u00edculo de opini\u00f3n de Jorge S\u00e1inz de Baranda en Mallorcadiario\",\"datePublished\":\"2023-02-04T17:17:41+00:00\",\"mainEntityOfPage\":{\"@id\":\"https:\\\/\\\/fmsb.eu\\\/en\\\/2023\\\/02\\\/04\\\/esperando-al-tres-del-supremo-articulo-de-opinion-de-jorge-sainz-de-baranda-en-mallorcadiario\\\/\"},\"wordCount\":979,\"publisher\":{\"@id\":\"https:\\\/\\\/fmsb.eu\\\/en\\\/#organization\"},\"image\":{\"@id\":\"https:\\\/\\\/fmsb.eu\\\/en\\\/2023\\\/02\\\/04\\\/esperando-al-tres-del-supremo-articulo-de-opinion-de-jorge-sainz-de-baranda-en-mallorcadiario\\\/#primaryimage\"},\"thumbnailUrl\":\"https:\\\/\\\/fmsb.eu\\\/wp-content\\\/uploads\\\/2023\\\/02\\\/FMSB-Abogados-Jorge-Sainz-de-Baranda-Mallorcadiario-Esperando-al-Tres-del-Supremo.jpg\",\"keywords\":[\"abogados\",\"administraci\u00f3n tributaria\",\"administraciones tributarias\",\"aeat\",\"agencia tributaria\",\"articulos\",\"asesores\",\"ATIB\",\"baleares\",\"campa\u00f1a de la renta\",\"campa\u00f1a irpf\",\"catastro\",\"comunidad aut\u00f3noma\",\"da\u00f1os y perjuicios\",\"declaraci\u00f3n de inconstitucionalidad\",\"declaraci\u00f3n de nulidad\",\"deflaci\u00f3n\",\"deflactaci\u00f3n\",\"deflactar\",\"derecho civil propio\",\"derecho de la uni\u00f3n europea\",\"derecho fiscal\",\"derecho tributario\",\"dgt\",\"direcci\u00f3n general de tributos\",\"direcci\u00f3n general del catastro\",\"doble imposici\u00f3n\",\"economistas\",\"el arenal\",\"exenci\u00f3n por reinversi\u00f3n\",\"extranjeros\",\"fallecimiento\",\"fmsb\",\"fraude fiscal\",\"Galicia\",\"ganancias patrimoniales\",\"gravamen extraordinario\",\"Hacienda\",\"herencias\",\"ibi\",\"ibiza\",\"illes balears\",\"impuesto de solidaridad a las grandes fortunas\",\"impuesto de sucesiones\",\"impuesto sobre la renta\",\"impuestos\",\"incremento del valor de los terrenos de naturaleza urbana\",\"intereses\",\"intereses de demora\",\"IRPF\",\"jorge lorenzo\",\"jorge sainz de baranda\",\"law\",\"lawyers\",\"ley antifraude\",\"LIRPF\",\"mallorca\",\"mallorcadiario\",\"Manacor\",\"menorca\",\"modelo 720\",\"mortis causa\",\"naturaleza indemnizatoria\",\"obligado tributario\",\"opinion\",\"pactos sucesorioes\",\"pactos sucesorios\",\"Palma\",\"patrimonio\",\"plan anual de control tributario\",\"plusval\u00eda\",\"port d&#8217;andratx\",\"prespuestos generales del estado\",\"presupuestos 2021\",\"prevenci\u00f3n\",\"proindiviso\",\"propuestas\",\"puerto de andratx\",\"recargo\",\"reforma\",\"residentes fiscales\",\"resindencia fiscal\",\"resoluci\u00f3n judicial\",\"solicitors\",\"sucesi\u00f3n\",\"sucesi\u00f3n en vida\",\"sucesiones y donaciones\",\"tasa amazon\",\"testador\",\"tributos\",\"ue\",\"valor de referencia\",\"valor de referencia catastral\",\"voto particular\"],\"articleSection\":[\"actualidad\",\"blog\",\"Derecho Fiscal\",\"Home\",\"Opini\u00f3n\"],\"inLanguage\":\"en-US\"},{\"@type\":\"WebPage\",\"@id\":\"https:\\\/\\\/fmsb.eu\\\/en\\\/2023\\\/02\\\/04\\\/esperando-al-tres-del-supremo-articulo-de-opinion-de-jorge-sainz-de-baranda-en-mallorcadiario\\\/\",\"url\":\"https:\\\/\\\/fmsb.eu\\\/en\\\/2023\\\/02\\\/04\\\/esperando-al-tres-del-supremo-articulo-de-opinion-de-jorge-sainz-de-baranda-en-mallorcadiario\\\/\",\"name\":\"Esperando al Tres del Supremo..., art\u00edculo de opini\u00f3n de Jorge S\u00e1inz de Baranda en Mallorcadiario - FMSB Abogados y Economistas en Baleares\",\"isPartOf\":{\"@id\":\"https:\\\/\\\/fmsb.eu\\\/en\\\/#website\"},\"primaryImageOfPage\":{\"@id\":\"https:\\\/\\\/fmsb.eu\\\/en\\\/2023\\\/02\\\/04\\\/esperando-al-tres-del-supremo-articulo-de-opinion-de-jorge-sainz-de-baranda-en-mallorcadiario\\\/#primaryimage\"},\"image\":{\"@id\":\"https:\\\/\\\/fmsb.eu\\\/en\\\/2023\\\/02\\\/04\\\/esperando-al-tres-del-supremo-articulo-de-opinion-de-jorge-sainz-de-baranda-en-mallorcadiario\\\/#primaryimage\"},\"thumbnailUrl\":\"https:\\\/\\\/fmsb.eu\\\/wp-content\\\/uploads\\\/2023\\\/02\\\/FMSB-Abogados-Jorge-Sainz-de-Baranda-Mallorcadiario-Esperando-al-Tres-del-Supremo.jpg\",\"datePublished\":\"2023-02-04T17:17:41+00:00\",\"breadcrumb\":{\"@id\":\"https:\\\/\\\/fmsb.eu\\\/en\\\/2023\\\/02\\\/04\\\/esperando-al-tres-del-supremo-articulo-de-opinion-de-jorge-sainz-de-baranda-en-mallorcadiario\\\/#breadcrumb\"},\"inLanguage\":\"en-US\",\"potentialAction\":[{\"@type\":\"ReadAction\",\"target\":[\"https:\\\/\\\/fmsb.eu\\\/en\\\/2023\\\/02\\\/04\\\/esperando-al-tres-del-supremo-articulo-de-opinion-de-jorge-sainz-de-baranda-en-mallorcadiario\\\/\"]}]},{\"@type\":\"ImageObject\",\"inLanguage\":\"en-US\",\"@id\":\"https:\\\/\\\/fmsb.eu\\\/en\\\/2023\\\/02\\\/04\\\/esperando-al-tres-del-supremo-articulo-de-opinion-de-jorge-sainz-de-baranda-en-mallorcadiario\\\/#primaryimage\",\"url\":\"https:\\\/\\\/fmsb.eu\\\/wp-content\\\/uploads\\\/2023\\\/02\\\/FMSB-Abogados-Jorge-Sainz-de-Baranda-Mallorcadiario-Esperando-al-Tres-del-Supremo.jpg\",\"contentUrl\":\"https:\\\/\\\/fmsb.eu\\\/wp-content\\\/uploads\\\/2023\\\/02\\\/FMSB-Abogados-Jorge-Sainz-de-Baranda-Mallorcadiario-Esperando-al-Tres-del-Supremo.jpg\",\"width\":1600,\"height\":1200},{\"@type\":\"BreadcrumbList\",\"@id\":\"https:\\\/\\\/fmsb.eu\\\/en\\\/2023\\\/02\\\/04\\\/esperando-al-tres-del-supremo-articulo-de-opinion-de-jorge-sainz-de-baranda-en-mallorcadiario\\\/#breadcrumb\",\"itemListElement\":[{\"@type\":\"ListItem\",\"position\":1,\"name\":\"Portada\",\"item\":\"https:\\\/\\\/fmsb.eu\\\/en\\\/\"},{\"@type\":\"ListItem\",\"position\":2,\"name\":\"Esperando al Tres del Supremo&#8230;, art\u00edculo de opini\u00f3n de Jorge S\u00e1inz de Baranda en Mallorcadiario\"}]},{\"@type\":\"WebSite\",\"@id\":\"https:\\\/\\\/fmsb.eu\\\/en\\\/#website\",\"url\":\"https:\\\/\\\/fmsb.eu\\\/en\\\/\",\"name\":\"FMSB Abogados y Economistas en Baleares\",\"description\":\"\",\"publisher\":{\"@id\":\"https:\\\/\\\/fmsb.eu\\\/en\\\/#organization\"},\"potentialAction\":[{\"@type\":\"SearchAction\",\"target\":{\"@type\":\"EntryPoint\",\"urlTemplate\":\"https:\\\/\\\/fmsb.eu\\\/en\\\/?s={search_term_string}\"},\"query-input\":{\"@type\":\"PropertyValueSpecification\",\"valueRequired\":true,\"valueName\":\"search_term_string\"}}],\"inLanguage\":\"en-US\"},{\"@type\":\"Organization\",\"@id\":\"https:\\\/\\\/fmsb.eu\\\/en\\\/#organization\",\"name\":\"FMSB Abogados y Economistas en Baleares\",\"url\":\"https:\\\/\\\/fmsb.eu\\\/en\\\/\",\"logo\":{\"@type\":\"ImageObject\",\"inLanguage\":\"en-US\",\"@id\":\"https:\\\/\\\/fmsb.eu\\\/en\\\/#\\\/schema\\\/logo\\\/image\\\/\",\"url\":\"https:\\\/\\\/fmsb.eu\\\/wp-content\\\/uploads\\\/2025\\\/02\\\/logo.svg\",\"contentUrl\":\"https:\\\/\\\/fmsb.eu\\\/wp-content\\\/uploads\\\/2025\\\/02\\\/logo.svg\",\"width\":154,\"height\":52,\"caption\":\"FMSB Abogados y Economistas en Baleares\"},\"image\":{\"@id\":\"https:\\\/\\\/fmsb.eu\\\/en\\\/#\\\/schema\\\/logo\\\/image\\\/\"}},{\"@type\":\"Person\",\"@id\":\"https:\\\/\\\/fmsb.eu\\\/en\\\/#\\\/schema\\\/person\\\/9fba7c70814b0cd34d35d655d36a4ca2\",\"name\":\"fmsb\",\"image\":{\"@type\":\"ImageObject\",\"inLanguage\":\"en-US\",\"@id\":\"https:\\\/\\\/secure.gravatar.com\\\/avatar\\\/426f4d5b0ebcace85460caf87cdaaa193694b611e990615d87a13f322fb7ee7f?s=96&d=mm&r=g\",\"url\":\"https:\\\/\\\/secure.gravatar.com\\\/avatar\\\/426f4d5b0ebcace85460caf87cdaaa193694b611e990615d87a13f322fb7ee7f?s=96&d=mm&r=g\",\"contentUrl\":\"https:\\\/\\\/secure.gravatar.com\\\/avatar\\\/426f4d5b0ebcace85460caf87cdaaa193694b611e990615d87a13f322fb7ee7f?s=96&d=mm&r=g\",\"caption\":\"fmsb\"},\"sameAs\":[\"https:\\\/\\\/x.com\\\/fmsb-disstint\"],\"url\":\"https:\\\/\\\/fmsb.eu\\\/en\\\/author\\\/fmsb\\\/\"}]}<\/script>\n<!-- \/ Yoast SEO plugin. -->","yoast_head_json":{"title":"Esperando al Tres del Supremo..., art\u00edculo de opini\u00f3n de Jorge S\u00e1inz de Baranda en Mallorcadiario - FMSB Abogados y Economistas en Baleares","robots":{"index":"index","follow":"follow","max-snippet":"max-snippet:-1","max-image-preview":"max-image-preview:large","max-video-preview":"max-video-preview:-1"},"canonical":"https:\/\/fmsb.eu\/en\/2023\/02\/04\/esperando-al-tres-del-supremo-articulo-de-opinion-de-jorge-sainz-de-baranda-en-mallorcadiario\/","og_locale":"en_US","og_type":"article","og_title":"Esperando al Tres del Supremo..., art\u00edculo de opini\u00f3n de Jorge S\u00e1inz de Baranda en Mallorcadiario - FMSB Abogados y Economistas en Baleares","og_description":"&nbsp; mallorcadiario.com\u00a0 Opini\u00f3n DOMINGO 5 DE FEBRERO DE 2023 \u00a0 Esperando al Tres del Supremo&#8230; Por\u00a0Jorge S\u00e1inz de Baranda M\u00c1S ART\u00cdCULOS DEL AUTOR &nbsp; Ya les he contado en muchas ocasiones que, despu\u00e9s de tantas cr\u00f3nicas tributarias impertinentes, me cuesta mucho encontrar nuevos temas semanales, de forma que soy feliz cuando alguien me env\u00eda cuestiones [&hellip;]","og_url":"https:\/\/fmsb.eu\/en\/2023\/02\/04\/esperando-al-tres-del-supremo-articulo-de-opinion-de-jorge-sainz-de-baranda-en-mallorcadiario\/","og_site_name":"FMSB Abogados y Economistas en Baleares","article_published_time":"2023-02-04T17:17:41+00:00","og_image":[{"width":1600,"height":1200,"url":"https:\/\/fmsb.eu\/wp-content\/uploads\/2023\/02\/FMSB-Abogados-Jorge-Sainz-de-Baranda-Mallorcadiario-Esperando-al-Tres-del-Supremo.jpg","type":"image\/jpeg"}],"author":"fmsb","twitter_card":"summary_large_image","twitter_creator":"@fmsb-disstint","twitter_misc":{"Written by":"fmsb","Est. reading time":"5 minutes"},"schema":{"@context":"https:\/\/schema.org","@graph":[{"@type":"Article","@id":"https:\/\/fmsb.eu\/en\/2023\/02\/04\/esperando-al-tres-del-supremo-articulo-de-opinion-de-jorge-sainz-de-baranda-en-mallorcadiario\/#article","isPartOf":{"@id":"https:\/\/fmsb.eu\/en\/2023\/02\/04\/esperando-al-tres-del-supremo-articulo-de-opinion-de-jorge-sainz-de-baranda-en-mallorcadiario\/"},"author":{"name":"fmsb","@id":"https:\/\/fmsb.eu\/en\/#\/schema\/person\/9fba7c70814b0cd34d35d655d36a4ca2"},"headline":"Esperando al Tres del Supremo&#8230;, art\u00edculo de opini\u00f3n de Jorge S\u00e1inz de Baranda en Mallorcadiario","datePublished":"2023-02-04T17:17:41+00:00","mainEntityOfPage":{"@id":"https:\/\/fmsb.eu\/en\/2023\/02\/04\/esperando-al-tres-del-supremo-articulo-de-opinion-de-jorge-sainz-de-baranda-en-mallorcadiario\/"},"wordCount":979,"publisher":{"@id":"https:\/\/fmsb.eu\/en\/#organization"},"image":{"@id":"https:\/\/fmsb.eu\/en\/2023\/02\/04\/esperando-al-tres-del-supremo-articulo-de-opinion-de-jorge-sainz-de-baranda-en-mallorcadiario\/#primaryimage"},"thumbnailUrl":"https:\/\/fmsb.eu\/wp-content\/uploads\/2023\/02\/FMSB-Abogados-Jorge-Sainz-de-Baranda-Mallorcadiario-Esperando-al-Tres-del-Supremo.jpg","keywords":["abogados","administraci\u00f3n tributaria","administraciones tributarias","aeat","agencia tributaria","articulos","asesores","ATIB","baleares","campa\u00f1a de la renta","campa\u00f1a irpf","catastro","comunidad aut\u00f3noma","da\u00f1os y perjuicios","declaraci\u00f3n de inconstitucionalidad","declaraci\u00f3n de nulidad","deflaci\u00f3n","deflactaci\u00f3n","deflactar","derecho civil propio","derecho de la uni\u00f3n europea","derecho fiscal","derecho tributario","dgt","direcci\u00f3n general de tributos","direcci\u00f3n general del catastro","doble imposici\u00f3n","economistas","el arenal","exenci\u00f3n por reinversi\u00f3n","extranjeros","fallecimiento","fmsb","fraude fiscal","Galicia","ganancias patrimoniales","gravamen extraordinario","Hacienda","herencias","ibi","ibiza","illes balears","impuesto de solidaridad a las grandes fortunas","impuesto de sucesiones","impuesto sobre la renta","impuestos","incremento del valor de los terrenos de naturaleza urbana","intereses","intereses de demora","IRPF","jorge lorenzo","jorge sainz de baranda","law","lawyers","ley antifraude","LIRPF","mallorca","mallorcadiario","Manacor","menorca","modelo 720","mortis causa","naturaleza indemnizatoria","obligado tributario","opinion","pactos sucesorioes","pactos sucesorios","Palma","patrimonio","plan anual de control tributario","plusval\u00eda","port d&#8217;andratx","prespuestos generales del estado","presupuestos 2021","prevenci\u00f3n","proindiviso","propuestas","puerto de andratx","recargo","reforma","residentes fiscales","resindencia fiscal","resoluci\u00f3n judicial","solicitors","sucesi\u00f3n","sucesi\u00f3n en vida","sucesiones y donaciones","tasa amazon","testador","tributos","ue","valor de referencia","valor de referencia catastral","voto particular"],"articleSection":["actualidad","blog","Derecho Fiscal","Home","Opini\u00f3n"],"inLanguage":"en-US"},{"@type":"WebPage","@id":"https:\/\/fmsb.eu\/en\/2023\/02\/04\/esperando-al-tres-del-supremo-articulo-de-opinion-de-jorge-sainz-de-baranda-en-mallorcadiario\/","url":"https:\/\/fmsb.eu\/en\/2023\/02\/04\/esperando-al-tres-del-supremo-articulo-de-opinion-de-jorge-sainz-de-baranda-en-mallorcadiario\/","name":"Esperando al Tres del Supremo..., art\u00edculo de opini\u00f3n de Jorge S\u00e1inz de Baranda en Mallorcadiario - FMSB Abogados y Economistas en Baleares","isPartOf":{"@id":"https:\/\/fmsb.eu\/en\/#website"},"primaryImageOfPage":{"@id":"https:\/\/fmsb.eu\/en\/2023\/02\/04\/esperando-al-tres-del-supremo-articulo-de-opinion-de-jorge-sainz-de-baranda-en-mallorcadiario\/#primaryimage"},"image":{"@id":"https:\/\/fmsb.eu\/en\/2023\/02\/04\/esperando-al-tres-del-supremo-articulo-de-opinion-de-jorge-sainz-de-baranda-en-mallorcadiario\/#primaryimage"},"thumbnailUrl":"https:\/\/fmsb.eu\/wp-content\/uploads\/2023\/02\/FMSB-Abogados-Jorge-Sainz-de-Baranda-Mallorcadiario-Esperando-al-Tres-del-Supremo.jpg","datePublished":"2023-02-04T17:17:41+00:00","breadcrumb":{"@id":"https:\/\/fmsb.eu\/en\/2023\/02\/04\/esperando-al-tres-del-supremo-articulo-de-opinion-de-jorge-sainz-de-baranda-en-mallorcadiario\/#breadcrumb"},"inLanguage":"en-US","potentialAction":[{"@type":"ReadAction","target":["https:\/\/fmsb.eu\/en\/2023\/02\/04\/esperando-al-tres-del-supremo-articulo-de-opinion-de-jorge-sainz-de-baranda-en-mallorcadiario\/"]}]},{"@type":"ImageObject","inLanguage":"en-US","@id":"https:\/\/fmsb.eu\/en\/2023\/02\/04\/esperando-al-tres-del-supremo-articulo-de-opinion-de-jorge-sainz-de-baranda-en-mallorcadiario\/#primaryimage","url":"https:\/\/fmsb.eu\/wp-content\/uploads\/2023\/02\/FMSB-Abogados-Jorge-Sainz-de-Baranda-Mallorcadiario-Esperando-al-Tres-del-Supremo.jpg","contentUrl":"https:\/\/fmsb.eu\/wp-content\/uploads\/2023\/02\/FMSB-Abogados-Jorge-Sainz-de-Baranda-Mallorcadiario-Esperando-al-Tres-del-Supremo.jpg","width":1600,"height":1200},{"@type":"BreadcrumbList","@id":"https:\/\/fmsb.eu\/en\/2023\/02\/04\/esperando-al-tres-del-supremo-articulo-de-opinion-de-jorge-sainz-de-baranda-en-mallorcadiario\/#breadcrumb","itemListElement":[{"@type":"ListItem","position":1,"name":"Portada","item":"https:\/\/fmsb.eu\/en\/"},{"@type":"ListItem","position":2,"name":"Esperando al Tres del Supremo&#8230;, art\u00edculo de opini\u00f3n de Jorge S\u00e1inz de Baranda en Mallorcadiario"}]},{"@type":"WebSite","@id":"https:\/\/fmsb.eu\/en\/#website","url":"https:\/\/fmsb.eu\/en\/","name":"FMSB Abogados y Economistas en Baleares","description":"","publisher":{"@id":"https:\/\/fmsb.eu\/en\/#organization"},"potentialAction":[{"@type":"SearchAction","target":{"@type":"EntryPoint","urlTemplate":"https:\/\/fmsb.eu\/en\/?s={search_term_string}"},"query-input":{"@type":"PropertyValueSpecification","valueRequired":true,"valueName":"search_term_string"}}],"inLanguage":"en-US"},{"@type":"Organization","@id":"https:\/\/fmsb.eu\/en\/#organization","name":"FMSB Abogados y Economistas en Baleares","url":"https:\/\/fmsb.eu\/en\/","logo":{"@type":"ImageObject","inLanguage":"en-US","@id":"https:\/\/fmsb.eu\/en\/#\/schema\/logo\/image\/","url":"https:\/\/fmsb.eu\/wp-content\/uploads\/2025\/02\/logo.svg","contentUrl":"https:\/\/fmsb.eu\/wp-content\/uploads\/2025\/02\/logo.svg","width":154,"height":52,"caption":"FMSB Abogados y Economistas en Baleares"},"image":{"@id":"https:\/\/fmsb.eu\/en\/#\/schema\/logo\/image\/"}},{"@type":"Person","@id":"https:\/\/fmsb.eu\/en\/#\/schema\/person\/9fba7c70814b0cd34d35d655d36a4ca2","name":"fmsb","image":{"@type":"ImageObject","inLanguage":"en-US","@id":"https:\/\/secure.gravatar.com\/avatar\/426f4d5b0ebcace85460caf87cdaaa193694b611e990615d87a13f322fb7ee7f?s=96&d=mm&r=g","url":"https:\/\/secure.gravatar.com\/avatar\/426f4d5b0ebcace85460caf87cdaaa193694b611e990615d87a13f322fb7ee7f?s=96&d=mm&r=g","contentUrl":"https:\/\/secure.gravatar.com\/avatar\/426f4d5b0ebcace85460caf87cdaaa193694b611e990615d87a13f322fb7ee7f?s=96&d=mm&r=g","caption":"fmsb"},"sameAs":["https:\/\/x.com\/fmsb-disstint"],"url":"https:\/\/fmsb.eu\/en\/author\/fmsb\/"}]}},"_links":{"self":[{"href":"https:\/\/fmsb.eu\/en\/wp-json\/wp\/v2\/posts\/11248","targetHints":{"allow":["GET"]}}],"collection":[{"href":"https:\/\/fmsb.eu\/en\/wp-json\/wp\/v2\/posts"}],"about":[{"href":"https:\/\/fmsb.eu\/en\/wp-json\/wp\/v2\/types\/post"}],"author":[{"embeddable":true,"href":"https:\/\/fmsb.eu\/en\/wp-json\/wp\/v2\/users\/2"}],"replies":[{"embeddable":true,"href":"https:\/\/fmsb.eu\/en\/wp-json\/wp\/v2\/comments?post=11248"}],"version-history":[{"count":0,"href":"https:\/\/fmsb.eu\/en\/wp-json\/wp\/v2\/posts\/11248\/revisions"}],"wp:featuredmedia":[{"embeddable":true,"href":"https:\/\/fmsb.eu\/en\/wp-json\/wp\/v2\/media\/9926"}],"wp:attachment":[{"href":"https:\/\/fmsb.eu\/en\/wp-json\/wp\/v2\/media?parent=11248"}],"wp:term":[{"taxonomy":"category","embeddable":true,"href":"https:\/\/fmsb.eu\/en\/wp-json\/wp\/v2\/categories?post=11248"},{"taxonomy":"post_tag","embeddable":true,"href":"https:\/\/fmsb.eu\/en\/wp-json\/wp\/v2\/tags?post=11248"}],"curies":[{"name":"wp","href":"https:\/\/api.w.org\/{rel}","templated":true}]}}