{"id":11260,"date":"2023-01-18T10:04:35","date_gmt":"2023-01-18T09:04:35","guid":{"rendered":"http:\/\/fmsb.disstintbeta.com\/2023\/01\/18\/la-justicia-anula-una-compraventa-de-trastero-por-no-ser-los-compradores-propietarios-de-vivienda-alguna-en-el-edificio\/"},"modified":"2023-01-18T10:04:35","modified_gmt":"2023-01-18T09:04:35","slug":"la-justicia-anula-una-compraventa-de-trastero-por-no-ser-los-compradores-propietarios-de-vivienda-alguna-en-el-edificio","status":"publish","type":"post","link":"https:\/\/fmsb.eu\/en\/2023\/01\/18\/la-justicia-anula-una-compraventa-de-trastero-por-no-ser-los-compradores-propietarios-de-vivienda-alguna-en-el-edificio\/","title":{"rendered":"La Justicia anula una compraventa de trastero por no ser los compradores propietarios de vivienda alguna en el edificio"},"content":{"rendered":"<p><a href=\"http:\/\/fmsb.disstintbeta.com\/wp-content\/uploads\/2023\/01\/FMSB-Abogados-La-justicia-anula-una-compraventa-de-trastero-porque-los-compradores-no-eran-propietarios-de-vivienda-en-el-edificio.jpg\"><img fetchpriority=\"high\" decoding=\"async\" class=\"alignnone wp-image-6520\" src=\"http:\/\/fmsb.disstintbeta.com\/wp-content\/uploads\/2023\/01\/FMSB-Abogados-La-justicia-anula-una-compraventa-de-trastero-porque-los-compradores-no-eran-propietarios-de-vivienda-en-el-edificio.jpg\" alt=\"\" width=\"800\" height=\"540\" srcset=\"https:\/\/font-mora-sainz-baranda.fra1.digitaloceanspaces.com\/wp-content\/uploads\/2023\/01\/FMSB-Abogados-La-justicia-anula-una-compraventa-de-trastero-porque-los-compradores-no-eran-propietarios-de-vivienda-en-el-edificio.jpg 955w, https:\/\/font-mora-sainz-baranda.fra1.digitaloceanspaces.com\/wp-content\/uploads\/2023\/01\/FMSB-Abogados-La-justicia-anula-una-compraventa-de-trastero-porque-los-compradores-no-eran-propietarios-de-vivienda-en-el-edificio-300x203.jpg 300w, https:\/\/font-mora-sainz-baranda.fra1.digitaloceanspaces.com\/wp-content\/uploads\/2023\/01\/FMSB-Abogados-La-justicia-anula-una-compraventa-de-trastero-porque-los-compradores-no-eran-propietarios-de-vivienda-en-el-edificio-768x519.jpg 768w\" sizes=\"(max-width: 800px) 100vw, 800px\" \/><\/a><\/p>\n<p>&nbsp;<\/p>\n<p>Una reciente sentencia ha declarado nula la compraventa de unos trasteros ubicados en un edificio de viviendas por carecer los compradores de vivienda alguna en ese mismo edificio. La Audiencia provincial de Guipuzcoa ha entendido que dicha compraventa es contraria a una cl\u00e1usula recogida en los estatutos de la comunidad de propietarios la cual se\u00f1ala que los trasteros ser\u00e1n siempre elementos anejos a una vivienda y que, por tanto, no podr\u00e1n ser tenidos separadamente por personas distintas de los propietarios o, en su caso, de los que sean usuarios de la vivienda en caso de que est\u00e9 alquilada.<\/p>\n<p>Puedes consultar el texto de la sentencia en formato pdf haciendo clic <a href=\"http:\/\/fmsb.disstintbeta.com\/wp-content\/uploads\/2023\/01\/SAP_SS_2011_2021.pdf\"><strong>aqu\u00ed. <\/strong><\/a><\/p>\n<p>Adem\u00e1s, puedes leer a continuaci\u00f3n la rese\u00f1a que te transcribimos del portal <strong><a href=\"https:\/\/noticias.juridicas.com\/actualidad\/jurisprudencia\/17690-un-tribunal-anula-la-compraventa-de-unos-trasteros-a-quienes-no-era-propietarios-de-ninguna-vivienda-del-edificio\/\">Noticias Jur\u00eddicas:<\/a><\/strong><\/p>\n<hr \/>\n<p>&nbsp;<\/p>\n<h1 class=\"nj_documento_titulo\"><span style=\"color: #993366;\">Un tribunal anula la compraventa de unos trasteros a quienes no era propietarios de ninguna vivienda del edificio<\/span><\/h1>\n<h2><span style=\"color: #993366;\"><strong>La compraventa contraviene una cl\u00e1usula de los estatutos de la comunidad de propietarios, v\u00e1lidamente acordada por los propietarios \u00a0<\/strong><\/span><\/h2>\n<p><strong>FUENTE: <a href=\"https:\/\/noticias.juridicas.com\/actualidad\/jurisprudencia\/17690-un-tribunal-anula-la-compraventa-de-unos-trasteros-a-quienes-no-era-propietarios-de-ninguna-vivienda-del-edificio\/\">NoticiasJur\u00eddicas<\/a><\/strong><\/p>\n<p>La Audiencia Provincial de Guip\u00fazcoa declara nula la compraventa de unos trasteros situados en la planta alta de un edificio, ya que los compradores no era propietarios de ninguna vivienda del edificio. La Sala entiende que la compraventa contraviene la cl\u00e1usula estatutaria que dispone que \u201clos trasteros siempre ser\u00e1n anejos de viviendas del edificio y nunca podr\u00e1n ser ocupados por ning\u00fan t\u00edtulo por personas distintas del usuario u ocupante de la vivienda a que correspondan\u201d.<\/p>\n<h2><span style=\"color: #993366;\"><strong>Estatutos de la Comunidad<\/strong><\/span><\/h2>\n<p>Y es que, las comunidades de propietarios pueden contener en sus Estatutos determinadas reglas que pueden afectar a sus derechos de propiedad y a las facultades dominicales de ellos derivadas, siempre que tales reglas hayan sido adoptadas por los copropietarios con sujeci\u00f3n al principio de autonom\u00eda de la voluntad, con sujeci\u00f3n a las mayor\u00edas que la Ley pueda exigir para los distintos acuerdos que se tomen y atendiendo siempre al inter\u00e9s de todos ellos y de la propia comunidad. Los magistrados recuerdan que es cierto que nadie puede verse privado de su derecho de propiedad, pero tambi\u00e9n lo es que dicho derecho no tiene en modo alguno un car\u00e1cter absoluto.<\/p>\n<p>En este sentido, la cl\u00e1usula contenida en los Estatutos <strong>proh\u00edbe a los propietarios de los trasteros disponer de los mismos mediante su transmisi\u00f3n a personas ajenas a todos los copropietarios<\/strong>.<\/p>\n<h2><span style=\"color: #993366;\"><strong>Supuesta nulidad<\/strong><\/span><\/h2>\n<p>Los demandados adquirieron sus viviendas con esa limitaci\u00f3n o prohibici\u00f3n en sus Estatutos hac\u00eda ya varios a\u00f1os, y, por lo tanto, no s\u00f3lo conoc\u00edan, o cuando menos ten\u00edan que conocer, los mismos y su contenido, sino que, adem\u00e1s, se han aquietado durante todos los a\u00f1os que las han ocupado, y hasta la fecha de su venta, con ese contenido y con esa limitaci\u00f3n impuesta, es decir, con esa prohibici\u00f3n de disposici\u00f3n a terceros ajenos a la comunidad, lo cual, recalca la sentencia, constituye sin duda alguna por parte de ambos un acto propio a trav\u00e9s del cual asumen sus t\u00e9rminos y se muestran conformes con ellos, por lo que resulta un total contrasentido, en el momento actual, proceder a cuestionarlos, sosteniendo su supuesta nulidad.<\/p>\n<p>En consecuencia, la Sala concluye que, dado que ha quedado debidamente justificado en los autos que los demandados procedieron a vender el trastero de su propiedad a los codemandados, a pesar de no tener los mismos la condici\u00f3n de copropietarios del inmueble, contraviniendo el contenido de la citada cl\u00e1usula de los Estatutos, es evidente que vulneraron la misma, produci\u00e9ndose la infracci\u00f3n de lo dispuesto en el<a href=\"https:\/\/noticias.juridicas.com\/base_datos\/Privado\/cc.l4t2.html#a1275\"> art. 1275 del C\u00f3digo Civil<\/a>, por lo que la pretensi\u00f3n articulada por la comunidad de propietarios, en el sentido de solicitar la nulidad de la compraventa del trastero, ha de ser estimada.<\/p>\n<p><strong>FUENTE:\u00a0 <a href=\"https:\/\/noticias.juridicas.com\/actualidad\/jurisprudencia\/17690-un-tribunal-anula-la-compraventa-de-unos-trasteros-a-quienes-no-era-propietarios-de-ninguna-vivienda-del-edificio\/\">NoticiasJur\u00eddicas<\/a><\/strong><\/p>\n<hr \/>\n<p><span style=\"color: #999999;\">#fmsb #fontmorasainzdebaranda #abogados #economistas #ley #propiedadhorizontal #sentencia #estatutoscomunitarios #estatutos #comunidad #propietarios #anejos #aparcamiento #local #vivienda #trastero #compraventa #inmueble #nulidad #baleares #mallorca #menorca #ibiza #law #lawyers #solicitors<\/span><\/p>\n","protected":false},"excerpt":{"rendered":"<p>&nbsp; Una reciente sentencia ha declarado nula la compraventa de unos trasteros ubicados en un edificio de viviendas por carecer los compradores de vivienda alguna en ese mismo edificio. La Audiencia provincial de Guipuzcoa ha entendido que dicha compraventa es contraria a una cl\u00e1usula recogida en los estatutos de la comunidad de propietarios la cual [&hellip;]<\/p>\n","protected":false},"author":2,"featured_media":9912,"comment_status":"closed","ping_status":"open","sticky":false,"template":"","format":"standard","meta":{"footnotes":""},"categories":[2149,2407,2150,2151,2152,2154,2155],"tags":[2156,3297,2158,2159,4900,2166,3148,2623,4901,4902,2168,2169,2173,2174,4903,2175,2176,2177,4904,3151,2178,2179,2181,2182,2184,2185,3311,3314,2186,2190,2193,3317,2197],"class_list":["post-11260","post","type-post","status-publish","format-standard","has-post-thumbnail","hentry","category-blog-en-2","category-contratos-en","category-derecho-civil-en","category-derecho-urbanistico-inmobiliario-en","category-home-en-2","category-obligaciones-en","category-propiedad-horizontal-en","tag-abogados-en","tag-aparcamiento-en","tag-baleares-en","tag-comunidad-de-propietarios-en","tag-dacion-en-pago-en","tag-derecho-en","tag-deuda-en","tag-deudas-en","tag-direccion-general-de-los-registros-y-del-notariado-en","tag-direccion-general-de-seguridad-juridica-y-fe-publica-en","tag-economistas-en","tag-el-arenal-en","tag-fmsb-en","tag-font-mora-sainz-de-baranda-en","tag-gastos-comunes-en","tag-ibiza-en-2","tag-inmueble-en","tag-inmuebles-en","tag-inscripcion-registral-en","tag-jose-yanez-en","tag-law-en-2","tag-lawyers-en-2","tag-mallorca-en-2","tag-manacor-en","tag-menorca-en-2","tag-morosidad-en","tag-moroso-en","tag-personalidad-juridica-en","tag-port-dandratx-en","tag-puerto-de-andratx-en","tag-solicitors-en","tag-trastero-en","tag-vivienda-en"],"yoast_head":"<!-- This site is optimized with the Yoast SEO plugin v27.3 - https:\/\/yoast.com\/product\/yoast-seo-wordpress\/ -->\n<title>La Justicia anula una compraventa de trastero por no ser los compradores propietarios de vivienda alguna en el edificio - FMSB Abogados y Economistas en Baleares<\/title>\n<meta name=\"robots\" content=\"index, follow, max-snippet:-1, max-image-preview:large, max-video-preview:-1\" \/>\n<link rel=\"canonical\" href=\"https:\/\/fmsb.eu\/en\/2023\/01\/18\/la-justicia-anula-una-compraventa-de-trastero-por-no-ser-los-compradores-propietarios-de-vivienda-alguna-en-el-edificio\/\" \/>\n<meta property=\"og:locale\" content=\"en_US\" \/>\n<meta property=\"og:type\" content=\"article\" \/>\n<meta property=\"og:title\" content=\"La Justicia anula una compraventa de trastero por no ser los compradores propietarios de vivienda alguna en el edificio - FMSB Abogados y Economistas en Baleares\" \/>\n<meta property=\"og:description\" content=\"&nbsp; Una reciente sentencia ha declarado nula la compraventa de unos trasteros ubicados en un edificio de viviendas por carecer los compradores de vivienda alguna en ese mismo edificio. La Audiencia provincial de Guipuzcoa ha entendido que dicha compraventa es contraria a una cl\u00e1usula recogida en los estatutos de la comunidad de propietarios la cual [&hellip;]\" \/>\n<meta property=\"og:url\" content=\"https:\/\/fmsb.eu\/en\/2023\/01\/18\/la-justicia-anula-una-compraventa-de-trastero-por-no-ser-los-compradores-propietarios-de-vivienda-alguna-en-el-edificio\/\" \/>\n<meta property=\"og:site_name\" content=\"FMSB Abogados y Economistas en Baleares\" \/>\n<meta property=\"article:published_time\" content=\"2023-01-18T09:04:35+00:00\" \/>\n<meta property=\"og:image\" content=\"https:\/\/fmsb.eu\/wp-content\/uploads\/2023\/01\/FMSB-Abogados-La-justicia-anula-una-compraventa-de-trastero-porque-los-compradores-no-eran-propietarios-de-vivienda-en-el-edificio.jpg\" \/>\n\t<meta property=\"og:image:width\" content=\"955\" \/>\n\t<meta property=\"og:image:height\" content=\"645\" \/>\n\t<meta property=\"og:image:type\" content=\"image\/jpeg\" \/>\n<meta name=\"author\" content=\"fmsb\" \/>\n<meta name=\"twitter:card\" content=\"summary_large_image\" \/>\n<meta name=\"twitter:creator\" content=\"@fmsb-disstint\" \/>\n<meta name=\"twitter:label1\" content=\"Written by\" \/>\n\t<meta name=\"twitter:data1\" content=\"fmsb\" \/>\n\t<meta name=\"twitter:label2\" content=\"Est. reading time\" \/>\n\t<meta name=\"twitter:data2\" content=\"4 minutes\" \/>\n<script type=\"application\/ld+json\" class=\"yoast-schema-graph\">{\"@context\":\"https:\\\/\\\/schema.org\",\"@graph\":[{\"@type\":\"Article\",\"@id\":\"https:\\\/\\\/fmsb.eu\\\/en\\\/2023\\\/01\\\/18\\\/la-justicia-anula-una-compraventa-de-trastero-por-no-ser-los-compradores-propietarios-de-vivienda-alguna-en-el-edificio\\\/#article\",\"isPartOf\":{\"@id\":\"https:\\\/\\\/fmsb.eu\\\/en\\\/2023\\\/01\\\/18\\\/la-justicia-anula-una-compraventa-de-trastero-por-no-ser-los-compradores-propietarios-de-vivienda-alguna-en-el-edificio\\\/\"},\"author\":{\"name\":\"fmsb\",\"@id\":\"https:\\\/\\\/fmsb.eu\\\/en\\\/#\\\/schema\\\/person\\\/9fba7c70814b0cd34d35d655d36a4ca2\"},\"headline\":\"La Justicia anula una compraventa de trastero por no ser los compradores propietarios de vivienda alguna en el edificio\",\"datePublished\":\"2023-01-18T09:04:35+00:00\",\"mainEntityOfPage\":{\"@id\":\"https:\\\/\\\/fmsb.eu\\\/en\\\/2023\\\/01\\\/18\\\/la-justicia-anula-una-compraventa-de-trastero-por-no-ser-los-compradores-propietarios-de-vivienda-alguna-en-el-edificio\\\/\"},\"wordCount\":702,\"publisher\":{\"@id\":\"https:\\\/\\\/fmsb.eu\\\/en\\\/#organization\"},\"image\":{\"@id\":\"https:\\\/\\\/fmsb.eu\\\/en\\\/2023\\\/01\\\/18\\\/la-justicia-anula-una-compraventa-de-trastero-por-no-ser-los-compradores-propietarios-de-vivienda-alguna-en-el-edificio\\\/#primaryimage\"},\"thumbnailUrl\":\"https:\\\/\\\/fmsb.eu\\\/wp-content\\\/uploads\\\/2023\\\/01\\\/FMSB-Abogados-La-justicia-anula-una-compraventa-de-trastero-porque-los-compradores-no-eran-propietarios-de-vivienda-en-el-edificio.jpg\",\"keywords\":[\"abogados\",\"aparcamiento\",\"baleares\",\"comunidad de propietarios\",\"daci\u00f3n en pago\",\"derecho\",\"deuda\",\"deudas\",\"Direcci\u00f3n General de los Registros y del Notariado\",\"direcci\u00f3n general de Seguridad Jur\u00eddica y Fe P\u00fablica\",\"economistas\",\"el arenal\",\"fmsb\",\"font mora sainz de baranda\",\"gastos comunes\",\"ibiza\",\"inmueble\",\"inmuebles\",\"inscripci\u00f3n registral\",\"jos\u00e9 ya\u00f1ez\",\"law\",\"lawyers\",\"mallorca\",\"Manacor\",\"menorca\",\"morosidad\",\"moroso\",\"personalidad jur\u00eddica\",\"port d&#8217;andratx\",\"puerto de andratx\",\"solicitors\",\"trastero\",\"vivienda\"],\"articleSection\":[\"blog\",\"contratos\",\"Derecho Civil\",\"Derecho Urban\u00edstico e Inmobiliario\",\"Home\",\"obligaciones\",\"propiedad horizontal\"],\"inLanguage\":\"en-US\"},{\"@type\":\"WebPage\",\"@id\":\"https:\\\/\\\/fmsb.eu\\\/en\\\/2023\\\/01\\\/18\\\/la-justicia-anula-una-compraventa-de-trastero-por-no-ser-los-compradores-propietarios-de-vivienda-alguna-en-el-edificio\\\/\",\"url\":\"https:\\\/\\\/fmsb.eu\\\/en\\\/2023\\\/01\\\/18\\\/la-justicia-anula-una-compraventa-de-trastero-por-no-ser-los-compradores-propietarios-de-vivienda-alguna-en-el-edificio\\\/\",\"name\":\"La Justicia anula una compraventa de trastero por no ser los compradores propietarios de vivienda alguna en el edificio - FMSB Abogados y Economistas en Baleares\",\"isPartOf\":{\"@id\":\"https:\\\/\\\/fmsb.eu\\\/en\\\/#website\"},\"primaryImageOfPage\":{\"@id\":\"https:\\\/\\\/fmsb.eu\\\/en\\\/2023\\\/01\\\/18\\\/la-justicia-anula-una-compraventa-de-trastero-por-no-ser-los-compradores-propietarios-de-vivienda-alguna-en-el-edificio\\\/#primaryimage\"},\"image\":{\"@id\":\"https:\\\/\\\/fmsb.eu\\\/en\\\/2023\\\/01\\\/18\\\/la-justicia-anula-una-compraventa-de-trastero-por-no-ser-los-compradores-propietarios-de-vivienda-alguna-en-el-edificio\\\/#primaryimage\"},\"thumbnailUrl\":\"https:\\\/\\\/fmsb.eu\\\/wp-content\\\/uploads\\\/2023\\\/01\\\/FMSB-Abogados-La-justicia-anula-una-compraventa-de-trastero-porque-los-compradores-no-eran-propietarios-de-vivienda-en-el-edificio.jpg\",\"datePublished\":\"2023-01-18T09:04:35+00:00\",\"breadcrumb\":{\"@id\":\"https:\\\/\\\/fmsb.eu\\\/en\\\/2023\\\/01\\\/18\\\/la-justicia-anula-una-compraventa-de-trastero-por-no-ser-los-compradores-propietarios-de-vivienda-alguna-en-el-edificio\\\/#breadcrumb\"},\"inLanguage\":\"en-US\",\"potentialAction\":[{\"@type\":\"ReadAction\",\"target\":[\"https:\\\/\\\/fmsb.eu\\\/en\\\/2023\\\/01\\\/18\\\/la-justicia-anula-una-compraventa-de-trastero-por-no-ser-los-compradores-propietarios-de-vivienda-alguna-en-el-edificio\\\/\"]}]},{\"@type\":\"ImageObject\",\"inLanguage\":\"en-US\",\"@id\":\"https:\\\/\\\/fmsb.eu\\\/en\\\/2023\\\/01\\\/18\\\/la-justicia-anula-una-compraventa-de-trastero-por-no-ser-los-compradores-propietarios-de-vivienda-alguna-en-el-edificio\\\/#primaryimage\",\"url\":\"https:\\\/\\\/fmsb.eu\\\/wp-content\\\/uploads\\\/2023\\\/01\\\/FMSB-Abogados-La-justicia-anula-una-compraventa-de-trastero-porque-los-compradores-no-eran-propietarios-de-vivienda-en-el-edificio.jpg\",\"contentUrl\":\"https:\\\/\\\/fmsb.eu\\\/wp-content\\\/uploads\\\/2023\\\/01\\\/FMSB-Abogados-La-justicia-anula-una-compraventa-de-trastero-porque-los-compradores-no-eran-propietarios-de-vivienda-en-el-edificio.jpg\",\"width\":955,\"height\":645},{\"@type\":\"BreadcrumbList\",\"@id\":\"https:\\\/\\\/fmsb.eu\\\/en\\\/2023\\\/01\\\/18\\\/la-justicia-anula-una-compraventa-de-trastero-por-no-ser-los-compradores-propietarios-de-vivienda-alguna-en-el-edificio\\\/#breadcrumb\",\"itemListElement\":[{\"@type\":\"ListItem\",\"position\":1,\"name\":\"Portada\",\"item\":\"https:\\\/\\\/fmsb.eu\\\/en\\\/\"},{\"@type\":\"ListItem\",\"position\":2,\"name\":\"La Justicia anula una compraventa de trastero por no ser los compradores propietarios de vivienda alguna en el edificio\"}]},{\"@type\":\"WebSite\",\"@id\":\"https:\\\/\\\/fmsb.eu\\\/en\\\/#website\",\"url\":\"https:\\\/\\\/fmsb.eu\\\/en\\\/\",\"name\":\"FMSB Abogados y Economistas en Baleares\",\"description\":\"\",\"publisher\":{\"@id\":\"https:\\\/\\\/fmsb.eu\\\/en\\\/#organization\"},\"potentialAction\":[{\"@type\":\"SearchAction\",\"target\":{\"@type\":\"EntryPoint\",\"urlTemplate\":\"https:\\\/\\\/fmsb.eu\\\/en\\\/?s={search_term_string}\"},\"query-input\":{\"@type\":\"PropertyValueSpecification\",\"valueRequired\":true,\"valueName\":\"search_term_string\"}}],\"inLanguage\":\"en-US\"},{\"@type\":\"Organization\",\"@id\":\"https:\\\/\\\/fmsb.eu\\\/en\\\/#organization\",\"name\":\"FMSB Abogados y Economistas en Baleares\",\"url\":\"https:\\\/\\\/fmsb.eu\\\/en\\\/\",\"logo\":{\"@type\":\"ImageObject\",\"inLanguage\":\"en-US\",\"@id\":\"https:\\\/\\\/fmsb.eu\\\/en\\\/#\\\/schema\\\/logo\\\/image\\\/\",\"url\":\"https:\\\/\\\/fmsb.eu\\\/wp-content\\\/uploads\\\/2025\\\/02\\\/logo.svg\",\"contentUrl\":\"https:\\\/\\\/fmsb.eu\\\/wp-content\\\/uploads\\\/2025\\\/02\\\/logo.svg\",\"width\":154,\"height\":52,\"caption\":\"FMSB Abogados y Economistas en Baleares\"},\"image\":{\"@id\":\"https:\\\/\\\/fmsb.eu\\\/en\\\/#\\\/schema\\\/logo\\\/image\\\/\"}},{\"@type\":\"Person\",\"@id\":\"https:\\\/\\\/fmsb.eu\\\/en\\\/#\\\/schema\\\/person\\\/9fba7c70814b0cd34d35d655d36a4ca2\",\"name\":\"fmsb\",\"image\":{\"@type\":\"ImageObject\",\"inLanguage\":\"en-US\",\"@id\":\"https:\\\/\\\/secure.gravatar.com\\\/avatar\\\/426f4d5b0ebcace85460caf87cdaaa193694b611e990615d87a13f322fb7ee7f?s=96&d=mm&r=g\",\"url\":\"https:\\\/\\\/secure.gravatar.com\\\/avatar\\\/426f4d5b0ebcace85460caf87cdaaa193694b611e990615d87a13f322fb7ee7f?s=96&d=mm&r=g\",\"contentUrl\":\"https:\\\/\\\/secure.gravatar.com\\\/avatar\\\/426f4d5b0ebcace85460caf87cdaaa193694b611e990615d87a13f322fb7ee7f?s=96&d=mm&r=g\",\"caption\":\"fmsb\"},\"sameAs\":[\"https:\\\/\\\/x.com\\\/fmsb-disstint\"],\"url\":\"https:\\\/\\\/fmsb.eu\\\/en\\\/author\\\/fmsb\\\/\"}]}<\/script>\n<!-- \/ Yoast SEO plugin. -->","yoast_head_json":{"title":"La Justicia anula una compraventa de trastero por no ser los compradores propietarios de vivienda alguna en el edificio - FMSB Abogados y Economistas en Baleares","robots":{"index":"index","follow":"follow","max-snippet":"max-snippet:-1","max-image-preview":"max-image-preview:large","max-video-preview":"max-video-preview:-1"},"canonical":"https:\/\/fmsb.eu\/en\/2023\/01\/18\/la-justicia-anula-una-compraventa-de-trastero-por-no-ser-los-compradores-propietarios-de-vivienda-alguna-en-el-edificio\/","og_locale":"en_US","og_type":"article","og_title":"La Justicia anula una compraventa de trastero por no ser los compradores propietarios de vivienda alguna en el edificio - FMSB Abogados y Economistas en Baleares","og_description":"&nbsp; Una reciente sentencia ha declarado nula la compraventa de unos trasteros ubicados en un edificio de viviendas por carecer los compradores de vivienda alguna en ese mismo edificio. La Audiencia provincial de Guipuzcoa ha entendido que dicha compraventa es contraria a una cl\u00e1usula recogida en los estatutos de la comunidad de propietarios la cual [&hellip;]","og_url":"https:\/\/fmsb.eu\/en\/2023\/01\/18\/la-justicia-anula-una-compraventa-de-trastero-por-no-ser-los-compradores-propietarios-de-vivienda-alguna-en-el-edificio\/","og_site_name":"FMSB Abogados y Economistas en Baleares","article_published_time":"2023-01-18T09:04:35+00:00","og_image":[{"width":955,"height":645,"url":"https:\/\/fmsb.eu\/wp-content\/uploads\/2023\/01\/FMSB-Abogados-La-justicia-anula-una-compraventa-de-trastero-porque-los-compradores-no-eran-propietarios-de-vivienda-en-el-edificio.jpg","type":"image\/jpeg"}],"author":"fmsb","twitter_card":"summary_large_image","twitter_creator":"@fmsb-disstint","twitter_misc":{"Written by":"fmsb","Est. reading time":"4 minutes"},"schema":{"@context":"https:\/\/schema.org","@graph":[{"@type":"Article","@id":"https:\/\/fmsb.eu\/en\/2023\/01\/18\/la-justicia-anula-una-compraventa-de-trastero-por-no-ser-los-compradores-propietarios-de-vivienda-alguna-en-el-edificio\/#article","isPartOf":{"@id":"https:\/\/fmsb.eu\/en\/2023\/01\/18\/la-justicia-anula-una-compraventa-de-trastero-por-no-ser-los-compradores-propietarios-de-vivienda-alguna-en-el-edificio\/"},"author":{"name":"fmsb","@id":"https:\/\/fmsb.eu\/en\/#\/schema\/person\/9fba7c70814b0cd34d35d655d36a4ca2"},"headline":"La Justicia anula una compraventa de trastero por no ser los compradores propietarios de vivienda alguna en el edificio","datePublished":"2023-01-18T09:04:35+00:00","mainEntityOfPage":{"@id":"https:\/\/fmsb.eu\/en\/2023\/01\/18\/la-justicia-anula-una-compraventa-de-trastero-por-no-ser-los-compradores-propietarios-de-vivienda-alguna-en-el-edificio\/"},"wordCount":702,"publisher":{"@id":"https:\/\/fmsb.eu\/en\/#organization"},"image":{"@id":"https:\/\/fmsb.eu\/en\/2023\/01\/18\/la-justicia-anula-una-compraventa-de-trastero-por-no-ser-los-compradores-propietarios-de-vivienda-alguna-en-el-edificio\/#primaryimage"},"thumbnailUrl":"https:\/\/fmsb.eu\/wp-content\/uploads\/2023\/01\/FMSB-Abogados-La-justicia-anula-una-compraventa-de-trastero-porque-los-compradores-no-eran-propietarios-de-vivienda-en-el-edificio.jpg","keywords":["abogados","aparcamiento","baleares","comunidad de propietarios","daci\u00f3n en pago","derecho","deuda","deudas","Direcci\u00f3n General de los Registros y del Notariado","direcci\u00f3n general de Seguridad Jur\u00eddica y Fe P\u00fablica","economistas","el arenal","fmsb","font mora sainz de baranda","gastos comunes","ibiza","inmueble","inmuebles","inscripci\u00f3n registral","jos\u00e9 ya\u00f1ez","law","lawyers","mallorca","Manacor","menorca","morosidad","moroso","personalidad jur\u00eddica","port d&#8217;andratx","puerto de andratx","solicitors","trastero","vivienda"],"articleSection":["blog","contratos","Derecho Civil","Derecho Urban\u00edstico e Inmobiliario","Home","obligaciones","propiedad horizontal"],"inLanguage":"en-US"},{"@type":"WebPage","@id":"https:\/\/fmsb.eu\/en\/2023\/01\/18\/la-justicia-anula-una-compraventa-de-trastero-por-no-ser-los-compradores-propietarios-de-vivienda-alguna-en-el-edificio\/","url":"https:\/\/fmsb.eu\/en\/2023\/01\/18\/la-justicia-anula-una-compraventa-de-trastero-por-no-ser-los-compradores-propietarios-de-vivienda-alguna-en-el-edificio\/","name":"La Justicia anula una compraventa de trastero por no ser los compradores propietarios de vivienda alguna en el edificio - FMSB Abogados y Economistas en Baleares","isPartOf":{"@id":"https:\/\/fmsb.eu\/en\/#website"},"primaryImageOfPage":{"@id":"https:\/\/fmsb.eu\/en\/2023\/01\/18\/la-justicia-anula-una-compraventa-de-trastero-por-no-ser-los-compradores-propietarios-de-vivienda-alguna-en-el-edificio\/#primaryimage"},"image":{"@id":"https:\/\/fmsb.eu\/en\/2023\/01\/18\/la-justicia-anula-una-compraventa-de-trastero-por-no-ser-los-compradores-propietarios-de-vivienda-alguna-en-el-edificio\/#primaryimage"},"thumbnailUrl":"https:\/\/fmsb.eu\/wp-content\/uploads\/2023\/01\/FMSB-Abogados-La-justicia-anula-una-compraventa-de-trastero-porque-los-compradores-no-eran-propietarios-de-vivienda-en-el-edificio.jpg","datePublished":"2023-01-18T09:04:35+00:00","breadcrumb":{"@id":"https:\/\/fmsb.eu\/en\/2023\/01\/18\/la-justicia-anula-una-compraventa-de-trastero-por-no-ser-los-compradores-propietarios-de-vivienda-alguna-en-el-edificio\/#breadcrumb"},"inLanguage":"en-US","potentialAction":[{"@type":"ReadAction","target":["https:\/\/fmsb.eu\/en\/2023\/01\/18\/la-justicia-anula-una-compraventa-de-trastero-por-no-ser-los-compradores-propietarios-de-vivienda-alguna-en-el-edificio\/"]}]},{"@type":"ImageObject","inLanguage":"en-US","@id":"https:\/\/fmsb.eu\/en\/2023\/01\/18\/la-justicia-anula-una-compraventa-de-trastero-por-no-ser-los-compradores-propietarios-de-vivienda-alguna-en-el-edificio\/#primaryimage","url":"https:\/\/fmsb.eu\/wp-content\/uploads\/2023\/01\/FMSB-Abogados-La-justicia-anula-una-compraventa-de-trastero-porque-los-compradores-no-eran-propietarios-de-vivienda-en-el-edificio.jpg","contentUrl":"https:\/\/fmsb.eu\/wp-content\/uploads\/2023\/01\/FMSB-Abogados-La-justicia-anula-una-compraventa-de-trastero-porque-los-compradores-no-eran-propietarios-de-vivienda-en-el-edificio.jpg","width":955,"height":645},{"@type":"BreadcrumbList","@id":"https:\/\/fmsb.eu\/en\/2023\/01\/18\/la-justicia-anula-una-compraventa-de-trastero-por-no-ser-los-compradores-propietarios-de-vivienda-alguna-en-el-edificio\/#breadcrumb","itemListElement":[{"@type":"ListItem","position":1,"name":"Portada","item":"https:\/\/fmsb.eu\/en\/"},{"@type":"ListItem","position":2,"name":"La Justicia anula una compraventa de trastero por no ser los compradores propietarios de vivienda alguna en el edificio"}]},{"@type":"WebSite","@id":"https:\/\/fmsb.eu\/en\/#website","url":"https:\/\/fmsb.eu\/en\/","name":"FMSB Abogados y Economistas en Baleares","description":"","publisher":{"@id":"https:\/\/fmsb.eu\/en\/#organization"},"potentialAction":[{"@type":"SearchAction","target":{"@type":"EntryPoint","urlTemplate":"https:\/\/fmsb.eu\/en\/?s={search_term_string}"},"query-input":{"@type":"PropertyValueSpecification","valueRequired":true,"valueName":"search_term_string"}}],"inLanguage":"en-US"},{"@type":"Organization","@id":"https:\/\/fmsb.eu\/en\/#organization","name":"FMSB Abogados y Economistas en Baleares","url":"https:\/\/fmsb.eu\/en\/","logo":{"@type":"ImageObject","inLanguage":"en-US","@id":"https:\/\/fmsb.eu\/en\/#\/schema\/logo\/image\/","url":"https:\/\/fmsb.eu\/wp-content\/uploads\/2025\/02\/logo.svg","contentUrl":"https:\/\/fmsb.eu\/wp-content\/uploads\/2025\/02\/logo.svg","width":154,"height":52,"caption":"FMSB Abogados y Economistas en Baleares"},"image":{"@id":"https:\/\/fmsb.eu\/en\/#\/schema\/logo\/image\/"}},{"@type":"Person","@id":"https:\/\/fmsb.eu\/en\/#\/schema\/person\/9fba7c70814b0cd34d35d655d36a4ca2","name":"fmsb","image":{"@type":"ImageObject","inLanguage":"en-US","@id":"https:\/\/secure.gravatar.com\/avatar\/426f4d5b0ebcace85460caf87cdaaa193694b611e990615d87a13f322fb7ee7f?s=96&d=mm&r=g","url":"https:\/\/secure.gravatar.com\/avatar\/426f4d5b0ebcace85460caf87cdaaa193694b611e990615d87a13f322fb7ee7f?s=96&d=mm&r=g","contentUrl":"https:\/\/secure.gravatar.com\/avatar\/426f4d5b0ebcace85460caf87cdaaa193694b611e990615d87a13f322fb7ee7f?s=96&d=mm&r=g","caption":"fmsb"},"sameAs":["https:\/\/x.com\/fmsb-disstint"],"url":"https:\/\/fmsb.eu\/en\/author\/fmsb\/"}]}},"_links":{"self":[{"href":"https:\/\/fmsb.eu\/en\/wp-json\/wp\/v2\/posts\/11260","targetHints":{"allow":["GET"]}}],"collection":[{"href":"https:\/\/fmsb.eu\/en\/wp-json\/wp\/v2\/posts"}],"about":[{"href":"https:\/\/fmsb.eu\/en\/wp-json\/wp\/v2\/types\/post"}],"author":[{"embeddable":true,"href":"https:\/\/fmsb.eu\/en\/wp-json\/wp\/v2\/users\/2"}],"replies":[{"embeddable":true,"href":"https:\/\/fmsb.eu\/en\/wp-json\/wp\/v2\/comments?post=11260"}],"version-history":[{"count":0,"href":"https:\/\/fmsb.eu\/en\/wp-json\/wp\/v2\/posts\/11260\/revisions"}],"wp:featuredmedia":[{"embeddable":true,"href":"https:\/\/fmsb.eu\/en\/wp-json\/wp\/v2\/media\/9912"}],"wp:attachment":[{"href":"https:\/\/fmsb.eu\/en\/wp-json\/wp\/v2\/media?parent=11260"}],"wp:term":[{"taxonomy":"category","embeddable":true,"href":"https:\/\/fmsb.eu\/en\/wp-json\/wp\/v2\/categories?post=11260"},{"taxonomy":"post_tag","embeddable":true,"href":"https:\/\/fmsb.eu\/en\/wp-json\/wp\/v2\/tags?post=11260"}],"curies":[{"name":"wp","href":"https:\/\/api.w.org\/{rel}","templated":true}]}}