{"id":11282,"date":"2022-12-03T18:01:44","date_gmt":"2022-12-03T17:01:44","guid":{"rendered":"http:\/\/fmsb.disstintbeta.com\/2022\/12\/03\/jorge-sainz-de-baranda-sobre-la-subida-de-impuestos-a-las-viviendas-de-lujo-en-baleares-en-informativos-fibwi\/"},"modified":"2022-12-03T18:01:44","modified_gmt":"2022-12-03T17:01:44","slug":"jorge-sainz-de-baranda-sobre-la-subida-de-impuestos-a-las-viviendas-de-lujo-en-baleares-en-informativos-fibwi","status":"publish","type":"post","link":"https:\/\/fmsb.eu\/en\/2022\/12\/03\/jorge-sainz-de-baranda-sobre-la-subida-de-impuestos-a-las-viviendas-de-lujo-en-baleares-en-informativos-fibwi\/","title":{"rendered":"Jorge Sainz de Baranda sobre la subida de impuestos a las viviendas de lujo en Baleares en informativos fibwi"},"content":{"rendered":"<p><iframe title=\"YouTube video player\" src=\"https:\/\/www.youtube.com\/embed\/mEvis3nANqw\" width=\"560\" height=\"315\" frameborder=\"0\" allowfullscreen=\"allowfullscreen\"><\/iframe><\/p>\n<p class=\"ulthora fecha_publicacion\"><span class=\"dia_mes_anno\" style=\"color: #000000;\">\u00a0<\/span><\/p>\n<h1><span style=\"color: #ffffff;\">&#8211;<\/span><\/h1>\n<div title=\"noticia 557362\">\n<h1 class=\"titulo\"><span style=\"color: #000000;\">Jorge Sainz de Baranda sobre la subida de impuestos a las viviendas de lujo en Baleares<\/span><\/h1>\n<\/div>\n<div id=\"firmante_767\" class=\"firmante\">\n<h1><span style=\"color: #ffffff;\">&#8211;<\/span><\/h1>\n<p>Enmienda conjunta de los grupos pol\u00edticos del <em>pacte de govern<\/em> en Baleares para subir los impuestos a las <strong>viviendas de lujo<\/strong> en las islas. Un incremento de un treinta y tres por ciento del impuesto de <strong>Actos Jur\u00eddicos Documentados<\/strong> que convierte a las islas en la Comunidad Aut\u00f3noma con mayor imposici\u00f3n en este \u00e1mbito. El abogado especializado en fiscalidad <strong>Jorge Sainz de Baranda<\/strong>, socio de <strong>Font Mora Sainz de Baranda &#8211;<\/strong><em>abogados y economistas<\/em><strong>&#8211;<\/strong>, fue entrevistado para el informativo <strong>fibwi<\/strong> al respecto.<\/p>\n<\/div>\n<div><\/div>\n<hr \/>\n<p><span style=\"color: #999999;\">#fmsb #fontmorasainzdebaranda #abogados #economistas #impuestos #transmisiones #baleares #viviendas #lujo #compraventa #actosjur\u00eddicos #fiscalidad #mallorca #menorca #ibiza #palma #elarenal #manacor #puertodeandratx #inca #fibwi #informativos<\/span><\/p>\n","protected":false},"excerpt":{"rendered":"<p>\u00a0 &#8211; Jorge Sainz de Baranda sobre la subida de impuestos a las viviendas de lujo en Baleares &#8211; Enmienda conjunta de los grupos pol\u00edticos del pacte de govern en Baleares para subir los impuestos a las viviendas de lujo en las islas. Un incremento de un treinta y tres por ciento del impuesto de [&hellip;]<\/p>\n","protected":false},"author":2,"featured_media":9884,"comment_status":"closed","ping_status":"open","sticky":false,"template":"","format":"standard","meta":{"footnotes":""},"categories":[2148,2149,2250,2152],"tags":[2156,4940,4941,2255,2158,2257,2619,2261,2262,2168,2169,4942,2629,2173,2266,2634,2175,2269,4943,2271,2637,4944,2274,2178,2179,2181,2182,2184,4945,2286,2186,4946,2190,2647,2295,2193,2304],"class_list":["post-11282","post","type-post","status-publish","format-standard","has-post-thumbnail","hentry","category-actualidad-en","category-blog-en-2","category-derecho-fiscal-en","category-home-en-2","tag-abogados-en","tag-actos-juridicos-documentados-en","tag-ajd-en","tag-asesores-en","tag-baleares-en","tag-comunidad-autonoma-en","tag-deflacion-en","tag-derecho-fiscal-en","tag-derecho-tributario-en","tag-economistas-en","tag-el-arenal-en","tag-enmienda-en","tag-extranjeros-en-2","tag-fmsb-en","tag-hacienda-en","tag-ibi-en","tag-ibiza-en-2","tag-illes-balears-en","tag-impuesto-sobre-transmisiones-patrimoniales-en","tag-impuestos-en-2","tag-incremento-del-valor-de-los-terrenos-de-naturaleza-urbana-en","tag-itp-en","tag-jorge-sainz-de-baranda-en","tag-law-en-2","tag-lawyers-en-2","tag-mallorca-en-2","tag-manacor-en","tag-menorca-en-2","tag-pacte-de-govern-en","tag-palma-en","tag-port-dandratx-en","tag-presupuestos-en","tag-puerto-de-andratx-en","tag-recargo-en","tag-residentes-fiscales-en","tag-solicitors-en","tag-tributos-en"],"yoast_head":"<!-- This site is optimized with the Yoast SEO plugin v27.3 - https:\/\/yoast.com\/product\/yoast-seo-wordpress\/ -->\n<title>Jorge Sainz de Baranda sobre la subida de impuestos a las viviendas de lujo en Baleares en informativos fibwi - FMSB Abogados y Economistas en Baleares<\/title>\n<meta name=\"robots\" content=\"index, follow, max-snippet:-1, max-image-preview:large, max-video-preview:-1\" \/>\n<link rel=\"canonical\" href=\"https:\/\/fmsb.eu\/en\/2022\/12\/03\/jorge-sainz-de-baranda-sobre-la-subida-de-impuestos-a-las-viviendas-de-lujo-en-baleares-en-informativos-fibwi\/\" \/>\n<meta property=\"og:locale\" content=\"en_US\" \/>\n<meta property=\"og:type\" content=\"article\" \/>\n<meta property=\"og:title\" content=\"Jorge Sainz de Baranda sobre la subida de impuestos a las viviendas de lujo en Baleares en informativos fibwi - FMSB Abogados y Economistas en Baleares\" \/>\n<meta property=\"og:description\" content=\"\u00a0 &#8211; Jorge Sainz de Baranda sobre la subida de impuestos a las viviendas de lujo en Baleares &#8211; Enmienda conjunta de los grupos pol\u00edticos del pacte de govern en Baleares para subir los impuestos a las viviendas de lujo en las islas. Un incremento de un treinta y tres por ciento del impuesto de [&hellip;]\" \/>\n<meta property=\"og:url\" content=\"https:\/\/fmsb.eu\/en\/2022\/12\/03\/jorge-sainz-de-baranda-sobre-la-subida-de-impuestos-a-las-viviendas-de-lujo-en-baleares-en-informativos-fibwi\/\" \/>\n<meta property=\"og:site_name\" content=\"FMSB Abogados y Economistas en Baleares\" \/>\n<meta property=\"article:published_time\" content=\"2022-12-03T17:01:44+00:00\" \/>\n<meta property=\"og:image\" content=\"https:\/\/fmsb.eu\/wp-content\/uploads\/2022\/12\/FMSB-Abogados-Jorge-Sainz-de-Baranda-viviendas-de-lujo.png\" \/>\n\t<meta property=\"og:image:width\" content=\"1825\" \/>\n\t<meta property=\"og:image:height\" content=\"1026\" \/>\n\t<meta property=\"og:image:type\" content=\"image\/png\" \/>\n<meta name=\"author\" content=\"fmsb\" \/>\n<meta name=\"twitter:card\" content=\"summary_large_image\" \/>\n<meta name=\"twitter:creator\" content=\"@fmsb-disstint\" \/>\n<meta name=\"twitter:label1\" content=\"Written by\" \/>\n\t<meta name=\"twitter:data1\" content=\"fmsb\" \/>\n\t<meta name=\"twitter:label2\" content=\"Est. reading time\" \/>\n\t<meta name=\"twitter:data2\" content=\"1 minute\" \/>\n<script type=\"application\/ld+json\" class=\"yoast-schema-graph\">{\"@context\":\"https:\\\/\\\/schema.org\",\"@graph\":[{\"@type\":\"Article\",\"@id\":\"https:\\\/\\\/fmsb.eu\\\/en\\\/2022\\\/12\\\/03\\\/jorge-sainz-de-baranda-sobre-la-subida-de-impuestos-a-las-viviendas-de-lujo-en-baleares-en-informativos-fibwi\\\/#article\",\"isPartOf\":{\"@id\":\"https:\\\/\\\/fmsb.eu\\\/en\\\/2022\\\/12\\\/03\\\/jorge-sainz-de-baranda-sobre-la-subida-de-impuestos-a-las-viviendas-de-lujo-en-baleares-en-informativos-fibwi\\\/\"},\"author\":{\"name\":\"fmsb\",\"@id\":\"https:\\\/\\\/fmsb.eu\\\/en\\\/#\\\/schema\\\/person\\\/9fba7c70814b0cd34d35d655d36a4ca2\"},\"headline\":\"Jorge Sainz de Baranda sobre la subida de impuestos a las viviendas de lujo en Baleares en informativos fibwi\",\"datePublished\":\"2022-12-03T17:01:44+00:00\",\"mainEntityOfPage\":{\"@id\":\"https:\\\/\\\/fmsb.eu\\\/en\\\/2022\\\/12\\\/03\\\/jorge-sainz-de-baranda-sobre-la-subida-de-impuestos-a-las-viviendas-de-lujo-en-baleares-en-informativos-fibwi\\\/\"},\"wordCount\":147,\"publisher\":{\"@id\":\"https:\\\/\\\/fmsb.eu\\\/en\\\/#organization\"},\"image\":{\"@id\":\"https:\\\/\\\/fmsb.eu\\\/en\\\/2022\\\/12\\\/03\\\/jorge-sainz-de-baranda-sobre-la-subida-de-impuestos-a-las-viviendas-de-lujo-en-baleares-en-informativos-fibwi\\\/#primaryimage\"},\"thumbnailUrl\":\"https:\\\/\\\/fmsb.eu\\\/wp-content\\\/uploads\\\/2022\\\/12\\\/FMSB-Abogados-Jorge-Sainz-de-Baranda-viviendas-de-lujo.png\",\"keywords\":[\"abogados\",\"actos jur\u00eddicos documentados\",\"ajd\",\"asesores\",\"baleares\",\"comunidad aut\u00f3noma\",\"deflaci\u00f3n\",\"derecho fiscal\",\"derecho tributario\",\"economistas\",\"el arenal\",\"enmienda\",\"extranjeros\",\"fmsb\",\"Hacienda\",\"ibi\",\"ibiza\",\"illes balears\",\"impuesto sobre transmisiones patrimoniales\",\"impuestos\",\"incremento del valor de los terrenos de naturaleza urbana\",\"itp\",\"jorge sainz de baranda\",\"law\",\"lawyers\",\"mallorca\",\"Manacor\",\"menorca\",\"pacte de govern\",\"Palma\",\"port d&#8217;andratx\",\"presupuestos\",\"puerto de andratx\",\"recargo\",\"residentes fiscales\",\"solicitors\",\"tributos\"],\"articleSection\":[\"actualidad\",\"blog\",\"Derecho Fiscal\",\"Home\"],\"inLanguage\":\"en-US\"},{\"@type\":\"WebPage\",\"@id\":\"https:\\\/\\\/fmsb.eu\\\/en\\\/2022\\\/12\\\/03\\\/jorge-sainz-de-baranda-sobre-la-subida-de-impuestos-a-las-viviendas-de-lujo-en-baleares-en-informativos-fibwi\\\/\",\"url\":\"https:\\\/\\\/fmsb.eu\\\/en\\\/2022\\\/12\\\/03\\\/jorge-sainz-de-baranda-sobre-la-subida-de-impuestos-a-las-viviendas-de-lujo-en-baleares-en-informativos-fibwi\\\/\",\"name\":\"Jorge Sainz de Baranda sobre la subida de impuestos a las viviendas de lujo en Baleares en informativos fibwi - FMSB Abogados y Economistas en Baleares\",\"isPartOf\":{\"@id\":\"https:\\\/\\\/fmsb.eu\\\/en\\\/#website\"},\"primaryImageOfPage\":{\"@id\":\"https:\\\/\\\/fmsb.eu\\\/en\\\/2022\\\/12\\\/03\\\/jorge-sainz-de-baranda-sobre-la-subida-de-impuestos-a-las-viviendas-de-lujo-en-baleares-en-informativos-fibwi\\\/#primaryimage\"},\"image\":{\"@id\":\"https:\\\/\\\/fmsb.eu\\\/en\\\/2022\\\/12\\\/03\\\/jorge-sainz-de-baranda-sobre-la-subida-de-impuestos-a-las-viviendas-de-lujo-en-baleares-en-informativos-fibwi\\\/#primaryimage\"},\"thumbnailUrl\":\"https:\\\/\\\/fmsb.eu\\\/wp-content\\\/uploads\\\/2022\\\/12\\\/FMSB-Abogados-Jorge-Sainz-de-Baranda-viviendas-de-lujo.png\",\"datePublished\":\"2022-12-03T17:01:44+00:00\",\"breadcrumb\":{\"@id\":\"https:\\\/\\\/fmsb.eu\\\/en\\\/2022\\\/12\\\/03\\\/jorge-sainz-de-baranda-sobre-la-subida-de-impuestos-a-las-viviendas-de-lujo-en-baleares-en-informativos-fibwi\\\/#breadcrumb\"},\"inLanguage\":\"en-US\",\"potentialAction\":[{\"@type\":\"ReadAction\",\"target\":[\"https:\\\/\\\/fmsb.eu\\\/en\\\/2022\\\/12\\\/03\\\/jorge-sainz-de-baranda-sobre-la-subida-de-impuestos-a-las-viviendas-de-lujo-en-baleares-en-informativos-fibwi\\\/\"]}]},{\"@type\":\"ImageObject\",\"inLanguage\":\"en-US\",\"@id\":\"https:\\\/\\\/fmsb.eu\\\/en\\\/2022\\\/12\\\/03\\\/jorge-sainz-de-baranda-sobre-la-subida-de-impuestos-a-las-viviendas-de-lujo-en-baleares-en-informativos-fibwi\\\/#primaryimage\",\"url\":\"https:\\\/\\\/fmsb.eu\\\/wp-content\\\/uploads\\\/2022\\\/12\\\/FMSB-Abogados-Jorge-Sainz-de-Baranda-viviendas-de-lujo.png\",\"contentUrl\":\"https:\\\/\\\/fmsb.eu\\\/wp-content\\\/uploads\\\/2022\\\/12\\\/FMSB-Abogados-Jorge-Sainz-de-Baranda-viviendas-de-lujo.png\",\"width\":1825,\"height\":1026},{\"@type\":\"BreadcrumbList\",\"@id\":\"https:\\\/\\\/fmsb.eu\\\/en\\\/2022\\\/12\\\/03\\\/jorge-sainz-de-baranda-sobre-la-subida-de-impuestos-a-las-viviendas-de-lujo-en-baleares-en-informativos-fibwi\\\/#breadcrumb\",\"itemListElement\":[{\"@type\":\"ListItem\",\"position\":1,\"name\":\"Portada\",\"item\":\"https:\\\/\\\/fmsb.eu\\\/en\\\/\"},{\"@type\":\"ListItem\",\"position\":2,\"name\":\"Jorge Sainz de Baranda sobre la subida de impuestos a las viviendas de lujo en Baleares en informativos fibwi\"}]},{\"@type\":\"WebSite\",\"@id\":\"https:\\\/\\\/fmsb.eu\\\/en\\\/#website\",\"url\":\"https:\\\/\\\/fmsb.eu\\\/en\\\/\",\"name\":\"FMSB Abogados y Economistas en Baleares\",\"description\":\"\",\"publisher\":{\"@id\":\"https:\\\/\\\/fmsb.eu\\\/en\\\/#organization\"},\"potentialAction\":[{\"@type\":\"SearchAction\",\"target\":{\"@type\":\"EntryPoint\",\"urlTemplate\":\"https:\\\/\\\/fmsb.eu\\\/en\\\/?s={search_term_string}\"},\"query-input\":{\"@type\":\"PropertyValueSpecification\",\"valueRequired\":true,\"valueName\":\"search_term_string\"}}],\"inLanguage\":\"en-US\"},{\"@type\":\"Organization\",\"@id\":\"https:\\\/\\\/fmsb.eu\\\/en\\\/#organization\",\"name\":\"FMSB Abogados y Economistas en Baleares\",\"url\":\"https:\\\/\\\/fmsb.eu\\\/en\\\/\",\"logo\":{\"@type\":\"ImageObject\",\"inLanguage\":\"en-US\",\"@id\":\"https:\\\/\\\/fmsb.eu\\\/en\\\/#\\\/schema\\\/logo\\\/image\\\/\",\"url\":\"https:\\\/\\\/fmsb.eu\\\/wp-content\\\/uploads\\\/2025\\\/02\\\/logo.svg\",\"contentUrl\":\"https:\\\/\\\/fmsb.eu\\\/wp-content\\\/uploads\\\/2025\\\/02\\\/logo.svg\",\"width\":154,\"height\":52,\"caption\":\"FMSB Abogados y Economistas en Baleares\"},\"image\":{\"@id\":\"https:\\\/\\\/fmsb.eu\\\/en\\\/#\\\/schema\\\/logo\\\/image\\\/\"}},{\"@type\":\"Person\",\"@id\":\"https:\\\/\\\/fmsb.eu\\\/en\\\/#\\\/schema\\\/person\\\/9fba7c70814b0cd34d35d655d36a4ca2\",\"name\":\"fmsb\",\"image\":{\"@type\":\"ImageObject\",\"inLanguage\":\"en-US\",\"@id\":\"https:\\\/\\\/secure.gravatar.com\\\/avatar\\\/426f4d5b0ebcace85460caf87cdaaa193694b611e990615d87a13f322fb7ee7f?s=96&d=mm&r=g\",\"url\":\"https:\\\/\\\/secure.gravatar.com\\\/avatar\\\/426f4d5b0ebcace85460caf87cdaaa193694b611e990615d87a13f322fb7ee7f?s=96&d=mm&r=g\",\"contentUrl\":\"https:\\\/\\\/secure.gravatar.com\\\/avatar\\\/426f4d5b0ebcace85460caf87cdaaa193694b611e990615d87a13f322fb7ee7f?s=96&d=mm&r=g\",\"caption\":\"fmsb\"},\"sameAs\":[\"https:\\\/\\\/x.com\\\/fmsb-disstint\"],\"url\":\"https:\\\/\\\/fmsb.eu\\\/en\\\/author\\\/fmsb\\\/\"}]}<\/script>\n<!-- \/ Yoast SEO plugin. -->","yoast_head_json":{"title":"Jorge Sainz de Baranda sobre la subida de impuestos a las viviendas de lujo en Baleares en informativos fibwi - FMSB Abogados y Economistas en Baleares","robots":{"index":"index","follow":"follow","max-snippet":"max-snippet:-1","max-image-preview":"max-image-preview:large","max-video-preview":"max-video-preview:-1"},"canonical":"https:\/\/fmsb.eu\/en\/2022\/12\/03\/jorge-sainz-de-baranda-sobre-la-subida-de-impuestos-a-las-viviendas-de-lujo-en-baleares-en-informativos-fibwi\/","og_locale":"en_US","og_type":"article","og_title":"Jorge Sainz de Baranda sobre la subida de impuestos a las viviendas de lujo en Baleares en informativos fibwi - FMSB Abogados y Economistas en Baleares","og_description":"\u00a0 &#8211; Jorge Sainz de Baranda sobre la subida de impuestos a las viviendas de lujo en Baleares &#8211; Enmienda conjunta de los grupos pol\u00edticos del pacte de govern en Baleares para subir los impuestos a las viviendas de lujo en las islas. Un incremento de un treinta y tres por ciento del impuesto de [&hellip;]","og_url":"https:\/\/fmsb.eu\/en\/2022\/12\/03\/jorge-sainz-de-baranda-sobre-la-subida-de-impuestos-a-las-viviendas-de-lujo-en-baleares-en-informativos-fibwi\/","og_site_name":"FMSB Abogados y Economistas en Baleares","article_published_time":"2022-12-03T17:01:44+00:00","og_image":[{"width":1825,"height":1026,"url":"https:\/\/fmsb.eu\/wp-content\/uploads\/2022\/12\/FMSB-Abogados-Jorge-Sainz-de-Baranda-viviendas-de-lujo.png","type":"image\/png"}],"author":"fmsb","twitter_card":"summary_large_image","twitter_creator":"@fmsb-disstint","twitter_misc":{"Written by":"fmsb","Est. reading time":"1 minute"},"schema":{"@context":"https:\/\/schema.org","@graph":[{"@type":"Article","@id":"https:\/\/fmsb.eu\/en\/2022\/12\/03\/jorge-sainz-de-baranda-sobre-la-subida-de-impuestos-a-las-viviendas-de-lujo-en-baleares-en-informativos-fibwi\/#article","isPartOf":{"@id":"https:\/\/fmsb.eu\/en\/2022\/12\/03\/jorge-sainz-de-baranda-sobre-la-subida-de-impuestos-a-las-viviendas-de-lujo-en-baleares-en-informativos-fibwi\/"},"author":{"name":"fmsb","@id":"https:\/\/fmsb.eu\/en\/#\/schema\/person\/9fba7c70814b0cd34d35d655d36a4ca2"},"headline":"Jorge Sainz de Baranda sobre la subida de impuestos a las viviendas de lujo en Baleares en informativos fibwi","datePublished":"2022-12-03T17:01:44+00:00","mainEntityOfPage":{"@id":"https:\/\/fmsb.eu\/en\/2022\/12\/03\/jorge-sainz-de-baranda-sobre-la-subida-de-impuestos-a-las-viviendas-de-lujo-en-baleares-en-informativos-fibwi\/"},"wordCount":147,"publisher":{"@id":"https:\/\/fmsb.eu\/en\/#organization"},"image":{"@id":"https:\/\/fmsb.eu\/en\/2022\/12\/03\/jorge-sainz-de-baranda-sobre-la-subida-de-impuestos-a-las-viviendas-de-lujo-en-baleares-en-informativos-fibwi\/#primaryimage"},"thumbnailUrl":"https:\/\/fmsb.eu\/wp-content\/uploads\/2022\/12\/FMSB-Abogados-Jorge-Sainz-de-Baranda-viviendas-de-lujo.png","keywords":["abogados","actos jur\u00eddicos documentados","ajd","asesores","baleares","comunidad aut\u00f3noma","deflaci\u00f3n","derecho fiscal","derecho tributario","economistas","el arenal","enmienda","extranjeros","fmsb","Hacienda","ibi","ibiza","illes balears","impuesto sobre transmisiones patrimoniales","impuestos","incremento del valor de los terrenos de naturaleza urbana","itp","jorge sainz de baranda","law","lawyers","mallorca","Manacor","menorca","pacte de govern","Palma","port d&#8217;andratx","presupuestos","puerto de andratx","recargo","residentes fiscales","solicitors","tributos"],"articleSection":["actualidad","blog","Derecho Fiscal","Home"],"inLanguage":"en-US"},{"@type":"WebPage","@id":"https:\/\/fmsb.eu\/en\/2022\/12\/03\/jorge-sainz-de-baranda-sobre-la-subida-de-impuestos-a-las-viviendas-de-lujo-en-baleares-en-informativos-fibwi\/","url":"https:\/\/fmsb.eu\/en\/2022\/12\/03\/jorge-sainz-de-baranda-sobre-la-subida-de-impuestos-a-las-viviendas-de-lujo-en-baleares-en-informativos-fibwi\/","name":"Jorge Sainz de Baranda sobre la subida de impuestos a las viviendas de lujo en Baleares en informativos fibwi - FMSB Abogados y Economistas en Baleares","isPartOf":{"@id":"https:\/\/fmsb.eu\/en\/#website"},"primaryImageOfPage":{"@id":"https:\/\/fmsb.eu\/en\/2022\/12\/03\/jorge-sainz-de-baranda-sobre-la-subida-de-impuestos-a-las-viviendas-de-lujo-en-baleares-en-informativos-fibwi\/#primaryimage"},"image":{"@id":"https:\/\/fmsb.eu\/en\/2022\/12\/03\/jorge-sainz-de-baranda-sobre-la-subida-de-impuestos-a-las-viviendas-de-lujo-en-baleares-en-informativos-fibwi\/#primaryimage"},"thumbnailUrl":"https:\/\/fmsb.eu\/wp-content\/uploads\/2022\/12\/FMSB-Abogados-Jorge-Sainz-de-Baranda-viviendas-de-lujo.png","datePublished":"2022-12-03T17:01:44+00:00","breadcrumb":{"@id":"https:\/\/fmsb.eu\/en\/2022\/12\/03\/jorge-sainz-de-baranda-sobre-la-subida-de-impuestos-a-las-viviendas-de-lujo-en-baleares-en-informativos-fibwi\/#breadcrumb"},"inLanguage":"en-US","potentialAction":[{"@type":"ReadAction","target":["https:\/\/fmsb.eu\/en\/2022\/12\/03\/jorge-sainz-de-baranda-sobre-la-subida-de-impuestos-a-las-viviendas-de-lujo-en-baleares-en-informativos-fibwi\/"]}]},{"@type":"ImageObject","inLanguage":"en-US","@id":"https:\/\/fmsb.eu\/en\/2022\/12\/03\/jorge-sainz-de-baranda-sobre-la-subida-de-impuestos-a-las-viviendas-de-lujo-en-baleares-en-informativos-fibwi\/#primaryimage","url":"https:\/\/fmsb.eu\/wp-content\/uploads\/2022\/12\/FMSB-Abogados-Jorge-Sainz-de-Baranda-viviendas-de-lujo.png","contentUrl":"https:\/\/fmsb.eu\/wp-content\/uploads\/2022\/12\/FMSB-Abogados-Jorge-Sainz-de-Baranda-viviendas-de-lujo.png","width":1825,"height":1026},{"@type":"BreadcrumbList","@id":"https:\/\/fmsb.eu\/en\/2022\/12\/03\/jorge-sainz-de-baranda-sobre-la-subida-de-impuestos-a-las-viviendas-de-lujo-en-baleares-en-informativos-fibwi\/#breadcrumb","itemListElement":[{"@type":"ListItem","position":1,"name":"Portada","item":"https:\/\/fmsb.eu\/en\/"},{"@type":"ListItem","position":2,"name":"Jorge Sainz de Baranda sobre la subida de impuestos a las viviendas de lujo en Baleares en informativos fibwi"}]},{"@type":"WebSite","@id":"https:\/\/fmsb.eu\/en\/#website","url":"https:\/\/fmsb.eu\/en\/","name":"FMSB Abogados y Economistas en Baleares","description":"","publisher":{"@id":"https:\/\/fmsb.eu\/en\/#organization"},"potentialAction":[{"@type":"SearchAction","target":{"@type":"EntryPoint","urlTemplate":"https:\/\/fmsb.eu\/en\/?s={search_term_string}"},"query-input":{"@type":"PropertyValueSpecification","valueRequired":true,"valueName":"search_term_string"}}],"inLanguage":"en-US"},{"@type":"Organization","@id":"https:\/\/fmsb.eu\/en\/#organization","name":"FMSB Abogados y Economistas en Baleares","url":"https:\/\/fmsb.eu\/en\/","logo":{"@type":"ImageObject","inLanguage":"en-US","@id":"https:\/\/fmsb.eu\/en\/#\/schema\/logo\/image\/","url":"https:\/\/fmsb.eu\/wp-content\/uploads\/2025\/02\/logo.svg","contentUrl":"https:\/\/fmsb.eu\/wp-content\/uploads\/2025\/02\/logo.svg","width":154,"height":52,"caption":"FMSB Abogados y Economistas en Baleares"},"image":{"@id":"https:\/\/fmsb.eu\/en\/#\/schema\/logo\/image\/"}},{"@type":"Person","@id":"https:\/\/fmsb.eu\/en\/#\/schema\/person\/9fba7c70814b0cd34d35d655d36a4ca2","name":"fmsb","image":{"@type":"ImageObject","inLanguage":"en-US","@id":"https:\/\/secure.gravatar.com\/avatar\/426f4d5b0ebcace85460caf87cdaaa193694b611e990615d87a13f322fb7ee7f?s=96&d=mm&r=g","url":"https:\/\/secure.gravatar.com\/avatar\/426f4d5b0ebcace85460caf87cdaaa193694b611e990615d87a13f322fb7ee7f?s=96&d=mm&r=g","contentUrl":"https:\/\/secure.gravatar.com\/avatar\/426f4d5b0ebcace85460caf87cdaaa193694b611e990615d87a13f322fb7ee7f?s=96&d=mm&r=g","caption":"fmsb"},"sameAs":["https:\/\/x.com\/fmsb-disstint"],"url":"https:\/\/fmsb.eu\/en\/author\/fmsb\/"}]}},"_links":{"self":[{"href":"https:\/\/fmsb.eu\/en\/wp-json\/wp\/v2\/posts\/11282","targetHints":{"allow":["GET"]}}],"collection":[{"href":"https:\/\/fmsb.eu\/en\/wp-json\/wp\/v2\/posts"}],"about":[{"href":"https:\/\/fmsb.eu\/en\/wp-json\/wp\/v2\/types\/post"}],"author":[{"embeddable":true,"href":"https:\/\/fmsb.eu\/en\/wp-json\/wp\/v2\/users\/2"}],"replies":[{"embeddable":true,"href":"https:\/\/fmsb.eu\/en\/wp-json\/wp\/v2\/comments?post=11282"}],"version-history":[{"count":0,"href":"https:\/\/fmsb.eu\/en\/wp-json\/wp\/v2\/posts\/11282\/revisions"}],"wp:featuredmedia":[{"embeddable":true,"href":"https:\/\/fmsb.eu\/en\/wp-json\/wp\/v2\/media\/9884"}],"wp:attachment":[{"href":"https:\/\/fmsb.eu\/en\/wp-json\/wp\/v2\/media?parent=11282"}],"wp:term":[{"taxonomy":"category","embeddable":true,"href":"https:\/\/fmsb.eu\/en\/wp-json\/wp\/v2\/categories?post=11282"},{"taxonomy":"post_tag","embeddable":true,"href":"https:\/\/fmsb.eu\/en\/wp-json\/wp\/v2\/tags?post=11282"}],"curies":[{"name":"wp","href":"https:\/\/api.w.org\/{rel}","templated":true}]}}