{"id":11310,"date":"2022-10-12T10:19:36","date_gmt":"2022-10-12T08:19:36","guid":{"rendered":"http:\/\/fmsb.disstintbeta.com\/2022\/10\/12\/un-juez-de-palma-niega-a-la-abuela-el-regimen-de-visitas-solicitado-para-mantener-contacto-con-su-nieto-menor-de-edad\/"},"modified":"2022-10-12T10:19:36","modified_gmt":"2022-10-12T08:19:36","slug":"un-juez-de-palma-niega-a-la-abuela-el-regimen-de-visitas-solicitado-para-mantener-contacto-con-su-nieto-menor-de-edad","status":"publish","type":"post","link":"https:\/\/fmsb.eu\/en\/2022\/10\/12\/un-juez-de-palma-niega-a-la-abuela-el-regimen-de-visitas-solicitado-para-mantener-contacto-con-su-nieto-menor-de-edad\/","title":{"rendered":"Un juez de Palma niega a la abuela el r\u00e9gimen de visitas para mantener contacto con su nieto menor de edad"},"content":{"rendered":"<p>&nbsp;<\/p>\n<p><a href=\"http:\/\/fmsb.disstintbeta.com\/wp-content\/uploads\/2022\/10\/FMSB-Abogados-Margalida-Fornaris-Juez-Palma-niega-regimen-de-visitas-a-una-abuela.jpg\"><img fetchpriority=\"high\" decoding=\"async\" class=\"alignnone wp-image-6320\" src=\"http:\/\/fmsb.disstintbeta.com\/wp-content\/uploads\/2022\/10\/FMSB-Abogados-Margalida-Fornaris-Juez-Palma-niega-regimen-de-visitas-a-una-abuela.jpg\" alt=\"\" width=\"800\" height=\"540\" srcset=\"https:\/\/font-mora-sainz-baranda.fra1.digitaloceanspaces.com\/wp-content\/uploads\/2022\/10\/FMSB-Abogados-Margalida-Fornaris-Juez-Palma-niega-regimen-de-visitas-a-una-abuela.jpg 955w, https:\/\/font-mora-sainz-baranda.fra1.digitaloceanspaces.com\/wp-content\/uploads\/2022\/10\/FMSB-Abogados-Margalida-Fornaris-Juez-Palma-niega-regimen-de-visitas-a-una-abuela-300x203.jpg 300w, https:\/\/font-mora-sainz-baranda.fra1.digitaloceanspaces.com\/wp-content\/uploads\/2022\/10\/FMSB-Abogados-Margalida-Fornaris-Juez-Palma-niega-regimen-de-visitas-a-una-abuela-768x519.jpg 768w\" sizes=\"(max-width: 800px) 100vw, 800px\" \/><\/a><\/p>\n<h1><span style=\"color: #ffffff;\">&#8211;<\/span><\/h1>\n<h1 class=\"news-heading\">Un juez de Palma niega a la abuela el r\u00e9gimen de visitas pedido para mantener contacto con su nieto menor de edad<\/h1>\n<h1><span style=\"color: #ffffff;\">&#8211;<\/span><\/h1>\n<p>Siempre ha sido de especial inter\u00e9s fomentar la relaci\u00f3n de los abuelos con respecto de sus nietos por entender que es enriquecedora y que desempe\u00f1a un papel crucial para la estabilidad del menor. Los abuelos, si se ven privados de visitas y comunicaci\u00f3n con los nietos, pueden, como interesados, iniciar acciones legales para solicitar un r\u00e9gimen de visitas con respecto de sus nietos. En el presente caso nos encontramos con una sentencia pionera en dicha cuesti\u00f3n por justo lo contrario: se priva de visitas a la abuela con respecto a su nieto por entender que estas pueden suponer un <strong>perjuicio para el desarrollo psicosocial y emocional del menor<\/strong>. Y es que, en muchas ocasiones, se comete el error de pensar que un v\u00ednculo de consanguinidad es suficiente para mantener la relaci\u00f3n y no es as\u00ed. Por muchas ganas e inter\u00e9s de tener y mantener un contacto, la decisi\u00f3n en este tipo de peticiones siempre se basa en el <strong>inter\u00e9s superior del menor<\/strong> implicado, que se entiende por encima de cualquier otro bien jur\u00eddico a proteger.<\/p>\n<p>La referida sentencia impide las visitas de la abuela con respecto de su nieto, no de manera caprichosa ni arbitraria, sino por entender que dicha privaci\u00f3n es lo m\u00e1s beneficioso para la estabilidad emocional del menor, quien, en este concreto caso, ni tan siquiera conoc\u00eda a su abuela, puesto que la relaci\u00f3n ya era nula desde hace a\u00f1os con respecto del progenitor del menor. Entiende la sentencia que la demandante ya no formaba parte del n\u00facleo familiar, puesto que durante a\u00f1os hubo una tensa y conflictiva relaci\u00f3n que desencaden\u00f3 en un abierto enfrentamiento, acrecentado con el paso del tiempo. Dicha nula relaci\u00f3n con su propio hijo ha desencadenado en una nula relaci\u00f3n con su nieto. Finalmente, la Justicia ha considerado que, ante dichas graves circunstancias,<strong> el establecimiento de un r\u00e9gimen forzoso de visitas para con su abuela no aportar\u00eda al menor beneficio alguno sino lo contrario, ir\u00eda en su contra<\/strong>.<\/p>\n<p>Como vemos, es sumamente importante atender a todas las circunstancias de cada caso concreto, que ser\u00e1n ponderadas por jueces y tribunales para emitir sus pronunciamientos y no sobreentender que el mero hecho de tener un grado de parentesco tan cercano como el de sus abuelos otorgar\u00e1 a estos autom\u00e1ticamente un derecho de visitas con respecto al menor.<\/p>\n<p>&nbsp;<\/p>\n<p>&nbsp;<\/p>\n<hr \/>\n<p><span style=\"color: #999999;\">#fmsb #fontmorasainzdebaranda #abogados #economistas #derecho #derechocivil #codigocivil #familia #hijos #nietos #menores #custodia #medidas #interesdelmenor #custodiacompartida #r\u00e9gimen #visitas #progenitor #parentesco #abuelos #baleares #mallorca #menorca #ibiza #law #lawyers #solicitors<\/span><\/p>\n","protected":false},"excerpt":{"rendered":"<p>&nbsp; &#8211; Un juez de Palma niega a la abuela el r\u00e9gimen de visitas pedido para mantener contacto con su nieto menor de edad &#8211; Siempre ha sido de especial inter\u00e9s fomentar la relaci\u00f3n de los abuelos con respecto de sus nietos por entender que es enriquecedora y que desempe\u00f1a un papel crucial para la [&hellip;]<\/p>\n","protected":false},"author":2,"featured_media":9854,"comment_status":"closed","ping_status":"open","sticky":false,"template":"","format":"standard","meta":{"footnotes":""},"categories":[2148,2149,2150,2714,2152],"tags":[2156,2716,2717,2158,2416,2718,2719,2720,2721,2166,2425,2722,2723,2168,2724,2173,2174,2175,2725,2178,2179,2181,2726,2727,2728,2184,2729,2730,2732,2733,2734,2736,2737,2738,2739,2740,2741],"class_list":["post-11310","post","type-post","status-publish","format-standard","has-post-thumbnail","hentry","category-actualidad-en","category-blog-en-2","category-derecho-civil-en","category-derecho-de-familia-en","category-home-en-2","tag-abogados-en","tag-abuelos-en","tag-audiencia-en","tag-baleares-en","tag-codigo-civil-en","tag-custodia-en","tag-custodia-compartida-en","tag-deberes-en","tag-demanda-en","tag-derecho-en","tag-derecho-civil-en","tag-desatencion-en","tag-desplazamiento-en","tag-economistas-en","tag-familia-en","tag-fmsb-en","tag-font-mora-sainz-de-baranda-en","tag-ibiza-en-2","tag-interes-del-menor-en","tag-law-en-2","tag-lawyers-en-2","tag-mallorca-en-2","tag-margalida-sanso-en","tag-medidas-con-respecto-a-los-hijos-en","tag-medidas-con-respecto-a-menores-en","tag-menorca-en-2","tag-menores-en","tag-modificacion-de-medidas-en","tag-nietos-en","tag-obligaciones-en","tag-progenitor-en","tag-relaciones-paternofiliales-en","tag-retirada-de-custodia-en","tag-sentencia-en","tag-solicit-en","tag-visita-en","tag-vuelo-en"],"yoast_head":"<!-- This site is optimized with the Yoast SEO plugin v27.3 - https:\/\/yoast.com\/product\/yoast-seo-wordpress\/ -->\n<title>Un juez de Palma niega a la abuela el r\u00e9gimen de visitas para mantener contacto con su nieto menor de edad - FMSB Abogados y Economistas en Baleares<\/title>\n<meta name=\"robots\" content=\"index, follow, max-snippet:-1, max-image-preview:large, max-video-preview:-1\" \/>\n<link rel=\"canonical\" href=\"https:\/\/fmsb.eu\/en\/2022\/10\/12\/un-juez-de-palma-niega-a-la-abuela-el-regimen-de-visitas-solicitado-para-mantener-contacto-con-su-nieto-menor-de-edad\/\" \/>\n<meta property=\"og:locale\" content=\"en_US\" \/>\n<meta property=\"og:type\" content=\"article\" \/>\n<meta property=\"og:title\" content=\"Un juez de Palma niega a la abuela el r\u00e9gimen de visitas para mantener contacto con su nieto menor de edad - FMSB Abogados y Economistas en Baleares\" \/>\n<meta property=\"og:description\" content=\"&nbsp; &#8211; Un juez de Palma niega a la abuela el r\u00e9gimen de visitas pedido para mantener contacto con su nieto menor de edad &#8211; Siempre ha sido de especial inter\u00e9s fomentar la relaci\u00f3n de los abuelos con respecto de sus nietos por entender que es enriquecedora y que desempe\u00f1a un papel crucial para la [&hellip;]\" \/>\n<meta property=\"og:url\" content=\"https:\/\/fmsb.eu\/en\/2022\/10\/12\/un-juez-de-palma-niega-a-la-abuela-el-regimen-de-visitas-solicitado-para-mantener-contacto-con-su-nieto-menor-de-edad\/\" \/>\n<meta property=\"og:site_name\" content=\"FMSB Abogados y Economistas en Baleares\" \/>\n<meta property=\"article:published_time\" content=\"2022-10-12T08:19:36+00:00\" \/>\n<meta property=\"og:image\" content=\"https:\/\/fmsb.eu\/wp-content\/uploads\/2022\/10\/FMSB-Abogados-Margalida-Fornaris-Juez-Palma-niega-regimen-de-visitas-a-una-abuela.jpg\" \/>\n\t<meta property=\"og:image:width\" content=\"955\" \/>\n\t<meta property=\"og:image:height\" content=\"645\" \/>\n\t<meta property=\"og:image:type\" content=\"image\/jpeg\" \/>\n<meta name=\"author\" content=\"fmsb\" \/>\n<meta name=\"twitter:card\" content=\"summary_large_image\" \/>\n<meta name=\"twitter:creator\" content=\"@fmsb-disstint\" \/>\n<meta name=\"twitter:label1\" content=\"Written by\" \/>\n\t<meta name=\"twitter:data1\" content=\"fmsb\" \/>\n\t<meta name=\"twitter:label2\" content=\"Est. reading time\" \/>\n\t<meta name=\"twitter:data2\" content=\"3 minutes\" \/>\n<script type=\"application\/ld+json\" class=\"yoast-schema-graph\">{\"@context\":\"https:\\\/\\\/schema.org\",\"@graph\":[{\"@type\":\"Article\",\"@id\":\"https:\\\/\\\/fmsb.eu\\\/en\\\/2022\\\/10\\\/12\\\/un-juez-de-palma-niega-a-la-abuela-el-regimen-de-visitas-solicitado-para-mantener-contacto-con-su-nieto-menor-de-edad\\\/#article\",\"isPartOf\":{\"@id\":\"https:\\\/\\\/fmsb.eu\\\/en\\\/2022\\\/10\\\/12\\\/un-juez-de-palma-niega-a-la-abuela-el-regimen-de-visitas-solicitado-para-mantener-contacto-con-su-nieto-menor-de-edad\\\/\"},\"author\":{\"name\":\"fmsb\",\"@id\":\"https:\\\/\\\/fmsb.eu\\\/en\\\/#\\\/schema\\\/person\\\/9fba7c70814b0cd34d35d655d36a4ca2\"},\"headline\":\"Un juez de Palma niega a la abuela el r\u00e9gimen de visitas para mantener contacto con su nieto menor de edad\",\"datePublished\":\"2022-10-12T08:19:36+00:00\",\"mainEntityOfPage\":{\"@id\":\"https:\\\/\\\/fmsb.eu\\\/en\\\/2022\\\/10\\\/12\\\/un-juez-de-palma-niega-a-la-abuela-el-regimen-de-visitas-solicitado-para-mantener-contacto-con-su-nieto-menor-de-edad\\\/\"},\"wordCount\":487,\"publisher\":{\"@id\":\"https:\\\/\\\/fmsb.eu\\\/en\\\/#organization\"},\"image\":{\"@id\":\"https:\\\/\\\/fmsb.eu\\\/en\\\/2022\\\/10\\\/12\\\/un-juez-de-palma-niega-a-la-abuela-el-regimen-de-visitas-solicitado-para-mantener-contacto-con-su-nieto-menor-de-edad\\\/#primaryimage\"},\"thumbnailUrl\":\"https:\\\/\\\/fmsb.eu\\\/wp-content\\\/uploads\\\/2022\\\/10\\\/FMSB-Abogados-Margalida-Fornaris-Juez-Palma-niega-regimen-de-visitas-a-una-abuela.jpg\",\"keywords\":[\"abogados\",\"abuelos\",\"audiencia\",\"baleares\",\"c\u00f3digo civil\",\"custodia\",\"custodia compartida\",\"deberes\",\"demanda\",\"derecho\",\"Derecho Civil\",\"desatenci\u00f3n\",\"desplazamiento\",\"economistas\",\"familia\",\"fmsb\",\"font mora sainz de baranda\",\"ibiza\",\"inter\u00e9s del menor\",\"law\",\"lawyers\",\"mallorca\",\"margalida sanso\",\"medidas con respecto a los hijos\",\"medidas con respecto a menores\",\"menorca\",\"menores\",\"modificaci\u00f3n de medidas\",\"nietos\",\"obligaciones\",\"progenitor\",\"relaciones paternofiliales\",\"retirada de custodia\",\"sentencia\",\"solicit\",\"visita\",\"vuelo\"],\"articleSection\":[\"actualidad\",\"blog\",\"Derecho Civil\",\"derecho de familia\",\"Home\"],\"inLanguage\":\"en-US\"},{\"@type\":\"WebPage\",\"@id\":\"https:\\\/\\\/fmsb.eu\\\/en\\\/2022\\\/10\\\/12\\\/un-juez-de-palma-niega-a-la-abuela-el-regimen-de-visitas-solicitado-para-mantener-contacto-con-su-nieto-menor-de-edad\\\/\",\"url\":\"https:\\\/\\\/fmsb.eu\\\/en\\\/2022\\\/10\\\/12\\\/un-juez-de-palma-niega-a-la-abuela-el-regimen-de-visitas-solicitado-para-mantener-contacto-con-su-nieto-menor-de-edad\\\/\",\"name\":\"Un juez de Palma niega a la abuela el r\u00e9gimen de visitas para mantener contacto con su nieto menor de edad - FMSB Abogados y Economistas en Baleares\",\"isPartOf\":{\"@id\":\"https:\\\/\\\/fmsb.eu\\\/en\\\/#website\"},\"primaryImageOfPage\":{\"@id\":\"https:\\\/\\\/fmsb.eu\\\/en\\\/2022\\\/10\\\/12\\\/un-juez-de-palma-niega-a-la-abuela-el-regimen-de-visitas-solicitado-para-mantener-contacto-con-su-nieto-menor-de-edad\\\/#primaryimage\"},\"image\":{\"@id\":\"https:\\\/\\\/fmsb.eu\\\/en\\\/2022\\\/10\\\/12\\\/un-juez-de-palma-niega-a-la-abuela-el-regimen-de-visitas-solicitado-para-mantener-contacto-con-su-nieto-menor-de-edad\\\/#primaryimage\"},\"thumbnailUrl\":\"https:\\\/\\\/fmsb.eu\\\/wp-content\\\/uploads\\\/2022\\\/10\\\/FMSB-Abogados-Margalida-Fornaris-Juez-Palma-niega-regimen-de-visitas-a-una-abuela.jpg\",\"datePublished\":\"2022-10-12T08:19:36+00:00\",\"breadcrumb\":{\"@id\":\"https:\\\/\\\/fmsb.eu\\\/en\\\/2022\\\/10\\\/12\\\/un-juez-de-palma-niega-a-la-abuela-el-regimen-de-visitas-solicitado-para-mantener-contacto-con-su-nieto-menor-de-edad\\\/#breadcrumb\"},\"inLanguage\":\"en-US\",\"potentialAction\":[{\"@type\":\"ReadAction\",\"target\":[\"https:\\\/\\\/fmsb.eu\\\/en\\\/2022\\\/10\\\/12\\\/un-juez-de-palma-niega-a-la-abuela-el-regimen-de-visitas-solicitado-para-mantener-contacto-con-su-nieto-menor-de-edad\\\/\"]}]},{\"@type\":\"ImageObject\",\"inLanguage\":\"en-US\",\"@id\":\"https:\\\/\\\/fmsb.eu\\\/en\\\/2022\\\/10\\\/12\\\/un-juez-de-palma-niega-a-la-abuela-el-regimen-de-visitas-solicitado-para-mantener-contacto-con-su-nieto-menor-de-edad\\\/#primaryimage\",\"url\":\"https:\\\/\\\/fmsb.eu\\\/wp-content\\\/uploads\\\/2022\\\/10\\\/FMSB-Abogados-Margalida-Fornaris-Juez-Palma-niega-regimen-de-visitas-a-una-abuela.jpg\",\"contentUrl\":\"https:\\\/\\\/fmsb.eu\\\/wp-content\\\/uploads\\\/2022\\\/10\\\/FMSB-Abogados-Margalida-Fornaris-Juez-Palma-niega-regimen-de-visitas-a-una-abuela.jpg\",\"width\":955,\"height\":645},{\"@type\":\"BreadcrumbList\",\"@id\":\"https:\\\/\\\/fmsb.eu\\\/en\\\/2022\\\/10\\\/12\\\/un-juez-de-palma-niega-a-la-abuela-el-regimen-de-visitas-solicitado-para-mantener-contacto-con-su-nieto-menor-de-edad\\\/#breadcrumb\",\"itemListElement\":[{\"@type\":\"ListItem\",\"position\":1,\"name\":\"Portada\",\"item\":\"https:\\\/\\\/fmsb.eu\\\/en\\\/\"},{\"@type\":\"ListItem\",\"position\":2,\"name\":\"Un juez de Palma niega a la abuela el r\u00e9gimen de visitas para mantener contacto con su nieto menor de edad\"}]},{\"@type\":\"WebSite\",\"@id\":\"https:\\\/\\\/fmsb.eu\\\/en\\\/#website\",\"url\":\"https:\\\/\\\/fmsb.eu\\\/en\\\/\",\"name\":\"FMSB Abogados y Economistas en Baleares\",\"description\":\"\",\"publisher\":{\"@id\":\"https:\\\/\\\/fmsb.eu\\\/en\\\/#organization\"},\"potentialAction\":[{\"@type\":\"SearchAction\",\"target\":{\"@type\":\"EntryPoint\",\"urlTemplate\":\"https:\\\/\\\/fmsb.eu\\\/en\\\/?s={search_term_string}\"},\"query-input\":{\"@type\":\"PropertyValueSpecification\",\"valueRequired\":true,\"valueName\":\"search_term_string\"}}],\"inLanguage\":\"en-US\"},{\"@type\":\"Organization\",\"@id\":\"https:\\\/\\\/fmsb.eu\\\/en\\\/#organization\",\"name\":\"FMSB Abogados y Economistas en Baleares\",\"url\":\"https:\\\/\\\/fmsb.eu\\\/en\\\/\",\"logo\":{\"@type\":\"ImageObject\",\"inLanguage\":\"en-US\",\"@id\":\"https:\\\/\\\/fmsb.eu\\\/en\\\/#\\\/schema\\\/logo\\\/image\\\/\",\"url\":\"https:\\\/\\\/fmsb.eu\\\/wp-content\\\/uploads\\\/2025\\\/02\\\/logo.svg\",\"contentUrl\":\"https:\\\/\\\/fmsb.eu\\\/wp-content\\\/uploads\\\/2025\\\/02\\\/logo.svg\",\"width\":154,\"height\":52,\"caption\":\"FMSB Abogados y Economistas en Baleares\"},\"image\":{\"@id\":\"https:\\\/\\\/fmsb.eu\\\/en\\\/#\\\/schema\\\/logo\\\/image\\\/\"}},{\"@type\":\"Person\",\"@id\":\"https:\\\/\\\/fmsb.eu\\\/en\\\/#\\\/schema\\\/person\\\/9fba7c70814b0cd34d35d655d36a4ca2\",\"name\":\"fmsb\",\"image\":{\"@type\":\"ImageObject\",\"inLanguage\":\"en-US\",\"@id\":\"https:\\\/\\\/secure.gravatar.com\\\/avatar\\\/426f4d5b0ebcace85460caf87cdaaa193694b611e990615d87a13f322fb7ee7f?s=96&d=mm&r=g\",\"url\":\"https:\\\/\\\/secure.gravatar.com\\\/avatar\\\/426f4d5b0ebcace85460caf87cdaaa193694b611e990615d87a13f322fb7ee7f?s=96&d=mm&r=g\",\"contentUrl\":\"https:\\\/\\\/secure.gravatar.com\\\/avatar\\\/426f4d5b0ebcace85460caf87cdaaa193694b611e990615d87a13f322fb7ee7f?s=96&d=mm&r=g\",\"caption\":\"fmsb\"},\"sameAs\":[\"https:\\\/\\\/x.com\\\/fmsb-disstint\"],\"url\":\"https:\\\/\\\/fmsb.eu\\\/en\\\/author\\\/fmsb\\\/\"}]}<\/script>\n<!-- \/ Yoast SEO plugin. -->","yoast_head_json":{"title":"Un juez de Palma niega a la abuela el r\u00e9gimen de visitas para mantener contacto con su nieto menor de edad - FMSB Abogados y Economistas en Baleares","robots":{"index":"index","follow":"follow","max-snippet":"max-snippet:-1","max-image-preview":"max-image-preview:large","max-video-preview":"max-video-preview:-1"},"canonical":"https:\/\/fmsb.eu\/en\/2022\/10\/12\/un-juez-de-palma-niega-a-la-abuela-el-regimen-de-visitas-solicitado-para-mantener-contacto-con-su-nieto-menor-de-edad\/","og_locale":"en_US","og_type":"article","og_title":"Un juez de Palma niega a la abuela el r\u00e9gimen de visitas para mantener contacto con su nieto menor de edad - FMSB Abogados y Economistas en Baleares","og_description":"&nbsp; &#8211; Un juez de Palma niega a la abuela el r\u00e9gimen de visitas pedido para mantener contacto con su nieto menor de edad &#8211; Siempre ha sido de especial inter\u00e9s fomentar la relaci\u00f3n de los abuelos con respecto de sus nietos por entender que es enriquecedora y que desempe\u00f1a un papel crucial para la [&hellip;]","og_url":"https:\/\/fmsb.eu\/en\/2022\/10\/12\/un-juez-de-palma-niega-a-la-abuela-el-regimen-de-visitas-solicitado-para-mantener-contacto-con-su-nieto-menor-de-edad\/","og_site_name":"FMSB Abogados y Economistas en Baleares","article_published_time":"2022-10-12T08:19:36+00:00","og_image":[{"width":955,"height":645,"url":"https:\/\/fmsb.eu\/wp-content\/uploads\/2022\/10\/FMSB-Abogados-Margalida-Fornaris-Juez-Palma-niega-regimen-de-visitas-a-una-abuela.jpg","type":"image\/jpeg"}],"author":"fmsb","twitter_card":"summary_large_image","twitter_creator":"@fmsb-disstint","twitter_misc":{"Written by":"fmsb","Est. reading time":"3 minutes"},"schema":{"@context":"https:\/\/schema.org","@graph":[{"@type":"Article","@id":"https:\/\/fmsb.eu\/en\/2022\/10\/12\/un-juez-de-palma-niega-a-la-abuela-el-regimen-de-visitas-solicitado-para-mantener-contacto-con-su-nieto-menor-de-edad\/#article","isPartOf":{"@id":"https:\/\/fmsb.eu\/en\/2022\/10\/12\/un-juez-de-palma-niega-a-la-abuela-el-regimen-de-visitas-solicitado-para-mantener-contacto-con-su-nieto-menor-de-edad\/"},"author":{"name":"fmsb","@id":"https:\/\/fmsb.eu\/en\/#\/schema\/person\/9fba7c70814b0cd34d35d655d36a4ca2"},"headline":"Un juez de Palma niega a la abuela el r\u00e9gimen de visitas para mantener contacto con su nieto menor de edad","datePublished":"2022-10-12T08:19:36+00:00","mainEntityOfPage":{"@id":"https:\/\/fmsb.eu\/en\/2022\/10\/12\/un-juez-de-palma-niega-a-la-abuela-el-regimen-de-visitas-solicitado-para-mantener-contacto-con-su-nieto-menor-de-edad\/"},"wordCount":487,"publisher":{"@id":"https:\/\/fmsb.eu\/en\/#organization"},"image":{"@id":"https:\/\/fmsb.eu\/en\/2022\/10\/12\/un-juez-de-palma-niega-a-la-abuela-el-regimen-de-visitas-solicitado-para-mantener-contacto-con-su-nieto-menor-de-edad\/#primaryimage"},"thumbnailUrl":"https:\/\/fmsb.eu\/wp-content\/uploads\/2022\/10\/FMSB-Abogados-Margalida-Fornaris-Juez-Palma-niega-regimen-de-visitas-a-una-abuela.jpg","keywords":["abogados","abuelos","audiencia","baleares","c\u00f3digo civil","custodia","custodia compartida","deberes","demanda","derecho","Derecho Civil","desatenci\u00f3n","desplazamiento","economistas","familia","fmsb","font mora sainz de baranda","ibiza","inter\u00e9s del menor","law","lawyers","mallorca","margalida sanso","medidas con respecto a los hijos","medidas con respecto a menores","menorca","menores","modificaci\u00f3n de medidas","nietos","obligaciones","progenitor","relaciones paternofiliales","retirada de custodia","sentencia","solicit","visita","vuelo"],"articleSection":["actualidad","blog","Derecho Civil","derecho de familia","Home"],"inLanguage":"en-US"},{"@type":"WebPage","@id":"https:\/\/fmsb.eu\/en\/2022\/10\/12\/un-juez-de-palma-niega-a-la-abuela-el-regimen-de-visitas-solicitado-para-mantener-contacto-con-su-nieto-menor-de-edad\/","url":"https:\/\/fmsb.eu\/en\/2022\/10\/12\/un-juez-de-palma-niega-a-la-abuela-el-regimen-de-visitas-solicitado-para-mantener-contacto-con-su-nieto-menor-de-edad\/","name":"Un juez de Palma niega a la abuela el r\u00e9gimen de visitas para mantener contacto con su nieto menor de edad - FMSB Abogados y Economistas en Baleares","isPartOf":{"@id":"https:\/\/fmsb.eu\/en\/#website"},"primaryImageOfPage":{"@id":"https:\/\/fmsb.eu\/en\/2022\/10\/12\/un-juez-de-palma-niega-a-la-abuela-el-regimen-de-visitas-solicitado-para-mantener-contacto-con-su-nieto-menor-de-edad\/#primaryimage"},"image":{"@id":"https:\/\/fmsb.eu\/en\/2022\/10\/12\/un-juez-de-palma-niega-a-la-abuela-el-regimen-de-visitas-solicitado-para-mantener-contacto-con-su-nieto-menor-de-edad\/#primaryimage"},"thumbnailUrl":"https:\/\/fmsb.eu\/wp-content\/uploads\/2022\/10\/FMSB-Abogados-Margalida-Fornaris-Juez-Palma-niega-regimen-de-visitas-a-una-abuela.jpg","datePublished":"2022-10-12T08:19:36+00:00","breadcrumb":{"@id":"https:\/\/fmsb.eu\/en\/2022\/10\/12\/un-juez-de-palma-niega-a-la-abuela-el-regimen-de-visitas-solicitado-para-mantener-contacto-con-su-nieto-menor-de-edad\/#breadcrumb"},"inLanguage":"en-US","potentialAction":[{"@type":"ReadAction","target":["https:\/\/fmsb.eu\/en\/2022\/10\/12\/un-juez-de-palma-niega-a-la-abuela-el-regimen-de-visitas-solicitado-para-mantener-contacto-con-su-nieto-menor-de-edad\/"]}]},{"@type":"ImageObject","inLanguage":"en-US","@id":"https:\/\/fmsb.eu\/en\/2022\/10\/12\/un-juez-de-palma-niega-a-la-abuela-el-regimen-de-visitas-solicitado-para-mantener-contacto-con-su-nieto-menor-de-edad\/#primaryimage","url":"https:\/\/fmsb.eu\/wp-content\/uploads\/2022\/10\/FMSB-Abogados-Margalida-Fornaris-Juez-Palma-niega-regimen-de-visitas-a-una-abuela.jpg","contentUrl":"https:\/\/fmsb.eu\/wp-content\/uploads\/2022\/10\/FMSB-Abogados-Margalida-Fornaris-Juez-Palma-niega-regimen-de-visitas-a-una-abuela.jpg","width":955,"height":645},{"@type":"BreadcrumbList","@id":"https:\/\/fmsb.eu\/en\/2022\/10\/12\/un-juez-de-palma-niega-a-la-abuela-el-regimen-de-visitas-solicitado-para-mantener-contacto-con-su-nieto-menor-de-edad\/#breadcrumb","itemListElement":[{"@type":"ListItem","position":1,"name":"Portada","item":"https:\/\/fmsb.eu\/en\/"},{"@type":"ListItem","position":2,"name":"Un juez de Palma niega a la abuela el r\u00e9gimen de visitas para mantener contacto con su nieto menor de edad"}]},{"@type":"WebSite","@id":"https:\/\/fmsb.eu\/en\/#website","url":"https:\/\/fmsb.eu\/en\/","name":"FMSB Abogados y Economistas en Baleares","description":"","publisher":{"@id":"https:\/\/fmsb.eu\/en\/#organization"},"potentialAction":[{"@type":"SearchAction","target":{"@type":"EntryPoint","urlTemplate":"https:\/\/fmsb.eu\/en\/?s={search_term_string}"},"query-input":{"@type":"PropertyValueSpecification","valueRequired":true,"valueName":"search_term_string"}}],"inLanguage":"en-US"},{"@type":"Organization","@id":"https:\/\/fmsb.eu\/en\/#organization","name":"FMSB Abogados y Economistas en Baleares","url":"https:\/\/fmsb.eu\/en\/","logo":{"@type":"ImageObject","inLanguage":"en-US","@id":"https:\/\/fmsb.eu\/en\/#\/schema\/logo\/image\/","url":"https:\/\/fmsb.eu\/wp-content\/uploads\/2025\/02\/logo.svg","contentUrl":"https:\/\/fmsb.eu\/wp-content\/uploads\/2025\/02\/logo.svg","width":154,"height":52,"caption":"FMSB Abogados y Economistas en Baleares"},"image":{"@id":"https:\/\/fmsb.eu\/en\/#\/schema\/logo\/image\/"}},{"@type":"Person","@id":"https:\/\/fmsb.eu\/en\/#\/schema\/person\/9fba7c70814b0cd34d35d655d36a4ca2","name":"fmsb","image":{"@type":"ImageObject","inLanguage":"en-US","@id":"https:\/\/secure.gravatar.com\/avatar\/426f4d5b0ebcace85460caf87cdaaa193694b611e990615d87a13f322fb7ee7f?s=96&d=mm&r=g","url":"https:\/\/secure.gravatar.com\/avatar\/426f4d5b0ebcace85460caf87cdaaa193694b611e990615d87a13f322fb7ee7f?s=96&d=mm&r=g","contentUrl":"https:\/\/secure.gravatar.com\/avatar\/426f4d5b0ebcace85460caf87cdaaa193694b611e990615d87a13f322fb7ee7f?s=96&d=mm&r=g","caption":"fmsb"},"sameAs":["https:\/\/x.com\/fmsb-disstint"],"url":"https:\/\/fmsb.eu\/en\/author\/fmsb\/"}]}},"_links":{"self":[{"href":"https:\/\/fmsb.eu\/en\/wp-json\/wp\/v2\/posts\/11310","targetHints":{"allow":["GET"]}}],"collection":[{"href":"https:\/\/fmsb.eu\/en\/wp-json\/wp\/v2\/posts"}],"about":[{"href":"https:\/\/fmsb.eu\/en\/wp-json\/wp\/v2\/types\/post"}],"author":[{"embeddable":true,"href":"https:\/\/fmsb.eu\/en\/wp-json\/wp\/v2\/users\/2"}],"replies":[{"embeddable":true,"href":"https:\/\/fmsb.eu\/en\/wp-json\/wp\/v2\/comments?post=11310"}],"version-history":[{"count":0,"href":"https:\/\/fmsb.eu\/en\/wp-json\/wp\/v2\/posts\/11310\/revisions"}],"wp:featuredmedia":[{"embeddable":true,"href":"https:\/\/fmsb.eu\/en\/wp-json\/wp\/v2\/media\/9854"}],"wp:attachment":[{"href":"https:\/\/fmsb.eu\/en\/wp-json\/wp\/v2\/media?parent=11310"}],"wp:term":[{"taxonomy":"category","embeddable":true,"href":"https:\/\/fmsb.eu\/en\/wp-json\/wp\/v2\/categories?post=11310"},{"taxonomy":"post_tag","embeddable":true,"href":"https:\/\/fmsb.eu\/en\/wp-json\/wp\/v2\/tags?post=11310"}],"curies":[{"name":"wp","href":"https:\/\/api.w.org\/{rel}","templated":true}]}}