{"id":11312,"date":"2022-10-07T15:05:07","date_gmt":"2022-10-07T13:05:07","guid":{"rendered":"http:\/\/fmsb.disstintbeta.com\/2022\/10\/07\/deflactacion-o-deflagracion-del-irpf-truco-o-trato-articulo-de-opinion-de-jorge-sainz-de-baranda-en-mallorcadiario\/"},"modified":"2022-10-07T15:05:07","modified_gmt":"2022-10-07T13:05:07","slug":"deflactacion-o-deflagracion-del-irpf-truco-o-trato-articulo-de-opinion-de-jorge-sainz-de-baranda-en-mallorcadiario","status":"publish","type":"post","link":"https:\/\/fmsb.eu\/en\/2022\/10\/07\/deflactacion-o-deflagracion-del-irpf-truco-o-trato-articulo-de-opinion-de-jorge-sainz-de-baranda-en-mallorcadiario\/","title":{"rendered":"\u00bfDeflactaci\u00f3n o deflagraci\u00f3n del IRPF?  \u00bfTruco o trato? , art\u00edculo de opini\u00f3n de Jorge S\u00e1inz de Baranda en Mallorcadiario"},"content":{"rendered":"<p>&nbsp;<\/p>\n<div class=\"navegacion\">\n<h3 class=\"antesubtitulo antetit\"><a href=\"http:\/\/www.mallorcadiario.com\"><span style=\"color: #993300;\"><strong>mallorcadiario.com<\/strong><\/span><\/a>\u00a0 <a href=\"https:\/\/www.mallorcadiario.com\/jorge-sainz-de-baranda\/autor\/767\/\">Opini\u00f3n<\/a><\/h3>\n<\/div>\n<p><a href=\"http:\/\/fmsb.disstintbeta.com\/wp-content\/uploads\/2022\/10\/FMSB-Abogados-Jorge-Sainz-de-Baranda-Mallorcadiario-Deflactacion-o-deflagracion-del-IRPF-00.jpg\"><img fetchpriority=\"high\" decoding=\"async\" class=\"alignnone wp-image-6314\" src=\"http:\/\/fmsb.disstintbeta.com\/wp-content\/uploads\/2022\/10\/FMSB-Abogados-Jorge-Sainz-de-Baranda-Mallorcadiario-Deflactacion-o-deflagracion-del-IRPF-00.jpg\" alt=\"\" width=\"800\" height=\"600\" srcset=\"https:\/\/font-mora-sainz-baranda.fra1.digitaloceanspaces.com\/wp-content\/uploads\/2022\/10\/FMSB-Abogados-Jorge-Sainz-de-Baranda-Mallorcadiario-Deflactacion-o-deflagracion-del-IRPF-00.jpg 1600w, https:\/\/font-mora-sainz-baranda.fra1.digitaloceanspaces.com\/wp-content\/uploads\/2022\/10\/FMSB-Abogados-Jorge-Sainz-de-Baranda-Mallorcadiario-Deflactacion-o-deflagracion-del-IRPF-00-300x225.jpg 300w, https:\/\/font-mora-sainz-baranda.fra1.digitaloceanspaces.com\/wp-content\/uploads\/2022\/10\/FMSB-Abogados-Jorge-Sainz-de-Baranda-Mallorcadiario-Deflactacion-o-deflagracion-del-IRPF-00-1024x768.jpg 1024w, https:\/\/font-mora-sainz-baranda.fra1.digitaloceanspaces.com\/wp-content\/uploads\/2022\/10\/FMSB-Abogados-Jorge-Sainz-de-Baranda-Mallorcadiario-Deflactacion-o-deflagracion-del-IRPF-00-768x576.jpg 768w, https:\/\/font-mora-sainz-baranda.fra1.digitaloceanspaces.com\/wp-content\/uploads\/2022\/10\/FMSB-Abogados-Jorge-Sainz-de-Baranda-Mallorcadiario-Deflactacion-o-deflagracion-del-IRPF-00-1536x1152.jpg 1536w\" sizes=\"(max-width: 800px) 100vw, 800px\" \/><\/a><\/p>\n<p>&nbsp;<\/p>\n<div class=\"navegacion\">\n<h6 class=\"ulthora fecha_publicacion\"><span class=\"dia_mes_anno\">DOMINGO 9 DE OCTUBRE DE 2022<br \/>\n<\/span><\/h6>\n<\/div>\n<h6 class=\"ulthora fecha_publicacion\"><span class=\"dia_mes_anno\" style=\"color: #ffffff;\">\u00a0<\/span><\/h6>\n<div title=\"noticia 557362\">\n<h1 class=\"titulo\"><a href=\"https:\/\/www.mallorcadiario.com\/jorge-sainz-de-baranda\/autor\/767\/\"><strong>\u00bfDeflactaci\u00f3n o deflagraci\u00f3n del IRPF? \u00bfTruco o trato?<\/strong><\/a><\/h1>\n<\/div>\n<div id=\"firmante_767\" class=\"firmante\">\n<p>Por\u00a0<strong><span class=\"nombre_firmante\">Jorge S\u00e1inz de Baranda<\/span><\/strong><\/p>\n<h6><a href=\"https:\/\/www.mallorcadiario.com\/jorge-sainz-de-baranda\/autor\/767\/\"><strong><span style=\"color: #993300;\">M\u00c1S ART\u00cdCULOS DEL AUTOR<\/span><\/strong><\/a><\/h6>\n<p><strong>\u00a0<\/strong><\/p>\n<p>Ya les he hablado en otros art\u00edculos de la expresi\u00f3n <em>\u00ab\u00bftruco o trato?\u00bb<\/em>, pero, a riesgo de repetirme como una buena cabeza de ajos de Pedro\u00f1eras, vuelvo hoy a ella para hablarles de un tema controvertido, hoy tristemente de moda -como fue el de la OTAN en su d\u00eda-: <em>\u00abDEFLACTACI\u00d3N s\u00ed o DEFLACTACI\u00d3N no\u00bb<\/em> -recuerden, es un tema de IRPF, no de ayuno voluntario-.<\/p>\n<p>La cita<em> \u00abtruco o trato\u00bb<\/em> tiene su origen actual en la expresi\u00f3n inglesa \u00ab<em>trick or treat\u00bb <\/em>de Halloween, que son par\u00f3nimos cuya traducci\u00f3n adecuada ser\u00eda <em>\u00absusto o dulce\u00bb<\/em>, pero si me preguntan a m\u00ed, gallego por parte de madre, me atrae m\u00e1s el origen con ra\u00edces celtas que alude a la antiqu\u00edsima festividad pagana de <em>Samhain<\/em> -en la que se celebraba el final de las cosechas y el cambio de a\u00f1o-, en la que, a los esp\u00edritus que caminaban entre los vivos y para evitar su ira, se les dejaban alimentos en la puerta de casa.<\/p>\n<p>Y yo, con ese humor macabro-tributario que me caracteriza, retomo la pregunta, <em>mutatis mutandi<\/em>, en <em>\u00ab\u00bfQu\u00e9 eliges?\u00bfdeflactaci\u00f3n o deflagraci\u00f3n del IRPF?\u00bb<\/em>.<\/p>\n<p>Como saben -y experimentan-, nos encontramos ante una constante subida de los precios de la luz, del gas, del transporte, de los alimentos b\u00e1sicos&#8230;, de forma que, como los sueldos no se actualizan en el mismo momento conforme a esa subida de precios, ello se traduce en una p\u00e9rdida de poder adquisitivo.<\/p>\n<p>Si a eso se le a\u00f1ade que el IRPF es progresivo por tramos, la posterior subida de sueldos hace que pasemos en ese momento a tramos de renta superiores, lo que nos lleva a pagar m\u00e1s impuestos cuando lo que tenemos es una todav\u00eda menor capacidad econ\u00f3mica.<\/p>\n<p>Les pongo un ejemplo simple, pero real, que hasta una Ministra de Hacienda y yo somos capaces de entender.<\/p>\n<p>Supongamos que en 2021 ten\u00edamos un sueldo bruto de 38.000 euros. Con esa renta, pagamos en IRPF 7.900 euros, -estamos en el marginal del 30%-. Por tanto, nos quedan para gastar 30.100 euros -2.508,33 euros al mes-. Como gastamos 2.500 euros al mes, ahorramos 100 euros al a\u00f1o.<\/p>\n<p>En el a\u00f1o 2022 los precios suben un 9% -que es el IPC interanual que tenemos a octubre-, y como es mi cuento de <em>Alicia en el Pa\u00eds de las Maravillas<\/em>, vamos a suponer que los sueldos se incrementan igual, y autom\u00e1ticamente, en un porcentaje id\u00e9ntico del 9%.<\/p>\n<p>Pues bien, ahora ya tenemos un sueldo bruto de 41.420 euros, y pagamos en IRPF 9.000 euros -hemos pasado del 30% al marginal del 37% por el incremento de sueldo-. Por tanto, me quedan 32.420 euros para gastar, es decir, m\u00e1s que antes. No vamos mal.<\/p>\n<p>Ahhhhh!! -n\u00f3tese aqu\u00ed el susto-, pero como los gastos tambi\u00e9n se han incrementado en un 9%, \u00e9stos pasan de 2.500 euros a 2.725 euros al mes, de forma que al a\u00f1o gastamos 32.700 euros. Es decir, que los 32.420 euros disponibles que hemos calculado ya no me llegan para pagar los gastos mensuales. Antes ahorraba 100 euros, y ahora me faltan 280 euros para cubrir mis costes, que realmente son los mismos que al a\u00f1o anterior\u2026 \u00ab<em>\u00a1co\u00f1o, Caperucita!\u00bb<\/em> que dir\u00eda el Lobo.<\/p>\n<p>El cuadro queda perfecto: el Estado recauda m\u00e1s, yo tengo menos capacidad econ\u00f3mica y se ha producido una subida de impuestos silenciosa.<\/p>\n<p>Por eso, es aqu\u00ed donde entra en juego el concepto de deflactaci\u00f3n del IRPF, que supone, ni m\u00e1s ni menos, que Hacienda reduce los tramos y los tipos de gravamen m\u00e1s bajos del IRPF, de forma que se ajusten y se adecuen a la inflaci\u00f3n en sentido inverso. Con ello mantengo mi poder adquisitivo y mi capacidad de ahorro ante la subida de precios.<\/p>\n<p>\u00bfY cual es la alternativa al susto? Pues que no se deflacte, que se mantengan los tipos, que no podamos ahorrar, que el consumo se dispare y que acabemos el a\u00f1o m\u00e1s quemados que <em>la pipa de un indio<\/em>\u2026 es decir, la deflagraci\u00f3n frente a la deflactaci\u00f3n. Eso s\u00ed, como siempre combusti\u00f3n sin explosi\u00f3n, que los espa\u00f1oles tenemos mucho aguante -el<em> &#8220;aplauso de los mansos<\/em>&#8221; que dec\u00eda Don Francisco Soriano en un memorable art\u00edculo-.<\/p>\n<p>Ante este panorama, ya tenemos Comunidades Aut\u00f3nomas, incluidas las que desertan de las <em>consignas<\/em> generales, como Madrid, Andaluc\u00eda, Galicia, Valencia, Pa\u00eds Vasco o Catalunya que anuncian, por libre, la deflactaci\u00f3n en el tramo auton\u00f3mico del IRPF, de forma que el contribuyente de esas Comunidades s\u00ed que se ver\u00e1 beneficiado del ahorro, convirti\u00e9ndonos en ciudadanos de primera o de segunda seg\u00fan donde residamos.<\/p>\n<p>Desde el <em>horribilis<\/em> 14 de marzo de 2020, estamos celebrando un <em>Halloween<\/em> sin fin, con pandemia, guerra, inflaci\u00f3n, y muerte de la Reina Isabel II incluida; por lo que, atendiendo a la cita de <em>\u00abtruco o trato\u00bb<\/em> que nos proponen, les exhorto a los gobernantes -a esos que no recurren a trucos para desmerecer tratos- a que de verdad se planteen una medida consensuada de deflactaci\u00f3n del IRPF para todo el territorio nacional, absolutamente necesaria, para evitar volver, por la v\u00eda de los hechos, a la Espa\u00f1a de las dos velocidades\u2026<\/p>\n<p>\u00bfHay trato sin truco? Uuhhhh\u2026!!!<\/p>\n<\/div>\n<p>&nbsp;<\/p>\n<p>&nbsp;<\/p>\n<hr \/>\n<p>Art\u00edculo original publicado en el diario digital\u00a0<a href=\"https:\/\/www.mallorcadiario.com\"><strong><span style=\"color: #993300;\">mallorcadiario.com<\/span><\/strong><\/a> .\u00a0\u00a0 L\u00e9elo directamente en mallorcadiario a trav\u00e9s de este <a href=\"https:\/\/www.mallorcadiario.com\/jorge-sainz-de-baranda\/autor\/767\/\"><span style=\"color: #993366;\"><strong>enlace<\/strong><\/span><\/a><\/p>\n","protected":false},"excerpt":{"rendered":"<p>&nbsp; mallorcadiario.com\u00a0 Opini\u00f3n &nbsp; DOMINGO 9 DE OCTUBRE DE 2022 \u00a0 \u00bfDeflactaci\u00f3n o deflagraci\u00f3n del IRPF? \u00bfTruco o trato? Por\u00a0Jorge S\u00e1inz de Baranda M\u00c1S ART\u00cdCULOS DEL AUTOR \u00a0 Ya les he hablado en otros art\u00edculos de la expresi\u00f3n \u00ab\u00bftruco o trato?\u00bb, pero, a riesgo de repetirme como una buena cabeza de ajos de Pedro\u00f1eras, vuelvo [&hellip;]<\/p>\n","protected":false},"author":2,"featured_media":9852,"comment_status":"closed","ping_status":"open","sticky":false,"template":"","format":"standard","meta":{"footnotes":""},"categories":[2148,2149,2250,2888,3144],"tags":[2156,2606,2607,2608,2253,2609,2494,2255,2611,2158,2612,2613,2614,2615,2616,2257,2617,2618,2619,2620,2621,2259,2260,2261,2262,2624,2625,2626,2168,2169,2628,2629,2539,2173,2631,2632,2266,2268,2634,2175,2269,2270,2636,2271,2637,2272,2274,2178,2179,2275,2181,2277,2182,2184,2639,2282,2283,2284,2640,2285,2286,2642,2643,2186,2644,2645,2290,2646,2291,2190,2647,2648,2295,2193,2300,2301,2302,2649,2652,2304,2656,2305,2306],"class_list":["post-11312","post","type-post","status-publish","format-standard","has-post-thumbnail","hentry","category-actualidad-en","category-blog-en-2","category-derecho-fiscal-en","category-derecho-sucesorio-y-herencias-en","category-opinion-en","tag-abogados-en","tag-administracion-tributaria-en","tag-administraciones-tributarias-en","tag-aeat-en","tag-agencia-tributaria-en","tag-antifraude-en","tag-articulos-en","tag-asesores-en","tag-atib-en","tag-baleares-en","tag-blanqueo-en","tag-blanqueo-de-capitales-en","tag-campana-de-la-renta-en","tag-campana-irpf-en","tag-catastro-en","tag-comunidad-autonoma-en","tag-declaracion-de-inconstitucionalidad-en","tag-declaracion-de-nulidad-en","tag-deflacion-en","tag-deflactacion-en","tag-deflactar-en","tag-derecho-civil-propio-en","tag-derecho-de-la-union-europea-en","tag-derecho-fiscal-en","tag-derecho-tributario-en","tag-dgt-en","tag-direccion-general-de-tributos-en","tag-direccion-general-del-catastro-en","tag-economistas-en","tag-el-arenal-en","tag-exencion-por-reinversion-en","tag-extranjeros-en-2","tag-fallecimiento-en","tag-fmsb-en","tag-fraude-fiscal-en","tag-galicia-en","tag-hacienda-en","tag-herencias-en","tag-ibi-en","tag-ibiza-en-2","tag-illes-balears-en","tag-impuesto-de-sucesiones-en","tag-impuesto-sobre-la-renta-en","tag-impuestos-en-2","tag-incremento-del-valor-de-los-terrenos-de-naturaleza-urbana-en","tag-irpf-en","tag-jorge-sainz-de-baranda-en","tag-law-en-2","tag-lawyers-en-2","tag-ley-antifraude-en","tag-mallorca-en-2","tag-mallorcadiario-en","tag-manacor-en","tag-menorca-en-2","tag-modelo-720-en","tag-mortis-causa-en","tag-obligado-tributario-en","tag-opinion-en","tag-pactos-sucesorioes-en","tag-pactos-sucesorios-en","tag-palma-en","tag-plan-anual-de-control-tributario-en","tag-plusvalia-en","tag-port-dandratx-en","tag-prespuestos-generales-del-estado-en","tag-presupuestos-2021-en","tag-prevencion-en","tag-proindiviso-en","tag-propuestas-en","tag-puerto-de-andratx-en","tag-recargo-en","tag-reforma-en","tag-residentes-fiscales-en","tag-solicitors-en","tag-sucesion-en","tag-sucesion-en-vida-en","tag-sucesiones-y-donaciones-en","tag-tasa-amazon-en","tag-testador-en","tag-tributos-en","tag-ue-en","tag-valor-de-referencia-en","tag-valor-de-referencia-catastral-en"],"yoast_head":"<!-- This site is optimized with the Yoast SEO plugin v27.3 - https:\/\/yoast.com\/product\/yoast-seo-wordpress\/ -->\n<title>\u00bfDeflactaci\u00f3n o deflagraci\u00f3n del IRPF? \u00bfTruco o trato? , art\u00edculo de opini\u00f3n de Jorge S\u00e1inz de Baranda en Mallorcadiario - FMSB Abogados y Economistas en Baleares<\/title>\n<meta name=\"robots\" content=\"index, follow, max-snippet:-1, max-image-preview:large, max-video-preview:-1\" \/>\n<link rel=\"canonical\" href=\"https:\/\/fmsb.eu\/en\/2022\/10\/07\/deflactacion-o-deflagracion-del-irpf-truco-o-trato-articulo-de-opinion-de-jorge-sainz-de-baranda-en-mallorcadiario\/\" \/>\n<meta property=\"og:locale\" content=\"en_US\" \/>\n<meta property=\"og:type\" content=\"article\" \/>\n<meta property=\"og:title\" content=\"\u00bfDeflactaci\u00f3n o deflagraci\u00f3n del IRPF? \u00bfTruco o trato? , art\u00edculo de opini\u00f3n de Jorge S\u00e1inz de Baranda en Mallorcadiario - FMSB Abogados y Economistas en Baleares\" \/>\n<meta property=\"og:description\" content=\"&nbsp; mallorcadiario.com\u00a0 Opini\u00f3n &nbsp; DOMINGO 9 DE OCTUBRE DE 2022 \u00a0 \u00bfDeflactaci\u00f3n o deflagraci\u00f3n del IRPF? \u00bfTruco o trato? Por\u00a0Jorge S\u00e1inz de Baranda M\u00c1S ART\u00cdCULOS DEL AUTOR \u00a0 Ya les he hablado en otros art\u00edculos de la expresi\u00f3n \u00ab\u00bftruco o trato?\u00bb, pero, a riesgo de repetirme como una buena cabeza de ajos de Pedro\u00f1eras, vuelvo [&hellip;]\" \/>\n<meta property=\"og:url\" content=\"https:\/\/fmsb.eu\/en\/2022\/10\/07\/deflactacion-o-deflagracion-del-irpf-truco-o-trato-articulo-de-opinion-de-jorge-sainz-de-baranda-en-mallorcadiario\/\" \/>\n<meta property=\"og:site_name\" content=\"FMSB Abogados y Economistas en Baleares\" \/>\n<meta property=\"article:published_time\" content=\"2022-10-07T13:05:07+00:00\" \/>\n<meta property=\"og:image\" content=\"https:\/\/fmsb.eu\/wp-content\/uploads\/2022\/10\/FMSB-Abogados-Jorge-Sainz-de-Baranda-Mallorcadiario-Deflactacion-o-deflagracion-del-IRPF-00.jpg\" \/>\n\t<meta property=\"og:image:width\" content=\"1600\" \/>\n\t<meta property=\"og:image:height\" content=\"1200\" \/>\n\t<meta property=\"og:image:type\" content=\"image\/jpeg\" \/>\n<meta name=\"author\" content=\"fmsb\" \/>\n<meta name=\"twitter:card\" content=\"summary_large_image\" \/>\n<meta name=\"twitter:creator\" content=\"@fmsb-disstint\" \/>\n<meta name=\"twitter:label1\" content=\"Written by\" \/>\n\t<meta name=\"twitter:data1\" content=\"fmsb\" \/>\n\t<meta name=\"twitter:label2\" content=\"Est. reading time\" \/>\n\t<meta name=\"twitter:data2\" content=\"5 minutes\" \/>\n<script type=\"application\/ld+json\" class=\"yoast-schema-graph\">{\"@context\":\"https:\\\/\\\/schema.org\",\"@graph\":[{\"@type\":\"Article\",\"@id\":\"https:\\\/\\\/fmsb.eu\\\/en\\\/2022\\\/10\\\/07\\\/deflactacion-o-deflagracion-del-irpf-truco-o-trato-articulo-de-opinion-de-jorge-sainz-de-baranda-en-mallorcadiario\\\/#article\",\"isPartOf\":{\"@id\":\"https:\\\/\\\/fmsb.eu\\\/en\\\/2022\\\/10\\\/07\\\/deflactacion-o-deflagracion-del-irpf-truco-o-trato-articulo-de-opinion-de-jorge-sainz-de-baranda-en-mallorcadiario\\\/\"},\"author\":{\"name\":\"fmsb\",\"@id\":\"https:\\\/\\\/fmsb.eu\\\/en\\\/#\\\/schema\\\/person\\\/9fba7c70814b0cd34d35d655d36a4ca2\"},\"headline\":\"\u00bfDeflactaci\u00f3n o deflagraci\u00f3n del IRPF? \u00bfTruco o trato? , art\u00edculo de opini\u00f3n de Jorge S\u00e1inz de Baranda en Mallorcadiario\",\"datePublished\":\"2022-10-07T13:05:07+00:00\",\"mainEntityOfPage\":{\"@id\":\"https:\\\/\\\/fmsb.eu\\\/en\\\/2022\\\/10\\\/07\\\/deflactacion-o-deflagracion-del-irpf-truco-o-trato-articulo-de-opinion-de-jorge-sainz-de-baranda-en-mallorcadiario\\\/\"},\"wordCount\":959,\"publisher\":{\"@id\":\"https:\\\/\\\/fmsb.eu\\\/en\\\/#organization\"},\"image\":{\"@id\":\"https:\\\/\\\/fmsb.eu\\\/en\\\/2022\\\/10\\\/07\\\/deflactacion-o-deflagracion-del-irpf-truco-o-trato-articulo-de-opinion-de-jorge-sainz-de-baranda-en-mallorcadiario\\\/#primaryimage\"},\"thumbnailUrl\":\"https:\\\/\\\/fmsb.eu\\\/wp-content\\\/uploads\\\/2022\\\/10\\\/FMSB-Abogados-Jorge-Sainz-de-Baranda-Mallorcadiario-Deflactacion-o-deflagracion-del-IRPF-00.jpg\",\"keywords\":[\"abogados\",\"administraci\u00f3n tributaria\",\"administraciones tributarias\",\"aeat\",\"agencia tributaria\",\"antifraude\",\"articulos\",\"asesores\",\"ATIB\",\"baleares\",\"blanqueo\",\"blanqueo de capitales\",\"campa\u00f1a de la renta\",\"campa\u00f1a irpf\",\"catastro\",\"comunidad aut\u00f3noma\",\"declaraci\u00f3n de inconstitucionalidad\",\"declaraci\u00f3n de nulidad\",\"deflaci\u00f3n\",\"deflactaci\u00f3n\",\"deflactar\",\"derecho civil propio\",\"derecho de la uni\u00f3n europea\",\"derecho fiscal\",\"derecho tributario\",\"dgt\",\"direcci\u00f3n general de tributos\",\"direcci\u00f3n general del catastro\",\"economistas\",\"el arenal\",\"exenci\u00f3n por reinversi\u00f3n\",\"extranjeros\",\"fallecimiento\",\"fmsb\",\"fraude fiscal\",\"Galicia\",\"Hacienda\",\"herencias\",\"ibi\",\"ibiza\",\"illes balears\",\"impuesto de sucesiones\",\"impuesto sobre la renta\",\"impuestos\",\"incremento del valor de los terrenos de naturaleza urbana\",\"IRPF\",\"jorge sainz de baranda\",\"law\",\"lawyers\",\"ley antifraude\",\"mallorca\",\"mallorcadiario\",\"Manacor\",\"menorca\",\"modelo 720\",\"mortis causa\",\"obligado tributario\",\"opinion\",\"pactos sucesorioes\",\"pactos sucesorios\",\"Palma\",\"plan anual de control tributario\",\"plusval\u00eda\",\"port d&#8217;andratx\",\"prespuestos generales del estado\",\"presupuestos 2021\",\"prevenci\u00f3n\",\"proindiviso\",\"propuestas\",\"puerto de andratx\",\"recargo\",\"reforma\",\"residentes fiscales\",\"solicitors\",\"sucesi\u00f3n\",\"sucesi\u00f3n en vida\",\"sucesiones y donaciones\",\"tasa amazon\",\"testador\",\"tributos\",\"ue\",\"valor de referencia\",\"valor de referencia catastral\"],\"articleSection\":[\"actualidad\",\"blog\",\"Derecho Fiscal\",\"Derecho sucesorio y herencias\",\"Opini\u00f3n\"],\"inLanguage\":\"en-US\"},{\"@type\":\"WebPage\",\"@id\":\"https:\\\/\\\/fmsb.eu\\\/en\\\/2022\\\/10\\\/07\\\/deflactacion-o-deflagracion-del-irpf-truco-o-trato-articulo-de-opinion-de-jorge-sainz-de-baranda-en-mallorcadiario\\\/\",\"url\":\"https:\\\/\\\/fmsb.eu\\\/en\\\/2022\\\/10\\\/07\\\/deflactacion-o-deflagracion-del-irpf-truco-o-trato-articulo-de-opinion-de-jorge-sainz-de-baranda-en-mallorcadiario\\\/\",\"name\":\"\u00bfDeflactaci\u00f3n o deflagraci\u00f3n del IRPF? \u00bfTruco o trato? , art\u00edculo de opini\u00f3n de Jorge S\u00e1inz de Baranda en Mallorcadiario - FMSB Abogados y Economistas en Baleares\",\"isPartOf\":{\"@id\":\"https:\\\/\\\/fmsb.eu\\\/en\\\/#website\"},\"primaryImageOfPage\":{\"@id\":\"https:\\\/\\\/fmsb.eu\\\/en\\\/2022\\\/10\\\/07\\\/deflactacion-o-deflagracion-del-irpf-truco-o-trato-articulo-de-opinion-de-jorge-sainz-de-baranda-en-mallorcadiario\\\/#primaryimage\"},\"image\":{\"@id\":\"https:\\\/\\\/fmsb.eu\\\/en\\\/2022\\\/10\\\/07\\\/deflactacion-o-deflagracion-del-irpf-truco-o-trato-articulo-de-opinion-de-jorge-sainz-de-baranda-en-mallorcadiario\\\/#primaryimage\"},\"thumbnailUrl\":\"https:\\\/\\\/fmsb.eu\\\/wp-content\\\/uploads\\\/2022\\\/10\\\/FMSB-Abogados-Jorge-Sainz-de-Baranda-Mallorcadiario-Deflactacion-o-deflagracion-del-IRPF-00.jpg\",\"datePublished\":\"2022-10-07T13:05:07+00:00\",\"breadcrumb\":{\"@id\":\"https:\\\/\\\/fmsb.eu\\\/en\\\/2022\\\/10\\\/07\\\/deflactacion-o-deflagracion-del-irpf-truco-o-trato-articulo-de-opinion-de-jorge-sainz-de-baranda-en-mallorcadiario\\\/#breadcrumb\"},\"inLanguage\":\"en-US\",\"potentialAction\":[{\"@type\":\"ReadAction\",\"target\":[\"https:\\\/\\\/fmsb.eu\\\/en\\\/2022\\\/10\\\/07\\\/deflactacion-o-deflagracion-del-irpf-truco-o-trato-articulo-de-opinion-de-jorge-sainz-de-baranda-en-mallorcadiario\\\/\"]}]},{\"@type\":\"ImageObject\",\"inLanguage\":\"en-US\",\"@id\":\"https:\\\/\\\/fmsb.eu\\\/en\\\/2022\\\/10\\\/07\\\/deflactacion-o-deflagracion-del-irpf-truco-o-trato-articulo-de-opinion-de-jorge-sainz-de-baranda-en-mallorcadiario\\\/#primaryimage\",\"url\":\"https:\\\/\\\/fmsb.eu\\\/wp-content\\\/uploads\\\/2022\\\/10\\\/FMSB-Abogados-Jorge-Sainz-de-Baranda-Mallorcadiario-Deflactacion-o-deflagracion-del-IRPF-00.jpg\",\"contentUrl\":\"https:\\\/\\\/fmsb.eu\\\/wp-content\\\/uploads\\\/2022\\\/10\\\/FMSB-Abogados-Jorge-Sainz-de-Baranda-Mallorcadiario-Deflactacion-o-deflagracion-del-IRPF-00.jpg\",\"width\":1600,\"height\":1200},{\"@type\":\"BreadcrumbList\",\"@id\":\"https:\\\/\\\/fmsb.eu\\\/en\\\/2022\\\/10\\\/07\\\/deflactacion-o-deflagracion-del-irpf-truco-o-trato-articulo-de-opinion-de-jorge-sainz-de-baranda-en-mallorcadiario\\\/#breadcrumb\",\"itemListElement\":[{\"@type\":\"ListItem\",\"position\":1,\"name\":\"Portada\",\"item\":\"https:\\\/\\\/fmsb.eu\\\/en\\\/\"},{\"@type\":\"ListItem\",\"position\":2,\"name\":\"\u00bfDeflactaci\u00f3n o deflagraci\u00f3n del IRPF? \u00bfTruco o trato? , art\u00edculo de opini\u00f3n de Jorge S\u00e1inz de Baranda en Mallorcadiario\"}]},{\"@type\":\"WebSite\",\"@id\":\"https:\\\/\\\/fmsb.eu\\\/en\\\/#website\",\"url\":\"https:\\\/\\\/fmsb.eu\\\/en\\\/\",\"name\":\"FMSB Abogados y Economistas en Baleares\",\"description\":\"\",\"publisher\":{\"@id\":\"https:\\\/\\\/fmsb.eu\\\/en\\\/#organization\"},\"potentialAction\":[{\"@type\":\"SearchAction\",\"target\":{\"@type\":\"EntryPoint\",\"urlTemplate\":\"https:\\\/\\\/fmsb.eu\\\/en\\\/?s={search_term_string}\"},\"query-input\":{\"@type\":\"PropertyValueSpecification\",\"valueRequired\":true,\"valueName\":\"search_term_string\"}}],\"inLanguage\":\"en-US\"},{\"@type\":\"Organization\",\"@id\":\"https:\\\/\\\/fmsb.eu\\\/en\\\/#organization\",\"name\":\"FMSB Abogados y Economistas en Baleares\",\"url\":\"https:\\\/\\\/fmsb.eu\\\/en\\\/\",\"logo\":{\"@type\":\"ImageObject\",\"inLanguage\":\"en-US\",\"@id\":\"https:\\\/\\\/fmsb.eu\\\/en\\\/#\\\/schema\\\/logo\\\/image\\\/\",\"url\":\"https:\\\/\\\/fmsb.eu\\\/wp-content\\\/uploads\\\/2025\\\/02\\\/logo.svg\",\"contentUrl\":\"https:\\\/\\\/fmsb.eu\\\/wp-content\\\/uploads\\\/2025\\\/02\\\/logo.svg\",\"width\":154,\"height\":52,\"caption\":\"FMSB Abogados y Economistas en Baleares\"},\"image\":{\"@id\":\"https:\\\/\\\/fmsb.eu\\\/en\\\/#\\\/schema\\\/logo\\\/image\\\/\"}},{\"@type\":\"Person\",\"@id\":\"https:\\\/\\\/fmsb.eu\\\/en\\\/#\\\/schema\\\/person\\\/9fba7c70814b0cd34d35d655d36a4ca2\",\"name\":\"fmsb\",\"image\":{\"@type\":\"ImageObject\",\"inLanguage\":\"en-US\",\"@id\":\"https:\\\/\\\/secure.gravatar.com\\\/avatar\\\/426f4d5b0ebcace85460caf87cdaaa193694b611e990615d87a13f322fb7ee7f?s=96&d=mm&r=g\",\"url\":\"https:\\\/\\\/secure.gravatar.com\\\/avatar\\\/426f4d5b0ebcace85460caf87cdaaa193694b611e990615d87a13f322fb7ee7f?s=96&d=mm&r=g\",\"contentUrl\":\"https:\\\/\\\/secure.gravatar.com\\\/avatar\\\/426f4d5b0ebcace85460caf87cdaaa193694b611e990615d87a13f322fb7ee7f?s=96&d=mm&r=g\",\"caption\":\"fmsb\"},\"sameAs\":[\"https:\\\/\\\/x.com\\\/fmsb-disstint\"],\"url\":\"https:\\\/\\\/fmsb.eu\\\/en\\\/author\\\/fmsb\\\/\"}]}<\/script>\n<!-- \/ Yoast SEO plugin. -->","yoast_head_json":{"title":"\u00bfDeflactaci\u00f3n o deflagraci\u00f3n del IRPF? \u00bfTruco o trato? , art\u00edculo de opini\u00f3n de Jorge S\u00e1inz de Baranda en Mallorcadiario - FMSB Abogados y Economistas en Baleares","robots":{"index":"index","follow":"follow","max-snippet":"max-snippet:-1","max-image-preview":"max-image-preview:large","max-video-preview":"max-video-preview:-1"},"canonical":"https:\/\/fmsb.eu\/en\/2022\/10\/07\/deflactacion-o-deflagracion-del-irpf-truco-o-trato-articulo-de-opinion-de-jorge-sainz-de-baranda-en-mallorcadiario\/","og_locale":"en_US","og_type":"article","og_title":"\u00bfDeflactaci\u00f3n o deflagraci\u00f3n del IRPF? \u00bfTruco o trato? , art\u00edculo de opini\u00f3n de Jorge S\u00e1inz de Baranda en Mallorcadiario - FMSB Abogados y Economistas en Baleares","og_description":"&nbsp; mallorcadiario.com\u00a0 Opini\u00f3n &nbsp; DOMINGO 9 DE OCTUBRE DE 2022 \u00a0 \u00bfDeflactaci\u00f3n o deflagraci\u00f3n del IRPF? \u00bfTruco o trato? Por\u00a0Jorge S\u00e1inz de Baranda M\u00c1S ART\u00cdCULOS DEL AUTOR \u00a0 Ya les he hablado en otros art\u00edculos de la expresi\u00f3n \u00ab\u00bftruco o trato?\u00bb, pero, a riesgo de repetirme como una buena cabeza de ajos de Pedro\u00f1eras, vuelvo [&hellip;]","og_url":"https:\/\/fmsb.eu\/en\/2022\/10\/07\/deflactacion-o-deflagracion-del-irpf-truco-o-trato-articulo-de-opinion-de-jorge-sainz-de-baranda-en-mallorcadiario\/","og_site_name":"FMSB Abogados y Economistas en Baleares","article_published_time":"2022-10-07T13:05:07+00:00","og_image":[{"width":1600,"height":1200,"url":"https:\/\/fmsb.eu\/wp-content\/uploads\/2022\/10\/FMSB-Abogados-Jorge-Sainz-de-Baranda-Mallorcadiario-Deflactacion-o-deflagracion-del-IRPF-00.jpg","type":"image\/jpeg"}],"author":"fmsb","twitter_card":"summary_large_image","twitter_creator":"@fmsb-disstint","twitter_misc":{"Written by":"fmsb","Est. reading time":"5 minutes"},"schema":{"@context":"https:\/\/schema.org","@graph":[{"@type":"Article","@id":"https:\/\/fmsb.eu\/en\/2022\/10\/07\/deflactacion-o-deflagracion-del-irpf-truco-o-trato-articulo-de-opinion-de-jorge-sainz-de-baranda-en-mallorcadiario\/#article","isPartOf":{"@id":"https:\/\/fmsb.eu\/en\/2022\/10\/07\/deflactacion-o-deflagracion-del-irpf-truco-o-trato-articulo-de-opinion-de-jorge-sainz-de-baranda-en-mallorcadiario\/"},"author":{"name":"fmsb","@id":"https:\/\/fmsb.eu\/en\/#\/schema\/person\/9fba7c70814b0cd34d35d655d36a4ca2"},"headline":"\u00bfDeflactaci\u00f3n o deflagraci\u00f3n del IRPF? \u00bfTruco o trato? , art\u00edculo de opini\u00f3n de Jorge S\u00e1inz de Baranda en Mallorcadiario","datePublished":"2022-10-07T13:05:07+00:00","mainEntityOfPage":{"@id":"https:\/\/fmsb.eu\/en\/2022\/10\/07\/deflactacion-o-deflagracion-del-irpf-truco-o-trato-articulo-de-opinion-de-jorge-sainz-de-baranda-en-mallorcadiario\/"},"wordCount":959,"publisher":{"@id":"https:\/\/fmsb.eu\/en\/#organization"},"image":{"@id":"https:\/\/fmsb.eu\/en\/2022\/10\/07\/deflactacion-o-deflagracion-del-irpf-truco-o-trato-articulo-de-opinion-de-jorge-sainz-de-baranda-en-mallorcadiario\/#primaryimage"},"thumbnailUrl":"https:\/\/fmsb.eu\/wp-content\/uploads\/2022\/10\/FMSB-Abogados-Jorge-Sainz-de-Baranda-Mallorcadiario-Deflactacion-o-deflagracion-del-IRPF-00.jpg","keywords":["abogados","administraci\u00f3n tributaria","administraciones tributarias","aeat","agencia tributaria","antifraude","articulos","asesores","ATIB","baleares","blanqueo","blanqueo de capitales","campa\u00f1a de la renta","campa\u00f1a irpf","catastro","comunidad aut\u00f3noma","declaraci\u00f3n de inconstitucionalidad","declaraci\u00f3n de nulidad","deflaci\u00f3n","deflactaci\u00f3n","deflactar","derecho civil propio","derecho de la uni\u00f3n europea","derecho fiscal","derecho tributario","dgt","direcci\u00f3n general de tributos","direcci\u00f3n general del catastro","economistas","el arenal","exenci\u00f3n por reinversi\u00f3n","extranjeros","fallecimiento","fmsb","fraude fiscal","Galicia","Hacienda","herencias","ibi","ibiza","illes balears","impuesto de sucesiones","impuesto sobre la renta","impuestos","incremento del valor de los terrenos de naturaleza urbana","IRPF","jorge sainz de baranda","law","lawyers","ley antifraude","mallorca","mallorcadiario","Manacor","menorca","modelo 720","mortis causa","obligado tributario","opinion","pactos sucesorioes","pactos sucesorios","Palma","plan anual de control tributario","plusval\u00eda","port d&#8217;andratx","prespuestos generales del estado","presupuestos 2021","prevenci\u00f3n","proindiviso","propuestas","puerto de andratx","recargo","reforma","residentes fiscales","solicitors","sucesi\u00f3n","sucesi\u00f3n en vida","sucesiones y donaciones","tasa amazon","testador","tributos","ue","valor de referencia","valor de referencia catastral"],"articleSection":["actualidad","blog","Derecho Fiscal","Derecho sucesorio y herencias","Opini\u00f3n"],"inLanguage":"en-US"},{"@type":"WebPage","@id":"https:\/\/fmsb.eu\/en\/2022\/10\/07\/deflactacion-o-deflagracion-del-irpf-truco-o-trato-articulo-de-opinion-de-jorge-sainz-de-baranda-en-mallorcadiario\/","url":"https:\/\/fmsb.eu\/en\/2022\/10\/07\/deflactacion-o-deflagracion-del-irpf-truco-o-trato-articulo-de-opinion-de-jorge-sainz-de-baranda-en-mallorcadiario\/","name":"\u00bfDeflactaci\u00f3n o deflagraci\u00f3n del IRPF? \u00bfTruco o trato? , art\u00edculo de opini\u00f3n de Jorge S\u00e1inz de Baranda en Mallorcadiario - FMSB Abogados y Economistas en Baleares","isPartOf":{"@id":"https:\/\/fmsb.eu\/en\/#website"},"primaryImageOfPage":{"@id":"https:\/\/fmsb.eu\/en\/2022\/10\/07\/deflactacion-o-deflagracion-del-irpf-truco-o-trato-articulo-de-opinion-de-jorge-sainz-de-baranda-en-mallorcadiario\/#primaryimage"},"image":{"@id":"https:\/\/fmsb.eu\/en\/2022\/10\/07\/deflactacion-o-deflagracion-del-irpf-truco-o-trato-articulo-de-opinion-de-jorge-sainz-de-baranda-en-mallorcadiario\/#primaryimage"},"thumbnailUrl":"https:\/\/fmsb.eu\/wp-content\/uploads\/2022\/10\/FMSB-Abogados-Jorge-Sainz-de-Baranda-Mallorcadiario-Deflactacion-o-deflagracion-del-IRPF-00.jpg","datePublished":"2022-10-07T13:05:07+00:00","breadcrumb":{"@id":"https:\/\/fmsb.eu\/en\/2022\/10\/07\/deflactacion-o-deflagracion-del-irpf-truco-o-trato-articulo-de-opinion-de-jorge-sainz-de-baranda-en-mallorcadiario\/#breadcrumb"},"inLanguage":"en-US","potentialAction":[{"@type":"ReadAction","target":["https:\/\/fmsb.eu\/en\/2022\/10\/07\/deflactacion-o-deflagracion-del-irpf-truco-o-trato-articulo-de-opinion-de-jorge-sainz-de-baranda-en-mallorcadiario\/"]}]},{"@type":"ImageObject","inLanguage":"en-US","@id":"https:\/\/fmsb.eu\/en\/2022\/10\/07\/deflactacion-o-deflagracion-del-irpf-truco-o-trato-articulo-de-opinion-de-jorge-sainz-de-baranda-en-mallorcadiario\/#primaryimage","url":"https:\/\/fmsb.eu\/wp-content\/uploads\/2022\/10\/FMSB-Abogados-Jorge-Sainz-de-Baranda-Mallorcadiario-Deflactacion-o-deflagracion-del-IRPF-00.jpg","contentUrl":"https:\/\/fmsb.eu\/wp-content\/uploads\/2022\/10\/FMSB-Abogados-Jorge-Sainz-de-Baranda-Mallorcadiario-Deflactacion-o-deflagracion-del-IRPF-00.jpg","width":1600,"height":1200},{"@type":"BreadcrumbList","@id":"https:\/\/fmsb.eu\/en\/2022\/10\/07\/deflactacion-o-deflagracion-del-irpf-truco-o-trato-articulo-de-opinion-de-jorge-sainz-de-baranda-en-mallorcadiario\/#breadcrumb","itemListElement":[{"@type":"ListItem","position":1,"name":"Portada","item":"https:\/\/fmsb.eu\/en\/"},{"@type":"ListItem","position":2,"name":"\u00bfDeflactaci\u00f3n o deflagraci\u00f3n del IRPF? \u00bfTruco o trato? , art\u00edculo de opini\u00f3n de Jorge S\u00e1inz de Baranda en Mallorcadiario"}]},{"@type":"WebSite","@id":"https:\/\/fmsb.eu\/en\/#website","url":"https:\/\/fmsb.eu\/en\/","name":"FMSB Abogados y Economistas en Baleares","description":"","publisher":{"@id":"https:\/\/fmsb.eu\/en\/#organization"},"potentialAction":[{"@type":"SearchAction","target":{"@type":"EntryPoint","urlTemplate":"https:\/\/fmsb.eu\/en\/?s={search_term_string}"},"query-input":{"@type":"PropertyValueSpecification","valueRequired":true,"valueName":"search_term_string"}}],"inLanguage":"en-US"},{"@type":"Organization","@id":"https:\/\/fmsb.eu\/en\/#organization","name":"FMSB Abogados y Economistas en Baleares","url":"https:\/\/fmsb.eu\/en\/","logo":{"@type":"ImageObject","inLanguage":"en-US","@id":"https:\/\/fmsb.eu\/en\/#\/schema\/logo\/image\/","url":"https:\/\/fmsb.eu\/wp-content\/uploads\/2025\/02\/logo.svg","contentUrl":"https:\/\/fmsb.eu\/wp-content\/uploads\/2025\/02\/logo.svg","width":154,"height":52,"caption":"FMSB Abogados y Economistas en Baleares"},"image":{"@id":"https:\/\/fmsb.eu\/en\/#\/schema\/logo\/image\/"}},{"@type":"Person","@id":"https:\/\/fmsb.eu\/en\/#\/schema\/person\/9fba7c70814b0cd34d35d655d36a4ca2","name":"fmsb","image":{"@type":"ImageObject","inLanguage":"en-US","@id":"https:\/\/secure.gravatar.com\/avatar\/426f4d5b0ebcace85460caf87cdaaa193694b611e990615d87a13f322fb7ee7f?s=96&d=mm&r=g","url":"https:\/\/secure.gravatar.com\/avatar\/426f4d5b0ebcace85460caf87cdaaa193694b611e990615d87a13f322fb7ee7f?s=96&d=mm&r=g","contentUrl":"https:\/\/secure.gravatar.com\/avatar\/426f4d5b0ebcace85460caf87cdaaa193694b611e990615d87a13f322fb7ee7f?s=96&d=mm&r=g","caption":"fmsb"},"sameAs":["https:\/\/x.com\/fmsb-disstint"],"url":"https:\/\/fmsb.eu\/en\/author\/fmsb\/"}]}},"_links":{"self":[{"href":"https:\/\/fmsb.eu\/en\/wp-json\/wp\/v2\/posts\/11312","targetHints":{"allow":["GET"]}}],"collection":[{"href":"https:\/\/fmsb.eu\/en\/wp-json\/wp\/v2\/posts"}],"about":[{"href":"https:\/\/fmsb.eu\/en\/wp-json\/wp\/v2\/types\/post"}],"author":[{"embeddable":true,"href":"https:\/\/fmsb.eu\/en\/wp-json\/wp\/v2\/users\/2"}],"replies":[{"embeddable":true,"href":"https:\/\/fmsb.eu\/en\/wp-json\/wp\/v2\/comments?post=11312"}],"version-history":[{"count":0,"href":"https:\/\/fmsb.eu\/en\/wp-json\/wp\/v2\/posts\/11312\/revisions"}],"wp:featuredmedia":[{"embeddable":true,"href":"https:\/\/fmsb.eu\/en\/wp-json\/wp\/v2\/media\/9852"}],"wp:attachment":[{"href":"https:\/\/fmsb.eu\/en\/wp-json\/wp\/v2\/media?parent=11312"}],"wp:term":[{"taxonomy":"category","embeddable":true,"href":"https:\/\/fmsb.eu\/en\/wp-json\/wp\/v2\/categories?post=11312"},{"taxonomy":"post_tag","embeddable":true,"href":"https:\/\/fmsb.eu\/en\/wp-json\/wp\/v2\/tags?post=11312"}],"curies":[{"name":"wp","href":"https:\/\/api.w.org\/{rel}","templated":true}]}}