{"id":11340,"date":"2022-08-21T11:55:17","date_gmt":"2022-08-21T09:55:17","guid":{"rendered":"http:\/\/fmsb.disstintbeta.com\/2022\/08\/21\/nulo-acuerdo-comunidad-propietarios-apartamentos-turisticos\/"},"modified":"2022-08-21T11:55:17","modified_gmt":"2022-08-21T09:55:17","slug":"nulo-acuerdo-comunidad-propietarios-apartamentos-turisticos","status":"publish","type":"post","link":"https:\/\/fmsb.eu\/en\/2022\/08\/21\/nulo-acuerdo-comunidad-propietarios-apartamentos-turisticos\/","title":{"rendered":"Declaran nulo el acuerdo que prohib\u00eda el establecimiento de apartamentos tur\u00edsticos en\u00a0 una comunidad de propietarios"},"content":{"rendered":"<p><a href=\"http:\/\/fmsb.disstintbeta.com\/wp-content\/uploads\/2022\/08\/FMSB-Abogados-Prohibicion-de-establecer-apartamentos-turisticos-en-comunidad-de-propietarios.jpg\"><img fetchpriority=\"high\" decoding=\"async\" class=\"alignnone wp-image-6224\" src=\"http:\/\/fmsb.disstintbeta.com\/wp-content\/uploads\/2022\/08\/FMSB-Abogados-Prohibicion-de-establecer-apartamentos-turisticos-en-comunidad-de-propietarios.jpg\" alt=\"\" width=\"800\" height=\"540\" srcset=\"https:\/\/font-mora-sainz-baranda.fra1.digitaloceanspaces.com\/wp-content\/uploads\/2022\/08\/FMSB-Abogados-Prohibicion-de-establecer-apartamentos-turisticos-en-comunidad-de-propietarios.jpg 955w, https:\/\/font-mora-sainz-baranda.fra1.digitaloceanspaces.com\/wp-content\/uploads\/2022\/08\/FMSB-Abogados-Prohibicion-de-establecer-apartamentos-turisticos-en-comunidad-de-propietarios-300x203.jpg 300w, https:\/\/font-mora-sainz-baranda.fra1.digitaloceanspaces.com\/wp-content\/uploads\/2022\/08\/FMSB-Abogados-Prohibicion-de-establecer-apartamentos-turisticos-en-comunidad-de-propietarios-768x519.jpg 768w\" sizes=\"(max-width: 800px) 100vw, 800px\" \/><\/a><\/p>\n<p>&nbsp;<\/p>\n<h1>Declaran nulo el acuerdo que prohib\u00eda establecer apartamentos tur\u00edsticos en una comunidad de propietarios<\/h1>\n<p>Lee a continuaci\u00f3n la publicaci\u00f3n realizada por el portal <span style=\"color: #003366;\"><a style=\"color: #003366;\" href=\"https:\/\/noticias.juridicas.com\/actualidad\/jurisprudencia\/17392-nulidad-del-acuerdo-comunitario-que-prohibe-el-establecimiento-de-apartamentos-turisticos-en-el-edificio\/\"><strong>noticias jur\u00eddicas<\/strong><\/a><\/span> al respecto:<\/p>\n<hr \/>\n<h2 class=\"nj_documento_titulo\"><\/h2>\n<h2 class=\"nj_documento_titulo\"><em>Nulidad del acuerdo comunitario que proh\u00edbe el establecimiento de apartamentos tur\u00edsticos en el edificio<\/em><\/h2>\n<h3 class=\"nj_documento_subtitulo\"><em>El art. 17.12 de la LPH, al se\u00f1alar que \u201cel acuerdo por el que se limite o condicione el ejercicio de la actividad (\u2026) requerir\u00e1 el voto favorable de las tres quintas partes del total de los propietarios\u201d, no comprender\u00eda la posibilidad de prohibirla. Para tal prohibici\u00f3n regir\u00eda la regla de la unanimidad<\/em><\/h3>\n<p><em><strong>FUENTE: <a href=\"https:\/\/noticias.juridicas.com\/actualidad\/jurisprudencia\/17392-nulidad-del-acuerdo-comunitario-que-prohibe-el-establecimiento-de-apartamentos-turisticos-en-el-edificio\/\"><span style=\"color: #3366ff;\"><span style=\"color: #003366;\">Noticias Jur\u00eddicas<\/span><\/span><\/a> AUTOR: Redacci\u00f3n<\/strong><\/em><\/p>\n<div id=\"documento\" class=\"nj_documento_contenido\">\n<div class=\"nj_documento_texto\">\n<div><\/div>\n<div class=\"nj_documento_ver_norma\"><em><a class=\"nj_documento_boton nj_documento_boton_ver_norma\" href=\"http:\/\/diariolaley.laley.es\/content\/Documento.aspx?idd=JU0007393856&amp;version=vigente&amp;verifyDocType=false&amp;absoluteUri=True\" target=\"_blank\" rel=\"noopener\"><span style=\"color: #0000ff;\">CONSULTE LA SENTENCIA AQU\u00cd<\/span><\/a><\/em><\/div>\n<p><em>La Audiencia Provincial de C\u00f3rdoba desestima el recurso de apelaci\u00f3n formulado por la comunidad de propietarios demandada y confirma la sentencia dictada por el Juzgado de Primera Instancia n\u00fam. 7 de C\u00f3rdoba que declar\u00f3 nulo el acuerdo comunitario, aprobado con las tres quintas partes del quorum exigido por el art. 17.12 de la Ley de Propiedad Horizontal, consistente en la prohibici\u00f3n del establecimiento de apartamentos tur\u00edsticos.<\/em><\/p>\n<p><em>El citado art 17.12 LPH dispone que \u201cel acuerdo por el que se limite o condicione el ejercicio de la actividad (\u2026) requerir\u00e1 el voto favorable de las tres quintas partes del total de los propietarios\u201d.<\/em><\/p>\n<p><em>Destaca la sentencia de apelaci\u00f3n que el precepto no limita el derecho de uso de la vivienda con esa finalidad por el propietario, sino que lo que hace es limitar o condicionar &#8220;el ejercicio&#8221; de una concreta actividad, que no prohibirla o excluir alguna de entre las posibilidades de uso que el propietario pueda tener. Esto es, cabe pensar que la actividad podr\u00eda ejercitarse pero con los l\u00edmites derivados del acuerdo.<\/em><\/p>\n<div class=\"track-344 track_pos\">\n<div id=\"sc_intxt_container\">\n<div id=\"sc-intext-passback\" data-google-query-id=\"CKujgqDS1_kCFQY90wodHOwCBA\">\n<div id=\"google_ads_iframe_\/5555,7465432\/adconion.juridicas.es\/default-intext\/jurisprudencia_intext_0__container__\"><\/div>\n<\/div>\n<\/div>\n<\/div>\n<h2><em>Prohibici\u00f3n de ejercicio<\/em><\/h2>\n<p><em>Sin embargo, en el caso de autos no es que el acuerdo comunitario limite o condicione el derecho de uso que tiene el propietario de los elementos privativos a la hora de ejercitar en ellos esa actividad de arrendamientos tur\u00edsticos, sino que contiene una prohibici\u00f3n de ejercicio de la misma para lo que regir\u00eda la regla de la unanimidad.<\/em><\/p>\n<p><em>La Sala considera que la remisi\u00f3n al art. 3 del C\u00f3digo Civil como criterio interpretativo a sus antecedentes hist\u00f3ricos y legislativos, la realidad social del tiempo en que se va a aplicar, ateniendo fundamentalmente al esp\u00edritu y finalidad de aquellas, no es de recibo para justificar la tesis de la comunidad de propietarios que, al amparo del art. 17.12 LPH, entiende que toda prohibici\u00f3n supone una limitaci\u00f3n.<\/em><\/p>\n<p><em>Adem\u00e1s, el apartado 6 de dicho art. 17 excluye una interpretaci\u00f3n extensiva de esos otros supuestos que requieren o mayor\u00eda o mayor\u00eda cualificada. Esto es, la regla general para la modificaci\u00f3n del t\u00edtulo constitutivo ser\u00eda la unanimidad y la excepci\u00f3n las mayor\u00edas cualificadas que se previenen en esos otros apartados, entre ellos el art. 17.12.<\/em><\/p>\n<p><em>Finalmente, el Tribunal rechaza que la tendencia legislativa de evitar la regla de la unanimidad en los acuerdos de las comunidades de propietarios, exigiendo mayor\u00edas cualificadas, pueda servir tampoco de justificaci\u00f3n para la interpretaci\u00f3n pretendida por la comunidad de propietarios, ya que cuando se producen se trata de proteger o intereses o derechos de singular protecci\u00f3n, que van desde solventar problemas de accesibilidad, instalaci\u00f3n o creaci\u00f3n de nuevos servicios o infraestructuras que van surgiendo en la vida actual para viviendas, mejorar la eficiencia energ\u00e9tica, o asegurar la buena marcha econ\u00f3mica de la comunidad.<\/em><\/p>\n<p>&nbsp;<\/p>\n<\/div>\n<\/div>\n<p><em>FUENTE: <span style=\"color: #003366;\"><a style=\"color: #003366;\" href=\"https:\/\/noticias.juridicas.com\/actualidad\/jurisprudencia\/17392-nulidad-del-acuerdo-comunitario-que-prohibe-el-establecimiento-de-apartamentos-turisticos-en-el-edificio\/\">Noticias Jur\u00eddicas<\/a><\/span> AUTOR: Redacci\u00f3n<\/em><\/p>\n<p>&nbsp;<\/p>\n<hr \/>\n<p>#fmsb #fontmorasainzdebaranda #abogados #economistas #derecho #civil #propiedadhorizontal #vivienda #alquiler #arrendamiento #alquilertur\u00edstico #comunidades #propietarios #baleares #mallorca #menorca #ibiza #manacor #elarenal #andratx #law #lawyers #solicitors<\/p>\n","protected":false},"excerpt":{"rendered":"<p>&nbsp; Declaran nulo el acuerdo que prohib\u00eda establecer apartamentos tur\u00edsticos en una comunidad de propietarios Lee a continuaci\u00f3n la publicaci\u00f3n realizada por el portal noticias jur\u00eddicas al respecto: Nulidad del acuerdo comunitario que proh\u00edbe el establecimiento de apartamentos tur\u00edsticos en el edificio El art. 17.12 de la LPH, al se\u00f1alar que \u201cel acuerdo por el [&hellip;]<\/p>\n","protected":false},"author":2,"featured_media":9824,"comment_status":"closed","ping_status":"open","sticky":false,"template":"","format":"standard","meta":{"footnotes":""},"categories":[2149,2150,2151,2152,3144,2155],"tags":[2156,5086,2254,5087,2158,2159,3470,2166,2168,2169,2173,2174,5088,2178,2179,3308,2182,2286,2190,2193,5089],"class_list":["post-11340","post","type-post","status-publish","format-standard","has-post-thumbnail","hentry","category-blog-en-2","category-derecho-civil-en","category-derecho-urbanistico-inmobiliario-en","category-home-en-2","category-opinion-en","category-propiedad-horizontal-en","tag-abogados-en","tag-acuerdo-en","tag-alquiler-turistico-en","tag-apartamento-turistico-en","tag-baleares-en","tag-comunidad-de-propietarios-en","tag-covid-19-en","tag-derecho-en","tag-economistas-en","tag-el-arenal-en","tag-fmsb-en","tag-font-mora-sainz-de-baranda-en","tag-junta-de-propietarios-en","tag-law-en-2","tag-lawyers-en-2","tag-ley-de-propiedad-horizontal-en","tag-manacor-en","tag-palma-en","tag-puerto-de-andratx-en","tag-solicitors-en","tag-unanimidad-en"],"yoast_head":"<!-- This site is optimized with the Yoast SEO plugin v27.3 - https:\/\/yoast.com\/product\/yoast-seo-wordpress\/ -->\n<title>Declaran nulo el acuerdo que prohib\u00eda el establecimiento de apartamentos tur\u00edsticos en\u00a0 una comunidad de propietarios - FMSB Abogados y Economistas en Baleares<\/title>\n<meta name=\"robots\" content=\"index, follow, max-snippet:-1, max-image-preview:large, max-video-preview:-1\" \/>\n<link rel=\"canonical\" href=\"https:\/\/fmsb.eu\/en\/2022\/08\/21\/nulo-acuerdo-comunidad-propietarios-apartamentos-turisticos\/\" \/>\n<meta property=\"og:locale\" content=\"en_US\" \/>\n<meta property=\"og:type\" content=\"article\" \/>\n<meta property=\"og:title\" content=\"Declaran nulo el acuerdo que prohib\u00eda el establecimiento de apartamentos tur\u00edsticos en\u00a0 una comunidad de propietarios - FMSB Abogados y Economistas en Baleares\" \/>\n<meta property=\"og:description\" content=\"&nbsp; Declaran nulo el acuerdo que prohib\u00eda establecer apartamentos tur\u00edsticos en una comunidad de propietarios Lee a continuaci\u00f3n la publicaci\u00f3n realizada por el portal noticias jur\u00eddicas al respecto: Nulidad del acuerdo comunitario que proh\u00edbe el establecimiento de apartamentos tur\u00edsticos en el edificio El art. 17.12 de la LPH, al se\u00f1alar que \u201cel acuerdo por el [&hellip;]\" \/>\n<meta property=\"og:url\" content=\"https:\/\/fmsb.eu\/en\/2022\/08\/21\/nulo-acuerdo-comunidad-propietarios-apartamentos-turisticos\/\" \/>\n<meta property=\"og:site_name\" content=\"FMSB Abogados y Economistas en Baleares\" \/>\n<meta property=\"article:published_time\" content=\"2022-08-21T09:55:17+00:00\" \/>\n<meta property=\"og:image\" content=\"https:\/\/fmsb.eu\/wp-content\/uploads\/2022\/08\/FMSB-Abogados-Prohibicion-de-establecer-apartamentos-turisticos-en-comunidad-de-propietarios.jpg\" \/>\n\t<meta property=\"og:image:width\" content=\"955\" \/>\n\t<meta property=\"og:image:height\" content=\"645\" \/>\n\t<meta property=\"og:image:type\" content=\"image\/jpeg\" \/>\n<meta name=\"author\" content=\"fmsb\" \/>\n<meta name=\"twitter:card\" content=\"summary_large_image\" \/>\n<meta name=\"twitter:creator\" content=\"@fmsb-disstint\" \/>\n<meta name=\"twitter:label1\" content=\"Written by\" \/>\n\t<meta name=\"twitter:data1\" content=\"fmsb\" \/>\n\t<meta name=\"twitter:label2\" content=\"Est. reading time\" \/>\n\t<meta name=\"twitter:data2\" content=\"3 minutes\" \/>\n<script type=\"application\/ld+json\" class=\"yoast-schema-graph\">{\"@context\":\"https:\\\/\\\/schema.org\",\"@graph\":[{\"@type\":\"Article\",\"@id\":\"https:\\\/\\\/fmsb.eu\\\/en\\\/2022\\\/08\\\/21\\\/nulo-acuerdo-comunidad-propietarios-apartamentos-turisticos\\\/#article\",\"isPartOf\":{\"@id\":\"https:\\\/\\\/fmsb.eu\\\/en\\\/2022\\\/08\\\/21\\\/nulo-acuerdo-comunidad-propietarios-apartamentos-turisticos\\\/\"},\"author\":{\"name\":\"fmsb\",\"@id\":\"https:\\\/\\\/fmsb.eu\\\/en\\\/#\\\/schema\\\/person\\\/9fba7c70814b0cd34d35d655d36a4ca2\"},\"headline\":\"Declaran nulo el acuerdo que prohib\u00eda el establecimiento de apartamentos tur\u00edsticos en\u00a0 una comunidad de propietarios\",\"datePublished\":\"2022-08-21T09:55:17+00:00\",\"mainEntityOfPage\":{\"@id\":\"https:\\\/\\\/fmsb.eu\\\/en\\\/2022\\\/08\\\/21\\\/nulo-acuerdo-comunidad-propietarios-apartamentos-turisticos\\\/\"},\"wordCount\":643,\"publisher\":{\"@id\":\"https:\\\/\\\/fmsb.eu\\\/en\\\/#organization\"},\"image\":{\"@id\":\"https:\\\/\\\/fmsb.eu\\\/en\\\/2022\\\/08\\\/21\\\/nulo-acuerdo-comunidad-propietarios-apartamentos-turisticos\\\/#primaryimage\"},\"thumbnailUrl\":\"https:\\\/\\\/fmsb.eu\\\/wp-content\\\/uploads\\\/2022\\\/08\\\/FMSB-Abogados-Prohibicion-de-establecer-apartamentos-turisticos-en-comunidad-de-propietarios.jpg\",\"keywords\":[\"abogados\",\"acuerdo\",\"alquiler tur\u00edstico\",\"apartamento tur\u00edstico\",\"baleares\",\"comunidad de propietarios\",\"covid 19\",\"derecho\",\"economistas\",\"el arenal\",\"fmsb\",\"font mora sainz de baranda\",\"junta de propietarios\",\"law\",\"lawyers\",\"ley de propiedad horizontal\",\"Manacor\",\"Palma\",\"puerto de andratx\",\"solicitors\",\"unanimidad\"],\"articleSection\":[\"blog\",\"Derecho Civil\",\"Derecho Urban\u00edstico e Inmobiliario\",\"Home\",\"Opini\u00f3n\",\"propiedad horizontal\"],\"inLanguage\":\"en-US\"},{\"@type\":\"WebPage\",\"@id\":\"https:\\\/\\\/fmsb.eu\\\/en\\\/2022\\\/08\\\/21\\\/nulo-acuerdo-comunidad-propietarios-apartamentos-turisticos\\\/\",\"url\":\"https:\\\/\\\/fmsb.eu\\\/en\\\/2022\\\/08\\\/21\\\/nulo-acuerdo-comunidad-propietarios-apartamentos-turisticos\\\/\",\"name\":\"Declaran nulo el acuerdo que prohib\u00eda el establecimiento de apartamentos tur\u00edsticos en\u00a0 una comunidad de propietarios - FMSB Abogados y Economistas en Baleares\",\"isPartOf\":{\"@id\":\"https:\\\/\\\/fmsb.eu\\\/en\\\/#website\"},\"primaryImageOfPage\":{\"@id\":\"https:\\\/\\\/fmsb.eu\\\/en\\\/2022\\\/08\\\/21\\\/nulo-acuerdo-comunidad-propietarios-apartamentos-turisticos\\\/#primaryimage\"},\"image\":{\"@id\":\"https:\\\/\\\/fmsb.eu\\\/en\\\/2022\\\/08\\\/21\\\/nulo-acuerdo-comunidad-propietarios-apartamentos-turisticos\\\/#primaryimage\"},\"thumbnailUrl\":\"https:\\\/\\\/fmsb.eu\\\/wp-content\\\/uploads\\\/2022\\\/08\\\/FMSB-Abogados-Prohibicion-de-establecer-apartamentos-turisticos-en-comunidad-de-propietarios.jpg\",\"datePublished\":\"2022-08-21T09:55:17+00:00\",\"breadcrumb\":{\"@id\":\"https:\\\/\\\/fmsb.eu\\\/en\\\/2022\\\/08\\\/21\\\/nulo-acuerdo-comunidad-propietarios-apartamentos-turisticos\\\/#breadcrumb\"},\"inLanguage\":\"en-US\",\"potentialAction\":[{\"@type\":\"ReadAction\",\"target\":[\"https:\\\/\\\/fmsb.eu\\\/en\\\/2022\\\/08\\\/21\\\/nulo-acuerdo-comunidad-propietarios-apartamentos-turisticos\\\/\"]}]},{\"@type\":\"ImageObject\",\"inLanguage\":\"en-US\",\"@id\":\"https:\\\/\\\/fmsb.eu\\\/en\\\/2022\\\/08\\\/21\\\/nulo-acuerdo-comunidad-propietarios-apartamentos-turisticos\\\/#primaryimage\",\"url\":\"https:\\\/\\\/fmsb.eu\\\/wp-content\\\/uploads\\\/2022\\\/08\\\/FMSB-Abogados-Prohibicion-de-establecer-apartamentos-turisticos-en-comunidad-de-propietarios.jpg\",\"contentUrl\":\"https:\\\/\\\/fmsb.eu\\\/wp-content\\\/uploads\\\/2022\\\/08\\\/FMSB-Abogados-Prohibicion-de-establecer-apartamentos-turisticos-en-comunidad-de-propietarios.jpg\",\"width\":955,\"height\":645},{\"@type\":\"BreadcrumbList\",\"@id\":\"https:\\\/\\\/fmsb.eu\\\/en\\\/2022\\\/08\\\/21\\\/nulo-acuerdo-comunidad-propietarios-apartamentos-turisticos\\\/#breadcrumb\",\"itemListElement\":[{\"@type\":\"ListItem\",\"position\":1,\"name\":\"Portada\",\"item\":\"https:\\\/\\\/fmsb.eu\\\/en\\\/\"},{\"@type\":\"ListItem\",\"position\":2,\"name\":\"Declaran nulo el acuerdo que prohib\u00eda el establecimiento de apartamentos tur\u00edsticos en\u00a0 una comunidad de propietarios\"}]},{\"@type\":\"WebSite\",\"@id\":\"https:\\\/\\\/fmsb.eu\\\/en\\\/#website\",\"url\":\"https:\\\/\\\/fmsb.eu\\\/en\\\/\",\"name\":\"FMSB Abogados y Economistas en Baleares\",\"description\":\"\",\"publisher\":{\"@id\":\"https:\\\/\\\/fmsb.eu\\\/en\\\/#organization\"},\"potentialAction\":[{\"@type\":\"SearchAction\",\"target\":{\"@type\":\"EntryPoint\",\"urlTemplate\":\"https:\\\/\\\/fmsb.eu\\\/en\\\/?s={search_term_string}\"},\"query-input\":{\"@type\":\"PropertyValueSpecification\",\"valueRequired\":true,\"valueName\":\"search_term_string\"}}],\"inLanguage\":\"en-US\"},{\"@type\":\"Organization\",\"@id\":\"https:\\\/\\\/fmsb.eu\\\/en\\\/#organization\",\"name\":\"FMSB Abogados y Economistas en Baleares\",\"url\":\"https:\\\/\\\/fmsb.eu\\\/en\\\/\",\"logo\":{\"@type\":\"ImageObject\",\"inLanguage\":\"en-US\",\"@id\":\"https:\\\/\\\/fmsb.eu\\\/en\\\/#\\\/schema\\\/logo\\\/image\\\/\",\"url\":\"https:\\\/\\\/fmsb.eu\\\/wp-content\\\/uploads\\\/2025\\\/02\\\/logo.svg\",\"contentUrl\":\"https:\\\/\\\/fmsb.eu\\\/wp-content\\\/uploads\\\/2025\\\/02\\\/logo.svg\",\"width\":154,\"height\":52,\"caption\":\"FMSB Abogados y Economistas en Baleares\"},\"image\":{\"@id\":\"https:\\\/\\\/fmsb.eu\\\/en\\\/#\\\/schema\\\/logo\\\/image\\\/\"}},{\"@type\":\"Person\",\"@id\":\"https:\\\/\\\/fmsb.eu\\\/en\\\/#\\\/schema\\\/person\\\/9fba7c70814b0cd34d35d655d36a4ca2\",\"name\":\"fmsb\",\"image\":{\"@type\":\"ImageObject\",\"inLanguage\":\"en-US\",\"@id\":\"https:\\\/\\\/secure.gravatar.com\\\/avatar\\\/426f4d5b0ebcace85460caf87cdaaa193694b611e990615d87a13f322fb7ee7f?s=96&d=mm&r=g\",\"url\":\"https:\\\/\\\/secure.gravatar.com\\\/avatar\\\/426f4d5b0ebcace85460caf87cdaaa193694b611e990615d87a13f322fb7ee7f?s=96&d=mm&r=g\",\"contentUrl\":\"https:\\\/\\\/secure.gravatar.com\\\/avatar\\\/426f4d5b0ebcace85460caf87cdaaa193694b611e990615d87a13f322fb7ee7f?s=96&d=mm&r=g\",\"caption\":\"fmsb\"},\"sameAs\":[\"https:\\\/\\\/x.com\\\/fmsb-disstint\"],\"url\":\"https:\\\/\\\/fmsb.eu\\\/en\\\/author\\\/fmsb\\\/\"}]}<\/script>\n<!-- \/ Yoast SEO plugin. -->","yoast_head_json":{"title":"Declaran nulo el acuerdo que prohib\u00eda el establecimiento de apartamentos tur\u00edsticos en\u00a0 una comunidad de propietarios - FMSB Abogados y Economistas en Baleares","robots":{"index":"index","follow":"follow","max-snippet":"max-snippet:-1","max-image-preview":"max-image-preview:large","max-video-preview":"max-video-preview:-1"},"canonical":"https:\/\/fmsb.eu\/en\/2022\/08\/21\/nulo-acuerdo-comunidad-propietarios-apartamentos-turisticos\/","og_locale":"en_US","og_type":"article","og_title":"Declaran nulo el acuerdo que prohib\u00eda el establecimiento de apartamentos tur\u00edsticos en\u00a0 una comunidad de propietarios - FMSB Abogados y Economistas en Baleares","og_description":"&nbsp; Declaran nulo el acuerdo que prohib\u00eda establecer apartamentos tur\u00edsticos en una comunidad de propietarios Lee a continuaci\u00f3n la publicaci\u00f3n realizada por el portal noticias jur\u00eddicas al respecto: Nulidad del acuerdo comunitario que proh\u00edbe el establecimiento de apartamentos tur\u00edsticos en el edificio El art. 17.12 de la LPH, al se\u00f1alar que \u201cel acuerdo por el [&hellip;]","og_url":"https:\/\/fmsb.eu\/en\/2022\/08\/21\/nulo-acuerdo-comunidad-propietarios-apartamentos-turisticos\/","og_site_name":"FMSB Abogados y Economistas en Baleares","article_published_time":"2022-08-21T09:55:17+00:00","og_image":[{"width":955,"height":645,"url":"https:\/\/fmsb.eu\/wp-content\/uploads\/2022\/08\/FMSB-Abogados-Prohibicion-de-establecer-apartamentos-turisticos-en-comunidad-de-propietarios.jpg","type":"image\/jpeg"}],"author":"fmsb","twitter_card":"summary_large_image","twitter_creator":"@fmsb-disstint","twitter_misc":{"Written by":"fmsb","Est. reading time":"3 minutes"},"schema":{"@context":"https:\/\/schema.org","@graph":[{"@type":"Article","@id":"https:\/\/fmsb.eu\/en\/2022\/08\/21\/nulo-acuerdo-comunidad-propietarios-apartamentos-turisticos\/#article","isPartOf":{"@id":"https:\/\/fmsb.eu\/en\/2022\/08\/21\/nulo-acuerdo-comunidad-propietarios-apartamentos-turisticos\/"},"author":{"name":"fmsb","@id":"https:\/\/fmsb.eu\/en\/#\/schema\/person\/9fba7c70814b0cd34d35d655d36a4ca2"},"headline":"Declaran nulo el acuerdo que prohib\u00eda el establecimiento de apartamentos tur\u00edsticos en\u00a0 una comunidad de propietarios","datePublished":"2022-08-21T09:55:17+00:00","mainEntityOfPage":{"@id":"https:\/\/fmsb.eu\/en\/2022\/08\/21\/nulo-acuerdo-comunidad-propietarios-apartamentos-turisticos\/"},"wordCount":643,"publisher":{"@id":"https:\/\/fmsb.eu\/en\/#organization"},"image":{"@id":"https:\/\/fmsb.eu\/en\/2022\/08\/21\/nulo-acuerdo-comunidad-propietarios-apartamentos-turisticos\/#primaryimage"},"thumbnailUrl":"https:\/\/fmsb.eu\/wp-content\/uploads\/2022\/08\/FMSB-Abogados-Prohibicion-de-establecer-apartamentos-turisticos-en-comunidad-de-propietarios.jpg","keywords":["abogados","acuerdo","alquiler tur\u00edstico","apartamento tur\u00edstico","baleares","comunidad de propietarios","covid 19","derecho","economistas","el arenal","fmsb","font mora sainz de baranda","junta de propietarios","law","lawyers","ley de propiedad horizontal","Manacor","Palma","puerto de andratx","solicitors","unanimidad"],"articleSection":["blog","Derecho Civil","Derecho Urban\u00edstico e Inmobiliario","Home","Opini\u00f3n","propiedad horizontal"],"inLanguage":"en-US"},{"@type":"WebPage","@id":"https:\/\/fmsb.eu\/en\/2022\/08\/21\/nulo-acuerdo-comunidad-propietarios-apartamentos-turisticos\/","url":"https:\/\/fmsb.eu\/en\/2022\/08\/21\/nulo-acuerdo-comunidad-propietarios-apartamentos-turisticos\/","name":"Declaran nulo el acuerdo que prohib\u00eda el establecimiento de apartamentos tur\u00edsticos en\u00a0 una comunidad de propietarios - FMSB Abogados y Economistas en Baleares","isPartOf":{"@id":"https:\/\/fmsb.eu\/en\/#website"},"primaryImageOfPage":{"@id":"https:\/\/fmsb.eu\/en\/2022\/08\/21\/nulo-acuerdo-comunidad-propietarios-apartamentos-turisticos\/#primaryimage"},"image":{"@id":"https:\/\/fmsb.eu\/en\/2022\/08\/21\/nulo-acuerdo-comunidad-propietarios-apartamentos-turisticos\/#primaryimage"},"thumbnailUrl":"https:\/\/fmsb.eu\/wp-content\/uploads\/2022\/08\/FMSB-Abogados-Prohibicion-de-establecer-apartamentos-turisticos-en-comunidad-de-propietarios.jpg","datePublished":"2022-08-21T09:55:17+00:00","breadcrumb":{"@id":"https:\/\/fmsb.eu\/en\/2022\/08\/21\/nulo-acuerdo-comunidad-propietarios-apartamentos-turisticos\/#breadcrumb"},"inLanguage":"en-US","potentialAction":[{"@type":"ReadAction","target":["https:\/\/fmsb.eu\/en\/2022\/08\/21\/nulo-acuerdo-comunidad-propietarios-apartamentos-turisticos\/"]}]},{"@type":"ImageObject","inLanguage":"en-US","@id":"https:\/\/fmsb.eu\/en\/2022\/08\/21\/nulo-acuerdo-comunidad-propietarios-apartamentos-turisticos\/#primaryimage","url":"https:\/\/fmsb.eu\/wp-content\/uploads\/2022\/08\/FMSB-Abogados-Prohibicion-de-establecer-apartamentos-turisticos-en-comunidad-de-propietarios.jpg","contentUrl":"https:\/\/fmsb.eu\/wp-content\/uploads\/2022\/08\/FMSB-Abogados-Prohibicion-de-establecer-apartamentos-turisticos-en-comunidad-de-propietarios.jpg","width":955,"height":645},{"@type":"BreadcrumbList","@id":"https:\/\/fmsb.eu\/en\/2022\/08\/21\/nulo-acuerdo-comunidad-propietarios-apartamentos-turisticos\/#breadcrumb","itemListElement":[{"@type":"ListItem","position":1,"name":"Portada","item":"https:\/\/fmsb.eu\/en\/"},{"@type":"ListItem","position":2,"name":"Declaran nulo el acuerdo que prohib\u00eda el establecimiento de apartamentos tur\u00edsticos en\u00a0 una comunidad de propietarios"}]},{"@type":"WebSite","@id":"https:\/\/fmsb.eu\/en\/#website","url":"https:\/\/fmsb.eu\/en\/","name":"FMSB Abogados y Economistas en Baleares","description":"","publisher":{"@id":"https:\/\/fmsb.eu\/en\/#organization"},"potentialAction":[{"@type":"SearchAction","target":{"@type":"EntryPoint","urlTemplate":"https:\/\/fmsb.eu\/en\/?s={search_term_string}"},"query-input":{"@type":"PropertyValueSpecification","valueRequired":true,"valueName":"search_term_string"}}],"inLanguage":"en-US"},{"@type":"Organization","@id":"https:\/\/fmsb.eu\/en\/#organization","name":"FMSB Abogados y Economistas en Baleares","url":"https:\/\/fmsb.eu\/en\/","logo":{"@type":"ImageObject","inLanguage":"en-US","@id":"https:\/\/fmsb.eu\/en\/#\/schema\/logo\/image\/","url":"https:\/\/fmsb.eu\/wp-content\/uploads\/2025\/02\/logo.svg","contentUrl":"https:\/\/fmsb.eu\/wp-content\/uploads\/2025\/02\/logo.svg","width":154,"height":52,"caption":"FMSB Abogados y Economistas en Baleares"},"image":{"@id":"https:\/\/fmsb.eu\/en\/#\/schema\/logo\/image\/"}},{"@type":"Person","@id":"https:\/\/fmsb.eu\/en\/#\/schema\/person\/9fba7c70814b0cd34d35d655d36a4ca2","name":"fmsb","image":{"@type":"ImageObject","inLanguage":"en-US","@id":"https:\/\/secure.gravatar.com\/avatar\/426f4d5b0ebcace85460caf87cdaaa193694b611e990615d87a13f322fb7ee7f?s=96&d=mm&r=g","url":"https:\/\/secure.gravatar.com\/avatar\/426f4d5b0ebcace85460caf87cdaaa193694b611e990615d87a13f322fb7ee7f?s=96&d=mm&r=g","contentUrl":"https:\/\/secure.gravatar.com\/avatar\/426f4d5b0ebcace85460caf87cdaaa193694b611e990615d87a13f322fb7ee7f?s=96&d=mm&r=g","caption":"fmsb"},"sameAs":["https:\/\/x.com\/fmsb-disstint"],"url":"https:\/\/fmsb.eu\/en\/author\/fmsb\/"}]}},"_links":{"self":[{"href":"https:\/\/fmsb.eu\/en\/wp-json\/wp\/v2\/posts\/11340","targetHints":{"allow":["GET"]}}],"collection":[{"href":"https:\/\/fmsb.eu\/en\/wp-json\/wp\/v2\/posts"}],"about":[{"href":"https:\/\/fmsb.eu\/en\/wp-json\/wp\/v2\/types\/post"}],"author":[{"embeddable":true,"href":"https:\/\/fmsb.eu\/en\/wp-json\/wp\/v2\/users\/2"}],"replies":[{"embeddable":true,"href":"https:\/\/fmsb.eu\/en\/wp-json\/wp\/v2\/comments?post=11340"}],"version-history":[{"count":0,"href":"https:\/\/fmsb.eu\/en\/wp-json\/wp\/v2\/posts\/11340\/revisions"}],"wp:featuredmedia":[{"embeddable":true,"href":"https:\/\/fmsb.eu\/en\/wp-json\/wp\/v2\/media\/9824"}],"wp:attachment":[{"href":"https:\/\/fmsb.eu\/en\/wp-json\/wp\/v2\/media?parent=11340"}],"wp:term":[{"taxonomy":"category","embeddable":true,"href":"https:\/\/fmsb.eu\/en\/wp-json\/wp\/v2\/categories?post=11340"},{"taxonomy":"post_tag","embeddable":true,"href":"https:\/\/fmsb.eu\/en\/wp-json\/wp\/v2\/tags?post=11340"}],"curies":[{"name":"wp","href":"https:\/\/api.w.org\/{rel}","templated":true}]}}