{"id":11356,"date":"2022-07-21T11:33:57","date_gmt":"2022-07-21T09:33:57","guid":{"rendered":"http:\/\/fmsb.disstintbeta.com\/2022\/07\/21\/la-sustraccion-de-menores-margalida-fornaris\/"},"modified":"2022-07-21T11:33:57","modified_gmt":"2022-07-21T09:33:57","slug":"la-sustraccion-de-menores-margalida-fornaris","status":"publish","type":"post","link":"https:\/\/fmsb.eu\/en\/2022\/07\/21\/la-sustraccion-de-menores-margalida-fornaris\/","title":{"rendered":"La sustracci\u00f3n de menores nacional o internacional como delito, por Margalida Ramis en Radio Calvi\u00e0"},"content":{"rendered":"<p><iframe title=\"Margalida Fornaris trata el delito de sustracci\u00f3n de menores nacional e internacional\" width=\"800\" height=\"450\" src=\"https:\/\/www.youtube.com\/embed\/ewtlEICJq-w?feature=oembed\" frameborder=\"0\" allow=\"accelerometer; autoplay; clipboard-write; encrypted-media; gyroscope; picture-in-picture; web-share\" referrerpolicy=\"strict-origin-when-cross-origin\" allowfullscreen><\/iframe><\/p>\n<h1><span style=\"color: #ffffff;\">&#8211;<\/span><\/h1>\n<h1><strong>La sustracci\u00f3n de menores nacional o internacional como delito, por Margalida Ramis en Radio Calvi\u00e0<br \/>\n<\/strong><\/h1>\n<p>El padre o madre que decide desplazarse a vivir fuera de su lugar de residencia fijada llev\u00e1ndose a los hijos menores consigo sin el consentimiento del otro progenitor, puede cometer un <strong>delito de sustracci\u00f3n de menores<\/strong> tanto nacional como internacional. La abogada de <strong>Font Mora Sainz de Baranda &#8211;<\/strong><em>abogados y economistas<\/em><strong>&#8211;<\/strong> <strong>Margalida Fornaris<\/strong> nos los explica, dando respuesta a las preguntas m\u00e1s habituales al respecto:<\/p>\n<ul>\n<li>\u00bfQu\u00e9 se entiende por sustracci\u00f3n de un menor?<\/li>\n<li>\u00bfSucede habitualmente?<\/li>\n<li>\u00bfQu\u00e9 penas lleva aparejado este delito?<\/li>\n<li>\u00bfS\u00f3lo pueden cometerlo los progenitores?<\/li>\n<li>\u00bfLa mera denuncia de la sustracci\u00f3n sirve para que se restituya al menor?<\/li>\n<li>\u00bfEs preciso que exista una previa sentencia, tras el divorcio o separaci\u00f3n, que regule las medidas con respecto al menor con anterioridad para que la sustracci\u00f3n de un menor sea delito?<\/li>\n<\/ul>\n<p><strong>\u00a0<\/strong>Mira el v\u00eddeo completo del consultorio jur\u00eddico de <a href=\"http:\/\/www.radiocalviafm.com\"><strong>Radio Calvi\u00e0<\/strong><\/a> a trav\u00e9s de este enlace &#8212;&#8212;&#8212;&#8212;&#8211;.<\/p>\n<p><strong>\u00a0<\/strong><\/p>\n<hr \/>\n<p>#fmsb #fontmorasainzdebaranda\u00a0#abogados #economistas #derecho #penal #delito #sustracci\u00f3ndemenores #familia #hijos #custodia #medidas #progenitor #desplazamientos #viajes #obligaciones #baleares #mallorca #palma #menorca #ibiza #manacor #law #lawyers #solicitors<\/p>\n<p>&nbsp;<\/p>\n","protected":false},"excerpt":{"rendered":"<p>&#8211; La sustracci\u00f3n de menores nacional o internacional como delito, por Margalida Ramis en Radio Calvi\u00e0 El padre o madre que decide desplazarse a vivir fuera de su lugar de residencia fijada llev\u00e1ndose a los hijos menores consigo sin el consentimiento del otro progenitor, puede cometer un delito de sustracci\u00f3n de menores tanto nacional como [&hellip;]<\/p>\n","protected":false},"author":2,"featured_media":9812,"comment_status":"closed","ping_status":"open","sticky":false,"template":"","format":"standard","meta":{"footnotes":""},"categories":[2148,2149,2150,2714,2367,2152],"tags":[2156,2716,2717,2158,2416,2718,2719,2720,2721,2166,2425,2722,2723,2168,2724,2173,2174,2175,2725,2178,2179,2181,2726,2727,2728,2184,2729,2730,2732,2733,2734,2736,2737,2738,2739,4821,4822,4823,2740,2741],"class_list":["post-11356","post","type-post","status-publish","format-standard","has-post-thumbnail","hentry","category-actualidad-en","category-blog-en-2","category-derecho-civil-en","category-derecho-de-familia-en","category-derecho-penal-en","category-home-en-2","tag-abogados-en","tag-abuelos-en","tag-audiencia-en","tag-baleares-en","tag-codigo-civil-en","tag-custodia-en","tag-custodia-compartida-en","tag-deberes-en","tag-demanda-en","tag-derecho-en","tag-derecho-civil-en","tag-desatencion-en","tag-desplazamiento-en","tag-economistas-en","tag-familia-en","tag-fmsb-en","tag-font-mora-sainz-de-baranda-en","tag-ibiza-en-2","tag-interes-del-menor-en","tag-law-en-2","tag-lawyers-en-2","tag-mallorca-en-2","tag-margalida-sanso-en","tag-medidas-con-respecto-a-los-hijos-en","tag-medidas-con-respecto-a-menores-en","tag-menorca-en-2","tag-menores-en","tag-modificacion-de-medidas-en","tag-nietos-en","tag-obligaciones-en","tag-progenitor-en","tag-relaciones-paternofiliales-en","tag-retirada-de-custodia-en","tag-sentencia-en","tag-solicit-en","tag-sustraccion-de-menores-en","tag-sustraccion-internacional-en","tag-sustraccion-nacional-en","tag-visita-en","tag-vuelo-en"],"yoast_head":"<!-- This site is optimized with the Yoast SEO plugin v27.3 - https:\/\/yoast.com\/product\/yoast-seo-wordpress\/ -->\n<title>La sustracci\u00f3n de menores nacional o internacional como delito, por Margalida Ramis en Radio Calvi\u00e0 - FMSB Abogados y Economistas en Baleares<\/title>\n<meta name=\"robots\" content=\"index, follow, max-snippet:-1, max-image-preview:large, max-video-preview:-1\" \/>\n<link rel=\"canonical\" href=\"https:\/\/fmsb.eu\/en\/2022\/07\/21\/la-sustraccion-de-menores-margalida-fornaris\/\" \/>\n<meta property=\"og:locale\" content=\"en_US\" \/>\n<meta property=\"og:type\" content=\"article\" \/>\n<meta property=\"og:title\" content=\"La sustracci\u00f3n de menores nacional o internacional como delito, por Margalida Ramis en Radio Calvi\u00e0 - FMSB Abogados y Economistas en Baleares\" \/>\n<meta property=\"og:description\" content=\"&#8211; La sustracci\u00f3n de menores nacional o internacional como delito, por Margalida Ramis en Radio Calvi\u00e0 El padre o madre que decide desplazarse a vivir fuera de su lugar de residencia fijada llev\u00e1ndose a los hijos menores consigo sin el consentimiento del otro progenitor, puede cometer un delito de sustracci\u00f3n de menores tanto nacional como [&hellip;]\" \/>\n<meta property=\"og:url\" content=\"https:\/\/fmsb.eu\/en\/2022\/07\/21\/la-sustraccion-de-menores-margalida-fornaris\/\" \/>\n<meta property=\"og:site_name\" content=\"FMSB Abogados y Economistas en Baleares\" \/>\n<meta property=\"article:published_time\" content=\"2022-07-21T09:33:57+00:00\" \/>\n<meta property=\"og:image\" content=\"https:\/\/fmsb.eu\/wp-content\/uploads\/2022\/07\/Sustraccion-de-menores.jpg\" \/>\n\t<meta property=\"og:image:width\" content=\"1834\" \/>\n\t<meta property=\"og:image:height\" content=\"1027\" \/>\n\t<meta property=\"og:image:type\" content=\"image\/jpeg\" \/>\n<meta name=\"author\" content=\"fmsb\" \/>\n<meta name=\"twitter:card\" content=\"summary_large_image\" \/>\n<meta name=\"twitter:creator\" content=\"@fmsb-disstint\" \/>\n<meta name=\"twitter:label1\" content=\"Written by\" \/>\n\t<meta name=\"twitter:data1\" content=\"fmsb\" \/>\n\t<meta name=\"twitter:label2\" content=\"Est. reading time\" \/>\n\t<meta name=\"twitter:data2\" content=\"1 minute\" \/>\n<script type=\"application\/ld+json\" class=\"yoast-schema-graph\">{\"@context\":\"https:\\\/\\\/schema.org\",\"@graph\":[{\"@type\":\"Article\",\"@id\":\"https:\\\/\\\/fmsb.eu\\\/en\\\/2022\\\/07\\\/21\\\/la-sustraccion-de-menores-margalida-fornaris\\\/#article\",\"isPartOf\":{\"@id\":\"https:\\\/\\\/fmsb.eu\\\/en\\\/2022\\\/07\\\/21\\\/la-sustraccion-de-menores-margalida-fornaris\\\/\"},\"author\":{\"name\":\"fmsb\",\"@id\":\"https:\\\/\\\/fmsb.eu\\\/en\\\/#\\\/schema\\\/person\\\/9fba7c70814b0cd34d35d655d36a4ca2\"},\"headline\":\"La sustracci\u00f3n de menores nacional o internacional como delito, por Margalida Ramis en Radio Calvi\u00e0\",\"datePublished\":\"2022-07-21T09:33:57+00:00\",\"mainEntityOfPage\":{\"@id\":\"https:\\\/\\\/fmsb.eu\\\/en\\\/2022\\\/07\\\/21\\\/la-sustraccion-de-menores-margalida-fornaris\\\/\"},\"wordCount\":223,\"publisher\":{\"@id\":\"https:\\\/\\\/fmsb.eu\\\/en\\\/#organization\"},\"image\":{\"@id\":\"https:\\\/\\\/fmsb.eu\\\/en\\\/2022\\\/07\\\/21\\\/la-sustraccion-de-menores-margalida-fornaris\\\/#primaryimage\"},\"thumbnailUrl\":\"https:\\\/\\\/fmsb.eu\\\/wp-content\\\/uploads\\\/2022\\\/07\\\/Sustraccion-de-menores.jpg\",\"keywords\":[\"abogados\",\"abuelos\",\"audiencia\",\"baleares\",\"c\u00f3digo civil\",\"custodia\",\"custodia compartida\",\"deberes\",\"demanda\",\"derecho\",\"Derecho Civil\",\"desatenci\u00f3n\",\"desplazamiento\",\"economistas\",\"familia\",\"fmsb\",\"font mora sainz de baranda\",\"ibiza\",\"inter\u00e9s del menor\",\"law\",\"lawyers\",\"mallorca\",\"margalida sanso\",\"medidas con respecto a los hijos\",\"medidas con respecto a menores\",\"menorca\",\"menores\",\"modificaci\u00f3n de medidas\",\"nietos\",\"obligaciones\",\"progenitor\",\"relaciones paternofiliales\",\"retirada de custodia\",\"sentencia\",\"solicit\",\"sustracci\u00f3n de menores\",\"sustracci\u00f3n internacional\",\"sustracci\u00f3n nacional\",\"visita\",\"vuelo\"],\"articleSection\":[\"actualidad\",\"blog\",\"Derecho Civil\",\"derecho de familia\",\"Derecho Penal\",\"Home\"],\"inLanguage\":\"en-US\"},{\"@type\":\"WebPage\",\"@id\":\"https:\\\/\\\/fmsb.eu\\\/en\\\/2022\\\/07\\\/21\\\/la-sustraccion-de-menores-margalida-fornaris\\\/\",\"url\":\"https:\\\/\\\/fmsb.eu\\\/en\\\/2022\\\/07\\\/21\\\/la-sustraccion-de-menores-margalida-fornaris\\\/\",\"name\":\"La sustracci\u00f3n de menores nacional o internacional como delito, por Margalida Ramis en Radio Calvi\u00e0 - FMSB Abogados y Economistas en Baleares\",\"isPartOf\":{\"@id\":\"https:\\\/\\\/fmsb.eu\\\/en\\\/#website\"},\"primaryImageOfPage\":{\"@id\":\"https:\\\/\\\/fmsb.eu\\\/en\\\/2022\\\/07\\\/21\\\/la-sustraccion-de-menores-margalida-fornaris\\\/#primaryimage\"},\"image\":{\"@id\":\"https:\\\/\\\/fmsb.eu\\\/en\\\/2022\\\/07\\\/21\\\/la-sustraccion-de-menores-margalida-fornaris\\\/#primaryimage\"},\"thumbnailUrl\":\"https:\\\/\\\/fmsb.eu\\\/wp-content\\\/uploads\\\/2022\\\/07\\\/Sustraccion-de-menores.jpg\",\"datePublished\":\"2022-07-21T09:33:57+00:00\",\"breadcrumb\":{\"@id\":\"https:\\\/\\\/fmsb.eu\\\/en\\\/2022\\\/07\\\/21\\\/la-sustraccion-de-menores-margalida-fornaris\\\/#breadcrumb\"},\"inLanguage\":\"en-US\",\"potentialAction\":[{\"@type\":\"ReadAction\",\"target\":[\"https:\\\/\\\/fmsb.eu\\\/en\\\/2022\\\/07\\\/21\\\/la-sustraccion-de-menores-margalida-fornaris\\\/\"]}]},{\"@type\":\"ImageObject\",\"inLanguage\":\"en-US\",\"@id\":\"https:\\\/\\\/fmsb.eu\\\/en\\\/2022\\\/07\\\/21\\\/la-sustraccion-de-menores-margalida-fornaris\\\/#primaryimage\",\"url\":\"https:\\\/\\\/fmsb.eu\\\/wp-content\\\/uploads\\\/2022\\\/07\\\/Sustraccion-de-menores.jpg\",\"contentUrl\":\"https:\\\/\\\/fmsb.eu\\\/wp-content\\\/uploads\\\/2022\\\/07\\\/Sustraccion-de-menores.jpg\",\"width\":1834,\"height\":1027},{\"@type\":\"BreadcrumbList\",\"@id\":\"https:\\\/\\\/fmsb.eu\\\/en\\\/2022\\\/07\\\/21\\\/la-sustraccion-de-menores-margalida-fornaris\\\/#breadcrumb\",\"itemListElement\":[{\"@type\":\"ListItem\",\"position\":1,\"name\":\"Portada\",\"item\":\"https:\\\/\\\/fmsb.eu\\\/en\\\/\"},{\"@type\":\"ListItem\",\"position\":2,\"name\":\"La sustracci\u00f3n de menores nacional o internacional como delito, por Margalida Ramis en Radio Calvi\u00e0\"}]},{\"@type\":\"WebSite\",\"@id\":\"https:\\\/\\\/fmsb.eu\\\/en\\\/#website\",\"url\":\"https:\\\/\\\/fmsb.eu\\\/en\\\/\",\"name\":\"FMSB Abogados y Economistas en Baleares\",\"description\":\"\",\"publisher\":{\"@id\":\"https:\\\/\\\/fmsb.eu\\\/en\\\/#organization\"},\"potentialAction\":[{\"@type\":\"SearchAction\",\"target\":{\"@type\":\"EntryPoint\",\"urlTemplate\":\"https:\\\/\\\/fmsb.eu\\\/en\\\/?s={search_term_string}\"},\"query-input\":{\"@type\":\"PropertyValueSpecification\",\"valueRequired\":true,\"valueName\":\"search_term_string\"}}],\"inLanguage\":\"en-US\"},{\"@type\":\"Organization\",\"@id\":\"https:\\\/\\\/fmsb.eu\\\/en\\\/#organization\",\"name\":\"FMSB Abogados y Economistas en Baleares\",\"url\":\"https:\\\/\\\/fmsb.eu\\\/en\\\/\",\"logo\":{\"@type\":\"ImageObject\",\"inLanguage\":\"en-US\",\"@id\":\"https:\\\/\\\/fmsb.eu\\\/en\\\/#\\\/schema\\\/logo\\\/image\\\/\",\"url\":\"https:\\\/\\\/fmsb.eu\\\/wp-content\\\/uploads\\\/2025\\\/02\\\/logo.svg\",\"contentUrl\":\"https:\\\/\\\/fmsb.eu\\\/wp-content\\\/uploads\\\/2025\\\/02\\\/logo.svg\",\"width\":154,\"height\":52,\"caption\":\"FMSB Abogados y Economistas en Baleares\"},\"image\":{\"@id\":\"https:\\\/\\\/fmsb.eu\\\/en\\\/#\\\/schema\\\/logo\\\/image\\\/\"}},{\"@type\":\"Person\",\"@id\":\"https:\\\/\\\/fmsb.eu\\\/en\\\/#\\\/schema\\\/person\\\/9fba7c70814b0cd34d35d655d36a4ca2\",\"name\":\"fmsb\",\"image\":{\"@type\":\"ImageObject\",\"inLanguage\":\"en-US\",\"@id\":\"https:\\\/\\\/secure.gravatar.com\\\/avatar\\\/426f4d5b0ebcace85460caf87cdaaa193694b611e990615d87a13f322fb7ee7f?s=96&d=mm&r=g\",\"url\":\"https:\\\/\\\/secure.gravatar.com\\\/avatar\\\/426f4d5b0ebcace85460caf87cdaaa193694b611e990615d87a13f322fb7ee7f?s=96&d=mm&r=g\",\"contentUrl\":\"https:\\\/\\\/secure.gravatar.com\\\/avatar\\\/426f4d5b0ebcace85460caf87cdaaa193694b611e990615d87a13f322fb7ee7f?s=96&d=mm&r=g\",\"caption\":\"fmsb\"},\"sameAs\":[\"https:\\\/\\\/x.com\\\/fmsb-disstint\"],\"url\":\"https:\\\/\\\/fmsb.eu\\\/en\\\/author\\\/fmsb\\\/\"}]}<\/script>\n<!-- \/ Yoast SEO plugin. -->","yoast_head_json":{"title":"La sustracci\u00f3n de menores nacional o internacional como delito, por Margalida Ramis en Radio Calvi\u00e0 - FMSB Abogados y Economistas en Baleares","robots":{"index":"index","follow":"follow","max-snippet":"max-snippet:-1","max-image-preview":"max-image-preview:large","max-video-preview":"max-video-preview:-1"},"canonical":"https:\/\/fmsb.eu\/en\/2022\/07\/21\/la-sustraccion-de-menores-margalida-fornaris\/","og_locale":"en_US","og_type":"article","og_title":"La sustracci\u00f3n de menores nacional o internacional como delito, por Margalida Ramis en Radio Calvi\u00e0 - FMSB Abogados y Economistas en Baleares","og_description":"&#8211; La sustracci\u00f3n de menores nacional o internacional como delito, por Margalida Ramis en Radio Calvi\u00e0 El padre o madre que decide desplazarse a vivir fuera de su lugar de residencia fijada llev\u00e1ndose a los hijos menores consigo sin el consentimiento del otro progenitor, puede cometer un delito de sustracci\u00f3n de menores tanto nacional como [&hellip;]","og_url":"https:\/\/fmsb.eu\/en\/2022\/07\/21\/la-sustraccion-de-menores-margalida-fornaris\/","og_site_name":"FMSB Abogados y Economistas en Baleares","article_published_time":"2022-07-21T09:33:57+00:00","og_image":[{"width":1834,"height":1027,"url":"https:\/\/fmsb.eu\/wp-content\/uploads\/2022\/07\/Sustraccion-de-menores.jpg","type":"image\/jpeg"}],"author":"fmsb","twitter_card":"summary_large_image","twitter_creator":"@fmsb-disstint","twitter_misc":{"Written by":"fmsb","Est. reading time":"1 minute"},"schema":{"@context":"https:\/\/schema.org","@graph":[{"@type":"Article","@id":"https:\/\/fmsb.eu\/en\/2022\/07\/21\/la-sustraccion-de-menores-margalida-fornaris\/#article","isPartOf":{"@id":"https:\/\/fmsb.eu\/en\/2022\/07\/21\/la-sustraccion-de-menores-margalida-fornaris\/"},"author":{"name":"fmsb","@id":"https:\/\/fmsb.eu\/en\/#\/schema\/person\/9fba7c70814b0cd34d35d655d36a4ca2"},"headline":"La sustracci\u00f3n de menores nacional o internacional como delito, por Margalida Ramis en Radio Calvi\u00e0","datePublished":"2022-07-21T09:33:57+00:00","mainEntityOfPage":{"@id":"https:\/\/fmsb.eu\/en\/2022\/07\/21\/la-sustraccion-de-menores-margalida-fornaris\/"},"wordCount":223,"publisher":{"@id":"https:\/\/fmsb.eu\/en\/#organization"},"image":{"@id":"https:\/\/fmsb.eu\/en\/2022\/07\/21\/la-sustraccion-de-menores-margalida-fornaris\/#primaryimage"},"thumbnailUrl":"https:\/\/fmsb.eu\/wp-content\/uploads\/2022\/07\/Sustraccion-de-menores.jpg","keywords":["abogados","abuelos","audiencia","baleares","c\u00f3digo civil","custodia","custodia compartida","deberes","demanda","derecho","Derecho Civil","desatenci\u00f3n","desplazamiento","economistas","familia","fmsb","font mora sainz de baranda","ibiza","inter\u00e9s del menor","law","lawyers","mallorca","margalida sanso","medidas con respecto a los hijos","medidas con respecto a menores","menorca","menores","modificaci\u00f3n de medidas","nietos","obligaciones","progenitor","relaciones paternofiliales","retirada de custodia","sentencia","solicit","sustracci\u00f3n de menores","sustracci\u00f3n internacional","sustracci\u00f3n nacional","visita","vuelo"],"articleSection":["actualidad","blog","Derecho Civil","derecho de familia","Derecho Penal","Home"],"inLanguage":"en-US"},{"@type":"WebPage","@id":"https:\/\/fmsb.eu\/en\/2022\/07\/21\/la-sustraccion-de-menores-margalida-fornaris\/","url":"https:\/\/fmsb.eu\/en\/2022\/07\/21\/la-sustraccion-de-menores-margalida-fornaris\/","name":"La sustracci\u00f3n de menores nacional o internacional como delito, por Margalida Ramis en Radio Calvi\u00e0 - FMSB Abogados y Economistas en Baleares","isPartOf":{"@id":"https:\/\/fmsb.eu\/en\/#website"},"primaryImageOfPage":{"@id":"https:\/\/fmsb.eu\/en\/2022\/07\/21\/la-sustraccion-de-menores-margalida-fornaris\/#primaryimage"},"image":{"@id":"https:\/\/fmsb.eu\/en\/2022\/07\/21\/la-sustraccion-de-menores-margalida-fornaris\/#primaryimage"},"thumbnailUrl":"https:\/\/fmsb.eu\/wp-content\/uploads\/2022\/07\/Sustraccion-de-menores.jpg","datePublished":"2022-07-21T09:33:57+00:00","breadcrumb":{"@id":"https:\/\/fmsb.eu\/en\/2022\/07\/21\/la-sustraccion-de-menores-margalida-fornaris\/#breadcrumb"},"inLanguage":"en-US","potentialAction":[{"@type":"ReadAction","target":["https:\/\/fmsb.eu\/en\/2022\/07\/21\/la-sustraccion-de-menores-margalida-fornaris\/"]}]},{"@type":"ImageObject","inLanguage":"en-US","@id":"https:\/\/fmsb.eu\/en\/2022\/07\/21\/la-sustraccion-de-menores-margalida-fornaris\/#primaryimage","url":"https:\/\/fmsb.eu\/wp-content\/uploads\/2022\/07\/Sustraccion-de-menores.jpg","contentUrl":"https:\/\/fmsb.eu\/wp-content\/uploads\/2022\/07\/Sustraccion-de-menores.jpg","width":1834,"height":1027},{"@type":"BreadcrumbList","@id":"https:\/\/fmsb.eu\/en\/2022\/07\/21\/la-sustraccion-de-menores-margalida-fornaris\/#breadcrumb","itemListElement":[{"@type":"ListItem","position":1,"name":"Portada","item":"https:\/\/fmsb.eu\/en\/"},{"@type":"ListItem","position":2,"name":"La sustracci\u00f3n de menores nacional o internacional como delito, por Margalida Ramis en Radio Calvi\u00e0"}]},{"@type":"WebSite","@id":"https:\/\/fmsb.eu\/en\/#website","url":"https:\/\/fmsb.eu\/en\/","name":"FMSB Abogados y Economistas en Baleares","description":"","publisher":{"@id":"https:\/\/fmsb.eu\/en\/#organization"},"potentialAction":[{"@type":"SearchAction","target":{"@type":"EntryPoint","urlTemplate":"https:\/\/fmsb.eu\/en\/?s={search_term_string}"},"query-input":{"@type":"PropertyValueSpecification","valueRequired":true,"valueName":"search_term_string"}}],"inLanguage":"en-US"},{"@type":"Organization","@id":"https:\/\/fmsb.eu\/en\/#organization","name":"FMSB Abogados y Economistas en Baleares","url":"https:\/\/fmsb.eu\/en\/","logo":{"@type":"ImageObject","inLanguage":"en-US","@id":"https:\/\/fmsb.eu\/en\/#\/schema\/logo\/image\/","url":"https:\/\/fmsb.eu\/wp-content\/uploads\/2025\/02\/logo.svg","contentUrl":"https:\/\/fmsb.eu\/wp-content\/uploads\/2025\/02\/logo.svg","width":154,"height":52,"caption":"FMSB Abogados y Economistas en Baleares"},"image":{"@id":"https:\/\/fmsb.eu\/en\/#\/schema\/logo\/image\/"}},{"@type":"Person","@id":"https:\/\/fmsb.eu\/en\/#\/schema\/person\/9fba7c70814b0cd34d35d655d36a4ca2","name":"fmsb","image":{"@type":"ImageObject","inLanguage":"en-US","@id":"https:\/\/secure.gravatar.com\/avatar\/426f4d5b0ebcace85460caf87cdaaa193694b611e990615d87a13f322fb7ee7f?s=96&d=mm&r=g","url":"https:\/\/secure.gravatar.com\/avatar\/426f4d5b0ebcace85460caf87cdaaa193694b611e990615d87a13f322fb7ee7f?s=96&d=mm&r=g","contentUrl":"https:\/\/secure.gravatar.com\/avatar\/426f4d5b0ebcace85460caf87cdaaa193694b611e990615d87a13f322fb7ee7f?s=96&d=mm&r=g","caption":"fmsb"},"sameAs":["https:\/\/x.com\/fmsb-disstint"],"url":"https:\/\/fmsb.eu\/en\/author\/fmsb\/"}]}},"_links":{"self":[{"href":"https:\/\/fmsb.eu\/en\/wp-json\/wp\/v2\/posts\/11356","targetHints":{"allow":["GET"]}}],"collection":[{"href":"https:\/\/fmsb.eu\/en\/wp-json\/wp\/v2\/posts"}],"about":[{"href":"https:\/\/fmsb.eu\/en\/wp-json\/wp\/v2\/types\/post"}],"author":[{"embeddable":true,"href":"https:\/\/fmsb.eu\/en\/wp-json\/wp\/v2\/users\/2"}],"replies":[{"embeddable":true,"href":"https:\/\/fmsb.eu\/en\/wp-json\/wp\/v2\/comments?post=11356"}],"version-history":[{"count":0,"href":"https:\/\/fmsb.eu\/en\/wp-json\/wp\/v2\/posts\/11356\/revisions"}],"wp:featuredmedia":[{"embeddable":true,"href":"https:\/\/fmsb.eu\/en\/wp-json\/wp\/v2\/media\/9812"}],"wp:attachment":[{"href":"https:\/\/fmsb.eu\/en\/wp-json\/wp\/v2\/media?parent=11356"}],"wp:term":[{"taxonomy":"category","embeddable":true,"href":"https:\/\/fmsb.eu\/en\/wp-json\/wp\/v2\/categories?post=11356"},{"taxonomy":"post_tag","embeddable":true,"href":"https:\/\/fmsb.eu\/en\/wp-json\/wp\/v2\/tags?post=11356"}],"curies":[{"name":"wp","href":"https:\/\/api.w.org\/{rel}","templated":true}]}}