{"id":11370,"date":"2022-06-26T07:16:55","date_gmt":"2022-06-26T05:16:55","guid":{"rendered":"http:\/\/fmsb.disstintbeta.com\/2022\/06\/26\/dictamen-hacienda-jorge-sainz-de-baranda-en-mallorcadiario\/"},"modified":"2022-06-26T07:16:55","modified_gmt":"2022-06-26T05:16:55","slug":"dictamen-hacienda-jorge-sainz-de-baranda-en-mallorcadiario","status":"publish","type":"post","link":"https:\/\/fmsb.eu\/en\/2022\/06\/26\/dictamen-hacienda-jorge-sainz-de-baranda-en-mallorcadiario\/","title":{"rendered":"El brillo de un Dictamen de Hacienda, art\u00edculo de opini\u00f3n de Jorge S\u00e1inz de Baranda en Mallorcadiario"},"content":{"rendered":"<p>&nbsp;<\/p>\n<div class=\"navegacion\">\n<h3 class=\"antesubtitulo antetit\"><a href=\"http:\/\/www.mallorcadiario.com\"><span style=\"color: #993300;\"><strong>mallorcadiario.com<\/strong><\/span><\/a>\u00a0 <a href=\"https:\/\/www.mallorcadiario.com\/brillo-dictamen-hacienda-jorge-sainz-de-baranda\">Opini\u00f3n<\/a><\/h3>\n<\/div>\n<p><a href=\"http:\/\/fmsb.disstintbeta.com\/wp-content\/uploads\/2022\/06\/FMSB-Abogados-El-brillo-de-un-dictamen-de-Hacienda-Jorge-Sainz-de-Baranda-Mallorcadiario-00.jpg\"><img fetchpriority=\"high\" decoding=\"async\" class=\"alignnone wp-image-6095\" src=\"http:\/\/fmsb.disstintbeta.com\/wp-content\/uploads\/2022\/06\/FMSB-Abogados-El-brillo-de-un-dictamen-de-Hacienda-Jorge-Sainz-de-Baranda-Mallorcadiario-00.jpg\" alt=\"\" width=\"800\" height=\"600\" srcset=\"https:\/\/font-mora-sainz-baranda.fra1.digitaloceanspaces.com\/wp-content\/uploads\/2022\/06\/FMSB-Abogados-El-brillo-de-un-dictamen-de-Hacienda-Jorge-Sainz-de-Baranda-Mallorcadiario-00.jpg 1600w, https:\/\/font-mora-sainz-baranda.fra1.digitaloceanspaces.com\/wp-content\/uploads\/2022\/06\/FMSB-Abogados-El-brillo-de-un-dictamen-de-Hacienda-Jorge-Sainz-de-Baranda-Mallorcadiario-00-300x225.jpg 300w, https:\/\/font-mora-sainz-baranda.fra1.digitaloceanspaces.com\/wp-content\/uploads\/2022\/06\/FMSB-Abogados-El-brillo-de-un-dictamen-de-Hacienda-Jorge-Sainz-de-Baranda-Mallorcadiario-00-1024x768.jpg 1024w, https:\/\/font-mora-sainz-baranda.fra1.digitaloceanspaces.com\/wp-content\/uploads\/2022\/06\/FMSB-Abogados-El-brillo-de-un-dictamen-de-Hacienda-Jorge-Sainz-de-Baranda-Mallorcadiario-00-768x576.jpg 768w, https:\/\/font-mora-sainz-baranda.fra1.digitaloceanspaces.com\/wp-content\/uploads\/2022\/06\/FMSB-Abogados-El-brillo-de-un-dictamen-de-Hacienda-Jorge-Sainz-de-Baranda-Mallorcadiario-00-1536x1152.jpg 1536w\" sizes=\"(max-width: 800px) 100vw, 800px\" \/><\/a><\/p>\n<div class=\"navegacion\">\n<h6 class=\"ulthora fecha_publicacion\"><span class=\"dia_mes_anno\">DOMINGO 26 DE JUNIO DE 2022<br \/>\n<\/span><\/h6>\n<h6 class=\"ulthora fecha_publicacion\"><span class=\"dia_mes_anno\" style=\"color: #ffffff;\">DOMINGO 25 DE OCTUBRE DE 2020<\/span><\/h6>\n<\/div>\n<div title=\"noticia 557362\">\n<h1 class=\"titulo\"><a href=\"https:\/\/www.mallorcadiario.com\/brillo-dictamen-hacienda-jorge-sainz-de-baranda\"><strong>El brillo de un Dictamen de Hacienda<\/strong><\/a><\/h1>\n<\/div>\n<div id=\"firmante_767\" class=\"firmante\">\n<p>Por\u00a0<strong><span class=\"nombre_firmante\">Jorge S\u00e1inz de Baranda<\/span><\/strong><\/p>\n<h6><a href=\"https:\/\/www.mallorcadiario.com\/jorge-sainz-de-baranda\/autor\/767\/\"><strong><span style=\"color: #993300;\">M\u00c1S ART\u00cdCULOS DEL AUTOR<\/span><\/strong><\/a><\/h6>\n<p><strong>\u00a0<\/strong><\/p>\n<p><strong>El brillo de un Dictamen de Hacienda<\/strong><\/p>\n<p>La cita <em>\u00abno es oro todo lo que reluce\u00bb<\/em> es una m\u00e1xima que nos invita a desconfiar de las apariencias y, en su lugar, a valorar la sustancia real, lo que subyace; y todo con el fin de encontrar aquello que se esconde detr\u00e1s de unas meras trazas. Por eso utilizamos la imagen del oro, un metal que si bien tiene la cualidad del brillo, no es el \u00fanico elemento que goza de este atributo.<\/p>\n<p>La cita la recoge, entre otros, Don Miguel de Cervantes en <em>\u00abEl Quijote\u00bb<\/em>, en la deliciosa conversaci\u00f3n entre la Duquesa Do\u00f1a Rodr\u00edguez de Grijalva y el bueno de Sancho Panza, en la que, al preguntarle la Duquesa por el maravilloso olor que se supone debe desprender la bella Dulcinea del Toboso, el fiel escudero, con su ingenua franqueza, se azora y solo le acierta a decir que no es oro todo lo que reluce, y que: <em>&#8220;lo que s\u00ed s\u00e9 decir es que sent\u00ed un olorcillo algo hombruno, y deb\u00eda ser que ella, con el mucho ejercicio, estaba sudada y algo correosa&#8221;<\/em>.<\/p>\n<p>Y es que, ya ven, ni es oro todo lo que reluce ni tampoco todo lo que se deduce, y eso es lo que expresa claramente nuestro Tribunal Supremo en su recient\u00edsima <a href=\"https:\/\/www.fmsb.eu\/wp-content\/uploads\/2022\/06\/STS_597_2022.pdf\"><strong><span style=\"color: #99cc00;\">Sentencia de 17 de febrero de este a\u00f1o, STS 202\/2022<\/span><\/strong><\/a> (<a href=\"https:\/\/www.fmsb.eu\/wp-content\/uploads\/2022\/06\/STS_597_2022.pdf\">haz clic para descargarla en formato <em>pdf<\/em><\/a>).<\/p>\n<p>Les cuento el caso, que a buen seguro les podr\u00e1 ser de utilidad: Unos bisnietos del pintor Joaqu\u00edn Sorolla (Valencia, 1863-1923) ten\u00edan la intenci\u00f3n de vender en el extranjero un cuadro del artista, titulado <em>\u00abFin de Jornada\u00bb<\/em>, de forma que solicitan del Estado el correspondiente permiso de exportaci\u00f3n para su venta, todo ello de acuerdo con lo dispuesto en el art\u00edculo 5 de la Ley del Patrimonio Hist\u00f3rico Espa\u00f1ol.<\/p>\n<p>Para sorpresa de todos, el Ministerio de Educaci\u00f3n, Cultura y Deporte -debe ser por esto \u00faltimo- deniega el permiso alegando que el cuadro posee un valor excepcional para nuestro Patrimonio y que, por consiguiente, debe permanecer en territorio nacional, si bien no ejercita el derecho de adquisici\u00f3n preferente que le otorga la Ley. Dicha resoluci\u00f3n sit\u00faa a la familia en la inc\u00f3moda posici\u00f3n de tener que acudir un proceso judicial ya que, ni puede optar por la venta internacional -lo que, l\u00f3gicamente, disminuye su valor en el mercado nacional-, ni el Estado est\u00e1 interesado en su adquisici\u00f3n.<\/p>\n<p>Con la demanda y la contestaci\u00f3n, las partes -los bisnietos y el Estado- acompa\u00f1an sendos informes periciales. La familia aporta dos informes favorables a la exportaci\u00f3n realizados por dos expertas en la obra del artista valenciano que, sin cuestionar la indudable val\u00eda del cuadro, se\u00f1alan que no es excepcional en el contexto de su obra. Frente a ello, el Estado simplemente se remite a dos informes, uno de la Jefa de \u00c1rea de la Subdirecci\u00f3n General de Museos Estatales y el otro de la Subdirectora General de Promoci\u00f3n de Bellas Artes, que lo desaconsejan.<\/p>\n<p>Y el Tribunal Superior de Justicia de Madrid, sin entrar a valorarlos, resuelve desestimando las pretensiones de la familia al entender que los informes administrativos, solo por el hecho de serlo, gozan de una presunci\u00f3n de objetividad superior a los informes de car\u00e1cter privado.<\/p>\n<p>Recurrida la Sentencia en casaci\u00f3n, el Supremo se\u00f1ala lo siguiente:<\/p>\n<p>Primero, que no es lo mismo que un informe o dictamen emanado de la Administraci\u00f3n se haga valer como medio de prueba en un litigio entre terceros o que se haga valer en un pleito en el que esa misma Administraci\u00f3n es parte, ya que en este \u00faltimo supuesto no tiene sentido decir que &#8220;<em>el informe o dictamen goza de imparcialidad y, por ello, merece un plus de credibilidad<\/em>&#8220;. Como tan acertadamente recoge en la Sentencia <em>&#8220;quien es parte no es imparcial (&#8230;)&#8221;<\/em>, aunque esa parte sea el mism\u00edsimo Estado.<\/p>\n<p>Segundo, que los expertos al servicio de la Administraci\u00f3n, por el simple hecho de estar dentro de la maquinaria estatal, no tienen una pretendida <em>&#8220;mayor objetividad e imparcialidad, <\/em>muchas veces es al contrario. Por ello, los Tribunales deben en cada caso realizar un an\u00e1lisis comparativo sobre la mayor o menor solidez de cada uno de los dict\u00e1menes periciales, teniendo en cuenta sus fuentes, su desarrollo expositivo, e incluso el prestigio profesional de su autor.<\/p>\n<p>Y tercero, pero no menos importante, que, seguramente, tambi\u00e9n habr\u00e1 supuestos en que los informes elaborados por funcionarios, <em>\u201caun habiendo sido elaborados por aut\u00e9nticos t\u00e9cnicos, no pueden ser considerados como prueba pericial\u201d<\/em>, por ejemplo cuando las partes no tienen ocasi\u00f3n de pedir explicaciones o aclaraciones sobre los mismos. En ese caso, esos informes no tendr\u00e1n m\u00e1s valor que el de meros documentos administrativos.<\/p>\n<p>Como ver\u00e1n, la importancia de esta Sentencia no alcanza solo al caso enjuiciado, sino que puede ser de aplicaci\u00f3n en muchos otros procedimientos, incluidos los de naturaleza tributaria, en los que tradicionalmente se ha dado a los &#8220;<em>brillantes<\/em>&#8221; -no se me enfaden, que lo digo por el punto \u00e1ureo- Informes de la Administraci\u00f3n mayor fuerza probatoria, incluso el car\u00e1cter de prueba tasada o legal, solo por el hecho de provenir de Organismos P\u00fablicos, sin m\u00e1s motivaci\u00f3n.<\/p>\n<p>Y es que, como casi dec\u00eda la adivinanza, aunque <em>oro parece, un \u00abpl\u00e1tano\u00bb es&#8230;<\/em><\/p>\n<\/div>\n<p>&nbsp;<\/p>\n<hr \/>\n<p>Art\u00edculo original publicado en el diario digital\u00a0<a href=\"https:\/\/www.mallorcadiario.com\"><strong><span style=\"color: #993300;\">mallorcadiario.com<\/span><\/strong><\/a> .\u00a0\u00a0 L\u00e9elo directamente en mallorcadiario a trav\u00e9s de este <span style=\"color: #993366;\"><strong><a style=\"color: #993366;\" href=\"https:\/\/www.mallorcadiario.com\/brillo-dictamen-hacienda-jorge-sainz-de-baranda\">enlace<\/a><\/strong><\/span><\/p>\n","protected":false},"excerpt":{"rendered":"<p>&nbsp; mallorcadiario.com\u00a0 Opini\u00f3n DOMINGO 26 DE JUNIO DE 2022 DOMINGO 25 DE OCTUBRE DE 2020 El brillo de un Dictamen de Hacienda Por\u00a0Jorge S\u00e1inz de Baranda M\u00c1S ART\u00cdCULOS DEL AUTOR \u00a0 El brillo de un Dictamen de Hacienda La cita \u00abno es oro todo lo que reluce\u00bb es una m\u00e1xima que nos invita a desconfiar [&hellip;]<\/p>\n","protected":false},"author":2,"featured_media":9798,"comment_status":"closed","ping_status":"open","sticky":false,"template":"","format":"standard","meta":{"footnotes":""},"categories":[2148,2149,2250,2888,3144],"tags":[2156,2606,2607,2608,2253,2609,2494,2255,2611,2158,2612,2613,2614,2615,2616,2257,2617,2618,2260,2261,2262,2624,2625,2626,2168,2169,2629,2173,2631,2266,2268,2634,2175,2269,2270,2271,2637,2272,2274,2178,2179,2275,2181,2277,2182,2184,2639,2283,2284,2286,2642,2643,2186,2644,2645,2290,2291,2190,2647,2648,2295,2193,2302,2649,2652,2304,2656,2305,2306],"class_list":["post-11370","post","type-post","status-publish","format-standard","has-post-thumbnail","hentry","category-actualidad-en","category-blog-en-2","category-derecho-fiscal-en","category-derecho-sucesorio-y-herencias-en","category-opinion-en","tag-abogados-en","tag-administracion-tributaria-en","tag-administraciones-tributarias-en","tag-aeat-en","tag-agencia-tributaria-en","tag-antifraude-en","tag-articulos-en","tag-asesores-en","tag-atib-en","tag-baleares-en","tag-blanqueo-en","tag-blanqueo-de-capitales-en","tag-campana-de-la-renta-en","tag-campana-irpf-en","tag-catastro-en","tag-comunidad-autonoma-en","tag-declaracion-de-inconstitucionalidad-en","tag-declaracion-de-nulidad-en","tag-derecho-de-la-union-europea-en","tag-derecho-fiscal-en","tag-derecho-tributario-en","tag-dgt-en","tag-direccion-general-de-tributos-en","tag-direccion-general-del-catastro-en","tag-economistas-en","tag-el-arenal-en","tag-extranjeros-en-2","tag-fmsb-en","tag-fraude-fiscal-en","tag-hacienda-en","tag-herencias-en","tag-ibi-en","tag-ibiza-en-2","tag-illes-balears-en","tag-impuesto-de-sucesiones-en","tag-impuestos-en-2","tag-incremento-del-valor-de-los-terrenos-de-naturaleza-urbana-en","tag-irpf-en","tag-jorge-sainz-de-baranda-en","tag-law-en-2","tag-lawyers-en-2","tag-ley-antifraude-en","tag-mallorca-en-2","tag-mallorcadiario-en","tag-manacor-en","tag-menorca-en-2","tag-modelo-720-en","tag-obligado-tributario-en","tag-opinion-en","tag-palma-en","tag-plan-anual-de-control-tributario-en","tag-plusvalia-en","tag-port-dandratx-en","tag-prespuestos-generales-del-estado-en","tag-presupuestos-2021-en","tag-prevencion-en","tag-propuestas-en","tag-puerto-de-andratx-en","tag-recargo-en","tag-reforma-en","tag-residentes-fiscales-en","tag-solicitors-en","tag-sucesiones-y-donaciones-en","tag-tasa-amazon-en","tag-testador-en","tag-tributos-en","tag-ue-en","tag-valor-de-referencia-en","tag-valor-de-referencia-catastral-en"],"yoast_head":"<!-- This site is optimized with the Yoast SEO plugin v27.3 - https:\/\/yoast.com\/product\/yoast-seo-wordpress\/ -->\n<title>El brillo de un Dictamen de Hacienda, art\u00edculo de opini\u00f3n de Jorge S\u00e1inz de Baranda en Mallorcadiario - FMSB Abogados y Economistas en Baleares<\/title>\n<meta name=\"robots\" content=\"index, follow, max-snippet:-1, max-image-preview:large, max-video-preview:-1\" \/>\n<link rel=\"canonical\" href=\"https:\/\/fmsb.eu\/en\/2022\/06\/26\/dictamen-hacienda-jorge-sainz-de-baranda-en-mallorcadiario\/\" \/>\n<meta property=\"og:locale\" content=\"en_US\" \/>\n<meta property=\"og:type\" content=\"article\" \/>\n<meta property=\"og:title\" content=\"El brillo de un Dictamen de Hacienda, art\u00edculo de opini\u00f3n de Jorge S\u00e1inz de Baranda en Mallorcadiario - FMSB Abogados y Economistas en Baleares\" \/>\n<meta property=\"og:description\" content=\"&nbsp; mallorcadiario.com\u00a0 Opini\u00f3n DOMINGO 26 DE JUNIO DE 2022 DOMINGO 25 DE OCTUBRE DE 2020 El brillo de un Dictamen de Hacienda Por\u00a0Jorge S\u00e1inz de Baranda M\u00c1S ART\u00cdCULOS DEL AUTOR \u00a0 El brillo de un Dictamen de Hacienda La cita \u00abno es oro todo lo que reluce\u00bb es una m\u00e1xima que nos invita a desconfiar [&hellip;]\" \/>\n<meta property=\"og:url\" content=\"https:\/\/fmsb.eu\/en\/2022\/06\/26\/dictamen-hacienda-jorge-sainz-de-baranda-en-mallorcadiario\/\" \/>\n<meta property=\"og:site_name\" content=\"FMSB Abogados y Economistas en Baleares\" \/>\n<meta property=\"article:published_time\" content=\"2022-06-26T05:16:55+00:00\" \/>\n<meta property=\"og:image\" content=\"https:\/\/fmsb.eu\/wp-content\/uploads\/2022\/06\/FMSB-Abogados-El-brillo-de-un-dictamen-de-Hacienda-Jorge-Sainz-de-Baranda-Mallorcadiario-00.jpg\" \/>\n\t<meta property=\"og:image:width\" content=\"1600\" \/>\n\t<meta property=\"og:image:height\" content=\"1200\" \/>\n\t<meta property=\"og:image:type\" content=\"image\/jpeg\" \/>\n<meta name=\"author\" content=\"fmsb\" \/>\n<meta name=\"twitter:card\" content=\"summary_large_image\" \/>\n<meta name=\"twitter:creator\" content=\"@fmsb-disstint\" \/>\n<meta name=\"twitter:label1\" content=\"Written by\" \/>\n\t<meta name=\"twitter:data1\" content=\"fmsb\" \/>\n\t<meta name=\"twitter:label2\" content=\"Est. reading time\" \/>\n\t<meta name=\"twitter:data2\" content=\"5 minutes\" \/>\n<script type=\"application\/ld+json\" class=\"yoast-schema-graph\">{\"@context\":\"https:\\\/\\\/schema.org\",\"@graph\":[{\"@type\":\"Article\",\"@id\":\"https:\\\/\\\/fmsb.eu\\\/en\\\/2022\\\/06\\\/26\\\/dictamen-hacienda-jorge-sainz-de-baranda-en-mallorcadiario\\\/#article\",\"isPartOf\":{\"@id\":\"https:\\\/\\\/fmsb.eu\\\/en\\\/2022\\\/06\\\/26\\\/dictamen-hacienda-jorge-sainz-de-baranda-en-mallorcadiario\\\/\"},\"author\":{\"name\":\"fmsb\",\"@id\":\"https:\\\/\\\/fmsb.eu\\\/en\\\/#\\\/schema\\\/person\\\/9fba7c70814b0cd34d35d655d36a4ca2\"},\"headline\":\"El brillo de un Dictamen de Hacienda, art\u00edculo de opini\u00f3n de Jorge S\u00e1inz de Baranda en Mallorcadiario\",\"datePublished\":\"2022-06-26T05:16:55+00:00\",\"mainEntityOfPage\":{\"@id\":\"https:\\\/\\\/fmsb.eu\\\/en\\\/2022\\\/06\\\/26\\\/dictamen-hacienda-jorge-sainz-de-baranda-en-mallorcadiario\\\/\"},\"wordCount\":989,\"publisher\":{\"@id\":\"https:\\\/\\\/fmsb.eu\\\/en\\\/#organization\"},\"image\":{\"@id\":\"https:\\\/\\\/fmsb.eu\\\/en\\\/2022\\\/06\\\/26\\\/dictamen-hacienda-jorge-sainz-de-baranda-en-mallorcadiario\\\/#primaryimage\"},\"thumbnailUrl\":\"https:\\\/\\\/fmsb.eu\\\/wp-content\\\/uploads\\\/2022\\\/06\\\/FMSB-Abogados-El-brillo-de-un-dictamen-de-Hacienda-Jorge-Sainz-de-Baranda-Mallorcadiario-00.jpg\",\"keywords\":[\"abogados\",\"administraci\u00f3n tributaria\",\"administraciones tributarias\",\"aeat\",\"agencia tributaria\",\"antifraude\",\"articulos\",\"asesores\",\"ATIB\",\"baleares\",\"blanqueo\",\"blanqueo de capitales\",\"campa\u00f1a de la renta\",\"campa\u00f1a irpf\",\"catastro\",\"comunidad aut\u00f3noma\",\"declaraci\u00f3n de inconstitucionalidad\",\"declaraci\u00f3n de nulidad\",\"derecho de la uni\u00f3n europea\",\"derecho fiscal\",\"derecho tributario\",\"dgt\",\"direcci\u00f3n general de tributos\",\"direcci\u00f3n general del catastro\",\"economistas\",\"el arenal\",\"extranjeros\",\"fmsb\",\"fraude fiscal\",\"Hacienda\",\"herencias\",\"ibi\",\"ibiza\",\"illes balears\",\"impuesto de sucesiones\",\"impuestos\",\"incremento del valor de los terrenos de naturaleza urbana\",\"IRPF\",\"jorge sainz de baranda\",\"law\",\"lawyers\",\"ley antifraude\",\"mallorca\",\"mallorcadiario\",\"Manacor\",\"menorca\",\"modelo 720\",\"obligado tributario\",\"opinion\",\"Palma\",\"plan anual de control tributario\",\"plusval\u00eda\",\"port d&#8217;andratx\",\"prespuestos generales del estado\",\"presupuestos 2021\",\"prevenci\u00f3n\",\"propuestas\",\"puerto de andratx\",\"recargo\",\"reforma\",\"residentes fiscales\",\"solicitors\",\"sucesiones y donaciones\",\"tasa amazon\",\"testador\",\"tributos\",\"ue\",\"valor de referencia\",\"valor de referencia catastral\"],\"articleSection\":[\"actualidad\",\"blog\",\"Derecho Fiscal\",\"Derecho sucesorio y herencias\",\"Opini\u00f3n\"],\"inLanguage\":\"en-US\"},{\"@type\":\"WebPage\",\"@id\":\"https:\\\/\\\/fmsb.eu\\\/en\\\/2022\\\/06\\\/26\\\/dictamen-hacienda-jorge-sainz-de-baranda-en-mallorcadiario\\\/\",\"url\":\"https:\\\/\\\/fmsb.eu\\\/en\\\/2022\\\/06\\\/26\\\/dictamen-hacienda-jorge-sainz-de-baranda-en-mallorcadiario\\\/\",\"name\":\"El brillo de un Dictamen de Hacienda, art\u00edculo de opini\u00f3n de Jorge S\u00e1inz de Baranda en Mallorcadiario - FMSB Abogados y Economistas en Baleares\",\"isPartOf\":{\"@id\":\"https:\\\/\\\/fmsb.eu\\\/en\\\/#website\"},\"primaryImageOfPage\":{\"@id\":\"https:\\\/\\\/fmsb.eu\\\/en\\\/2022\\\/06\\\/26\\\/dictamen-hacienda-jorge-sainz-de-baranda-en-mallorcadiario\\\/#primaryimage\"},\"image\":{\"@id\":\"https:\\\/\\\/fmsb.eu\\\/en\\\/2022\\\/06\\\/26\\\/dictamen-hacienda-jorge-sainz-de-baranda-en-mallorcadiario\\\/#primaryimage\"},\"thumbnailUrl\":\"https:\\\/\\\/fmsb.eu\\\/wp-content\\\/uploads\\\/2022\\\/06\\\/FMSB-Abogados-El-brillo-de-un-dictamen-de-Hacienda-Jorge-Sainz-de-Baranda-Mallorcadiario-00.jpg\",\"datePublished\":\"2022-06-26T05:16:55+00:00\",\"breadcrumb\":{\"@id\":\"https:\\\/\\\/fmsb.eu\\\/en\\\/2022\\\/06\\\/26\\\/dictamen-hacienda-jorge-sainz-de-baranda-en-mallorcadiario\\\/#breadcrumb\"},\"inLanguage\":\"en-US\",\"potentialAction\":[{\"@type\":\"ReadAction\",\"target\":[\"https:\\\/\\\/fmsb.eu\\\/en\\\/2022\\\/06\\\/26\\\/dictamen-hacienda-jorge-sainz-de-baranda-en-mallorcadiario\\\/\"]}]},{\"@type\":\"ImageObject\",\"inLanguage\":\"en-US\",\"@id\":\"https:\\\/\\\/fmsb.eu\\\/en\\\/2022\\\/06\\\/26\\\/dictamen-hacienda-jorge-sainz-de-baranda-en-mallorcadiario\\\/#primaryimage\",\"url\":\"https:\\\/\\\/fmsb.eu\\\/wp-content\\\/uploads\\\/2022\\\/06\\\/FMSB-Abogados-El-brillo-de-un-dictamen-de-Hacienda-Jorge-Sainz-de-Baranda-Mallorcadiario-00.jpg\",\"contentUrl\":\"https:\\\/\\\/fmsb.eu\\\/wp-content\\\/uploads\\\/2022\\\/06\\\/FMSB-Abogados-El-brillo-de-un-dictamen-de-Hacienda-Jorge-Sainz-de-Baranda-Mallorcadiario-00.jpg\",\"width\":1600,\"height\":1200},{\"@type\":\"BreadcrumbList\",\"@id\":\"https:\\\/\\\/fmsb.eu\\\/en\\\/2022\\\/06\\\/26\\\/dictamen-hacienda-jorge-sainz-de-baranda-en-mallorcadiario\\\/#breadcrumb\",\"itemListElement\":[{\"@type\":\"ListItem\",\"position\":1,\"name\":\"Portada\",\"item\":\"https:\\\/\\\/fmsb.eu\\\/en\\\/\"},{\"@type\":\"ListItem\",\"position\":2,\"name\":\"El brillo de un Dictamen de Hacienda, art\u00edculo de opini\u00f3n de Jorge S\u00e1inz de Baranda en Mallorcadiario\"}]},{\"@type\":\"WebSite\",\"@id\":\"https:\\\/\\\/fmsb.eu\\\/en\\\/#website\",\"url\":\"https:\\\/\\\/fmsb.eu\\\/en\\\/\",\"name\":\"FMSB Abogados y Economistas en Baleares\",\"description\":\"\",\"publisher\":{\"@id\":\"https:\\\/\\\/fmsb.eu\\\/en\\\/#organization\"},\"potentialAction\":[{\"@type\":\"SearchAction\",\"target\":{\"@type\":\"EntryPoint\",\"urlTemplate\":\"https:\\\/\\\/fmsb.eu\\\/en\\\/?s={search_term_string}\"},\"query-input\":{\"@type\":\"PropertyValueSpecification\",\"valueRequired\":true,\"valueName\":\"search_term_string\"}}],\"inLanguage\":\"en-US\"},{\"@type\":\"Organization\",\"@id\":\"https:\\\/\\\/fmsb.eu\\\/en\\\/#organization\",\"name\":\"FMSB Abogados y Economistas en Baleares\",\"url\":\"https:\\\/\\\/fmsb.eu\\\/en\\\/\",\"logo\":{\"@type\":\"ImageObject\",\"inLanguage\":\"en-US\",\"@id\":\"https:\\\/\\\/fmsb.eu\\\/en\\\/#\\\/schema\\\/logo\\\/image\\\/\",\"url\":\"https:\\\/\\\/fmsb.eu\\\/wp-content\\\/uploads\\\/2025\\\/02\\\/logo.svg\",\"contentUrl\":\"https:\\\/\\\/fmsb.eu\\\/wp-content\\\/uploads\\\/2025\\\/02\\\/logo.svg\",\"width\":154,\"height\":52,\"caption\":\"FMSB Abogados y Economistas en Baleares\"},\"image\":{\"@id\":\"https:\\\/\\\/fmsb.eu\\\/en\\\/#\\\/schema\\\/logo\\\/image\\\/\"}},{\"@type\":\"Person\",\"@id\":\"https:\\\/\\\/fmsb.eu\\\/en\\\/#\\\/schema\\\/person\\\/9fba7c70814b0cd34d35d655d36a4ca2\",\"name\":\"fmsb\",\"image\":{\"@type\":\"ImageObject\",\"inLanguage\":\"en-US\",\"@id\":\"https:\\\/\\\/secure.gravatar.com\\\/avatar\\\/426f4d5b0ebcace85460caf87cdaaa193694b611e990615d87a13f322fb7ee7f?s=96&d=mm&r=g\",\"url\":\"https:\\\/\\\/secure.gravatar.com\\\/avatar\\\/426f4d5b0ebcace85460caf87cdaaa193694b611e990615d87a13f322fb7ee7f?s=96&d=mm&r=g\",\"contentUrl\":\"https:\\\/\\\/secure.gravatar.com\\\/avatar\\\/426f4d5b0ebcace85460caf87cdaaa193694b611e990615d87a13f322fb7ee7f?s=96&d=mm&r=g\",\"caption\":\"fmsb\"},\"sameAs\":[\"https:\\\/\\\/x.com\\\/fmsb-disstint\"],\"url\":\"https:\\\/\\\/fmsb.eu\\\/en\\\/author\\\/fmsb\\\/\"}]}<\/script>\n<!-- \/ Yoast SEO plugin. -->","yoast_head_json":{"title":"El brillo de un Dictamen de Hacienda, art\u00edculo de opini\u00f3n de Jorge S\u00e1inz de Baranda en Mallorcadiario - FMSB Abogados y Economistas en Baleares","robots":{"index":"index","follow":"follow","max-snippet":"max-snippet:-1","max-image-preview":"max-image-preview:large","max-video-preview":"max-video-preview:-1"},"canonical":"https:\/\/fmsb.eu\/en\/2022\/06\/26\/dictamen-hacienda-jorge-sainz-de-baranda-en-mallorcadiario\/","og_locale":"en_US","og_type":"article","og_title":"El brillo de un Dictamen de Hacienda, art\u00edculo de opini\u00f3n de Jorge S\u00e1inz de Baranda en Mallorcadiario - FMSB Abogados y Economistas en Baleares","og_description":"&nbsp; mallorcadiario.com\u00a0 Opini\u00f3n DOMINGO 26 DE JUNIO DE 2022 DOMINGO 25 DE OCTUBRE DE 2020 El brillo de un Dictamen de Hacienda Por\u00a0Jorge S\u00e1inz de Baranda M\u00c1S ART\u00cdCULOS DEL AUTOR \u00a0 El brillo de un Dictamen de Hacienda La cita \u00abno es oro todo lo que reluce\u00bb es una m\u00e1xima que nos invita a desconfiar [&hellip;]","og_url":"https:\/\/fmsb.eu\/en\/2022\/06\/26\/dictamen-hacienda-jorge-sainz-de-baranda-en-mallorcadiario\/","og_site_name":"FMSB Abogados y Economistas en Baleares","article_published_time":"2022-06-26T05:16:55+00:00","og_image":[{"width":1600,"height":1200,"url":"https:\/\/fmsb.eu\/wp-content\/uploads\/2022\/06\/FMSB-Abogados-El-brillo-de-un-dictamen-de-Hacienda-Jorge-Sainz-de-Baranda-Mallorcadiario-00.jpg","type":"image\/jpeg"}],"author":"fmsb","twitter_card":"summary_large_image","twitter_creator":"@fmsb-disstint","twitter_misc":{"Written by":"fmsb","Est. reading time":"5 minutes"},"schema":{"@context":"https:\/\/schema.org","@graph":[{"@type":"Article","@id":"https:\/\/fmsb.eu\/en\/2022\/06\/26\/dictamen-hacienda-jorge-sainz-de-baranda-en-mallorcadiario\/#article","isPartOf":{"@id":"https:\/\/fmsb.eu\/en\/2022\/06\/26\/dictamen-hacienda-jorge-sainz-de-baranda-en-mallorcadiario\/"},"author":{"name":"fmsb","@id":"https:\/\/fmsb.eu\/en\/#\/schema\/person\/9fba7c70814b0cd34d35d655d36a4ca2"},"headline":"El brillo de un Dictamen de Hacienda, art\u00edculo de opini\u00f3n de Jorge S\u00e1inz de Baranda en Mallorcadiario","datePublished":"2022-06-26T05:16:55+00:00","mainEntityOfPage":{"@id":"https:\/\/fmsb.eu\/en\/2022\/06\/26\/dictamen-hacienda-jorge-sainz-de-baranda-en-mallorcadiario\/"},"wordCount":989,"publisher":{"@id":"https:\/\/fmsb.eu\/en\/#organization"},"image":{"@id":"https:\/\/fmsb.eu\/en\/2022\/06\/26\/dictamen-hacienda-jorge-sainz-de-baranda-en-mallorcadiario\/#primaryimage"},"thumbnailUrl":"https:\/\/fmsb.eu\/wp-content\/uploads\/2022\/06\/FMSB-Abogados-El-brillo-de-un-dictamen-de-Hacienda-Jorge-Sainz-de-Baranda-Mallorcadiario-00.jpg","keywords":["abogados","administraci\u00f3n tributaria","administraciones tributarias","aeat","agencia tributaria","antifraude","articulos","asesores","ATIB","baleares","blanqueo","blanqueo de capitales","campa\u00f1a de la renta","campa\u00f1a irpf","catastro","comunidad aut\u00f3noma","declaraci\u00f3n de inconstitucionalidad","declaraci\u00f3n de nulidad","derecho de la uni\u00f3n europea","derecho fiscal","derecho tributario","dgt","direcci\u00f3n general de tributos","direcci\u00f3n general del catastro","economistas","el arenal","extranjeros","fmsb","fraude fiscal","Hacienda","herencias","ibi","ibiza","illes balears","impuesto de sucesiones","impuestos","incremento del valor de los terrenos de naturaleza urbana","IRPF","jorge sainz de baranda","law","lawyers","ley antifraude","mallorca","mallorcadiario","Manacor","menorca","modelo 720","obligado tributario","opinion","Palma","plan anual de control tributario","plusval\u00eda","port d&#8217;andratx","prespuestos generales del estado","presupuestos 2021","prevenci\u00f3n","propuestas","puerto de andratx","recargo","reforma","residentes fiscales","solicitors","sucesiones y donaciones","tasa amazon","testador","tributos","ue","valor de referencia","valor de referencia catastral"],"articleSection":["actualidad","blog","Derecho Fiscal","Derecho sucesorio y herencias","Opini\u00f3n"],"inLanguage":"en-US"},{"@type":"WebPage","@id":"https:\/\/fmsb.eu\/en\/2022\/06\/26\/dictamen-hacienda-jorge-sainz-de-baranda-en-mallorcadiario\/","url":"https:\/\/fmsb.eu\/en\/2022\/06\/26\/dictamen-hacienda-jorge-sainz-de-baranda-en-mallorcadiario\/","name":"El brillo de un Dictamen de Hacienda, art\u00edculo de opini\u00f3n de Jorge S\u00e1inz de Baranda en Mallorcadiario - FMSB Abogados y Economistas en Baleares","isPartOf":{"@id":"https:\/\/fmsb.eu\/en\/#website"},"primaryImageOfPage":{"@id":"https:\/\/fmsb.eu\/en\/2022\/06\/26\/dictamen-hacienda-jorge-sainz-de-baranda-en-mallorcadiario\/#primaryimage"},"image":{"@id":"https:\/\/fmsb.eu\/en\/2022\/06\/26\/dictamen-hacienda-jorge-sainz-de-baranda-en-mallorcadiario\/#primaryimage"},"thumbnailUrl":"https:\/\/fmsb.eu\/wp-content\/uploads\/2022\/06\/FMSB-Abogados-El-brillo-de-un-dictamen-de-Hacienda-Jorge-Sainz-de-Baranda-Mallorcadiario-00.jpg","datePublished":"2022-06-26T05:16:55+00:00","breadcrumb":{"@id":"https:\/\/fmsb.eu\/en\/2022\/06\/26\/dictamen-hacienda-jorge-sainz-de-baranda-en-mallorcadiario\/#breadcrumb"},"inLanguage":"en-US","potentialAction":[{"@type":"ReadAction","target":["https:\/\/fmsb.eu\/en\/2022\/06\/26\/dictamen-hacienda-jorge-sainz-de-baranda-en-mallorcadiario\/"]}]},{"@type":"ImageObject","inLanguage":"en-US","@id":"https:\/\/fmsb.eu\/en\/2022\/06\/26\/dictamen-hacienda-jorge-sainz-de-baranda-en-mallorcadiario\/#primaryimage","url":"https:\/\/fmsb.eu\/wp-content\/uploads\/2022\/06\/FMSB-Abogados-El-brillo-de-un-dictamen-de-Hacienda-Jorge-Sainz-de-Baranda-Mallorcadiario-00.jpg","contentUrl":"https:\/\/fmsb.eu\/wp-content\/uploads\/2022\/06\/FMSB-Abogados-El-brillo-de-un-dictamen-de-Hacienda-Jorge-Sainz-de-Baranda-Mallorcadiario-00.jpg","width":1600,"height":1200},{"@type":"BreadcrumbList","@id":"https:\/\/fmsb.eu\/en\/2022\/06\/26\/dictamen-hacienda-jorge-sainz-de-baranda-en-mallorcadiario\/#breadcrumb","itemListElement":[{"@type":"ListItem","position":1,"name":"Portada","item":"https:\/\/fmsb.eu\/en\/"},{"@type":"ListItem","position":2,"name":"El brillo de un Dictamen de Hacienda, art\u00edculo de opini\u00f3n de Jorge S\u00e1inz de Baranda en Mallorcadiario"}]},{"@type":"WebSite","@id":"https:\/\/fmsb.eu\/en\/#website","url":"https:\/\/fmsb.eu\/en\/","name":"FMSB Abogados y Economistas en Baleares","description":"","publisher":{"@id":"https:\/\/fmsb.eu\/en\/#organization"},"potentialAction":[{"@type":"SearchAction","target":{"@type":"EntryPoint","urlTemplate":"https:\/\/fmsb.eu\/en\/?s={search_term_string}"},"query-input":{"@type":"PropertyValueSpecification","valueRequired":true,"valueName":"search_term_string"}}],"inLanguage":"en-US"},{"@type":"Organization","@id":"https:\/\/fmsb.eu\/en\/#organization","name":"FMSB Abogados y Economistas en Baleares","url":"https:\/\/fmsb.eu\/en\/","logo":{"@type":"ImageObject","inLanguage":"en-US","@id":"https:\/\/fmsb.eu\/en\/#\/schema\/logo\/image\/","url":"https:\/\/fmsb.eu\/wp-content\/uploads\/2025\/02\/logo.svg","contentUrl":"https:\/\/fmsb.eu\/wp-content\/uploads\/2025\/02\/logo.svg","width":154,"height":52,"caption":"FMSB Abogados y Economistas en Baleares"},"image":{"@id":"https:\/\/fmsb.eu\/en\/#\/schema\/logo\/image\/"}},{"@type":"Person","@id":"https:\/\/fmsb.eu\/en\/#\/schema\/person\/9fba7c70814b0cd34d35d655d36a4ca2","name":"fmsb","image":{"@type":"ImageObject","inLanguage":"en-US","@id":"https:\/\/secure.gravatar.com\/avatar\/426f4d5b0ebcace85460caf87cdaaa193694b611e990615d87a13f322fb7ee7f?s=96&d=mm&r=g","url":"https:\/\/secure.gravatar.com\/avatar\/426f4d5b0ebcace85460caf87cdaaa193694b611e990615d87a13f322fb7ee7f?s=96&d=mm&r=g","contentUrl":"https:\/\/secure.gravatar.com\/avatar\/426f4d5b0ebcace85460caf87cdaaa193694b611e990615d87a13f322fb7ee7f?s=96&d=mm&r=g","caption":"fmsb"},"sameAs":["https:\/\/x.com\/fmsb-disstint"],"url":"https:\/\/fmsb.eu\/en\/author\/fmsb\/"}]}},"_links":{"self":[{"href":"https:\/\/fmsb.eu\/en\/wp-json\/wp\/v2\/posts\/11370","targetHints":{"allow":["GET"]}}],"collection":[{"href":"https:\/\/fmsb.eu\/en\/wp-json\/wp\/v2\/posts"}],"about":[{"href":"https:\/\/fmsb.eu\/en\/wp-json\/wp\/v2\/types\/post"}],"author":[{"embeddable":true,"href":"https:\/\/fmsb.eu\/en\/wp-json\/wp\/v2\/users\/2"}],"replies":[{"embeddable":true,"href":"https:\/\/fmsb.eu\/en\/wp-json\/wp\/v2\/comments?post=11370"}],"version-history":[{"count":0,"href":"https:\/\/fmsb.eu\/en\/wp-json\/wp\/v2\/posts\/11370\/revisions"}],"wp:featuredmedia":[{"embeddable":true,"href":"https:\/\/fmsb.eu\/en\/wp-json\/wp\/v2\/media\/9798"}],"wp:attachment":[{"href":"https:\/\/fmsb.eu\/en\/wp-json\/wp\/v2\/media?parent=11370"}],"wp:term":[{"taxonomy":"category","embeddable":true,"href":"https:\/\/fmsb.eu\/en\/wp-json\/wp\/v2\/categories?post=11370"},{"taxonomy":"post_tag","embeddable":true,"href":"https:\/\/fmsb.eu\/en\/wp-json\/wp\/v2\/tags?post=11370"}],"curies":[{"name":"wp","href":"https:\/\/api.w.org\/{rel}","templated":true}]}}