{"id":11372,"date":"2022-06-18T18:59:44","date_gmt":"2022-06-18T16:59:44","guid":{"rendered":"http:\/\/fmsb.disstintbeta.com\/2022\/06\/18\/plusvalia-municipal-muerto-cargante-jorge-sainz-de-baranda-mallorcadiario\/"},"modified":"2022-06-18T18:59:44","modified_gmt":"2022-06-18T16:59:44","slug":"plusvalia-municipal-muerto-cargante-jorge-sainz-de-baranda-mallorcadiario","status":"publish","type":"post","link":"https:\/\/fmsb.eu\/en\/2022\/06\/18\/plusvalia-municipal-muerto-cargante-jorge-sainz-de-baranda-mallorcadiario\/","title":{"rendered":"El muerto \u00abcargante\u00bb de la Plusval\u00eda Municipal, art\u00edculo de opini\u00f3n de Jorge S\u00e1inz de Baranda en Mallorcadiario"},"content":{"rendered":"<p>&nbsp;<\/p>\n<div class=\"navegacion\">\n<h3 class=\"antesubtitulo antetit\"><a href=\"http:\/\/www.mallorcadiario.com\"><span style=\"color: #993300;\"><strong>mallorcadiario.com<\/strong><\/span><\/a>\u00a0 <a href=\"https:\/\/www.mallorcadiario.com\/el-muerto-cargante-de-la-plusvalia-municipal\">Opini\u00f3n<\/a><\/h3>\n<\/div>\n<p><a href=\"http:\/\/fmsb.disstintbeta.com\/wp-content\/uploads\/2022\/06\/FMSB-Abogados-El-muerto-cargante-de-la-Plusvalia-Municipal-Jorge-Sainz-de-Baranda-00.jpg\"><img fetchpriority=\"high\" decoding=\"async\" class=\"alignnone wp-image-6088\" src=\"http:\/\/fmsb.disstintbeta.com\/wp-content\/uploads\/2022\/06\/FMSB-Abogados-El-muerto-cargante-de-la-Plusvalia-Municipal-Jorge-Sainz-de-Baranda-00.jpg\" alt=\"\" width=\"800\" height=\"600\" srcset=\"https:\/\/font-mora-sainz-baranda.fra1.digitaloceanspaces.com\/wp-content\/uploads\/2022\/06\/FMSB-Abogados-El-muerto-cargante-de-la-Plusvalia-Municipal-Jorge-Sainz-de-Baranda-00.jpg 1600w, https:\/\/font-mora-sainz-baranda.fra1.digitaloceanspaces.com\/wp-content\/uploads\/2022\/06\/FMSB-Abogados-El-muerto-cargante-de-la-Plusvalia-Municipal-Jorge-Sainz-de-Baranda-00-300x225.jpg 300w, https:\/\/font-mora-sainz-baranda.fra1.digitaloceanspaces.com\/wp-content\/uploads\/2022\/06\/FMSB-Abogados-El-muerto-cargante-de-la-Plusvalia-Municipal-Jorge-Sainz-de-Baranda-00-1024x768.jpg 1024w, https:\/\/font-mora-sainz-baranda.fra1.digitaloceanspaces.com\/wp-content\/uploads\/2022\/06\/FMSB-Abogados-El-muerto-cargante-de-la-Plusvalia-Municipal-Jorge-Sainz-de-Baranda-00-768x576.jpg 768w, https:\/\/font-mora-sainz-baranda.fra1.digitaloceanspaces.com\/wp-content\/uploads\/2022\/06\/FMSB-Abogados-El-muerto-cargante-de-la-Plusvalia-Municipal-Jorge-Sainz-de-Baranda-00-1536x1152.jpg 1536w\" sizes=\"(max-width: 800px) 100vw, 800px\" \/><\/a><\/p>\n<div class=\"navegacion\">\n<h6 class=\"ulthora fecha_publicacion\"><span class=\"dia_mes_anno\">DOMINGO 19 DE JUNIO DE 2022<br \/>\n<\/span><\/h6>\n<h6 class=\"ulthora fecha_publicacion\"><span class=\"dia_mes_anno\" style=\"color: #ffffff;\">DOMINGO 25 DE OCTUBRE DE 2020<\/span><\/h6>\n<\/div>\n<div title=\"noticia 557362\">\n<h1 class=\"titulo\"><a href=\"https:\/\/www.mallorcadiario.com\/el-muerto-cargante-de-la-plusvalia-municipal\"><strong>El muerto \u00abcargante\u00bb de la Plusval\u00eda Municipal<\/strong><\/a><\/h1>\n<\/div>\n<div id=\"firmante_767\" class=\"firmante\">\n<p>Por\u00a0<strong><span class=\"nombre_firmante\">Jorge S\u00e1inz de Baranda<\/span><\/strong><\/p>\n<h6><a href=\"https:\/\/www.mallorcadiario.com\/jorge-sainz-de-baranda\/autor\/767\/\"><strong><span style=\"color: #993300;\">M\u00c1S ART\u00cdCULOS DEL AUTOR<\/span><\/strong><\/a><\/h6>\n<p><strong>\u00a0<\/strong><\/p>\n<p>\u00ab<em>Cargarle el muerto a otro<\/em>\u00bb es una expresi\u00f3n que utilizamos habitualmente para referirnos al muy extendido deporte patrio de intentar atribuir las culpas de cualquier cuesti\u00f3n a un tercero. Y es que, por favor, \u00bfc\u00f3mo vamos a ser nosotros culpables de nuestras decisiones, y m\u00e1s si somos gestores de la Cosa P\u00fablica? la raz\u00f3n \u00faltima, <em>of course<\/em>, est\u00e1 siempre en lo que ha hecho el que tenemos m\u00e1s cerca.<\/p>\n<p>Esta conocida expresi\u00f3n tiene su origen en una ley del Medievo que establec\u00eda que cuando en un pueblo aparec\u00eda el cad\u00e1ver de alguien fallecido por muerte violenta, si no se averiguaba qui\u00e9n hab\u00eda sido su asesino, el pueblo entero estaba obligado a pagar a los familiares de la v\u00edctima un tributo llamado \u201comecillo\u201d u \u201chomicidium\u201d -que m\u00e1s que un tributo era una sanci\u00f3n-. Por ello, los vecinos del pueblo en el que se comet\u00eda un crimen trasladaban, raudos como Perdig\u00f3n, el cad\u00e1ver de la v\u00edctima al pueblo m\u00e1s cercano, a fin de librarse de la multa y \u201c<em>cargarle el muerto a otro<\/em>\u201d.<\/p>\n<p>Como saben, la Sentencia 182\/2021 del Tribunal Constitucional, de 26 de octubre, declar\u00f3 inconstitucional la forma de c\u00e1lculo de la base imponible del Impuesto sobre el Valor de los Terrenos de Naturaleza Urbana -nuestra Plusval\u00eda Municipal de toda la vida-, de forma que la Administraci\u00f3n se apresur\u00f3 a redactar una nueva norma que regulase y solventase los problemas de los que ven\u00eda advirtiendo el poder judicial, y cuyo periplo finaliz\u00f3 con la aprobaci\u00f3n del Real Decreto-Ley 26\/2021 -si cabe o no la reforma por esta v\u00eda en atenci\u00f3n al principio de reserva de ley en materia tributaria que recoge el art\u00edculo 31 de nuestra Constituci\u00f3n, ser\u00e1 harina de otro art\u00edculo&#8230;-.<\/p>\n<p>Dicha norma introduce una novedad esencial como es que, a partir de ese momento y tal como ven\u00edan se\u00f1alando los Tribunales, el Impuesto solo se aplica a la transmisi\u00f3n de terrenos -obviamente urbanos- que hayan incrementado su valor desde la compra.<\/p>\n<p>El segundo cambio introducido es que el contribuyente, a la hora de declarar, podr\u00e1 optar por calcularlo utilizando el valor catastral del suelo, aunque con nuevos coeficientes que son fijados por la Administraci\u00f3n Estatal en funci\u00f3n de los a\u00f1os transcurridos entre la adquisici\u00f3n y la transmisi\u00f3n -y que van desde el 0,14 al 0,45 en caso de que hayan transcurrido m\u00e1s de 20 a\u00f1os-; o calcularlo sobre la diferencia entre el valor de compra y el valor de venta -ojo!, que el r\u00e9gimen general es el primero, y para el segundo se debe optar por \u00e9l dentro del periodo voluntario de pago, de forma que si no se elige esa opci\u00f3n luego parece que no se podr\u00e1 rectificar, aun cuando el pago del impuesto hubiera o hubiese sido menor-.<\/p>\n<p>\u00bfY que les deja la norma a los Ayuntamientos, que son quienes gestionan el tributo?<\/p>\n<p>Pues la norma permite que los Ayuntamientos puedan corregir a la baja los valores catastrales del suelo, hasta un 15%; y que puedan determinar los coeficientes fijados por el Estado, reduci\u00e9ndolos. Medidas ambas que suponen una disminuci\u00f3n de la carga impositiva en el ciudadano.<\/p>\n<p>A su vez, la citada norma les permite a los municipios fijar el tipo impositivo, que en ning\u00fan caso podr\u00e1 superar el 30% -mismo l\u00edmite que ten\u00edan antes-.<\/p>\n<p>Pues bien, no les hablar\u00e9 de otros ayuntamientos -ya que ser\u00eda eterno hablar del caso de cada uno- pero, por cercan\u00eda, les contar\u00e9 lo que ha hecho el Ayuntamiento de Palma con esas magn\u00edficas posibilidades que le ofrece la norma.<\/p>\n<p>El Ayuntamiento no ha reducido ni el valor catastral a la baja ni tampoco los coeficientes, sino que aprovechando la famosa <em>Pisuerga-Valladolid Connection<\/em>, ha elevado los tipos del impuesto, concretamente del 18% que estaba vigente al tipo del 25%, modificaci\u00f3n que ha entrado en vigor el pasado 31 de mayo.<\/p>\n<p>Esta subida supone un incremento real del 40 por ciento de los tipos impositivos, si bien la excusa alegada o aducida -no lean abducida, que tambi\u00e9n- radica en que la nueva forma de c\u00e1lculo aprobada desde Madrid supone una menor base en el impuesto y un posible ahorro para el ciudadano, por lo que hay que contrarrestar con virtud ese vicio tan poco habitual de la Administraci\u00f3n del Estado de reducir los impuestos, adecu\u00e1ndolos as\u00ed a una supuesta e imaginaria capacidad econ\u00f3mica del contribuyente.<\/p>\n<p>Por tanto, lo primero decirles que, ante tanto cambio, deben estar atentos y asesorarse ya que, si venden su casa, deber\u00e1n escoger la base m\u00e1s favorable y, en todo caso, revisar y aplicarse los tipos vigentes en cada momento.<\/p>\n<p>Y, evidentemente, no duden que, para estas subidas de impuestos, el responsable no ser\u00e1 la corporaci\u00f3n local; el muerto ser\u00e1 culpa de la Administraci\u00f3n Central, del Tribunal Constitucional, de la Cofrad\u00eda del Santo Reproche y del &#8220;<em>Cha-cha-ch\u00e1<\/em>&#8220;&#8230; y no precisamente por ese orden.<\/p>\n<\/div>\n<p>&nbsp;<\/p>\n<hr \/>\n<p>Art\u00edculo original publicado en el diario digital\u00a0<a href=\"https:\/\/www.mallorcadiario.com\"><strong><span style=\"color: #993300;\">mallorcadiario.com<\/span><\/strong><\/a> .\u00a0\u00a0 L\u00e9elo directamente en mallorcadiario a trav\u00e9s de este <span style=\"color: #993366;\"><strong><a style=\"color: #993366;\" href=\"https:\/\/www.mallorcadiario.com\/el-muerto-cargante-de-la-plusvalia-municipal\">enlace<\/a><\/strong><\/span><\/p>\n","protected":false},"excerpt":{"rendered":"<p>&nbsp; mallorcadiario.com\u00a0 Opini\u00f3n DOMINGO 19 DE JUNIO DE 2022 DOMINGO 25 DE OCTUBRE DE 2020 El muerto \u00abcargante\u00bb de la Plusval\u00eda Municipal Por\u00a0Jorge S\u00e1inz de Baranda M\u00c1S ART\u00cdCULOS DEL AUTOR \u00a0 \u00abCargarle el muerto a otro\u00bb es una expresi\u00f3n que utilizamos habitualmente para referirnos al muy extendido deporte patrio de intentar atribuir las culpas de [&hellip;]<\/p>\n","protected":false},"author":2,"featured_media":9796,"comment_status":"closed","ping_status":"open","sticky":false,"template":"","format":"standard","meta":{"footnotes":""},"categories":[2148,2149,2250,2888,3144],"tags":[2156,2606,2607,2608,2253,2609,2494,2255,2611,2158,2612,2613,2614,2615,2616,2257,2617,2618,2260,2261,2262,2624,2625,2626,2168,2169,2629,2173,2631,2266,2268,2634,2175,2269,2270,2271,2637,2272,2274,2178,2179,2275,2181,2277,2182,2184,2639,2283,2284,2286,2642,2643,2186,2644,2645,2290,2291,2190,2647,2648,2295,2193,2302,2649,2652,2304,2656,2305,2306],"class_list":["post-11372","post","type-post","status-publish","format-standard","has-post-thumbnail","hentry","category-actualidad-en","category-blog-en-2","category-derecho-fiscal-en","category-derecho-sucesorio-y-herencias-en","category-opinion-en","tag-abogados-en","tag-administracion-tributaria-en","tag-administraciones-tributarias-en","tag-aeat-en","tag-agencia-tributaria-en","tag-antifraude-en","tag-articulos-en","tag-asesores-en","tag-atib-en","tag-baleares-en","tag-blanqueo-en","tag-blanqueo-de-capitales-en","tag-campana-de-la-renta-en","tag-campana-irpf-en","tag-catastro-en","tag-comunidad-autonoma-en","tag-declaracion-de-inconstitucionalidad-en","tag-declaracion-de-nulidad-en","tag-derecho-de-la-union-europea-en","tag-derecho-fiscal-en","tag-derecho-tributario-en","tag-dgt-en","tag-direccion-general-de-tributos-en","tag-direccion-general-del-catastro-en","tag-economistas-en","tag-el-arenal-en","tag-extranjeros-en-2","tag-fmsb-en","tag-fraude-fiscal-en","tag-hacienda-en","tag-herencias-en","tag-ibi-en","tag-ibiza-en-2","tag-illes-balears-en","tag-impuesto-de-sucesiones-en","tag-impuestos-en-2","tag-incremento-del-valor-de-los-terrenos-de-naturaleza-urbana-en","tag-irpf-en","tag-jorge-sainz-de-baranda-en","tag-law-en-2","tag-lawyers-en-2","tag-ley-antifraude-en","tag-mallorca-en-2","tag-mallorcadiario-en","tag-manacor-en","tag-menorca-en-2","tag-modelo-720-en","tag-obligado-tributario-en","tag-opinion-en","tag-palma-en","tag-plan-anual-de-control-tributario-en","tag-plusvalia-en","tag-port-dandratx-en","tag-prespuestos-generales-del-estado-en","tag-presupuestos-2021-en","tag-prevencion-en","tag-propuestas-en","tag-puerto-de-andratx-en","tag-recargo-en","tag-reforma-en","tag-residentes-fiscales-en","tag-solicitors-en","tag-sucesiones-y-donaciones-en","tag-tasa-amazon-en","tag-testador-en","tag-tributos-en","tag-ue-en","tag-valor-de-referencia-en","tag-valor-de-referencia-catastral-en"],"yoast_head":"<!-- This site is optimized with the Yoast SEO plugin v27.3 - https:\/\/yoast.com\/product\/yoast-seo-wordpress\/ -->\n<title>El muerto \u00abcargante\u00bb de la Plusval\u00eda Municipal, art\u00edculo de opini\u00f3n de Jorge S\u00e1inz de Baranda en Mallorcadiario - FMSB Abogados y Economistas en Baleares<\/title>\n<meta name=\"robots\" content=\"index, follow, max-snippet:-1, max-image-preview:large, max-video-preview:-1\" \/>\n<link rel=\"canonical\" href=\"https:\/\/fmsb.eu\/en\/2022\/06\/18\/plusvalia-municipal-muerto-cargante-jorge-sainz-de-baranda-mallorcadiario\/\" \/>\n<meta property=\"og:locale\" content=\"en_US\" \/>\n<meta property=\"og:type\" content=\"article\" \/>\n<meta property=\"og:title\" content=\"El muerto \u00abcargante\u00bb de la Plusval\u00eda Municipal, art\u00edculo de opini\u00f3n de Jorge S\u00e1inz de Baranda en Mallorcadiario - FMSB Abogados y Economistas en Baleares\" \/>\n<meta property=\"og:description\" content=\"&nbsp; mallorcadiario.com\u00a0 Opini\u00f3n DOMINGO 19 DE JUNIO DE 2022 DOMINGO 25 DE OCTUBRE DE 2020 El muerto \u00abcargante\u00bb de la Plusval\u00eda Municipal Por\u00a0Jorge S\u00e1inz de Baranda M\u00c1S ART\u00cdCULOS DEL AUTOR \u00a0 \u00abCargarle el muerto a otro\u00bb es una expresi\u00f3n que utilizamos habitualmente para referirnos al muy extendido deporte patrio de intentar atribuir las culpas de [&hellip;]\" \/>\n<meta property=\"og:url\" content=\"https:\/\/fmsb.eu\/en\/2022\/06\/18\/plusvalia-municipal-muerto-cargante-jorge-sainz-de-baranda-mallorcadiario\/\" \/>\n<meta property=\"og:site_name\" content=\"FMSB Abogados y Economistas en Baleares\" \/>\n<meta property=\"article:published_time\" content=\"2022-06-18T16:59:44+00:00\" \/>\n<meta property=\"og:image\" content=\"https:\/\/fmsb.eu\/wp-content\/uploads\/2022\/06\/FMSB-Abogados-El-muerto-cargante-de-la-Plusvalia-Municipal-Jorge-Sainz-de-Baranda-00.jpg\" \/>\n\t<meta property=\"og:image:width\" content=\"1600\" \/>\n\t<meta property=\"og:image:height\" content=\"1200\" \/>\n\t<meta property=\"og:image:type\" content=\"image\/jpeg\" \/>\n<meta name=\"author\" content=\"fmsb\" \/>\n<meta name=\"twitter:card\" content=\"summary_large_image\" \/>\n<meta name=\"twitter:creator\" content=\"@fmsb-disstint\" \/>\n<meta name=\"twitter:label1\" content=\"Written by\" \/>\n\t<meta name=\"twitter:data1\" content=\"fmsb\" \/>\n\t<meta name=\"twitter:label2\" content=\"Est. reading time\" \/>\n\t<meta name=\"twitter:data2\" content=\"5 minutes\" \/>\n<script type=\"application\/ld+json\" class=\"yoast-schema-graph\">{\"@context\":\"https:\\\/\\\/schema.org\",\"@graph\":[{\"@type\":\"Article\",\"@id\":\"https:\\\/\\\/fmsb.eu\\\/en\\\/2022\\\/06\\\/18\\\/plusvalia-municipal-muerto-cargante-jorge-sainz-de-baranda-mallorcadiario\\\/#article\",\"isPartOf\":{\"@id\":\"https:\\\/\\\/fmsb.eu\\\/en\\\/2022\\\/06\\\/18\\\/plusvalia-municipal-muerto-cargante-jorge-sainz-de-baranda-mallorcadiario\\\/\"},\"author\":{\"name\":\"fmsb\",\"@id\":\"https:\\\/\\\/fmsb.eu\\\/en\\\/#\\\/schema\\\/person\\\/9fba7c70814b0cd34d35d655d36a4ca2\"},\"headline\":\"El muerto \u00abcargante\u00bb de la Plusval\u00eda Municipal, art\u00edculo de opini\u00f3n de Jorge S\u00e1inz de Baranda en Mallorcadiario\",\"datePublished\":\"2022-06-18T16:59:44+00:00\",\"mainEntityOfPage\":{\"@id\":\"https:\\\/\\\/fmsb.eu\\\/en\\\/2022\\\/06\\\/18\\\/plusvalia-municipal-muerto-cargante-jorge-sainz-de-baranda-mallorcadiario\\\/\"},\"wordCount\":920,\"publisher\":{\"@id\":\"https:\\\/\\\/fmsb.eu\\\/en\\\/#organization\"},\"image\":{\"@id\":\"https:\\\/\\\/fmsb.eu\\\/en\\\/2022\\\/06\\\/18\\\/plusvalia-municipal-muerto-cargante-jorge-sainz-de-baranda-mallorcadiario\\\/#primaryimage\"},\"thumbnailUrl\":\"https:\\\/\\\/fmsb.eu\\\/wp-content\\\/uploads\\\/2022\\\/06\\\/FMSB-Abogados-El-muerto-cargante-de-la-Plusvalia-Municipal-Jorge-Sainz-de-Baranda-00.jpg\",\"keywords\":[\"abogados\",\"administraci\u00f3n tributaria\",\"administraciones tributarias\",\"aeat\",\"agencia tributaria\",\"antifraude\",\"articulos\",\"asesores\",\"ATIB\",\"baleares\",\"blanqueo\",\"blanqueo de capitales\",\"campa\u00f1a de la renta\",\"campa\u00f1a irpf\",\"catastro\",\"comunidad aut\u00f3noma\",\"declaraci\u00f3n de inconstitucionalidad\",\"declaraci\u00f3n de nulidad\",\"derecho de la uni\u00f3n europea\",\"derecho fiscal\",\"derecho tributario\",\"dgt\",\"direcci\u00f3n general de tributos\",\"direcci\u00f3n general del catastro\",\"economistas\",\"el arenal\",\"extranjeros\",\"fmsb\",\"fraude fiscal\",\"Hacienda\",\"herencias\",\"ibi\",\"ibiza\",\"illes balears\",\"impuesto de sucesiones\",\"impuestos\",\"incremento del valor de los terrenos de naturaleza urbana\",\"IRPF\",\"jorge sainz de baranda\",\"law\",\"lawyers\",\"ley antifraude\",\"mallorca\",\"mallorcadiario\",\"Manacor\",\"menorca\",\"modelo 720\",\"obligado tributario\",\"opinion\",\"Palma\",\"plan anual de control tributario\",\"plusval\u00eda\",\"port d&#8217;andratx\",\"prespuestos generales del estado\",\"presupuestos 2021\",\"prevenci\u00f3n\",\"propuestas\",\"puerto de andratx\",\"recargo\",\"reforma\",\"residentes fiscales\",\"solicitors\",\"sucesiones y donaciones\",\"tasa amazon\",\"testador\",\"tributos\",\"ue\",\"valor de referencia\",\"valor de referencia catastral\"],\"articleSection\":[\"actualidad\",\"blog\",\"Derecho Fiscal\",\"Derecho sucesorio y herencias\",\"Opini\u00f3n\"],\"inLanguage\":\"en-US\"},{\"@type\":\"WebPage\",\"@id\":\"https:\\\/\\\/fmsb.eu\\\/en\\\/2022\\\/06\\\/18\\\/plusvalia-municipal-muerto-cargante-jorge-sainz-de-baranda-mallorcadiario\\\/\",\"url\":\"https:\\\/\\\/fmsb.eu\\\/en\\\/2022\\\/06\\\/18\\\/plusvalia-municipal-muerto-cargante-jorge-sainz-de-baranda-mallorcadiario\\\/\",\"name\":\"El muerto \u00abcargante\u00bb de la Plusval\u00eda Municipal, art\u00edculo de opini\u00f3n de Jorge S\u00e1inz de Baranda en Mallorcadiario - FMSB Abogados y Economistas en Baleares\",\"isPartOf\":{\"@id\":\"https:\\\/\\\/fmsb.eu\\\/en\\\/#website\"},\"primaryImageOfPage\":{\"@id\":\"https:\\\/\\\/fmsb.eu\\\/en\\\/2022\\\/06\\\/18\\\/plusvalia-municipal-muerto-cargante-jorge-sainz-de-baranda-mallorcadiario\\\/#primaryimage\"},\"image\":{\"@id\":\"https:\\\/\\\/fmsb.eu\\\/en\\\/2022\\\/06\\\/18\\\/plusvalia-municipal-muerto-cargante-jorge-sainz-de-baranda-mallorcadiario\\\/#primaryimage\"},\"thumbnailUrl\":\"https:\\\/\\\/fmsb.eu\\\/wp-content\\\/uploads\\\/2022\\\/06\\\/FMSB-Abogados-El-muerto-cargante-de-la-Plusvalia-Municipal-Jorge-Sainz-de-Baranda-00.jpg\",\"datePublished\":\"2022-06-18T16:59:44+00:00\",\"breadcrumb\":{\"@id\":\"https:\\\/\\\/fmsb.eu\\\/en\\\/2022\\\/06\\\/18\\\/plusvalia-municipal-muerto-cargante-jorge-sainz-de-baranda-mallorcadiario\\\/#breadcrumb\"},\"inLanguage\":\"en-US\",\"potentialAction\":[{\"@type\":\"ReadAction\",\"target\":[\"https:\\\/\\\/fmsb.eu\\\/en\\\/2022\\\/06\\\/18\\\/plusvalia-municipal-muerto-cargante-jorge-sainz-de-baranda-mallorcadiario\\\/\"]}]},{\"@type\":\"ImageObject\",\"inLanguage\":\"en-US\",\"@id\":\"https:\\\/\\\/fmsb.eu\\\/en\\\/2022\\\/06\\\/18\\\/plusvalia-municipal-muerto-cargante-jorge-sainz-de-baranda-mallorcadiario\\\/#primaryimage\",\"url\":\"https:\\\/\\\/fmsb.eu\\\/wp-content\\\/uploads\\\/2022\\\/06\\\/FMSB-Abogados-El-muerto-cargante-de-la-Plusvalia-Municipal-Jorge-Sainz-de-Baranda-00.jpg\",\"contentUrl\":\"https:\\\/\\\/fmsb.eu\\\/wp-content\\\/uploads\\\/2022\\\/06\\\/FMSB-Abogados-El-muerto-cargante-de-la-Plusvalia-Municipal-Jorge-Sainz-de-Baranda-00.jpg\",\"width\":1600,\"height\":1200},{\"@type\":\"BreadcrumbList\",\"@id\":\"https:\\\/\\\/fmsb.eu\\\/en\\\/2022\\\/06\\\/18\\\/plusvalia-municipal-muerto-cargante-jorge-sainz-de-baranda-mallorcadiario\\\/#breadcrumb\",\"itemListElement\":[{\"@type\":\"ListItem\",\"position\":1,\"name\":\"Portada\",\"item\":\"https:\\\/\\\/fmsb.eu\\\/en\\\/\"},{\"@type\":\"ListItem\",\"position\":2,\"name\":\"El muerto \u00abcargante\u00bb de la Plusval\u00eda Municipal, art\u00edculo de opini\u00f3n de Jorge S\u00e1inz de Baranda en Mallorcadiario\"}]},{\"@type\":\"WebSite\",\"@id\":\"https:\\\/\\\/fmsb.eu\\\/en\\\/#website\",\"url\":\"https:\\\/\\\/fmsb.eu\\\/en\\\/\",\"name\":\"FMSB Abogados y Economistas en Baleares\",\"description\":\"\",\"publisher\":{\"@id\":\"https:\\\/\\\/fmsb.eu\\\/en\\\/#organization\"},\"potentialAction\":[{\"@type\":\"SearchAction\",\"target\":{\"@type\":\"EntryPoint\",\"urlTemplate\":\"https:\\\/\\\/fmsb.eu\\\/en\\\/?s={search_term_string}\"},\"query-input\":{\"@type\":\"PropertyValueSpecification\",\"valueRequired\":true,\"valueName\":\"search_term_string\"}}],\"inLanguage\":\"en-US\"},{\"@type\":\"Organization\",\"@id\":\"https:\\\/\\\/fmsb.eu\\\/en\\\/#organization\",\"name\":\"FMSB Abogados y Economistas en Baleares\",\"url\":\"https:\\\/\\\/fmsb.eu\\\/en\\\/\",\"logo\":{\"@type\":\"ImageObject\",\"inLanguage\":\"en-US\",\"@id\":\"https:\\\/\\\/fmsb.eu\\\/en\\\/#\\\/schema\\\/logo\\\/image\\\/\",\"url\":\"https:\\\/\\\/fmsb.eu\\\/wp-content\\\/uploads\\\/2025\\\/02\\\/logo.svg\",\"contentUrl\":\"https:\\\/\\\/fmsb.eu\\\/wp-content\\\/uploads\\\/2025\\\/02\\\/logo.svg\",\"width\":154,\"height\":52,\"caption\":\"FMSB Abogados y Economistas en Baleares\"},\"image\":{\"@id\":\"https:\\\/\\\/fmsb.eu\\\/en\\\/#\\\/schema\\\/logo\\\/image\\\/\"}},{\"@type\":\"Person\",\"@id\":\"https:\\\/\\\/fmsb.eu\\\/en\\\/#\\\/schema\\\/person\\\/9fba7c70814b0cd34d35d655d36a4ca2\",\"name\":\"fmsb\",\"image\":{\"@type\":\"ImageObject\",\"inLanguage\":\"en-US\",\"@id\":\"https:\\\/\\\/secure.gravatar.com\\\/avatar\\\/426f4d5b0ebcace85460caf87cdaaa193694b611e990615d87a13f322fb7ee7f?s=96&d=mm&r=g\",\"url\":\"https:\\\/\\\/secure.gravatar.com\\\/avatar\\\/426f4d5b0ebcace85460caf87cdaaa193694b611e990615d87a13f322fb7ee7f?s=96&d=mm&r=g\",\"contentUrl\":\"https:\\\/\\\/secure.gravatar.com\\\/avatar\\\/426f4d5b0ebcace85460caf87cdaaa193694b611e990615d87a13f322fb7ee7f?s=96&d=mm&r=g\",\"caption\":\"fmsb\"},\"sameAs\":[\"https:\\\/\\\/x.com\\\/fmsb-disstint\"],\"url\":\"https:\\\/\\\/fmsb.eu\\\/en\\\/author\\\/fmsb\\\/\"}]}<\/script>\n<!-- \/ Yoast SEO plugin. -->","yoast_head_json":{"title":"El muerto \u00abcargante\u00bb de la Plusval\u00eda Municipal, art\u00edculo de opini\u00f3n de Jorge S\u00e1inz de Baranda en Mallorcadiario - FMSB Abogados y Economistas en Baleares","robots":{"index":"index","follow":"follow","max-snippet":"max-snippet:-1","max-image-preview":"max-image-preview:large","max-video-preview":"max-video-preview:-1"},"canonical":"https:\/\/fmsb.eu\/en\/2022\/06\/18\/plusvalia-municipal-muerto-cargante-jorge-sainz-de-baranda-mallorcadiario\/","og_locale":"en_US","og_type":"article","og_title":"El muerto \u00abcargante\u00bb de la Plusval\u00eda Municipal, art\u00edculo de opini\u00f3n de Jorge S\u00e1inz de Baranda en Mallorcadiario - FMSB Abogados y Economistas en Baleares","og_description":"&nbsp; mallorcadiario.com\u00a0 Opini\u00f3n DOMINGO 19 DE JUNIO DE 2022 DOMINGO 25 DE OCTUBRE DE 2020 El muerto \u00abcargante\u00bb de la Plusval\u00eda Municipal Por\u00a0Jorge S\u00e1inz de Baranda M\u00c1S ART\u00cdCULOS DEL AUTOR \u00a0 \u00abCargarle el muerto a otro\u00bb es una expresi\u00f3n que utilizamos habitualmente para referirnos al muy extendido deporte patrio de intentar atribuir las culpas de [&hellip;]","og_url":"https:\/\/fmsb.eu\/en\/2022\/06\/18\/plusvalia-municipal-muerto-cargante-jorge-sainz-de-baranda-mallorcadiario\/","og_site_name":"FMSB Abogados y Economistas en Baleares","article_published_time":"2022-06-18T16:59:44+00:00","og_image":[{"width":1600,"height":1200,"url":"https:\/\/fmsb.eu\/wp-content\/uploads\/2022\/06\/FMSB-Abogados-El-muerto-cargante-de-la-Plusvalia-Municipal-Jorge-Sainz-de-Baranda-00.jpg","type":"image\/jpeg"}],"author":"fmsb","twitter_card":"summary_large_image","twitter_creator":"@fmsb-disstint","twitter_misc":{"Written by":"fmsb","Est. reading time":"5 minutes"},"schema":{"@context":"https:\/\/schema.org","@graph":[{"@type":"Article","@id":"https:\/\/fmsb.eu\/en\/2022\/06\/18\/plusvalia-municipal-muerto-cargante-jorge-sainz-de-baranda-mallorcadiario\/#article","isPartOf":{"@id":"https:\/\/fmsb.eu\/en\/2022\/06\/18\/plusvalia-municipal-muerto-cargante-jorge-sainz-de-baranda-mallorcadiario\/"},"author":{"name":"fmsb","@id":"https:\/\/fmsb.eu\/en\/#\/schema\/person\/9fba7c70814b0cd34d35d655d36a4ca2"},"headline":"El muerto \u00abcargante\u00bb de la Plusval\u00eda Municipal, art\u00edculo de opini\u00f3n de Jorge S\u00e1inz de Baranda en Mallorcadiario","datePublished":"2022-06-18T16:59:44+00:00","mainEntityOfPage":{"@id":"https:\/\/fmsb.eu\/en\/2022\/06\/18\/plusvalia-municipal-muerto-cargante-jorge-sainz-de-baranda-mallorcadiario\/"},"wordCount":920,"publisher":{"@id":"https:\/\/fmsb.eu\/en\/#organization"},"image":{"@id":"https:\/\/fmsb.eu\/en\/2022\/06\/18\/plusvalia-municipal-muerto-cargante-jorge-sainz-de-baranda-mallorcadiario\/#primaryimage"},"thumbnailUrl":"https:\/\/fmsb.eu\/wp-content\/uploads\/2022\/06\/FMSB-Abogados-El-muerto-cargante-de-la-Plusvalia-Municipal-Jorge-Sainz-de-Baranda-00.jpg","keywords":["abogados","administraci\u00f3n tributaria","administraciones tributarias","aeat","agencia tributaria","antifraude","articulos","asesores","ATIB","baleares","blanqueo","blanqueo de capitales","campa\u00f1a de la renta","campa\u00f1a irpf","catastro","comunidad aut\u00f3noma","declaraci\u00f3n de inconstitucionalidad","declaraci\u00f3n de nulidad","derecho de la uni\u00f3n europea","derecho fiscal","derecho tributario","dgt","direcci\u00f3n general de tributos","direcci\u00f3n general del catastro","economistas","el arenal","extranjeros","fmsb","fraude fiscal","Hacienda","herencias","ibi","ibiza","illes balears","impuesto de sucesiones","impuestos","incremento del valor de los terrenos de naturaleza urbana","IRPF","jorge sainz de baranda","law","lawyers","ley antifraude","mallorca","mallorcadiario","Manacor","menorca","modelo 720","obligado tributario","opinion","Palma","plan anual de control tributario","plusval\u00eda","port d&#8217;andratx","prespuestos generales del estado","presupuestos 2021","prevenci\u00f3n","propuestas","puerto de andratx","recargo","reforma","residentes fiscales","solicitors","sucesiones y donaciones","tasa amazon","testador","tributos","ue","valor de referencia","valor de referencia catastral"],"articleSection":["actualidad","blog","Derecho Fiscal","Derecho sucesorio y herencias","Opini\u00f3n"],"inLanguage":"en-US"},{"@type":"WebPage","@id":"https:\/\/fmsb.eu\/en\/2022\/06\/18\/plusvalia-municipal-muerto-cargante-jorge-sainz-de-baranda-mallorcadiario\/","url":"https:\/\/fmsb.eu\/en\/2022\/06\/18\/plusvalia-municipal-muerto-cargante-jorge-sainz-de-baranda-mallorcadiario\/","name":"El muerto \u00abcargante\u00bb de la Plusval\u00eda Municipal, art\u00edculo de opini\u00f3n de Jorge S\u00e1inz de Baranda en Mallorcadiario - FMSB Abogados y Economistas en Baleares","isPartOf":{"@id":"https:\/\/fmsb.eu\/en\/#website"},"primaryImageOfPage":{"@id":"https:\/\/fmsb.eu\/en\/2022\/06\/18\/plusvalia-municipal-muerto-cargante-jorge-sainz-de-baranda-mallorcadiario\/#primaryimage"},"image":{"@id":"https:\/\/fmsb.eu\/en\/2022\/06\/18\/plusvalia-municipal-muerto-cargante-jorge-sainz-de-baranda-mallorcadiario\/#primaryimage"},"thumbnailUrl":"https:\/\/fmsb.eu\/wp-content\/uploads\/2022\/06\/FMSB-Abogados-El-muerto-cargante-de-la-Plusvalia-Municipal-Jorge-Sainz-de-Baranda-00.jpg","datePublished":"2022-06-18T16:59:44+00:00","breadcrumb":{"@id":"https:\/\/fmsb.eu\/en\/2022\/06\/18\/plusvalia-municipal-muerto-cargante-jorge-sainz-de-baranda-mallorcadiario\/#breadcrumb"},"inLanguage":"en-US","potentialAction":[{"@type":"ReadAction","target":["https:\/\/fmsb.eu\/en\/2022\/06\/18\/plusvalia-municipal-muerto-cargante-jorge-sainz-de-baranda-mallorcadiario\/"]}]},{"@type":"ImageObject","inLanguage":"en-US","@id":"https:\/\/fmsb.eu\/en\/2022\/06\/18\/plusvalia-municipal-muerto-cargante-jorge-sainz-de-baranda-mallorcadiario\/#primaryimage","url":"https:\/\/fmsb.eu\/wp-content\/uploads\/2022\/06\/FMSB-Abogados-El-muerto-cargante-de-la-Plusvalia-Municipal-Jorge-Sainz-de-Baranda-00.jpg","contentUrl":"https:\/\/fmsb.eu\/wp-content\/uploads\/2022\/06\/FMSB-Abogados-El-muerto-cargante-de-la-Plusvalia-Municipal-Jorge-Sainz-de-Baranda-00.jpg","width":1600,"height":1200},{"@type":"BreadcrumbList","@id":"https:\/\/fmsb.eu\/en\/2022\/06\/18\/plusvalia-municipal-muerto-cargante-jorge-sainz-de-baranda-mallorcadiario\/#breadcrumb","itemListElement":[{"@type":"ListItem","position":1,"name":"Portada","item":"https:\/\/fmsb.eu\/en\/"},{"@type":"ListItem","position":2,"name":"El muerto \u00abcargante\u00bb de la Plusval\u00eda Municipal, art\u00edculo de opini\u00f3n de Jorge S\u00e1inz de Baranda en Mallorcadiario"}]},{"@type":"WebSite","@id":"https:\/\/fmsb.eu\/en\/#website","url":"https:\/\/fmsb.eu\/en\/","name":"FMSB Abogados y Economistas en Baleares","description":"","publisher":{"@id":"https:\/\/fmsb.eu\/en\/#organization"},"potentialAction":[{"@type":"SearchAction","target":{"@type":"EntryPoint","urlTemplate":"https:\/\/fmsb.eu\/en\/?s={search_term_string}"},"query-input":{"@type":"PropertyValueSpecification","valueRequired":true,"valueName":"search_term_string"}}],"inLanguage":"en-US"},{"@type":"Organization","@id":"https:\/\/fmsb.eu\/en\/#organization","name":"FMSB Abogados y Economistas en Baleares","url":"https:\/\/fmsb.eu\/en\/","logo":{"@type":"ImageObject","inLanguage":"en-US","@id":"https:\/\/fmsb.eu\/en\/#\/schema\/logo\/image\/","url":"https:\/\/fmsb.eu\/wp-content\/uploads\/2025\/02\/logo.svg","contentUrl":"https:\/\/fmsb.eu\/wp-content\/uploads\/2025\/02\/logo.svg","width":154,"height":52,"caption":"FMSB Abogados y Economistas en Baleares"},"image":{"@id":"https:\/\/fmsb.eu\/en\/#\/schema\/logo\/image\/"}},{"@type":"Person","@id":"https:\/\/fmsb.eu\/en\/#\/schema\/person\/9fba7c70814b0cd34d35d655d36a4ca2","name":"fmsb","image":{"@type":"ImageObject","inLanguage":"en-US","@id":"https:\/\/secure.gravatar.com\/avatar\/426f4d5b0ebcace85460caf87cdaaa193694b611e990615d87a13f322fb7ee7f?s=96&d=mm&r=g","url":"https:\/\/secure.gravatar.com\/avatar\/426f4d5b0ebcace85460caf87cdaaa193694b611e990615d87a13f322fb7ee7f?s=96&d=mm&r=g","contentUrl":"https:\/\/secure.gravatar.com\/avatar\/426f4d5b0ebcace85460caf87cdaaa193694b611e990615d87a13f322fb7ee7f?s=96&d=mm&r=g","caption":"fmsb"},"sameAs":["https:\/\/x.com\/fmsb-disstint"],"url":"https:\/\/fmsb.eu\/en\/author\/fmsb\/"}]}},"_links":{"self":[{"href":"https:\/\/fmsb.eu\/en\/wp-json\/wp\/v2\/posts\/11372","targetHints":{"allow":["GET"]}}],"collection":[{"href":"https:\/\/fmsb.eu\/en\/wp-json\/wp\/v2\/posts"}],"about":[{"href":"https:\/\/fmsb.eu\/en\/wp-json\/wp\/v2\/types\/post"}],"author":[{"embeddable":true,"href":"https:\/\/fmsb.eu\/en\/wp-json\/wp\/v2\/users\/2"}],"replies":[{"embeddable":true,"href":"https:\/\/fmsb.eu\/en\/wp-json\/wp\/v2\/comments?post=11372"}],"version-history":[{"count":0,"href":"https:\/\/fmsb.eu\/en\/wp-json\/wp\/v2\/posts\/11372\/revisions"}],"wp:featuredmedia":[{"embeddable":true,"href":"https:\/\/fmsb.eu\/en\/wp-json\/wp\/v2\/media\/9796"}],"wp:attachment":[{"href":"https:\/\/fmsb.eu\/en\/wp-json\/wp\/v2\/media?parent=11372"}],"wp:term":[{"taxonomy":"category","embeddable":true,"href":"https:\/\/fmsb.eu\/en\/wp-json\/wp\/v2\/categories?post=11372"},{"taxonomy":"post_tag","embeddable":true,"href":"https:\/\/fmsb.eu\/en\/wp-json\/wp\/v2\/tags?post=11372"}],"curies":[{"name":"wp","href":"https:\/\/api.w.org\/{rel}","templated":true}]}}