{"id":11376,"date":"2022-06-15T10:28:56","date_gmt":"2022-06-15T08:28:56","guid":{"rendered":"http:\/\/fmsb.disstintbeta.com\/2022\/06\/15\/el-abogado-cristobal-mora-sobre-caidas-y-accidentes-en-aceras-por-mal-estado-de-mantenimiento\/"},"modified":"2022-06-15T10:28:56","modified_gmt":"2022-06-15T08:28:56","slug":"el-abogado-cristobal-mora-sobre-caidas-y-accidentes-en-aceras-por-mal-estado-de-mantenimiento","status":"publish","type":"post","link":"https:\/\/fmsb.eu\/en\/2022\/06\/15\/el-abogado-cristobal-mora-sobre-caidas-y-accidentes-en-aceras-por-mal-estado-de-mantenimiento\/","title":{"rendered":"El abogado Crist\u00f3bal Mora sobre ca\u00eddas y accidentes en aceras por mal estado de mantenimiento"},"content":{"rendered":"<p><iframe title=\"El abogado Crist\u00f3bal Mora sobre ca\u00eddas y accidentes en aceras por mal estado de mantenimiento\" width=\"800\" height=\"450\" src=\"https:\/\/www.youtube.com\/embed\/8GrkQBcFHek?feature=oembed\" frameborder=\"0\" allow=\"accelerometer; autoplay; clipboard-write; encrypted-media; gyroscope; picture-in-picture; web-share\" referrerpolicy=\"strict-origin-when-cross-origin\" allowfullscreen><\/iframe><\/p>\n<p>&nbsp;<\/p>\n<h1><span style=\"color: #ffffff;\">&#8211;<\/span><\/h1>\n<h1>El abogado Crist\u00f3bal Mora sobre ca\u00eddas y accidentes en aceras por mal estado de mantenimiento<\/h1>\n<h1><span style=\"color: #ffffff;\">&#8211;<\/span><\/h1>\n<p>El programa <span style=\"color: #008080;\"><a style=\"color: #008080;\" href=\"https:\/\/ib3.org\/carta?programId=058decc8-4b98-4f6f-b3b4-9b2984825171\"><strong>Cinc Dies<\/strong><\/a><\/span> se hac\u00eda eco esta semana del testimonio del padre de una menor que sufri\u00f3, debido al mal estado del pavimento de la acera en el barrio de Pere Garau, una ca\u00edda con su pat\u00edn de juguete, con el resultado de abrasiones y puntos en la barbilla. El magazine quiso contar con el criterio jur\u00eddico experto del abogado socio de <strong>Font Mora Sainz de Baranda &#8211;<em>abogados y economistas<\/em>&#8211;<\/strong> <span data-offset-key=\"eq10n-0-0\"><strong>Crist\u00f3bal Mora<\/strong><\/span> para aclarar la posible responsabilidad del Ayuntamiento en las lesiones de la peque\u00f1a por el deficiente mantenimiento de las aceras y la posibilidad de entablar reclamaciones indemnizatorias por ca\u00eddas y accidentes en este y casos similares.<\/p>\n<p>Navega por el blog de <span class=\"_247o\" spellcheck=\"false\" data-offset-key=\"bng2b-1-0\"><span data-offset-key=\"bng2b-1-0\"><a href=\"https:\/\/www.fmsb.eu\/blog\"><strong>Font Mora Sainz de Baranda<\/strong> &#8211;<em>abogados y economistas<\/em>&#8211;<\/a><\/span><\/span> para ver otros art\u00edculos sobre <strong>derecho de da\u00f1os, responsabilidad civil y responsabilidad patrimonial de la administraci\u00f3n<\/strong> y recuerda que puedes acceder a toda la <span data-offset-key=\"6v59k-0-0\">programaci\u00f3n de la televisi\u00f3n auton\u00f3mica balear <a href=\"https:\/\/ib3.org\/carta\"><strong><span style=\"color: #ff00ff;\">IB3 TV<\/span><\/strong><\/a> a trav\u00e9s de su web en la secci\u00f3n &#8220;<a href=\"https:\/\/ib3.org\/carta\"><strong><span style=\"color: #ff00ff;\">a la carta<\/span><\/strong><\/a>&#8220;.<\/span>.<\/p>\n<p>&nbsp;<\/p>\n<div data-contents=\"true\">\n<div class=\"\" data-block=\"true\" data-editor=\"1h3di\" data-offset-key=\"d2re1-0-0\">\n<div class=\"_1mf _1mj\" data-offset-key=\"d2re1-0-0\">\n<hr \/>\n<p><span class=\"_5zk7\" style=\"color: #999999;\" spellcheck=\"false\" data-offset-key=\"a61h8-34-0\">#fmsb #fontmorasainzdebaranda #abogados #economistas #derecho #da\u00f1os #accidentes #ca\u00eddas #acera #mantenimiento #acera #pavimento #ayuntamiento #responsabilidad #lesiones #responsabilidadpatrimonial #secuelas #peritaje #forense #reclamaci\u00f3n #baleares #mallorca #menorca #ibiza #manacor #elarenal #andratx #lawyers #solicitors #Crist\u00f3balMora<\/span><\/p>\n<\/div>\n<\/div>\n<\/div>\n","protected":false},"excerpt":{"rendered":"<p>&nbsp; &#8211; El abogado Crist\u00f3bal Mora sobre ca\u00eddas y accidentes en aceras por mal estado de mantenimiento &#8211; El programa Cinc Dies se hac\u00eda eco esta semana del testimonio del padre de una menor que sufri\u00f3, debido al mal estado del pavimento de la acera en el barrio de Pere Garau, una ca\u00edda con su [&hellip;]<\/p>\n","protected":false},"author":2,"featured_media":9792,"comment_status":"closed","ping_status":"open","sticky":false,"template":"","format":"standard","meta":{"footnotes":""},"categories":[2148,2149,2150,2152,2521],"tags":[2156,5178,3464,2889,5179,2158,2425,2535,2168,2169,2173,2174,2175,2179,2542,2181,2182,2184,2858,2286,5180,2548,2549,3921,2193],"class_list":["post-11376","post","type-post","status-publish","format-standard","has-post-thumbnail","hentry","category-actualidad-en","category-blog-en-2","category-derecho-civil-en","category-home-en-2","category-responsabilidad-patrimonial-de-la-administracion-en","tag-abogados-en","tag-abogados-responsabilidad-civil-en","tag-administracion-en","tag-andratx-en","tag-ayuntamiento-en","tag-baleares-en","tag-derecho-civil-en","tag-derecho-de-danos-en","tag-economistas-en","tag-el-arenal-en","tag-fmsb-en","tag-font-mora-sainz-de-baranda-en","tag-ibiza-en-2","tag-lawyers-en-2","tag-lesiones-en","tag-mallorca-en-2","tag-manacor-en","tag-menorca-en-2","tag-negligencia-en","tag-palma-en","tag-queja-en","tag-reclamacion-en","tag-responsabilidad-civil-en","tag-responsabilidad-patrimonial-en","tag-solicitors-en"],"yoast_head":"<!-- This site is optimized with the Yoast SEO plugin v27.3 - https:\/\/yoast.com\/product\/yoast-seo-wordpress\/ -->\n<title>El abogado Crist\u00f3bal Mora sobre ca\u00eddas y accidentes en aceras por mal estado de mantenimiento - FMSB Abogados y Economistas en Baleares<\/title>\n<meta name=\"robots\" content=\"index, follow, max-snippet:-1, max-image-preview:large, max-video-preview:-1\" \/>\n<link rel=\"canonical\" href=\"https:\/\/fmsb.eu\/en\/2022\/06\/15\/el-abogado-cristobal-mora-sobre-caidas-y-accidentes-en-aceras-por-mal-estado-de-mantenimiento\/\" \/>\n<meta property=\"og:locale\" content=\"en_US\" \/>\n<meta property=\"og:type\" content=\"article\" \/>\n<meta property=\"og:title\" content=\"El abogado Crist\u00f3bal Mora sobre ca\u00eddas y accidentes en aceras por mal estado de mantenimiento - FMSB Abogados y Economistas en Baleares\" \/>\n<meta property=\"og:description\" content=\"&nbsp; &#8211; El abogado Crist\u00f3bal Mora sobre ca\u00eddas y accidentes en aceras por mal estado de mantenimiento &#8211; El programa Cinc Dies se hac\u00eda eco esta semana del testimonio del padre de una menor que sufri\u00f3, debido al mal estado del pavimento de la acera en el barrio de Pere Garau, una ca\u00edda con su [&hellip;]\" \/>\n<meta property=\"og:url\" content=\"https:\/\/fmsb.eu\/en\/2022\/06\/15\/el-abogado-cristobal-mora-sobre-caidas-y-accidentes-en-aceras-por-mal-estado-de-mantenimiento\/\" \/>\n<meta property=\"og:site_name\" content=\"FMSB Abogados y Economistas en Baleares\" \/>\n<meta property=\"article:published_time\" content=\"2022-06-15T08:28:56+00:00\" \/>\n<meta property=\"og:image\" content=\"https:\/\/fmsb.eu\/wp-content\/uploads\/2022\/06\/Captura-de-pantalla-2022-06-15-103147.jpg\" \/>\n\t<meta property=\"og:image:width\" content=\"1927\" \/>\n\t<meta property=\"og:image:height\" content=\"1051\" \/>\n\t<meta property=\"og:image:type\" content=\"image\/jpeg\" \/>\n<meta name=\"author\" content=\"fmsb\" \/>\n<meta name=\"twitter:card\" content=\"summary_large_image\" \/>\n<meta name=\"twitter:creator\" content=\"@fmsb-disstint\" \/>\n<meta name=\"twitter:label1\" content=\"Written by\" \/>\n\t<meta name=\"twitter:data1\" content=\"fmsb\" \/>\n\t<meta name=\"twitter:label2\" content=\"Est. reading time\" \/>\n\t<meta name=\"twitter:data2\" content=\"1 minute\" \/>\n<script type=\"application\/ld+json\" class=\"yoast-schema-graph\">{\"@context\":\"https:\\\/\\\/schema.org\",\"@graph\":[{\"@type\":\"Article\",\"@id\":\"https:\\\/\\\/fmsb.eu\\\/en\\\/2022\\\/06\\\/15\\\/el-abogado-cristobal-mora-sobre-caidas-y-accidentes-en-aceras-por-mal-estado-de-mantenimiento\\\/#article\",\"isPartOf\":{\"@id\":\"https:\\\/\\\/fmsb.eu\\\/en\\\/2022\\\/06\\\/15\\\/el-abogado-cristobal-mora-sobre-caidas-y-accidentes-en-aceras-por-mal-estado-de-mantenimiento\\\/\"},\"author\":{\"name\":\"fmsb\",\"@id\":\"https:\\\/\\\/fmsb.eu\\\/en\\\/#\\\/schema\\\/person\\\/9fba7c70814b0cd34d35d655d36a4ca2\"},\"headline\":\"El abogado Crist\u00f3bal Mora sobre ca\u00eddas y accidentes en aceras por mal estado de mantenimiento\",\"datePublished\":\"2022-06-15T08:28:56+00:00\",\"mainEntityOfPage\":{\"@id\":\"https:\\\/\\\/fmsb.eu\\\/en\\\/2022\\\/06\\\/15\\\/el-abogado-cristobal-mora-sobre-caidas-y-accidentes-en-aceras-por-mal-estado-de-mantenimiento\\\/\"},\"wordCount\":256,\"publisher\":{\"@id\":\"https:\\\/\\\/fmsb.eu\\\/en\\\/#organization\"},\"image\":{\"@id\":\"https:\\\/\\\/fmsb.eu\\\/en\\\/2022\\\/06\\\/15\\\/el-abogado-cristobal-mora-sobre-caidas-y-accidentes-en-aceras-por-mal-estado-de-mantenimiento\\\/#primaryimage\"},\"thumbnailUrl\":\"https:\\\/\\\/fmsb.eu\\\/wp-content\\\/uploads\\\/2022\\\/06\\\/Captura-de-pantalla-2022-06-15-103147.jpg\",\"keywords\":[\"abogados\",\"abogados responsabilidad civil\",\"Administraci\u00f3n\",\"andratx\",\"ayuntamiento\",\"baleares\",\"Derecho Civil\",\"derecho de da\u00f1os\",\"economistas\",\"el arenal\",\"fmsb\",\"font mora sainz de baranda\",\"ibiza\",\"lawyers\",\"lesiones\",\"mallorca\",\"Manacor\",\"menorca\",\"negligencia\",\"Palma\",\"queja\",\"reclamaci\u00f3n\",\"responsabilidad civil\",\"responsabilidad patrimonial\",\"solicitors\"],\"articleSection\":[\"actualidad\",\"blog\",\"Derecho Civil\",\"Home\",\"responsabilidad patrimonial de la administraci\u00f3n\"],\"inLanguage\":\"en-US\"},{\"@type\":\"WebPage\",\"@id\":\"https:\\\/\\\/fmsb.eu\\\/en\\\/2022\\\/06\\\/15\\\/el-abogado-cristobal-mora-sobre-caidas-y-accidentes-en-aceras-por-mal-estado-de-mantenimiento\\\/\",\"url\":\"https:\\\/\\\/fmsb.eu\\\/en\\\/2022\\\/06\\\/15\\\/el-abogado-cristobal-mora-sobre-caidas-y-accidentes-en-aceras-por-mal-estado-de-mantenimiento\\\/\",\"name\":\"El abogado Crist\u00f3bal Mora sobre ca\u00eddas y accidentes en aceras por mal estado de mantenimiento - FMSB Abogados y Economistas en Baleares\",\"isPartOf\":{\"@id\":\"https:\\\/\\\/fmsb.eu\\\/en\\\/#website\"},\"primaryImageOfPage\":{\"@id\":\"https:\\\/\\\/fmsb.eu\\\/en\\\/2022\\\/06\\\/15\\\/el-abogado-cristobal-mora-sobre-caidas-y-accidentes-en-aceras-por-mal-estado-de-mantenimiento\\\/#primaryimage\"},\"image\":{\"@id\":\"https:\\\/\\\/fmsb.eu\\\/en\\\/2022\\\/06\\\/15\\\/el-abogado-cristobal-mora-sobre-caidas-y-accidentes-en-aceras-por-mal-estado-de-mantenimiento\\\/#primaryimage\"},\"thumbnailUrl\":\"https:\\\/\\\/fmsb.eu\\\/wp-content\\\/uploads\\\/2022\\\/06\\\/Captura-de-pantalla-2022-06-15-103147.jpg\",\"datePublished\":\"2022-06-15T08:28:56+00:00\",\"breadcrumb\":{\"@id\":\"https:\\\/\\\/fmsb.eu\\\/en\\\/2022\\\/06\\\/15\\\/el-abogado-cristobal-mora-sobre-caidas-y-accidentes-en-aceras-por-mal-estado-de-mantenimiento\\\/#breadcrumb\"},\"inLanguage\":\"en-US\",\"potentialAction\":[{\"@type\":\"ReadAction\",\"target\":[\"https:\\\/\\\/fmsb.eu\\\/en\\\/2022\\\/06\\\/15\\\/el-abogado-cristobal-mora-sobre-caidas-y-accidentes-en-aceras-por-mal-estado-de-mantenimiento\\\/\"]}]},{\"@type\":\"ImageObject\",\"inLanguage\":\"en-US\",\"@id\":\"https:\\\/\\\/fmsb.eu\\\/en\\\/2022\\\/06\\\/15\\\/el-abogado-cristobal-mora-sobre-caidas-y-accidentes-en-aceras-por-mal-estado-de-mantenimiento\\\/#primaryimage\",\"url\":\"https:\\\/\\\/fmsb.eu\\\/wp-content\\\/uploads\\\/2022\\\/06\\\/Captura-de-pantalla-2022-06-15-103147.jpg\",\"contentUrl\":\"https:\\\/\\\/fmsb.eu\\\/wp-content\\\/uploads\\\/2022\\\/06\\\/Captura-de-pantalla-2022-06-15-103147.jpg\",\"width\":1927,\"height\":1051},{\"@type\":\"BreadcrumbList\",\"@id\":\"https:\\\/\\\/fmsb.eu\\\/en\\\/2022\\\/06\\\/15\\\/el-abogado-cristobal-mora-sobre-caidas-y-accidentes-en-aceras-por-mal-estado-de-mantenimiento\\\/#breadcrumb\",\"itemListElement\":[{\"@type\":\"ListItem\",\"position\":1,\"name\":\"Portada\",\"item\":\"https:\\\/\\\/fmsb.eu\\\/en\\\/\"},{\"@type\":\"ListItem\",\"position\":2,\"name\":\"El abogado Crist\u00f3bal Mora sobre ca\u00eddas y accidentes en aceras por mal estado de mantenimiento\"}]},{\"@type\":\"WebSite\",\"@id\":\"https:\\\/\\\/fmsb.eu\\\/en\\\/#website\",\"url\":\"https:\\\/\\\/fmsb.eu\\\/en\\\/\",\"name\":\"FMSB Abogados y Economistas en Baleares\",\"description\":\"\",\"publisher\":{\"@id\":\"https:\\\/\\\/fmsb.eu\\\/en\\\/#organization\"},\"potentialAction\":[{\"@type\":\"SearchAction\",\"target\":{\"@type\":\"EntryPoint\",\"urlTemplate\":\"https:\\\/\\\/fmsb.eu\\\/en\\\/?s={search_term_string}\"},\"query-input\":{\"@type\":\"PropertyValueSpecification\",\"valueRequired\":true,\"valueName\":\"search_term_string\"}}],\"inLanguage\":\"en-US\"},{\"@type\":\"Organization\",\"@id\":\"https:\\\/\\\/fmsb.eu\\\/en\\\/#organization\",\"name\":\"FMSB Abogados y Economistas en Baleares\",\"url\":\"https:\\\/\\\/fmsb.eu\\\/en\\\/\",\"logo\":{\"@type\":\"ImageObject\",\"inLanguage\":\"en-US\",\"@id\":\"https:\\\/\\\/fmsb.eu\\\/en\\\/#\\\/schema\\\/logo\\\/image\\\/\",\"url\":\"https:\\\/\\\/fmsb.eu\\\/wp-content\\\/uploads\\\/2025\\\/02\\\/logo.svg\",\"contentUrl\":\"https:\\\/\\\/fmsb.eu\\\/wp-content\\\/uploads\\\/2025\\\/02\\\/logo.svg\",\"width\":154,\"height\":52,\"caption\":\"FMSB Abogados y Economistas en Baleares\"},\"image\":{\"@id\":\"https:\\\/\\\/fmsb.eu\\\/en\\\/#\\\/schema\\\/logo\\\/image\\\/\"}},{\"@type\":\"Person\",\"@id\":\"https:\\\/\\\/fmsb.eu\\\/en\\\/#\\\/schema\\\/person\\\/9fba7c70814b0cd34d35d655d36a4ca2\",\"name\":\"fmsb\",\"image\":{\"@type\":\"ImageObject\",\"inLanguage\":\"en-US\",\"@id\":\"https:\\\/\\\/secure.gravatar.com\\\/avatar\\\/426f4d5b0ebcace85460caf87cdaaa193694b611e990615d87a13f322fb7ee7f?s=96&d=mm&r=g\",\"url\":\"https:\\\/\\\/secure.gravatar.com\\\/avatar\\\/426f4d5b0ebcace85460caf87cdaaa193694b611e990615d87a13f322fb7ee7f?s=96&d=mm&r=g\",\"contentUrl\":\"https:\\\/\\\/secure.gravatar.com\\\/avatar\\\/426f4d5b0ebcace85460caf87cdaaa193694b611e990615d87a13f322fb7ee7f?s=96&d=mm&r=g\",\"caption\":\"fmsb\"},\"sameAs\":[\"https:\\\/\\\/x.com\\\/fmsb-disstint\"],\"url\":\"https:\\\/\\\/fmsb.eu\\\/en\\\/author\\\/fmsb\\\/\"}]}<\/script>\n<!-- \/ Yoast SEO plugin. -->","yoast_head_json":{"title":"El abogado Crist\u00f3bal Mora sobre ca\u00eddas y accidentes en aceras por mal estado de mantenimiento - FMSB Abogados y Economistas en Baleares","robots":{"index":"index","follow":"follow","max-snippet":"max-snippet:-1","max-image-preview":"max-image-preview:large","max-video-preview":"max-video-preview:-1"},"canonical":"https:\/\/fmsb.eu\/en\/2022\/06\/15\/el-abogado-cristobal-mora-sobre-caidas-y-accidentes-en-aceras-por-mal-estado-de-mantenimiento\/","og_locale":"en_US","og_type":"article","og_title":"El abogado Crist\u00f3bal Mora sobre ca\u00eddas y accidentes en aceras por mal estado de mantenimiento - FMSB Abogados y Economistas en Baleares","og_description":"&nbsp; &#8211; El abogado Crist\u00f3bal Mora sobre ca\u00eddas y accidentes en aceras por mal estado de mantenimiento &#8211; El programa Cinc Dies se hac\u00eda eco esta semana del testimonio del padre de una menor que sufri\u00f3, debido al mal estado del pavimento de la acera en el barrio de Pere Garau, una ca\u00edda con su [&hellip;]","og_url":"https:\/\/fmsb.eu\/en\/2022\/06\/15\/el-abogado-cristobal-mora-sobre-caidas-y-accidentes-en-aceras-por-mal-estado-de-mantenimiento\/","og_site_name":"FMSB Abogados y Economistas en Baleares","article_published_time":"2022-06-15T08:28:56+00:00","og_image":[{"width":1927,"height":1051,"url":"https:\/\/fmsb.eu\/wp-content\/uploads\/2022\/06\/Captura-de-pantalla-2022-06-15-103147.jpg","type":"image\/jpeg"}],"author":"fmsb","twitter_card":"summary_large_image","twitter_creator":"@fmsb-disstint","twitter_misc":{"Written by":"fmsb","Est. reading time":"1 minute"},"schema":{"@context":"https:\/\/schema.org","@graph":[{"@type":"Article","@id":"https:\/\/fmsb.eu\/en\/2022\/06\/15\/el-abogado-cristobal-mora-sobre-caidas-y-accidentes-en-aceras-por-mal-estado-de-mantenimiento\/#article","isPartOf":{"@id":"https:\/\/fmsb.eu\/en\/2022\/06\/15\/el-abogado-cristobal-mora-sobre-caidas-y-accidentes-en-aceras-por-mal-estado-de-mantenimiento\/"},"author":{"name":"fmsb","@id":"https:\/\/fmsb.eu\/en\/#\/schema\/person\/9fba7c70814b0cd34d35d655d36a4ca2"},"headline":"El abogado Crist\u00f3bal Mora sobre ca\u00eddas y accidentes en aceras por mal estado de mantenimiento","datePublished":"2022-06-15T08:28:56+00:00","mainEntityOfPage":{"@id":"https:\/\/fmsb.eu\/en\/2022\/06\/15\/el-abogado-cristobal-mora-sobre-caidas-y-accidentes-en-aceras-por-mal-estado-de-mantenimiento\/"},"wordCount":256,"publisher":{"@id":"https:\/\/fmsb.eu\/en\/#organization"},"image":{"@id":"https:\/\/fmsb.eu\/en\/2022\/06\/15\/el-abogado-cristobal-mora-sobre-caidas-y-accidentes-en-aceras-por-mal-estado-de-mantenimiento\/#primaryimage"},"thumbnailUrl":"https:\/\/fmsb.eu\/wp-content\/uploads\/2022\/06\/Captura-de-pantalla-2022-06-15-103147.jpg","keywords":["abogados","abogados responsabilidad civil","Administraci\u00f3n","andratx","ayuntamiento","baleares","Derecho Civil","derecho de da\u00f1os","economistas","el arenal","fmsb","font mora sainz de baranda","ibiza","lawyers","lesiones","mallorca","Manacor","menorca","negligencia","Palma","queja","reclamaci\u00f3n","responsabilidad civil","responsabilidad patrimonial","solicitors"],"articleSection":["actualidad","blog","Derecho Civil","Home","responsabilidad patrimonial de la administraci\u00f3n"],"inLanguage":"en-US"},{"@type":"WebPage","@id":"https:\/\/fmsb.eu\/en\/2022\/06\/15\/el-abogado-cristobal-mora-sobre-caidas-y-accidentes-en-aceras-por-mal-estado-de-mantenimiento\/","url":"https:\/\/fmsb.eu\/en\/2022\/06\/15\/el-abogado-cristobal-mora-sobre-caidas-y-accidentes-en-aceras-por-mal-estado-de-mantenimiento\/","name":"El abogado Crist\u00f3bal Mora sobre ca\u00eddas y accidentes en aceras por mal estado de mantenimiento - FMSB Abogados y Economistas en Baleares","isPartOf":{"@id":"https:\/\/fmsb.eu\/en\/#website"},"primaryImageOfPage":{"@id":"https:\/\/fmsb.eu\/en\/2022\/06\/15\/el-abogado-cristobal-mora-sobre-caidas-y-accidentes-en-aceras-por-mal-estado-de-mantenimiento\/#primaryimage"},"image":{"@id":"https:\/\/fmsb.eu\/en\/2022\/06\/15\/el-abogado-cristobal-mora-sobre-caidas-y-accidentes-en-aceras-por-mal-estado-de-mantenimiento\/#primaryimage"},"thumbnailUrl":"https:\/\/fmsb.eu\/wp-content\/uploads\/2022\/06\/Captura-de-pantalla-2022-06-15-103147.jpg","datePublished":"2022-06-15T08:28:56+00:00","breadcrumb":{"@id":"https:\/\/fmsb.eu\/en\/2022\/06\/15\/el-abogado-cristobal-mora-sobre-caidas-y-accidentes-en-aceras-por-mal-estado-de-mantenimiento\/#breadcrumb"},"inLanguage":"en-US","potentialAction":[{"@type":"ReadAction","target":["https:\/\/fmsb.eu\/en\/2022\/06\/15\/el-abogado-cristobal-mora-sobre-caidas-y-accidentes-en-aceras-por-mal-estado-de-mantenimiento\/"]}]},{"@type":"ImageObject","inLanguage":"en-US","@id":"https:\/\/fmsb.eu\/en\/2022\/06\/15\/el-abogado-cristobal-mora-sobre-caidas-y-accidentes-en-aceras-por-mal-estado-de-mantenimiento\/#primaryimage","url":"https:\/\/fmsb.eu\/wp-content\/uploads\/2022\/06\/Captura-de-pantalla-2022-06-15-103147.jpg","contentUrl":"https:\/\/fmsb.eu\/wp-content\/uploads\/2022\/06\/Captura-de-pantalla-2022-06-15-103147.jpg","width":1927,"height":1051},{"@type":"BreadcrumbList","@id":"https:\/\/fmsb.eu\/en\/2022\/06\/15\/el-abogado-cristobal-mora-sobre-caidas-y-accidentes-en-aceras-por-mal-estado-de-mantenimiento\/#breadcrumb","itemListElement":[{"@type":"ListItem","position":1,"name":"Portada","item":"https:\/\/fmsb.eu\/en\/"},{"@type":"ListItem","position":2,"name":"El abogado Crist\u00f3bal Mora sobre ca\u00eddas y accidentes en aceras por mal estado de mantenimiento"}]},{"@type":"WebSite","@id":"https:\/\/fmsb.eu\/en\/#website","url":"https:\/\/fmsb.eu\/en\/","name":"FMSB Abogados y Economistas en Baleares","description":"","publisher":{"@id":"https:\/\/fmsb.eu\/en\/#organization"},"potentialAction":[{"@type":"SearchAction","target":{"@type":"EntryPoint","urlTemplate":"https:\/\/fmsb.eu\/en\/?s={search_term_string}"},"query-input":{"@type":"PropertyValueSpecification","valueRequired":true,"valueName":"search_term_string"}}],"inLanguage":"en-US"},{"@type":"Organization","@id":"https:\/\/fmsb.eu\/en\/#organization","name":"FMSB Abogados y Economistas en Baleares","url":"https:\/\/fmsb.eu\/en\/","logo":{"@type":"ImageObject","inLanguage":"en-US","@id":"https:\/\/fmsb.eu\/en\/#\/schema\/logo\/image\/","url":"https:\/\/fmsb.eu\/wp-content\/uploads\/2025\/02\/logo.svg","contentUrl":"https:\/\/fmsb.eu\/wp-content\/uploads\/2025\/02\/logo.svg","width":154,"height":52,"caption":"FMSB Abogados y Economistas en Baleares"},"image":{"@id":"https:\/\/fmsb.eu\/en\/#\/schema\/logo\/image\/"}},{"@type":"Person","@id":"https:\/\/fmsb.eu\/en\/#\/schema\/person\/9fba7c70814b0cd34d35d655d36a4ca2","name":"fmsb","image":{"@type":"ImageObject","inLanguage":"en-US","@id":"https:\/\/secure.gravatar.com\/avatar\/426f4d5b0ebcace85460caf87cdaaa193694b611e990615d87a13f322fb7ee7f?s=96&d=mm&r=g","url":"https:\/\/secure.gravatar.com\/avatar\/426f4d5b0ebcace85460caf87cdaaa193694b611e990615d87a13f322fb7ee7f?s=96&d=mm&r=g","contentUrl":"https:\/\/secure.gravatar.com\/avatar\/426f4d5b0ebcace85460caf87cdaaa193694b611e990615d87a13f322fb7ee7f?s=96&d=mm&r=g","caption":"fmsb"},"sameAs":["https:\/\/x.com\/fmsb-disstint"],"url":"https:\/\/fmsb.eu\/en\/author\/fmsb\/"}]}},"_links":{"self":[{"href":"https:\/\/fmsb.eu\/en\/wp-json\/wp\/v2\/posts\/11376","targetHints":{"allow":["GET"]}}],"collection":[{"href":"https:\/\/fmsb.eu\/en\/wp-json\/wp\/v2\/posts"}],"about":[{"href":"https:\/\/fmsb.eu\/en\/wp-json\/wp\/v2\/types\/post"}],"author":[{"embeddable":true,"href":"https:\/\/fmsb.eu\/en\/wp-json\/wp\/v2\/users\/2"}],"replies":[{"embeddable":true,"href":"https:\/\/fmsb.eu\/en\/wp-json\/wp\/v2\/comments?post=11376"}],"version-history":[{"count":0,"href":"https:\/\/fmsb.eu\/en\/wp-json\/wp\/v2\/posts\/11376\/revisions"}],"wp:featuredmedia":[{"embeddable":true,"href":"https:\/\/fmsb.eu\/en\/wp-json\/wp\/v2\/media\/9792"}],"wp:attachment":[{"href":"https:\/\/fmsb.eu\/en\/wp-json\/wp\/v2\/media?parent=11376"}],"wp:term":[{"taxonomy":"category","embeddable":true,"href":"https:\/\/fmsb.eu\/en\/wp-json\/wp\/v2\/categories?post=11376"},{"taxonomy":"post_tag","embeddable":true,"href":"https:\/\/fmsb.eu\/en\/wp-json\/wp\/v2\/tags?post=11376"}],"curies":[{"name":"wp","href":"https:\/\/api.w.org\/{rel}","templated":true}]}}