{"id":11380,"date":"2022-06-08T20:55:59","date_gmt":"2022-06-08T18:55:59","guid":{"rendered":"http:\/\/fmsb.disstintbeta.com\/2022\/06\/08\/juan-font-fin-moratoria-concursal-fibwi-actualidad-informativa\/"},"modified":"2022-06-08T20:55:59","modified_gmt":"2022-06-08T18:55:59","slug":"juan-font-fin-moratoria-concursal-fibwi-actualidad-informativa","status":"publish","type":"post","link":"https:\/\/fmsb.eu\/en\/2022\/06\/08\/juan-font-fin-moratoria-concursal-fibwi-actualidad-informativa\/","title":{"rendered":"Juan Font en el especial &#8220;Actualidad Informativa&#8221; de fibwi4 dedicado al fin de la moratoria concursal"},"content":{"rendered":"<p><iframe title=\"Actualidad Informativa Fibwi4: el fin de la moratoria concursal, con Juan Font y Margarita Poveda\" width=\"800\" height=\"450\" src=\"https:\/\/www.youtube.com\/embed\/8f8efkBLcRM?feature=oembed\" frameborder=\"0\" allow=\"accelerometer; autoplay; clipboard-write; encrypted-media; gyroscope; picture-in-picture; web-share\" referrerpolicy=\"strict-origin-when-cross-origin\" allowfullscreen><\/iframe><\/p>\n<h1><span style=\"color: #ffffff;\">&#8211;<\/span><\/h1>\n<h1><strong>El programa &#8220;<em>Actualidad Informativa<\/em>&#8221; <\/strong><strong>de <span style=\"color: #000000;\">fibwi4<\/span><\/strong><strong> dedicado al <span style=\"color: #000000;\">fin de la moratoria concursal<\/span>,<\/strong><strong> con la Magistrada Margarita Poveda y <\/strong><strong>e<\/strong><strong>l abogado socio Juan Font de invitados.<br \/>\n<\/strong><\/h1>\n<p>&nbsp;<\/p>\n<p>Salvo nueva pr\u00f3rroga, el pr\u00f3ximo 30 de junio tendr\u00e1 lugar el<span style=\"color: #3366ff;\"><strong> fin de la moratoria concursal<\/strong><\/span>, una de las m\u00faltiples medidas implementadas por el Gobierno de Espa\u00f1a para paliar los efectos econ\u00f3micos adversos de la pandemia, en virtud de la cual las empresas que estuvieran atravesando dificultades econ\u00f3micas han podido evitar que sus acreedores instaran la declaraci\u00f3n de concurso de acreedores, es decir, esquivar el llamado concurso necesario. En este contexto, el periodista <strong>Biel Ramis<\/strong> ha decidido contar con profesionales del Derecho mercantil para expresar su criterio al respecto de qu\u00e9 deparar\u00e1 esta finalizaci\u00f3n de la cobertura que brinda la moratoria concursal para empresas y profesionales, para conocer su opini\u00f3n sobre la suficiencia o no de medios materiales y personales de los Juzgados para tratar estos procedimientos concursales y la avalancha que se prev\u00e9 y de la idoneidad de la normativa espa\u00f1ola para dar respuesta a las situaciones de insolvencia y reestructuraci\u00f3n de las empresas que atraviesan dificultades. As\u00ed, <strong>Juan Font<\/strong>, abogado socio de <strong>Font Mora Sainz de Baranda &#8211;<\/strong><em>abogados y economistas<\/em><strong>&#8211;<\/strong> form\u00f3 parte, junto con <strong>Margarita Poveda<\/strong>, magistrada titular del <strong>Juzgado de lo Mercantil N\u00ba3 de Palma<\/strong>, del duo de invitados que de forma habitual en cada programa de &#8220;<em>Actualidad Informativa<\/em>&#8221; de <strong><a href=\"https:\/\/fibwi.live\/\">Fibwi4<\/a><\/strong> son invitados para tratar un tema de m\u00e1xima actualidad.<\/p>\n<p>&nbsp;<\/p>\n<p>Vaya desde aqu\u00ed nuestro agradecimiento a Biel Ramis y fibwi 4 por la invitaci\u00f3n para participar en el programa, que adem\u00e1s queremos hacer extensivo a todos los profesionales de la cadena que hacen posible sus programas.<\/p>\n<p>&nbsp;<\/p>\n<p>Recuerda que puedes sintonizar <a href=\"https:\/\/fibwi.live\/\"><strong><span style=\"color: #3366ff;\">Fibwi<\/span><\/strong><\/a> en tu receptor de televisi\u00f3n y que en la web de <a href=\"https:\/\/fibwi.live\/tv\"><strong><span style=\"color: #3366ff;\">Fibwi Live A La Carta<\/span><\/strong><\/a> podr\u00e1s tener acceso al programa completo de\u00a0<strong><a href=\"https:\/\/fibwi.live\/tv\/program\/Actualidad\">&#8220;<\/a><em>Actualidad Informativa&#8221;<\/em><\/strong> del pasado martes, as\u00ed como a otra programaci\u00f3n de la cadena.<\/p>\n<p>&nbsp;<\/p>\n<hr \/>\n<p><span style=\"color: #999999;\">#fmsb #fontmorasainzdebaranda #abogados #economistas #derecho #concursal #mercantil #empresas #procedimientos #insolvencia #reestructuraci\u00f3n #pagos #liquidez #concurso #acreedores #deudas #convenio #concursonecesario #concursovoluntario #fin #moratoriaconcursal #moratoria #cancelar #quita #impagos #pagos #cr\u00e9ditos #baleares #mallorca #menorca #ibiza #manacor #elarenal #andratx #law #lawyers #solicitors<\/span><\/p>\n","protected":false},"excerpt":{"rendered":"<p>&#8211; El programa &#8220;Actualidad Informativa&#8221; de fibwi4 dedicado al fin de la moratoria concursal, con la Magistrada Margarita Poveda y el abogado socio Juan Font de invitados. &nbsp; Salvo nueva pr\u00f3rroga, el pr\u00f3ximo 30 de junio tendr\u00e1 lugar el fin de la moratoria concursal, una de las m\u00faltiples medidas implementadas por el Gobierno de Espa\u00f1a [&hellip;]<\/p>\n","protected":false},"author":2,"featured_media":9788,"comment_status":"closed","ping_status":"open","sticky":false,"template":"","format":"standard","meta":{"footnotes":""},"categories":[2148,2149,3880,3194,2946,5122,2154,3144,3836,3461],"tags":[2156,4107,5080,2158,5123,2952,3747,5124,5125,5126,5127,2957,2426,2623,4982,2169,5128,2964,5129,2173,2174,2175,2967,2436,2178,2179,5130,2181,2182,2184,5131,2859,2186,5132,4087,2193,2448],"class_list":["post-11380","post","type-post","status-publish","format-standard","has-post-thumbnail","hentry","category-actualidad-en","category-blog-en-2","category-coronavirus-en","category-derecho-concursal-en","category-derecho-mercantil-en","category-derecho-procesal-en","category-obligaciones-en","category-opinion-en","category-turismo-en","category-union-europea-en","tag-abogados-en","tag-acreedores-en","tag-autonomos-en","tag-baleares-en","tag-cancelar-deudas-en","tag-concurso-en","tag-concurso-necesario-en","tag-concurso-voluntario-en","tag-convenio-en","tag-creditos-en","tag-creditos-ico-en","tag-derecho-concursal-en","tag-derecho-mercantil-en","tag-deudas-en","tag-economista-en","tag-el-arenal-en","tag-empresarios-en","tag-empresas-en","tag-fin-de-la-moratoria-en","tag-fmsb-en","tag-font-mora-sainz-de-baranda-en","tag-ibiza-en-2","tag-insolvencia-en","tag-jurisprudencia-en","tag-law-en-2","tag-lawyers-en-2","tag-liquidez-en","tag-mallorca-en-2","tag-manacor-en","tag-menorca-en-2","tag-moratoria-concursal-en","tag-pagos-en","tag-port-dandratx-en","tag-procedimientos-en","tag-reestructuracion-en","tag-solicitors-en","tag-tribunal-supremo-en"],"yoast_head":"<!-- This site is optimized with the Yoast SEO plugin v27.3 - https:\/\/yoast.com\/product\/yoast-seo-wordpress\/ -->\n<title>Juan Font en el especial &quot;Actualidad Informativa&quot; de fibwi4 dedicado al fin de la moratoria concursal - FMSB Abogados y Economistas en Baleares<\/title>\n<meta name=\"robots\" content=\"index, follow, max-snippet:-1, max-image-preview:large, max-video-preview:-1\" \/>\n<link rel=\"canonical\" href=\"https:\/\/fmsb.eu\/en\/2022\/06\/08\/juan-font-fin-moratoria-concursal-fibwi-actualidad-informativa\/\" \/>\n<meta property=\"og:locale\" content=\"en_US\" \/>\n<meta property=\"og:type\" content=\"article\" \/>\n<meta property=\"og:title\" content=\"Juan Font en el especial &quot;Actualidad Informativa&quot; de fibwi4 dedicado al fin de la moratoria concursal - FMSB Abogados y Economistas en Baleares\" \/>\n<meta property=\"og:description\" content=\"&#8211; El programa &#8220;Actualidad Informativa&#8221; de fibwi4 dedicado al fin de la moratoria concursal, con la Magistrada Margarita Poveda y el abogado socio Juan Font de invitados. &nbsp; Salvo nueva pr\u00f3rroga, el pr\u00f3ximo 30 de junio tendr\u00e1 lugar el fin de la moratoria concursal, una de las m\u00faltiples medidas implementadas por el Gobierno de Espa\u00f1a [&hellip;]\" \/>\n<meta property=\"og:url\" content=\"https:\/\/fmsb.eu\/en\/2022\/06\/08\/juan-font-fin-moratoria-concursal-fibwi-actualidad-informativa\/\" \/>\n<meta property=\"og:site_name\" content=\"FMSB Abogados y Economistas en Baleares\" \/>\n<meta property=\"article:published_time\" content=\"2022-06-08T18:55:59+00:00\" \/>\n<meta property=\"og:image\" content=\"https:\/\/fmsb.eu\/wp-content\/uploads\/2022\/06\/FMSB-Abogados-Fin-de-la-moratoria-concursal-Juan-Font-y-Margarita-Poveda-en-actualidad-informativa-de-fibwi4.jpg\" \/>\n\t<meta property=\"og:image:width\" content=\"1440\" \/>\n\t<meta property=\"og:image:height\" content=\"829\" \/>\n\t<meta property=\"og:image:type\" content=\"image\/jpeg\" \/>\n<meta name=\"author\" content=\"fmsb\" \/>\n<meta name=\"twitter:card\" content=\"summary_large_image\" \/>\n<meta name=\"twitter:creator\" content=\"@fmsb-disstint\" \/>\n<meta name=\"twitter:label1\" content=\"Written by\" \/>\n\t<meta name=\"twitter:data1\" content=\"fmsb\" \/>\n\t<meta name=\"twitter:label2\" content=\"Est. reading time\" \/>\n\t<meta name=\"twitter:data2\" content=\"6 minutes\" \/>\n<script type=\"application\/ld+json\" class=\"yoast-schema-graph\">{\"@context\":\"https:\\\/\\\/schema.org\",\"@graph\":[{\"@type\":\"Article\",\"@id\":\"https:\\\/\\\/fmsb.eu\\\/en\\\/2022\\\/06\\\/08\\\/juan-font-fin-moratoria-concursal-fibwi-actualidad-informativa\\\/#article\",\"isPartOf\":{\"@id\":\"https:\\\/\\\/fmsb.eu\\\/en\\\/2022\\\/06\\\/08\\\/juan-font-fin-moratoria-concursal-fibwi-actualidad-informativa\\\/\"},\"author\":{\"name\":\"fmsb\",\"@id\":\"https:\\\/\\\/fmsb.eu\\\/en\\\/#\\\/schema\\\/person\\\/9fba7c70814b0cd34d35d655d36a4ca2\"},\"headline\":\"Juan Font en el especial &#8220;Actualidad Informativa&#8221; de fibwi4 dedicado al fin de la moratoria concursal\",\"datePublished\":\"2022-06-08T18:55:59+00:00\",\"mainEntityOfPage\":{\"@id\":\"https:\\\/\\\/fmsb.eu\\\/en\\\/2022\\\/06\\\/08\\\/juan-font-fin-moratoria-concursal-fibwi-actualidad-informativa\\\/\"},\"wordCount\":399,\"publisher\":{\"@id\":\"https:\\\/\\\/fmsb.eu\\\/en\\\/#organization\"},\"image\":{\"@id\":\"https:\\\/\\\/fmsb.eu\\\/en\\\/2022\\\/06\\\/08\\\/juan-font-fin-moratoria-concursal-fibwi-actualidad-informativa\\\/#primaryimage\"},\"thumbnailUrl\":\"https:\\\/\\\/fmsb.eu\\\/wp-content\\\/uploads\\\/2022\\\/06\\\/FMSB-Abogados-Fin-de-la-moratoria-concursal-Juan-Font-y-Margarita-Poveda-en-actualidad-informativa-de-fibwi4.jpg\",\"keywords\":[\"abogados\",\"acreedores\",\"aut\u00f3nomos\",\"baleares\",\"cancelar deudas\",\"concurso\",\"concurso necesario\",\"concurso voluntario\",\"convenio\",\"cr\u00e9ditos\",\"cr\u00e9ditos ICO\",\"Derecho Concursal\",\"Derecho Mercantil\",\"deudas\",\"economista\",\"el arenal\",\"empresarios\",\"empresas\",\"fin de la moratoria\",\"fmsb\",\"font mora sainz de baranda\",\"ibiza\",\"insolvencia\",\"jurisprudencia\",\"law\",\"lawyers\",\"liquidez\",\"mallorca\",\"Manacor\",\"menorca\",\"moratoria concursal\",\"pagos\",\"port d&#8217;andratx\",\"procedimientos\",\"reestructuraci\u00f3n\",\"solicitors\",\"Tribunal Supremo\"],\"articleSection\":[\"actualidad\",\"blog\",\"Coronavirus\",\"Derecho Concursal\",\"Derecho Mercantil\",\"Derecho Procesal\",\"obligaciones\",\"Opini\u00f3n\",\"Turismo\",\"Uni\u00f3n Europea\"],\"inLanguage\":\"en-US\"},{\"@type\":\"WebPage\",\"@id\":\"https:\\\/\\\/fmsb.eu\\\/en\\\/2022\\\/06\\\/08\\\/juan-font-fin-moratoria-concursal-fibwi-actualidad-informativa\\\/\",\"url\":\"https:\\\/\\\/fmsb.eu\\\/en\\\/2022\\\/06\\\/08\\\/juan-font-fin-moratoria-concursal-fibwi-actualidad-informativa\\\/\",\"name\":\"Juan Font en el especial \\\"Actualidad Informativa\\\" de fibwi4 dedicado al fin de la moratoria concursal - FMSB Abogados y Economistas en Baleares\",\"isPartOf\":{\"@id\":\"https:\\\/\\\/fmsb.eu\\\/en\\\/#website\"},\"primaryImageOfPage\":{\"@id\":\"https:\\\/\\\/fmsb.eu\\\/en\\\/2022\\\/06\\\/08\\\/juan-font-fin-moratoria-concursal-fibwi-actualidad-informativa\\\/#primaryimage\"},\"image\":{\"@id\":\"https:\\\/\\\/fmsb.eu\\\/en\\\/2022\\\/06\\\/08\\\/juan-font-fin-moratoria-concursal-fibwi-actualidad-informativa\\\/#primaryimage\"},\"thumbnailUrl\":\"https:\\\/\\\/fmsb.eu\\\/wp-content\\\/uploads\\\/2022\\\/06\\\/FMSB-Abogados-Fin-de-la-moratoria-concursal-Juan-Font-y-Margarita-Poveda-en-actualidad-informativa-de-fibwi4.jpg\",\"datePublished\":\"2022-06-08T18:55:59+00:00\",\"breadcrumb\":{\"@id\":\"https:\\\/\\\/fmsb.eu\\\/en\\\/2022\\\/06\\\/08\\\/juan-font-fin-moratoria-concursal-fibwi-actualidad-informativa\\\/#breadcrumb\"},\"inLanguage\":\"en-US\",\"potentialAction\":[{\"@type\":\"ReadAction\",\"target\":[\"https:\\\/\\\/fmsb.eu\\\/en\\\/2022\\\/06\\\/08\\\/juan-font-fin-moratoria-concursal-fibwi-actualidad-informativa\\\/\"]}]},{\"@type\":\"ImageObject\",\"inLanguage\":\"en-US\",\"@id\":\"https:\\\/\\\/fmsb.eu\\\/en\\\/2022\\\/06\\\/08\\\/juan-font-fin-moratoria-concursal-fibwi-actualidad-informativa\\\/#primaryimage\",\"url\":\"https:\\\/\\\/fmsb.eu\\\/wp-content\\\/uploads\\\/2022\\\/06\\\/FMSB-Abogados-Fin-de-la-moratoria-concursal-Juan-Font-y-Margarita-Poveda-en-actualidad-informativa-de-fibwi4.jpg\",\"contentUrl\":\"https:\\\/\\\/fmsb.eu\\\/wp-content\\\/uploads\\\/2022\\\/06\\\/FMSB-Abogados-Fin-de-la-moratoria-concursal-Juan-Font-y-Margarita-Poveda-en-actualidad-informativa-de-fibwi4.jpg\",\"width\":1440,\"height\":829},{\"@type\":\"BreadcrumbList\",\"@id\":\"https:\\\/\\\/fmsb.eu\\\/en\\\/2022\\\/06\\\/08\\\/juan-font-fin-moratoria-concursal-fibwi-actualidad-informativa\\\/#breadcrumb\",\"itemListElement\":[{\"@type\":\"ListItem\",\"position\":1,\"name\":\"Portada\",\"item\":\"https:\\\/\\\/fmsb.eu\\\/en\\\/\"},{\"@type\":\"ListItem\",\"position\":2,\"name\":\"Juan Font en el especial &#8220;Actualidad Informativa&#8221; de fibwi4 dedicado al fin de la moratoria concursal\"}]},{\"@type\":\"WebSite\",\"@id\":\"https:\\\/\\\/fmsb.eu\\\/en\\\/#website\",\"url\":\"https:\\\/\\\/fmsb.eu\\\/en\\\/\",\"name\":\"FMSB Abogados y Economistas en Baleares\",\"description\":\"\",\"publisher\":{\"@id\":\"https:\\\/\\\/fmsb.eu\\\/en\\\/#organization\"},\"potentialAction\":[{\"@type\":\"SearchAction\",\"target\":{\"@type\":\"EntryPoint\",\"urlTemplate\":\"https:\\\/\\\/fmsb.eu\\\/en\\\/?s={search_term_string}\"},\"query-input\":{\"@type\":\"PropertyValueSpecification\",\"valueRequired\":true,\"valueName\":\"search_term_string\"}}],\"inLanguage\":\"en-US\"},{\"@type\":\"Organization\",\"@id\":\"https:\\\/\\\/fmsb.eu\\\/en\\\/#organization\",\"name\":\"FMSB Abogados y Economistas en Baleares\",\"url\":\"https:\\\/\\\/fmsb.eu\\\/en\\\/\",\"logo\":{\"@type\":\"ImageObject\",\"inLanguage\":\"en-US\",\"@id\":\"https:\\\/\\\/fmsb.eu\\\/en\\\/#\\\/schema\\\/logo\\\/image\\\/\",\"url\":\"https:\\\/\\\/fmsb.eu\\\/wp-content\\\/uploads\\\/2025\\\/02\\\/logo.svg\",\"contentUrl\":\"https:\\\/\\\/fmsb.eu\\\/wp-content\\\/uploads\\\/2025\\\/02\\\/logo.svg\",\"width\":154,\"height\":52,\"caption\":\"FMSB Abogados y Economistas en Baleares\"},\"image\":{\"@id\":\"https:\\\/\\\/fmsb.eu\\\/en\\\/#\\\/schema\\\/logo\\\/image\\\/\"}},{\"@type\":\"Person\",\"@id\":\"https:\\\/\\\/fmsb.eu\\\/en\\\/#\\\/schema\\\/person\\\/9fba7c70814b0cd34d35d655d36a4ca2\",\"name\":\"fmsb\",\"image\":{\"@type\":\"ImageObject\",\"inLanguage\":\"en-US\",\"@id\":\"https:\\\/\\\/secure.gravatar.com\\\/avatar\\\/426f4d5b0ebcace85460caf87cdaaa193694b611e990615d87a13f322fb7ee7f?s=96&d=mm&r=g\",\"url\":\"https:\\\/\\\/secure.gravatar.com\\\/avatar\\\/426f4d5b0ebcace85460caf87cdaaa193694b611e990615d87a13f322fb7ee7f?s=96&d=mm&r=g\",\"contentUrl\":\"https:\\\/\\\/secure.gravatar.com\\\/avatar\\\/426f4d5b0ebcace85460caf87cdaaa193694b611e990615d87a13f322fb7ee7f?s=96&d=mm&r=g\",\"caption\":\"fmsb\"},\"sameAs\":[\"https:\\\/\\\/x.com\\\/fmsb-disstint\"],\"url\":\"https:\\\/\\\/fmsb.eu\\\/en\\\/author\\\/fmsb\\\/\"}]}<\/script>\n<!-- \/ Yoast SEO plugin. -->","yoast_head_json":{"title":"Juan Font en el especial \"Actualidad Informativa\" de fibwi4 dedicado al fin de la moratoria concursal - FMSB Abogados y Economistas en Baleares","robots":{"index":"index","follow":"follow","max-snippet":"max-snippet:-1","max-image-preview":"max-image-preview:large","max-video-preview":"max-video-preview:-1"},"canonical":"https:\/\/fmsb.eu\/en\/2022\/06\/08\/juan-font-fin-moratoria-concursal-fibwi-actualidad-informativa\/","og_locale":"en_US","og_type":"article","og_title":"Juan Font en el especial \"Actualidad Informativa\" de fibwi4 dedicado al fin de la moratoria concursal - FMSB Abogados y Economistas en Baleares","og_description":"&#8211; El programa &#8220;Actualidad Informativa&#8221; de fibwi4 dedicado al fin de la moratoria concursal, con la Magistrada Margarita Poveda y el abogado socio Juan Font de invitados. &nbsp; Salvo nueva pr\u00f3rroga, el pr\u00f3ximo 30 de junio tendr\u00e1 lugar el fin de la moratoria concursal, una de las m\u00faltiples medidas implementadas por el Gobierno de Espa\u00f1a [&hellip;]","og_url":"https:\/\/fmsb.eu\/en\/2022\/06\/08\/juan-font-fin-moratoria-concursal-fibwi-actualidad-informativa\/","og_site_name":"FMSB Abogados y Economistas en Baleares","article_published_time":"2022-06-08T18:55:59+00:00","og_image":[{"width":1440,"height":829,"url":"https:\/\/fmsb.eu\/wp-content\/uploads\/2022\/06\/FMSB-Abogados-Fin-de-la-moratoria-concursal-Juan-Font-y-Margarita-Poveda-en-actualidad-informativa-de-fibwi4.jpg","type":"image\/jpeg"}],"author":"fmsb","twitter_card":"summary_large_image","twitter_creator":"@fmsb-disstint","twitter_misc":{"Written by":"fmsb","Est. reading time":"6 minutes"},"schema":{"@context":"https:\/\/schema.org","@graph":[{"@type":"Article","@id":"https:\/\/fmsb.eu\/en\/2022\/06\/08\/juan-font-fin-moratoria-concursal-fibwi-actualidad-informativa\/#article","isPartOf":{"@id":"https:\/\/fmsb.eu\/en\/2022\/06\/08\/juan-font-fin-moratoria-concursal-fibwi-actualidad-informativa\/"},"author":{"name":"fmsb","@id":"https:\/\/fmsb.eu\/en\/#\/schema\/person\/9fba7c70814b0cd34d35d655d36a4ca2"},"headline":"Juan Font en el especial &#8220;Actualidad Informativa&#8221; de fibwi4 dedicado al fin de la moratoria concursal","datePublished":"2022-06-08T18:55:59+00:00","mainEntityOfPage":{"@id":"https:\/\/fmsb.eu\/en\/2022\/06\/08\/juan-font-fin-moratoria-concursal-fibwi-actualidad-informativa\/"},"wordCount":399,"publisher":{"@id":"https:\/\/fmsb.eu\/en\/#organization"},"image":{"@id":"https:\/\/fmsb.eu\/en\/2022\/06\/08\/juan-font-fin-moratoria-concursal-fibwi-actualidad-informativa\/#primaryimage"},"thumbnailUrl":"https:\/\/fmsb.eu\/wp-content\/uploads\/2022\/06\/FMSB-Abogados-Fin-de-la-moratoria-concursal-Juan-Font-y-Margarita-Poveda-en-actualidad-informativa-de-fibwi4.jpg","keywords":["abogados","acreedores","aut\u00f3nomos","baleares","cancelar deudas","concurso","concurso necesario","concurso voluntario","convenio","cr\u00e9ditos","cr\u00e9ditos ICO","Derecho Concursal","Derecho Mercantil","deudas","economista","el arenal","empresarios","empresas","fin de la moratoria","fmsb","font mora sainz de baranda","ibiza","insolvencia","jurisprudencia","law","lawyers","liquidez","mallorca","Manacor","menorca","moratoria concursal","pagos","port d&#8217;andratx","procedimientos","reestructuraci\u00f3n","solicitors","Tribunal Supremo"],"articleSection":["actualidad","blog","Coronavirus","Derecho Concursal","Derecho Mercantil","Derecho Procesal","obligaciones","Opini\u00f3n","Turismo","Uni\u00f3n Europea"],"inLanguage":"en-US"},{"@type":"WebPage","@id":"https:\/\/fmsb.eu\/en\/2022\/06\/08\/juan-font-fin-moratoria-concursal-fibwi-actualidad-informativa\/","url":"https:\/\/fmsb.eu\/en\/2022\/06\/08\/juan-font-fin-moratoria-concursal-fibwi-actualidad-informativa\/","name":"Juan Font en el especial \"Actualidad Informativa\" de fibwi4 dedicado al fin de la moratoria concursal - FMSB Abogados y Economistas en Baleares","isPartOf":{"@id":"https:\/\/fmsb.eu\/en\/#website"},"primaryImageOfPage":{"@id":"https:\/\/fmsb.eu\/en\/2022\/06\/08\/juan-font-fin-moratoria-concursal-fibwi-actualidad-informativa\/#primaryimage"},"image":{"@id":"https:\/\/fmsb.eu\/en\/2022\/06\/08\/juan-font-fin-moratoria-concursal-fibwi-actualidad-informativa\/#primaryimage"},"thumbnailUrl":"https:\/\/fmsb.eu\/wp-content\/uploads\/2022\/06\/FMSB-Abogados-Fin-de-la-moratoria-concursal-Juan-Font-y-Margarita-Poveda-en-actualidad-informativa-de-fibwi4.jpg","datePublished":"2022-06-08T18:55:59+00:00","breadcrumb":{"@id":"https:\/\/fmsb.eu\/en\/2022\/06\/08\/juan-font-fin-moratoria-concursal-fibwi-actualidad-informativa\/#breadcrumb"},"inLanguage":"en-US","potentialAction":[{"@type":"ReadAction","target":["https:\/\/fmsb.eu\/en\/2022\/06\/08\/juan-font-fin-moratoria-concursal-fibwi-actualidad-informativa\/"]}]},{"@type":"ImageObject","inLanguage":"en-US","@id":"https:\/\/fmsb.eu\/en\/2022\/06\/08\/juan-font-fin-moratoria-concursal-fibwi-actualidad-informativa\/#primaryimage","url":"https:\/\/fmsb.eu\/wp-content\/uploads\/2022\/06\/FMSB-Abogados-Fin-de-la-moratoria-concursal-Juan-Font-y-Margarita-Poveda-en-actualidad-informativa-de-fibwi4.jpg","contentUrl":"https:\/\/fmsb.eu\/wp-content\/uploads\/2022\/06\/FMSB-Abogados-Fin-de-la-moratoria-concursal-Juan-Font-y-Margarita-Poveda-en-actualidad-informativa-de-fibwi4.jpg","width":1440,"height":829},{"@type":"BreadcrumbList","@id":"https:\/\/fmsb.eu\/en\/2022\/06\/08\/juan-font-fin-moratoria-concursal-fibwi-actualidad-informativa\/#breadcrumb","itemListElement":[{"@type":"ListItem","position":1,"name":"Portada","item":"https:\/\/fmsb.eu\/en\/"},{"@type":"ListItem","position":2,"name":"Juan Font en el especial &#8220;Actualidad Informativa&#8221; de fibwi4 dedicado al fin de la moratoria concursal"}]},{"@type":"WebSite","@id":"https:\/\/fmsb.eu\/en\/#website","url":"https:\/\/fmsb.eu\/en\/","name":"FMSB Abogados y Economistas en Baleares","description":"","publisher":{"@id":"https:\/\/fmsb.eu\/en\/#organization"},"potentialAction":[{"@type":"SearchAction","target":{"@type":"EntryPoint","urlTemplate":"https:\/\/fmsb.eu\/en\/?s={search_term_string}"},"query-input":{"@type":"PropertyValueSpecification","valueRequired":true,"valueName":"search_term_string"}}],"inLanguage":"en-US"},{"@type":"Organization","@id":"https:\/\/fmsb.eu\/en\/#organization","name":"FMSB Abogados y Economistas en Baleares","url":"https:\/\/fmsb.eu\/en\/","logo":{"@type":"ImageObject","inLanguage":"en-US","@id":"https:\/\/fmsb.eu\/en\/#\/schema\/logo\/image\/","url":"https:\/\/fmsb.eu\/wp-content\/uploads\/2025\/02\/logo.svg","contentUrl":"https:\/\/fmsb.eu\/wp-content\/uploads\/2025\/02\/logo.svg","width":154,"height":52,"caption":"FMSB Abogados y Economistas en Baleares"},"image":{"@id":"https:\/\/fmsb.eu\/en\/#\/schema\/logo\/image\/"}},{"@type":"Person","@id":"https:\/\/fmsb.eu\/en\/#\/schema\/person\/9fba7c70814b0cd34d35d655d36a4ca2","name":"fmsb","image":{"@type":"ImageObject","inLanguage":"en-US","@id":"https:\/\/secure.gravatar.com\/avatar\/426f4d5b0ebcace85460caf87cdaaa193694b611e990615d87a13f322fb7ee7f?s=96&d=mm&r=g","url":"https:\/\/secure.gravatar.com\/avatar\/426f4d5b0ebcace85460caf87cdaaa193694b611e990615d87a13f322fb7ee7f?s=96&d=mm&r=g","contentUrl":"https:\/\/secure.gravatar.com\/avatar\/426f4d5b0ebcace85460caf87cdaaa193694b611e990615d87a13f322fb7ee7f?s=96&d=mm&r=g","caption":"fmsb"},"sameAs":["https:\/\/x.com\/fmsb-disstint"],"url":"https:\/\/fmsb.eu\/en\/author\/fmsb\/"}]}},"_links":{"self":[{"href":"https:\/\/fmsb.eu\/en\/wp-json\/wp\/v2\/posts\/11380","targetHints":{"allow":["GET"]}}],"collection":[{"href":"https:\/\/fmsb.eu\/en\/wp-json\/wp\/v2\/posts"}],"about":[{"href":"https:\/\/fmsb.eu\/en\/wp-json\/wp\/v2\/types\/post"}],"author":[{"embeddable":true,"href":"https:\/\/fmsb.eu\/en\/wp-json\/wp\/v2\/users\/2"}],"replies":[{"embeddable":true,"href":"https:\/\/fmsb.eu\/en\/wp-json\/wp\/v2\/comments?post=11380"}],"version-history":[{"count":0,"href":"https:\/\/fmsb.eu\/en\/wp-json\/wp\/v2\/posts\/11380\/revisions"}],"wp:featuredmedia":[{"embeddable":true,"href":"https:\/\/fmsb.eu\/en\/wp-json\/wp\/v2\/media\/9788"}],"wp:attachment":[{"href":"https:\/\/fmsb.eu\/en\/wp-json\/wp\/v2\/media?parent=11380"}],"wp:term":[{"taxonomy":"category","embeddable":true,"href":"https:\/\/fmsb.eu\/en\/wp-json\/wp\/v2\/categories?post=11380"},{"taxonomy":"post_tag","embeddable":true,"href":"https:\/\/fmsb.eu\/en\/wp-json\/wp\/v2\/tags?post=11380"}],"curies":[{"name":"wp","href":"https:\/\/api.w.org\/{rel}","templated":true}]}}