{"id":11392,"date":"2022-05-16T14:57:42","date_gmt":"2022-05-16T12:57:42","guid":{"rendered":"http:\/\/fmsb.disstintbeta.com\/2022\/05\/16\/ii-congreso-derecho-concursal-marbella-jorge-sainz-de-baranda\/"},"modified":"2022-05-16T14:57:42","modified_gmt":"2022-05-16T12:57:42","slug":"ii-congreso-derecho-concursal-marbella-jorge-sainz-de-baranda","status":"publish","type":"post","link":"https:\/\/fmsb.eu\/en\/2022\/05\/16\/ii-congreso-derecho-concursal-marbella-jorge-sainz-de-baranda\/","title":{"rendered":"El abogado y socio Jorge Sainz de Baranda participa en el II Congreso de Derecho Concursal Ciudad de Marbella"},"content":{"rendered":"<figure id=\"attachment_6000\" aria-describedby=\"caption-attachment-6000\" style=\"width: 800px\" class=\"wp-caption alignnone\"><a href=\"http:\/\/fmsb.disstintbeta.com\/wp-content\/uploads\/2022\/05\/FMSB-Abogados-Jorge-Sainz-de-Baranda-Moderador-Mesa-Redonda-Estatuto-Administrador-Concursal-Marbella.jpg\"><img fetchpriority=\"high\" decoding=\"async\" class=\"wp-image-6000\" src=\"http:\/\/fmsb.disstintbeta.com\/wp-content\/uploads\/2022\/05\/FMSB-Abogados-Jorge-Sainz-de-Baranda-Moderador-Mesa-Redonda-Estatuto-Administrador-Concursal-Marbella.jpg\" alt=\"\" width=\"800\" height=\"1067\" srcset=\"https:\/\/font-mora-sainz-baranda.fra1.digitaloceanspaces.com\/wp-content\/uploads\/2022\/05\/FMSB-Abogados-Jorge-Sainz-de-Baranda-Moderador-Mesa-Redonda-Estatuto-Administrador-Concursal-Marbella.jpg 1200w, https:\/\/font-mora-sainz-baranda.fra1.digitaloceanspaces.com\/wp-content\/uploads\/2022\/05\/FMSB-Abogados-Jorge-Sainz-de-Baranda-Moderador-Mesa-Redonda-Estatuto-Administrador-Concursal-Marbella-225x300.jpg 225w, https:\/\/font-mora-sainz-baranda.fra1.digitaloceanspaces.com\/wp-content\/uploads\/2022\/05\/FMSB-Abogados-Jorge-Sainz-de-Baranda-Moderador-Mesa-Redonda-Estatuto-Administrador-Concursal-Marbella-768x1024.jpg 768w, https:\/\/font-mora-sainz-baranda.fra1.digitaloceanspaces.com\/wp-content\/uploads\/2022\/05\/FMSB-Abogados-Jorge-Sainz-de-Baranda-Moderador-Mesa-Redonda-Estatuto-Administrador-Concursal-Marbella-1152x1536.jpg 1152w\" sizes=\"(max-width: 800px) 100vw, 800px\" \/><\/a><figcaption id=\"caption-attachment-6000\" class=\"wp-caption-text\">De izquierda a derecha: Nuria Fachal, Magistrada Juzg. de lo Mercantil N\u00ba 1 A Coru\u00f1a; Carlos Nieto, Magistrado Juzg. de lo Mercantil N\u00ba 16 Madrid; Pedro M\u00e1rquez, Magistrado Juzg. de lo Mercantil N\u00ba 2 Sevilla; Jorge Sainz de Baranda, abogado socio de FMSB<\/figcaption><\/figure>\n<p>&nbsp;<\/p>\n<p>&nbsp;<\/p>\n<h1><em>El abogado y socio de FMSB <\/em>-abogados y economistas-<em> Jorge Sainz de Baranda, moderador de la mesa dedicada al Estatuto de la Administraci\u00f3n Concursal del II Congreso de Derecho Concursal Ciudad de Marbella<\/em><\/h1>\n<p>&nbsp;<\/p>\n<p>La pasada semana tuvo lugar el <strong>II Congreso de Derecho Concursal Ciudad de Marbella<\/strong>, que reuni\u00f3 en las instalaciones del <em>Hotel Guadalmina Spa &amp; Resort<\/em> de la ciudad malague\u00f1a alrededor de treinta ponentes magistrados de Juzgados de lo Mercantil, de Audiencias provinciales y del Tribunal Supremo, para analizar numerosos aspectos de la nueva ley concursal. Durante la segunda jornada del evento, el socio y abogado de <a href=\"http:\/\/www.fmsb.eu\"><strong>FMSB <\/strong><em>-abogados y economistas-<\/em><\/a> <strong>Jorge Sainz de Baranda<\/strong> tuvo el gusto de moderar una mesa redonda en la que los ponentes D\u00aa. <strong>Nuria Fachal<\/strong>, Magistrada del Juzgado de lo Mercantil N\u00ba 1 de A Coru\u00f1a, D. <strong>Carlos Nieto<\/strong>, Magistrado del Juzgado de lo Mercantil N\u00ba 16 de Madrid y D. <strong>Pedro M\u00e1rquez<\/strong>, Magistrado del Juzgado de lo Mercantil N\u00ba 2 de Sevilla, disertaron acerca de los temas programados: <em>Estatuto de la Administraci\u00f3n Concursal. Honorarios de la Administraci\u00f3n Concursal. Cr\u00e9ditos imprescindibles. La figura del experto en reestructuraciones: funciones y formaci\u00f3n. Proyecto de Reforma del Texto Refundido de la Ley Concursal,<\/em><\/p>\n<div class=\"\" data-block=\"true\" data-editor=\"ejnl8\" data-offset-key=\"87ak4-0-0\">\n<p>Puedes descargar el programa del <a href=\"https:\/\/bit.ly\/3LGzSWu\"><strong>II Congreso de Derecho Concursal Ciudad de Marbella<\/strong><\/a> <strong><span style=\"color: #800000;\"><a style=\"color: #800000;\" href=\"https:\/\/bit.ly\/3LGzSWu\">aqu\u00ed<\/a><\/span><\/strong> y podr\u00e1s encontrar informaci\u00f3n sobre futuros congresos y eventos en relaci\u00f3n con el Derecho Concursal y los procesos de reestructuraci\u00f3n e insolvencia en la web del patrocinador del Congreso de Derecho Concursal Ciudad de Marbella <a href=\"http:\/\/www.anepri.com\"><strong>ANEPRI<\/strong> <em>-asociaci\u00f3n nacional de empresas y profesionales de la reestructuraci\u00f3n y la insolvencia-<\/em><\/a>, <a href=\"http:\/\/anepri.com\"><strong><span style=\"color: #800000;\">aqu\u00ed<\/span><\/strong><\/a>.<\/p>\n<\/div>\n<div data-contents=\"true\">\n<div class=\"\" data-block=\"true\" data-editor=\"ejnl8\" data-offset-key=\"bta75-0-0\">\n<div class=\"_1mf _1mj\" data-offset-key=\"bta75-0-0\"><\/div>\n<\/div>\n<\/div>\n<hr \/>\n<p>#FMSB #Abogados #Economistas #Derecho #Mercantil #Concursal #Congreso #Marbella #M\u00e1laga #DerechoConcursal #Administraci\u00f3nConcursal #Concurso #Acreedores #Deudas #Cr\u00e9dito #Compensaci\u00f3n #Insolvencia #Reestructuraci\u00f3n #baleares #palma #elarenal #puertoandratx #manacor #lawyers #solicitors #pandemia #coronavirus #covid19 #crisis #concursodeacreedores<\/p>\n","protected":false},"excerpt":{"rendered":"<p>&nbsp; &nbsp; El abogado y socio de FMSB -abogados y economistas- Jorge Sainz de Baranda, moderador de la mesa dedicada al Estatuto de la Administraci\u00f3n Concursal del II Congreso de Derecho Concursal Ciudad de Marbella &nbsp; La pasada semana tuvo lugar el II Congreso de Derecho Concursal Ciudad de Marbella, que reuni\u00f3 en las instalaciones [&hellip;]<\/p>\n","protected":false},"author":2,"featured_media":9758,"comment_status":"closed","ping_status":"open","sticky":false,"template":"","format":"standard","meta":{"footnotes":""},"categories":[2149,3194,2946,2152],"tags":[2156,2158,2950,2951,2850,2952,2953,3584,3470,3585,2954,2955,2956,2166,2957,2426,2623,2168,2169,2964,3586,2173,2174,2965,3587,2967,2968,2969,2970,2178,2179,2971,2182,2972,2973,2286,2975,2976,2977,2190,2193,2981],"class_list":["post-11392","post","type-post","status-publish","format-standard","has-post-thumbnail","hentry","category-blog-en-2","category-derecho-concursal-en","category-derecho-mercantil-en","category-home-en-2","tag-abogados-en","tag-baleares-en","tag-compensacion-en","tag-compensacion-de-creditos-en","tag-concursal-en","tag-concurso-en","tag-concurso-de-acreedores-en","tag-coronavirus-en","tag-covid-19-en","tag-covid19-en","tag-credito-en","tag-creditos-imprescindibles-en","tag-crisis-en","tag-derecho-en","tag-derecho-concursal-en","tag-derecho-mercantil-en","tag-deudas-en","tag-economistas-en","tag-el-arenal-en","tag-empresas-en","tag-estatuto-de-la-administracion-concursal-en","tag-fmsb-en","tag-font-mora-sainz-de-baranda-en","tag-honorarios-de-la-adminsitracion-concursal-en","tag-ii-congreso-de-derecho-concursal-ciudad-de-marbella-en","tag-insolvencia-en","tag-joan-miquel-font-en","tag-juan-font-en","tag-juan-miguel-font-en","tag-law-en-2","tag-lawyers-en-2","tag-malaga-en","tag-manacor-en","tag-marbella-en","tag-mercantil-en","tag-palma-en","tag-pandemia-en","tag-pre-pack-concursal-en","tag-prepack-en","tag-puerto-de-andratx-en","tag-solicitors-en","tag-unidad-productoriva-en"],"yoast_head":"<!-- This site is optimized with the Yoast SEO plugin v27.3 - https:\/\/yoast.com\/product\/yoast-seo-wordpress\/ -->\n<title>El abogado y socio Jorge Sainz de Baranda participa en el II Congreso de Derecho Concursal Ciudad de Marbella - FMSB Abogados y Economistas en Baleares<\/title>\n<meta name=\"robots\" content=\"index, follow, max-snippet:-1, max-image-preview:large, max-video-preview:-1\" \/>\n<link rel=\"canonical\" href=\"https:\/\/fmsb.eu\/en\/2022\/05\/16\/ii-congreso-derecho-concursal-marbella-jorge-sainz-de-baranda\/\" \/>\n<meta property=\"og:locale\" content=\"en_US\" \/>\n<meta property=\"og:type\" content=\"article\" \/>\n<meta property=\"og:title\" content=\"El abogado y socio Jorge Sainz de Baranda participa en el II Congreso de Derecho Concursal Ciudad de Marbella - FMSB Abogados y Economistas en Baleares\" \/>\n<meta property=\"og:description\" content=\"&nbsp; &nbsp; El abogado y socio de FMSB -abogados y economistas- Jorge Sainz de Baranda, moderador de la mesa dedicada al Estatuto de la Administraci\u00f3n Concursal del II Congreso de Derecho Concursal Ciudad de Marbella &nbsp; La pasada semana tuvo lugar el II Congreso de Derecho Concursal Ciudad de Marbella, que reuni\u00f3 en las instalaciones [&hellip;]\" \/>\n<meta property=\"og:url\" content=\"https:\/\/fmsb.eu\/en\/2022\/05\/16\/ii-congreso-derecho-concursal-marbella-jorge-sainz-de-baranda\/\" \/>\n<meta property=\"og:site_name\" content=\"FMSB Abogados y Economistas en Baleares\" \/>\n<meta property=\"article:published_time\" content=\"2022-05-16T12:57:42+00:00\" \/>\n<meta property=\"og:image\" content=\"https:\/\/fmsb.eu\/wp-content\/uploads\/2022\/05\/FMSB-Abogados-Jorge-Sainz-de-Baranda-Moderador-Mesa-Redonda-Estatuto-Administrador-Concursal-Marbella.jpg\" \/>\n\t<meta property=\"og:image:width\" content=\"1200\" \/>\n\t<meta property=\"og:image:height\" content=\"1600\" \/>\n\t<meta property=\"og:image:type\" content=\"image\/jpeg\" \/>\n<meta name=\"author\" content=\"fmsb\" \/>\n<meta name=\"twitter:card\" content=\"summary_large_image\" \/>\n<meta name=\"twitter:creator\" content=\"@fmsb-disstint\" \/>\n<meta name=\"twitter:label1\" content=\"Written by\" \/>\n\t<meta name=\"twitter:data1\" content=\"fmsb\" \/>\n\t<meta name=\"twitter:label2\" content=\"Est. reading time\" \/>\n\t<meta name=\"twitter:data2\" content=\"2 minutes\" \/>\n<script type=\"application\/ld+json\" class=\"yoast-schema-graph\">{\"@context\":\"https:\\\/\\\/schema.org\",\"@graph\":[{\"@type\":\"Article\",\"@id\":\"https:\\\/\\\/fmsb.eu\\\/en\\\/2022\\\/05\\\/16\\\/ii-congreso-derecho-concursal-marbella-jorge-sainz-de-baranda\\\/#article\",\"isPartOf\":{\"@id\":\"https:\\\/\\\/fmsb.eu\\\/en\\\/2022\\\/05\\\/16\\\/ii-congreso-derecho-concursal-marbella-jorge-sainz-de-baranda\\\/\"},\"author\":{\"name\":\"fmsb\",\"@id\":\"https:\\\/\\\/fmsb.eu\\\/en\\\/#\\\/schema\\\/person\\\/9fba7c70814b0cd34d35d655d36a4ca2\"},\"headline\":\"El abogado y socio Jorge Sainz de Baranda participa en el II Congreso de Derecho Concursal Ciudad de Marbella\",\"datePublished\":\"2022-05-16T12:57:42+00:00\",\"mainEntityOfPage\":{\"@id\":\"https:\\\/\\\/fmsb.eu\\\/en\\\/2022\\\/05\\\/16\\\/ii-congreso-derecho-concursal-marbella-jorge-sainz-de-baranda\\\/\"},\"wordCount\":378,\"publisher\":{\"@id\":\"https:\\\/\\\/fmsb.eu\\\/en\\\/#organization\"},\"image\":{\"@id\":\"https:\\\/\\\/fmsb.eu\\\/en\\\/2022\\\/05\\\/16\\\/ii-congreso-derecho-concursal-marbella-jorge-sainz-de-baranda\\\/#primaryimage\"},\"thumbnailUrl\":\"https:\\\/\\\/fmsb.eu\\\/wp-content\\\/uploads\\\/2022\\\/05\\\/FMSB-Abogados-Jorge-Sainz-de-Baranda-Moderador-Mesa-Redonda-Estatuto-Administrador-Concursal-Marbella.jpg\",\"keywords\":[\"abogados\",\"baleares\",\"compensaci\u00f3n\",\"compensaci\u00f3n de cr\u00e9ditos\",\"concursal\",\"concurso\",\"concurso de acreedores\",\"coronavirus\",\"covid 19\",\"covid19\",\"credito\",\"cr\u00e9ditos imprescindibles\",\"crisis\",\"derecho\",\"Derecho Concursal\",\"Derecho Mercantil\",\"deudas\",\"economistas\",\"el arenal\",\"empresas\",\"estatuto de la administraci\u00f3n concursal\",\"fmsb\",\"font mora sainz de baranda\",\"honorarios de la adminsitraci\u00f3n concursal\",\"II Congreso de Derecho Concursal Ciudad de Marbella\",\"insolvencia\",\"joan miquel font\",\"juan font\",\"juan miguel font\",\"law\",\"lawyers\",\"m\u00e1laga\",\"Manacor\",\"marbella\",\"mercantil\",\"Palma\",\"pandemia\",\"pre-pack concursal\",\"prepack\",\"puerto de andratx\",\"solicitors\",\"unidad productoriva\"],\"articleSection\":[\"blog\",\"Derecho Concursal\",\"Derecho Mercantil\",\"Home\"],\"inLanguage\":\"en-US\"},{\"@type\":\"WebPage\",\"@id\":\"https:\\\/\\\/fmsb.eu\\\/en\\\/2022\\\/05\\\/16\\\/ii-congreso-derecho-concursal-marbella-jorge-sainz-de-baranda\\\/\",\"url\":\"https:\\\/\\\/fmsb.eu\\\/en\\\/2022\\\/05\\\/16\\\/ii-congreso-derecho-concursal-marbella-jorge-sainz-de-baranda\\\/\",\"name\":\"El abogado y socio Jorge Sainz de Baranda participa en el II Congreso de Derecho Concursal Ciudad de Marbella - FMSB Abogados y Economistas en Baleares\",\"isPartOf\":{\"@id\":\"https:\\\/\\\/fmsb.eu\\\/en\\\/#website\"},\"primaryImageOfPage\":{\"@id\":\"https:\\\/\\\/fmsb.eu\\\/en\\\/2022\\\/05\\\/16\\\/ii-congreso-derecho-concursal-marbella-jorge-sainz-de-baranda\\\/#primaryimage\"},\"image\":{\"@id\":\"https:\\\/\\\/fmsb.eu\\\/en\\\/2022\\\/05\\\/16\\\/ii-congreso-derecho-concursal-marbella-jorge-sainz-de-baranda\\\/#primaryimage\"},\"thumbnailUrl\":\"https:\\\/\\\/fmsb.eu\\\/wp-content\\\/uploads\\\/2022\\\/05\\\/FMSB-Abogados-Jorge-Sainz-de-Baranda-Moderador-Mesa-Redonda-Estatuto-Administrador-Concursal-Marbella.jpg\",\"datePublished\":\"2022-05-16T12:57:42+00:00\",\"breadcrumb\":{\"@id\":\"https:\\\/\\\/fmsb.eu\\\/en\\\/2022\\\/05\\\/16\\\/ii-congreso-derecho-concursal-marbella-jorge-sainz-de-baranda\\\/#breadcrumb\"},\"inLanguage\":\"en-US\",\"potentialAction\":[{\"@type\":\"ReadAction\",\"target\":[\"https:\\\/\\\/fmsb.eu\\\/en\\\/2022\\\/05\\\/16\\\/ii-congreso-derecho-concursal-marbella-jorge-sainz-de-baranda\\\/\"]}]},{\"@type\":\"ImageObject\",\"inLanguage\":\"en-US\",\"@id\":\"https:\\\/\\\/fmsb.eu\\\/en\\\/2022\\\/05\\\/16\\\/ii-congreso-derecho-concursal-marbella-jorge-sainz-de-baranda\\\/#primaryimage\",\"url\":\"https:\\\/\\\/fmsb.eu\\\/wp-content\\\/uploads\\\/2022\\\/05\\\/FMSB-Abogados-Jorge-Sainz-de-Baranda-Moderador-Mesa-Redonda-Estatuto-Administrador-Concursal-Marbella.jpg\",\"contentUrl\":\"https:\\\/\\\/fmsb.eu\\\/wp-content\\\/uploads\\\/2022\\\/05\\\/FMSB-Abogados-Jorge-Sainz-de-Baranda-Moderador-Mesa-Redonda-Estatuto-Administrador-Concursal-Marbella.jpg\",\"width\":1200,\"height\":1600},{\"@type\":\"BreadcrumbList\",\"@id\":\"https:\\\/\\\/fmsb.eu\\\/en\\\/2022\\\/05\\\/16\\\/ii-congreso-derecho-concursal-marbella-jorge-sainz-de-baranda\\\/#breadcrumb\",\"itemListElement\":[{\"@type\":\"ListItem\",\"position\":1,\"name\":\"Portada\",\"item\":\"https:\\\/\\\/fmsb.eu\\\/en\\\/\"},{\"@type\":\"ListItem\",\"position\":2,\"name\":\"El abogado y socio Jorge Sainz de Baranda participa en el II Congreso de Derecho Concursal Ciudad de Marbella\"}]},{\"@type\":\"WebSite\",\"@id\":\"https:\\\/\\\/fmsb.eu\\\/en\\\/#website\",\"url\":\"https:\\\/\\\/fmsb.eu\\\/en\\\/\",\"name\":\"FMSB Abogados y Economistas en Baleares\",\"description\":\"\",\"publisher\":{\"@id\":\"https:\\\/\\\/fmsb.eu\\\/en\\\/#organization\"},\"potentialAction\":[{\"@type\":\"SearchAction\",\"target\":{\"@type\":\"EntryPoint\",\"urlTemplate\":\"https:\\\/\\\/fmsb.eu\\\/en\\\/?s={search_term_string}\"},\"query-input\":{\"@type\":\"PropertyValueSpecification\",\"valueRequired\":true,\"valueName\":\"search_term_string\"}}],\"inLanguage\":\"en-US\"},{\"@type\":\"Organization\",\"@id\":\"https:\\\/\\\/fmsb.eu\\\/en\\\/#organization\",\"name\":\"FMSB Abogados y Economistas en Baleares\",\"url\":\"https:\\\/\\\/fmsb.eu\\\/en\\\/\",\"logo\":{\"@type\":\"ImageObject\",\"inLanguage\":\"en-US\",\"@id\":\"https:\\\/\\\/fmsb.eu\\\/en\\\/#\\\/schema\\\/logo\\\/image\\\/\",\"url\":\"https:\\\/\\\/fmsb.eu\\\/wp-content\\\/uploads\\\/2025\\\/02\\\/logo.svg\",\"contentUrl\":\"https:\\\/\\\/fmsb.eu\\\/wp-content\\\/uploads\\\/2025\\\/02\\\/logo.svg\",\"width\":154,\"height\":52,\"caption\":\"FMSB Abogados y Economistas en Baleares\"},\"image\":{\"@id\":\"https:\\\/\\\/fmsb.eu\\\/en\\\/#\\\/schema\\\/logo\\\/image\\\/\"}},{\"@type\":\"Person\",\"@id\":\"https:\\\/\\\/fmsb.eu\\\/en\\\/#\\\/schema\\\/person\\\/9fba7c70814b0cd34d35d655d36a4ca2\",\"name\":\"fmsb\",\"image\":{\"@type\":\"ImageObject\",\"inLanguage\":\"en-US\",\"@id\":\"https:\\\/\\\/secure.gravatar.com\\\/avatar\\\/426f4d5b0ebcace85460caf87cdaaa193694b611e990615d87a13f322fb7ee7f?s=96&d=mm&r=g\",\"url\":\"https:\\\/\\\/secure.gravatar.com\\\/avatar\\\/426f4d5b0ebcace85460caf87cdaaa193694b611e990615d87a13f322fb7ee7f?s=96&d=mm&r=g\",\"contentUrl\":\"https:\\\/\\\/secure.gravatar.com\\\/avatar\\\/426f4d5b0ebcace85460caf87cdaaa193694b611e990615d87a13f322fb7ee7f?s=96&d=mm&r=g\",\"caption\":\"fmsb\"},\"sameAs\":[\"https:\\\/\\\/x.com\\\/fmsb-disstint\"],\"url\":\"https:\\\/\\\/fmsb.eu\\\/en\\\/author\\\/fmsb\\\/\"}]}<\/script>\n<!-- \/ Yoast SEO plugin. -->","yoast_head_json":{"title":"El abogado y socio Jorge Sainz de Baranda participa en el II Congreso de Derecho Concursal Ciudad de Marbella - FMSB Abogados y Economistas en Baleares","robots":{"index":"index","follow":"follow","max-snippet":"max-snippet:-1","max-image-preview":"max-image-preview:large","max-video-preview":"max-video-preview:-1"},"canonical":"https:\/\/fmsb.eu\/en\/2022\/05\/16\/ii-congreso-derecho-concursal-marbella-jorge-sainz-de-baranda\/","og_locale":"en_US","og_type":"article","og_title":"El abogado y socio Jorge Sainz de Baranda participa en el II Congreso de Derecho Concursal Ciudad de Marbella - FMSB Abogados y Economistas en Baleares","og_description":"&nbsp; &nbsp; El abogado y socio de FMSB -abogados y economistas- Jorge Sainz de Baranda, moderador de la mesa dedicada al Estatuto de la Administraci\u00f3n Concursal del II Congreso de Derecho Concursal Ciudad de Marbella &nbsp; La pasada semana tuvo lugar el II Congreso de Derecho Concursal Ciudad de Marbella, que reuni\u00f3 en las instalaciones [&hellip;]","og_url":"https:\/\/fmsb.eu\/en\/2022\/05\/16\/ii-congreso-derecho-concursal-marbella-jorge-sainz-de-baranda\/","og_site_name":"FMSB Abogados y Economistas en Baleares","article_published_time":"2022-05-16T12:57:42+00:00","og_image":[{"width":1200,"height":1600,"url":"https:\/\/fmsb.eu\/wp-content\/uploads\/2022\/05\/FMSB-Abogados-Jorge-Sainz-de-Baranda-Moderador-Mesa-Redonda-Estatuto-Administrador-Concursal-Marbella.jpg","type":"image\/jpeg"}],"author":"fmsb","twitter_card":"summary_large_image","twitter_creator":"@fmsb-disstint","twitter_misc":{"Written by":"fmsb","Est. reading time":"2 minutes"},"schema":{"@context":"https:\/\/schema.org","@graph":[{"@type":"Article","@id":"https:\/\/fmsb.eu\/en\/2022\/05\/16\/ii-congreso-derecho-concursal-marbella-jorge-sainz-de-baranda\/#article","isPartOf":{"@id":"https:\/\/fmsb.eu\/en\/2022\/05\/16\/ii-congreso-derecho-concursal-marbella-jorge-sainz-de-baranda\/"},"author":{"name":"fmsb","@id":"https:\/\/fmsb.eu\/en\/#\/schema\/person\/9fba7c70814b0cd34d35d655d36a4ca2"},"headline":"El abogado y socio Jorge Sainz de Baranda participa en el II Congreso de Derecho Concursal Ciudad de Marbella","datePublished":"2022-05-16T12:57:42+00:00","mainEntityOfPage":{"@id":"https:\/\/fmsb.eu\/en\/2022\/05\/16\/ii-congreso-derecho-concursal-marbella-jorge-sainz-de-baranda\/"},"wordCount":378,"publisher":{"@id":"https:\/\/fmsb.eu\/en\/#organization"},"image":{"@id":"https:\/\/fmsb.eu\/en\/2022\/05\/16\/ii-congreso-derecho-concursal-marbella-jorge-sainz-de-baranda\/#primaryimage"},"thumbnailUrl":"https:\/\/fmsb.eu\/wp-content\/uploads\/2022\/05\/FMSB-Abogados-Jorge-Sainz-de-Baranda-Moderador-Mesa-Redonda-Estatuto-Administrador-Concursal-Marbella.jpg","keywords":["abogados","baleares","compensaci\u00f3n","compensaci\u00f3n de cr\u00e9ditos","concursal","concurso","concurso de acreedores","coronavirus","covid 19","covid19","credito","cr\u00e9ditos imprescindibles","crisis","derecho","Derecho Concursal","Derecho Mercantil","deudas","economistas","el arenal","empresas","estatuto de la administraci\u00f3n concursal","fmsb","font mora sainz de baranda","honorarios de la adminsitraci\u00f3n concursal","II Congreso de Derecho Concursal Ciudad de Marbella","insolvencia","joan miquel font","juan font","juan miguel font","law","lawyers","m\u00e1laga","Manacor","marbella","mercantil","Palma","pandemia","pre-pack concursal","prepack","puerto de andratx","solicitors","unidad productoriva"],"articleSection":["blog","Derecho Concursal","Derecho Mercantil","Home"],"inLanguage":"en-US"},{"@type":"WebPage","@id":"https:\/\/fmsb.eu\/en\/2022\/05\/16\/ii-congreso-derecho-concursal-marbella-jorge-sainz-de-baranda\/","url":"https:\/\/fmsb.eu\/en\/2022\/05\/16\/ii-congreso-derecho-concursal-marbella-jorge-sainz-de-baranda\/","name":"El abogado y socio Jorge Sainz de Baranda participa en el II Congreso de Derecho Concursal Ciudad de Marbella - FMSB Abogados y Economistas en Baleares","isPartOf":{"@id":"https:\/\/fmsb.eu\/en\/#website"},"primaryImageOfPage":{"@id":"https:\/\/fmsb.eu\/en\/2022\/05\/16\/ii-congreso-derecho-concursal-marbella-jorge-sainz-de-baranda\/#primaryimage"},"image":{"@id":"https:\/\/fmsb.eu\/en\/2022\/05\/16\/ii-congreso-derecho-concursal-marbella-jorge-sainz-de-baranda\/#primaryimage"},"thumbnailUrl":"https:\/\/fmsb.eu\/wp-content\/uploads\/2022\/05\/FMSB-Abogados-Jorge-Sainz-de-Baranda-Moderador-Mesa-Redonda-Estatuto-Administrador-Concursal-Marbella.jpg","datePublished":"2022-05-16T12:57:42+00:00","breadcrumb":{"@id":"https:\/\/fmsb.eu\/en\/2022\/05\/16\/ii-congreso-derecho-concursal-marbella-jorge-sainz-de-baranda\/#breadcrumb"},"inLanguage":"en-US","potentialAction":[{"@type":"ReadAction","target":["https:\/\/fmsb.eu\/en\/2022\/05\/16\/ii-congreso-derecho-concursal-marbella-jorge-sainz-de-baranda\/"]}]},{"@type":"ImageObject","inLanguage":"en-US","@id":"https:\/\/fmsb.eu\/en\/2022\/05\/16\/ii-congreso-derecho-concursal-marbella-jorge-sainz-de-baranda\/#primaryimage","url":"https:\/\/fmsb.eu\/wp-content\/uploads\/2022\/05\/FMSB-Abogados-Jorge-Sainz-de-Baranda-Moderador-Mesa-Redonda-Estatuto-Administrador-Concursal-Marbella.jpg","contentUrl":"https:\/\/fmsb.eu\/wp-content\/uploads\/2022\/05\/FMSB-Abogados-Jorge-Sainz-de-Baranda-Moderador-Mesa-Redonda-Estatuto-Administrador-Concursal-Marbella.jpg","width":1200,"height":1600},{"@type":"BreadcrumbList","@id":"https:\/\/fmsb.eu\/en\/2022\/05\/16\/ii-congreso-derecho-concursal-marbella-jorge-sainz-de-baranda\/#breadcrumb","itemListElement":[{"@type":"ListItem","position":1,"name":"Portada","item":"https:\/\/fmsb.eu\/en\/"},{"@type":"ListItem","position":2,"name":"El abogado y socio Jorge Sainz de Baranda participa en el II Congreso de Derecho Concursal Ciudad de Marbella"}]},{"@type":"WebSite","@id":"https:\/\/fmsb.eu\/en\/#website","url":"https:\/\/fmsb.eu\/en\/","name":"FMSB Abogados y Economistas en Baleares","description":"","publisher":{"@id":"https:\/\/fmsb.eu\/en\/#organization"},"potentialAction":[{"@type":"SearchAction","target":{"@type":"EntryPoint","urlTemplate":"https:\/\/fmsb.eu\/en\/?s={search_term_string}"},"query-input":{"@type":"PropertyValueSpecification","valueRequired":true,"valueName":"search_term_string"}}],"inLanguage":"en-US"},{"@type":"Organization","@id":"https:\/\/fmsb.eu\/en\/#organization","name":"FMSB Abogados y Economistas en Baleares","url":"https:\/\/fmsb.eu\/en\/","logo":{"@type":"ImageObject","inLanguage":"en-US","@id":"https:\/\/fmsb.eu\/en\/#\/schema\/logo\/image\/","url":"https:\/\/fmsb.eu\/wp-content\/uploads\/2025\/02\/logo.svg","contentUrl":"https:\/\/fmsb.eu\/wp-content\/uploads\/2025\/02\/logo.svg","width":154,"height":52,"caption":"FMSB Abogados y Economistas en Baleares"},"image":{"@id":"https:\/\/fmsb.eu\/en\/#\/schema\/logo\/image\/"}},{"@type":"Person","@id":"https:\/\/fmsb.eu\/en\/#\/schema\/person\/9fba7c70814b0cd34d35d655d36a4ca2","name":"fmsb","image":{"@type":"ImageObject","inLanguage":"en-US","@id":"https:\/\/secure.gravatar.com\/avatar\/426f4d5b0ebcace85460caf87cdaaa193694b611e990615d87a13f322fb7ee7f?s=96&d=mm&r=g","url":"https:\/\/secure.gravatar.com\/avatar\/426f4d5b0ebcace85460caf87cdaaa193694b611e990615d87a13f322fb7ee7f?s=96&d=mm&r=g","contentUrl":"https:\/\/secure.gravatar.com\/avatar\/426f4d5b0ebcace85460caf87cdaaa193694b611e990615d87a13f322fb7ee7f?s=96&d=mm&r=g","caption":"fmsb"},"sameAs":["https:\/\/x.com\/fmsb-disstint"],"url":"https:\/\/fmsb.eu\/en\/author\/fmsb\/"}]}},"_links":{"self":[{"href":"https:\/\/fmsb.eu\/en\/wp-json\/wp\/v2\/posts\/11392","targetHints":{"allow":["GET"]}}],"collection":[{"href":"https:\/\/fmsb.eu\/en\/wp-json\/wp\/v2\/posts"}],"about":[{"href":"https:\/\/fmsb.eu\/en\/wp-json\/wp\/v2\/types\/post"}],"author":[{"embeddable":true,"href":"https:\/\/fmsb.eu\/en\/wp-json\/wp\/v2\/users\/2"}],"replies":[{"embeddable":true,"href":"https:\/\/fmsb.eu\/en\/wp-json\/wp\/v2\/comments?post=11392"}],"version-history":[{"count":0,"href":"https:\/\/fmsb.eu\/en\/wp-json\/wp\/v2\/posts\/11392\/revisions"}],"wp:featuredmedia":[{"embeddable":true,"href":"https:\/\/fmsb.eu\/en\/wp-json\/wp\/v2\/media\/9758"}],"wp:attachment":[{"href":"https:\/\/fmsb.eu\/en\/wp-json\/wp\/v2\/media?parent=11392"}],"wp:term":[{"taxonomy":"category","embeddable":true,"href":"https:\/\/fmsb.eu\/en\/wp-json\/wp\/v2\/categories?post=11392"},{"taxonomy":"post_tag","embeddable":true,"href":"https:\/\/fmsb.eu\/en\/wp-json\/wp\/v2\/tags?post=11392"}],"curies":[{"name":"wp","href":"https:\/\/api.w.org\/{rel}","templated":true}]}}