{"id":11448,"date":"2022-02-27T05:39:03","date_gmt":"2022-02-27T04:39:03","guid":{"rendered":"http:\/\/fmsb.disstintbeta.com\/2022\/02\/27\/cagancho-vuelve-a-legislar-el-modelo-720-jorge-sainz-de-baranda\/"},"modified":"2022-02-27T05:39:03","modified_gmt":"2022-02-27T04:39:03","slug":"cagancho-vuelve-a-legislar-el-modelo-720-jorge-sainz-de-baranda","status":"publish","type":"post","link":"https:\/\/fmsb.eu\/en\/2022\/02\/27\/cagancho-vuelve-a-legislar-el-modelo-720-jorge-sainz-de-baranda\/","title":{"rendered":"Cagancho vuelve a legislar el 720, art\u00edculo de opini\u00f3n de Jorge S\u00e1inz de Baranda en Mallorcadiario"},"content":{"rendered":"<p>&nbsp;<\/p>\n<div class=\"navegacion\">\n<h3 class=\"antesubtitulo antetit\"><a href=\"http:\/\/www.mallorcadiario.com\"><span style=\"color: #993300;\"><strong>mallorcadiario.com<\/strong><\/span><\/a>\u00a0 <a href=\"https:\/\/www.mallorcadiario.com\/cagancho-vuelve-a-legislar-el-720-jorge-sainz-de-baranda\">Opini\u00f3n<\/a><\/h3>\n<\/div>\n<p><a href=\"https:\/\/fmsb.s3.eu-west-1.amazonaws.com\/wp-content\/uploads\/2022\/02\/26185002\/FMSB-Abogados-Jorge-Sainz-de-Baranda-Cagancho-vuelve-a-legislar-el-modelo-720-00.jpg\"><img fetchpriority=\"high\" decoding=\"async\" class=\"alignnone wp-image-5807\" src=\"http:\/\/fmsb.disstintbeta.com\/wp-content\/uploads\/2022\/02\/FMSB-Abogados-Jorge-Sainz-de-Baranda-Cagancho-vuelve-a-legislar-el-modelo-720-00.jpg\" alt=\"\" width=\"800\" height=\"600\" srcset=\"https:\/\/font-mora-sainz-baranda.fra1.digitaloceanspaces.com\/wp-content\/uploads\/2022\/02\/FMSB-Abogados-Jorge-Sainz-de-Baranda-Cagancho-vuelve-a-legislar-el-modelo-720-00.jpg 1600w, https:\/\/font-mora-sainz-baranda.fra1.digitaloceanspaces.com\/wp-content\/uploads\/2022\/02\/FMSB-Abogados-Jorge-Sainz-de-Baranda-Cagancho-vuelve-a-legislar-el-modelo-720-00-300x225.jpg 300w, https:\/\/font-mora-sainz-baranda.fra1.digitaloceanspaces.com\/wp-content\/uploads\/2022\/02\/FMSB-Abogados-Jorge-Sainz-de-Baranda-Cagancho-vuelve-a-legislar-el-modelo-720-00-1024x768.jpg 1024w, https:\/\/font-mora-sainz-baranda.fra1.digitaloceanspaces.com\/wp-content\/uploads\/2022\/02\/FMSB-Abogados-Jorge-Sainz-de-Baranda-Cagancho-vuelve-a-legislar-el-modelo-720-00-768x576.jpg 768w, https:\/\/font-mora-sainz-baranda.fra1.digitaloceanspaces.com\/wp-content\/uploads\/2022\/02\/FMSB-Abogados-Jorge-Sainz-de-Baranda-Cagancho-vuelve-a-legislar-el-modelo-720-00-1536x1152.jpg 1536w\" sizes=\"(max-width: 800px) 100vw, 800px\" \/><\/a><\/p>\n<div class=\"navegacion\">\n<h6 class=\"ulthora fecha_publicacion\"><span class=\"dia_mes_anno\">DOMINGO 27 DE FEBRERO DE 2022<br \/>\n<\/span><\/h6>\n<h6 class=\"ulthora fecha_publicacion\"><span class=\"dia_mes_anno\" style=\"color: #ffffff;\">DOMINGO 25 DE OCTUBRE DE 2020<\/span><\/h6>\n<\/div>\n<div title=\"noticia 557362\">\n<h1 class=\"titulo\"><a href=\"https:\/\/www.mallorcadiario.com\/cagancho-vuelve-a-legislar-el-720-jorge-sainz-de-baranda\">Cagancho vuelve a legislar el 720<\/a><\/h1>\n<\/div>\n<div id=\"firmante_767\" class=\"firmante\">\n<p>Por\u00a0<strong><span class=\"nombre_firmante\">Jorge S\u00e1inz de Baranda<\/span><\/strong><\/p>\n<h6><a href=\"https:\/\/www.mallorcadiario.com\/jorge-sainz-de-baranda\/autor\/767\/\"><strong><span style=\"color: #993300;\">M\u00c1S ART\u00cdCULOS DEL AUTOR<\/span><\/strong><\/a><\/h6>\n<p><strong>\u00a0<\/strong><\/p>\n<p>Va por Uds., maestros de la Pe\u00f1a Concursal -y por mi querida T\u00eda Elena, que tristemente nos ha dejado hace pocos d\u00edas-.<\/p>\n<p>Con las semanales aportaciones, <em>Fragu\u00e1is<\/em> en mi conciencia las referencias que necesito para continuar con estos cuadernos tributarios, aderezados con referencias a citas y personajes, y con alg\u00fan que otro descanso dominical.<\/p>\n<p>Joaqu\u00edn Rodr\u00edguez Ortega, m\u00e1s conocido como &#8220;Cagancho&#8221; (1903-1984\u200b), era un torero espa\u00f1ol, cuyas numerosas espantadas en los ruedos hicieron de \u00e9l un personaje de cita obligada.<\/p>\n<p>En una tarde de agosto de 1927, el diestro acudi\u00f3 a Almagro a una corrida, en la que le tocaron el tercero y el sexto de la tarde. Y fue tan desastrosa su faena que, en el segundo, hicieron falta los tres avisos, mientras intentaba matarlo desde la barrera. Al final, la Guardia Civil tuvo que escoltarle para que pudiera salir ileso de la plaza, y desde entonces surge el dicho <em>\u00abquedar como Cagancho en Almagro\u00bb<\/em> para referirse a alguien que hace las cosas rematadamente mal.<\/p>\n<p>Como ya les cont\u00e9 en un pasado art\u00edculo, la justicia europea declar\u00f3 que las sanciones que la norma espa\u00f1ola impon\u00eda a los contribuyentes por incumplir las obligaciones del modelo 720 -por el que se declaran los bienes y derechos situados en el extranjero- resultaban excesivas, ya que atentaban contra el principio de libertad de movimiento de capitales, de forma que, no contentos con condenar en costas al Reino de Espa\u00f1a, obligaron a la Administraci\u00f3n tributaria a tener que replantear la normativa as\u00ed como su r\u00e9gimen sancionador.<\/p>\n<p>Pues bien, para variar, la respuesta de Cagancho no se ha hecho esperar. Con el interiorizado principio administrativo de que <em>\u201clas prisas siempre son buenas\u201d<\/em>, y el sano objetivo de que la nueva norma pueda entrar en vigor antes del pr\u00f3ximo 31 de marzo, fecha tope para presentar el modelo 720, se ha aprovechado la tramitaci\u00f3n del Proyecto de Ley por el que se modifica la Ley del Impuesto sobre Sociedades y del Impuesto sobre la Renta de no Residentes, para introducir, de \u201crond\u00f3n\u201d, una enmienda que adec\u00fae la norma a la sentencia del TJUE.<\/p>\n<p>\u00bfY qu\u00e9 es lo que se\u00f1ala la nueva norma?<\/p>\n<p>En primer lugar, se suprime el apartado 6 del art\u00edculo 121 de la Ley del Impuesto sobre Sociedades, elimin\u00e1ndose la no prescripci\u00f3n por la falta de presentaci\u00f3n del Modelo 720 por las personas jur\u00eddicas.<\/p>\n<p>En segundo lugar, se vuelve a regular la obligaci\u00f3n para los residentes en Espa\u00f1a de informar sobre las cuentas bancarias -tanto si eres titular, beneficiario o figuras como autorizado-, acciones, participaciones, fondos de inversi\u00f3n, seguros de vida o invalidez, rentas vitalicias o temporales, bienes muebles o inmuebles, o monedas virtuales, todos ellos situados en el extranjero.<\/p>\n<p>Por \u00faltimo, que es lo m\u00e1s importante, se establece que el descubrimiento por la Hacienda P\u00fablica de esos bienes o derechos tendr\u00e1 la consideraci\u00f3n de ganancia de patrimonio no justificada, de forma que deber\u00e1n integrarse en la base liquidable general del periodo impositivo respecto del que se descubran, salvo que el contribuyente pruebe suficientemente que ha sido titular de los bienes o derechos correspondientes desde una fecha anterior a la del periodo de prescripci\u00f3n.<\/p>\n<p>Dicho en lenguaje \u201ctaurino\u201d, si te pilla el toro sin declarar los bienes en el extranjero, \u00e1tate los machos ya que el valor de los bienes descubiertos y no declarados formar\u00e1n parte de tu pr\u00f3xima base imponible del Impuesto sobre la Renta, tributando al marginal que, a partir de este a\u00f1o 2022, llegar\u00e1 al 49%, salvo que puedas acreditar que los bienes los ten\u00edas hace m\u00e1s de cuatro a\u00f1os, en cuyo caso estar\u00e1 prescrito.<\/p>\n<p>Vamos, que como sentenci\u00f3 el gran Ignacio S\u00e1nchez Mej\u00edas, <em>\u00abel mundo entero es una enorme plaza de toros donde el que no torea, embiste\u00bb<\/em>.<\/p>\n<p>Aun as\u00ed, lo m\u00e1s importante ser\u00e1 la pelea con Hacienda por parte de aquellos contribuyentes que sufrieron en sus carnes las sanciones o la falta de prescripci\u00f3n en el periodo anterior, que a buen seguro deber\u00eda acabar en muchos casos en reclamaciones por responsabilidad patrimonial del Estado, raz\u00f3n de la urgencia de la Administraci\u00f3n por regularlo.<\/p>\n<p>Como siempre, y aunque parezca que hacemos caso a Europa, siempre andamos haciendo las normas tarde y mal, con prisas, y aunque se quiera transmitir una imagen contraria, lo cierto es que los resultados son nefastos. Es como aquel chiste del ni\u00f1o que, cuando le pregunt\u00f3 su padre que qu\u00e9 tal el partido, le dijo <em>\u201c\u00a1he metido cinco goles!\u201d<\/em>. El padre, emocionado, le contest\u00f3 <em>\u201chombreee, cinco goles no se meten todos los d\u00edas \u00bfy como hab\u00e9is quedado?\u201d<\/em>; <em>\u201chemos perdido cuatro a uno\u201d<\/em> le respondi\u00f3\u2026 pues eso.<\/p>\n<p>&nbsp;<\/p>\n<\/div>\n<p>&nbsp;<\/p>\n<hr \/>\n<p>Art\u00edculo original publicado en el diario digital\u00a0<a href=\"https:\/\/www.mallorcadiario.com\/cagancho-vuelve-a-legislar-el-720-jorge-sainz-de-baranda\"><strong><span style=\"color: #993300;\">mallorcadiario.com<\/span><\/strong><\/a> .\u00a0\u00a0 L\u00e9elo directamente en mallorcadiario a trav\u00e9s de este <span style=\"color: #993366;\"><strong><a style=\"color: #993366;\" href=\"https:\/\/www.mallorcadiario.com\/cagancho-vuelve-a-legislar-el-720-jorge-sainz-de-baranda\">enlace<\/a><\/strong><\/span><\/p>\n","protected":false},"excerpt":{"rendered":"<p>&nbsp; mallorcadiario.com\u00a0 Opini\u00f3n DOMINGO 27 DE FEBRERO DE 2022 DOMINGO 25 DE OCTUBRE DE 2020 Cagancho vuelve a legislar el 720 Por\u00a0Jorge S\u00e1inz de Baranda M\u00c1S ART\u00cdCULOS DEL AUTOR \u00a0 Va por Uds., maestros de la Pe\u00f1a Concursal -y por mi querida T\u00eda Elena, que tristemente nos ha dejado hace pocos d\u00edas-. Con las semanales [&hellip;]<\/p>\n","protected":false},"author":2,"featured_media":9698,"comment_status":"closed","ping_status":"open","sticky":false,"template":"","format":"standard","meta":{"footnotes":""},"categories":[2149,2250,2152,3144],"tags":[2156,2606,2608,2253,2609,2494,2255,2611,2158,2612,2613,2614,2615,2616,2257,2617,2618,2260,2261,2262,2624,2625,2626,2168,2169,2629,2173,2266,2268,2634,2175,2269,2270,2271,2637,2272,2274,2178,2179,2275,2181,2277,2182,2184,2639,2283,2284,2286,2642,2643,2186,2644,2645,2290,2190,2647,2295,2193,2302,2652,2304,2656,2306],"class_list":["post-11448","post","type-post","status-publish","format-standard","has-post-thumbnail","hentry","category-blog-en-2","category-derecho-fiscal-en","category-home-en-2","category-opinion-en","tag-abogados-en","tag-administracion-tributaria-en","tag-aeat-en","tag-agencia-tributaria-en","tag-antifraude-en","tag-articulos-en","tag-asesores-en","tag-atib-en","tag-baleares-en","tag-blanqueo-en","tag-blanqueo-de-capitales-en","tag-campana-de-la-renta-en","tag-campana-irpf-en","tag-catastro-en","tag-comunidad-autonoma-en","tag-declaracion-de-inconstitucionalidad-en","tag-declaracion-de-nulidad-en","tag-derecho-de-la-union-europea-en","tag-derecho-fiscal-en","tag-derecho-tributario-en","tag-dgt-en","tag-direccion-general-de-tributos-en","tag-direccion-general-del-catastro-en","tag-economistas-en","tag-el-arenal-en","tag-extranjeros-en-2","tag-fmsb-en","tag-hacienda-en","tag-herencias-en","tag-ibi-en","tag-ibiza-en-2","tag-illes-balears-en","tag-impuesto-de-sucesiones-en","tag-impuestos-en-2","tag-incremento-del-valor-de-los-terrenos-de-naturaleza-urbana-en","tag-irpf-en","tag-jorge-sainz-de-baranda-en","tag-law-en-2","tag-lawyers-en-2","tag-ley-antifraude-en","tag-mallorca-en-2","tag-mallorcadiario-en","tag-manacor-en","tag-menorca-en-2","tag-modelo-720-en","tag-obligado-tributario-en","tag-opinion-en","tag-palma-en","tag-plan-anual-de-control-tributario-en","tag-plusvalia-en","tag-port-dandratx-en","tag-prespuestos-generales-del-estado-en","tag-presupuestos-2021-en","tag-prevencion-en","tag-puerto-de-andratx-en","tag-recargo-en","tag-residentes-fiscales-en","tag-solicitors-en","tag-sucesiones-y-donaciones-en","tag-testador-en","tag-tributos-en","tag-ue-en","tag-valor-de-referencia-catastral-en"],"yoast_head":"<!-- This site is optimized with the Yoast SEO plugin v27.3 - https:\/\/yoast.com\/product\/yoast-seo-wordpress\/ -->\n<title>Cagancho vuelve a legislar el 720, art\u00edculo de opini\u00f3n de Jorge S\u00e1inz de Baranda en Mallorcadiario - FMSB Abogados y Economistas en Baleares<\/title>\n<meta name=\"robots\" content=\"index, follow, max-snippet:-1, max-image-preview:large, max-video-preview:-1\" \/>\n<link rel=\"canonical\" href=\"https:\/\/fmsb.eu\/en\/2022\/02\/27\/cagancho-vuelve-a-legislar-el-modelo-720-jorge-sainz-de-baranda\/\" \/>\n<meta property=\"og:locale\" content=\"en_US\" \/>\n<meta property=\"og:type\" content=\"article\" \/>\n<meta property=\"og:title\" content=\"Cagancho vuelve a legislar el 720, art\u00edculo de opini\u00f3n de Jorge S\u00e1inz de Baranda en Mallorcadiario - FMSB Abogados y Economistas en Baleares\" \/>\n<meta property=\"og:description\" content=\"&nbsp; mallorcadiario.com\u00a0 Opini\u00f3n DOMINGO 27 DE FEBRERO DE 2022 DOMINGO 25 DE OCTUBRE DE 2020 Cagancho vuelve a legislar el 720 Por\u00a0Jorge S\u00e1inz de Baranda M\u00c1S ART\u00cdCULOS DEL AUTOR \u00a0 Va por Uds., maestros de la Pe\u00f1a Concursal -y por mi querida T\u00eda Elena, que tristemente nos ha dejado hace pocos d\u00edas-. Con las semanales [&hellip;]\" \/>\n<meta property=\"og:url\" content=\"https:\/\/fmsb.eu\/en\/2022\/02\/27\/cagancho-vuelve-a-legislar-el-modelo-720-jorge-sainz-de-baranda\/\" \/>\n<meta property=\"og:site_name\" content=\"FMSB Abogados y Economistas en Baleares\" \/>\n<meta property=\"article:published_time\" content=\"2022-02-27T04:39:03+00:00\" \/>\n<meta property=\"og:image\" content=\"https:\/\/fmsb.eu\/wp-content\/uploads\/2022\/02\/FMSB-Abogados-Jorge-Sainz-de-Baranda-Cagancho-vuelve-a-legislar-el-modelo-720-00.jpg\" \/>\n\t<meta property=\"og:image:width\" content=\"1600\" \/>\n\t<meta property=\"og:image:height\" content=\"1200\" \/>\n\t<meta property=\"og:image:type\" content=\"image\/jpeg\" \/>\n<meta name=\"author\" content=\"fmsb\" \/>\n<meta name=\"twitter:card\" content=\"summary_large_image\" \/>\n<meta name=\"twitter:creator\" content=\"@fmsb-disstint\" \/>\n<meta name=\"twitter:label1\" content=\"Written by\" \/>\n\t<meta name=\"twitter:data1\" content=\"fmsb\" \/>\n\t<meta name=\"twitter:label2\" content=\"Est. reading time\" \/>\n\t<meta name=\"twitter:data2\" content=\"5 minutes\" \/>\n<script type=\"application\/ld+json\" class=\"yoast-schema-graph\">{\"@context\":\"https:\\\/\\\/schema.org\",\"@graph\":[{\"@type\":\"Article\",\"@id\":\"https:\\\/\\\/fmsb.eu\\\/en\\\/2022\\\/02\\\/27\\\/cagancho-vuelve-a-legislar-el-modelo-720-jorge-sainz-de-baranda\\\/#article\",\"isPartOf\":{\"@id\":\"https:\\\/\\\/fmsb.eu\\\/en\\\/2022\\\/02\\\/27\\\/cagancho-vuelve-a-legislar-el-modelo-720-jorge-sainz-de-baranda\\\/\"},\"author\":{\"name\":\"fmsb\",\"@id\":\"https:\\\/\\\/fmsb.eu\\\/en\\\/#\\\/schema\\\/person\\\/9fba7c70814b0cd34d35d655d36a4ca2\"},\"headline\":\"Cagancho vuelve a legislar el 720, art\u00edculo de opini\u00f3n de Jorge S\u00e1inz de Baranda en Mallorcadiario\",\"datePublished\":\"2022-02-27T04:39:03+00:00\",\"mainEntityOfPage\":{\"@id\":\"https:\\\/\\\/fmsb.eu\\\/en\\\/2022\\\/02\\\/27\\\/cagancho-vuelve-a-legislar-el-modelo-720-jorge-sainz-de-baranda\\\/\"},\"wordCount\":871,\"publisher\":{\"@id\":\"https:\\\/\\\/fmsb.eu\\\/en\\\/#organization\"},\"image\":{\"@id\":\"https:\\\/\\\/fmsb.eu\\\/en\\\/2022\\\/02\\\/27\\\/cagancho-vuelve-a-legislar-el-modelo-720-jorge-sainz-de-baranda\\\/#primaryimage\"},\"thumbnailUrl\":\"https:\\\/\\\/fmsb.eu\\\/wp-content\\\/uploads\\\/2022\\\/02\\\/FMSB-Abogados-Jorge-Sainz-de-Baranda-Cagancho-vuelve-a-legislar-el-modelo-720-00.jpg\",\"keywords\":[\"abogados\",\"administraci\u00f3n tributaria\",\"aeat\",\"agencia tributaria\",\"antifraude\",\"articulos\",\"asesores\",\"ATIB\",\"baleares\",\"blanqueo\",\"blanqueo de capitales\",\"campa\u00f1a de la renta\",\"campa\u00f1a irpf\",\"catastro\",\"comunidad aut\u00f3noma\",\"declaraci\u00f3n de inconstitucionalidad\",\"declaraci\u00f3n de nulidad\",\"derecho de la uni\u00f3n europea\",\"derecho fiscal\",\"derecho tributario\",\"dgt\",\"direcci\u00f3n general de tributos\",\"direcci\u00f3n general del catastro\",\"economistas\",\"el arenal\",\"extranjeros\",\"fmsb\",\"Hacienda\",\"herencias\",\"ibi\",\"ibiza\",\"illes balears\",\"impuesto de sucesiones\",\"impuestos\",\"incremento del valor de los terrenos de naturaleza urbana\",\"IRPF\",\"jorge sainz de baranda\",\"law\",\"lawyers\",\"ley antifraude\",\"mallorca\",\"mallorcadiario\",\"Manacor\",\"menorca\",\"modelo 720\",\"obligado tributario\",\"opinion\",\"Palma\",\"plan anual de control tributario\",\"plusval\u00eda\",\"port d&#8217;andratx\",\"prespuestos generales del estado\",\"presupuestos 2021\",\"prevenci\u00f3n\",\"puerto de andratx\",\"recargo\",\"residentes fiscales\",\"solicitors\",\"sucesiones y donaciones\",\"testador\",\"tributos\",\"ue\",\"valor de referencia catastral\"],\"articleSection\":[\"blog\",\"Derecho Fiscal\",\"Home\",\"Opini\u00f3n\"],\"inLanguage\":\"en-US\"},{\"@type\":\"WebPage\",\"@id\":\"https:\\\/\\\/fmsb.eu\\\/en\\\/2022\\\/02\\\/27\\\/cagancho-vuelve-a-legislar-el-modelo-720-jorge-sainz-de-baranda\\\/\",\"url\":\"https:\\\/\\\/fmsb.eu\\\/en\\\/2022\\\/02\\\/27\\\/cagancho-vuelve-a-legislar-el-modelo-720-jorge-sainz-de-baranda\\\/\",\"name\":\"Cagancho vuelve a legislar el 720, art\u00edculo de opini\u00f3n de Jorge S\u00e1inz de Baranda en Mallorcadiario - FMSB Abogados y Economistas en Baleares\",\"isPartOf\":{\"@id\":\"https:\\\/\\\/fmsb.eu\\\/en\\\/#website\"},\"primaryImageOfPage\":{\"@id\":\"https:\\\/\\\/fmsb.eu\\\/en\\\/2022\\\/02\\\/27\\\/cagancho-vuelve-a-legislar-el-modelo-720-jorge-sainz-de-baranda\\\/#primaryimage\"},\"image\":{\"@id\":\"https:\\\/\\\/fmsb.eu\\\/en\\\/2022\\\/02\\\/27\\\/cagancho-vuelve-a-legislar-el-modelo-720-jorge-sainz-de-baranda\\\/#primaryimage\"},\"thumbnailUrl\":\"https:\\\/\\\/fmsb.eu\\\/wp-content\\\/uploads\\\/2022\\\/02\\\/FMSB-Abogados-Jorge-Sainz-de-Baranda-Cagancho-vuelve-a-legislar-el-modelo-720-00.jpg\",\"datePublished\":\"2022-02-27T04:39:03+00:00\",\"breadcrumb\":{\"@id\":\"https:\\\/\\\/fmsb.eu\\\/en\\\/2022\\\/02\\\/27\\\/cagancho-vuelve-a-legislar-el-modelo-720-jorge-sainz-de-baranda\\\/#breadcrumb\"},\"inLanguage\":\"en-US\",\"potentialAction\":[{\"@type\":\"ReadAction\",\"target\":[\"https:\\\/\\\/fmsb.eu\\\/en\\\/2022\\\/02\\\/27\\\/cagancho-vuelve-a-legislar-el-modelo-720-jorge-sainz-de-baranda\\\/\"]}]},{\"@type\":\"ImageObject\",\"inLanguage\":\"en-US\",\"@id\":\"https:\\\/\\\/fmsb.eu\\\/en\\\/2022\\\/02\\\/27\\\/cagancho-vuelve-a-legislar-el-modelo-720-jorge-sainz-de-baranda\\\/#primaryimage\",\"url\":\"https:\\\/\\\/fmsb.eu\\\/wp-content\\\/uploads\\\/2022\\\/02\\\/FMSB-Abogados-Jorge-Sainz-de-Baranda-Cagancho-vuelve-a-legislar-el-modelo-720-00.jpg\",\"contentUrl\":\"https:\\\/\\\/fmsb.eu\\\/wp-content\\\/uploads\\\/2022\\\/02\\\/FMSB-Abogados-Jorge-Sainz-de-Baranda-Cagancho-vuelve-a-legislar-el-modelo-720-00.jpg\",\"width\":1600,\"height\":1200},{\"@type\":\"BreadcrumbList\",\"@id\":\"https:\\\/\\\/fmsb.eu\\\/en\\\/2022\\\/02\\\/27\\\/cagancho-vuelve-a-legislar-el-modelo-720-jorge-sainz-de-baranda\\\/#breadcrumb\",\"itemListElement\":[{\"@type\":\"ListItem\",\"position\":1,\"name\":\"Portada\",\"item\":\"https:\\\/\\\/fmsb.eu\\\/en\\\/\"},{\"@type\":\"ListItem\",\"position\":2,\"name\":\"Cagancho vuelve a legislar el 720, art\u00edculo de opini\u00f3n de Jorge S\u00e1inz de Baranda en Mallorcadiario\"}]},{\"@type\":\"WebSite\",\"@id\":\"https:\\\/\\\/fmsb.eu\\\/en\\\/#website\",\"url\":\"https:\\\/\\\/fmsb.eu\\\/en\\\/\",\"name\":\"FMSB Abogados y Economistas en Baleares\",\"description\":\"\",\"publisher\":{\"@id\":\"https:\\\/\\\/fmsb.eu\\\/en\\\/#organization\"},\"potentialAction\":[{\"@type\":\"SearchAction\",\"target\":{\"@type\":\"EntryPoint\",\"urlTemplate\":\"https:\\\/\\\/fmsb.eu\\\/en\\\/?s={search_term_string}\"},\"query-input\":{\"@type\":\"PropertyValueSpecification\",\"valueRequired\":true,\"valueName\":\"search_term_string\"}}],\"inLanguage\":\"en-US\"},{\"@type\":\"Organization\",\"@id\":\"https:\\\/\\\/fmsb.eu\\\/en\\\/#organization\",\"name\":\"FMSB Abogados y Economistas en Baleares\",\"url\":\"https:\\\/\\\/fmsb.eu\\\/en\\\/\",\"logo\":{\"@type\":\"ImageObject\",\"inLanguage\":\"en-US\",\"@id\":\"https:\\\/\\\/fmsb.eu\\\/en\\\/#\\\/schema\\\/logo\\\/image\\\/\",\"url\":\"https:\\\/\\\/fmsb.eu\\\/wp-content\\\/uploads\\\/2025\\\/02\\\/logo.svg\",\"contentUrl\":\"https:\\\/\\\/fmsb.eu\\\/wp-content\\\/uploads\\\/2025\\\/02\\\/logo.svg\",\"width\":154,\"height\":52,\"caption\":\"FMSB Abogados y Economistas en Baleares\"},\"image\":{\"@id\":\"https:\\\/\\\/fmsb.eu\\\/en\\\/#\\\/schema\\\/logo\\\/image\\\/\"}},{\"@type\":\"Person\",\"@id\":\"https:\\\/\\\/fmsb.eu\\\/en\\\/#\\\/schema\\\/person\\\/9fba7c70814b0cd34d35d655d36a4ca2\",\"name\":\"fmsb\",\"image\":{\"@type\":\"ImageObject\",\"inLanguage\":\"en-US\",\"@id\":\"https:\\\/\\\/secure.gravatar.com\\\/avatar\\\/426f4d5b0ebcace85460caf87cdaaa193694b611e990615d87a13f322fb7ee7f?s=96&d=mm&r=g\",\"url\":\"https:\\\/\\\/secure.gravatar.com\\\/avatar\\\/426f4d5b0ebcace85460caf87cdaaa193694b611e990615d87a13f322fb7ee7f?s=96&d=mm&r=g\",\"contentUrl\":\"https:\\\/\\\/secure.gravatar.com\\\/avatar\\\/426f4d5b0ebcace85460caf87cdaaa193694b611e990615d87a13f322fb7ee7f?s=96&d=mm&r=g\",\"caption\":\"fmsb\"},\"sameAs\":[\"https:\\\/\\\/x.com\\\/fmsb-disstint\"],\"url\":\"https:\\\/\\\/fmsb.eu\\\/en\\\/author\\\/fmsb\\\/\"}]}<\/script>\n<!-- \/ Yoast SEO plugin. -->","yoast_head_json":{"title":"Cagancho vuelve a legislar el 720, art\u00edculo de opini\u00f3n de Jorge S\u00e1inz de Baranda en Mallorcadiario - FMSB Abogados y Economistas en Baleares","robots":{"index":"index","follow":"follow","max-snippet":"max-snippet:-1","max-image-preview":"max-image-preview:large","max-video-preview":"max-video-preview:-1"},"canonical":"https:\/\/fmsb.eu\/en\/2022\/02\/27\/cagancho-vuelve-a-legislar-el-modelo-720-jorge-sainz-de-baranda\/","og_locale":"en_US","og_type":"article","og_title":"Cagancho vuelve a legislar el 720, art\u00edculo de opini\u00f3n de Jorge S\u00e1inz de Baranda en Mallorcadiario - FMSB Abogados y Economistas en Baleares","og_description":"&nbsp; mallorcadiario.com\u00a0 Opini\u00f3n DOMINGO 27 DE FEBRERO DE 2022 DOMINGO 25 DE OCTUBRE DE 2020 Cagancho vuelve a legislar el 720 Por\u00a0Jorge S\u00e1inz de Baranda M\u00c1S ART\u00cdCULOS DEL AUTOR \u00a0 Va por Uds., maestros de la Pe\u00f1a Concursal -y por mi querida T\u00eda Elena, que tristemente nos ha dejado hace pocos d\u00edas-. Con las semanales [&hellip;]","og_url":"https:\/\/fmsb.eu\/en\/2022\/02\/27\/cagancho-vuelve-a-legislar-el-modelo-720-jorge-sainz-de-baranda\/","og_site_name":"FMSB Abogados y Economistas en Baleares","article_published_time":"2022-02-27T04:39:03+00:00","og_image":[{"width":1600,"height":1200,"url":"https:\/\/fmsb.eu\/wp-content\/uploads\/2022\/02\/FMSB-Abogados-Jorge-Sainz-de-Baranda-Cagancho-vuelve-a-legislar-el-modelo-720-00.jpg","type":"image\/jpeg"}],"author":"fmsb","twitter_card":"summary_large_image","twitter_creator":"@fmsb-disstint","twitter_misc":{"Written by":"fmsb","Est. reading time":"5 minutes"},"schema":{"@context":"https:\/\/schema.org","@graph":[{"@type":"Article","@id":"https:\/\/fmsb.eu\/en\/2022\/02\/27\/cagancho-vuelve-a-legislar-el-modelo-720-jorge-sainz-de-baranda\/#article","isPartOf":{"@id":"https:\/\/fmsb.eu\/en\/2022\/02\/27\/cagancho-vuelve-a-legislar-el-modelo-720-jorge-sainz-de-baranda\/"},"author":{"name":"fmsb","@id":"https:\/\/fmsb.eu\/en\/#\/schema\/person\/9fba7c70814b0cd34d35d655d36a4ca2"},"headline":"Cagancho vuelve a legislar el 720, art\u00edculo de opini\u00f3n de Jorge S\u00e1inz de Baranda en Mallorcadiario","datePublished":"2022-02-27T04:39:03+00:00","mainEntityOfPage":{"@id":"https:\/\/fmsb.eu\/en\/2022\/02\/27\/cagancho-vuelve-a-legislar-el-modelo-720-jorge-sainz-de-baranda\/"},"wordCount":871,"publisher":{"@id":"https:\/\/fmsb.eu\/en\/#organization"},"image":{"@id":"https:\/\/fmsb.eu\/en\/2022\/02\/27\/cagancho-vuelve-a-legislar-el-modelo-720-jorge-sainz-de-baranda\/#primaryimage"},"thumbnailUrl":"https:\/\/fmsb.eu\/wp-content\/uploads\/2022\/02\/FMSB-Abogados-Jorge-Sainz-de-Baranda-Cagancho-vuelve-a-legislar-el-modelo-720-00.jpg","keywords":["abogados","administraci\u00f3n tributaria","aeat","agencia tributaria","antifraude","articulos","asesores","ATIB","baleares","blanqueo","blanqueo de capitales","campa\u00f1a de la renta","campa\u00f1a irpf","catastro","comunidad aut\u00f3noma","declaraci\u00f3n de inconstitucionalidad","declaraci\u00f3n de nulidad","derecho de la uni\u00f3n europea","derecho fiscal","derecho tributario","dgt","direcci\u00f3n general de tributos","direcci\u00f3n general del catastro","economistas","el arenal","extranjeros","fmsb","Hacienda","herencias","ibi","ibiza","illes balears","impuesto de sucesiones","impuestos","incremento del valor de los terrenos de naturaleza urbana","IRPF","jorge sainz de baranda","law","lawyers","ley antifraude","mallorca","mallorcadiario","Manacor","menorca","modelo 720","obligado tributario","opinion","Palma","plan anual de control tributario","plusval\u00eda","port d&#8217;andratx","prespuestos generales del estado","presupuestos 2021","prevenci\u00f3n","puerto de andratx","recargo","residentes fiscales","solicitors","sucesiones y donaciones","testador","tributos","ue","valor de referencia catastral"],"articleSection":["blog","Derecho Fiscal","Home","Opini\u00f3n"],"inLanguage":"en-US"},{"@type":"WebPage","@id":"https:\/\/fmsb.eu\/en\/2022\/02\/27\/cagancho-vuelve-a-legislar-el-modelo-720-jorge-sainz-de-baranda\/","url":"https:\/\/fmsb.eu\/en\/2022\/02\/27\/cagancho-vuelve-a-legislar-el-modelo-720-jorge-sainz-de-baranda\/","name":"Cagancho vuelve a legislar el 720, art\u00edculo de opini\u00f3n de Jorge S\u00e1inz de Baranda en Mallorcadiario - FMSB Abogados y Economistas en Baleares","isPartOf":{"@id":"https:\/\/fmsb.eu\/en\/#website"},"primaryImageOfPage":{"@id":"https:\/\/fmsb.eu\/en\/2022\/02\/27\/cagancho-vuelve-a-legislar-el-modelo-720-jorge-sainz-de-baranda\/#primaryimage"},"image":{"@id":"https:\/\/fmsb.eu\/en\/2022\/02\/27\/cagancho-vuelve-a-legislar-el-modelo-720-jorge-sainz-de-baranda\/#primaryimage"},"thumbnailUrl":"https:\/\/fmsb.eu\/wp-content\/uploads\/2022\/02\/FMSB-Abogados-Jorge-Sainz-de-Baranda-Cagancho-vuelve-a-legislar-el-modelo-720-00.jpg","datePublished":"2022-02-27T04:39:03+00:00","breadcrumb":{"@id":"https:\/\/fmsb.eu\/en\/2022\/02\/27\/cagancho-vuelve-a-legislar-el-modelo-720-jorge-sainz-de-baranda\/#breadcrumb"},"inLanguage":"en-US","potentialAction":[{"@type":"ReadAction","target":["https:\/\/fmsb.eu\/en\/2022\/02\/27\/cagancho-vuelve-a-legislar-el-modelo-720-jorge-sainz-de-baranda\/"]}]},{"@type":"ImageObject","inLanguage":"en-US","@id":"https:\/\/fmsb.eu\/en\/2022\/02\/27\/cagancho-vuelve-a-legislar-el-modelo-720-jorge-sainz-de-baranda\/#primaryimage","url":"https:\/\/fmsb.eu\/wp-content\/uploads\/2022\/02\/FMSB-Abogados-Jorge-Sainz-de-Baranda-Cagancho-vuelve-a-legislar-el-modelo-720-00.jpg","contentUrl":"https:\/\/fmsb.eu\/wp-content\/uploads\/2022\/02\/FMSB-Abogados-Jorge-Sainz-de-Baranda-Cagancho-vuelve-a-legislar-el-modelo-720-00.jpg","width":1600,"height":1200},{"@type":"BreadcrumbList","@id":"https:\/\/fmsb.eu\/en\/2022\/02\/27\/cagancho-vuelve-a-legislar-el-modelo-720-jorge-sainz-de-baranda\/#breadcrumb","itemListElement":[{"@type":"ListItem","position":1,"name":"Portada","item":"https:\/\/fmsb.eu\/en\/"},{"@type":"ListItem","position":2,"name":"Cagancho vuelve a legislar el 720, art\u00edculo de opini\u00f3n de Jorge S\u00e1inz de Baranda en Mallorcadiario"}]},{"@type":"WebSite","@id":"https:\/\/fmsb.eu\/en\/#website","url":"https:\/\/fmsb.eu\/en\/","name":"FMSB Abogados y Economistas en Baleares","description":"","publisher":{"@id":"https:\/\/fmsb.eu\/en\/#organization"},"potentialAction":[{"@type":"SearchAction","target":{"@type":"EntryPoint","urlTemplate":"https:\/\/fmsb.eu\/en\/?s={search_term_string}"},"query-input":{"@type":"PropertyValueSpecification","valueRequired":true,"valueName":"search_term_string"}}],"inLanguage":"en-US"},{"@type":"Organization","@id":"https:\/\/fmsb.eu\/en\/#organization","name":"FMSB Abogados y Economistas en Baleares","url":"https:\/\/fmsb.eu\/en\/","logo":{"@type":"ImageObject","inLanguage":"en-US","@id":"https:\/\/fmsb.eu\/en\/#\/schema\/logo\/image\/","url":"https:\/\/fmsb.eu\/wp-content\/uploads\/2025\/02\/logo.svg","contentUrl":"https:\/\/fmsb.eu\/wp-content\/uploads\/2025\/02\/logo.svg","width":154,"height":52,"caption":"FMSB Abogados y Economistas en Baleares"},"image":{"@id":"https:\/\/fmsb.eu\/en\/#\/schema\/logo\/image\/"}},{"@type":"Person","@id":"https:\/\/fmsb.eu\/en\/#\/schema\/person\/9fba7c70814b0cd34d35d655d36a4ca2","name":"fmsb","image":{"@type":"ImageObject","inLanguage":"en-US","@id":"https:\/\/secure.gravatar.com\/avatar\/426f4d5b0ebcace85460caf87cdaaa193694b611e990615d87a13f322fb7ee7f?s=96&d=mm&r=g","url":"https:\/\/secure.gravatar.com\/avatar\/426f4d5b0ebcace85460caf87cdaaa193694b611e990615d87a13f322fb7ee7f?s=96&d=mm&r=g","contentUrl":"https:\/\/secure.gravatar.com\/avatar\/426f4d5b0ebcace85460caf87cdaaa193694b611e990615d87a13f322fb7ee7f?s=96&d=mm&r=g","caption":"fmsb"},"sameAs":["https:\/\/x.com\/fmsb-disstint"],"url":"https:\/\/fmsb.eu\/en\/author\/fmsb\/"}]}},"_links":{"self":[{"href":"https:\/\/fmsb.eu\/en\/wp-json\/wp\/v2\/posts\/11448","targetHints":{"allow":["GET"]}}],"collection":[{"href":"https:\/\/fmsb.eu\/en\/wp-json\/wp\/v2\/posts"}],"about":[{"href":"https:\/\/fmsb.eu\/en\/wp-json\/wp\/v2\/types\/post"}],"author":[{"embeddable":true,"href":"https:\/\/fmsb.eu\/en\/wp-json\/wp\/v2\/users\/2"}],"replies":[{"embeddable":true,"href":"https:\/\/fmsb.eu\/en\/wp-json\/wp\/v2\/comments?post=11448"}],"version-history":[{"count":0,"href":"https:\/\/fmsb.eu\/en\/wp-json\/wp\/v2\/posts\/11448\/revisions"}],"wp:featuredmedia":[{"embeddable":true,"href":"https:\/\/fmsb.eu\/en\/wp-json\/wp\/v2\/media\/9698"}],"wp:attachment":[{"href":"https:\/\/fmsb.eu\/en\/wp-json\/wp\/v2\/media?parent=11448"}],"wp:term":[{"taxonomy":"category","embeddable":true,"href":"https:\/\/fmsb.eu\/en\/wp-json\/wp\/v2\/categories?post=11448"},{"taxonomy":"post_tag","embeddable":true,"href":"https:\/\/fmsb.eu\/en\/wp-json\/wp\/v2\/tags?post=11448"}],"curies":[{"name":"wp","href":"https:\/\/api.w.org\/{rel}","templated":true}]}}