{"id":11500,"date":"2021-12-09T11:01:54","date_gmt":"2021-12-09T10:01:54","guid":{"rendered":"http:\/\/fmsb.disstintbeta.com\/2021\/12\/09\/abogado-general-recomienda-no-poder-reclamar-al-banco-santander-banco-popular\/"},"modified":"2021-12-09T11:01:54","modified_gmt":"2021-12-09T10:01:54","slug":"abogado-general-recomienda-no-poder-reclamar-al-banco-santander-banco-popular","status":"publish","type":"post","link":"https:\/\/fmsb.eu\/en\/2021\/12\/09\/abogado-general-recomienda-no-poder-reclamar-al-banco-santander-banco-popular\/","title":{"rendered":"El abogado general de la Uni\u00f3n Europea recomienda al TJUE que los accionistas del Banco Popular no puedan demandar al Banco Santander para recuperar sus inversiones"},"content":{"rendered":"<h1><a href=\"http:\/\/fmsb.disstintbeta.com\/wp-content\/uploads\/2021\/12\/FMSB-Abogados-TJUE-Abogado-General-recomienda-no-admitir-demandas-de-accionistas-Banco-Popular-Banco-Santander.jpg\"><img fetchpriority=\"high\" decoding=\"async\" class=\"alignnone wp-image-5590\" src=\"http:\/\/fmsb.disstintbeta.com\/wp-content\/uploads\/2021\/12\/FMSB-Abogados-TJUE-Abogado-General-recomienda-no-admitir-demandas-de-accionistas-Banco-Popular-Banco-Santander.jpg\" alt=\"\" width=\"800\" height=\"611\" srcset=\"https:\/\/font-mora-sainz-baranda.fra1.digitaloceanspaces.com\/wp-content\/uploads\/2021\/12\/FMSB-Abogados-TJUE-Abogado-General-recomienda-no-admitir-demandas-de-accionistas-Banco-Popular-Banco-Santander.jpg 844w, https:\/\/font-mora-sainz-baranda.fra1.digitaloceanspaces.com\/wp-content\/uploads\/2021\/12\/FMSB-Abogados-TJUE-Abogado-General-recomienda-no-admitir-demandas-de-accionistas-Banco-Popular-Banco-Santander-300x229.jpg 300w, https:\/\/font-mora-sainz-baranda.fra1.digitaloceanspaces.com\/wp-content\/uploads\/2021\/12\/FMSB-Abogados-TJUE-Abogado-General-recomienda-no-admitir-demandas-de-accionistas-Banco-Popular-Banco-Santander-768x587.jpg 768w\" sizes=\"(max-width: 800px) 100vw, 800px\" \/><\/a><\/h1>\n<p>&nbsp;<\/p>\n<h1>El abogado general de la Uni\u00f3n Europea recomienda al TJUE que los accionistas del Banco Popular no puedan demandar al Banco Santander para recuperar sus inversiones.<\/h1>\n<p>El abogado general de la Uni\u00f3n Europea emite un dictamen, que no tiene car\u00e1cter vinculante, en el que recomienda al Tribunal de Justicia de la Uni\u00f3n Europea (TJUE) que los accionistas del Banco Popular no puedan demandar al Banco Santander.<\/p>\n<p>De pronunciarse m\u00e1s adelante el Tribunal en el sentido propuesto ahora por el abogado general, el Santander, que se hizo con el Popular por 1 \u20ac, quedar\u00eda salvaguardado frente a las demandas ya interpuestas por muchos de los inversores que acudieron a la ampliaci\u00f3n de capital del Banco Popular en 2016, los cuales vieron perder toda su inversi\u00f3n con la disoluci\u00f3n y venta simb\u00f3lica del banco en 2017. Los inversores mantienen que sus p\u00e9rdidas son fruto de que las cuentas presentadas por la entidad para dicha ampliaci\u00f3n no reflejaron fielmente la situaci\u00f3n real del banco y por ello los contratos de suscripci\u00f3n de acciones mediante los que plasmaron su inversi\u00f3n deber\u00edan ser nulos.<\/p>\n<p>B\u00e1sicamente, los planteamientos del abogado general plasmados en su dictamen, el cual trae causa de una cuesti\u00f3n planteada por la Audiencia Provincial de A Coru\u00f1a ante el TJUE, son los siguientes:<\/p>\n<ul>\n<li>se\u00f1ala que \u00ab<em>en el marco de un procedimiento de disoluci\u00f3n de una entidad financiera, cuando se hayan amortizado la totalidad de las acciones en que se divid\u00eda el capital social, la Directiva sobre la reestructuraci\u00f3n y la resoluci\u00f3n de entidades de cr\u00e9dito y empresas de servicios de inversi\u00f3n se opone, por un lado, a que quienes adquirieron sus acciones unos meses antes del inicio del procedimiento de disoluci\u00f3n, con ocasi\u00f3n de una ampliaci\u00f3n de capital con oferta p\u00fablica de suscripci\u00f3n, puedan promover contra la entidad emisora o contra la entidad resultante de una fusi\u00f3n por absorci\u00f3n posterior, con posterioridad a la decisi\u00f3n de disoluci\u00f3n, demandas de resarcimiento o demandas de efecto equivalente basadas en que el folleto de la emisi\u00f3n conten\u00eda informaci\u00f3n defectuosa<\/em>\u00bb.<\/li>\n<li>muestra su oposici\u00f3n a que se impongan judicialmente a la entidad emisora o a la entidad que la suceda universalmente, es decir, al Banco Santander \u00ab<em>obligaciones de restituir el contravalor de las acciones suscritas y de abonar intereses como consecuencia de la declaraci\u00f3n de nulidad, con efectos retroactivos, del contrato de suscripci\u00f3n de las acciones, en virtud de demandas promovidas con posterioridad a la resoluci\u00f3n de la entidad<\/em>\u00bb.<\/li>\n<li>Hace un recordatorio de que, con anterioridad, el TJUE ya ha declarado que el inter\u00e9s de los inversores no prevalece sobre el inter\u00e9s de garantizar la estabilidad del sistema financiero, argumento este que fue utilizado por la Junta \u00danica de Resoluci\u00f3n (JUR) para defender la idoneidad de la operaci\u00f3n de disoluci\u00f3n del Banco Popular.<\/li>\n<\/ul>\n<p>En definitiva, el abogado general considera que \u00ab<em>los mecanismos de disoluci\u00f3n que implican una recapitalizaci\u00f3n interna, una amortizaci\u00f3n total y la venta del negocio<\/em>\u00bb se oponen al ejercicio de una acci\u00f3n de nulidad del contrato de suscripci\u00f3n de acciones con posterioridad a la fecha de la decisi\u00f3n de resoluci\u00f3n.<\/p>\n<p>&nbsp;<\/p>\n<hr \/>\n<p>#fmsb #fontmorasainzdebaranda #abogados #economistas #derecho #bancario #ampliaci\u00f3n #capital #bancos #bancosantander #bancopopular #abogadogeneral #nulidad #contratos #suscripci\u00f3n #acciones #dictamen #recomendaci\u00f3n #TJUE #baleares #mallorca #menorca #ibiza #manacor #elarenal #andratx #law #lawyers #solicitors<\/p>\n","protected":false},"excerpt":{"rendered":"<p>&nbsp; El abogado general de la Uni\u00f3n Europea recomienda al TJUE que los accionistas del Banco Popular no puedan demandar al Banco Santander para recuperar sus inversiones. El abogado general de la Uni\u00f3n Europea emite un dictamen, que no tiene car\u00e1cter vinculante, en el que recomienda al Tribunal de Justicia de la Uni\u00f3n Europea (TJUE) [&hellip;]<\/p>\n","protected":false},"author":2,"featured_media":9624,"comment_status":"closed","ping_status":"open","sticky":false,"template":"","format":"standard","meta":{"footnotes":""},"categories":[2148,2149,2406,2407,2408,2150,2152],"tags":[3196,3744,2889,2158,5466,5467,2413,2424,5468,3116,2168,2169,2173,2174,3044,3199,3200,2175,2273,5469,2178,2179,2181,2182,2726,2184,3201,2190,3202,2738,2193,2504,5470,3203],"class_list":["post-11500","post","type-post","status-publish","format-standard","has-post-thumbnail","hentry","category-actualidad-en","category-blog-en-2","category-consumidores-y-usuarios-en","category-contratos-en","category-derecho-bancario-en","category-derecho-civil-en","category-home-en-2","tag-abogados-manacor-en","tag-ampliacion-de-capital-en","tag-andratx-en","tag-baleares-en","tag-banco-popular-en","tag-banco-santander-en","tag-clausulas-en","tag-derecho-bancario-en","tag-disolucion-bancaria-en","tag-doctrina-en","tag-economistas-en","tag-el-arenal-en","tag-fmsb-en","tag-font-mora-sainz-de-baranda-en","tag-gastos-en","tag-gastos-de-constitucion-en","tag-gastos-de-tasacion-en","tag-ibiza-en-2","tag-islas-baleares-en","tag-jur-en","tag-law-en-2","tag-lawyers-en-2","tag-mallorca-en-2","tag-manacor-en","tag-margalida-sanso-en","tag-menorca-en-2","tag-notaria-en","tag-puerto-de-andratx-en","tag-registro-en","tag-sentencia-en","tag-solicitors-en","tag-sts-en","tag-suscripcion-de-acciones-en","tag-tasacion-en"],"yoast_head":"<!-- This site is optimized with the Yoast SEO plugin v27.3 - https:\/\/yoast.com\/product\/yoast-seo-wordpress\/ -->\n<title>El abogado general de la Uni\u00f3n Europea recomienda al TJUE que los accionistas del Banco Popular no puedan demandar al Banco Santander para recuperar sus inversiones - FMSB Abogados y Economistas en Baleares<\/title>\n<meta name=\"robots\" content=\"index, follow, max-snippet:-1, max-image-preview:large, max-video-preview:-1\" \/>\n<link rel=\"canonical\" href=\"https:\/\/fmsb.eu\/en\/2021\/12\/09\/abogado-general-recomienda-no-poder-reclamar-al-banco-santander-banco-popular\/\" \/>\n<meta property=\"og:locale\" content=\"en_US\" \/>\n<meta property=\"og:type\" content=\"article\" \/>\n<meta property=\"og:title\" content=\"El abogado general de la Uni\u00f3n Europea recomienda al TJUE que los accionistas del Banco Popular no puedan demandar al Banco Santander para recuperar sus inversiones - FMSB Abogados y Economistas en Baleares\" \/>\n<meta property=\"og:description\" content=\"&nbsp; El abogado general de la Uni\u00f3n Europea recomienda al TJUE que los accionistas del Banco Popular no puedan demandar al Banco Santander para recuperar sus inversiones. El abogado general de la Uni\u00f3n Europea emite un dictamen, que no tiene car\u00e1cter vinculante, en el que recomienda al Tribunal de Justicia de la Uni\u00f3n Europea (TJUE) [&hellip;]\" \/>\n<meta property=\"og:url\" content=\"https:\/\/fmsb.eu\/en\/2021\/12\/09\/abogado-general-recomienda-no-poder-reclamar-al-banco-santander-banco-popular\/\" \/>\n<meta property=\"og:site_name\" content=\"FMSB Abogados y Economistas en Baleares\" \/>\n<meta property=\"article:published_time\" content=\"2021-12-09T10:01:54+00:00\" \/>\n<meta property=\"og:image\" content=\"https:\/\/fmsb.eu\/wp-content\/uploads\/2021\/12\/FMSB-Abogados-TJUE-Abogado-General-recomienda-no-admitir-demandas-de-accionistas-Banco-Popular-Banco-Santander.jpg\" \/>\n\t<meta property=\"og:image:width\" content=\"844\" \/>\n\t<meta property=\"og:image:height\" content=\"645\" \/>\n\t<meta property=\"og:image:type\" content=\"image\/jpeg\" \/>\n<meta name=\"author\" content=\"fmsb\" \/>\n<meta name=\"twitter:card\" content=\"summary_large_image\" \/>\n<meta name=\"twitter:creator\" content=\"@fmsb-disstint\" \/>\n<meta name=\"twitter:label1\" content=\"Written by\" \/>\n\t<meta name=\"twitter:data1\" content=\"fmsb\" \/>\n\t<meta name=\"twitter:label2\" content=\"Est. reading time\" \/>\n\t<meta name=\"twitter:data2\" content=\"3 minutes\" \/>\n<script type=\"application\/ld+json\" class=\"yoast-schema-graph\">{\"@context\":\"https:\\\/\\\/schema.org\",\"@graph\":[{\"@type\":\"Article\",\"@id\":\"https:\\\/\\\/fmsb.eu\\\/en\\\/2021\\\/12\\\/09\\\/abogado-general-recomienda-no-poder-reclamar-al-banco-santander-banco-popular\\\/#article\",\"isPartOf\":{\"@id\":\"https:\\\/\\\/fmsb.eu\\\/en\\\/2021\\\/12\\\/09\\\/abogado-general-recomienda-no-poder-reclamar-al-banco-santander-banco-popular\\\/\"},\"author\":{\"name\":\"fmsb\",\"@id\":\"https:\\\/\\\/fmsb.eu\\\/en\\\/#\\\/schema\\\/person\\\/9fba7c70814b0cd34d35d655d36a4ca2\"},\"headline\":\"El abogado general de la Uni\u00f3n Europea recomienda al TJUE que los accionistas del Banco Popular no puedan demandar al Banco Santander para recuperar sus inversiones\",\"datePublished\":\"2021-12-09T10:01:54+00:00\",\"mainEntityOfPage\":{\"@id\":\"https:\\\/\\\/fmsb.eu\\\/en\\\/2021\\\/12\\\/09\\\/abogado-general-recomienda-no-poder-reclamar-al-banco-santander-banco-popular\\\/\"},\"wordCount\":615,\"publisher\":{\"@id\":\"https:\\\/\\\/fmsb.eu\\\/en\\\/#organization\"},\"image\":{\"@id\":\"https:\\\/\\\/fmsb.eu\\\/en\\\/2021\\\/12\\\/09\\\/abogado-general-recomienda-no-poder-reclamar-al-banco-santander-banco-popular\\\/#primaryimage\"},\"thumbnailUrl\":\"https:\\\/\\\/fmsb.eu\\\/wp-content\\\/uploads\\\/2021\\\/12\\\/FMSB-Abogados-TJUE-Abogado-General-recomienda-no-admitir-demandas-de-accionistas-Banco-Popular-Banco-Santander.jpg\",\"keywords\":[\"abogados manacor\",\"ampliaci\u00f3n de capital\",\"andratx\",\"baleares\",\"banco popular\",\"banco santander\",\"cl\u00e1usulas\",\"derecho bancario\",\"disoluci\u00f3n bancaria\",\"doctrina\",\"economistas\",\"el arenal\",\"fmsb\",\"font mora sainz de baranda\",\"gastos\",\"gastos de constitucion\",\"gastos de tasaci\u00f3n\",\"ibiza\",\"islas baleares\",\"JUR\",\"law\",\"lawyers\",\"mallorca\",\"Manacor\",\"margalida sanso\",\"menorca\",\"notar\u00eda\",\"puerto de andratx\",\"registro\",\"sentencia\",\"solicitors\",\"STS\",\"suscripci\u00f3n de acciones\",\"tasaci\u00f3n\"],\"articleSection\":[\"actualidad\",\"blog\",\"Consumidores y Usuarios\",\"contratos\",\"Derecho Bancario\",\"Derecho Civil\",\"Home\"],\"inLanguage\":\"en-US\"},{\"@type\":\"WebPage\",\"@id\":\"https:\\\/\\\/fmsb.eu\\\/en\\\/2021\\\/12\\\/09\\\/abogado-general-recomienda-no-poder-reclamar-al-banco-santander-banco-popular\\\/\",\"url\":\"https:\\\/\\\/fmsb.eu\\\/en\\\/2021\\\/12\\\/09\\\/abogado-general-recomienda-no-poder-reclamar-al-banco-santander-banco-popular\\\/\",\"name\":\"El abogado general de la Uni\u00f3n Europea recomienda al TJUE que los accionistas del Banco Popular no puedan demandar al Banco Santander para recuperar sus inversiones - FMSB Abogados y Economistas en Baleares\",\"isPartOf\":{\"@id\":\"https:\\\/\\\/fmsb.eu\\\/en\\\/#website\"},\"primaryImageOfPage\":{\"@id\":\"https:\\\/\\\/fmsb.eu\\\/en\\\/2021\\\/12\\\/09\\\/abogado-general-recomienda-no-poder-reclamar-al-banco-santander-banco-popular\\\/#primaryimage\"},\"image\":{\"@id\":\"https:\\\/\\\/fmsb.eu\\\/en\\\/2021\\\/12\\\/09\\\/abogado-general-recomienda-no-poder-reclamar-al-banco-santander-banco-popular\\\/#primaryimage\"},\"thumbnailUrl\":\"https:\\\/\\\/fmsb.eu\\\/wp-content\\\/uploads\\\/2021\\\/12\\\/FMSB-Abogados-TJUE-Abogado-General-recomienda-no-admitir-demandas-de-accionistas-Banco-Popular-Banco-Santander.jpg\",\"datePublished\":\"2021-12-09T10:01:54+00:00\",\"breadcrumb\":{\"@id\":\"https:\\\/\\\/fmsb.eu\\\/en\\\/2021\\\/12\\\/09\\\/abogado-general-recomienda-no-poder-reclamar-al-banco-santander-banco-popular\\\/#breadcrumb\"},\"inLanguage\":\"en-US\",\"potentialAction\":[{\"@type\":\"ReadAction\",\"target\":[\"https:\\\/\\\/fmsb.eu\\\/en\\\/2021\\\/12\\\/09\\\/abogado-general-recomienda-no-poder-reclamar-al-banco-santander-banco-popular\\\/\"]}]},{\"@type\":\"ImageObject\",\"inLanguage\":\"en-US\",\"@id\":\"https:\\\/\\\/fmsb.eu\\\/en\\\/2021\\\/12\\\/09\\\/abogado-general-recomienda-no-poder-reclamar-al-banco-santander-banco-popular\\\/#primaryimage\",\"url\":\"https:\\\/\\\/fmsb.eu\\\/wp-content\\\/uploads\\\/2021\\\/12\\\/FMSB-Abogados-TJUE-Abogado-General-recomienda-no-admitir-demandas-de-accionistas-Banco-Popular-Banco-Santander.jpg\",\"contentUrl\":\"https:\\\/\\\/fmsb.eu\\\/wp-content\\\/uploads\\\/2021\\\/12\\\/FMSB-Abogados-TJUE-Abogado-General-recomienda-no-admitir-demandas-de-accionistas-Banco-Popular-Banco-Santander.jpg\",\"width\":844,\"height\":645},{\"@type\":\"BreadcrumbList\",\"@id\":\"https:\\\/\\\/fmsb.eu\\\/en\\\/2021\\\/12\\\/09\\\/abogado-general-recomienda-no-poder-reclamar-al-banco-santander-banco-popular\\\/#breadcrumb\",\"itemListElement\":[{\"@type\":\"ListItem\",\"position\":1,\"name\":\"Portada\",\"item\":\"https:\\\/\\\/fmsb.eu\\\/en\\\/\"},{\"@type\":\"ListItem\",\"position\":2,\"name\":\"El abogado general de la Uni\u00f3n Europea recomienda al TJUE que los accionistas del Banco Popular no puedan demandar al Banco Santander para recuperar sus inversiones\"}]},{\"@type\":\"WebSite\",\"@id\":\"https:\\\/\\\/fmsb.eu\\\/en\\\/#website\",\"url\":\"https:\\\/\\\/fmsb.eu\\\/en\\\/\",\"name\":\"FMSB Abogados y Economistas en Baleares\",\"description\":\"\",\"publisher\":{\"@id\":\"https:\\\/\\\/fmsb.eu\\\/en\\\/#organization\"},\"potentialAction\":[{\"@type\":\"SearchAction\",\"target\":{\"@type\":\"EntryPoint\",\"urlTemplate\":\"https:\\\/\\\/fmsb.eu\\\/en\\\/?s={search_term_string}\"},\"query-input\":{\"@type\":\"PropertyValueSpecification\",\"valueRequired\":true,\"valueName\":\"search_term_string\"}}],\"inLanguage\":\"en-US\"},{\"@type\":\"Organization\",\"@id\":\"https:\\\/\\\/fmsb.eu\\\/en\\\/#organization\",\"name\":\"FMSB Abogados y Economistas en Baleares\",\"url\":\"https:\\\/\\\/fmsb.eu\\\/en\\\/\",\"logo\":{\"@type\":\"ImageObject\",\"inLanguage\":\"en-US\",\"@id\":\"https:\\\/\\\/fmsb.eu\\\/en\\\/#\\\/schema\\\/logo\\\/image\\\/\",\"url\":\"https:\\\/\\\/fmsb.eu\\\/wp-content\\\/uploads\\\/2025\\\/02\\\/logo.svg\",\"contentUrl\":\"https:\\\/\\\/fmsb.eu\\\/wp-content\\\/uploads\\\/2025\\\/02\\\/logo.svg\",\"width\":154,\"height\":52,\"caption\":\"FMSB Abogados y Economistas en Baleares\"},\"image\":{\"@id\":\"https:\\\/\\\/fmsb.eu\\\/en\\\/#\\\/schema\\\/logo\\\/image\\\/\"}},{\"@type\":\"Person\",\"@id\":\"https:\\\/\\\/fmsb.eu\\\/en\\\/#\\\/schema\\\/person\\\/9fba7c70814b0cd34d35d655d36a4ca2\",\"name\":\"fmsb\",\"image\":{\"@type\":\"ImageObject\",\"inLanguage\":\"en-US\",\"@id\":\"https:\\\/\\\/secure.gravatar.com\\\/avatar\\\/426f4d5b0ebcace85460caf87cdaaa193694b611e990615d87a13f322fb7ee7f?s=96&d=mm&r=g\",\"url\":\"https:\\\/\\\/secure.gravatar.com\\\/avatar\\\/426f4d5b0ebcace85460caf87cdaaa193694b611e990615d87a13f322fb7ee7f?s=96&d=mm&r=g\",\"contentUrl\":\"https:\\\/\\\/secure.gravatar.com\\\/avatar\\\/426f4d5b0ebcace85460caf87cdaaa193694b611e990615d87a13f322fb7ee7f?s=96&d=mm&r=g\",\"caption\":\"fmsb\"},\"sameAs\":[\"https:\\\/\\\/x.com\\\/fmsb-disstint\"],\"url\":\"https:\\\/\\\/fmsb.eu\\\/en\\\/author\\\/fmsb\\\/\"}]}<\/script>\n<!-- \/ Yoast SEO plugin. -->","yoast_head_json":{"title":"El abogado general de la Uni\u00f3n Europea recomienda al TJUE que los accionistas del Banco Popular no puedan demandar al Banco Santander para recuperar sus inversiones - FMSB Abogados y Economistas en Baleares","robots":{"index":"index","follow":"follow","max-snippet":"max-snippet:-1","max-image-preview":"max-image-preview:large","max-video-preview":"max-video-preview:-1"},"canonical":"https:\/\/fmsb.eu\/en\/2021\/12\/09\/abogado-general-recomienda-no-poder-reclamar-al-banco-santander-banco-popular\/","og_locale":"en_US","og_type":"article","og_title":"El abogado general de la Uni\u00f3n Europea recomienda al TJUE que los accionistas del Banco Popular no puedan demandar al Banco Santander para recuperar sus inversiones - FMSB Abogados y Economistas en Baleares","og_description":"&nbsp; El abogado general de la Uni\u00f3n Europea recomienda al TJUE que los accionistas del Banco Popular no puedan demandar al Banco Santander para recuperar sus inversiones. El abogado general de la Uni\u00f3n Europea emite un dictamen, que no tiene car\u00e1cter vinculante, en el que recomienda al Tribunal de Justicia de la Uni\u00f3n Europea (TJUE) [&hellip;]","og_url":"https:\/\/fmsb.eu\/en\/2021\/12\/09\/abogado-general-recomienda-no-poder-reclamar-al-banco-santander-banco-popular\/","og_site_name":"FMSB Abogados y Economistas en Baleares","article_published_time":"2021-12-09T10:01:54+00:00","og_image":[{"width":844,"height":645,"url":"https:\/\/fmsb.eu\/wp-content\/uploads\/2021\/12\/FMSB-Abogados-TJUE-Abogado-General-recomienda-no-admitir-demandas-de-accionistas-Banco-Popular-Banco-Santander.jpg","type":"image\/jpeg"}],"author":"fmsb","twitter_card":"summary_large_image","twitter_creator":"@fmsb-disstint","twitter_misc":{"Written by":"fmsb","Est. reading time":"3 minutes"},"schema":{"@context":"https:\/\/schema.org","@graph":[{"@type":"Article","@id":"https:\/\/fmsb.eu\/en\/2021\/12\/09\/abogado-general-recomienda-no-poder-reclamar-al-banco-santander-banco-popular\/#article","isPartOf":{"@id":"https:\/\/fmsb.eu\/en\/2021\/12\/09\/abogado-general-recomienda-no-poder-reclamar-al-banco-santander-banco-popular\/"},"author":{"name":"fmsb","@id":"https:\/\/fmsb.eu\/en\/#\/schema\/person\/9fba7c70814b0cd34d35d655d36a4ca2"},"headline":"El abogado general de la Uni\u00f3n Europea recomienda al TJUE que los accionistas del Banco Popular no puedan demandar al Banco Santander para recuperar sus inversiones","datePublished":"2021-12-09T10:01:54+00:00","mainEntityOfPage":{"@id":"https:\/\/fmsb.eu\/en\/2021\/12\/09\/abogado-general-recomienda-no-poder-reclamar-al-banco-santander-banco-popular\/"},"wordCount":615,"publisher":{"@id":"https:\/\/fmsb.eu\/en\/#organization"},"image":{"@id":"https:\/\/fmsb.eu\/en\/2021\/12\/09\/abogado-general-recomienda-no-poder-reclamar-al-banco-santander-banco-popular\/#primaryimage"},"thumbnailUrl":"https:\/\/fmsb.eu\/wp-content\/uploads\/2021\/12\/FMSB-Abogados-TJUE-Abogado-General-recomienda-no-admitir-demandas-de-accionistas-Banco-Popular-Banco-Santander.jpg","keywords":["abogados manacor","ampliaci\u00f3n de capital","andratx","baleares","banco popular","banco santander","cl\u00e1usulas","derecho bancario","disoluci\u00f3n bancaria","doctrina","economistas","el arenal","fmsb","font mora sainz de baranda","gastos","gastos de constitucion","gastos de tasaci\u00f3n","ibiza","islas baleares","JUR","law","lawyers","mallorca","Manacor","margalida sanso","menorca","notar\u00eda","puerto de andratx","registro","sentencia","solicitors","STS","suscripci\u00f3n de acciones","tasaci\u00f3n"],"articleSection":["actualidad","blog","Consumidores y Usuarios","contratos","Derecho Bancario","Derecho Civil","Home"],"inLanguage":"en-US"},{"@type":"WebPage","@id":"https:\/\/fmsb.eu\/en\/2021\/12\/09\/abogado-general-recomienda-no-poder-reclamar-al-banco-santander-banco-popular\/","url":"https:\/\/fmsb.eu\/en\/2021\/12\/09\/abogado-general-recomienda-no-poder-reclamar-al-banco-santander-banco-popular\/","name":"El abogado general de la Uni\u00f3n Europea recomienda al TJUE que los accionistas del Banco Popular no puedan demandar al Banco Santander para recuperar sus inversiones - FMSB Abogados y Economistas en Baleares","isPartOf":{"@id":"https:\/\/fmsb.eu\/en\/#website"},"primaryImageOfPage":{"@id":"https:\/\/fmsb.eu\/en\/2021\/12\/09\/abogado-general-recomienda-no-poder-reclamar-al-banco-santander-banco-popular\/#primaryimage"},"image":{"@id":"https:\/\/fmsb.eu\/en\/2021\/12\/09\/abogado-general-recomienda-no-poder-reclamar-al-banco-santander-banco-popular\/#primaryimage"},"thumbnailUrl":"https:\/\/fmsb.eu\/wp-content\/uploads\/2021\/12\/FMSB-Abogados-TJUE-Abogado-General-recomienda-no-admitir-demandas-de-accionistas-Banco-Popular-Banco-Santander.jpg","datePublished":"2021-12-09T10:01:54+00:00","breadcrumb":{"@id":"https:\/\/fmsb.eu\/en\/2021\/12\/09\/abogado-general-recomienda-no-poder-reclamar-al-banco-santander-banco-popular\/#breadcrumb"},"inLanguage":"en-US","potentialAction":[{"@type":"ReadAction","target":["https:\/\/fmsb.eu\/en\/2021\/12\/09\/abogado-general-recomienda-no-poder-reclamar-al-banco-santander-banco-popular\/"]}]},{"@type":"ImageObject","inLanguage":"en-US","@id":"https:\/\/fmsb.eu\/en\/2021\/12\/09\/abogado-general-recomienda-no-poder-reclamar-al-banco-santander-banco-popular\/#primaryimage","url":"https:\/\/fmsb.eu\/wp-content\/uploads\/2021\/12\/FMSB-Abogados-TJUE-Abogado-General-recomienda-no-admitir-demandas-de-accionistas-Banco-Popular-Banco-Santander.jpg","contentUrl":"https:\/\/fmsb.eu\/wp-content\/uploads\/2021\/12\/FMSB-Abogados-TJUE-Abogado-General-recomienda-no-admitir-demandas-de-accionistas-Banco-Popular-Banco-Santander.jpg","width":844,"height":645},{"@type":"BreadcrumbList","@id":"https:\/\/fmsb.eu\/en\/2021\/12\/09\/abogado-general-recomienda-no-poder-reclamar-al-banco-santander-banco-popular\/#breadcrumb","itemListElement":[{"@type":"ListItem","position":1,"name":"Portada","item":"https:\/\/fmsb.eu\/en\/"},{"@type":"ListItem","position":2,"name":"El abogado general de la Uni\u00f3n Europea recomienda al TJUE que los accionistas del Banco Popular no puedan demandar al Banco Santander para recuperar sus inversiones"}]},{"@type":"WebSite","@id":"https:\/\/fmsb.eu\/en\/#website","url":"https:\/\/fmsb.eu\/en\/","name":"FMSB Abogados y Economistas en Baleares","description":"","publisher":{"@id":"https:\/\/fmsb.eu\/en\/#organization"},"potentialAction":[{"@type":"SearchAction","target":{"@type":"EntryPoint","urlTemplate":"https:\/\/fmsb.eu\/en\/?s={search_term_string}"},"query-input":{"@type":"PropertyValueSpecification","valueRequired":true,"valueName":"search_term_string"}}],"inLanguage":"en-US"},{"@type":"Organization","@id":"https:\/\/fmsb.eu\/en\/#organization","name":"FMSB Abogados y Economistas en Baleares","url":"https:\/\/fmsb.eu\/en\/","logo":{"@type":"ImageObject","inLanguage":"en-US","@id":"https:\/\/fmsb.eu\/en\/#\/schema\/logo\/image\/","url":"https:\/\/fmsb.eu\/wp-content\/uploads\/2025\/02\/logo.svg","contentUrl":"https:\/\/fmsb.eu\/wp-content\/uploads\/2025\/02\/logo.svg","width":154,"height":52,"caption":"FMSB Abogados y Economistas en Baleares"},"image":{"@id":"https:\/\/fmsb.eu\/en\/#\/schema\/logo\/image\/"}},{"@type":"Person","@id":"https:\/\/fmsb.eu\/en\/#\/schema\/person\/9fba7c70814b0cd34d35d655d36a4ca2","name":"fmsb","image":{"@type":"ImageObject","inLanguage":"en-US","@id":"https:\/\/secure.gravatar.com\/avatar\/426f4d5b0ebcace85460caf87cdaaa193694b611e990615d87a13f322fb7ee7f?s=96&d=mm&r=g","url":"https:\/\/secure.gravatar.com\/avatar\/426f4d5b0ebcace85460caf87cdaaa193694b611e990615d87a13f322fb7ee7f?s=96&d=mm&r=g","contentUrl":"https:\/\/secure.gravatar.com\/avatar\/426f4d5b0ebcace85460caf87cdaaa193694b611e990615d87a13f322fb7ee7f?s=96&d=mm&r=g","caption":"fmsb"},"sameAs":["https:\/\/x.com\/fmsb-disstint"],"url":"https:\/\/fmsb.eu\/en\/author\/fmsb\/"}]}},"_links":{"self":[{"href":"https:\/\/fmsb.eu\/en\/wp-json\/wp\/v2\/posts\/11500","targetHints":{"allow":["GET"]}}],"collection":[{"href":"https:\/\/fmsb.eu\/en\/wp-json\/wp\/v2\/posts"}],"about":[{"href":"https:\/\/fmsb.eu\/en\/wp-json\/wp\/v2\/types\/post"}],"author":[{"embeddable":true,"href":"https:\/\/fmsb.eu\/en\/wp-json\/wp\/v2\/users\/2"}],"replies":[{"embeddable":true,"href":"https:\/\/fmsb.eu\/en\/wp-json\/wp\/v2\/comments?post=11500"}],"version-history":[{"count":0,"href":"https:\/\/fmsb.eu\/en\/wp-json\/wp\/v2\/posts\/11500\/revisions"}],"wp:featuredmedia":[{"embeddable":true,"href":"https:\/\/fmsb.eu\/en\/wp-json\/wp\/v2\/media\/9624"}],"wp:attachment":[{"href":"https:\/\/fmsb.eu\/en\/wp-json\/wp\/v2\/media?parent=11500"}],"wp:term":[{"taxonomy":"category","embeddable":true,"href":"https:\/\/fmsb.eu\/en\/wp-json\/wp\/v2\/categories?post=11500"},{"taxonomy":"post_tag","embeddable":true,"href":"https:\/\/fmsb.eu\/en\/wp-json\/wp\/v2\/tags?post=11500"}],"curies":[{"name":"wp","href":"https:\/\/api.w.org\/{rel}","templated":true}]}}