{"id":11502,"date":"2021-12-03T11:17:16","date_gmt":"2021-12-03T10:17:16","guid":{"rendered":"http:\/\/fmsb.disstintbeta.com\/2021\/12\/03\/notas-de-urgencia-pasaporte-covid-baleares-tsj\/"},"modified":"2021-12-03T11:17:16","modified_gmt":"2021-12-03T10:17:16","slug":"notas-de-urgencia-pasaporte-covid-baleares-tsj","status":"publish","type":"post","link":"https:\/\/fmsb.eu\/en\/2021\/12\/03\/notas-de-urgencia-pasaporte-covid-baleares-tsj\/","title":{"rendered":"Notas de urgencia sobre las medidas aprobadas por el Govern balear y autorizadas por el TSJIB, por Jos\u00e9 Y\u00e1\u00f1ez"},"content":{"rendered":"<p><a href=\"http:\/\/fmsb.disstintbeta.com\/wp-content\/uploads\/2021\/12\/FMSB-Abogados-Notas-de-urgencias-Pasaporte-Covid-Baleares-TSJ-1.jpg\"><img fetchpriority=\"high\" decoding=\"async\" class=\"alignnone wp-image-5585\" src=\"http:\/\/fmsb.disstintbeta.com\/wp-content\/uploads\/2021\/12\/FMSB-Abogados-Notas-de-urgencias-Pasaporte-Covid-Baleares-TSJ-1.jpg\" alt=\"\" width=\"800\" height=\"611\" srcset=\"https:\/\/font-mora-sainz-baranda.fra1.digitaloceanspaces.com\/wp-content\/uploads\/2021\/12\/FMSB-Abogados-Notas-de-urgencias-Pasaporte-Covid-Baleares-TSJ-1.jpg 844w, https:\/\/font-mora-sainz-baranda.fra1.digitaloceanspaces.com\/wp-content\/uploads\/2021\/12\/FMSB-Abogados-Notas-de-urgencias-Pasaporte-Covid-Baleares-TSJ-1-300x229.jpg 300w, https:\/\/font-mora-sainz-baranda.fra1.digitaloceanspaces.com\/wp-content\/uploads\/2021\/12\/FMSB-Abogados-Notas-de-urgencias-Pasaporte-Covid-Baleares-TSJ-1-768x587.jpg 768w\" sizes=\"(max-width: 800px) 100vw, 800px\" \/><\/a><\/p>\n<p>&nbsp;<\/p>\n<p>&nbsp;<\/p>\n<h1><strong>NOTAS DE URGENCIA SOBRE LAS MEDIDAS APROBADAS POR EL GOVERN BALEAR Y AUTORIZADAS POR EL TSJIB <\/strong><\/h1>\n<p>&nbsp;<\/p>\n<p>El recient\u00edsimo auto de la Sala de lo Contencioso Administrativo del Tribunal Superior de Justicia de Illes Balears (TSJIB) de 1 de diciembre de 2021, que se puede consultar <a href=\"https:\/\/uh.gsstatic.es\/sfAttachPlugin\/1873241.pdf\"><span style=\"color: #ff0000;\"><strong>aqu\u00ed<\/strong><\/span><\/a>, ha estimado la solicitud del Govern, de conceder autorizaci\u00f3n judicial a una serie de medidas adoptadas en la sesi\u00f3n del Consell de Govern del pasado lunes 29 de noviembre.<\/p>\n<p>Dichas medidas, contrariamente a lo que viene apareciendo en los medios, <strong>no se limitan a la necesidad de presentar el denominado certificado de vacunaci\u00f3n o pasaporte COVID para acceder a locales de ocio y restauraci\u00f3n, sino que incluyen muchas otras cuestiones<\/strong> que indicaremos brevemente, y que estar\u00e1n vigentes, por el momento, hasta el 24 de enero de 2022.<\/p>\n<p>En s\u00edntesis, las medidas acordadas por el Govern y autorizadas por el TSJIB son las siguientes:<\/p>\n<p><strong><em>\u00a0<\/em><\/strong><\/p>\n<h2><strong><em>Ocio nocturno<\/em><\/strong><\/h2>\n<p>1.- Se pueden prestar servicio de terraza con el 100% del aforo m\u00e1ximo permitido, y en interiores se permite el 75% del aforo en establecimientos sitos en islas en nivel 0 de alerta sanitaria y del 60% en novel 1 o superior-<\/p>\n<p>2.- No se permite el consumo en barra, s\u00f3lo se puede usar la barra para pedir y recoger las consumiciones<\/p>\n<p>3.- Se tiene que mantener la distancia de 1,5 metros en mesas o agrupaciones de mesas.<\/p>\n<p>4.- En caso de que haya pista de baile, se puede utilizar en caso de que cada usuario tenga a su disposici\u00f3n dos metros cuadrados.<\/p>\n<p>5.- Se tienen que evitar aglomeraciones en entradas y salidas.<\/p>\n<p>6.- El horario m\u00e1ximo de cierre ser\u00e1n las 5:00 salvo que las ordenanzas municipales establezcan una hora superior.<\/p>\n<p>7.- <strong><u>El uso de mascarilla es obligatorio excepto en los momentos de comer y beber<\/u><\/strong>.<\/p>\n<p>8.- Los establecimientos tienen que disponer de medidores de CO2.<\/p>\n<p><strong><em>\u00a0<\/em><\/strong><\/p>\n<h2><strong><em>Bares de copas y caf\u00e9s concierto<\/em><\/strong><\/h2>\n<p>1.- La capacidad m\u00e1xima ser\u00e1 del 75% del aforo en islas en nivel 0 y del 60% en nivel 1 o superior.<\/p>\n<p>2.- Se tiene que respetar la distancia de 1,5 metros entre mesas <strong><u>y se tiene que usar mascarilla cuando no se est\u00e9 consumiendo<\/u><\/strong>.<\/p>\n<p>3.- El horario de cierre es el que autorice la licencia de actividad o el que dispongan las ordenanzas municipales.<\/p>\n<p>4.- <strong><u>No se permite el baile<\/u><\/strong> en espacios interiores ni exteriores.<\/p>\n<p>5.- Adem\u00e1s de lo anterior le resultan aplicables lo dispuesto para restaurantes en materia de \u00a0\u00a0ventilaci\u00f3n y obligatoriedad de disponer de medidores de CO2.<\/p>\n<h2><\/h2>\n<h2><strong><em>Condiciones espec\u00edficas de acceso a los locales<\/em><\/strong><\/h2>\n<p>1.- Todas las personas mayores de 12 a\u00f1os que pretendan acceder a locales tipo discoteca, sala de fiestas, salas de baile, bares de copas, caf\u00e9s concierto, pubs, y establecimientos de restauraci\u00f3n con aforo interior superior a las 50 personas, as\u00ed como establecimientos de restauraci\u00f3n en alojamientos tur\u00edsticos, instalaciones deportivas, centros recreativos de mayores, y locales de juegos y apuestas, deber\u00e1n exhibir:<\/p>\n<ul>\n<li>Certificado acreditativo de contar con la pauta completa de vacunaci\u00f3n, se entiende valido tal certificado en caso de que hayan transcurrido 14 d\u00edas desde la segunda dosis o desde la dosis \u00fanica para las monodosis o las personas que han recibido una \u00fanica dosis por haber superado la COVID 19.<\/li>\n<li>Certificado de disponer de una prueba diagn\u00f3stica de infecci\u00f3n negativa, aqu\u00ed hay una aparente laguna, porque no se establece periodo temporal.<\/li>\n<li>Certificado que acredite haberse recuperado de la enfermedad dentro de los seis meses anteriores.<\/li>\n<li>Se establece, expresamente, que este certificado s\u00f3lo se podr\u00e1 requerir para el acceso al local y no se podr\u00e1 conservar la informaci\u00f3n ni crear ficheros.<\/li>\n<\/ul>\n<p>2.- En nivel 2 de alerta sanitaria, tambi\u00e9n se exigir\u00e1n los anteriores certificados para el acceso a refugios, albergues, hostales u otros establecimientos tur\u00edsticos con habitaciones de uso compartido<\/p>\n<p>3.- En niveles de alerta sanitaria 3 o superior, los anteriores requisitos de acceso son aplicables a gimnasios y otras instalaciones deportivas, academias de baile, cines, circos y otros establecimientos en los que se desarrollen actividades culturales si se permite el consumo de alimentos y bebidas.<\/p>\n<p>&nbsp;<\/p>\n<p>Por tanto, y como hemos intentado resumir, las medidas acordadas por el Govern y autorizadas por el TSJIB, <strong>no se limitan a la exigencia de la exhibici\u00f3n del certificado de vacunaci\u00f3n o similares para el acceso a determinados locales, sino que se extienden a m\u00e1s cuestiones, conceptos, y \u00e1mbitos<\/strong>.<\/p>\n<p>&nbsp;<\/p>\n<p>&nbsp;<\/p>\n<p><strong>Jos\u00e9 Y\u00e1\u00f1ez<\/strong><\/p>\n<p>Abogado y socio de <strong>FMSB<\/strong><\/p>\n<hr \/>\n<p>#fmsb #fontmorasainzdebaranda #JoseYanez #abogados #economistas #derecho #medidas #pasaportecovid #aforos #prohibiciones #restricciones #restaurantes #ocionocturno #vacunaci\u00f3n #pauta #acceso #horarios #alertasanitaria #baleares #mallorca #menorca #ibiza #law #lawyers #solicitors<\/p>\n","protected":false},"excerpt":{"rendered":"<p>&nbsp; &nbsp; NOTAS DE URGENCIA SOBRE LAS MEDIDAS APROBADAS POR EL GOVERN BALEAR Y AUTORIZADAS POR EL TSJIB &nbsp; El recient\u00edsimo auto de la Sala de lo Contencioso Administrativo del Tribunal Superior de Justicia de Illes Balears (TSJIB) de 1 de diciembre de 2021, que se puede consultar aqu\u00ed, ha estimado la solicitud del Govern, [&hellip;]<\/p>\n","protected":false},"author":2,"featured_media":9622,"comment_status":"closed","ping_status":"open","sticky":false,"template":"","format":"standard","meta":{"footnotes":""},"categories":[2148,2149,2249,2152],"tags":[2156,2158,2166,3148,2168,2169,2173,2174,2175,3151,2178,2179,2181,2182,2184,3311,2186,2190,2193,2197],"class_list":["post-11502","post","type-post","status-publish","format-standard","has-post-thumbnail","hentry","category-actualidad-en","category-blog-en-2","category-derecho-administrativo-en","category-home-en-2","tag-abogados-en","tag-baleares-en","tag-derecho-en","tag-deuda-en","tag-economistas-en","tag-el-arenal-en","tag-fmsb-en","tag-font-mora-sainz-de-baranda-en","tag-ibiza-en-2","tag-jose-yanez-en","tag-law-en-2","tag-lawyers-en-2","tag-mallorca-en-2","tag-manacor-en","tag-menorca-en-2","tag-moroso-en","tag-port-dandratx-en","tag-puerto-de-andratx-en","tag-solicitors-en","tag-vivienda-en"],"yoast_head":"<!-- This site is optimized with the Yoast SEO plugin v27.3 - https:\/\/yoast.com\/product\/yoast-seo-wordpress\/ -->\n<title>Notas de urgencia sobre las medidas aprobadas por el Govern balear y autorizadas por el TSJIB, por Jos\u00e9 Y\u00e1\u00f1ez - FMSB Abogados y Economistas en Baleares<\/title>\n<meta name=\"robots\" content=\"index, follow, max-snippet:-1, max-image-preview:large, max-video-preview:-1\" \/>\n<link rel=\"canonical\" href=\"https:\/\/fmsb.eu\/en\/2021\/12\/03\/notas-de-urgencia-pasaporte-covid-baleares-tsj\/\" \/>\n<meta property=\"og:locale\" content=\"en_US\" \/>\n<meta property=\"og:type\" content=\"article\" \/>\n<meta property=\"og:title\" content=\"Notas de urgencia sobre las medidas aprobadas por el Govern balear y autorizadas por el TSJIB, por Jos\u00e9 Y\u00e1\u00f1ez - FMSB Abogados y Economistas en Baleares\" \/>\n<meta property=\"og:description\" content=\"&nbsp; &nbsp; NOTAS DE URGENCIA SOBRE LAS MEDIDAS APROBADAS POR EL GOVERN BALEAR Y AUTORIZADAS POR EL TSJIB &nbsp; El recient\u00edsimo auto de la Sala de lo Contencioso Administrativo del Tribunal Superior de Justicia de Illes Balears (TSJIB) de 1 de diciembre de 2021, que se puede consultar aqu\u00ed, ha estimado la solicitud del Govern, [&hellip;]\" \/>\n<meta property=\"og:url\" content=\"https:\/\/fmsb.eu\/en\/2021\/12\/03\/notas-de-urgencia-pasaporte-covid-baleares-tsj\/\" \/>\n<meta property=\"og:site_name\" content=\"FMSB Abogados y Economistas en Baleares\" \/>\n<meta property=\"article:published_time\" content=\"2021-12-03T10:17:16+00:00\" \/>\n<meta property=\"og:image\" content=\"https:\/\/fmsb.eu\/wp-content\/uploads\/2021\/12\/FMSB-Abogados-Notas-de-urgencias-Pasaporte-Covid-Baleares-TSJ-1.jpg\" \/>\n\t<meta property=\"og:image:width\" content=\"844\" \/>\n\t<meta property=\"og:image:height\" content=\"645\" \/>\n\t<meta property=\"og:image:type\" content=\"image\/jpeg\" \/>\n<meta name=\"author\" content=\"fmsb\" \/>\n<meta name=\"twitter:card\" content=\"summary_large_image\" \/>\n<meta name=\"twitter:creator\" content=\"@fmsb-disstint\" \/>\n<meta name=\"twitter:label1\" content=\"Written by\" \/>\n\t<meta name=\"twitter:data1\" content=\"fmsb\" \/>\n\t<meta name=\"twitter:label2\" content=\"Est. reading time\" \/>\n\t<meta name=\"twitter:data2\" content=\"4 minutes\" \/>\n<script type=\"application\/ld+json\" class=\"yoast-schema-graph\">{\"@context\":\"https:\\\/\\\/schema.org\",\"@graph\":[{\"@type\":\"Article\",\"@id\":\"https:\\\/\\\/fmsb.eu\\\/en\\\/2021\\\/12\\\/03\\\/notas-de-urgencia-pasaporte-covid-baleares-tsj\\\/#article\",\"isPartOf\":{\"@id\":\"https:\\\/\\\/fmsb.eu\\\/en\\\/2021\\\/12\\\/03\\\/notas-de-urgencia-pasaporte-covid-baleares-tsj\\\/\"},\"author\":{\"name\":\"fmsb\",\"@id\":\"https:\\\/\\\/fmsb.eu\\\/en\\\/#\\\/schema\\\/person\\\/9fba7c70814b0cd34d35d655d36a4ca2\"},\"headline\":\"Notas de urgencia sobre las medidas aprobadas por el Govern balear y autorizadas por el TSJIB, por Jos\u00e9 Y\u00e1\u00f1ez\",\"datePublished\":\"2021-12-03T10:17:16+00:00\",\"mainEntityOfPage\":{\"@id\":\"https:\\\/\\\/fmsb.eu\\\/en\\\/2021\\\/12\\\/03\\\/notas-de-urgencia-pasaporte-covid-baleares-tsj\\\/\"},\"wordCount\":787,\"publisher\":{\"@id\":\"https:\\\/\\\/fmsb.eu\\\/en\\\/#organization\"},\"image\":{\"@id\":\"https:\\\/\\\/fmsb.eu\\\/en\\\/2021\\\/12\\\/03\\\/notas-de-urgencia-pasaporte-covid-baleares-tsj\\\/#primaryimage\"},\"thumbnailUrl\":\"https:\\\/\\\/fmsb.eu\\\/wp-content\\\/uploads\\\/2021\\\/12\\\/FMSB-Abogados-Notas-de-urgencias-Pasaporte-Covid-Baleares-TSJ-1.jpg\",\"keywords\":[\"abogados\",\"baleares\",\"derecho\",\"deuda\",\"economistas\",\"el arenal\",\"fmsb\",\"font mora sainz de baranda\",\"ibiza\",\"jos\u00e9 ya\u00f1ez\",\"law\",\"lawyers\",\"mallorca\",\"Manacor\",\"menorca\",\"moroso\",\"port d&#8217;andratx\",\"puerto de andratx\",\"solicitors\",\"vivienda\"],\"articleSection\":[\"actualidad\",\"blog\",\"Derecho Administrativo\",\"Home\"],\"inLanguage\":\"en-US\"},{\"@type\":\"WebPage\",\"@id\":\"https:\\\/\\\/fmsb.eu\\\/en\\\/2021\\\/12\\\/03\\\/notas-de-urgencia-pasaporte-covid-baleares-tsj\\\/\",\"url\":\"https:\\\/\\\/fmsb.eu\\\/en\\\/2021\\\/12\\\/03\\\/notas-de-urgencia-pasaporte-covid-baleares-tsj\\\/\",\"name\":\"Notas de urgencia sobre las medidas aprobadas por el Govern balear y autorizadas por el TSJIB, por Jos\u00e9 Y\u00e1\u00f1ez - FMSB Abogados y Economistas en Baleares\",\"isPartOf\":{\"@id\":\"https:\\\/\\\/fmsb.eu\\\/en\\\/#website\"},\"primaryImageOfPage\":{\"@id\":\"https:\\\/\\\/fmsb.eu\\\/en\\\/2021\\\/12\\\/03\\\/notas-de-urgencia-pasaporte-covid-baleares-tsj\\\/#primaryimage\"},\"image\":{\"@id\":\"https:\\\/\\\/fmsb.eu\\\/en\\\/2021\\\/12\\\/03\\\/notas-de-urgencia-pasaporte-covid-baleares-tsj\\\/#primaryimage\"},\"thumbnailUrl\":\"https:\\\/\\\/fmsb.eu\\\/wp-content\\\/uploads\\\/2021\\\/12\\\/FMSB-Abogados-Notas-de-urgencias-Pasaporte-Covid-Baleares-TSJ-1.jpg\",\"datePublished\":\"2021-12-03T10:17:16+00:00\",\"breadcrumb\":{\"@id\":\"https:\\\/\\\/fmsb.eu\\\/en\\\/2021\\\/12\\\/03\\\/notas-de-urgencia-pasaporte-covid-baleares-tsj\\\/#breadcrumb\"},\"inLanguage\":\"en-US\",\"potentialAction\":[{\"@type\":\"ReadAction\",\"target\":[\"https:\\\/\\\/fmsb.eu\\\/en\\\/2021\\\/12\\\/03\\\/notas-de-urgencia-pasaporte-covid-baleares-tsj\\\/\"]}]},{\"@type\":\"ImageObject\",\"inLanguage\":\"en-US\",\"@id\":\"https:\\\/\\\/fmsb.eu\\\/en\\\/2021\\\/12\\\/03\\\/notas-de-urgencia-pasaporte-covid-baleares-tsj\\\/#primaryimage\",\"url\":\"https:\\\/\\\/fmsb.eu\\\/wp-content\\\/uploads\\\/2021\\\/12\\\/FMSB-Abogados-Notas-de-urgencias-Pasaporte-Covid-Baleares-TSJ-1.jpg\",\"contentUrl\":\"https:\\\/\\\/fmsb.eu\\\/wp-content\\\/uploads\\\/2021\\\/12\\\/FMSB-Abogados-Notas-de-urgencias-Pasaporte-Covid-Baleares-TSJ-1.jpg\",\"width\":844,\"height\":645},{\"@type\":\"BreadcrumbList\",\"@id\":\"https:\\\/\\\/fmsb.eu\\\/en\\\/2021\\\/12\\\/03\\\/notas-de-urgencia-pasaporte-covid-baleares-tsj\\\/#breadcrumb\",\"itemListElement\":[{\"@type\":\"ListItem\",\"position\":1,\"name\":\"Portada\",\"item\":\"https:\\\/\\\/fmsb.eu\\\/en\\\/\"},{\"@type\":\"ListItem\",\"position\":2,\"name\":\"Notas de urgencia sobre las medidas aprobadas por el Govern balear y autorizadas por el TSJIB, por Jos\u00e9 Y\u00e1\u00f1ez\"}]},{\"@type\":\"WebSite\",\"@id\":\"https:\\\/\\\/fmsb.eu\\\/en\\\/#website\",\"url\":\"https:\\\/\\\/fmsb.eu\\\/en\\\/\",\"name\":\"FMSB Abogados y Economistas en Baleares\",\"description\":\"\",\"publisher\":{\"@id\":\"https:\\\/\\\/fmsb.eu\\\/en\\\/#organization\"},\"potentialAction\":[{\"@type\":\"SearchAction\",\"target\":{\"@type\":\"EntryPoint\",\"urlTemplate\":\"https:\\\/\\\/fmsb.eu\\\/en\\\/?s={search_term_string}\"},\"query-input\":{\"@type\":\"PropertyValueSpecification\",\"valueRequired\":true,\"valueName\":\"search_term_string\"}}],\"inLanguage\":\"en-US\"},{\"@type\":\"Organization\",\"@id\":\"https:\\\/\\\/fmsb.eu\\\/en\\\/#organization\",\"name\":\"FMSB Abogados y Economistas en Baleares\",\"url\":\"https:\\\/\\\/fmsb.eu\\\/en\\\/\",\"logo\":{\"@type\":\"ImageObject\",\"inLanguage\":\"en-US\",\"@id\":\"https:\\\/\\\/fmsb.eu\\\/en\\\/#\\\/schema\\\/logo\\\/image\\\/\",\"url\":\"https:\\\/\\\/fmsb.eu\\\/wp-content\\\/uploads\\\/2025\\\/02\\\/logo.svg\",\"contentUrl\":\"https:\\\/\\\/fmsb.eu\\\/wp-content\\\/uploads\\\/2025\\\/02\\\/logo.svg\",\"width\":154,\"height\":52,\"caption\":\"FMSB Abogados y Economistas en Baleares\"},\"image\":{\"@id\":\"https:\\\/\\\/fmsb.eu\\\/en\\\/#\\\/schema\\\/logo\\\/image\\\/\"}},{\"@type\":\"Person\",\"@id\":\"https:\\\/\\\/fmsb.eu\\\/en\\\/#\\\/schema\\\/person\\\/9fba7c70814b0cd34d35d655d36a4ca2\",\"name\":\"fmsb\",\"image\":{\"@type\":\"ImageObject\",\"inLanguage\":\"en-US\",\"@id\":\"https:\\\/\\\/secure.gravatar.com\\\/avatar\\\/426f4d5b0ebcace85460caf87cdaaa193694b611e990615d87a13f322fb7ee7f?s=96&d=mm&r=g\",\"url\":\"https:\\\/\\\/secure.gravatar.com\\\/avatar\\\/426f4d5b0ebcace85460caf87cdaaa193694b611e990615d87a13f322fb7ee7f?s=96&d=mm&r=g\",\"contentUrl\":\"https:\\\/\\\/secure.gravatar.com\\\/avatar\\\/426f4d5b0ebcace85460caf87cdaaa193694b611e990615d87a13f322fb7ee7f?s=96&d=mm&r=g\",\"caption\":\"fmsb\"},\"sameAs\":[\"https:\\\/\\\/x.com\\\/fmsb-disstint\"],\"url\":\"https:\\\/\\\/fmsb.eu\\\/en\\\/author\\\/fmsb\\\/\"}]}<\/script>\n<!-- \/ Yoast SEO plugin. -->","yoast_head_json":{"title":"Notas de urgencia sobre las medidas aprobadas por el Govern balear y autorizadas por el TSJIB, por Jos\u00e9 Y\u00e1\u00f1ez - FMSB Abogados y Economistas en Baleares","robots":{"index":"index","follow":"follow","max-snippet":"max-snippet:-1","max-image-preview":"max-image-preview:large","max-video-preview":"max-video-preview:-1"},"canonical":"https:\/\/fmsb.eu\/en\/2021\/12\/03\/notas-de-urgencia-pasaporte-covid-baleares-tsj\/","og_locale":"en_US","og_type":"article","og_title":"Notas de urgencia sobre las medidas aprobadas por el Govern balear y autorizadas por el TSJIB, por Jos\u00e9 Y\u00e1\u00f1ez - FMSB Abogados y Economistas en Baleares","og_description":"&nbsp; &nbsp; NOTAS DE URGENCIA SOBRE LAS MEDIDAS APROBADAS POR EL GOVERN BALEAR Y AUTORIZADAS POR EL TSJIB &nbsp; El recient\u00edsimo auto de la Sala de lo Contencioso Administrativo del Tribunal Superior de Justicia de Illes Balears (TSJIB) de 1 de diciembre de 2021, que se puede consultar aqu\u00ed, ha estimado la solicitud del Govern, [&hellip;]","og_url":"https:\/\/fmsb.eu\/en\/2021\/12\/03\/notas-de-urgencia-pasaporte-covid-baleares-tsj\/","og_site_name":"FMSB Abogados y Economistas en Baleares","article_published_time":"2021-12-03T10:17:16+00:00","og_image":[{"width":844,"height":645,"url":"https:\/\/fmsb.eu\/wp-content\/uploads\/2021\/12\/FMSB-Abogados-Notas-de-urgencias-Pasaporte-Covid-Baleares-TSJ-1.jpg","type":"image\/jpeg"}],"author":"fmsb","twitter_card":"summary_large_image","twitter_creator":"@fmsb-disstint","twitter_misc":{"Written by":"fmsb","Est. reading time":"4 minutes"},"schema":{"@context":"https:\/\/schema.org","@graph":[{"@type":"Article","@id":"https:\/\/fmsb.eu\/en\/2021\/12\/03\/notas-de-urgencia-pasaporte-covid-baleares-tsj\/#article","isPartOf":{"@id":"https:\/\/fmsb.eu\/en\/2021\/12\/03\/notas-de-urgencia-pasaporte-covid-baleares-tsj\/"},"author":{"name":"fmsb","@id":"https:\/\/fmsb.eu\/en\/#\/schema\/person\/9fba7c70814b0cd34d35d655d36a4ca2"},"headline":"Notas de urgencia sobre las medidas aprobadas por el Govern balear y autorizadas por el TSJIB, por Jos\u00e9 Y\u00e1\u00f1ez","datePublished":"2021-12-03T10:17:16+00:00","mainEntityOfPage":{"@id":"https:\/\/fmsb.eu\/en\/2021\/12\/03\/notas-de-urgencia-pasaporte-covid-baleares-tsj\/"},"wordCount":787,"publisher":{"@id":"https:\/\/fmsb.eu\/en\/#organization"},"image":{"@id":"https:\/\/fmsb.eu\/en\/2021\/12\/03\/notas-de-urgencia-pasaporte-covid-baleares-tsj\/#primaryimage"},"thumbnailUrl":"https:\/\/fmsb.eu\/wp-content\/uploads\/2021\/12\/FMSB-Abogados-Notas-de-urgencias-Pasaporte-Covid-Baleares-TSJ-1.jpg","keywords":["abogados","baleares","derecho","deuda","economistas","el arenal","fmsb","font mora sainz de baranda","ibiza","jos\u00e9 ya\u00f1ez","law","lawyers","mallorca","Manacor","menorca","moroso","port d&#8217;andratx","puerto de andratx","solicitors","vivienda"],"articleSection":["actualidad","blog","Derecho Administrativo","Home"],"inLanguage":"en-US"},{"@type":"WebPage","@id":"https:\/\/fmsb.eu\/en\/2021\/12\/03\/notas-de-urgencia-pasaporte-covid-baleares-tsj\/","url":"https:\/\/fmsb.eu\/en\/2021\/12\/03\/notas-de-urgencia-pasaporte-covid-baleares-tsj\/","name":"Notas de urgencia sobre las medidas aprobadas por el Govern balear y autorizadas por el TSJIB, por Jos\u00e9 Y\u00e1\u00f1ez - FMSB Abogados y Economistas en Baleares","isPartOf":{"@id":"https:\/\/fmsb.eu\/en\/#website"},"primaryImageOfPage":{"@id":"https:\/\/fmsb.eu\/en\/2021\/12\/03\/notas-de-urgencia-pasaporte-covid-baleares-tsj\/#primaryimage"},"image":{"@id":"https:\/\/fmsb.eu\/en\/2021\/12\/03\/notas-de-urgencia-pasaporte-covid-baleares-tsj\/#primaryimage"},"thumbnailUrl":"https:\/\/fmsb.eu\/wp-content\/uploads\/2021\/12\/FMSB-Abogados-Notas-de-urgencias-Pasaporte-Covid-Baleares-TSJ-1.jpg","datePublished":"2021-12-03T10:17:16+00:00","breadcrumb":{"@id":"https:\/\/fmsb.eu\/en\/2021\/12\/03\/notas-de-urgencia-pasaporte-covid-baleares-tsj\/#breadcrumb"},"inLanguage":"en-US","potentialAction":[{"@type":"ReadAction","target":["https:\/\/fmsb.eu\/en\/2021\/12\/03\/notas-de-urgencia-pasaporte-covid-baleares-tsj\/"]}]},{"@type":"ImageObject","inLanguage":"en-US","@id":"https:\/\/fmsb.eu\/en\/2021\/12\/03\/notas-de-urgencia-pasaporte-covid-baleares-tsj\/#primaryimage","url":"https:\/\/fmsb.eu\/wp-content\/uploads\/2021\/12\/FMSB-Abogados-Notas-de-urgencias-Pasaporte-Covid-Baleares-TSJ-1.jpg","contentUrl":"https:\/\/fmsb.eu\/wp-content\/uploads\/2021\/12\/FMSB-Abogados-Notas-de-urgencias-Pasaporte-Covid-Baleares-TSJ-1.jpg","width":844,"height":645},{"@type":"BreadcrumbList","@id":"https:\/\/fmsb.eu\/en\/2021\/12\/03\/notas-de-urgencia-pasaporte-covid-baleares-tsj\/#breadcrumb","itemListElement":[{"@type":"ListItem","position":1,"name":"Portada","item":"https:\/\/fmsb.eu\/en\/"},{"@type":"ListItem","position":2,"name":"Notas de urgencia sobre las medidas aprobadas por el Govern balear y autorizadas por el TSJIB, por Jos\u00e9 Y\u00e1\u00f1ez"}]},{"@type":"WebSite","@id":"https:\/\/fmsb.eu\/en\/#website","url":"https:\/\/fmsb.eu\/en\/","name":"FMSB Abogados y Economistas en Baleares","description":"","publisher":{"@id":"https:\/\/fmsb.eu\/en\/#organization"},"potentialAction":[{"@type":"SearchAction","target":{"@type":"EntryPoint","urlTemplate":"https:\/\/fmsb.eu\/en\/?s={search_term_string}"},"query-input":{"@type":"PropertyValueSpecification","valueRequired":true,"valueName":"search_term_string"}}],"inLanguage":"en-US"},{"@type":"Organization","@id":"https:\/\/fmsb.eu\/en\/#organization","name":"FMSB Abogados y Economistas en Baleares","url":"https:\/\/fmsb.eu\/en\/","logo":{"@type":"ImageObject","inLanguage":"en-US","@id":"https:\/\/fmsb.eu\/en\/#\/schema\/logo\/image\/","url":"https:\/\/fmsb.eu\/wp-content\/uploads\/2025\/02\/logo.svg","contentUrl":"https:\/\/fmsb.eu\/wp-content\/uploads\/2025\/02\/logo.svg","width":154,"height":52,"caption":"FMSB Abogados y Economistas en Baleares"},"image":{"@id":"https:\/\/fmsb.eu\/en\/#\/schema\/logo\/image\/"}},{"@type":"Person","@id":"https:\/\/fmsb.eu\/en\/#\/schema\/person\/9fba7c70814b0cd34d35d655d36a4ca2","name":"fmsb","image":{"@type":"ImageObject","inLanguage":"en-US","@id":"https:\/\/secure.gravatar.com\/avatar\/426f4d5b0ebcace85460caf87cdaaa193694b611e990615d87a13f322fb7ee7f?s=96&d=mm&r=g","url":"https:\/\/secure.gravatar.com\/avatar\/426f4d5b0ebcace85460caf87cdaaa193694b611e990615d87a13f322fb7ee7f?s=96&d=mm&r=g","contentUrl":"https:\/\/secure.gravatar.com\/avatar\/426f4d5b0ebcace85460caf87cdaaa193694b611e990615d87a13f322fb7ee7f?s=96&d=mm&r=g","caption":"fmsb"},"sameAs":["https:\/\/x.com\/fmsb-disstint"],"url":"https:\/\/fmsb.eu\/en\/author\/fmsb\/"}]}},"_links":{"self":[{"href":"https:\/\/fmsb.eu\/en\/wp-json\/wp\/v2\/posts\/11502","targetHints":{"allow":["GET"]}}],"collection":[{"href":"https:\/\/fmsb.eu\/en\/wp-json\/wp\/v2\/posts"}],"about":[{"href":"https:\/\/fmsb.eu\/en\/wp-json\/wp\/v2\/types\/post"}],"author":[{"embeddable":true,"href":"https:\/\/fmsb.eu\/en\/wp-json\/wp\/v2\/users\/2"}],"replies":[{"embeddable":true,"href":"https:\/\/fmsb.eu\/en\/wp-json\/wp\/v2\/comments?post=11502"}],"version-history":[{"count":0,"href":"https:\/\/fmsb.eu\/en\/wp-json\/wp\/v2\/posts\/11502\/revisions"}],"wp:featuredmedia":[{"embeddable":true,"href":"https:\/\/fmsb.eu\/en\/wp-json\/wp\/v2\/media\/9622"}],"wp:attachment":[{"href":"https:\/\/fmsb.eu\/en\/wp-json\/wp\/v2\/media?parent=11502"}],"wp:term":[{"taxonomy":"category","embeddable":true,"href":"https:\/\/fmsb.eu\/en\/wp-json\/wp\/v2\/categories?post=11502"},{"taxonomy":"post_tag","embeddable":true,"href":"https:\/\/fmsb.eu\/en\/wp-json\/wp\/v2\/tags?post=11502"}],"curies":[{"name":"wp","href":"https:\/\/api.w.org\/{rel}","templated":true}]}}