{"id":11516,"date":"2021-02-09T19:29:23","date_gmt":"2021-02-09T18:29:23","guid":{"rendered":"http:\/\/fmsb.disstintbeta.com\/2021\/02\/09\/el-tribunal-superior-de-justicia-del-pais-vasco-suspende-el-cierre-de-la-hosteleria\/"},"modified":"2021-02-09T19:29:23","modified_gmt":"2021-02-09T18:29:23","slug":"el-tribunal-superior-de-justicia-del-pais-vasco-suspende-el-cierre-de-la-hosteleria","status":"publish","type":"post","link":"https:\/\/fmsb.eu\/en\/2021\/02\/09\/el-tribunal-superior-de-justicia-del-pais-vasco-suspende-el-cierre-de-la-hosteleria\/","title":{"rendered":"ACTUALIDAD: El Tribunal Superior de Justicia del Pa\u00eds Vasco suspende el cierre de la hosteler\u00eda"},"content":{"rendered":"<h1><a href=\"http:\/\/fmsb.disstintbeta.com\/wp-content\/uploads\/2021\/02\/FMSB-ABOGADOS-JOSE-YANEZ-EL-TSJ-VASCO-SUSPENDE-EL-CIERRE-DE-LA-HOSTELERIA-JPG.jpg\"><img fetchpriority=\"high\" decoding=\"async\" class=\"alignnone wp-image-4652\" src=\"http:\/\/fmsb.disstintbeta.com\/wp-content\/uploads\/2021\/02\/FMSB-ABOGADOS-JOSE-YANEZ-EL-TSJ-VASCO-SUSPENDE-EL-CIERRE-DE-LA-HOSTELERIA-JPG.jpg\" alt=\"\" width=\"800\" height=\"319\" srcset=\"https:\/\/font-mora-sainz-baranda.fra1.digitaloceanspaces.com\/wp-content\/uploads\/2021\/02\/FMSB-ABOGADOS-JOSE-YANEZ-EL-TSJ-VASCO-SUSPENDE-EL-CIERRE-DE-LA-HOSTELERIA-JPG.jpg 1619w, https:\/\/font-mora-sainz-baranda.fra1.digitaloceanspaces.com\/wp-content\/uploads\/2021\/02\/FMSB-ABOGADOS-JOSE-YANEZ-EL-TSJ-VASCO-SUSPENDE-EL-CIERRE-DE-LA-HOSTELERIA-JPG-300x120.jpg 300w, https:\/\/font-mora-sainz-baranda.fra1.digitaloceanspaces.com\/wp-content\/uploads\/2021\/02\/FMSB-ABOGADOS-JOSE-YANEZ-EL-TSJ-VASCO-SUSPENDE-EL-CIERRE-DE-LA-HOSTELERIA-JPG-1024x408.jpg 1024w, https:\/\/font-mora-sainz-baranda.fra1.digitaloceanspaces.com\/wp-content\/uploads\/2021\/02\/FMSB-ABOGADOS-JOSE-YANEZ-EL-TSJ-VASCO-SUSPENDE-EL-CIERRE-DE-LA-HOSTELERIA-JPG-768x306.jpg 768w, https:\/\/font-mora-sainz-baranda.fra1.digitaloceanspaces.com\/wp-content\/uploads\/2021\/02\/FMSB-ABOGADOS-JOSE-YANEZ-EL-TSJ-VASCO-SUSPENDE-EL-CIERRE-DE-LA-HOSTELERIA-JPG-1536x612.jpg 1536w\" sizes=\"(max-width: 800px) 100vw, 800px\" \/><\/a><\/h1>\n<h1><\/h1>\n<h1><strong>El Tribunal Superior de Justicia del Pa\u00eds Vasco suspende el cierre de la hosteler\u00eda<\/strong><\/h1>\n<p><strong>\u00a0<\/strong><\/p>\n<p>Por medio de Auto dictado en el d\u00eda de hoy, 9 de febrero, que se puede consultar <strong><a href=\"https:\/\/www.fmsb.eu\/wp-content\/uploads\/2021\/02\/TSJPV-_AUTO_ADOPTA_MEDIDAS_CAUTELARES.pdf\">aqu\u00ed<\/a><\/strong>, la Sala de lo Contencioso Administrativo del Tribunal Superior de Justicia del Pa\u00eds Vasco (TSJPV) ha acordado suspender cautelarmente la vigencia de las restricciones de apertura de los establecimientos de hosteler\u00eda en los tres territorios hist\u00f3ricos vascos de \u00c1lava, Vizcaya y Guip\u00fazcoa comprendidos en la denominada \u201c<em>zona roja<\/em>\u201d por la alta incidencia de la Covid 19.<\/p>\n<p>El Auto estima las medidas cautelares interesadas por la Asociaci\u00f3n de Hosteler\u00eda de Vizcaya, la Asociaci\u00f3n de Empresarios de Hosteler\u00eda de Guip\u00fazcoa, y SEA Empresas Alavesas, contra el inciso relativo a las reglas de reapertura del apartado 9.1) del Anexo del Decreto 44\/2020, y la disposici\u00f3n tercera del Decreto 4\/2021, de 22 enero, del Lehendakari, de tercera modificaci\u00f3n del Decreto 44\/2020, de 10 de diciembre.<\/p>\n<p>Veamos, brevemente, los antecedentes del Auto del TSJPV y qu\u00e9 argumentaron frente a dicho tribunal tanto las asociaciones recurrentes como el Gobierno Vasco.<\/p>\n<p>Con car\u00e1cter general, para conseguir una medida cautelar ante un Juzgado o Tribunal hay que acreditar, entre otras cuestiones, el denominado <em>periculum in mora<\/em> o peligro en la mora, consistente en que el transcurso del tiempo entre la petici\u00f3n inicial y la resoluci\u00f3n de fondo haga in\u00fatil o ineficaz la misma, por tard\u00eda o extempor\u00e1nea. Adem\u00e1s del <em>periculum in mora<\/em>, las asociaciones recurrentes alegaron (i) que el inter\u00e9s general de no favorecer la transmisi\u00f3n del coronavirus se respeta, ya que las medidas adicionales impuestas por el Decreto 44\/2020, de 10 de diciembre, hicieron que la apertura de la hosteler\u00eda no generase subida de contagios, siendo, por tanto, eficaces, (ii) vulneraci\u00f3n del principio de proporcionalidad, no encontr\u00e1ndose justificada la medida adoptada, y (iii) vulneraci\u00f3n del principio de seguridad jur\u00eddica al no establecerse duraci\u00f3n para el cierre decretado.<\/p>\n<p>Las tres asociaciones recurrentes solicitan la suspensi\u00f3n del apartado 9.1) del Anexo del Decreto 44\/2020, de 10 de diciembre, prorrogado por Decreto 4\/2021, de 22 enero, dicho precepto permite la reapertura de los establecimientos de hosteler\u00eda y restauraci\u00f3n en los municipios de m\u00e1s de 5.000 habitantes cuando la tasa de incidencia acumulada -IA- de casos por Covid 19 superior a 500 por cada 100.000 habitantes en los \u00faltimos 14 d\u00edas sea inferior a 500 por cada 100.000 habitantes, debiendo permanecer cerrados si la tasa es igual o superior a la citada. En consecuencia, la suspensi\u00f3n solicitada pretende conseguir que los establecimientos de hosteler\u00eda y restauraci\u00f3n puedan permanecer abiertos con una IA superior a 500 por cada 100.000 habitantes en los \u00faltimos catorce d\u00edas.<\/p>\n<p>En cualquier caso, tal reapertura no se solicita de manera total e incondicional, sino con las medidas establecidas en el punto 3 del apartado 9 del Decreto 44\/2020, de 10 de diciembre, en la redacci\u00f3n dada por el Decreto 4\/2021, de 22 de enero, es decir, servicio de terraza, 50% del aforo interior, distancia de al menos metro y medio entre personas sentadas en mesas diferentes, agrupaciones de 4 clientes m\u00e1ximo por mesa, no pudi\u00e9ndose unir dos mesas o m\u00e1s, prohibi\u00e9ndose el consumo en barra o de pie, debiendo hacerse en mesa. A ello se ha de a\u00f1adir (apartado 9.2 del Decreto 44\/2020, de 10 de diciembre) \u00b4que el cierre de los locales se fija a las 20:00 horas y el de apertura no antes de las 6:00 horas, pudiendo entregarse pedidos hasta las 21:00 horas y el reparto domiciliario hasta las 22:00 horas.<\/p>\n<p>La representaci\u00f3n del Gobierno Vasco se opuso a la solicitud, argumentando (i) que no concurre el <em>periculum in mora<\/em> al no cuantificarse los da\u00f1os econ\u00f3micos de las medidas cuya suspensi\u00f3n se pretende, (ii) que se trata de un acto discrecional y no arbitrario, (iii) que se justifica en la alta expansi\u00f3n del virus, con un criterio objetivo -IA superior a 500 por cada 100.000 habitantes-, adoptado tras varias reuniones del Consejo Asesor y tras analizar todo tipo de datos, y (iv) acompa\u00f1a gr\u00e1ficos y documentaci\u00f3n en tal sentido, as\u00ed como un informe del Director de Salud P\u00fablica y Adicciones de 3 de febrero de 2021 sobre el riesgo de transmisi\u00f3n del Covid 19 en actividades hosteleras.<\/p>\n<p>Veamos ahora en qu\u00e9 se fundamenta el Auto que acuerda adoptar las medidas cautelares solicitadas.<\/p>\n<p>El Auto razona inicialmente acerca de la concurrencia del <em>periculum in mora<\/em> que hemos aludido anteriormente, y concluye que en los municipios afectados el cierre de las actividades hosteleras es total con el consiguiente y grave quebranto econ\u00f3mico. El Auto analiza el conflicto entre los intereses de salud p\u00fablica y de tipo econ\u00f3mico y, tras analizar las medidas adoptadas en los \u00faltimos tiempos y sus resultados, concluye que no parece clara la influencia de la apertura de los establecimientos hosteleros con el elevado nivel de incidencia del virus tras la celebraci\u00f3n de la Navidad, y que la apertura que se pretende ya estar\u00e1 sometida a importantes medidas de correcci\u00f3n que permiten minimizar los riesgos para la salud p\u00fablica, al limitar horarios, aforos, distancia entre mesas, ocupaci\u00f3n de mesas, prohibici\u00f3n de uso de la barra o consumo de pie. En definitiva, ponderando los intereses en conflicto, la Sala del TSJPV considera que la apertura de la actividad hostelera, en las condiciones y con las restricciones antes referidas, no es un elemento de riesgo cierto y grave para la salud p\u00fablica, por lo que acuerda la adopci\u00f3n de las medidas cautelares interesadas.<\/p>\n<p>Por tanto, a partir de hoy, los establecimientos de hosteler\u00eda vascos podr\u00e1n estar abiertos con las restricciones ya referidas y que volvemos a enumerar:\u00a0 servicio de terraza, 50% del aforo interior, distancias de seguridad, m\u00e1ximo 4 por mesa prohibi\u00e9ndose unir mesas, prohibido el consumo en barra o de pie, cierre de los locales a las 20:00 horas y el de apertura no antes de las 6:00 horas, pudiendo entregarse pedidos hasta las 21:00 horas y reparto domiciliario hasta las 22:00 horas.<\/p>\n<p>La resoluci\u00f3n no es firme y frente a ella cabe recurso de reposici\u00f3n frente a la propia Sala que la ha dictado, en cualquier caso, dicho recurso carece de efectos suspensivos, por lo que la hosteler\u00eda vasca podr\u00e1 reabrir desde hoy mismo.<\/p>\n<p>&nbsp;<\/p>\n<h3>Jos\u00e9 Y\u00e1\u00f1ez<\/h3>\n<h5>Abogado de FMSB<\/h5>\n<p>&nbsp;<\/p>\n<hr \/>\n<p>#fmsb #fontmorasainzdebaranda #abogados #economistas #cierre #hosteler\u00eda #suspensi\u00f3n #cautelar #restricciones #coronavirus #covid19 #estadodealarma #\u00e1lava #guip\u00fazcoa #vizcaya #pa\u00edsvasco #lawyers #solicitors #palma #baleares #elarenal #andratx #manacor #portdeandratx #ibiza #menorca<\/p>\n","protected":false},"excerpt":{"rendered":"<p>El Tribunal Superior de Justicia del Pa\u00eds Vasco suspende el cierre de la hosteler\u00eda \u00a0 Por medio de Auto dictado en el d\u00eda de hoy, 9 de febrero, que se puede consultar aqu\u00ed, la Sala de lo Contencioso Administrativo del Tribunal Superior de Justicia del Pa\u00eds Vasco (TSJPV) ha acordado suspender cautelarmente la vigencia de [&hellip;]<\/p>\n","protected":false},"author":2,"featured_media":9282,"comment_status":"closed","ping_status":"open","sticky":false,"template":"","format":"standard","meta":{"footnotes":""},"categories":[2149,3880,2249,2152,3836],"tags":[],"class_list":["post-11516","post","type-post","status-publish","format-standard","has-post-thumbnail","hentry","category-blog-en-2","category-coronavirus-en","category-derecho-administrativo-en","category-home-en-2","category-turismo-en"],"yoast_head":"<!-- This site is optimized with the Yoast SEO plugin v27.3 - https:\/\/yoast.com\/product\/yoast-seo-wordpress\/ -->\n<title>ACTUALIDAD: El Tribunal Superior de Justicia del Pa\u00eds Vasco suspende el cierre de la hosteler\u00eda - FMSB Abogados y Economistas en Baleares<\/title>\n<meta name=\"robots\" content=\"index, follow, max-snippet:-1, max-image-preview:large, max-video-preview:-1\" \/>\n<link rel=\"canonical\" href=\"https:\/\/fmsb.eu\/en\/2021\/02\/09\/el-tribunal-superior-de-justicia-del-pais-vasco-suspende-el-cierre-de-la-hosteleria\/\" \/>\n<meta property=\"og:locale\" content=\"en_US\" \/>\n<meta property=\"og:type\" content=\"article\" \/>\n<meta property=\"og:title\" content=\"ACTUALIDAD: El Tribunal Superior de Justicia del Pa\u00eds Vasco suspende el cierre de la hosteler\u00eda - FMSB Abogados y Economistas en Baleares\" \/>\n<meta property=\"og:description\" content=\"El Tribunal Superior de Justicia del Pa\u00eds Vasco suspende el cierre de la hosteler\u00eda \u00a0 Por medio de Auto dictado en el d\u00eda de hoy, 9 de febrero, que se puede consultar aqu\u00ed, la Sala de lo Contencioso Administrativo del Tribunal Superior de Justicia del Pa\u00eds Vasco (TSJPV) ha acordado suspender cautelarmente la vigencia de [&hellip;]\" \/>\n<meta property=\"og:url\" content=\"https:\/\/fmsb.eu\/en\/2021\/02\/09\/el-tribunal-superior-de-justicia-del-pais-vasco-suspende-el-cierre-de-la-hosteleria\/\" \/>\n<meta property=\"og:site_name\" content=\"FMSB Abogados y Economistas en Baleares\" \/>\n<meta property=\"article:published_time\" content=\"2021-02-09T18:29:23+00:00\" \/>\n<meta property=\"og:image\" content=\"https:\/\/fmsb.eu\/wp-content\/uploads\/2021\/02\/FMSB-ABOGADOS-JOSE-YANEZ-EL-TSJ-VASCO-SUSPENDE-EL-CIERRE-DE-LA-HOSTELERIA-JPG.jpg\" \/>\n\t<meta property=\"og:image:width\" content=\"1619\" \/>\n\t<meta property=\"og:image:height\" content=\"645\" \/>\n\t<meta property=\"og:image:type\" content=\"image\/jpeg\" \/>\n<meta name=\"author\" content=\"fmsb\" \/>\n<meta name=\"twitter:card\" content=\"summary_large_image\" \/>\n<meta name=\"twitter:creator\" content=\"@fmsb-disstint\" \/>\n<meta name=\"twitter:label1\" content=\"Written by\" \/>\n\t<meta name=\"twitter:data1\" content=\"fmsb\" \/>\n\t<meta name=\"twitter:label2\" content=\"Est. reading time\" \/>\n\t<meta name=\"twitter:data2\" content=\"5 minutes\" \/>\n<script type=\"application\/ld+json\" class=\"yoast-schema-graph\">{\"@context\":\"https:\\\/\\\/schema.org\",\"@graph\":[{\"@type\":\"Article\",\"@id\":\"https:\\\/\\\/fmsb.eu\\\/en\\\/2021\\\/02\\\/09\\\/el-tribunal-superior-de-justicia-del-pais-vasco-suspende-el-cierre-de-la-hosteleria\\\/#article\",\"isPartOf\":{\"@id\":\"https:\\\/\\\/fmsb.eu\\\/en\\\/2021\\\/02\\\/09\\\/el-tribunal-superior-de-justicia-del-pais-vasco-suspende-el-cierre-de-la-hosteleria\\\/\"},\"author\":{\"name\":\"fmsb\",\"@id\":\"https:\\\/\\\/fmsb.eu\\\/en\\\/#\\\/schema\\\/person\\\/9fba7c70814b0cd34d35d655d36a4ca2\"},\"headline\":\"ACTUALIDAD: El Tribunal Superior de Justicia del Pa\u00eds Vasco suspende el cierre de la hosteler\u00eda\",\"datePublished\":\"2021-02-09T18:29:23+00:00\",\"mainEntityOfPage\":{\"@id\":\"https:\\\/\\\/fmsb.eu\\\/en\\\/2021\\\/02\\\/09\\\/el-tribunal-superior-de-justicia-del-pais-vasco-suspende-el-cierre-de-la-hosteleria\\\/\"},\"wordCount\":1099,\"publisher\":{\"@id\":\"https:\\\/\\\/fmsb.eu\\\/en\\\/#organization\"},\"image\":{\"@id\":\"https:\\\/\\\/fmsb.eu\\\/en\\\/2021\\\/02\\\/09\\\/el-tribunal-superior-de-justicia-del-pais-vasco-suspende-el-cierre-de-la-hosteleria\\\/#primaryimage\"},\"thumbnailUrl\":\"https:\\\/\\\/fmsb.eu\\\/wp-content\\\/uploads\\\/2021\\\/02\\\/FMSB-ABOGADOS-JOSE-YANEZ-EL-TSJ-VASCO-SUSPENDE-EL-CIERRE-DE-LA-HOSTELERIA-JPG.jpg\",\"articleSection\":[\"blog\",\"Coronavirus\",\"Derecho Administrativo\",\"Home\",\"Turismo\"],\"inLanguage\":\"en-US\"},{\"@type\":\"WebPage\",\"@id\":\"https:\\\/\\\/fmsb.eu\\\/en\\\/2021\\\/02\\\/09\\\/el-tribunal-superior-de-justicia-del-pais-vasco-suspende-el-cierre-de-la-hosteleria\\\/\",\"url\":\"https:\\\/\\\/fmsb.eu\\\/en\\\/2021\\\/02\\\/09\\\/el-tribunal-superior-de-justicia-del-pais-vasco-suspende-el-cierre-de-la-hosteleria\\\/\",\"name\":\"ACTUALIDAD: El Tribunal Superior de Justicia del Pa\u00eds Vasco suspende el cierre de la hosteler\u00eda - FMSB Abogados y Economistas en Baleares\",\"isPartOf\":{\"@id\":\"https:\\\/\\\/fmsb.eu\\\/en\\\/#website\"},\"primaryImageOfPage\":{\"@id\":\"https:\\\/\\\/fmsb.eu\\\/en\\\/2021\\\/02\\\/09\\\/el-tribunal-superior-de-justicia-del-pais-vasco-suspende-el-cierre-de-la-hosteleria\\\/#primaryimage\"},\"image\":{\"@id\":\"https:\\\/\\\/fmsb.eu\\\/en\\\/2021\\\/02\\\/09\\\/el-tribunal-superior-de-justicia-del-pais-vasco-suspende-el-cierre-de-la-hosteleria\\\/#primaryimage\"},\"thumbnailUrl\":\"https:\\\/\\\/fmsb.eu\\\/wp-content\\\/uploads\\\/2021\\\/02\\\/FMSB-ABOGADOS-JOSE-YANEZ-EL-TSJ-VASCO-SUSPENDE-EL-CIERRE-DE-LA-HOSTELERIA-JPG.jpg\",\"datePublished\":\"2021-02-09T18:29:23+00:00\",\"breadcrumb\":{\"@id\":\"https:\\\/\\\/fmsb.eu\\\/en\\\/2021\\\/02\\\/09\\\/el-tribunal-superior-de-justicia-del-pais-vasco-suspende-el-cierre-de-la-hosteleria\\\/#breadcrumb\"},\"inLanguage\":\"en-US\",\"potentialAction\":[{\"@type\":\"ReadAction\",\"target\":[\"https:\\\/\\\/fmsb.eu\\\/en\\\/2021\\\/02\\\/09\\\/el-tribunal-superior-de-justicia-del-pais-vasco-suspende-el-cierre-de-la-hosteleria\\\/\"]}]},{\"@type\":\"ImageObject\",\"inLanguage\":\"en-US\",\"@id\":\"https:\\\/\\\/fmsb.eu\\\/en\\\/2021\\\/02\\\/09\\\/el-tribunal-superior-de-justicia-del-pais-vasco-suspende-el-cierre-de-la-hosteleria\\\/#primaryimage\",\"url\":\"https:\\\/\\\/fmsb.eu\\\/wp-content\\\/uploads\\\/2021\\\/02\\\/FMSB-ABOGADOS-JOSE-YANEZ-EL-TSJ-VASCO-SUSPENDE-EL-CIERRE-DE-LA-HOSTELERIA-JPG.jpg\",\"contentUrl\":\"https:\\\/\\\/fmsb.eu\\\/wp-content\\\/uploads\\\/2021\\\/02\\\/FMSB-ABOGADOS-JOSE-YANEZ-EL-TSJ-VASCO-SUSPENDE-EL-CIERRE-DE-LA-HOSTELERIA-JPG.jpg\",\"width\":1619,\"height\":645},{\"@type\":\"BreadcrumbList\",\"@id\":\"https:\\\/\\\/fmsb.eu\\\/en\\\/2021\\\/02\\\/09\\\/el-tribunal-superior-de-justicia-del-pais-vasco-suspende-el-cierre-de-la-hosteleria\\\/#breadcrumb\",\"itemListElement\":[{\"@type\":\"ListItem\",\"position\":1,\"name\":\"Portada\",\"item\":\"https:\\\/\\\/fmsb.eu\\\/en\\\/\"},{\"@type\":\"ListItem\",\"position\":2,\"name\":\"ACTUALIDAD: El Tribunal Superior de Justicia del Pa\u00eds Vasco suspende el cierre de la hosteler\u00eda\"}]},{\"@type\":\"WebSite\",\"@id\":\"https:\\\/\\\/fmsb.eu\\\/en\\\/#website\",\"url\":\"https:\\\/\\\/fmsb.eu\\\/en\\\/\",\"name\":\"FMSB Abogados y Economistas en Baleares\",\"description\":\"\",\"publisher\":{\"@id\":\"https:\\\/\\\/fmsb.eu\\\/en\\\/#organization\"},\"potentialAction\":[{\"@type\":\"SearchAction\",\"target\":{\"@type\":\"EntryPoint\",\"urlTemplate\":\"https:\\\/\\\/fmsb.eu\\\/en\\\/?s={search_term_string}\"},\"query-input\":{\"@type\":\"PropertyValueSpecification\",\"valueRequired\":true,\"valueName\":\"search_term_string\"}}],\"inLanguage\":\"en-US\"},{\"@type\":\"Organization\",\"@id\":\"https:\\\/\\\/fmsb.eu\\\/en\\\/#organization\",\"name\":\"FMSB Abogados y Economistas en Baleares\",\"url\":\"https:\\\/\\\/fmsb.eu\\\/en\\\/\",\"logo\":{\"@type\":\"ImageObject\",\"inLanguage\":\"en-US\",\"@id\":\"https:\\\/\\\/fmsb.eu\\\/en\\\/#\\\/schema\\\/logo\\\/image\\\/\",\"url\":\"https:\\\/\\\/fmsb.eu\\\/wp-content\\\/uploads\\\/2025\\\/02\\\/logo.svg\",\"contentUrl\":\"https:\\\/\\\/fmsb.eu\\\/wp-content\\\/uploads\\\/2025\\\/02\\\/logo.svg\",\"width\":154,\"height\":52,\"caption\":\"FMSB Abogados y Economistas en Baleares\"},\"image\":{\"@id\":\"https:\\\/\\\/fmsb.eu\\\/en\\\/#\\\/schema\\\/logo\\\/image\\\/\"}},{\"@type\":\"Person\",\"@id\":\"https:\\\/\\\/fmsb.eu\\\/en\\\/#\\\/schema\\\/person\\\/9fba7c70814b0cd34d35d655d36a4ca2\",\"name\":\"fmsb\",\"image\":{\"@type\":\"ImageObject\",\"inLanguage\":\"en-US\",\"@id\":\"https:\\\/\\\/secure.gravatar.com\\\/avatar\\\/426f4d5b0ebcace85460caf87cdaaa193694b611e990615d87a13f322fb7ee7f?s=96&d=mm&r=g\",\"url\":\"https:\\\/\\\/secure.gravatar.com\\\/avatar\\\/426f4d5b0ebcace85460caf87cdaaa193694b611e990615d87a13f322fb7ee7f?s=96&d=mm&r=g\",\"contentUrl\":\"https:\\\/\\\/secure.gravatar.com\\\/avatar\\\/426f4d5b0ebcace85460caf87cdaaa193694b611e990615d87a13f322fb7ee7f?s=96&d=mm&r=g\",\"caption\":\"fmsb\"},\"sameAs\":[\"https:\\\/\\\/x.com\\\/fmsb-disstint\"],\"url\":\"https:\\\/\\\/fmsb.eu\\\/en\\\/author\\\/fmsb\\\/\"}]}<\/script>\n<!-- \/ Yoast SEO plugin. -->","yoast_head_json":{"title":"ACTUALIDAD: El Tribunal Superior de Justicia del Pa\u00eds Vasco suspende el cierre de la hosteler\u00eda - FMSB Abogados y Economistas en Baleares","robots":{"index":"index","follow":"follow","max-snippet":"max-snippet:-1","max-image-preview":"max-image-preview:large","max-video-preview":"max-video-preview:-1"},"canonical":"https:\/\/fmsb.eu\/en\/2021\/02\/09\/el-tribunal-superior-de-justicia-del-pais-vasco-suspende-el-cierre-de-la-hosteleria\/","og_locale":"en_US","og_type":"article","og_title":"ACTUALIDAD: El Tribunal Superior de Justicia del Pa\u00eds Vasco suspende el cierre de la hosteler\u00eda - FMSB Abogados y Economistas en Baleares","og_description":"El Tribunal Superior de Justicia del Pa\u00eds Vasco suspende el cierre de la hosteler\u00eda \u00a0 Por medio de Auto dictado en el d\u00eda de hoy, 9 de febrero, que se puede consultar aqu\u00ed, la Sala de lo Contencioso Administrativo del Tribunal Superior de Justicia del Pa\u00eds Vasco (TSJPV) ha acordado suspender cautelarmente la vigencia de [&hellip;]","og_url":"https:\/\/fmsb.eu\/en\/2021\/02\/09\/el-tribunal-superior-de-justicia-del-pais-vasco-suspende-el-cierre-de-la-hosteleria\/","og_site_name":"FMSB Abogados y Economistas en Baleares","article_published_time":"2021-02-09T18:29:23+00:00","og_image":[{"width":1619,"height":645,"url":"https:\/\/fmsb.eu\/wp-content\/uploads\/2021\/02\/FMSB-ABOGADOS-JOSE-YANEZ-EL-TSJ-VASCO-SUSPENDE-EL-CIERRE-DE-LA-HOSTELERIA-JPG.jpg","type":"image\/jpeg"}],"author":"fmsb","twitter_card":"summary_large_image","twitter_creator":"@fmsb-disstint","twitter_misc":{"Written by":"fmsb","Est. reading time":"5 minutes"},"schema":{"@context":"https:\/\/schema.org","@graph":[{"@type":"Article","@id":"https:\/\/fmsb.eu\/en\/2021\/02\/09\/el-tribunal-superior-de-justicia-del-pais-vasco-suspende-el-cierre-de-la-hosteleria\/#article","isPartOf":{"@id":"https:\/\/fmsb.eu\/en\/2021\/02\/09\/el-tribunal-superior-de-justicia-del-pais-vasco-suspende-el-cierre-de-la-hosteleria\/"},"author":{"name":"fmsb","@id":"https:\/\/fmsb.eu\/en\/#\/schema\/person\/9fba7c70814b0cd34d35d655d36a4ca2"},"headline":"ACTUALIDAD: El Tribunal Superior de Justicia del Pa\u00eds Vasco suspende el cierre de la hosteler\u00eda","datePublished":"2021-02-09T18:29:23+00:00","mainEntityOfPage":{"@id":"https:\/\/fmsb.eu\/en\/2021\/02\/09\/el-tribunal-superior-de-justicia-del-pais-vasco-suspende-el-cierre-de-la-hosteleria\/"},"wordCount":1099,"publisher":{"@id":"https:\/\/fmsb.eu\/en\/#organization"},"image":{"@id":"https:\/\/fmsb.eu\/en\/2021\/02\/09\/el-tribunal-superior-de-justicia-del-pais-vasco-suspende-el-cierre-de-la-hosteleria\/#primaryimage"},"thumbnailUrl":"https:\/\/fmsb.eu\/wp-content\/uploads\/2021\/02\/FMSB-ABOGADOS-JOSE-YANEZ-EL-TSJ-VASCO-SUSPENDE-EL-CIERRE-DE-LA-HOSTELERIA-JPG.jpg","articleSection":["blog","Coronavirus","Derecho Administrativo","Home","Turismo"],"inLanguage":"en-US"},{"@type":"WebPage","@id":"https:\/\/fmsb.eu\/en\/2021\/02\/09\/el-tribunal-superior-de-justicia-del-pais-vasco-suspende-el-cierre-de-la-hosteleria\/","url":"https:\/\/fmsb.eu\/en\/2021\/02\/09\/el-tribunal-superior-de-justicia-del-pais-vasco-suspende-el-cierre-de-la-hosteleria\/","name":"ACTUALIDAD: El Tribunal Superior de Justicia del Pa\u00eds Vasco suspende el cierre de la hosteler\u00eda - FMSB Abogados y Economistas en Baleares","isPartOf":{"@id":"https:\/\/fmsb.eu\/en\/#website"},"primaryImageOfPage":{"@id":"https:\/\/fmsb.eu\/en\/2021\/02\/09\/el-tribunal-superior-de-justicia-del-pais-vasco-suspende-el-cierre-de-la-hosteleria\/#primaryimage"},"image":{"@id":"https:\/\/fmsb.eu\/en\/2021\/02\/09\/el-tribunal-superior-de-justicia-del-pais-vasco-suspende-el-cierre-de-la-hosteleria\/#primaryimage"},"thumbnailUrl":"https:\/\/fmsb.eu\/wp-content\/uploads\/2021\/02\/FMSB-ABOGADOS-JOSE-YANEZ-EL-TSJ-VASCO-SUSPENDE-EL-CIERRE-DE-LA-HOSTELERIA-JPG.jpg","datePublished":"2021-02-09T18:29:23+00:00","breadcrumb":{"@id":"https:\/\/fmsb.eu\/en\/2021\/02\/09\/el-tribunal-superior-de-justicia-del-pais-vasco-suspende-el-cierre-de-la-hosteleria\/#breadcrumb"},"inLanguage":"en-US","potentialAction":[{"@type":"ReadAction","target":["https:\/\/fmsb.eu\/en\/2021\/02\/09\/el-tribunal-superior-de-justicia-del-pais-vasco-suspende-el-cierre-de-la-hosteleria\/"]}]},{"@type":"ImageObject","inLanguage":"en-US","@id":"https:\/\/fmsb.eu\/en\/2021\/02\/09\/el-tribunal-superior-de-justicia-del-pais-vasco-suspende-el-cierre-de-la-hosteleria\/#primaryimage","url":"https:\/\/fmsb.eu\/wp-content\/uploads\/2021\/02\/FMSB-ABOGADOS-JOSE-YANEZ-EL-TSJ-VASCO-SUSPENDE-EL-CIERRE-DE-LA-HOSTELERIA-JPG.jpg","contentUrl":"https:\/\/fmsb.eu\/wp-content\/uploads\/2021\/02\/FMSB-ABOGADOS-JOSE-YANEZ-EL-TSJ-VASCO-SUSPENDE-EL-CIERRE-DE-LA-HOSTELERIA-JPG.jpg","width":1619,"height":645},{"@type":"BreadcrumbList","@id":"https:\/\/fmsb.eu\/en\/2021\/02\/09\/el-tribunal-superior-de-justicia-del-pais-vasco-suspende-el-cierre-de-la-hosteleria\/#breadcrumb","itemListElement":[{"@type":"ListItem","position":1,"name":"Portada","item":"https:\/\/fmsb.eu\/en\/"},{"@type":"ListItem","position":2,"name":"ACTUALIDAD: El Tribunal Superior de Justicia del Pa\u00eds Vasco suspende el cierre de la hosteler\u00eda"}]},{"@type":"WebSite","@id":"https:\/\/fmsb.eu\/en\/#website","url":"https:\/\/fmsb.eu\/en\/","name":"FMSB Abogados y Economistas en Baleares","description":"","publisher":{"@id":"https:\/\/fmsb.eu\/en\/#organization"},"potentialAction":[{"@type":"SearchAction","target":{"@type":"EntryPoint","urlTemplate":"https:\/\/fmsb.eu\/en\/?s={search_term_string}"},"query-input":{"@type":"PropertyValueSpecification","valueRequired":true,"valueName":"search_term_string"}}],"inLanguage":"en-US"},{"@type":"Organization","@id":"https:\/\/fmsb.eu\/en\/#organization","name":"FMSB Abogados y Economistas en Baleares","url":"https:\/\/fmsb.eu\/en\/","logo":{"@type":"ImageObject","inLanguage":"en-US","@id":"https:\/\/fmsb.eu\/en\/#\/schema\/logo\/image\/","url":"https:\/\/fmsb.eu\/wp-content\/uploads\/2025\/02\/logo.svg","contentUrl":"https:\/\/fmsb.eu\/wp-content\/uploads\/2025\/02\/logo.svg","width":154,"height":52,"caption":"FMSB Abogados y Economistas en Baleares"},"image":{"@id":"https:\/\/fmsb.eu\/en\/#\/schema\/logo\/image\/"}},{"@type":"Person","@id":"https:\/\/fmsb.eu\/en\/#\/schema\/person\/9fba7c70814b0cd34d35d655d36a4ca2","name":"fmsb","image":{"@type":"ImageObject","inLanguage":"en-US","@id":"https:\/\/secure.gravatar.com\/avatar\/426f4d5b0ebcace85460caf87cdaaa193694b611e990615d87a13f322fb7ee7f?s=96&d=mm&r=g","url":"https:\/\/secure.gravatar.com\/avatar\/426f4d5b0ebcace85460caf87cdaaa193694b611e990615d87a13f322fb7ee7f?s=96&d=mm&r=g","contentUrl":"https:\/\/secure.gravatar.com\/avatar\/426f4d5b0ebcace85460caf87cdaaa193694b611e990615d87a13f322fb7ee7f?s=96&d=mm&r=g","caption":"fmsb"},"sameAs":["https:\/\/x.com\/fmsb-disstint"],"url":"https:\/\/fmsb.eu\/en\/author\/fmsb\/"}]}},"_links":{"self":[{"href":"https:\/\/fmsb.eu\/en\/wp-json\/wp\/v2\/posts\/11516","targetHints":{"allow":["GET"]}}],"collection":[{"href":"https:\/\/fmsb.eu\/en\/wp-json\/wp\/v2\/posts"}],"about":[{"href":"https:\/\/fmsb.eu\/en\/wp-json\/wp\/v2\/types\/post"}],"author":[{"embeddable":true,"href":"https:\/\/fmsb.eu\/en\/wp-json\/wp\/v2\/users\/2"}],"replies":[{"embeddable":true,"href":"https:\/\/fmsb.eu\/en\/wp-json\/wp\/v2\/comments?post=11516"}],"version-history":[{"count":0,"href":"https:\/\/fmsb.eu\/en\/wp-json\/wp\/v2\/posts\/11516\/revisions"}],"wp:featuredmedia":[{"embeddable":true,"href":"https:\/\/fmsb.eu\/en\/wp-json\/wp\/v2\/media\/9282"}],"wp:attachment":[{"href":"https:\/\/fmsb.eu\/en\/wp-json\/wp\/v2\/media?parent=11516"}],"wp:term":[{"taxonomy":"category","embeddable":true,"href":"https:\/\/fmsb.eu\/en\/wp-json\/wp\/v2\/categories?post=11516"},{"taxonomy":"post_tag","embeddable":true,"href":"https:\/\/fmsb.eu\/en\/wp-json\/wp\/v2\/tags?post=11516"}],"curies":[{"name":"wp","href":"https:\/\/api.w.org\/{rel}","templated":true}]}}