{"id":11528,"date":"2021-01-23T09:03:10","date_gmt":"2021-01-23T08:03:10","guid":{"rendered":"http:\/\/fmsb.disstintbeta.com\/2021\/01\/23\/imprescriptibilidad-de-la-responsabilidad-civil-ex-delicto-ana-lobo-abogada\/"},"modified":"2021-01-23T09:03:10","modified_gmt":"2021-01-23T08:03:10","slug":"imprescriptibilidad-de-la-responsabilidad-civil-ex-delicto-ana-lobo-abogada","status":"publish","type":"post","link":"https:\/\/fmsb.eu\/en\/2021\/01\/23\/imprescriptibilidad-de-la-responsabilidad-civil-ex-delicto-ana-lobo-abogada\/","title":{"rendered":"\u00bfPrescribe la responsabilidad civil ex delicto? Por Ana Lobo Men\u00e9ndez"},"content":{"rendered":"<h1><img fetchpriority=\"high\" decoding=\"async\" class=\"alignnone wp-image-4580\" src=\"http:\/\/fmsb.disstintbeta.com\/wp-content\/uploads\/2021\/01\/FMSB-Ana-Lobo-imprescriptibilidad-de-la-responsabilidad-civil-ex-delicto-jpg.jpg\" alt=\"\" width=\"1200\" height=\"478\" srcset=\"https:\/\/font-mora-sainz-baranda.fra1.digitaloceanspaces.com\/wp-content\/uploads\/2021\/01\/FMSB-Ana-Lobo-imprescriptibilidad-de-la-responsabilidad-civil-ex-delicto-jpg.jpg 1619w, https:\/\/font-mora-sainz-baranda.fra1.digitaloceanspaces.com\/wp-content\/uploads\/2021\/01\/FMSB-Ana-Lobo-imprescriptibilidad-de-la-responsabilidad-civil-ex-delicto-jpg-300x120.jpg 300w, https:\/\/font-mora-sainz-baranda.fra1.digitaloceanspaces.com\/wp-content\/uploads\/2021\/01\/FMSB-Ana-Lobo-imprescriptibilidad-de-la-responsabilidad-civil-ex-delicto-jpg-1024x408.jpg 1024w, https:\/\/font-mora-sainz-baranda.fra1.digitaloceanspaces.com\/wp-content\/uploads\/2021\/01\/FMSB-Ana-Lobo-imprescriptibilidad-de-la-responsabilidad-civil-ex-delicto-jpg-768x306.jpg 768w, https:\/\/font-mora-sainz-baranda.fra1.digitaloceanspaces.com\/wp-content\/uploads\/2021\/01\/FMSB-Ana-Lobo-imprescriptibilidad-de-la-responsabilidad-civil-ex-delicto-jpg-1536x612.jpg 1536w\" sizes=\"(max-width: 1200px) 100vw, 1200px\" \/><\/h1>\n<p>&nbsp;<\/p>\n<p>&nbsp;<\/p>\n<h1><strong><em>\u00bfPRESCRIBE LA RESPONSABILIDAD CIVIL <\/em><\/strong><strong>EX DELICTO<em>?<\/em><\/strong><\/h1>\n<p><strong><em>\u00a0<\/em><\/strong><\/p>\n<p class=\"Standard\" style=\"text-align: justify; line-height: 115%;\"><span style=\"font-size: 18.0pt; line-height: 115%; font-family: Athelas;\">La <b>responsabilidad civil derivada de una condena penal firme<\/b> <b>no prescribe<\/b> &#8211;<b>ni caduca<\/b>, dicho sea de paso- y as\u00ed lo ha declarado el Tribunal Supremo en una recent\u00edsima sentencia dictada el pasado 13 de noviembre de 2.020. <\/span><\/p>\n<p class=\"Standard\" style=\"text-align: justify; line-height: 115%;\"><span style=\"font-size: 18.0pt; line-height: 115%; font-family: Athelas;\">La Sala Segunda del Tribunal Supremo ha fijado este <b>nuevo criterio jurisprudencial<\/b> tras conocer el recurso de casaci\u00f3n de un hombre que, all\u00e1 por el 2.001, fue condenado, entre otras cosas, a pagar una indemnizaci\u00f3n de responsabilidad civil cuantificada en 22.301,372 de las antiguas pesetas en concepto de da\u00f1os y perjuicios derivados de un delito de incendio forestal.<\/span><\/p>\n<p class=\"Standard\" style=\"text-align: justify; line-height: 115%;\"><span style=\"font-size: 18.0pt; line-height: 115%; font-family: Athelas;\">Transcurrido sobradamente el plazo general de 15 a\u00f1os que a tal efecto preve\u00eda el C\u00f3digo Civil, la Audiencia Provincial de Barcelona declar\u00f3 la prescripci\u00f3n de la responsabilidad civil. No obstante, no compartiendo dicho criterio, la Sala Civil y Penal del Tribunal Superior de Justicia de Catalu\u00f1a revoc\u00f3 tal pronunciamiento al estimar la <b>imprescriptibilidad de la acci\u00f3n civil<\/b>.<\/span><\/p>\n<p class=\"Standard\" style=\"text-align: justify; line-height: 115%;\"><span style=\"font-size: 18.0pt; line-height: 115%; font-family: Athelas;\">El condenado, de firme convicci\u00f3n, recurri\u00f3 en casaci\u00f3n ante el Tribunal Supremo que, a trav\u00e9s de la sentencia de la que trae causa el presente art\u00edculo, confirma -de una vez y por todas- que la responsabilidad civil derivada de una sentencia penal no prescribe y ello pese a que, hasta entonces, el criterio mantenido era m\u00e1s bien el opuesto.<\/span><\/p>\n<p class=\"Standard\" style=\"text-align: justify; line-height: 115%;\"><span style=\"font-size: 18.0pt; line-height: 115%; font-family: Athelas;\">Este giro y novedoso criterio jurisprudencial obedece, seg\u00fan palabras del Tribunal, a que el marco legislativo ha cambiado en los \u00faltimos a\u00f1os. Un ejemplo clarificador de tal afirmaci\u00f3n descansa en la modificaci\u00f3n de la Ley de Enjuiciamiento Civil que acort\u00f3 el plazo general de prescripci\u00f3n de 15 a 5 a\u00f1os. <\/span><\/p>\n<p class=\"Standard\" style=\"text-align: justify; line-height: 115%;\"><span style=\"font-size: 18.0pt; line-height: 115%; font-family: Athelas;\">Adem\u00e1s, el Tribunal considera que debiera imperar la <b>protecci\u00f3n de la v\u00edctima<\/b> argumentando que \u00e9sta determina una exigencia de tutela singular y reforzada, lo que explica que se atribuya al propio \u00f3rgano judicial el impulso y la iniciativa en la ejecuci\u00f3n de la condena e, incluso, de sus pronunciamientos civiles. Motivo por el cual considera que la interpretaci\u00f3n de las normas del proceso de ejecuci\u00f3n debe realizarse en el sentido m\u00e1s favorable a su plena efectividad.<\/span><\/p>\n<p class=\"Standard\" style=\"text-align: justify; line-height: 115%;\"><span style=\"font-size: 18.0pt; line-height: 115%; font-family: Athelas;\">As\u00ed pues, el Tribunal Supremo trae malas noticias a todos aqu\u00e9llos que contaban los d\u00edas para la prescripci\u00f3n de la responsabilidad civil derivada <i>ex delicto<\/i> y premia, so pena del principio de seguridad jur\u00eddica, a la v\u00edctima para que pueda ver resarcido de forma efectiva el da\u00f1o sufrido o, al menos, para que pueda mantener las expectativas de cobro indefinidamente.<\/span><\/p>\n<p>&nbsp;<\/p>\n<p>&nbsp;<\/p>\n<h2><strong>Ana Lobo<\/strong><\/h2>\n<h4><strong>Abogada de FMSB<\/strong><\/h4>\n<p>&nbsp;<\/p>\n<hr \/>\n<p>#fmsb #fontmorasainzdebaranda #abogados #economistas #derecho #responsabilidad #delitos #condena #jurisprudencia #baleares #mallorca #menorca #ibiza #manacor #elarenal #andratx #law #lawyers #solicitors<\/p>\n","protected":false},"excerpt":{"rendered":"<p>&nbsp; &nbsp; \u00bfPRESCRIBE LA RESPONSABILIDAD CIVIL EX DELICTO? \u00a0 La responsabilidad civil derivada de una condena penal firme no prescribe &#8211;ni caduca, dicho sea de paso- y as\u00ed lo ha declarado el Tribunal Supremo en una recent\u00edsima sentencia dictada el pasado 13 de noviembre de 2.020. La Sala Segunda del Tribunal Supremo ha fijado este [&hellip;]<\/p>\n","protected":false},"author":2,"featured_media":9264,"comment_status":"closed","ping_status":"open","sticky":false,"template":"","format":"standard","meta":{"footnotes":""},"categories":[2149,2150,2367,2152],"tags":[2156,5552,5268,2173,2174,3267,2725,2729],"class_list":["post-11528","post","type-post","status-publish","format-standard","has-post-thumbnail","hentry","category-blog-en-2","category-derecho-civil-en","category-derecho-penal-en","category-home-en-2","tag-abogados-en","tag-derecho-civil-espanol-en","tag-derecho-de-familia-en","tag-fmsb-en","tag-font-mora-sainz-de-baranda-en","tag-hijos-menores-en","tag-interes-del-menor-en","tag-menores-en"],"yoast_head":"<!-- This site is optimized with the Yoast SEO plugin v27.3 - https:\/\/yoast.com\/product\/yoast-seo-wordpress\/ -->\n<title>\u00bfPrescribe la responsabilidad civil ex delicto? Por Ana Lobo Men\u00e9ndez - FMSB Abogados y Economistas en Baleares<\/title>\n<meta name=\"robots\" content=\"index, follow, max-snippet:-1, max-image-preview:large, max-video-preview:-1\" \/>\n<link rel=\"canonical\" href=\"https:\/\/fmsb.eu\/en\/2021\/01\/23\/imprescriptibilidad-de-la-responsabilidad-civil-ex-delicto-ana-lobo-abogada\/\" \/>\n<meta property=\"og:locale\" content=\"en_US\" \/>\n<meta property=\"og:type\" content=\"article\" \/>\n<meta property=\"og:title\" content=\"\u00bfPrescribe la responsabilidad civil ex delicto? Por Ana Lobo Men\u00e9ndez - FMSB Abogados y Economistas en Baleares\" \/>\n<meta property=\"og:description\" content=\"&nbsp; &nbsp; \u00bfPRESCRIBE LA RESPONSABILIDAD CIVIL EX DELICTO? \u00a0 La responsabilidad civil derivada de una condena penal firme no prescribe &#8211;ni caduca, dicho sea de paso- y as\u00ed lo ha declarado el Tribunal Supremo en una recent\u00edsima sentencia dictada el pasado 13 de noviembre de 2.020. La Sala Segunda del Tribunal Supremo ha fijado este [&hellip;]\" \/>\n<meta property=\"og:url\" content=\"https:\/\/fmsb.eu\/en\/2021\/01\/23\/imprescriptibilidad-de-la-responsabilidad-civil-ex-delicto-ana-lobo-abogada\/\" \/>\n<meta property=\"og:site_name\" content=\"FMSB Abogados y Economistas en Baleares\" \/>\n<meta property=\"article:published_time\" content=\"2021-01-23T08:03:10+00:00\" \/>\n<meta property=\"og:image\" content=\"https:\/\/fmsb.eu\/wp-content\/uploads\/2021\/01\/FMSB-Ana-Lobo-imprescriptibilidad-de-la-responsabilidad-civil-ex-delicto-jpg.jpg\" \/>\n\t<meta property=\"og:image:width\" content=\"1619\" \/>\n\t<meta property=\"og:image:height\" content=\"645\" \/>\n\t<meta property=\"og:image:type\" content=\"image\/jpeg\" \/>\n<meta name=\"author\" content=\"fmsb\" \/>\n<meta name=\"twitter:card\" content=\"summary_large_image\" \/>\n<meta name=\"twitter:creator\" content=\"@fmsb-disstint\" \/>\n<meta name=\"twitter:label1\" content=\"Written by\" \/>\n\t<meta name=\"twitter:data1\" content=\"fmsb\" \/>\n\t<meta name=\"twitter:label2\" content=\"Est. reading time\" \/>\n\t<meta name=\"twitter:data2\" content=\"2 minutes\" \/>\n<script type=\"application\/ld+json\" class=\"yoast-schema-graph\">{\"@context\":\"https:\\\/\\\/schema.org\",\"@graph\":[{\"@type\":\"Article\",\"@id\":\"https:\\\/\\\/fmsb.eu\\\/en\\\/2021\\\/01\\\/23\\\/imprescriptibilidad-de-la-responsabilidad-civil-ex-delicto-ana-lobo-abogada\\\/#article\",\"isPartOf\":{\"@id\":\"https:\\\/\\\/fmsb.eu\\\/en\\\/2021\\\/01\\\/23\\\/imprescriptibilidad-de-la-responsabilidad-civil-ex-delicto-ana-lobo-abogada\\\/\"},\"author\":{\"name\":\"fmsb\",\"@id\":\"https:\\\/\\\/fmsb.eu\\\/en\\\/#\\\/schema\\\/person\\\/9fba7c70814b0cd34d35d655d36a4ca2\"},\"headline\":\"\u00bfPrescribe la responsabilidad civil ex delicto? Por Ana Lobo Men\u00e9ndez\",\"datePublished\":\"2021-01-23T08:03:10+00:00\",\"mainEntityOfPage\":{\"@id\":\"https:\\\/\\\/fmsb.eu\\\/en\\\/2021\\\/01\\\/23\\\/imprescriptibilidad-de-la-responsabilidad-civil-ex-delicto-ana-lobo-abogada\\\/\"},\"wordCount\":470,\"publisher\":{\"@id\":\"https:\\\/\\\/fmsb.eu\\\/en\\\/#organization\"},\"image\":{\"@id\":\"https:\\\/\\\/fmsb.eu\\\/en\\\/2021\\\/01\\\/23\\\/imprescriptibilidad-de-la-responsabilidad-civil-ex-delicto-ana-lobo-abogada\\\/#primaryimage\"},\"thumbnailUrl\":\"https:\\\/\\\/fmsb.eu\\\/wp-content\\\/uploads\\\/2021\\\/01\\\/FMSB-Ana-Lobo-imprescriptibilidad-de-la-responsabilidad-civil-ex-delicto-jpg.jpg\",\"keywords\":[\"abogados\",\"derecho civil espa\u00f1ol\",\"Derecho de Familia\",\"fmsb\",\"font mora sainz de baranda\",\"hijos menores\",\"inter\u00e9s del menor\",\"menores\"],\"articleSection\":[\"blog\",\"Derecho Civil\",\"Derecho Penal\",\"Home\"],\"inLanguage\":\"en-US\"},{\"@type\":\"WebPage\",\"@id\":\"https:\\\/\\\/fmsb.eu\\\/en\\\/2021\\\/01\\\/23\\\/imprescriptibilidad-de-la-responsabilidad-civil-ex-delicto-ana-lobo-abogada\\\/\",\"url\":\"https:\\\/\\\/fmsb.eu\\\/en\\\/2021\\\/01\\\/23\\\/imprescriptibilidad-de-la-responsabilidad-civil-ex-delicto-ana-lobo-abogada\\\/\",\"name\":\"\u00bfPrescribe la responsabilidad civil ex delicto? Por Ana Lobo Men\u00e9ndez - FMSB Abogados y Economistas en Baleares\",\"isPartOf\":{\"@id\":\"https:\\\/\\\/fmsb.eu\\\/en\\\/#website\"},\"primaryImageOfPage\":{\"@id\":\"https:\\\/\\\/fmsb.eu\\\/en\\\/2021\\\/01\\\/23\\\/imprescriptibilidad-de-la-responsabilidad-civil-ex-delicto-ana-lobo-abogada\\\/#primaryimage\"},\"image\":{\"@id\":\"https:\\\/\\\/fmsb.eu\\\/en\\\/2021\\\/01\\\/23\\\/imprescriptibilidad-de-la-responsabilidad-civil-ex-delicto-ana-lobo-abogada\\\/#primaryimage\"},\"thumbnailUrl\":\"https:\\\/\\\/fmsb.eu\\\/wp-content\\\/uploads\\\/2021\\\/01\\\/FMSB-Ana-Lobo-imprescriptibilidad-de-la-responsabilidad-civil-ex-delicto-jpg.jpg\",\"datePublished\":\"2021-01-23T08:03:10+00:00\",\"breadcrumb\":{\"@id\":\"https:\\\/\\\/fmsb.eu\\\/en\\\/2021\\\/01\\\/23\\\/imprescriptibilidad-de-la-responsabilidad-civil-ex-delicto-ana-lobo-abogada\\\/#breadcrumb\"},\"inLanguage\":\"en-US\",\"potentialAction\":[{\"@type\":\"ReadAction\",\"target\":[\"https:\\\/\\\/fmsb.eu\\\/en\\\/2021\\\/01\\\/23\\\/imprescriptibilidad-de-la-responsabilidad-civil-ex-delicto-ana-lobo-abogada\\\/\"]}]},{\"@type\":\"ImageObject\",\"inLanguage\":\"en-US\",\"@id\":\"https:\\\/\\\/fmsb.eu\\\/en\\\/2021\\\/01\\\/23\\\/imprescriptibilidad-de-la-responsabilidad-civil-ex-delicto-ana-lobo-abogada\\\/#primaryimage\",\"url\":\"https:\\\/\\\/fmsb.eu\\\/wp-content\\\/uploads\\\/2021\\\/01\\\/FMSB-Ana-Lobo-imprescriptibilidad-de-la-responsabilidad-civil-ex-delicto-jpg.jpg\",\"contentUrl\":\"https:\\\/\\\/fmsb.eu\\\/wp-content\\\/uploads\\\/2021\\\/01\\\/FMSB-Ana-Lobo-imprescriptibilidad-de-la-responsabilidad-civil-ex-delicto-jpg.jpg\",\"width\":1619,\"height\":645},{\"@type\":\"BreadcrumbList\",\"@id\":\"https:\\\/\\\/fmsb.eu\\\/en\\\/2021\\\/01\\\/23\\\/imprescriptibilidad-de-la-responsabilidad-civil-ex-delicto-ana-lobo-abogada\\\/#breadcrumb\",\"itemListElement\":[{\"@type\":\"ListItem\",\"position\":1,\"name\":\"Portada\",\"item\":\"https:\\\/\\\/fmsb.eu\\\/en\\\/\"},{\"@type\":\"ListItem\",\"position\":2,\"name\":\"\u00bfPrescribe la responsabilidad civil ex delicto? Por Ana Lobo Men\u00e9ndez\"}]},{\"@type\":\"WebSite\",\"@id\":\"https:\\\/\\\/fmsb.eu\\\/en\\\/#website\",\"url\":\"https:\\\/\\\/fmsb.eu\\\/en\\\/\",\"name\":\"FMSB Abogados y Economistas en Baleares\",\"description\":\"\",\"publisher\":{\"@id\":\"https:\\\/\\\/fmsb.eu\\\/en\\\/#organization\"},\"potentialAction\":[{\"@type\":\"SearchAction\",\"target\":{\"@type\":\"EntryPoint\",\"urlTemplate\":\"https:\\\/\\\/fmsb.eu\\\/en\\\/?s={search_term_string}\"},\"query-input\":{\"@type\":\"PropertyValueSpecification\",\"valueRequired\":true,\"valueName\":\"search_term_string\"}}],\"inLanguage\":\"en-US\"},{\"@type\":\"Organization\",\"@id\":\"https:\\\/\\\/fmsb.eu\\\/en\\\/#organization\",\"name\":\"FMSB Abogados y Economistas en Baleares\",\"url\":\"https:\\\/\\\/fmsb.eu\\\/en\\\/\",\"logo\":{\"@type\":\"ImageObject\",\"inLanguage\":\"en-US\",\"@id\":\"https:\\\/\\\/fmsb.eu\\\/en\\\/#\\\/schema\\\/logo\\\/image\\\/\",\"url\":\"https:\\\/\\\/fmsb.eu\\\/wp-content\\\/uploads\\\/2025\\\/02\\\/logo.svg\",\"contentUrl\":\"https:\\\/\\\/fmsb.eu\\\/wp-content\\\/uploads\\\/2025\\\/02\\\/logo.svg\",\"width\":154,\"height\":52,\"caption\":\"FMSB Abogados y Economistas en Baleares\"},\"image\":{\"@id\":\"https:\\\/\\\/fmsb.eu\\\/en\\\/#\\\/schema\\\/logo\\\/image\\\/\"}},{\"@type\":\"Person\",\"@id\":\"https:\\\/\\\/fmsb.eu\\\/en\\\/#\\\/schema\\\/person\\\/9fba7c70814b0cd34d35d655d36a4ca2\",\"name\":\"fmsb\",\"image\":{\"@type\":\"ImageObject\",\"inLanguage\":\"en-US\",\"@id\":\"https:\\\/\\\/secure.gravatar.com\\\/avatar\\\/426f4d5b0ebcace85460caf87cdaaa193694b611e990615d87a13f322fb7ee7f?s=96&d=mm&r=g\",\"url\":\"https:\\\/\\\/secure.gravatar.com\\\/avatar\\\/426f4d5b0ebcace85460caf87cdaaa193694b611e990615d87a13f322fb7ee7f?s=96&d=mm&r=g\",\"contentUrl\":\"https:\\\/\\\/secure.gravatar.com\\\/avatar\\\/426f4d5b0ebcace85460caf87cdaaa193694b611e990615d87a13f322fb7ee7f?s=96&d=mm&r=g\",\"caption\":\"fmsb\"},\"sameAs\":[\"https:\\\/\\\/x.com\\\/fmsb-disstint\"],\"url\":\"https:\\\/\\\/fmsb.eu\\\/en\\\/author\\\/fmsb\\\/\"}]}<\/script>\n<!-- \/ Yoast SEO plugin. -->","yoast_head_json":{"title":"\u00bfPrescribe la responsabilidad civil ex delicto? Por Ana Lobo Men\u00e9ndez - FMSB Abogados y Economistas en Baleares","robots":{"index":"index","follow":"follow","max-snippet":"max-snippet:-1","max-image-preview":"max-image-preview:large","max-video-preview":"max-video-preview:-1"},"canonical":"https:\/\/fmsb.eu\/en\/2021\/01\/23\/imprescriptibilidad-de-la-responsabilidad-civil-ex-delicto-ana-lobo-abogada\/","og_locale":"en_US","og_type":"article","og_title":"\u00bfPrescribe la responsabilidad civil ex delicto? Por Ana Lobo Men\u00e9ndez - FMSB Abogados y Economistas en Baleares","og_description":"&nbsp; &nbsp; \u00bfPRESCRIBE LA RESPONSABILIDAD CIVIL EX DELICTO? \u00a0 La responsabilidad civil derivada de una condena penal firme no prescribe &#8211;ni caduca, dicho sea de paso- y as\u00ed lo ha declarado el Tribunal Supremo en una recent\u00edsima sentencia dictada el pasado 13 de noviembre de 2.020. La Sala Segunda del Tribunal Supremo ha fijado este [&hellip;]","og_url":"https:\/\/fmsb.eu\/en\/2021\/01\/23\/imprescriptibilidad-de-la-responsabilidad-civil-ex-delicto-ana-lobo-abogada\/","og_site_name":"FMSB Abogados y Economistas en Baleares","article_published_time":"2021-01-23T08:03:10+00:00","og_image":[{"width":1619,"height":645,"url":"https:\/\/fmsb.eu\/wp-content\/uploads\/2021\/01\/FMSB-Ana-Lobo-imprescriptibilidad-de-la-responsabilidad-civil-ex-delicto-jpg.jpg","type":"image\/jpeg"}],"author":"fmsb","twitter_card":"summary_large_image","twitter_creator":"@fmsb-disstint","twitter_misc":{"Written by":"fmsb","Est. reading time":"2 minutes"},"schema":{"@context":"https:\/\/schema.org","@graph":[{"@type":"Article","@id":"https:\/\/fmsb.eu\/en\/2021\/01\/23\/imprescriptibilidad-de-la-responsabilidad-civil-ex-delicto-ana-lobo-abogada\/#article","isPartOf":{"@id":"https:\/\/fmsb.eu\/en\/2021\/01\/23\/imprescriptibilidad-de-la-responsabilidad-civil-ex-delicto-ana-lobo-abogada\/"},"author":{"name":"fmsb","@id":"https:\/\/fmsb.eu\/en\/#\/schema\/person\/9fba7c70814b0cd34d35d655d36a4ca2"},"headline":"\u00bfPrescribe la responsabilidad civil ex delicto? Por Ana Lobo Men\u00e9ndez","datePublished":"2021-01-23T08:03:10+00:00","mainEntityOfPage":{"@id":"https:\/\/fmsb.eu\/en\/2021\/01\/23\/imprescriptibilidad-de-la-responsabilidad-civil-ex-delicto-ana-lobo-abogada\/"},"wordCount":470,"publisher":{"@id":"https:\/\/fmsb.eu\/en\/#organization"},"image":{"@id":"https:\/\/fmsb.eu\/en\/2021\/01\/23\/imprescriptibilidad-de-la-responsabilidad-civil-ex-delicto-ana-lobo-abogada\/#primaryimage"},"thumbnailUrl":"https:\/\/fmsb.eu\/wp-content\/uploads\/2021\/01\/FMSB-Ana-Lobo-imprescriptibilidad-de-la-responsabilidad-civil-ex-delicto-jpg.jpg","keywords":["abogados","derecho civil espa\u00f1ol","Derecho de Familia","fmsb","font mora sainz de baranda","hijos menores","inter\u00e9s del menor","menores"],"articleSection":["blog","Derecho Civil","Derecho Penal","Home"],"inLanguage":"en-US"},{"@type":"WebPage","@id":"https:\/\/fmsb.eu\/en\/2021\/01\/23\/imprescriptibilidad-de-la-responsabilidad-civil-ex-delicto-ana-lobo-abogada\/","url":"https:\/\/fmsb.eu\/en\/2021\/01\/23\/imprescriptibilidad-de-la-responsabilidad-civil-ex-delicto-ana-lobo-abogada\/","name":"\u00bfPrescribe la responsabilidad civil ex delicto? Por Ana Lobo Men\u00e9ndez - FMSB Abogados y Economistas en Baleares","isPartOf":{"@id":"https:\/\/fmsb.eu\/en\/#website"},"primaryImageOfPage":{"@id":"https:\/\/fmsb.eu\/en\/2021\/01\/23\/imprescriptibilidad-de-la-responsabilidad-civil-ex-delicto-ana-lobo-abogada\/#primaryimage"},"image":{"@id":"https:\/\/fmsb.eu\/en\/2021\/01\/23\/imprescriptibilidad-de-la-responsabilidad-civil-ex-delicto-ana-lobo-abogada\/#primaryimage"},"thumbnailUrl":"https:\/\/fmsb.eu\/wp-content\/uploads\/2021\/01\/FMSB-Ana-Lobo-imprescriptibilidad-de-la-responsabilidad-civil-ex-delicto-jpg.jpg","datePublished":"2021-01-23T08:03:10+00:00","breadcrumb":{"@id":"https:\/\/fmsb.eu\/en\/2021\/01\/23\/imprescriptibilidad-de-la-responsabilidad-civil-ex-delicto-ana-lobo-abogada\/#breadcrumb"},"inLanguage":"en-US","potentialAction":[{"@type":"ReadAction","target":["https:\/\/fmsb.eu\/en\/2021\/01\/23\/imprescriptibilidad-de-la-responsabilidad-civil-ex-delicto-ana-lobo-abogada\/"]}]},{"@type":"ImageObject","inLanguage":"en-US","@id":"https:\/\/fmsb.eu\/en\/2021\/01\/23\/imprescriptibilidad-de-la-responsabilidad-civil-ex-delicto-ana-lobo-abogada\/#primaryimage","url":"https:\/\/fmsb.eu\/wp-content\/uploads\/2021\/01\/FMSB-Ana-Lobo-imprescriptibilidad-de-la-responsabilidad-civil-ex-delicto-jpg.jpg","contentUrl":"https:\/\/fmsb.eu\/wp-content\/uploads\/2021\/01\/FMSB-Ana-Lobo-imprescriptibilidad-de-la-responsabilidad-civil-ex-delicto-jpg.jpg","width":1619,"height":645},{"@type":"BreadcrumbList","@id":"https:\/\/fmsb.eu\/en\/2021\/01\/23\/imprescriptibilidad-de-la-responsabilidad-civil-ex-delicto-ana-lobo-abogada\/#breadcrumb","itemListElement":[{"@type":"ListItem","position":1,"name":"Portada","item":"https:\/\/fmsb.eu\/en\/"},{"@type":"ListItem","position":2,"name":"\u00bfPrescribe la responsabilidad civil ex delicto? Por Ana Lobo Men\u00e9ndez"}]},{"@type":"WebSite","@id":"https:\/\/fmsb.eu\/en\/#website","url":"https:\/\/fmsb.eu\/en\/","name":"FMSB Abogados y Economistas en Baleares","description":"","publisher":{"@id":"https:\/\/fmsb.eu\/en\/#organization"},"potentialAction":[{"@type":"SearchAction","target":{"@type":"EntryPoint","urlTemplate":"https:\/\/fmsb.eu\/en\/?s={search_term_string}"},"query-input":{"@type":"PropertyValueSpecification","valueRequired":true,"valueName":"search_term_string"}}],"inLanguage":"en-US"},{"@type":"Organization","@id":"https:\/\/fmsb.eu\/en\/#organization","name":"FMSB Abogados y Economistas en Baleares","url":"https:\/\/fmsb.eu\/en\/","logo":{"@type":"ImageObject","inLanguage":"en-US","@id":"https:\/\/fmsb.eu\/en\/#\/schema\/logo\/image\/","url":"https:\/\/fmsb.eu\/wp-content\/uploads\/2025\/02\/logo.svg","contentUrl":"https:\/\/fmsb.eu\/wp-content\/uploads\/2025\/02\/logo.svg","width":154,"height":52,"caption":"FMSB Abogados y Economistas en Baleares"},"image":{"@id":"https:\/\/fmsb.eu\/en\/#\/schema\/logo\/image\/"}},{"@type":"Person","@id":"https:\/\/fmsb.eu\/en\/#\/schema\/person\/9fba7c70814b0cd34d35d655d36a4ca2","name":"fmsb","image":{"@type":"ImageObject","inLanguage":"en-US","@id":"https:\/\/secure.gravatar.com\/avatar\/426f4d5b0ebcace85460caf87cdaaa193694b611e990615d87a13f322fb7ee7f?s=96&d=mm&r=g","url":"https:\/\/secure.gravatar.com\/avatar\/426f4d5b0ebcace85460caf87cdaaa193694b611e990615d87a13f322fb7ee7f?s=96&d=mm&r=g","contentUrl":"https:\/\/secure.gravatar.com\/avatar\/426f4d5b0ebcace85460caf87cdaaa193694b611e990615d87a13f322fb7ee7f?s=96&d=mm&r=g","caption":"fmsb"},"sameAs":["https:\/\/x.com\/fmsb-disstint"],"url":"https:\/\/fmsb.eu\/en\/author\/fmsb\/"}]}},"_links":{"self":[{"href":"https:\/\/fmsb.eu\/en\/wp-json\/wp\/v2\/posts\/11528","targetHints":{"allow":["GET"]}}],"collection":[{"href":"https:\/\/fmsb.eu\/en\/wp-json\/wp\/v2\/posts"}],"about":[{"href":"https:\/\/fmsb.eu\/en\/wp-json\/wp\/v2\/types\/post"}],"author":[{"embeddable":true,"href":"https:\/\/fmsb.eu\/en\/wp-json\/wp\/v2\/users\/2"}],"replies":[{"embeddable":true,"href":"https:\/\/fmsb.eu\/en\/wp-json\/wp\/v2\/comments?post=11528"}],"version-history":[{"count":0,"href":"https:\/\/fmsb.eu\/en\/wp-json\/wp\/v2\/posts\/11528\/revisions"}],"wp:featuredmedia":[{"embeddable":true,"href":"https:\/\/fmsb.eu\/en\/wp-json\/wp\/v2\/media\/9264"}],"wp:attachment":[{"href":"https:\/\/fmsb.eu\/en\/wp-json\/wp\/v2\/media?parent=11528"}],"wp:term":[{"taxonomy":"category","embeddable":true,"href":"https:\/\/fmsb.eu\/en\/wp-json\/wp\/v2\/categories?post=11528"},{"taxonomy":"post_tag","embeddable":true,"href":"https:\/\/fmsb.eu\/en\/wp-json\/wp\/v2\/tags?post=11528"}],"curies":[{"name":"wp","href":"https:\/\/api.w.org\/{rel}","templated":true}]}}