{"id":11540,"date":"2020-12-27T08:21:00","date_gmt":"2020-12-27T07:21:00","guid":{"rendered":"http:\/\/fmsb.disstintbeta.com\/2020\/12\/27\/menos-ruido-y-mas-nueces-jorge-sainz-de-baranda\/"},"modified":"2020-12-27T08:21:00","modified_gmt":"2020-12-27T07:21:00","slug":"menos-ruido-y-mas-nueces-jorge-sainz-de-baranda","status":"publish","type":"post","link":"https:\/\/fmsb.eu\/en\/2020\/12\/27\/menos-ruido-y-mas-nueces-jorge-sainz-de-baranda\/","title":{"rendered":"Menos ruido y m\u00e1s nueces&#8230; Art\u00edculo de opini\u00f3n en Mallorcadiario.com de Jorge S\u00e1inz de Baranda"},"content":{"rendered":"<p><a href=\"http:\/\/fmsb.disstintbeta.com\/wp-content\/uploads\/2020\/12\/Sin-titulo.png\"><img fetchpriority=\"high\" decoding=\"async\" class=\"alignnone wp-image-4505\" src=\"http:\/\/fmsb.disstintbeta.com\/wp-content\/uploads\/2020\/12\/Sin-titulo.png\" alt=\"\" width=\"800\" height=\"600\" srcset=\"https:\/\/font-mora-sainz-baranda.fra1.digitaloceanspaces.com\/wp-content\/uploads\/2020\/12\/Sin-titulo.png 1600w, https:\/\/font-mora-sainz-baranda.fra1.digitaloceanspaces.com\/wp-content\/uploads\/2020\/12\/Sin-titulo-300x225.png 300w, https:\/\/font-mora-sainz-baranda.fra1.digitaloceanspaces.com\/wp-content\/uploads\/2020\/12\/Sin-titulo-1024x768.png 1024w, https:\/\/font-mora-sainz-baranda.fra1.digitaloceanspaces.com\/wp-content\/uploads\/2020\/12\/Sin-titulo-768x576.png 768w, https:\/\/font-mora-sainz-baranda.fra1.digitaloceanspaces.com\/wp-content\/uploads\/2020\/12\/Sin-titulo-1536x1152.png 1536w\" sizes=\"(max-width: 800px) 100vw, 800px\" \/><\/a><\/p>\n<div class=\"navegacion\">\n<h3 class=\"antesubtitulo antetit\"><span style=\"color: #993300;\"><strong>mallorcadiario.com<\/strong><\/span>\u00a0 Opini\u00f3n<\/h3>\n<h6 class=\"ulthora fecha_publicacion\"><span class=\"dia_mes_anno\">DOMINGO 27 DE DICIEMBRE DE 2020<\/span><\/h6>\n<h6 class=\"ulthora fecha_publicacion\"><span class=\"dia_mes_anno\" style=\"color: #ffffff;\">DOMINGO 25 DE OCTUBRE DE 2020<\/span><\/h6>\n<\/div>\n<div title=\"noticia 557362\">\n<h1 class=\"titulo\"><a href=\"https:\/\/www.mallorcadiario.com\/menos-ruido-y-mas-nueces\">Menos ruido y m\u00e1s nueces&#8230;<\/a><\/h1>\n<\/div>\n<div id=\"firmante_767\" class=\"firmante\">\n<p>Por\u00a0<strong><span class=\"nombre_firmante\">Jorge S\u00e1inz de Baranda<\/span><\/strong><\/p>\n<h6><a href=\"https:\/\/www.mallorcadiario.com\/jorge-sainz-de-baranda\/autor\/767\/\"><strong><span style=\"color: #993300;\">M\u00c1S ART\u00cdCULOS DEL AUTOR<\/span><\/strong><\/a><\/h6>\n<\/div>\n<p>&nbsp;<\/p>\n<p class=\"impact-text\">Me enfrentaba a mi \u00faltimo art\u00edculo de este <em>diversis anni<\/em> pensando en hacer un resumen de lo que nos ha acontecido: lo bueno, lo menos bueno y lo malo -muy al estilo de ese meme que corre por WhatsApp en el que, ante una imagen que anuncia \u201clo mejor de este a\u00f1o 2020\u201d y un play, te puedes cansar de darle que no ocurre nada-, cuando mi querido BOE, ese compa\u00f1ero que nunca me falla, me da la sorpresa de Navidad.<\/p>\n<p class=\"impact-text\">As\u00ed, el pasado 23 de diciembre, en vez de traer una cesta con dulces y frutos secos, va y me trae un Real Decreto -\u00bfque esperaban Uds. de un BOE?-, concretamente el Real Decreto-ley 35\/2020 que contiene las tan ansiadas medidas para los arrendatarios de locales de negocio, en especial para los del sector del turismo y la restauraci\u00f3n.<\/p>\n<p class=\"impact-text\">Lo de los frutos secos lo dec\u00eda porque, despu\u00e9s de leerlo atentamente, enseguida pens\u00e9 -esta man\u00eda no me la quito ni en Navidad- en la expresi\u00f3n de <em>\u201cmucho ruido y pocas nueces\u201d<\/em>, una frase cuyo origen se atribuye no a la comedia del Gran Shakespeare si no al Asedio de Amiens, en el que los hombres al mando de Hern\u00e1n Tello de Portocarrero (1552\u20131597), considerado uno de los espa\u00f1oles m\u00e1s ilustres en el Flandes de Felipe II, disfrazados de campesinos, lanzaron unas nueces contra el suelo para que el enorme ruido generase confusi\u00f3n entre los soldados que estaban de guardia en la entrada de la poblaci\u00f3n francesa, haci\u00e9ndoles creer que les disparaban, lo que m\u00e1s tarde populariz\u00f3 la expresi\u00f3n.<\/p>\n<p class=\"impact-text\">Y es que, a pesar de que eran unas medidas muy esperadas, la realidad siempre defrauda a la ficci\u00f3n y a los <em>aficcionados. <\/em><\/p>\n<p class=\"impact-text\">La norma comienza generando confusi\u00f3n y decepci\u00f3n a partes iguales pues solo va dirigida de forma imperativa al arrendador de local de negocio o de industria considerado como \u00a0\u201cGran Tenedor\u201d, es decir, aquella persona f\u00edsica o jur\u00eddica que es titular de m\u00e1s de 10 inmuebles urbanos, excluyendo garajes y trasteros -sin aclarar que ocurre si son en proindiviso, si solo tienes la nuda propiedad, etc\u2026-, o que sus inmuebles tengan una superficie construida de m\u00e1s de 1.500 m2.<\/p>\n<p class=\"impact-text\">Para estos casos, el arrendatario, antes del 31 de enero, puede optar entre solicitar una reducci\u00f3n del 50% de la renta durante el estado de alarma -declarado de nuevo por Real Decreto de 25 de octubre- sus pr\u00f3rrogas, y las mensualidades siguientes hasta un m\u00e1ximo de cuatro, o una moratoria en el pago de la renta generada en esos mismos meses, aplaz\u00e1ndola por un periodo de dos a\u00f1os a contar desde la finalizaci\u00f3n de la citada moratoria.<\/p>\n<p class=\"impact-text\">Varias cuestiones que, adem\u00e1s, debemos tener en cuenta: (i) la decisi\u00f3n sobre cu\u00e1l es la opci\u00f3n a aplicar la tiene el arrendador, con independencia de lo que haya solicitado el arrendatario; (ii) la medida se aplicar\u00e1 a partir de la siguiente mensualidad arrendaticia, de forma que de poco sirve la referencia al Estado de Alarma ya que habr\u00e1n pasado dos rentas desde entonces; y (iii) para el resto de arrendatarios de locales, el art\u00edculo 2 solo dice que <em>\u201cpodr\u00e1 solicitar de la persona arrendadora, antes del 31 de enero de 2021, el aplazamiento temporal y extraordinario en el pago de la renta siempre que dicho aplazamiento o una rebaja de la renta no se hubiera acordado por ambas partes con car\u00e1cter voluntario..\u201d<\/em>, que es lo mismo que decir \u201cante el vicio de pedir\u2026\u201d.<\/p>\n<p class=\"impact-text\">Adem\u00e1s, para acceder a estas medidas debes ser aut\u00f3nomo o pyme, estar afiliado y en situaci\u00f3n de alta en la SS, y que tu actividad haya quedado suspendida como consecuencia del nuevo Estado de Alarma -a\u00fan no he logrado saber qui\u00e9n- o acreditar una reducci\u00f3n de tu facturaci\u00f3n en, al menos, un 75 por ciento en relaci\u00f3n con el trimestre del a\u00f1o anterior.<\/p>\n<p class=\"impact-text\">Por \u00faltimo, y aqu\u00ed hay que reconocerle al legislador su inconfundible toque humor\u00edstico, se\u00f1ala que si el arrendador se encuentre en concurso de acreedores o <em>\u201cen probabilidad de insolvencia o ante una insolvencia inminente o actual del TRLC\u201d<\/em>, la norma no ser\u00e1 de aplicaci\u00f3n, de forma que si tu arrendador est\u00e1 en situaci\u00f3n de insolvencia, la ley te obliga a pagarle la renta \u00edntegra para que as\u00ed puedas acompa\u00f1arle en la petici\u00f3n de concurso, que ir solo es mucho m\u00e1s aburrido.<\/p>\n<p class=\"impact-text\">En fin, que acabamos como empezamos y, con este desparpajo normativo al menos en el pre\u00e1mbulo \u201cautobombo\u201d de la norma, resulta m\u00e1s de aplicaci\u00f3n el t\u00edtulo en ingl\u00e9s de la obra citada de Shakespeare, <em>\u201cMuch ado about Nothing\u201d<\/em>, cuya traducci\u00f3n literal vendr\u00eda a ser \u201cMucho pre\u00e1mbulo sobre nada\u201d.<\/p>\n<p class=\"impact-text\">\u00a1Os deseo un Feliz a\u00f1o a todos, de coraz\u00f3n!<\/p>\n<p>&nbsp;<\/p>\n<p>&nbsp;<\/p>\n<hr \/>\n<p>Art\u00edculo original publicado en el diario digital\u00a0<a href=\"https:\/\/www.mallorcadiario.com\/menos-ruido-y-mas-nueces\"><strong><span style=\"color: #993300;\">mallorcadiario.com<\/span><\/strong><\/a><\/p>\n","protected":false},"excerpt":{"rendered":"<p>mallorcadiario.com\u00a0 Opini\u00f3n DOMINGO 27 DE DICIEMBRE DE 2020 DOMINGO 25 DE OCTUBRE DE 2020 Menos ruido y m\u00e1s nueces&#8230; Por\u00a0Jorge S\u00e1inz de Baranda M\u00c1S ART\u00cdCULOS DEL AUTOR &nbsp; Me enfrentaba a mi \u00faltimo art\u00edculo de este diversis anni pensando en hacer un resumen de lo que nos ha acontecido: lo bueno, lo menos bueno y [&hellip;]<\/p>\n","protected":false},"author":2,"featured_media":9246,"comment_status":"closed","ping_status":"open","sticky":false,"template":"","format":"standard","meta":{"footnotes":""},"categories":[2149,3880,2250,2152,3144],"tags":[2156,2608,2494,2255,2158,2257,2261,2262,2168,2169,2631,2266,2634,2269,2270,2271,2272,2274,5542,2181,2277,2182,2284,2286,2643,2644,2645,2190,5543,5544],"class_list":["post-11540","post","type-post","status-publish","format-standard","has-post-thumbnail","hentry","category-blog-en-2","category-coronavirus-en","category-derecho-fiscal-en","category-home-en-2","category-opinion-en","tag-abogados-en","tag-aeat-en","tag-articulos-en","tag-asesores-en","tag-baleares-en","tag-comunidad-autonoma-en","tag-derecho-fiscal-en","tag-derecho-tributario-en","tag-economistas-en","tag-el-arenal-en","tag-fraude-fiscal-en","tag-hacienda-en","tag-ibi-en","tag-illes-balears-en","tag-impuesto-de-sucesiones-en","tag-impuestos-en-2","tag-irpf-en","tag-jorge-sainz-de-baranda-en","tag-ley-del-catastro-en","tag-mallorca-en-2","tag-mallorcadiario-en","tag-manacor-en","tag-opinion-en","tag-palma-en","tag-plusvalia-en","tag-prespuestos-generales-del-estado-en","tag-presupuestos-2021-en","tag-puerto-de-andratx-en","tag-valor-catastral-en","tag-valor-de-referencia-de-mercado-en"],"yoast_head":"<!-- This site is optimized with the Yoast SEO plugin v27.3 - https:\/\/yoast.com\/product\/yoast-seo-wordpress\/ -->\n<title>Menos ruido y m\u00e1s nueces... Art\u00edculo de opini\u00f3n en Mallorcadiario.com de Jorge S\u00e1inz de Baranda - FMSB Abogados y Economistas en Baleares<\/title>\n<meta name=\"robots\" content=\"index, follow, max-snippet:-1, max-image-preview:large, max-video-preview:-1\" \/>\n<link rel=\"canonical\" href=\"https:\/\/fmsb.eu\/en\/2020\/12\/27\/menos-ruido-y-mas-nueces-jorge-sainz-de-baranda\/\" \/>\n<meta property=\"og:locale\" content=\"en_US\" \/>\n<meta property=\"og:type\" content=\"article\" \/>\n<meta property=\"og:title\" content=\"Menos ruido y m\u00e1s nueces... Art\u00edculo de opini\u00f3n en Mallorcadiario.com de Jorge S\u00e1inz de Baranda - FMSB Abogados y Economistas en Baleares\" \/>\n<meta property=\"og:description\" content=\"mallorcadiario.com\u00a0 Opini\u00f3n DOMINGO 27 DE DICIEMBRE DE 2020 DOMINGO 25 DE OCTUBRE DE 2020 Menos ruido y m\u00e1s nueces&#8230; Por\u00a0Jorge S\u00e1inz de Baranda M\u00c1S ART\u00cdCULOS DEL AUTOR &nbsp; Me enfrentaba a mi \u00faltimo art\u00edculo de este diversis anni pensando en hacer un resumen de lo que nos ha acontecido: lo bueno, lo menos bueno y [&hellip;]\" \/>\n<meta property=\"og:url\" content=\"https:\/\/fmsb.eu\/en\/2020\/12\/27\/menos-ruido-y-mas-nueces-jorge-sainz-de-baranda\/\" \/>\n<meta property=\"og:site_name\" content=\"FMSB Abogados y Economistas en Baleares\" \/>\n<meta property=\"article:published_time\" content=\"2020-12-27T07:21:00+00:00\" \/>\n<meta property=\"og:image\" content=\"https:\/\/fmsb.eu\/wp-content\/uploads\/2020\/12\/Sin-titulo.png\" \/>\n\t<meta property=\"og:image:width\" content=\"1600\" \/>\n\t<meta property=\"og:image:height\" content=\"1200\" \/>\n\t<meta property=\"og:image:type\" content=\"image\/png\" \/>\n<meta name=\"author\" content=\"fmsb\" \/>\n<meta name=\"twitter:card\" content=\"summary_large_image\" \/>\n<meta name=\"twitter:creator\" content=\"@fmsb-disstint\" \/>\n<meta name=\"twitter:label1\" content=\"Written by\" \/>\n\t<meta name=\"twitter:data1\" content=\"fmsb\" \/>\n\t<meta name=\"twitter:label2\" content=\"Est. reading time\" \/>\n\t<meta name=\"twitter:data2\" content=\"4 minutes\" \/>\n<script type=\"application\/ld+json\" class=\"yoast-schema-graph\">{\"@context\":\"https:\\\/\\\/schema.org\",\"@graph\":[{\"@type\":\"Article\",\"@id\":\"https:\\\/\\\/fmsb.eu\\\/en\\\/2020\\\/12\\\/27\\\/menos-ruido-y-mas-nueces-jorge-sainz-de-baranda\\\/#article\",\"isPartOf\":{\"@id\":\"https:\\\/\\\/fmsb.eu\\\/en\\\/2020\\\/12\\\/27\\\/menos-ruido-y-mas-nueces-jorge-sainz-de-baranda\\\/\"},\"author\":{\"name\":\"fmsb\",\"@id\":\"https:\\\/\\\/fmsb.eu\\\/en\\\/#\\\/schema\\\/person\\\/9fba7c70814b0cd34d35d655d36a4ca2\"},\"headline\":\"Menos ruido y m\u00e1s nueces&#8230; Art\u00edculo de opini\u00f3n en Mallorcadiario.com de Jorge S\u00e1inz de Baranda\",\"datePublished\":\"2020-12-27T07:21:00+00:00\",\"mainEntityOfPage\":{\"@id\":\"https:\\\/\\\/fmsb.eu\\\/en\\\/2020\\\/12\\\/27\\\/menos-ruido-y-mas-nueces-jorge-sainz-de-baranda\\\/\"},\"wordCount\":886,\"publisher\":{\"@id\":\"https:\\\/\\\/fmsb.eu\\\/en\\\/#organization\"},\"image\":{\"@id\":\"https:\\\/\\\/fmsb.eu\\\/en\\\/2020\\\/12\\\/27\\\/menos-ruido-y-mas-nueces-jorge-sainz-de-baranda\\\/#primaryimage\"},\"thumbnailUrl\":\"https:\\\/\\\/fmsb.eu\\\/wp-content\\\/uploads\\\/2020\\\/12\\\/Sin-titulo.png\",\"keywords\":[\"abogados\",\"aeat\",\"articulos\",\"asesores\",\"baleares\",\"comunidad aut\u00f3noma\",\"derecho fiscal\",\"derecho tributario\",\"economistas\",\"el arenal\",\"fraude fiscal\",\"Hacienda\",\"ibi\",\"illes balears\",\"impuesto de sucesiones\",\"impuestos\",\"IRPF\",\"jorge sainz de baranda\",\"ley del catastro\",\"mallorca\",\"mallorcadiario\",\"Manacor\",\"opinion\",\"Palma\",\"plusval\u00eda\",\"prespuestos generales del estado\",\"presupuestos 2021\",\"puerto de andratx\",\"valor catastral\",\"valor de referencia de mercado\"],\"articleSection\":[\"blog\",\"Coronavirus\",\"Derecho Fiscal\",\"Home\",\"Opini\u00f3n\"],\"inLanguage\":\"en-US\"},{\"@type\":\"WebPage\",\"@id\":\"https:\\\/\\\/fmsb.eu\\\/en\\\/2020\\\/12\\\/27\\\/menos-ruido-y-mas-nueces-jorge-sainz-de-baranda\\\/\",\"url\":\"https:\\\/\\\/fmsb.eu\\\/en\\\/2020\\\/12\\\/27\\\/menos-ruido-y-mas-nueces-jorge-sainz-de-baranda\\\/\",\"name\":\"Menos ruido y m\u00e1s nueces... Art\u00edculo de opini\u00f3n en Mallorcadiario.com de Jorge S\u00e1inz de Baranda - FMSB Abogados y Economistas en Baleares\",\"isPartOf\":{\"@id\":\"https:\\\/\\\/fmsb.eu\\\/en\\\/#website\"},\"primaryImageOfPage\":{\"@id\":\"https:\\\/\\\/fmsb.eu\\\/en\\\/2020\\\/12\\\/27\\\/menos-ruido-y-mas-nueces-jorge-sainz-de-baranda\\\/#primaryimage\"},\"image\":{\"@id\":\"https:\\\/\\\/fmsb.eu\\\/en\\\/2020\\\/12\\\/27\\\/menos-ruido-y-mas-nueces-jorge-sainz-de-baranda\\\/#primaryimage\"},\"thumbnailUrl\":\"https:\\\/\\\/fmsb.eu\\\/wp-content\\\/uploads\\\/2020\\\/12\\\/Sin-titulo.png\",\"datePublished\":\"2020-12-27T07:21:00+00:00\",\"breadcrumb\":{\"@id\":\"https:\\\/\\\/fmsb.eu\\\/en\\\/2020\\\/12\\\/27\\\/menos-ruido-y-mas-nueces-jorge-sainz-de-baranda\\\/#breadcrumb\"},\"inLanguage\":\"en-US\",\"potentialAction\":[{\"@type\":\"ReadAction\",\"target\":[\"https:\\\/\\\/fmsb.eu\\\/en\\\/2020\\\/12\\\/27\\\/menos-ruido-y-mas-nueces-jorge-sainz-de-baranda\\\/\"]}]},{\"@type\":\"ImageObject\",\"inLanguage\":\"en-US\",\"@id\":\"https:\\\/\\\/fmsb.eu\\\/en\\\/2020\\\/12\\\/27\\\/menos-ruido-y-mas-nueces-jorge-sainz-de-baranda\\\/#primaryimage\",\"url\":\"https:\\\/\\\/fmsb.eu\\\/wp-content\\\/uploads\\\/2020\\\/12\\\/Sin-titulo.png\",\"contentUrl\":\"https:\\\/\\\/fmsb.eu\\\/wp-content\\\/uploads\\\/2020\\\/12\\\/Sin-titulo.png\",\"width\":1600,\"height\":1200},{\"@type\":\"BreadcrumbList\",\"@id\":\"https:\\\/\\\/fmsb.eu\\\/en\\\/2020\\\/12\\\/27\\\/menos-ruido-y-mas-nueces-jorge-sainz-de-baranda\\\/#breadcrumb\",\"itemListElement\":[{\"@type\":\"ListItem\",\"position\":1,\"name\":\"Portada\",\"item\":\"https:\\\/\\\/fmsb.eu\\\/en\\\/\"},{\"@type\":\"ListItem\",\"position\":2,\"name\":\"Menos ruido y m\u00e1s nueces&#8230; Art\u00edculo de opini\u00f3n en Mallorcadiario.com de Jorge S\u00e1inz de Baranda\"}]},{\"@type\":\"WebSite\",\"@id\":\"https:\\\/\\\/fmsb.eu\\\/en\\\/#website\",\"url\":\"https:\\\/\\\/fmsb.eu\\\/en\\\/\",\"name\":\"FMSB Abogados y Economistas en Baleares\",\"description\":\"\",\"publisher\":{\"@id\":\"https:\\\/\\\/fmsb.eu\\\/en\\\/#organization\"},\"potentialAction\":[{\"@type\":\"SearchAction\",\"target\":{\"@type\":\"EntryPoint\",\"urlTemplate\":\"https:\\\/\\\/fmsb.eu\\\/en\\\/?s={search_term_string}\"},\"query-input\":{\"@type\":\"PropertyValueSpecification\",\"valueRequired\":true,\"valueName\":\"search_term_string\"}}],\"inLanguage\":\"en-US\"},{\"@type\":\"Organization\",\"@id\":\"https:\\\/\\\/fmsb.eu\\\/en\\\/#organization\",\"name\":\"FMSB Abogados y Economistas en Baleares\",\"url\":\"https:\\\/\\\/fmsb.eu\\\/en\\\/\",\"logo\":{\"@type\":\"ImageObject\",\"inLanguage\":\"en-US\",\"@id\":\"https:\\\/\\\/fmsb.eu\\\/en\\\/#\\\/schema\\\/logo\\\/image\\\/\",\"url\":\"https:\\\/\\\/fmsb.eu\\\/wp-content\\\/uploads\\\/2025\\\/02\\\/logo.svg\",\"contentUrl\":\"https:\\\/\\\/fmsb.eu\\\/wp-content\\\/uploads\\\/2025\\\/02\\\/logo.svg\",\"width\":154,\"height\":52,\"caption\":\"FMSB Abogados y Economistas en Baleares\"},\"image\":{\"@id\":\"https:\\\/\\\/fmsb.eu\\\/en\\\/#\\\/schema\\\/logo\\\/image\\\/\"}},{\"@type\":\"Person\",\"@id\":\"https:\\\/\\\/fmsb.eu\\\/en\\\/#\\\/schema\\\/person\\\/9fba7c70814b0cd34d35d655d36a4ca2\",\"name\":\"fmsb\",\"image\":{\"@type\":\"ImageObject\",\"inLanguage\":\"en-US\",\"@id\":\"https:\\\/\\\/secure.gravatar.com\\\/avatar\\\/426f4d5b0ebcace85460caf87cdaaa193694b611e990615d87a13f322fb7ee7f?s=96&d=mm&r=g\",\"url\":\"https:\\\/\\\/secure.gravatar.com\\\/avatar\\\/426f4d5b0ebcace85460caf87cdaaa193694b611e990615d87a13f322fb7ee7f?s=96&d=mm&r=g\",\"contentUrl\":\"https:\\\/\\\/secure.gravatar.com\\\/avatar\\\/426f4d5b0ebcace85460caf87cdaaa193694b611e990615d87a13f322fb7ee7f?s=96&d=mm&r=g\",\"caption\":\"fmsb\"},\"sameAs\":[\"https:\\\/\\\/x.com\\\/fmsb-disstint\"],\"url\":\"https:\\\/\\\/fmsb.eu\\\/en\\\/author\\\/fmsb\\\/\"}]}<\/script>\n<!-- \/ Yoast SEO plugin. -->","yoast_head_json":{"title":"Menos ruido y m\u00e1s nueces... Art\u00edculo de opini\u00f3n en Mallorcadiario.com de Jorge S\u00e1inz de Baranda - FMSB Abogados y Economistas en Baleares","robots":{"index":"index","follow":"follow","max-snippet":"max-snippet:-1","max-image-preview":"max-image-preview:large","max-video-preview":"max-video-preview:-1"},"canonical":"https:\/\/fmsb.eu\/en\/2020\/12\/27\/menos-ruido-y-mas-nueces-jorge-sainz-de-baranda\/","og_locale":"en_US","og_type":"article","og_title":"Menos ruido y m\u00e1s nueces... Art\u00edculo de opini\u00f3n en Mallorcadiario.com de Jorge S\u00e1inz de Baranda - FMSB Abogados y Economistas en Baleares","og_description":"mallorcadiario.com\u00a0 Opini\u00f3n DOMINGO 27 DE DICIEMBRE DE 2020 DOMINGO 25 DE OCTUBRE DE 2020 Menos ruido y m\u00e1s nueces&#8230; Por\u00a0Jorge S\u00e1inz de Baranda M\u00c1S ART\u00cdCULOS DEL AUTOR &nbsp; Me enfrentaba a mi \u00faltimo art\u00edculo de este diversis anni pensando en hacer un resumen de lo que nos ha acontecido: lo bueno, lo menos bueno y [&hellip;]","og_url":"https:\/\/fmsb.eu\/en\/2020\/12\/27\/menos-ruido-y-mas-nueces-jorge-sainz-de-baranda\/","og_site_name":"FMSB Abogados y Economistas en Baleares","article_published_time":"2020-12-27T07:21:00+00:00","og_image":[{"width":1600,"height":1200,"url":"https:\/\/fmsb.eu\/wp-content\/uploads\/2020\/12\/Sin-titulo.png","type":"image\/png"}],"author":"fmsb","twitter_card":"summary_large_image","twitter_creator":"@fmsb-disstint","twitter_misc":{"Written by":"fmsb","Est. reading time":"4 minutes"},"schema":{"@context":"https:\/\/schema.org","@graph":[{"@type":"Article","@id":"https:\/\/fmsb.eu\/en\/2020\/12\/27\/menos-ruido-y-mas-nueces-jorge-sainz-de-baranda\/#article","isPartOf":{"@id":"https:\/\/fmsb.eu\/en\/2020\/12\/27\/menos-ruido-y-mas-nueces-jorge-sainz-de-baranda\/"},"author":{"name":"fmsb","@id":"https:\/\/fmsb.eu\/en\/#\/schema\/person\/9fba7c70814b0cd34d35d655d36a4ca2"},"headline":"Menos ruido y m\u00e1s nueces&#8230; Art\u00edculo de opini\u00f3n en Mallorcadiario.com de Jorge S\u00e1inz de Baranda","datePublished":"2020-12-27T07:21:00+00:00","mainEntityOfPage":{"@id":"https:\/\/fmsb.eu\/en\/2020\/12\/27\/menos-ruido-y-mas-nueces-jorge-sainz-de-baranda\/"},"wordCount":886,"publisher":{"@id":"https:\/\/fmsb.eu\/en\/#organization"},"image":{"@id":"https:\/\/fmsb.eu\/en\/2020\/12\/27\/menos-ruido-y-mas-nueces-jorge-sainz-de-baranda\/#primaryimage"},"thumbnailUrl":"https:\/\/fmsb.eu\/wp-content\/uploads\/2020\/12\/Sin-titulo.png","keywords":["abogados","aeat","articulos","asesores","baleares","comunidad aut\u00f3noma","derecho fiscal","derecho tributario","economistas","el arenal","fraude fiscal","Hacienda","ibi","illes balears","impuesto de sucesiones","impuestos","IRPF","jorge sainz de baranda","ley del catastro","mallorca","mallorcadiario","Manacor","opinion","Palma","plusval\u00eda","prespuestos generales del estado","presupuestos 2021","puerto de andratx","valor catastral","valor de referencia de mercado"],"articleSection":["blog","Coronavirus","Derecho Fiscal","Home","Opini\u00f3n"],"inLanguage":"en-US"},{"@type":"WebPage","@id":"https:\/\/fmsb.eu\/en\/2020\/12\/27\/menos-ruido-y-mas-nueces-jorge-sainz-de-baranda\/","url":"https:\/\/fmsb.eu\/en\/2020\/12\/27\/menos-ruido-y-mas-nueces-jorge-sainz-de-baranda\/","name":"Menos ruido y m\u00e1s nueces... Art\u00edculo de opini\u00f3n en Mallorcadiario.com de Jorge S\u00e1inz de Baranda - FMSB Abogados y Economistas en Baleares","isPartOf":{"@id":"https:\/\/fmsb.eu\/en\/#website"},"primaryImageOfPage":{"@id":"https:\/\/fmsb.eu\/en\/2020\/12\/27\/menos-ruido-y-mas-nueces-jorge-sainz-de-baranda\/#primaryimage"},"image":{"@id":"https:\/\/fmsb.eu\/en\/2020\/12\/27\/menos-ruido-y-mas-nueces-jorge-sainz-de-baranda\/#primaryimage"},"thumbnailUrl":"https:\/\/fmsb.eu\/wp-content\/uploads\/2020\/12\/Sin-titulo.png","datePublished":"2020-12-27T07:21:00+00:00","breadcrumb":{"@id":"https:\/\/fmsb.eu\/en\/2020\/12\/27\/menos-ruido-y-mas-nueces-jorge-sainz-de-baranda\/#breadcrumb"},"inLanguage":"en-US","potentialAction":[{"@type":"ReadAction","target":["https:\/\/fmsb.eu\/en\/2020\/12\/27\/menos-ruido-y-mas-nueces-jorge-sainz-de-baranda\/"]}]},{"@type":"ImageObject","inLanguage":"en-US","@id":"https:\/\/fmsb.eu\/en\/2020\/12\/27\/menos-ruido-y-mas-nueces-jorge-sainz-de-baranda\/#primaryimage","url":"https:\/\/fmsb.eu\/wp-content\/uploads\/2020\/12\/Sin-titulo.png","contentUrl":"https:\/\/fmsb.eu\/wp-content\/uploads\/2020\/12\/Sin-titulo.png","width":1600,"height":1200},{"@type":"BreadcrumbList","@id":"https:\/\/fmsb.eu\/en\/2020\/12\/27\/menos-ruido-y-mas-nueces-jorge-sainz-de-baranda\/#breadcrumb","itemListElement":[{"@type":"ListItem","position":1,"name":"Portada","item":"https:\/\/fmsb.eu\/en\/"},{"@type":"ListItem","position":2,"name":"Menos ruido y m\u00e1s nueces&#8230; Art\u00edculo de opini\u00f3n en Mallorcadiario.com de Jorge S\u00e1inz de Baranda"}]},{"@type":"WebSite","@id":"https:\/\/fmsb.eu\/en\/#website","url":"https:\/\/fmsb.eu\/en\/","name":"FMSB Abogados y Economistas en Baleares","description":"","publisher":{"@id":"https:\/\/fmsb.eu\/en\/#organization"},"potentialAction":[{"@type":"SearchAction","target":{"@type":"EntryPoint","urlTemplate":"https:\/\/fmsb.eu\/en\/?s={search_term_string}"},"query-input":{"@type":"PropertyValueSpecification","valueRequired":true,"valueName":"search_term_string"}}],"inLanguage":"en-US"},{"@type":"Organization","@id":"https:\/\/fmsb.eu\/en\/#organization","name":"FMSB Abogados y Economistas en Baleares","url":"https:\/\/fmsb.eu\/en\/","logo":{"@type":"ImageObject","inLanguage":"en-US","@id":"https:\/\/fmsb.eu\/en\/#\/schema\/logo\/image\/","url":"https:\/\/fmsb.eu\/wp-content\/uploads\/2025\/02\/logo.svg","contentUrl":"https:\/\/fmsb.eu\/wp-content\/uploads\/2025\/02\/logo.svg","width":154,"height":52,"caption":"FMSB Abogados y Economistas en Baleares"},"image":{"@id":"https:\/\/fmsb.eu\/en\/#\/schema\/logo\/image\/"}},{"@type":"Person","@id":"https:\/\/fmsb.eu\/en\/#\/schema\/person\/9fba7c70814b0cd34d35d655d36a4ca2","name":"fmsb","image":{"@type":"ImageObject","inLanguage":"en-US","@id":"https:\/\/secure.gravatar.com\/avatar\/426f4d5b0ebcace85460caf87cdaaa193694b611e990615d87a13f322fb7ee7f?s=96&d=mm&r=g","url":"https:\/\/secure.gravatar.com\/avatar\/426f4d5b0ebcace85460caf87cdaaa193694b611e990615d87a13f322fb7ee7f?s=96&d=mm&r=g","contentUrl":"https:\/\/secure.gravatar.com\/avatar\/426f4d5b0ebcace85460caf87cdaaa193694b611e990615d87a13f322fb7ee7f?s=96&d=mm&r=g","caption":"fmsb"},"sameAs":["https:\/\/x.com\/fmsb-disstint"],"url":"https:\/\/fmsb.eu\/en\/author\/fmsb\/"}]}},"_links":{"self":[{"href":"https:\/\/fmsb.eu\/en\/wp-json\/wp\/v2\/posts\/11540","targetHints":{"allow":["GET"]}}],"collection":[{"href":"https:\/\/fmsb.eu\/en\/wp-json\/wp\/v2\/posts"}],"about":[{"href":"https:\/\/fmsb.eu\/en\/wp-json\/wp\/v2\/types\/post"}],"author":[{"embeddable":true,"href":"https:\/\/fmsb.eu\/en\/wp-json\/wp\/v2\/users\/2"}],"replies":[{"embeddable":true,"href":"https:\/\/fmsb.eu\/en\/wp-json\/wp\/v2\/comments?post=11540"}],"version-history":[{"count":0,"href":"https:\/\/fmsb.eu\/en\/wp-json\/wp\/v2\/posts\/11540\/revisions"}],"wp:featuredmedia":[{"embeddable":true,"href":"https:\/\/fmsb.eu\/en\/wp-json\/wp\/v2\/media\/9246"}],"wp:attachment":[{"href":"https:\/\/fmsb.eu\/en\/wp-json\/wp\/v2\/media?parent=11540"}],"wp:term":[{"taxonomy":"category","embeddable":true,"href":"https:\/\/fmsb.eu\/en\/wp-json\/wp\/v2\/categories?post=11540"},{"taxonomy":"post_tag","embeddable":true,"href":"https:\/\/fmsb.eu\/en\/wp-json\/wp\/v2\/tags?post=11540"}],"curies":[{"name":"wp","href":"https:\/\/api.w.org\/{rel}","templated":true}]}}