{"id":11548,"date":"2020-12-08T08:49:34","date_gmt":"2020-12-08T07:49:34","guid":{"rendered":"http:\/\/fmsb.disstintbeta.com\/2020\/12\/08\/impago-alimentos-pension-marga-fornaris\/"},"modified":"2020-12-08T08:49:34","modified_gmt":"2020-12-08T07:49:34","slug":"impago-alimentos-pension-marga-fornaris","status":"publish","type":"post","link":"https:\/\/fmsb.eu\/en\/2020\/12\/08\/impago-alimentos-pension-marga-fornaris\/","title":{"rendered":"La abogada de FMSB Marga Fornaris sobre el impago de la pensi\u00f3n de alimentos en Radio Calvi\u00e0 FM"},"content":{"rendered":"<p><iframe src=\"https:\/\/www.youtube.com\/embed\/YRXwAhR7clc\" width=\"560\" height=\"315\" frameborder=\"0\" allowfullscreen=\"allowfullscreen\"><\/iframe><\/p>\n<p>&nbsp;<\/p>\n<p>Es muy habitual que, tras haber una sentencia que obliga al pago de una pensi\u00f3n de alimentos a hijos menores, el progenitor obligado incumpla y deje de pagar. Por ello la abogada de <strong><em>Font Mora Sainz de Baranda<\/em><\/strong>\u00a0<strong>Marga Fornaris<\/strong> dedic\u00f3 el \u00faltimo consultorio jur\u00eddico en <strong>Radio Calvi\u00e0 FM<\/strong> a las consecuencias de estos impagos y a las claves m\u00e1s pr\u00e1cticas sobre los mismos. El caso paradigm\u00e1tico a que hizo referencia la abogada fue el de una sentencia que otorga la <strong>custodia exclusiva<\/strong> a uno de los progenitores y al otro le obliga al pago de una pensi\u00f3n de alimentos, a pesar de que la concesi\u00f3n de la pensi\u00f3n de alimentos no es algo inusual en otro tipo de reg\u00edmenes de custodia (custodia compartida), y con \u00e9l se desgranaron las consecuencias, que pueden ser civiles o penales, del impago reiterado de la pensi\u00f3n de alimentos.<\/p>\n<p>Al hilo del tema, se hizo referencia a los embargos que pueden trabarse para hacer frente a los impagos, tambi\u00e9n a qu\u00e9 ocurre en los casos de insolvencia del obligado al pago y, adem\u00e1s, se respondieron interesantes cuestiones como si existe alg\u00fan motivo que pueda justificar el impago de una pensi\u00f3n de alimentos fijada en sentencia.<\/p>\n<p><strong>Marga Fornaris<\/strong> tambi\u00e9n dio a los oyentes las claves pr\u00e1cticas sobre qu\u00e9 hacer, siendo el progenitor obligado a pagar, y uno pueda prever que le ser\u00e1 imposible hacer frente a los futuros pagos de alimentos (debido a una situaci\u00f3n de insolvencia, desempleo, etc.), qu\u00e9 consecuencias tiene pagar la pensi\u00f3n parcialmente y no en su integridad, hasta cu\u00e1ndo pueden ser reclamadas cantidades dejadas de pagar por este concepto, qu\u00e9 ocurre con los acuerdos privados (entre progenitores) por los que se acuerda modificar la pensi\u00f3n de alimentos o cu\u00e1ndo se extingue una pensi\u00f3n de alimentos.<\/p>\n<p>&nbsp;<\/p>\n<hr \/>\n<p>#fmsb #abogados #economistas #margafornaris #pensi\u00f3n #alimentos #reclamaci\u00f3n #impago #custodia #menores #hijos #obligaci\u00f3n #sentencia #embargo #insolvencia #progenitor #acuerdo #desempleo #pagoparcial #acci\u00f3n #acuerdo #extinci\u00f3n #mayores #baleares #mallorca #palma #manacor #puertodeandratx #elarenal #lawyers #solicitors<\/p>\n<p>&nbsp;<\/p>\n<p>&nbsp;<\/p>\n<p>&nbsp;<\/p>\n<p>&nbsp;<\/p>\n","protected":false},"excerpt":{"rendered":"<p>&nbsp; Es muy habitual que, tras haber una sentencia que obliga al pago de una pensi\u00f3n de alimentos a hijos menores, el progenitor obligado incumpla y deje de pagar. Por ello la abogada de Font Mora Sainz de Baranda\u00a0Marga Fornaris dedic\u00f3 el \u00faltimo consultorio jur\u00eddico en Radio Calvi\u00e0 FM a las consecuencias de estos impagos [&hellip;]<\/p>\n","protected":false},"author":2,"featured_media":9238,"comment_status":"closed","ping_status":"open","sticky":false,"template":"","format":"standard","meta":{"footnotes":""},"categories":[2149,3880,2150,2714,2367,2152],"tags":[2156,2409,3258,2158,2719,3260,3261,2168,2169,3262,3263,3265,2173,2174,3266,3267,2175,3268,2967,2179,2181,2182,5558,2184,3270,3273,2286,3274,2190,2548,2738,2193],"class_list":["post-11548","post","type-post","status-publish","format-standard","has-post-thumbnail","hentry","category-blog-en-2","category-coronavirus-en","category-derecho-civil-en","category-derecho-de-familia-en","category-derecho-penal-en","category-home-en-2","tag-abogados-en","tag-accion-en","tag-acuerdo-privado-en","tag-baleares-en","tag-custodia-compartida-en","tag-custodia-exclusiva-en","tag-desempleo-en","tag-economistas-en","tag-el-arenal-en","tag-embargo-en","tag-extincion-de-la-pension-en","tag-finalizacion-de-la-pension-en","tag-fmsb-en","tag-font-mora-sainz-de-baranda-en","tag-hijos-mayores-de-edad-en","tag-hijos-menores-en","tag-ibiza-en-2","tag-impago-de-pension-en","tag-insolvencia-en","tag-lawyers-en-2","tag-mallorca-en-2","tag-manacor-en","tag-marga-fornaris-en","tag-menorca-en-2","tag-obligacion-de-pago-en","tag-pago-parcial-en","tag-palma-en","tag-pension-de-alimentos-en","tag-puerto-de-andratx-en","tag-reclamacion-en","tag-sentencia-en","tag-solicitors-en"],"yoast_head":"<!-- This site is optimized with the Yoast SEO plugin v27.3 - https:\/\/yoast.com\/product\/yoast-seo-wordpress\/ -->\n<title>La abogada de FMSB Marga Fornaris sobre el impago de la pensi\u00f3n de alimentos en Radio Calvi\u00e0 FM - FMSB Abogados y Economistas en Baleares<\/title>\n<meta name=\"robots\" content=\"index, follow, max-snippet:-1, max-image-preview:large, max-video-preview:-1\" \/>\n<link rel=\"canonical\" href=\"https:\/\/fmsb.eu\/en\/2020\/12\/08\/impago-alimentos-pension-marga-fornaris\/\" \/>\n<meta property=\"og:locale\" content=\"en_US\" \/>\n<meta property=\"og:type\" content=\"article\" \/>\n<meta property=\"og:title\" content=\"La abogada de FMSB Marga Fornaris sobre el impago de la pensi\u00f3n de alimentos en Radio Calvi\u00e0 FM - FMSB Abogados y Economistas en Baleares\" \/>\n<meta property=\"og:description\" content=\"&nbsp; Es muy habitual que, tras haber una sentencia que obliga al pago de una pensi\u00f3n de alimentos a hijos menores, el progenitor obligado incumpla y deje de pagar. Por ello la abogada de Font Mora Sainz de Baranda\u00a0Marga Fornaris dedic\u00f3 el \u00faltimo consultorio jur\u00eddico en Radio Calvi\u00e0 FM a las consecuencias de estos impagos [&hellip;]\" \/>\n<meta property=\"og:url\" content=\"https:\/\/fmsb.eu\/en\/2020\/12\/08\/impago-alimentos-pension-marga-fornaris\/\" \/>\n<meta property=\"og:site_name\" content=\"FMSB Abogados y Economistas en Baleares\" \/>\n<meta property=\"article:published_time\" content=\"2020-12-08T07:49:34+00:00\" \/>\n<meta property=\"og:image\" content=\"https:\/\/fmsb.eu\/wp-content\/uploads\/2020\/12\/Captura.jpg\" \/>\n\t<meta property=\"og:image:width\" content=\"666\" \/>\n\t<meta property=\"og:image:height\" content=\"455\" \/>\n\t<meta property=\"og:image:type\" content=\"image\/jpeg\" \/>\n<meta name=\"author\" content=\"fmsb\" \/>\n<meta name=\"twitter:card\" content=\"summary_large_image\" \/>\n<meta name=\"twitter:creator\" content=\"@fmsb-disstint\" \/>\n<meta name=\"twitter:label1\" content=\"Written by\" \/>\n\t<meta name=\"twitter:data1\" content=\"fmsb\" \/>\n\t<meta name=\"twitter:label2\" content=\"Est. reading time\" \/>\n\t<meta name=\"twitter:data2\" content=\"2 minutes\" \/>\n<script type=\"application\/ld+json\" class=\"yoast-schema-graph\">{\"@context\":\"https:\\\/\\\/schema.org\",\"@graph\":[{\"@type\":\"Article\",\"@id\":\"https:\\\/\\\/fmsb.eu\\\/en\\\/2020\\\/12\\\/08\\\/impago-alimentos-pension-marga-fornaris\\\/#article\",\"isPartOf\":{\"@id\":\"https:\\\/\\\/fmsb.eu\\\/en\\\/2020\\\/12\\\/08\\\/impago-alimentos-pension-marga-fornaris\\\/\"},\"author\":{\"name\":\"fmsb\",\"@id\":\"https:\\\/\\\/fmsb.eu\\\/en\\\/#\\\/schema\\\/person\\\/9fba7c70814b0cd34d35d655d36a4ca2\"},\"headline\":\"La abogada de FMSB Marga Fornaris sobre el impago de la pensi\u00f3n de alimentos en Radio Calvi\u00e0 FM\",\"datePublished\":\"2020-12-08T07:49:34+00:00\",\"mainEntityOfPage\":{\"@id\":\"https:\\\/\\\/fmsb.eu\\\/en\\\/2020\\\/12\\\/08\\\/impago-alimentos-pension-marga-fornaris\\\/\"},\"wordCount\":377,\"publisher\":{\"@id\":\"https:\\\/\\\/fmsb.eu\\\/en\\\/#organization\"},\"image\":{\"@id\":\"https:\\\/\\\/fmsb.eu\\\/en\\\/2020\\\/12\\\/08\\\/impago-alimentos-pension-marga-fornaris\\\/#primaryimage\"},\"thumbnailUrl\":\"https:\\\/\\\/fmsb.eu\\\/wp-content\\\/uploads\\\/2020\\\/12\\\/Captura.jpg\",\"keywords\":[\"abogados\",\"acci\u00f3n\",\"acuerdo privado\",\"baleares\",\"custodia compartida\",\"custodia exclusiva\",\"desempleo\",\"economistas\",\"el arenal\",\"embargo\",\"extinci\u00f3n de la pensi\u00f3n\",\"finalizaci\u00f3n de la pensi\u00f3n\",\"fmsb\",\"font mora sainz de baranda\",\"hijos mayores de edad\",\"hijos menores\",\"ibiza\",\"impago de pensi\u00f3n\",\"insolvencia\",\"lawyers\",\"mallorca\",\"Manacor\",\"marga fornaris\",\"menorca\",\"obligaci\u00f3n de pago\",\"pago parcial\",\"Palma\",\"pension de alimentos\",\"puerto de andratx\",\"reclamaci\u00f3n\",\"sentencia\",\"solicitors\"],\"articleSection\":[\"blog\",\"Coronavirus\",\"Derecho Civil\",\"derecho de familia\",\"Derecho Penal\",\"Home\"],\"inLanguage\":\"en-US\"},{\"@type\":\"WebPage\",\"@id\":\"https:\\\/\\\/fmsb.eu\\\/en\\\/2020\\\/12\\\/08\\\/impago-alimentos-pension-marga-fornaris\\\/\",\"url\":\"https:\\\/\\\/fmsb.eu\\\/en\\\/2020\\\/12\\\/08\\\/impago-alimentos-pension-marga-fornaris\\\/\",\"name\":\"La abogada de FMSB Marga Fornaris sobre el impago de la pensi\u00f3n de alimentos en Radio Calvi\u00e0 FM - FMSB Abogados y Economistas en Baleares\",\"isPartOf\":{\"@id\":\"https:\\\/\\\/fmsb.eu\\\/en\\\/#website\"},\"primaryImageOfPage\":{\"@id\":\"https:\\\/\\\/fmsb.eu\\\/en\\\/2020\\\/12\\\/08\\\/impago-alimentos-pension-marga-fornaris\\\/#primaryimage\"},\"image\":{\"@id\":\"https:\\\/\\\/fmsb.eu\\\/en\\\/2020\\\/12\\\/08\\\/impago-alimentos-pension-marga-fornaris\\\/#primaryimage\"},\"thumbnailUrl\":\"https:\\\/\\\/fmsb.eu\\\/wp-content\\\/uploads\\\/2020\\\/12\\\/Captura.jpg\",\"datePublished\":\"2020-12-08T07:49:34+00:00\",\"breadcrumb\":{\"@id\":\"https:\\\/\\\/fmsb.eu\\\/en\\\/2020\\\/12\\\/08\\\/impago-alimentos-pension-marga-fornaris\\\/#breadcrumb\"},\"inLanguage\":\"en-US\",\"potentialAction\":[{\"@type\":\"ReadAction\",\"target\":[\"https:\\\/\\\/fmsb.eu\\\/en\\\/2020\\\/12\\\/08\\\/impago-alimentos-pension-marga-fornaris\\\/\"]}]},{\"@type\":\"ImageObject\",\"inLanguage\":\"en-US\",\"@id\":\"https:\\\/\\\/fmsb.eu\\\/en\\\/2020\\\/12\\\/08\\\/impago-alimentos-pension-marga-fornaris\\\/#primaryimage\",\"url\":\"https:\\\/\\\/fmsb.eu\\\/wp-content\\\/uploads\\\/2020\\\/12\\\/Captura.jpg\",\"contentUrl\":\"https:\\\/\\\/fmsb.eu\\\/wp-content\\\/uploads\\\/2020\\\/12\\\/Captura.jpg\",\"width\":666,\"height\":455},{\"@type\":\"BreadcrumbList\",\"@id\":\"https:\\\/\\\/fmsb.eu\\\/en\\\/2020\\\/12\\\/08\\\/impago-alimentos-pension-marga-fornaris\\\/#breadcrumb\",\"itemListElement\":[{\"@type\":\"ListItem\",\"position\":1,\"name\":\"Portada\",\"item\":\"https:\\\/\\\/fmsb.eu\\\/en\\\/\"},{\"@type\":\"ListItem\",\"position\":2,\"name\":\"La abogada de FMSB Marga Fornaris sobre el impago de la pensi\u00f3n de alimentos en Radio Calvi\u00e0 FM\"}]},{\"@type\":\"WebSite\",\"@id\":\"https:\\\/\\\/fmsb.eu\\\/en\\\/#website\",\"url\":\"https:\\\/\\\/fmsb.eu\\\/en\\\/\",\"name\":\"FMSB Abogados y Economistas en Baleares\",\"description\":\"\",\"publisher\":{\"@id\":\"https:\\\/\\\/fmsb.eu\\\/en\\\/#organization\"},\"potentialAction\":[{\"@type\":\"SearchAction\",\"target\":{\"@type\":\"EntryPoint\",\"urlTemplate\":\"https:\\\/\\\/fmsb.eu\\\/en\\\/?s={search_term_string}\"},\"query-input\":{\"@type\":\"PropertyValueSpecification\",\"valueRequired\":true,\"valueName\":\"search_term_string\"}}],\"inLanguage\":\"en-US\"},{\"@type\":\"Organization\",\"@id\":\"https:\\\/\\\/fmsb.eu\\\/en\\\/#organization\",\"name\":\"FMSB Abogados y Economistas en Baleares\",\"url\":\"https:\\\/\\\/fmsb.eu\\\/en\\\/\",\"logo\":{\"@type\":\"ImageObject\",\"inLanguage\":\"en-US\",\"@id\":\"https:\\\/\\\/fmsb.eu\\\/en\\\/#\\\/schema\\\/logo\\\/image\\\/\",\"url\":\"https:\\\/\\\/fmsb.eu\\\/wp-content\\\/uploads\\\/2025\\\/02\\\/logo.svg\",\"contentUrl\":\"https:\\\/\\\/fmsb.eu\\\/wp-content\\\/uploads\\\/2025\\\/02\\\/logo.svg\",\"width\":154,\"height\":52,\"caption\":\"FMSB Abogados y Economistas en Baleares\"},\"image\":{\"@id\":\"https:\\\/\\\/fmsb.eu\\\/en\\\/#\\\/schema\\\/logo\\\/image\\\/\"}},{\"@type\":\"Person\",\"@id\":\"https:\\\/\\\/fmsb.eu\\\/en\\\/#\\\/schema\\\/person\\\/9fba7c70814b0cd34d35d655d36a4ca2\",\"name\":\"fmsb\",\"image\":{\"@type\":\"ImageObject\",\"inLanguage\":\"en-US\",\"@id\":\"https:\\\/\\\/secure.gravatar.com\\\/avatar\\\/426f4d5b0ebcace85460caf87cdaaa193694b611e990615d87a13f322fb7ee7f?s=96&d=mm&r=g\",\"url\":\"https:\\\/\\\/secure.gravatar.com\\\/avatar\\\/426f4d5b0ebcace85460caf87cdaaa193694b611e990615d87a13f322fb7ee7f?s=96&d=mm&r=g\",\"contentUrl\":\"https:\\\/\\\/secure.gravatar.com\\\/avatar\\\/426f4d5b0ebcace85460caf87cdaaa193694b611e990615d87a13f322fb7ee7f?s=96&d=mm&r=g\",\"caption\":\"fmsb\"},\"sameAs\":[\"https:\\\/\\\/x.com\\\/fmsb-disstint\"],\"url\":\"https:\\\/\\\/fmsb.eu\\\/en\\\/author\\\/fmsb\\\/\"}]}<\/script>\n<!-- \/ Yoast SEO plugin. -->","yoast_head_json":{"title":"La abogada de FMSB Marga Fornaris sobre el impago de la pensi\u00f3n de alimentos en Radio Calvi\u00e0 FM - FMSB Abogados y Economistas en Baleares","robots":{"index":"index","follow":"follow","max-snippet":"max-snippet:-1","max-image-preview":"max-image-preview:large","max-video-preview":"max-video-preview:-1"},"canonical":"https:\/\/fmsb.eu\/en\/2020\/12\/08\/impago-alimentos-pension-marga-fornaris\/","og_locale":"en_US","og_type":"article","og_title":"La abogada de FMSB Marga Fornaris sobre el impago de la pensi\u00f3n de alimentos en Radio Calvi\u00e0 FM - FMSB Abogados y Economistas en Baleares","og_description":"&nbsp; Es muy habitual que, tras haber una sentencia que obliga al pago de una pensi\u00f3n de alimentos a hijos menores, el progenitor obligado incumpla y deje de pagar. Por ello la abogada de Font Mora Sainz de Baranda\u00a0Marga Fornaris dedic\u00f3 el \u00faltimo consultorio jur\u00eddico en Radio Calvi\u00e0 FM a las consecuencias de estos impagos [&hellip;]","og_url":"https:\/\/fmsb.eu\/en\/2020\/12\/08\/impago-alimentos-pension-marga-fornaris\/","og_site_name":"FMSB Abogados y Economistas en Baleares","article_published_time":"2020-12-08T07:49:34+00:00","og_image":[{"width":666,"height":455,"url":"https:\/\/fmsb.eu\/wp-content\/uploads\/2020\/12\/Captura.jpg","type":"image\/jpeg"}],"author":"fmsb","twitter_card":"summary_large_image","twitter_creator":"@fmsb-disstint","twitter_misc":{"Written by":"fmsb","Est. reading time":"2 minutes"},"schema":{"@context":"https:\/\/schema.org","@graph":[{"@type":"Article","@id":"https:\/\/fmsb.eu\/en\/2020\/12\/08\/impago-alimentos-pension-marga-fornaris\/#article","isPartOf":{"@id":"https:\/\/fmsb.eu\/en\/2020\/12\/08\/impago-alimentos-pension-marga-fornaris\/"},"author":{"name":"fmsb","@id":"https:\/\/fmsb.eu\/en\/#\/schema\/person\/9fba7c70814b0cd34d35d655d36a4ca2"},"headline":"La abogada de FMSB Marga Fornaris sobre el impago de la pensi\u00f3n de alimentos en Radio Calvi\u00e0 FM","datePublished":"2020-12-08T07:49:34+00:00","mainEntityOfPage":{"@id":"https:\/\/fmsb.eu\/en\/2020\/12\/08\/impago-alimentos-pension-marga-fornaris\/"},"wordCount":377,"publisher":{"@id":"https:\/\/fmsb.eu\/en\/#organization"},"image":{"@id":"https:\/\/fmsb.eu\/en\/2020\/12\/08\/impago-alimentos-pension-marga-fornaris\/#primaryimage"},"thumbnailUrl":"https:\/\/fmsb.eu\/wp-content\/uploads\/2020\/12\/Captura.jpg","keywords":["abogados","acci\u00f3n","acuerdo privado","baleares","custodia compartida","custodia exclusiva","desempleo","economistas","el arenal","embargo","extinci\u00f3n de la pensi\u00f3n","finalizaci\u00f3n de la pensi\u00f3n","fmsb","font mora sainz de baranda","hijos mayores de edad","hijos menores","ibiza","impago de pensi\u00f3n","insolvencia","lawyers","mallorca","Manacor","marga fornaris","menorca","obligaci\u00f3n de pago","pago parcial","Palma","pension de alimentos","puerto de andratx","reclamaci\u00f3n","sentencia","solicitors"],"articleSection":["blog","Coronavirus","Derecho Civil","derecho de familia","Derecho Penal","Home"],"inLanguage":"en-US"},{"@type":"WebPage","@id":"https:\/\/fmsb.eu\/en\/2020\/12\/08\/impago-alimentos-pension-marga-fornaris\/","url":"https:\/\/fmsb.eu\/en\/2020\/12\/08\/impago-alimentos-pension-marga-fornaris\/","name":"La abogada de FMSB Marga Fornaris sobre el impago de la pensi\u00f3n de alimentos en Radio Calvi\u00e0 FM - FMSB Abogados y Economistas en Baleares","isPartOf":{"@id":"https:\/\/fmsb.eu\/en\/#website"},"primaryImageOfPage":{"@id":"https:\/\/fmsb.eu\/en\/2020\/12\/08\/impago-alimentos-pension-marga-fornaris\/#primaryimage"},"image":{"@id":"https:\/\/fmsb.eu\/en\/2020\/12\/08\/impago-alimentos-pension-marga-fornaris\/#primaryimage"},"thumbnailUrl":"https:\/\/fmsb.eu\/wp-content\/uploads\/2020\/12\/Captura.jpg","datePublished":"2020-12-08T07:49:34+00:00","breadcrumb":{"@id":"https:\/\/fmsb.eu\/en\/2020\/12\/08\/impago-alimentos-pension-marga-fornaris\/#breadcrumb"},"inLanguage":"en-US","potentialAction":[{"@type":"ReadAction","target":["https:\/\/fmsb.eu\/en\/2020\/12\/08\/impago-alimentos-pension-marga-fornaris\/"]}]},{"@type":"ImageObject","inLanguage":"en-US","@id":"https:\/\/fmsb.eu\/en\/2020\/12\/08\/impago-alimentos-pension-marga-fornaris\/#primaryimage","url":"https:\/\/fmsb.eu\/wp-content\/uploads\/2020\/12\/Captura.jpg","contentUrl":"https:\/\/fmsb.eu\/wp-content\/uploads\/2020\/12\/Captura.jpg","width":666,"height":455},{"@type":"BreadcrumbList","@id":"https:\/\/fmsb.eu\/en\/2020\/12\/08\/impago-alimentos-pension-marga-fornaris\/#breadcrumb","itemListElement":[{"@type":"ListItem","position":1,"name":"Portada","item":"https:\/\/fmsb.eu\/en\/"},{"@type":"ListItem","position":2,"name":"La abogada de FMSB Marga Fornaris sobre el impago de la pensi\u00f3n de alimentos en Radio Calvi\u00e0 FM"}]},{"@type":"WebSite","@id":"https:\/\/fmsb.eu\/en\/#website","url":"https:\/\/fmsb.eu\/en\/","name":"FMSB Abogados y Economistas en Baleares","description":"","publisher":{"@id":"https:\/\/fmsb.eu\/en\/#organization"},"potentialAction":[{"@type":"SearchAction","target":{"@type":"EntryPoint","urlTemplate":"https:\/\/fmsb.eu\/en\/?s={search_term_string}"},"query-input":{"@type":"PropertyValueSpecification","valueRequired":true,"valueName":"search_term_string"}}],"inLanguage":"en-US"},{"@type":"Organization","@id":"https:\/\/fmsb.eu\/en\/#organization","name":"FMSB Abogados y Economistas en Baleares","url":"https:\/\/fmsb.eu\/en\/","logo":{"@type":"ImageObject","inLanguage":"en-US","@id":"https:\/\/fmsb.eu\/en\/#\/schema\/logo\/image\/","url":"https:\/\/fmsb.eu\/wp-content\/uploads\/2025\/02\/logo.svg","contentUrl":"https:\/\/fmsb.eu\/wp-content\/uploads\/2025\/02\/logo.svg","width":154,"height":52,"caption":"FMSB Abogados y Economistas en Baleares"},"image":{"@id":"https:\/\/fmsb.eu\/en\/#\/schema\/logo\/image\/"}},{"@type":"Person","@id":"https:\/\/fmsb.eu\/en\/#\/schema\/person\/9fba7c70814b0cd34d35d655d36a4ca2","name":"fmsb","image":{"@type":"ImageObject","inLanguage":"en-US","@id":"https:\/\/secure.gravatar.com\/avatar\/426f4d5b0ebcace85460caf87cdaaa193694b611e990615d87a13f322fb7ee7f?s=96&d=mm&r=g","url":"https:\/\/secure.gravatar.com\/avatar\/426f4d5b0ebcace85460caf87cdaaa193694b611e990615d87a13f322fb7ee7f?s=96&d=mm&r=g","contentUrl":"https:\/\/secure.gravatar.com\/avatar\/426f4d5b0ebcace85460caf87cdaaa193694b611e990615d87a13f322fb7ee7f?s=96&d=mm&r=g","caption":"fmsb"},"sameAs":["https:\/\/x.com\/fmsb-disstint"],"url":"https:\/\/fmsb.eu\/en\/author\/fmsb\/"}]}},"_links":{"self":[{"href":"https:\/\/fmsb.eu\/en\/wp-json\/wp\/v2\/posts\/11548","targetHints":{"allow":["GET"]}}],"collection":[{"href":"https:\/\/fmsb.eu\/en\/wp-json\/wp\/v2\/posts"}],"about":[{"href":"https:\/\/fmsb.eu\/en\/wp-json\/wp\/v2\/types\/post"}],"author":[{"embeddable":true,"href":"https:\/\/fmsb.eu\/en\/wp-json\/wp\/v2\/users\/2"}],"replies":[{"embeddable":true,"href":"https:\/\/fmsb.eu\/en\/wp-json\/wp\/v2\/comments?post=11548"}],"version-history":[{"count":0,"href":"https:\/\/fmsb.eu\/en\/wp-json\/wp\/v2\/posts\/11548\/revisions"}],"wp:featuredmedia":[{"embeddable":true,"href":"https:\/\/fmsb.eu\/en\/wp-json\/wp\/v2\/media\/9238"}],"wp:attachment":[{"href":"https:\/\/fmsb.eu\/en\/wp-json\/wp\/v2\/media?parent=11548"}],"wp:term":[{"taxonomy":"category","embeddable":true,"href":"https:\/\/fmsb.eu\/en\/wp-json\/wp\/v2\/categories?post=11548"},{"taxonomy":"post_tag","embeddable":true,"href":"https:\/\/fmsb.eu\/en\/wp-json\/wp\/v2\/tags?post=11548"}],"curies":[{"name":"wp","href":"https:\/\/api.w.org\/{rel}","templated":true}]}}