{"id":11552,"date":"2020-12-02T23:15:40","date_gmt":"2020-12-02T22:15:40","guid":{"rendered":"http:\/\/fmsb.disstintbeta.com\/2020\/12\/02\/jorge-sainz-de-baranda-4-directe-canal4-radio-prespuestos-baleares-2021-armonizacion-fiscal\/"},"modified":"2020-12-02T23:15:40","modified_gmt":"2020-12-02T22:15:40","slug":"jorge-sainz-de-baranda-4-directe-canal4-radio-prespuestos-baleares-2021-armonizacion-fiscal","status":"publish","type":"post","link":"https:\/\/fmsb.eu\/en\/2020\/12\/02\/jorge-sainz-de-baranda-4-directe-canal4-radio-prespuestos-baleares-2021-armonizacion-fiscal\/","title":{"rendered":"Jorge Sainz de Baranda en 4Directe sobre los prespuestos baleares de 2021 y armonizaci\u00f3n fiscal"},"content":{"rendered":"<p><iframe src=\"https:\/\/www.youtube.com\/embed\/bXTEtGW438Q\" width=\"560\" height=\"315\" frameborder=\"0\" allowfullscreen=\"allowfullscreen\"><\/iframe><\/p>\n<p>&nbsp;<\/p>\n<p>El abogado y experto en derecho tributario del despacho de abogados <em><strong>Font Mora Sainz de Baranda<\/strong><\/em>, <strong>Jorge Sainz de Baranda<\/strong>, asisti\u00f3 como invitado a <strong><em>4 Directe<\/em><\/strong> de <strong>Canal 4 radio<\/strong> para hablar con <strong>Yolanda Hern\u00e1ndez<\/strong> de los <strong>prespuestos de la comunidad balear para 2021<\/strong>, de<strong> armonizaci\u00f3n fiscal<\/strong> y de la necesidad de racionalizar y adecuar el gasto para revitalizar una econom\u00eda balear basada en el <strong>turismo<\/strong> y especialmente afectada por la pandemia del covid.<\/p>\n<p>Adem\u00e1s del v\u00eddeo de la entrevista, puedes ver la rese\u00f1a de la misma en el digital de <strong>Canal 4<\/strong>, <a href=\"https:\/\/canal4diario.com\/2020\/11\/27\/jorge-sainz-de-baranda-los-presupuestos-de-balears-son-realistas-pero-echo-en-falta-un-fondo-para-ayudar-a-los-sectores-productivos\/\"><strong>canal4diario<\/strong><\/a> <a href=\"https:\/\/canal4diario.com\/2020\/11\/27\/jorge-sainz-de-baranda-los-presupuestos-de-balears-son-realistas-pero-echo-en-falta-un-fondo-para-ayudar-a-los-sectores-productivos\/\">aqu\u00ed.<\/a><\/p>\n<hr \/>\n<p>#fmsb #abogados #economistas #derecho #fiscal #tributario #presupuestos #islasbaleares #armonizaci\u00f3nfiscal #baleares #mallorca #ibiza #manacor #puertoandratx #elarenal #palma #law #lawyers #solicitors<\/p>\n<p>&nbsp;<\/p>\n","protected":false},"excerpt":{"rendered":"<p>&nbsp; El abogado y experto en derecho tributario del despacho de abogados Font Mora Sainz de Baranda, Jorge Sainz de Baranda, asisti\u00f3 como invitado a 4 Directe de Canal 4 radio para hablar con Yolanda Hern\u00e1ndez de los prespuestos de la comunidad balear para 2021, de armonizaci\u00f3n fiscal y de la necesidad de racionalizar y [&hellip;]<\/p>\n","protected":false},"author":2,"featured_media":9234,"comment_status":"closed","ping_status":"open","sticky":false,"template":"","format":"standard","meta":{"footnotes":""},"categories":[2149,3880,2250,2152,3836],"tags":[2156,5560,2158,3584,3470,3585,5561,2168,2169,2173,2174,5562,2175,2273,2181,2182,2286,5563,2190,3855],"class_list":["post-11552","post","type-post","status-publish","format-standard","has-post-thumbnail","hentry","category-blog-en-2","category-coronavirus-en","category-derecho-fiscal-en","category-home-en-2","category-turismo-en","tag-abogados-en","tag-armonizacion-fiscal-en","tag-baleares-en","tag-coronavirus-en","tag-covid-19-en","tag-covid19-en","tag-economia-balear-en","tag-economistas-en","tag-el-arenal-en","tag-fmsb-en","tag-font-mora-sainz-de-baranda-en","tag-gasto-en","tag-ibiza-en-2","tag-islas-baleares-en","tag-mallorca-en-2","tag-manacor-en","tag-palma-en","tag-prespuestos-2021-en","tag-puerto-de-andratx-en","tag-turismo-en"],"yoast_head":"<!-- This site is optimized with the Yoast SEO plugin v27.3 - https:\/\/yoast.com\/product\/yoast-seo-wordpress\/ -->\n<title>Jorge Sainz de Baranda en 4Directe sobre los prespuestos baleares de 2021 y armonizaci\u00f3n fiscal - FMSB Abogados y Economistas en Baleares<\/title>\n<meta name=\"robots\" content=\"index, follow, max-snippet:-1, max-image-preview:large, max-video-preview:-1\" \/>\n<link rel=\"canonical\" href=\"https:\/\/fmsb.eu\/en\/2020\/12\/02\/jorge-sainz-de-baranda-4-directe-canal4-radio-prespuestos-baleares-2021-armonizacion-fiscal\/\" \/>\n<meta property=\"og:locale\" content=\"en_US\" \/>\n<meta property=\"og:type\" content=\"article\" \/>\n<meta property=\"og:title\" content=\"Jorge Sainz de Baranda en 4Directe sobre los prespuestos baleares de 2021 y armonizaci\u00f3n fiscal - FMSB Abogados y Economistas en Baleares\" \/>\n<meta property=\"og:description\" content=\"&nbsp; El abogado y experto en derecho tributario del despacho de abogados Font Mora Sainz de Baranda, Jorge Sainz de Baranda, asisti\u00f3 como invitado a 4 Directe de Canal 4 radio para hablar con Yolanda Hern\u00e1ndez de los prespuestos de la comunidad balear para 2021, de armonizaci\u00f3n fiscal y de la necesidad de racionalizar y [&hellip;]\" \/>\n<meta property=\"og:url\" content=\"https:\/\/fmsb.eu\/en\/2020\/12\/02\/jorge-sainz-de-baranda-4-directe-canal4-radio-prespuestos-baleares-2021-armonizacion-fiscal\/\" \/>\n<meta property=\"og:site_name\" content=\"FMSB Abogados y Economistas en Baleares\" \/>\n<meta property=\"article:published_time\" content=\"2020-12-02T22:15:40+00:00\" \/>\n<meta property=\"og:image\" content=\"https:\/\/fmsb.eu\/wp-content\/uploads\/2020\/12\/Captura4.jpg\" \/>\n\t<meta property=\"og:image:width\" content=\"761\" \/>\n\t<meta property=\"og:image:height\" content=\"484\" \/>\n\t<meta property=\"og:image:type\" content=\"image\/jpeg\" \/>\n<meta name=\"author\" content=\"fmsb\" \/>\n<meta name=\"twitter:card\" content=\"summary_large_image\" \/>\n<meta name=\"twitter:creator\" content=\"@fmsb-disstint\" \/>\n<meta name=\"twitter:label1\" content=\"Written by\" \/>\n\t<meta name=\"twitter:data1\" content=\"fmsb\" \/>\n\t<meta name=\"twitter:label2\" content=\"Est. reading time\" \/>\n\t<meta name=\"twitter:data2\" content=\"1 minute\" \/>\n<script type=\"application\/ld+json\" class=\"yoast-schema-graph\">{\"@context\":\"https:\\\/\\\/schema.org\",\"@graph\":[{\"@type\":\"Article\",\"@id\":\"https:\\\/\\\/fmsb.eu\\\/en\\\/2020\\\/12\\\/02\\\/jorge-sainz-de-baranda-4-directe-canal4-radio-prespuestos-baleares-2021-armonizacion-fiscal\\\/#article\",\"isPartOf\":{\"@id\":\"https:\\\/\\\/fmsb.eu\\\/en\\\/2020\\\/12\\\/02\\\/jorge-sainz-de-baranda-4-directe-canal4-radio-prespuestos-baleares-2021-armonizacion-fiscal\\\/\"},\"author\":{\"name\":\"fmsb\",\"@id\":\"https:\\\/\\\/fmsb.eu\\\/en\\\/#\\\/schema\\\/person\\\/9fba7c70814b0cd34d35d655d36a4ca2\"},\"headline\":\"Jorge Sainz de Baranda en 4Directe sobre los prespuestos baleares de 2021 y armonizaci\u00f3n fiscal\",\"datePublished\":\"2020-12-02T22:15:40+00:00\",\"mainEntityOfPage\":{\"@id\":\"https:\\\/\\\/fmsb.eu\\\/en\\\/2020\\\/12\\\/02\\\/jorge-sainz-de-baranda-4-directe-canal4-radio-prespuestos-baleares-2021-armonizacion-fiscal\\\/\"},\"wordCount\":135,\"publisher\":{\"@id\":\"https:\\\/\\\/fmsb.eu\\\/en\\\/#organization\"},\"image\":{\"@id\":\"https:\\\/\\\/fmsb.eu\\\/en\\\/2020\\\/12\\\/02\\\/jorge-sainz-de-baranda-4-directe-canal4-radio-prespuestos-baleares-2021-armonizacion-fiscal\\\/#primaryimage\"},\"thumbnailUrl\":\"https:\\\/\\\/fmsb.eu\\\/wp-content\\\/uploads\\\/2020\\\/12\\\/Captura4.jpg\",\"keywords\":[\"abogados\",\"armonizaci\u00f3n fiscal\",\"baleares\",\"coronavirus\",\"covid 19\",\"covid19\",\"econom\u00eda balear\",\"economistas\",\"el arenal\",\"fmsb\",\"font mora sainz de baranda\",\"gasto\",\"ibiza\",\"islas baleares\",\"mallorca\",\"Manacor\",\"Palma\",\"prespuestos 2021\",\"puerto de andratx\",\"turismo\"],\"articleSection\":[\"blog\",\"Coronavirus\",\"Derecho Fiscal\",\"Home\",\"Turismo\"],\"inLanguage\":\"en-US\"},{\"@type\":\"WebPage\",\"@id\":\"https:\\\/\\\/fmsb.eu\\\/en\\\/2020\\\/12\\\/02\\\/jorge-sainz-de-baranda-4-directe-canal4-radio-prespuestos-baleares-2021-armonizacion-fiscal\\\/\",\"url\":\"https:\\\/\\\/fmsb.eu\\\/en\\\/2020\\\/12\\\/02\\\/jorge-sainz-de-baranda-4-directe-canal4-radio-prespuestos-baleares-2021-armonizacion-fiscal\\\/\",\"name\":\"Jorge Sainz de Baranda en 4Directe sobre los prespuestos baleares de 2021 y armonizaci\u00f3n fiscal - FMSB Abogados y Economistas en Baleares\",\"isPartOf\":{\"@id\":\"https:\\\/\\\/fmsb.eu\\\/en\\\/#website\"},\"primaryImageOfPage\":{\"@id\":\"https:\\\/\\\/fmsb.eu\\\/en\\\/2020\\\/12\\\/02\\\/jorge-sainz-de-baranda-4-directe-canal4-radio-prespuestos-baleares-2021-armonizacion-fiscal\\\/#primaryimage\"},\"image\":{\"@id\":\"https:\\\/\\\/fmsb.eu\\\/en\\\/2020\\\/12\\\/02\\\/jorge-sainz-de-baranda-4-directe-canal4-radio-prespuestos-baleares-2021-armonizacion-fiscal\\\/#primaryimage\"},\"thumbnailUrl\":\"https:\\\/\\\/fmsb.eu\\\/wp-content\\\/uploads\\\/2020\\\/12\\\/Captura4.jpg\",\"datePublished\":\"2020-12-02T22:15:40+00:00\",\"breadcrumb\":{\"@id\":\"https:\\\/\\\/fmsb.eu\\\/en\\\/2020\\\/12\\\/02\\\/jorge-sainz-de-baranda-4-directe-canal4-radio-prespuestos-baleares-2021-armonizacion-fiscal\\\/#breadcrumb\"},\"inLanguage\":\"en-US\",\"potentialAction\":[{\"@type\":\"ReadAction\",\"target\":[\"https:\\\/\\\/fmsb.eu\\\/en\\\/2020\\\/12\\\/02\\\/jorge-sainz-de-baranda-4-directe-canal4-radio-prespuestos-baleares-2021-armonizacion-fiscal\\\/\"]}]},{\"@type\":\"ImageObject\",\"inLanguage\":\"en-US\",\"@id\":\"https:\\\/\\\/fmsb.eu\\\/en\\\/2020\\\/12\\\/02\\\/jorge-sainz-de-baranda-4-directe-canal4-radio-prespuestos-baleares-2021-armonizacion-fiscal\\\/#primaryimage\",\"url\":\"https:\\\/\\\/fmsb.eu\\\/wp-content\\\/uploads\\\/2020\\\/12\\\/Captura4.jpg\",\"contentUrl\":\"https:\\\/\\\/fmsb.eu\\\/wp-content\\\/uploads\\\/2020\\\/12\\\/Captura4.jpg\",\"width\":761,\"height\":484},{\"@type\":\"BreadcrumbList\",\"@id\":\"https:\\\/\\\/fmsb.eu\\\/en\\\/2020\\\/12\\\/02\\\/jorge-sainz-de-baranda-4-directe-canal4-radio-prespuestos-baleares-2021-armonizacion-fiscal\\\/#breadcrumb\",\"itemListElement\":[{\"@type\":\"ListItem\",\"position\":1,\"name\":\"Portada\",\"item\":\"https:\\\/\\\/fmsb.eu\\\/en\\\/\"},{\"@type\":\"ListItem\",\"position\":2,\"name\":\"Jorge Sainz de Baranda en 4Directe sobre los prespuestos baleares de 2021 y armonizaci\u00f3n fiscal\"}]},{\"@type\":\"WebSite\",\"@id\":\"https:\\\/\\\/fmsb.eu\\\/en\\\/#website\",\"url\":\"https:\\\/\\\/fmsb.eu\\\/en\\\/\",\"name\":\"FMSB Abogados y Economistas en Baleares\",\"description\":\"\",\"publisher\":{\"@id\":\"https:\\\/\\\/fmsb.eu\\\/en\\\/#organization\"},\"potentialAction\":[{\"@type\":\"SearchAction\",\"target\":{\"@type\":\"EntryPoint\",\"urlTemplate\":\"https:\\\/\\\/fmsb.eu\\\/en\\\/?s={search_term_string}\"},\"query-input\":{\"@type\":\"PropertyValueSpecification\",\"valueRequired\":true,\"valueName\":\"search_term_string\"}}],\"inLanguage\":\"en-US\"},{\"@type\":\"Organization\",\"@id\":\"https:\\\/\\\/fmsb.eu\\\/en\\\/#organization\",\"name\":\"FMSB Abogados y Economistas en Baleares\",\"url\":\"https:\\\/\\\/fmsb.eu\\\/en\\\/\",\"logo\":{\"@type\":\"ImageObject\",\"inLanguage\":\"en-US\",\"@id\":\"https:\\\/\\\/fmsb.eu\\\/en\\\/#\\\/schema\\\/logo\\\/image\\\/\",\"url\":\"https:\\\/\\\/fmsb.eu\\\/wp-content\\\/uploads\\\/2025\\\/02\\\/logo.svg\",\"contentUrl\":\"https:\\\/\\\/fmsb.eu\\\/wp-content\\\/uploads\\\/2025\\\/02\\\/logo.svg\",\"width\":154,\"height\":52,\"caption\":\"FMSB Abogados y Economistas en Baleares\"},\"image\":{\"@id\":\"https:\\\/\\\/fmsb.eu\\\/en\\\/#\\\/schema\\\/logo\\\/image\\\/\"}},{\"@type\":\"Person\",\"@id\":\"https:\\\/\\\/fmsb.eu\\\/en\\\/#\\\/schema\\\/person\\\/9fba7c70814b0cd34d35d655d36a4ca2\",\"name\":\"fmsb\",\"image\":{\"@type\":\"ImageObject\",\"inLanguage\":\"en-US\",\"@id\":\"https:\\\/\\\/secure.gravatar.com\\\/avatar\\\/426f4d5b0ebcace85460caf87cdaaa193694b611e990615d87a13f322fb7ee7f?s=96&d=mm&r=g\",\"url\":\"https:\\\/\\\/secure.gravatar.com\\\/avatar\\\/426f4d5b0ebcace85460caf87cdaaa193694b611e990615d87a13f322fb7ee7f?s=96&d=mm&r=g\",\"contentUrl\":\"https:\\\/\\\/secure.gravatar.com\\\/avatar\\\/426f4d5b0ebcace85460caf87cdaaa193694b611e990615d87a13f322fb7ee7f?s=96&d=mm&r=g\",\"caption\":\"fmsb\"},\"sameAs\":[\"https:\\\/\\\/x.com\\\/fmsb-disstint\"],\"url\":\"https:\\\/\\\/fmsb.eu\\\/en\\\/author\\\/fmsb\\\/\"}]}<\/script>\n<!-- \/ Yoast SEO plugin. -->","yoast_head_json":{"title":"Jorge Sainz de Baranda en 4Directe sobre los prespuestos baleares de 2021 y armonizaci\u00f3n fiscal - FMSB Abogados y Economistas en Baleares","robots":{"index":"index","follow":"follow","max-snippet":"max-snippet:-1","max-image-preview":"max-image-preview:large","max-video-preview":"max-video-preview:-1"},"canonical":"https:\/\/fmsb.eu\/en\/2020\/12\/02\/jorge-sainz-de-baranda-4-directe-canal4-radio-prespuestos-baleares-2021-armonizacion-fiscal\/","og_locale":"en_US","og_type":"article","og_title":"Jorge Sainz de Baranda en 4Directe sobre los prespuestos baleares de 2021 y armonizaci\u00f3n fiscal - FMSB Abogados y Economistas en Baleares","og_description":"&nbsp; El abogado y experto en derecho tributario del despacho de abogados Font Mora Sainz de Baranda, Jorge Sainz de Baranda, asisti\u00f3 como invitado a 4 Directe de Canal 4 radio para hablar con Yolanda Hern\u00e1ndez de los prespuestos de la comunidad balear para 2021, de armonizaci\u00f3n fiscal y de la necesidad de racionalizar y [&hellip;]","og_url":"https:\/\/fmsb.eu\/en\/2020\/12\/02\/jorge-sainz-de-baranda-4-directe-canal4-radio-prespuestos-baleares-2021-armonizacion-fiscal\/","og_site_name":"FMSB Abogados y Economistas en Baleares","article_published_time":"2020-12-02T22:15:40+00:00","og_image":[{"width":761,"height":484,"url":"https:\/\/fmsb.eu\/wp-content\/uploads\/2020\/12\/Captura4.jpg","type":"image\/jpeg"}],"author":"fmsb","twitter_card":"summary_large_image","twitter_creator":"@fmsb-disstint","twitter_misc":{"Written by":"fmsb","Est. reading time":"1 minute"},"schema":{"@context":"https:\/\/schema.org","@graph":[{"@type":"Article","@id":"https:\/\/fmsb.eu\/en\/2020\/12\/02\/jorge-sainz-de-baranda-4-directe-canal4-radio-prespuestos-baleares-2021-armonizacion-fiscal\/#article","isPartOf":{"@id":"https:\/\/fmsb.eu\/en\/2020\/12\/02\/jorge-sainz-de-baranda-4-directe-canal4-radio-prespuestos-baleares-2021-armonizacion-fiscal\/"},"author":{"name":"fmsb","@id":"https:\/\/fmsb.eu\/en\/#\/schema\/person\/9fba7c70814b0cd34d35d655d36a4ca2"},"headline":"Jorge Sainz de Baranda en 4Directe sobre los prespuestos baleares de 2021 y armonizaci\u00f3n fiscal","datePublished":"2020-12-02T22:15:40+00:00","mainEntityOfPage":{"@id":"https:\/\/fmsb.eu\/en\/2020\/12\/02\/jorge-sainz-de-baranda-4-directe-canal4-radio-prespuestos-baleares-2021-armonizacion-fiscal\/"},"wordCount":135,"publisher":{"@id":"https:\/\/fmsb.eu\/en\/#organization"},"image":{"@id":"https:\/\/fmsb.eu\/en\/2020\/12\/02\/jorge-sainz-de-baranda-4-directe-canal4-radio-prespuestos-baleares-2021-armonizacion-fiscal\/#primaryimage"},"thumbnailUrl":"https:\/\/fmsb.eu\/wp-content\/uploads\/2020\/12\/Captura4.jpg","keywords":["abogados","armonizaci\u00f3n fiscal","baleares","coronavirus","covid 19","covid19","econom\u00eda balear","economistas","el arenal","fmsb","font mora sainz de baranda","gasto","ibiza","islas baleares","mallorca","Manacor","Palma","prespuestos 2021","puerto de andratx","turismo"],"articleSection":["blog","Coronavirus","Derecho Fiscal","Home","Turismo"],"inLanguage":"en-US"},{"@type":"WebPage","@id":"https:\/\/fmsb.eu\/en\/2020\/12\/02\/jorge-sainz-de-baranda-4-directe-canal4-radio-prespuestos-baleares-2021-armonizacion-fiscal\/","url":"https:\/\/fmsb.eu\/en\/2020\/12\/02\/jorge-sainz-de-baranda-4-directe-canal4-radio-prespuestos-baleares-2021-armonizacion-fiscal\/","name":"Jorge Sainz de Baranda en 4Directe sobre los prespuestos baleares de 2021 y armonizaci\u00f3n fiscal - FMSB Abogados y Economistas en Baleares","isPartOf":{"@id":"https:\/\/fmsb.eu\/en\/#website"},"primaryImageOfPage":{"@id":"https:\/\/fmsb.eu\/en\/2020\/12\/02\/jorge-sainz-de-baranda-4-directe-canal4-radio-prespuestos-baleares-2021-armonizacion-fiscal\/#primaryimage"},"image":{"@id":"https:\/\/fmsb.eu\/en\/2020\/12\/02\/jorge-sainz-de-baranda-4-directe-canal4-radio-prespuestos-baleares-2021-armonizacion-fiscal\/#primaryimage"},"thumbnailUrl":"https:\/\/fmsb.eu\/wp-content\/uploads\/2020\/12\/Captura4.jpg","datePublished":"2020-12-02T22:15:40+00:00","breadcrumb":{"@id":"https:\/\/fmsb.eu\/en\/2020\/12\/02\/jorge-sainz-de-baranda-4-directe-canal4-radio-prespuestos-baleares-2021-armonizacion-fiscal\/#breadcrumb"},"inLanguage":"en-US","potentialAction":[{"@type":"ReadAction","target":["https:\/\/fmsb.eu\/en\/2020\/12\/02\/jorge-sainz-de-baranda-4-directe-canal4-radio-prespuestos-baleares-2021-armonizacion-fiscal\/"]}]},{"@type":"ImageObject","inLanguage":"en-US","@id":"https:\/\/fmsb.eu\/en\/2020\/12\/02\/jorge-sainz-de-baranda-4-directe-canal4-radio-prespuestos-baleares-2021-armonizacion-fiscal\/#primaryimage","url":"https:\/\/fmsb.eu\/wp-content\/uploads\/2020\/12\/Captura4.jpg","contentUrl":"https:\/\/fmsb.eu\/wp-content\/uploads\/2020\/12\/Captura4.jpg","width":761,"height":484},{"@type":"BreadcrumbList","@id":"https:\/\/fmsb.eu\/en\/2020\/12\/02\/jorge-sainz-de-baranda-4-directe-canal4-radio-prespuestos-baleares-2021-armonizacion-fiscal\/#breadcrumb","itemListElement":[{"@type":"ListItem","position":1,"name":"Portada","item":"https:\/\/fmsb.eu\/en\/"},{"@type":"ListItem","position":2,"name":"Jorge Sainz de Baranda en 4Directe sobre los prespuestos baleares de 2021 y armonizaci\u00f3n fiscal"}]},{"@type":"WebSite","@id":"https:\/\/fmsb.eu\/en\/#website","url":"https:\/\/fmsb.eu\/en\/","name":"FMSB Abogados y Economistas en Baleares","description":"","publisher":{"@id":"https:\/\/fmsb.eu\/en\/#organization"},"potentialAction":[{"@type":"SearchAction","target":{"@type":"EntryPoint","urlTemplate":"https:\/\/fmsb.eu\/en\/?s={search_term_string}"},"query-input":{"@type":"PropertyValueSpecification","valueRequired":true,"valueName":"search_term_string"}}],"inLanguage":"en-US"},{"@type":"Organization","@id":"https:\/\/fmsb.eu\/en\/#organization","name":"FMSB Abogados y Economistas en Baleares","url":"https:\/\/fmsb.eu\/en\/","logo":{"@type":"ImageObject","inLanguage":"en-US","@id":"https:\/\/fmsb.eu\/en\/#\/schema\/logo\/image\/","url":"https:\/\/fmsb.eu\/wp-content\/uploads\/2025\/02\/logo.svg","contentUrl":"https:\/\/fmsb.eu\/wp-content\/uploads\/2025\/02\/logo.svg","width":154,"height":52,"caption":"FMSB Abogados y Economistas en Baleares"},"image":{"@id":"https:\/\/fmsb.eu\/en\/#\/schema\/logo\/image\/"}},{"@type":"Person","@id":"https:\/\/fmsb.eu\/en\/#\/schema\/person\/9fba7c70814b0cd34d35d655d36a4ca2","name":"fmsb","image":{"@type":"ImageObject","inLanguage":"en-US","@id":"https:\/\/secure.gravatar.com\/avatar\/426f4d5b0ebcace85460caf87cdaaa193694b611e990615d87a13f322fb7ee7f?s=96&d=mm&r=g","url":"https:\/\/secure.gravatar.com\/avatar\/426f4d5b0ebcace85460caf87cdaaa193694b611e990615d87a13f322fb7ee7f?s=96&d=mm&r=g","contentUrl":"https:\/\/secure.gravatar.com\/avatar\/426f4d5b0ebcace85460caf87cdaaa193694b611e990615d87a13f322fb7ee7f?s=96&d=mm&r=g","caption":"fmsb"},"sameAs":["https:\/\/x.com\/fmsb-disstint"],"url":"https:\/\/fmsb.eu\/en\/author\/fmsb\/"}]}},"_links":{"self":[{"href":"https:\/\/fmsb.eu\/en\/wp-json\/wp\/v2\/posts\/11552","targetHints":{"allow":["GET"]}}],"collection":[{"href":"https:\/\/fmsb.eu\/en\/wp-json\/wp\/v2\/posts"}],"about":[{"href":"https:\/\/fmsb.eu\/en\/wp-json\/wp\/v2\/types\/post"}],"author":[{"embeddable":true,"href":"https:\/\/fmsb.eu\/en\/wp-json\/wp\/v2\/users\/2"}],"replies":[{"embeddable":true,"href":"https:\/\/fmsb.eu\/en\/wp-json\/wp\/v2\/comments?post=11552"}],"version-history":[{"count":0,"href":"https:\/\/fmsb.eu\/en\/wp-json\/wp\/v2\/posts\/11552\/revisions"}],"wp:featuredmedia":[{"embeddable":true,"href":"https:\/\/fmsb.eu\/en\/wp-json\/wp\/v2\/media\/9234"}],"wp:attachment":[{"href":"https:\/\/fmsb.eu\/en\/wp-json\/wp\/v2\/media?parent=11552"}],"wp:term":[{"taxonomy":"category","embeddable":true,"href":"https:\/\/fmsb.eu\/en\/wp-json\/wp\/v2\/categories?post=11552"},{"taxonomy":"post_tag","embeddable":true,"href":"https:\/\/fmsb.eu\/en\/wp-json\/wp\/v2\/tags?post=11552"}],"curies":[{"name":"wp","href":"https:\/\/api.w.org\/{rel}","templated":true}]}}