{"id":11562,"date":"2020-11-22T07:28:39","date_gmt":"2020-11-22T06:28:39","guid":{"rendered":"http:\/\/fmsb.disstintbeta.com\/2020\/11\/22\/el-queso-de-los-impuestos-mallorcadiario-jorge-sainz-de-baranda\/"},"modified":"2020-11-22T07:28:39","modified_gmt":"2020-11-22T06:28:39","slug":"el-queso-de-los-impuestos-mallorcadiario-jorge-sainz-de-baranda","status":"publish","type":"post","link":"https:\/\/fmsb.eu\/en\/2020\/11\/22\/el-queso-de-los-impuestos-mallorcadiario-jorge-sainz-de-baranda\/","title":{"rendered":"El queso de los Impuestos (Parte III). Art\u00edculo de opini\u00f3n en Mallorcadiario.com de Jorge S\u00e1inz de Baranda"},"content":{"rendered":"<p><a href=\"http:\/\/fmsb.disstintbeta.com\/wp-content\/uploads\/2020\/11\/El-queso-de-los-Impuestos-parte-III.png\"><img fetchpriority=\"high\" decoding=\"async\" class=\"alignnone wp-image-4442\" src=\"http:\/\/fmsb.disstintbeta.com\/wp-content\/uploads\/2020\/11\/El-queso-de-los-Impuestos-parte-III.png\" alt=\"\" width=\"800\" height=\"600\" srcset=\"https:\/\/font-mora-sainz-baranda.fra1.digitaloceanspaces.com\/wp-content\/uploads\/2020\/11\/El-queso-de-los-Impuestos-parte-III.png 1600w, https:\/\/font-mora-sainz-baranda.fra1.digitaloceanspaces.com\/wp-content\/uploads\/2020\/11\/El-queso-de-los-Impuestos-parte-III-300x225.png 300w, https:\/\/font-mora-sainz-baranda.fra1.digitaloceanspaces.com\/wp-content\/uploads\/2020\/11\/El-queso-de-los-Impuestos-parte-III-1024x768.png 1024w, https:\/\/font-mora-sainz-baranda.fra1.digitaloceanspaces.com\/wp-content\/uploads\/2020\/11\/El-queso-de-los-Impuestos-parte-III-768x576.png 768w, https:\/\/font-mora-sainz-baranda.fra1.digitaloceanspaces.com\/wp-content\/uploads\/2020\/11\/El-queso-de-los-Impuestos-parte-III-1536x1152.png 1536w\" sizes=\"(max-width: 800px) 100vw, 800px\" \/><\/a><\/p>\n<div class=\"navegacion\">\n<h3 class=\"antesubtitulo antetit\"><span style=\"color: #993300;\"><strong>mallorcadiario.com<\/strong><\/span>\u00a0 Opini\u00f3n<\/h3>\n<h6 class=\"ulthora fecha_publicacion\"><span class=\"dia_mes_anno\">DOMINGO 22 DE NOVIEMBRE DE 2020<\/span><\/h6>\n<h6 class=\"ulthora fecha_publicacion\"><span class=\"dia_mes_anno\" style=\"color: #ffffff;\">DOMINGO 25 DE OCTUBRE DE 2020<\/span><\/h6>\n<\/div>\n<div title=\"noticia 557362\">\n<h1 class=\"titulo\"><a href=\"https:\/\/www.mallorcadiario.com\/el-queso-de-los-impuestos-parte-iii\">El queso de los Impuestos (Parte III)<\/a><\/h1>\n<\/div>\n<div id=\"firmante_767\" class=\"firmante\">\n<p>Por\u00a0<strong><span class=\"nombre_firmante\">Jorge S\u00e1inz de Baranda<\/span><\/strong><\/p>\n<h6><a href=\"https:\/\/www.mallorcadiario.com\/jorge-sainz-de-baranda\/autor\/767\/\"><strong><span style=\"color: #993300;\">M\u00c1S ART\u00cdCULOS DEL AUTOR<\/span><\/strong><\/a><\/h6>\n<\/div>\n<p>Que acertada estuvo mi estimada Petri Vivern el otro d\u00eda al decirme <em>&#8220;nos la dan con queso&#8221;<\/em> ya que un servidor -que, como dec\u00eda Sabina, soy cantante (l\u00e9ase abogado) por cobard\u00eda, pues lo que quer\u00eda realmente es ser torero- no necesita muchos cites de capote para entrar al trapo con una frase popular y su origen.<\/p>\n<p>Todos sabemos que cuando alguien nos dice <em>&#8220;que no te la den con queso&#8221;<\/em> nos est\u00e1 advirtiendo sobre la posibilidad de ser enga\u00f1ados o burlados con ardides; y en su origen hay varias teor\u00edas, siendo la m\u00e1s difundida la de que, en el Medievo, algunos bodegueros, para dar salida a los vinos peores que ten\u00edan, ofrec\u00edan a los ingenuos compradores un trozo de queso bien curado en aceite antes de darles a probar los caldos de esas barricas. De esa forma, el fuerte sabor del queso imped\u00eda a quienes cataban el vino percibir su baja calidad.<\/p>\n<p>El escritor Pompeyo Gener contaba un origen diferente, aunque m\u00e1s divertido y menos cre\u00edble, que estar\u00eda en la estratagema de un Gobernador de Utrecht que, en el siglo XVII, defendiendo la plaza y sin municiones que lanzar con los ca\u00f1ones, ech\u00f3 mano de un mont\u00f3n de quesos de bola holandeses, los pint\u00f3 de negro y los dispar\u00f3 contra los asaltantes, que huyeron despavoridos sin percatarse del enga\u00f1o.<\/p>\n<p>Con esta \u00faltima entrega dedicada a los Presupuestos, voy a contarles cuales son, a mi juicio, las dos novedades en IRPF que contiene la Ley y que, intentando pasar de puntillas, hacen buena la cita del queso. Y son (i) la limitaci\u00f3n de las aportaciones a los planes de pensiones y (ii) el incremento de la tributaci\u00f3n para las ganancias de patrimonio como consecuencia de ventas a realizar.<\/p>\n<p>Por una parte, con efectos desde 1 de enero de 2021 y vigencia indefinida -ese <em>mantra<\/em> de moda-, se \u201cmete mano\u201d a los instrumentos de ahorro para la jubilaci\u00f3n: planes de pensiones y planes de previsi\u00f3n asegurados, y si hasta ahora cualquier persona pod\u00eda aportar hasta 8.000 euros al a\u00f1o a su plan y descontarse directamente ese importe de la base imponible del Impuesto, ahora dicha cantidad se reduce de forma dr\u00e1stica a 2.000 euros. Lo que aportes de m\u00e1s no ser\u00e1 deducible.<\/p>\n<p>A cambio, se mantiene el importe de 8.000 euros en las aportaciones de las empresas a sus empleados, importe al que se permite adicionar los 2.000 euros de la aportaci\u00f3n personal, de forma que el l\u00edmite conjunto se eleva hasta los 10.000 euros.<\/p>\n<p>El problema est\u00e1 en que hay muchos ciudadanos que desean seguir ahorrando para la jubilaci\u00f3n en su plan de pensiones y no cuentan con uno en la empresa donde trabajan, de forma que van a obligar a esos ahorradores a buscar otros instrumentos de inversi\u00f3n de cara a la jubilaci\u00f3n y a cruzar todos los dedos que tengan para que se mantenga el actual sistema de pensiones.<\/p>\n<p>En segundo lugar, se incrementan los tipos aplicables a la base del ahorro en la Renta -es decir, aquella que proviene de intereses, dividendos, ventas de bienes, etc.- en la que, a partir de 200.000 euros, el tipo pasa de un 23 a un 26%.<\/p>\n<p>Igual alguien piensa que esto es para rentas muy elevadas, pero d\u00e9jenme decirle a ese ingenuo <em>pensador<\/em> que el incremento va dirigido fundamentalmente a las ganancias patrimoniales consecuencia de la venta de un inmueble. Hasta la fecha, si vend\u00edas una casa pagabas como tope el 23% de la ganancia -la diferencia entre el precio por el que compraste y por el que vendes-; frente a eso ahora pagar\u00e1s un 26%, con lo que se penaliza aquellas ventas de inmuebles que se adquirieron hace mucho tiempo, incluso por herencia, y cuyo precio en ese momento era muy bajo. Les aseguro, aunque Uds. ya lo saben, que tres puntos porcentuales es mucho.<\/p>\n<p>Como ven, nadamos a contracorriente del resto de Europa y subimos los impuestos cuando todos los pa\u00edses los bajan como consecuencia de la crisis que nos asola, pero esta bendita Administraci\u00f3n parece que piensa las medidas no con queso sino con vino, record\u00e1ndome en su forma de actuar lo que tan magistralmente declamaba nuestro a\u00f1orado compa\u00f1ero Jos\u00e9 Miguel del Campo en La Venganza de Don Mendo: <em>\u201cno fui yo, no fui\u2026 fue el maldito Cari\u00f1ena que se apoder\u00f3 de m\u00ed\u201d<\/em>.<\/p>\n<p>&nbsp;<\/p>\n<p>&nbsp;<\/p>\n<hr \/>\n<p>Art\u00edculo original publicado en el diario digital\u00a0<a href=\"https:\/\/www.mallorcadiario.com\/el-queso-de-los-impuestos-parte-iii\"><strong><span style=\"color: #993300;\">mallorcadiario.com<\/span><\/strong><\/a><\/p>\n","protected":false},"excerpt":{"rendered":"<p>mallorcadiario.com\u00a0 Opini\u00f3n DOMINGO 22 DE NOVIEMBRE DE 2020 DOMINGO 25 DE OCTUBRE DE 2020 El queso de los Impuestos (Parte III) Por\u00a0Jorge S\u00e1inz de Baranda M\u00c1S ART\u00cdCULOS DEL AUTOR Que acertada estuvo mi estimada Petri Vivern el otro d\u00eda al decirme &#8220;nos la dan con queso&#8221; ya que un servidor -que, como dec\u00eda Sabina, soy [&hellip;]<\/p>\n","protected":false},"author":2,"featured_media":9220,"comment_status":"closed","ping_status":"open","sticky":false,"template":"","format":"standard","meta":{"footnotes":""},"categories":[2149,3880,2250,2152,3144],"tags":[2156,2608,2494,2255,2158,2261,2262,2168,2169,2631,2266,2634,2270,2271,2272,2274,5542,2181,2277,2182,2284,2286,2643,2644,2190,5543,5544],"class_list":["post-11562","post","type-post","status-publish","format-standard","has-post-thumbnail","hentry","category-blog-en-2","category-coronavirus-en","category-derecho-fiscal-en","category-home-en-2","category-opinion-en","tag-abogados-en","tag-aeat-en","tag-articulos-en","tag-asesores-en","tag-baleares-en","tag-derecho-fiscal-en","tag-derecho-tributario-en","tag-economistas-en","tag-el-arenal-en","tag-fraude-fiscal-en","tag-hacienda-en","tag-ibi-en","tag-impuesto-de-sucesiones-en","tag-impuestos-en-2","tag-irpf-en","tag-jorge-sainz-de-baranda-en","tag-ley-del-catastro-en","tag-mallorca-en-2","tag-mallorcadiario-en","tag-manacor-en","tag-opinion-en","tag-palma-en","tag-plusvalia-en","tag-prespuestos-generales-del-estado-en","tag-puerto-de-andratx-en","tag-valor-catastral-en","tag-valor-de-referencia-de-mercado-en"],"yoast_head":"<!-- This site is optimized with the Yoast SEO plugin v27.3 - https:\/\/yoast.com\/product\/yoast-seo-wordpress\/ -->\n<title>El queso de los Impuestos (Parte III). Art\u00edculo de opini\u00f3n en Mallorcadiario.com de Jorge S\u00e1inz de Baranda - FMSB Abogados y Economistas en Baleares<\/title>\n<meta name=\"robots\" content=\"index, follow, max-snippet:-1, max-image-preview:large, max-video-preview:-1\" \/>\n<link rel=\"canonical\" href=\"https:\/\/fmsb.eu\/en\/2020\/11\/22\/el-queso-de-los-impuestos-mallorcadiario-jorge-sainz-de-baranda\/\" \/>\n<meta property=\"og:locale\" content=\"en_US\" \/>\n<meta property=\"og:type\" content=\"article\" \/>\n<meta property=\"og:title\" content=\"El queso de los Impuestos (Parte III). Art\u00edculo de opini\u00f3n en Mallorcadiario.com de Jorge S\u00e1inz de Baranda - FMSB Abogados y Economistas en Baleares\" \/>\n<meta property=\"og:description\" content=\"mallorcadiario.com\u00a0 Opini\u00f3n DOMINGO 22 DE NOVIEMBRE DE 2020 DOMINGO 25 DE OCTUBRE DE 2020 El queso de los Impuestos (Parte III) Por\u00a0Jorge S\u00e1inz de Baranda M\u00c1S ART\u00cdCULOS DEL AUTOR Que acertada estuvo mi estimada Petri Vivern el otro d\u00eda al decirme &#8220;nos la dan con queso&#8221; ya que un servidor -que, como dec\u00eda Sabina, soy [&hellip;]\" \/>\n<meta property=\"og:url\" content=\"https:\/\/fmsb.eu\/en\/2020\/11\/22\/el-queso-de-los-impuestos-mallorcadiario-jorge-sainz-de-baranda\/\" \/>\n<meta property=\"og:site_name\" content=\"FMSB Abogados y Economistas en Baleares\" \/>\n<meta property=\"article:published_time\" content=\"2020-11-22T06:28:39+00:00\" \/>\n<meta property=\"og:image\" content=\"https:\/\/fmsb.eu\/wp-content\/uploads\/2020\/11\/El-queso-de-los-Impuestos-parte-III.png\" \/>\n\t<meta property=\"og:image:width\" content=\"1600\" \/>\n\t<meta property=\"og:image:height\" content=\"1200\" \/>\n\t<meta property=\"og:image:type\" content=\"image\/png\" \/>\n<meta name=\"author\" content=\"fmsb\" \/>\n<meta name=\"twitter:card\" content=\"summary_large_image\" \/>\n<meta name=\"twitter:creator\" content=\"@fmsb-disstint\" \/>\n<meta name=\"twitter:label1\" content=\"Written by\" \/>\n\t<meta name=\"twitter:data1\" content=\"fmsb\" \/>\n\t<meta name=\"twitter:label2\" content=\"Est. reading time\" \/>\n\t<meta name=\"twitter:data2\" content=\"4 minutes\" \/>\n<script type=\"application\/ld+json\" class=\"yoast-schema-graph\">{\"@context\":\"https:\\\/\\\/schema.org\",\"@graph\":[{\"@type\":\"Article\",\"@id\":\"https:\\\/\\\/fmsb.eu\\\/en\\\/2020\\\/11\\\/22\\\/el-queso-de-los-impuestos-mallorcadiario-jorge-sainz-de-baranda\\\/#article\",\"isPartOf\":{\"@id\":\"https:\\\/\\\/fmsb.eu\\\/en\\\/2020\\\/11\\\/22\\\/el-queso-de-los-impuestos-mallorcadiario-jorge-sainz-de-baranda\\\/\"},\"author\":{\"name\":\"fmsb\",\"@id\":\"https:\\\/\\\/fmsb.eu\\\/en\\\/#\\\/schema\\\/person\\\/9fba7c70814b0cd34d35d655d36a4ca2\"},\"headline\":\"El queso de los Impuestos (Parte III). Art\u00edculo de opini\u00f3n en Mallorcadiario.com de Jorge S\u00e1inz de Baranda\",\"datePublished\":\"2020-11-22T06:28:39+00:00\",\"mainEntityOfPage\":{\"@id\":\"https:\\\/\\\/fmsb.eu\\\/en\\\/2020\\\/11\\\/22\\\/el-queso-de-los-impuestos-mallorcadiario-jorge-sainz-de-baranda\\\/\"},\"wordCount\":807,\"publisher\":{\"@id\":\"https:\\\/\\\/fmsb.eu\\\/en\\\/#organization\"},\"image\":{\"@id\":\"https:\\\/\\\/fmsb.eu\\\/en\\\/2020\\\/11\\\/22\\\/el-queso-de-los-impuestos-mallorcadiario-jorge-sainz-de-baranda\\\/#primaryimage\"},\"thumbnailUrl\":\"https:\\\/\\\/fmsb.eu\\\/wp-content\\\/uploads\\\/2020\\\/11\\\/El-queso-de-los-Impuestos-parte-III.png\",\"keywords\":[\"abogados\",\"aeat\",\"articulos\",\"asesores\",\"baleares\",\"derecho fiscal\",\"derecho tributario\",\"economistas\",\"el arenal\",\"fraude fiscal\",\"Hacienda\",\"ibi\",\"impuesto de sucesiones\",\"impuestos\",\"IRPF\",\"jorge sainz de baranda\",\"ley del catastro\",\"mallorca\",\"mallorcadiario\",\"Manacor\",\"opinion\",\"Palma\",\"plusval\u00eda\",\"prespuestos generales del estado\",\"puerto de andratx\",\"valor catastral\",\"valor de referencia de mercado\"],\"articleSection\":[\"blog\",\"Coronavirus\",\"Derecho Fiscal\",\"Home\",\"Opini\u00f3n\"],\"inLanguage\":\"en-US\"},{\"@type\":\"WebPage\",\"@id\":\"https:\\\/\\\/fmsb.eu\\\/en\\\/2020\\\/11\\\/22\\\/el-queso-de-los-impuestos-mallorcadiario-jorge-sainz-de-baranda\\\/\",\"url\":\"https:\\\/\\\/fmsb.eu\\\/en\\\/2020\\\/11\\\/22\\\/el-queso-de-los-impuestos-mallorcadiario-jorge-sainz-de-baranda\\\/\",\"name\":\"El queso de los Impuestos (Parte III). Art\u00edculo de opini\u00f3n en Mallorcadiario.com de Jorge S\u00e1inz de Baranda - FMSB Abogados y Economistas en Baleares\",\"isPartOf\":{\"@id\":\"https:\\\/\\\/fmsb.eu\\\/en\\\/#website\"},\"primaryImageOfPage\":{\"@id\":\"https:\\\/\\\/fmsb.eu\\\/en\\\/2020\\\/11\\\/22\\\/el-queso-de-los-impuestos-mallorcadiario-jorge-sainz-de-baranda\\\/#primaryimage\"},\"image\":{\"@id\":\"https:\\\/\\\/fmsb.eu\\\/en\\\/2020\\\/11\\\/22\\\/el-queso-de-los-impuestos-mallorcadiario-jorge-sainz-de-baranda\\\/#primaryimage\"},\"thumbnailUrl\":\"https:\\\/\\\/fmsb.eu\\\/wp-content\\\/uploads\\\/2020\\\/11\\\/El-queso-de-los-Impuestos-parte-III.png\",\"datePublished\":\"2020-11-22T06:28:39+00:00\",\"breadcrumb\":{\"@id\":\"https:\\\/\\\/fmsb.eu\\\/en\\\/2020\\\/11\\\/22\\\/el-queso-de-los-impuestos-mallorcadiario-jorge-sainz-de-baranda\\\/#breadcrumb\"},\"inLanguage\":\"en-US\",\"potentialAction\":[{\"@type\":\"ReadAction\",\"target\":[\"https:\\\/\\\/fmsb.eu\\\/en\\\/2020\\\/11\\\/22\\\/el-queso-de-los-impuestos-mallorcadiario-jorge-sainz-de-baranda\\\/\"]}]},{\"@type\":\"ImageObject\",\"inLanguage\":\"en-US\",\"@id\":\"https:\\\/\\\/fmsb.eu\\\/en\\\/2020\\\/11\\\/22\\\/el-queso-de-los-impuestos-mallorcadiario-jorge-sainz-de-baranda\\\/#primaryimage\",\"url\":\"https:\\\/\\\/fmsb.eu\\\/wp-content\\\/uploads\\\/2020\\\/11\\\/El-queso-de-los-Impuestos-parte-III.png\",\"contentUrl\":\"https:\\\/\\\/fmsb.eu\\\/wp-content\\\/uploads\\\/2020\\\/11\\\/El-queso-de-los-Impuestos-parte-III.png\",\"width\":1600,\"height\":1200},{\"@type\":\"BreadcrumbList\",\"@id\":\"https:\\\/\\\/fmsb.eu\\\/en\\\/2020\\\/11\\\/22\\\/el-queso-de-los-impuestos-mallorcadiario-jorge-sainz-de-baranda\\\/#breadcrumb\",\"itemListElement\":[{\"@type\":\"ListItem\",\"position\":1,\"name\":\"Portada\",\"item\":\"https:\\\/\\\/fmsb.eu\\\/en\\\/\"},{\"@type\":\"ListItem\",\"position\":2,\"name\":\"El queso de los Impuestos (Parte III). Art\u00edculo de opini\u00f3n en Mallorcadiario.com de Jorge S\u00e1inz de Baranda\"}]},{\"@type\":\"WebSite\",\"@id\":\"https:\\\/\\\/fmsb.eu\\\/en\\\/#website\",\"url\":\"https:\\\/\\\/fmsb.eu\\\/en\\\/\",\"name\":\"FMSB Abogados y Economistas en Baleares\",\"description\":\"\",\"publisher\":{\"@id\":\"https:\\\/\\\/fmsb.eu\\\/en\\\/#organization\"},\"potentialAction\":[{\"@type\":\"SearchAction\",\"target\":{\"@type\":\"EntryPoint\",\"urlTemplate\":\"https:\\\/\\\/fmsb.eu\\\/en\\\/?s={search_term_string}\"},\"query-input\":{\"@type\":\"PropertyValueSpecification\",\"valueRequired\":true,\"valueName\":\"search_term_string\"}}],\"inLanguage\":\"en-US\"},{\"@type\":\"Organization\",\"@id\":\"https:\\\/\\\/fmsb.eu\\\/en\\\/#organization\",\"name\":\"FMSB Abogados y Economistas en Baleares\",\"url\":\"https:\\\/\\\/fmsb.eu\\\/en\\\/\",\"logo\":{\"@type\":\"ImageObject\",\"inLanguage\":\"en-US\",\"@id\":\"https:\\\/\\\/fmsb.eu\\\/en\\\/#\\\/schema\\\/logo\\\/image\\\/\",\"url\":\"https:\\\/\\\/fmsb.eu\\\/wp-content\\\/uploads\\\/2025\\\/02\\\/logo.svg\",\"contentUrl\":\"https:\\\/\\\/fmsb.eu\\\/wp-content\\\/uploads\\\/2025\\\/02\\\/logo.svg\",\"width\":154,\"height\":52,\"caption\":\"FMSB Abogados y Economistas en Baleares\"},\"image\":{\"@id\":\"https:\\\/\\\/fmsb.eu\\\/en\\\/#\\\/schema\\\/logo\\\/image\\\/\"}},{\"@type\":\"Person\",\"@id\":\"https:\\\/\\\/fmsb.eu\\\/en\\\/#\\\/schema\\\/person\\\/9fba7c70814b0cd34d35d655d36a4ca2\",\"name\":\"fmsb\",\"image\":{\"@type\":\"ImageObject\",\"inLanguage\":\"en-US\",\"@id\":\"https:\\\/\\\/secure.gravatar.com\\\/avatar\\\/426f4d5b0ebcace85460caf87cdaaa193694b611e990615d87a13f322fb7ee7f?s=96&d=mm&r=g\",\"url\":\"https:\\\/\\\/secure.gravatar.com\\\/avatar\\\/426f4d5b0ebcace85460caf87cdaaa193694b611e990615d87a13f322fb7ee7f?s=96&d=mm&r=g\",\"contentUrl\":\"https:\\\/\\\/secure.gravatar.com\\\/avatar\\\/426f4d5b0ebcace85460caf87cdaaa193694b611e990615d87a13f322fb7ee7f?s=96&d=mm&r=g\",\"caption\":\"fmsb\"},\"sameAs\":[\"https:\\\/\\\/x.com\\\/fmsb-disstint\"],\"url\":\"https:\\\/\\\/fmsb.eu\\\/en\\\/author\\\/fmsb\\\/\"}]}<\/script>\n<!-- \/ Yoast SEO plugin. -->","yoast_head_json":{"title":"El queso de los Impuestos (Parte III). Art\u00edculo de opini\u00f3n en Mallorcadiario.com de Jorge S\u00e1inz de Baranda - FMSB Abogados y Economistas en Baleares","robots":{"index":"index","follow":"follow","max-snippet":"max-snippet:-1","max-image-preview":"max-image-preview:large","max-video-preview":"max-video-preview:-1"},"canonical":"https:\/\/fmsb.eu\/en\/2020\/11\/22\/el-queso-de-los-impuestos-mallorcadiario-jorge-sainz-de-baranda\/","og_locale":"en_US","og_type":"article","og_title":"El queso de los Impuestos (Parte III). Art\u00edculo de opini\u00f3n en Mallorcadiario.com de Jorge S\u00e1inz de Baranda - FMSB Abogados y Economistas en Baleares","og_description":"mallorcadiario.com\u00a0 Opini\u00f3n DOMINGO 22 DE NOVIEMBRE DE 2020 DOMINGO 25 DE OCTUBRE DE 2020 El queso de los Impuestos (Parte III) Por\u00a0Jorge S\u00e1inz de Baranda M\u00c1S ART\u00cdCULOS DEL AUTOR Que acertada estuvo mi estimada Petri Vivern el otro d\u00eda al decirme &#8220;nos la dan con queso&#8221; ya que un servidor -que, como dec\u00eda Sabina, soy [&hellip;]","og_url":"https:\/\/fmsb.eu\/en\/2020\/11\/22\/el-queso-de-los-impuestos-mallorcadiario-jorge-sainz-de-baranda\/","og_site_name":"FMSB Abogados y Economistas en Baleares","article_published_time":"2020-11-22T06:28:39+00:00","og_image":[{"width":1600,"height":1200,"url":"https:\/\/fmsb.eu\/wp-content\/uploads\/2020\/11\/El-queso-de-los-Impuestos-parte-III.png","type":"image\/png"}],"author":"fmsb","twitter_card":"summary_large_image","twitter_creator":"@fmsb-disstint","twitter_misc":{"Written by":"fmsb","Est. reading time":"4 minutes"},"schema":{"@context":"https:\/\/schema.org","@graph":[{"@type":"Article","@id":"https:\/\/fmsb.eu\/en\/2020\/11\/22\/el-queso-de-los-impuestos-mallorcadiario-jorge-sainz-de-baranda\/#article","isPartOf":{"@id":"https:\/\/fmsb.eu\/en\/2020\/11\/22\/el-queso-de-los-impuestos-mallorcadiario-jorge-sainz-de-baranda\/"},"author":{"name":"fmsb","@id":"https:\/\/fmsb.eu\/en\/#\/schema\/person\/9fba7c70814b0cd34d35d655d36a4ca2"},"headline":"El queso de los Impuestos (Parte III). Art\u00edculo de opini\u00f3n en Mallorcadiario.com de Jorge S\u00e1inz de Baranda","datePublished":"2020-11-22T06:28:39+00:00","mainEntityOfPage":{"@id":"https:\/\/fmsb.eu\/en\/2020\/11\/22\/el-queso-de-los-impuestos-mallorcadiario-jorge-sainz-de-baranda\/"},"wordCount":807,"publisher":{"@id":"https:\/\/fmsb.eu\/en\/#organization"},"image":{"@id":"https:\/\/fmsb.eu\/en\/2020\/11\/22\/el-queso-de-los-impuestos-mallorcadiario-jorge-sainz-de-baranda\/#primaryimage"},"thumbnailUrl":"https:\/\/fmsb.eu\/wp-content\/uploads\/2020\/11\/El-queso-de-los-Impuestos-parte-III.png","keywords":["abogados","aeat","articulos","asesores","baleares","derecho fiscal","derecho tributario","economistas","el arenal","fraude fiscal","Hacienda","ibi","impuesto de sucesiones","impuestos","IRPF","jorge sainz de baranda","ley del catastro","mallorca","mallorcadiario","Manacor","opinion","Palma","plusval\u00eda","prespuestos generales del estado","puerto de andratx","valor catastral","valor de referencia de mercado"],"articleSection":["blog","Coronavirus","Derecho Fiscal","Home","Opini\u00f3n"],"inLanguage":"en-US"},{"@type":"WebPage","@id":"https:\/\/fmsb.eu\/en\/2020\/11\/22\/el-queso-de-los-impuestos-mallorcadiario-jorge-sainz-de-baranda\/","url":"https:\/\/fmsb.eu\/en\/2020\/11\/22\/el-queso-de-los-impuestos-mallorcadiario-jorge-sainz-de-baranda\/","name":"El queso de los Impuestos (Parte III). Art\u00edculo de opini\u00f3n en Mallorcadiario.com de Jorge S\u00e1inz de Baranda - FMSB Abogados y Economistas en Baleares","isPartOf":{"@id":"https:\/\/fmsb.eu\/en\/#website"},"primaryImageOfPage":{"@id":"https:\/\/fmsb.eu\/en\/2020\/11\/22\/el-queso-de-los-impuestos-mallorcadiario-jorge-sainz-de-baranda\/#primaryimage"},"image":{"@id":"https:\/\/fmsb.eu\/en\/2020\/11\/22\/el-queso-de-los-impuestos-mallorcadiario-jorge-sainz-de-baranda\/#primaryimage"},"thumbnailUrl":"https:\/\/fmsb.eu\/wp-content\/uploads\/2020\/11\/El-queso-de-los-Impuestos-parte-III.png","datePublished":"2020-11-22T06:28:39+00:00","breadcrumb":{"@id":"https:\/\/fmsb.eu\/en\/2020\/11\/22\/el-queso-de-los-impuestos-mallorcadiario-jorge-sainz-de-baranda\/#breadcrumb"},"inLanguage":"en-US","potentialAction":[{"@type":"ReadAction","target":["https:\/\/fmsb.eu\/en\/2020\/11\/22\/el-queso-de-los-impuestos-mallorcadiario-jorge-sainz-de-baranda\/"]}]},{"@type":"ImageObject","inLanguage":"en-US","@id":"https:\/\/fmsb.eu\/en\/2020\/11\/22\/el-queso-de-los-impuestos-mallorcadiario-jorge-sainz-de-baranda\/#primaryimage","url":"https:\/\/fmsb.eu\/wp-content\/uploads\/2020\/11\/El-queso-de-los-Impuestos-parte-III.png","contentUrl":"https:\/\/fmsb.eu\/wp-content\/uploads\/2020\/11\/El-queso-de-los-Impuestos-parte-III.png","width":1600,"height":1200},{"@type":"BreadcrumbList","@id":"https:\/\/fmsb.eu\/en\/2020\/11\/22\/el-queso-de-los-impuestos-mallorcadiario-jorge-sainz-de-baranda\/#breadcrumb","itemListElement":[{"@type":"ListItem","position":1,"name":"Portada","item":"https:\/\/fmsb.eu\/en\/"},{"@type":"ListItem","position":2,"name":"El queso de los Impuestos (Parte III). Art\u00edculo de opini\u00f3n en Mallorcadiario.com de Jorge S\u00e1inz de Baranda"}]},{"@type":"WebSite","@id":"https:\/\/fmsb.eu\/en\/#website","url":"https:\/\/fmsb.eu\/en\/","name":"FMSB Abogados y Economistas en Baleares","description":"","publisher":{"@id":"https:\/\/fmsb.eu\/en\/#organization"},"potentialAction":[{"@type":"SearchAction","target":{"@type":"EntryPoint","urlTemplate":"https:\/\/fmsb.eu\/en\/?s={search_term_string}"},"query-input":{"@type":"PropertyValueSpecification","valueRequired":true,"valueName":"search_term_string"}}],"inLanguage":"en-US"},{"@type":"Organization","@id":"https:\/\/fmsb.eu\/en\/#organization","name":"FMSB Abogados y Economistas en Baleares","url":"https:\/\/fmsb.eu\/en\/","logo":{"@type":"ImageObject","inLanguage":"en-US","@id":"https:\/\/fmsb.eu\/en\/#\/schema\/logo\/image\/","url":"https:\/\/fmsb.eu\/wp-content\/uploads\/2025\/02\/logo.svg","contentUrl":"https:\/\/fmsb.eu\/wp-content\/uploads\/2025\/02\/logo.svg","width":154,"height":52,"caption":"FMSB Abogados y Economistas en Baleares"},"image":{"@id":"https:\/\/fmsb.eu\/en\/#\/schema\/logo\/image\/"}},{"@type":"Person","@id":"https:\/\/fmsb.eu\/en\/#\/schema\/person\/9fba7c70814b0cd34d35d655d36a4ca2","name":"fmsb","image":{"@type":"ImageObject","inLanguage":"en-US","@id":"https:\/\/secure.gravatar.com\/avatar\/426f4d5b0ebcace85460caf87cdaaa193694b611e990615d87a13f322fb7ee7f?s=96&d=mm&r=g","url":"https:\/\/secure.gravatar.com\/avatar\/426f4d5b0ebcace85460caf87cdaaa193694b611e990615d87a13f322fb7ee7f?s=96&d=mm&r=g","contentUrl":"https:\/\/secure.gravatar.com\/avatar\/426f4d5b0ebcace85460caf87cdaaa193694b611e990615d87a13f322fb7ee7f?s=96&d=mm&r=g","caption":"fmsb"},"sameAs":["https:\/\/x.com\/fmsb-disstint"],"url":"https:\/\/fmsb.eu\/en\/author\/fmsb\/"}]}},"_links":{"self":[{"href":"https:\/\/fmsb.eu\/en\/wp-json\/wp\/v2\/posts\/11562","targetHints":{"allow":["GET"]}}],"collection":[{"href":"https:\/\/fmsb.eu\/en\/wp-json\/wp\/v2\/posts"}],"about":[{"href":"https:\/\/fmsb.eu\/en\/wp-json\/wp\/v2\/types\/post"}],"author":[{"embeddable":true,"href":"https:\/\/fmsb.eu\/en\/wp-json\/wp\/v2\/users\/2"}],"replies":[{"embeddable":true,"href":"https:\/\/fmsb.eu\/en\/wp-json\/wp\/v2\/comments?post=11562"}],"version-history":[{"count":0,"href":"https:\/\/fmsb.eu\/en\/wp-json\/wp\/v2\/posts\/11562\/revisions"}],"wp:featuredmedia":[{"embeddable":true,"href":"https:\/\/fmsb.eu\/en\/wp-json\/wp\/v2\/media\/9220"}],"wp:attachment":[{"href":"https:\/\/fmsb.eu\/en\/wp-json\/wp\/v2\/media?parent=11562"}],"wp:term":[{"taxonomy":"category","embeddable":true,"href":"https:\/\/fmsb.eu\/en\/wp-json\/wp\/v2\/categories?post=11562"},{"taxonomy":"post_tag","embeddable":true,"href":"https:\/\/fmsb.eu\/en\/wp-json\/wp\/v2\/tags?post=11562"}],"curies":[{"name":"wp","href":"https:\/\/api.w.org\/{rel}","templated":true}]}}