{"id":11568,"date":"2020-11-15T07:52:04","date_gmt":"2020-11-15T06:52:04","guid":{"rendered":"http:\/\/fmsb.disstintbeta.com\/2020\/11\/15\/extraordinario-imipuesto-presupuestos-generales-del-estado-sainz-de-baranda\/"},"modified":"2020-11-15T07:52:04","modified_gmt":"2020-11-15T06:52:04","slug":"extraordinario-imipuesto-presupuestos-generales-del-estado-sainz-de-baranda","status":"publish","type":"post","link":"https:\/\/fmsb.eu\/en\/2020\/11\/15\/extraordinario-imipuesto-presupuestos-generales-del-estado-sainz-de-baranda\/","title":{"rendered":"El Extraordinario Impuesto de los Presupuestos Generales del Estado (Parte II). Art\u00edculo de opini\u00f3n en Mallorcadiario.com de Jorge S\u00e1inz de Baranda"},"content":{"rendered":"<p><a href=\"http:\/\/fmsb.disstintbeta.com\/wp-content\/uploads\/2020\/11\/El-Extraordinario-Impuesto-de-los-Presupuestos-Generales-parte-II.png\"><img fetchpriority=\"high\" decoding=\"async\" class=\"alignnone wp-image-4428\" src=\"http:\/\/fmsb.disstintbeta.com\/wp-content\/uploads\/2020\/11\/El-Extraordinario-Impuesto-de-los-Presupuestos-Generales-parte-II.png\" alt=\"\" width=\"800\" height=\"600\" srcset=\"https:\/\/font-mora-sainz-baranda.fra1.digitaloceanspaces.com\/wp-content\/uploads\/2020\/11\/El-Extraordinario-Impuesto-de-los-Presupuestos-Generales-parte-II.png 1600w, https:\/\/font-mora-sainz-baranda.fra1.digitaloceanspaces.com\/wp-content\/uploads\/2020\/11\/El-Extraordinario-Impuesto-de-los-Presupuestos-Generales-parte-II-300x225.png 300w, https:\/\/font-mora-sainz-baranda.fra1.digitaloceanspaces.com\/wp-content\/uploads\/2020\/11\/El-Extraordinario-Impuesto-de-los-Presupuestos-Generales-parte-II-1024x768.png 1024w, https:\/\/font-mora-sainz-baranda.fra1.digitaloceanspaces.com\/wp-content\/uploads\/2020\/11\/El-Extraordinario-Impuesto-de-los-Presupuestos-Generales-parte-II-768x576.png 768w, https:\/\/font-mora-sainz-baranda.fra1.digitaloceanspaces.com\/wp-content\/uploads\/2020\/11\/El-Extraordinario-Impuesto-de-los-Presupuestos-Generales-parte-II-1536x1152.png 1536w\" sizes=\"(max-width: 800px) 100vw, 800px\" \/><\/a><\/p>\n<div class=\"navegacion\">\n<h3 class=\"antesubtitulo antetit\"><span style=\"color: #993300;\"><strong>mallorcadiario.com<\/strong><\/span>\u00a0 Opini\u00f3n<\/h3>\n<h6 class=\"ulthora fecha_publicacion\"><span class=\"dia_mes_anno\">DOMINGO 15 DE NOVIEMBRE DE 2020<\/span><\/h6>\n<h6 class=\"ulthora fecha_publicacion\"><span class=\"dia_mes_anno\" style=\"color: #ffffff;\">DOMINGO 25 DE OCTUBRE DE 2020<\/span><\/h6>\n<\/div>\n<div title=\"noticia 557362\">\n<h1 class=\"titulo\"><a href=\"https:\/\/www.mallorcadiario.com\/el-extraordinario-impuesto-de-los-presupuestos-generales-parte-ii\">El Extraordinario Impuesto de los Presupuestos Generales del Estado (Parte I)<\/a><\/h1>\n<\/div>\n<div id=\"firmante_767\" class=\"firmante\">\n<p>Por\u00a0<strong><span class=\"nombre_firmante\">Jorge S\u00e1inz de Baranda<\/span><\/strong><\/p>\n<h6><a href=\"https:\/\/www.mallorcadiario.com\/jorge-sainz-de-baranda\/autor\/767\/\"><strong><span style=\"color: #993300;\">M\u00c1S ART\u00cdCULOS DEL AUTOR<\/span><\/strong><\/a><\/h6>\n<\/div>\n<p>Para continuar con el prometido repaso al Proyecto de Ley de Presupuestos Generales del Estado para 2021, me adentro hoy en las medidas que contiene en relaci\u00f3n al Impuesto de Patrimonio, dejando para las pr\u00f3ximas entregas el plato fuerte del IRPF, y empezando de forma premonitoria y admonitoria con una frase que atribuyen, como muchas otras, a Winston Churchill, y en la que el pol\u00edtico brit\u00e1nico acu\u00f1aba que <em>&#8220;la salud es un estado transitorio entre dos \u00e9pocas de enfermedad que, adem\u00e1s, no presagia nada bueno&#8221;<\/em>.<\/p>\n<p>Nuestro Impuesto de Patrimonio naci\u00f3 en la Transici\u00f3n con car\u00e1cter extraordinario, excepcional y transitorio -as\u00ed lo defin\u00eda la Ley de 1977-, y con un exclusivo objetivo censal. Esa impronta temporal desaparece 14 a\u00f1os despu\u00e9s, con la Ley 19\/1991, que lo incorpora a nuestro sistema tributario con vocaci\u00f3n de permanencia, a\u00f1adiendo dos supuestas razones para su implantaci\u00f3n con car\u00e1cter definitivo: una mayor eficacia en la utilizaci\u00f3n de los patrimonios y una redistribuci\u00f3n de la riqueza -efectivamente, el papel lo aguanta todo-; am\u00e9n de la pertinente subida de tipos.<\/p>\n<p>Y con ese arte, que dir\u00eda mi amigo Marcos Ybarra, pas\u00f3 de ser un impuesto extraordinario a ser un Extraordinario Impuesto -m\u00e1s o menos como <em>&#8220;El Incre\u00edble Hombre Menguante&#8221;<\/em> (USA, 1957), pero al rev\u00e9s-.<\/p>\n<p>Con el paso del tiempo, en el a\u00f1o 2008 -17 a\u00f1os m\u00e1s tarde, y ya llevamos 31-, comprobada la incapacidad de este tributo para alcanzar de forma eficaz los objetivos para los que fue dise\u00f1ado -conste que no lo digo yo, lo dice la AEAT en un informe -, se suprime el gravamen, si bien no se deroga si no que se establece una bonificaci\u00f3n del 100% sobre la cuota, lo que evidentemente y a la luz de los resultados constituy\u00f3 un craso error.<\/p>\n<p>En 2011, y a ra\u00edz de la crisis econ\u00f3mica que nos asola, se revive el impuesto &#8220;aletargado&#8221;, nuevamente con car\u00e1cter extraordinario y solo por dos a\u00f1os -o al menos as\u00ed se anuncia-, aunque luego se va prorrogando anualmente su vigencia hasta hoy, nada menos que 43 a\u00f1os despu\u00e9s del inicio&#8230; <em>&#8220;Veinte a\u00f1os no es nada&#8221;<\/em> cantaba Carlos Gardel en el tango <em>Volver<\/em>, que prodigio de ingenuidad para nuestro caso.<\/p>\n<p>Pues bien, el proyecto de Ley de Presupuestos establece en su art\u00edculo 66 que, con <strong>vigencia indefinida<\/strong> -acu\u00e9rdense de lo que les dije sobre esto-, los tipos impositivos ser\u00e1n los que aprueben las CCAA respectivas y, en su defecto, se aplicar\u00e1 la nueva escala que fija el Estado, que parte del 0,3% y alcanza el 3,5% para patrimonios superiores a 10,6 millones de euros.<\/p>\n<p>Las preguntas que surgen son obvias \u00bftenemos escala propia en las Illes Balears? y en ese caso, \u00bfes superior o inferior a la que ahora aprueba el Estado?<\/p>\n<p>Pues s\u00ed, nuestra Comunidad Aut\u00f3noma tiene una escala de tipos de gravamen propia, que por tanto prevalece sobre la nueva del Estado. Resta saber si es m\u00e1s o menos beneficiosa que la que se acaba de aprobar.<\/p>\n<p>La nuestra comienza en el 0,28% y finaliza en el 3,45% para patrimonios superiores a 10,9 millones de euros, lo que, a priori, nos deja en mejor posici\u00f3n que el Estado. Pero como ya saben que mis art\u00edculos siempre tienen <em>&#8220;sorpresa final&#8221;<\/em>, les adelanto que eso no es as\u00ed. Es verdad que el tipo inicial y el final son menores, pero los intermedios son muy superiores y, as\u00ed, por ejemplo, para un patrimonio de 1,3 millones el tipo del Estado es del 1,3% mientras que en las Illes Balears es casi del 1,8%, un 73% superior.<\/p>\n<p>La realidad es que, de forma incre\u00edble -o no tanto-, en nuestra Comunidad se penaliza a los que tienen un Patrimonio Medio, y se favorece a los grandes patrimonios, que pagan menos.<\/p>\n<p>Mi natural escepticismo no me hace albergar Esperanzas m\u00e1s all\u00e1 de la recepci\u00f3n del Despacho, pero tendremos que analizar qu\u00e9 hace el Govern en su pr\u00f3xima ley de Presupuestos, en la que todav\u00eda puede enmendar la situaci\u00f3n con una bajada de impuestos, en cuyo caso, y para terminar como empezamos con una frase del que fue Primer Ministro Brit\u00e1nico, dir\u00e9 que <em>&#8220;a menudo me he tenido que comer mis palabras, y he descubierto que eran una dieta equilibrada&#8221;.<\/em><\/p>\n<p>&nbsp;<\/p>\n<hr \/>\n<p>Art\u00edculo original publicado en el diario digital\u00a0<a href=\"https:\/\/www.mallorcadiario.com\/el-extraordinario-impuesto-de-los-presupuestos-generales-parte-ii\"><strong><span style=\"color: #993300;\">mallorcadiario.com<\/span><\/strong><\/a><\/p>\n","protected":false},"excerpt":{"rendered":"<p>mallorcadiario.com\u00a0 Opini\u00f3n DOMINGO 15 DE NOVIEMBRE DE 2020 DOMINGO 25 DE OCTUBRE DE 2020 El Extraordinario Impuesto de los Presupuestos Generales del Estado (Parte I) Por\u00a0Jorge S\u00e1inz de Baranda M\u00c1S ART\u00cdCULOS DEL AUTOR Para continuar con el prometido repaso al Proyecto de Ley de Presupuestos Generales del Estado para 2021, me adentro hoy en las [&hellip;]<\/p>\n","protected":false},"author":2,"featured_media":9214,"comment_status":"closed","ping_status":"open","sticky":false,"template":"","format":"standard","meta":{"footnotes":""},"categories":[2149,3880,2250,2152,3144],"tags":[2156,2608,2494,2255,2158,2261,2262,2168,2169,2631,2266,2634,2270,2271,2272,2274,5542,2181,2277,2182,2284,2286,2643,2644,2190,5543,5544],"class_list":["post-11568","post","type-post","status-publish","format-standard","has-post-thumbnail","hentry","category-blog-en-2","category-coronavirus-en","category-derecho-fiscal-en","category-home-en-2","category-opinion-en","tag-abogados-en","tag-aeat-en","tag-articulos-en","tag-asesores-en","tag-baleares-en","tag-derecho-fiscal-en","tag-derecho-tributario-en","tag-economistas-en","tag-el-arenal-en","tag-fraude-fiscal-en","tag-hacienda-en","tag-ibi-en","tag-impuesto-de-sucesiones-en","tag-impuestos-en-2","tag-irpf-en","tag-jorge-sainz-de-baranda-en","tag-ley-del-catastro-en","tag-mallorca-en-2","tag-mallorcadiario-en","tag-manacor-en","tag-opinion-en","tag-palma-en","tag-plusvalia-en","tag-prespuestos-generales-del-estado-en","tag-puerto-de-andratx-en","tag-valor-catastral-en","tag-valor-de-referencia-de-mercado-en"],"yoast_head":"<!-- This site is optimized with the Yoast SEO plugin v27.3 - https:\/\/yoast.com\/product\/yoast-seo-wordpress\/ -->\n<title>El Extraordinario Impuesto de los Presupuestos Generales del Estado (Parte II). Art\u00edculo de opini\u00f3n en Mallorcadiario.com de Jorge S\u00e1inz de Baranda - FMSB Abogados y Economistas en Baleares<\/title>\n<meta name=\"robots\" content=\"index, follow, max-snippet:-1, max-image-preview:large, max-video-preview:-1\" \/>\n<link rel=\"canonical\" href=\"https:\/\/fmsb.eu\/en\/2020\/11\/15\/extraordinario-imipuesto-presupuestos-generales-del-estado-sainz-de-baranda\/\" \/>\n<meta property=\"og:locale\" content=\"en_US\" \/>\n<meta property=\"og:type\" content=\"article\" \/>\n<meta property=\"og:title\" content=\"El Extraordinario Impuesto de los Presupuestos Generales del Estado (Parte II). Art\u00edculo de opini\u00f3n en Mallorcadiario.com de Jorge S\u00e1inz de Baranda - FMSB Abogados y Economistas en Baleares\" \/>\n<meta property=\"og:description\" content=\"mallorcadiario.com\u00a0 Opini\u00f3n DOMINGO 15 DE NOVIEMBRE DE 2020 DOMINGO 25 DE OCTUBRE DE 2020 El Extraordinario Impuesto de los Presupuestos Generales del Estado (Parte I) Por\u00a0Jorge S\u00e1inz de Baranda M\u00c1S ART\u00cdCULOS DEL AUTOR Para continuar con el prometido repaso al Proyecto de Ley de Presupuestos Generales del Estado para 2021, me adentro hoy en las [&hellip;]\" \/>\n<meta property=\"og:url\" content=\"https:\/\/fmsb.eu\/en\/2020\/11\/15\/extraordinario-imipuesto-presupuestos-generales-del-estado-sainz-de-baranda\/\" \/>\n<meta property=\"og:site_name\" content=\"FMSB Abogados y Economistas en Baleares\" \/>\n<meta property=\"article:published_time\" content=\"2020-11-15T06:52:04+00:00\" \/>\n<meta property=\"og:image\" content=\"https:\/\/fmsb.eu\/wp-content\/uploads\/2020\/11\/El-Extraordinario-Impuesto-de-los-Presupuestos-Generales-parte-II.png\" \/>\n\t<meta property=\"og:image:width\" content=\"1600\" \/>\n\t<meta property=\"og:image:height\" content=\"1200\" \/>\n\t<meta property=\"og:image:type\" content=\"image\/png\" \/>\n<meta name=\"author\" content=\"fmsb\" \/>\n<meta name=\"twitter:card\" content=\"summary_large_image\" \/>\n<meta name=\"twitter:creator\" content=\"@fmsb-disstint\" \/>\n<meta name=\"twitter:label1\" content=\"Written by\" \/>\n\t<meta name=\"twitter:data1\" content=\"fmsb\" \/>\n\t<meta name=\"twitter:label2\" content=\"Est. reading time\" \/>\n\t<meta name=\"twitter:data2\" content=\"4 minutes\" \/>\n<script type=\"application\/ld+json\" class=\"yoast-schema-graph\">{\"@context\":\"https:\\\/\\\/schema.org\",\"@graph\":[{\"@type\":\"Article\",\"@id\":\"https:\\\/\\\/fmsb.eu\\\/en\\\/2020\\\/11\\\/15\\\/extraordinario-imipuesto-presupuestos-generales-del-estado-sainz-de-baranda\\\/#article\",\"isPartOf\":{\"@id\":\"https:\\\/\\\/fmsb.eu\\\/en\\\/2020\\\/11\\\/15\\\/extraordinario-imipuesto-presupuestos-generales-del-estado-sainz-de-baranda\\\/\"},\"author\":{\"name\":\"fmsb\",\"@id\":\"https:\\\/\\\/fmsb.eu\\\/en\\\/#\\\/schema\\\/person\\\/9fba7c70814b0cd34d35d655d36a4ca2\"},\"headline\":\"El Extraordinario Impuesto de los Presupuestos Generales del Estado (Parte II). Art\u00edculo de opini\u00f3n en Mallorcadiario.com de Jorge S\u00e1inz de Baranda\",\"datePublished\":\"2020-11-15T06:52:04+00:00\",\"mainEntityOfPage\":{\"@id\":\"https:\\\/\\\/fmsb.eu\\\/en\\\/2020\\\/11\\\/15\\\/extraordinario-imipuesto-presupuestos-generales-del-estado-sainz-de-baranda\\\/\"},\"wordCount\":794,\"publisher\":{\"@id\":\"https:\\\/\\\/fmsb.eu\\\/en\\\/#organization\"},\"image\":{\"@id\":\"https:\\\/\\\/fmsb.eu\\\/en\\\/2020\\\/11\\\/15\\\/extraordinario-imipuesto-presupuestos-generales-del-estado-sainz-de-baranda\\\/#primaryimage\"},\"thumbnailUrl\":\"https:\\\/\\\/fmsb.eu\\\/wp-content\\\/uploads\\\/2020\\\/11\\\/El-Extraordinario-Impuesto-de-los-Presupuestos-Generales-parte-II.png\",\"keywords\":[\"abogados\",\"aeat\",\"articulos\",\"asesores\",\"baleares\",\"derecho fiscal\",\"derecho tributario\",\"economistas\",\"el arenal\",\"fraude fiscal\",\"Hacienda\",\"ibi\",\"impuesto de sucesiones\",\"impuestos\",\"IRPF\",\"jorge sainz de baranda\",\"ley del catastro\",\"mallorca\",\"mallorcadiario\",\"Manacor\",\"opinion\",\"Palma\",\"plusval\u00eda\",\"prespuestos generales del estado\",\"puerto de andratx\",\"valor catastral\",\"valor de referencia de mercado\"],\"articleSection\":[\"blog\",\"Coronavirus\",\"Derecho Fiscal\",\"Home\",\"Opini\u00f3n\"],\"inLanguage\":\"en-US\"},{\"@type\":\"WebPage\",\"@id\":\"https:\\\/\\\/fmsb.eu\\\/en\\\/2020\\\/11\\\/15\\\/extraordinario-imipuesto-presupuestos-generales-del-estado-sainz-de-baranda\\\/\",\"url\":\"https:\\\/\\\/fmsb.eu\\\/en\\\/2020\\\/11\\\/15\\\/extraordinario-imipuesto-presupuestos-generales-del-estado-sainz-de-baranda\\\/\",\"name\":\"El Extraordinario Impuesto de los Presupuestos Generales del Estado (Parte II). Art\u00edculo de opini\u00f3n en Mallorcadiario.com de Jorge S\u00e1inz de Baranda - FMSB Abogados y Economistas en Baleares\",\"isPartOf\":{\"@id\":\"https:\\\/\\\/fmsb.eu\\\/en\\\/#website\"},\"primaryImageOfPage\":{\"@id\":\"https:\\\/\\\/fmsb.eu\\\/en\\\/2020\\\/11\\\/15\\\/extraordinario-imipuesto-presupuestos-generales-del-estado-sainz-de-baranda\\\/#primaryimage\"},\"image\":{\"@id\":\"https:\\\/\\\/fmsb.eu\\\/en\\\/2020\\\/11\\\/15\\\/extraordinario-imipuesto-presupuestos-generales-del-estado-sainz-de-baranda\\\/#primaryimage\"},\"thumbnailUrl\":\"https:\\\/\\\/fmsb.eu\\\/wp-content\\\/uploads\\\/2020\\\/11\\\/El-Extraordinario-Impuesto-de-los-Presupuestos-Generales-parte-II.png\",\"datePublished\":\"2020-11-15T06:52:04+00:00\",\"breadcrumb\":{\"@id\":\"https:\\\/\\\/fmsb.eu\\\/en\\\/2020\\\/11\\\/15\\\/extraordinario-imipuesto-presupuestos-generales-del-estado-sainz-de-baranda\\\/#breadcrumb\"},\"inLanguage\":\"en-US\",\"potentialAction\":[{\"@type\":\"ReadAction\",\"target\":[\"https:\\\/\\\/fmsb.eu\\\/en\\\/2020\\\/11\\\/15\\\/extraordinario-imipuesto-presupuestos-generales-del-estado-sainz-de-baranda\\\/\"]}]},{\"@type\":\"ImageObject\",\"inLanguage\":\"en-US\",\"@id\":\"https:\\\/\\\/fmsb.eu\\\/en\\\/2020\\\/11\\\/15\\\/extraordinario-imipuesto-presupuestos-generales-del-estado-sainz-de-baranda\\\/#primaryimage\",\"url\":\"https:\\\/\\\/fmsb.eu\\\/wp-content\\\/uploads\\\/2020\\\/11\\\/El-Extraordinario-Impuesto-de-los-Presupuestos-Generales-parte-II.png\",\"contentUrl\":\"https:\\\/\\\/fmsb.eu\\\/wp-content\\\/uploads\\\/2020\\\/11\\\/El-Extraordinario-Impuesto-de-los-Presupuestos-Generales-parte-II.png\",\"width\":1600,\"height\":1200},{\"@type\":\"BreadcrumbList\",\"@id\":\"https:\\\/\\\/fmsb.eu\\\/en\\\/2020\\\/11\\\/15\\\/extraordinario-imipuesto-presupuestos-generales-del-estado-sainz-de-baranda\\\/#breadcrumb\",\"itemListElement\":[{\"@type\":\"ListItem\",\"position\":1,\"name\":\"Portada\",\"item\":\"https:\\\/\\\/fmsb.eu\\\/en\\\/\"},{\"@type\":\"ListItem\",\"position\":2,\"name\":\"El Extraordinario Impuesto de los Presupuestos Generales del Estado (Parte II). Art\u00edculo de opini\u00f3n en Mallorcadiario.com de Jorge S\u00e1inz de Baranda\"}]},{\"@type\":\"WebSite\",\"@id\":\"https:\\\/\\\/fmsb.eu\\\/en\\\/#website\",\"url\":\"https:\\\/\\\/fmsb.eu\\\/en\\\/\",\"name\":\"FMSB Abogados y Economistas en Baleares\",\"description\":\"\",\"publisher\":{\"@id\":\"https:\\\/\\\/fmsb.eu\\\/en\\\/#organization\"},\"potentialAction\":[{\"@type\":\"SearchAction\",\"target\":{\"@type\":\"EntryPoint\",\"urlTemplate\":\"https:\\\/\\\/fmsb.eu\\\/en\\\/?s={search_term_string}\"},\"query-input\":{\"@type\":\"PropertyValueSpecification\",\"valueRequired\":true,\"valueName\":\"search_term_string\"}}],\"inLanguage\":\"en-US\"},{\"@type\":\"Organization\",\"@id\":\"https:\\\/\\\/fmsb.eu\\\/en\\\/#organization\",\"name\":\"FMSB Abogados y Economistas en Baleares\",\"url\":\"https:\\\/\\\/fmsb.eu\\\/en\\\/\",\"logo\":{\"@type\":\"ImageObject\",\"inLanguage\":\"en-US\",\"@id\":\"https:\\\/\\\/fmsb.eu\\\/en\\\/#\\\/schema\\\/logo\\\/image\\\/\",\"url\":\"https:\\\/\\\/fmsb.eu\\\/wp-content\\\/uploads\\\/2025\\\/02\\\/logo.svg\",\"contentUrl\":\"https:\\\/\\\/fmsb.eu\\\/wp-content\\\/uploads\\\/2025\\\/02\\\/logo.svg\",\"width\":154,\"height\":52,\"caption\":\"FMSB Abogados y Economistas en Baleares\"},\"image\":{\"@id\":\"https:\\\/\\\/fmsb.eu\\\/en\\\/#\\\/schema\\\/logo\\\/image\\\/\"}},{\"@type\":\"Person\",\"@id\":\"https:\\\/\\\/fmsb.eu\\\/en\\\/#\\\/schema\\\/person\\\/9fba7c70814b0cd34d35d655d36a4ca2\",\"name\":\"fmsb\",\"image\":{\"@type\":\"ImageObject\",\"inLanguage\":\"en-US\",\"@id\":\"https:\\\/\\\/secure.gravatar.com\\\/avatar\\\/426f4d5b0ebcace85460caf87cdaaa193694b611e990615d87a13f322fb7ee7f?s=96&d=mm&r=g\",\"url\":\"https:\\\/\\\/secure.gravatar.com\\\/avatar\\\/426f4d5b0ebcace85460caf87cdaaa193694b611e990615d87a13f322fb7ee7f?s=96&d=mm&r=g\",\"contentUrl\":\"https:\\\/\\\/secure.gravatar.com\\\/avatar\\\/426f4d5b0ebcace85460caf87cdaaa193694b611e990615d87a13f322fb7ee7f?s=96&d=mm&r=g\",\"caption\":\"fmsb\"},\"sameAs\":[\"https:\\\/\\\/x.com\\\/fmsb-disstint\"],\"url\":\"https:\\\/\\\/fmsb.eu\\\/en\\\/author\\\/fmsb\\\/\"}]}<\/script>\n<!-- \/ Yoast SEO plugin. -->","yoast_head_json":{"title":"El Extraordinario Impuesto de los Presupuestos Generales del Estado (Parte II). Art\u00edculo de opini\u00f3n en Mallorcadiario.com de Jorge S\u00e1inz de Baranda - FMSB Abogados y Economistas en Baleares","robots":{"index":"index","follow":"follow","max-snippet":"max-snippet:-1","max-image-preview":"max-image-preview:large","max-video-preview":"max-video-preview:-1"},"canonical":"https:\/\/fmsb.eu\/en\/2020\/11\/15\/extraordinario-imipuesto-presupuestos-generales-del-estado-sainz-de-baranda\/","og_locale":"en_US","og_type":"article","og_title":"El Extraordinario Impuesto de los Presupuestos Generales del Estado (Parte II). Art\u00edculo de opini\u00f3n en Mallorcadiario.com de Jorge S\u00e1inz de Baranda - FMSB Abogados y Economistas en Baleares","og_description":"mallorcadiario.com\u00a0 Opini\u00f3n DOMINGO 15 DE NOVIEMBRE DE 2020 DOMINGO 25 DE OCTUBRE DE 2020 El Extraordinario Impuesto de los Presupuestos Generales del Estado (Parte I) Por\u00a0Jorge S\u00e1inz de Baranda M\u00c1S ART\u00cdCULOS DEL AUTOR Para continuar con el prometido repaso al Proyecto de Ley de Presupuestos Generales del Estado para 2021, me adentro hoy en las [&hellip;]","og_url":"https:\/\/fmsb.eu\/en\/2020\/11\/15\/extraordinario-imipuesto-presupuestos-generales-del-estado-sainz-de-baranda\/","og_site_name":"FMSB Abogados y Economistas en Baleares","article_published_time":"2020-11-15T06:52:04+00:00","og_image":[{"width":1600,"height":1200,"url":"https:\/\/fmsb.eu\/wp-content\/uploads\/2020\/11\/El-Extraordinario-Impuesto-de-los-Presupuestos-Generales-parte-II.png","type":"image\/png"}],"author":"fmsb","twitter_card":"summary_large_image","twitter_creator":"@fmsb-disstint","twitter_misc":{"Written by":"fmsb","Est. reading time":"4 minutes"},"schema":{"@context":"https:\/\/schema.org","@graph":[{"@type":"Article","@id":"https:\/\/fmsb.eu\/en\/2020\/11\/15\/extraordinario-imipuesto-presupuestos-generales-del-estado-sainz-de-baranda\/#article","isPartOf":{"@id":"https:\/\/fmsb.eu\/en\/2020\/11\/15\/extraordinario-imipuesto-presupuestos-generales-del-estado-sainz-de-baranda\/"},"author":{"name":"fmsb","@id":"https:\/\/fmsb.eu\/en\/#\/schema\/person\/9fba7c70814b0cd34d35d655d36a4ca2"},"headline":"El Extraordinario Impuesto de los Presupuestos Generales del Estado (Parte II). Art\u00edculo de opini\u00f3n en Mallorcadiario.com de Jorge S\u00e1inz de Baranda","datePublished":"2020-11-15T06:52:04+00:00","mainEntityOfPage":{"@id":"https:\/\/fmsb.eu\/en\/2020\/11\/15\/extraordinario-imipuesto-presupuestos-generales-del-estado-sainz-de-baranda\/"},"wordCount":794,"publisher":{"@id":"https:\/\/fmsb.eu\/en\/#organization"},"image":{"@id":"https:\/\/fmsb.eu\/en\/2020\/11\/15\/extraordinario-imipuesto-presupuestos-generales-del-estado-sainz-de-baranda\/#primaryimage"},"thumbnailUrl":"https:\/\/fmsb.eu\/wp-content\/uploads\/2020\/11\/El-Extraordinario-Impuesto-de-los-Presupuestos-Generales-parte-II.png","keywords":["abogados","aeat","articulos","asesores","baleares","derecho fiscal","derecho tributario","economistas","el arenal","fraude fiscal","Hacienda","ibi","impuesto de sucesiones","impuestos","IRPF","jorge sainz de baranda","ley del catastro","mallorca","mallorcadiario","Manacor","opinion","Palma","plusval\u00eda","prespuestos generales del estado","puerto de andratx","valor catastral","valor de referencia de mercado"],"articleSection":["blog","Coronavirus","Derecho Fiscal","Home","Opini\u00f3n"],"inLanguage":"en-US"},{"@type":"WebPage","@id":"https:\/\/fmsb.eu\/en\/2020\/11\/15\/extraordinario-imipuesto-presupuestos-generales-del-estado-sainz-de-baranda\/","url":"https:\/\/fmsb.eu\/en\/2020\/11\/15\/extraordinario-imipuesto-presupuestos-generales-del-estado-sainz-de-baranda\/","name":"El Extraordinario Impuesto de los Presupuestos Generales del Estado (Parte II). Art\u00edculo de opini\u00f3n en Mallorcadiario.com de Jorge S\u00e1inz de Baranda - FMSB Abogados y Economistas en Baleares","isPartOf":{"@id":"https:\/\/fmsb.eu\/en\/#website"},"primaryImageOfPage":{"@id":"https:\/\/fmsb.eu\/en\/2020\/11\/15\/extraordinario-imipuesto-presupuestos-generales-del-estado-sainz-de-baranda\/#primaryimage"},"image":{"@id":"https:\/\/fmsb.eu\/en\/2020\/11\/15\/extraordinario-imipuesto-presupuestos-generales-del-estado-sainz-de-baranda\/#primaryimage"},"thumbnailUrl":"https:\/\/fmsb.eu\/wp-content\/uploads\/2020\/11\/El-Extraordinario-Impuesto-de-los-Presupuestos-Generales-parte-II.png","datePublished":"2020-11-15T06:52:04+00:00","breadcrumb":{"@id":"https:\/\/fmsb.eu\/en\/2020\/11\/15\/extraordinario-imipuesto-presupuestos-generales-del-estado-sainz-de-baranda\/#breadcrumb"},"inLanguage":"en-US","potentialAction":[{"@type":"ReadAction","target":["https:\/\/fmsb.eu\/en\/2020\/11\/15\/extraordinario-imipuesto-presupuestos-generales-del-estado-sainz-de-baranda\/"]}]},{"@type":"ImageObject","inLanguage":"en-US","@id":"https:\/\/fmsb.eu\/en\/2020\/11\/15\/extraordinario-imipuesto-presupuestos-generales-del-estado-sainz-de-baranda\/#primaryimage","url":"https:\/\/fmsb.eu\/wp-content\/uploads\/2020\/11\/El-Extraordinario-Impuesto-de-los-Presupuestos-Generales-parte-II.png","contentUrl":"https:\/\/fmsb.eu\/wp-content\/uploads\/2020\/11\/El-Extraordinario-Impuesto-de-los-Presupuestos-Generales-parte-II.png","width":1600,"height":1200},{"@type":"BreadcrumbList","@id":"https:\/\/fmsb.eu\/en\/2020\/11\/15\/extraordinario-imipuesto-presupuestos-generales-del-estado-sainz-de-baranda\/#breadcrumb","itemListElement":[{"@type":"ListItem","position":1,"name":"Portada","item":"https:\/\/fmsb.eu\/en\/"},{"@type":"ListItem","position":2,"name":"El Extraordinario Impuesto de los Presupuestos Generales del Estado (Parte II). Art\u00edculo de opini\u00f3n en Mallorcadiario.com de Jorge S\u00e1inz de Baranda"}]},{"@type":"WebSite","@id":"https:\/\/fmsb.eu\/en\/#website","url":"https:\/\/fmsb.eu\/en\/","name":"FMSB Abogados y Economistas en Baleares","description":"","publisher":{"@id":"https:\/\/fmsb.eu\/en\/#organization"},"potentialAction":[{"@type":"SearchAction","target":{"@type":"EntryPoint","urlTemplate":"https:\/\/fmsb.eu\/en\/?s={search_term_string}"},"query-input":{"@type":"PropertyValueSpecification","valueRequired":true,"valueName":"search_term_string"}}],"inLanguage":"en-US"},{"@type":"Organization","@id":"https:\/\/fmsb.eu\/en\/#organization","name":"FMSB Abogados y Economistas en Baleares","url":"https:\/\/fmsb.eu\/en\/","logo":{"@type":"ImageObject","inLanguage":"en-US","@id":"https:\/\/fmsb.eu\/en\/#\/schema\/logo\/image\/","url":"https:\/\/fmsb.eu\/wp-content\/uploads\/2025\/02\/logo.svg","contentUrl":"https:\/\/fmsb.eu\/wp-content\/uploads\/2025\/02\/logo.svg","width":154,"height":52,"caption":"FMSB Abogados y Economistas en Baleares"},"image":{"@id":"https:\/\/fmsb.eu\/en\/#\/schema\/logo\/image\/"}},{"@type":"Person","@id":"https:\/\/fmsb.eu\/en\/#\/schema\/person\/9fba7c70814b0cd34d35d655d36a4ca2","name":"fmsb","image":{"@type":"ImageObject","inLanguage":"en-US","@id":"https:\/\/secure.gravatar.com\/avatar\/426f4d5b0ebcace85460caf87cdaaa193694b611e990615d87a13f322fb7ee7f?s=96&d=mm&r=g","url":"https:\/\/secure.gravatar.com\/avatar\/426f4d5b0ebcace85460caf87cdaaa193694b611e990615d87a13f322fb7ee7f?s=96&d=mm&r=g","contentUrl":"https:\/\/secure.gravatar.com\/avatar\/426f4d5b0ebcace85460caf87cdaaa193694b611e990615d87a13f322fb7ee7f?s=96&d=mm&r=g","caption":"fmsb"},"sameAs":["https:\/\/x.com\/fmsb-disstint"],"url":"https:\/\/fmsb.eu\/en\/author\/fmsb\/"}]}},"_links":{"self":[{"href":"https:\/\/fmsb.eu\/en\/wp-json\/wp\/v2\/posts\/11568","targetHints":{"allow":["GET"]}}],"collection":[{"href":"https:\/\/fmsb.eu\/en\/wp-json\/wp\/v2\/posts"}],"about":[{"href":"https:\/\/fmsb.eu\/en\/wp-json\/wp\/v2\/types\/post"}],"author":[{"embeddable":true,"href":"https:\/\/fmsb.eu\/en\/wp-json\/wp\/v2\/users\/2"}],"replies":[{"embeddable":true,"href":"https:\/\/fmsb.eu\/en\/wp-json\/wp\/v2\/comments?post=11568"}],"version-history":[{"count":0,"href":"https:\/\/fmsb.eu\/en\/wp-json\/wp\/v2\/posts\/11568\/revisions"}],"wp:featuredmedia":[{"embeddable":true,"href":"https:\/\/fmsb.eu\/en\/wp-json\/wp\/v2\/media\/9214"}],"wp:attachment":[{"href":"https:\/\/fmsb.eu\/en\/wp-json\/wp\/v2\/media?parent=11568"}],"wp:term":[{"taxonomy":"category","embeddable":true,"href":"https:\/\/fmsb.eu\/en\/wp-json\/wp\/v2\/categories?post=11568"},{"taxonomy":"post_tag","embeddable":true,"href":"https:\/\/fmsb.eu\/en\/wp-json\/wp\/v2\/tags?post=11568"}],"curies":[{"name":"wp","href":"https:\/\/api.w.org\/{rel}","templated":true}]}}