{"id":11574,"date":"2020-11-08T08:03:24","date_gmt":"2020-11-08T07:03:24","guid":{"rendered":"http:\/\/fmsb.disstintbeta.com\/2020\/11\/08\/el-vino-para-los-presupuestos-generales-del-estado-parte1-articulo-de-opinion-en-mallorcadiario-com-de-jorge-sainz-de-baranda\/"},"modified":"2020-11-08T08:03:24","modified_gmt":"2020-11-08T07:03:24","slug":"el-vino-para-los-presupuestos-generales-del-estado-parte1-articulo-de-opinion-en-mallorcadiario-com-de-jorge-sainz-de-baranda","status":"publish","type":"post","link":"https:\/\/fmsb.eu\/en\/2020\/11\/08\/el-vino-para-los-presupuestos-generales-del-estado-parte1-articulo-de-opinion-en-mallorcadiario-com-de-jorge-sainz-de-baranda\/","title":{"rendered":"El vino&#8230;, para los Presupuestos Generales del Estado (Part I). Art\u00edculo de opini\u00f3n en Mallorcadiario.com de Jorge S\u00e1inz de Baranda"},"content":{"rendered":"<p><a href=\"http:\/\/fmsb.disstintbeta.com\/wp-content\/uploads\/2020\/11\/El-vino.-para-los-Presupuestos-Generales-del-Estado-parte-I.png\"><img fetchpriority=\"high\" decoding=\"async\" class=\"alignnone wp-image-4413\" src=\"http:\/\/fmsb.disstintbeta.com\/wp-content\/uploads\/2020\/11\/El-vino.-para-los-Presupuestos-Generales-del-Estado-parte-I.png\" alt=\"\" width=\"800\" height=\"600\" srcset=\"https:\/\/font-mora-sainz-baranda.fra1.digitaloceanspaces.com\/wp-content\/uploads\/2020\/11\/El-vino.-para-los-Presupuestos-Generales-del-Estado-parte-I.png 1600w, https:\/\/font-mora-sainz-baranda.fra1.digitaloceanspaces.com\/wp-content\/uploads\/2020\/11\/El-vino.-para-los-Presupuestos-Generales-del-Estado-parte-I-300x225.png 300w, https:\/\/font-mora-sainz-baranda.fra1.digitaloceanspaces.com\/wp-content\/uploads\/2020\/11\/El-vino.-para-los-Presupuestos-Generales-del-Estado-parte-I-1024x768.png 1024w, https:\/\/font-mora-sainz-baranda.fra1.digitaloceanspaces.com\/wp-content\/uploads\/2020\/11\/El-vino.-para-los-Presupuestos-Generales-del-Estado-parte-I-768x576.png 768w, https:\/\/font-mora-sainz-baranda.fra1.digitaloceanspaces.com\/wp-content\/uploads\/2020\/11\/El-vino.-para-los-Presupuestos-Generales-del-Estado-parte-I-1536x1152.png 1536w\" sizes=\"(max-width: 800px) 100vw, 800px\" \/><\/a><\/p>\n<div class=\"navegacion\">\n<h3 class=\"antesubtitulo antetit\"><span style=\"color: #993300;\"><strong>mallorcadiario.com<\/strong><\/span>\u00a0 Opini\u00f3n<\/h3>\n<h6 class=\"ulthora fecha_publicacion\"><span class=\"dia_mes_anno\">DOMINGO 8 DE NOVIEMBRE DE 2020<\/span><\/h6>\n<h6 class=\"ulthora fecha_publicacion\"><span class=\"dia_mes_anno\" style=\"color: #ffffff;\">DOMINGO 25 DE OCTUBRE DE 2020<\/span><\/h6>\n<\/div>\n<div title=\"noticia 557362\">\n<h1 class=\"titulo\"><a href=\"https:\/\/www.mallorcadiario.com\/el-vino-para-los-presupuestos-generales-del-estado-parte-i-jorge-sainz-de-baranda\">El vino&#8230;, para los Presupuestos Generales del Estado (Parte I)<\/a><\/h1>\n<\/div>\n<div id=\"firmante_767\" class=\"firmante\">\n<p>Por\u00a0<strong><span class=\"nombre_firmante\">Jorge S\u00e1inz de Baranda<\/span><\/strong><\/p>\n<h6><a href=\"https:\/\/www.mallorcadiario.com\/jorge-sainz-de-baranda\/autor\/767\/\"><strong><span style=\"color: #993300;\">M\u00c1S ART\u00cdCULOS DEL AUTOR<\/span><\/strong><\/a><\/h6>\n<\/div>\n<p style=\"text-align: right;\"><strong>A Mar\u00eda, <em>in memoriam<\/em><\/strong><\/p>\n<p>Dentro de las preguntas y dudas que a veces me asaltan, aunque sin necesidad de decir ahora ni cu\u00e1ndo ni c\u00f3mo, un cl\u00e1sico ser\u00eda la raz\u00f3n de porqu\u00e9 las botellas de vino son de 75 cl, una medida que no es el est\u00e1ndar normal ni de volumen ni de capacidad -a veces, con estas preguntas tan profundas, hasta me sorprendo a m\u00ed mismo-.<\/p>\n<p>Y buscando una respuesta, me encuentro que ese formato surge de la \u00e9poca colonial, cuando los bodegueros franceses vend\u00edan la mayor parte de su producci\u00f3n a los ciudadanos ingleses para su consumo, raz\u00f3n por la que adaptaron la exportaci\u00f3n del vino a la medida de los galones imperiales brit\u00e1nicos, que equivalen a 4,54609 litros .<\/p>\n<p>As\u00ed, los Francos enviaban a la Gran Breta\u00f1a barriles que conten\u00edan exactamente 50 galones imperiales (unos 225 litros), lo que supon\u00eda un total de 50 cajas -una por gal\u00f3n-, adaptando entonces el formato a seis botellas de 75 cl por cada caja. Y de ah\u00ed se queda para la posteridad tanto la capacidad de las botellas como la costumbre de utilizar cajas de seis.<\/p>\n<p>Otra de las teor\u00edas, que quiz\u00e1 encontrar\u00e1n m\u00e1s elegante, es que el tama\u00f1o de 750 ml es la cantidad exacta de vino para servir 6 vasos (125 ml cada uno), seg\u00fan el est\u00e1ndar habitual de las osterias italianas, y que en la Francia napole\u00f3nica del siglo XVIII se consider\u00f3 -los seis vasos- como <em>\u00abla cantidad adecuada que un hombre debe beber durante la cena\u00bb<\/em>.<\/p>\n<p>Les puedo asegurar que no escribo este art\u00edculo despu\u00e9s de una de esas cenas, lo que ocurre es que con ello entro m\u00e1s f\u00e1cilmente en un terreno menos agradable: las novedades tributarias que nos llegan con el Proyecto de Ley de Presupuestos del Estado para 2021.<\/p>\n<p>Son muchas e importantes las novedades que contiene la citada norma, lo que me hace pensar que el Legislador, consciente de mis limitaciones, me quiere dar temas para nuevos art\u00edculos o, directamente, busca que me d\u00e9 al vino y deje de escribir. Aun as\u00ed, prometo ir desgran\u00e1ndolas por fasc\u00edculos en las pr\u00f3ximas semanas, si bien comienzo con la que se relaciona con mi inquietud.<\/p>\n<p>El art\u00edculo 69 del citado Proyecto hace referencia a los tipos reducidos del 10% en el IVA, y se\u00f1ala que, con vigencia indefinida -curiosa afirmaci\u00f3n que se repite como un <em>&#8220;mantra&#8221;<\/em> en todos los art\u00edculos restantes-, los productos utilizados para la nutrici\u00f3n humana seguir\u00e1n tributando a ese tipo reducido, pero se excluyen de lo anterior, que tributar\u00e1n al 21%, tanto las bebidas alcoh\u00f3licas como, y aqu\u00ed viene la novedad, las bebidas que contengan edulcorantes a\u00f1adidos, ya sean naturales o artificiales, con excepci\u00f3n, eso s\u00ed, de las leches infantiles y las bebidas consideradas como complementos alimenticios para necesidades diet\u00e9ticas especiales.<\/p>\n<p>Es decir, a partir de la entrada en vigor de la norma, los productores de todas las bebidas que contengan edulcorantes a\u00f1adidos -az\u00facares, miel, aspartamo o sacarina, por decir algunos-, como es el caso de las bebidas carbonatadas u otras de uso tan continuado por nuestra poblaci\u00f3n, en especial la m\u00e1s joven, deber\u00e1n repercutir en sus facturas un 11% m\u00e1s de lo que se repercute ahora.<\/p>\n<p>\u00bfY alguien ha pensado que ocurrir\u00e1 con el due\u00f1o del bar o el restaurante que sirve posteriormente dichas bebidas? La respuesta es sencilla, todo producto recogido en la carta del restaurante o bar tiene que tributar en el consumidor final al 10%, independientemente de que estos establecimientos los hayan adquirido a un tipo impositivo mayor. Por lo tanto, el IVA de comidas y bebidas en restaurantes siempre ser\u00e1 del 10%, mientras que el restaurador habr\u00e1 soportado, y pagado, un 21% en su adquisici\u00f3n, algo que a buen seguro ayudar\u00e1 al sector en estos momentos tan dif\u00edciles -no tengo el emoticono del &#8220;sarcasmo&#8221;, pero Uds. ya me tienen &#8220;pillado&#8221;-.<\/p>\n<p>Como ven, una medida tributaria muy necesaria en estos tiempos -sigo sin emoticono-, pero no desesperen que, como dec\u00edan los dibujos animados, <em>&#8220;aun hay m\u00e1s&#8230;&#8221; <\/em>y peores. Mi \u00fanico consuelo es que la norma deja fuera del 21% las bebidas para necesidades especiales, e igual as\u00ed podr\u00e9 acogerme a ese <em>&#8220;meme&#8221;<\/em> que circula por la red: <em>&#8220;el vino mejora con los a\u00f1os&#8230;, pero este a\u00f1o solo mejora con vino\u2026&#8221;<\/em>.<\/p>\n<p>&nbsp;<\/p>\n<hr \/>\n<p>Art\u00edculo original publicado en el diario digital\u00a0<a href=\"https:\/\/www.mallorcadiario.com\/el-vino-para-los-presupuestos-generales-del-estado-parte-i-jorge-sainz-de-baranda\"><strong><span style=\"color: #993300;\">mallorcadiario.com<\/span><\/strong><\/a><\/p>\n","protected":false},"excerpt":{"rendered":"<p>mallorcadiario.com\u00a0 Opini\u00f3n DOMINGO 8 DE NOVIEMBRE DE 2020 DOMINGO 25 DE OCTUBRE DE 2020 El vino&#8230;, para los Presupuestos Generales del Estado (Parte I) Por\u00a0Jorge S\u00e1inz de Baranda M\u00c1S ART\u00cdCULOS DEL AUTOR A Mar\u00eda, in memoriam Dentro de las preguntas y dudas que a veces me asaltan, aunque sin necesidad de decir ahora ni cu\u00e1ndo [&hellip;]<\/p>\n","protected":false},"author":2,"featured_media":9206,"comment_status":"closed","ping_status":"open","sticky":false,"template":"","format":"standard","meta":{"footnotes":""},"categories":[2149,2250,2152,3144],"tags":[2156,2608,2494,2255,2158,2261,2262,2168,2169,2631,2266,2634,2270,2271,2272,2274,5542,2181,2277,2182,2284,2286,2643,2644,2190,5543,5544],"class_list":["post-11574","post","type-post","status-publish","format-standard","has-post-thumbnail","hentry","category-blog-en-2","category-derecho-fiscal-en","category-home-en-2","category-opinion-en","tag-abogados-en","tag-aeat-en","tag-articulos-en","tag-asesores-en","tag-baleares-en","tag-derecho-fiscal-en","tag-derecho-tributario-en","tag-economistas-en","tag-el-arenal-en","tag-fraude-fiscal-en","tag-hacienda-en","tag-ibi-en","tag-impuesto-de-sucesiones-en","tag-impuestos-en-2","tag-irpf-en","tag-jorge-sainz-de-baranda-en","tag-ley-del-catastro-en","tag-mallorca-en-2","tag-mallorcadiario-en","tag-manacor-en","tag-opinion-en","tag-palma-en","tag-plusvalia-en","tag-prespuestos-generales-del-estado-en","tag-puerto-de-andratx-en","tag-valor-catastral-en","tag-valor-de-referencia-de-mercado-en"],"yoast_head":"<!-- This site is optimized with the Yoast SEO plugin v27.3 - https:\/\/yoast.com\/product\/yoast-seo-wordpress\/ -->\n<title>El vino..., para los Presupuestos Generales del Estado (Part I). Art\u00edculo de opini\u00f3n en Mallorcadiario.com de Jorge S\u00e1inz de Baranda - FMSB Abogados y Economistas en Baleares<\/title>\n<meta name=\"robots\" content=\"index, follow, max-snippet:-1, max-image-preview:large, max-video-preview:-1\" \/>\n<link rel=\"canonical\" href=\"https:\/\/fmsb.eu\/en\/2020\/11\/08\/el-vino-para-los-presupuestos-generales-del-estado-parte1-articulo-de-opinion-en-mallorcadiario-com-de-jorge-sainz-de-baranda\/\" \/>\n<meta property=\"og:locale\" content=\"en_US\" \/>\n<meta property=\"og:type\" content=\"article\" \/>\n<meta property=\"og:title\" content=\"El vino..., para los Presupuestos Generales del Estado (Part I). Art\u00edculo de opini\u00f3n en Mallorcadiario.com de Jorge S\u00e1inz de Baranda - FMSB Abogados y Economistas en Baleares\" \/>\n<meta property=\"og:description\" content=\"mallorcadiario.com\u00a0 Opini\u00f3n DOMINGO 8 DE NOVIEMBRE DE 2020 DOMINGO 25 DE OCTUBRE DE 2020 El vino&#8230;, para los Presupuestos Generales del Estado (Parte I) Por\u00a0Jorge S\u00e1inz de Baranda M\u00c1S ART\u00cdCULOS DEL AUTOR A Mar\u00eda, in memoriam Dentro de las preguntas y dudas que a veces me asaltan, aunque sin necesidad de decir ahora ni cu\u00e1ndo [&hellip;]\" \/>\n<meta property=\"og:url\" content=\"https:\/\/fmsb.eu\/en\/2020\/11\/08\/el-vino-para-los-presupuestos-generales-del-estado-parte1-articulo-de-opinion-en-mallorcadiario-com-de-jorge-sainz-de-baranda\/\" \/>\n<meta property=\"og:site_name\" content=\"FMSB Abogados y Economistas en Baleares\" \/>\n<meta property=\"article:published_time\" content=\"2020-11-08T07:03:24+00:00\" \/>\n<meta property=\"og:image\" content=\"https:\/\/fmsb.eu\/wp-content\/uploads\/2020\/11\/El-vino.-para-los-Presupuestos-Generales-del-Estado-parte-I.png\" \/>\n\t<meta property=\"og:image:width\" content=\"1600\" \/>\n\t<meta property=\"og:image:height\" content=\"1200\" \/>\n\t<meta property=\"og:image:type\" content=\"image\/png\" \/>\n<meta name=\"author\" content=\"fmsb\" \/>\n<meta name=\"twitter:card\" content=\"summary_large_image\" \/>\n<meta name=\"twitter:creator\" content=\"@fmsb-disstint\" \/>\n<meta name=\"twitter:label1\" content=\"Written by\" \/>\n\t<meta name=\"twitter:data1\" content=\"fmsb\" \/>\n\t<meta name=\"twitter:label2\" content=\"Est. reading time\" \/>\n\t<meta name=\"twitter:data2\" content=\"4 minutes\" \/>\n<script type=\"application\/ld+json\" class=\"yoast-schema-graph\">{\"@context\":\"https:\\\/\\\/schema.org\",\"@graph\":[{\"@type\":\"Article\",\"@id\":\"https:\\\/\\\/fmsb.eu\\\/en\\\/2020\\\/11\\\/08\\\/el-vino-para-los-presupuestos-generales-del-estado-parte1-articulo-de-opinion-en-mallorcadiario-com-de-jorge-sainz-de-baranda\\\/#article\",\"isPartOf\":{\"@id\":\"https:\\\/\\\/fmsb.eu\\\/en\\\/2020\\\/11\\\/08\\\/el-vino-para-los-presupuestos-generales-del-estado-parte1-articulo-de-opinion-en-mallorcadiario-com-de-jorge-sainz-de-baranda\\\/\"},\"author\":{\"name\":\"fmsb\",\"@id\":\"https:\\\/\\\/fmsb.eu\\\/en\\\/#\\\/schema\\\/person\\\/9fba7c70814b0cd34d35d655d36a4ca2\"},\"headline\":\"El vino&#8230;, para los Presupuestos Generales del Estado (Part I). Art\u00edculo de opini\u00f3n en Mallorcadiario.com de Jorge S\u00e1inz de Baranda\",\"datePublished\":\"2020-11-08T07:03:24+00:00\",\"mainEntityOfPage\":{\"@id\":\"https:\\\/\\\/fmsb.eu\\\/en\\\/2020\\\/11\\\/08\\\/el-vino-para-los-presupuestos-generales-del-estado-parte1-articulo-de-opinion-en-mallorcadiario-com-de-jorge-sainz-de-baranda\\\/\"},\"wordCount\":808,\"publisher\":{\"@id\":\"https:\\\/\\\/fmsb.eu\\\/en\\\/#organization\"},\"image\":{\"@id\":\"https:\\\/\\\/fmsb.eu\\\/en\\\/2020\\\/11\\\/08\\\/el-vino-para-los-presupuestos-generales-del-estado-parte1-articulo-de-opinion-en-mallorcadiario-com-de-jorge-sainz-de-baranda\\\/#primaryimage\"},\"thumbnailUrl\":\"https:\\\/\\\/fmsb.eu\\\/wp-content\\\/uploads\\\/2020\\\/11\\\/El-vino.-para-los-Presupuestos-Generales-del-Estado-parte-I.png\",\"keywords\":[\"abogados\",\"aeat\",\"articulos\",\"asesores\",\"baleares\",\"derecho fiscal\",\"derecho tributario\",\"economistas\",\"el arenal\",\"fraude fiscal\",\"Hacienda\",\"ibi\",\"impuesto de sucesiones\",\"impuestos\",\"IRPF\",\"jorge sainz de baranda\",\"ley del catastro\",\"mallorca\",\"mallorcadiario\",\"Manacor\",\"opinion\",\"Palma\",\"plusval\u00eda\",\"prespuestos generales del estado\",\"puerto de andratx\",\"valor catastral\",\"valor de referencia de mercado\"],\"articleSection\":[\"blog\",\"Derecho Fiscal\",\"Home\",\"Opini\u00f3n\"],\"inLanguage\":\"en-US\"},{\"@type\":\"WebPage\",\"@id\":\"https:\\\/\\\/fmsb.eu\\\/en\\\/2020\\\/11\\\/08\\\/el-vino-para-los-presupuestos-generales-del-estado-parte1-articulo-de-opinion-en-mallorcadiario-com-de-jorge-sainz-de-baranda\\\/\",\"url\":\"https:\\\/\\\/fmsb.eu\\\/en\\\/2020\\\/11\\\/08\\\/el-vino-para-los-presupuestos-generales-del-estado-parte1-articulo-de-opinion-en-mallorcadiario-com-de-jorge-sainz-de-baranda\\\/\",\"name\":\"El vino..., para los Presupuestos Generales del Estado (Part I). Art\u00edculo de opini\u00f3n en Mallorcadiario.com de Jorge S\u00e1inz de Baranda - FMSB Abogados y Economistas en Baleares\",\"isPartOf\":{\"@id\":\"https:\\\/\\\/fmsb.eu\\\/en\\\/#website\"},\"primaryImageOfPage\":{\"@id\":\"https:\\\/\\\/fmsb.eu\\\/en\\\/2020\\\/11\\\/08\\\/el-vino-para-los-presupuestos-generales-del-estado-parte1-articulo-de-opinion-en-mallorcadiario-com-de-jorge-sainz-de-baranda\\\/#primaryimage\"},\"image\":{\"@id\":\"https:\\\/\\\/fmsb.eu\\\/en\\\/2020\\\/11\\\/08\\\/el-vino-para-los-presupuestos-generales-del-estado-parte1-articulo-de-opinion-en-mallorcadiario-com-de-jorge-sainz-de-baranda\\\/#primaryimage\"},\"thumbnailUrl\":\"https:\\\/\\\/fmsb.eu\\\/wp-content\\\/uploads\\\/2020\\\/11\\\/El-vino.-para-los-Presupuestos-Generales-del-Estado-parte-I.png\",\"datePublished\":\"2020-11-08T07:03:24+00:00\",\"breadcrumb\":{\"@id\":\"https:\\\/\\\/fmsb.eu\\\/en\\\/2020\\\/11\\\/08\\\/el-vino-para-los-presupuestos-generales-del-estado-parte1-articulo-de-opinion-en-mallorcadiario-com-de-jorge-sainz-de-baranda\\\/#breadcrumb\"},\"inLanguage\":\"en-US\",\"potentialAction\":[{\"@type\":\"ReadAction\",\"target\":[\"https:\\\/\\\/fmsb.eu\\\/en\\\/2020\\\/11\\\/08\\\/el-vino-para-los-presupuestos-generales-del-estado-parte1-articulo-de-opinion-en-mallorcadiario-com-de-jorge-sainz-de-baranda\\\/\"]}]},{\"@type\":\"ImageObject\",\"inLanguage\":\"en-US\",\"@id\":\"https:\\\/\\\/fmsb.eu\\\/en\\\/2020\\\/11\\\/08\\\/el-vino-para-los-presupuestos-generales-del-estado-parte1-articulo-de-opinion-en-mallorcadiario-com-de-jorge-sainz-de-baranda\\\/#primaryimage\",\"url\":\"https:\\\/\\\/fmsb.eu\\\/wp-content\\\/uploads\\\/2020\\\/11\\\/El-vino.-para-los-Presupuestos-Generales-del-Estado-parte-I.png\",\"contentUrl\":\"https:\\\/\\\/fmsb.eu\\\/wp-content\\\/uploads\\\/2020\\\/11\\\/El-vino.-para-los-Presupuestos-Generales-del-Estado-parte-I.png\",\"width\":1600,\"height\":1200},{\"@type\":\"BreadcrumbList\",\"@id\":\"https:\\\/\\\/fmsb.eu\\\/en\\\/2020\\\/11\\\/08\\\/el-vino-para-los-presupuestos-generales-del-estado-parte1-articulo-de-opinion-en-mallorcadiario-com-de-jorge-sainz-de-baranda\\\/#breadcrumb\",\"itemListElement\":[{\"@type\":\"ListItem\",\"position\":1,\"name\":\"Portada\",\"item\":\"https:\\\/\\\/fmsb.eu\\\/en\\\/\"},{\"@type\":\"ListItem\",\"position\":2,\"name\":\"El vino&#8230;, para los Presupuestos Generales del Estado (Part I). Art\u00edculo de opini\u00f3n en Mallorcadiario.com de Jorge S\u00e1inz de Baranda\"}]},{\"@type\":\"WebSite\",\"@id\":\"https:\\\/\\\/fmsb.eu\\\/en\\\/#website\",\"url\":\"https:\\\/\\\/fmsb.eu\\\/en\\\/\",\"name\":\"FMSB Abogados y Economistas en Baleares\",\"description\":\"\",\"publisher\":{\"@id\":\"https:\\\/\\\/fmsb.eu\\\/en\\\/#organization\"},\"potentialAction\":[{\"@type\":\"SearchAction\",\"target\":{\"@type\":\"EntryPoint\",\"urlTemplate\":\"https:\\\/\\\/fmsb.eu\\\/en\\\/?s={search_term_string}\"},\"query-input\":{\"@type\":\"PropertyValueSpecification\",\"valueRequired\":true,\"valueName\":\"search_term_string\"}}],\"inLanguage\":\"en-US\"},{\"@type\":\"Organization\",\"@id\":\"https:\\\/\\\/fmsb.eu\\\/en\\\/#organization\",\"name\":\"FMSB Abogados y Economistas en Baleares\",\"url\":\"https:\\\/\\\/fmsb.eu\\\/en\\\/\",\"logo\":{\"@type\":\"ImageObject\",\"inLanguage\":\"en-US\",\"@id\":\"https:\\\/\\\/fmsb.eu\\\/en\\\/#\\\/schema\\\/logo\\\/image\\\/\",\"url\":\"https:\\\/\\\/fmsb.eu\\\/wp-content\\\/uploads\\\/2025\\\/02\\\/logo.svg\",\"contentUrl\":\"https:\\\/\\\/fmsb.eu\\\/wp-content\\\/uploads\\\/2025\\\/02\\\/logo.svg\",\"width\":154,\"height\":52,\"caption\":\"FMSB Abogados y Economistas en Baleares\"},\"image\":{\"@id\":\"https:\\\/\\\/fmsb.eu\\\/en\\\/#\\\/schema\\\/logo\\\/image\\\/\"}},{\"@type\":\"Person\",\"@id\":\"https:\\\/\\\/fmsb.eu\\\/en\\\/#\\\/schema\\\/person\\\/9fba7c70814b0cd34d35d655d36a4ca2\",\"name\":\"fmsb\",\"image\":{\"@type\":\"ImageObject\",\"inLanguage\":\"en-US\",\"@id\":\"https:\\\/\\\/secure.gravatar.com\\\/avatar\\\/426f4d5b0ebcace85460caf87cdaaa193694b611e990615d87a13f322fb7ee7f?s=96&d=mm&r=g\",\"url\":\"https:\\\/\\\/secure.gravatar.com\\\/avatar\\\/426f4d5b0ebcace85460caf87cdaaa193694b611e990615d87a13f322fb7ee7f?s=96&d=mm&r=g\",\"contentUrl\":\"https:\\\/\\\/secure.gravatar.com\\\/avatar\\\/426f4d5b0ebcace85460caf87cdaaa193694b611e990615d87a13f322fb7ee7f?s=96&d=mm&r=g\",\"caption\":\"fmsb\"},\"sameAs\":[\"https:\\\/\\\/x.com\\\/fmsb-disstint\"],\"url\":\"https:\\\/\\\/fmsb.eu\\\/en\\\/author\\\/fmsb\\\/\"}]}<\/script>\n<!-- \/ Yoast SEO plugin. -->","yoast_head_json":{"title":"El vino..., para los Presupuestos Generales del Estado (Part I). Art\u00edculo de opini\u00f3n en Mallorcadiario.com de Jorge S\u00e1inz de Baranda - FMSB Abogados y Economistas en Baleares","robots":{"index":"index","follow":"follow","max-snippet":"max-snippet:-1","max-image-preview":"max-image-preview:large","max-video-preview":"max-video-preview:-1"},"canonical":"https:\/\/fmsb.eu\/en\/2020\/11\/08\/el-vino-para-los-presupuestos-generales-del-estado-parte1-articulo-de-opinion-en-mallorcadiario-com-de-jorge-sainz-de-baranda\/","og_locale":"en_US","og_type":"article","og_title":"El vino..., para los Presupuestos Generales del Estado (Part I). Art\u00edculo de opini\u00f3n en Mallorcadiario.com de Jorge S\u00e1inz de Baranda - FMSB Abogados y Economistas en Baleares","og_description":"mallorcadiario.com\u00a0 Opini\u00f3n DOMINGO 8 DE NOVIEMBRE DE 2020 DOMINGO 25 DE OCTUBRE DE 2020 El vino&#8230;, para los Presupuestos Generales del Estado (Parte I) Por\u00a0Jorge S\u00e1inz de Baranda M\u00c1S ART\u00cdCULOS DEL AUTOR A Mar\u00eda, in memoriam Dentro de las preguntas y dudas que a veces me asaltan, aunque sin necesidad de decir ahora ni cu\u00e1ndo [&hellip;]","og_url":"https:\/\/fmsb.eu\/en\/2020\/11\/08\/el-vino-para-los-presupuestos-generales-del-estado-parte1-articulo-de-opinion-en-mallorcadiario-com-de-jorge-sainz-de-baranda\/","og_site_name":"FMSB Abogados y Economistas en Baleares","article_published_time":"2020-11-08T07:03:24+00:00","og_image":[{"width":1600,"height":1200,"url":"https:\/\/fmsb.eu\/wp-content\/uploads\/2020\/11\/El-vino.-para-los-Presupuestos-Generales-del-Estado-parte-I.png","type":"image\/png"}],"author":"fmsb","twitter_card":"summary_large_image","twitter_creator":"@fmsb-disstint","twitter_misc":{"Written by":"fmsb","Est. reading time":"4 minutes"},"schema":{"@context":"https:\/\/schema.org","@graph":[{"@type":"Article","@id":"https:\/\/fmsb.eu\/en\/2020\/11\/08\/el-vino-para-los-presupuestos-generales-del-estado-parte1-articulo-de-opinion-en-mallorcadiario-com-de-jorge-sainz-de-baranda\/#article","isPartOf":{"@id":"https:\/\/fmsb.eu\/en\/2020\/11\/08\/el-vino-para-los-presupuestos-generales-del-estado-parte1-articulo-de-opinion-en-mallorcadiario-com-de-jorge-sainz-de-baranda\/"},"author":{"name":"fmsb","@id":"https:\/\/fmsb.eu\/en\/#\/schema\/person\/9fba7c70814b0cd34d35d655d36a4ca2"},"headline":"El vino&#8230;, para los Presupuestos Generales del Estado (Part I). Art\u00edculo de opini\u00f3n en Mallorcadiario.com de Jorge S\u00e1inz de Baranda","datePublished":"2020-11-08T07:03:24+00:00","mainEntityOfPage":{"@id":"https:\/\/fmsb.eu\/en\/2020\/11\/08\/el-vino-para-los-presupuestos-generales-del-estado-parte1-articulo-de-opinion-en-mallorcadiario-com-de-jorge-sainz-de-baranda\/"},"wordCount":808,"publisher":{"@id":"https:\/\/fmsb.eu\/en\/#organization"},"image":{"@id":"https:\/\/fmsb.eu\/en\/2020\/11\/08\/el-vino-para-los-presupuestos-generales-del-estado-parte1-articulo-de-opinion-en-mallorcadiario-com-de-jorge-sainz-de-baranda\/#primaryimage"},"thumbnailUrl":"https:\/\/fmsb.eu\/wp-content\/uploads\/2020\/11\/El-vino.-para-los-Presupuestos-Generales-del-Estado-parte-I.png","keywords":["abogados","aeat","articulos","asesores","baleares","derecho fiscal","derecho tributario","economistas","el arenal","fraude fiscal","Hacienda","ibi","impuesto de sucesiones","impuestos","IRPF","jorge sainz de baranda","ley del catastro","mallorca","mallorcadiario","Manacor","opinion","Palma","plusval\u00eda","prespuestos generales del estado","puerto de andratx","valor catastral","valor de referencia de mercado"],"articleSection":["blog","Derecho Fiscal","Home","Opini\u00f3n"],"inLanguage":"en-US"},{"@type":"WebPage","@id":"https:\/\/fmsb.eu\/en\/2020\/11\/08\/el-vino-para-los-presupuestos-generales-del-estado-parte1-articulo-de-opinion-en-mallorcadiario-com-de-jorge-sainz-de-baranda\/","url":"https:\/\/fmsb.eu\/en\/2020\/11\/08\/el-vino-para-los-presupuestos-generales-del-estado-parte1-articulo-de-opinion-en-mallorcadiario-com-de-jorge-sainz-de-baranda\/","name":"El vino..., para los Presupuestos Generales del Estado (Part I). Art\u00edculo de opini\u00f3n en Mallorcadiario.com de Jorge S\u00e1inz de Baranda - FMSB Abogados y Economistas en Baleares","isPartOf":{"@id":"https:\/\/fmsb.eu\/en\/#website"},"primaryImageOfPage":{"@id":"https:\/\/fmsb.eu\/en\/2020\/11\/08\/el-vino-para-los-presupuestos-generales-del-estado-parte1-articulo-de-opinion-en-mallorcadiario-com-de-jorge-sainz-de-baranda\/#primaryimage"},"image":{"@id":"https:\/\/fmsb.eu\/en\/2020\/11\/08\/el-vino-para-los-presupuestos-generales-del-estado-parte1-articulo-de-opinion-en-mallorcadiario-com-de-jorge-sainz-de-baranda\/#primaryimage"},"thumbnailUrl":"https:\/\/fmsb.eu\/wp-content\/uploads\/2020\/11\/El-vino.-para-los-Presupuestos-Generales-del-Estado-parte-I.png","datePublished":"2020-11-08T07:03:24+00:00","breadcrumb":{"@id":"https:\/\/fmsb.eu\/en\/2020\/11\/08\/el-vino-para-los-presupuestos-generales-del-estado-parte1-articulo-de-opinion-en-mallorcadiario-com-de-jorge-sainz-de-baranda\/#breadcrumb"},"inLanguage":"en-US","potentialAction":[{"@type":"ReadAction","target":["https:\/\/fmsb.eu\/en\/2020\/11\/08\/el-vino-para-los-presupuestos-generales-del-estado-parte1-articulo-de-opinion-en-mallorcadiario-com-de-jorge-sainz-de-baranda\/"]}]},{"@type":"ImageObject","inLanguage":"en-US","@id":"https:\/\/fmsb.eu\/en\/2020\/11\/08\/el-vino-para-los-presupuestos-generales-del-estado-parte1-articulo-de-opinion-en-mallorcadiario-com-de-jorge-sainz-de-baranda\/#primaryimage","url":"https:\/\/fmsb.eu\/wp-content\/uploads\/2020\/11\/El-vino.-para-los-Presupuestos-Generales-del-Estado-parte-I.png","contentUrl":"https:\/\/fmsb.eu\/wp-content\/uploads\/2020\/11\/El-vino.-para-los-Presupuestos-Generales-del-Estado-parte-I.png","width":1600,"height":1200},{"@type":"BreadcrumbList","@id":"https:\/\/fmsb.eu\/en\/2020\/11\/08\/el-vino-para-los-presupuestos-generales-del-estado-parte1-articulo-de-opinion-en-mallorcadiario-com-de-jorge-sainz-de-baranda\/#breadcrumb","itemListElement":[{"@type":"ListItem","position":1,"name":"Portada","item":"https:\/\/fmsb.eu\/en\/"},{"@type":"ListItem","position":2,"name":"El vino&#8230;, para los Presupuestos Generales del Estado (Part I). Art\u00edculo de opini\u00f3n en Mallorcadiario.com de Jorge S\u00e1inz de Baranda"}]},{"@type":"WebSite","@id":"https:\/\/fmsb.eu\/en\/#website","url":"https:\/\/fmsb.eu\/en\/","name":"FMSB Abogados y Economistas en Baleares","description":"","publisher":{"@id":"https:\/\/fmsb.eu\/en\/#organization"},"potentialAction":[{"@type":"SearchAction","target":{"@type":"EntryPoint","urlTemplate":"https:\/\/fmsb.eu\/en\/?s={search_term_string}"},"query-input":{"@type":"PropertyValueSpecification","valueRequired":true,"valueName":"search_term_string"}}],"inLanguage":"en-US"},{"@type":"Organization","@id":"https:\/\/fmsb.eu\/en\/#organization","name":"FMSB Abogados y Economistas en Baleares","url":"https:\/\/fmsb.eu\/en\/","logo":{"@type":"ImageObject","inLanguage":"en-US","@id":"https:\/\/fmsb.eu\/en\/#\/schema\/logo\/image\/","url":"https:\/\/fmsb.eu\/wp-content\/uploads\/2025\/02\/logo.svg","contentUrl":"https:\/\/fmsb.eu\/wp-content\/uploads\/2025\/02\/logo.svg","width":154,"height":52,"caption":"FMSB Abogados y Economistas en Baleares"},"image":{"@id":"https:\/\/fmsb.eu\/en\/#\/schema\/logo\/image\/"}},{"@type":"Person","@id":"https:\/\/fmsb.eu\/en\/#\/schema\/person\/9fba7c70814b0cd34d35d655d36a4ca2","name":"fmsb","image":{"@type":"ImageObject","inLanguage":"en-US","@id":"https:\/\/secure.gravatar.com\/avatar\/426f4d5b0ebcace85460caf87cdaaa193694b611e990615d87a13f322fb7ee7f?s=96&d=mm&r=g","url":"https:\/\/secure.gravatar.com\/avatar\/426f4d5b0ebcace85460caf87cdaaa193694b611e990615d87a13f322fb7ee7f?s=96&d=mm&r=g","contentUrl":"https:\/\/secure.gravatar.com\/avatar\/426f4d5b0ebcace85460caf87cdaaa193694b611e990615d87a13f322fb7ee7f?s=96&d=mm&r=g","caption":"fmsb"},"sameAs":["https:\/\/x.com\/fmsb-disstint"],"url":"https:\/\/fmsb.eu\/en\/author\/fmsb\/"}]}},"_links":{"self":[{"href":"https:\/\/fmsb.eu\/en\/wp-json\/wp\/v2\/posts\/11574","targetHints":{"allow":["GET"]}}],"collection":[{"href":"https:\/\/fmsb.eu\/en\/wp-json\/wp\/v2\/posts"}],"about":[{"href":"https:\/\/fmsb.eu\/en\/wp-json\/wp\/v2\/types\/post"}],"author":[{"embeddable":true,"href":"https:\/\/fmsb.eu\/en\/wp-json\/wp\/v2\/users\/2"}],"replies":[{"embeddable":true,"href":"https:\/\/fmsb.eu\/en\/wp-json\/wp\/v2\/comments?post=11574"}],"version-history":[{"count":0,"href":"https:\/\/fmsb.eu\/en\/wp-json\/wp\/v2\/posts\/11574\/revisions"}],"wp:featuredmedia":[{"embeddable":true,"href":"https:\/\/fmsb.eu\/en\/wp-json\/wp\/v2\/media\/9206"}],"wp:attachment":[{"href":"https:\/\/fmsb.eu\/en\/wp-json\/wp\/v2\/media?parent=11574"}],"wp:term":[{"taxonomy":"category","embeddable":true,"href":"https:\/\/fmsb.eu\/en\/wp-json\/wp\/v2\/categories?post=11574"},{"taxonomy":"post_tag","embeddable":true,"href":"https:\/\/fmsb.eu\/en\/wp-json\/wp\/v2\/tags?post=11574"}],"curies":[{"name":"wp","href":"https:\/\/api.w.org\/{rel}","templated":true}]}}