{"id":11580,"date":"2020-11-01T08:04:31","date_gmt":"2020-11-01T07:04:31","guid":{"rendered":"http:\/\/fmsb.disstintbeta.com\/2020\/11\/01\/pan-y-cebolla-con-hacienda-articulo-de-opinion-jorge-sainz-de-baranda\/"},"modified":"2020-11-01T08:04:31","modified_gmt":"2020-11-01T07:04:31","slug":"pan-y-cebolla-con-hacienda-articulo-de-opinion-jorge-sainz-de-baranda","status":"publish","type":"post","link":"https:\/\/fmsb.eu\/en\/2020\/11\/01\/pan-y-cebolla-con-hacienda-articulo-de-opinion-jorge-sainz-de-baranda\/","title":{"rendered":"Pan y Cebolla con Hacienda. Art\u00edculo de opini\u00f3n en Mallorcadiario.com de Jorge S\u00e1inz de Baranda"},"content":{"rendered":"<p><a href=\"http:\/\/fmsb.disstintbeta.com\/wp-content\/uploads\/2020\/10\/Pan-y-Cebolla-con-Hacienda-Jorge-Sainz-de-Baranda-FMSB-Abogados.png\"><img fetchpriority=\"high\" decoding=\"async\" class=\"alignnone wp-image-4365\" src=\"http:\/\/fmsb.disstintbeta.com\/wp-content\/uploads\/2020\/10\/Pan-y-Cebolla-con-Hacienda-Jorge-Sainz-de-Baranda-FMSB-Abogados.png\" alt=\"\" width=\"800\" height=\"600\" srcset=\"https:\/\/font-mora-sainz-baranda.fra1.digitaloceanspaces.com\/wp-content\/uploads\/2020\/10\/Pan-y-Cebolla-con-Hacienda-Jorge-Sainz-de-Baranda-FMSB-Abogados.png 1600w, https:\/\/font-mora-sainz-baranda.fra1.digitaloceanspaces.com\/wp-content\/uploads\/2020\/10\/Pan-y-Cebolla-con-Hacienda-Jorge-Sainz-de-Baranda-FMSB-Abogados-300x225.png 300w, https:\/\/font-mora-sainz-baranda.fra1.digitaloceanspaces.com\/wp-content\/uploads\/2020\/10\/Pan-y-Cebolla-con-Hacienda-Jorge-Sainz-de-Baranda-FMSB-Abogados-1024x768.png 1024w, https:\/\/font-mora-sainz-baranda.fra1.digitaloceanspaces.com\/wp-content\/uploads\/2020\/10\/Pan-y-Cebolla-con-Hacienda-Jorge-Sainz-de-Baranda-FMSB-Abogados-768x576.png 768w, https:\/\/font-mora-sainz-baranda.fra1.digitaloceanspaces.com\/wp-content\/uploads\/2020\/10\/Pan-y-Cebolla-con-Hacienda-Jorge-Sainz-de-Baranda-FMSB-Abogados-1536x1152.png 1536w\" sizes=\"(max-width: 800px) 100vw, 800px\" \/><\/a><\/p>\n<div class=\"navegacion\">\n<h3 class=\"antesubtitulo antetit\"><span style=\"color: #993300;\"><strong>mallorcadiario.com<\/strong><\/span>\u00a0 Opini\u00f3n<\/h3>\n<h6 class=\"ulthora fecha_publicacion\"><span class=\"dia_mes_anno\">DOMINGO 1 DE NOVIEMBRE DE 2020<\/span><\/h6>\n<h6 class=\"ulthora fecha_publicacion\"><span class=\"dia_mes_anno\" style=\"color: #ffffff;\">DOMINGO 25 DE OCTUBRE DE 2020<\/span><\/h6>\n<\/div>\n<div title=\"noticia 557362\">\n<h1 class=\"titulo\"><a href=\"https:\/\/www.mallorcadiario.com\/pan-y-cebolla-con-hacienda-jorge-sainz-de-baranda\">Pan y Cebolla con Hacienda<\/a><\/h1>\n<\/div>\n<div id=\"firmante_767\" class=\"firmante\">\n<p>Por\u00a0<strong><span class=\"nombre_firmante\">Jorge S\u00e1inz de Baranda<\/span><\/strong><\/p>\n<h6><a href=\"https:\/\/www.mallorcadiario.com\/jorge-sainz-de-baranda\/autor\/767\/\"><strong><span style=\"color: #993300;\">M\u00c1S ART\u00cdCULOS DEL AUTOR<\/span><\/strong><\/a><\/h6>\n<\/div>\n<p><span style=\"color: #ffffff;\"><strong>Un susto de muerte tras un Pacto Sucesorio<\/strong><\/span><\/p>\n<p>&#8220;<strong>Contigo, pan y cebolla<\/strong>&#8221; es una expresi\u00f3n muy nuestra, de car\u00e1cter figurado, con la que los enamorados manifiestan -de momento- su desinter\u00e9s econ\u00f3mico por el otro o por los bienes comunes; y con la que muestran que, con una alimentaci\u00f3n frugal, pueden sobrevivir a situaciones de penuria sin que ese amor se vea mermado por ello -vuelvo a repetir, de momento \u00bfoyen ustedes los violines o soy yo?-.<\/p>\n<p>Es evidente que hablar de &#8220;cebollas&#8221; nos traslada a un alimento que, en otros tiempos, se tend\u00eda a identificar con pobreza o escasez. Como muchos recordar\u00e1n, en el poema &#8220;<em>las<\/em> <em>Nanas de la cebolla&#8221;<\/em>, Miguel Hern\u00e1ndez, preso en la c\u00e1rcel de Torrijos, le dedica unas emotivas \u201ccanciones de cuna\u201d a su hijo Manuel Miguel despu\u00e9s de que el poeta recibiera una carta de su mujer donde le contaba que solo ten\u00edan pan y cebolla para comer.<\/p>\n<p>Aunque tambi\u00e9n, y hablando de temas tributarios, igual esa cebolla nos lleva a pensar en las l\u00e1grimas que a veces vertemos cuando la cortamos&#8230; De ambas cosas habr\u00e1 en esta vi\u00f1a.<\/p>\n<p>Y es que la cuesti\u00f3n de hoy va de deducciones de la vivienda habitual en caso de separaci\u00f3n o divorcio de los c\u00f3nyuges, despu\u00e9s de agotar el pan y la cebolla, y de c\u00f3mo <strong>Hacienda se empe\u00f1a en hacernos llorar con algunas de sus Resoluciones<\/strong>. Recuerden que no hay dolor m\u00e1s soportable que el dolor ajeno.<\/p>\n<p>El Gobierno de Mariano Rajoy, mediante la Ley 16\/2012, suprimi\u00f3 de un plumazo la deducci\u00f3n por inversi\u00f3n en vivienda habitual a partir del 1 de enero de 2013 aunque, con esas Disposiciones Transitorias que tanto le gustan al legislador para complicarnos con &#8220;J&#8221; la vida, estableci\u00f3 un r\u00e9gimen transitorio por el que se pod\u00edan continuar practicando la deducci\u00f3n en ejercicios futuros todos aquellos contribuyentes que la hubieran adquirido antes del 1 de enero de 2013.<\/p>\n<p>El problema se plante\u00f3 en aquellos matrimonios que, teniendo la vivienda habitual en proindiviso y adquirida antes del 2013, se divorciaban con posterioridad a esa fecha, qued\u00e1ndose uno de los dos con la vivienda y con el pr\u00e9stamo hipotecario asociado a la misma.<\/p>\n<p>Aqu\u00ed la AEAT interpret\u00f3 que la deducci\u00f3n no resultar\u00eda aplicable al porcentaje del inmueble adquirido con posterioridad con motivo de la disoluci\u00f3n del v\u00ednculo matrimonial, de forma que el que se quedaba con la casa s\u00f3lo se podr\u00eda aplicar la deducci\u00f3n sobre las cantidades que pagase por la parte indivisa de la que era propietario antes de 2013.<\/p>\n<p>Pues bien, el Tribunal Econ\u00f3mico Administrativo Central, en una Resoluci\u00f3n de 1 de octubre de 2020 -reci\u00e9n salida del horno-, le saca los colores al Erario y se\u00f1ala lo contrario. Y as\u00ed, en caso de extinci\u00f3n de un condominio sobre la vivienda habitual a partir del 1 de enero de 2013, aquel que se quede con el 100% de la vivienda tendr\u00e1 derecho a aplicarse el 100% de la deducci\u00f3n de la vivienda habitual, siempre que el otro comunero que deja de ser titular del inmueble viniera aplicando la deducci\u00f3n antes del tan citado 2013, y con el l\u00edmite del importe que habr\u00eda tenido derecho a deducirse ese comunero desde la fecha de extinci\u00f3n.<\/p>\n<p>Es m\u00e1s, el criterio sentado por el Tribunal no s\u00f3lo se aplica a los supuestos de disoluci\u00f3n del v\u00ednculo matrimonial, sino que es claramente extensible a cualesquiera otros posibles casos de extinci\u00f3n de condominio sobre la vivienda habitual a partir de 1 de enero de 2013, siempre y cuando una de las partes se quede con ella al 100%.<\/p>\n<p>Adem\u00e1s, con el nuevo criterio, aquellos que en los \u00faltimos cuatro a\u00f1os no se han podido practicar esa deducci\u00f3n por el criterio de Hacienda, podr\u00e1n aplicarla con car\u00e1cter retroactivo y lograr la devoluci\u00f3n de lo indebidamente pagado, con intereses.<\/p>\n<p>Esta vez, y sin que sirva de precedente, <strong>a quien le toca compartir y pelar &#8220;cebolla&#8221; con los contribuyentes es a nuestra nunca suficientemente valorada Administraci\u00f3n Tributaria<\/strong>&#8230; as\u00ed que ya sabes, querida, <em>&#8220;contigo, Pan y Cebolla&#8221;.<\/em><\/p>\n<p>&nbsp;<\/p>\n<hr \/>\n<p>Art\u00edculo original publicado en el diario digital\u00a0<a href=\"https:\/\/www.mallorcadiario.com\/pan-y-cebolla-con-hacienda-jorge-sainz-de-baranda\"><strong><span style=\"color: #993300;\">mallorcadiario.com<\/span><\/strong><\/a><\/p>\n","protected":false},"excerpt":{"rendered":"<p>mallorcadiario.com\u00a0 Opini\u00f3n DOMINGO 1 DE NOVIEMBRE DE 2020 DOMINGO 25 DE OCTUBRE DE 2020 Pan y Cebolla con Hacienda Por\u00a0Jorge S\u00e1inz de Baranda M\u00c1S ART\u00cdCULOS DEL AUTOR Un susto de muerte tras un Pacto Sucesorio &#8220;Contigo, pan y cebolla&#8221; es una expresi\u00f3n muy nuestra, de car\u00e1cter figurado, con la que los enamorados manifiestan -de momento- [&hellip;]<\/p>\n","protected":false},"author":2,"featured_media":9198,"comment_status":"closed","ping_status":"open","sticky":false,"template":"","format":"standard","meta":{"footnotes":""},"categories":[2149,2250,2152,3144],"tags":[2156,2608,2494,2255,2158,2261,2262,2168,2169,2631,2266,2634,2270,2271,2272,2274,5542,2181,2277,2182,2284,2286,2643,2644,2190,5543,5544],"class_list":["post-11580","post","type-post","status-publish","format-standard","has-post-thumbnail","hentry","category-blog-en-2","category-derecho-fiscal-en","category-home-en-2","category-opinion-en","tag-abogados-en","tag-aeat-en","tag-articulos-en","tag-asesores-en","tag-baleares-en","tag-derecho-fiscal-en","tag-derecho-tributario-en","tag-economistas-en","tag-el-arenal-en","tag-fraude-fiscal-en","tag-hacienda-en","tag-ibi-en","tag-impuesto-de-sucesiones-en","tag-impuestos-en-2","tag-irpf-en","tag-jorge-sainz-de-baranda-en","tag-ley-del-catastro-en","tag-mallorca-en-2","tag-mallorcadiario-en","tag-manacor-en","tag-opinion-en","tag-palma-en","tag-plusvalia-en","tag-prespuestos-generales-del-estado-en","tag-puerto-de-andratx-en","tag-valor-catastral-en","tag-valor-de-referencia-de-mercado-en"],"yoast_head":"<!-- This site is optimized with the Yoast SEO plugin v27.3 - https:\/\/yoast.com\/product\/yoast-seo-wordpress\/ -->\n<title>Pan y Cebolla con Hacienda. Art\u00edculo de opini\u00f3n en Mallorcadiario.com de Jorge S\u00e1inz de Baranda - FMSB Abogados y Economistas en Baleares<\/title>\n<meta name=\"robots\" content=\"index, follow, max-snippet:-1, max-image-preview:large, max-video-preview:-1\" \/>\n<link rel=\"canonical\" href=\"https:\/\/fmsb.eu\/en\/2020\/11\/01\/pan-y-cebolla-con-hacienda-articulo-de-opinion-jorge-sainz-de-baranda\/\" \/>\n<meta property=\"og:locale\" content=\"en_US\" \/>\n<meta property=\"og:type\" content=\"article\" \/>\n<meta property=\"og:title\" content=\"Pan y Cebolla con Hacienda. Art\u00edculo de opini\u00f3n en Mallorcadiario.com de Jorge S\u00e1inz de Baranda - FMSB Abogados y Economistas en Baleares\" \/>\n<meta property=\"og:description\" content=\"mallorcadiario.com\u00a0 Opini\u00f3n DOMINGO 1 DE NOVIEMBRE DE 2020 DOMINGO 25 DE OCTUBRE DE 2020 Pan y Cebolla con Hacienda Por\u00a0Jorge S\u00e1inz de Baranda M\u00c1S ART\u00cdCULOS DEL AUTOR Un susto de muerte tras un Pacto Sucesorio &#8220;Contigo, pan y cebolla&#8221; es una expresi\u00f3n muy nuestra, de car\u00e1cter figurado, con la que los enamorados manifiestan -de momento- [&hellip;]\" \/>\n<meta property=\"og:url\" content=\"https:\/\/fmsb.eu\/en\/2020\/11\/01\/pan-y-cebolla-con-hacienda-articulo-de-opinion-jorge-sainz-de-baranda\/\" \/>\n<meta property=\"og:site_name\" content=\"FMSB Abogados y Economistas en Baleares\" \/>\n<meta property=\"article:published_time\" content=\"2020-11-01T07:04:31+00:00\" \/>\n<meta property=\"og:image\" content=\"https:\/\/fmsb.eu\/wp-content\/uploads\/2020\/10\/Pan-y-Cebolla-con-Hacienda-Jorge-Sainz-de-Baranda-FMSB-Abogados.png\" \/>\n\t<meta property=\"og:image:width\" content=\"1600\" \/>\n\t<meta property=\"og:image:height\" content=\"1200\" \/>\n\t<meta property=\"og:image:type\" content=\"image\/png\" \/>\n<meta name=\"author\" content=\"fmsb\" \/>\n<meta name=\"twitter:card\" content=\"summary_large_image\" \/>\n<meta name=\"twitter:creator\" content=\"@fmsb-disstint\" \/>\n<meta name=\"twitter:label1\" content=\"Written by\" \/>\n\t<meta name=\"twitter:data1\" content=\"fmsb\" \/>\n\t<meta name=\"twitter:label2\" content=\"Est. reading time\" \/>\n\t<meta name=\"twitter:data2\" content=\"4 minutes\" \/>\n<script type=\"application\/ld+json\" class=\"yoast-schema-graph\">{\"@context\":\"https:\\\/\\\/schema.org\",\"@graph\":[{\"@type\":\"Article\",\"@id\":\"https:\\\/\\\/fmsb.eu\\\/en\\\/2020\\\/11\\\/01\\\/pan-y-cebolla-con-hacienda-articulo-de-opinion-jorge-sainz-de-baranda\\\/#article\",\"isPartOf\":{\"@id\":\"https:\\\/\\\/fmsb.eu\\\/en\\\/2020\\\/11\\\/01\\\/pan-y-cebolla-con-hacienda-articulo-de-opinion-jorge-sainz-de-baranda\\\/\"},\"author\":{\"name\":\"fmsb\",\"@id\":\"https:\\\/\\\/fmsb.eu\\\/en\\\/#\\\/schema\\\/person\\\/9fba7c70814b0cd34d35d655d36a4ca2\"},\"headline\":\"Pan y Cebolla con Hacienda. Art\u00edculo de opini\u00f3n en Mallorcadiario.com de Jorge S\u00e1inz de Baranda\",\"datePublished\":\"2020-11-01T07:04:31+00:00\",\"mainEntityOfPage\":{\"@id\":\"https:\\\/\\\/fmsb.eu\\\/en\\\/2020\\\/11\\\/01\\\/pan-y-cebolla-con-hacienda-articulo-de-opinion-jorge-sainz-de-baranda\\\/\"},\"wordCount\":763,\"publisher\":{\"@id\":\"https:\\\/\\\/fmsb.eu\\\/en\\\/#organization\"},\"image\":{\"@id\":\"https:\\\/\\\/fmsb.eu\\\/en\\\/2020\\\/11\\\/01\\\/pan-y-cebolla-con-hacienda-articulo-de-opinion-jorge-sainz-de-baranda\\\/#primaryimage\"},\"thumbnailUrl\":\"https:\\\/\\\/fmsb.eu\\\/wp-content\\\/uploads\\\/2020\\\/10\\\/Pan-y-Cebolla-con-Hacienda-Jorge-Sainz-de-Baranda-FMSB-Abogados.png\",\"keywords\":[\"abogados\",\"aeat\",\"articulos\",\"asesores\",\"baleares\",\"derecho fiscal\",\"derecho tributario\",\"economistas\",\"el arenal\",\"fraude fiscal\",\"Hacienda\",\"ibi\",\"impuesto de sucesiones\",\"impuestos\",\"IRPF\",\"jorge sainz de baranda\",\"ley del catastro\",\"mallorca\",\"mallorcadiario\",\"Manacor\",\"opinion\",\"Palma\",\"plusval\u00eda\",\"prespuestos generales del estado\",\"puerto de andratx\",\"valor catastral\",\"valor de referencia de mercado\"],\"articleSection\":[\"blog\",\"Derecho Fiscal\",\"Home\",\"Opini\u00f3n\"],\"inLanguage\":\"en-US\"},{\"@type\":\"WebPage\",\"@id\":\"https:\\\/\\\/fmsb.eu\\\/en\\\/2020\\\/11\\\/01\\\/pan-y-cebolla-con-hacienda-articulo-de-opinion-jorge-sainz-de-baranda\\\/\",\"url\":\"https:\\\/\\\/fmsb.eu\\\/en\\\/2020\\\/11\\\/01\\\/pan-y-cebolla-con-hacienda-articulo-de-opinion-jorge-sainz-de-baranda\\\/\",\"name\":\"Pan y Cebolla con Hacienda. Art\u00edculo de opini\u00f3n en Mallorcadiario.com de Jorge S\u00e1inz de Baranda - FMSB Abogados y Economistas en Baleares\",\"isPartOf\":{\"@id\":\"https:\\\/\\\/fmsb.eu\\\/en\\\/#website\"},\"primaryImageOfPage\":{\"@id\":\"https:\\\/\\\/fmsb.eu\\\/en\\\/2020\\\/11\\\/01\\\/pan-y-cebolla-con-hacienda-articulo-de-opinion-jorge-sainz-de-baranda\\\/#primaryimage\"},\"image\":{\"@id\":\"https:\\\/\\\/fmsb.eu\\\/en\\\/2020\\\/11\\\/01\\\/pan-y-cebolla-con-hacienda-articulo-de-opinion-jorge-sainz-de-baranda\\\/#primaryimage\"},\"thumbnailUrl\":\"https:\\\/\\\/fmsb.eu\\\/wp-content\\\/uploads\\\/2020\\\/10\\\/Pan-y-Cebolla-con-Hacienda-Jorge-Sainz-de-Baranda-FMSB-Abogados.png\",\"datePublished\":\"2020-11-01T07:04:31+00:00\",\"breadcrumb\":{\"@id\":\"https:\\\/\\\/fmsb.eu\\\/en\\\/2020\\\/11\\\/01\\\/pan-y-cebolla-con-hacienda-articulo-de-opinion-jorge-sainz-de-baranda\\\/#breadcrumb\"},\"inLanguage\":\"en-US\",\"potentialAction\":[{\"@type\":\"ReadAction\",\"target\":[\"https:\\\/\\\/fmsb.eu\\\/en\\\/2020\\\/11\\\/01\\\/pan-y-cebolla-con-hacienda-articulo-de-opinion-jorge-sainz-de-baranda\\\/\"]}]},{\"@type\":\"ImageObject\",\"inLanguage\":\"en-US\",\"@id\":\"https:\\\/\\\/fmsb.eu\\\/en\\\/2020\\\/11\\\/01\\\/pan-y-cebolla-con-hacienda-articulo-de-opinion-jorge-sainz-de-baranda\\\/#primaryimage\",\"url\":\"https:\\\/\\\/fmsb.eu\\\/wp-content\\\/uploads\\\/2020\\\/10\\\/Pan-y-Cebolla-con-Hacienda-Jorge-Sainz-de-Baranda-FMSB-Abogados.png\",\"contentUrl\":\"https:\\\/\\\/fmsb.eu\\\/wp-content\\\/uploads\\\/2020\\\/10\\\/Pan-y-Cebolla-con-Hacienda-Jorge-Sainz-de-Baranda-FMSB-Abogados.png\",\"width\":1600,\"height\":1200},{\"@type\":\"BreadcrumbList\",\"@id\":\"https:\\\/\\\/fmsb.eu\\\/en\\\/2020\\\/11\\\/01\\\/pan-y-cebolla-con-hacienda-articulo-de-opinion-jorge-sainz-de-baranda\\\/#breadcrumb\",\"itemListElement\":[{\"@type\":\"ListItem\",\"position\":1,\"name\":\"Portada\",\"item\":\"https:\\\/\\\/fmsb.eu\\\/en\\\/\"},{\"@type\":\"ListItem\",\"position\":2,\"name\":\"Pan y Cebolla con Hacienda. Art\u00edculo de opini\u00f3n en Mallorcadiario.com de Jorge S\u00e1inz de Baranda\"}]},{\"@type\":\"WebSite\",\"@id\":\"https:\\\/\\\/fmsb.eu\\\/en\\\/#website\",\"url\":\"https:\\\/\\\/fmsb.eu\\\/en\\\/\",\"name\":\"FMSB Abogados y Economistas en Baleares\",\"description\":\"\",\"publisher\":{\"@id\":\"https:\\\/\\\/fmsb.eu\\\/en\\\/#organization\"},\"potentialAction\":[{\"@type\":\"SearchAction\",\"target\":{\"@type\":\"EntryPoint\",\"urlTemplate\":\"https:\\\/\\\/fmsb.eu\\\/en\\\/?s={search_term_string}\"},\"query-input\":{\"@type\":\"PropertyValueSpecification\",\"valueRequired\":true,\"valueName\":\"search_term_string\"}}],\"inLanguage\":\"en-US\"},{\"@type\":\"Organization\",\"@id\":\"https:\\\/\\\/fmsb.eu\\\/en\\\/#organization\",\"name\":\"FMSB Abogados y Economistas en Baleares\",\"url\":\"https:\\\/\\\/fmsb.eu\\\/en\\\/\",\"logo\":{\"@type\":\"ImageObject\",\"inLanguage\":\"en-US\",\"@id\":\"https:\\\/\\\/fmsb.eu\\\/en\\\/#\\\/schema\\\/logo\\\/image\\\/\",\"url\":\"https:\\\/\\\/fmsb.eu\\\/wp-content\\\/uploads\\\/2025\\\/02\\\/logo.svg\",\"contentUrl\":\"https:\\\/\\\/fmsb.eu\\\/wp-content\\\/uploads\\\/2025\\\/02\\\/logo.svg\",\"width\":154,\"height\":52,\"caption\":\"FMSB Abogados y Economistas en Baleares\"},\"image\":{\"@id\":\"https:\\\/\\\/fmsb.eu\\\/en\\\/#\\\/schema\\\/logo\\\/image\\\/\"}},{\"@type\":\"Person\",\"@id\":\"https:\\\/\\\/fmsb.eu\\\/en\\\/#\\\/schema\\\/person\\\/9fba7c70814b0cd34d35d655d36a4ca2\",\"name\":\"fmsb\",\"image\":{\"@type\":\"ImageObject\",\"inLanguage\":\"en-US\",\"@id\":\"https:\\\/\\\/secure.gravatar.com\\\/avatar\\\/426f4d5b0ebcace85460caf87cdaaa193694b611e990615d87a13f322fb7ee7f?s=96&d=mm&r=g\",\"url\":\"https:\\\/\\\/secure.gravatar.com\\\/avatar\\\/426f4d5b0ebcace85460caf87cdaaa193694b611e990615d87a13f322fb7ee7f?s=96&d=mm&r=g\",\"contentUrl\":\"https:\\\/\\\/secure.gravatar.com\\\/avatar\\\/426f4d5b0ebcace85460caf87cdaaa193694b611e990615d87a13f322fb7ee7f?s=96&d=mm&r=g\",\"caption\":\"fmsb\"},\"sameAs\":[\"https:\\\/\\\/x.com\\\/fmsb-disstint\"],\"url\":\"https:\\\/\\\/fmsb.eu\\\/en\\\/author\\\/fmsb\\\/\"}]}<\/script>\n<!-- \/ Yoast SEO plugin. -->","yoast_head_json":{"title":"Pan y Cebolla con Hacienda. Art\u00edculo de opini\u00f3n en Mallorcadiario.com de Jorge S\u00e1inz de Baranda - FMSB Abogados y Economistas en Baleares","robots":{"index":"index","follow":"follow","max-snippet":"max-snippet:-1","max-image-preview":"max-image-preview:large","max-video-preview":"max-video-preview:-1"},"canonical":"https:\/\/fmsb.eu\/en\/2020\/11\/01\/pan-y-cebolla-con-hacienda-articulo-de-opinion-jorge-sainz-de-baranda\/","og_locale":"en_US","og_type":"article","og_title":"Pan y Cebolla con Hacienda. Art\u00edculo de opini\u00f3n en Mallorcadiario.com de Jorge S\u00e1inz de Baranda - FMSB Abogados y Economistas en Baleares","og_description":"mallorcadiario.com\u00a0 Opini\u00f3n DOMINGO 1 DE NOVIEMBRE DE 2020 DOMINGO 25 DE OCTUBRE DE 2020 Pan y Cebolla con Hacienda Por\u00a0Jorge S\u00e1inz de Baranda M\u00c1S ART\u00cdCULOS DEL AUTOR Un susto de muerte tras un Pacto Sucesorio &#8220;Contigo, pan y cebolla&#8221; es una expresi\u00f3n muy nuestra, de car\u00e1cter figurado, con la que los enamorados manifiestan -de momento- [&hellip;]","og_url":"https:\/\/fmsb.eu\/en\/2020\/11\/01\/pan-y-cebolla-con-hacienda-articulo-de-opinion-jorge-sainz-de-baranda\/","og_site_name":"FMSB Abogados y Economistas en Baleares","article_published_time":"2020-11-01T07:04:31+00:00","og_image":[{"width":1600,"height":1200,"url":"https:\/\/fmsb.eu\/wp-content\/uploads\/2020\/10\/Pan-y-Cebolla-con-Hacienda-Jorge-Sainz-de-Baranda-FMSB-Abogados.png","type":"image\/png"}],"author":"fmsb","twitter_card":"summary_large_image","twitter_creator":"@fmsb-disstint","twitter_misc":{"Written by":"fmsb","Est. reading time":"4 minutes"},"schema":{"@context":"https:\/\/schema.org","@graph":[{"@type":"Article","@id":"https:\/\/fmsb.eu\/en\/2020\/11\/01\/pan-y-cebolla-con-hacienda-articulo-de-opinion-jorge-sainz-de-baranda\/#article","isPartOf":{"@id":"https:\/\/fmsb.eu\/en\/2020\/11\/01\/pan-y-cebolla-con-hacienda-articulo-de-opinion-jorge-sainz-de-baranda\/"},"author":{"name":"fmsb","@id":"https:\/\/fmsb.eu\/en\/#\/schema\/person\/9fba7c70814b0cd34d35d655d36a4ca2"},"headline":"Pan y Cebolla con Hacienda. Art\u00edculo de opini\u00f3n en Mallorcadiario.com de Jorge S\u00e1inz de Baranda","datePublished":"2020-11-01T07:04:31+00:00","mainEntityOfPage":{"@id":"https:\/\/fmsb.eu\/en\/2020\/11\/01\/pan-y-cebolla-con-hacienda-articulo-de-opinion-jorge-sainz-de-baranda\/"},"wordCount":763,"publisher":{"@id":"https:\/\/fmsb.eu\/en\/#organization"},"image":{"@id":"https:\/\/fmsb.eu\/en\/2020\/11\/01\/pan-y-cebolla-con-hacienda-articulo-de-opinion-jorge-sainz-de-baranda\/#primaryimage"},"thumbnailUrl":"https:\/\/fmsb.eu\/wp-content\/uploads\/2020\/10\/Pan-y-Cebolla-con-Hacienda-Jorge-Sainz-de-Baranda-FMSB-Abogados.png","keywords":["abogados","aeat","articulos","asesores","baleares","derecho fiscal","derecho tributario","economistas","el arenal","fraude fiscal","Hacienda","ibi","impuesto de sucesiones","impuestos","IRPF","jorge sainz de baranda","ley del catastro","mallorca","mallorcadiario","Manacor","opinion","Palma","plusval\u00eda","prespuestos generales del estado","puerto de andratx","valor catastral","valor de referencia de mercado"],"articleSection":["blog","Derecho Fiscal","Home","Opini\u00f3n"],"inLanguage":"en-US"},{"@type":"WebPage","@id":"https:\/\/fmsb.eu\/en\/2020\/11\/01\/pan-y-cebolla-con-hacienda-articulo-de-opinion-jorge-sainz-de-baranda\/","url":"https:\/\/fmsb.eu\/en\/2020\/11\/01\/pan-y-cebolla-con-hacienda-articulo-de-opinion-jorge-sainz-de-baranda\/","name":"Pan y Cebolla con Hacienda. Art\u00edculo de opini\u00f3n en Mallorcadiario.com de Jorge S\u00e1inz de Baranda - FMSB Abogados y Economistas en Baleares","isPartOf":{"@id":"https:\/\/fmsb.eu\/en\/#website"},"primaryImageOfPage":{"@id":"https:\/\/fmsb.eu\/en\/2020\/11\/01\/pan-y-cebolla-con-hacienda-articulo-de-opinion-jorge-sainz-de-baranda\/#primaryimage"},"image":{"@id":"https:\/\/fmsb.eu\/en\/2020\/11\/01\/pan-y-cebolla-con-hacienda-articulo-de-opinion-jorge-sainz-de-baranda\/#primaryimage"},"thumbnailUrl":"https:\/\/fmsb.eu\/wp-content\/uploads\/2020\/10\/Pan-y-Cebolla-con-Hacienda-Jorge-Sainz-de-Baranda-FMSB-Abogados.png","datePublished":"2020-11-01T07:04:31+00:00","breadcrumb":{"@id":"https:\/\/fmsb.eu\/en\/2020\/11\/01\/pan-y-cebolla-con-hacienda-articulo-de-opinion-jorge-sainz-de-baranda\/#breadcrumb"},"inLanguage":"en-US","potentialAction":[{"@type":"ReadAction","target":["https:\/\/fmsb.eu\/en\/2020\/11\/01\/pan-y-cebolla-con-hacienda-articulo-de-opinion-jorge-sainz-de-baranda\/"]}]},{"@type":"ImageObject","inLanguage":"en-US","@id":"https:\/\/fmsb.eu\/en\/2020\/11\/01\/pan-y-cebolla-con-hacienda-articulo-de-opinion-jorge-sainz-de-baranda\/#primaryimage","url":"https:\/\/fmsb.eu\/wp-content\/uploads\/2020\/10\/Pan-y-Cebolla-con-Hacienda-Jorge-Sainz-de-Baranda-FMSB-Abogados.png","contentUrl":"https:\/\/fmsb.eu\/wp-content\/uploads\/2020\/10\/Pan-y-Cebolla-con-Hacienda-Jorge-Sainz-de-Baranda-FMSB-Abogados.png","width":1600,"height":1200},{"@type":"BreadcrumbList","@id":"https:\/\/fmsb.eu\/en\/2020\/11\/01\/pan-y-cebolla-con-hacienda-articulo-de-opinion-jorge-sainz-de-baranda\/#breadcrumb","itemListElement":[{"@type":"ListItem","position":1,"name":"Portada","item":"https:\/\/fmsb.eu\/en\/"},{"@type":"ListItem","position":2,"name":"Pan y Cebolla con Hacienda. Art\u00edculo de opini\u00f3n en Mallorcadiario.com de Jorge S\u00e1inz de Baranda"}]},{"@type":"WebSite","@id":"https:\/\/fmsb.eu\/en\/#website","url":"https:\/\/fmsb.eu\/en\/","name":"FMSB Abogados y Economistas en Baleares","description":"","publisher":{"@id":"https:\/\/fmsb.eu\/en\/#organization"},"potentialAction":[{"@type":"SearchAction","target":{"@type":"EntryPoint","urlTemplate":"https:\/\/fmsb.eu\/en\/?s={search_term_string}"},"query-input":{"@type":"PropertyValueSpecification","valueRequired":true,"valueName":"search_term_string"}}],"inLanguage":"en-US"},{"@type":"Organization","@id":"https:\/\/fmsb.eu\/en\/#organization","name":"FMSB Abogados y Economistas en Baleares","url":"https:\/\/fmsb.eu\/en\/","logo":{"@type":"ImageObject","inLanguage":"en-US","@id":"https:\/\/fmsb.eu\/en\/#\/schema\/logo\/image\/","url":"https:\/\/fmsb.eu\/wp-content\/uploads\/2025\/02\/logo.svg","contentUrl":"https:\/\/fmsb.eu\/wp-content\/uploads\/2025\/02\/logo.svg","width":154,"height":52,"caption":"FMSB Abogados y Economistas en Baleares"},"image":{"@id":"https:\/\/fmsb.eu\/en\/#\/schema\/logo\/image\/"}},{"@type":"Person","@id":"https:\/\/fmsb.eu\/en\/#\/schema\/person\/9fba7c70814b0cd34d35d655d36a4ca2","name":"fmsb","image":{"@type":"ImageObject","inLanguage":"en-US","@id":"https:\/\/secure.gravatar.com\/avatar\/426f4d5b0ebcace85460caf87cdaaa193694b611e990615d87a13f322fb7ee7f?s=96&d=mm&r=g","url":"https:\/\/secure.gravatar.com\/avatar\/426f4d5b0ebcace85460caf87cdaaa193694b611e990615d87a13f322fb7ee7f?s=96&d=mm&r=g","contentUrl":"https:\/\/secure.gravatar.com\/avatar\/426f4d5b0ebcace85460caf87cdaaa193694b611e990615d87a13f322fb7ee7f?s=96&d=mm&r=g","caption":"fmsb"},"sameAs":["https:\/\/x.com\/fmsb-disstint"],"url":"https:\/\/fmsb.eu\/en\/author\/fmsb\/"}]}},"_links":{"self":[{"href":"https:\/\/fmsb.eu\/en\/wp-json\/wp\/v2\/posts\/11580","targetHints":{"allow":["GET"]}}],"collection":[{"href":"https:\/\/fmsb.eu\/en\/wp-json\/wp\/v2\/posts"}],"about":[{"href":"https:\/\/fmsb.eu\/en\/wp-json\/wp\/v2\/types\/post"}],"author":[{"embeddable":true,"href":"https:\/\/fmsb.eu\/en\/wp-json\/wp\/v2\/users\/2"}],"replies":[{"embeddable":true,"href":"https:\/\/fmsb.eu\/en\/wp-json\/wp\/v2\/comments?post=11580"}],"version-history":[{"count":0,"href":"https:\/\/fmsb.eu\/en\/wp-json\/wp\/v2\/posts\/11580\/revisions"}],"wp:featuredmedia":[{"embeddable":true,"href":"https:\/\/fmsb.eu\/en\/wp-json\/wp\/v2\/media\/9198"}],"wp:attachment":[{"href":"https:\/\/fmsb.eu\/en\/wp-json\/wp\/v2\/media?parent=11580"}],"wp:term":[{"taxonomy":"category","embeddable":true,"href":"https:\/\/fmsb.eu\/en\/wp-json\/wp\/v2\/categories?post=11580"},{"taxonomy":"post_tag","embeddable":true,"href":"https:\/\/fmsb.eu\/en\/wp-json\/wp\/v2\/tags?post=11580"}],"curies":[{"name":"wp","href":"https:\/\/api.w.org\/{rel}","templated":true}]}}