{"id":11586,"date":"2020-10-23T12:21:43","date_gmt":"2020-10-23T10:21:43","guid":{"rendered":"http:\/\/fmsb.disstintbeta.com\/2020\/10\/23\/jorge-sainz-de-baranda-fmsb-abogados-fiscalidad-baleares\/"},"modified":"2020-10-23T12:21:43","modified_gmt":"2020-10-23T10:21:43","slug":"jorge-sainz-de-baranda-fmsb-abogados-fiscalidad-baleares","status":"publish","type":"post","link":"https:\/\/fmsb.eu\/en\/2020\/10\/23\/jorge-sainz-de-baranda-fmsb-abogados-fiscalidad-baleares\/","title":{"rendered":"Jorge S\u00e1inz de Baranda, sobre novedades fiscales y otros asuntos de inter\u00e9s en Radio Calvi\u00e0 FM"},"content":{"rendered":"<p><iframe src=\"https:\/\/www.youtube.com\/embed\/vp8OjsKQ_1k\" width=\"560\" height=\"315\" frameborder=\"0\" allowfullscreen=\"allowfullscreen\"><\/iframe><\/p>\n<p>El abogado y socio de <strong>Font Mora Sainz de Baranda <\/strong><em>-abogados y economistas en Baleares-<\/em><strong> Jorge S\u00e1inz de Baranda<\/strong>, a cargo este viernes del consultorio jur\u00eddico de <a href=\"https:\/\/www.facebook.com\/RadioCalviaFM\"><strong>Radio Calvi\u00e0 FM<\/strong><\/a>, nos trajo en esta ocasi\u00f3n, las <strong>novedades fiscales<\/strong> m\u00e1s importantes sobre los siguientes temas:<\/p>\n<p><strong>A) PACTOS SUCESORIOS<\/strong> y aspectos pr\u00e1cticos que se dan en estos supuestos de:<\/p>\n<p>\u2022 Transmisi\u00f3n de participaciones de la empresa familiar mediante pacto sucesorio y la no aplicaci\u00f3n de la reducci\u00f3n del 95% en el impuesto.<\/p>\n<p>\u2022 Donaci\u00f3n con definici\u00f3n del derecho de usufructo. La nueva campa\u00f1a de la <a href=\"http:\/\/www.atib.es\">ATIB<\/a> (Agencia Tributaria de Baleares).<\/p>\n<p>\u2022 La ganancia patrimonial cuando el hijo vende el bien entregado por el padre mediante pacto sucesorio.<\/p>\n<p><strong>B)<\/strong> La <strong>LEY DE MEDIDAS CONTRA EL FRAUDE FISCAL<\/strong> y sus novedades:<\/p>\n<p>\u2022 las herramientas preventivas de la evasi\u00f3n fiscal<br \/>\n\u2022 la prohibici\u00f3n del denominado software de doble uso (utilizado por grandes compa\u00f1\u00edas para hacer una doble contabilidad con programas inform\u00e1ticos que permiten su manipulaci\u00f3n)<br \/>\n\u2022 la prohibici\u00f3n de las amnist\u00edas fiscales<br \/>\n\u2022 el control de las criptomonedas<br \/>\n\u2022 la limitaci\u00f3n del pago en efectivo para determinadas actividades econ\u00f3micas<\/p>\n<p>&nbsp;<\/p>\n<hr \/>\n<p><span class=\"_5zk7\" spellcheck=\"false\" data-offset-key=\"3skcu-0-0\"><span data-offset-key=\"3skcu-0-0\">#fmsb<\/span><\/span> <span class=\"_5zk7\" spellcheck=\"false\" data-offset-key=\"3skcu-2-0\"><span data-offset-key=\"3skcu-2-0\">#fontmorasainzdebaranda<\/span><\/span> <span class=\"_5zk7\" spellcheck=\"false\" data-offset-key=\"3skcu-4-0\"><span data-offset-key=\"3skcu-4-0\">#abogados<\/span><\/span> <span class=\"_5zk7\" spellcheck=\"false\" data-offset-key=\"3skcu-6-0\"><span data-offset-key=\"3skcu-6-0\">#economistas<\/span><\/span> <span class=\"_5zk7\" spellcheck=\"false\" data-offset-key=\"3skcu-8-0\"><span data-offset-key=\"3skcu-8-0\">#atib<\/span><\/span> <span class=\"_5zk7\" spellcheck=\"false\" data-offset-key=\"3skcu-10-0\"><span data-offset-key=\"3skcu-10-0\">#aeat<\/span><\/span> <span class=\"_5zk7\" spellcheck=\"false\" data-offset-key=\"3skcu-12-0\"><span data-offset-key=\"3skcu-12-0\">#pactos<\/span><\/span> <span class=\"_5zk7\" spellcheck=\"false\" data-offset-key=\"3skcu-14-0\"><span data-offset-key=\"3skcu-14-0\">#herencia<\/span><\/span> <span class=\"_5zk7\" spellcheck=\"false\" data-offset-key=\"3skcu-16-0\"><span data-offset-key=\"3skcu-16-0\">#donaci\u00f3n<\/span><\/span> <span class=\"_5zk7\" spellcheck=\"false\" data-offset-key=\"3skcu-18-0\"><span data-offset-key=\"3skcu-18-0\">#definici\u00f3n<\/span><\/span> <span class=\"_5zk7\" spellcheck=\"false\" data-offset-key=\"3skcu-20-0\"><span data-offset-key=\"3skcu-20-0\">#usufruto<\/span><\/span> <span class=\"_5zk7\" spellcheck=\"false\" data-offset-key=\"3skcu-22-0\"><span data-offset-key=\"3skcu-22-0\">#empresa<\/span><\/span> <span class=\"_5zk7\" spellcheck=\"false\" data-offset-key=\"3skcu-24-0\"><span data-offset-key=\"3skcu-24-0\">#transmisi\u00f3n<\/span><\/span> <span class=\"_5zk7\" spellcheck=\"false\" data-offset-key=\"3skcu-26-0\"><span data-offset-key=\"3skcu-26-0\">#participaciones<\/span><\/span> <span class=\"_5zk7\" spellcheck=\"false\" data-offset-key=\"3skcu-28-0\"><span data-offset-key=\"3skcu-28-0\">#fraude<\/span><\/span> <span class=\"_5zk7\" spellcheck=\"false\" data-offset-key=\"3skcu-30-0\"><span data-offset-key=\"3skcu-30-0\">#evasi\u00f3n<\/span><\/span> <span class=\"_5zk7\" spellcheck=\"false\" data-offset-key=\"3skcu-32-0\"><span data-offset-key=\"3skcu-32-0\">#fiscal<\/span><\/span> <span class=\"_5zk7\" spellcheck=\"false\" data-offset-key=\"3skcu-34-0\"><span data-offset-key=\"3skcu-34-0\">#blanqueo<\/span><\/span> <span class=\"_5zk7\" spellcheck=\"false\" data-offset-key=\"3skcu-36-0\"><span data-offset-key=\"3skcu-36-0\">#normativa<\/span><\/span> <span class=\"_5zk7\" spellcheck=\"false\" data-offset-key=\"3skcu-38-0\"><span data-offset-key=\"3skcu-38-0\">#hacienda<\/span><\/span> <span class=\"_5zk7\" spellcheck=\"false\" data-offset-key=\"3skcu-40-0\"><span data-offset-key=\"3skcu-40-0\">#amnist\u00eda<\/span><\/span> <span class=\"_5zk7\" spellcheck=\"false\" data-offset-key=\"3skcu-42-0\"><span data-offset-key=\"3skcu-42-0\">#criptomoneda<\/span><\/span> <span class=\"_5zk7\" spellcheck=\"false\" data-offset-key=\"3skcu-44-0\"><span data-offset-key=\"3skcu-44-0\">#pagoenefectivo<\/span><\/span> <span class=\"_5zk7\" spellcheck=\"false\" data-offset-key=\"3skcu-46-0\"><span data-offset-key=\"3skcu-46-0\">#baleares<\/span><\/span> <span class=\"_5zk7\" spellcheck=\"false\" data-offset-key=\"3skcu-48-0\"><span data-offset-key=\"3skcu-48-0\">#mallorca<\/span><\/span> <span class=\"_5zk7\" spellcheck=\"false\" data-offset-key=\"3skcu-50-0\"><span data-offset-key=\"3skcu-50-0\">#menorca<\/span><\/span> <span class=\"_5zk7\" spellcheck=\"false\" data-offset-key=\"3skcu-52-0\"><span data-offset-key=\"3skcu-52-0\">#ibiza<\/span><\/span> <span class=\"_5zk7\" spellcheck=\"false\" data-offset-key=\"3skcu-54-0\"><span data-offset-key=\"3skcu-54-0\">#manacor<\/span><\/span> <span class=\"_5zk7\" spellcheck=\"false\" data-offset-key=\"3skcu-56-0\"><span data-offset-key=\"3skcu-56-0\">#elarenal<\/span><\/span> <span class=\"_5zk7\" spellcheck=\"false\" data-offset-key=\"3skcu-58-0\"><span data-offset-key=\"3skcu-58-0\">#andratx<\/span><\/span> <span class=\"_5zk7\" spellcheck=\"false\" data-offset-key=\"3skcu-60-0\"><span data-offset-key=\"3skcu-60-0\">#lawyers<\/span><\/span> <span class=\"_5zk7\" spellcheck=\"false\" data-offset-key=\"3skcu-62-0\"><span data-offset-key=\"3skcu-62-0\">#solicitors<\/span><\/span><\/p>\n","protected":false},"excerpt":{"rendered":"<p>El abogado y socio de Font Mora Sainz de Baranda -abogados y economistas en Baleares- Jorge S\u00e1inz de Baranda, a cargo este viernes del consultorio jur\u00eddico de Radio Calvi\u00e0 FM, nos trajo en esta ocasi\u00f3n, las novedades fiscales m\u00e1s importantes sobre los siguientes temas: A) PACTOS SUCESORIOS y aspectos pr\u00e1cticos que se dan en estos [&hellip;]<\/p>\n","protected":false},"author":2,"featured_media":9190,"comment_status":"closed","ping_status":"open","sticky":false,"template":"","format":"standard","meta":{"footnotes":""},"categories":[2149,3880,2250,2946,2152],"tags":[],"class_list":["post-11586","post","type-post","status-publish","format-standard","has-post-thumbnail","hentry","category-blog-en-2","category-coronavirus-en","category-derecho-fiscal-en","category-derecho-mercantil-en","category-home-en-2"],"yoast_head":"<!-- This site is optimized with the Yoast SEO plugin v27.3 - https:\/\/yoast.com\/product\/yoast-seo-wordpress\/ -->\n<title>Jorge S\u00e1inz de Baranda, sobre novedades fiscales y otros asuntos de inter\u00e9s en Radio Calvi\u00e0 FM - FMSB Abogados y Economistas en Baleares<\/title>\n<meta name=\"robots\" content=\"index, follow, max-snippet:-1, max-image-preview:large, max-video-preview:-1\" \/>\n<link rel=\"canonical\" href=\"https:\/\/fmsb.eu\/en\/2020\/10\/23\/jorge-sainz-de-baranda-fmsb-abogados-fiscalidad-baleares\/\" \/>\n<meta property=\"og:locale\" content=\"en_US\" \/>\n<meta property=\"og:type\" content=\"article\" \/>\n<meta property=\"og:title\" content=\"Jorge S\u00e1inz de Baranda, sobre novedades fiscales y otros asuntos de inter\u00e9s en Radio Calvi\u00e0 FM - FMSB Abogados y Economistas en Baleares\" \/>\n<meta property=\"og:description\" content=\"El abogado y socio de Font Mora Sainz de Baranda -abogados y economistas en Baleares- Jorge S\u00e1inz de Baranda, a cargo este viernes del consultorio jur\u00eddico de Radio Calvi\u00e0 FM, nos trajo en esta ocasi\u00f3n, las novedades fiscales m\u00e1s importantes sobre los siguientes temas: A) PACTOS SUCESORIOS y aspectos pr\u00e1cticos que se dan en estos [&hellip;]\" \/>\n<meta property=\"og:url\" content=\"https:\/\/fmsb.eu\/en\/2020\/10\/23\/jorge-sainz-de-baranda-fmsb-abogados-fiscalidad-baleares\/\" \/>\n<meta property=\"og:site_name\" content=\"FMSB Abogados y Economistas en Baleares\" \/>\n<meta property=\"article:published_time\" content=\"2020-10-23T10:21:43+00:00\" \/>\n<meta property=\"og:image\" content=\"https:\/\/fmsb.eu\/wp-content\/uploads\/2020\/10\/Captura-4.jpg\" \/>\n\t<meta property=\"og:image:width\" content=\"732\" \/>\n\t<meta property=\"og:image:height\" content=\"413\" \/>\n\t<meta property=\"og:image:type\" content=\"image\/jpeg\" \/>\n<meta name=\"author\" content=\"fmsb\" \/>\n<meta name=\"twitter:card\" content=\"summary_large_image\" \/>\n<meta name=\"twitter:creator\" content=\"@fmsb-disstint\" \/>\n<meta name=\"twitter:label1\" content=\"Written by\" \/>\n\t<meta name=\"twitter:data1\" content=\"fmsb\" \/>\n\t<meta name=\"twitter:label2\" content=\"Est. reading time\" \/>\n\t<meta name=\"twitter:data2\" content=\"1 minute\" \/>\n<script type=\"application\/ld+json\" class=\"yoast-schema-graph\">{\"@context\":\"https:\\\/\\\/schema.org\",\"@graph\":[{\"@type\":\"Article\",\"@id\":\"https:\\\/\\\/fmsb.eu\\\/en\\\/2020\\\/10\\\/23\\\/jorge-sainz-de-baranda-fmsb-abogados-fiscalidad-baleares\\\/#article\",\"isPartOf\":{\"@id\":\"https:\\\/\\\/fmsb.eu\\\/en\\\/2020\\\/10\\\/23\\\/jorge-sainz-de-baranda-fmsb-abogados-fiscalidad-baleares\\\/\"},\"author\":{\"name\":\"fmsb\",\"@id\":\"https:\\\/\\\/fmsb.eu\\\/en\\\/#\\\/schema\\\/person\\\/9fba7c70814b0cd34d35d655d36a4ca2\"},\"headline\":\"Jorge S\u00e1inz de Baranda, sobre novedades fiscales y otros asuntos de inter\u00e9s en Radio Calvi\u00e0 FM\",\"datePublished\":\"2020-10-23T10:21:43+00:00\",\"mainEntityOfPage\":{\"@id\":\"https:\\\/\\\/fmsb.eu\\\/en\\\/2020\\\/10\\\/23\\\/jorge-sainz-de-baranda-fmsb-abogados-fiscalidad-baleares\\\/\"},\"wordCount\":251,\"publisher\":{\"@id\":\"https:\\\/\\\/fmsb.eu\\\/en\\\/#organization\"},\"image\":{\"@id\":\"https:\\\/\\\/fmsb.eu\\\/en\\\/2020\\\/10\\\/23\\\/jorge-sainz-de-baranda-fmsb-abogados-fiscalidad-baleares\\\/#primaryimage\"},\"thumbnailUrl\":\"https:\\\/\\\/fmsb.eu\\\/wp-content\\\/uploads\\\/2020\\\/10\\\/Captura-4.jpg\",\"articleSection\":[\"blog\",\"Coronavirus\",\"Derecho Fiscal\",\"Derecho Mercantil\",\"Home\"],\"inLanguage\":\"en-US\"},{\"@type\":\"WebPage\",\"@id\":\"https:\\\/\\\/fmsb.eu\\\/en\\\/2020\\\/10\\\/23\\\/jorge-sainz-de-baranda-fmsb-abogados-fiscalidad-baleares\\\/\",\"url\":\"https:\\\/\\\/fmsb.eu\\\/en\\\/2020\\\/10\\\/23\\\/jorge-sainz-de-baranda-fmsb-abogados-fiscalidad-baleares\\\/\",\"name\":\"Jorge S\u00e1inz de Baranda, sobre novedades fiscales y otros asuntos de inter\u00e9s en Radio Calvi\u00e0 FM - FMSB Abogados y Economistas en Baleares\",\"isPartOf\":{\"@id\":\"https:\\\/\\\/fmsb.eu\\\/en\\\/#website\"},\"primaryImageOfPage\":{\"@id\":\"https:\\\/\\\/fmsb.eu\\\/en\\\/2020\\\/10\\\/23\\\/jorge-sainz-de-baranda-fmsb-abogados-fiscalidad-baleares\\\/#primaryimage\"},\"image\":{\"@id\":\"https:\\\/\\\/fmsb.eu\\\/en\\\/2020\\\/10\\\/23\\\/jorge-sainz-de-baranda-fmsb-abogados-fiscalidad-baleares\\\/#primaryimage\"},\"thumbnailUrl\":\"https:\\\/\\\/fmsb.eu\\\/wp-content\\\/uploads\\\/2020\\\/10\\\/Captura-4.jpg\",\"datePublished\":\"2020-10-23T10:21:43+00:00\",\"breadcrumb\":{\"@id\":\"https:\\\/\\\/fmsb.eu\\\/en\\\/2020\\\/10\\\/23\\\/jorge-sainz-de-baranda-fmsb-abogados-fiscalidad-baleares\\\/#breadcrumb\"},\"inLanguage\":\"en-US\",\"potentialAction\":[{\"@type\":\"ReadAction\",\"target\":[\"https:\\\/\\\/fmsb.eu\\\/en\\\/2020\\\/10\\\/23\\\/jorge-sainz-de-baranda-fmsb-abogados-fiscalidad-baleares\\\/\"]}]},{\"@type\":\"ImageObject\",\"inLanguage\":\"en-US\",\"@id\":\"https:\\\/\\\/fmsb.eu\\\/en\\\/2020\\\/10\\\/23\\\/jorge-sainz-de-baranda-fmsb-abogados-fiscalidad-baleares\\\/#primaryimage\",\"url\":\"https:\\\/\\\/fmsb.eu\\\/wp-content\\\/uploads\\\/2020\\\/10\\\/Captura-4.jpg\",\"contentUrl\":\"https:\\\/\\\/fmsb.eu\\\/wp-content\\\/uploads\\\/2020\\\/10\\\/Captura-4.jpg\",\"width\":732,\"height\":413},{\"@type\":\"BreadcrumbList\",\"@id\":\"https:\\\/\\\/fmsb.eu\\\/en\\\/2020\\\/10\\\/23\\\/jorge-sainz-de-baranda-fmsb-abogados-fiscalidad-baleares\\\/#breadcrumb\",\"itemListElement\":[{\"@type\":\"ListItem\",\"position\":1,\"name\":\"Portada\",\"item\":\"https:\\\/\\\/fmsb.eu\\\/en\\\/\"},{\"@type\":\"ListItem\",\"position\":2,\"name\":\"Jorge S\u00e1inz de Baranda, sobre novedades fiscales y otros asuntos de inter\u00e9s en Radio Calvi\u00e0 FM\"}]},{\"@type\":\"WebSite\",\"@id\":\"https:\\\/\\\/fmsb.eu\\\/en\\\/#website\",\"url\":\"https:\\\/\\\/fmsb.eu\\\/en\\\/\",\"name\":\"FMSB Abogados y Economistas en Baleares\",\"description\":\"\",\"publisher\":{\"@id\":\"https:\\\/\\\/fmsb.eu\\\/en\\\/#organization\"},\"potentialAction\":[{\"@type\":\"SearchAction\",\"target\":{\"@type\":\"EntryPoint\",\"urlTemplate\":\"https:\\\/\\\/fmsb.eu\\\/en\\\/?s={search_term_string}\"},\"query-input\":{\"@type\":\"PropertyValueSpecification\",\"valueRequired\":true,\"valueName\":\"search_term_string\"}}],\"inLanguage\":\"en-US\"},{\"@type\":\"Organization\",\"@id\":\"https:\\\/\\\/fmsb.eu\\\/en\\\/#organization\",\"name\":\"FMSB Abogados y Economistas en Baleares\",\"url\":\"https:\\\/\\\/fmsb.eu\\\/en\\\/\",\"logo\":{\"@type\":\"ImageObject\",\"inLanguage\":\"en-US\",\"@id\":\"https:\\\/\\\/fmsb.eu\\\/en\\\/#\\\/schema\\\/logo\\\/image\\\/\",\"url\":\"https:\\\/\\\/fmsb.eu\\\/wp-content\\\/uploads\\\/2025\\\/02\\\/logo.svg\",\"contentUrl\":\"https:\\\/\\\/fmsb.eu\\\/wp-content\\\/uploads\\\/2025\\\/02\\\/logo.svg\",\"width\":154,\"height\":52,\"caption\":\"FMSB Abogados y Economistas en Baleares\"},\"image\":{\"@id\":\"https:\\\/\\\/fmsb.eu\\\/en\\\/#\\\/schema\\\/logo\\\/image\\\/\"}},{\"@type\":\"Person\",\"@id\":\"https:\\\/\\\/fmsb.eu\\\/en\\\/#\\\/schema\\\/person\\\/9fba7c70814b0cd34d35d655d36a4ca2\",\"name\":\"fmsb\",\"image\":{\"@type\":\"ImageObject\",\"inLanguage\":\"en-US\",\"@id\":\"https:\\\/\\\/secure.gravatar.com\\\/avatar\\\/426f4d5b0ebcace85460caf87cdaaa193694b611e990615d87a13f322fb7ee7f?s=96&d=mm&r=g\",\"url\":\"https:\\\/\\\/secure.gravatar.com\\\/avatar\\\/426f4d5b0ebcace85460caf87cdaaa193694b611e990615d87a13f322fb7ee7f?s=96&d=mm&r=g\",\"contentUrl\":\"https:\\\/\\\/secure.gravatar.com\\\/avatar\\\/426f4d5b0ebcace85460caf87cdaaa193694b611e990615d87a13f322fb7ee7f?s=96&d=mm&r=g\",\"caption\":\"fmsb\"},\"sameAs\":[\"https:\\\/\\\/x.com\\\/fmsb-disstint\"],\"url\":\"https:\\\/\\\/fmsb.eu\\\/en\\\/author\\\/fmsb\\\/\"}]}<\/script>\n<!-- \/ Yoast SEO plugin. -->","yoast_head_json":{"title":"Jorge S\u00e1inz de Baranda, sobre novedades fiscales y otros asuntos de inter\u00e9s en Radio Calvi\u00e0 FM - FMSB Abogados y Economistas en Baleares","robots":{"index":"index","follow":"follow","max-snippet":"max-snippet:-1","max-image-preview":"max-image-preview:large","max-video-preview":"max-video-preview:-1"},"canonical":"https:\/\/fmsb.eu\/en\/2020\/10\/23\/jorge-sainz-de-baranda-fmsb-abogados-fiscalidad-baleares\/","og_locale":"en_US","og_type":"article","og_title":"Jorge S\u00e1inz de Baranda, sobre novedades fiscales y otros asuntos de inter\u00e9s en Radio Calvi\u00e0 FM - FMSB Abogados y Economistas en Baleares","og_description":"El abogado y socio de Font Mora Sainz de Baranda -abogados y economistas en Baleares- Jorge S\u00e1inz de Baranda, a cargo este viernes del consultorio jur\u00eddico de Radio Calvi\u00e0 FM, nos trajo en esta ocasi\u00f3n, las novedades fiscales m\u00e1s importantes sobre los siguientes temas: A) PACTOS SUCESORIOS y aspectos pr\u00e1cticos que se dan en estos [&hellip;]","og_url":"https:\/\/fmsb.eu\/en\/2020\/10\/23\/jorge-sainz-de-baranda-fmsb-abogados-fiscalidad-baleares\/","og_site_name":"FMSB Abogados y Economistas en Baleares","article_published_time":"2020-10-23T10:21:43+00:00","og_image":[{"width":732,"height":413,"url":"https:\/\/fmsb.eu\/wp-content\/uploads\/2020\/10\/Captura-4.jpg","type":"image\/jpeg"}],"author":"fmsb","twitter_card":"summary_large_image","twitter_creator":"@fmsb-disstint","twitter_misc":{"Written by":"fmsb","Est. reading time":"1 minute"},"schema":{"@context":"https:\/\/schema.org","@graph":[{"@type":"Article","@id":"https:\/\/fmsb.eu\/en\/2020\/10\/23\/jorge-sainz-de-baranda-fmsb-abogados-fiscalidad-baleares\/#article","isPartOf":{"@id":"https:\/\/fmsb.eu\/en\/2020\/10\/23\/jorge-sainz-de-baranda-fmsb-abogados-fiscalidad-baleares\/"},"author":{"name":"fmsb","@id":"https:\/\/fmsb.eu\/en\/#\/schema\/person\/9fba7c70814b0cd34d35d655d36a4ca2"},"headline":"Jorge S\u00e1inz de Baranda, sobre novedades fiscales y otros asuntos de inter\u00e9s en Radio Calvi\u00e0 FM","datePublished":"2020-10-23T10:21:43+00:00","mainEntityOfPage":{"@id":"https:\/\/fmsb.eu\/en\/2020\/10\/23\/jorge-sainz-de-baranda-fmsb-abogados-fiscalidad-baleares\/"},"wordCount":251,"publisher":{"@id":"https:\/\/fmsb.eu\/en\/#organization"},"image":{"@id":"https:\/\/fmsb.eu\/en\/2020\/10\/23\/jorge-sainz-de-baranda-fmsb-abogados-fiscalidad-baleares\/#primaryimage"},"thumbnailUrl":"https:\/\/fmsb.eu\/wp-content\/uploads\/2020\/10\/Captura-4.jpg","articleSection":["blog","Coronavirus","Derecho Fiscal","Derecho Mercantil","Home"],"inLanguage":"en-US"},{"@type":"WebPage","@id":"https:\/\/fmsb.eu\/en\/2020\/10\/23\/jorge-sainz-de-baranda-fmsb-abogados-fiscalidad-baleares\/","url":"https:\/\/fmsb.eu\/en\/2020\/10\/23\/jorge-sainz-de-baranda-fmsb-abogados-fiscalidad-baleares\/","name":"Jorge S\u00e1inz de Baranda, sobre novedades fiscales y otros asuntos de inter\u00e9s en Radio Calvi\u00e0 FM - FMSB Abogados y Economistas en Baleares","isPartOf":{"@id":"https:\/\/fmsb.eu\/en\/#website"},"primaryImageOfPage":{"@id":"https:\/\/fmsb.eu\/en\/2020\/10\/23\/jorge-sainz-de-baranda-fmsb-abogados-fiscalidad-baleares\/#primaryimage"},"image":{"@id":"https:\/\/fmsb.eu\/en\/2020\/10\/23\/jorge-sainz-de-baranda-fmsb-abogados-fiscalidad-baleares\/#primaryimage"},"thumbnailUrl":"https:\/\/fmsb.eu\/wp-content\/uploads\/2020\/10\/Captura-4.jpg","datePublished":"2020-10-23T10:21:43+00:00","breadcrumb":{"@id":"https:\/\/fmsb.eu\/en\/2020\/10\/23\/jorge-sainz-de-baranda-fmsb-abogados-fiscalidad-baleares\/#breadcrumb"},"inLanguage":"en-US","potentialAction":[{"@type":"ReadAction","target":["https:\/\/fmsb.eu\/en\/2020\/10\/23\/jorge-sainz-de-baranda-fmsb-abogados-fiscalidad-baleares\/"]}]},{"@type":"ImageObject","inLanguage":"en-US","@id":"https:\/\/fmsb.eu\/en\/2020\/10\/23\/jorge-sainz-de-baranda-fmsb-abogados-fiscalidad-baleares\/#primaryimage","url":"https:\/\/fmsb.eu\/wp-content\/uploads\/2020\/10\/Captura-4.jpg","contentUrl":"https:\/\/fmsb.eu\/wp-content\/uploads\/2020\/10\/Captura-4.jpg","width":732,"height":413},{"@type":"BreadcrumbList","@id":"https:\/\/fmsb.eu\/en\/2020\/10\/23\/jorge-sainz-de-baranda-fmsb-abogados-fiscalidad-baleares\/#breadcrumb","itemListElement":[{"@type":"ListItem","position":1,"name":"Portada","item":"https:\/\/fmsb.eu\/en\/"},{"@type":"ListItem","position":2,"name":"Jorge S\u00e1inz de Baranda, sobre novedades fiscales y otros asuntos de inter\u00e9s en Radio Calvi\u00e0 FM"}]},{"@type":"WebSite","@id":"https:\/\/fmsb.eu\/en\/#website","url":"https:\/\/fmsb.eu\/en\/","name":"FMSB Abogados y Economistas en Baleares","description":"","publisher":{"@id":"https:\/\/fmsb.eu\/en\/#organization"},"potentialAction":[{"@type":"SearchAction","target":{"@type":"EntryPoint","urlTemplate":"https:\/\/fmsb.eu\/en\/?s={search_term_string}"},"query-input":{"@type":"PropertyValueSpecification","valueRequired":true,"valueName":"search_term_string"}}],"inLanguage":"en-US"},{"@type":"Organization","@id":"https:\/\/fmsb.eu\/en\/#organization","name":"FMSB Abogados y Economistas en Baleares","url":"https:\/\/fmsb.eu\/en\/","logo":{"@type":"ImageObject","inLanguage":"en-US","@id":"https:\/\/fmsb.eu\/en\/#\/schema\/logo\/image\/","url":"https:\/\/fmsb.eu\/wp-content\/uploads\/2025\/02\/logo.svg","contentUrl":"https:\/\/fmsb.eu\/wp-content\/uploads\/2025\/02\/logo.svg","width":154,"height":52,"caption":"FMSB Abogados y Economistas en Baleares"},"image":{"@id":"https:\/\/fmsb.eu\/en\/#\/schema\/logo\/image\/"}},{"@type":"Person","@id":"https:\/\/fmsb.eu\/en\/#\/schema\/person\/9fba7c70814b0cd34d35d655d36a4ca2","name":"fmsb","image":{"@type":"ImageObject","inLanguage":"en-US","@id":"https:\/\/secure.gravatar.com\/avatar\/426f4d5b0ebcace85460caf87cdaaa193694b611e990615d87a13f322fb7ee7f?s=96&d=mm&r=g","url":"https:\/\/secure.gravatar.com\/avatar\/426f4d5b0ebcace85460caf87cdaaa193694b611e990615d87a13f322fb7ee7f?s=96&d=mm&r=g","contentUrl":"https:\/\/secure.gravatar.com\/avatar\/426f4d5b0ebcace85460caf87cdaaa193694b611e990615d87a13f322fb7ee7f?s=96&d=mm&r=g","caption":"fmsb"},"sameAs":["https:\/\/x.com\/fmsb-disstint"],"url":"https:\/\/fmsb.eu\/en\/author\/fmsb\/"}]}},"_links":{"self":[{"href":"https:\/\/fmsb.eu\/en\/wp-json\/wp\/v2\/posts\/11586","targetHints":{"allow":["GET"]}}],"collection":[{"href":"https:\/\/fmsb.eu\/en\/wp-json\/wp\/v2\/posts"}],"about":[{"href":"https:\/\/fmsb.eu\/en\/wp-json\/wp\/v2\/types\/post"}],"author":[{"embeddable":true,"href":"https:\/\/fmsb.eu\/en\/wp-json\/wp\/v2\/users\/2"}],"replies":[{"embeddable":true,"href":"https:\/\/fmsb.eu\/en\/wp-json\/wp\/v2\/comments?post=11586"}],"version-history":[{"count":0,"href":"https:\/\/fmsb.eu\/en\/wp-json\/wp\/v2\/posts\/11586\/revisions"}],"wp:featuredmedia":[{"embeddable":true,"href":"https:\/\/fmsb.eu\/en\/wp-json\/wp\/v2\/media\/9190"}],"wp:attachment":[{"href":"https:\/\/fmsb.eu\/en\/wp-json\/wp\/v2\/media?parent=11586"}],"wp:term":[{"taxonomy":"category","embeddable":true,"href":"https:\/\/fmsb.eu\/en\/wp-json\/wp\/v2\/categories?post=11586"},{"taxonomy":"post_tag","embeddable":true,"href":"https:\/\/fmsb.eu\/en\/wp-json\/wp\/v2\/tags?post=11586"}],"curies":[{"name":"wp","href":"https:\/\/api.w.org\/{rel}","templated":true}]}}