{"id":11588,"date":"2020-10-18T00:59:00","date_gmt":"2020-10-17T22:59:00","guid":{"rendered":"http:\/\/fmsb.disstintbeta.com\/2020\/10\/18\/nos-la-metieron-doblada-camarada-jorge-sainz-de-baranda\/"},"modified":"2020-10-18T00:59:00","modified_gmt":"2020-10-17T22:59:00","slug":"nos-la-metieron-doblada-camarada-jorge-sainz-de-baranda","status":"publish","type":"post","link":"https:\/\/fmsb.eu\/en\/2020\/10\/18\/nos-la-metieron-doblada-camarada-jorge-sainz-de-baranda\/","title":{"rendered":"Nos la metieron doblada, camarada. Art\u00edculo de opini\u00f3n en Mallorcadiario.com de Jorge S\u00e1inz de Baranda"},"content":{"rendered":"<p><a href=\"http:\/\/fmsb.disstintbeta.com\/wp-content\/uploads\/2020\/10\/Nos-la-metieron-doblada-camarada-1.png\"><img fetchpriority=\"high\" decoding=\"async\" class=\"alignnone wp-image-4343\" src=\"http:\/\/fmsb.disstintbeta.com\/wp-content\/uploads\/2020\/10\/Nos-la-metieron-doblada-camarada-1.png\" alt=\"\" width=\"800\" height=\"600\" srcset=\"https:\/\/font-mora-sainz-baranda.fra1.digitaloceanspaces.com\/wp-content\/uploads\/2020\/10\/Nos-la-metieron-doblada-camarada-1.png 1600w, https:\/\/font-mora-sainz-baranda.fra1.digitaloceanspaces.com\/wp-content\/uploads\/2020\/10\/Nos-la-metieron-doblada-camarada-1-300x225.png 300w, https:\/\/font-mora-sainz-baranda.fra1.digitaloceanspaces.com\/wp-content\/uploads\/2020\/10\/Nos-la-metieron-doblada-camarada-1-1024x768.png 1024w, https:\/\/font-mora-sainz-baranda.fra1.digitaloceanspaces.com\/wp-content\/uploads\/2020\/10\/Nos-la-metieron-doblada-camarada-1-768x576.png 768w, https:\/\/font-mora-sainz-baranda.fra1.digitaloceanspaces.com\/wp-content\/uploads\/2020\/10\/Nos-la-metieron-doblada-camarada-1-1536x1152.png 1536w\" sizes=\"(max-width: 800px) 100vw, 800px\" \/><\/a><\/p>\n<div class=\"navegacion\">\n<h3 class=\"antesubtitulo antetit\"><span style=\"color: #993300;\"><strong>mallorcadiario.com<\/strong><\/span>\u00a0 Opini\u00f3n<\/h3>\n<h6 class=\"ulthora fecha_publicacion\"><span class=\"dia_mes_anno\">DOMINGO 18 DE OCTUBRE DE 2020<\/span><\/h6>\n<\/div>\n<div title=\"noticia 557362\">\n<h1 class=\"titulo\"><a href=\"https:\/\/www.mallorcadiario.com\/nos-la-metieron-doblada-camarada-jorge-sainz-de-baranda\">Nos la metieron doblada, camarada<\/a><\/h1>\n<\/div>\n<div id=\"firmante_767\" class=\"firmante\">\n<p>Por\u00a0<strong><span class=\"nombre_firmante\">Jorge S\u00e1inz de Baranda<\/span><\/strong><\/p>\n<h6><a href=\"https:\/\/www.mallorcadiario.com\/jorge-sainz-de-baranda\/autor\/767\/\"><strong><span style=\"color: #993300;\">M\u00c1S ART\u00cdCULOS DEL AUTOR<\/span><\/strong><\/a><\/h6>\n<\/div>\n<p><strong>Nos la metieron doblada, camarada<\/strong><\/p>\n<p>El pol\u00edtico y activista sindical hispano-mexicano conocido como Paco Ignacio Taibo II (Gij\u00f3n, 1949), autor de algunas novelas polic\u00edacas, anunci\u00f3 en 2018, durante la Feria del Libro de Guadalajara, que ser\u00eda el pr\u00f3ximo director del Fondo de Cultura Econ\u00f3mica de M\u00e9xico; y cuando se le pregunto por el proceso para su nombramiento dijo que si no sal\u00eda por Ley, se har\u00eda por edicto, con la significativa expresi\u00f3n de \u201c<em>as\u00ed que, sea como sea, <strong>se la metimos doblada, camarada<\/strong><\/em>\u201d.<\/p>\n<p>Esas declaraciones generaron una gran pol\u00e9mica en las redes de forma inmediata, y para eso est\u00e1n las hemerotecas -como dicen algunos tertulianos televisivos cuya \u00faltima lectura fue el prospecto del champ\u00fa-, ya que se le atribuy\u00f3 a la expresi\u00f3n un significado soez y sexista.<\/p>\n<p>Pero no, nada m\u00e1s lejos de la realidad. La expresi\u00f3n <em>\u201cmeterla doblada\u201d<\/em>, no se me alboroten, solo tiene el significado de enga\u00f1o y abuso de confianza: para algunos se basa en una an\u00e9cdota de la vida militar cuando, habiendo perdido un soldado alguna de las mantas suministradas, colocaba la otra doblada en los recuentos de material para hacerla pasar por dos; para otros, el origen est\u00e1 en la esgrima, en la que los duelistas que no se comportaban como caballeros en el lance introduc\u00edan la espada doblada desde un flanco y oblicuamente desde abajo y en sentido ascendente, de forma que enga\u00f1aban al contrario de forma \u201ccanallesca\u201d, aunque enormemente efectiva.<\/p>\n<p>Y corr\u00eda ese mismo a\u00f1o 2018 de la expresi\u00f3n del amigo Taibo II -y no corr\u00eda hace tanto-, cuando en unos inocentes presupuestos generales del Estado se introduce, como quien no quiere la cosa, el concepto <strong>\u201cValor de Referencia del mercado\u201d<\/strong> que, mediante una modificaci\u00f3n en la ley del Catastro, introduce un nuevo sistema de valoraci\u00f3n catastral de los inmuebles basado en transacciones reales de mercado.<\/p>\n<p>Ante el miedo esc\u00e9nico que surge de que estuvi\u00e9semos ante un <strong>catastrazo<\/strong> encubierto, sali\u00f3 la Administraci\u00f3n a la palestra para aclarar que este nuevo sistema no afectaba a los impuestos.<\/p>\n<p>Ese nuevo valor de referencia del mercado no iba a modificar ni sustituir el valor catastral, que es el que sirve de base para el IBI, la llamada plusval\u00eda municipal o para valoraciones en otros impuestos, y solo era a efectos de contar con otra herramienta de informaci\u00f3n del mercado a trav\u00e9s de los datos suministrados por los Notarios.<\/p>\n<p>Dicha aclaraci\u00f3n era importante ya que el Tribunal Supremo, en sentencias como la de 23 de mayo de 2018, hab\u00eda rechazado las comprobaciones de valores de los inmuebles que hac\u00edan las Haciendas Auton\u00f3micas, sobre todo mediante la aplicaci\u00f3n de coeficientes sobre los valores catastrales sin que el perito de la Administraci\u00f3n realizase una verdadera actividad de Valoraci\u00f3n.<\/p>\n<p>Pero es ahora, en el momento en que sale a la luz el Proyecto de Ley de Medidas contra el Fraude Fiscal, cuando ese inocente t\u00e9rmino pierde su \u201ccandidez\u201d y aparece impuesto -y nunca mejor dicho- como el nuevo valor que servir\u00e1 de base para las valoraciones a los efectos de las liquidaciones de determinados tributos como el Patrimonio, Sucesiones y Donaciones o Transmisiones Patrimoniales, -y veremos si no termina afectando a las imputaciones de renta en el IRPF-.<\/p>\n<p>Esto permitir\u00e1 a las diferentes Administraciones acudir a un valor no comprobado, calculado por el Catastro a trav\u00e9s de unas variables de terceros superiores al valor real de los inmuebles, sin atender al precio fijado en la escritura y que, a buen seguro, exceder\u00e1 del verdadero precio de mercado del inmueble.<\/p>\n<p>Es decir, por la puerta de atr\u00e1s, con enga\u00f1o, nocturnidad y alevos\u00eda, nos han metido una importante subida de impuestos.<\/p>\n<p>Por todo ello, cuando veamos el verdadero efecto que las nuevas valoraciones imperativas tienen en las cuotas a pagar, igual terminamos d\u00e1ndole a la cita ese significado que no ve\u00edamos hasta ahora ya que, desde luego, \u201c<em>nos la metiste doblada, camarada\u201d<\/em>.<\/p>\n<hr \/>\n<p>Art\u00edculo original publicado en el diario digital\u00a0<a href=\"https:\/\/www.mallorcadiario.com\/nos-la-metieron-doblada-camarada-jorge-sainz-de-baranda\"><strong><span style=\"color: #993300;\">mallorcadiario.com<\/span><\/strong><\/a><\/p>\n","protected":false},"excerpt":{"rendered":"<p>mallorcadiario.com\u00a0 Opini\u00f3n DOMINGO 18 DE OCTUBRE DE 2020 Nos la metieron doblada, camarada Por\u00a0Jorge S\u00e1inz de Baranda M\u00c1S ART\u00cdCULOS DEL AUTOR Nos la metieron doblada, camarada El pol\u00edtico y activista sindical hispano-mexicano conocido como Paco Ignacio Taibo II (Gij\u00f3n, 1949), autor de algunas novelas polic\u00edacas, anunci\u00f3 en 2018, durante la Feria del Libro de Guadalajara, [&hellip;]<\/p>\n","protected":false},"author":2,"featured_media":9188,"comment_status":"closed","ping_status":"open","sticky":false,"template":"","format":"standard","meta":{"footnotes":""},"categories":[2149,2250,2152,3144],"tags":[2156,2608,2494,2255,2158,2261,2262,2168,2169,2631,2266,2634,2270,2271,2272,2274,5542,2181,2277,2182,2284,2286,2643,2644,2190,5543,5544],"class_list":["post-11588","post","type-post","status-publish","format-standard","has-post-thumbnail","hentry","category-blog-en-2","category-derecho-fiscal-en","category-home-en-2","category-opinion-en","tag-abogados-en","tag-aeat-en","tag-articulos-en","tag-asesores-en","tag-baleares-en","tag-derecho-fiscal-en","tag-derecho-tributario-en","tag-economistas-en","tag-el-arenal-en","tag-fraude-fiscal-en","tag-hacienda-en","tag-ibi-en","tag-impuesto-de-sucesiones-en","tag-impuestos-en-2","tag-irpf-en","tag-jorge-sainz-de-baranda-en","tag-ley-del-catastro-en","tag-mallorca-en-2","tag-mallorcadiario-en","tag-manacor-en","tag-opinion-en","tag-palma-en","tag-plusvalia-en","tag-prespuestos-generales-del-estado-en","tag-puerto-de-andratx-en","tag-valor-catastral-en","tag-valor-de-referencia-de-mercado-en"],"yoast_head":"<!-- This site is optimized with the Yoast SEO plugin v27.3 - https:\/\/yoast.com\/product\/yoast-seo-wordpress\/ -->\n<title>Nos la metieron doblada, camarada. Art\u00edculo de opini\u00f3n en Mallorcadiario.com de Jorge S\u00e1inz de Baranda - FMSB Abogados y Economistas en Baleares<\/title>\n<meta name=\"robots\" content=\"index, follow, max-snippet:-1, max-image-preview:large, max-video-preview:-1\" \/>\n<link rel=\"canonical\" href=\"https:\/\/fmsb.eu\/en\/2020\/10\/18\/nos-la-metieron-doblada-camarada-jorge-sainz-de-baranda\/\" \/>\n<meta property=\"og:locale\" content=\"en_US\" \/>\n<meta property=\"og:type\" content=\"article\" \/>\n<meta property=\"og:title\" content=\"Nos la metieron doblada, camarada. Art\u00edculo de opini\u00f3n en Mallorcadiario.com de Jorge S\u00e1inz de Baranda - FMSB Abogados y Economistas en Baleares\" \/>\n<meta property=\"og:description\" content=\"mallorcadiario.com\u00a0 Opini\u00f3n DOMINGO 18 DE OCTUBRE DE 2020 Nos la metieron doblada, camarada Por\u00a0Jorge S\u00e1inz de Baranda M\u00c1S ART\u00cdCULOS DEL AUTOR Nos la metieron doblada, camarada El pol\u00edtico y activista sindical hispano-mexicano conocido como Paco Ignacio Taibo II (Gij\u00f3n, 1949), autor de algunas novelas polic\u00edacas, anunci\u00f3 en 2018, durante la Feria del Libro de Guadalajara, [&hellip;]\" \/>\n<meta property=\"og:url\" content=\"https:\/\/fmsb.eu\/en\/2020\/10\/18\/nos-la-metieron-doblada-camarada-jorge-sainz-de-baranda\/\" \/>\n<meta property=\"og:site_name\" content=\"FMSB Abogados y Economistas en Baleares\" \/>\n<meta property=\"article:published_time\" content=\"2020-10-17T22:59:00+00:00\" \/>\n<meta property=\"og:image\" content=\"https:\/\/fmsb.eu\/wp-content\/uploads\/2020\/10\/Nos-la-metieron-doblada-camarada-1.png\" \/>\n\t<meta property=\"og:image:width\" content=\"1600\" \/>\n\t<meta property=\"og:image:height\" content=\"1200\" \/>\n\t<meta property=\"og:image:type\" content=\"image\/png\" \/>\n<meta name=\"author\" content=\"fmsb\" \/>\n<meta name=\"twitter:card\" content=\"summary_large_image\" \/>\n<meta name=\"twitter:creator\" content=\"@fmsb-disstint\" \/>\n<meta name=\"twitter:label1\" content=\"Written by\" \/>\n\t<meta name=\"twitter:data1\" content=\"fmsb\" \/>\n\t<meta name=\"twitter:label2\" content=\"Est. reading time\" \/>\n\t<meta name=\"twitter:data2\" content=\"4 minutes\" \/>\n<script type=\"application\/ld+json\" class=\"yoast-schema-graph\">{\"@context\":\"https:\\\/\\\/schema.org\",\"@graph\":[{\"@type\":\"Article\",\"@id\":\"https:\\\/\\\/fmsb.eu\\\/en\\\/2020\\\/10\\\/18\\\/nos-la-metieron-doblada-camarada-jorge-sainz-de-baranda\\\/#article\",\"isPartOf\":{\"@id\":\"https:\\\/\\\/fmsb.eu\\\/en\\\/2020\\\/10\\\/18\\\/nos-la-metieron-doblada-camarada-jorge-sainz-de-baranda\\\/\"},\"author\":{\"name\":\"fmsb\",\"@id\":\"https:\\\/\\\/fmsb.eu\\\/en\\\/#\\\/schema\\\/person\\\/9fba7c70814b0cd34d35d655d36a4ca2\"},\"headline\":\"Nos la metieron doblada, camarada. Art\u00edculo de opini\u00f3n en Mallorcadiario.com de Jorge S\u00e1inz de Baranda\",\"datePublished\":\"2020-10-17T22:59:00+00:00\",\"mainEntityOfPage\":{\"@id\":\"https:\\\/\\\/fmsb.eu\\\/en\\\/2020\\\/10\\\/18\\\/nos-la-metieron-doblada-camarada-jorge-sainz-de-baranda\\\/\"},\"wordCount\":735,\"publisher\":{\"@id\":\"https:\\\/\\\/fmsb.eu\\\/en\\\/#organization\"},\"image\":{\"@id\":\"https:\\\/\\\/fmsb.eu\\\/en\\\/2020\\\/10\\\/18\\\/nos-la-metieron-doblada-camarada-jorge-sainz-de-baranda\\\/#primaryimage\"},\"thumbnailUrl\":\"https:\\\/\\\/fmsb.eu\\\/wp-content\\\/uploads\\\/2020\\\/10\\\/Nos-la-metieron-doblada-camarada-1.png\",\"keywords\":[\"abogados\",\"aeat\",\"articulos\",\"asesores\",\"baleares\",\"derecho fiscal\",\"derecho tributario\",\"economistas\",\"el arenal\",\"fraude fiscal\",\"Hacienda\",\"ibi\",\"impuesto de sucesiones\",\"impuestos\",\"IRPF\",\"jorge sainz de baranda\",\"ley del catastro\",\"mallorca\",\"mallorcadiario\",\"Manacor\",\"opinion\",\"Palma\",\"plusval\u00eda\",\"prespuestos generales del estado\",\"puerto de andratx\",\"valor catastral\",\"valor de referencia de mercado\"],\"articleSection\":[\"blog\",\"Derecho Fiscal\",\"Home\",\"Opini\u00f3n\"],\"inLanguage\":\"en-US\"},{\"@type\":\"WebPage\",\"@id\":\"https:\\\/\\\/fmsb.eu\\\/en\\\/2020\\\/10\\\/18\\\/nos-la-metieron-doblada-camarada-jorge-sainz-de-baranda\\\/\",\"url\":\"https:\\\/\\\/fmsb.eu\\\/en\\\/2020\\\/10\\\/18\\\/nos-la-metieron-doblada-camarada-jorge-sainz-de-baranda\\\/\",\"name\":\"Nos la metieron doblada, camarada. Art\u00edculo de opini\u00f3n en Mallorcadiario.com de Jorge S\u00e1inz de Baranda - FMSB Abogados y Economistas en Baleares\",\"isPartOf\":{\"@id\":\"https:\\\/\\\/fmsb.eu\\\/en\\\/#website\"},\"primaryImageOfPage\":{\"@id\":\"https:\\\/\\\/fmsb.eu\\\/en\\\/2020\\\/10\\\/18\\\/nos-la-metieron-doblada-camarada-jorge-sainz-de-baranda\\\/#primaryimage\"},\"image\":{\"@id\":\"https:\\\/\\\/fmsb.eu\\\/en\\\/2020\\\/10\\\/18\\\/nos-la-metieron-doblada-camarada-jorge-sainz-de-baranda\\\/#primaryimage\"},\"thumbnailUrl\":\"https:\\\/\\\/fmsb.eu\\\/wp-content\\\/uploads\\\/2020\\\/10\\\/Nos-la-metieron-doblada-camarada-1.png\",\"datePublished\":\"2020-10-17T22:59:00+00:00\",\"breadcrumb\":{\"@id\":\"https:\\\/\\\/fmsb.eu\\\/en\\\/2020\\\/10\\\/18\\\/nos-la-metieron-doblada-camarada-jorge-sainz-de-baranda\\\/#breadcrumb\"},\"inLanguage\":\"en-US\",\"potentialAction\":[{\"@type\":\"ReadAction\",\"target\":[\"https:\\\/\\\/fmsb.eu\\\/en\\\/2020\\\/10\\\/18\\\/nos-la-metieron-doblada-camarada-jorge-sainz-de-baranda\\\/\"]}]},{\"@type\":\"ImageObject\",\"inLanguage\":\"en-US\",\"@id\":\"https:\\\/\\\/fmsb.eu\\\/en\\\/2020\\\/10\\\/18\\\/nos-la-metieron-doblada-camarada-jorge-sainz-de-baranda\\\/#primaryimage\",\"url\":\"https:\\\/\\\/fmsb.eu\\\/wp-content\\\/uploads\\\/2020\\\/10\\\/Nos-la-metieron-doblada-camarada-1.png\",\"contentUrl\":\"https:\\\/\\\/fmsb.eu\\\/wp-content\\\/uploads\\\/2020\\\/10\\\/Nos-la-metieron-doblada-camarada-1.png\",\"width\":1600,\"height\":1200},{\"@type\":\"BreadcrumbList\",\"@id\":\"https:\\\/\\\/fmsb.eu\\\/en\\\/2020\\\/10\\\/18\\\/nos-la-metieron-doblada-camarada-jorge-sainz-de-baranda\\\/#breadcrumb\",\"itemListElement\":[{\"@type\":\"ListItem\",\"position\":1,\"name\":\"Portada\",\"item\":\"https:\\\/\\\/fmsb.eu\\\/en\\\/\"},{\"@type\":\"ListItem\",\"position\":2,\"name\":\"Nos la metieron doblada, camarada. Art\u00edculo de opini\u00f3n en Mallorcadiario.com de Jorge S\u00e1inz de Baranda\"}]},{\"@type\":\"WebSite\",\"@id\":\"https:\\\/\\\/fmsb.eu\\\/en\\\/#website\",\"url\":\"https:\\\/\\\/fmsb.eu\\\/en\\\/\",\"name\":\"FMSB Abogados y Economistas en Baleares\",\"description\":\"\",\"publisher\":{\"@id\":\"https:\\\/\\\/fmsb.eu\\\/en\\\/#organization\"},\"potentialAction\":[{\"@type\":\"SearchAction\",\"target\":{\"@type\":\"EntryPoint\",\"urlTemplate\":\"https:\\\/\\\/fmsb.eu\\\/en\\\/?s={search_term_string}\"},\"query-input\":{\"@type\":\"PropertyValueSpecification\",\"valueRequired\":true,\"valueName\":\"search_term_string\"}}],\"inLanguage\":\"en-US\"},{\"@type\":\"Organization\",\"@id\":\"https:\\\/\\\/fmsb.eu\\\/en\\\/#organization\",\"name\":\"FMSB Abogados y Economistas en Baleares\",\"url\":\"https:\\\/\\\/fmsb.eu\\\/en\\\/\",\"logo\":{\"@type\":\"ImageObject\",\"inLanguage\":\"en-US\",\"@id\":\"https:\\\/\\\/fmsb.eu\\\/en\\\/#\\\/schema\\\/logo\\\/image\\\/\",\"url\":\"https:\\\/\\\/fmsb.eu\\\/wp-content\\\/uploads\\\/2025\\\/02\\\/logo.svg\",\"contentUrl\":\"https:\\\/\\\/fmsb.eu\\\/wp-content\\\/uploads\\\/2025\\\/02\\\/logo.svg\",\"width\":154,\"height\":52,\"caption\":\"FMSB Abogados y Economistas en Baleares\"},\"image\":{\"@id\":\"https:\\\/\\\/fmsb.eu\\\/en\\\/#\\\/schema\\\/logo\\\/image\\\/\"}},{\"@type\":\"Person\",\"@id\":\"https:\\\/\\\/fmsb.eu\\\/en\\\/#\\\/schema\\\/person\\\/9fba7c70814b0cd34d35d655d36a4ca2\",\"name\":\"fmsb\",\"image\":{\"@type\":\"ImageObject\",\"inLanguage\":\"en-US\",\"@id\":\"https:\\\/\\\/secure.gravatar.com\\\/avatar\\\/426f4d5b0ebcace85460caf87cdaaa193694b611e990615d87a13f322fb7ee7f?s=96&d=mm&r=g\",\"url\":\"https:\\\/\\\/secure.gravatar.com\\\/avatar\\\/426f4d5b0ebcace85460caf87cdaaa193694b611e990615d87a13f322fb7ee7f?s=96&d=mm&r=g\",\"contentUrl\":\"https:\\\/\\\/secure.gravatar.com\\\/avatar\\\/426f4d5b0ebcace85460caf87cdaaa193694b611e990615d87a13f322fb7ee7f?s=96&d=mm&r=g\",\"caption\":\"fmsb\"},\"sameAs\":[\"https:\\\/\\\/x.com\\\/fmsb-disstint\"],\"url\":\"https:\\\/\\\/fmsb.eu\\\/en\\\/author\\\/fmsb\\\/\"}]}<\/script>\n<!-- \/ Yoast SEO plugin. -->","yoast_head_json":{"title":"Nos la metieron doblada, camarada. Art\u00edculo de opini\u00f3n en Mallorcadiario.com de Jorge S\u00e1inz de Baranda - FMSB Abogados y Economistas en Baleares","robots":{"index":"index","follow":"follow","max-snippet":"max-snippet:-1","max-image-preview":"max-image-preview:large","max-video-preview":"max-video-preview:-1"},"canonical":"https:\/\/fmsb.eu\/en\/2020\/10\/18\/nos-la-metieron-doblada-camarada-jorge-sainz-de-baranda\/","og_locale":"en_US","og_type":"article","og_title":"Nos la metieron doblada, camarada. Art\u00edculo de opini\u00f3n en Mallorcadiario.com de Jorge S\u00e1inz de Baranda - FMSB Abogados y Economistas en Baleares","og_description":"mallorcadiario.com\u00a0 Opini\u00f3n DOMINGO 18 DE OCTUBRE DE 2020 Nos la metieron doblada, camarada Por\u00a0Jorge S\u00e1inz de Baranda M\u00c1S ART\u00cdCULOS DEL AUTOR Nos la metieron doblada, camarada El pol\u00edtico y activista sindical hispano-mexicano conocido como Paco Ignacio Taibo II (Gij\u00f3n, 1949), autor de algunas novelas polic\u00edacas, anunci\u00f3 en 2018, durante la Feria del Libro de Guadalajara, [&hellip;]","og_url":"https:\/\/fmsb.eu\/en\/2020\/10\/18\/nos-la-metieron-doblada-camarada-jorge-sainz-de-baranda\/","og_site_name":"FMSB Abogados y Economistas en Baleares","article_published_time":"2020-10-17T22:59:00+00:00","og_image":[{"width":1600,"height":1200,"url":"https:\/\/fmsb.eu\/wp-content\/uploads\/2020\/10\/Nos-la-metieron-doblada-camarada-1.png","type":"image\/png"}],"author":"fmsb","twitter_card":"summary_large_image","twitter_creator":"@fmsb-disstint","twitter_misc":{"Written by":"fmsb","Est. reading time":"4 minutes"},"schema":{"@context":"https:\/\/schema.org","@graph":[{"@type":"Article","@id":"https:\/\/fmsb.eu\/en\/2020\/10\/18\/nos-la-metieron-doblada-camarada-jorge-sainz-de-baranda\/#article","isPartOf":{"@id":"https:\/\/fmsb.eu\/en\/2020\/10\/18\/nos-la-metieron-doblada-camarada-jorge-sainz-de-baranda\/"},"author":{"name":"fmsb","@id":"https:\/\/fmsb.eu\/en\/#\/schema\/person\/9fba7c70814b0cd34d35d655d36a4ca2"},"headline":"Nos la metieron doblada, camarada. Art\u00edculo de opini\u00f3n en Mallorcadiario.com de Jorge S\u00e1inz de Baranda","datePublished":"2020-10-17T22:59:00+00:00","mainEntityOfPage":{"@id":"https:\/\/fmsb.eu\/en\/2020\/10\/18\/nos-la-metieron-doblada-camarada-jorge-sainz-de-baranda\/"},"wordCount":735,"publisher":{"@id":"https:\/\/fmsb.eu\/en\/#organization"},"image":{"@id":"https:\/\/fmsb.eu\/en\/2020\/10\/18\/nos-la-metieron-doblada-camarada-jorge-sainz-de-baranda\/#primaryimage"},"thumbnailUrl":"https:\/\/fmsb.eu\/wp-content\/uploads\/2020\/10\/Nos-la-metieron-doblada-camarada-1.png","keywords":["abogados","aeat","articulos","asesores","baleares","derecho fiscal","derecho tributario","economistas","el arenal","fraude fiscal","Hacienda","ibi","impuesto de sucesiones","impuestos","IRPF","jorge sainz de baranda","ley del catastro","mallorca","mallorcadiario","Manacor","opinion","Palma","plusval\u00eda","prespuestos generales del estado","puerto de andratx","valor catastral","valor de referencia de mercado"],"articleSection":["blog","Derecho Fiscal","Home","Opini\u00f3n"],"inLanguage":"en-US"},{"@type":"WebPage","@id":"https:\/\/fmsb.eu\/en\/2020\/10\/18\/nos-la-metieron-doblada-camarada-jorge-sainz-de-baranda\/","url":"https:\/\/fmsb.eu\/en\/2020\/10\/18\/nos-la-metieron-doblada-camarada-jorge-sainz-de-baranda\/","name":"Nos la metieron doblada, camarada. Art\u00edculo de opini\u00f3n en Mallorcadiario.com de Jorge S\u00e1inz de Baranda - FMSB Abogados y Economistas en Baleares","isPartOf":{"@id":"https:\/\/fmsb.eu\/en\/#website"},"primaryImageOfPage":{"@id":"https:\/\/fmsb.eu\/en\/2020\/10\/18\/nos-la-metieron-doblada-camarada-jorge-sainz-de-baranda\/#primaryimage"},"image":{"@id":"https:\/\/fmsb.eu\/en\/2020\/10\/18\/nos-la-metieron-doblada-camarada-jorge-sainz-de-baranda\/#primaryimage"},"thumbnailUrl":"https:\/\/fmsb.eu\/wp-content\/uploads\/2020\/10\/Nos-la-metieron-doblada-camarada-1.png","datePublished":"2020-10-17T22:59:00+00:00","breadcrumb":{"@id":"https:\/\/fmsb.eu\/en\/2020\/10\/18\/nos-la-metieron-doblada-camarada-jorge-sainz-de-baranda\/#breadcrumb"},"inLanguage":"en-US","potentialAction":[{"@type":"ReadAction","target":["https:\/\/fmsb.eu\/en\/2020\/10\/18\/nos-la-metieron-doblada-camarada-jorge-sainz-de-baranda\/"]}]},{"@type":"ImageObject","inLanguage":"en-US","@id":"https:\/\/fmsb.eu\/en\/2020\/10\/18\/nos-la-metieron-doblada-camarada-jorge-sainz-de-baranda\/#primaryimage","url":"https:\/\/fmsb.eu\/wp-content\/uploads\/2020\/10\/Nos-la-metieron-doblada-camarada-1.png","contentUrl":"https:\/\/fmsb.eu\/wp-content\/uploads\/2020\/10\/Nos-la-metieron-doblada-camarada-1.png","width":1600,"height":1200},{"@type":"BreadcrumbList","@id":"https:\/\/fmsb.eu\/en\/2020\/10\/18\/nos-la-metieron-doblada-camarada-jorge-sainz-de-baranda\/#breadcrumb","itemListElement":[{"@type":"ListItem","position":1,"name":"Portada","item":"https:\/\/fmsb.eu\/en\/"},{"@type":"ListItem","position":2,"name":"Nos la metieron doblada, camarada. Art\u00edculo de opini\u00f3n en Mallorcadiario.com de Jorge S\u00e1inz de Baranda"}]},{"@type":"WebSite","@id":"https:\/\/fmsb.eu\/en\/#website","url":"https:\/\/fmsb.eu\/en\/","name":"FMSB Abogados y Economistas en Baleares","description":"","publisher":{"@id":"https:\/\/fmsb.eu\/en\/#organization"},"potentialAction":[{"@type":"SearchAction","target":{"@type":"EntryPoint","urlTemplate":"https:\/\/fmsb.eu\/en\/?s={search_term_string}"},"query-input":{"@type":"PropertyValueSpecification","valueRequired":true,"valueName":"search_term_string"}}],"inLanguage":"en-US"},{"@type":"Organization","@id":"https:\/\/fmsb.eu\/en\/#organization","name":"FMSB Abogados y Economistas en Baleares","url":"https:\/\/fmsb.eu\/en\/","logo":{"@type":"ImageObject","inLanguage":"en-US","@id":"https:\/\/fmsb.eu\/en\/#\/schema\/logo\/image\/","url":"https:\/\/fmsb.eu\/wp-content\/uploads\/2025\/02\/logo.svg","contentUrl":"https:\/\/fmsb.eu\/wp-content\/uploads\/2025\/02\/logo.svg","width":154,"height":52,"caption":"FMSB Abogados y Economistas en Baleares"},"image":{"@id":"https:\/\/fmsb.eu\/en\/#\/schema\/logo\/image\/"}},{"@type":"Person","@id":"https:\/\/fmsb.eu\/en\/#\/schema\/person\/9fba7c70814b0cd34d35d655d36a4ca2","name":"fmsb","image":{"@type":"ImageObject","inLanguage":"en-US","@id":"https:\/\/secure.gravatar.com\/avatar\/426f4d5b0ebcace85460caf87cdaaa193694b611e990615d87a13f322fb7ee7f?s=96&d=mm&r=g","url":"https:\/\/secure.gravatar.com\/avatar\/426f4d5b0ebcace85460caf87cdaaa193694b611e990615d87a13f322fb7ee7f?s=96&d=mm&r=g","contentUrl":"https:\/\/secure.gravatar.com\/avatar\/426f4d5b0ebcace85460caf87cdaaa193694b611e990615d87a13f322fb7ee7f?s=96&d=mm&r=g","caption":"fmsb"},"sameAs":["https:\/\/x.com\/fmsb-disstint"],"url":"https:\/\/fmsb.eu\/en\/author\/fmsb\/"}]}},"_links":{"self":[{"href":"https:\/\/fmsb.eu\/en\/wp-json\/wp\/v2\/posts\/11588","targetHints":{"allow":["GET"]}}],"collection":[{"href":"https:\/\/fmsb.eu\/en\/wp-json\/wp\/v2\/posts"}],"about":[{"href":"https:\/\/fmsb.eu\/en\/wp-json\/wp\/v2\/types\/post"}],"author":[{"embeddable":true,"href":"https:\/\/fmsb.eu\/en\/wp-json\/wp\/v2\/users\/2"}],"replies":[{"embeddable":true,"href":"https:\/\/fmsb.eu\/en\/wp-json\/wp\/v2\/comments?post=11588"}],"version-history":[{"count":0,"href":"https:\/\/fmsb.eu\/en\/wp-json\/wp\/v2\/posts\/11588\/revisions"}],"wp:featuredmedia":[{"embeddable":true,"href":"https:\/\/fmsb.eu\/en\/wp-json\/wp\/v2\/media\/9188"}],"wp:attachment":[{"href":"https:\/\/fmsb.eu\/en\/wp-json\/wp\/v2\/media?parent=11588"}],"wp:term":[{"taxonomy":"category","embeddable":true,"href":"https:\/\/fmsb.eu\/en\/wp-json\/wp\/v2\/categories?post=11588"},{"taxonomy":"post_tag","embeddable":true,"href":"https:\/\/fmsb.eu\/en\/wp-json\/wp\/v2\/tags?post=11588"}],"curies":[{"name":"wp","href":"https:\/\/api.w.org\/{rel}","templated":true}]}}