{"id":11624,"date":"2020-08-16T04:25:39","date_gmt":"2020-08-16T02:25:39","guid":{"rendered":"http:\/\/fmsb.disstintbeta.com\/2020\/08\/16\/menos-mal-que-nos-queda-portugal-articulo-de-opinion-en-mallorcadiario-com-de-jorge-sainz-de-baranda\/"},"modified":"2020-08-16T04:25:39","modified_gmt":"2020-08-16T02:25:39","slug":"menos-mal-que-nos-queda-portugal-articulo-de-opinion-en-mallorcadiario-com-de-jorge-sainz-de-baranda","status":"publish","type":"post","link":"https:\/\/fmsb.eu\/en\/2020\/08\/16\/menos-mal-que-nos-queda-portugal-articulo-de-opinion-en-mallorcadiario-com-de-jorge-sainz-de-baranda\/","title":{"rendered":"Menos mal que nos queda Portugal. Art\u00edculo de opini\u00f3n en Mallorcadiario.com de Jorge S\u00e1inz de Baranda"},"content":{"rendered":"<p><a href=\"http:\/\/fmsb.disstintbeta.com\/wp-content\/uploads\/2021\/02\/Menos-mal-que-nos-queda-Portugal_Pagina_0-Portada.jpg\"><img fetchpriority=\"high\" decoding=\"async\" class=\"alignnone wp-image-4758\" src=\"http:\/\/fmsb.disstintbeta.com\/wp-content\/uploads\/2021\/02\/Menos-mal-que-nos-queda-Portugal_Pagina_0-Portada.jpg\" alt=\"\" width=\"800\" height=\"600\" srcset=\"https:\/\/font-mora-sainz-baranda.fra1.digitaloceanspaces.com\/wp-content\/uploads\/2021\/02\/Menos-mal-que-nos-queda-Portugal_Pagina_0-Portada.jpg 1600w, https:\/\/font-mora-sainz-baranda.fra1.digitaloceanspaces.com\/wp-content\/uploads\/2021\/02\/Menos-mal-que-nos-queda-Portugal_Pagina_0-Portada-300x225.jpg 300w, https:\/\/font-mora-sainz-baranda.fra1.digitaloceanspaces.com\/wp-content\/uploads\/2021\/02\/Menos-mal-que-nos-queda-Portugal_Pagina_0-Portada-1024x768.jpg 1024w, https:\/\/font-mora-sainz-baranda.fra1.digitaloceanspaces.com\/wp-content\/uploads\/2021\/02\/Menos-mal-que-nos-queda-Portugal_Pagina_0-Portada-768x576.jpg 768w, https:\/\/font-mora-sainz-baranda.fra1.digitaloceanspaces.com\/wp-content\/uploads\/2021\/02\/Menos-mal-que-nos-queda-Portugal_Pagina_0-Portada-1536x1152.jpg 1536w\" sizes=\"(max-width: 800px) 100vw, 800px\" \/><\/a><\/p>\n<div class=\"navegacion\">\n<h3 class=\"antesubtitulo antetit\"><span style=\"color: #800000;\"><strong>mallorcadiario.com<\/strong><\/span>\u00a0 Opini\u00f3n<\/h3>\n<h6 class=\"ulthora fecha_publicacion\"><span class=\"dia_mes_anno\">domingo 16 de agosto de 2020<\/span><\/h6>\n<\/div>\n<div title=\"noticia 557362\">\n<h1 class=\"titulo\">Menos mal que nos queda Portugal<\/h1>\n<\/div>\n<div id=\"firmante_767\" class=\"firmante\">\n<p>Por <strong><span class=\"nombre_firmante\">Jorge S\u00e1inz de Baranda<\/span><\/strong><\/p>\n<h6><a href=\"https:\/\/www.mallorcadiario.com\/jorge-sainz-de-baranda\/autor\/767\/\"><strong>M\u00e1s art\u00edculos del autor<\/strong><\/a><\/h6>\n<\/div>\n<div id=\"textoNoticia\" class=\"texto\">\n<p>Como los adictos a la \u201cmovida\u201d recordar\u00e1n, \u201cMenos mal que nos queda Portugal\u201d fue al tercer disco de una banda viguesa de punk-rock llamada Siniestro Total, grabado all\u00e1 por el a\u00f1o 84 en los estudios Trak de Madrid con la producci\u00f3n de Paco Trinidad, y publicado poco despu\u00e9s por la discogr\u00e1fica DRO.<\/p>\n<p>Con esa frase se reflejaba, seg\u00fan algunos cronistas, el hecho de que, por esas \u00e9pocas, Espa\u00f1a era en la Comunidad Econ\u00f3mica Europea la pen\u00faltima en todos los indicadores, y solo por detr\u00e1s de nosotros estaba Portugal. Frente a eso, para otros la canci\u00f3n iba dirigida a recordar otra, Gr\u00e2ndola, Vila Morena, canci\u00f3n compuesta por Jos\u00e9 Afonso y que sirvi\u00f3 como se\u00f1a de la Revoluci\u00f3n de los Claveles y se convirti\u00f3 en un s\u00edmbolo de la aclamada democracia en Portugal en 1974, en un momento en que nuestro pa\u00eds todav\u00eda viv\u00eda bajo el r\u00e9gimen de Franco.<\/p>\n<p>Pues bien, m\u00e1s de 35 a\u00f1os despu\u00e9s, y a pesar del importante crecimiento econ\u00f3mico que experimentamos en la primera mitad de la primera d\u00e9cada del a\u00f1o 2000, creo que debemos rescatar esa frase, pero no con el sentido primero, y mirar a nuestros hermanos portugueses con un sesgo distinto ya que, al menos en los \u00faltimos tiempos, las cosas han cambiado radicalmente e, igual que nos ocurre en futbol, nunca para mejor en nuestro caso.<\/p>\n<p>Y conste que digo esto con sana envidia por la forma en que nuestro querido pa\u00eds vecino est\u00e1 dirigiendo su pol\u00edtica econ\u00f3mica y afrontando los cambios que se avecinan.<\/p>\n<p>Como suele ser habitual en mis art\u00edculos, aprovecho estas l\u00edneas para hablar de temas fiscales y, en concreto, de un fen\u00f3meno que se ha producido en Portugal y que est\u00e1 llevando a que numerosos ciudadanos de la Uni\u00f3n Europea fijen su residencia all\u00ed.<\/p>\n<p>As\u00ed, desde 2009 Portugal tiene aprobado un r\u00e9gimen especial denominado Residente No Habitual (RNH), que se encuentra regulado en el Decreto-Ley 249\/2009, de 23 de septiembre, del C\u00f3digo Fiscal do Investimento, y que est\u00e1 especialmente dirigido a pensionistas con recursos, inversores con elevados rendimientos y profesionales cualificados de otros pa\u00edses de la UE.<\/p>\n<p>De manera resumida, la ventaja fiscal de este R\u00e9gimen consiste en la aplicaci\u00f3n de un tipo fijo del 20% para los rendimientos del trabajo y de la actividad profesional -y se citan arquitectos, ingenieros, artistas, m\u00fasicos, actores, profesionales liberales, m\u00e9dicos o administradores de sociedades-, as\u00ed como la exenci\u00f3n en caso de rescate de planes de pensiones. A ello se a\u00f1ade que en Portugal no se tributa por el Impuesto sobre el Patrimonio ni tampoco por Sucesiones y Donaciones.<\/p>\n<p>Y para ello basta que, conforme a lo dispuesto en el art\u00edculo 16 del C\u00f3digo do Imposto sobre o Rendimento das Pessoas Singulares, los contribuyentes permanezcan all\u00ed m\u00e1s de 183 d\u00edas durante los \u00faltimos doce meses o, en caso de haber permanecido menos tiempo, que puedan disponer en cualquier d\u00eda del per\u00edodo referido de una vivienda en territorio portugu\u00e9s en condiciones que permitan suponer su intenci\u00f3n de mantenerla y ocuparla como residencia habitual, aunque sea en alquiler.<\/p>\n<p>Como es normal, la Direcci\u00f3n General de Tributos Espa\u00f1ola ha puesto el ojo -y pronto la bala- en dichas condiciones, y en consultas recientes insiste con vehemencia en qu\u00e9 si se permanece m\u00e1s de 183 d\u00edas en Espa\u00f1a, o radica aqu\u00ed el n\u00facleo de las actividades o intereses econ\u00f3micos de forma directa o indirecta, actuando como presunci\u00f3n la residencia de la familia, se deber\u00e1 tributar en nuestro pa\u00eds aunque el \u201cinocente\u201d contribuyente se haya acogido a ese r\u00e9gimen, lo que impone que cualquiera que decida cambiar su residencia fiscal a Portugal, deba estudiar de forma profesional y en profundidad las circunstancias y condiciones que se exigen.<\/p>\n<p>A pesar de lo anterior, lo cierto es que las cifras nos ense\u00f1an que casi 7.000 franceses, algo m\u00e1s de 3.000 ingleses y otros tantos italianos, 2.500 suecos y m\u00e1s de 1.300 espa\u00f1oles -y ya son muchos para el chiste- han trasladado su residencia all\u00ed en los \u00faltimos a\u00f1os, lo que hace pensar que, a diferencia de las razones que llevaron a Don Juan de Borb\u00f3n a tener que fijar su residencia en Estoril -y no hablo del que rema-, de seguir as\u00ed y con las subidas de impuestos anunciadas, no ser\u00e1 de extra\u00f1ar que muchos residentes de nuestra geograf\u00eda, e incluso alguno de Galapagar, piense en ubicar su residencia en nuestro pa\u00eds \u201chermano\u201d en un breve espacio de tiempo.<\/p>\n<\/div>\n<p>Art\u00edculo original publicado en el diario digital <a href=\"https:\/\/bit.ly\/3h4huaI\"><strong>mallorcadiario.com<\/strong><\/a><\/p>\n","protected":false},"excerpt":{"rendered":"<p>mallorcadiario.com\u00a0 Opini\u00f3n domingo 16 de agosto de 2020 Menos mal que nos queda Portugal Por Jorge S\u00e1inz de Baranda M\u00e1s art\u00edculos del autor Como los adictos a la \u201cmovida\u201d recordar\u00e1n, \u201cMenos mal que nos queda Portugal\u201d fue al tercer disco de una banda viguesa de punk-rock llamada Siniestro Total, grabado all\u00e1 por el a\u00f1o 84 [&hellip;]<\/p>\n","protected":false},"author":2,"featured_media":9334,"comment_status":"closed","ping_status":"open","sticky":false,"template":"","format":"standard","meta":{"footnotes":""},"categories":[2149,2250,2152],"tags":[],"class_list":["post-11624","post","type-post","status-publish","format-standard","has-post-thumbnail","hentry","category-blog-en-2","category-derecho-fiscal-en","category-home-en-2"],"yoast_head":"<!-- This site is optimized with the Yoast SEO plugin v27.3 - https:\/\/yoast.com\/product\/yoast-seo-wordpress\/ -->\n<title>Menos mal que nos queda Portugal. Art\u00edculo de opini\u00f3n en Mallorcadiario.com de Jorge S\u00e1inz de Baranda - FMSB Abogados y Economistas en Baleares<\/title>\n<meta name=\"robots\" content=\"index, follow, max-snippet:-1, max-image-preview:large, max-video-preview:-1\" \/>\n<link rel=\"canonical\" href=\"https:\/\/fmsb.eu\/en\/2020\/08\/16\/menos-mal-que-nos-queda-portugal-articulo-de-opinion-en-mallorcadiario-com-de-jorge-sainz-de-baranda\/\" \/>\n<meta property=\"og:locale\" content=\"en_US\" \/>\n<meta property=\"og:type\" content=\"article\" \/>\n<meta property=\"og:title\" content=\"Menos mal que nos queda Portugal. Art\u00edculo de opini\u00f3n en Mallorcadiario.com de Jorge S\u00e1inz de Baranda - FMSB Abogados y Economistas en Baleares\" \/>\n<meta property=\"og:description\" content=\"mallorcadiario.com\u00a0 Opini\u00f3n domingo 16 de agosto de 2020 Menos mal que nos queda Portugal Por Jorge S\u00e1inz de Baranda M\u00e1s art\u00edculos del autor Como los adictos a la \u201cmovida\u201d recordar\u00e1n, \u201cMenos mal que nos queda Portugal\u201d fue al tercer disco de una banda viguesa de punk-rock llamada Siniestro Total, grabado all\u00e1 por el a\u00f1o 84 [&hellip;]\" \/>\n<meta property=\"og:url\" content=\"https:\/\/fmsb.eu\/en\/2020\/08\/16\/menos-mal-que-nos-queda-portugal-articulo-de-opinion-en-mallorcadiario-com-de-jorge-sainz-de-baranda\/\" \/>\n<meta property=\"og:site_name\" content=\"FMSB Abogados y Economistas en Baleares\" \/>\n<meta property=\"article:published_time\" content=\"2020-08-16T02:25:39+00:00\" \/>\n<meta property=\"og:image\" content=\"https:\/\/fmsb.eu\/wp-content\/uploads\/2021\/02\/Menos-mal-que-nos-queda-Portugal_Pagina_0-Portada.jpg\" \/>\n\t<meta property=\"og:image:width\" content=\"1600\" \/>\n\t<meta property=\"og:image:height\" content=\"1200\" \/>\n\t<meta property=\"og:image:type\" content=\"image\/jpeg\" \/>\n<meta name=\"author\" content=\"fmsb\" \/>\n<meta name=\"twitter:card\" content=\"summary_large_image\" \/>\n<meta name=\"twitter:creator\" content=\"@fmsb-disstint\" \/>\n<meta name=\"twitter:label1\" content=\"Written by\" \/>\n\t<meta name=\"twitter:data1\" content=\"fmsb\" \/>\n\t<meta name=\"twitter:label2\" content=\"Est. reading time\" \/>\n\t<meta name=\"twitter:data2\" content=\"4 minutes\" \/>\n<script type=\"application\/ld+json\" class=\"yoast-schema-graph\">{\"@context\":\"https:\\\/\\\/schema.org\",\"@graph\":[{\"@type\":\"Article\",\"@id\":\"https:\\\/\\\/fmsb.eu\\\/en\\\/2020\\\/08\\\/16\\\/menos-mal-que-nos-queda-portugal-articulo-de-opinion-en-mallorcadiario-com-de-jorge-sainz-de-baranda\\\/#article\",\"isPartOf\":{\"@id\":\"https:\\\/\\\/fmsb.eu\\\/en\\\/2020\\\/08\\\/16\\\/menos-mal-que-nos-queda-portugal-articulo-de-opinion-en-mallorcadiario-com-de-jorge-sainz-de-baranda\\\/\"},\"author\":{\"name\":\"fmsb\",\"@id\":\"https:\\\/\\\/fmsb.eu\\\/en\\\/#\\\/schema\\\/person\\\/9fba7c70814b0cd34d35d655d36a4ca2\"},\"headline\":\"Menos mal que nos queda Portugal. Art\u00edculo de opini\u00f3n en Mallorcadiario.com de Jorge S\u00e1inz de Baranda\",\"datePublished\":\"2020-08-16T02:25:39+00:00\",\"mainEntityOfPage\":{\"@id\":\"https:\\\/\\\/fmsb.eu\\\/en\\\/2020\\\/08\\\/16\\\/menos-mal-que-nos-queda-portugal-articulo-de-opinion-en-mallorcadiario-com-de-jorge-sainz-de-baranda\\\/\"},\"wordCount\":838,\"publisher\":{\"@id\":\"https:\\\/\\\/fmsb.eu\\\/en\\\/#organization\"},\"image\":{\"@id\":\"https:\\\/\\\/fmsb.eu\\\/en\\\/2020\\\/08\\\/16\\\/menos-mal-que-nos-queda-portugal-articulo-de-opinion-en-mallorcadiario-com-de-jorge-sainz-de-baranda\\\/#primaryimage\"},\"thumbnailUrl\":\"https:\\\/\\\/fmsb.eu\\\/wp-content\\\/uploads\\\/2021\\\/02\\\/Menos-mal-que-nos-queda-Portugal_Pagina_0-Portada.jpg\",\"articleSection\":[\"blog\",\"Derecho Fiscal\",\"Home\"],\"inLanguage\":\"en-US\"},{\"@type\":\"WebPage\",\"@id\":\"https:\\\/\\\/fmsb.eu\\\/en\\\/2020\\\/08\\\/16\\\/menos-mal-que-nos-queda-portugal-articulo-de-opinion-en-mallorcadiario-com-de-jorge-sainz-de-baranda\\\/\",\"url\":\"https:\\\/\\\/fmsb.eu\\\/en\\\/2020\\\/08\\\/16\\\/menos-mal-que-nos-queda-portugal-articulo-de-opinion-en-mallorcadiario-com-de-jorge-sainz-de-baranda\\\/\",\"name\":\"Menos mal que nos queda Portugal. Art\u00edculo de opini\u00f3n en Mallorcadiario.com de Jorge S\u00e1inz de Baranda - FMSB Abogados y Economistas en Baleares\",\"isPartOf\":{\"@id\":\"https:\\\/\\\/fmsb.eu\\\/en\\\/#website\"},\"primaryImageOfPage\":{\"@id\":\"https:\\\/\\\/fmsb.eu\\\/en\\\/2020\\\/08\\\/16\\\/menos-mal-que-nos-queda-portugal-articulo-de-opinion-en-mallorcadiario-com-de-jorge-sainz-de-baranda\\\/#primaryimage\"},\"image\":{\"@id\":\"https:\\\/\\\/fmsb.eu\\\/en\\\/2020\\\/08\\\/16\\\/menos-mal-que-nos-queda-portugal-articulo-de-opinion-en-mallorcadiario-com-de-jorge-sainz-de-baranda\\\/#primaryimage\"},\"thumbnailUrl\":\"https:\\\/\\\/fmsb.eu\\\/wp-content\\\/uploads\\\/2021\\\/02\\\/Menos-mal-que-nos-queda-Portugal_Pagina_0-Portada.jpg\",\"datePublished\":\"2020-08-16T02:25:39+00:00\",\"breadcrumb\":{\"@id\":\"https:\\\/\\\/fmsb.eu\\\/en\\\/2020\\\/08\\\/16\\\/menos-mal-que-nos-queda-portugal-articulo-de-opinion-en-mallorcadiario-com-de-jorge-sainz-de-baranda\\\/#breadcrumb\"},\"inLanguage\":\"en-US\",\"potentialAction\":[{\"@type\":\"ReadAction\",\"target\":[\"https:\\\/\\\/fmsb.eu\\\/en\\\/2020\\\/08\\\/16\\\/menos-mal-que-nos-queda-portugal-articulo-de-opinion-en-mallorcadiario-com-de-jorge-sainz-de-baranda\\\/\"]}]},{\"@type\":\"ImageObject\",\"inLanguage\":\"en-US\",\"@id\":\"https:\\\/\\\/fmsb.eu\\\/en\\\/2020\\\/08\\\/16\\\/menos-mal-que-nos-queda-portugal-articulo-de-opinion-en-mallorcadiario-com-de-jorge-sainz-de-baranda\\\/#primaryimage\",\"url\":\"https:\\\/\\\/fmsb.eu\\\/wp-content\\\/uploads\\\/2021\\\/02\\\/Menos-mal-que-nos-queda-Portugal_Pagina_0-Portada.jpg\",\"contentUrl\":\"https:\\\/\\\/fmsb.eu\\\/wp-content\\\/uploads\\\/2021\\\/02\\\/Menos-mal-que-nos-queda-Portugal_Pagina_0-Portada.jpg\",\"width\":1600,\"height\":1200},{\"@type\":\"BreadcrumbList\",\"@id\":\"https:\\\/\\\/fmsb.eu\\\/en\\\/2020\\\/08\\\/16\\\/menos-mal-que-nos-queda-portugal-articulo-de-opinion-en-mallorcadiario-com-de-jorge-sainz-de-baranda\\\/#breadcrumb\",\"itemListElement\":[{\"@type\":\"ListItem\",\"position\":1,\"name\":\"Portada\",\"item\":\"https:\\\/\\\/fmsb.eu\\\/en\\\/\"},{\"@type\":\"ListItem\",\"position\":2,\"name\":\"Menos mal que nos queda Portugal. Art\u00edculo de opini\u00f3n en Mallorcadiario.com de Jorge S\u00e1inz de Baranda\"}]},{\"@type\":\"WebSite\",\"@id\":\"https:\\\/\\\/fmsb.eu\\\/en\\\/#website\",\"url\":\"https:\\\/\\\/fmsb.eu\\\/en\\\/\",\"name\":\"FMSB Abogados y Economistas en Baleares\",\"description\":\"\",\"publisher\":{\"@id\":\"https:\\\/\\\/fmsb.eu\\\/en\\\/#organization\"},\"potentialAction\":[{\"@type\":\"SearchAction\",\"target\":{\"@type\":\"EntryPoint\",\"urlTemplate\":\"https:\\\/\\\/fmsb.eu\\\/en\\\/?s={search_term_string}\"},\"query-input\":{\"@type\":\"PropertyValueSpecification\",\"valueRequired\":true,\"valueName\":\"search_term_string\"}}],\"inLanguage\":\"en-US\"},{\"@type\":\"Organization\",\"@id\":\"https:\\\/\\\/fmsb.eu\\\/en\\\/#organization\",\"name\":\"FMSB Abogados y Economistas en Baleares\",\"url\":\"https:\\\/\\\/fmsb.eu\\\/en\\\/\",\"logo\":{\"@type\":\"ImageObject\",\"inLanguage\":\"en-US\",\"@id\":\"https:\\\/\\\/fmsb.eu\\\/en\\\/#\\\/schema\\\/logo\\\/image\\\/\",\"url\":\"https:\\\/\\\/fmsb.eu\\\/wp-content\\\/uploads\\\/2025\\\/02\\\/logo.svg\",\"contentUrl\":\"https:\\\/\\\/fmsb.eu\\\/wp-content\\\/uploads\\\/2025\\\/02\\\/logo.svg\",\"width\":154,\"height\":52,\"caption\":\"FMSB Abogados y Economistas en Baleares\"},\"image\":{\"@id\":\"https:\\\/\\\/fmsb.eu\\\/en\\\/#\\\/schema\\\/logo\\\/image\\\/\"}},{\"@type\":\"Person\",\"@id\":\"https:\\\/\\\/fmsb.eu\\\/en\\\/#\\\/schema\\\/person\\\/9fba7c70814b0cd34d35d655d36a4ca2\",\"name\":\"fmsb\",\"image\":{\"@type\":\"ImageObject\",\"inLanguage\":\"en-US\",\"@id\":\"https:\\\/\\\/secure.gravatar.com\\\/avatar\\\/426f4d5b0ebcace85460caf87cdaaa193694b611e990615d87a13f322fb7ee7f?s=96&d=mm&r=g\",\"url\":\"https:\\\/\\\/secure.gravatar.com\\\/avatar\\\/426f4d5b0ebcace85460caf87cdaaa193694b611e990615d87a13f322fb7ee7f?s=96&d=mm&r=g\",\"contentUrl\":\"https:\\\/\\\/secure.gravatar.com\\\/avatar\\\/426f4d5b0ebcace85460caf87cdaaa193694b611e990615d87a13f322fb7ee7f?s=96&d=mm&r=g\",\"caption\":\"fmsb\"},\"sameAs\":[\"https:\\\/\\\/x.com\\\/fmsb-disstint\"],\"url\":\"https:\\\/\\\/fmsb.eu\\\/en\\\/author\\\/fmsb\\\/\"}]}<\/script>\n<!-- \/ Yoast SEO plugin. -->","yoast_head_json":{"title":"Menos mal que nos queda Portugal. Art\u00edculo de opini\u00f3n en Mallorcadiario.com de Jorge S\u00e1inz de Baranda - FMSB Abogados y Economistas en Baleares","robots":{"index":"index","follow":"follow","max-snippet":"max-snippet:-1","max-image-preview":"max-image-preview:large","max-video-preview":"max-video-preview:-1"},"canonical":"https:\/\/fmsb.eu\/en\/2020\/08\/16\/menos-mal-que-nos-queda-portugal-articulo-de-opinion-en-mallorcadiario-com-de-jorge-sainz-de-baranda\/","og_locale":"en_US","og_type":"article","og_title":"Menos mal que nos queda Portugal. Art\u00edculo de opini\u00f3n en Mallorcadiario.com de Jorge S\u00e1inz de Baranda - FMSB Abogados y Economistas en Baleares","og_description":"mallorcadiario.com\u00a0 Opini\u00f3n domingo 16 de agosto de 2020 Menos mal que nos queda Portugal Por Jorge S\u00e1inz de Baranda M\u00e1s art\u00edculos del autor Como los adictos a la \u201cmovida\u201d recordar\u00e1n, \u201cMenos mal que nos queda Portugal\u201d fue al tercer disco de una banda viguesa de punk-rock llamada Siniestro Total, grabado all\u00e1 por el a\u00f1o 84 [&hellip;]","og_url":"https:\/\/fmsb.eu\/en\/2020\/08\/16\/menos-mal-que-nos-queda-portugal-articulo-de-opinion-en-mallorcadiario-com-de-jorge-sainz-de-baranda\/","og_site_name":"FMSB Abogados y Economistas en Baleares","article_published_time":"2020-08-16T02:25:39+00:00","og_image":[{"width":1600,"height":1200,"url":"https:\/\/fmsb.eu\/wp-content\/uploads\/2021\/02\/Menos-mal-que-nos-queda-Portugal_Pagina_0-Portada.jpg","type":"image\/jpeg"}],"author":"fmsb","twitter_card":"summary_large_image","twitter_creator":"@fmsb-disstint","twitter_misc":{"Written by":"fmsb","Est. reading time":"4 minutes"},"schema":{"@context":"https:\/\/schema.org","@graph":[{"@type":"Article","@id":"https:\/\/fmsb.eu\/en\/2020\/08\/16\/menos-mal-que-nos-queda-portugal-articulo-de-opinion-en-mallorcadiario-com-de-jorge-sainz-de-baranda\/#article","isPartOf":{"@id":"https:\/\/fmsb.eu\/en\/2020\/08\/16\/menos-mal-que-nos-queda-portugal-articulo-de-opinion-en-mallorcadiario-com-de-jorge-sainz-de-baranda\/"},"author":{"name":"fmsb","@id":"https:\/\/fmsb.eu\/en\/#\/schema\/person\/9fba7c70814b0cd34d35d655d36a4ca2"},"headline":"Menos mal que nos queda Portugal. Art\u00edculo de opini\u00f3n en Mallorcadiario.com de Jorge S\u00e1inz de Baranda","datePublished":"2020-08-16T02:25:39+00:00","mainEntityOfPage":{"@id":"https:\/\/fmsb.eu\/en\/2020\/08\/16\/menos-mal-que-nos-queda-portugal-articulo-de-opinion-en-mallorcadiario-com-de-jorge-sainz-de-baranda\/"},"wordCount":838,"publisher":{"@id":"https:\/\/fmsb.eu\/en\/#organization"},"image":{"@id":"https:\/\/fmsb.eu\/en\/2020\/08\/16\/menos-mal-que-nos-queda-portugal-articulo-de-opinion-en-mallorcadiario-com-de-jorge-sainz-de-baranda\/#primaryimage"},"thumbnailUrl":"https:\/\/fmsb.eu\/wp-content\/uploads\/2021\/02\/Menos-mal-que-nos-queda-Portugal_Pagina_0-Portada.jpg","articleSection":["blog","Derecho Fiscal","Home"],"inLanguage":"en-US"},{"@type":"WebPage","@id":"https:\/\/fmsb.eu\/en\/2020\/08\/16\/menos-mal-que-nos-queda-portugal-articulo-de-opinion-en-mallorcadiario-com-de-jorge-sainz-de-baranda\/","url":"https:\/\/fmsb.eu\/en\/2020\/08\/16\/menos-mal-que-nos-queda-portugal-articulo-de-opinion-en-mallorcadiario-com-de-jorge-sainz-de-baranda\/","name":"Menos mal que nos queda Portugal. Art\u00edculo de opini\u00f3n en Mallorcadiario.com de Jorge S\u00e1inz de Baranda - FMSB Abogados y Economistas en Baleares","isPartOf":{"@id":"https:\/\/fmsb.eu\/en\/#website"},"primaryImageOfPage":{"@id":"https:\/\/fmsb.eu\/en\/2020\/08\/16\/menos-mal-que-nos-queda-portugal-articulo-de-opinion-en-mallorcadiario-com-de-jorge-sainz-de-baranda\/#primaryimage"},"image":{"@id":"https:\/\/fmsb.eu\/en\/2020\/08\/16\/menos-mal-que-nos-queda-portugal-articulo-de-opinion-en-mallorcadiario-com-de-jorge-sainz-de-baranda\/#primaryimage"},"thumbnailUrl":"https:\/\/fmsb.eu\/wp-content\/uploads\/2021\/02\/Menos-mal-que-nos-queda-Portugal_Pagina_0-Portada.jpg","datePublished":"2020-08-16T02:25:39+00:00","breadcrumb":{"@id":"https:\/\/fmsb.eu\/en\/2020\/08\/16\/menos-mal-que-nos-queda-portugal-articulo-de-opinion-en-mallorcadiario-com-de-jorge-sainz-de-baranda\/#breadcrumb"},"inLanguage":"en-US","potentialAction":[{"@type":"ReadAction","target":["https:\/\/fmsb.eu\/en\/2020\/08\/16\/menos-mal-que-nos-queda-portugal-articulo-de-opinion-en-mallorcadiario-com-de-jorge-sainz-de-baranda\/"]}]},{"@type":"ImageObject","inLanguage":"en-US","@id":"https:\/\/fmsb.eu\/en\/2020\/08\/16\/menos-mal-que-nos-queda-portugal-articulo-de-opinion-en-mallorcadiario-com-de-jorge-sainz-de-baranda\/#primaryimage","url":"https:\/\/fmsb.eu\/wp-content\/uploads\/2021\/02\/Menos-mal-que-nos-queda-Portugal_Pagina_0-Portada.jpg","contentUrl":"https:\/\/fmsb.eu\/wp-content\/uploads\/2021\/02\/Menos-mal-que-nos-queda-Portugal_Pagina_0-Portada.jpg","width":1600,"height":1200},{"@type":"BreadcrumbList","@id":"https:\/\/fmsb.eu\/en\/2020\/08\/16\/menos-mal-que-nos-queda-portugal-articulo-de-opinion-en-mallorcadiario-com-de-jorge-sainz-de-baranda\/#breadcrumb","itemListElement":[{"@type":"ListItem","position":1,"name":"Portada","item":"https:\/\/fmsb.eu\/en\/"},{"@type":"ListItem","position":2,"name":"Menos mal que nos queda Portugal. Art\u00edculo de opini\u00f3n en Mallorcadiario.com de Jorge S\u00e1inz de Baranda"}]},{"@type":"WebSite","@id":"https:\/\/fmsb.eu\/en\/#website","url":"https:\/\/fmsb.eu\/en\/","name":"FMSB Abogados y Economistas en Baleares","description":"","publisher":{"@id":"https:\/\/fmsb.eu\/en\/#organization"},"potentialAction":[{"@type":"SearchAction","target":{"@type":"EntryPoint","urlTemplate":"https:\/\/fmsb.eu\/en\/?s={search_term_string}"},"query-input":{"@type":"PropertyValueSpecification","valueRequired":true,"valueName":"search_term_string"}}],"inLanguage":"en-US"},{"@type":"Organization","@id":"https:\/\/fmsb.eu\/en\/#organization","name":"FMSB Abogados y Economistas en Baleares","url":"https:\/\/fmsb.eu\/en\/","logo":{"@type":"ImageObject","inLanguage":"en-US","@id":"https:\/\/fmsb.eu\/en\/#\/schema\/logo\/image\/","url":"https:\/\/fmsb.eu\/wp-content\/uploads\/2025\/02\/logo.svg","contentUrl":"https:\/\/fmsb.eu\/wp-content\/uploads\/2025\/02\/logo.svg","width":154,"height":52,"caption":"FMSB Abogados y Economistas en Baleares"},"image":{"@id":"https:\/\/fmsb.eu\/en\/#\/schema\/logo\/image\/"}},{"@type":"Person","@id":"https:\/\/fmsb.eu\/en\/#\/schema\/person\/9fba7c70814b0cd34d35d655d36a4ca2","name":"fmsb","image":{"@type":"ImageObject","inLanguage":"en-US","@id":"https:\/\/secure.gravatar.com\/avatar\/426f4d5b0ebcace85460caf87cdaaa193694b611e990615d87a13f322fb7ee7f?s=96&d=mm&r=g","url":"https:\/\/secure.gravatar.com\/avatar\/426f4d5b0ebcace85460caf87cdaaa193694b611e990615d87a13f322fb7ee7f?s=96&d=mm&r=g","contentUrl":"https:\/\/secure.gravatar.com\/avatar\/426f4d5b0ebcace85460caf87cdaaa193694b611e990615d87a13f322fb7ee7f?s=96&d=mm&r=g","caption":"fmsb"},"sameAs":["https:\/\/x.com\/fmsb-disstint"],"url":"https:\/\/fmsb.eu\/en\/author\/fmsb\/"}]}},"_links":{"self":[{"href":"https:\/\/fmsb.eu\/en\/wp-json\/wp\/v2\/posts\/11624","targetHints":{"allow":["GET"]}}],"collection":[{"href":"https:\/\/fmsb.eu\/en\/wp-json\/wp\/v2\/posts"}],"about":[{"href":"https:\/\/fmsb.eu\/en\/wp-json\/wp\/v2\/types\/post"}],"author":[{"embeddable":true,"href":"https:\/\/fmsb.eu\/en\/wp-json\/wp\/v2\/users\/2"}],"replies":[{"embeddable":true,"href":"https:\/\/fmsb.eu\/en\/wp-json\/wp\/v2\/comments?post=11624"}],"version-history":[{"count":0,"href":"https:\/\/fmsb.eu\/en\/wp-json\/wp\/v2\/posts\/11624\/revisions"}],"wp:featuredmedia":[{"embeddable":true,"href":"https:\/\/fmsb.eu\/en\/wp-json\/wp\/v2\/media\/9334"}],"wp:attachment":[{"href":"https:\/\/fmsb.eu\/en\/wp-json\/wp\/v2\/media?parent=11624"}],"wp:term":[{"taxonomy":"category","embeddable":true,"href":"https:\/\/fmsb.eu\/en\/wp-json\/wp\/v2\/categories?post=11624"},{"taxonomy":"post_tag","embeddable":true,"href":"https:\/\/fmsb.eu\/en\/wp-json\/wp\/v2\/tags?post=11624"}],"curies":[{"name":"wp","href":"https:\/\/api.w.org\/{rel}","templated":true}]}}