{"id":11686,"date":"2020-03-30T11:52:05","date_gmt":"2020-03-30T09:52:05","guid":{"rendered":"http:\/\/fmsb.disstintbeta.com\/2020\/03\/30\/covid19-moratorio-pago-hipotecas\/"},"modified":"2020-03-30T11:52:05","modified_gmt":"2020-03-30T09:52:05","slug":"covid19-moratorio-pago-hipotecas","status":"publish","type":"post","link":"https:\/\/fmsb.eu\/en\/2020\/03\/30\/covid19-moratorio-pago-hipotecas\/","title":{"rendered":"Coronavirus y la moratoria en el pago de las hipotecas"},"content":{"rendered":"<p><a href=\"https:\/\/www.fmsb.eu\/wp-content\/uploads\/2020\/03\/FMSB-Abogados-Moratoria-Pago-Hipoteca-Coronavirus.png\"><img fetchpriority=\"high\" decoding=\"async\" class=\"alignnone wp-image-2755\" src=\"https:\/\/www.fmsb.eu\/wp-content\/uploads\/2020\/03\/FMSB-Abogados-Moratoria-Pago-Hipoteca-Coronavirus-1024x408.png\" alt=\"\" width=\"800\" height=\"319\" srcset=\"https:\/\/font-mora-sainz-baranda.fra1.digitaloceanspaces.com\/wp-content\/uploads\/2020\/03\/FMSB-Abogados-Moratoria-Pago-Hipoteca-Coronavirus-1024x408.png 1024w, https:\/\/font-mora-sainz-baranda.fra1.digitaloceanspaces.com\/wp-content\/uploads\/2020\/03\/FMSB-Abogados-Moratoria-Pago-Hipoteca-Coronavirus-300x120.png 300w, https:\/\/font-mora-sainz-baranda.fra1.digitaloceanspaces.com\/wp-content\/uploads\/2020\/03\/FMSB-Abogados-Moratoria-Pago-Hipoteca-Coronavirus-768x306.png 768w, https:\/\/font-mora-sainz-baranda.fra1.digitaloceanspaces.com\/wp-content\/uploads\/2020\/03\/FMSB-Abogados-Moratoria-Pago-Hipoteca-Coronavirus-1536x612.png 1536w, https:\/\/font-mora-sainz-baranda.fra1.digitaloceanspaces.com\/wp-content\/uploads\/2020\/03\/FMSB-Abogados-Moratoria-Pago-Hipoteca-Coronavirus.png 1619w\" sizes=\"(max-width: 800px) 100vw, 800px\" \/><\/a><\/p>\n<p><strong>CORONAVIRUS: LA MORATORIA EN EL PAGO DE LA HIPOTECA. <\/strong><\/p>\n<p>El <a href=\"https:\/\/www.boe.es\/boe\/dias\/2020\/03\/18\/pdfs\/BOE-A-2020-3824.pdf\"><em>Real Decreto-ley 8\/2020, de 17 de marzo<\/em><\/a><em>, de medidas urgentes extraordinarias para hacer frente al impacto econ\u00f3mico y social del COVID-19<\/em>, adopta una medida de car\u00e1cter urgente dirigida a <strong>asegurar<\/strong> <strong>la<\/strong> <strong>protecci\u00f3n de los deudores hipotecarios en situaci\u00f3n de vulnerabilidad<\/strong>, tras la aprobaci\u00f3n del <a href=\"https:\/\/www.boe.es\/boe\/dias\/2020\/03\/14\/pdfs\/BOE-A-2020-3692.pdf\"><em>Real Decreto 463\/2020, de 14 de marzo<\/em><\/a><em>, por el que se declara el estado de alarma para la gesti\u00f3n de la situaci\u00f3n de crisis sanitaria ocasionada por el COVID-19. <\/em><\/p>\n<p>El RD-ley 8\/2020 dispone una <strong><u>moratoria<\/u> en el pago de las cuotas hipotecarias<\/strong> de los que son considerados <strong><u>colectivos particularmente vulnerables<\/u><\/strong>, declarando su Exposici\u00f3n de Motivos que \u201ces de especial importancia garantizar el derecho a la vivienda a los deudores hipotecarios en situaci\u00f3n de especial vulnerabilidad que vean reducir sus ingresos como consecuencia de la crisis sanitaria del COVID-19\u201d.<\/p>\n<p>El <strong><u>\u00e1mbito de aplicaci\u00f3n objetivo<\/u><\/strong> del RD-ley queda determinado por los <strong>contratos de pr\u00e9stamo o cr\u00e9dito garantizados con hipoteca inmobiliaria <\/strong>cuyo deudor se encuentre en los supuestos de vulnerabilidad econ\u00f3mica establecidos en el art\u00edculo 9 RD-ley 8\/2020 y que est\u00e9n vigentes a 18 de marzo de 2020, y ser\u00e1 de aplicaci\u00f3n desde un punto de vista <strong><u>subjetivo<\/u><\/strong>, tanto al <strong>deudor principal<\/strong>, como a los <strong>fiadores y avalistas<\/strong> del deudor principal, respecto de su <strong>vivienda habitual <\/strong>y con las mismas condiciones que las establecidas para el deudor hipotecario.<\/p>\n<p>En el art\u00edculo 9 del RD-ley8\/2020 se define qu\u00e9 debe entenderse por \u201c<strong>Supuestos de vulnerabilidad econ\u00f3mica<\/strong>\u201d, diferenci\u00e1ndose cuatro escenarios distintos:<\/p>\n<ol>\n<li>Cuando el <strong><u>deudor hipotecario<\/u><\/strong> se encuentre en<strong> <u>situaci\u00f3n de desempleo<\/u><\/strong> o <strong><u>p\u00e9rdida sustancial de sus ingresos<\/u><\/strong> o una ca\u00edda de sus ventas.<\/li>\n<li><strong>Cuando el conjunto de los ingresos de los miembros de la <u>unidad familiar<\/u> no supere, en el mes anterior a la solicitud de la moratoria<\/strong>:<\/li>\n<\/ol>\n<ul>\n<li>con car\u00e1cter general, <u>el <strong>l\u00edmite de 3 veces el Indicador P\u00fablico de Renta de Efectos M\u00faltiples mensual<\/strong><\/u><strong>, <\/strong>que es el \u00edndice de referencia en Espa\u00f1a para la asignaci\u00f3n de ayudas y subsidios en funci\u00f3n de los ingresos (en adelante IPREM).<\/li>\n<li>Este l\u00edmite se incrementar\u00e1 en <strong>0,1 veces el IPREM por cada hijo a cargo en la unidad familiar<\/strong>. En el caso de <strong>unidad familiar monoparental<\/strong>, el incremento aplicable por hijo a cargo ser\u00e1 de <strong>0,15 veces el IPREM<\/strong>.<\/li>\n<li>Este l\u00edmite se incrementar\u00e1 en <strong>0,1 veces el IPREM por cada persona mayor de 65 a\u00f1os<\/strong> miembro de la unidad familiar.<\/li>\n<li>En caso de que alguno de los miembros de la unidad familiar tenga declarada <strong>discapacidad superior al 33 por ciento<\/strong>, <strong>situaci\u00f3n de dependencia o enfermedad que le incapacite<\/strong> acreditadamente <strong>de forma permanente<\/strong> para realizar una actividad laboral, el l\u00edmite previsto en el subapartado i) ser\u00e1 de <strong>4 veces el IPREM<\/strong>, sin perjuicio de los incrementos acumulados por hijo a cargo.<\/li>\n<li>En el caso de que el <strong>deudor hipotecario <\/strong>sea<strong> persona con par\u00e1lisis cerebral<\/strong>, con <strong>enfermedad mental<\/strong>, o con <strong>discapacidad intelectual<\/strong>, con un grado de discapacidad reconocido igual o superior al 33 por ciento, o persona con discapacidad f\u00edsica o sensorial, con un grado de discapacidad reconocida igual o superior al 65 por ciento, as\u00ed como en los casos de enfermedad grave que incapacite acreditadamente, a la persona o a su cuidador, para realizar una actividad laboral, el l\u00edmite previsto en el subapartado i) ser\u00e1 de <strong>5 veces el IPREM<\/strong>.<\/li>\n<\/ul>\n<ol start=\"3\">\n<li>Cuando la <strong>cuota hipotecaria, m\u00e1s los gastos y suministros b\u00e1sicos<\/strong>, resulte s<strong>uperior o igual al 35 por cien de los ingresos netos <\/strong>que perciba el conjunto de los miembros de la unidad familiar.<\/li>\n<li>Cuando, a consecuencia de la emergencia sanitaria, la unidad familiar haya sufrido una <strong>alteraci\u00f3n significativa de sus circunstancias econ\u00f3micas<\/strong> en t\u00e9rminos de esfuerzo de acceso a la vivienda, seg\u00fan los criterios que se definen en el punto siguiente.<\/li>\n<\/ol>\n<p>A los efectos de dicho art\u00edculo, y para un mayor entendimiento del mismo, es preciso aclarar algunos conceptos:<\/p>\n<p><strong>\u00bfQu\u00e9 se entiende por <u>ca\u00edda sustancial de las ventas<\/u>?<\/strong><\/p>\n<p>Cuando esta ca\u00edda sea al menos del 40 %.<\/p>\n<p><strong>\u00bfQu\u00e9 se entiende por <u>IPREM<\/u>?<\/strong><\/p>\n<p>Como hemos indicado anteriormente, el<strong>\u00a0<\/strong>Indicador P\u00fablico de Renta de Efectos M\u00faltiples\u00a0(IPREM) es un \u00edndice empleado en Espa\u00f1a como referencia para la concesi\u00f3n de ayudas, subvenciones o el subsidio de desempleo.<\/p>\n<p>En el a\u00f1o 2020 el IPREM mensual se sit\u00faa en los <strong>537,84 euros<\/strong>, anual (doce pagas en <strong>6.454,03 euros<\/strong> y anual (catorce pagas) en <strong>7.519,50 euros.<\/strong><\/p>\n<p><strong>\u00bfQu\u00e9 se entiende por <u>unidad familiar<\/u>?<\/strong><\/p>\n<p>Por unidad familiar la compuesta por el deudor, su c\u00f3nyuge no separado legalmente o pareja de hecho inscrita y los hijos, con independencia de su edad, que residan en la vivienda, incluyendo los vinculados por una relaci\u00f3n de tutela, guarda o acogimiento familiar y su c\u00f3nyuge no separado legalmente o pareja de hecho inscrita, que residan en la vivienda.<\/p>\n<p><strong>\u00bfQu\u00e9 se entiende por <u>alteraci\u00f3n significativa de las circunstancias econ\u00f3micas<\/u>?<\/strong><\/p>\n<p>Se ha producido una alteraci\u00f3n significativa de las circunstancias econ\u00f3micas cuando el esfuerzo que represente la carga hipotecaria sobre la renta familiar se haya multiplicado por al menos 1,3.<\/p>\n<p>Una vez que se ha comprobado que se cumplen los requisitos de alguno de los anteriores supuestos, debe <strong><u>solicitarse directamente la moratoria a la entidad bancaria<\/u><\/strong>, aportando a la misma la <strong><u>documentaci\u00f3n<\/u> <\/strong>que se relaciona a continuaci\u00f3n:<\/p>\n<p><strong>a) En caso de situaci\u00f3n legal de desempleo<\/strong>: mediante <strong>certificado expedido por la entidad gestora de las prestaciones<\/strong>, en el que figure la cuant\u00eda mensual percibida en concepto de prestaciones o subsidios por desempleo.<\/p>\n<p><strong>b) En caso de cese de actividad de los trabajadores por cuenta propia<\/strong>: mediante <strong>certificado expedido por la Agencia Estatal de la Administraci\u00f3n Tributaria<\/strong> o el \u00f3rgano competente de la Comunidad Aut\u00f3noma, en su caso, sobre la base de la <strong>declaraci\u00f3n de cese de actividad<\/strong> declarada por el interesado.<\/p>\n<p><strong>c) N\u00famero de personas<\/strong> que habitan la vivienda:<\/p>\n<ul>\n<li><strong>Libro de familia<\/strong> o <strong>documento acreditativo de pareja de hecho.<\/strong><\/li>\n<li><strong>Certificado de empadronamiento<\/strong> relativo a las personas empadronadas en la vivienda, con referencia al momento de la presentaci\u00f3n de los documentos acreditativos y a los seis meses anteriores.<\/li>\n<li><strong>Declaraci\u00f3n de discapacidad<\/strong>, de dependencia o de incapacidad permanente para realizar una actividad laboral. (en su caso).<\/li>\n<\/ul>\n<p>d<strong>) Titularidad de los bienes:<\/strong><\/p>\n<ul>\n<li><strong>Nota simple<\/strong> del servicio de \u00edndices del Registro de la Propiedad de todos los miembros de la unidad familiar.<\/li>\n<li><strong>Escrituras de compraventa de la vivienda<\/strong> y de <strong>concesi\u00f3n del pr\u00e9stamo<\/strong> con garant\u00eda hipotecaria.<\/li>\n<li><strong>Declaraci\u00f3n responsable<\/strong> del deudor o deudores relativa al cumplimiento de los requisitos exigidos para considerarse sin recursos econ\u00f3micos suficientes seg\u00fan el RD-ley 8\/2020.<\/li>\n<\/ul>\n<p>La moratoria se puede pedir\u00a0<strong>desde el jueves 19 de marzo hasta 15 d\u00edas despu\u00e9s del fin de la vigencia del real decreto-ley<\/strong>. Una vez realizada la solicitud, la entidad bancaria dispondr\u00e1 de un plazo m\u00e1ximo de 15 d\u00edas para su autorizaci\u00f3n o desestimaci\u00f3n.<\/p>\n<p>En caso de concederse, el banco tendr\u00e1 que comunicar el aplazamiento al Banco de Espa\u00f1a para su no imputaci\u00f3n en el c\u00f3mputo de provisiones de riesgo por impago.<\/p>\n<p>Es importante tener en cuenta cu\u00e1les son los <strong>efectos de la moratoria:<\/strong><\/p>\n<ul>\n<li>La solicitud conllevar\u00e1 la <strong>suspensi\u00f3n de la deuda hipotecaria<\/strong> durante el plazo estipulado para la misma y la consiguiente <strong>inaplicaci\u00f3n <\/strong>durante el periodo de vigencia de la moratoria de la <strong>cl\u00e1usula de vencimiento anticipado<\/strong> que conste en el contrato de pr\u00e9stamo hipotecario.<\/li>\n<li>Durante el periodo de vigencia de la moratoria la entidad acreedora <strong>no podr\u00e1 exigir el pago de la cuota hipotecaria<\/strong>, ni de ninguno de los conceptos que la integran (amortizaci\u00f3n del capital o pago de intereses), ni \u00edntegramente, ni en un porcentaje.<\/li>\n<li><strong>Tampoco se devengar\u00e1n intereses.<\/strong><\/li>\n<li><strong>No <\/strong>se permitir\u00e1 la aplicaci\u00f3n de <strong>inter\u00e9s moratorio<\/strong> por el per\u00edodo de vigencia de la moratoria.<\/li>\n<\/ul>\n<p>Finalmente, y no menos importante, son las <strong>consecuencias de quien intente defraudar<\/strong> a entidad bancaria. En este sentido, dispone el RD-ley que quien se haya beneficiado de esta moratoria hipotecaria sin reunir los requisitos, sino alterando los datos, ser\u00e1 responsable de los datos y perjuicios producidos, as\u00ed como de todos los gastos generados por la aplicaci\u00f3n de estas medidas de flexibilizaci\u00f3n.<\/p>\n<p>El importe de los da\u00f1os, perjuicios y gastos no puede resultar inferior al beneficio indebidamente obtenido por el deudor. Tambi\u00e9n incurrir\u00e1 en responsabilidad el deudor que busque situarse o mantenerse en los supuestos de vulnerabilidad econ\u00f3mica con la finalidad de obtener la aplicaci\u00f3n de estas medidas, correspondiendo la acreditaci\u00f3n de esta circunstancia a la entidad con la que tuviere concertado la hipoteca.<\/p>\n<p>Por <strong>Margalida Sans\u00f3<\/strong><\/p>\n<p>Abogada <strong>FMSB<\/strong><\/p>\n<hr \/>\n<p>#fmsb #fontmorasainzdebaranda #abogados #economistas #derecho #contratos #hipoteca #garantia #prestamo #intereses #cuota #covid19 #medidas #coronavirus #protecci\u00f3n #deudor #deudorhipotecario #obligaciones #estadodealarma #baleares #mallorca #menorca #ibiza #manacor #law #lawyers #solicitors<\/p>\n","protected":false},"excerpt":{"rendered":"<p>CORONAVIRUS: LA MORATORIA EN EL PAGO DE LA HIPOTECA. El Real Decreto-ley 8\/2020, de 17 de marzo, de medidas urgentes extraordinarias para hacer frente al impacto econ\u00f3mico y social del COVID-19, adopta una medida de car\u00e1cter urgente dirigida a asegurar la protecci\u00f3n de los deudores hipotecarios en situaci\u00f3n de vulnerabilidad, tras la aprobaci\u00f3n del Real [&hellip;]<\/p>\n","protected":false},"author":2,"featured_media":9088,"comment_status":"closed","ping_status":"open","sticky":false,"template":"","format":"standard","meta":{"footnotes":""},"categories":[2149,3880,2152],"tags":[],"class_list":["post-11686","post","type-post","status-publish","format-standard","has-post-thumbnail","hentry","category-blog-en-2","category-coronavirus-en","category-home-en-2"],"yoast_head":"<!-- This site is optimized with the Yoast SEO plugin v27.3 - https:\/\/yoast.com\/product\/yoast-seo-wordpress\/ -->\n<title>Coronavirus y la moratoria en el pago de las hipotecas - FMSB Abogados y Economistas en Baleares<\/title>\n<meta name=\"robots\" content=\"index, follow, max-snippet:-1, max-image-preview:large, max-video-preview:-1\" \/>\n<link rel=\"canonical\" href=\"https:\/\/fmsb.eu\/en\/2020\/03\/30\/covid19-moratorio-pago-hipotecas\/\" \/>\n<meta property=\"og:locale\" content=\"en_US\" \/>\n<meta property=\"og:type\" content=\"article\" \/>\n<meta property=\"og:title\" content=\"Coronavirus y la moratoria en el pago de las hipotecas - FMSB Abogados y Economistas en Baleares\" \/>\n<meta property=\"og:description\" content=\"CORONAVIRUS: LA MORATORIA EN EL PAGO DE LA HIPOTECA. El Real Decreto-ley 8\/2020, de 17 de marzo, de medidas urgentes extraordinarias para hacer frente al impacto econ\u00f3mico y social del COVID-19, adopta una medida de car\u00e1cter urgente dirigida a asegurar la protecci\u00f3n de los deudores hipotecarios en situaci\u00f3n de vulnerabilidad, tras la aprobaci\u00f3n del Real [&hellip;]\" \/>\n<meta property=\"og:url\" content=\"https:\/\/fmsb.eu\/en\/2020\/03\/30\/covid19-moratorio-pago-hipotecas\/\" \/>\n<meta property=\"og:site_name\" content=\"FMSB Abogados y Economistas en Baleares\" \/>\n<meta property=\"article:published_time\" content=\"2020-03-30T09:52:05+00:00\" \/>\n<meta property=\"og:image\" content=\"https:\/\/fmsb.eu\/wp-content\/uploads\/2020\/03\/FMSB-Abogados-Moratoria-Pago-Hipoteca-Coronavirus-cuad.png\" \/>\n\t<meta property=\"og:image:width\" content=\"955\" \/>\n\t<meta property=\"og:image:height\" content=\"645\" \/>\n\t<meta property=\"og:image:type\" content=\"image\/png\" \/>\n<meta name=\"author\" content=\"fmsb\" \/>\n<meta name=\"twitter:card\" content=\"summary_large_image\" \/>\n<meta name=\"twitter:creator\" content=\"@fmsb-disstint\" \/>\n<meta name=\"twitter:label1\" content=\"Written by\" \/>\n\t<meta name=\"twitter:data1\" content=\"fmsb\" \/>\n\t<meta name=\"twitter:label2\" content=\"Est. reading time\" \/>\n\t<meta name=\"twitter:data2\" content=\"7 minutes\" \/>\n<script type=\"application\/ld+json\" class=\"yoast-schema-graph\">{\"@context\":\"https:\\\/\\\/schema.org\",\"@graph\":[{\"@type\":\"Article\",\"@id\":\"https:\\\/\\\/fmsb.eu\\\/en\\\/2020\\\/03\\\/30\\\/covid19-moratorio-pago-hipotecas\\\/#article\",\"isPartOf\":{\"@id\":\"https:\\\/\\\/fmsb.eu\\\/en\\\/2020\\\/03\\\/30\\\/covid19-moratorio-pago-hipotecas\\\/\"},\"author\":{\"name\":\"fmsb\",\"@id\":\"https:\\\/\\\/fmsb.eu\\\/en\\\/#\\\/schema\\\/person\\\/9fba7c70814b0cd34d35d655d36a4ca2\"},\"headline\":\"Coronavirus y la moratoria en el pago de las hipotecas\",\"datePublished\":\"2020-03-30T09:52:05+00:00\",\"mainEntityOfPage\":{\"@id\":\"https:\\\/\\\/fmsb.eu\\\/en\\\/2020\\\/03\\\/30\\\/covid19-moratorio-pago-hipotecas\\\/\"},\"wordCount\":1485,\"publisher\":{\"@id\":\"https:\\\/\\\/fmsb.eu\\\/en\\\/#organization\"},\"image\":{\"@id\":\"https:\\\/\\\/fmsb.eu\\\/en\\\/2020\\\/03\\\/30\\\/covid19-moratorio-pago-hipotecas\\\/#primaryimage\"},\"thumbnailUrl\":\"https:\\\/\\\/fmsb.eu\\\/wp-content\\\/uploads\\\/2020\\\/03\\\/FMSB-Abogados-Moratoria-Pago-Hipoteca-Coronavirus-cuad.png\",\"articleSection\":[\"blog\",\"Coronavirus\",\"Home\"],\"inLanguage\":\"en-US\"},{\"@type\":\"WebPage\",\"@id\":\"https:\\\/\\\/fmsb.eu\\\/en\\\/2020\\\/03\\\/30\\\/covid19-moratorio-pago-hipotecas\\\/\",\"url\":\"https:\\\/\\\/fmsb.eu\\\/en\\\/2020\\\/03\\\/30\\\/covid19-moratorio-pago-hipotecas\\\/\",\"name\":\"Coronavirus y la moratoria en el pago de las hipotecas - FMSB Abogados y Economistas en Baleares\",\"isPartOf\":{\"@id\":\"https:\\\/\\\/fmsb.eu\\\/en\\\/#website\"},\"primaryImageOfPage\":{\"@id\":\"https:\\\/\\\/fmsb.eu\\\/en\\\/2020\\\/03\\\/30\\\/covid19-moratorio-pago-hipotecas\\\/#primaryimage\"},\"image\":{\"@id\":\"https:\\\/\\\/fmsb.eu\\\/en\\\/2020\\\/03\\\/30\\\/covid19-moratorio-pago-hipotecas\\\/#primaryimage\"},\"thumbnailUrl\":\"https:\\\/\\\/fmsb.eu\\\/wp-content\\\/uploads\\\/2020\\\/03\\\/FMSB-Abogados-Moratoria-Pago-Hipoteca-Coronavirus-cuad.png\",\"datePublished\":\"2020-03-30T09:52:05+00:00\",\"breadcrumb\":{\"@id\":\"https:\\\/\\\/fmsb.eu\\\/en\\\/2020\\\/03\\\/30\\\/covid19-moratorio-pago-hipotecas\\\/#breadcrumb\"},\"inLanguage\":\"en-US\",\"potentialAction\":[{\"@type\":\"ReadAction\",\"target\":[\"https:\\\/\\\/fmsb.eu\\\/en\\\/2020\\\/03\\\/30\\\/covid19-moratorio-pago-hipotecas\\\/\"]}]},{\"@type\":\"ImageObject\",\"inLanguage\":\"en-US\",\"@id\":\"https:\\\/\\\/fmsb.eu\\\/en\\\/2020\\\/03\\\/30\\\/covid19-moratorio-pago-hipotecas\\\/#primaryimage\",\"url\":\"https:\\\/\\\/fmsb.eu\\\/wp-content\\\/uploads\\\/2020\\\/03\\\/FMSB-Abogados-Moratoria-Pago-Hipoteca-Coronavirus-cuad.png\",\"contentUrl\":\"https:\\\/\\\/fmsb.eu\\\/wp-content\\\/uploads\\\/2020\\\/03\\\/FMSB-Abogados-Moratoria-Pago-Hipoteca-Coronavirus-cuad.png\",\"width\":955,\"height\":645},{\"@type\":\"BreadcrumbList\",\"@id\":\"https:\\\/\\\/fmsb.eu\\\/en\\\/2020\\\/03\\\/30\\\/covid19-moratorio-pago-hipotecas\\\/#breadcrumb\",\"itemListElement\":[{\"@type\":\"ListItem\",\"position\":1,\"name\":\"Portada\",\"item\":\"https:\\\/\\\/fmsb.eu\\\/en\\\/\"},{\"@type\":\"ListItem\",\"position\":2,\"name\":\"Coronavirus y la moratoria en el pago de las hipotecas\"}]},{\"@type\":\"WebSite\",\"@id\":\"https:\\\/\\\/fmsb.eu\\\/en\\\/#website\",\"url\":\"https:\\\/\\\/fmsb.eu\\\/en\\\/\",\"name\":\"FMSB Abogados y Economistas en Baleares\",\"description\":\"\",\"publisher\":{\"@id\":\"https:\\\/\\\/fmsb.eu\\\/en\\\/#organization\"},\"potentialAction\":[{\"@type\":\"SearchAction\",\"target\":{\"@type\":\"EntryPoint\",\"urlTemplate\":\"https:\\\/\\\/fmsb.eu\\\/en\\\/?s={search_term_string}\"},\"query-input\":{\"@type\":\"PropertyValueSpecification\",\"valueRequired\":true,\"valueName\":\"search_term_string\"}}],\"inLanguage\":\"en-US\"},{\"@type\":\"Organization\",\"@id\":\"https:\\\/\\\/fmsb.eu\\\/en\\\/#organization\",\"name\":\"FMSB Abogados y Economistas en Baleares\",\"url\":\"https:\\\/\\\/fmsb.eu\\\/en\\\/\",\"logo\":{\"@type\":\"ImageObject\",\"inLanguage\":\"en-US\",\"@id\":\"https:\\\/\\\/fmsb.eu\\\/en\\\/#\\\/schema\\\/logo\\\/image\\\/\",\"url\":\"https:\\\/\\\/fmsb.eu\\\/wp-content\\\/uploads\\\/2025\\\/02\\\/logo.svg\",\"contentUrl\":\"https:\\\/\\\/fmsb.eu\\\/wp-content\\\/uploads\\\/2025\\\/02\\\/logo.svg\",\"width\":154,\"height\":52,\"caption\":\"FMSB Abogados y Economistas en Baleares\"},\"image\":{\"@id\":\"https:\\\/\\\/fmsb.eu\\\/en\\\/#\\\/schema\\\/logo\\\/image\\\/\"}},{\"@type\":\"Person\",\"@id\":\"https:\\\/\\\/fmsb.eu\\\/en\\\/#\\\/schema\\\/person\\\/9fba7c70814b0cd34d35d655d36a4ca2\",\"name\":\"fmsb\",\"image\":{\"@type\":\"ImageObject\",\"inLanguage\":\"en-US\",\"@id\":\"https:\\\/\\\/secure.gravatar.com\\\/avatar\\\/426f4d5b0ebcace85460caf87cdaaa193694b611e990615d87a13f322fb7ee7f?s=96&d=mm&r=g\",\"url\":\"https:\\\/\\\/secure.gravatar.com\\\/avatar\\\/426f4d5b0ebcace85460caf87cdaaa193694b611e990615d87a13f322fb7ee7f?s=96&d=mm&r=g\",\"contentUrl\":\"https:\\\/\\\/secure.gravatar.com\\\/avatar\\\/426f4d5b0ebcace85460caf87cdaaa193694b611e990615d87a13f322fb7ee7f?s=96&d=mm&r=g\",\"caption\":\"fmsb\"},\"sameAs\":[\"https:\\\/\\\/x.com\\\/fmsb-disstint\"],\"url\":\"https:\\\/\\\/fmsb.eu\\\/en\\\/author\\\/fmsb\\\/\"}]}<\/script>\n<!-- \/ Yoast SEO plugin. -->","yoast_head_json":{"title":"Coronavirus y la moratoria en el pago de las hipotecas - FMSB Abogados y Economistas en Baleares","robots":{"index":"index","follow":"follow","max-snippet":"max-snippet:-1","max-image-preview":"max-image-preview:large","max-video-preview":"max-video-preview:-1"},"canonical":"https:\/\/fmsb.eu\/en\/2020\/03\/30\/covid19-moratorio-pago-hipotecas\/","og_locale":"en_US","og_type":"article","og_title":"Coronavirus y la moratoria en el pago de las hipotecas - FMSB Abogados y Economistas en Baleares","og_description":"CORONAVIRUS: LA MORATORIA EN EL PAGO DE LA HIPOTECA. El Real Decreto-ley 8\/2020, de 17 de marzo, de medidas urgentes extraordinarias para hacer frente al impacto econ\u00f3mico y social del COVID-19, adopta una medida de car\u00e1cter urgente dirigida a asegurar la protecci\u00f3n de los deudores hipotecarios en situaci\u00f3n de vulnerabilidad, tras la aprobaci\u00f3n del Real [&hellip;]","og_url":"https:\/\/fmsb.eu\/en\/2020\/03\/30\/covid19-moratorio-pago-hipotecas\/","og_site_name":"FMSB Abogados y Economistas en Baleares","article_published_time":"2020-03-30T09:52:05+00:00","og_image":[{"width":955,"height":645,"url":"https:\/\/fmsb.eu\/wp-content\/uploads\/2020\/03\/FMSB-Abogados-Moratoria-Pago-Hipoteca-Coronavirus-cuad.png","type":"image\/png"}],"author":"fmsb","twitter_card":"summary_large_image","twitter_creator":"@fmsb-disstint","twitter_misc":{"Written by":"fmsb","Est. reading time":"7 minutes"},"schema":{"@context":"https:\/\/schema.org","@graph":[{"@type":"Article","@id":"https:\/\/fmsb.eu\/en\/2020\/03\/30\/covid19-moratorio-pago-hipotecas\/#article","isPartOf":{"@id":"https:\/\/fmsb.eu\/en\/2020\/03\/30\/covid19-moratorio-pago-hipotecas\/"},"author":{"name":"fmsb","@id":"https:\/\/fmsb.eu\/en\/#\/schema\/person\/9fba7c70814b0cd34d35d655d36a4ca2"},"headline":"Coronavirus y la moratoria en el pago de las hipotecas","datePublished":"2020-03-30T09:52:05+00:00","mainEntityOfPage":{"@id":"https:\/\/fmsb.eu\/en\/2020\/03\/30\/covid19-moratorio-pago-hipotecas\/"},"wordCount":1485,"publisher":{"@id":"https:\/\/fmsb.eu\/en\/#organization"},"image":{"@id":"https:\/\/fmsb.eu\/en\/2020\/03\/30\/covid19-moratorio-pago-hipotecas\/#primaryimage"},"thumbnailUrl":"https:\/\/fmsb.eu\/wp-content\/uploads\/2020\/03\/FMSB-Abogados-Moratoria-Pago-Hipoteca-Coronavirus-cuad.png","articleSection":["blog","Coronavirus","Home"],"inLanguage":"en-US"},{"@type":"WebPage","@id":"https:\/\/fmsb.eu\/en\/2020\/03\/30\/covid19-moratorio-pago-hipotecas\/","url":"https:\/\/fmsb.eu\/en\/2020\/03\/30\/covid19-moratorio-pago-hipotecas\/","name":"Coronavirus y la moratoria en el pago de las hipotecas - FMSB Abogados y Economistas en Baleares","isPartOf":{"@id":"https:\/\/fmsb.eu\/en\/#website"},"primaryImageOfPage":{"@id":"https:\/\/fmsb.eu\/en\/2020\/03\/30\/covid19-moratorio-pago-hipotecas\/#primaryimage"},"image":{"@id":"https:\/\/fmsb.eu\/en\/2020\/03\/30\/covid19-moratorio-pago-hipotecas\/#primaryimage"},"thumbnailUrl":"https:\/\/fmsb.eu\/wp-content\/uploads\/2020\/03\/FMSB-Abogados-Moratoria-Pago-Hipoteca-Coronavirus-cuad.png","datePublished":"2020-03-30T09:52:05+00:00","breadcrumb":{"@id":"https:\/\/fmsb.eu\/en\/2020\/03\/30\/covid19-moratorio-pago-hipotecas\/#breadcrumb"},"inLanguage":"en-US","potentialAction":[{"@type":"ReadAction","target":["https:\/\/fmsb.eu\/en\/2020\/03\/30\/covid19-moratorio-pago-hipotecas\/"]}]},{"@type":"ImageObject","inLanguage":"en-US","@id":"https:\/\/fmsb.eu\/en\/2020\/03\/30\/covid19-moratorio-pago-hipotecas\/#primaryimage","url":"https:\/\/fmsb.eu\/wp-content\/uploads\/2020\/03\/FMSB-Abogados-Moratoria-Pago-Hipoteca-Coronavirus-cuad.png","contentUrl":"https:\/\/fmsb.eu\/wp-content\/uploads\/2020\/03\/FMSB-Abogados-Moratoria-Pago-Hipoteca-Coronavirus-cuad.png","width":955,"height":645},{"@type":"BreadcrumbList","@id":"https:\/\/fmsb.eu\/en\/2020\/03\/30\/covid19-moratorio-pago-hipotecas\/#breadcrumb","itemListElement":[{"@type":"ListItem","position":1,"name":"Portada","item":"https:\/\/fmsb.eu\/en\/"},{"@type":"ListItem","position":2,"name":"Coronavirus y la moratoria en el pago de las hipotecas"}]},{"@type":"WebSite","@id":"https:\/\/fmsb.eu\/en\/#website","url":"https:\/\/fmsb.eu\/en\/","name":"FMSB Abogados y Economistas en Baleares","description":"","publisher":{"@id":"https:\/\/fmsb.eu\/en\/#organization"},"potentialAction":[{"@type":"SearchAction","target":{"@type":"EntryPoint","urlTemplate":"https:\/\/fmsb.eu\/en\/?s={search_term_string}"},"query-input":{"@type":"PropertyValueSpecification","valueRequired":true,"valueName":"search_term_string"}}],"inLanguage":"en-US"},{"@type":"Organization","@id":"https:\/\/fmsb.eu\/en\/#organization","name":"FMSB Abogados y Economistas en Baleares","url":"https:\/\/fmsb.eu\/en\/","logo":{"@type":"ImageObject","inLanguage":"en-US","@id":"https:\/\/fmsb.eu\/en\/#\/schema\/logo\/image\/","url":"https:\/\/fmsb.eu\/wp-content\/uploads\/2025\/02\/logo.svg","contentUrl":"https:\/\/fmsb.eu\/wp-content\/uploads\/2025\/02\/logo.svg","width":154,"height":52,"caption":"FMSB Abogados y Economistas en Baleares"},"image":{"@id":"https:\/\/fmsb.eu\/en\/#\/schema\/logo\/image\/"}},{"@type":"Person","@id":"https:\/\/fmsb.eu\/en\/#\/schema\/person\/9fba7c70814b0cd34d35d655d36a4ca2","name":"fmsb","image":{"@type":"ImageObject","inLanguage":"en-US","@id":"https:\/\/secure.gravatar.com\/avatar\/426f4d5b0ebcace85460caf87cdaaa193694b611e990615d87a13f322fb7ee7f?s=96&d=mm&r=g","url":"https:\/\/secure.gravatar.com\/avatar\/426f4d5b0ebcace85460caf87cdaaa193694b611e990615d87a13f322fb7ee7f?s=96&d=mm&r=g","contentUrl":"https:\/\/secure.gravatar.com\/avatar\/426f4d5b0ebcace85460caf87cdaaa193694b611e990615d87a13f322fb7ee7f?s=96&d=mm&r=g","caption":"fmsb"},"sameAs":["https:\/\/x.com\/fmsb-disstint"],"url":"https:\/\/fmsb.eu\/en\/author\/fmsb\/"}]}},"_links":{"self":[{"href":"https:\/\/fmsb.eu\/en\/wp-json\/wp\/v2\/posts\/11686","targetHints":{"allow":["GET"]}}],"collection":[{"href":"https:\/\/fmsb.eu\/en\/wp-json\/wp\/v2\/posts"}],"about":[{"href":"https:\/\/fmsb.eu\/en\/wp-json\/wp\/v2\/types\/post"}],"author":[{"embeddable":true,"href":"https:\/\/fmsb.eu\/en\/wp-json\/wp\/v2\/users\/2"}],"replies":[{"embeddable":true,"href":"https:\/\/fmsb.eu\/en\/wp-json\/wp\/v2\/comments?post=11686"}],"version-history":[{"count":0,"href":"https:\/\/fmsb.eu\/en\/wp-json\/wp\/v2\/posts\/11686\/revisions"}],"wp:featuredmedia":[{"embeddable":true,"href":"https:\/\/fmsb.eu\/en\/wp-json\/wp\/v2\/media\/9088"}],"wp:attachment":[{"href":"https:\/\/fmsb.eu\/en\/wp-json\/wp\/v2\/media?parent=11686"}],"wp:term":[{"taxonomy":"category","embeddable":true,"href":"https:\/\/fmsb.eu\/en\/wp-json\/wp\/v2\/categories?post=11686"},{"taxonomy":"post_tag","embeddable":true,"href":"https:\/\/fmsb.eu\/en\/wp-json\/wp\/v2\/tags?post=11686"}],"curies":[{"name":"wp","href":"https:\/\/api.w.org\/{rel}","templated":true}]}}