{"id":11688,"date":"2020-03-26T18:21:35","date_gmt":"2020-03-26T17:21:35","guid":{"rendered":"http:\/\/fmsb.disstintbeta.com\/2020\/03\/26\/avales-oficiales-empresas-autonomos-covid19\/"},"modified":"2020-03-26T18:21:35","modified_gmt":"2020-03-26T17:21:35","slug":"avales-oficiales-empresas-autonomos-covid19","status":"publish","type":"post","link":"https:\/\/fmsb.eu\/en\/2020\/03\/26\/avales-oficiales-empresas-autonomos-covid19\/","title":{"rendered":"Documento informativo sobre las l\u00edneas de avales oficiales estatales y del Govern balear para empresas y aut\u00f3nomos afectados por Covid-19"},"content":{"rendered":"<p><a href=\"https:\/\/www.fmsb.eu\/wp-content\/uploads\/2020\/03\/FMSB-Avales.png\"><img fetchpriority=\"high\" decoding=\"async\" class=\"alignnone wp-image-2741\" src=\"https:\/\/www.fmsb.eu\/wp-content\/uploads\/2020\/03\/FMSB-Avales-1024x408.png\" alt=\"\" width=\"800\" height=\"319\" srcset=\"https:\/\/font-mora-sainz-baranda.fra1.digitaloceanspaces.com\/wp-content\/uploads\/2020\/03\/FMSB-Avales-1024x408.png 1024w, https:\/\/font-mora-sainz-baranda.fra1.digitaloceanspaces.com\/wp-content\/uploads\/2020\/03\/FMSB-Avales-300x120.png 300w, https:\/\/font-mora-sainz-baranda.fra1.digitaloceanspaces.com\/wp-content\/uploads\/2020\/03\/FMSB-Avales-768x306.png 768w, https:\/\/font-mora-sainz-baranda.fra1.digitaloceanspaces.com\/wp-content\/uploads\/2020\/03\/FMSB-Avales-1536x612.png 1536w, https:\/\/font-mora-sainz-baranda.fra1.digitaloceanspaces.com\/wp-content\/uploads\/2020\/03\/FMSB-Avales.png 1619w\" sizes=\"(max-width: 800px) 100vw, 800px\" \/><\/a><\/p>\n<p>&nbsp;<\/p>\n<p class=\"impact-text\"><span style=\"color: #000080;\"><strong>DOCUMENTO INFORMATIVO FMSB SOBRE AYUDAS OFICIALES A EMPRESAS Y AUT\u00d3NOMOS POR COVID-19<\/strong><\/span><\/p>\n<p>&nbsp;<\/p>\n<p><span style=\"color: #000080;\"><strong>A)\u00a0 AVALES DEL GOVERN BALEAR<\/strong><\/span><\/p>\n<p>El <strong>Govern de les Illes Balears<\/strong>, ofrece una l\u00ednea de <strong>ayudas v\u00eda aval<\/strong> a empresas y aut\u00f3nomos, <strong>a trav\u00e9s de la sociedad de garant\u00edas reciprocas<\/strong> <strong>ISBA SGR<\/strong>.<\/p>\n<p><span style=\"color: #000080;\"><strong>CONDICIONES:<\/strong><\/span><\/p>\n<ul>\n<li>Ser una <strong>peque\u00f1a y mediana empresa<\/strong> (no tener m\u00e1s de 250 trabajadores, volumen de facturaci\u00f3n inferior a 50 millones de \u20ac y cifra de balance inferior a 43 millones de \u20ac).<\/li>\n<li>Tener <strong>domicilio social o establecimiento en el territorio de la Comunidad Aut\u00f3noma<\/strong> de las Islas Baleares.<\/li>\n<li><strong>No operar en el sector de promoci\u00f3n inmobiliaria<\/strong> (CNAE 4110).<\/li>\n<li><strong>No estar en situaci\u00f3n de disoluci\u00f3n ni en concurso de acreedores<\/strong>.<\/li>\n<li><strong>Estar al corriente de pagos con Seguridad Social, la Agencia Tributaria y con la comunidad aut\u00f3noma<\/strong>.<\/li>\n<\/ul>\n<p>&nbsp;<\/p>\n<p><span style=\"color: #000080;\"><strong>L\u00cdNEAS EXTRAORDINARIAS DE LIQUIDEZ COVID 19<\/strong><\/span><\/p>\n<p><span style=\"color: #000080;\">1\u00a0\u00a0 PR\u00c9STAMO CIRCULANTE COVID19<\/span><\/p>\n<p><span style=\"color: #000080;\">PR\u00c9STAMOS DESTINADOS A CUBRIR LOS EFECTOS ECON\u00d3MICOS DEL COVID 19<\/span><\/p>\n<ul>\n<li>Cantidad de 6.000 \u20ac a 300.000 \u20ac<\/li>\n<li>Tiempo Hasta 36 meses<\/li>\n<li>\u00a0Carencia posible de hasta 12 meses<\/li>\n<li>Importe de 6.000 a 300.000 \u20ac<\/li>\n<\/ul>\n<p>&nbsp;<\/p>\n<p><span style=\"color: #000080;\">2\u00a0\u00a0 POLIZA DE CR\u00c9DITO 12 MESES COVID19<\/span><\/p>\n<ul>\n<li>Cantidad de 6.000 \u20ac a 300.000 \u20ac<\/li>\n<li>Tiempo Hasta 12 meses<\/li>\n<li>Importe de 6.000 a 300.000 \u20ac<\/li>\n<\/ul>\n<p>&nbsp;<\/p>\n<p><span style=\"color: #000080;\">3\u00a0\u00a0 POLIZA DE CR\u00c9DITO 12 MESES COVID19<\/span><\/p>\n<ul>\n<li>Cantidad de 6.000 \u20ac a 300.000 \u20ac<\/li>\n<li>Tiempo Hasta 36 meses<\/li>\n<li>Importe de 6.000 a 300.000 \u20ac<\/li>\n<\/ul>\n<p>&nbsp;<\/p>\n<p><span style=\"color: #000080;\"><strong>B) AVALES APROBADOS POR EL GOBIERNO CENTRAL<\/strong><\/span><\/p>\n<p><strong><u>El Gobierno de la Naci\u00f3n <\/u><\/strong>ofrece una l\u00ednea de <strong>ayudas v\u00eda aval<\/strong> a empresas y aut\u00f3nomos, <strong>a trav\u00e9s del aval del Estado y\/o con l\u00edneas ICO<\/strong>.<\/p>\n<p>En primer lugar, el texto de la norma aclara que los avales p\u00fablicos servir\u00e1n para cubrir \u201c<em>tanto la renovaci\u00f3n de pr\u00e9stamos<\/em>\u201d ya existentes, como para lograr \u201c<em>nueva financiaci\u00f3n<\/em>\u201d concedida \u201c<em>por entidades de cr\u00e9dito, establecimientos financieros de cr\u00e9dito, entidades de dinero electr\u00f3nico y entidades de pagos<\/em>\u201d.<\/p>\n<p><span style=\"color: #000080;\"><strong>CARACTER\u00cdSTICAS<\/strong>:<\/span><\/p>\n<p>Los pr\u00e9stamos que pueden ser avalados por el Estado ser\u00e1n otorgados a <strong>empresas y aut\u00f3nomos<\/strong> que tengan <strong><u>domicilio social en Espa\u00f1a<\/u><\/strong> y se hayan visto <strong>afectados por los efectos econ\u00f3micos del Covid-19<\/strong>, siempre que los mismos hayan sido <strong>formalizados o renovados con posterioridad al 17 de Marzo de 2020<\/strong>.<\/p>\n<p>Las empresas o aut\u00f3nomos <strong>no pueden figurar en situaci\u00f3n de <u>morosidad<\/u> a 31 de Diciembre de 2019<\/strong> y tampoco <strong>haber presentado <u>concurso de acreedores<\/u> con anterioridad al 17 de Marzo de 2020<\/strong>.<\/p>\n<p>El <strong><u>importe m\u00e1ximo<\/u> del pr\u00e9stamo por cliente<\/strong> queda establecido en el l\u00edmite de un <strong><u>mill\u00f3n y medio de \u20ac <\/u><\/strong>en una o varias operaciones de pr\u00e9stamo a aut\u00f3nomo o empresa. Los pr\u00e9stamos que superen ese l\u00edmite y hasta el importe de 150 millones de \u20ac tendr\u00e1n que venir autorizados por el Instituto de Cr\u00e9dito Oficial (ICO).<\/p>\n<p>Las <strong>entidades financieras, <\/strong>que deber\u00e1n tener convenios con el ICO para acogerse a estos avales, <strong>aprobar\u00e1n las operaciones conforme a <u>sus propios criterios de evaluaci\u00f3n de riesgos<\/u><\/strong>, y podr\u00e1n financiar operaciones bien con <strong>recursos propios o bien con l\u00edneas ICO<\/strong>.<\/p>\n<p>Los <strong><u>tipos de inter\u00e9s<\/u><\/strong> ser\u00e1n <strong>negociados y fijados por la entidad de cr\u00e9dito con cada cliente<\/strong>.<\/p>\n<p><strong>Tramitaci\u00f3n a trav\u00e9s de una <u>entidad financiera<\/u><\/strong>, que es la que fijar\u00e1 las condiciones de tipo de inter\u00e9s, plazos, carencia, etc.<\/p>\n<p>El\u00a0 Gobierno ha aprobado una <strong>primera l\u00ednea de avales por importe de 10.000 millones de \u20ac con destino a <u>PYMEs y aut\u00f3nomos<\/u><\/strong> con la previsi\u00f3n de que ese importe sea ampliado m\u00e1s adelante. Dichos avales p\u00fablicos de los cr\u00e9ditos para PYMEs y aut\u00f3nomos tendr\u00e1n una <strong>cobertura del 80%<\/strong>.<\/p>\n<p>Las <strong><u>grandes empresas<\/u><\/strong>, por su parte, cuentan con otra <strong>l\u00ednea de avales de<\/strong> <strong>10.000 millones de \u20ac<\/strong> y podr\u00e1n solicitar financiaci\u00f3n con <strong>cobertura estatal del 70% para operaciones nuevas y del 60% para la renovaci\u00f3n de los contratos ya vigentes<\/strong>.<\/p>\n<p>El mecanismo de los avales se ir\u00e1 ajustando en funci\u00f3n de los resultados\u00a0del mismo. Una vez se vayan consumiendo los recursos, el Gobierno activar\u00e1 nuevos tramos de l\u00edneas hasta alcanzar el <strong>objetivo m<\/strong><strong>\u00e1<\/strong><strong>ximo de los 100.000 millones de \u20ac<\/strong>.<\/p>\n<p>Los <strong><u>plazos de vencimiento de los avales<\/u><\/strong> alcanzar\u00e1n los <strong><u>cinco a\u00f1os<\/u><\/strong>.<\/p>\n<p>Por lo tanto en estas l\u00edneas, <strong><u>una adecuada negociaci\u00f3n con la entidad financiera es trascendental para los intereses de empresas y aut\u00f3nomos, por cuanto no est\u00e1n fijadas de antemano las condiciones esenciales<\/u><\/strong> (intereses, plazos, etc.) <strong>y, por ello, le recomendamos el asesoramiento de un profesional que con su an\u00e1lisis y actuaci\u00f3n pueda conseguir para usted o su empresa las condiciones m\u00e1s beneficiosas y justas<\/strong>.<\/p>\n<p>Los<strong> <u>costes del aval<\/u><\/strong> ser\u00e1n <strong>asumidos por las entidades financieras.<\/strong><\/p>\n<p>Las empresas en concurso de acreedores antes del 18 de marzo no podr\u00e1n acogerse a estas l\u00edneas de avales ni tampoco, del mismo modo, aqu\u00e9llas con dificultades manifiestas (morosidad) patentes antes de final de a\u00f1o.<\/p>\n<p>Para la tramitaci\u00f3n de estos pr\u00e9stamos o p\u00f3lizas puede ser necesario la confecci\u00f3n de una <strong>memoria o documento justificativo<\/strong> de c\u00f3mo nuestra actividad se ha visto afectada por el Coronavirus. Es por ello que en <strong>FMSB<\/strong> &#8211;<em>abogados y economistas<\/em> <em>en Baleares<\/em>&#8211; tenemos a su disposici\u00f3n los ficheros que la sociedad de garant\u00eda rec\u00edproca ISBA solicita a empresas y aut\u00f3nomos para acceder a los avales del Govern Balear con los que justificar los efectos de la Pandemia del Covid19 en su actividad. Estos documentos tambi\u00e9n ser\u00e1n de utilidad en el caso de que la entidad financiera solicite informaci\u00f3n al respecto para las l\u00edneas de aval estatales aprobadas.<\/p>\n<p><strong>En FMSB &#8211;<em>abogados y economistas en Baleares<\/em>&#8211; <\/strong>ponemos su disposici\u00f3n el asesoramiento experimentado de nuestro equipo de profesionales que, en caso de ser necesario, pueda augurarle las mayores probabilidades de \u00e9xito si usted o su empresa precisa acceder a alguna de las l\u00edneas de avales disponibles.<\/p>\n<p>&nbsp;<\/p>\n<p>Puede descargar este documento informativo en formato pdf en este enlace <strong><a href=\"https:\/\/www.fmsb.eu\/wp-content\/uploads\/2020\/03\/FMSB-Documento-Informativo-Avales-Covid19-VF-fuente-peque\u00f1a.pdf\">FMSB Documento Informativo Avales Covid19<\/a><\/strong><\/p>\n<p>&nbsp;<\/p>\n<p><strong>Equipo FMSB<\/strong><\/p>\n<p>Abogados y Economistas<\/p>\n<p>&nbsp;<\/p>\n<hr \/>\n<p>#fmsb #fontmorasainzdebaranda #abogados #economistas #avales #financiacion #ayudas #pymes #autonomos #medidas #covid19 #coronavirus #ayudasestatales #ICO #garantiasreciprocas #SGR #obligaciones #covid19 #coronavirus #estadodealarma #governbalear #bancos #entidadesdecredito #baleares #mallorca #menorca #ibiza #manacor #law #lawyers #solicitors<\/p>\n<p>&nbsp;<\/p>\n","protected":false},"excerpt":{"rendered":"<p>&nbsp; DOCUMENTO INFORMATIVO FMSB SOBRE AYUDAS OFICIALES A EMPRESAS Y AUT\u00d3NOMOS POR COVID-19 &nbsp; A)\u00a0 AVALES DEL GOVERN BALEAR El Govern de les Illes Balears, ofrece una l\u00ednea de ayudas v\u00eda aval a empresas y aut\u00f3nomos, a trav\u00e9s de la sociedad de garant\u00edas reciprocas ISBA SGR. CONDICIONES: Ser una peque\u00f1a y mediana empresa (no tener [&hellip;]<\/p>\n","protected":false},"author":2,"featured_media":9086,"comment_status":"closed","ping_status":"open","sticky":false,"template":"","format":"standard","meta":{"footnotes":""},"categories":[2149,3880,2152],"tags":[2156,5080,5832,5833,5834,2158,2410,3584,3470,3585,2168,2964,4257,3915,5835,2173,2174,4562,2175,5836,5837,5838,2178,2179,5839,2181,2182,3756,2184,2733,5840,5841,5842,2193],"class_list":["post-11688","post","type-post","status-publish","format-standard","has-post-thumbnail","hentry","category-blog-en-2","category-coronavirus-en","category-home-en-2","tag-abogados-en","tag-autonomos-en","tag-avales-en","tag-ayudas-estatales-en","tag-ayudas-oficiales-en","tag-baleares-en","tag-bancos-en","tag-coronavirus-en","tag-covid-19-en","tag-covid19-en","tag-economistas-en","tag-empresas-en","tag-entidades-de-credito-en","tag-estado-de-alarma-en","tag-financiacion-en","tag-fmsb-en","tag-font-mora-sainz-de-baranda-en","tag-govern-balear-en","tag-ibiza-en-2","tag-ico-en","tag-instituto-de-credito-oficial-en","tag-isba-en","tag-law-en-2","tag-lawyers-en-2","tag-lineas-de-avales-en","tag-mallorca-en-2","tag-manacor-en","tag-medidas-en","tag-menorca-en-2","tag-obligaciones-en","tag-pymes-en","tag-sgr-en","tag-sociedad-de-garantias-reciprocas-en","tag-solicitors-en"],"yoast_head":"<!-- This site is optimized with the Yoast SEO plugin v27.3 - https:\/\/yoast.com\/product\/yoast-seo-wordpress\/ -->\n<title>Documento informativo sobre las l\u00edneas de avales oficiales estatales y del Govern balear para empresas y aut\u00f3nomos afectados por Covid-19 - FMSB Abogados y Economistas en Baleares<\/title>\n<meta name=\"robots\" content=\"index, follow, max-snippet:-1, max-image-preview:large, max-video-preview:-1\" \/>\n<link rel=\"canonical\" href=\"https:\/\/fmsb.eu\/en\/2020\/03\/26\/avales-oficiales-empresas-autonomos-covid19\/\" \/>\n<meta property=\"og:locale\" content=\"en_US\" \/>\n<meta property=\"og:type\" content=\"article\" \/>\n<meta property=\"og:title\" content=\"Documento informativo sobre las l\u00edneas de avales oficiales estatales y del Govern balear para empresas y aut\u00f3nomos afectados por Covid-19 - FMSB Abogados y Economistas en Baleares\" \/>\n<meta property=\"og:description\" content=\"&nbsp; DOCUMENTO INFORMATIVO FMSB SOBRE AYUDAS OFICIALES A EMPRESAS Y AUT\u00d3NOMOS POR COVID-19 &nbsp; A)\u00a0 AVALES DEL GOVERN BALEAR El Govern de les Illes Balears, ofrece una l\u00ednea de ayudas v\u00eda aval a empresas y aut\u00f3nomos, a trav\u00e9s de la sociedad de garant\u00edas reciprocas ISBA SGR. CONDICIONES: Ser una peque\u00f1a y mediana empresa (no tener [&hellip;]\" \/>\n<meta property=\"og:url\" content=\"https:\/\/fmsb.eu\/en\/2020\/03\/26\/avales-oficiales-empresas-autonomos-covid19\/\" \/>\n<meta property=\"og:site_name\" content=\"FMSB Abogados y Economistas en Baleares\" \/>\n<meta property=\"article:published_time\" content=\"2020-03-26T17:21:35+00:00\" \/>\n<meta property=\"og:image\" content=\"https:\/\/fmsb.eu\/wp-content\/uploads\/2020\/03\/FMSB-Avales.png\" \/>\n\t<meta property=\"og:image:width\" content=\"1619\" \/>\n\t<meta property=\"og:image:height\" content=\"645\" \/>\n\t<meta property=\"og:image:type\" content=\"image\/png\" \/>\n<meta name=\"author\" content=\"fmsb\" \/>\n<meta name=\"twitter:card\" content=\"summary_large_image\" \/>\n<meta name=\"twitter:creator\" content=\"@fmsb-disstint\" \/>\n<meta name=\"twitter:label1\" content=\"Written by\" \/>\n\t<meta name=\"twitter:data1\" content=\"fmsb\" \/>\n\t<meta name=\"twitter:label2\" content=\"Est. reading time\" \/>\n\t<meta name=\"twitter:data2\" content=\"5 minutes\" \/>\n<script type=\"application\/ld+json\" class=\"yoast-schema-graph\">{\"@context\":\"https:\\\/\\\/schema.org\",\"@graph\":[{\"@type\":\"Article\",\"@id\":\"https:\\\/\\\/fmsb.eu\\\/en\\\/2020\\\/03\\\/26\\\/avales-oficiales-empresas-autonomos-covid19\\\/#article\",\"isPartOf\":{\"@id\":\"https:\\\/\\\/fmsb.eu\\\/en\\\/2020\\\/03\\\/26\\\/avales-oficiales-empresas-autonomos-covid19\\\/\"},\"author\":{\"name\":\"fmsb\",\"@id\":\"https:\\\/\\\/fmsb.eu\\\/en\\\/#\\\/schema\\\/person\\\/9fba7c70814b0cd34d35d655d36a4ca2\"},\"headline\":\"Documento informativo sobre las l\u00edneas de avales oficiales estatales y del Govern balear para empresas y aut\u00f3nomos afectados por Covid-19\",\"datePublished\":\"2020-03-26T17:21:35+00:00\",\"mainEntityOfPage\":{\"@id\":\"https:\\\/\\\/fmsb.eu\\\/en\\\/2020\\\/03\\\/26\\\/avales-oficiales-empresas-autonomos-covid19\\\/\"},\"wordCount\":1048,\"publisher\":{\"@id\":\"https:\\\/\\\/fmsb.eu\\\/en\\\/#organization\"},\"image\":{\"@id\":\"https:\\\/\\\/fmsb.eu\\\/en\\\/2020\\\/03\\\/26\\\/avales-oficiales-empresas-autonomos-covid19\\\/#primaryimage\"},\"thumbnailUrl\":\"https:\\\/\\\/fmsb.eu\\\/wp-content\\\/uploads\\\/2020\\\/03\\\/FMSB-Avales.png\",\"keywords\":[\"abogados\",\"aut\u00f3nomos\",\"avales\",\"ayudas estatales\",\"ayudas oficiales\",\"baleares\",\"bancos\",\"coronavirus\",\"covid 19\",\"covid19\",\"economistas\",\"empresas\",\"entidades de credito\",\"estado de alarma\",\"financiaci\u00f3n\",\"fmsb\",\"font mora sainz de baranda\",\"govern balear\",\"ibiza\",\"ICO\",\"instituto de cr\u00e9dito oficial\",\"ISBA\",\"law\",\"lawyers\",\"l\u00edneas de avales\",\"mallorca\",\"Manacor\",\"medidas\",\"menorca\",\"obligaciones\",\"pymes\",\"SGR\",\"sociedad de garant\u00edas rec\u00edprocas\",\"solicitors\"],\"articleSection\":[\"blog\",\"Coronavirus\",\"Home\"],\"inLanguage\":\"en-US\"},{\"@type\":\"WebPage\",\"@id\":\"https:\\\/\\\/fmsb.eu\\\/en\\\/2020\\\/03\\\/26\\\/avales-oficiales-empresas-autonomos-covid19\\\/\",\"url\":\"https:\\\/\\\/fmsb.eu\\\/en\\\/2020\\\/03\\\/26\\\/avales-oficiales-empresas-autonomos-covid19\\\/\",\"name\":\"Documento informativo sobre las l\u00edneas de avales oficiales estatales y del Govern balear para empresas y aut\u00f3nomos afectados por Covid-19 - FMSB Abogados y Economistas en Baleares\",\"isPartOf\":{\"@id\":\"https:\\\/\\\/fmsb.eu\\\/en\\\/#website\"},\"primaryImageOfPage\":{\"@id\":\"https:\\\/\\\/fmsb.eu\\\/en\\\/2020\\\/03\\\/26\\\/avales-oficiales-empresas-autonomos-covid19\\\/#primaryimage\"},\"image\":{\"@id\":\"https:\\\/\\\/fmsb.eu\\\/en\\\/2020\\\/03\\\/26\\\/avales-oficiales-empresas-autonomos-covid19\\\/#primaryimage\"},\"thumbnailUrl\":\"https:\\\/\\\/fmsb.eu\\\/wp-content\\\/uploads\\\/2020\\\/03\\\/FMSB-Avales.png\",\"datePublished\":\"2020-03-26T17:21:35+00:00\",\"breadcrumb\":{\"@id\":\"https:\\\/\\\/fmsb.eu\\\/en\\\/2020\\\/03\\\/26\\\/avales-oficiales-empresas-autonomos-covid19\\\/#breadcrumb\"},\"inLanguage\":\"en-US\",\"potentialAction\":[{\"@type\":\"ReadAction\",\"target\":[\"https:\\\/\\\/fmsb.eu\\\/en\\\/2020\\\/03\\\/26\\\/avales-oficiales-empresas-autonomos-covid19\\\/\"]}]},{\"@type\":\"ImageObject\",\"inLanguage\":\"en-US\",\"@id\":\"https:\\\/\\\/fmsb.eu\\\/en\\\/2020\\\/03\\\/26\\\/avales-oficiales-empresas-autonomos-covid19\\\/#primaryimage\",\"url\":\"https:\\\/\\\/fmsb.eu\\\/wp-content\\\/uploads\\\/2020\\\/03\\\/FMSB-Avales.png\",\"contentUrl\":\"https:\\\/\\\/fmsb.eu\\\/wp-content\\\/uploads\\\/2020\\\/03\\\/FMSB-Avales.png\",\"width\":1619,\"height\":645},{\"@type\":\"BreadcrumbList\",\"@id\":\"https:\\\/\\\/fmsb.eu\\\/en\\\/2020\\\/03\\\/26\\\/avales-oficiales-empresas-autonomos-covid19\\\/#breadcrumb\",\"itemListElement\":[{\"@type\":\"ListItem\",\"position\":1,\"name\":\"Portada\",\"item\":\"https:\\\/\\\/fmsb.eu\\\/en\\\/\"},{\"@type\":\"ListItem\",\"position\":2,\"name\":\"Documento informativo sobre las l\u00edneas de avales oficiales estatales y del Govern balear para empresas y aut\u00f3nomos afectados por Covid-19\"}]},{\"@type\":\"WebSite\",\"@id\":\"https:\\\/\\\/fmsb.eu\\\/en\\\/#website\",\"url\":\"https:\\\/\\\/fmsb.eu\\\/en\\\/\",\"name\":\"FMSB Abogados y Economistas en Baleares\",\"description\":\"\",\"publisher\":{\"@id\":\"https:\\\/\\\/fmsb.eu\\\/en\\\/#organization\"},\"potentialAction\":[{\"@type\":\"SearchAction\",\"target\":{\"@type\":\"EntryPoint\",\"urlTemplate\":\"https:\\\/\\\/fmsb.eu\\\/en\\\/?s={search_term_string}\"},\"query-input\":{\"@type\":\"PropertyValueSpecification\",\"valueRequired\":true,\"valueName\":\"search_term_string\"}}],\"inLanguage\":\"en-US\"},{\"@type\":\"Organization\",\"@id\":\"https:\\\/\\\/fmsb.eu\\\/en\\\/#organization\",\"name\":\"FMSB Abogados y Economistas en Baleares\",\"url\":\"https:\\\/\\\/fmsb.eu\\\/en\\\/\",\"logo\":{\"@type\":\"ImageObject\",\"inLanguage\":\"en-US\",\"@id\":\"https:\\\/\\\/fmsb.eu\\\/en\\\/#\\\/schema\\\/logo\\\/image\\\/\",\"url\":\"https:\\\/\\\/fmsb.eu\\\/wp-content\\\/uploads\\\/2025\\\/02\\\/logo.svg\",\"contentUrl\":\"https:\\\/\\\/fmsb.eu\\\/wp-content\\\/uploads\\\/2025\\\/02\\\/logo.svg\",\"width\":154,\"height\":52,\"caption\":\"FMSB Abogados y Economistas en Baleares\"},\"image\":{\"@id\":\"https:\\\/\\\/fmsb.eu\\\/en\\\/#\\\/schema\\\/logo\\\/image\\\/\"}},{\"@type\":\"Person\",\"@id\":\"https:\\\/\\\/fmsb.eu\\\/en\\\/#\\\/schema\\\/person\\\/9fba7c70814b0cd34d35d655d36a4ca2\",\"name\":\"fmsb\",\"image\":{\"@type\":\"ImageObject\",\"inLanguage\":\"en-US\",\"@id\":\"https:\\\/\\\/secure.gravatar.com\\\/avatar\\\/426f4d5b0ebcace85460caf87cdaaa193694b611e990615d87a13f322fb7ee7f?s=96&d=mm&r=g\",\"url\":\"https:\\\/\\\/secure.gravatar.com\\\/avatar\\\/426f4d5b0ebcace85460caf87cdaaa193694b611e990615d87a13f322fb7ee7f?s=96&d=mm&r=g\",\"contentUrl\":\"https:\\\/\\\/secure.gravatar.com\\\/avatar\\\/426f4d5b0ebcace85460caf87cdaaa193694b611e990615d87a13f322fb7ee7f?s=96&d=mm&r=g\",\"caption\":\"fmsb\"},\"sameAs\":[\"https:\\\/\\\/x.com\\\/fmsb-disstint\"],\"url\":\"https:\\\/\\\/fmsb.eu\\\/en\\\/author\\\/fmsb\\\/\"}]}<\/script>\n<!-- \/ Yoast SEO plugin. -->","yoast_head_json":{"title":"Documento informativo sobre las l\u00edneas de avales oficiales estatales y del Govern balear para empresas y aut\u00f3nomos afectados por Covid-19 - FMSB Abogados y Economistas en Baleares","robots":{"index":"index","follow":"follow","max-snippet":"max-snippet:-1","max-image-preview":"max-image-preview:large","max-video-preview":"max-video-preview:-1"},"canonical":"https:\/\/fmsb.eu\/en\/2020\/03\/26\/avales-oficiales-empresas-autonomos-covid19\/","og_locale":"en_US","og_type":"article","og_title":"Documento informativo sobre las l\u00edneas de avales oficiales estatales y del Govern balear para empresas y aut\u00f3nomos afectados por Covid-19 - FMSB Abogados y Economistas en Baleares","og_description":"&nbsp; DOCUMENTO INFORMATIVO FMSB SOBRE AYUDAS OFICIALES A EMPRESAS Y AUT\u00d3NOMOS POR COVID-19 &nbsp; A)\u00a0 AVALES DEL GOVERN BALEAR El Govern de les Illes Balears, ofrece una l\u00ednea de ayudas v\u00eda aval a empresas y aut\u00f3nomos, a trav\u00e9s de la sociedad de garant\u00edas reciprocas ISBA SGR. CONDICIONES: Ser una peque\u00f1a y mediana empresa (no tener [&hellip;]","og_url":"https:\/\/fmsb.eu\/en\/2020\/03\/26\/avales-oficiales-empresas-autonomos-covid19\/","og_site_name":"FMSB Abogados y Economistas en Baleares","article_published_time":"2020-03-26T17:21:35+00:00","og_image":[{"width":1619,"height":645,"url":"https:\/\/fmsb.eu\/wp-content\/uploads\/2020\/03\/FMSB-Avales.png","type":"image\/png"}],"author":"fmsb","twitter_card":"summary_large_image","twitter_creator":"@fmsb-disstint","twitter_misc":{"Written by":"fmsb","Est. reading time":"5 minutes"},"schema":{"@context":"https:\/\/schema.org","@graph":[{"@type":"Article","@id":"https:\/\/fmsb.eu\/en\/2020\/03\/26\/avales-oficiales-empresas-autonomos-covid19\/#article","isPartOf":{"@id":"https:\/\/fmsb.eu\/en\/2020\/03\/26\/avales-oficiales-empresas-autonomos-covid19\/"},"author":{"name":"fmsb","@id":"https:\/\/fmsb.eu\/en\/#\/schema\/person\/9fba7c70814b0cd34d35d655d36a4ca2"},"headline":"Documento informativo sobre las l\u00edneas de avales oficiales estatales y del Govern balear para empresas y aut\u00f3nomos afectados por Covid-19","datePublished":"2020-03-26T17:21:35+00:00","mainEntityOfPage":{"@id":"https:\/\/fmsb.eu\/en\/2020\/03\/26\/avales-oficiales-empresas-autonomos-covid19\/"},"wordCount":1048,"publisher":{"@id":"https:\/\/fmsb.eu\/en\/#organization"},"image":{"@id":"https:\/\/fmsb.eu\/en\/2020\/03\/26\/avales-oficiales-empresas-autonomos-covid19\/#primaryimage"},"thumbnailUrl":"https:\/\/fmsb.eu\/wp-content\/uploads\/2020\/03\/FMSB-Avales.png","keywords":["abogados","aut\u00f3nomos","avales","ayudas estatales","ayudas oficiales","baleares","bancos","coronavirus","covid 19","covid19","economistas","empresas","entidades de credito","estado de alarma","financiaci\u00f3n","fmsb","font mora sainz de baranda","govern balear","ibiza","ICO","instituto de cr\u00e9dito oficial","ISBA","law","lawyers","l\u00edneas de avales","mallorca","Manacor","medidas","menorca","obligaciones","pymes","SGR","sociedad de garant\u00edas rec\u00edprocas","solicitors"],"articleSection":["blog","Coronavirus","Home"],"inLanguage":"en-US"},{"@type":"WebPage","@id":"https:\/\/fmsb.eu\/en\/2020\/03\/26\/avales-oficiales-empresas-autonomos-covid19\/","url":"https:\/\/fmsb.eu\/en\/2020\/03\/26\/avales-oficiales-empresas-autonomos-covid19\/","name":"Documento informativo sobre las l\u00edneas de avales oficiales estatales y del Govern balear para empresas y aut\u00f3nomos afectados por Covid-19 - FMSB Abogados y Economistas en Baleares","isPartOf":{"@id":"https:\/\/fmsb.eu\/en\/#website"},"primaryImageOfPage":{"@id":"https:\/\/fmsb.eu\/en\/2020\/03\/26\/avales-oficiales-empresas-autonomos-covid19\/#primaryimage"},"image":{"@id":"https:\/\/fmsb.eu\/en\/2020\/03\/26\/avales-oficiales-empresas-autonomos-covid19\/#primaryimage"},"thumbnailUrl":"https:\/\/fmsb.eu\/wp-content\/uploads\/2020\/03\/FMSB-Avales.png","datePublished":"2020-03-26T17:21:35+00:00","breadcrumb":{"@id":"https:\/\/fmsb.eu\/en\/2020\/03\/26\/avales-oficiales-empresas-autonomos-covid19\/#breadcrumb"},"inLanguage":"en-US","potentialAction":[{"@type":"ReadAction","target":["https:\/\/fmsb.eu\/en\/2020\/03\/26\/avales-oficiales-empresas-autonomos-covid19\/"]}]},{"@type":"ImageObject","inLanguage":"en-US","@id":"https:\/\/fmsb.eu\/en\/2020\/03\/26\/avales-oficiales-empresas-autonomos-covid19\/#primaryimage","url":"https:\/\/fmsb.eu\/wp-content\/uploads\/2020\/03\/FMSB-Avales.png","contentUrl":"https:\/\/fmsb.eu\/wp-content\/uploads\/2020\/03\/FMSB-Avales.png","width":1619,"height":645},{"@type":"BreadcrumbList","@id":"https:\/\/fmsb.eu\/en\/2020\/03\/26\/avales-oficiales-empresas-autonomos-covid19\/#breadcrumb","itemListElement":[{"@type":"ListItem","position":1,"name":"Portada","item":"https:\/\/fmsb.eu\/en\/"},{"@type":"ListItem","position":2,"name":"Documento informativo sobre las l\u00edneas de avales oficiales estatales y del Govern balear para empresas y aut\u00f3nomos afectados por Covid-19"}]},{"@type":"WebSite","@id":"https:\/\/fmsb.eu\/en\/#website","url":"https:\/\/fmsb.eu\/en\/","name":"FMSB Abogados y Economistas en Baleares","description":"","publisher":{"@id":"https:\/\/fmsb.eu\/en\/#organization"},"potentialAction":[{"@type":"SearchAction","target":{"@type":"EntryPoint","urlTemplate":"https:\/\/fmsb.eu\/en\/?s={search_term_string}"},"query-input":{"@type":"PropertyValueSpecification","valueRequired":true,"valueName":"search_term_string"}}],"inLanguage":"en-US"},{"@type":"Organization","@id":"https:\/\/fmsb.eu\/en\/#organization","name":"FMSB Abogados y Economistas en Baleares","url":"https:\/\/fmsb.eu\/en\/","logo":{"@type":"ImageObject","inLanguage":"en-US","@id":"https:\/\/fmsb.eu\/en\/#\/schema\/logo\/image\/","url":"https:\/\/fmsb.eu\/wp-content\/uploads\/2025\/02\/logo.svg","contentUrl":"https:\/\/fmsb.eu\/wp-content\/uploads\/2025\/02\/logo.svg","width":154,"height":52,"caption":"FMSB Abogados y Economistas en Baleares"},"image":{"@id":"https:\/\/fmsb.eu\/en\/#\/schema\/logo\/image\/"}},{"@type":"Person","@id":"https:\/\/fmsb.eu\/en\/#\/schema\/person\/9fba7c70814b0cd34d35d655d36a4ca2","name":"fmsb","image":{"@type":"ImageObject","inLanguage":"en-US","@id":"https:\/\/secure.gravatar.com\/avatar\/426f4d5b0ebcace85460caf87cdaaa193694b611e990615d87a13f322fb7ee7f?s=96&d=mm&r=g","url":"https:\/\/secure.gravatar.com\/avatar\/426f4d5b0ebcace85460caf87cdaaa193694b611e990615d87a13f322fb7ee7f?s=96&d=mm&r=g","contentUrl":"https:\/\/secure.gravatar.com\/avatar\/426f4d5b0ebcace85460caf87cdaaa193694b611e990615d87a13f322fb7ee7f?s=96&d=mm&r=g","caption":"fmsb"},"sameAs":["https:\/\/x.com\/fmsb-disstint"],"url":"https:\/\/fmsb.eu\/en\/author\/fmsb\/"}]}},"_links":{"self":[{"href":"https:\/\/fmsb.eu\/en\/wp-json\/wp\/v2\/posts\/11688","targetHints":{"allow":["GET"]}}],"collection":[{"href":"https:\/\/fmsb.eu\/en\/wp-json\/wp\/v2\/posts"}],"about":[{"href":"https:\/\/fmsb.eu\/en\/wp-json\/wp\/v2\/types\/post"}],"author":[{"embeddable":true,"href":"https:\/\/fmsb.eu\/en\/wp-json\/wp\/v2\/users\/2"}],"replies":[{"embeddable":true,"href":"https:\/\/fmsb.eu\/en\/wp-json\/wp\/v2\/comments?post=11688"}],"version-history":[{"count":0,"href":"https:\/\/fmsb.eu\/en\/wp-json\/wp\/v2\/posts\/11688\/revisions"}],"wp:featuredmedia":[{"embeddable":true,"href":"https:\/\/fmsb.eu\/en\/wp-json\/wp\/v2\/media\/9086"}],"wp:attachment":[{"href":"https:\/\/fmsb.eu\/en\/wp-json\/wp\/v2\/media?parent=11688"}],"wp:term":[{"taxonomy":"category","embeddable":true,"href":"https:\/\/fmsb.eu\/en\/wp-json\/wp\/v2\/categories?post=11688"},{"taxonomy":"post_tag","embeddable":true,"href":"https:\/\/fmsb.eu\/en\/wp-json\/wp\/v2\/tags?post=11688"}],"curies":[{"name":"wp","href":"https:\/\/api.w.org\/{rel}","templated":true}]}}