{"id":11690,"date":"2020-03-24T12:03:26","date_gmt":"2020-03-24T11:03:26","guid":{"rendered":"http:\/\/fmsb.disstintbeta.com\/2020\/03\/24\/sanciones-circulacion-via-publica-multas-coronavirus\/"},"modified":"2020-03-24T12:03:26","modified_gmt":"2020-03-24T11:03:26","slug":"sanciones-circulacion-via-publica-multas-coronavirus","status":"publish","type":"post","link":"https:\/\/fmsb.eu\/en\/2020\/03\/24\/sanciones-circulacion-via-publica-multas-coronavirus\/","title":{"rendered":"Posibles sanciones por incumplimiento de las restricciones de circulaci\u00f3n por la v\u00eda p\u00fablica acordadas por el real decreto que declara el estado de alarma"},"content":{"rendered":"<p><strong><a href=\"https:\/\/www.fmsb.eu\/wp-content\/uploads\/2020\/03\/FMSB-Abogados-Ya\u00f1ez-Sanciones-Coronavirus-Restricci\u00f3n-movimientos-circulacion-salidas.png\"><img fetchpriority=\"high\" decoding=\"async\" class=\"alignnone wp-image-2738\" src=\"https:\/\/www.fmsb.eu\/wp-content\/uploads\/2020\/03\/FMSB-Abogados-Ya\u00f1ez-Sanciones-Coronavirus-Restricci\u00f3n-movimientos-circulacion-salidas-1024x408.png\" alt=\"\" width=\"800\" height=\"319\" \/><\/a><\/strong><\/p>\n<p>Como es sobradamente conocido, el <em><a href=\"https:\/\/www.boe.es\/boe\/dias\/2020\/03\/14\/pdfs\/BOE-A-2020-3692.pdf\">Real Decreto 463\/2020, de 14 de marzo<\/a><\/em>, que declara el estado de alarma, incluye toda una serie de obligaciones y<strong> <u>restricciones a la libre circulaci\u00f3n de personas<\/u><\/strong>, a los efectos de evitar y prevenir contagios del Covid 19.<\/p>\n<p>Resumidamente, el <strong>art\u00edculo 7<\/strong> del Real Decreto dispone que las personas \u00fanicamente podr\u00e1n circular por la v\u00eda p\u00fablica para:<\/p>\n<ul>\n<li>la <strong>adquisici\u00f3n de alimentos<\/strong>, <strong>productos farmac\u00e9uticos<\/strong> o <strong>de primera necesidad<\/strong>,<\/li>\n<li><strong>desplazarse a su trabajo<\/strong>,<\/li>\n<li><strong>volver al lugar de residencia habitual<\/strong>,<\/li>\n<li><strong>asistir a mayores, menores o dependientes, o acudir a entidades financieras<\/strong>.<\/li>\n<\/ul>\n<p><strong><u>La circulaci\u00f3n de veh\u00edculos se permitir\u00e1 \u00fanicamente para la realizaci\u00f3n de las anteriores actividades<\/u><\/strong>.<\/p>\n<p>Mediante el <em><a href=\"https:\/\/www.boe.es\/boe\/dias\/2020\/03\/18\/pdfs\/BOE-A-2020-3828.pdf\">Real Decreto 465\/2020, de 17 de marzo<\/a><\/em>, se modific\u00f3 el Real Decreto 463\/2020, de 14 de marzo, y precis\u00f3 el art\u00edculo 7 del primero, en el sentido de especificar que <strong>las personas \u00fanicamente podr\u00e1n circular por las v\u00edas o espacios de uso p\u00fablico para la realizaci\u00f3n de las actividades autorizadas<\/strong> <strong><u>individualmente<\/u><\/strong>, salvo que se acompa\u00f1e a personas con discapacidad, menores, mayores, o por otra causa justificada.<\/p>\n<p>En consecuencia, se han impuesto a los ciudadanos una serie de <strong>deberes<\/strong> cuyo incumplimiento conlleva diferentes sanciones. El Real Decreto 463\/2020 es escueto al respecto y remite a la <em><a href=\"https:\/\/www.boe.es\/buscar\/pdf\/1981\/BOE-A-1981-12774-consolidado.pdf\">Ley Org\u00e1nica 4\/1981, reguladora de los estados de alarma, excepci\u00f3n, y sitio<\/a><\/em>; dicha Ley Org\u00e1nica se remite a su vez, en su art\u00edculo 10, a \u201c<em>lo dispuesto en las leyes<\/em>\u201d.<\/p>\n<p>Las <strong><u>infracciones<\/u><\/strong> a estas restricciones a la libertad de circulaci\u00f3n podr\u00edan encuadrarse en <strong>dos \u00e1mbitos<\/strong>: el <strong><a href=\"https:\/\/www.boe.es\/buscar\/pdf\/1995\/BOE-A-1995-25444-consolidado.pdf\">C\u00f3digo Penal<\/a> y la <a href=\"https:\/\/boe.es\/buscar\/pdf\/2015\/BOE-A-2015-3442-consolidado.pdf\">Ley de Seguridad Ciudadana<\/a><\/strong>, es decir, podr\u00edan tener una <strong>trascendencia penal o administrativa<\/strong>.<\/p>\n<p>En cuanto al C\u00f3digo Penal<strong>, el art\u00edculo 556 castiga el <u>delito de desobediencia<\/u><\/strong>, e impone <strong>penas de entre 3 meses y un a\u00f1o de prisi\u00f3n o multa de 6 a 18 meses<\/strong> (las multas en el \u00e1mbito penal se imponen en base a un criterio de d\u00edas\/multa, es decir, una cuota diaria durante un tiempo determinado), sin embargo, la <strong>jurisprudencia<\/strong> viene considerando que <strong>el mero incumplimiento de una orden gen\u00e9rica no puede considerarse delito sino que es necesario un previo requerimiento personal<\/strong>, es decir, para que se pudiera considerar delito el incumplimiento de permanencia en domicilio el autor de la infracci\u00f3n deber\u00eda haber sido requerido personalmente previamente. Si, adem\u00e1s, en el momento en el que las Fuerzas de Seguridad requieran al infractor para que se identifique a efectos de denunciarle por infringir la prohibici\u00f3n de circular por la v\u00eda p\u00fablica \u00e9ste se resiste, <strong>puede incurrir en un presunto <u>delito de resistencia a la autoridad<\/u><\/strong>, que igualmente conlleva penas de <strong>prisi\u00f3n de 3 meses a 1 a\u00f1o o multa de 6 a 18 meses<\/strong>, o <strong>incluso <u>de atentado contra la autoridad<\/u>, del art\u00edculo 550,<\/strong> si se ejercita una resistencia activa grave (agrediendo o acometiendo a los agentes) que est\u00e1 castigado con pena de <strong>prisi\u00f3n de 1 a 4 a\u00f1os y multa de 3 a 6 meses<\/strong>.<\/p>\n<p>En cualquier caso, parece previsible que las infracciones con trascendencia penal, en las que los infractores normalmente ser\u00e1n detenidos, no sean las m\u00e1s frecuentes, siendo mucho m\u00e1s habituales las infracciones administrativas, <strong>supuestos de personas que o bien ignoren las restricciones por negligencia o irresponsabilidad o aquellos que recurran a la picaresca<\/strong> (pasear a su mascota a cinco manzanas de su vivienda, ir a un supermercado cuando tienen otros m\u00e1s cercanos a su domicilio, etc.). En tales supuestos, la infracci\u00f3n se encauzar\u00e1 en el <strong>\u00e1mbito administrativo<\/strong>, como <strong>vulneraci\u00f3n de la Ley de Seguridad Ciudadana<\/strong>.<\/p>\n<p>La Ley de Seguridad Ciudadana, en su <strong>art\u00edculo 39<\/strong>, establece <strong>sanciones de multa de entre 100 y 600.000<\/strong> euros seg\u00fan las infracciones sean leves, graves, o muy graves. Aparentemente, infracciones consistentes en <strong>salir a pasear<\/strong>, a <strong>correr<\/strong>, a <strong>montar en bici<\/strong>, por citar tres ejemplos, ser\u00edan <strong>infracciones graves<\/strong>, de las previstas en el <strong>art\u00edculo 36.6<\/strong> de la Ley de Seguridad Ciudadana, y <strong>corresponder\u00eda una sanci\u00f3n de entre 601 y 30.000 euros<\/strong>. Las infracciones consistentes en situaciones de <strong>picaresca<\/strong> como las anteriormente referidas, quiz\u00e1 se consideren leves, con sanciones <strong>entre 100 y 600 euros<\/strong>.<\/p>\n<p>En cualquier caso, deber\u00edamos atenernos a las restricciones acordadas por mera <strong>responsabilidad ciudadana<\/strong> y concienciaci\u00f3n ante la gravedad del problema sanitario al que nos enfrentamos y la necesidad de atajarlo, sin necesidad de una intimaci\u00f3n basada en las posibles sanciones a las que nos podemos tener que enfrentar, y sin recurrir a absurdas picarescas tales como salir de casa portando bolsas de comida para hacer ver que vamos o venimos del supermercado, circular con el coche para curiosear, o cuestiones similares que no enga\u00f1an a nadie y perjudican a todos.<\/p>\n<p>&nbsp;<\/p>\n<p>Por <strong>Jos\u00e9 Y\u00e1\u00f1ez<\/strong><\/p>\n<p>Abogado FMSB<\/p>\n<hr \/>\n<p>#fmsb #fontmorasainzdebaranda #abogados #economistas #derecho #penal #administrativo #desobediencia #librecirculaci\u00f3n #restricciones #codigopenal #seguridadciudadana #coronavirus #covid19 #baleares #mallorca #menorca #ibiza #law #lawyers #solicitors<\/p>\n","protected":false},"excerpt":{"rendered":"<p>Como es sobradamente conocido, el Real Decreto 463\/2020, de 14 de marzo, que declara el estado de alarma, incluye toda una serie de obligaciones y restricciones a la libre circulaci\u00f3n de personas, a los efectos de evitar y prevenir contagios del Covid 19. Resumidamente, el art\u00edculo 7 del Real Decreto dispone que las personas \u00fanicamente [&hellip;]<\/p>\n","protected":false},"author":2,"featured_media":0,"comment_status":"closed","ping_status":"open","sticky":false,"template":"","format":"standard","meta":{"footnotes":""},"categories":[2149,3880,2249,2367,2152],"tags":[2156,2889,5854,2158,3947,3584,3470,3585,4156,2378,4300,2168,2169,5855,2173,2174,2175,2178,2179,5856,5857,2181,2182,2184,5858,5859,2193],"class_list":["post-11690","post","type-post","status-publish","format-standard","hentry","category-blog-en-2","category-coronavirus-en","category-derecho-administrativo-en","category-derecho-penal-en","category-home-en-2","tag-abogados-en","tag-andratx-en","tag-atentado-contra-la-autoridad-en","tag-baleares-en","tag-codigo-penal-en","tag-coronavirus-en","tag-covid-19-en","tag-covid19-en","tag-derecho-administrativo-en","tag-derecho-penal-en","tag-desobediencia-en","tag-economistas-en","tag-el-arenal-en","tag-excepcion-y-sitio-en","tag-fmsb-en","tag-font-mora-sainz-de-baranda-en","tag-ibiza-en-2","tag-law-en-2","tag-lawyers-en-2","tag-ley-de-seguridad-ciudadana-en","tag-ley-reguladora-de-los-estados-de-alarma-en","tag-mallorca-en-2","tag-manacor-en","tag-menorca-en-2","tag-rd-463-2020-en","tag-regimen-sancionador-en","tag-solicitors-en"],"yoast_head":"<!-- This site is optimized with the Yoast SEO plugin v27.3 - https:\/\/yoast.com\/product\/yoast-seo-wordpress\/ -->\n<title>Posibles sanciones por incumplimiento de las restricciones de circulaci\u00f3n por la v\u00eda p\u00fablica acordadas por el real decreto que declara el estado de alarma - FMSB Abogados y Economistas en Baleares<\/title>\n<meta name=\"robots\" content=\"index, follow, max-snippet:-1, max-image-preview:large, max-video-preview:-1\" \/>\n<link rel=\"canonical\" href=\"https:\/\/fmsb.eu\/en\/2020\/03\/24\/sanciones-circulacion-via-publica-multas-coronavirus\/\" \/>\n<meta property=\"og:locale\" content=\"en_US\" \/>\n<meta property=\"og:type\" content=\"article\" \/>\n<meta property=\"og:title\" content=\"Posibles sanciones por incumplimiento de las restricciones de circulaci\u00f3n por la v\u00eda p\u00fablica acordadas por el real decreto que declara el estado de alarma - FMSB Abogados y Economistas en Baleares\" \/>\n<meta property=\"og:description\" content=\"Como es sobradamente conocido, el Real Decreto 463\/2020, de 14 de marzo, que declara el estado de alarma, incluye toda una serie de obligaciones y restricciones a la libre circulaci\u00f3n de personas, a los efectos de evitar y prevenir contagios del Covid 19. Resumidamente, el art\u00edculo 7 del Real Decreto dispone que las personas \u00fanicamente [&hellip;]\" \/>\n<meta property=\"og:url\" content=\"https:\/\/fmsb.eu\/en\/2020\/03\/24\/sanciones-circulacion-via-publica-multas-coronavirus\/\" \/>\n<meta property=\"og:site_name\" content=\"FMSB Abogados y Economistas en Baleares\" \/>\n<meta property=\"article:published_time\" content=\"2020-03-24T11:03:26+00:00\" \/>\n<meta name=\"author\" content=\"fmsb\" \/>\n<meta name=\"twitter:card\" content=\"summary_large_image\" \/>\n<meta name=\"twitter:creator\" content=\"@fmsb-disstint\" \/>\n<meta name=\"twitter:label1\" content=\"Written by\" \/>\n\t<meta name=\"twitter:data1\" content=\"fmsb\" \/>\n\t<meta name=\"twitter:label2\" content=\"Est. reading time\" \/>\n\t<meta name=\"twitter:data2\" content=\"4 minutes\" \/>\n<script type=\"application\/ld+json\" class=\"yoast-schema-graph\">{\"@context\":\"https:\\\/\\\/schema.org\",\"@graph\":[{\"@type\":\"Article\",\"@id\":\"https:\\\/\\\/fmsb.eu\\\/en\\\/2020\\\/03\\\/24\\\/sanciones-circulacion-via-publica-multas-coronavirus\\\/#article\",\"isPartOf\":{\"@id\":\"https:\\\/\\\/fmsb.eu\\\/en\\\/2020\\\/03\\\/24\\\/sanciones-circulacion-via-publica-multas-coronavirus\\\/\"},\"author\":{\"name\":\"fmsb\",\"@id\":\"https:\\\/\\\/fmsb.eu\\\/en\\\/#\\\/schema\\\/person\\\/9fba7c70814b0cd34d35d655d36a4ca2\"},\"headline\":\"Posibles sanciones por incumplimiento de las restricciones de circulaci\u00f3n por la v\u00eda p\u00fablica acordadas por el real decreto que declara el estado de alarma\",\"datePublished\":\"2020-03-24T11:03:26+00:00\",\"mainEntityOfPage\":{\"@id\":\"https:\\\/\\\/fmsb.eu\\\/en\\\/2020\\\/03\\\/24\\\/sanciones-circulacion-via-publica-multas-coronavirus\\\/\"},\"wordCount\":839,\"publisher\":{\"@id\":\"https:\\\/\\\/fmsb.eu\\\/en\\\/#organization\"},\"keywords\":[\"abogados\",\"andratx\",\"atentado contra la autoridad\",\"baleares\",\"c\u00f3digo penal\",\"coronavirus\",\"covid 19\",\"covid19\",\"derecho administrativo\",\"derecho penal\",\"desobediencia\",\"economistas\",\"el arenal\",\"excepci\u00f3n y sitio\",\"fmsb\",\"font mora sainz de baranda\",\"ibiza\",\"law\",\"lawyers\",\"ley de seguridad ciudadana\",\"ley reguladora de los estados de alarma\",\"mallorca\",\"Manacor\",\"menorca\",\"rd 463\\\/2020\",\"r\u00e9gimen sancionador\",\"solicitors\"],\"articleSection\":[\"blog\",\"Coronavirus\",\"Derecho Administrativo\",\"Derecho Penal\",\"Home\"],\"inLanguage\":\"en-US\"},{\"@type\":\"WebPage\",\"@id\":\"https:\\\/\\\/fmsb.eu\\\/en\\\/2020\\\/03\\\/24\\\/sanciones-circulacion-via-publica-multas-coronavirus\\\/\",\"url\":\"https:\\\/\\\/fmsb.eu\\\/en\\\/2020\\\/03\\\/24\\\/sanciones-circulacion-via-publica-multas-coronavirus\\\/\",\"name\":\"Posibles sanciones por incumplimiento de las restricciones de circulaci\u00f3n por la v\u00eda p\u00fablica acordadas por el real decreto que declara el estado de alarma - FMSB Abogados y Economistas en Baleares\",\"isPartOf\":{\"@id\":\"https:\\\/\\\/fmsb.eu\\\/en\\\/#website\"},\"datePublished\":\"2020-03-24T11:03:26+00:00\",\"breadcrumb\":{\"@id\":\"https:\\\/\\\/fmsb.eu\\\/en\\\/2020\\\/03\\\/24\\\/sanciones-circulacion-via-publica-multas-coronavirus\\\/#breadcrumb\"},\"inLanguage\":\"en-US\",\"potentialAction\":[{\"@type\":\"ReadAction\",\"target\":[\"https:\\\/\\\/fmsb.eu\\\/en\\\/2020\\\/03\\\/24\\\/sanciones-circulacion-via-publica-multas-coronavirus\\\/\"]}]},{\"@type\":\"BreadcrumbList\",\"@id\":\"https:\\\/\\\/fmsb.eu\\\/en\\\/2020\\\/03\\\/24\\\/sanciones-circulacion-via-publica-multas-coronavirus\\\/#breadcrumb\",\"itemListElement\":[{\"@type\":\"ListItem\",\"position\":1,\"name\":\"Portada\",\"item\":\"https:\\\/\\\/fmsb.eu\\\/en\\\/\"},{\"@type\":\"ListItem\",\"position\":2,\"name\":\"Posibles sanciones por incumplimiento de las restricciones de circulaci\u00f3n por la v\u00eda p\u00fablica acordadas por el real decreto que declara el estado de alarma\"}]},{\"@type\":\"WebSite\",\"@id\":\"https:\\\/\\\/fmsb.eu\\\/en\\\/#website\",\"url\":\"https:\\\/\\\/fmsb.eu\\\/en\\\/\",\"name\":\"FMSB Abogados y Economistas en Baleares\",\"description\":\"\",\"publisher\":{\"@id\":\"https:\\\/\\\/fmsb.eu\\\/en\\\/#organization\"},\"potentialAction\":[{\"@type\":\"SearchAction\",\"target\":{\"@type\":\"EntryPoint\",\"urlTemplate\":\"https:\\\/\\\/fmsb.eu\\\/en\\\/?s={search_term_string}\"},\"query-input\":{\"@type\":\"PropertyValueSpecification\",\"valueRequired\":true,\"valueName\":\"search_term_string\"}}],\"inLanguage\":\"en-US\"},{\"@type\":\"Organization\",\"@id\":\"https:\\\/\\\/fmsb.eu\\\/en\\\/#organization\",\"name\":\"FMSB Abogados y Economistas en Baleares\",\"url\":\"https:\\\/\\\/fmsb.eu\\\/en\\\/\",\"logo\":{\"@type\":\"ImageObject\",\"inLanguage\":\"en-US\",\"@id\":\"https:\\\/\\\/fmsb.eu\\\/en\\\/#\\\/schema\\\/logo\\\/image\\\/\",\"url\":\"https:\\\/\\\/fmsb.eu\\\/wp-content\\\/uploads\\\/2025\\\/02\\\/logo.svg\",\"contentUrl\":\"https:\\\/\\\/fmsb.eu\\\/wp-content\\\/uploads\\\/2025\\\/02\\\/logo.svg\",\"width\":154,\"height\":52,\"caption\":\"FMSB Abogados y Economistas en Baleares\"},\"image\":{\"@id\":\"https:\\\/\\\/fmsb.eu\\\/en\\\/#\\\/schema\\\/logo\\\/image\\\/\"}},{\"@type\":\"Person\",\"@id\":\"https:\\\/\\\/fmsb.eu\\\/en\\\/#\\\/schema\\\/person\\\/9fba7c70814b0cd34d35d655d36a4ca2\",\"name\":\"fmsb\",\"image\":{\"@type\":\"ImageObject\",\"inLanguage\":\"en-US\",\"@id\":\"https:\\\/\\\/secure.gravatar.com\\\/avatar\\\/426f4d5b0ebcace85460caf87cdaaa193694b611e990615d87a13f322fb7ee7f?s=96&d=mm&r=g\",\"url\":\"https:\\\/\\\/secure.gravatar.com\\\/avatar\\\/426f4d5b0ebcace85460caf87cdaaa193694b611e990615d87a13f322fb7ee7f?s=96&d=mm&r=g\",\"contentUrl\":\"https:\\\/\\\/secure.gravatar.com\\\/avatar\\\/426f4d5b0ebcace85460caf87cdaaa193694b611e990615d87a13f322fb7ee7f?s=96&d=mm&r=g\",\"caption\":\"fmsb\"},\"sameAs\":[\"https:\\\/\\\/x.com\\\/fmsb-disstint\"],\"url\":\"https:\\\/\\\/fmsb.eu\\\/en\\\/author\\\/fmsb\\\/\"}]}<\/script>\n<!-- \/ Yoast SEO plugin. -->","yoast_head_json":{"title":"Posibles sanciones por incumplimiento de las restricciones de circulaci\u00f3n por la v\u00eda p\u00fablica acordadas por el real decreto que declara el estado de alarma - FMSB Abogados y Economistas en Baleares","robots":{"index":"index","follow":"follow","max-snippet":"max-snippet:-1","max-image-preview":"max-image-preview:large","max-video-preview":"max-video-preview:-1"},"canonical":"https:\/\/fmsb.eu\/en\/2020\/03\/24\/sanciones-circulacion-via-publica-multas-coronavirus\/","og_locale":"en_US","og_type":"article","og_title":"Posibles sanciones por incumplimiento de las restricciones de circulaci\u00f3n por la v\u00eda p\u00fablica acordadas por el real decreto que declara el estado de alarma - FMSB Abogados y Economistas en Baleares","og_description":"Como es sobradamente conocido, el Real Decreto 463\/2020, de 14 de marzo, que declara el estado de alarma, incluye toda una serie de obligaciones y restricciones a la libre circulaci\u00f3n de personas, a los efectos de evitar y prevenir contagios del Covid 19. Resumidamente, el art\u00edculo 7 del Real Decreto dispone que las personas \u00fanicamente [&hellip;]","og_url":"https:\/\/fmsb.eu\/en\/2020\/03\/24\/sanciones-circulacion-via-publica-multas-coronavirus\/","og_site_name":"FMSB Abogados y Economistas en Baleares","article_published_time":"2020-03-24T11:03:26+00:00","author":"fmsb","twitter_card":"summary_large_image","twitter_creator":"@fmsb-disstint","twitter_misc":{"Written by":"fmsb","Est. reading time":"4 minutes"},"schema":{"@context":"https:\/\/schema.org","@graph":[{"@type":"Article","@id":"https:\/\/fmsb.eu\/en\/2020\/03\/24\/sanciones-circulacion-via-publica-multas-coronavirus\/#article","isPartOf":{"@id":"https:\/\/fmsb.eu\/en\/2020\/03\/24\/sanciones-circulacion-via-publica-multas-coronavirus\/"},"author":{"name":"fmsb","@id":"https:\/\/fmsb.eu\/en\/#\/schema\/person\/9fba7c70814b0cd34d35d655d36a4ca2"},"headline":"Posibles sanciones por incumplimiento de las restricciones de circulaci\u00f3n por la v\u00eda p\u00fablica acordadas por el real decreto que declara el estado de alarma","datePublished":"2020-03-24T11:03:26+00:00","mainEntityOfPage":{"@id":"https:\/\/fmsb.eu\/en\/2020\/03\/24\/sanciones-circulacion-via-publica-multas-coronavirus\/"},"wordCount":839,"publisher":{"@id":"https:\/\/fmsb.eu\/en\/#organization"},"keywords":["abogados","andratx","atentado contra la autoridad","baleares","c\u00f3digo penal","coronavirus","covid 19","covid19","derecho administrativo","derecho penal","desobediencia","economistas","el arenal","excepci\u00f3n y sitio","fmsb","font mora sainz de baranda","ibiza","law","lawyers","ley de seguridad ciudadana","ley reguladora de los estados de alarma","mallorca","Manacor","menorca","rd 463\/2020","r\u00e9gimen sancionador","solicitors"],"articleSection":["blog","Coronavirus","Derecho Administrativo","Derecho Penal","Home"],"inLanguage":"en-US"},{"@type":"WebPage","@id":"https:\/\/fmsb.eu\/en\/2020\/03\/24\/sanciones-circulacion-via-publica-multas-coronavirus\/","url":"https:\/\/fmsb.eu\/en\/2020\/03\/24\/sanciones-circulacion-via-publica-multas-coronavirus\/","name":"Posibles sanciones por incumplimiento de las restricciones de circulaci\u00f3n por la v\u00eda p\u00fablica acordadas por el real decreto que declara el estado de alarma - FMSB Abogados y Economistas en Baleares","isPartOf":{"@id":"https:\/\/fmsb.eu\/en\/#website"},"datePublished":"2020-03-24T11:03:26+00:00","breadcrumb":{"@id":"https:\/\/fmsb.eu\/en\/2020\/03\/24\/sanciones-circulacion-via-publica-multas-coronavirus\/#breadcrumb"},"inLanguage":"en-US","potentialAction":[{"@type":"ReadAction","target":["https:\/\/fmsb.eu\/en\/2020\/03\/24\/sanciones-circulacion-via-publica-multas-coronavirus\/"]}]},{"@type":"BreadcrumbList","@id":"https:\/\/fmsb.eu\/en\/2020\/03\/24\/sanciones-circulacion-via-publica-multas-coronavirus\/#breadcrumb","itemListElement":[{"@type":"ListItem","position":1,"name":"Portada","item":"https:\/\/fmsb.eu\/en\/"},{"@type":"ListItem","position":2,"name":"Posibles sanciones por incumplimiento de las restricciones de circulaci\u00f3n por la v\u00eda p\u00fablica acordadas por el real decreto que declara el estado de alarma"}]},{"@type":"WebSite","@id":"https:\/\/fmsb.eu\/en\/#website","url":"https:\/\/fmsb.eu\/en\/","name":"FMSB Abogados y Economistas en Baleares","description":"","publisher":{"@id":"https:\/\/fmsb.eu\/en\/#organization"},"potentialAction":[{"@type":"SearchAction","target":{"@type":"EntryPoint","urlTemplate":"https:\/\/fmsb.eu\/en\/?s={search_term_string}"},"query-input":{"@type":"PropertyValueSpecification","valueRequired":true,"valueName":"search_term_string"}}],"inLanguage":"en-US"},{"@type":"Organization","@id":"https:\/\/fmsb.eu\/en\/#organization","name":"FMSB Abogados y Economistas en Baleares","url":"https:\/\/fmsb.eu\/en\/","logo":{"@type":"ImageObject","inLanguage":"en-US","@id":"https:\/\/fmsb.eu\/en\/#\/schema\/logo\/image\/","url":"https:\/\/fmsb.eu\/wp-content\/uploads\/2025\/02\/logo.svg","contentUrl":"https:\/\/fmsb.eu\/wp-content\/uploads\/2025\/02\/logo.svg","width":154,"height":52,"caption":"FMSB Abogados y Economistas en Baleares"},"image":{"@id":"https:\/\/fmsb.eu\/en\/#\/schema\/logo\/image\/"}},{"@type":"Person","@id":"https:\/\/fmsb.eu\/en\/#\/schema\/person\/9fba7c70814b0cd34d35d655d36a4ca2","name":"fmsb","image":{"@type":"ImageObject","inLanguage":"en-US","@id":"https:\/\/secure.gravatar.com\/avatar\/426f4d5b0ebcace85460caf87cdaaa193694b611e990615d87a13f322fb7ee7f?s=96&d=mm&r=g","url":"https:\/\/secure.gravatar.com\/avatar\/426f4d5b0ebcace85460caf87cdaaa193694b611e990615d87a13f322fb7ee7f?s=96&d=mm&r=g","contentUrl":"https:\/\/secure.gravatar.com\/avatar\/426f4d5b0ebcace85460caf87cdaaa193694b611e990615d87a13f322fb7ee7f?s=96&d=mm&r=g","caption":"fmsb"},"sameAs":["https:\/\/x.com\/fmsb-disstint"],"url":"https:\/\/fmsb.eu\/en\/author\/fmsb\/"}]}},"_links":{"self":[{"href":"https:\/\/fmsb.eu\/en\/wp-json\/wp\/v2\/posts\/11690","targetHints":{"allow":["GET"]}}],"collection":[{"href":"https:\/\/fmsb.eu\/en\/wp-json\/wp\/v2\/posts"}],"about":[{"href":"https:\/\/fmsb.eu\/en\/wp-json\/wp\/v2\/types\/post"}],"author":[{"embeddable":true,"href":"https:\/\/fmsb.eu\/en\/wp-json\/wp\/v2\/users\/2"}],"replies":[{"embeddable":true,"href":"https:\/\/fmsb.eu\/en\/wp-json\/wp\/v2\/comments?post=11690"}],"version-history":[{"count":0,"href":"https:\/\/fmsb.eu\/en\/wp-json\/wp\/v2\/posts\/11690\/revisions"}],"wp:attachment":[{"href":"https:\/\/fmsb.eu\/en\/wp-json\/wp\/v2\/media?parent=11690"}],"wp:term":[{"taxonomy":"category","embeddable":true,"href":"https:\/\/fmsb.eu\/en\/wp-json\/wp\/v2\/categories?post=11690"},{"taxonomy":"post_tag","embeddable":true,"href":"https:\/\/fmsb.eu\/en\/wp-json\/wp\/v2\/tags?post=11690"}],"curies":[{"name":"wp","href":"https:\/\/api.w.org\/{rel}","templated":true}]}}