{"id":11696,"date":"2020-03-17T17:51:10","date_gmt":"2020-03-17T16:51:10","guid":{"rendered":"http:\/\/fmsb.disstintbeta.com\/2020\/03\/17\/alquileres-estado-de-alarma-coronavirus\/"},"modified":"2020-03-17T17:51:10","modified_gmt":"2020-03-17T16:51:10","slug":"alquileres-estado-de-alarma-coronavirus","status":"publish","type":"post","link":"https:\/\/fmsb.eu\/en\/2020\/03\/17\/alquileres-estado-de-alarma-coronavirus\/","title":{"rendered":"Los alquileres ante la declaraci\u00f3n de estado de alarma por Coronavirus"},"content":{"rendered":"<p><a href=\"https:\/\/www.fmsb.eu\/wp-content\/uploads\/2020\/03\/FMSB-Elena-Font-Alquileres-Arrendamientos-Coronavirus.png\"><img fetchpriority=\"high\" decoding=\"async\" class=\"alignnone size-large wp-image-2708\" src=\"https:\/\/www.fmsb.eu\/wp-content\/uploads\/2020\/03\/FMSB-Elena-Font-Alquileres-Arrendamientos-Coronavirus-1024x408.png\" alt=\"\" width=\"1024\" height=\"408\" srcset=\"https:\/\/font-mora-sainz-baranda.fra1.digitaloceanspaces.com\/wp-content\/uploads\/2020\/03\/FMSB-Elena-Font-Alquileres-Arrendamientos-Coronavirus-1024x408.png 1024w, https:\/\/font-mora-sainz-baranda.fra1.digitaloceanspaces.com\/wp-content\/uploads\/2020\/03\/FMSB-Elena-Font-Alquileres-Arrendamientos-Coronavirus-300x120.png 300w, https:\/\/font-mora-sainz-baranda.fra1.digitaloceanspaces.com\/wp-content\/uploads\/2020\/03\/FMSB-Elena-Font-Alquileres-Arrendamientos-Coronavirus-768x306.png 768w, https:\/\/font-mora-sainz-baranda.fra1.digitaloceanspaces.com\/wp-content\/uploads\/2020\/03\/FMSB-Elena-Font-Alquileres-Arrendamientos-Coronavirus-1536x612.png 1536w, https:\/\/font-mora-sainz-baranda.fra1.digitaloceanspaces.com\/wp-content\/uploads\/2020\/03\/FMSB-Elena-Font-Alquileres-Arrendamientos-Coronavirus.png 1619w\" sizes=\"(max-width: 1024px) 100vw, 1024px\" \/><\/a><\/p>\n<p><strong>LOS ARRENDAMIENTOS ANTE LA DECLARACI\u00d3N DEL ESTADO DE ALARMA POR CORONAVIRUS.<\/strong><\/p>\n<p>En estos d\u00edas de incertidumbre con motivo de la pandemia del coronavirus y el estado de alarma declarado en Espa\u00f1a, son muchas las <strong>dudas<\/strong> que van surgiendo, tambi\u00e9n en el plano jur\u00eddico. Si bien muchas de ellas se ver\u00e1n resueltas mediante la publicaci\u00f3n de los oportunos Decretos que vaya dictando el Ejecutivo, respecto a otras tendremos que estar a lo dispuesto en las <strong>Leyes<\/strong> con las que ya contamos, la <strong>jurisprudencia<\/strong> que interpreta las mismas y la que vaya estableci\u00e9ndose a ra\u00edz de los casos que se planteen en los Tribunales.<\/p>\n<p>Estos d\u00edas algunos clientes, por motivos de sus contratos suscritos de <strong><u>alquiler de vivienda o de local<\/u><\/strong>, tanto los arrendadores como los arrendatarios, nos consultan <strong>qu\u00e9 sucede con los arrendamientos ante esta excepcional situaci\u00f3n<\/strong>. En el caso de los propietarios de viviendas o locales arrendados a personas f\u00edsicas o jur\u00eddicas nos plantean <strong>qu\u00e9 deben hacer si el inquilino les solicita la rebaja de la renta, o incluso la suspensi\u00f3n en su cobro<\/strong>. Y en el caso de los arrendatarios, la misma cuesti\u00f3n, pero a la inversa: ante estas circunstancias excepcionales, <strong>\u00bfpueden exigir a su arrendador una rebaja en la renta?<\/strong><\/p>\n<p>La respuesta es que habr\u00e1 que estar al <strong>caso concreto<\/strong>, pero partiendo de unas <strong>ideas b\u00e1sicas<\/strong> que a continuaci\u00f3n explicamos.<\/p>\n<p>En el caso de <strong><u>alquiler de vivienda<\/u><\/strong>, entendemos que <strong>muy dif\u00edcilmente el inquilino podr\u00e1 alegar la fuerza mayor o caso fortuito para exigir la suspensi\u00f3n en el pago o la rebaja temporal de la renta mientras dure el estado de alarma<\/strong>. En los contratos de arrendamiento de vivienda se incluye habitualmente que el destino ser\u00e1 ese, el de vivienda, no pudiendo destinarse a ning\u00fan otro fin. Si la declaraci\u00f3n del estado de alarma ha implicado el descenso en los ingresos de los inquilinos, al no estar vinculado el trabajo de los mismos al contrato, en principio ello no podr\u00e1 afectar a la relaci\u00f3n contractual que mantienen con su arrendador. No obstante, <strong>nuestra recomendaci\u00f3n en caso de dificultad para hacer frente a las cuotas es siempre contactar con la parte arrendadora para intentar negociar un r\u00e9gimen transitorio<\/strong> hasta que esta situaci\u00f3n excepcional remita.<\/p>\n<p>En caso de <strong><u>alquiler de local<\/u> de negocio o de inmuebles destinados a un negocio concreto<\/strong> (caso por ejemplo de los establecimientos hoteleros, arrendados a un tercero para su explotaci\u00f3n), la actual situaci\u00f3n s\u00ed que podr\u00eda afectar al contrato, en aplicaci\u00f3n de la <strong>cl\u00e1usula<\/strong><strong>\u00a0<\/strong><strong><em>\u201crebus sic stantibus\u201d<\/em><\/strong>. La misma <strong>permite la revisi\u00f3n de las obligaciones y contratos cuando, por circunstancias sobrevenidas y fuera del control de las partes, se ha roto el equilibrio econ\u00f3mico del contrato<\/strong> y a una de las partes le resulta imposible o muy gravoso su cumplimiento.<\/p>\n<p>Si el inmueble arrendado no est\u00e1 destinado a uno de los negocios permitidos en el Real Decreto 463\/2020, en virtud del cual se decret\u00f3 el estado de alarma, o los que puedan ir promulg\u00e1ndose a lo largo de este periodo, o si indirectamente el negocio se ve gravemente afectado por esta circunstancia, ello probablemente afectar\u00e1 en la capacidad de hacer frente a la renta pactada.<\/p>\n<p>Para poder alegar la referida cl\u00e1usula, habr\u00e1 que analizar las negociaciones habidas al suscribir el contrato y la funcionalidad del mismo, en comparaci\u00f3n con el actual cambio de circunstancias, del todo imprevisibles y excepcionales, que implican una ca\u00edda dr\u00e1stica -o incluso desaparici\u00f3n- de los ingresos del arrendatario.<\/p>\n<p>Recuerden que <em>esta<\/em><strong> cl\u00e1usula<\/strong> no tiene efectos rescisorios, resolutorios o extintivos del contrato, sino \u00fanicamente <strong>modificativos<\/strong> del mismo, encaminados a <strong>compensar el desequilibrio de las prestaciones<\/strong>.<\/p>\n<p>En cualquier caso, si est\u00e1 usted en la posici\u00f3n de arrendatario, salvo que haya llegado a un acuerdo con el propietario, <strong>nuestra recomendaci\u00f3n es que siga pagando puntualmente la renta del alquiler, dado que su impago puede provocar que se inicie el procedimiento de desahucio por falta de pago. <\/strong><\/p>\n<p>Para cualquier consulta que tengan al respecto, no duden en contactar con nosotros.<\/p>\n<p><a href=\"https:\/\/www.fmsb.eu\/elena-font-carvajal\/\"><img decoding=\"async\" class=\"alignleft wp-image-2710\" src=\"https:\/\/www.fmsb.eu\/wp-content\/uploads\/2020\/03\/Captura-Elena-Font.jpg\" alt=\"\" width=\"198\" height=\"143\" srcset=\"https:\/\/font-mora-sainz-baranda.fra1.digitaloceanspaces.com\/wp-content\/uploads\/2020\/03\/Captura-Elena-Font.jpg 371w, https:\/\/font-mora-sainz-baranda.fra1.digitaloceanspaces.com\/wp-content\/uploads\/2020\/03\/Captura-Elena-Font-300x217.jpg 300w\" sizes=\"(max-width: 198px) 100vw, 198px\" \/><\/a><\/p>\n<p>&nbsp;<\/p>\n<p>&nbsp;<\/p>\n<p>&nbsp;<\/p>\n<p>&nbsp;<\/p>\n<p>&nbsp;<\/p>\n<hr \/>\n<p>#fmsb #fontmorasainzdebaranda #abogados #economistas #derecho #derechocivil #contratos #alquiler #alquileres #renta #arrendamientos #local #vivienda #covid19 #coronavirus #estadodealarma #baleares #mallorca #menorca #ibiza #law #lawyers #solicitors<\/p>\n","protected":false},"excerpt":{"rendered":"<p>LOS ARRENDAMIENTOS ANTE LA DECLARACI\u00d3N DEL ESTADO DE ALARMA POR CORONAVIRUS. En estos d\u00edas de incertidumbre con motivo de la pandemia del coronavirus y el estado de alarma declarado en Espa\u00f1a, son muchas las dudas que van surgiendo, tambi\u00e9n en el plano jur\u00eddico. Si bien muchas de ellas se ver\u00e1n resueltas mediante la publicaci\u00f3n de [&hellip;]<\/p>\n","protected":false},"author":2,"featured_media":9078,"comment_status":"closed","ping_status":"open","sticky":false,"template":"","format":"standard","meta":{"footnotes":""},"categories":[2149,3880,2150,2152],"tags":[2156,3029,5036,2889,5037,5038,5039,2158,3634,3584,3470,3585,2166,2425,2168,2169,3592,3915,2173,2174,2175,2178,2179,3755,2181,2182,2184,4278,2193,2197],"class_list":["post-11696","post","type-post","status-publish","format-standard","has-post-thumbnail","hentry","category-blog-en-2","category-coronavirus-en","category-derecho-civil-en","category-home-en-2","tag-abogados-en","tag-alquiler-en","tag-alquileres-en","tag-andratx-en","tag-arrendamiento-de-local-en","tag-arrendamientos-en","tag-arrendamientos-urbanos-en","tag-baleares-en","tag-contratos-en","tag-coronavirus-en","tag-covid-19-en","tag-covid19-en","tag-derecho-en","tag-derecho-civil-en","tag-economistas-en","tag-el-arenal-en","tag-espana-en","tag-estado-de-alarma-en","tag-fmsb-en","tag-font-mora-sainz-de-baranda-en","tag-ibiza-en-2","tag-law-en-2","tag-lawyers-en-2","tag-local-en","tag-mallorca-en-2","tag-manacor-en","tag-menorca-en-2","tag-renta-en","tag-solicitors-en","tag-vivienda-en"],"yoast_head":"<!-- This site is optimized with the Yoast SEO plugin v27.3 - https:\/\/yoast.com\/product\/yoast-seo-wordpress\/ -->\n<title>Los alquileres ante la declaraci\u00f3n de estado de alarma por Coronavirus - FMSB Abogados y Economistas en Baleares<\/title>\n<meta name=\"robots\" content=\"index, follow, max-snippet:-1, max-image-preview:large, max-video-preview:-1\" \/>\n<link rel=\"canonical\" href=\"https:\/\/fmsb.eu\/en\/2020\/03\/17\/alquileres-estado-de-alarma-coronavirus\/\" \/>\n<meta property=\"og:locale\" content=\"en_US\" \/>\n<meta property=\"og:type\" content=\"article\" \/>\n<meta property=\"og:title\" content=\"Los alquileres ante la declaraci\u00f3n de estado de alarma por Coronavirus - FMSB Abogados y Economistas en Baleares\" \/>\n<meta property=\"og:description\" content=\"LOS ARRENDAMIENTOS ANTE LA DECLARACI\u00d3N DEL ESTADO DE ALARMA POR CORONAVIRUS. En estos d\u00edas de incertidumbre con motivo de la pandemia del coronavirus y el estado de alarma declarado en Espa\u00f1a, son muchas las dudas que van surgiendo, tambi\u00e9n en el plano jur\u00eddico. Si bien muchas de ellas se ver\u00e1n resueltas mediante la publicaci\u00f3n de [&hellip;]\" \/>\n<meta property=\"og:url\" content=\"https:\/\/fmsb.eu\/en\/2020\/03\/17\/alquileres-estado-de-alarma-coronavirus\/\" \/>\n<meta property=\"og:site_name\" content=\"FMSB Abogados y Economistas en Baleares\" \/>\n<meta property=\"article:published_time\" content=\"2020-03-17T16:51:10+00:00\" \/>\n<meta property=\"og:image\" content=\"https:\/\/fmsb.eu\/wp-content\/uploads\/2020\/03\/FMSB-Elena-Font-Alquileres-Arrendamientos-Coronavirus.png\" \/>\n\t<meta property=\"og:image:width\" content=\"1619\" \/>\n\t<meta property=\"og:image:height\" content=\"645\" \/>\n\t<meta property=\"og:image:type\" content=\"image\/png\" \/>\n<meta name=\"author\" content=\"fmsb\" \/>\n<meta name=\"twitter:card\" content=\"summary_large_image\" \/>\n<meta name=\"twitter:creator\" content=\"@fmsb-disstint\" \/>\n<meta name=\"twitter:label1\" content=\"Written by\" \/>\n\t<meta name=\"twitter:data1\" content=\"fmsb\" \/>\n\t<meta name=\"twitter:label2\" content=\"Est. reading time\" \/>\n\t<meta name=\"twitter:data2\" content=\"4 minutes\" \/>\n<script type=\"application\/ld+json\" class=\"yoast-schema-graph\">{\"@context\":\"https:\\\/\\\/schema.org\",\"@graph\":[{\"@type\":\"Article\",\"@id\":\"https:\\\/\\\/fmsb.eu\\\/en\\\/2020\\\/03\\\/17\\\/alquileres-estado-de-alarma-coronavirus\\\/#article\",\"isPartOf\":{\"@id\":\"https:\\\/\\\/fmsb.eu\\\/en\\\/2020\\\/03\\\/17\\\/alquileres-estado-de-alarma-coronavirus\\\/\"},\"author\":{\"name\":\"fmsb\",\"@id\":\"https:\\\/\\\/fmsb.eu\\\/en\\\/#\\\/schema\\\/person\\\/9fba7c70814b0cd34d35d655d36a4ca2\"},\"headline\":\"Los alquileres ante la declaraci\u00f3n de estado de alarma por Coronavirus\",\"datePublished\":\"2020-03-17T16:51:10+00:00\",\"mainEntityOfPage\":{\"@id\":\"https:\\\/\\\/fmsb.eu\\\/en\\\/2020\\\/03\\\/17\\\/alquileres-estado-de-alarma-coronavirus\\\/\"},\"wordCount\":734,\"publisher\":{\"@id\":\"https:\\\/\\\/fmsb.eu\\\/en\\\/#organization\"},\"image\":{\"@id\":\"https:\\\/\\\/fmsb.eu\\\/en\\\/2020\\\/03\\\/17\\\/alquileres-estado-de-alarma-coronavirus\\\/#primaryimage\"},\"thumbnailUrl\":\"https:\\\/\\\/fmsb.eu\\\/wp-content\\\/uploads\\\/2020\\\/03\\\/FMSB-Elena-Font-Alquileres-Arrendamientos-Coronavirus.png\",\"keywords\":[\"abogados\",\"alquiler\",\"alquileres\",\"andratx\",\"arrendamiento de local\",\"arrendamientos\",\"arrendamientos urbanos\",\"baleares\",\"contratos\",\"coronavirus\",\"covid 19\",\"covid19\",\"derecho\",\"Derecho Civil\",\"economistas\",\"el arenal\",\"espa\u00f1a\",\"estado de alarma\",\"fmsb\",\"font mora sainz de baranda\",\"ibiza\",\"law\",\"lawyers\",\"local\",\"mallorca\",\"Manacor\",\"menorca\",\"renta\",\"solicitors\",\"vivienda\"],\"articleSection\":[\"blog\",\"Coronavirus\",\"Derecho Civil\",\"Home\"],\"inLanguage\":\"en-US\"},{\"@type\":\"WebPage\",\"@id\":\"https:\\\/\\\/fmsb.eu\\\/en\\\/2020\\\/03\\\/17\\\/alquileres-estado-de-alarma-coronavirus\\\/\",\"url\":\"https:\\\/\\\/fmsb.eu\\\/en\\\/2020\\\/03\\\/17\\\/alquileres-estado-de-alarma-coronavirus\\\/\",\"name\":\"Los alquileres ante la declaraci\u00f3n de estado de alarma por Coronavirus - FMSB Abogados y Economistas en Baleares\",\"isPartOf\":{\"@id\":\"https:\\\/\\\/fmsb.eu\\\/en\\\/#website\"},\"primaryImageOfPage\":{\"@id\":\"https:\\\/\\\/fmsb.eu\\\/en\\\/2020\\\/03\\\/17\\\/alquileres-estado-de-alarma-coronavirus\\\/#primaryimage\"},\"image\":{\"@id\":\"https:\\\/\\\/fmsb.eu\\\/en\\\/2020\\\/03\\\/17\\\/alquileres-estado-de-alarma-coronavirus\\\/#primaryimage\"},\"thumbnailUrl\":\"https:\\\/\\\/fmsb.eu\\\/wp-content\\\/uploads\\\/2020\\\/03\\\/FMSB-Elena-Font-Alquileres-Arrendamientos-Coronavirus.png\",\"datePublished\":\"2020-03-17T16:51:10+00:00\",\"breadcrumb\":{\"@id\":\"https:\\\/\\\/fmsb.eu\\\/en\\\/2020\\\/03\\\/17\\\/alquileres-estado-de-alarma-coronavirus\\\/#breadcrumb\"},\"inLanguage\":\"en-US\",\"potentialAction\":[{\"@type\":\"ReadAction\",\"target\":[\"https:\\\/\\\/fmsb.eu\\\/en\\\/2020\\\/03\\\/17\\\/alquileres-estado-de-alarma-coronavirus\\\/\"]}]},{\"@type\":\"ImageObject\",\"inLanguage\":\"en-US\",\"@id\":\"https:\\\/\\\/fmsb.eu\\\/en\\\/2020\\\/03\\\/17\\\/alquileres-estado-de-alarma-coronavirus\\\/#primaryimage\",\"url\":\"https:\\\/\\\/fmsb.eu\\\/wp-content\\\/uploads\\\/2020\\\/03\\\/FMSB-Elena-Font-Alquileres-Arrendamientos-Coronavirus.png\",\"contentUrl\":\"https:\\\/\\\/fmsb.eu\\\/wp-content\\\/uploads\\\/2020\\\/03\\\/FMSB-Elena-Font-Alquileres-Arrendamientos-Coronavirus.png\",\"width\":1619,\"height\":645},{\"@type\":\"BreadcrumbList\",\"@id\":\"https:\\\/\\\/fmsb.eu\\\/en\\\/2020\\\/03\\\/17\\\/alquileres-estado-de-alarma-coronavirus\\\/#breadcrumb\",\"itemListElement\":[{\"@type\":\"ListItem\",\"position\":1,\"name\":\"Portada\",\"item\":\"https:\\\/\\\/fmsb.eu\\\/en\\\/\"},{\"@type\":\"ListItem\",\"position\":2,\"name\":\"Los alquileres ante la declaraci\u00f3n de estado de alarma por Coronavirus\"}]},{\"@type\":\"WebSite\",\"@id\":\"https:\\\/\\\/fmsb.eu\\\/en\\\/#website\",\"url\":\"https:\\\/\\\/fmsb.eu\\\/en\\\/\",\"name\":\"FMSB Abogados y Economistas en Baleares\",\"description\":\"\",\"publisher\":{\"@id\":\"https:\\\/\\\/fmsb.eu\\\/en\\\/#organization\"},\"potentialAction\":[{\"@type\":\"SearchAction\",\"target\":{\"@type\":\"EntryPoint\",\"urlTemplate\":\"https:\\\/\\\/fmsb.eu\\\/en\\\/?s={search_term_string}\"},\"query-input\":{\"@type\":\"PropertyValueSpecification\",\"valueRequired\":true,\"valueName\":\"search_term_string\"}}],\"inLanguage\":\"en-US\"},{\"@type\":\"Organization\",\"@id\":\"https:\\\/\\\/fmsb.eu\\\/en\\\/#organization\",\"name\":\"FMSB Abogados y Economistas en Baleares\",\"url\":\"https:\\\/\\\/fmsb.eu\\\/en\\\/\",\"logo\":{\"@type\":\"ImageObject\",\"inLanguage\":\"en-US\",\"@id\":\"https:\\\/\\\/fmsb.eu\\\/en\\\/#\\\/schema\\\/logo\\\/image\\\/\",\"url\":\"https:\\\/\\\/fmsb.eu\\\/wp-content\\\/uploads\\\/2025\\\/02\\\/logo.svg\",\"contentUrl\":\"https:\\\/\\\/fmsb.eu\\\/wp-content\\\/uploads\\\/2025\\\/02\\\/logo.svg\",\"width\":154,\"height\":52,\"caption\":\"FMSB Abogados y Economistas en Baleares\"},\"image\":{\"@id\":\"https:\\\/\\\/fmsb.eu\\\/en\\\/#\\\/schema\\\/logo\\\/image\\\/\"}},{\"@type\":\"Person\",\"@id\":\"https:\\\/\\\/fmsb.eu\\\/en\\\/#\\\/schema\\\/person\\\/9fba7c70814b0cd34d35d655d36a4ca2\",\"name\":\"fmsb\",\"image\":{\"@type\":\"ImageObject\",\"inLanguage\":\"en-US\",\"@id\":\"https:\\\/\\\/secure.gravatar.com\\\/avatar\\\/426f4d5b0ebcace85460caf87cdaaa193694b611e990615d87a13f322fb7ee7f?s=96&d=mm&r=g\",\"url\":\"https:\\\/\\\/secure.gravatar.com\\\/avatar\\\/426f4d5b0ebcace85460caf87cdaaa193694b611e990615d87a13f322fb7ee7f?s=96&d=mm&r=g\",\"contentUrl\":\"https:\\\/\\\/secure.gravatar.com\\\/avatar\\\/426f4d5b0ebcace85460caf87cdaaa193694b611e990615d87a13f322fb7ee7f?s=96&d=mm&r=g\",\"caption\":\"fmsb\"},\"sameAs\":[\"https:\\\/\\\/x.com\\\/fmsb-disstint\"],\"url\":\"https:\\\/\\\/fmsb.eu\\\/en\\\/author\\\/fmsb\\\/\"}]}<\/script>\n<!-- \/ Yoast SEO plugin. -->","yoast_head_json":{"title":"Los alquileres ante la declaraci\u00f3n de estado de alarma por Coronavirus - FMSB Abogados y Economistas en Baleares","robots":{"index":"index","follow":"follow","max-snippet":"max-snippet:-1","max-image-preview":"max-image-preview:large","max-video-preview":"max-video-preview:-1"},"canonical":"https:\/\/fmsb.eu\/en\/2020\/03\/17\/alquileres-estado-de-alarma-coronavirus\/","og_locale":"en_US","og_type":"article","og_title":"Los alquileres ante la declaraci\u00f3n de estado de alarma por Coronavirus - FMSB Abogados y Economistas en Baleares","og_description":"LOS ARRENDAMIENTOS ANTE LA DECLARACI\u00d3N DEL ESTADO DE ALARMA POR CORONAVIRUS. En estos d\u00edas de incertidumbre con motivo de la pandemia del coronavirus y el estado de alarma declarado en Espa\u00f1a, son muchas las dudas que van surgiendo, tambi\u00e9n en el plano jur\u00eddico. Si bien muchas de ellas se ver\u00e1n resueltas mediante la publicaci\u00f3n de [&hellip;]","og_url":"https:\/\/fmsb.eu\/en\/2020\/03\/17\/alquileres-estado-de-alarma-coronavirus\/","og_site_name":"FMSB Abogados y Economistas en Baleares","article_published_time":"2020-03-17T16:51:10+00:00","og_image":[{"width":1619,"height":645,"url":"https:\/\/fmsb.eu\/wp-content\/uploads\/2020\/03\/FMSB-Elena-Font-Alquileres-Arrendamientos-Coronavirus.png","type":"image\/png"}],"author":"fmsb","twitter_card":"summary_large_image","twitter_creator":"@fmsb-disstint","twitter_misc":{"Written by":"fmsb","Est. reading time":"4 minutes"},"schema":{"@context":"https:\/\/schema.org","@graph":[{"@type":"Article","@id":"https:\/\/fmsb.eu\/en\/2020\/03\/17\/alquileres-estado-de-alarma-coronavirus\/#article","isPartOf":{"@id":"https:\/\/fmsb.eu\/en\/2020\/03\/17\/alquileres-estado-de-alarma-coronavirus\/"},"author":{"name":"fmsb","@id":"https:\/\/fmsb.eu\/en\/#\/schema\/person\/9fba7c70814b0cd34d35d655d36a4ca2"},"headline":"Los alquileres ante la declaraci\u00f3n de estado de alarma por Coronavirus","datePublished":"2020-03-17T16:51:10+00:00","mainEntityOfPage":{"@id":"https:\/\/fmsb.eu\/en\/2020\/03\/17\/alquileres-estado-de-alarma-coronavirus\/"},"wordCount":734,"publisher":{"@id":"https:\/\/fmsb.eu\/en\/#organization"},"image":{"@id":"https:\/\/fmsb.eu\/en\/2020\/03\/17\/alquileres-estado-de-alarma-coronavirus\/#primaryimage"},"thumbnailUrl":"https:\/\/fmsb.eu\/wp-content\/uploads\/2020\/03\/FMSB-Elena-Font-Alquileres-Arrendamientos-Coronavirus.png","keywords":["abogados","alquiler","alquileres","andratx","arrendamiento de local","arrendamientos","arrendamientos urbanos","baleares","contratos","coronavirus","covid 19","covid19","derecho","Derecho Civil","economistas","el arenal","espa\u00f1a","estado de alarma","fmsb","font mora sainz de baranda","ibiza","law","lawyers","local","mallorca","Manacor","menorca","renta","solicitors","vivienda"],"articleSection":["blog","Coronavirus","Derecho Civil","Home"],"inLanguage":"en-US"},{"@type":"WebPage","@id":"https:\/\/fmsb.eu\/en\/2020\/03\/17\/alquileres-estado-de-alarma-coronavirus\/","url":"https:\/\/fmsb.eu\/en\/2020\/03\/17\/alquileres-estado-de-alarma-coronavirus\/","name":"Los alquileres ante la declaraci\u00f3n de estado de alarma por Coronavirus - FMSB Abogados y Economistas en Baleares","isPartOf":{"@id":"https:\/\/fmsb.eu\/en\/#website"},"primaryImageOfPage":{"@id":"https:\/\/fmsb.eu\/en\/2020\/03\/17\/alquileres-estado-de-alarma-coronavirus\/#primaryimage"},"image":{"@id":"https:\/\/fmsb.eu\/en\/2020\/03\/17\/alquileres-estado-de-alarma-coronavirus\/#primaryimage"},"thumbnailUrl":"https:\/\/fmsb.eu\/wp-content\/uploads\/2020\/03\/FMSB-Elena-Font-Alquileres-Arrendamientos-Coronavirus.png","datePublished":"2020-03-17T16:51:10+00:00","breadcrumb":{"@id":"https:\/\/fmsb.eu\/en\/2020\/03\/17\/alquileres-estado-de-alarma-coronavirus\/#breadcrumb"},"inLanguage":"en-US","potentialAction":[{"@type":"ReadAction","target":["https:\/\/fmsb.eu\/en\/2020\/03\/17\/alquileres-estado-de-alarma-coronavirus\/"]}]},{"@type":"ImageObject","inLanguage":"en-US","@id":"https:\/\/fmsb.eu\/en\/2020\/03\/17\/alquileres-estado-de-alarma-coronavirus\/#primaryimage","url":"https:\/\/fmsb.eu\/wp-content\/uploads\/2020\/03\/FMSB-Elena-Font-Alquileres-Arrendamientos-Coronavirus.png","contentUrl":"https:\/\/fmsb.eu\/wp-content\/uploads\/2020\/03\/FMSB-Elena-Font-Alquileres-Arrendamientos-Coronavirus.png","width":1619,"height":645},{"@type":"BreadcrumbList","@id":"https:\/\/fmsb.eu\/en\/2020\/03\/17\/alquileres-estado-de-alarma-coronavirus\/#breadcrumb","itemListElement":[{"@type":"ListItem","position":1,"name":"Portada","item":"https:\/\/fmsb.eu\/en\/"},{"@type":"ListItem","position":2,"name":"Los alquileres ante la declaraci\u00f3n de estado de alarma por Coronavirus"}]},{"@type":"WebSite","@id":"https:\/\/fmsb.eu\/en\/#website","url":"https:\/\/fmsb.eu\/en\/","name":"FMSB Abogados y Economistas en Baleares","description":"","publisher":{"@id":"https:\/\/fmsb.eu\/en\/#organization"},"potentialAction":[{"@type":"SearchAction","target":{"@type":"EntryPoint","urlTemplate":"https:\/\/fmsb.eu\/en\/?s={search_term_string}"},"query-input":{"@type":"PropertyValueSpecification","valueRequired":true,"valueName":"search_term_string"}}],"inLanguage":"en-US"},{"@type":"Organization","@id":"https:\/\/fmsb.eu\/en\/#organization","name":"FMSB Abogados y Economistas en Baleares","url":"https:\/\/fmsb.eu\/en\/","logo":{"@type":"ImageObject","inLanguage":"en-US","@id":"https:\/\/fmsb.eu\/en\/#\/schema\/logo\/image\/","url":"https:\/\/fmsb.eu\/wp-content\/uploads\/2025\/02\/logo.svg","contentUrl":"https:\/\/fmsb.eu\/wp-content\/uploads\/2025\/02\/logo.svg","width":154,"height":52,"caption":"FMSB Abogados y Economistas en Baleares"},"image":{"@id":"https:\/\/fmsb.eu\/en\/#\/schema\/logo\/image\/"}},{"@type":"Person","@id":"https:\/\/fmsb.eu\/en\/#\/schema\/person\/9fba7c70814b0cd34d35d655d36a4ca2","name":"fmsb","image":{"@type":"ImageObject","inLanguage":"en-US","@id":"https:\/\/secure.gravatar.com\/avatar\/426f4d5b0ebcace85460caf87cdaaa193694b611e990615d87a13f322fb7ee7f?s=96&d=mm&r=g","url":"https:\/\/secure.gravatar.com\/avatar\/426f4d5b0ebcace85460caf87cdaaa193694b611e990615d87a13f322fb7ee7f?s=96&d=mm&r=g","contentUrl":"https:\/\/secure.gravatar.com\/avatar\/426f4d5b0ebcace85460caf87cdaaa193694b611e990615d87a13f322fb7ee7f?s=96&d=mm&r=g","caption":"fmsb"},"sameAs":["https:\/\/x.com\/fmsb-disstint"],"url":"https:\/\/fmsb.eu\/en\/author\/fmsb\/"}]}},"_links":{"self":[{"href":"https:\/\/fmsb.eu\/en\/wp-json\/wp\/v2\/posts\/11696","targetHints":{"allow":["GET"]}}],"collection":[{"href":"https:\/\/fmsb.eu\/en\/wp-json\/wp\/v2\/posts"}],"about":[{"href":"https:\/\/fmsb.eu\/en\/wp-json\/wp\/v2\/types\/post"}],"author":[{"embeddable":true,"href":"https:\/\/fmsb.eu\/en\/wp-json\/wp\/v2\/users\/2"}],"replies":[{"embeddable":true,"href":"https:\/\/fmsb.eu\/en\/wp-json\/wp\/v2\/comments?post=11696"}],"version-history":[{"count":0,"href":"https:\/\/fmsb.eu\/en\/wp-json\/wp\/v2\/posts\/11696\/revisions"}],"wp:featuredmedia":[{"embeddable":true,"href":"https:\/\/fmsb.eu\/en\/wp-json\/wp\/v2\/media\/9078"}],"wp:attachment":[{"href":"https:\/\/fmsb.eu\/en\/wp-json\/wp\/v2\/media?parent=11696"}],"wp:term":[{"taxonomy":"category","embeddable":true,"href":"https:\/\/fmsb.eu\/en\/wp-json\/wp\/v2\/categories?post=11696"},{"taxonomy":"post_tag","embeddable":true,"href":"https:\/\/fmsb.eu\/en\/wp-json\/wp\/v2\/tags?post=11696"}],"curies":[{"name":"wp","href":"https:\/\/api.w.org\/{rel}","templated":true}]}}